{"id":93044,"date":"2026-01-29T17:39:50","date_gmt":"2026-01-29T15:39:50","guid":{"rendered":"https:\/\/centcols.org\/?p=93044"},"modified":"2026-03-09T19:09:23","modified_gmt":"2026-03-09T17:09:23","slug":"fondue-suiza-2026","status":"publish","type":"post","link":"https:\/\/centcols.org\/es\/suisse-fondue-2026\/","title":{"rendered":"Suiza, Fondue, s\u00e1bado 28 de febrero de 2026"},"content":{"rendered":"<div style=\"height:40px\" aria-hidden=\"true\" class=\"wp-block-spacer\"><\/div>\n\n\n\n<h2 class=\"wp-block-heading\">Informe<\/h2>\n\n\n\n<p>A la reuni\u00f3n asistieron 10 miembros franceses, entre ellos el Presidente Christophe, y 22 suizos, entre ellos la Secretaria Adjunta Pascale. El n\u00famero de participantes fue la prueba de que no s\u00f3lo contaba el n\u00famero de puertos que \u00edbamos a escalar. Tambi\u00e9n hab\u00eda ganas de pasar un rato entre amigos con una buena comida, en un ambiente cordial y de buen humor.<\/p>\n\n\n\n<p class=\"has-medium-font-size\"><strong>Algunos detalles:<\/strong><\/p>\n\n\n\n<p>Ha habido un cambio en el Grupo de Trabajo (GT) del Cat\u00e1logo Suizo. Bernard Besson deja su puesto tras muchos a\u00f1os de colaboraci\u00f3n, y me gustar\u00eda agradecerle todo su esfuerzo. Le ha sustituido Andr\u00e9 Rudaz, as\u00ed que seguimos siendo tres en el GT CH, Christian y yo.<\/p>\n\n\n\n<p>A principios de enero sali\u00f3 una adenda y la pr\u00f3xima est\u00e1 prevista para finales de marzo o principios de abril, que ser\u00e1 la \u00faltima hasta el oto\u00f1o. Encontrar\u00e1s muchos nuevos forfaits en los cantones de Tesino y Glaris.<\/p>\n\n\n\n<p class=\"has-medium-font-size\"><strong>Algunas fotos: <\/strong><\/p>\n\n\n\n<p><a href=\"https:\/\/photos.app.goo.gl\/8nwDFGze2QN3V8XGA\">https:\/\/photos.app.goo.gl\/8nwDFGze2QN3V8XGA<\/a><\/p>\n\n\n\n<p>Fondue en el Caf\u00e9 Tivoli, place d'Armes 18, 1618 Ch\u00e2tel-Saint-Denis. Punto de encuentro: 11.30 h.<\/p>\n\n\n\n<p>Fondue tradicional al inicio de la temporada organizada por Jacques Bezzola<\/p>\n\n\n\n<p>Reservas: Jacques Bezzola<\/p>\n\n\n\n<h2 class=\"wp-block-heading\">P\u00f3ngase en contacto con<\/h2>\n\n\n\n<p>Jacques Bezzola<br><a href=\"\/es\/m&\/#97;&#x69;&#x6c;t&#111;&#x3a;&#x62;o&#117;&#115;&#x73;&#x6f;l&#101;&#x40;&#x62;l&#117;&#x65;&#x77;i&#110;&#46;&#x63;&#x68;\">boussole@bluewin.ch<\/a><br>Tel\u00e9fono: +41 26 411 36 30<br>M\u00f3vil : +41 79 598 92 20<\/p>\n\n\n\n<p><\/p>","protected":false},"excerpt":{"rendered":"<p>Compte-rendu \u00c9taient pr\u00e9sents\u00a0: 10 membres fran\u00e7ais dont le pr\u00e9sident Christophe et 22 membres suisses dont la secr\u00e9taire adjointe Pascale. Preuve par le nombre de participants que ce n\u2019\u00e9tait pas uniquement le nombre de cols que nous allions franchir ce jour qui comptait. Il y avait aussi l\u2019envie de passer un moment entre amis autour d\u2019un [&hellip;]<\/p>\n","protected":false},"author":136,"featured_media":83745,"comment_status":"open","ping_status":"open","sticky":false,"template":"","format":"standard","meta":{"_acf_changed":false,"footnotes":""},"categories":[465,135,216],"tags":[],"class_list":["post-93044","post","type-post","status-publish","format-standard","has-post-thumbnail","hentry","category-les-rassemblements-de-2026","category-calendrier","category-rencontres-regionales"],"acf":[],"yoast_head":"<!-- This site is optimized with the Yoast SEO plugin v27.2 - https:\/\/yoast.com\/product\/yoast-seo-wordpress\/ -->\n<title>Suisse, Fondue, samedi 28 f\u00e9vrier 2026 - Club des Cent Cols<\/title>\n<meta name=\"robots\" content=\"index, follow, max-snippet:-1, max-image-preview:large, max-video-preview:-1\" \/>\n<link rel=\"canonical\" href=\"https:\/\/centcols.org\/es\/fondue-suiza-2026\/\" \/>\n<meta property=\"og:locale\" content=\"es_ES\" \/>\n<meta property=\"og:type\" content=\"article\" \/>\n<meta property=\"og:title\" content=\"Suisse, Fondue, samedi 28 f\u00e9vrier 2026 - Club des Cent Cols\" \/>\n<meta property=\"og:description\" content=\"Compte-rendu \u00c9taient pr\u00e9sents\u00a0: 10 membres fran\u00e7ais dont le pr\u00e9sident Christophe et 22 membres suisses dont la secr\u00e9taire adjointe Pascale. Preuve par le nombre de participants que ce n\u2019\u00e9tait pas uniquement le nombre de cols que nous allions franchir ce jour qui comptait. Il y avait aussi l\u2019envie de passer un moment entre amis autour d\u2019un [&hellip;]\" \/>\n<meta property=\"og:url\" content=\"https:\/\/centcols.org\/es\/fondue-suiza-2026\/\" \/>\n<meta property=\"og:site_name\" content=\"Club des Cent Cols\" \/>\n<meta property=\"article:publisher\" content=\"https:\/\/www.facebook.com\/groups\/5261880558\/?locale=fr_FR\" \/>\n<meta property=\"article:published_time\" content=\"2026-01-29T15:39:50+00:00\" \/>\n<meta property=\"article:modified_time\" content=\"2026-03-09T17:09:23+00:00\" \/>\n<meta property=\"og:image\" content=\"https:\/\/centcols.org\/wp-content\/uploads\/2025\/01\/fondue.jpg\" \/>\n\t<meta property=\"og:image:width\" content=\"800\" \/>\n\t<meta property=\"og:image:height\" content=\"533\" \/>\n\t<meta property=\"og:image:type\" content=\"image\/jpeg\" \/>\n<meta name=\"author\" content=\"Guy Harl\u00e9\" \/>\n<meta name=\"twitter:card\" content=\"summary_large_image\" \/>\n<meta name=\"twitter:label1\" content=\"Escrito por\" \/>\n\t<meta name=\"twitter:data1\" content=\"Guy Harl\u00e9\" \/>\n\t<meta name=\"twitter:label2\" content=\"Tiempo de lectura\" \/>\n\t<meta name=\"twitter:data2\" content=\"2 minutos\" \/>\n<script type=\"application\/ld+json\" class=\"yoast-schema-graph\">{\"@context\":\"https:\/\/schema.org\",\"@graph\":[{\"@type\":\"Article\",\"@id\":\"https:\/\/centcols.org\/suisse-fondue-2026\/#article\",\"isPartOf\":{\"@id\":\"https:\/\/centcols.org\/suisse-fondue-2026\/\"},\"author\":{\"name\":\"Guy Harl\u00e9\",\"@id\":\"https:\/\/centcols.org\/#\/schema\/person\/377f00da2793c0363246869bb3a344d0\"},\"headline\":\"Suisse, Fondue, samedi 28 f\u00e9vrier 2026\",\"datePublished\":\"2026-01-29T15:39:50+00:00\",\"dateModified\":\"2026-03-09T17:09:23+00:00\",\"mainEntityOfPage\":{\"@id\":\"https:\/\/centcols.org\/suisse-fondue-2026\/\"},\"wordCount\":212,\"commentCount\":0,\"publisher\":{\"@id\":\"https:\/\/centcols.org\/#organization\"},\"image\":{\"@id\":\"https:\/\/centcols.org\/suisse-fondue-2026\/#primaryimage\"},\"thumbnailUrl\":\"https:\/\/centcols.org\/wp-content\/uploads\/2025\/01\/fondue.jpg\",\"articleSection\":[\"2026-rassemblements\",\"Calendrier\",\"Rencontres r\u00e9gionales\"],\"inLanguage\":\"es\",\"potentialAction\":[{\"@type\":\"CommentAction\",\"name\":\"Comment\",\"target\":[\"https:\/\/centcols.org\/suisse-fondue-2026\/#respond\"]}]},{\"@type\":\"WebPage\",\"@id\":\"https:\/\/centcols.org\/suisse-fondue-2026\/\",\"url\":\"https:\/\/centcols.org\/suisse-fondue-2026\/\",\"name\":\"Suisse, Fondue, samedi 28 f\u00e9vrier 2026 - Club des Cent Cols\",\"isPartOf\":{\"@id\":\"https:\/\/centcols.org\/#website\"},\"primaryImageOfPage\":{\"@id\":\"https:\/\/centcols.org\/suisse-fondue-2026\/#primaryimage\"},\"image\":{\"@id\":\"https:\/\/centcols.org\/suisse-fondue-2026\/#primaryimage\"},\"thumbnailUrl\":\"https:\/\/centcols.org\/wp-content\/uploads\/2025\/01\/fondue.jpg\",\"datePublished\":\"2026-01-29T15:39:50+00:00\",\"dateModified\":\"2026-03-09T17:09:23+00:00\",\"breadcrumb\":{\"@id\":\"https:\/\/centcols.org\/suisse-fondue-2026\/#breadcrumb\"},\"inLanguage\":\"es\",\"potentialAction\":[{\"@type\":\"ReadAction\",\"target\":[\"https:\/\/centcols.org\/suisse-fondue-2026\/\"]}]},{\"@type\":\"ImageObject\",\"inLanguage\":\"es\",\"@id\":\"https:\/\/centcols.org\/suisse-fondue-2026\/#primaryimage\",\"url\":\"https:\/\/centcols.org\/wp-content\/uploads\/2025\/01\/fondue.jpg\",\"contentUrl\":\"https:\/\/centcols.org\/wp-content\/uploads\/2025\/01\/fondue.jpg\",\"width\":800,\"height\":533},{\"@type\":\"BreadcrumbList\",\"@id\":\"https:\/\/centcols.org\/suisse-fondue-2026\/#breadcrumb\",\"itemListElement\":[{\"@type\":\"ListItem\",\"position\":1,\"name\":\"Accueil\",\"item\":\"https:\/\/centcols.org\/\"},{\"@type\":\"ListItem\",\"position\":2,\"name\":\"Rencontres r\u00e9gionales\",\"item\":\"https:\/\/centcols.org\/rubrique\/rencontres-regionales\/\"},{\"@type\":\"ListItem\",\"position\":3,\"name\":\"Suisse, Fondue, samedi 28 f\u00e9vrier 2026\"}]},{\"@type\":\"WebSite\",\"@id\":\"https:\/\/centcols.org\/#website\",\"url\":\"https:\/\/centcols.org\/\",\"name\":\"Club des Cent Cols\",\"description\":\"\",\"publisher\":{\"@id\":\"https:\/\/centcols.org\/#organization\"},\"potentialAction\":[{\"@type\":\"SearchAction\",\"target\":{\"@type\":\"EntryPoint\",\"urlTemplate\":\"https:\/\/centcols.org\/?s={search_term_string}\"},\"query-input\":{\"@type\":\"PropertyValueSpecification\",\"valueRequired\":true,\"valueName\":\"search_term_string\"}}],\"inLanguage\":\"es\"},{\"@type\":\"Organization\",\"@id\":\"https:\/\/centcols.org\/#organization\",\"name\":\"Club des Cent Cols\",\"url\":\"https:\/\/centcols.org\/\",\"logo\":{\"@type\":\"ImageObject\",\"inLanguage\":\"es\",\"@id\":\"https:\/\/centcols.org\/#\/schema\/logo\/image\/\",\"url\":\"https:\/\/centcols.org\/wp-content\/uploads\/2025\/01\/carte-icone.png\",\"contentUrl\":\"https:\/\/centcols.org\/wp-content\/uploads\/2025\/01\/carte-icone.png\",\"width\":250,\"height\":250,\"caption\":\"Club des Cent Cols\"},\"image\":{\"@id\":\"https:\/\/centcols.org\/#\/schema\/logo\/image\/\"},\"sameAs\":[\"https:\/\/www.facebook.com\/groups\/5261880558\/?locale=fr_FR\"]},{\"@type\":\"Person\",\"@id\":\"https:\/\/centcols.org\/#\/schema\/person\/377f00da2793c0363246869bb3a344d0\",\"name\":\"Guy Harl\u00e9\",\"image\":{\"@type\":\"ImageObject\",\"inLanguage\":\"es\",\"@id\":\"https:\/\/centcols.org\/wp-content\/litespeed\/avatar\/94c4de37e46cf090f296d42ab3e8d6a6.jpg?ver=1777238144\",\"url\":\"https:\/\/centcols.org\/wp-content\/litespeed\/avatar\/94c4de37e46cf090f296d42ab3e8d6a6.jpg?ver=1777238144\",\"contentUrl\":\"https:\/\/centcols.org\/wp-content\/litespeed\/avatar\/94c4de37e46cf090f296d42ab3e8d6a6.jpg?ver=1777238144\",\"caption\":\"Guy Harl\u00e9\"},\"url\":\"https:\/\/centcols.org\/es\/author\/5193\/\"}]}<\/script>\n<!-- \/ Yoast SEO plugin. -->","yoast_head_json":{"title":"Suiza, Fondue, s\u00e1bado 28 de febrero de 2026 - Club des Cent Cols","robots":{"index":"index","follow":"follow","max-snippet":"max-snippet:-1","max-image-preview":"max-image-preview:large","max-video-preview":"max-video-preview:-1"},"canonical":"https:\/\/centcols.org\/es\/fondue-suiza-2026\/","og_locale":"es_ES","og_type":"article","og_title":"Suisse, Fondue, samedi 28 f\u00e9vrier 2026 - Club des Cent Cols","og_description":"Compte-rendu \u00c9taient pr\u00e9sents\u00a0: 10 membres fran\u00e7ais dont le pr\u00e9sident Christophe et 22 membres suisses dont la secr\u00e9taire adjointe Pascale. Preuve par le nombre de participants que ce n\u2019\u00e9tait pas uniquement le nombre de cols que nous allions franchir ce jour qui comptait. Il y avait aussi l\u2019envie de passer un moment entre amis autour d\u2019un [&hellip;]","og_url":"https:\/\/centcols.org\/es\/fondue-suiza-2026\/","og_site_name":"Club des Cent Cols","article_publisher":"https:\/\/www.facebook.com\/groups\/5261880558\/?locale=fr_FR","article_published_time":"2026-01-29T15:39:50+00:00","article_modified_time":"2026-03-09T17:09:23+00:00","og_image":[{"width":800,"height":533,"url":"https:\/\/centcols.org\/wp-content\/uploads\/2025\/01\/fondue.jpg","type":"image\/jpeg"}],"author":"Guy Harl\u00e9","twitter_card":"summary_large_image","twitter_misc":{"Escrito por":"Guy Harl\u00e9","Tiempo de lectura":"2 minutos"},"schema":{"@context":"https:\/\/schema.org","@graph":[{"@type":"Article","@id":"https:\/\/centcols.org\/suisse-fondue-2026\/#article","isPartOf":{"@id":"https:\/\/centcols.org\/suisse-fondue-2026\/"},"author":{"name":"Guy Harl\u00e9","@id":"https:\/\/centcols.org\/#\/schema\/person\/377f00da2793c0363246869bb3a344d0"},"headline":"Suisse, Fondue, samedi 28 f\u00e9vrier 2026","datePublished":"2026-01-29T15:39:50+00:00","dateModified":"2026-03-09T17:09:23+00:00","mainEntityOfPage":{"@id":"https:\/\/centcols.org\/suisse-fondue-2026\/"},"wordCount":212,"commentCount":0,"publisher":{"@id":"https:\/\/centcols.org\/#organization"},"image":{"@id":"https:\/\/centcols.org\/suisse-fondue-2026\/#primaryimage"},"thumbnailUrl":"https:\/\/centcols.org\/wp-content\/uploads\/2025\/01\/fondue.jpg","articleSection":["2026-rassemblements","Calendrier","Rencontres r\u00e9gionales"],"inLanguage":"es","potentialAction":[{"@type":"CommentAction","name":"Comment","target":["https:\/\/centcols.org\/suisse-fondue-2026\/#respond"]}]},{"@type":"WebPage","@id":"https:\/\/centcols.org\/suisse-fondue-2026\/","url":"https:\/\/centcols.org\/suisse-fondue-2026\/","name":"Suiza, Fondue, s\u00e1bado 28 de febrero de 2026 - Club des Cent Cols","isPartOf":{"@id":"https:\/\/centcols.org\/#website"},"primaryImageOfPage":{"@id":"https:\/\/centcols.org\/suisse-fondue-2026\/#primaryimage"},"image":{"@id":"https:\/\/centcols.org\/suisse-fondue-2026\/#primaryimage"},"thumbnailUrl":"https:\/\/centcols.org\/wp-content\/uploads\/2025\/01\/fondue.jpg","datePublished":"2026-01-29T15:39:50+00:00","dateModified":"2026-03-09T17:09:23+00:00","breadcrumb":{"@id":"https:\/\/centcols.org\/suisse-fondue-2026\/#breadcrumb"},"inLanguage":"es","potentialAction":[{"@type":"ReadAction","target":["https:\/\/centcols.org\/suisse-fondue-2026\/"]}]},{"@type":"ImageObject","inLanguage":"es","@id":"https:\/\/centcols.org\/suisse-fondue-2026\/#primaryimage","url":"https:\/\/centcols.org\/wp-content\/uploads\/2025\/01\/fondue.jpg","contentUrl":"https:\/\/centcols.org\/wp-content\/uploads\/2025\/01\/fondue.jpg","width":800,"height":533},{"@type":"BreadcrumbList","@id":"https:\/\/centcols.org\/suisse-fondue-2026\/#breadcrumb","itemListElement":[{"@type":"ListItem","position":1,"name":"Accueil","item":"https:\/\/centcols.org\/"},{"@type":"ListItem","position":2,"name":"Rencontres r\u00e9gionales","item":"https:\/\/centcols.org\/rubrique\/rencontres-regionales\/"},{"@type":"ListItem","position":3,"name":"Suisse, Fondue, samedi 28 f\u00e9vrier 2026"}]},{"@type":"WebSite","@id":"https:\/\/centcols.org\/#website","url":"https:\/\/centcols.org\/","name":"Club des Cent Cols","description":"","publisher":{"@id":"https:\/\/centcols.org\/#organization"},"potentialAction":[{"@type":"SearchAction","target":{"@type":"EntryPoint","urlTemplate":"https:\/\/centcols.org\/?s={search_term_string}"},"query-input":{"@type":"PropertyValueSpecification","valueRequired":true,"valueName":"search_term_string"}}],"inLanguage":"es"},{"@type":"Organization","@id":"https:\/\/centcols.org\/#organization","name":"Club des Cent Cols","url":"https:\/\/centcols.org\/","logo":{"@type":"ImageObject","inLanguage":"es","@id":"https:\/\/centcols.org\/#\/schema\/logo\/image\/","url":"https:\/\/centcols.org\/wp-content\/uploads\/2025\/01\/carte-icone.png","contentUrl":"https:\/\/centcols.org\/wp-content\/uploads\/2025\/01\/carte-icone.png","width":250,"height":250,"caption":"Club des Cent Cols"},"image":{"@id":"https:\/\/centcols.org\/#\/schema\/logo\/image\/"},"sameAs":["https:\/\/www.facebook.com\/groups\/5261880558\/?locale=fr_FR"]},{"@type":"Person","@id":"https:\/\/centcols.org\/#\/schema\/person\/377f00da2793c0363246869bb3a344d0","name":"Guy Harl\u00e9","image":{"@type":"ImageObject","inLanguage":"es","@id":"https:\/\/centcols.org\/wp-content\/litespeed\/avatar\/94c4de37e46cf090f296d42ab3e8d6a6.jpg?ver=1777238144","url":"https:\/\/centcols.org\/wp-content\/litespeed\/avatar\/94c4de37e46cf090f296d42ab3e8d6a6.jpg?ver=1777238144","contentUrl":"https:\/\/centcols.org\/wp-content\/litespeed\/avatar\/94c4de37e46cf090f296d42ab3e8d6a6.jpg?ver=1777238144","caption":"Guy Harl\u00e9"},"url":"https:\/\/centcols.org\/es\/author\/5193\/"}]}},"_links":{"self":[{"href":"https:\/\/centcols.org\/es\/wp-json\/wp\/v2\/posts\/93044","targetHints":{"allow":["GET"]}}],"collection":[{"href":"https:\/\/centcols.org\/es\/wp-json\/wp\/v2\/posts"}],"about":[{"href":"https:\/\/centcols.org\/es\/wp-json\/wp\/v2\/types\/post"}],"author":[{"embeddable":true,"href":"https:\/\/centcols.org\/es\/wp-json\/wp\/v2\/users\/136"}],"replies":[{"embeddable":true,"href":"https:\/\/centcols.org\/es\/wp-json\/wp\/v2\/comments?post=93044"}],"version-history":[{"count":0,"href":"https:\/\/centcols.org\/es\/wp-json\/wp\/v2\/posts\/93044\/revisions"}],"wp:featuredmedia":[{"embeddable":true,"href":"https:\/\/centcols.org\/es\/wp-json\/wp\/v2\/media\/83745"}],"wp:attachment":[{"href":"https:\/\/centcols.org\/es\/wp-json\/wp\/v2\/media?parent=93044"}],"wp:term":[{"taxonomy":"category","embeddable":true,"href":"https:\/\/centcols.org\/es\/wp-json\/wp\/v2\/categories?post=93044"},{"taxonomy":"post_tag","embeddable":true,"href":"https:\/\/centcols.org\/es\/wp-json\/wp\/v2\/tags?post=93044"}],"curies":[{"name":"wp","href":"https:\/\/api.w.org\/{rel}","templated":true}]}}