{"id":93121,"date":"2026-01-30T18:48:11","date_gmt":"2026-01-30T16:48:11","guid":{"rendered":"https:\/\/centcols.org\/?p=93121"},"modified":"2026-02-02T10:24:29","modified_gmt":"2026-02-02T08:24:29","slug":"col-du-parpaillon","status":"publish","type":"post","link":"https:\/\/centcols.org\/es\/col-du-parpaillon\/","title":{"rendered":"Paso del Parpaillon"},"content":{"rendered":"<p>El paso PARPAILLON (<a href=\"\/es\/util\/geo\/visu.php\/?code=FR-04-2637\" type=\"link\" id=\"\/util\/geo\/visu.php?code=FR-04-2637\">FR-04-2637<\/a>) 54 3538-O 133-031<\/p>\n\n\n\n<p>Si hay un puerto legendario, \u00e9se es el Parpaillon. Situado en la frontera entre los Alpes de Alta Provenza y los Altos Alpes, culmina a 2637 m en una cresta que separa los valles de Durance y Ubaye. El paso fue abierto por ingenieros militares, al igual que muchos otros pasos a lo largo de la Grande Travers\u00e9e des Alpes entre Thonon y Niza.<\/p>\n\n\n\n<p>La \u00absuerte\u00bb del Parpaillon es que compet\u00eda con el puerto de Vars, que serv\u00eda de enlace entre los mismos valles pero a una altitud 500 m inferior. Cuando se introdujo el asfalto, \u00a1fue el puerto de Vars el que naturalmente lo recibi\u00f3! El Col du Parpaillon es, por tanto, uno de los \u00faltimos ejemplos de lo que pod\u00eda ser un gran puerto alpino antes de la era del autom\u00f3vil y del asfalto.<\/p>\n\n\n\n<p>A\u00fan hoy, el Parpaillon es un im\u00e1n para quienes buscan una monta\u00f1a virgen, pura y salvaje en la que deslizarse como hu\u00e9spedes. Desde Condamine-Ch\u00e2telard, la vertiente sur ofrece un desnivel de unos 1.400 m en 18 km. S\u00f3lo los primeros 6 km est\u00e1n asfaltados, el resto es una buena pista R1 que sube primero bajo los alerces, y luego desemboca en un amplio valle donde se enclava la \u00abCabane du Grand Parpaillon\u00bb a 2031 m. Se trata de un entorno de alta monta\u00f1a, con pastos alpinos, afloramientos rocosos, grandes conos de derrubio y ninguna ocupaci\u00f3n humana. El sendero asciende por majestuosas curvas hasta el famoso t\u00fanel de la cumbre... Un t\u00fanel con puertas de madera (a veces bloqueado por la nieve si se llega demasiado pronto). Es un t\u00fanel oscuro y helado que se atraviesa con los ojos fijos en el min\u00fasculo agujero luminoso de la salida, lo que permite vadear algunos charcos oscuros mientras se empuja la bicicleta...<br>Los puristas podr\u00e1n subir al paso \u00abreal\u00bb (<a href=\"\/es\/util\/geo\/visu.php\/?code=FR-04-2783\" type=\"link\" id=\"\/util\/geo\/visu.php?code=FR-04-2783\">FR-04-2783<\/a>) tomando el sendero S3-4 que cruza la cresta por encima del t\u00fanel a unos 2780m. Las vistas son magn\u00edficas.<\/p>\n\n\n\n<p>En las laderas septentrionales, no se ve un alma antes del peque\u00f1o pueblo de La Chalp, donde reaparece el asfalto.<\/p>\n\n\n\n<p>El Col du Parpaillon puede escalarse en un magn\u00edfico circuito que, desde Condamine, incluye el Col du Parpaillon, el Col de la Coche (<a href=\"\/es\/util\/geo\/visu.php\/?code=FR-05-1791\" type=\"link\" id=\"\/util\/geo\/visu.php?code=FR-05-1791\">FR-05-1791<\/a>), Col de Valbelle (<a href=\"\/es\/util\/geo\/visu.php\/?code=FR-05-2372\" type=\"link\" id=\"\/util\/geo\/visu.php?code=FR-05-2372\">FR-05-2372<\/a>), Col de Ch\u00e9rine (<a href=\"\/es\/util\/geo\/visu.php\/?code=FR-05-2270\" type=\"link\" id=\"\/util\/geo\/visu.php?code=FR-05-2270\">FR-05-2270<\/a>) y Col de Vars (<a href=\"\/es\/util\/geo\/visu.php\/?code=FR-04-2108\" type=\"link\" id=\"\/util\/geo\/visu.php?code=FR-04-2108\">FR-04-2108<\/a>). Los m\u00e1s decididos pueden incluso a\u00f1adir el Col de Girabeau (<a href=\"\/es\/util\/geo\/visu.php\/?code=FR-05-2488b\" type=\"link\" id=\"\/util\/geo\/visu.php?code=FR-05-2488b\">FR-05-2488b<\/a>), el Col du Vallon (<a href=\"\/es\/util\/geo\/visu.php\/?code=FR-05-2466b\" type=\"link\" id=\"\/util\/geo\/visu.php?code=FR-05-2466b\">FR-05-2466b<\/a>) y el Col de Saluces (<a href=\"\/es\/util\/geo\/visu.php\/?code=FR-05-2444\" type=\"link\" id=\"\/util\/geo\/visu.php?code=FR-05-2444\">FR-05-2444<\/a>), pero para eso tendr\u00e1s que planificar una larga jornada de ciclismo.<\/p>\n\n\n\n<p>Art\u00edculo de Ren\u00e9 Poty<\/p>\n\n\n<div class=\"wp-block-image\">\n<figure class=\"aligncenter size-full\"><img loading=\"lazy\" decoding=\"async\" width=\"931\" height=\"627\" src=\"https:\/\/centcols.org\/wp-content\/uploads\/2026\/01\/parpaillon_carte.jpg\" alt=\"\" class=\"wp-image-93122\" srcset=\"https:\/\/centcols.org\/wp-content\/uploads\/2026\/01\/parpaillon_carte.jpg 931w, https:\/\/centcols.org\/wp-content\/uploads\/2026\/01\/parpaillon_carte-768x517.jpg 768w, https:\/\/centcols.org\/wp-content\/uploads\/2026\/01\/parpaillon_carte-18x12.jpg 18w\" sizes=\"auto, (max-width: 931px) 100vw, 931px\" \/><\/figure>\n<\/div>\n\n<div class=\"wp-block-image\">\n<figure class=\"aligncenter size-full\"><img loading=\"lazy\" decoding=\"async\" width=\"570\" height=\"356\" src=\"https:\/\/centcols.org\/wp-content\/uploads\/2026\/01\/parpaillon_1.jpg\" alt=\"\" class=\"wp-image-93125\" srcset=\"https:\/\/centcols.org\/wp-content\/uploads\/2026\/01\/parpaillon_1.jpg 570w, https:\/\/centcols.org\/wp-content\/uploads\/2026\/01\/parpaillon_1-18x12.jpg 18w\" sizes=\"auto, (max-width: 570px) 100vw, 570px\" \/><figcaption class=\"wp-element-caption\">Encuentro en las curvas por encima de la caba\u00f1a Grand Parpaillon.<br>A lo lejos: la muesca del Col de la Pare (2655m) Foto de Caty.<\/figcaption><\/figure>\n<\/div>\n\n\n<div class=\"wp-block-columns is-layout-flex wp-container-core-columns-is-layout-9d6595d7 wp-block-columns-is-layout-flex\">\n<div class=\"wp-block-column is-layout-flow wp-block-column-is-layout-flow\"><div class=\"wp-block-image\">\n<figure class=\"alignright size-full\"><img loading=\"lazy\" decoding=\"async\" width=\"336\" height=\"485\" src=\"https:\/\/centcols.org\/wp-content\/uploads\/2026\/01\/parpaillon_2.jpg\" alt=\"\" class=\"wp-image-93128\" srcset=\"https:\/\/centcols.org\/wp-content\/uploads\/2026\/01\/parpaillon_2.jpg 336w, https:\/\/centcols.org\/wp-content\/uploads\/2026\/01\/parpaillon_2-8x12.jpg 8w\" sizes=\"auto, (max-width: 336px) 100vw, 336px\" \/><figcaption class=\"wp-element-caption\">Luz y sombra en el descenso hacia el refugio Grand Parpaillon<\/figcaption><\/figure>\n<\/div><\/div>\n\n\n\n<div class=\"wp-block-column is-layout-flow wp-block-column-is-layout-flow\"><div class=\"wp-block-image\">\n<figure class=\"alignleft size-full is-resized\"><img loading=\"lazy\" decoding=\"async\" width=\"394\" height=\"549\" src=\"https:\/\/centcols.org\/wp-content\/uploads\/2026\/01\/parpaillon_3.jpg\" alt=\"\" class=\"wp-image-93129\" style=\"aspect-ratio:0.7176807900605289;width:348px;height:auto\" srcset=\"https:\/\/centcols.org\/wp-content\/uploads\/2026\/01\/parpaillon_3.jpg 394w, https:\/\/centcols.org\/wp-content\/uploads\/2026\/01\/parpaillon_3-9x12.jpg 9w\" sizes=\"auto, (max-width: 394px) 100vw, 394px\" \/><figcaption class=\"wp-element-caption\">Vista cercana a la cima: las curvas de la ladera sur. Fotograf\u00eda de Jean Huez.<\/figcaption><\/figure>\n<\/div><\/div>\n<\/div>\n\n\n\n<div class=\"wp-block-columns is-layout-flex wp-container-core-columns-is-layout-9d6595d7 wp-block-columns-is-layout-flex\">\n<div class=\"wp-block-column is-layout-flow wp-block-column-is-layout-flow\"><div class=\"wp-block-image\">\n<figure class=\"alignright size-full is-resized\"><img loading=\"lazy\" decoding=\"async\" width=\"371\" height=\"564\" src=\"https:\/\/centcols.org\/wp-content\/uploads\/2026\/01\/parpaillon_4.jpg\" alt=\"\" class=\"wp-image-93130\" style=\"aspect-ratio:0.6578038067349927;width:349px;height:auto\" srcset=\"https:\/\/centcols.org\/wp-content\/uploads\/2026\/01\/parpaillon_4.jpg 371w, https:\/\/centcols.org\/wp-content\/uploads\/2026\/01\/parpaillon_4-8x12.jpg 8w\" sizes=\"auto, (max-width: 371px) 100vw, 371px\" \/><figcaption class=\"wp-element-caption\">Los \u00faltimos hect\u00f3metros... \u00a1al pie de la cresta final se ve la abertura del t\u00fanel! Foto de M. Lerouge.<\/figcaption><\/figure>\n<\/div><\/div>\n\n\n\n<div class=\"wp-block-column is-layout-flow wp-block-column-is-layout-flow\"><div class=\"wp-block-image\">\n<figure class=\"alignleft size-full is-resized\"><img loading=\"lazy\" decoding=\"async\" width=\"368\" height=\"521\" src=\"https:\/\/centcols.org\/wp-content\/uploads\/2026\/01\/parpaillon_5.jpg\" alt=\"\" class=\"wp-image-93131\" style=\"width:373px;height:auto\" srcset=\"https:\/\/centcols.org\/wp-content\/uploads\/2026\/01\/parpaillon_5.jpg 368w, https:\/\/centcols.org\/wp-content\/uploads\/2026\/01\/parpaillon_5-8x12.jpg 8w\" sizes=\"auto, (max-width: 368px) 100vw, 368px\" \/><figcaption class=\"wp-element-caption\">En la cima del Parpaillon: el barranco negro del t\u00fanel... Foto de P. Larue.<\/figcaption><\/figure>\n<\/div><\/div>\n<\/div>\n\n\n<div class=\"wp-block-image\">\n<figure class=\"aligncenter size-full\"><img loading=\"lazy\" decoding=\"async\" width=\"445\" height=\"337\" src=\"https:\/\/centcols.org\/wp-content\/uploads\/2026\/01\/parpaillon_profil.jpg\" alt=\"\" class=\"wp-image-93132\" srcset=\"https:\/\/centcols.org\/wp-content\/uploads\/2026\/01\/parpaillon_profil.jpg 445w, https:\/\/centcols.org\/wp-content\/uploads\/2026\/01\/parpaillon_profil-16x12.jpg 16w\" sizes=\"auto, (max-width: 445px) 100vw, 445px\" \/><\/figure>\n<\/div>","protected":false},"excerpt":{"rendered":"<p>Le col du PARPAILLON (FR-04-2637) 54 3538-O 133-031 S&rsquo;il est un col de l\u00e9gende c&rsquo;est bien le Parpaillon ! Situ\u00e9 \u00e0 la limite des Alpes de Haute-Provence et des Hautes-Alpes, il culmine \u00e0 2637m sur une cr\u00eate s\u00e9parant la vall\u00e9e de la Durance et celle de l&rsquo;Ubaye. Ce col a \u00e9t\u00e9 ouvert par les troupes [&hellip;]<\/p>\n","protected":false},"author":136,"featured_media":93131,"comment_status":"closed","ping_status":"open","sticky":false,"template":"","format":"standard","meta":{"_acf_changed":false,"footnotes":""},"categories":[308],"tags":[],"class_list":["post-93121","post","type-post","status-publish","format-standard","has-post-thumbnail","hentry","category-cols-en-vrac"],"acf":[],"yoast_head":"<!-- This site is optimized with the Yoast SEO plugin v27.2 - https:\/\/yoast.com\/product\/yoast-seo-wordpress\/ -->\n<title>Col du Parpaillon - Club des Cent Cols<\/title>\n<meta name=\"robots\" content=\"index, follow, max-snippet:-1, max-image-preview:large, max-video-preview:-1\" \/>\n<link rel=\"canonical\" href=\"https:\/\/centcols.org\/es\/col-du-parpaillon\/\" \/>\n<meta property=\"og:locale\" content=\"es_ES\" \/>\n<meta property=\"og:type\" content=\"article\" \/>\n<meta property=\"og:title\" content=\"Col du Parpaillon - Club des Cent Cols\" \/>\n<meta property=\"og:description\" content=\"Le col du PARPAILLON (FR-04-2637) 54 3538-O 133-031 S&rsquo;il est un col de l\u00e9gende c&rsquo;est bien le Parpaillon ! Situ\u00e9 \u00e0 la limite des Alpes de Haute-Provence et des Hautes-Alpes, il culmine \u00e0 2637m sur une cr\u00eate s\u00e9parant la vall\u00e9e de la Durance et celle de l&rsquo;Ubaye. Ce col a \u00e9t\u00e9 ouvert par les troupes [&hellip;]\" \/>\n<meta property=\"og:url\" content=\"https:\/\/centcols.org\/es\/col-du-parpaillon\/\" \/>\n<meta property=\"og:site_name\" content=\"Club des Cent Cols\" \/>\n<meta property=\"article:publisher\" content=\"https:\/\/www.facebook.com\/groups\/5261880558\/?locale=fr_FR\" \/>\n<meta property=\"article:published_time\" content=\"2026-01-30T16:48:11+00:00\" \/>\n<meta property=\"article:modified_time\" content=\"2026-02-02T08:24:29+00:00\" \/>\n<meta property=\"og:image\" content=\"https:\/\/centcols.org\/wp-content\/uploads\/2026\/01\/parpaillon_5.jpg\" \/>\n\t<meta property=\"og:image:width\" content=\"368\" \/>\n\t<meta property=\"og:image:height\" content=\"521\" \/>\n\t<meta property=\"og:image:type\" content=\"image\/jpeg\" \/>\n<meta name=\"author\" content=\"Guy Harl\u00e9\" \/>\n<meta name=\"twitter:card\" content=\"summary_large_image\" \/>\n<meta name=\"twitter:label1\" content=\"Escrito por\" \/>\n\t<meta name=\"twitter:data1\" content=\"Guy Harl\u00e9\" \/>\n\t<meta name=\"twitter:label2\" content=\"Tiempo de lectura\" \/>\n\t<meta name=\"twitter:data2\" content=\"5 minutos\" \/>\n<script type=\"application\/ld+json\" class=\"yoast-schema-graph\">{\"@context\":\"https:\/\/schema.org\",\"@graph\":[{\"@type\":\"Article\",\"@id\":\"https:\/\/centcols.org\/de\/col-du-parpaillon\/#article\",\"isPartOf\":{\"@id\":\"https:\/\/centcols.org\/de\/col-du-parpaillon\/\"},\"author\":{\"name\":\"Guy Harl\u00e9\",\"@id\":\"https:\/\/centcols.org\/#\/schema\/person\/377f00da2793c0363246869bb3a344d0\"},\"headline\":\"Col du Parpaillon\",\"datePublished\":\"2026-01-30T16:48:11+00:00\",\"dateModified\":\"2026-02-02T08:24:29+00:00\",\"mainEntityOfPage\":{\"@id\":\"https:\/\/centcols.org\/de\/col-du-parpaillon\/\"},\"wordCount\":592,\"publisher\":{\"@id\":\"https:\/\/centcols.org\/#organization\"},\"image\":{\"@id\":\"https:\/\/centcols.org\/de\/col-du-parpaillon\/#primaryimage\"},\"thumbnailUrl\":\"https:\/\/centcols.org\/wp-content\/uploads\/2026\/01\/parpaillon_5.jpg\",\"articleSection\":[\"Cols en vrac\"],\"inLanguage\":\"es\"},{\"@type\":\"WebPage\",\"@id\":\"https:\/\/centcols.org\/de\/col-du-parpaillon\/\",\"url\":\"https:\/\/centcols.org\/de\/col-du-parpaillon\/\",\"name\":\"Col du Parpaillon - Club des Cent Cols\",\"isPartOf\":{\"@id\":\"https:\/\/centcols.org\/#website\"},\"primaryImageOfPage\":{\"@id\":\"https:\/\/centcols.org\/de\/col-du-parpaillon\/#primaryimage\"},\"image\":{\"@id\":\"https:\/\/centcols.org\/de\/col-du-parpaillon\/#primaryimage\"},\"thumbnailUrl\":\"https:\/\/centcols.org\/wp-content\/uploads\/2026\/01\/parpaillon_5.jpg\",\"datePublished\":\"2026-01-30T16:48:11+00:00\",\"dateModified\":\"2026-02-02T08:24:29+00:00\",\"breadcrumb\":{\"@id\":\"https:\/\/centcols.org\/de\/col-du-parpaillon\/#breadcrumb\"},\"inLanguage\":\"es\",\"potentialAction\":[{\"@type\":\"ReadAction\",\"target\":[\"https:\/\/centcols.org\/de\/col-du-parpaillon\/\"]}]},{\"@type\":\"ImageObject\",\"inLanguage\":\"es\",\"@id\":\"https:\/\/centcols.org\/de\/col-du-parpaillon\/#primaryimage\",\"url\":\"https:\/\/centcols.org\/wp-content\/uploads\/2026\/01\/parpaillon_5.jpg\",\"contentUrl\":\"https:\/\/centcols.org\/wp-content\/uploads\/2026\/01\/parpaillon_5.jpg\",\"width\":368,\"height\":521,\"caption\":\"Au sommet du Parpaillon : le goulet noir du tunnel... Photo de P. Larue.\"},{\"@type\":\"BreadcrumbList\",\"@id\":\"https:\/\/centcols.org\/de\/col-du-parpaillon\/#breadcrumb\",\"itemListElement\":[{\"@type\":\"ListItem\",\"position\":1,\"name\":\"Accueil\",\"item\":\"https:\/\/centcols.org\/\"},{\"@type\":\"ListItem\",\"position\":2,\"name\":\"Cols en vrac\",\"item\":\"https:\/\/centcols.org\/rubrique\/cols-en-vrac\/\"},{\"@type\":\"ListItem\",\"position\":3,\"name\":\"Col du Parpaillon\"}]},{\"@type\":\"WebSite\",\"@id\":\"https:\/\/centcols.org\/#website\",\"url\":\"https:\/\/centcols.org\/\",\"name\":\"Club des Cent Cols\",\"description\":\"\",\"publisher\":{\"@id\":\"https:\/\/centcols.org\/#organization\"},\"potentialAction\":[{\"@type\":\"SearchAction\",\"target\":{\"@type\":\"EntryPoint\",\"urlTemplate\":\"https:\/\/centcols.org\/?s={search_term_string}\"},\"query-input\":{\"@type\":\"PropertyValueSpecification\",\"valueRequired\":true,\"valueName\":\"search_term_string\"}}],\"inLanguage\":\"es\"},{\"@type\":\"Organization\",\"@id\":\"https:\/\/centcols.org\/#organization\",\"name\":\"Club des Cent Cols\",\"url\":\"https:\/\/centcols.org\/\",\"logo\":{\"@type\":\"ImageObject\",\"inLanguage\":\"es\",\"@id\":\"https:\/\/centcols.org\/#\/schema\/logo\/image\/\",\"url\":\"https:\/\/centcols.org\/wp-content\/uploads\/2025\/01\/carte-icone.png\",\"contentUrl\":\"https:\/\/centcols.org\/wp-content\/uploads\/2025\/01\/carte-icone.png\",\"width\":250,\"height\":250,\"caption\":\"Club des Cent Cols\"},\"image\":{\"@id\":\"https:\/\/centcols.org\/#\/schema\/logo\/image\/\"},\"sameAs\":[\"https:\/\/www.facebook.com\/groups\/5261880558\/?locale=fr_FR\"]},{\"@type\":\"Person\",\"@id\":\"https:\/\/centcols.org\/#\/schema\/person\/377f00da2793c0363246869bb3a344d0\",\"name\":\"Guy Harl\u00e9\",\"image\":{\"@type\":\"ImageObject\",\"inLanguage\":\"es\",\"@id\":\"https:\/\/centcols.org\/wp-content\/litespeed\/avatar\/94c4de37e46cf090f296d42ab3e8d6a6.jpg?ver=1777238144\",\"url\":\"https:\/\/centcols.org\/wp-content\/litespeed\/avatar\/94c4de37e46cf090f296d42ab3e8d6a6.jpg?ver=1777238144\",\"contentUrl\":\"https:\/\/centcols.org\/wp-content\/litespeed\/avatar\/94c4de37e46cf090f296d42ab3e8d6a6.jpg?ver=1777238144\",\"caption\":\"Guy Harl\u00e9\"},\"url\":\"https:\/\/centcols.org\/es\/author\/5193\/\"}]}<\/script>\n<!-- \/ Yoast SEO plugin. -->","yoast_head_json":{"title":"Col du Parpaillon - Club des Cent Cols","robots":{"index":"index","follow":"follow","max-snippet":"max-snippet:-1","max-image-preview":"max-image-preview:large","max-video-preview":"max-video-preview:-1"},"canonical":"https:\/\/centcols.org\/es\/col-du-parpaillon\/","og_locale":"es_ES","og_type":"article","og_title":"Col du Parpaillon - Club des Cent Cols","og_description":"Le col du PARPAILLON (FR-04-2637) 54 3538-O 133-031 S&rsquo;il est un col de l\u00e9gende c&rsquo;est bien le Parpaillon ! Situ\u00e9 \u00e0 la limite des Alpes de Haute-Provence et des Hautes-Alpes, il culmine \u00e0 2637m sur une cr\u00eate s\u00e9parant la vall\u00e9e de la Durance et celle de l&rsquo;Ubaye. Ce col a \u00e9t\u00e9 ouvert par les troupes [&hellip;]","og_url":"https:\/\/centcols.org\/es\/col-du-parpaillon\/","og_site_name":"Club des Cent Cols","article_publisher":"https:\/\/www.facebook.com\/groups\/5261880558\/?locale=fr_FR","article_published_time":"2026-01-30T16:48:11+00:00","article_modified_time":"2026-02-02T08:24:29+00:00","og_image":[{"width":368,"height":521,"url":"https:\/\/centcols.org\/wp-content\/uploads\/2026\/01\/parpaillon_5.jpg","type":"image\/jpeg"}],"author":"Guy Harl\u00e9","twitter_card":"summary_large_image","twitter_misc":{"Escrito por":"Guy Harl\u00e9","Tiempo de lectura":"5 minutos"},"schema":{"@context":"https:\/\/schema.org","@graph":[{"@type":"Article","@id":"https:\/\/centcols.org\/de\/col-du-parpaillon\/#article","isPartOf":{"@id":"https:\/\/centcols.org\/de\/col-du-parpaillon\/"},"author":{"name":"Guy Harl\u00e9","@id":"https:\/\/centcols.org\/#\/schema\/person\/377f00da2793c0363246869bb3a344d0"},"headline":"Col du Parpaillon","datePublished":"2026-01-30T16:48:11+00:00","dateModified":"2026-02-02T08:24:29+00:00","mainEntityOfPage":{"@id":"https:\/\/centcols.org\/de\/col-du-parpaillon\/"},"wordCount":592,"publisher":{"@id":"https:\/\/centcols.org\/#organization"},"image":{"@id":"https:\/\/centcols.org\/de\/col-du-parpaillon\/#primaryimage"},"thumbnailUrl":"https:\/\/centcols.org\/wp-content\/uploads\/2026\/01\/parpaillon_5.jpg","articleSection":["Cols en vrac"],"inLanguage":"es"},{"@type":"WebPage","@id":"https:\/\/centcols.org\/de\/col-du-parpaillon\/","url":"https:\/\/centcols.org\/de\/col-du-parpaillon\/","name":"Col du Parpaillon - Club des Cent Cols","isPartOf":{"@id":"https:\/\/centcols.org\/#website"},"primaryImageOfPage":{"@id":"https:\/\/centcols.org\/de\/col-du-parpaillon\/#primaryimage"},"image":{"@id":"https:\/\/centcols.org\/de\/col-du-parpaillon\/#primaryimage"},"thumbnailUrl":"https:\/\/centcols.org\/wp-content\/uploads\/2026\/01\/parpaillon_5.jpg","datePublished":"2026-01-30T16:48:11+00:00","dateModified":"2026-02-02T08:24:29+00:00","breadcrumb":{"@id":"https:\/\/centcols.org\/de\/col-du-parpaillon\/#breadcrumb"},"inLanguage":"es","potentialAction":[{"@type":"ReadAction","target":["https:\/\/centcols.org\/de\/col-du-parpaillon\/"]}]},{"@type":"ImageObject","inLanguage":"es","@id":"https:\/\/centcols.org\/de\/col-du-parpaillon\/#primaryimage","url":"https:\/\/centcols.org\/wp-content\/uploads\/2026\/01\/parpaillon_5.jpg","contentUrl":"https:\/\/centcols.org\/wp-content\/uploads\/2026\/01\/parpaillon_5.jpg","width":368,"height":521,"caption":"Au sommet du Parpaillon : le goulet noir du tunnel... Photo de P. Larue."},{"@type":"BreadcrumbList","@id":"https:\/\/centcols.org\/de\/col-du-parpaillon\/#breadcrumb","itemListElement":[{"@type":"ListItem","position":1,"name":"Accueil","item":"https:\/\/centcols.org\/"},{"@type":"ListItem","position":2,"name":"Cols en vrac","item":"https:\/\/centcols.org\/rubrique\/cols-en-vrac\/"},{"@type":"ListItem","position":3,"name":"Col du Parpaillon"}]},{"@type":"WebSite","@id":"https:\/\/centcols.org\/#website","url":"https:\/\/centcols.org\/","name":"Club des Cent Cols","description":"","publisher":{"@id":"https:\/\/centcols.org\/#organization"},"potentialAction":[{"@type":"SearchAction","target":{"@type":"EntryPoint","urlTemplate":"https:\/\/centcols.org\/?s={search_term_string}"},"query-input":{"@type":"PropertyValueSpecification","valueRequired":true,"valueName":"search_term_string"}}],"inLanguage":"es"},{"@type":"Organization","@id":"https:\/\/centcols.org\/#organization","name":"Club des Cent Cols","url":"https:\/\/centcols.org\/","logo":{"@type":"ImageObject","inLanguage":"es","@id":"https:\/\/centcols.org\/#\/schema\/logo\/image\/","url":"https:\/\/centcols.org\/wp-content\/uploads\/2025\/01\/carte-icone.png","contentUrl":"https:\/\/centcols.org\/wp-content\/uploads\/2025\/01\/carte-icone.png","width":250,"height":250,"caption":"Club des Cent Cols"},"image":{"@id":"https:\/\/centcols.org\/#\/schema\/logo\/image\/"},"sameAs":["https:\/\/www.facebook.com\/groups\/5261880558\/?locale=fr_FR"]},{"@type":"Person","@id":"https:\/\/centcols.org\/#\/schema\/person\/377f00da2793c0363246869bb3a344d0","name":"Guy Harl\u00e9","image":{"@type":"ImageObject","inLanguage":"es","@id":"https:\/\/centcols.org\/wp-content\/litespeed\/avatar\/94c4de37e46cf090f296d42ab3e8d6a6.jpg?ver=1777238144","url":"https:\/\/centcols.org\/wp-content\/litespeed\/avatar\/94c4de37e46cf090f296d42ab3e8d6a6.jpg?ver=1777238144","contentUrl":"https:\/\/centcols.org\/wp-content\/litespeed\/avatar\/94c4de37e46cf090f296d42ab3e8d6a6.jpg?ver=1777238144","caption":"Guy Harl\u00e9"},"url":"https:\/\/centcols.org\/es\/author\/5193\/"}]}},"_links":{"self":[{"href":"https:\/\/centcols.org\/es\/wp-json\/wp\/v2\/posts\/93121","targetHints":{"allow":["GET"]}}],"collection":[{"href":"https:\/\/centcols.org\/es\/wp-json\/wp\/v2\/posts"}],"about":[{"href":"https:\/\/centcols.org\/es\/wp-json\/wp\/v2\/types\/post"}],"author":[{"embeddable":true,"href":"https:\/\/centcols.org\/es\/wp-json\/wp\/v2\/users\/136"}],"replies":[{"embeddable":true,"href":"https:\/\/centcols.org\/es\/wp-json\/wp\/v2\/comments?post=93121"}],"version-history":[{"count":0,"href":"https:\/\/centcols.org\/es\/wp-json\/wp\/v2\/posts\/93121\/revisions"}],"wp:featuredmedia":[{"embeddable":true,"href":"https:\/\/centcols.org\/es\/wp-json\/wp\/v2\/media\/93131"}],"wp:attachment":[{"href":"https:\/\/centcols.org\/es\/wp-json\/wp\/v2\/media?parent=93121"}],"wp:term":[{"taxonomy":"category","embeddable":true,"href":"https:\/\/centcols.org\/es\/wp-json\/wp\/v2\/categories?post=93121"},{"taxonomy":"post_tag","embeddable":true,"href":"https:\/\/centcols.org\/es\/wp-json\/wp\/v2\/tags?post=93121"}],"curies":[{"name":"wp","href":"https:\/\/api.w.org\/{rel}","templated":true}]}}