{"id":93153,"date":"2026-01-31T16:31:24","date_gmt":"2026-01-31T14:31:24","guid":{"rendered":"https:\/\/centcols.org\/?p=93153"},"modified":"2026-01-31T19:14:43","modified_gmt":"2026-01-31T17:14:43","slug":"passage-de-la-charmette","status":"publish","type":"post","link":"https:\/\/centcols.org\/es\/passage-de-la-charmette\/","title":{"rendered":"Le Passage de la Charmette"},"content":{"rendered":"<p>En el coraz\u00f3n del macizo de Beaufortin, en Saboya, el Passage de la Charmette (<a href=\"\/es\/util\/geo\/visu.php\/?code=FR-73-2058\" type=\"link\" id=\"\/util\/geo\/visu.php?code=FR-73-2058\">FR-73-2058<\/a>) es un magn\u00edfico puerto que ofrece unas vistas excepcionales durante toda la ascensi\u00f3n. Desde el pueblo de Ar\u00eaches, se ascienden 1026 m en 12,6 km, primero por asfalto hasta el Col du Pr\u00e9 (<a href=\"\/es\/util\/geo\/visu.php\/?code=FR-73-1703\" type=\"link\" id=\"\/util\/geo\/visu.php?code=FR-73-1703\">FR-73-1703<\/a>), luego por una pista (R1) hasta la cumbre.<\/p>\n\n\n<div class=\"wp-block-image\">\n<figure class=\"aligncenter size-full is-resized\"><img loading=\"lazy\" decoding=\"async\" width=\"446\" height=\"192\" src=\"https:\/\/centcols.org\/wp-content\/uploads\/2026\/01\/col_de_charmette_carte_1.jpg\" alt=\"\" class=\"wp-image-93155\" style=\"width:591px;height:auto\" srcset=\"https:\/\/centcols.org\/wp-content\/uploads\/2026\/01\/col_de_charmette_carte_1.jpg 446w, https:\/\/centcols.org\/wp-content\/uploads\/2026\/01\/col_de_charmette_carte_1-18x8.jpg 18w\" sizes=\"auto, (max-width: 446px) 100vw, 446px\" \/><figcaption class=\"wp-element-caption\">IGN<\/figcaption><\/figure>\n<\/div>\n\n<div class=\"wp-block-image\">\n<figure class=\"aligncenter size-full is-resized\"><img loading=\"lazy\" decoding=\"async\" width=\"252\" height=\"546\" src=\"https:\/\/centcols.org\/wp-content\/uploads\/2026\/01\/col_de_charmette_carte_2.jpg\" alt=\"\" class=\"wp-image-93157\" style=\"width:280px;height:auto\" srcset=\"https:\/\/centcols.org\/wp-content\/uploads\/2026\/01\/col_de_charmette_carte_2.jpg 252w, https:\/\/centcols.org\/wp-content\/uploads\/2026\/01\/col_de_charmette_carte_2-6x12.jpg 6w\" sizes=\"auto, (max-width: 252px) 100vw, 252px\" \/><figcaption class=\"wp-element-caption\">IGN<\/figcaption><\/figure>\n<\/div>\n\n\n<p>Es posible que desee reservar una visita a Ar\u00eaches -un bonito pueblo que se beneficia del auge de los deportes de invierno- antes de abordar la dura subida al Col du Pr\u00e9 (9,2% en 7,3 km). La carretera est\u00e1 muy bien trazada, serpentea arriba y abajo y da la sensaci\u00f3n de sobrevolar Ar\u00eaches. Despu\u00e9s de unos 3 km, se llega al pueblo de Boudin, catalogado como uno de los pueblos m\u00e1s bonitos de Francia. Los chal\u00e9s t\u00edpicos, donde ning\u00fan edificio incongruente rompe el encanto, se extienden por la ladera cubierta de prados de heno.<\/p>\n\n\n\n<figure class=\"wp-block-image size-full\"><img loading=\"lazy\" decoding=\"async\" width=\"446\" height=\"308\" src=\"https:\/\/centcols.org\/wp-content\/uploads\/2026\/01\/col_de_charmette_1.jpg\" alt=\"\" class=\"wp-image-93158\" srcset=\"https:\/\/centcols.org\/wp-content\/uploads\/2026\/01\/col_de_charmette_1.jpg 446w, https:\/\/centcols.org\/wp-content\/uploads\/2026\/01\/col_de_charmette_1-18x12.jpg 18w\" sizes=\"auto, (max-width: 446px) 100vw, 446px\" \/><figcaption class=\"wp-element-caption\">El pueblo de BOUDIN, catalogado como uno de los pueblos m\u00e1s bonitos de Francia.<br>Las casas t\u00edpicas de Beaufortin bordean la ladera bajo el Col du Pr\u00e9.<\/figcaption><\/figure>\n\n\n\n<p>En la cima del puerto, no se cambia al otro lado; la carretera contin\u00faa por un falso llano. Despu\u00e9s de unos 700 m, se toma una pista ancha a la derecha (una vieja se\u00f1al de madera indica el Passage de la Charmette). Es el comienzo de una magn\u00edfica ascensi\u00f3n que contempla las aguas azules del embalse de Roselend, dominado por los picos dentados del Beaufortin, entre ellos la famosa Pierra Menta.<\/p>\n\n\n<div class=\"wp-block-image\">\n<figure class=\"aligncenter size-full is-resized\"><img loading=\"lazy\" decoding=\"async\" width=\"482\" height=\"376\" src=\"https:\/\/centcols.org\/wp-content\/uploads\/2026\/01\/col_de_charmette_2-2.jpg\" alt=\"\" class=\"wp-image-93173\" style=\"width:543px;height:auto\" srcset=\"https:\/\/centcols.org\/wp-content\/uploads\/2026\/01\/col_de_charmette_2-2.jpg 482w, https:\/\/centcols.org\/wp-content\/uploads\/2026\/01\/col_de_charmette_2-2-15x12.jpg 15w\" sizes=\"auto, (max-width: 482px) 100vw, 482px\" \/><figcaption class=\"wp-element-caption\">El lago de la presa de Roselend visto desde la pista de Charmette<\/figcaption><\/figure>\n<\/div>\n\n\n<p>Despu\u00e9s de 4,6 km, se llega a una cresta en medio de los pastos de monta\u00f1a, la cumbre del Passage de la Charmette. En la vertiente oeste, se divisa el valle en cuyo fondo se encuentra la presa de Saint-Gu\u00e9rin. M\u00e1s all\u00e1, la pista conduce a la cumbre del Cormet d'Ar\u00eaches (<a href=\"\/es\/util\/geo\/visu.php\/?code=FR-73-2109\" type=\"link\" id=\"\/util\/geo\/visu.php?code=FR-73-2109\">FR-73-2109<\/a>). El descenso por este lado es por un sendero estrecho (S2-3) donde las vacas de Tarine le ense\u00f1ar\u00e1n las cuerdas. Tambi\u00e9n puede volver a la carretera del Col du Pr\u00e9 y cruzar el muro de la presa para encontrar el Col de M\u00e9raillet (<a href=\"\/es\/util\/geo\/visu.php\/?code=FR-73-1605\" type=\"link\" id=\"\/util\/geo\/visu.php?code=FR-73-1605\">FR-73-1605<\/a>) . Al borde de la D217 que conduce a Cormet de Roselend (<a href=\"\/es\/util\/geo\/visu.php\/?code=FR-73-1968\" type=\"link\" id=\"\/util\/geo\/visu.php?code=FR-73-1968\">FR-73-1968<\/a>), descubrimos la muy fotog\u00e9nica capilla de Roselend.<\/p>\n\n\n\n<figure class=\"wp-block-gallery has-nested-images columns-default is-cropped wp-block-gallery-1 is-layout-flex wp-block-gallery-is-layout-flex\">\n<figure class=\"wp-block-image size-full\"><img loading=\"lazy\" decoding=\"async\" width=\"1199\" height=\"675\" data-id=\"93267\" src=\"https:\/\/centcols.org\/wp-content\/uploads\/2026\/01\/chapelle-roselend-1.jpg\" alt=\"\" class=\"wp-image-93267\" srcset=\"https:\/\/centcols.org\/wp-content\/uploads\/2026\/01\/chapelle-roselend-1.jpg 1199w, https:\/\/centcols.org\/wp-content\/uploads\/2026\/01\/chapelle-roselend-1-768x432.jpg 768w, https:\/\/centcols.org\/wp-content\/uploads\/2026\/01\/chapelle-roselend-1-18x10.jpg 18w\" sizes=\"auto, (max-width: 1199px) 100vw, 1199px\" \/><figcaption class=\"wp-element-caption\">Capilla de Roselend \u00a9 Herv\u00e9 Peyre<\/figcaption><\/figure>\n\n\n\n<figure class=\"wp-block-image size-large\"><img loading=\"lazy\" decoding=\"async\" width=\"318\" height=\"366\" data-id=\"93161\" src=\"https:\/\/centcols.org\/wp-content\/uploads\/2026\/01\/col_de_charmette_3.jpg\" alt=\"\" class=\"wp-image-93161\" srcset=\"https:\/\/centcols.org\/wp-content\/uploads\/2026\/01\/col_de_charmette_3.jpg 318w, https:\/\/centcols.org\/wp-content\/uploads\/2026\/01\/col_de_charmette_3-10x12.jpg 10w\" sizes=\"auto, (max-width: 318px) 100vw, 318px\" \/><figcaption class=\"wp-element-caption\"><small>Chal\u00e9s alpinos cerca del lago Roselend<\/small><\/figcaption><\/figure>\n<\/figure>\n\n\n\n<p>Poco antes de la capilla, a la izquierda, una pista (R1-2) conduce al puerto de Sur Fr\u00eates (<a href=\"\/es\/util\/geo\/visu.php\/?code=FR-73-1792\" type=\"link\" id=\"\/util\/geo\/visu.php?code=FR-73-1792\">FR-73-1792<\/a>). El regreso a Ar\u00eaches puede hacerse bien volviendo por el Col du Pr\u00e9 (pero esto es un verdadero placer), bien tomando la cima del Col de M\u00e9raillet (<a href=\"\/es\/util\/geo\/visu.php\/?code=FR-73-1605\" type=\"link\" id=\"\/util\/geo\/visu.php?code=FR-73-1605\">FR-73-1605<\/a>) en direcci\u00f3n a Beaufort. Este pueblo da nombre a las monta\u00f1as que ha admirado y al queso con el que podr\u00e1 cargar sus alforjas de regreso a Ar\u00eaches por la D218.<\/p>\n\n\n\n<p>Ren\u00e9 Poty<\/p>\n\n\n<div class=\"wp-block-image\">\n<figure class=\"aligncenter size-full\"><img loading=\"lazy\" decoding=\"async\" width=\"443\" height=\"338\" src=\"https:\/\/centcols.org\/wp-content\/uploads\/2026\/01\/col_de_charmette_profil.gif\" alt=\"\" class=\"wp-image-93163\"\/><\/figure>\n<\/div>","protected":false},"excerpt":{"rendered":"<p>Au c\u0153ur du massif du Beaufortin, en Savoie, le passage de la Charmette (FR-73-2058) est un col magnifique offrant des points de vue exceptionnels tout au long de son ascension. Depuis le village d\u2019Ar\u00eaches, on s\u2019\u00e9l\u00e8ve de 1026 m en 12,6 km, d\u2019abord sur le goudron jusqu\u2019au col du Pr\u00e9 (FR-73-1703), puis sur une piste [&hellip;]<\/p>\n","protected":false},"author":682,"featured_media":93269,"comment_status":"closed","ping_status":"closed","sticky":false,"template":"","format":"standard","meta":{"_acf_changed":false,"footnotes":""},"categories":[308],"tags":[],"class_list":["post-93153","post","type-post","status-publish","format-standard","has-post-thumbnail","hentry","category-cols-en-vrac"],"acf":[],"yoast_head":"<!-- This site is optimized with the Yoast SEO plugin v27.2 - https:\/\/yoast.com\/product\/yoast-seo-wordpress\/ -->\n<title>Le Passage de la Charmette - Club des Cent Cols<\/title>\n<meta name=\"robots\" content=\"index, follow, max-snippet:-1, max-image-preview:large, max-video-preview:-1\" \/>\n<link rel=\"canonical\" href=\"https:\/\/centcols.org\/es\/passage-de-la-charmette\/\" \/>\n<meta property=\"og:locale\" content=\"es_ES\" \/>\n<meta property=\"og:type\" content=\"article\" \/>\n<meta property=\"og:title\" content=\"Le Passage de la Charmette - Club des Cent Cols\" \/>\n<meta property=\"og:description\" content=\"Au c\u0153ur du massif du Beaufortin, en Savoie, le passage de la Charmette (FR-73-2058) est un col magnifique offrant des points de vue exceptionnels tout au long de son ascension. Depuis le village d\u2019Ar\u00eaches, on s\u2019\u00e9l\u00e8ve de 1026 m en 12,6 km, d\u2019abord sur le goudron jusqu\u2019au col du Pr\u00e9 (FR-73-1703), puis sur une piste [&hellip;]\" \/>\n<meta property=\"og:url\" content=\"https:\/\/centcols.org\/es\/passage-de-la-charmette\/\" \/>\n<meta property=\"og:site_name\" content=\"Club des Cent Cols\" \/>\n<meta property=\"article:publisher\" content=\"https:\/\/www.facebook.com\/groups\/5261880558\/?locale=fr_FR\" \/>\n<meta property=\"article:published_time\" content=\"2026-01-31T14:31:24+00:00\" \/>\n<meta property=\"article:modified_time\" content=\"2026-01-31T17:14:43+00:00\" \/>\n<meta property=\"og:image\" content=\"https:\/\/centcols.org\/wp-content\/uploads\/2026\/01\/Charmette_mise_en_avant.webp\" \/>\n\t<meta property=\"og:image:width\" content=\"474\" \/>\n\t<meta property=\"og:image:height\" content=\"266\" \/>\n\t<meta property=\"og:image:type\" content=\"image\/webp\" \/>\n<meta name=\"author\" content=\"Paul Levart\" \/>\n<meta name=\"twitter:card\" content=\"summary_large_image\" \/>\n<meta name=\"twitter:label1\" content=\"Escrito por\" \/>\n\t<meta name=\"twitter:data1\" content=\"Paul Levart\" \/>\n\t<meta name=\"twitter:label2\" content=\"Tiempo de lectura\" \/>\n\t<meta name=\"twitter:data2\" content=\"5 minutos\" \/>\n<script type=\"application\/ld+json\" class=\"yoast-schema-graph\">{\"@context\":\"https:\/\/schema.org\",\"@graph\":[{\"@type\":\"Article\",\"@id\":\"https:\/\/centcols.org\/passage-de-la-charmette\/#article\",\"isPartOf\":{\"@id\":\"https:\/\/centcols.org\/passage-de-la-charmette\/\"},\"author\":{\"name\":\"Paul Levart\",\"@id\":\"https:\/\/centcols.org\/#\/schema\/person\/f69e64d42a30af00fb46d8cf7a1d9945\"},\"headline\":\"Le Passage de la Charmette\",\"datePublished\":\"2026-01-31T14:31:24+00:00\",\"dateModified\":\"2026-01-31T17:14:43+00:00\",\"mainEntityOfPage\":{\"@id\":\"https:\/\/centcols.org\/passage-de-la-charmette\/\"},\"wordCount\":525,\"publisher\":{\"@id\":\"https:\/\/centcols.org\/#organization\"},\"image\":{\"@id\":\"https:\/\/centcols.org\/passage-de-la-charmette\/#primaryimage\"},\"thumbnailUrl\":\"https:\/\/centcols.org\/wp-content\/uploads\/2026\/01\/Charmette_mise_en_avant.webp\",\"articleSection\":[\"Cols en vrac\"],\"inLanguage\":\"es\"},{\"@type\":\"WebPage\",\"@id\":\"https:\/\/centcols.org\/passage-de-la-charmette\/\",\"url\":\"https:\/\/centcols.org\/passage-de-la-charmette\/\",\"name\":\"Le Passage de la Charmette - Club des Cent Cols\",\"isPartOf\":{\"@id\":\"https:\/\/centcols.org\/#website\"},\"primaryImageOfPage\":{\"@id\":\"https:\/\/centcols.org\/passage-de-la-charmette\/#primaryimage\"},\"image\":{\"@id\":\"https:\/\/centcols.org\/passage-de-la-charmette\/#primaryimage\"},\"thumbnailUrl\":\"https:\/\/centcols.org\/wp-content\/uploads\/2026\/01\/Charmette_mise_en_avant.webp\",\"datePublished\":\"2026-01-31T14:31:24+00:00\",\"dateModified\":\"2026-01-31T17:14:43+00:00\",\"breadcrumb\":{\"@id\":\"https:\/\/centcols.org\/passage-de-la-charmette\/#breadcrumb\"},\"inLanguage\":\"es\",\"potentialAction\":[{\"@type\":\"ReadAction\",\"target\":[\"https:\/\/centcols.org\/passage-de-la-charmette\/\"]}]},{\"@type\":\"ImageObject\",\"inLanguage\":\"es\",\"@id\":\"https:\/\/centcols.org\/passage-de-la-charmette\/#primaryimage\",\"url\":\"https:\/\/centcols.org\/wp-content\/uploads\/2026\/01\/Charmette_mise_en_avant.webp\",\"contentUrl\":\"https:\/\/centcols.org\/wp-content\/uploads\/2026\/01\/Charmette_mise_en_avant.webp\",\"width\":474,\"height\":266},{\"@type\":\"BreadcrumbList\",\"@id\":\"https:\/\/centcols.org\/passage-de-la-charmette\/#breadcrumb\",\"itemListElement\":[{\"@type\":\"ListItem\",\"position\":1,\"name\":\"Accueil\",\"item\":\"https:\/\/centcols.org\/\"},{\"@type\":\"ListItem\",\"position\":2,\"name\":\"Cols en vrac\",\"item\":\"https:\/\/centcols.org\/rubrique\/cols-en-vrac\/\"},{\"@type\":\"ListItem\",\"position\":3,\"name\":\"Le Passage de la Charmette\"}]},{\"@type\":\"WebSite\",\"@id\":\"https:\/\/centcols.org\/#website\",\"url\":\"https:\/\/centcols.org\/\",\"name\":\"Club des Cent Cols\",\"description\":\"\",\"publisher\":{\"@id\":\"https:\/\/centcols.org\/#organization\"},\"potentialAction\":[{\"@type\":\"SearchAction\",\"target\":{\"@type\":\"EntryPoint\",\"urlTemplate\":\"https:\/\/centcols.org\/?s={search_term_string}\"},\"query-input\":{\"@type\":\"PropertyValueSpecification\",\"valueRequired\":true,\"valueName\":\"search_term_string\"}}],\"inLanguage\":\"es\"},{\"@type\":\"Organization\",\"@id\":\"https:\/\/centcols.org\/#organization\",\"name\":\"Club des Cent Cols\",\"url\":\"https:\/\/centcols.org\/\",\"logo\":{\"@type\":\"ImageObject\",\"inLanguage\":\"es\",\"@id\":\"https:\/\/centcols.org\/#\/schema\/logo\/image\/\",\"url\":\"https:\/\/centcols.org\/wp-content\/uploads\/2025\/01\/carte-icone.png\",\"contentUrl\":\"https:\/\/centcols.org\/wp-content\/uploads\/2025\/01\/carte-icone.png\",\"width\":250,\"height\":250,\"caption\":\"Club des Cent Cols\"},\"image\":{\"@id\":\"https:\/\/centcols.org\/#\/schema\/logo\/image\/\"},\"sameAs\":[\"https:\/\/www.facebook.com\/groups\/5261880558\/?locale=fr_FR\"]},{\"@type\":\"Person\",\"@id\":\"https:\/\/centcols.org\/#\/schema\/person\/f69e64d42a30af00fb46d8cf7a1d9945\",\"name\":\"Paul Levart\",\"image\":{\"@type\":\"ImageObject\",\"inLanguage\":\"es\",\"@id\":\"https:\/\/centcols.org\/wp-content\/litespeed\/avatar\/b81f27ef11f03e8b6b3b3019b1b2b4d7.jpg?ver=1777205446\",\"url\":\"https:\/\/centcols.org\/wp-content\/litespeed\/avatar\/b81f27ef11f03e8b6b3b3019b1b2b4d7.jpg?ver=1777205446\",\"contentUrl\":\"https:\/\/centcols.org\/wp-content\/litespeed\/avatar\/b81f27ef11f03e8b6b3b3019b1b2b4d7.jpg?ver=1777205446\",\"caption\":\"Paul Levart\"},\"url\":\"https:\/\/centcols.org\/es\/author\/4953\/\"}]}<\/script>\n<!-- \/ Yoast SEO plugin. -->","yoast_head_json":{"title":"Le Passage de la Charmette - Club des Cent Cols","robots":{"index":"index","follow":"follow","max-snippet":"max-snippet:-1","max-image-preview":"max-image-preview:large","max-video-preview":"max-video-preview:-1"},"canonical":"https:\/\/centcols.org\/es\/passage-de-la-charmette\/","og_locale":"es_ES","og_type":"article","og_title":"Le Passage de la Charmette - Club des Cent Cols","og_description":"Au c\u0153ur du massif du Beaufortin, en Savoie, le passage de la Charmette (FR-73-2058) est un col magnifique offrant des points de vue exceptionnels tout au long de son ascension. Depuis le village d\u2019Ar\u00eaches, on s\u2019\u00e9l\u00e8ve de 1026 m en 12,6 km, d\u2019abord sur le goudron jusqu\u2019au col du Pr\u00e9 (FR-73-1703), puis sur une piste [&hellip;]","og_url":"https:\/\/centcols.org\/es\/passage-de-la-charmette\/","og_site_name":"Club des Cent Cols","article_publisher":"https:\/\/www.facebook.com\/groups\/5261880558\/?locale=fr_FR","article_published_time":"2026-01-31T14:31:24+00:00","article_modified_time":"2026-01-31T17:14:43+00:00","og_image":[{"width":474,"height":266,"url":"https:\/\/centcols.org\/wp-content\/uploads\/2026\/01\/Charmette_mise_en_avant.webp","type":"image\/webp"}],"author":"Paul Levart","twitter_card":"summary_large_image","twitter_misc":{"Escrito por":"Paul Levart","Tiempo de lectura":"5 minutos"},"schema":{"@context":"https:\/\/schema.org","@graph":[{"@type":"Article","@id":"https:\/\/centcols.org\/passage-de-la-charmette\/#article","isPartOf":{"@id":"https:\/\/centcols.org\/passage-de-la-charmette\/"},"author":{"name":"Paul Levart","@id":"https:\/\/centcols.org\/#\/schema\/person\/f69e64d42a30af00fb46d8cf7a1d9945"},"headline":"Le Passage de la Charmette","datePublished":"2026-01-31T14:31:24+00:00","dateModified":"2026-01-31T17:14:43+00:00","mainEntityOfPage":{"@id":"https:\/\/centcols.org\/passage-de-la-charmette\/"},"wordCount":525,"publisher":{"@id":"https:\/\/centcols.org\/#organization"},"image":{"@id":"https:\/\/centcols.org\/passage-de-la-charmette\/#primaryimage"},"thumbnailUrl":"https:\/\/centcols.org\/wp-content\/uploads\/2026\/01\/Charmette_mise_en_avant.webp","articleSection":["Cols en vrac"],"inLanguage":"es"},{"@type":"WebPage","@id":"https:\/\/centcols.org\/passage-de-la-charmette\/","url":"https:\/\/centcols.org\/passage-de-la-charmette\/","name":"Le Passage de la Charmette - Club des Cent Cols","isPartOf":{"@id":"https:\/\/centcols.org\/#website"},"primaryImageOfPage":{"@id":"https:\/\/centcols.org\/passage-de-la-charmette\/#primaryimage"},"image":{"@id":"https:\/\/centcols.org\/passage-de-la-charmette\/#primaryimage"},"thumbnailUrl":"https:\/\/centcols.org\/wp-content\/uploads\/2026\/01\/Charmette_mise_en_avant.webp","datePublished":"2026-01-31T14:31:24+00:00","dateModified":"2026-01-31T17:14:43+00:00","breadcrumb":{"@id":"https:\/\/centcols.org\/passage-de-la-charmette\/#breadcrumb"},"inLanguage":"es","potentialAction":[{"@type":"ReadAction","target":["https:\/\/centcols.org\/passage-de-la-charmette\/"]}]},{"@type":"ImageObject","inLanguage":"es","@id":"https:\/\/centcols.org\/passage-de-la-charmette\/#primaryimage","url":"https:\/\/centcols.org\/wp-content\/uploads\/2026\/01\/Charmette_mise_en_avant.webp","contentUrl":"https:\/\/centcols.org\/wp-content\/uploads\/2026\/01\/Charmette_mise_en_avant.webp","width":474,"height":266},{"@type":"BreadcrumbList","@id":"https:\/\/centcols.org\/passage-de-la-charmette\/#breadcrumb","itemListElement":[{"@type":"ListItem","position":1,"name":"Accueil","item":"https:\/\/centcols.org\/"},{"@type":"ListItem","position":2,"name":"Cols en vrac","item":"https:\/\/centcols.org\/rubrique\/cols-en-vrac\/"},{"@type":"ListItem","position":3,"name":"Le Passage de la Charmette"}]},{"@type":"WebSite","@id":"https:\/\/centcols.org\/#website","url":"https:\/\/centcols.org\/","name":"Club des Cent Cols","description":"","publisher":{"@id":"https:\/\/centcols.org\/#organization"},"potentialAction":[{"@type":"SearchAction","target":{"@type":"EntryPoint","urlTemplate":"https:\/\/centcols.org\/?s={search_term_string}"},"query-input":{"@type":"PropertyValueSpecification","valueRequired":true,"valueName":"search_term_string"}}],"inLanguage":"es"},{"@type":"Organization","@id":"https:\/\/centcols.org\/#organization","name":"Club des Cent Cols","url":"https:\/\/centcols.org\/","logo":{"@type":"ImageObject","inLanguage":"es","@id":"https:\/\/centcols.org\/#\/schema\/logo\/image\/","url":"https:\/\/centcols.org\/wp-content\/uploads\/2025\/01\/carte-icone.png","contentUrl":"https:\/\/centcols.org\/wp-content\/uploads\/2025\/01\/carte-icone.png","width":250,"height":250,"caption":"Club des Cent Cols"},"image":{"@id":"https:\/\/centcols.org\/#\/schema\/logo\/image\/"},"sameAs":["https:\/\/www.facebook.com\/groups\/5261880558\/?locale=fr_FR"]},{"@type":"Person","@id":"https:\/\/centcols.org\/#\/schema\/person\/f69e64d42a30af00fb46d8cf7a1d9945","name":"Paul Levart","image":{"@type":"ImageObject","inLanguage":"es","@id":"https:\/\/centcols.org\/wp-content\/litespeed\/avatar\/b81f27ef11f03e8b6b3b3019b1b2b4d7.jpg?ver=1777205446","url":"https:\/\/centcols.org\/wp-content\/litespeed\/avatar\/b81f27ef11f03e8b6b3b3019b1b2b4d7.jpg?ver=1777205446","contentUrl":"https:\/\/centcols.org\/wp-content\/litespeed\/avatar\/b81f27ef11f03e8b6b3b3019b1b2b4d7.jpg?ver=1777205446","caption":"Paul Levart"},"url":"https:\/\/centcols.org\/es\/author\/4953\/"}]}},"_links":{"self":[{"href":"https:\/\/centcols.org\/es\/wp-json\/wp\/v2\/posts\/93153","targetHints":{"allow":["GET"]}}],"collection":[{"href":"https:\/\/centcols.org\/es\/wp-json\/wp\/v2\/posts"}],"about":[{"href":"https:\/\/centcols.org\/es\/wp-json\/wp\/v2\/types\/post"}],"author":[{"embeddable":true,"href":"https:\/\/centcols.org\/es\/wp-json\/wp\/v2\/users\/682"}],"replies":[{"embeddable":true,"href":"https:\/\/centcols.org\/es\/wp-json\/wp\/v2\/comments?post=93153"}],"version-history":[{"count":0,"href":"https:\/\/centcols.org\/es\/wp-json\/wp\/v2\/posts\/93153\/revisions"}],"wp:featuredmedia":[{"embeddable":true,"href":"https:\/\/centcols.org\/es\/wp-json\/wp\/v2\/media\/93269"}],"wp:attachment":[{"href":"https:\/\/centcols.org\/es\/wp-json\/wp\/v2\/media?parent=93153"}],"wp:term":[{"taxonomy":"category","embeddable":true,"href":"https:\/\/centcols.org\/es\/wp-json\/wp\/v2\/categories?post=93153"},{"taxonomy":"post_tag","embeddable":true,"href":"https:\/\/centcols.org\/es\/wp-json\/wp\/v2\/tags?post=93153"}],"curies":[{"name":"wp","href":"https:\/\/api.w.org\/{rel}","templated":true}]}}