{"id":93200,"date":"2026-01-31T16:54:09","date_gmt":"2026-01-31T14:54:09","guid":{"rendered":"https:\/\/centcols.org\/?p=93200"},"modified":"2026-03-15T14:31:54","modified_gmt":"2026-03-15T12:31:54","slug":"el-paso-de-jandri","status":"publish","type":"post","link":"https:\/\/centcols.org\/es\/le-col-du-jandri\/","title":{"rendered":"El Col du Jandri"},"content":{"rendered":"<p>Texto y fotos de Ren\u00e9 Poty<\/p>\n\n\n<div class=\"wp-block-image\">\n<figure class=\"aligncenter size-full\"><img loading=\"lazy\" decoding=\"async\" width=\"450\" height=\"413\" src=\"https:\/\/centcols.org\/wp-content\/uploads\/2026\/01\/col_du_jandri_carte_1.jpg\" alt=\"\" class=\"wp-image-93206\" srcset=\"https:\/\/centcols.org\/wp-content\/uploads\/2026\/01\/col_du_jandri_carte_1.jpg 450w, https:\/\/centcols.org\/wp-content\/uploads\/2026\/01\/col_du_jandri_carte_1-13x12.jpg 13w\" sizes=\"auto, (max-width: 450px) 100vw, 450px\" \/><\/figure>\n<\/div>\n\n<div class=\"wp-block-image\">\n<figure class=\"aligncenter size-full\"><img loading=\"lazy\" decoding=\"async\" width=\"641\" height=\"296\" src=\"https:\/\/centcols.org\/wp-content\/uploads\/2026\/01\/col_du_jandri_carte_2.jpg\" alt=\"\" class=\"wp-image-93207\" srcset=\"https:\/\/centcols.org\/wp-content\/uploads\/2026\/01\/col_du_jandri_carte_2.jpg 641w, https:\/\/centcols.org\/wp-content\/uploads\/2026\/01\/col_du_jandri_carte_2-18x8.jpg 18w\" sizes=\"auto, (max-width: 641px) 100vw, 641px\" \/><\/figure>\n<\/div>\n\n\n<p>El puerto de Jandri (3150 m <a href=\"\/es\/util\/geo\/visu.php\/?code=FR-38-3151\" type=\"link\" id=\"\/util\/geo\/visu.php?code=FR-38-3151\">FR-38-3151<\/a>) es uno de los pocos puertos de los Alpes por encima de los 3.000 m al que se puede llegar en bicicleta por una ancha pista R1-2. Se encuentra en el dominio esquiable de Deux-Alpes, por lo que hay que conformarse con los numerosos remontes que surcan el paisaje y disfrutar de las magn\u00edficas vistas a lo lejos.<br>Por \u00faltimo, subir a 3.150 m de altitud para codearse con el glaciar del Mont-de-Lans es un placer que no debe perderse. \u00a1Cuidado con el desnivel!<\/p>\n\n\n\n<ul class=\"wp-block-list\">\n<li>Desde Le Bourg-d'Oisans: 2734 m (\u00bfr\u00e9cord de ascenso en los Alpes?)<\/li>\n\n\n\n<li>Desde Lac du Chambon: 2107 m<\/li>\n\n\n\n<li>Desde Les Deux-Alpes (Col de l'Alpe <a href=\"\/es\/util\/geo\/visu.php\/?code=FR-38-1652\" type=\"link\" id=\"\/util\/geo\/visu.php?code=FR-38-1652\">FR-38-1652<\/a>): 1500 m<\/li>\n<\/ul>\n\n\n\n<p>El ascenso por pista (R1) comienza en el Alpe du Mont-de-Lans (foto 1). Unas amplias curvas conducen a una cresta a 2189 m de altitud (restaurante y estaci\u00f3n del telef\u00e9rico). Durante todo el ascenso, la vista de los Deux-Alpes es magn\u00edfica, con los picos de Oisans y sus glaciares centelleantes al fondo.<\/p>\n\n\n<div class=\"wp-block-image\">\n<figure class=\"aligncenter size-full\"><img loading=\"lazy\" decoding=\"async\" width=\"530\" height=\"340\" src=\"https:\/\/centcols.org\/wp-content\/uploads\/2026\/01\/Jandri-1.jpg\" alt=\"\" class=\"wp-image-93209\" srcset=\"https:\/\/centcols.org\/wp-content\/uploads\/2026\/01\/Jandri-1.jpg 530w, https:\/\/centcols.org\/wp-content\/uploads\/2026\/01\/Jandri-1-18x12.jpg 18w\" sizes=\"auto, (max-width: 530px) 100vw, 530px\" \/><\/figure>\n<\/div>\n\n\n<h6 class=\"wp-block-heading has-text-align-center\">Foto 1: Les Deux-Alpes con los picos de Oisans al fondo, vistos desde<br>el sendero Jandri (puede ver este sendero en la esquina inferior izquierda de la foto)<\/h6>\n\n\n\n<p>La pendiente se suaviza en la Combe du Thuit. El sendero bordea el peque\u00f1o Lac du Plan y, a continuaci\u00f3n, siete curvas (foto 2) suben hasta la cota de 2578 m de la estaci\u00f3n del Jandri Express, el telef\u00e9rico que lleva a los esquiadores de verano a la cima del puerto. Un corto recorrido de ida y vuelta a la izquierda lleva al Col des Gourses (<a href=\"\/es\/util\/geo\/visu.php\/?code=FR-38-2550b\" type=\"link\" id=\"\/util\/geo\/visu.php?code=FR-38-2550b\">FR-38-2550b<\/a>).<\/p>\n\n\n<div class=\"wp-block-image\">\n<figure class=\"aligncenter size-full\"><img loading=\"lazy\" decoding=\"async\" width=\"498\" height=\"344\" src=\"https:\/\/centcols.org\/wp-content\/uploads\/2026\/01\/jandri-2.jpg\" alt=\"\" class=\"wp-image-93210\" srcset=\"https:\/\/centcols.org\/wp-content\/uploads\/2026\/01\/jandri-2.jpg 498w, https:\/\/centcols.org\/wp-content\/uploads\/2026\/01\/jandri-2-18x12.jpg 18w\" sizes=\"auto, (max-width: 498px) 100vw, 498px\" \/><\/figure>\n<\/div>\n\n\n<h6 class=\"wp-block-heading has-text-align-center\">Foto 2: El sendero Jandri: giros y curvas por encima del \u00abGrand Plan du Sautet\u00bb.<br>A la derecha, al fondo, se ve la pista que sube a la meseta.<br>d'Emparis desde Besse. A la izquierda, los glaciares de las Grandes Rousses.<\/h6>\n\n\n\n<p>El sendero de Jandri serpentea y gira hacia arriba, a menudo rocoso, polvoriento y empinado, a veces obligando a caminar. Se trata de un aut\u00e9ntico mundo de alta monta\u00f1a, muy mineral, con rocas maltratadas por la erosi\u00f3n glaciar (fotos 3-4). Algunos peque\u00f1os lagos brillan a la luz del sol antes de las \u00faltimas curvas, que dejan sin aliento (\u00a1debido a la altitud!). .<\/p>\n\n\n<div class=\"wp-block-image\">\n<figure class=\"aligncenter size-full\"><img loading=\"lazy\" decoding=\"async\" width=\"486\" height=\"356\" src=\"https:\/\/centcols.org\/wp-content\/uploads\/2026\/01\/jandri-3.jpg\" alt=\"\" class=\"wp-image-93213\" srcset=\"https:\/\/centcols.org\/wp-content\/uploads\/2026\/01\/jandri-3.jpg 486w, https:\/\/centcols.org\/wp-content\/uploads\/2026\/01\/jandri-3-16x12.jpg 16w\" sizes=\"auto, (max-width: 486px) 100vw, 486px\" \/><\/figure>\n<\/div>\n\n\n<h6 class=\"wp-block-heading has-text-align-center\">Foto 3: Las \u00faltimas curvas cerradas del Jandri a unos 3000 m de altitud.<br>Al fondo, las cumbres del Parque Nacional de los Ecrins.<\/h6>\n\n\n<div class=\"wp-block-image\">\n<figure class=\"aligncenter size-full\"><img loading=\"lazy\" decoding=\"async\" width=\"312\" height=\"368\" src=\"https:\/\/centcols.org\/wp-content\/uploads\/2026\/01\/jandri-4-1.jpg\" alt=\"\" class=\"wp-image-93215\" srcset=\"https:\/\/centcols.org\/wp-content\/uploads\/2026\/01\/jandri-4-1.jpg 312w, https:\/\/centcols.org\/wp-content\/uploads\/2026\/01\/jandri-4-1-10x12.jpg 10w\" sizes=\"auto, (max-width: 312px) 100vw, 312px\" \/><\/figure>\n<\/div>\n\n\n<h6 class=\"wp-block-heading has-text-align-center\">Foto 4: Altitud 3170m, la pista sigue siendo apta para el ciclismo (R1-2)<br>mientras que TOP25 3336ET indica un camino.<\/h6>\n\n\n\n<p>La pista cruza la marca de 3170 m (foto 5), doscientos metros m\u00e1s adelante. Abajo est\u00e1 el puerto de Jandri. \u00a1No es un lugar desierto! Aqu\u00ed es donde el telef\u00e9rico descarga a los esquiadores que han venido a disfrutar de la nieve en el glaciar del Mont-de-Lans en pleno mes de agosto, y un restaurante de altura prepara bandejas de comida...<\/p>\n\n\n<div class=\"wp-block-image\">\n<figure class=\"aligncenter size-full\"><img loading=\"lazy\" decoding=\"async\" width=\"490\" height=\"360\" src=\"https:\/\/centcols.org\/wp-content\/uploads\/2026\/01\/jandri-5.jpg\" alt=\"\" class=\"wp-image-93219\" srcset=\"https:\/\/centcols.org\/wp-content\/uploads\/2026\/01\/jandri-5.jpg 490w, https:\/\/centcols.org\/wp-content\/uploads\/2026\/01\/jandri-5-16x12.jpg 16w\" sizes=\"auto, (max-width: 490px) 100vw, 490px\" \/><\/figure>\n<\/div>\n\n\n<h6 class=\"wp-block-heading has-text-align-center\">Foto 5: M\u00e1s all\u00e1, s\u00f3lo una esperanza... \u00a1el helic\u00f3ptero!<\/h6>\n\n\n\n<p>A la vuelta (que es totalmente ciclable), se puede dejar la pista a la altura del Lac de Serre-Palas, y atravesar una zona rocosa (HS 3) a la vista para llegar a la brecha de Grand Creux (2804m <a href=\"\/es\/util\/geo\/visu.php\/?code=FR-38-2810b\" type=\"link\" id=\"\/util\/geo\/visu.php?code=FR-38-2810b\">FR-38-2810b<\/a>) bajo un remonte. A continuaci\u00f3n, descienda por debajo del remonte (HS 2-3) para tomar una pista ancha a la izquierda (R1-2) y alcanzar el puerto de Entre les T\u00eates (2696 m <a href=\"\/es\/util\/geo\/visu.php\/?code=FR-38-2680\" type=\"link\" id=\"\/util\/geo\/visu.php?code=FR-38-2680\">FR-38-2680<\/a>). Un total de cuatro pasos de m\u00e1s de 2000 m. Esta ruta se describe en TOPO 1 p\u00e1gina 28.<\/p>\n\n\n<div class=\"wp-block-image\">\n<figure class=\"aligncenter size-full\"><img loading=\"lazy\" decoding=\"async\" width=\"488\" height=\"303\" src=\"https:\/\/centcols.org\/wp-content\/uploads\/2026\/01\/col_du_jandri_profil.gif\" alt=\"\" class=\"wp-image-93220\"\/><\/figure>\n<\/div>","protected":false},"excerpt":{"rendered":"<p>Texte et cr\u00e9dit photos de Ren\u00e9 Poty Le col du Jandri (3150\u00a0m FR-38-3151) est un des rares cols des Alpes d\u00e9passant 3000\u00a0m d&rsquo;altitude qui peut \u00eatre atteint \u00e0 v\u00e9lo par une large piste R1-2. Il est situ\u00e9 dans le domaine skiable de la station des Deux-Alpes, il faut donc s&rsquo;accommoder des nombreuses remont\u00e9es m\u00e9caniques qui [&hellip;]<\/p>\n","protected":false},"author":1993,"featured_media":93219,"comment_status":"closed","ping_status":"closed","sticky":false,"template":"","format":"standard","meta":{"_acf_changed":false,"footnotes":""},"categories":[308],"tags":[],"class_list":["post-93200","post","type-post","status-publish","format-standard","has-post-thumbnail","hentry","category-cols-en-vrac"],"acf":[],"yoast_head":"<!-- This site is optimized with the Yoast SEO plugin v27.2 - https:\/\/yoast.com\/product\/yoast-seo-wordpress\/ -->\n<title>Le Col du Jandri - Club des Cent Cols<\/title>\n<meta name=\"robots\" content=\"index, follow, max-snippet:-1, max-image-preview:large, max-video-preview:-1\" \/>\n<link rel=\"canonical\" href=\"https:\/\/centcols.org\/es\/el-paso-de-jandri\/\" \/>\n<meta property=\"og:locale\" content=\"es_ES\" \/>\n<meta property=\"og:type\" content=\"article\" \/>\n<meta property=\"og:title\" content=\"Le Col du Jandri - Club des Cent Cols\" \/>\n<meta property=\"og:description\" content=\"Texte et cr\u00e9dit photos de Ren\u00e9 Poty Le col du Jandri (3150\u00a0m FR-38-3151) est un des rares cols des Alpes d\u00e9passant 3000\u00a0m d&rsquo;altitude qui peut \u00eatre atteint \u00e0 v\u00e9lo par une large piste R1-2. Il est situ\u00e9 dans le domaine skiable de la station des Deux-Alpes, il faut donc s&rsquo;accommoder des nombreuses remont\u00e9es m\u00e9caniques qui [&hellip;]\" \/>\n<meta property=\"og:url\" content=\"https:\/\/centcols.org\/es\/el-paso-de-jandri\/\" \/>\n<meta property=\"og:site_name\" content=\"Club des Cent Cols\" \/>\n<meta property=\"article:publisher\" content=\"https:\/\/www.facebook.com\/groups\/5261880558\/?locale=fr_FR\" \/>\n<meta property=\"article:published_time\" content=\"2026-01-31T14:54:09+00:00\" \/>\n<meta property=\"article:modified_time\" content=\"2026-03-15T12:31:54+00:00\" \/>\n<meta property=\"og:image\" content=\"https:\/\/centcols.org\/wp-content\/uploads\/2026\/01\/jandri-5.jpg\" \/>\n\t<meta property=\"og:image:width\" content=\"490\" \/>\n\t<meta property=\"og:image:height\" content=\"360\" \/>\n\t<meta property=\"og:image:type\" content=\"image\/jpeg\" \/>\n<meta name=\"author\" content=\"Jo\u00eblle Mingat\" \/>\n<meta name=\"twitter:card\" content=\"summary_large_image\" \/>\n<meta name=\"twitter:label1\" content=\"Escrito por\" \/>\n\t<meta name=\"twitter:data1\" content=\"Jo\u00eblle Mingat\" \/>\n\t<meta name=\"twitter:label2\" content=\"Tiempo de lectura\" \/>\n\t<meta name=\"twitter:data2\" content=\"5 minutos\" \/>\n<script type=\"application\/ld+json\" class=\"yoast-schema-graph\">{\"@context\":\"https:\/\/schema.org\",\"@graph\":[{\"@type\":\"Article\",\"@id\":\"https:\/\/centcols.org\/le-col-du-jandri\/#article\",\"isPartOf\":{\"@id\":\"https:\/\/centcols.org\/le-col-du-jandri\/\"},\"author\":{\"name\":\"Jo\u00eblle Mingat\",\"@id\":\"https:\/\/centcols.org\/#\/schema\/person\/0afae1c765c3b4675d37457765e3e383\"},\"headline\":\"Le Col du Jandri\",\"datePublished\":\"2026-01-31T14:54:09+00:00\",\"dateModified\":\"2026-03-15T12:31:54+00:00\",\"mainEntityOfPage\":{\"@id\":\"https:\/\/centcols.org\/le-col-du-jandri\/\"},\"wordCount\":607,\"publisher\":{\"@id\":\"https:\/\/centcols.org\/#organization\"},\"image\":{\"@id\":\"https:\/\/centcols.org\/le-col-du-jandri\/#primaryimage\"},\"thumbnailUrl\":\"https:\/\/centcols.org\/wp-content\/uploads\/2026\/01\/jandri-5.jpg\",\"articleSection\":[\"Cols en vrac\"],\"inLanguage\":\"es\"},{\"@type\":\"WebPage\",\"@id\":\"https:\/\/centcols.org\/le-col-du-jandri\/\",\"url\":\"https:\/\/centcols.org\/le-col-du-jandri\/\",\"name\":\"Le Col du Jandri - Club des Cent Cols\",\"isPartOf\":{\"@id\":\"https:\/\/centcols.org\/#website\"},\"primaryImageOfPage\":{\"@id\":\"https:\/\/centcols.org\/le-col-du-jandri\/#primaryimage\"},\"image\":{\"@id\":\"https:\/\/centcols.org\/le-col-du-jandri\/#primaryimage\"},\"thumbnailUrl\":\"https:\/\/centcols.org\/wp-content\/uploads\/2026\/01\/jandri-5.jpg\",\"datePublished\":\"2026-01-31T14:54:09+00:00\",\"dateModified\":\"2026-03-15T12:31:54+00:00\",\"breadcrumb\":{\"@id\":\"https:\/\/centcols.org\/le-col-du-jandri\/#breadcrumb\"},\"inLanguage\":\"es\",\"potentialAction\":[{\"@type\":\"ReadAction\",\"target\":[\"https:\/\/centcols.org\/le-col-du-jandri\/\"]}]},{\"@type\":\"ImageObject\",\"inLanguage\":\"es\",\"@id\":\"https:\/\/centcols.org\/le-col-du-jandri\/#primaryimage\",\"url\":\"https:\/\/centcols.org\/wp-content\/uploads\/2026\/01\/jandri-5.jpg\",\"contentUrl\":\"https:\/\/centcols.org\/wp-content\/uploads\/2026\/01\/jandri-5.jpg\",\"width\":490,\"height\":360},{\"@type\":\"BreadcrumbList\",\"@id\":\"https:\/\/centcols.org\/le-col-du-jandri\/#breadcrumb\",\"itemListElement\":[{\"@type\":\"ListItem\",\"position\":1,\"name\":\"Accueil\",\"item\":\"https:\/\/centcols.org\/\"},{\"@type\":\"ListItem\",\"position\":2,\"name\":\"Cols en vrac\",\"item\":\"https:\/\/centcols.org\/rubrique\/cols-en-vrac\/\"},{\"@type\":\"ListItem\",\"position\":3,\"name\":\"Le Col du Jandri\"}]},{\"@type\":\"WebSite\",\"@id\":\"https:\/\/centcols.org\/#website\",\"url\":\"https:\/\/centcols.org\/\",\"name\":\"Club des Cent Cols\",\"description\":\"\",\"publisher\":{\"@id\":\"https:\/\/centcols.org\/#organization\"},\"potentialAction\":[{\"@type\":\"SearchAction\",\"target\":{\"@type\":\"EntryPoint\",\"urlTemplate\":\"https:\/\/centcols.org\/?s={search_term_string}\"},\"query-input\":{\"@type\":\"PropertyValueSpecification\",\"valueRequired\":true,\"valueName\":\"search_term_string\"}}],\"inLanguage\":\"es\"},{\"@type\":\"Organization\",\"@id\":\"https:\/\/centcols.org\/#organization\",\"name\":\"Club des Cent Cols\",\"url\":\"https:\/\/centcols.org\/\",\"logo\":{\"@type\":\"ImageObject\",\"inLanguage\":\"es\",\"@id\":\"https:\/\/centcols.org\/#\/schema\/logo\/image\/\",\"url\":\"https:\/\/centcols.org\/wp-content\/uploads\/2025\/01\/carte-icone.png\",\"contentUrl\":\"https:\/\/centcols.org\/wp-content\/uploads\/2025\/01\/carte-icone.png\",\"width\":250,\"height\":250,\"caption\":\"Club des Cent Cols\"},\"image\":{\"@id\":\"https:\/\/centcols.org\/#\/schema\/logo\/image\/\"},\"sameAs\":[\"https:\/\/www.facebook.com\/groups\/5261880558\/?locale=fr_FR\"]},{\"@type\":\"Person\",\"@id\":\"https:\/\/centcols.org\/#\/schema\/person\/0afae1c765c3b4675d37457765e3e383\",\"name\":\"Jo\u00eblle Mingat\",\"image\":{\"@type\":\"ImageObject\",\"inLanguage\":\"es\",\"@id\":\"https:\/\/centcols.org\/wp-content\/litespeed\/avatar\/8ace1c0eaf9dcc23c49d76c12a17902f.jpg?ver=1777261681\",\"url\":\"https:\/\/centcols.org\/wp-content\/litespeed\/avatar\/8ace1c0eaf9dcc23c49d76c12a17902f.jpg?ver=1777261681\",\"contentUrl\":\"https:\/\/centcols.org\/wp-content\/litespeed\/avatar\/8ace1c0eaf9dcc23c49d76c12a17902f.jpg?ver=1777261681\",\"caption\":\"Jo\u00eblle Mingat\"},\"url\":\"https:\/\/centcols.org\/es\/author\/5345\/\"}]}<\/script>\n<!-- \/ Yoast SEO plugin. -->","yoast_head_json":{"title":"El Col du Jandri - Club des Cent Cols","robots":{"index":"index","follow":"follow","max-snippet":"max-snippet:-1","max-image-preview":"max-image-preview:large","max-video-preview":"max-video-preview:-1"},"canonical":"https:\/\/centcols.org\/es\/el-paso-de-jandri\/","og_locale":"es_ES","og_type":"article","og_title":"Le Col du Jandri - Club des Cent Cols","og_description":"Texte et cr\u00e9dit photos de Ren\u00e9 Poty Le col du Jandri (3150\u00a0m FR-38-3151) est un des rares cols des Alpes d\u00e9passant 3000\u00a0m d&rsquo;altitude qui peut \u00eatre atteint \u00e0 v\u00e9lo par une large piste R1-2. Il est situ\u00e9 dans le domaine skiable de la station des Deux-Alpes, il faut donc s&rsquo;accommoder des nombreuses remont\u00e9es m\u00e9caniques qui [&hellip;]","og_url":"https:\/\/centcols.org\/es\/el-paso-de-jandri\/","og_site_name":"Club des Cent Cols","article_publisher":"https:\/\/www.facebook.com\/groups\/5261880558\/?locale=fr_FR","article_published_time":"2026-01-31T14:54:09+00:00","article_modified_time":"2026-03-15T12:31:54+00:00","og_image":[{"width":490,"height":360,"url":"https:\/\/centcols.org\/wp-content\/uploads\/2026\/01\/jandri-5.jpg","type":"image\/jpeg"}],"author":"Jo\u00eblle Mingat","twitter_card":"summary_large_image","twitter_misc":{"Escrito por":"Jo\u00eblle Mingat","Tiempo de lectura":"5 minutos"},"schema":{"@context":"https:\/\/schema.org","@graph":[{"@type":"Article","@id":"https:\/\/centcols.org\/le-col-du-jandri\/#article","isPartOf":{"@id":"https:\/\/centcols.org\/le-col-du-jandri\/"},"author":{"name":"Jo\u00eblle Mingat","@id":"https:\/\/centcols.org\/#\/schema\/person\/0afae1c765c3b4675d37457765e3e383"},"headline":"Le Col du Jandri","datePublished":"2026-01-31T14:54:09+00:00","dateModified":"2026-03-15T12:31:54+00:00","mainEntityOfPage":{"@id":"https:\/\/centcols.org\/le-col-du-jandri\/"},"wordCount":607,"publisher":{"@id":"https:\/\/centcols.org\/#organization"},"image":{"@id":"https:\/\/centcols.org\/le-col-du-jandri\/#primaryimage"},"thumbnailUrl":"https:\/\/centcols.org\/wp-content\/uploads\/2026\/01\/jandri-5.jpg","articleSection":["Cols en vrac"],"inLanguage":"es"},{"@type":"WebPage","@id":"https:\/\/centcols.org\/le-col-du-jandri\/","url":"https:\/\/centcols.org\/le-col-du-jandri\/","name":"El Col du Jandri - Club des Cent Cols","isPartOf":{"@id":"https:\/\/centcols.org\/#website"},"primaryImageOfPage":{"@id":"https:\/\/centcols.org\/le-col-du-jandri\/#primaryimage"},"image":{"@id":"https:\/\/centcols.org\/le-col-du-jandri\/#primaryimage"},"thumbnailUrl":"https:\/\/centcols.org\/wp-content\/uploads\/2026\/01\/jandri-5.jpg","datePublished":"2026-01-31T14:54:09+00:00","dateModified":"2026-03-15T12:31:54+00:00","breadcrumb":{"@id":"https:\/\/centcols.org\/le-col-du-jandri\/#breadcrumb"},"inLanguage":"es","potentialAction":[{"@type":"ReadAction","target":["https:\/\/centcols.org\/le-col-du-jandri\/"]}]},{"@type":"ImageObject","inLanguage":"es","@id":"https:\/\/centcols.org\/le-col-du-jandri\/#primaryimage","url":"https:\/\/centcols.org\/wp-content\/uploads\/2026\/01\/jandri-5.jpg","contentUrl":"https:\/\/centcols.org\/wp-content\/uploads\/2026\/01\/jandri-5.jpg","width":490,"height":360},{"@type":"BreadcrumbList","@id":"https:\/\/centcols.org\/le-col-du-jandri\/#breadcrumb","itemListElement":[{"@type":"ListItem","position":1,"name":"Accueil","item":"https:\/\/centcols.org\/"},{"@type":"ListItem","position":2,"name":"Cols en vrac","item":"https:\/\/centcols.org\/rubrique\/cols-en-vrac\/"},{"@type":"ListItem","position":3,"name":"Le Col du Jandri"}]},{"@type":"WebSite","@id":"https:\/\/centcols.org\/#website","url":"https:\/\/centcols.org\/","name":"Club des Cent Cols","description":"","publisher":{"@id":"https:\/\/centcols.org\/#organization"},"potentialAction":[{"@type":"SearchAction","target":{"@type":"EntryPoint","urlTemplate":"https:\/\/centcols.org\/?s={search_term_string}"},"query-input":{"@type":"PropertyValueSpecification","valueRequired":true,"valueName":"search_term_string"}}],"inLanguage":"es"},{"@type":"Organization","@id":"https:\/\/centcols.org\/#organization","name":"Club des Cent Cols","url":"https:\/\/centcols.org\/","logo":{"@type":"ImageObject","inLanguage":"es","@id":"https:\/\/centcols.org\/#\/schema\/logo\/image\/","url":"https:\/\/centcols.org\/wp-content\/uploads\/2025\/01\/carte-icone.png","contentUrl":"https:\/\/centcols.org\/wp-content\/uploads\/2025\/01\/carte-icone.png","width":250,"height":250,"caption":"Club des Cent Cols"},"image":{"@id":"https:\/\/centcols.org\/#\/schema\/logo\/image\/"},"sameAs":["https:\/\/www.facebook.com\/groups\/5261880558\/?locale=fr_FR"]},{"@type":"Person","@id":"https:\/\/centcols.org\/#\/schema\/person\/0afae1c765c3b4675d37457765e3e383","name":"Jo\u00eblle Mingat","image":{"@type":"ImageObject","inLanguage":"es","@id":"https:\/\/centcols.org\/wp-content\/litespeed\/avatar\/8ace1c0eaf9dcc23c49d76c12a17902f.jpg?ver=1777261681","url":"https:\/\/centcols.org\/wp-content\/litespeed\/avatar\/8ace1c0eaf9dcc23c49d76c12a17902f.jpg?ver=1777261681","contentUrl":"https:\/\/centcols.org\/wp-content\/litespeed\/avatar\/8ace1c0eaf9dcc23c49d76c12a17902f.jpg?ver=1777261681","caption":"Jo\u00eblle Mingat"},"url":"https:\/\/centcols.org\/es\/author\/5345\/"}]}},"_links":{"self":[{"href":"https:\/\/centcols.org\/es\/wp-json\/wp\/v2\/posts\/93200","targetHints":{"allow":["GET"]}}],"collection":[{"href":"https:\/\/centcols.org\/es\/wp-json\/wp\/v2\/posts"}],"about":[{"href":"https:\/\/centcols.org\/es\/wp-json\/wp\/v2\/types\/post"}],"author":[{"embeddable":true,"href":"https:\/\/centcols.org\/es\/wp-json\/wp\/v2\/users\/1993"}],"replies":[{"embeddable":true,"href":"https:\/\/centcols.org\/es\/wp-json\/wp\/v2\/comments?post=93200"}],"version-history":[{"count":0,"href":"https:\/\/centcols.org\/es\/wp-json\/wp\/v2\/posts\/93200\/revisions"}],"wp:featuredmedia":[{"embeddable":true,"href":"https:\/\/centcols.org\/es\/wp-json\/wp\/v2\/media\/93219"}],"wp:attachment":[{"href":"https:\/\/centcols.org\/es\/wp-json\/wp\/v2\/media?parent=93200"}],"wp:term":[{"taxonomy":"category","embeddable":true,"href":"https:\/\/centcols.org\/es\/wp-json\/wp\/v2\/categories?post=93200"},{"taxonomy":"post_tag","embeddable":true,"href":"https:\/\/centcols.org\/es\/wp-json\/wp\/v2\/tags?post=93200"}],"curies":[{"name":"wp","href":"https:\/\/api.w.org\/{rel}","templated":true}]}}