{"id":93232,"date":"2026-01-31T17:28:08","date_gmt":"2026-01-31T15:28:08","guid":{"rendered":"https:\/\/centcols.org\/?p=93232"},"modified":"2026-03-15T12:32:09","modified_gmt":"2026-03-15T10:32:09","slug":"agnel-pass","status":"publish","type":"post","link":"https:\/\/centcols.org\/es\/col-agnel\/","title":{"rendered":"Paso de Agnel"},"content":{"rendered":"<p>COL AGNEL \/ VALICO DELL'AGNELO: 2744M (ladera orientada al sureste)<br>Coordenadas IGN: 54 3637-O 113-048. N\u00famero Michelin: 77-19-078-139<\/p>\n\n\n\n<p>Thierry PERRET, Cent Cols n\u00b02664 - 71700 TOURNUS.<\/p>\n\n\n\n<p>El Col Agnel es el nexo de uni\u00f3n entre el Parque Regional de Queyras, en los Altos Alpes, y el Val Varaita, en el Piamonte italiano. Precisamente en este lado del Piamonte tiene lugar una de las ascensiones m\u00e1s duras de los Alpes, en la categor\u00eda de grandes puertos de m\u00e1s de 2000 m. Este gigante poco conocido, que culmina a 2.744 m de altitud, es s\u00f3lo unos metros m\u00e1s alto que el Col de l'Iseran (2.764 m), el Col du Stelvio (2.757 m) y la cumbre de la Bonette (2.802 m).<\/p>\n\n\n\n<p>Pero, m\u00e1s que su altitud, lo que impresiona son sus elevados desniveles, sobre todo en los \u00faltimos nueve kil\u00f3metros tras el puente sobre el torrente Varaita, donde el ciclista se enfrentar\u00e1 a un formidable muro a 10% de pendiente media, pero donde el desnivel oscila a menudo entre 11 y 12%. La parte m\u00e1s valiente llega en el kil\u00f3metro 17,5, despu\u00e9s de una curva cerrada a la derecha, donde una subida de 300 metros a m\u00e1s de 14% nos lleva sobre la espina dorsal de la Costa Ciais, las estribaciones del Pic d'Asti, claramente visibles al noreste, mientras la carretera sube el valle del Agnel en tramos largos y rectos. A continuaci\u00f3n, el recorrido se desarrolla en una serie de ocho curvas cerradas, puntuadas por una corta zona llana (3% durante 300 m) despu\u00e9s del vig\u00e9simo kil\u00f3metro. Este ser\u00e1 el \u00fanico lugar para tomar un respiro antes de afrontar 3,3 kil\u00f3metros muy dif\u00edciles que van de 11 a 12%. Los \u00faltimos trescientos metros antes del puerto se recorrer\u00e1n a s\u00f3lo 6,6%. Tenga en cuenta que esta pared de nueve kil\u00f3metros se encuentra a una altitud de entre 1.840 m y 2.744 m, lo que aumenta a\u00fan m\u00e1s el esfuerzo necesario para progresar...<\/p>\n\n\n\n<p>El Col Agnel comienza en Torette, a 1143 m de altitud, ya que es a partir de esta aldea donde comienza la verdadera subida. Hasta Chianale, la pendiente variable, con algunos tramos empinados que oscilan entre 9 y 11%, proporciona un buen calentamiento antes de afrontar el tramo final. El paisaje de este primer tramo es relajante y muy agradable, ya que se recorre la orilla del lago Castello. Despu\u00e9s del antiguo puesto de aduanas, el paisaje se vuelve cada vez m\u00e1s mineral a medida que nos acercamos al puerto, dominado al noreste por el Pain de Sucre (3208 m) y el Pic d'Asti (3220 m), mientras que al fondo, al este, el Mont Viso parece reinar supremo desde la cima de sus \u00a13.841 m!<\/p>\n\n\n\n<p>Este grandioso paisaje es una buena recompensa, que corona un esfuerzo de 1 hora y 38 minutos (el tiempo empleado por el autor en la salida desde Torette).<\/p>\n\n\n<div class=\"wp-block-image\">\n<figure class=\"aligncenter size-full\"><img loading=\"lazy\" decoding=\"async\" width=\"279\" height=\"418\" src=\"https:\/\/centcols.org\/wp-content\/uploads\/2026\/01\/col_agnel_1.jpg\" alt=\"\" class=\"wp-image-93233\" srcset=\"https:\/\/centcols.org\/wp-content\/uploads\/2026\/01\/col_agnel_1.jpg 279w, https:\/\/centcols.org\/wp-content\/uploads\/2026\/01\/col_agnel_1-8x12.jpg 8w\" sizes=\"auto, (max-width: 279px) 100vw, 279px\" \/><\/figure>\n<\/div>\n\n\n<h6 class=\"wp-block-heading has-text-align-center\">Foto tomada de sur a norte. Vista del Col Agnel con el Pain de Sucre (3208m) y el Pic d'Asti (3220m) al fondo. Tambi\u00e9n se puede ver el camino que lleva desde el Col Agnel hasta el \u00abCol Vieux d'Agnel\u00bb, un hermoso camino de herradura a 2770m.<\/h6>\n\n\n<div class=\"wp-block-image\">\n<figure class=\"aligncenter size-full\"><img loading=\"lazy\" decoding=\"async\" width=\"420\" height=\"276\" src=\"https:\/\/centcols.org\/wp-content\/uploads\/2026\/01\/col_agnel_2.jpg\" alt=\"\" class=\"wp-image-93234\" srcset=\"https:\/\/centcols.org\/wp-content\/uploads\/2026\/01\/col_agnel_2.jpg 420w, https:\/\/centcols.org\/wp-content\/uploads\/2026\/01\/col_agnel_2-18x12.jpg 18w\" sizes=\"auto, (max-width: 420px) 100vw, 420px\" \/><\/figure>\n<\/div>\n\n\n<h6 class=\"wp-block-heading has-text-align-center\">Vista del lado italiano (de perfil)<br>El pueblo de Chianale y el lago Castello se encuentran en Val Varaita.<\/h6>\n\n\n<div class=\"wp-block-image\">\n<figure class=\"aligncenter size-full\"><img loading=\"lazy\" decoding=\"async\" width=\"416\" height=\"274\" src=\"https:\/\/centcols.org\/wp-content\/uploads\/2026\/01\/col_agnel_3.jpg\" alt=\"\" class=\"wp-image-93235\" srcset=\"https:\/\/centcols.org\/wp-content\/uploads\/2026\/01\/col_agnel_3.jpg 416w, https:\/\/centcols.org\/wp-content\/uploads\/2026\/01\/col_agnel_3-18x12.jpg 18w\" sizes=\"auto, (max-width: 416px) 100vw, 416px\" \/><\/figure>\n<\/div>\n\n\n<h6 class=\"wp-block-heading has-text-align-center\">Lado italiano, fondo: Mont Viso 3841m.<\/h6>\n\n\n<div class=\"wp-block-image\">\n<figure class=\"aligncenter size-full\"><img loading=\"lazy\" decoding=\"async\" width=\"284\" height=\"402\" src=\"https:\/\/centcols.org\/wp-content\/uploads\/2026\/01\/col_agnel_carte.jpg\" alt=\"\" class=\"wp-image-93236\" srcset=\"https:\/\/centcols.org\/wp-content\/uploads\/2026\/01\/col_agnel_carte.jpg 284w, https:\/\/centcols.org\/wp-content\/uploads\/2026\/01\/col_agnel_carte-8x12.jpg 8w\" sizes=\"auto, (max-width: 284px) 100vw, 284px\" \/><\/figure>\n<\/div>\n\n\n<h6 class=\"wp-block-heading has-text-align-center\">Extracto del mapa TOP25 3637OT Col Agnel<\/h6>\n\n\n\n<p><\/p>\n\n\n<div class=\"wp-block-image\">\n<figure class=\"aligncenter size-full\"><img loading=\"lazy\" decoding=\"async\" width=\"1076\" height=\"770\" src=\"https:\/\/centcols.org\/wp-content\/uploads\/2026\/01\/Col-Agnel-Profil.jpg\" alt=\"\" class=\"wp-image-94463\" style=\"aspect-ratio:4\/3;object-fit:cover\" srcset=\"https:\/\/centcols.org\/wp-content\/uploads\/2026\/01\/Col-Agnel-Profil.jpg 1076w, https:\/\/centcols.org\/wp-content\/uploads\/2026\/01\/Col-Agnel-Profil-768x550.jpg 768w, https:\/\/centcols.org\/wp-content\/uploads\/2026\/01\/Col-Agnel-Profil-18x12.jpg 18w\" sizes=\"auto, (max-width: 1076px) 100vw, 1076px\" \/><\/figure>\n<\/div>\n\n\n<p><\/p>","protected":false},"excerpt":{"rendered":"<p>COL AGNEL \/ VALICO DELL&rsquo;AGNELO : 2744M (versant sud-est)Coordonn\u00e9es IGN : 54 3637-O 113-048. Michelin : 77-19-078-139 Thierry PERRET, Cent Cols n\u00b02664 &#8211; 71700 TOURNUS. Le col Agnel permet de passer du Parc R\u00e9gional du Queyras, dans les Hautes-Alpes, au Val Varaita, dans le Pi\u00e9mont italien. C&rsquo;est pr\u00e9cis\u00e9ment sur ce versant pi\u00e9montais que se d\u00e9roule [&hellip;]<\/p>\n","protected":false},"author":1993,"featured_media":93242,"comment_status":"closed","ping_status":"closed","sticky":false,"template":"","format":"standard","meta":{"_acf_changed":false,"footnotes":""},"categories":[308],"tags":[473],"class_list":["post-93232","post","type-post","status-publish","format-standard","has-post-thumbnail","hentry","category-cols-en-vrac","tag-col-agnel"],"acf":[],"yoast_head":"<!-- This site is optimized with the Yoast SEO plugin v27.2 - https:\/\/yoast.com\/product\/yoast-seo-wordpress\/ -->\n<title>Col Agnel - Club des Cent Cols<\/title>\n<meta name=\"robots\" content=\"index, follow, max-snippet:-1, max-image-preview:large, max-video-preview:-1\" \/>\n<link rel=\"canonical\" href=\"https:\/\/centcols.org\/es\/agnel-pass\/\" \/>\n<meta property=\"og:locale\" content=\"es_ES\" \/>\n<meta property=\"og:type\" content=\"article\" \/>\n<meta property=\"og:title\" content=\"Col Agnel - Club des Cent Cols\" \/>\n<meta property=\"og:description\" content=\"COL AGNEL \/ VALICO DELL&rsquo;AGNELO : 2744M (versant sud-est)Coordonn\u00e9es IGN : 54 3637-O 113-048. Michelin : 77-19-078-139 Thierry PERRET, Cent Cols n\u00b02664 &#8211; 71700 TOURNUS. Le col Agnel permet de passer du Parc R\u00e9gional du Queyras, dans les Hautes-Alpes, au Val Varaita, dans le Pi\u00e9mont italien. C&rsquo;est pr\u00e9cis\u00e9ment sur ce versant pi\u00e9montais que se d\u00e9roule [&hellip;]\" \/>\n<meta property=\"og:url\" content=\"https:\/\/centcols.org\/es\/agnel-pass\/\" \/>\n<meta property=\"og:site_name\" content=\"Club des Cent Cols\" \/>\n<meta property=\"article:publisher\" content=\"https:\/\/www.facebook.com\/groups\/5261880558\/?locale=fr_FR\" \/>\n<meta property=\"article:published_time\" content=\"2026-01-31T15:28:08+00:00\" \/>\n<meta property=\"article:modified_time\" content=\"2026-03-15T10:32:09+00:00\" \/>\n<meta property=\"og:image\" content=\"https:\/\/centcols.org\/wp-content\/uploads\/2026\/01\/col_agnel_2-1.jpg\" \/>\n\t<meta property=\"og:image:width\" content=\"420\" \/>\n\t<meta property=\"og:image:height\" content=\"276\" \/>\n\t<meta property=\"og:image:type\" content=\"image\/jpeg\" \/>\n<meta name=\"author\" content=\"Jo\u00eblle Mingat\" \/>\n<meta name=\"twitter:card\" content=\"summary_large_image\" \/>\n<meta name=\"twitter:label1\" content=\"Escrito por\" \/>\n\t<meta name=\"twitter:data1\" content=\"Jo\u00eblle Mingat\" \/>\n\t<meta name=\"twitter:label2\" content=\"Tiempo de lectura\" \/>\n\t<meta name=\"twitter:data2\" content=\"4 minutos\" \/>\n<script type=\"application\/ld+json\" class=\"yoast-schema-graph\">{\"@context\":\"https:\/\/schema.org\",\"@graph\":[{\"@type\":\"Article\",\"@id\":\"https:\/\/centcols.org\/col-agnel\/#article\",\"isPartOf\":{\"@id\":\"https:\/\/centcols.org\/col-agnel\/\"},\"author\":{\"name\":\"Jo\u00eblle Mingat\",\"@id\":\"https:\/\/centcols.org\/#\/schema\/person\/0afae1c765c3b4675d37457765e3e383\"},\"headline\":\"Col Agnel\",\"datePublished\":\"2026-01-31T15:28:08+00:00\",\"dateModified\":\"2026-03-15T10:32:09+00:00\",\"mainEntityOfPage\":{\"@id\":\"https:\/\/centcols.org\/col-agnel\/\"},\"wordCount\":558,\"publisher\":{\"@id\":\"https:\/\/centcols.org\/#organization\"},\"image\":{\"@id\":\"https:\/\/centcols.org\/col-agnel\/#primaryimage\"},\"thumbnailUrl\":\"https:\/\/centcols.org\/wp-content\/uploads\/2026\/01\/col_agnel_2-1.jpg\",\"keywords\":[\"col agnel\"],\"articleSection\":[\"Cols en vrac\"],\"inLanguage\":\"es\"},{\"@type\":\"WebPage\",\"@id\":\"https:\/\/centcols.org\/col-agnel\/\",\"url\":\"https:\/\/centcols.org\/col-agnel\/\",\"name\":\"Col Agnel - Club des Cent Cols\",\"isPartOf\":{\"@id\":\"https:\/\/centcols.org\/#website\"},\"primaryImageOfPage\":{\"@id\":\"https:\/\/centcols.org\/col-agnel\/#primaryimage\"},\"image\":{\"@id\":\"https:\/\/centcols.org\/col-agnel\/#primaryimage\"},\"thumbnailUrl\":\"https:\/\/centcols.org\/wp-content\/uploads\/2026\/01\/col_agnel_2-1.jpg\",\"datePublished\":\"2026-01-31T15:28:08+00:00\",\"dateModified\":\"2026-03-15T10:32:09+00:00\",\"breadcrumb\":{\"@id\":\"https:\/\/centcols.org\/col-agnel\/#breadcrumb\"},\"inLanguage\":\"es\",\"potentialAction\":[{\"@type\":\"ReadAction\",\"target\":[\"https:\/\/centcols.org\/col-agnel\/\"]}]},{\"@type\":\"ImageObject\",\"inLanguage\":\"es\",\"@id\":\"https:\/\/centcols.org\/col-agnel\/#primaryimage\",\"url\":\"https:\/\/centcols.org\/wp-content\/uploads\/2026\/01\/col_agnel_2-1.jpg\",\"contentUrl\":\"https:\/\/centcols.org\/wp-content\/uploads\/2026\/01\/col_agnel_2-1.jpg\",\"width\":420,\"height\":276},{\"@type\":\"BreadcrumbList\",\"@id\":\"https:\/\/centcols.org\/col-agnel\/#breadcrumb\",\"itemListElement\":[{\"@type\":\"ListItem\",\"position\":1,\"name\":\"Accueil\",\"item\":\"https:\/\/centcols.org\/\"},{\"@type\":\"ListItem\",\"position\":2,\"name\":\"Cols en vrac\",\"item\":\"https:\/\/centcols.org\/rubrique\/cols-en-vrac\/\"},{\"@type\":\"ListItem\",\"position\":3,\"name\":\"Col Agnel\"}]},{\"@type\":\"WebSite\",\"@id\":\"https:\/\/centcols.org\/#website\",\"url\":\"https:\/\/centcols.org\/\",\"name\":\"Club des Cent Cols\",\"description\":\"\",\"publisher\":{\"@id\":\"https:\/\/centcols.org\/#organization\"},\"potentialAction\":[{\"@type\":\"SearchAction\",\"target\":{\"@type\":\"EntryPoint\",\"urlTemplate\":\"https:\/\/centcols.org\/?s={search_term_string}\"},\"query-input\":{\"@type\":\"PropertyValueSpecification\",\"valueRequired\":true,\"valueName\":\"search_term_string\"}}],\"inLanguage\":\"es\"},{\"@type\":\"Organization\",\"@id\":\"https:\/\/centcols.org\/#organization\",\"name\":\"Club des Cent Cols\",\"url\":\"https:\/\/centcols.org\/\",\"logo\":{\"@type\":\"ImageObject\",\"inLanguage\":\"es\",\"@id\":\"https:\/\/centcols.org\/#\/schema\/logo\/image\/\",\"url\":\"https:\/\/centcols.org\/wp-content\/uploads\/2025\/01\/carte-icone.png\",\"contentUrl\":\"https:\/\/centcols.org\/wp-content\/uploads\/2025\/01\/carte-icone.png\",\"width\":250,\"height\":250,\"caption\":\"Club des Cent Cols\"},\"image\":{\"@id\":\"https:\/\/centcols.org\/#\/schema\/logo\/image\/\"},\"sameAs\":[\"https:\/\/www.facebook.com\/groups\/5261880558\/?locale=fr_FR\"]},{\"@type\":\"Person\",\"@id\":\"https:\/\/centcols.org\/#\/schema\/person\/0afae1c765c3b4675d37457765e3e383\",\"name\":\"Jo\u00eblle Mingat\",\"image\":{\"@type\":\"ImageObject\",\"inLanguage\":\"es\",\"@id\":\"https:\/\/centcols.org\/wp-content\/litespeed\/avatar\/8ace1c0eaf9dcc23c49d76c12a17902f.jpg?ver=1777261681\",\"url\":\"https:\/\/centcols.org\/wp-content\/litespeed\/avatar\/8ace1c0eaf9dcc23c49d76c12a17902f.jpg?ver=1777261681\",\"contentUrl\":\"https:\/\/centcols.org\/wp-content\/litespeed\/avatar\/8ace1c0eaf9dcc23c49d76c12a17902f.jpg?ver=1777261681\",\"caption\":\"Jo\u00eblle Mingat\"},\"url\":\"https:\/\/centcols.org\/es\/author\/5345\/\"}]}<\/script>\n<!-- \/ Yoast SEO plugin. -->","yoast_head_json":{"title":"Col Agnel - Club des Cent Cols","robots":{"index":"index","follow":"follow","max-snippet":"max-snippet:-1","max-image-preview":"max-image-preview:large","max-video-preview":"max-video-preview:-1"},"canonical":"https:\/\/centcols.org\/es\/agnel-pass\/","og_locale":"es_ES","og_type":"article","og_title":"Col Agnel - Club des Cent Cols","og_description":"COL AGNEL \/ VALICO DELL&rsquo;AGNELO : 2744M (versant sud-est)Coordonn\u00e9es IGN : 54 3637-O 113-048. Michelin : 77-19-078-139 Thierry PERRET, Cent Cols n\u00b02664 &#8211; 71700 TOURNUS. Le col Agnel permet de passer du Parc R\u00e9gional du Queyras, dans les Hautes-Alpes, au Val Varaita, dans le Pi\u00e9mont italien. C&rsquo;est pr\u00e9cis\u00e9ment sur ce versant pi\u00e9montais que se d\u00e9roule [&hellip;]","og_url":"https:\/\/centcols.org\/es\/agnel-pass\/","og_site_name":"Club des Cent Cols","article_publisher":"https:\/\/www.facebook.com\/groups\/5261880558\/?locale=fr_FR","article_published_time":"2026-01-31T15:28:08+00:00","article_modified_time":"2026-03-15T10:32:09+00:00","og_image":[{"width":420,"height":276,"url":"https:\/\/centcols.org\/wp-content\/uploads\/2026\/01\/col_agnel_2-1.jpg","type":"image\/jpeg"}],"author":"Jo\u00eblle Mingat","twitter_card":"summary_large_image","twitter_misc":{"Escrito por":"Jo\u00eblle Mingat","Tiempo de lectura":"4 minutos"},"schema":{"@context":"https:\/\/schema.org","@graph":[{"@type":"Article","@id":"https:\/\/centcols.org\/col-agnel\/#article","isPartOf":{"@id":"https:\/\/centcols.org\/col-agnel\/"},"author":{"name":"Jo\u00eblle Mingat","@id":"https:\/\/centcols.org\/#\/schema\/person\/0afae1c765c3b4675d37457765e3e383"},"headline":"Col Agnel","datePublished":"2026-01-31T15:28:08+00:00","dateModified":"2026-03-15T10:32:09+00:00","mainEntityOfPage":{"@id":"https:\/\/centcols.org\/col-agnel\/"},"wordCount":558,"publisher":{"@id":"https:\/\/centcols.org\/#organization"},"image":{"@id":"https:\/\/centcols.org\/col-agnel\/#primaryimage"},"thumbnailUrl":"https:\/\/centcols.org\/wp-content\/uploads\/2026\/01\/col_agnel_2-1.jpg","keywords":["col agnel"],"articleSection":["Cols en vrac"],"inLanguage":"es"},{"@type":"WebPage","@id":"https:\/\/centcols.org\/col-agnel\/","url":"https:\/\/centcols.org\/col-agnel\/","name":"Col Agnel - Club des Cent Cols","isPartOf":{"@id":"https:\/\/centcols.org\/#website"},"primaryImageOfPage":{"@id":"https:\/\/centcols.org\/col-agnel\/#primaryimage"},"image":{"@id":"https:\/\/centcols.org\/col-agnel\/#primaryimage"},"thumbnailUrl":"https:\/\/centcols.org\/wp-content\/uploads\/2026\/01\/col_agnel_2-1.jpg","datePublished":"2026-01-31T15:28:08+00:00","dateModified":"2026-03-15T10:32:09+00:00","breadcrumb":{"@id":"https:\/\/centcols.org\/col-agnel\/#breadcrumb"},"inLanguage":"es","potentialAction":[{"@type":"ReadAction","target":["https:\/\/centcols.org\/col-agnel\/"]}]},{"@type":"ImageObject","inLanguage":"es","@id":"https:\/\/centcols.org\/col-agnel\/#primaryimage","url":"https:\/\/centcols.org\/wp-content\/uploads\/2026\/01\/col_agnel_2-1.jpg","contentUrl":"https:\/\/centcols.org\/wp-content\/uploads\/2026\/01\/col_agnel_2-1.jpg","width":420,"height":276},{"@type":"BreadcrumbList","@id":"https:\/\/centcols.org\/col-agnel\/#breadcrumb","itemListElement":[{"@type":"ListItem","position":1,"name":"Accueil","item":"https:\/\/centcols.org\/"},{"@type":"ListItem","position":2,"name":"Cols en vrac","item":"https:\/\/centcols.org\/rubrique\/cols-en-vrac\/"},{"@type":"ListItem","position":3,"name":"Col Agnel"}]},{"@type":"WebSite","@id":"https:\/\/centcols.org\/#website","url":"https:\/\/centcols.org\/","name":"Club des Cent Cols","description":"","publisher":{"@id":"https:\/\/centcols.org\/#organization"},"potentialAction":[{"@type":"SearchAction","target":{"@type":"EntryPoint","urlTemplate":"https:\/\/centcols.org\/?s={search_term_string}"},"query-input":{"@type":"PropertyValueSpecification","valueRequired":true,"valueName":"search_term_string"}}],"inLanguage":"es"},{"@type":"Organization","@id":"https:\/\/centcols.org\/#organization","name":"Club des Cent Cols","url":"https:\/\/centcols.org\/","logo":{"@type":"ImageObject","inLanguage":"es","@id":"https:\/\/centcols.org\/#\/schema\/logo\/image\/","url":"https:\/\/centcols.org\/wp-content\/uploads\/2025\/01\/carte-icone.png","contentUrl":"https:\/\/centcols.org\/wp-content\/uploads\/2025\/01\/carte-icone.png","width":250,"height":250,"caption":"Club des Cent Cols"},"image":{"@id":"https:\/\/centcols.org\/#\/schema\/logo\/image\/"},"sameAs":["https:\/\/www.facebook.com\/groups\/5261880558\/?locale=fr_FR"]},{"@type":"Person","@id":"https:\/\/centcols.org\/#\/schema\/person\/0afae1c765c3b4675d37457765e3e383","name":"Jo\u00eblle Mingat","image":{"@type":"ImageObject","inLanguage":"es","@id":"https:\/\/centcols.org\/wp-content\/litespeed\/avatar\/8ace1c0eaf9dcc23c49d76c12a17902f.jpg?ver=1777261681","url":"https:\/\/centcols.org\/wp-content\/litespeed\/avatar\/8ace1c0eaf9dcc23c49d76c12a17902f.jpg?ver=1777261681","contentUrl":"https:\/\/centcols.org\/wp-content\/litespeed\/avatar\/8ace1c0eaf9dcc23c49d76c12a17902f.jpg?ver=1777261681","caption":"Jo\u00eblle Mingat"},"url":"https:\/\/centcols.org\/es\/author\/5345\/"}]}},"_links":{"self":[{"href":"https:\/\/centcols.org\/es\/wp-json\/wp\/v2\/posts\/93232","targetHints":{"allow":["GET"]}}],"collection":[{"href":"https:\/\/centcols.org\/es\/wp-json\/wp\/v2\/posts"}],"about":[{"href":"https:\/\/centcols.org\/es\/wp-json\/wp\/v2\/types\/post"}],"author":[{"embeddable":true,"href":"https:\/\/centcols.org\/es\/wp-json\/wp\/v2\/users\/1993"}],"replies":[{"embeddable":true,"href":"https:\/\/centcols.org\/es\/wp-json\/wp\/v2\/comments?post=93232"}],"version-history":[{"count":0,"href":"https:\/\/centcols.org\/es\/wp-json\/wp\/v2\/posts\/93232\/revisions"}],"wp:featuredmedia":[{"embeddable":true,"href":"https:\/\/centcols.org\/es\/wp-json\/wp\/v2\/media\/93242"}],"wp:attachment":[{"href":"https:\/\/centcols.org\/es\/wp-json\/wp\/v2\/media?parent=93232"}],"wp:term":[{"taxonomy":"category","embeddable":true,"href":"https:\/\/centcols.org\/es\/wp-json\/wp\/v2\/categories?post=93232"},{"taxonomy":"post_tag","embeddable":true,"href":"https:\/\/centcols.org\/es\/wp-json\/wp\/v2\/tags?post=93232"}],"curies":[{"name":"wp","href":"https:\/\/api.w.org\/{rel}","templated":true}]}}