{"id":93274,"date":"2026-02-01T17:53:37","date_gmt":"2026-02-01T15:53:37","guid":{"rendered":"https:\/\/centcols.org\/?p=93274"},"modified":"2026-02-13T22:39:23","modified_gmt":"2026-02-13T20:39:23","slug":"col-du-souchet","status":"publish","type":"post","link":"https:\/\/centcols.org\/es\/col-du-souchet\/","title":{"rendered":"Col du Souchet"},"content":{"rendered":"<p>Desde el punto de vista est\u00e9tico, el Col du Souchet (<a href=\"\/es\/util\/geo\/visu.php\/?code=FR-05-2365\">FR-05-2365)<\/a> es sin duda una de las m\u00e1s bellas de los Alpes septentrionales. Enclavado en la meseta de Emparis (o Par\u00eds), se asoma al macizo de Meije y sus glaciares. Puede incluirse en un circuito circular que parta del Lac du Chambon o, a\u00fan m\u00e1s espectacular, en una traves\u00eda hasta Le Chazelet y La Grave.<\/p>\n\n\n<div class=\"wp-block-image\">\n<figure class=\"aligncenter size-full is-resized\"><img loading=\"lazy\" decoding=\"async\" width=\"1200\" height=\"640\" src=\"https:\/\/centcols.org\/wp-content\/uploads\/2026\/02\/col-du-souchet.jpg\" alt=\"\" class=\"wp-image-93312\" style=\"width:1000px\" srcset=\"https:\/\/centcols.org\/wp-content\/uploads\/2026\/02\/col-du-souchet.jpg 1200w, https:\/\/centcols.org\/wp-content\/uploads\/2026\/02\/col-du-souchet-768x410.jpg 768w, https:\/\/centcols.org\/wp-content\/uploads\/2026\/02\/col-du-souchet-18x10.jpg 18w\" sizes=\"auto, (max-width: 1200px) 100vw, 1200px\" \/><figcaption class=\"wp-element-caption\">Mapa del Col du Souchet del cat\u00e1logo Centscols \u00aeIGN<\/figcaption><\/figure>\n<\/div>\n\n<div class=\"wp-block-image\">\n<figure class=\"aligncenter size-full is-resized\"><img loading=\"lazy\" decoding=\"async\" width=\"1200\" height=\"713\" src=\"https:\/\/centcols.org\/wp-content\/uploads\/2026\/01\/souchet-3.jpg\" alt=\"\" class=\"wp-image-93294\" style=\"width:1000px\" srcset=\"https:\/\/centcols.org\/wp-content\/uploads\/2026\/01\/souchet-3.jpg 1200w, https:\/\/centcols.org\/wp-content\/uploads\/2026\/01\/souchet-3-768x456.jpg 768w, https:\/\/centcols.org\/wp-content\/uploads\/2026\/01\/souchet-3-18x12.jpg 18w\" sizes=\"auto, (max-width: 1200px) 100vw, 1200px\" \/><figcaption class=\"wp-element-caption\">Mapa del Col du Souchet del cat\u00e1logo Centscols \u00aeIGN<\/figcaption><\/figure>\n<\/div>\n\n\n<p>Puede comenzar la subida desde Le Bourg-d'Oisans (34 km, ascenso: 1.641 m) o desde la presa del Lac du Chambon (20 km, ascenso: 1.320 m). Tras cruzar el muro de la presa, tome la carretera que sube empinada hasta el pueblo de Mizo\u00ebn y contin\u00faa hacia el Col de Sarenne (<a href=\"\/es\/util\/geo\/visu.php\/?code=FR-38-1999\">FR-38-1999<\/a>). A la derecha, la D25 se une a Besse, uno de los pueblos de monta\u00f1a m\u00e1s bonitos, con sus casas api\u00f1adas en una pendiente que anta\u00f1o fue un atractivo.<\/p>\n\n\n<div class=\"wp-block-image\">\n<figure class=\"aligncenter size-full\"><img loading=\"lazy\" decoding=\"async\" width=\"526\" height=\"328\" src=\"https:\/\/centcols.org\/wp-content\/uploads\/2026\/01\/vue-du-village-de-Besse.jpg\" alt=\"\" class=\"wp-image-93295\" srcset=\"https:\/\/centcols.org\/wp-content\/uploads\/2026\/01\/vue-du-village-de-Besse.jpg 526w, https:\/\/centcols.org\/wp-content\/uploads\/2026\/01\/vue-du-village-de-Besse-18x12.jpg 18w\" sizes=\"auto, (max-width: 526px) 100vw, 526px\" \/><figcaption class=\"wp-element-caption\">El pueblo de Besse visto desde las curvas de la pista que sube a Les Collets.<\/figcaption><\/figure>\n<\/div>\n\n\n<p>En Besse, si le apetece, puede ganar un viaje de ida y vuelta a Les Collets (<a href=\"\/es\/util\/geo\/visu.php\/?code=FR-38-2044\">FR-38-2044)<\/a> en una pista R1 que ofrece magn\u00edficas vistas del sinuoso Col de Sarenne <a href=\"\/es\/util\/geo\/visu.php\/?code=FR-38-1999\">(FR-38-1999<\/a>) al oeste y el glaciar del Mont-de-Lans y La Meije al sur.<\/p>\n\n\n<div class=\"wp-block-image\">\n<figure class=\"aligncenter size-full\"><img loading=\"lazy\" decoding=\"async\" width=\"800\" height=\"512\" src=\"https:\/\/centcols.org\/wp-content\/uploads\/2026\/02\/col_du_souchet_1-1.jpg\" alt=\"\" class=\"wp-image-93301\" srcset=\"https:\/\/centcols.org\/wp-content\/uploads\/2026\/02\/col_du_souchet_1-1.jpg 800w, https:\/\/centcols.org\/wp-content\/uploads\/2026\/02\/col_du_souchet_1-1-768x492.jpg 768w, https:\/\/centcols.org\/wp-content\/uploads\/2026\/02\/col_du_souchet_1-1-18x12.jpg 18w\" sizes=\"auto, (max-width: 800px) 100vw, 800px\" \/><figcaption class=\"wp-element-caption\">Ternura maternal en Les Collets (<a href=\"\/es\/util\/geo\/visu.php\/?code=FR-38-2044\">FR-38-2044<\/a>).<br>Al fondo, la masa oscura de la meseta de Emparis.<br>A lo lejos: el glaciar del Mont-de-Lans hacia el puerto de Jandri (<a href=\"\/es\/util\/geo\/visu.php\/?code=FR-38-3151\">FR-38-3151<\/a>).<\/figcaption><\/figure>\n<\/div>\n\n\n<p>De vuelta en Besse, contin\u00fae por la carretera asfaltada hasta Les Granges du Gay. Aqu\u00ed comienza una ancha pista R1 que asciende sinuosamente. Un desnivel en la cresta indica el Col Nazi\u00e9. <a href=\"\/es\/util\/geo\/visu.php\/?code=FR-38-1902b\">(FR-38-1902b<\/a>).<\/p>\n\n\n<div class=\"wp-block-image\">\n<figure class=\"aligncenter size-full\"><img loading=\"lazy\" decoding=\"async\" width=\"800\" height=\"463\" src=\"https:\/\/centcols.org\/wp-content\/uploads\/2026\/02\/col_du_souchet_3.jpg\" alt=\"\" class=\"wp-image-93302\" srcset=\"https:\/\/centcols.org\/wp-content\/uploads\/2026\/02\/col_du_souchet_3.jpg 800w, https:\/\/centcols.org\/wp-content\/uploads\/2026\/02\/col_du_souchet_3-768x444.jpg 768w, https:\/\/centcols.org\/wp-content\/uploads\/2026\/02\/col_du_souchet_3-18x10.jpg 18w\" sizes=\"auto, (max-width: 800px) 100vw, 800px\" \/><figcaption class=\"wp-element-caption\">A la izquierda de la foto, la l\u00ednea de cresta inferior corresponde al Col Nazi\u00e9 (<a href=\"\/es\/util\/geo\/visu.php\/?code=FR-38-1902b\">FR-38-1902b<\/a>), la pista pasa ligeramente por debajo del puerto. Al final de la sinuosa pista, se llega al Chalet Josserand, a 2245 m, que marca el inicio de la meseta de Emparis.<\/figcaption><\/figure>\n<\/div>\n\n\n<p>Hay que empujar la bicicleta a trav\u00e9s de los pastos de monta\u00f1a durante 150 m para llegar al comienzo de la meseta. La pista sigue ascendiendo para llegar al Col de Saint-Georges (<a href=\"\/es\/util\/geo\/visu.php\/?code=FR-38-2245a\">FR-38-2245a<\/a>) cerca del Chalet Josserand. A la derecha, el sendero R1 contin\u00faa hacia el refugio de Mouterres (almuerzo). A la vuelta, se puede tomar esta ruta hasta Mizo\u00ebn tras un magn\u00edfico descenso en balc\u00f3n por encima de la presa del Lac du Chambon. Para llegar al Col du Souchet (<a href=\"\/es\/util\/geo\/visu.php\/?code=FR-05-2365\">FR-05-2365<\/a>), dejar esta pista a la derecha y sumergirse en el amplio valle del Rif Tort (S1-2), cruzar el torrente y luego subir por la otra orilla siguiendo el sendero se\u00f1alizado (S2). En el punto m\u00e1s alto, se llega al Col du Souchet (<a href=\"\/es\/util\/geo\/visu.php\/?code=FR-05-2365\">FR-05-2365<\/a>). Hay magn\u00edficas vistas del Meije, el R\u00e2teau y los glaciares...<\/p>\n\n\n<div class=\"wp-block-image\">\n<figure class=\"aligncenter size-full\"><img loading=\"lazy\" decoding=\"async\" width=\"800\" height=\"477\" src=\"https:\/\/centcols.org\/wp-content\/uploads\/2026\/02\/col_du_souchet_4.jpg\" alt=\"\" class=\"wp-image-93308\" srcset=\"https:\/\/centcols.org\/wp-content\/uploads\/2026\/02\/col_du_souchet_4.jpg 800w, https:\/\/centcols.org\/wp-content\/uploads\/2026\/02\/col_du_souchet_4-768x458.jpg 768w, https:\/\/centcols.org\/wp-content\/uploads\/2026\/02\/col_du_souchet_4-18x12.jpg 18w\" sizes=\"auto, (max-width: 800px) 100vw, 800px\" \/><figcaption class=\"wp-element-caption\">Cumbre del Col du Souchet.<br>Un balc\u00f3n incomparable con vistas al macizo de Meije a 3982 m (la cumbre puntiaguda a la izquierda).<br> M\u00e1s a la derecha: R\u00e2teau 3809m.<\/figcaption><\/figure>\n<\/div>\n\n\n<p>Si opta por cruzar a Le Chazelet, siga recto. El camino es parcialmente ciclable (S1-2) pero requiere empuje (S3) para el descenso final hasta la D33 que lleva a La Grave.<\/p>\n\n\n<div class=\"wp-block-image\">\n<figure class=\"aligncenter size-full\"><img loading=\"lazy\" decoding=\"async\" width=\"800\" height=\"458\" src=\"https:\/\/centcols.org\/wp-content\/uploads\/2026\/02\/col_du_souchet_profil.gif\" alt=\"\" class=\"wp-image-93309\"\/><figcaption class=\"wp-element-caption\">Perfil del Col du Souchet desde la presa del Lac du Chambon.<\/figcaption><\/figure>\n<\/div>\n\n\n<p>Texto y fotos de Ren\u00e9 POTY.<\/p>\n\n\n\n<p>Nota del editor: en las rutas de los miembros encontrar\u00e1 una ruta que cruza el Col du Souchet. No se trata del itinerario propuesto por Ren\u00e9 m\u00e1s arriba. Gira en la otra direcci\u00f3n, ofreciendo espl\u00e9ndidas vistas del Meije durante todo el ascenso.<\/p>\n\n\n\n<p class=\"has-text-align-center\"><a href=\"\/es\/le-plateau-demparis-vtt\/\">Ver el recorrido<\/a><\/p>","protected":false},"excerpt":{"rendered":"<p>Sur le plan esth\u00e9tique, le col du Souchet (FR-05-2365) est, sans doute, un des plus beaux qui s&rsquo;offre \u00e0 nos app\u00e9tits dans les Alpes du nord. Il se niche sur le plateau d&rsquo; Emparis (ou de Paris) et fait face au massif de la Meije et ses glaciers. On peut l&rsquo;inclure dans un circuit en [&hellip;]<\/p>\n","protected":false},"author":485,"featured_media":93442,"comment_status":"closed","ping_status":"closed","sticky":false,"template":"","format":"standard","meta":{"_acf_changed":false,"footnotes":""},"categories":[308],"tags":[],"class_list":["post-93274","post","type-post","status-publish","format-standard","has-post-thumbnail","hentry","category-cols-en-vrac"],"acf":[],"yoast_head":"<!-- This site is optimized with the Yoast SEO plugin v27.2 - https:\/\/yoast.com\/product\/yoast-seo-wordpress\/ -->\n<title>Col du Souchet - Club des Cent Cols<\/title>\n<meta name=\"robots\" content=\"index, follow, max-snippet:-1, max-image-preview:large, max-video-preview:-1\" \/>\n<link rel=\"canonical\" href=\"https:\/\/centcols.org\/es\/col-du-souchet\/\" \/>\n<meta property=\"og:locale\" content=\"es_ES\" \/>\n<meta property=\"og:type\" content=\"article\" \/>\n<meta property=\"og:title\" content=\"Col du Souchet - Club des Cent Cols\" \/>\n<meta property=\"og:description\" content=\"Sur le plan esth\u00e9tique, le col du Souchet (FR-05-2365) est, sans doute, un des plus beaux qui s&rsquo;offre \u00e0 nos app\u00e9tits dans les Alpes du nord. Il se niche sur le plateau d&rsquo; Emparis (ou de Paris) et fait face au massif de la Meije et ses glaciers. On peut l&rsquo;inclure dans un circuit en [&hellip;]\" \/>\n<meta property=\"og:url\" content=\"https:\/\/centcols.org\/es\/col-du-souchet\/\" \/>\n<meta property=\"og:site_name\" content=\"Club des Cent Cols\" \/>\n<meta property=\"article:publisher\" content=\"https:\/\/www.facebook.com\/groups\/5261880558\/?locale=fr_FR\" \/>\n<meta property=\"article:published_time\" content=\"2026-02-01T15:53:37+00:00\" \/>\n<meta property=\"article:modified_time\" content=\"2026-02-13T20:39:23+00:00\" \/>\n<meta property=\"og:image\" content=\"https:\/\/centcols.org\/wp-content\/uploads\/2026\/02\/4301.jpg\" \/>\n\t<meta property=\"og:image:width\" content=\"800\" \/>\n\t<meta property=\"og:image:height\" content=\"600\" \/>\n\t<meta property=\"og:image:type\" content=\"image\/jpeg\" \/>\n<meta name=\"author\" content=\"Jean-No\u00ebl Jagoda\" \/>\n<meta name=\"twitter:card\" content=\"summary_large_image\" \/>\n<meta name=\"twitter:label1\" content=\"Escrito por\" \/>\n\t<meta name=\"twitter:data1\" content=\"Jean-No\u00ebl Jagoda\" \/>\n\t<meta name=\"twitter:label2\" content=\"Tiempo de lectura\" \/>\n\t<meta name=\"twitter:data2\" content=\"5 minutos\" \/>\n<script type=\"application\/ld+json\" class=\"yoast-schema-graph\">{\"@context\":\"https:\/\/schema.org\",\"@graph\":[{\"@type\":\"Article\",\"@id\":\"https:\/\/centcols.org\/es\/col-du-souchet\/#article\",\"isPartOf\":{\"@id\":\"https:\/\/centcols.org\/es\/col-du-souchet\/\"},\"author\":{\"name\":\"Jean-No\u00ebl Jagoda\",\"@id\":\"https:\/\/centcols.org\/#\/schema\/person\/30f4299f11521fed498f98ecf9d71664\"},\"headline\":\"Col du Souchet\",\"datePublished\":\"2026-02-01T15:53:37+00:00\",\"dateModified\":\"2026-02-13T20:39:23+00:00\",\"mainEntityOfPage\":{\"@id\":\"https:\/\/centcols.org\/es\/col-du-souchet\/\"},\"wordCount\":669,\"publisher\":{\"@id\":\"https:\/\/centcols.org\/#organization\"},\"image\":{\"@id\":\"https:\/\/centcols.org\/es\/col-du-souchet\/#primaryimage\"},\"thumbnailUrl\":\"https:\/\/centcols.org\/wp-content\/uploads\/2026\/02\/4301.jpg\",\"articleSection\":[\"Cols en vrac\"],\"inLanguage\":\"es\"},{\"@type\":\"WebPage\",\"@id\":\"https:\/\/centcols.org\/es\/col-du-souchet\/\",\"url\":\"https:\/\/centcols.org\/es\/col-du-souchet\/\",\"name\":\"Col du Souchet - Club des Cent Cols\",\"isPartOf\":{\"@id\":\"https:\/\/centcols.org\/#website\"},\"primaryImageOfPage\":{\"@id\":\"https:\/\/centcols.org\/es\/col-du-souchet\/#primaryimage\"},\"image\":{\"@id\":\"https:\/\/centcols.org\/es\/col-du-souchet\/#primaryimage\"},\"thumbnailUrl\":\"https:\/\/centcols.org\/wp-content\/uploads\/2026\/02\/4301.jpg\",\"datePublished\":\"2026-02-01T15:53:37+00:00\",\"dateModified\":\"2026-02-13T20:39:23+00:00\",\"breadcrumb\":{\"@id\":\"https:\/\/centcols.org\/es\/col-du-souchet\/#breadcrumb\"},\"inLanguage\":\"es\",\"potentialAction\":[{\"@type\":\"ReadAction\",\"target\":[\"https:\/\/centcols.org\/es\/col-du-souchet\/\"]}]},{\"@type\":\"ImageObject\",\"inLanguage\":\"es\",\"@id\":\"https:\/\/centcols.org\/es\/col-du-souchet\/#primaryimage\",\"url\":\"https:\/\/centcols.org\/wp-content\/uploads\/2026\/02\/4301.jpg\",\"contentUrl\":\"https:\/\/centcols.org\/wp-content\/uploads\/2026\/02\/4301.jpg\",\"width\":800,\"height\":600,\"caption\":\"La Meije et le R\u00e2teau vus du Col du souchet 2356m\"},{\"@type\":\"BreadcrumbList\",\"@id\":\"https:\/\/centcols.org\/es\/col-du-souchet\/#breadcrumb\",\"itemListElement\":[{\"@type\":\"ListItem\",\"position\":1,\"name\":\"Accueil\",\"item\":\"https:\/\/centcols.org\/\"},{\"@type\":\"ListItem\",\"position\":2,\"name\":\"Cols en vrac\",\"item\":\"https:\/\/centcols.org\/rubrique\/cols-en-vrac\/\"},{\"@type\":\"ListItem\",\"position\":3,\"name\":\"Col du Souchet\"}]},{\"@type\":\"WebSite\",\"@id\":\"https:\/\/centcols.org\/#website\",\"url\":\"https:\/\/centcols.org\/\",\"name\":\"Club des Cent Cols\",\"description\":\"\",\"publisher\":{\"@id\":\"https:\/\/centcols.org\/#organization\"},\"potentialAction\":[{\"@type\":\"SearchAction\",\"target\":{\"@type\":\"EntryPoint\",\"urlTemplate\":\"https:\/\/centcols.org\/?s={search_term_string}\"},\"query-input\":{\"@type\":\"PropertyValueSpecification\",\"valueRequired\":true,\"valueName\":\"search_term_string\"}}],\"inLanguage\":\"es\"},{\"@type\":\"Organization\",\"@id\":\"https:\/\/centcols.org\/#organization\",\"name\":\"Club des Cent Cols\",\"url\":\"https:\/\/centcols.org\/\",\"logo\":{\"@type\":\"ImageObject\",\"inLanguage\":\"es\",\"@id\":\"https:\/\/centcols.org\/#\/schema\/logo\/image\/\",\"url\":\"https:\/\/centcols.org\/wp-content\/uploads\/2025\/01\/carte-icone.png\",\"contentUrl\":\"https:\/\/centcols.org\/wp-content\/uploads\/2025\/01\/carte-icone.png\",\"width\":250,\"height\":250,\"caption\":\"Club des Cent Cols\"},\"image\":{\"@id\":\"https:\/\/centcols.org\/#\/schema\/logo\/image\/\"},\"sameAs\":[\"https:\/\/www.facebook.com\/groups\/5261880558\/?locale=fr_FR\"]},{\"@type\":\"Person\",\"@id\":\"https:\/\/centcols.org\/#\/schema\/person\/30f4299f11521fed498f98ecf9d71664\",\"name\":\"Jean-No\u00ebl Jagoda\",\"image\":{\"@type\":\"ImageObject\",\"inLanguage\":\"es\",\"@id\":\"https:\/\/centcols.org\/wp-content\/litespeed\/avatar\/4a9472068cd97156227754c35cd56ded.jpg?ver=1777248804\",\"url\":\"https:\/\/centcols.org\/wp-content\/litespeed\/avatar\/4a9472068cd97156227754c35cd56ded.jpg?ver=1777248804\",\"contentUrl\":\"https:\/\/centcols.org\/wp-content\/litespeed\/avatar\/4a9472068cd97156227754c35cd56ded.jpg?ver=1777248804\",\"caption\":\"Jean-No\u00ebl Jagoda\"},\"url\":\"https:\/\/centcols.org\/es\/author\/7270\/\"}]}<\/script>\n<!-- \/ Yoast SEO plugin. -->","yoast_head_json":{"title":"Col du Souchet - Club des Cent Cols","robots":{"index":"index","follow":"follow","max-snippet":"max-snippet:-1","max-image-preview":"max-image-preview:large","max-video-preview":"max-video-preview:-1"},"canonical":"https:\/\/centcols.org\/es\/col-du-souchet\/","og_locale":"es_ES","og_type":"article","og_title":"Col du Souchet - Club des Cent Cols","og_description":"Sur le plan esth\u00e9tique, le col du Souchet (FR-05-2365) est, sans doute, un des plus beaux qui s&rsquo;offre \u00e0 nos app\u00e9tits dans les Alpes du nord. Il se niche sur le plateau d&rsquo; Emparis (ou de Paris) et fait face au massif de la Meije et ses glaciers. On peut l&rsquo;inclure dans un circuit en [&hellip;]","og_url":"https:\/\/centcols.org\/es\/col-du-souchet\/","og_site_name":"Club des Cent Cols","article_publisher":"https:\/\/www.facebook.com\/groups\/5261880558\/?locale=fr_FR","article_published_time":"2026-02-01T15:53:37+00:00","article_modified_time":"2026-02-13T20:39:23+00:00","og_image":[{"width":800,"height":600,"url":"https:\/\/centcols.org\/wp-content\/uploads\/2026\/02\/4301.jpg","type":"image\/jpeg"}],"author":"Jean-No\u00ebl Jagoda","twitter_card":"summary_large_image","twitter_misc":{"Escrito por":"Jean-No\u00ebl Jagoda","Tiempo de lectura":"5 minutos"},"schema":{"@context":"https:\/\/schema.org","@graph":[{"@type":"Article","@id":"https:\/\/centcols.org\/es\/col-du-souchet\/#article","isPartOf":{"@id":"https:\/\/centcols.org\/es\/col-du-souchet\/"},"author":{"name":"Jean-No\u00ebl Jagoda","@id":"https:\/\/centcols.org\/#\/schema\/person\/30f4299f11521fed498f98ecf9d71664"},"headline":"Col du Souchet","datePublished":"2026-02-01T15:53:37+00:00","dateModified":"2026-02-13T20:39:23+00:00","mainEntityOfPage":{"@id":"https:\/\/centcols.org\/es\/col-du-souchet\/"},"wordCount":669,"publisher":{"@id":"https:\/\/centcols.org\/#organization"},"image":{"@id":"https:\/\/centcols.org\/es\/col-du-souchet\/#primaryimage"},"thumbnailUrl":"https:\/\/centcols.org\/wp-content\/uploads\/2026\/02\/4301.jpg","articleSection":["Cols en vrac"],"inLanguage":"es"},{"@type":"WebPage","@id":"https:\/\/centcols.org\/es\/col-du-souchet\/","url":"https:\/\/centcols.org\/es\/col-du-souchet\/","name":"Col du Souchet - Club des Cent Cols","isPartOf":{"@id":"https:\/\/centcols.org\/#website"},"primaryImageOfPage":{"@id":"https:\/\/centcols.org\/es\/col-du-souchet\/#primaryimage"},"image":{"@id":"https:\/\/centcols.org\/es\/col-du-souchet\/#primaryimage"},"thumbnailUrl":"https:\/\/centcols.org\/wp-content\/uploads\/2026\/02\/4301.jpg","datePublished":"2026-02-01T15:53:37+00:00","dateModified":"2026-02-13T20:39:23+00:00","breadcrumb":{"@id":"https:\/\/centcols.org\/es\/col-du-souchet\/#breadcrumb"},"inLanguage":"es","potentialAction":[{"@type":"ReadAction","target":["https:\/\/centcols.org\/es\/col-du-souchet\/"]}]},{"@type":"ImageObject","inLanguage":"es","@id":"https:\/\/centcols.org\/es\/col-du-souchet\/#primaryimage","url":"https:\/\/centcols.org\/wp-content\/uploads\/2026\/02\/4301.jpg","contentUrl":"https:\/\/centcols.org\/wp-content\/uploads\/2026\/02\/4301.jpg","width":800,"height":600,"caption":"La Meije et le R\u00e2teau vus du Col du souchet 2356m"},{"@type":"BreadcrumbList","@id":"https:\/\/centcols.org\/es\/col-du-souchet\/#breadcrumb","itemListElement":[{"@type":"ListItem","position":1,"name":"Accueil","item":"https:\/\/centcols.org\/"},{"@type":"ListItem","position":2,"name":"Cols en vrac","item":"https:\/\/centcols.org\/rubrique\/cols-en-vrac\/"},{"@type":"ListItem","position":3,"name":"Col du Souchet"}]},{"@type":"WebSite","@id":"https:\/\/centcols.org\/#website","url":"https:\/\/centcols.org\/","name":"Club des Cent Cols","description":"","publisher":{"@id":"https:\/\/centcols.org\/#organization"},"potentialAction":[{"@type":"SearchAction","target":{"@type":"EntryPoint","urlTemplate":"https:\/\/centcols.org\/?s={search_term_string}"},"query-input":{"@type":"PropertyValueSpecification","valueRequired":true,"valueName":"search_term_string"}}],"inLanguage":"es"},{"@type":"Organization","@id":"https:\/\/centcols.org\/#organization","name":"Club des Cent Cols","url":"https:\/\/centcols.org\/","logo":{"@type":"ImageObject","inLanguage":"es","@id":"https:\/\/centcols.org\/#\/schema\/logo\/image\/","url":"https:\/\/centcols.org\/wp-content\/uploads\/2025\/01\/carte-icone.png","contentUrl":"https:\/\/centcols.org\/wp-content\/uploads\/2025\/01\/carte-icone.png","width":250,"height":250,"caption":"Club des Cent Cols"},"image":{"@id":"https:\/\/centcols.org\/#\/schema\/logo\/image\/"},"sameAs":["https:\/\/www.facebook.com\/groups\/5261880558\/?locale=fr_FR"]},{"@type":"Person","@id":"https:\/\/centcols.org\/#\/schema\/person\/30f4299f11521fed498f98ecf9d71664","name":"Jean-No\u00ebl Jagoda","image":{"@type":"ImageObject","inLanguage":"es","@id":"https:\/\/centcols.org\/wp-content\/litespeed\/avatar\/4a9472068cd97156227754c35cd56ded.jpg?ver=1777248804","url":"https:\/\/centcols.org\/wp-content\/litespeed\/avatar\/4a9472068cd97156227754c35cd56ded.jpg?ver=1777248804","contentUrl":"https:\/\/centcols.org\/wp-content\/litespeed\/avatar\/4a9472068cd97156227754c35cd56ded.jpg?ver=1777248804","caption":"Jean-No\u00ebl Jagoda"},"url":"https:\/\/centcols.org\/es\/author\/7270\/"}]}},"_links":{"self":[{"href":"https:\/\/centcols.org\/es\/wp-json\/wp\/v2\/posts\/93274","targetHints":{"allow":["GET"]}}],"collection":[{"href":"https:\/\/centcols.org\/es\/wp-json\/wp\/v2\/posts"}],"about":[{"href":"https:\/\/centcols.org\/es\/wp-json\/wp\/v2\/types\/post"}],"author":[{"embeddable":true,"href":"https:\/\/centcols.org\/es\/wp-json\/wp\/v2\/users\/485"}],"replies":[{"embeddable":true,"href":"https:\/\/centcols.org\/es\/wp-json\/wp\/v2\/comments?post=93274"}],"version-history":[{"count":0,"href":"https:\/\/centcols.org\/es\/wp-json\/wp\/v2\/posts\/93274\/revisions"}],"wp:featuredmedia":[{"embeddable":true,"href":"https:\/\/centcols.org\/es\/wp-json\/wp\/v2\/media\/93442"}],"wp:attachment":[{"href":"https:\/\/centcols.org\/es\/wp-json\/wp\/v2\/media?parent=93274"}],"wp:term":[{"taxonomy":"category","embeddable":true,"href":"https:\/\/centcols.org\/es\/wp-json\/wp\/v2\/categories?post=93274"},{"taxonomy":"post_tag","embeddable":true,"href":"https:\/\/centcols.org\/es\/wp-json\/wp\/v2\/tags?post=93274"}],"curies":[{"name":"wp","href":"https:\/\/api.w.org\/{rel}","templated":true}]}}