{"id":93328,"date":"2026-02-01T16:20:15","date_gmt":"2026-02-01T14:20:15","guid":{"rendered":"https:\/\/centcols.org\/?p=93328"},"modified":"2026-02-01T22:15:21","modified_gmt":"2026-02-01T20:15:21","slug":"col-vallee-etroite","status":"publish","type":"post","link":"https:\/\/centcols.org\/es\/col-vallee-etroite\/","title":{"rendered":"El puerto de Vall\u00e9e \u00c9troite"},"content":{"rendered":"<p>El puerto de Vall\u00e9e \u00c9troite (<a href=\"\/es\/util\/geo\/visu.php\/?code=FR-05-2445c\" type=\"link\" id=\"\/util\/geo\/visu.php?code=FR-05-2445c\">FR-05-2445c<\/a>) es un puerto discreto, eclipsado por sus vecinos m\u00e1s famosos: al oeste, el Col des Rochilles (<a href=\"\/es\/util\/geo\/visu.php\/?code=FR-73-2496\" type=\"link\" id=\"\/util\/geo\/visu.php?code=FR-73-2496\">FR-05-2496<\/a>) y al este, el puerto de Fr\u00e9jus (<a href=\"\/es\/util\/geo\/visu.php\/?code=FR-73-2540\" type=\"link\" id=\"\/util\/geo\/visu.php?code=FR-73-2540\">FR-73-2540<\/a> o <a href=\"\/es\/util\/geo\/visu.php\/?code=IT-TO-2540\" type=\"link\" id=\"\/util\/geo\/visu.php?code=IT-TO-2540\">IT-TO-2540<\/a>). Sin embargo, este paso es una de las traves\u00edas tradicionales m\u00e1s antiguas entre la Maurienne (Modane) y el Piamonte (Bardon\u00e8che), al pie del magn\u00edfico Monte Thabor (3178 m).<\/p>\n\n\n\n<p>El paso de Vall\u00e9e \u00c9troite se incluy\u00f3 en los a\u00f1os 30-40 del XX<sup>e<\/sup> En aquella \u00e9poca, era un paso fronterizo y formaba parte de la \u00abL\u00ednea Maginot\u00bb de los Alpes. Desde los acuerdos franco-italianos de 1947, la frontera se ha extendido a pocos kil\u00f3metros de Melezet, poniendo el Valle \u00c9troite en manos de Francia. Aunque aqu\u00ed no hay soldados, el paso es utilizado actualmente por numerosos excursionistas del GR5. El puerto de la Vall\u00e9e \u00c9troite se puede escalar por ambos lados.<\/p>\n\n\n\n<p>He aqu\u00ed un atisbo de su cara sur. Salga de Melezet por una bonita carretera que sube una primera rampa para llegar a la peque\u00f1a llanura de Pian de Colle. A la derecha, en la ladera, los cordones del Col de l'\u00c9chelle (<a href=\"\/es\/util\/geo\/visu.php\/?code=FR-05-1762\" type=\"link\" id=\"\/util\/geo\/visu.php?code=FR-05-1762\">FR-05-1762<\/a>) que se adentra en el valle del Clar\u00e9e en direcci\u00f3n a N\u00e9vache. Tras cruzar la frontera (simb\u00f3lica), una segunda rampa empinada bordea una peque\u00f1a presa. Cinco curvas cerradas m\u00e1s arriba, el asfalto da paso a una ancha pista R1 que desemboca en la Plaine de Vauzenet. As\u00ed ser\u00e1 durante toda la ascensi\u00f3n, que se desarrolla en pasos sucesivos como una escalera gigante.<\/p>\n\n\n\n<p>El valle es magn\u00edfico, y los entendidos lo ver\u00e1n como un t\u00edpico valle glaciar, con sus paredes verticales y sus pies abarrotados de poderoso pedregal. Los alerces est\u00e1n por todas partes, reflejando el clima seco y soleado, y las aguas claras del torrente, que el sendero sigue en su mayor parte, a\u00f1aden encanto. Tras un aprisco (cota 1711 m), el asfalto reaparece y cuatro curvas cerradas m\u00e1s tarde se llega a las \u00abGranges de La vall\u00e9e \u00c9troite\u00bb, punto de partida de numerosas excursiones. Aqu\u00ed hay algunos refugios acogedores y se puede comer algo para reponer fuerzas para lo que viene... No tome la pista que discurre entre las casas, rodee el caser\u00edo por la ladera de la izquierda (marcas GR5). La pista sigue siendo muy ciclable hasta el Pont de la Fonderie (al pie de las antiguas minas). Cuidado, este puente no es el que se ve claramente a la derecha (cota 1697m), est\u00e1 escondido bajo los alerces, m\u00e1s arriba (seguir las se\u00f1ales). Aqu\u00ed comienza la parte m\u00e1s exigente de la subida (ver 1 en el mapa adjunto).<\/p>\n\n\n\n<figure class=\"wp-block-gallery has-nested-images columns-default is-cropped wp-block-gallery-1 is-layout-flex wp-block-gallery-is-layout-flex\">\n<figure class=\"wp-block-image size-full\"><img loading=\"lazy\" decoding=\"async\" width=\"244\" height=\"502\" data-id=\"93340\" src=\"https:\/\/centcols.org\/wp-content\/uploads\/2026\/02\/vallee_etroite_carte_debut.jpg\" alt=\"\" class=\"wp-image-93340\" srcset=\"https:\/\/centcols.org\/wp-content\/uploads\/2026\/02\/vallee_etroite_carte_debut.jpg 244w, https:\/\/centcols.org\/wp-content\/uploads\/2026\/02\/vallee_etroite_carte_debut-6x12.jpg 6w\" sizes=\"auto, (max-width: 244px) 100vw, 244px\" \/><figcaption class=\"wp-element-caption\"><br><br><br>IGN<\/figcaption><\/figure>\n\n\n\n<figure class=\"wp-block-image size-full\"><img loading=\"lazy\" decoding=\"async\" width=\"374\" height=\"420\" data-id=\"93341\" src=\"https:\/\/centcols.org\/wp-content\/uploads\/2026\/02\/vallee_etroite_carte_sommet.jpg\" alt=\"\" class=\"wp-image-93341\" srcset=\"https:\/\/centcols.org\/wp-content\/uploads\/2026\/02\/vallee_etroite_carte_sommet.jpg 374w, https:\/\/centcols.org\/wp-content\/uploads\/2026\/02\/vallee_etroite_carte_sommet-11x12.jpg 11w\" sizes=\"auto, (max-width: 374px) 100vw, 374px\" \/><figcaption class=\"wp-element-caption\">IGN<\/figcaption><\/figure>\n<\/figure>\n\n\n\n<p>A partir de ahora s\u00f3lo hay un camino. Comienza con un empuje S3 durante unos 250 m, luego sigue un rellano S2, antes de cruzar una esclusa glaciar bastante empinada: S3-4 durante 500 m. Pero \u00a1qu\u00e9 vistas desde la cima! La erosi\u00f3n glaciar ha dejado tras de s\u00ed una hermosa roca moteada t\u00edpica. El camino vuelve a ser parcialmente ciclable y desciende suavemente hacia el Vallon y la Plaine de Tavernette, donde el torrente serpentea, mientras el Monte Thabor vigila a la izquierda. El paisaje es salvaje y magn\u00edfico. Pero esta felicidad pronto se topa con la segunda dificultad de la subida (ver 2 en el mapa adjunto). Hay que atravesar una \u00faltima esclusa por un sendero sembrado de rocas (S3-4 durante unos 500 m), pero \u00a1uf! La parte principal est\u00e1 hecha y llegamos al collado (2445m) bastante r\u00e1pido y sin demasiada dificultad (S1, S2). El paisaje en la cumbre es magn\u00edfico, muy salvaje. Hacia el oeste, se ve el refugio del Mont Thabor y, en esa direcci\u00f3n, se tarda cinco minutos en llegar al Passage Sainte-Marguerite, marcado con una cruz.<\/p>\n\n\n\n<figure class=\"wp-block-gallery has-nested-images columns-default is-cropped wp-block-gallery-2 is-layout-flex wp-block-gallery-is-layout-flex\">\n<figure class=\"wp-block-image size-full\"><img loading=\"lazy\" decoding=\"async\" width=\"348\" height=\"542\" data-id=\"93347\" src=\"https:\/\/centcols.org\/wp-content\/uploads\/2026\/02\/vallee_etroite_photo1.jpg\" alt=\"\" class=\"wp-image-93347\" srcset=\"https:\/\/centcols.org\/wp-content\/uploads\/2026\/02\/vallee_etroite_photo1.jpg 348w, https:\/\/centcols.org\/wp-content\/uploads\/2026\/02\/vallee_etroite_photo1-8x12.jpg 8w\" sizes=\"auto, (max-width: 348px) 100vw, 348px\" \/><figcaption class=\"wp-element-caption\">Puente de la Fonderie (1910 m) sobre el arroyo Vall\u00e9e \u00c9troite<\/figcaption><\/figure>\n\n\n\n<figure class=\"wp-block-image size-full\"><img loading=\"lazy\" decoding=\"async\" width=\"352\" height=\"534\" data-id=\"93348\" src=\"https:\/\/centcols.org\/wp-content\/uploads\/2026\/02\/vallee_etroite_photo2.jpg\" alt=\"\" class=\"wp-image-93348\" srcset=\"https:\/\/centcols.org\/wp-content\/uploads\/2026\/02\/vallee_etroite_photo2.jpg 352w, https:\/\/centcols.org\/wp-content\/uploads\/2026\/02\/vallee_etroite_photo2-8x12.jpg 8w\" sizes=\"auto, (max-width: 352px) 100vw, 352px\" \/><figcaption class=\"wp-element-caption\">Primer tramo complicado (marcado en el mapa: 1). S3-4 durante unos 500m<\/figcaption><\/figure>\n<\/figure>\n\n\n\n<figure class=\"wp-block-gallery has-nested-images columns-default is-cropped wp-block-gallery-3 is-layout-flex wp-block-gallery-is-layout-flex\">\n<figure class=\"wp-block-image size-full\"><img loading=\"lazy\" decoding=\"async\" width=\"356\" height=\"534\" data-id=\"93349\" src=\"https:\/\/centcols.org\/wp-content\/uploads\/2026\/02\/vallee_etroite_photo3.jpg\" alt=\"\" class=\"wp-image-93349\" srcset=\"https:\/\/centcols.org\/wp-content\/uploads\/2026\/02\/vallee_etroite_photo3.jpg 356w, https:\/\/centcols.org\/wp-content\/uploads\/2026\/02\/vallee_etroite_photo3-8x12.jpg 8w\" sizes=\"auto, (max-width: 356px) 100vw, 356px\" \/><figcaption class=\"wp-element-caption\">De vuelta a la bicicleta (S1-2) despu\u00e9s de los 2<sup>e<\/sup> paso delicado (S3-4)<br>en una distancia aproximada de 400 m, situada en el mapa en 2<\/figcaption><\/figure>\n\n\n\n<figure class=\"wp-block-image size-full\"><img loading=\"lazy\" decoding=\"async\" width=\"526\" height=\"360\" data-id=\"93351\" src=\"https:\/\/centcols.org\/wp-content\/uploads\/2026\/02\/vallee_etroite_photo4.jpg\" alt=\"\" class=\"wp-image-93351\" srcset=\"https:\/\/centcols.org\/wp-content\/uploads\/2026\/02\/vallee_etroite_photo4.jpg 526w, https:\/\/centcols.org\/wp-content\/uploads\/2026\/02\/vallee_etroite_photo4-18x12.jpg 18w\" sizes=\"auto, (max-width: 526px) 100vw, 526px\" \/><figcaption class=\"wp-element-caption\">Cumbre del puerto de Vall\u00e9e \u00c9troite (2445 m).<br> Acceso al Pasaje por la derecha<br>Sainte Marguerite (2434 m). Refugio de Mont Thabor a unos 20 minutos.<\/figcaption><\/figure>\n<\/figure>\n\n\n\n<p>El descenso al otro lado del Col de la Vall\u00e9e \u00c9troite se hace en 90% en bicicleta. Tome un sendero S1-2 a la derecha y saldr\u00e1 por encima del Col de la Replanette (<a href=\"\/es\/util\/geo\/visu.php\/?code=FR-73-2338\" type=\"link\" id=\"\/util\/geo\/visu.php?code=FR-73-2338\">FR-73-2338<\/a>) y desde este puerto, a trav\u00e9s de los pastos alpinos (HS1), encontramos una pista R1-2 y luego R1 hasta el chalet de la Replanette. Luego comienza un suntuoso descenso hasta la estaci\u00f3n de Le Charmaix, donde se vuelve al asfalto y a Modane, en el fondo del valle de Maurienne (\u00a11.400 m de ascensi\u00f3n desde el Col de la Vall\u00e9e \u00c9troite!).<\/p>\n\n\n\n<figure class=\"wp-block-image size-full\"><img loading=\"lazy\" decoding=\"async\" width=\"344\" height=\"518\" src=\"https:\/\/centcols.org\/wp-content\/uploads\/2026\/02\/vallee_etroite_photo5.jpg\" alt=\"\" class=\"wp-image-93357\" srcset=\"https:\/\/centcols.org\/wp-content\/uploads\/2026\/02\/vallee_etroite_photo5.jpg 344w, https:\/\/centcols.org\/wp-content\/uploads\/2026\/02\/vallee_etroite_photo5-8x12.jpg 8w\" sizes=\"auto, (max-width: 344px) 100vw, 344px\" \/><figcaption class=\"wp-element-caption\">Col de la Vall\u00e9e \u00c9troite: lado norte. El sendero S2 es claramente visible.<br>Foto tomada desde el sendero S1-2 que conduce al puerto de la Replanette<\/figcaption><\/figure>\n\n\n\n<figure class=\"wp-block-image size-full\"><img loading=\"lazy\" decoding=\"async\" width=\"526\" height=\"356\" src=\"https:\/\/centcols.org\/wp-content\/uploads\/2026\/02\/vallee_etroite_photo6.jpg\" alt=\"\" class=\"wp-image-93358\" srcset=\"https:\/\/centcols.org\/wp-content\/uploads\/2026\/02\/vallee_etroite_photo6.jpg 526w, https:\/\/centcols.org\/wp-content\/uploads\/2026\/02\/vallee_etroite_photo6-18x12.jpg 18w\" sizes=\"auto, (max-width: 526px) 100vw, 526px\" \/><figcaption class=\"wp-element-caption\">Vista hacia el norte desde el sendero del Col de la Replanette.<br>El chal\u00e9 de La Replanette puede verse<\/figcaption><\/figure>\n\n\n\n<figure class=\"wp-block-image size-full is-resized\"><img loading=\"lazy\" decoding=\"async\" width=\"450\" height=\"275\" src=\"https:\/\/centcols.org\/wp-content\/uploads\/2026\/02\/vallee_etroite_profil.jpg\" alt=\"\" class=\"wp-image-93359\" style=\"width:546px;height:auto\" srcset=\"https:\/\/centcols.org\/wp-content\/uploads\/2026\/02\/vallee_etroite_profil.jpg 450w, https:\/\/centcols.org\/wp-content\/uploads\/2026\/02\/vallee_etroite_profil-18x12.jpg 18w\" sizes=\"auto, (max-width: 450px) 100vw, 450px\" \/><\/figure>\n\n\n\n<p>Texto y fotos de Ren\u00e9 Poty<\/p>\n\n\n\n<p><\/p>","protected":false},"excerpt":{"rendered":"<p>Le col de la Vall\u00e9e \u00c9troite (FR-05-2445c) est un col discret, \u00e9clips\u00e9 par ses voisins plus c\u00e9l\u00e8bres : \u00e0 l&rsquo;ouest, le col des Rochilles (FR-05-2496) et \u00e0 l&rsquo;est, le col du Fr\u00e9jus (FR-73-2540 ou IT-TO-2540). Ce col est pourtant un des passages traditionnels les plus anciens entre la Maurienne (Modane) et le Pi\u00e9mont (Bardon\u00e8che) au [&hellip;]<\/p>\n","protected":false},"author":682,"featured_media":93361,"comment_status":"closed","ping_status":"closed","sticky":false,"template":"","format":"standard","meta":{"_acf_changed":false,"footnotes":""},"categories":[308],"tags":[],"class_list":["post-93328","post","type-post","status-publish","format-standard","has-post-thumbnail","hentry","category-cols-en-vrac"],"acf":[],"yoast_head":"<!-- This site is optimized with the Yoast SEO plugin v27.2 - https:\/\/yoast.com\/product\/yoast-seo-wordpress\/ -->\n<title>Le col de la Vall\u00e9e \u00c9troite - Club des Cent Cols<\/title>\n<meta name=\"robots\" content=\"index, follow, max-snippet:-1, max-image-preview:large, max-video-preview:-1\" \/>\n<link rel=\"canonical\" href=\"https:\/\/centcols.org\/es\/col-vallee-etroite\/\" \/>\n<meta property=\"og:locale\" content=\"es_ES\" \/>\n<meta property=\"og:type\" content=\"article\" \/>\n<meta property=\"og:title\" content=\"Le col de la Vall\u00e9e \u00c9troite - Club des Cent Cols\" \/>\n<meta property=\"og:description\" content=\"Le col de la Vall\u00e9e \u00c9troite (FR-05-2445c) est un col discret, \u00e9clips\u00e9 par ses voisins plus c\u00e9l\u00e8bres : \u00e0 l&rsquo;ouest, le col des Rochilles (FR-05-2496) et \u00e0 l&rsquo;est, le col du Fr\u00e9jus (FR-73-2540 ou IT-TO-2540). Ce col est pourtant un des passages traditionnels les plus anciens entre la Maurienne (Modane) et le Pi\u00e9mont (Bardon\u00e8che) au [&hellip;]\" \/>\n<meta property=\"og:url\" content=\"https:\/\/centcols.org\/es\/col-vallee-etroite\/\" \/>\n<meta property=\"og:site_name\" content=\"Club des Cent Cols\" \/>\n<meta property=\"article:publisher\" content=\"https:\/\/www.facebook.com\/groups\/5261880558\/?locale=fr_FR\" \/>\n<meta property=\"article:published_time\" content=\"2026-02-01T14:20:15+00:00\" \/>\n<meta property=\"article:modified_time\" content=\"2026-02-01T20:15:21+00:00\" \/>\n<meta property=\"og:image\" content=\"https:\/\/centcols.org\/wp-content\/uploads\/2026\/02\/vallee_etroite_mise_en_avant.jpg\" \/>\n\t<meta property=\"og:image:width\" content=\"799\" \/>\n\t<meta property=\"og:image:height\" content=\"599\" \/>\n\t<meta property=\"og:image:type\" content=\"image\/jpeg\" \/>\n<meta name=\"author\" content=\"Paul Levart\" \/>\n<meta name=\"twitter:card\" content=\"summary_large_image\" \/>\n<meta name=\"twitter:label1\" content=\"Escrito por\" \/>\n\t<meta name=\"twitter:data1\" content=\"Paul Levart\" \/>\n\t<meta name=\"twitter:label2\" content=\"Tiempo de lectura\" \/>\n\t<meta name=\"twitter:data2\" content=\"7 minutos\" \/>\n<script type=\"application\/ld+json\" class=\"yoast-schema-graph\">{\"@context\":\"https:\/\/schema.org\",\"@graph\":[{\"@type\":\"Article\",\"@id\":\"https:\/\/centcols.org\/es\/col-vallee-etroite\/#article\",\"isPartOf\":{\"@id\":\"https:\/\/centcols.org\/es\/col-vallee-etroite\/\"},\"author\":{\"name\":\"Paul Levart\",\"@id\":\"https:\/\/centcols.org\/#\/schema\/person\/f69e64d42a30af00fb46d8cf7a1d9945\"},\"headline\":\"Le col de la Vall\u00e9e \u00c9troite\",\"datePublished\":\"2026-02-01T14:20:15+00:00\",\"dateModified\":\"2026-02-01T20:15:21+00:00\",\"mainEntityOfPage\":{\"@id\":\"https:\/\/centcols.org\/es\/col-vallee-etroite\/\"},\"wordCount\":916,\"publisher\":{\"@id\":\"https:\/\/centcols.org\/#organization\"},\"image\":{\"@id\":\"https:\/\/centcols.org\/es\/col-vallee-etroite\/#primaryimage\"},\"thumbnailUrl\":\"https:\/\/centcols.org\/wp-content\/uploads\/2026\/02\/vallee_etroite_mise_en_avant.jpg\",\"articleSection\":[\"Cols en vrac\"],\"inLanguage\":\"es\"},{\"@type\":\"WebPage\",\"@id\":\"https:\/\/centcols.org\/es\/col-vallee-etroite\/\",\"url\":\"https:\/\/centcols.org\/es\/col-vallee-etroite\/\",\"name\":\"Le col de la Vall\u00e9e \u00c9troite - Club des Cent Cols\",\"isPartOf\":{\"@id\":\"https:\/\/centcols.org\/#website\"},\"primaryImageOfPage\":{\"@id\":\"https:\/\/centcols.org\/es\/col-vallee-etroite\/#primaryimage\"},\"image\":{\"@id\":\"https:\/\/centcols.org\/es\/col-vallee-etroite\/#primaryimage\"},\"thumbnailUrl\":\"https:\/\/centcols.org\/wp-content\/uploads\/2026\/02\/vallee_etroite_mise_en_avant.jpg\",\"datePublished\":\"2026-02-01T14:20:15+00:00\",\"dateModified\":\"2026-02-01T20:15:21+00:00\",\"breadcrumb\":{\"@id\":\"https:\/\/centcols.org\/es\/col-vallee-etroite\/#breadcrumb\"},\"inLanguage\":\"es\",\"potentialAction\":[{\"@type\":\"ReadAction\",\"target\":[\"https:\/\/centcols.org\/es\/col-vallee-etroite\/\"]}]},{\"@type\":\"ImageObject\",\"inLanguage\":\"es\",\"@id\":\"https:\/\/centcols.org\/es\/col-vallee-etroite\/#primaryimage\",\"url\":\"https:\/\/centcols.org\/wp-content\/uploads\/2026\/02\/vallee_etroite_mise_en_avant.jpg\",\"contentUrl\":\"https:\/\/centcols.org\/wp-content\/uploads\/2026\/02\/vallee_etroite_mise_en_avant.jpg\",\"width\":799,\"height\":599},{\"@type\":\"BreadcrumbList\",\"@id\":\"https:\/\/centcols.org\/es\/col-vallee-etroite\/#breadcrumb\",\"itemListElement\":[{\"@type\":\"ListItem\",\"position\":1,\"name\":\"Accueil\",\"item\":\"https:\/\/centcols.org\/\"},{\"@type\":\"ListItem\",\"position\":2,\"name\":\"Cols en vrac\",\"item\":\"https:\/\/centcols.org\/rubrique\/cols-en-vrac\/\"},{\"@type\":\"ListItem\",\"position\":3,\"name\":\"Le col de la Vall\u00e9e \u00c9troite\"}]},{\"@type\":\"WebSite\",\"@id\":\"https:\/\/centcols.org\/#website\",\"url\":\"https:\/\/centcols.org\/\",\"name\":\"Club des Cent Cols\",\"description\":\"\",\"publisher\":{\"@id\":\"https:\/\/centcols.org\/#organization\"},\"potentialAction\":[{\"@type\":\"SearchAction\",\"target\":{\"@type\":\"EntryPoint\",\"urlTemplate\":\"https:\/\/centcols.org\/?s={search_term_string}\"},\"query-input\":{\"@type\":\"PropertyValueSpecification\",\"valueRequired\":true,\"valueName\":\"search_term_string\"}}],\"inLanguage\":\"es\"},{\"@type\":\"Organization\",\"@id\":\"https:\/\/centcols.org\/#organization\",\"name\":\"Club des Cent Cols\",\"url\":\"https:\/\/centcols.org\/\",\"logo\":{\"@type\":\"ImageObject\",\"inLanguage\":\"es\",\"@id\":\"https:\/\/centcols.org\/#\/schema\/logo\/image\/\",\"url\":\"https:\/\/centcols.org\/wp-content\/uploads\/2025\/01\/carte-icone.png\",\"contentUrl\":\"https:\/\/centcols.org\/wp-content\/uploads\/2025\/01\/carte-icone.png\",\"width\":250,\"height\":250,\"caption\":\"Club des Cent Cols\"},\"image\":{\"@id\":\"https:\/\/centcols.org\/#\/schema\/logo\/image\/\"},\"sameAs\":[\"https:\/\/www.facebook.com\/groups\/5261880558\/?locale=fr_FR\"]},{\"@type\":\"Person\",\"@id\":\"https:\/\/centcols.org\/#\/schema\/person\/f69e64d42a30af00fb46d8cf7a1d9945\",\"name\":\"Paul Levart\",\"image\":{\"@type\":\"ImageObject\",\"inLanguage\":\"es\",\"@id\":\"https:\/\/centcols.org\/wp-content\/litespeed\/avatar\/b81f27ef11f03e8b6b3b3019b1b2b4d7.jpg?ver=1777205446\",\"url\":\"https:\/\/centcols.org\/wp-content\/litespeed\/avatar\/b81f27ef11f03e8b6b3b3019b1b2b4d7.jpg?ver=1777205446\",\"contentUrl\":\"https:\/\/centcols.org\/wp-content\/litespeed\/avatar\/b81f27ef11f03e8b6b3b3019b1b2b4d7.jpg?ver=1777205446\",\"caption\":\"Paul Levart\"},\"url\":\"https:\/\/centcols.org\/es\/author\/4953\/\"}]}<\/script>\n<!-- \/ Yoast SEO plugin. -->","yoast_head_json":{"title":"Forfait Vall\u00e9e \u00c9troite - Club des Cent Cols","robots":{"index":"index","follow":"follow","max-snippet":"max-snippet:-1","max-image-preview":"max-image-preview:large","max-video-preview":"max-video-preview:-1"},"canonical":"https:\/\/centcols.org\/es\/col-vallee-etroite\/","og_locale":"es_ES","og_type":"article","og_title":"Le col de la Vall\u00e9e \u00c9troite - Club des Cent Cols","og_description":"Le col de la Vall\u00e9e \u00c9troite (FR-05-2445c) est un col discret, \u00e9clips\u00e9 par ses voisins plus c\u00e9l\u00e8bres : \u00e0 l&rsquo;ouest, le col des Rochilles (FR-05-2496) et \u00e0 l&rsquo;est, le col du Fr\u00e9jus (FR-73-2540 ou IT-TO-2540). Ce col est pourtant un des passages traditionnels les plus anciens entre la Maurienne (Modane) et le Pi\u00e9mont (Bardon\u00e8che) au [&hellip;]","og_url":"https:\/\/centcols.org\/es\/col-vallee-etroite\/","og_site_name":"Club des Cent Cols","article_publisher":"https:\/\/www.facebook.com\/groups\/5261880558\/?locale=fr_FR","article_published_time":"2026-02-01T14:20:15+00:00","article_modified_time":"2026-02-01T20:15:21+00:00","og_image":[{"width":799,"height":599,"url":"https:\/\/centcols.org\/wp-content\/uploads\/2026\/02\/vallee_etroite_mise_en_avant.jpg","type":"image\/jpeg"}],"author":"Paul Levart","twitter_card":"summary_large_image","twitter_misc":{"Escrito por":"Paul Levart","Tiempo de lectura":"7 minutos"},"schema":{"@context":"https:\/\/schema.org","@graph":[{"@type":"Article","@id":"https:\/\/centcols.org\/es\/col-vallee-etroite\/#article","isPartOf":{"@id":"https:\/\/centcols.org\/es\/col-vallee-etroite\/"},"author":{"name":"Paul Levart","@id":"https:\/\/centcols.org\/#\/schema\/person\/f69e64d42a30af00fb46d8cf7a1d9945"},"headline":"Le col de la Vall\u00e9e \u00c9troite","datePublished":"2026-02-01T14:20:15+00:00","dateModified":"2026-02-01T20:15:21+00:00","mainEntityOfPage":{"@id":"https:\/\/centcols.org\/es\/col-vallee-etroite\/"},"wordCount":916,"publisher":{"@id":"https:\/\/centcols.org\/#organization"},"image":{"@id":"https:\/\/centcols.org\/es\/col-vallee-etroite\/#primaryimage"},"thumbnailUrl":"https:\/\/centcols.org\/wp-content\/uploads\/2026\/02\/vallee_etroite_mise_en_avant.jpg","articleSection":["Cols en vrac"],"inLanguage":"es"},{"@type":"WebPage","@id":"https:\/\/centcols.org\/es\/col-vallee-etroite\/","url":"https:\/\/centcols.org\/es\/col-vallee-etroite\/","name":"Forfait Vall\u00e9e \u00c9troite - Club des Cent Cols","isPartOf":{"@id":"https:\/\/centcols.org\/#website"},"primaryImageOfPage":{"@id":"https:\/\/centcols.org\/es\/col-vallee-etroite\/#primaryimage"},"image":{"@id":"https:\/\/centcols.org\/es\/col-vallee-etroite\/#primaryimage"},"thumbnailUrl":"https:\/\/centcols.org\/wp-content\/uploads\/2026\/02\/vallee_etroite_mise_en_avant.jpg","datePublished":"2026-02-01T14:20:15+00:00","dateModified":"2026-02-01T20:15:21+00:00","breadcrumb":{"@id":"https:\/\/centcols.org\/es\/col-vallee-etroite\/#breadcrumb"},"inLanguage":"es","potentialAction":[{"@type":"ReadAction","target":["https:\/\/centcols.org\/es\/col-vallee-etroite\/"]}]},{"@type":"ImageObject","inLanguage":"es","@id":"https:\/\/centcols.org\/es\/col-vallee-etroite\/#primaryimage","url":"https:\/\/centcols.org\/wp-content\/uploads\/2026\/02\/vallee_etroite_mise_en_avant.jpg","contentUrl":"https:\/\/centcols.org\/wp-content\/uploads\/2026\/02\/vallee_etroite_mise_en_avant.jpg","width":799,"height":599},{"@type":"BreadcrumbList","@id":"https:\/\/centcols.org\/es\/col-vallee-etroite\/#breadcrumb","itemListElement":[{"@type":"ListItem","position":1,"name":"Accueil","item":"https:\/\/centcols.org\/"},{"@type":"ListItem","position":2,"name":"Cols en vrac","item":"https:\/\/centcols.org\/rubrique\/cols-en-vrac\/"},{"@type":"ListItem","position":3,"name":"Le col de la Vall\u00e9e \u00c9troite"}]},{"@type":"WebSite","@id":"https:\/\/centcols.org\/#website","url":"https:\/\/centcols.org\/","name":"Club des Cent Cols","description":"","publisher":{"@id":"https:\/\/centcols.org\/#organization"},"potentialAction":[{"@type":"SearchAction","target":{"@type":"EntryPoint","urlTemplate":"https:\/\/centcols.org\/?s={search_term_string}"},"query-input":{"@type":"PropertyValueSpecification","valueRequired":true,"valueName":"search_term_string"}}],"inLanguage":"es"},{"@type":"Organization","@id":"https:\/\/centcols.org\/#organization","name":"Club des Cent Cols","url":"https:\/\/centcols.org\/","logo":{"@type":"ImageObject","inLanguage":"es","@id":"https:\/\/centcols.org\/#\/schema\/logo\/image\/","url":"https:\/\/centcols.org\/wp-content\/uploads\/2025\/01\/carte-icone.png","contentUrl":"https:\/\/centcols.org\/wp-content\/uploads\/2025\/01\/carte-icone.png","width":250,"height":250,"caption":"Club des Cent Cols"},"image":{"@id":"https:\/\/centcols.org\/#\/schema\/logo\/image\/"},"sameAs":["https:\/\/www.facebook.com\/groups\/5261880558\/?locale=fr_FR"]},{"@type":"Person","@id":"https:\/\/centcols.org\/#\/schema\/person\/f69e64d42a30af00fb46d8cf7a1d9945","name":"Paul Levart","image":{"@type":"ImageObject","inLanguage":"es","@id":"https:\/\/centcols.org\/wp-content\/litespeed\/avatar\/b81f27ef11f03e8b6b3b3019b1b2b4d7.jpg?ver=1777205446","url":"https:\/\/centcols.org\/wp-content\/litespeed\/avatar\/b81f27ef11f03e8b6b3b3019b1b2b4d7.jpg?ver=1777205446","contentUrl":"https:\/\/centcols.org\/wp-content\/litespeed\/avatar\/b81f27ef11f03e8b6b3b3019b1b2b4d7.jpg?ver=1777205446","caption":"Paul Levart"},"url":"https:\/\/centcols.org\/es\/author\/4953\/"}]}},"_links":{"self":[{"href":"https:\/\/centcols.org\/es\/wp-json\/wp\/v2\/posts\/93328","targetHints":{"allow":["GET"]}}],"collection":[{"href":"https:\/\/centcols.org\/es\/wp-json\/wp\/v2\/posts"}],"about":[{"href":"https:\/\/centcols.org\/es\/wp-json\/wp\/v2\/types\/post"}],"author":[{"embeddable":true,"href":"https:\/\/centcols.org\/es\/wp-json\/wp\/v2\/users\/682"}],"replies":[{"embeddable":true,"href":"https:\/\/centcols.org\/es\/wp-json\/wp\/v2\/comments?post=93328"}],"version-history":[{"count":0,"href":"https:\/\/centcols.org\/es\/wp-json\/wp\/v2\/posts\/93328\/revisions"}],"wp:featuredmedia":[{"embeddable":true,"href":"https:\/\/centcols.org\/es\/wp-json\/wp\/v2\/media\/93361"}],"wp:attachment":[{"href":"https:\/\/centcols.org\/es\/wp-json\/wp\/v2\/media?parent=93328"}],"wp:term":[{"taxonomy":"category","embeddable":true,"href":"https:\/\/centcols.org\/es\/wp-json\/wp\/v2\/categories?post=93328"},{"taxonomy":"post_tag","embeddable":true,"href":"https:\/\/centcols.org\/es\/wp-json\/wp\/v2\/tags?post=93328"}],"curies":[{"name":"wp","href":"https:\/\/api.w.org\/{rel}","templated":true}]}}