{"id":93373,"date":"2026-03-21T09:08:19","date_gmt":"2026-03-21T07:08:19","guid":{"rendered":"https:\/\/centcols.org\/?p=93373"},"modified":"2026-03-21T09:08:24","modified_gmt":"2026-03-21T07:08:24","slug":"monte-chaberton","status":"publish","type":"post","link":"https:\/\/centcols.org\/es\/le-mont-chaberton\/","title":{"rendered":"Monte Chaberton"},"content":{"rendered":"<p><em>Texto y fotos: Philippe Girardin<\/em><\/p>\n\n\n\n<p>El monte Chaberton, que se eleva a 3131 m, es una visita obligada para los ciclistas de monta\u00f1a.<\/p>\n\n\n\n<p>Monte Chaberton y paso de Chaberton <a href=\"http:\/\/FR-05-2674\">(<\/a><a href=\"\/es\/util\/geo\/visu.php\/?code=FR-05-2674\">FR-05-2674<\/a><a href=\"http:\/\/FR-05-2674\">)<\/a> son razonablemente accesibles en bicicleta de monta\u00f1a, a pesar del desnivel de 1.900 m que impide el acceso desde el lado italiano. La pista ha sido cuidadosamente reasfaltada hasta el kil\u00f3metro 10. El und\u00e9cimo y \u00faltimo kil\u00f3metro hasta el puerto podr\u00eda reasfaltarse pronto. El und\u00e9cimo y \u00faltimo kil\u00f3metro hasta el puerto podr\u00eda reasfaltarse en breve. Desde el puerto, hay tres kil\u00f3metros hasta la cima del Mont Chaberton, que se pueden recorrer a pie en su totalidad para la subida. El descenso puede hacerse en bicicleta, pero s\u00f3lo se recomienda a los bajadores experimentados. En Montgen\u00e8vre se rumorea que un telesqu\u00ed podr\u00eda facilitar el acceso en el futuro. As\u00ed que salga antes de que desaparezcan para siempre el encanto del aislamiento y el sentido de la aventura que a\u00fan desprende esta ruta. Es una pena apuntar s\u00f3lo al puerto de 2674 m. Tenga la mente abierta y la generosidad de subir hasta la cumbre, a 3131 m. \u00a1No se arrepentir\u00e1!<\/p>\n\n\n<div class=\"wp-block-image\">\n<figure class=\"aligncenter size-full\"><img loading=\"lazy\" decoding=\"async\" width=\"800\" height=\"475\" src=\"https:\/\/centcols.org\/wp-content\/uploads\/2026\/02\/col-et-mont-Chaberton-1.jpg\" alt=\"\" class=\"wp-image-93629\" srcset=\"https:\/\/centcols.org\/wp-content\/uploads\/2026\/02\/col-et-mont-Chaberton-1.jpg 800w, https:\/\/centcols.org\/wp-content\/uploads\/2026\/02\/col-et-mont-Chaberton-1-768x456.jpg 768w, https:\/\/centcols.org\/wp-content\/uploads\/2026\/02\/col-et-mont-Chaberton-1-18x12.jpg 18w\" sizes=\"auto, (max-width: 800px) 100vw, 800px\" \/><figcaption class=\"wp-element-caption\">El puerto de Chaberton y el monte \u00a9IGN<\/figcaption><\/figure>\n<\/div>\n\n<div class=\"wp-block-image\">\n<figure class=\"aligncenter size-full\"><img loading=\"lazy\" decoding=\"async\" width=\"800\" height=\"542\" src=\"https:\/\/centcols.org\/wp-content\/uploads\/2026\/02\/Chaberton-plan-large-1.jpg\" alt=\"\" class=\"wp-image-93628\" srcset=\"https:\/\/centcols.org\/wp-content\/uploads\/2026\/02\/Chaberton-plan-large-1.jpg 800w, https:\/\/centcols.org\/wp-content\/uploads\/2026\/02\/Chaberton-plan-large-1-768x520.jpg 768w, https:\/\/centcols.org\/wp-content\/uploads\/2026\/02\/Chaberton-plan-large-1-18x12.jpg 18w\" sizes=\"auto, (max-width: 800px) 100vw, 800px\" \/><figcaption class=\"wp-element-caption\">Vista general del Monte Chaberton \u00a9IGN<\/figcaption><\/figure>\n<\/div>\n\n\n<h2 class=\"wp-block-heading\">Un poco de historia<\/h2>\n\n\n\n<p>El Monte Chaberton es una cumbre extraordinaria. Cerca de la frontera italiana, domina con orgullo las localidades de Montgen\u00e8vre, en el lado franc\u00e9s, y Cesana-Torinese, en el lado italiano, y se divisa desde lejos. Su cara sur parece inaccesible, como si de un solo golpe recorriera 1500 metros. Antes de la Segunda Guerra Mundial, el Monte Chaberton era italiano y su cara norte era relativamente accesible en una suave pendiente. Esta situaci\u00f3n estrat\u00e9gica dio al ej\u00e9rcito italiano la idea de equipar la cima con un fuerte armado con potentes ca\u00f1ones.<\/p>\n\n\n<div class=\"wp-block-image\">\n<figure class=\"aligncenter size-full\"><img loading=\"lazy\" decoding=\"async\" width=\"800\" height=\"600\" src=\"https:\/\/centcols.org\/wp-content\/uploads\/2026\/02\/upscaled-modified-21.jpg\" alt=\"\" class=\"wp-image-94267\" srcset=\"https:\/\/centcols.org\/wp-content\/uploads\/2026\/02\/upscaled-modified-21.jpg 800w, https:\/\/centcols.org\/wp-content\/uploads\/2026\/02\/upscaled-modified-21-768x576.jpg 768w, https:\/\/centcols.org\/wp-content\/uploads\/2026\/02\/upscaled-modified-21-16x12.jpg 16w\" sizes=\"auto, (max-width: 800px) 100vw, 800px\" \/><figcaption class=\"wp-element-caption\">Montgen\u00e8vre, dominado por el Monte Chaberton.<\/figcaption><\/figure>\n<\/div>\n\n<div class=\"wp-block-image\">\n<figure class=\"aligncenter size-full\"><img loading=\"lazy\" decoding=\"async\" width=\"1280\" height=\"960\" src=\"https:\/\/centcols.org\/wp-content\/uploads\/2026\/02\/upscaled-modified-20-1.jpg\" alt=\"\" class=\"wp-image-94268\" srcset=\"https:\/\/centcols.org\/wp-content\/uploads\/2026\/02\/upscaled-modified-20-1.jpg 1280w, https:\/\/centcols.org\/wp-content\/uploads\/2026\/02\/upscaled-modified-20-1-1200x900.jpg 1200w, https:\/\/centcols.org\/wp-content\/uploads\/2026\/02\/upscaled-modified-20-1-768x576.jpg 768w, https:\/\/centcols.org\/wp-content\/uploads\/2026\/02\/upscaled-modified-20-1-16x12.jpg 16w\" sizes=\"auto, (max-width: 1280px) 100vw, 1280px\" \/><figcaption class=\"wp-element-caption\">Ladera orientada al sur por encima de Clavi\u00e8re.<\/figcaption><\/figure>\n<\/div>\n\n<div class=\"wp-block-image\">\n<figure class=\"aligncenter size-full is-resized\"><img loading=\"lazy\" decoding=\"async\" width=\"800\" height=\"600\" src=\"https:\/\/centcols.org\/wp-content\/uploads\/2026\/02\/upscaled-modified-19.jpg\" alt=\"\" class=\"wp-image-93965\" style=\"width:800px\" srcset=\"https:\/\/centcols.org\/wp-content\/uploads\/2026\/02\/upscaled-modified-19.jpg 800w, https:\/\/centcols.org\/wp-content\/uploads\/2026\/02\/upscaled-modified-19-768x576.jpg 768w, https:\/\/centcols.org\/wp-content\/uploads\/2026\/02\/upscaled-modified-19-16x12.jpg 16w\" sizes=\"auto, (max-width: 800px) 100vw, 800px\" \/><figcaption class=\"wp-element-caption\">Vista del Col des Trois Fr\u00e8res Mineurs.<\/figcaption><\/figure>\n<\/div>\n\n\n<h3 class=\"wp-block-heading\">Wikipedia<\/h3>\n\n\n\n<blockquote class=\"wp-block-quote is-layout-flow wp-block-quote-is-layout-flow\">\n<blockquote class=\"wp-block-quote is-layout-flow wp-block-quote-is-layout-flow\">\n<p>Antes de la Segunda Guerra Mundial, las tropas italianas construyeron una bater\u00eda de ocho torretas, rematadas con ca\u00f1ones, orientadas hacia Francia y la ciudad de <a href=\"https:\/\/fr.wikipedia.org\/wiki\/Brian%C3%A7on\">Brian\u00e7on<\/a>. Defendieron el paso de Montgen\u00e8vre (<a href=\"\/es\/util\/geo\/visu.php\/?code=FR-05-1850\">FR-05-1850<\/a>). Para ello, soldados e ingenieros construyeron una carretera desde el pueblo de Fenils (<a href=\"http:\/\/fr.wikipedia.org\/wiki\/Val_de_Suse\">Valle de Susa<\/a>). Abrasaron la cima del monte Chaberton para crear un glacis defensivo para las torretas. El fuerte, a veces apodado el \u00abFuerte de las Nubes\u00bb, era el orgullo de los militares italianos. En aquella \u00e9poca, ten\u00eda fama de ser el fuerte m\u00e1s alto y uno de los m\u00e1s poderosos del mundo. Pocos d\u00edas despu\u00e9s de la entrada de Italia en la guerra, en junio de 1940, guiada por el <a href=\"https:\/\/fr.wikipedia.org\/wiki\/Ouvrage_du_Janus\">Fuerte de Janus<\/a>, la bater\u00eda italiana fue destruida por el fuego de la 154<sup>e<\/sup> Regimiento de Artiller\u00eda de Posici\u00f3n del Ej\u00e9rcito franc\u00e9s. Al final de la guerra, el valle del Baisses, la cima del Monte Chaberton y la bater\u00eda fueron anexionados por Francia. Como consecuencia, la frontera franco-italiana se traslad\u00f3 a la entrada del pueblo italiano de <a href=\"https:\/\/fr.wikipedia.org\/wiki\/Clavi%C3%A8res_(Italie)\">Clavi\u00e8re<\/a>.<br>El fuerte se construy\u00f3 a partir de 1891 gracias a un gran esfuerzo de mano de obra. La pista actual se abri\u00f3 probablemente durante este periodo. Se utiliz\u00f3 para izar a los hombres y el equipo para la construcci\u00f3n de un telef\u00e9rico. Un total de 8 ca\u00f1ones de 149 mm, todos encaramados en ocho torretas de mamposter\u00eda, dominaban un cuartel de 113 m de altura 18....<br>Al comienzo de la Segunda Guerra Mundial, este fuerte enemigo italiano constitu\u00eda una gran preocupaci\u00f3n para el mando franc\u00e9s. Instal\u00f3 morteros de 280 mm ocultos contra la pendiente de los observadores italianos bajo el Col des Gondrans (<a href=\"\/es\/util\/geo\/visu.php\/?code=FR-05-2347a\">FR-05-2347a<\/a>) y observatorios (en Janus). Cuando estallaron las hostilidades, la artiller\u00eda francesa consigui\u00f3 destruir las bater\u00edas de Mont Chaberton y su dep\u00f3sito de municiones el 21 de junio de 1940. Esta haza\u00f1a fue posible gracias a una ciencia bal\u00edstica perfectamente desarrollada (\u00a1disparo parab\u00f3lico desde una distancia de 10 km sobre un objetivo situado a unas decenas de metros!) El asalto dur\u00f3 tres horas y media, con cincuenta y siete disparos en el blanco, arruinando instant\u00e1neamente a\u00f1os de esfuerzos. Las bater\u00edas de Mont Chaberton quedaron silenciadas para siempre. Podemos imaginar que esta haza\u00f1a armament\u00edstica motiv\u00f3 la anexi\u00f3n de la monta\u00f1a por Francia en 1945.<br>Entendimos por esta historia que el camino de acceso estaba en el lado italiano. En el lado franc\u00e9s, s\u00f3lo hay un camino \u00abS3-S4\u00bb que sube desde 2177 tras una buena pista que sube desde Montgen\u00e8vre.<\/p>\n<\/blockquote>\n<\/blockquote>\n\n\n\n<h2 class=\"wp-block-heading\">La subida al puerto a 2674 m y la monta\u00f1a a 3131 m<\/h2>\n\n\n\n<p>Se abandona la carretera estatal unos kil\u00f3metros al norte de Cesana-Torinese para tomar la peque\u00f1a carretera asfaltada que lleva a Fenils. Si vienes de Francia, tendr\u00e1s que hacer el descenso de 8 km del puerto de Montgen\u00e8vre, que no solo no es muy agradable y es peligroso por el tr\u00e1fico, sino tambi\u00e9n por los numerosos y largos t\u00faneles.<br>La subida comienza en un puente justo antes de Fenils, a 1230 m de altitud. Desde el principio, la pendiente es pronunciada. No hay tregua en los 11 km que conducen al puerto (el porcentaje medio de estos 11 km es de 13%, as\u00ed que no espere encontrar ning\u00fan lugar con menos de 8 o 9%). As\u00ed que tienes que ser decidido.<br>Al salir de Fenils, se alcanza una altitud de 1276 m. Aqu\u00ed es donde la carretera asfaltada da paso a una pista de tierra apta para el ciclismo. En este camino encontrar\u00e1 algunos tramos m\u00e1s pedregosos que amenazar\u00e1n el agarre de la rueda trasera. Por lo tanto, es aconsejable y seguro atravesar estos tramos complicados a pie.<br>Despu\u00e9s de 2,5 km, se llega a la aldea de Pra Claud, situada a 1589 m de altitud. A la entrada de esta aldea hay un gran cartel que indica que el camino est\u00e1 cerrado a todos los veh\u00edculos.<\/p>\n\n\n<div class=\"wp-block-image\">\n<figure class=\"aligncenter size-full\"><img loading=\"lazy\" decoding=\"async\" width=\"800\" height=\"600\" src=\"https:\/\/centcols.org\/wp-content\/uploads\/2026\/02\/upscaled-modified-1.jpg\" alt=\"\" class=\"wp-image-93966\" style=\"object-fit:cover\" srcset=\"https:\/\/centcols.org\/wp-content\/uploads\/2026\/02\/upscaled-modified-1.jpg 800w, https:\/\/centcols.org\/wp-content\/uploads\/2026\/02\/upscaled-modified-1-768x576.jpg 768w, https:\/\/centcols.org\/wp-content\/uploads\/2026\/02\/upscaled-modified-1-16x12.jpg 16w\" sizes=\"auto, (max-width: 800px) 100vw, 800px\" \/><figcaption class=\"wp-element-caption\">Pra Claud.<\/figcaption><\/figure>\n<\/div>\n\n\n<p>A continuaci\u00f3n, llegamos al primer gran mont\u00f3n de curvas todav\u00eda en la vegetaci\u00f3n. A lo largo de la pista hay bancos de madera donde se puede descansar. Esto nos lleva hacia los 2000 m y el cruce de un torrente. La pendiente contin\u00faa sin cesar y pronto nos lleva a 2099 m, donde hay otra serie de zigzags. A la izquierda comienza otra pista que bordea la monta\u00f1a y une la Cresta Nera y el Colletto di Cresta Nera (<a href=\"\/es\/util\/geo\/visu.php\/?code=IT-TO-2201\">IT-TO-2201<\/a>).<\/p>\n\n\n<div class=\"wp-block-image\">\n<figure class=\"aligncenter size-full\"><img loading=\"lazy\" decoding=\"async\" width=\"800\" height=\"600\" src=\"https:\/\/centcols.org\/wp-content\/uploads\/2026\/02\/upscaled-modified-2-1.jpg\" alt=\"\" class=\"wp-image-94271\" srcset=\"https:\/\/centcols.org\/wp-content\/uploads\/2026\/02\/upscaled-modified-2-1.jpg 800w, https:\/\/centcols.org\/wp-content\/uploads\/2026\/02\/upscaled-modified-2-1-768x576.jpg 768w, https:\/\/centcols.org\/wp-content\/uploads\/2026\/02\/upscaled-modified-2-1-16x12.jpg 16w\" sizes=\"auto, (max-width: 800px) 100vw, 800px\" \/><figcaption class=\"wp-element-caption\">A 2.000 m de altitud, la monta\u00f1a est\u00e1 orientada al norte.<\/figcaption><\/figure>\n<\/div>\n\n<div class=\"wp-block-image\">\n<figure class=\"aligncenter size-full\"><img loading=\"lazy\" decoding=\"async\" width=\"800\" height=\"600\" src=\"https:\/\/centcols.org\/wp-content\/uploads\/2026\/02\/upscaled-modified-3.jpg\" alt=\"\" class=\"wp-image-94272\" srcset=\"https:\/\/centcols.org\/wp-content\/uploads\/2026\/02\/upscaled-modified-3.jpg 800w, https:\/\/centcols.org\/wp-content\/uploads\/2026\/02\/upscaled-modified-3-768x576.jpg 768w, https:\/\/centcols.org\/wp-content\/uploads\/2026\/02\/upscaled-modified-3-16x12.jpg 16w\" sizes=\"auto, (max-width: 800px) 100vw, 800px\" \/><figcaption class=\"wp-element-caption\">Altitud 2070 m.<\/figcaption><\/figure>\n<\/div>\n\n\n<p>A partir de aqu\u00ed, el mundo se vuelve completamente mineral. La pendiente y los guijarros de la pista dificultan el avance. Ascendemos poco a poco, haciendo un esfuerzo sostenido, hasta llegar a la entrada del valle del collado. La salida hacia el valle ofrece una vista impresionante del pedregal y las masas rocosas. Tambi\u00e9n podemos ver que se est\u00e1n haciendo esfuerzos para rehabilitar el sendero, con la adici\u00f3n de algunos muros y plataformas de contenci\u00f3n. La pendiente se suaviza un poco, pero la presencia de rocas en la pista aumenta y dificulta el avance.<\/p>\n\n\n\n<p>El \u00faltimo kil\u00f3metro por debajo del puerto, y es dif\u00edcil encontrar la ruta real de la pista porque est\u00e1 muy roto en este punto. Es obligatorio caminar. En los \u00faltimos metros, la pista ha desaparecido y ha sido sustituida por un sendero. En la cima del puerto, nos recibe un fuerte viento. Una se\u00f1al indica el camino hacia la cumbre. Ya hay una hermosa vista de los Oisans, con el vertiginoso descenso de la vertiente francesa del camino en primer plano.<\/p>\n\n\n<div class=\"wp-block-image\">\n<figure class=\"aligncenter size-full\"><img loading=\"lazy\" decoding=\"async\" width=\"800\" height=\"600\" src=\"https:\/\/centcols.org\/wp-content\/uploads\/2026\/02\/upscaled-modified-5.jpg\" alt=\"\" class=\"wp-image-94275\" srcset=\"https:\/\/centcols.org\/wp-content\/uploads\/2026\/02\/upscaled-modified-5.jpg 800w, https:\/\/centcols.org\/wp-content\/uploads\/2026\/02\/upscaled-modified-5-768x576.jpg 768w, https:\/\/centcols.org\/wp-content\/uploads\/2026\/02\/upscaled-modified-5-16x12.jpg 16w\" sizes=\"auto, (max-width: 800px) 100vw, 800px\" \/><figcaption class=\"wp-element-caption\">Vista del puerto desde el este.<\/figcaption><\/figure>\n<\/div>\n\n<div class=\"wp-block-image\">\n<figure class=\"aligncenter size-full\"><img loading=\"lazy\" decoding=\"async\" width=\"800\" height=\"600\" src=\"https:\/\/centcols.org\/wp-content\/uploads\/2026\/02\/upscaled-modified-7.jpg\" alt=\"\" class=\"wp-image-94276\" srcset=\"https:\/\/centcols.org\/wp-content\/uploads\/2026\/02\/upscaled-modified-7.jpg 800w, https:\/\/centcols.org\/wp-content\/uploads\/2026\/02\/upscaled-modified-7-768x576.jpg 768w, https:\/\/centcols.org\/wp-content\/uploads\/2026\/02\/upscaled-modified-7-16x12.jpg 16w\" sizes=\"auto, (max-width: 800px) 100vw, 800px\" \/><figcaption class=\"wp-element-caption\">Desde el puerto, vistas sobre el Val di Susa.<\/figcaption><\/figure>\n<\/div>\n\n<div class=\"wp-block-image\">\n<figure class=\"aligncenter size-full\"><img loading=\"lazy\" decoding=\"async\" width=\"800\" height=\"600\" src=\"https:\/\/centcols.org\/wp-content\/uploads\/2026\/02\/upscaled-modified-6.jpg\" alt=\"\" class=\"wp-image-94277\" srcset=\"https:\/\/centcols.org\/wp-content\/uploads\/2026\/02\/upscaled-modified-6.jpg 800w, https:\/\/centcols.org\/wp-content\/uploads\/2026\/02\/upscaled-modified-6-768x576.jpg 768w, https:\/\/centcols.org\/wp-content\/uploads\/2026\/02\/upscaled-modified-6-16x12.jpg 16w\" sizes=\"auto, (max-width: 800px) 100vw, 800px\" \/><figcaption class=\"wp-element-caption\">Vista del puerto desde el oeste. Oisans y el Col de la Lauze.<\/figcaption><\/figure>\n<\/div>\n\n\n<p>An\u00edmese, s\u00f3lo hay 450 metros de ascenso en 3 kil\u00f3metros, lo que significa una media de 15% para terminar. Parece una enorme pendiente pelada que se puede subir (muy) parcialmente en bicicleta de monta\u00f1a, siguiendo los zigzags bien marcados del sendero. El paisaje es totalmente mineral. En el suelo encontramos restos de las zonas fortificadas, concretamente postes met\u00e1licos y alambre de espino. Un enorme cable met\u00e1lico que recorre cientos de metros en el suelo puede ser la prueba del telef\u00e9rico? Impresionante: las vistas, por supuesto, pero no hay que olvidar tambi\u00e9n el viento. Ser\u00e1 imposible bajarse de la bicicleta por miedo a salir despedido contra la pared o ladera abajo.<\/p>\n\n\n<div class=\"wp-block-image\">\n<figure class=\"aligncenter size-full\"><img loading=\"lazy\" decoding=\"async\" width=\"800\" height=\"600\" src=\"https:\/\/centcols.org\/wp-content\/uploads\/2026\/02\/upscaled-modified-9.jpg\" alt=\"\" class=\"wp-image-94279\" srcset=\"https:\/\/centcols.org\/wp-content\/uploads\/2026\/02\/upscaled-modified-9.jpg 800w, https:\/\/centcols.org\/wp-content\/uploads\/2026\/02\/upscaled-modified-9-768x576.jpg 768w, https:\/\/centcols.org\/wp-content\/uploads\/2026\/02\/upscaled-modified-9-16x12.jpg 16w\" sizes=\"auto, (max-width: 800px) 100vw, 800px\" \/><figcaption class=\"wp-element-caption\">Desde la cima de la monta\u00f1a, el Col du Chaberton.<\/figcaption><\/figure>\n<\/div>\n\n<div class=\"wp-block-image\">\n<figure class=\"aligncenter size-full\"><img loading=\"lazy\" decoding=\"async\" width=\"800\" height=\"600\" src=\"https:\/\/centcols.org\/wp-content\/uploads\/2026\/02\/upscaled-modified-14.jpg\" alt=\"\" class=\"wp-image-94280\" srcset=\"https:\/\/centcols.org\/wp-content\/uploads\/2026\/02\/upscaled-modified-14.jpg 800w, https:\/\/centcols.org\/wp-content\/uploads\/2026\/02\/upscaled-modified-14-768x576.jpg 768w, https:\/\/centcols.org\/wp-content\/uploads\/2026\/02\/upscaled-modified-14-16x12.jpg 16w\" sizes=\"auto, (max-width: 800px) 100vw, 800px\" \/><figcaption class=\"wp-element-caption\">Altitud 3000 m, las \u00faltimas rampas.<\/figcaption><\/figure>\n<\/div>\n\n\n<p>En cuarenta minutos, llegas casi sorprendido al glacis final y te preguntas si la subida ya ha terminado. La plataforma, sorprendentemente plana, horizontal y sin una sola brizna de hierba, s\u00f3lo tiene unas decenas de metros cuadrados. A su alrededor, m\u00e1s de 1.500 metros de vac\u00edo impresionan. Bien ocultas por el glacis del lado franc\u00e9s, pueden verse las ocho torretas de mamposter\u00eda que serv\u00edan de soporte a los ca\u00f1ones.<\/p>\n\n\n\n<p>Parecen casi intactas. El fuerte en s\u00ed muestra galer\u00edas abovedadas en buen estado y restos de las \u00faltimas nieves. Un grupo de italianos merienda en el refugio. La vivienda y los dormitorios est\u00e1n mucho m\u00e1s abajo, en una plataforma bien oculta al noreste.<br>Como el tiempo amenaza, no hay tiempo para entretenerse, y una tormenta en estas laderas desnudas debe de ser un calvario bastante desagradable.<\/p>\n\n\n<div class=\"wp-block-image\">\n<figure class=\"aligncenter size-full\"><img loading=\"lazy\" decoding=\"async\" width=\"800\" height=\"600\" src=\"https:\/\/centcols.org\/wp-content\/uploads\/2026\/02\/upscaled-modified-11.jpg\" alt=\"\" class=\"wp-image-94281\" srcset=\"https:\/\/centcols.org\/wp-content\/uploads\/2026\/02\/upscaled-modified-11.jpg 800w, https:\/\/centcols.org\/wp-content\/uploads\/2026\/02\/upscaled-modified-11-768x576.jpg 768w, https:\/\/centcols.org\/wp-content\/uploads\/2026\/02\/upscaled-modified-11-16x12.jpg 16w\" sizes=\"auto, (max-width: 800px) 100vw, 800px\" \/><figcaption class=\"wp-element-caption\">Las torretas y el glacis.<\/figcaption><\/figure>\n<\/div>\n\n<div class=\"wp-block-image\">\n<figure class=\"aligncenter size-full\"><img loading=\"lazy\" decoding=\"async\" width=\"800\" height=\"600\" src=\"https:\/\/centcols.org\/wp-content\/uploads\/2026\/02\/upscaled-modified-12.jpg\" alt=\"\" class=\"wp-image-94282\" srcset=\"https:\/\/centcols.org\/wp-content\/uploads\/2026\/02\/upscaled-modified-12.jpg 800w, https:\/\/centcols.org\/wp-content\/uploads\/2026\/02\/upscaled-modified-12-768x576.jpg 768w, https:\/\/centcols.org\/wp-content\/uploads\/2026\/02\/upscaled-modified-12-16x12.jpg 16w\" sizes=\"auto, (max-width: 800px) 100vw, 800px\" \/><figcaption class=\"wp-element-caption\">El Monte Frait\u00e8ve y las crestas de Sestri\u00e8res.<\/figcaption><\/figure>\n<\/div>\n\n<div class=\"wp-block-image\">\n<figure class=\"aligncenter size-full\"><img loading=\"lazy\" decoding=\"async\" width=\"800\" height=\"600\" src=\"https:\/\/centcols.org\/wp-content\/uploads\/2026\/02\/upscaled-modified-13.jpg\" alt=\"\" class=\"wp-image-94283\" srcset=\"https:\/\/centcols.org\/wp-content\/uploads\/2026\/02\/upscaled-modified-13.jpg 800w, https:\/\/centcols.org\/wp-content\/uploads\/2026\/02\/upscaled-modified-13-768x576.jpg 768w, https:\/\/centcols.org\/wp-content\/uploads\/2026\/02\/upscaled-modified-13-16x12.jpg 16w\" sizes=\"auto, (max-width: 800px) 100vw, 800px\" \/><figcaption class=\"wp-element-caption\">Dentro del fuerte.<\/figcaption><\/figure>\n<\/div>\n\n\n<h2 class=\"wp-block-heading\">El descenso<\/h2>\n\n\n\n<p>La precauci\u00f3n y la marcha est\u00e1n a la orden del d\u00eda durante los primeros kil\u00f3metros del descenso, aunque un buen ciclista de monta\u00f1a con buen tiempo no tendr\u00eda ninguna dificultad. La ligera lluvia, que ahora cae horizontalmente, ti\u00f1e los guijarros de preciosos tonos claros y oscuros. Las constantes r\u00e1fagas de viento nos disuadieron de subir a la bicicleta.<\/p>\n\n\n<div class=\"wp-block-image\">\n<figure class=\"aligncenter size-full\"><img loading=\"lazy\" decoding=\"async\" width=\"800\" height=\"600\" src=\"https:\/\/centcols.org\/wp-content\/uploads\/2026\/02\/upscaled-modified-10.jpg\" alt=\"\" class=\"wp-image-94284\" srcset=\"https:\/\/centcols.org\/wp-content\/uploads\/2026\/02\/upscaled-modified-10.jpg 800w, https:\/\/centcols.org\/wp-content\/uploads\/2026\/02\/upscaled-modified-10-768x576.jpg 768w, https:\/\/centcols.org\/wp-content\/uploads\/2026\/02\/upscaled-modified-10-16x12.jpg 16w\" sizes=\"auto, (max-width: 800px) 100vw, 800px\" \/><figcaption class=\"wp-element-caption\">El puerto visto desde la cima. A la izquierda, el Col des Trois Fr\u00e8res Mineurs.<\/figcaption><\/figure>\n<\/div>\n\n<div class=\"wp-block-image\">\n<figure class=\"aligncenter size-full\"><img loading=\"lazy\" decoding=\"async\" width=\"448\" height=\"600\" src=\"https:\/\/centcols.org\/wp-content\/uploads\/2026\/02\/upscaled-modified-8.jpg\" alt=\"\" class=\"wp-image-94285\" srcset=\"https:\/\/centcols.org\/wp-content\/uploads\/2026\/02\/upscaled-modified-8.jpg 448w, https:\/\/centcols.org\/wp-content\/uploads\/2026\/02\/upscaled-modified-8-9x12.jpg 9w\" sizes=\"auto, (max-width: 448px) 100vw, 448px\" \/><figcaption class=\"wp-element-caption\">Al paso.<\/figcaption><\/figure>\n<\/div>\n\n\n<p>Alivio al llegar al puerto y sumergirnos en la resguardada vertiente italiana. Nos cruzamos con varios ciclistas de monta\u00f1a que se disponen a subir el puerto. Cont\u00e9 un total de 18 en este d\u00eda de agosto. Al mirarlos, me doy cuenta de que no todos est\u00e1n equipados para alcanzar la cumbre. Hab\u00eda alemanes, suizos e italianos, pero ning\u00fan franc\u00e9s ese d\u00eda. Pero, a pesar de todo, \u00a1qu\u00e9 \u00e9xito este Mont Chaberton!<br>No nos cuesta encontrar la marca 2099. En este punto tomamos la pista forestal que se dirige hacia el sur por bosques y prados. El objetivo es encontrar el Colletto di Cresta Nera (<a href=\"\/es\/util\/geo\/visu.php\/?code=IT-TO-2201\">IT-TO-2201<\/a>) siguiendo un f\u00e1cil S3 durante 1,5 km. Pero ocurri\u00f3 algo t\u00edpico de esta zona del Piamonte italiano, ya que nos vimos r\u00e1pidamente alertados e intrigados por unos ladridos que se hac\u00edan cada vez m\u00e1s fuertes a medida que los perros se acercaban a nosotros. Vimos aparecer frente a nosotros a dos grandes patous desde su zona de guardia situada m\u00e1s abajo. A lo largo de toda la ruta fuimos alertados por se\u00f1ales que indicaban la presencia de estos perros guardianes. Frente a estos pastores no debemos cometer ning\u00fan error, no debemos provocarlos ni mostrarnos valientes. Opto por hacerme muy peque\u00f1o protegi\u00e9ndome detr\u00e1s de mi moto. Los patous se acercan y me olfatean. Para que os hag\u00e1is una idea de su tama\u00f1o, veo que tienen la cabeza a la altura de la tija del sill\u00edn. Despu\u00e9s de olisquearme durante unos segundos, los perros deciden abandonarme, probablemente porque consideran que no represento una amenaza real para su manada. Por suerte, no conoc\u00edan mi gusto por la pierna de cordero. Antes de marcharse, uno de los perros se ocup\u00f3 de mear en mi rueda trasera. Se han ido y puedo volver a la carretera. Son criaturitas simp\u00e1ticas y bonitas, pero \u00abno son delicadas\u00bb, como dicen los lugare\u00f1os. Hay que tener cuidado ante todo, as\u00ed que ya est\u00e1is avisados.<\/p>\n\n\n<div class=\"wp-block-image\">\n<figure class=\"aligncenter size-full\"><img loading=\"lazy\" decoding=\"async\" width=\"800\" height=\"600\" src=\"https:\/\/centcols.org\/wp-content\/uploads\/2026\/02\/upscaled-modified-15.jpg\" alt=\"\" class=\"wp-image-94286\" srcset=\"https:\/\/centcols.org\/wp-content\/uploads\/2026\/02\/upscaled-modified-15.jpg 800w, https:\/\/centcols.org\/wp-content\/uploads\/2026\/02\/upscaled-modified-15-768x576.jpg 768w, https:\/\/centcols.org\/wp-content\/uploads\/2026\/02\/upscaled-modified-15-16x12.jpg 16w\" sizes=\"auto, (max-width: 800px) 100vw, 800px\" \/><figcaption class=\"wp-element-caption\">Una visita de los patous.<\/figcaption><\/figure>\n<\/div>\n\n<div class=\"wp-block-image\">\n<figure class=\"aligncenter size-full\"><img loading=\"lazy\" decoding=\"async\" width=\"800\" height=\"600\" src=\"https:\/\/centcols.org\/wp-content\/uploads\/2026\/02\/upscaled-modified-16.jpg\" alt=\"\" class=\"wp-image-94287\" srcset=\"https:\/\/centcols.org\/wp-content\/uploads\/2026\/02\/upscaled-modified-16.jpg 800w, https:\/\/centcols.org\/wp-content\/uploads\/2026\/02\/upscaled-modified-16-768x576.jpg 768w, https:\/\/centcols.org\/wp-content\/uploads\/2026\/02\/upscaled-modified-16-16x12.jpg 16w\" sizes=\"auto, (max-width: 800px) 100vw, 800px\" \/><figcaption class=\"wp-element-caption\">Hacia el Colletto di Cresta Nera.<\/figcaption><\/figure>\n<\/div>\n\n\n<p>El regreso desde el Colletto di Cresta Nera fue tranquilo, a pesar de algunos ladridos en la distancia. Los frenos trabajaron duro en este descenso. De vuelta a la carretera de Cesana, me encontr\u00e9 con un poco de subida para terminar. Una gran experiencia para cualquiera que ame las monta\u00f1as y su grandiosa soledad.<\/p>\n\n\n<div class=\"wp-block-image\">\n<figure class=\"aligncenter size-full\"><img loading=\"lazy\" decoding=\"async\" width=\"800\" height=\"600\" src=\"https:\/\/centcols.org\/wp-content\/uploads\/2026\/02\/upscaled-modified-18.jpg\" alt=\"\" class=\"wp-image-94288\" srcset=\"https:\/\/centcols.org\/wp-content\/uploads\/2026\/02\/upscaled-modified-18.jpg 800w, https:\/\/centcols.org\/wp-content\/uploads\/2026\/02\/upscaled-modified-18-768x576.jpg 768w, https:\/\/centcols.org\/wp-content\/uploads\/2026\/02\/upscaled-modified-18-16x12.jpg 16w\" sizes=\"auto, (max-width: 800px) 100vw, 800px\" \/><figcaption class=\"wp-element-caption\">La cara este del Monte Chaberton, vista desde el Colletto di Cresta Nera.<\/figcaption><\/figure>\n<\/div>\n\n<div class=\"wp-block-image\">\n<figure class=\"aligncenter size-full\"><img loading=\"lazy\" decoding=\"async\" width=\"800\" height=\"600\" src=\"https:\/\/centcols.org\/wp-content\/uploads\/2026\/02\/upscaled-modified-17.jpg\" alt=\"\" class=\"wp-image-94289\" srcset=\"https:\/\/centcols.org\/wp-content\/uploads\/2026\/02\/upscaled-modified-17.jpg 800w, https:\/\/centcols.org\/wp-content\/uploads\/2026\/02\/upscaled-modified-17-768x576.jpg 768w, https:\/\/centcols.org\/wp-content\/uploads\/2026\/02\/upscaled-modified-17-16x12.jpg 16w\" sizes=\"auto, (max-width: 800px) 100vw, 800px\" \/><figcaption class=\"wp-element-caption\">Apilar los cordones entre 2000 y 2200 m.<\/figcaption><\/figure>\n<\/div>\n\n\n<p>Fue el 7 de agosto de 2008 para mis n\u00fameros de pase 2972 y 2973 y para m\u00ed represent\u00f3 mis Juegos Ol\u00edmpicos.<\/p>","protected":false},"excerpt":{"rendered":"<p>Texte et cr\u00e9dits photos Philippe Girardin Le mont Chaberton, qui culmine \u00e0 3131&nbsp;m, est un v\u00e9ritable \u00ab\u00a0must\u00a0\u00bb accessible \u00e0 VTT. Le mont Chaberton ainsi que le col du Chaberton (FR-05-2674) sont raisonnablement accessibles \u00e0 VTT en d\u00e9pit des 1900\u00a0m de d\u00e9nivel\u00e9 qui en d\u00e9fendent l\u2019acc\u00e8s du c\u00f4t\u00e9 italien. La piste a \u00e9t\u00e9 refaite avec soin [&hellip;]<\/p>\n","protected":false},"author":485,"featured_media":94294,"comment_status":"closed","ping_status":"closed","sticky":false,"template":"","format":"standard","meta":{"_acf_changed":false,"footnotes":""},"categories":[308],"tags":[],"class_list":["post-93373","post","type-post","status-publish","format-standard","has-post-thumbnail","hentry","category-cols-en-vrac"],"acf":[],"yoast_head":"<!-- This site is optimized with the Yoast SEO plugin v27.2 - https:\/\/yoast.com\/product\/yoast-seo-wordpress\/ -->\n<title>Le mont Chaberton - Club des Cent Cols<\/title>\n<meta name=\"robots\" content=\"index, follow, max-snippet:-1, max-image-preview:large, max-video-preview:-1\" \/>\n<link rel=\"canonical\" href=\"https:\/\/centcols.org\/es\/monte-chaberton\/\" \/>\n<meta property=\"og:locale\" content=\"es_ES\" \/>\n<meta property=\"og:type\" content=\"article\" \/>\n<meta property=\"og:title\" content=\"Le mont Chaberton - Club des Cent Cols\" \/>\n<meta property=\"og:description\" content=\"Texte et cr\u00e9dits photos Philippe Girardin Le mont Chaberton, qui culmine \u00e0 3131&nbsp;m, est un v\u00e9ritable \u00ab\u00a0must\u00a0\u00bb accessible \u00e0 VTT. Le mont Chaberton ainsi que le col du Chaberton (FR-05-2674) sont raisonnablement accessibles \u00e0 VTT en d\u00e9pit des 1900\u00a0m de d\u00e9nivel\u00e9 qui en d\u00e9fendent l\u2019acc\u00e8s du c\u00f4t\u00e9 italien. La piste a \u00e9t\u00e9 refaite avec soin [&hellip;]\" \/>\n<meta property=\"og:url\" content=\"https:\/\/centcols.org\/es\/monte-chaberton\/\" \/>\n<meta property=\"og:site_name\" content=\"Club des Cent Cols\" \/>\n<meta property=\"article:publisher\" content=\"https:\/\/www.facebook.com\/groups\/5261880558\/?locale=fr_FR\" \/>\n<meta property=\"article:published_time\" content=\"2026-03-21T07:08:19+00:00\" \/>\n<meta property=\"article:modified_time\" content=\"2026-03-21T07:08:24+00:00\" \/>\n<meta property=\"og:image\" content=\"https:\/\/centcols.org\/wp-content\/uploads\/2026\/02\/8908-3.jpg\" \/>\n\t<meta property=\"og:image:width\" content=\"800\" \/>\n\t<meta property=\"og:image:height\" content=\"600\" \/>\n\t<meta property=\"og:image:type\" content=\"image\/jpeg\" \/>\n<meta name=\"author\" content=\"Jean-No\u00ebl Jagoda\" \/>\n<meta name=\"twitter:card\" content=\"summary_large_image\" \/>\n<meta name=\"twitter:label1\" content=\"Escrito por\" \/>\n\t<meta name=\"twitter:data1\" content=\"Jean-No\u00ebl Jagoda\" \/>\n\t<meta name=\"twitter:label2\" content=\"Tiempo de lectura\" \/>\n\t<meta name=\"twitter:data2\" content=\"14 minutos\" \/>\n<script type=\"application\/ld+json\" class=\"yoast-schema-graph\">{\"@context\":\"https:\/\/schema.org\",\"@graph\":[{\"@type\":\"Article\",\"@id\":\"https:\/\/centcols.org\/le-mont-chaberton\/#article\",\"isPartOf\":{\"@id\":\"https:\/\/centcols.org\/le-mont-chaberton\/\"},\"author\":{\"name\":\"Jean-No\u00ebl Jagoda\",\"@id\":\"https:\/\/centcols.org\/#\/schema\/person\/30f4299f11521fed498f98ecf9d71664\"},\"headline\":\"Le mont Chaberton\",\"datePublished\":\"2026-03-21T07:08:19+00:00\",\"dateModified\":\"2026-03-21T07:08:24+00:00\",\"mainEntityOfPage\":{\"@id\":\"https:\/\/centcols.org\/le-mont-chaberton\/\"},\"wordCount\":2308,\"publisher\":{\"@id\":\"https:\/\/centcols.org\/#organization\"},\"image\":{\"@id\":\"https:\/\/centcols.org\/le-mont-chaberton\/#primaryimage\"},\"thumbnailUrl\":\"https:\/\/centcols.org\/wp-content\/uploads\/2026\/02\/8908-3.jpg\",\"articleSection\":[\"Cols en vrac\"],\"inLanguage\":\"es\"},{\"@type\":\"WebPage\",\"@id\":\"https:\/\/centcols.org\/le-mont-chaberton\/\",\"url\":\"https:\/\/centcols.org\/le-mont-chaberton\/\",\"name\":\"Le mont Chaberton - Club des Cent Cols\",\"isPartOf\":{\"@id\":\"https:\/\/centcols.org\/#website\"},\"primaryImageOfPage\":{\"@id\":\"https:\/\/centcols.org\/le-mont-chaberton\/#primaryimage\"},\"image\":{\"@id\":\"https:\/\/centcols.org\/le-mont-chaberton\/#primaryimage\"},\"thumbnailUrl\":\"https:\/\/centcols.org\/wp-content\/uploads\/2026\/02\/8908-3.jpg\",\"datePublished\":\"2026-03-21T07:08:19+00:00\",\"dateModified\":\"2026-03-21T07:08:24+00:00\",\"breadcrumb\":{\"@id\":\"https:\/\/centcols.org\/le-mont-chaberton\/#breadcrumb\"},\"inLanguage\":\"es\",\"potentialAction\":[{\"@type\":\"ReadAction\",\"target\":[\"https:\/\/centcols.org\/le-mont-chaberton\/\"]}]},{\"@type\":\"ImageObject\",\"inLanguage\":\"es\",\"@id\":\"https:\/\/centcols.org\/le-mont-chaberton\/#primaryimage\",\"url\":\"https:\/\/centcols.org\/wp-content\/uploads\/2026\/02\/8908-3.jpg\",\"contentUrl\":\"https:\/\/centcols.org\/wp-content\/uploads\/2026\/02\/8908-3.jpg\",\"width\":800,\"height\":600},{\"@type\":\"BreadcrumbList\",\"@id\":\"https:\/\/centcols.org\/le-mont-chaberton\/#breadcrumb\",\"itemListElement\":[{\"@type\":\"ListItem\",\"position\":1,\"name\":\"Accueil\",\"item\":\"https:\/\/centcols.org\/\"},{\"@type\":\"ListItem\",\"position\":2,\"name\":\"Cols en vrac\",\"item\":\"https:\/\/centcols.org\/rubrique\/cols-en-vrac\/\"},{\"@type\":\"ListItem\",\"position\":3,\"name\":\"Le mont Chaberton\"}]},{\"@type\":\"WebSite\",\"@id\":\"https:\/\/centcols.org\/#website\",\"url\":\"https:\/\/centcols.org\/\",\"name\":\"Club des Cent Cols\",\"description\":\"\",\"publisher\":{\"@id\":\"https:\/\/centcols.org\/#organization\"},\"potentialAction\":[{\"@type\":\"SearchAction\",\"target\":{\"@type\":\"EntryPoint\",\"urlTemplate\":\"https:\/\/centcols.org\/?s={search_term_string}\"},\"query-input\":{\"@type\":\"PropertyValueSpecification\",\"valueRequired\":true,\"valueName\":\"search_term_string\"}}],\"inLanguage\":\"es\"},{\"@type\":\"Organization\",\"@id\":\"https:\/\/centcols.org\/#organization\",\"name\":\"Club des Cent Cols\",\"url\":\"https:\/\/centcols.org\/\",\"logo\":{\"@type\":\"ImageObject\",\"inLanguage\":\"es\",\"@id\":\"https:\/\/centcols.org\/#\/schema\/logo\/image\/\",\"url\":\"https:\/\/centcols.org\/wp-content\/uploads\/2025\/01\/carte-icone.png\",\"contentUrl\":\"https:\/\/centcols.org\/wp-content\/uploads\/2025\/01\/carte-icone.png\",\"width\":250,\"height\":250,\"caption\":\"Club des Cent Cols\"},\"image\":{\"@id\":\"https:\/\/centcols.org\/#\/schema\/logo\/image\/\"},\"sameAs\":[\"https:\/\/www.facebook.com\/groups\/5261880558\/?locale=fr_FR\"]},{\"@type\":\"Person\",\"@id\":\"https:\/\/centcols.org\/#\/schema\/person\/30f4299f11521fed498f98ecf9d71664\",\"name\":\"Jean-No\u00ebl Jagoda\",\"image\":{\"@type\":\"ImageObject\",\"inLanguage\":\"es\",\"@id\":\"https:\/\/centcols.org\/wp-content\/litespeed\/avatar\/4a9472068cd97156227754c35cd56ded.jpg?ver=1777248804\",\"url\":\"https:\/\/centcols.org\/wp-content\/litespeed\/avatar\/4a9472068cd97156227754c35cd56ded.jpg?ver=1777248804\",\"contentUrl\":\"https:\/\/centcols.org\/wp-content\/litespeed\/avatar\/4a9472068cd97156227754c35cd56ded.jpg?ver=1777248804\",\"caption\":\"Jean-No\u00ebl Jagoda\"},\"url\":\"https:\/\/centcols.org\/es\/author\/7270\/\"}]}<\/script>\n<!-- \/ Yoast SEO plugin. -->","yoast_head_json":{"title":"Monte Chaberton - Club des Cent Cols","robots":{"index":"index","follow":"follow","max-snippet":"max-snippet:-1","max-image-preview":"max-image-preview:large","max-video-preview":"max-video-preview:-1"},"canonical":"https:\/\/centcols.org\/es\/monte-chaberton\/","og_locale":"es_ES","og_type":"article","og_title":"Le mont Chaberton - Club des Cent Cols","og_description":"Texte et cr\u00e9dits photos Philippe Girardin Le mont Chaberton, qui culmine \u00e0 3131&nbsp;m, est un v\u00e9ritable \u00ab\u00a0must\u00a0\u00bb accessible \u00e0 VTT. Le mont Chaberton ainsi que le col du Chaberton (FR-05-2674) sont raisonnablement accessibles \u00e0 VTT en d\u00e9pit des 1900\u00a0m de d\u00e9nivel\u00e9 qui en d\u00e9fendent l\u2019acc\u00e8s du c\u00f4t\u00e9 italien. La piste a \u00e9t\u00e9 refaite avec soin [&hellip;]","og_url":"https:\/\/centcols.org\/es\/monte-chaberton\/","og_site_name":"Club des Cent Cols","article_publisher":"https:\/\/www.facebook.com\/groups\/5261880558\/?locale=fr_FR","article_published_time":"2026-03-21T07:08:19+00:00","article_modified_time":"2026-03-21T07:08:24+00:00","og_image":[{"width":800,"height":600,"url":"https:\/\/centcols.org\/wp-content\/uploads\/2026\/02\/8908-3.jpg","type":"image\/jpeg"}],"author":"Jean-No\u00ebl Jagoda","twitter_card":"summary_large_image","twitter_misc":{"Escrito por":"Jean-No\u00ebl Jagoda","Tiempo de lectura":"14 minutos"},"schema":{"@context":"https:\/\/schema.org","@graph":[{"@type":"Article","@id":"https:\/\/centcols.org\/le-mont-chaberton\/#article","isPartOf":{"@id":"https:\/\/centcols.org\/le-mont-chaberton\/"},"author":{"name":"Jean-No\u00ebl Jagoda","@id":"https:\/\/centcols.org\/#\/schema\/person\/30f4299f11521fed498f98ecf9d71664"},"headline":"Le mont Chaberton","datePublished":"2026-03-21T07:08:19+00:00","dateModified":"2026-03-21T07:08:24+00:00","mainEntityOfPage":{"@id":"https:\/\/centcols.org\/le-mont-chaberton\/"},"wordCount":2308,"publisher":{"@id":"https:\/\/centcols.org\/#organization"},"image":{"@id":"https:\/\/centcols.org\/le-mont-chaberton\/#primaryimage"},"thumbnailUrl":"https:\/\/centcols.org\/wp-content\/uploads\/2026\/02\/8908-3.jpg","articleSection":["Cols en vrac"],"inLanguage":"es"},{"@type":"WebPage","@id":"https:\/\/centcols.org\/le-mont-chaberton\/","url":"https:\/\/centcols.org\/le-mont-chaberton\/","name":"Monte Chaberton - Club des Cent Cols","isPartOf":{"@id":"https:\/\/centcols.org\/#website"},"primaryImageOfPage":{"@id":"https:\/\/centcols.org\/le-mont-chaberton\/#primaryimage"},"image":{"@id":"https:\/\/centcols.org\/le-mont-chaberton\/#primaryimage"},"thumbnailUrl":"https:\/\/centcols.org\/wp-content\/uploads\/2026\/02\/8908-3.jpg","datePublished":"2026-03-21T07:08:19+00:00","dateModified":"2026-03-21T07:08:24+00:00","breadcrumb":{"@id":"https:\/\/centcols.org\/le-mont-chaberton\/#breadcrumb"},"inLanguage":"es","potentialAction":[{"@type":"ReadAction","target":["https:\/\/centcols.org\/le-mont-chaberton\/"]}]},{"@type":"ImageObject","inLanguage":"es","@id":"https:\/\/centcols.org\/le-mont-chaberton\/#primaryimage","url":"https:\/\/centcols.org\/wp-content\/uploads\/2026\/02\/8908-3.jpg","contentUrl":"https:\/\/centcols.org\/wp-content\/uploads\/2026\/02\/8908-3.jpg","width":800,"height":600},{"@type":"BreadcrumbList","@id":"https:\/\/centcols.org\/le-mont-chaberton\/#breadcrumb","itemListElement":[{"@type":"ListItem","position":1,"name":"Accueil","item":"https:\/\/centcols.org\/"},{"@type":"ListItem","position":2,"name":"Cols en vrac","item":"https:\/\/centcols.org\/rubrique\/cols-en-vrac\/"},{"@type":"ListItem","position":3,"name":"Le mont Chaberton"}]},{"@type":"WebSite","@id":"https:\/\/centcols.org\/#website","url":"https:\/\/centcols.org\/","name":"Club des Cent Cols","description":"","publisher":{"@id":"https:\/\/centcols.org\/#organization"},"potentialAction":[{"@type":"SearchAction","target":{"@type":"EntryPoint","urlTemplate":"https:\/\/centcols.org\/?s={search_term_string}"},"query-input":{"@type":"PropertyValueSpecification","valueRequired":true,"valueName":"search_term_string"}}],"inLanguage":"es"},{"@type":"Organization","@id":"https:\/\/centcols.org\/#organization","name":"Club des Cent Cols","url":"https:\/\/centcols.org\/","logo":{"@type":"ImageObject","inLanguage":"es","@id":"https:\/\/centcols.org\/#\/schema\/logo\/image\/","url":"https:\/\/centcols.org\/wp-content\/uploads\/2025\/01\/carte-icone.png","contentUrl":"https:\/\/centcols.org\/wp-content\/uploads\/2025\/01\/carte-icone.png","width":250,"height":250,"caption":"Club des Cent Cols"},"image":{"@id":"https:\/\/centcols.org\/#\/schema\/logo\/image\/"},"sameAs":["https:\/\/www.facebook.com\/groups\/5261880558\/?locale=fr_FR"]},{"@type":"Person","@id":"https:\/\/centcols.org\/#\/schema\/person\/30f4299f11521fed498f98ecf9d71664","name":"Jean-No\u00ebl Jagoda","image":{"@type":"ImageObject","inLanguage":"es","@id":"https:\/\/centcols.org\/wp-content\/litespeed\/avatar\/4a9472068cd97156227754c35cd56ded.jpg?ver=1777248804","url":"https:\/\/centcols.org\/wp-content\/litespeed\/avatar\/4a9472068cd97156227754c35cd56ded.jpg?ver=1777248804","contentUrl":"https:\/\/centcols.org\/wp-content\/litespeed\/avatar\/4a9472068cd97156227754c35cd56ded.jpg?ver=1777248804","caption":"Jean-No\u00ebl Jagoda"},"url":"https:\/\/centcols.org\/es\/author\/7270\/"}]}},"_links":{"self":[{"href":"https:\/\/centcols.org\/es\/wp-json\/wp\/v2\/posts\/93373","targetHints":{"allow":["GET"]}}],"collection":[{"href":"https:\/\/centcols.org\/es\/wp-json\/wp\/v2\/posts"}],"about":[{"href":"https:\/\/centcols.org\/es\/wp-json\/wp\/v2\/types\/post"}],"author":[{"embeddable":true,"href":"https:\/\/centcols.org\/es\/wp-json\/wp\/v2\/users\/485"}],"replies":[{"embeddable":true,"href":"https:\/\/centcols.org\/es\/wp-json\/wp\/v2\/comments?post=93373"}],"version-history":[{"count":0,"href":"https:\/\/centcols.org\/es\/wp-json\/wp\/v2\/posts\/93373\/revisions"}],"wp:featuredmedia":[{"embeddable":true,"href":"https:\/\/centcols.org\/es\/wp-json\/wp\/v2\/media\/94294"}],"wp:attachment":[{"href":"https:\/\/centcols.org\/es\/wp-json\/wp\/v2\/media?parent=93373"}],"wp:term":[{"taxonomy":"category","embeddable":true,"href":"https:\/\/centcols.org\/es\/wp-json\/wp\/v2\/categories?post=93373"},{"taxonomy":"post_tag","embeddable":true,"href":"https:\/\/centcols.org\/es\/wp-json\/wp\/v2\/tags?post=93373"}],"curies":[{"name":"wp","href":"https:\/\/api.w.org\/{rel}","templated":true}]}}