{"id":93632,"date":"2026-02-10T18:55:15","date_gmt":"2026-02-10T16:55:15","guid":{"rendered":"https:\/\/centcols.org\/?p=93632"},"modified":"2026-02-17T17:45:52","modified_gmt":"2026-02-17T15:45:52","slug":"el-guillestrois-como-campamento-base","status":"publish","type":"post","link":"https:\/\/centcols.org\/es\/le-guillestrois-comme-camp-de-base\/","title":{"rendered":"\u00a1Los Guillestrois como campamento base!"},"content":{"rendered":"\n<p>Cette micro-r\u00e9gion du d\u00e9partement des Hautes-Alpes et de la Provence se trouve \u00e0 la confluence de la vall\u00e9e de la Durance qui descend du nord et du Guil, venant de l\u2019est et drainant l\u2019enclave du Queyras.<br>Au sud, on trouve Embrun et son lac, et au nord se situe Brian\u00e7on, le col du Lautaret ou le col de Montgen\u00e8vre qui communique avec l\u2019Italie. \u00c0 l\u2019est se trouve donc le Queyras si pittoresque. Celui-ci s\u2019ouvre sur l\u2019Italie par le col Agnel, sur Brian\u00e7on par le col d\u2019Izoard et sur Guillestre par la combe du Queyras et les gorges du Guil. Au sud-est, le col de Vars permet l\u2019acc\u00e8s \u00e0 la vall\u00e9e de l\u2019Ubaye et Barcelonnette. Tout le flanc ouest est barr\u00e9 par le massif granitique des \u00c9crins (Barre des \u00c9crins 4102m).<br>Elle fait partie des Alpes du sud, sous influence m\u00e9diterran\u00e9enne au climat ensoleill\u00e9, au temps sec et clair, et \u00e0 la pr\u00e9sence mod\u00e9r\u00e9e de mistral.<br>R\u00e9gion fortement touristique, hiver comme \u00e9t\u00e9, elle poss\u00e8de une grande vari\u00e9t\u00e9 et capacit\u00e9 d\u2019h\u00e9bergement. On y trouve quelques cols routiers (pas loin d\u2019une vingtaine \u00e0 moins de 100km), des cols muletiers faciles, des durs et des extr\u00eamement difficiles.<\/p>\n\n\n\n<p>Les parcours routiers (macadam ou piste roulante) sont cit\u00e9s en \u00e9criture droite, <em>et en \u00e9criture pench\u00e9e la continuit\u00e9 sur piste plus difficile ou sentier. <\/em>Quelques hauts cols sont cit\u00e9s, parfois en l\u2019absence de chemin figurant sur les Top 25. Les distances et les itin\u00e9raires routiers sont donn\u00e9s \u00e0 partir du carrefour N94\/D902A, situ\u00e9 \u00e0 4km \u00e0 l\u2019ouest de Guillestre. La description se fait d\u2019abord en descendant la rive gauche de la Durance de Guillestre jusqu\u2019au col de Pontis, puis en remontant la rive droite de R\u00e9allon jusqu\u2019\u00e0 Vallouise. Elle reprend rive gauche de la Durance de La Roche-de-Rame jusqu\u2019\u00e0 Mont-Dauphin pour continuer dans le Queyras, en faisant le tour par le nord, l\u2019est et le sud.<\/p>\n\n\n\n<div class=\"wp-block-group is-vertical is-layout-flex wp-container-core-group-is-layout-8cf370e7 wp-block-group-is-layout-flex\">\n<p class=\"has-text-color has-link-color wp-elements-1d975ce546cad317a1731ce02b3941dd\" style=\"color:#a43200\">La couleur marron est utilis\u00e9e chaque fois qu\u2019un parcours est d\u00e9crit ou cot\u00e9 par au moins un cyclo-randonneur, et son nom est cit\u00e9 par ses initiales, sauf demande contraire.<\/p>\n\n\n\n<ul class=\"wp-block-list\">\n<li class=\"has-text-color has-link-color wp-elements-b5de41b0dd8c379fd33d2b1a8ecfbd49\" style=\"color:#a43200\">M.B. pour Michel de Brebisson<\/li>\n\n\n\n<li class=\"has-text-color has-link-color wp-elements-3a1472dcf2c6c2fd7f7371883594c3af\" style=\"color:#a43200\">R.P. pour Ren\u00e9 Poty<\/li>\n\n\n\n<li class=\"has-text-color has-link-color wp-elements-6b72ba2477c15cdeb3b99792f63c797e\" style=\"color:#a43200\">JP.B. pour Jean-Philippe Briquet<\/li>\n\n\n\n<li class=\"has-text-color has-link-color wp-elements-28c2640db809a8d7f2bf34b2a76d2193\" style=\"color:#a43200\">B.G. pour Bernard Giraudeau<\/li>\n\n\n\n<li class=\"has-text-color has-link-color wp-elements-8bb202af4c85fe7e448b3f6753115dca\" style=\"color:#a43200\">R.G. pour Roland Grimaud<\/li>\n\n\n\n<li class=\"has-text-color has-link-color wp-elements-04b981a66ee8822758e04c268d8bb549\" style=\"color:#a43200\">R.C. pour Raymond Charras<\/li>\n<\/ul>\n<\/div>\n\n\n\n<div style=\"height:30px\" aria-hidden=\"true\" class=\"wp-block-spacer\"><\/div>\n\n\n\n<p>Il s\u2019agit d\u2019un inventaire, d\u2019une base de renseignements mais surtout pas d\u2019un guide. Il est souhaitable que cet inventaire progresse en qualit\u00e9 et il progressera chaque fois que quelqu\u2019un fournira des renseignements plus qualitatifs sur les parcours de cette r\u00e9gion. Il ne dispense pas d\u2019une pr\u00e9paration compl\u00e9mentaire \u00e0 tout projet de la part de l\u2019utilisateur et dispense les auteurs de toutes responsabilit\u00e9s.<\/p>\n\n\n\n<p><em><mark style=\"background-color:rgba(0, 0, 0, 0)\" class=\"has-inline-color has-black-color\">NDLR : en 2026 cet article a \u00e9t\u00e9 modifi\u00e9 car certains cols \u00e9voqu\u00e9s se trouvent dans la zone du Parc National des \u00c9crins, ils sont interdits aux cycles et ont \u00e9t\u00e9 retir\u00e9s de la description. Cette situation peut \u00e9voluer \u00e0 tout moment par cons\u00e9quent si vous envisagez d&rsquo;utiliser cet article pour aller dans le Guillestrois v\u00e9rifiez auparavant dans ccWay la possibilit\u00e9 de grimper jusqu&rsquo;aux cols.<\/mark><\/em><\/p>\n\n\n        <div class=\"toc-wrapper\" data-columns=\"3\"\n            data-headings=\"[{&quot;level&quot;:2,&quot;text&quot;:&quot;1) La vall\\u00e9e de la Durance&quot;,&quot;id&quot;:&quot;toc-1-la-vallee-de-la-durance&quot;,&quot;page&quot;:1,&quot;existing_id&quot;:false},{&quot;level&quot;:3,&quot;text&quot;:&quot;A) Risoul-1850&quot;,&quot;id&quot;:&quot;toc-a-risoul-1850&quot;,&quot;page&quot;:1,&quot;existing_id&quot;:false},{&quot;level&quot;:3,&quot;text&quot;:&quot;B) Col de la Coche&quot;,&quot;id&quot;:&quot;toc-b-col-de-la-coche&quot;,&quot;page&quot;:1,&quot;existing_id&quot;:false},{&quot;level&quot;:3,&quot;text&quot;:&quot;C) Vall\\u00e9e de Cr\\u00e9voux&quot;,&quot;id&quot;:&quot;toc-c-vallee-de-crevoux&quot;,&quot;page&quot;:1,&quot;existing_id&quot;:false},{&quot;level&quot;:3,&quot;text&quot;:&quot;D) Les Orres&quot;,&quot;id&quot;:&quot;toc-d-les-orres&quot;,&quot;page&quot;:1,&quot;existing_id&quot;:false},{&quot;level&quot;:3,&quot;text&quot;:&quot;E) Les Fabres - la for\\u00eat de Boscodon&quot;,&quot;id&quot;:&quot;toc-e-les-fabres-la-foret-de-boscodon&quot;,&quot;page&quot;:1,&quot;existing_id&quot;:false},{&quot;level&quot;:3,&quot;text&quot;:&quot;F) Col de Pontis&quot;,&quot;id&quot;:&quot;toc-f-col-de-pontis&quot;,&quot;page&quot;:1,&quot;existing_id&quot;:false},{&quot;level&quot;:3,&quot;text&quot;:&quot;G) R\\u00e9allon Les Gourniers&quot;,&quot;id&quot;:&quot;toc-g-reallon-les-gourniers&quot;,&quot;page&quot;:1,&quot;existing_id&quot;:false},{&quot;level&quot;:3,&quot;text&quot;:&quot;H) Route foresti\\u00e8re du Ch\\u00e2teau de Cal\\u00e9y\\u00e8re&quot;,&quot;id&quot;:&quot;toc-h-route-forestiere-du-chateau-de-caleyere&quot;,&quot;page&quot;:1,&quot;existing_id&quot;:false},{&quot;level&quot;:3,&quot;text&quot;:&quot;I) Vall\\u00e9e du Rabioux&quot;,&quot;id&quot;:&quot;toc-i-vallee-du-rabioux&quot;,&quot;page&quot;:1,&quot;existing_id&quot;:false},{&quot;level&quot;:3,&quot;text&quot;:&quot;J) Vall\\u00e9e du Couleau&quot;,&quot;id&quot;:&quot;toc-j-vallee-du-couleau&quot;,&quot;page&quot;:1,&quot;existing_id&quot;:false},{&quot;level&quot;:3,&quot;text&quot;:&quot;K) Cabane de l&#039;Alp&quot;,&quot;id&quot;:&quot;toc-k-cabane-de-lalp&quot;,&quot;page&quot;:1,&quot;existing_id&quot;:false},{&quot;level&quot;:3,&quot;text&quot;:&quot;L) Vall\\u00e9e de Fressini\\u00e8res&quot;,&quot;id&quot;:&quot;toc-l-vallee-de-fressinieres&quot;,&quot;page&quot;:1,&quot;existing_id&quot;:false},{&quot;level&quot;:3,&quot;text&quot;:&quot;M) Vall\\u00e9e du Fournel&quot;,&quot;id&quot;:&quot;toc-m-vallee-du-fournel&quot;,&quot;page&quot;:1,&quot;existing_id&quot;:false},{&quot;level&quot;:3,&quot;text&quot;:&quot;N) Puy-Saint-Vincent, Narreyroux&quot;,&quot;id&quot;:&quot;toc-n-puy-saint-vincent-narreyroux&quot;,&quot;page&quot;:1,&quot;existing_id&quot;:false},{&quot;level&quot;:3,&quot;text&quot;:&quot;O) Entre Les Aigues&quot;,&quot;id&quot;:&quot;toc-o-entre-les-aigues&quot;,&quot;page&quot;:1,&quot;existing_id&quot;:false},{&quot;level&quot;:3,&quot;text&quot;:&quot;P) Pr\\u00e9 de Madame Carle&quot;,&quot;id&quot;:&quot;toc-p-pre-de-madame-carle&quot;,&quot;page&quot;:1,&quot;existing_id&quot;:false},{&quot;level&quot;:3,&quot;text&quot;:&quot;Q) Vallon de Chambran ou de l&#039;Eychauda&quot;,&quot;id&quot;:&quot;toc-q-vallon-de-chambran-ou-de-leychauda&quot;,&quot;page&quot;:1,&quot;existing_id&quot;:false},{&quot;level&quot;:3,&quot;text&quot;:&quot;R) Les Vigneaux&quot;,&quot;id&quot;:&quot;toc-r-les-vigneaux&quot;,&quot;page&quot;:1,&quot;existing_id&quot;:false},{&quot;level&quot;:3,&quot;text&quot;:&quot;S) Vallon de Bouchouse&quot;,&quot;id&quot;:&quot;toc-s-vallon-de-bouchouse&quot;,&quot;page&quot;:1,&quot;existing_id&quot;:false},{&quot;level&quot;:3,&quot;text&quot;:&quot;T) Col du Lauzet&quot;,&quot;id&quot;:&quot;toc-t-col-du-lauzet&quot;,&quot;page&quot;:1,&quot;existing_id&quot;:false},{&quot;level&quot;:2,&quot;text&quot;:&quot;2) Le Queyras&quot;,&quot;id&quot;:&quot;toc-2-le-queyras&quot;,&quot;page&quot;:1,&quot;existing_id&quot;:false},{&quot;level&quot;:3,&quot;text&quot;:&quot;A) La vall\\u00e9e du torrent de l&#039;Izoard&quot;,&quot;id&quot;:&quot;toc-a-la-vallee-du-torrent-de-lizoard&quot;,&quot;page&quot;:1,&quot;existing_id&quot;:false},{&quot;level&quot;:3,&quot;text&quot;:&quot;B) Les chalets de Clapeyto&quot;,&quot;id&quot;:&quot;toc-b-les-chalets-de-clapeyto&quot;,&quot;page&quot;:1,&quot;existing_id&quot;:false},{&quot;level&quot;:3,&quot;text&quot;:&quot;C) Le col d&#039;Izoard&quot;,&quot;id&quot;:&quot;toc-c-le-col-dizoard&quot;,&quot;page&quot;:1,&quot;existing_id&quot;:false},{&quot;level&quot;:3,&quot;text&quot;:&quot;D) Le col de P\\u00e9as&quot;,&quot;id&quot;:&quot;toc-d-le-col-de-peas&quot;,&quot;page&quot;:1,&quot;existing_id&quot;:false},{&quot;level&quot;:3,&quot;text&quot;:&quot;E) Aiguilles&quot;,&quot;id&quot;:&quot;toc-e-aiguilles&quot;,&quot;page&quot;:1,&quot;existing_id&quot;:false},{&quot;level&quot;:3,&quot;text&quot;:&quot;F) Le Roux-Valpr\\u00e9veyre&quot;,&quot;id&quot;:&quot;toc-f-le-roux-valpreveyre&quot;,&quot;page&quot;:1,&quot;existing_id&quot;:false},{&quot;level&quot;:3,&quot;text&quot;:&quot;G) Haute vall\\u00e9e du Guil&quot;,&quot;id&quot;:&quot;toc-g-haute-vallee-du-guil&quot;,&quot;page&quot;:1,&quot;existing_id&quot;:false},{&quot;level&quot;:3,&quot;text&quot;:&quot;H) Col Agnel&quot;,&quot;id&quot;:&quot;toc-h-col-agnel&quot;,&quot;page&quot;:1,&quot;existing_id&quot;:false},{&quot;level&quot;:3,&quot;text&quot;:&quot;I) Vall\\u00e9e de l&#039;Aigue Blanche&quot;,&quot;id&quot;:&quot;toc-i-vallee-de-laigue-blanche&quot;,&quot;page&quot;:1,&quot;existing_id&quot;:false},{&quot;level&quot;:3,&quot;text&quot;:&quot;J) Ch\\u00e2teau-Queyras&quot;,&quot;id&quot;:&quot;toc-j-chateau-queyras&quot;,&quot;page&quot;:1,&quot;existing_id&quot;:false},{&quot;level&quot;:3,&quot;text&quot;:&quot;K) Montbardon&quot;,&quot;id&quot;:&quot;toc-k-montbardon&quot;,&quot;page&quot;:1,&quot;existing_id&quot;:false},{&quot;level&quot;:3,&quot;text&quot;:&quot;L) Ceillac&quot;,&quot;id&quot;:&quot;toc-l-ceillac&quot;,&quot;page&quot;:1,&quot;existing_id&quot;:false},{&quot;level&quot;:3,&quot;text&quot;:&quot;M) Val d&#039;Escreins&quot;,&quot;id&quot;:&quot;toc-m-val-descreins&quot;,&quot;page&quot;:1,&quot;existing_id&quot;:false},{&quot;level&quot;:3,&quot;text&quot;:&quot;N) Col de Vars&quot;,&quot;id&quot;:&quot;toc-n-col-de-vars&quot;,&quot;page&quot;:1,&quot;existing_id&quot;:false},{&quot;level&quot;:2,&quot;text&quot;:&quot;3) Pour m\\u00e9moire, quelques cols routiers \\u00e0 port\\u00e9e de roues depuis le carrefour N94\\\/D902A&quot;,&quot;id&quot;:&quot;toc-3-pour-memoire-quelques-cols-routiers-a-portee-de-roues-depuis-le-carrefour-n94-d902a&quot;,&quot;page&quot;:1,&quot;existing_id&quot;:false}]\"\n            data-current-page=\"1\"\n            data-base-url=\"https:\/\/centcols.org\/es\/le-guillestrois-comme-camp-de-base\/\">\n            <div class=\"toc-title\">\n                Sommaire            <\/div>\n            <div class=\"toc-content\" style=\"column-count: 3;\">\n                <ul class=\"toc-list\"><li class=\"toc-item toc-level-2\"><a href=\"#toc-1-la-vallee-de-la-durance\" class=\"toc-link\" data-same-page=\"true\">1) La vall\u00e9e de la Durance<\/a><ul class=\"toc-sublist\"><li class=\"toc-item toc-level-3\"><a href=\"#toc-a-risoul-1850\" class=\"toc-link\" data-same-page=\"true\">A) Risoul-1850<\/a><\/li><li class=\"toc-item toc-level-3\"><a href=\"#toc-b-col-de-la-coche\" class=\"toc-link\" data-same-page=\"true\">B) Col de la Coche<\/a><\/li><li class=\"toc-item toc-level-3\"><a href=\"#toc-c-vallee-de-crevoux\" class=\"toc-link\" data-same-page=\"true\">C) Vall\u00e9e de Cr\u00e9voux<\/a><\/li><li class=\"toc-item toc-level-3\"><a href=\"#toc-d-les-orres\" class=\"toc-link\" data-same-page=\"true\">D) Les Orres<\/a><\/li><li class=\"toc-item toc-level-3\"><a href=\"#toc-e-les-fabres-la-foret-de-boscodon\" class=\"toc-link\" data-same-page=\"true\">E) Les Fabres &#8211; la for\u00eat de Boscodon<\/a><\/li><li class=\"toc-item toc-level-3\"><a href=\"#toc-f-col-de-pontis\" class=\"toc-link\" data-same-page=\"true\">F) Col de Pontis<\/a><\/li><li class=\"toc-item toc-level-3\"><a href=\"#toc-g-reallon-les-gourniers\" class=\"toc-link\" data-same-page=\"true\">G) R\u00e9allon Les Gourniers<\/a><\/li><li class=\"toc-item toc-level-3\"><a href=\"#toc-h-route-forestiere-du-chateau-de-caleyere\" class=\"toc-link\" data-same-page=\"true\">H) Route foresti\u00e8re du Ch\u00e2teau de Cal\u00e9y\u00e8re<\/a><\/li><li class=\"toc-item toc-level-3\"><a href=\"#toc-i-vallee-du-rabioux\" class=\"toc-link\" data-same-page=\"true\">I) Vall\u00e9e du Rabioux<\/a><\/li><li class=\"toc-item toc-level-3\"><a href=\"#toc-j-vallee-du-couleau\" class=\"toc-link\" data-same-page=\"true\">J) Vall\u00e9e du Couleau<\/a><\/li><li class=\"toc-item toc-level-3\"><a href=\"#toc-k-cabane-de-lalp\" class=\"toc-link\" data-same-page=\"true\">K) Cabane de l&#039;Alp<\/a><\/li><li class=\"toc-item toc-level-3\"><a href=\"#toc-l-vallee-de-fressinieres\" class=\"toc-link\" data-same-page=\"true\">L) Vall\u00e9e de Fressini\u00e8res<\/a><\/li><li class=\"toc-item toc-level-3\"><a href=\"#toc-m-vallee-du-fournel\" class=\"toc-link\" data-same-page=\"true\">M) Vall\u00e9e du Fournel<\/a><\/li><li class=\"toc-item toc-level-3\"><a href=\"#toc-n-puy-saint-vincent-narreyroux\" class=\"toc-link\" data-same-page=\"true\">N) Puy-Saint-Vincent, Narreyroux<\/a><\/li><li class=\"toc-item toc-level-3\"><a href=\"#toc-o-entre-les-aigues\" class=\"toc-link\" data-same-page=\"true\">O) Entre Les Aigues<\/a><\/li><li class=\"toc-item toc-level-3\"><a href=\"#toc-p-pre-de-madame-carle\" class=\"toc-link\" data-same-page=\"true\">P) Pr\u00e9 de Madame Carle<\/a><\/li><li class=\"toc-item toc-level-3\"><a href=\"#toc-q-vallon-de-chambran-ou-de-leychauda\" class=\"toc-link\" data-same-page=\"true\">Q) Vallon de Chambran ou de l&#039;Eychauda<\/a><\/li><li class=\"toc-item toc-level-3\"><a href=\"#toc-r-les-vigneaux\" class=\"toc-link\" data-same-page=\"true\">R) Les Vigneaux<\/a><\/li><li class=\"toc-item toc-level-3\"><a href=\"#toc-s-vallon-de-bouchouse\" class=\"toc-link\" data-same-page=\"true\">S) Vallon de Bouchouse<\/a><\/li><li class=\"toc-item toc-level-3\"><a href=\"#toc-t-col-du-lauzet\" class=\"toc-link\" data-same-page=\"true\">T) Col du Lauzet<\/a><\/li><\/ul><\/li><li class=\"toc-item toc-level-2\"><a href=\"#toc-2-le-queyras\" class=\"toc-link\" data-same-page=\"true\">2) Le Queyras<\/a><ul class=\"toc-sublist\"><li class=\"toc-item toc-level-3\"><a href=\"#toc-a-la-vallee-du-torrent-de-lizoard\" class=\"toc-link\" data-same-page=\"true\">A) La vall\u00e9e du torrent de l&#039;Izoard<\/a><\/li><li class=\"toc-item toc-level-3\"><a href=\"#toc-b-les-chalets-de-clapeyto\" class=\"toc-link\" data-same-page=\"true\">B) Les chalets de Clapeyto<\/a><\/li><li class=\"toc-item toc-level-3\"><a href=\"#toc-c-le-col-dizoard\" class=\"toc-link\" data-same-page=\"true\">C) Le col d&#039;Izoard<\/a><\/li><li class=\"toc-item toc-level-3\"><a href=\"#toc-d-le-col-de-peas\" class=\"toc-link\" data-same-page=\"true\">D) Le col de P\u00e9as<\/a><\/li><li class=\"toc-item toc-level-3\"><a href=\"#toc-e-aiguilles\" class=\"toc-link\" data-same-page=\"true\">E) Aiguilles<\/a><\/li><li class=\"toc-item toc-level-3\"><a href=\"#toc-f-le-roux-valpreveyre\" class=\"toc-link\" data-same-page=\"true\">F) Le Roux-Valpr\u00e9veyre<\/a><\/li><li class=\"toc-item toc-level-3\"><a href=\"#toc-g-haute-vallee-du-guil\" class=\"toc-link\" data-same-page=\"true\">G) Haute vall\u00e9e du Guil<\/a><\/li><li class=\"toc-item toc-level-3\"><a href=\"#toc-h-col-agnel\" class=\"toc-link\" data-same-page=\"true\">H) Col Agnel<\/a><\/li><li class=\"toc-item toc-level-3\"><a href=\"#toc-i-vallee-de-laigue-blanche\" class=\"toc-link\" data-same-page=\"true\">I) Vall\u00e9e de l&#039;Aigue Blanche<\/a><\/li><li class=\"toc-item toc-level-3\"><a href=\"#toc-j-chateau-queyras\" class=\"toc-link\" data-same-page=\"true\">J) Ch\u00e2teau-Queyras<\/a><\/li><li class=\"toc-item toc-level-3\"><a href=\"#toc-k-montbardon\" class=\"toc-link\" data-same-page=\"true\">K) Montbardon<\/a><\/li><li class=\"toc-item toc-level-3\"><a href=\"#toc-l-ceillac\" class=\"toc-link\" data-same-page=\"true\">L) Ceillac<\/a><\/li><li class=\"toc-item toc-level-3\"><a href=\"#toc-m-val-descreins\" class=\"toc-link\" data-same-page=\"true\">M) Val d&#039;Escreins<\/a><\/li><li class=\"toc-item toc-level-3\"><a href=\"#toc-n-col-de-vars\" class=\"toc-link\" data-same-page=\"true\">N) Col de Vars<\/a><\/li><\/ul><\/li><li class=\"toc-item toc-level-2\"><a href=\"#toc-3-pour-memoire-quelques-cols-routiers-a-portee-de-roues-depuis-le-carrefour-n94-d902a\" class=\"toc-link\" data-same-page=\"true\">3) Pour m\u00e9moire, quelques cols routiers \u00e0 port\u00e9e de roues depuis le carrefour N94\/D902A<\/a><\/li><\/ul>            <\/div>\n        <\/div>\n    \n\n\n<div style=\"height:30px\" aria-hidden=\"true\" class=\"wp-block-spacer\"><\/div>\n\n\n\n<h2 class=\"wp-block-heading has-pale-cyan-blue-background-color has-background\"><strong>1) La vall\u00e9e de la Durance<\/strong><\/h2>\n\n\n\n<div style=\"height:30px\" aria-hidden=\"true\" class=\"wp-block-spacer\"><\/div>\n\n\n\n<h3 class=\"wp-block-heading\">A) Risoul-1850<\/h3>\n\n\n\n<p>Station de ski au-dessus de Guillestre, 1850m \u00e0 15km. Prendre de pr\u00e9f\u00e9rence la petite route rive gauche du Guil ou la D86 rejoignant directement Risoul-village puis la route vers la station. Poursuivre\u2026<\/p>\n\n\n\n<p class=\"has-text-color has-link-color wp-elements-a32fb02019205fb06f17817c85cf129e\" style=\"color:#a43200\"><em><strong>Les 4 cols de la jonction Risoul-Vars<\/strong> : (B.G.)<br>Rejoindre Risoul-village par la D 86, puis les hameaux du Collet et de la Combe et se diriger vers Risoul-1850m par la piste foresti\u00e8re, roulante mais caillouteuse parfois (R1-2). \u00c0 la station, prendre sur la droite la piste reliant Risoul-1850 \u00e0 Vars, goudronn\u00e9e au d\u00e9part de Risoul-1850, puis la deuxi\u00e8me piste \u00e0 droite (R1) se dirigeant vers le <strong>col de Valbelle<\/strong> (10km). \u00c0 1km avant le <strong>col de Valbelle<\/strong>, par la piste de droite (R1), on rejoint le <strong>col de Ch\u00e9rine<\/strong> (<a href=\"\/util\/geo\/visu.php?code=FR-05-2270\" target=\"_blank\" rel=\"noreferrer noopener\">FR-05-2270<\/a>) et on peut poursuivre (R1-2) vers le Belv\u00e9d\u00e8re de l\u2019Homme de Pierre (2374m). Beau panorama sur le val de Durance et les \u00c9crins. Revenir sur ses pas pour rejoindre le <strong>col de Valbelle<\/strong> (<a href=\"\/util\/geo\/visu.php?code=FR-05-2372\" target=\"_blank\" rel=\"noreferrer noopener\">FR-05-2372<\/a>) et continuer par la piste de droite vers le <strong>col du vallon<\/strong> (<a href=\"\/util\/geo\/visu.php?code=FR-05-2466b\" target=\"_blank\" rel=\"noreferrer noopener\">FR-05-2466b<\/a>) et de <strong>Saluces<\/strong> (<a href=\"\/util\/geo\/visu.php?code=FR-05-2444\" target=\"_blank\" rel=\"noreferrer noopener\">FR-05-2444<\/a>)(R1).<\/em><br>Quelques choix possibles :<br><em>a &#8211; redescendre \u00e0 Risoul par Peyrol par la piste de gauche (R2) au <strong>col de Saluces<\/strong> et la piste routi\u00e8re entre Risoul et Vars.<br>b &#8211; du <strong>col de Valbelle<\/strong>, descendre (R1) dans le vallon de Valbelle, passer \u00e0 Pra Mouton, au <strong>col de la Coche<\/strong> (<a href=\"\/util\/geo\/visu.php?code=FR-05-1791\" target=\"_blank\" rel=\"noreferrer noopener\">FR-05-1791<\/a>), \u00e0 Saint-Andr\u00e9-d\u2019Embrun et revenir vers le carrefour de Guillestre en remontant la Durance sur la droite (rive gauche).<\/em><br><em>c &#8211; descendre (R1-2 puis R1) \u00e0 la station de Vars et revenir \u00e0 Guillestre par la route D431 ou par la piste et Risoul-1850.<\/em><br><em>d &#8211; descendre vers la station de Vars et se diriger vers la gare sup\u00e9rieure de la t\u00e9l\u00e9cabine de Chabri\u00e8re \u00e0 vue (refuge). Prendre la piste montante plein ouest (R2-3), et atteindre le <strong>col de Jaffueil<\/strong> (<a href=\"\/util\/geo\/visu.php?code=FR-05-2503\" target=\"_blank\" rel=\"noreferrer noopener\">FR-05-2503<\/a>). Belle vue sur le lac d\u2019Embrun. Un peu de poussage possible dans ce tron\u00e7on. Descendre vers Cr\u00e9voux par la piste (R2) passant par les cabanes de Jaffueil et le chemin qui la suit. Portage et poussage fr\u00e9quent entre 2250m et 1750m (La Chalp)(S2\u2013S3 ). Poursuivre la descente vers Cr\u00e9voux, Saint-Andr\u00e9-d\u2019Embrun et retour \u00e0 Guillestre, ou poursuivre vers le <strong>col du Parpaillon<\/strong>.<\/em><\/p>\n\n\n\n<div style=\"height:30px\" aria-hidden=\"true\" class=\"wp-block-spacer\"><\/div>\n\n\n\n<h3 class=\"wp-block-heading\">B) Col de la Coche<\/h3>\n\n\n\n<p>Dans la for\u00eat de Saluces. La route commence \u00e0 Saint-Andr\u00e9-d\u2019Embrun, commune qui se situe sur la petite route bucolique entre Guillestre et Embrun, en rive gauche de la Durance. Terminus de la route \u00e0 1791m et \u00e0 25km au <strong>col de la Coche<\/strong> (<a href=\"\/util\/geo\/visu.php?code=FR-05-1791\" target=\"_blank\" rel=\"noreferrer noopener\">FR-05-1791<\/a>). On peut descendre par la piste en face \u00e0 Les Rencuraux et Saint-Andr\u00e9-d\u2019Embrun. Poursuivre\u2026<\/p>\n\n\n\n<p class=\"has-text-color has-link-color wp-elements-4fe8e73aed34a889300b840245e9f7e6\" style=\"color:#a43200\"><em>&#8230;par la piste de gauche (R1) et continuer vers la cabane de Pra Mouton, celle de Valbelle et rejoindre le <strong>col de Valbelle<\/strong> et ses <strong>3 cols voisins<\/strong>. Circuit par Risoul ou Vars. (B.G.).<\/em><\/p>\n\n\n\n<div style=\"height:30px\" aria-hidden=\"true\" class=\"wp-block-spacer\"><\/div>\n\n\n\n<h3 class=\"wp-block-heading\">C) Vall\u00e9e de Cr\u00e9voux<\/h3>\n\n\n\n<p>Deux ou trois routes permettent l\u2019acc\u00e8s au village depuis la vall\u00e9e. La route continue un peu apr\u00e8s La Chalp et s\u2019arr\u00eate \u00e0 1858m et \u00e0 33,5km. Poursuivre\u2026<\/p>\n\n\n\n<p class=\"has-text-color has-link-color wp-elements-4872fb3eb56c95d309a82d10c5a80c10\" style=\"color:#a43200\"><em>a &#8211; vers le <strong>col de Jaffueil<\/strong> depuis La Chalp et par les cabanes de Jaffueil. Beaucoup de portage (S1 \u00e0 S3). Circuit par Vars ou Risoul.<br>b &#8211; vers le <strong>col du Crachet et du Crevoux<\/strong> (<a href=\"\/util\/geo\/visu.php?code=FR-04-2631b\" target=\"_blank\" rel=\"noreferrer noopener\">FR-04-2631b<\/a>) par la cabane du Crachet et par un sentier. Du col, descendre vers le <strong>col de Vars<\/strong> (<a href=\"\/util\/geo\/visu.php?code=FR-04-2108\" target=\"_blank\" rel=\"noreferrer noopener\">FR-04-2108<\/a>), en partie hors sentier. Circuit par Vars.<br>c &#8211; du terminus de la route, une piste se dirige vers Les Orres : de celle-ci, s&rsquo;\u00e9l\u00e8ve une piste rejoignant les cabanes de La Ratelle (2274m).<br>d &#8211; vers le l\u00e9gendaire <strong>col du Parpaillon<\/strong> (<a href=\"\/util\/geo\/visu.php?code=FR-04-2783\" target=\"_blank\" rel=\"noreferrer noopener\">FR-04-2783<\/a>) (R1-2) et sentier S3 pour monter au col depuis le tunnel. Ne pas oublier le <strong>col de Girabeau<\/strong> (<a href=\"\/util\/geo\/visu.php?code=FR-05-2488b\" target=\"_blank\" rel=\"noreferrer noopener\">FR-05-2488b<\/a>) \u00e0 droite (S2) apr\u00e8s les cabanes des \u0090\u00c9cuelles (abri), qui permet une descente sur piste vers Les Orres par le vallon de la Vach\u00e8res.<br>e &#8211; du <strong>col du Parpaillon<\/strong>, on peut faire une boucle par le <strong>col de Vars<\/strong> ou par le lac de Serre-Pon\u00e7on et Embrun.<br>f &#8211; une autre variante de retour apr\u00e8s le <strong>Parpaillon<\/strong>. Descendre jusqu\u2019au ruisseau de Parpaillon (R1) et la cabane, prendre la piste \u00e0 droite (GR 6 et 56) qui remonte le torrent jusqu\u2019au <strong>col de La Pare<\/strong> (<a href=\"\/util\/geo\/visu.php?code=FR-04-2655a\" target=\"_blank\" rel=\"noreferrer noopener\">FR-04-2655a<\/a>). Descendre jusqu\u2019\u00e0 la limite de la for\u00eat (S4 puis S3, S2) et prendre \u00e0 droite le \u00ab\u00a0Chemin Horizontal\u00a0\u00bb (S1, S2). Puis remonter \u00e0 droite au <strong>col des Orres<\/strong> (<a href=\"\/util\/geo\/visu.php?code=FR-04-2613\" target=\"_blank\" rel=\"noreferrer noopener\">FR-04-2613<\/a>). Descente tr\u00e8s rapide par sentier(S2, S3) et retrouver la piste (R2 puis R1) menant aux Ribes et aux Orres par le vallon de la Vach\u00e8res. (M.B. et R.P. -Topo N\u00b05)<\/em><\/p>\n\n\n\n<div style=\"height:30px\" aria-hidden=\"true\" class=\"wp-block-spacer\"><\/div>\n\n\n\n<h3 class=\"wp-block-heading\">D) Les Orres<\/h3>\n\n\n\n<p>Terminus routier \u00e0 la station de ski \u00e0 1670m et \u00e0 36km. Poursuivre\u2026<\/p>\n\n\n\n<p><em>a &#8211; de nombreuses pistes ou chemins sillonnent cette vall\u00e9e. L\u2019une rejoint Cr\u00e9voux par une piste passant par le village des Orres. Une autre \u00ab\u00a0la Grande Rocade\u00a0\u00bb rejoint la for\u00eat de Boscodon (g\u00eete sur le parcours). De cette piste principale, s\u2019amorce une autre piste qui monte \u00e0 la cabane du Clot La Sagne (abri) (2091m) au pied du Pouzenc.<br>b &#8211; par le vallon de la Vach\u00e8res, on rejoint le <strong>col de Girabeau<\/strong> \u00e0 gauche, le <strong>col des Orres<\/strong> par la cabane du Grand vallon. Circuit possible. Peu apr\u00e8s la chapelle Saint-Pierre, un sentier remonte le Petit Vallon pour redescendre vers le lac de Sainte-Marguerite par le <strong>col Nord de l&rsquo;Aupillon<\/strong> (<a href=\"\/util\/geo\/visu.php?code=FR-05-2795\" target=\"_blank\" rel=\"noreferrer noopener\">FR-05-2795<\/a>). Trois cols sont dans ce secteur accessible hors sentier mais sur une cr\u00eate : le <strong>col de Eissalete<\/strong> (<a href=\"\/util\/geo\/visu.php?code=FR-04-2524a\" target=\"_blank\" rel=\"noreferrer noopener\">FR-04-2524a<\/a>) \u00e0 droite de l\u2019Aupillon, la <strong>Baisse du Lac<\/strong> (<a href=\"\/util\/geo\/visu.php?code=FR-04-2770c\" target=\"_blank\" rel=\"noreferrer noopener\">FR-04-2770c<\/a>) derri\u00e8re l\u2019Aupillon et le <strong>col de l\u2019Aupillon<\/strong> (<a href=\"\/util\/geo\/visu.php?code=FR-04-2694\" target=\"_blank\" rel=\"noreferrer noopener\">FR-04-2694<\/a>) derri\u00e8re la t\u00eate de l\u2019Aupet.<br>c &#8211; on peut monter au lac de Sainte-Marguerite depuis Le Pr\u00e9 Bois par une piste et un sentier.<\/em><\/p>\n\n\n\n<div style=\"height:30px\" aria-hidden=\"true\" class=\"wp-block-spacer\"><\/div>\n\n\n\n<h3 class=\"wp-block-heading\">E) Les Fabres &#8211; la for\u00eat de Boscodon<\/h3>\n\n\n\n<p>Monter depuis Crots au bord du lac de Serre-Pon\u00e7on pour Les Fabres et par la route suivante venant d\u2019Embrun pour Boscodon. De nombreux hameaux et une grande for\u00eat qui abrite quelques curiosit\u00e9s : une abbaye, un torrent parmi les plus actifs d\u2019Europe en cas d\u2019orage et diff\u00e9rents belv\u00e9d\u00e8res dont celui de l\u2019Aiguillas, terme de la route \u00e0 1570m et \u00e0 36km. Beaucoup de routes ou de pistes dans ce secteur qui poss\u00e8de de nombreuses habitations. Un circuit entre Les Fabres (g\u00eete \u00ab\u00a0La Draye\u00a0\u00bb) et Boscodon est possible en montant \u00e0 la Grande Cabane (1611m). Une route foresti\u00e8re s\u2019embranchant de la route montant \u00e0 l\u2019Abbaye conduit \u00e0 Savines-le-Lac. Poursuivre\u2026<\/p>\n\n\n\n<p><em>a &#8211; la Grande Rocade partant de La Montagne rejoint Les Orres. Depuis la Grande Cabane, la piste de gauche se poursuit par un sentier et permet l\u2019acc\u00e8s au <strong>col des Olettes<\/strong> (<a href=\"\/util\/geo\/visu.php?code=FR-04-2372\" target=\"_blank\" rel=\"noreferrer noopener\">FR-04-2372<\/a>) et la piste de droite conduit au <strong>col de la Rousse<\/strong> (<a href=\"\/util\/geo\/visu.php?code=FR-04-2147\" target=\"_blank\" rel=\"noreferrer noopener\">FR-04-2147<\/a>). \u00c0 mi-hauteur, le Chemin de Ceinture les relie l\u2019une \u00e0 l\u2019autre. Difficult\u00e9s ? \u00c0 gauche du <strong>col des Olettes<\/strong>, sur la cr\u00eate se trouvent en premier la <strong>Baisse du Jasset<\/strong> (<a href=\"\/util\/geo\/visu.php?code=FR-04-2390b\" target=\"_blank\" rel=\"noreferrer noopener\">FR-04-2390b<\/a>) puis le <strong>Col Haut<\/strong> (<a href=\"\/util\/geo\/visu.php?code=FR-04-2485\" target=\"_blank\" rel=\"noreferrer noopener\">FR-04-2485<\/a>) et enfin le <strong>Pas de la Claie<\/strong> (<a href=\"\/util\/geo\/visu.php?code=FR-04-2500\" target=\"_blank\" rel=\"noreferrer noopener\">FR-04-2500<\/a>). Pas de chemin donc difficult\u00e9s ?<br>b &#8211; ces quatre cols donnent sur la combe Reynier du c\u00f4t\u00e9 Ubaye. On y retrouve une piste \u00e0 environ 2160m qui descend vers le <strong>col de Famouras<\/strong> (<a href=\"\/util\/geo\/visu.php?code=FR-04-2139\" target=\"_blank\" rel=\"noreferrer noopener\">FR-04-2139<\/a>) et qui rejoint la route de l\u2019Ubaye \u00e0 La Fresqui\u00e8re.<br>c &#8211; Savines-le-Lac : depuis le terminus de la route \u00e0 l\u2019Aiguillas, le Sentier de Charance conduit \u00e0 <strong>La Baisse<\/strong> (<a href=\"\/util\/geo\/visu.php?code=FR-05-2029\" target=\"_blank\" rel=\"noreferrer noopener\">FR-05-2029<\/a>). La D468 monte depuis Savines, devient rapidement une piste qui part \u00e0 flanc vers la droite (sentier du tour du lac de Serre-Pon\u00e7on) et rejoint le village de Pontis. La premi\u00e8re piste foresti\u00e8re rencontr\u00e9e \u00e0 gauche conduit \u00e0 Boscodon. Poursuivre\u2026<br>d &#8211; en quittant la piste pour un sentier \u00e9galement utilis\u00e9 par le tour du lac, on parvient au <strong>col de Morgonnet<\/strong> (<a href=\"\/util\/geo\/visu.php?code=FR-04-1607a\" target=\"_blank\" rel=\"noreferrer noopener\">FR-04-1607a<\/a>). En continuant par la piste de l\u2019autre versant, on arrive au <strong>col de Pontis<\/strong> (<a href=\"\/util\/geo\/visu.php?code=FR-04-1301\" target=\"_blank\" rel=\"noreferrer noopener\">FR-04-1301<\/a>).<\/em><\/p>\n\n\n\n<div style=\"height:30px\" aria-hidden=\"true\" class=\"wp-block-spacer\"><\/div>\n\n\n\n<h3 class=\"wp-block-heading\">F) Col de Pontis<\/h3>\n\n\n\n<p>Pas long mais pentu de chaque c\u00f4t\u00e9. Une boucle de 20km est possible par le bord du lac (demoiselles coiff\u00e9es). Col \u00e0 36,5km. Une piste partant du col \u00e0 gauche conduit aux Hugues puis au <strong>col de Morgonnet<\/strong>. On peut en revenir par une autre piste passant par la Cabane du Jas et Les Hugues. <em>En partant du <strong>col de Morgonnet<\/strong> un sentier rejoint plus bas la D468 reliant Pontis \u00e0 Savines.<\/em><\/p>\n\n\n\n<div style=\"height:30px\" aria-hidden=\"true\" class=\"wp-block-spacer\"><\/div>\n\n\n\n<h3 class=\"wp-block-heading\">G) R\u00e9allon Les Gourniers<\/h3>\n\n\n\n<p>De tr\u00e8s nombreuses routes entre Embrun et Chorges pour monter aux Gourniers (g\u00eete, 1570m) \u00e0 42km. De nombreuses pistes foresti\u00e8res pour fl\u00e2ner entre montagne et lac. Celle de Joubelle rejoint les Hauts de Chorges en partant de R\u00e9allon-station et continue vers le <strong>col de Moissi\u00e8re<\/strong> (<a href=\"\/util\/geo\/visu.php?code=FR-05-1573\" target=\"_blank\" rel=\"noreferrer noopener\">FR-05-1573<\/a>). Poursuivre\u2026<\/p>\n\n\n\n<p>a &#8211; <em>depuis Les Gourniers, on peut rejoindre le <strong>col de la Gardette<\/strong> (<a href=\"\/util\/geo\/visu.php?code=FR-05-2125b\" target=\"_blank\" rel=\"noreferrer noopener\">FR-05-2125b<\/a>) par une piste passant par Le Bourget et un sentier par la cabane de Gorbi\u00e8res. <mark style=\"background-color:rgba(0, 0, 0, 0);color:#a43200\" class=\"has-inline-color\">Du col, une piste descend \u00e0 Chorges (S3 puis R1) sur l\u2019autre versant et une autre descend \u00e0 cabane de La Gardette o\u00f9 un sentier revient vers Les Gourniers. Le <strong>col de la Fourche<\/strong> (<a href=\"\/util\/geo\/visu.php?code=FR-05-2275\" target=\"_blank\" rel=\"noreferrer noopener\">FR-05-2275<\/a>) se trouve sur la m\u00eame cr\u00eate plus \u00e0 l\u2019est accessible par un sentier (S3) (d\u00e9part de vol libre).(R.C.)<\/mark><\/em><br>b &#8211; <em>depuis R\u00e9allon, une piste qu\u2019utilise le GR50 passe par les M\u00e9ans et s\u2019arr\u00eate aux Touisses. \u00c0 gauche, un sentier monte au <strong>col de Reyssas<\/strong> (<a href=\"\/util\/geo\/visu.php?code=FR-05-2493b\" target=\"_blank\" rel=\"noreferrer noopener\">FR-05-2493b<\/a>). En montant, abri \u00e0 2161m. Sentier incertain.<\/em><\/p>\n\n\n\n<div style=\"height:30px\" aria-hidden=\"true\" class=\"wp-block-spacer\"><\/div>\n\n\n\n<h3 class=\"wp-block-heading\">H) Route foresti\u00e8re du Ch\u00e2teau de Cal\u00e9y\u00e8re<\/h3>\n\n\n\n<p>(R.G.) : monter d\u2019Embrun et d\u00e9passer le Ch\u00e2teau de Cal\u00e9y\u00e8re et Folampelle. Au carrefour, la piste de gauche se dirige vers Puy-Sani\u00e8res ou Puy-Saint-Eus\u00e8be. Depuis le Ch\u00e2teau de Cal\u00e9y\u00e8re une piste \u00e0 droite (GR50) prolong\u00e9e par une route conduit \u00e0 Ch\u00e2teauroux-les-Alpes. Poursuivre \u2026<\/p>\n\n\n\n<p><em>\u2026 au carrefour, la piste de droite se dirige vers le mont Guillaume (2545m) par Pr\u00e9-Clos. Plus loin, un sentier remontant le vallon m\u00e8ne au <strong>col de Trempa-Latz<\/strong> (<a href=\"\/util\/geo\/visu.php?code=FR-05-2539\" target=\"_blank\" rel=\"noreferrer noopener\">FR-05-2539<\/a>). Avant Pr\u00e9-Clos, une piste m\u00e8ne \u00e0 l\u2019Aiguille et par le lac de l\u2019Hivernet on acc\u00e8de, hors sentier au <strong>col de Chante Perdrix<\/strong> (<a href=\"\/util\/geo\/visu.php?code=FR-05-2610\" target=\"_blank\" rel=\"noreferrer noopener\">FR-05-2610<\/a>). Difficult\u00e9s ?<\/em><\/p>\n\n\n\n<div style=\"height:30px\" aria-hidden=\"true\" class=\"wp-block-spacer\"><\/div>\n\n\n\n<h3 class=\"wp-block-heading\">I) Vall\u00e9e du Rabioux<\/h3>\n\n\n\n<p>La route d\u00e9bute \u00e0 Ch\u00e2teauroux-les-Alpes (camping Les Pins) et se poursuit par une piste (g\u00eete Les Pin\u00e9es, 1280m) qui se subdivise en deux autres pistes, terminus \u00e0 1644m pour celle de droite et \u00e0 1832m pour celle de gauche. Chemin\u00e9es de f\u00e9es en montant \u00e0 droite. Poursuivre \u2026<br><em>\u2026 par la piste de gauche et le sentier, on arrive \u00e0 la cabane du Tissap (2160m environ). \u00c0 gauche le sentier m\u00e8ne au <strong>col de Reyssas<\/strong> et \u00e0 R\u00e9allon. Difficult\u00e9s ?<\/em><\/p>\n\n\n\n<div style=\"height:30px\" aria-hidden=\"true\" class=\"wp-block-spacer\"><\/div>\n\n\n\n<h3 class=\"wp-block-heading\">J) Vall\u00e9e du Couleau<\/h3>\n\n\n\n<p>Deux routes montent dans cette vall\u00e9e. L\u2019une vient de Saint-Cl\u00e9ment-sur-Durance (g\u00eete \u00e0 Saint Alban et \u00e0 Pinfol) et emprunte la route foresti\u00e8re du Couleau vers Bel Pinet (colonnes coiff\u00e9es). Terminus \u00e0 1532m. L\u2019autre vient de Ch\u00e2teauroux, passe par Saint-Marcelin, Saint-\u00c9tienne et Serre Buzard pour aboutir \u00e0 l\u2019ancienne ardoisi\u00e8re \u00e0 1686m. Poursuivre\u2026<br><em>&#8230;par un sentier, l\u2019une et l\u2019autre montent \u00e0 la cabane de Ch\u00e2teauroux (1980m). En face, le pic de Rochelaire (3108m), \u00e0 gauche, la T\u00eate de Couleau (3038m), entre les deux le <strong>col de Couleau<\/strong> (<a href=\"\/util\/geo\/visu.php?code=FR-05-2787\" target=\"_blank\" rel=\"noreferrer noopener\">FR-05-2787<\/a>) sans sentier, la T\u00eate de Vautisse (3156m) est \u00e0 droite. Difficult\u00e9s ? Une bretelle relie les deux pistes \u00e0 leurs terminus.<\/em><\/p>\n\n\n\n<div style=\"height:30px\" aria-hidden=\"true\" class=\"wp-block-spacer\"><\/div>\n\n\n\n<h3 class=\"wp-block-heading\">K) Cabane de l&rsquo;Alp<\/h3>\n\n\n\n<p>Traverser la Durance et monter aux Eymars par R\u00e9otier \u00e0 gauche <em><mark style=\"background-color:rgba(0, 0, 0, 0);color:#a44312\" class=\"has-inline-color\">ou par la piste foresti\u00e8re (R1-2) de l\u2019Aiguille qui s\u2019ouvre un peu plus loin \u00e0 gauche sur la route de Champcella. Juste apr\u00e8s Les Eymars prendre \u00e0 gauche la piste pastorale (R1-2) qui conduit \u00e0 la cabane de l\u2019Alp (2392m)<\/mark>. Droit devant en suivant le torrent de l\u2019Alp se trouve le <strong>col de Rougnoux<\/strong> (<a href=\"\/util\/geo\/visu.php?code=FR-05-2748\" target=\"_blank\" rel=\"noreferrer noopener\">FR-05-2748<\/a>). Difficult\u00e9 ?<\/em><br><em>Apr\u00e8s Les Eymars, prendre \u00e0 droite pour rejoindre la cabane de Tramouillon. Le <strong>col de Val Haute<\/strong> (<a href=\"\/util\/geo\/visu.php?code=FR-05-2517c\" target=\"_blank\" rel=\"noreferrer noopener\">FR-05-2517c<\/a>) se trouve \u00e0 gauche et le <strong>col de Tramouillon<\/strong> (<a href=\"\/util\/geo\/visu.php?code=FR-05-2288\" target=\"_blank\" rel=\"noreferrer noopener\">FR-05-2288<\/a>) se trouve \u00e0 droite par le sentier qui monte de la cabane. Ces deux cols permettent l\u2019acc\u00e8s \u00e0 la vall\u00e9e de Freissini\u00e8res. Difficult\u00e9s ?<\/em><\/p>\n\n\n\n<div style=\"height:30px\" aria-hidden=\"true\" class=\"wp-block-spacer\"><\/div>\n\n\n\n<h3 class=\"wp-block-heading\">L) Vall\u00e9e de Fressini\u00e8res<\/h3>\n\n\n\n<p>Belle et large vall\u00e9e suspendue que l\u2019on trouve en rive droite de la Durance entre L\u2019Argenti\u00e8re-la-Bess\u00e9e et Guillestre. Le terminus se trouve \u00e0 1441m et \u00e0 25 km. Juste au-dessus, se trouve le vieux village de Dormillouse (2 refuges) qui vaut bien un d\u00e9tour \u00e0 pied. Du village de Freissini\u00e8res (g\u00eete et g\u00eete de groupe), on prend la route des Aujards et aux Balmettes, prendre la piste \u00e0 droite (R1-2) jusqu\u2019au <strong>col des Lauzes<\/strong> (<a href=\"\/util\/geo\/visu.php?code=FR-05-1837a\" target=\"_blank\" rel=\"noreferrer noopener\">FR-05-1837a<\/a>). Revenir et continuer la piste (R1) jusqu\u2019au <strong>col d\u2019Anon<\/strong> (<a href=\"\/util\/geo\/visu.php?code=FR-05-1891\" target=\"_blank\" rel=\"noreferrer noopener\">FR-05-1891<\/a>). Une piste (R1) descend vers la vall\u00e9e du Fournel et l\u2019Argenti\u00e8re et l\u2019on retrouve une autre piste (R1) qui monte au <strong>col de la Pousterle<\/strong> (<a href=\"\/util\/geo\/visu.php?code=FR-05-1763\" target=\"_blank\" rel=\"noreferrer noopener\">FR-05-1763<\/a>).<br>Poursuivre&#8230; <mark style=\"background-color:rgba(0, 0, 0, 0)\" class=\"has-inline-color has-black-color\"><em>(NDLR : vigilance car sur tous ces parcours on se trouve en limite du Parc National des \u00c9crins et beaucoup de cols sont interdits aux cycles)<\/em><\/mark><\/p>\n\n\n\n<p><em>a &#8211; <mark style=\"background-color:rgba(0, 0, 0, 0);color:#a46211\" class=\"has-inline-color\">le <strong>col des Combes<\/strong> (<a href=\"\/util\/geo\/visu.php?code=FR-05-1621\" target=\"_blank\" rel=\"noreferrer noopener\">FR-05-1621<\/a>) se trouve sur une piste (R1) continuant la route montant de Pallon<\/mark> et qui continue de monter au carrefour de la cabane du Parc. L\u00e0, on peut choisir de monter \u00e0 gauche, \u00e0 la cabane du Gourre et de prendre un peu plus loin au calvaire, un sentier \u00e0 gauche se dirigeant vers le <strong>col de Val Haute<\/strong> et qui retourne \u00e0 Fressini\u00e8res par le <strong>col de Tramouillon<\/strong>. Ou continuer cette piste vers la cabane du Sellar (1924m) et de la Mouthe (2208m). La piste de droite redescend vers Freissini\u00e8res.<br>b &#8211; on peut \u00e9galement se diriger vers le fond de la vall\u00e9e (abri) et atteindre par un sentier le <strong>col de Freissini\u00e8res<\/strong> (<a href=\"\/util\/geo\/visu.php?code=FR-05-2782a\" target=\"_blank\" rel=\"noreferrer noopener\">FR-05-2782a<\/a>) (ou d\u2019Orci\u00e8res). Descendre l\u2019autre versant conduit par un sentier au Grand Lac des Estaris (abri) et ensuite par une piste \u00e0 Orci\u00e8res-Merlette. Hors sentier, le <strong>col des Jalabres<\/strong> (<a href=\"\/util\/geo\/visu.php?code=FR-05-2888\" target=\"_blank\" rel=\"noreferrer noopener\">FR-05-2888<\/a>) se trouve sur les cr\u00eates de gauche. Difficult\u00e9s ?<\/em><\/p>\n\n\n\n<div style=\"height:30px\" aria-hidden=\"true\" class=\"wp-block-spacer\"><\/div>\n\n\n\n<h3 class=\"wp-block-heading\">M) Vall\u00e9e du Fournel<\/h3>\n\n\n\n<p>Vallon des anciennes mines d\u2019argent de L\u2019Argenti\u00e8re. La route s\u2019arr\u00eate aux Albrands (1389m).<\/p>\n\n\n\n<p><em>a &#8211; <mark style=\"background-color:rgba(0, 0, 0, 0);color:#a54705\" class=\"has-inline-color\">une piste continue \u00e0 droite (R1) vers le <strong>col de la Pousterle<\/strong>. Une autre, avant \u00e0 gauche (R1), m\u00e8ne au <strong>col d\u2019Anon<\/strong> et au <strong>col des Lauzes<\/strong><\/mark>. Une troisi\u00e8me continue vers la r\u00e9serve biologique des Deslioures (1560m) \u00e0 25km, que suit le sentier du GR541.<br>b &#8211; vers la cabane de la Balme (2006m), un sentier monte \u00e0 droite au <strong>col du Bal <\/strong>(<a href=\"\/util\/geo\/visu.php?code=FR-05-2601\" target=\"_blank\" rel=\"noreferrer noopener\">FR-05-2601<\/a>) et rejoint Narreyroux.<\/em><\/p>\n\n\n\n<div style=\"height:30px\" aria-hidden=\"true\" class=\"wp-block-spacer\"><\/div>\n\n\n\n<h3 class=\"wp-block-heading\">N) Puy-Saint-Vincent, Narreyroux<\/h3>\n\n\n\n<p>Une route, que l\u2019on peut prendre depuis Les Vigneaux ou depuis Vallouise monte jusqu\u2019\u00e0 1750m environ. <mark style=\"background-color:rgba(0, 0, 0, 0);color:#a44705\" class=\"has-inline-color\">La piste (R1) du <strong>col de la Pousterle<\/strong> d\u00e9marre sur la route entre Les vigneaux et Les Pr\u00e9s et se s\u00e9pare plus loin en deux pistes qui se rejoignent un peu en dessous du col.<\/mark> La piste du vallon de Narreyroux d\u00e9bute pr\u00e8s de la chapelle Saint-Vincent entre le village et la station et s\u2019arr\u00eate \u00e0 environ 1842m et \u00e0 30,5 km. Poursuivre\u2026<br><em>\u2026 en remontant le torrent, et en prenant \u00e0 gauche apr\u00e8s la cascade, on arrive au <strong>col du Bal<\/strong> qui permet l\u2019acc\u00e8s au vallon de Fournel. Ou en continuant vers le fond de la vall\u00e9e, on arrive au lac de Neyzets (2718m) puis, hors sentier, au <strong>col des Queyrettes<\/strong> (<a href=\"\/util\/geo\/visu.php?code=FR-05-3135\" target=\"_blank\" rel=\"noreferrer noopener\">FR-05-3135<\/a>) \u00e0 gauche et au <strong>col de l\u2019Aigli\u00e8re<\/strong> (<a href=\"\/util\/geo\/visu.php?code=FR-05-3067\" target=\"_blank\" rel=\"noreferrer noopener\">FR-05-3067<\/a>) \u00e0 droite. Difficult\u00e9s ?<\/em><\/p>\n\n\n\n<div style=\"height:30px\" aria-hidden=\"true\" class=\"wp-block-spacer\"><\/div>\n\n\n\n<h3 class=\"wp-block-heading\">O) Entre Les Aigues<\/h3>\n\n\n\n<p>Belle vall\u00e9e creus\u00e9e entre de puissants sommets. On y acc\u00e8de de Vallouise (g\u00eete \u00e0 Vallouise et \u00e0 Ailefroide) par Le Villard, et la route s\u2019interrompt \u00e0 1642m et \u00e0 35km. Poursuivre\u2026<br><mark style=\"background-color:rgba(0, 0, 0, 0)\" class=\"has-inline-color has-black-color\"><em>NDLR : le circuit d\u00e9crit ici a \u00e9t\u00e9 retir\u00e9 en 2026 car il se trouve dans le c\u0153ur du Parc National des \u00c9crins<\/em>.<\/mark><\/p>\n\n\n\n<div style=\"height:30px\" aria-hidden=\"true\" class=\"wp-block-spacer\"><\/div>\n\n\n\n<h3 class=\"wp-block-heading\">P) Pr\u00e9 de Madame Carle<\/h3>\n\n\n\n<p>Le terminus routier de la Vallouise \u00e0 1874m et \u00e0 40km (refuge). Paysage somptueux aux pieds des grands sommets des \u00c9crins et de grands glaciers sur le recul malheureusement. En \u00e9t\u00e9, au point d\u2019information, un petit mus\u00e9e de glaciologie int\u00e9ressant. Le front du glacier Blanc est \u00e0 2267m. Celui du glacier Noir se devine \u00e0 environ 2109m, se devine seulement car il est recouvert de cailloux. Nombreux cols au dessus (alpinisme).<\/p>\n\n\n\n<div style=\"height:30px\" aria-hidden=\"true\" class=\"wp-block-spacer\"><\/div>\n\n\n\n<h3 class=\"wp-block-heading\">Q) Vallon de Chambran ou de l&rsquo;Eychauda<\/h3>\n\n\n\n<p>Tr\u00e8s belle vall\u00e9e secondaire de la Vallouise. D\u00e9part entre Vallouise et Pelvoux. Terminus de la route aux chalets de Chambran \u00e0 1715m et \u00e0 35km.<br><em>Continuer sur le GR 54 pour atteindre le <strong>col de l\u2019Eychauda<\/strong> (<a href=\"\/util\/geo\/visu.php?code=FR-05-2425\" target=\"_blank\" rel=\"noreferrer noopener\">FR-05-2425<\/a>). Dans Topo N\u00b0 4, R.P. et M.D. nous proposent un circuit partant de Serre-Chevalier et qui passe par ce col. <mark style=\"background-color:rgba(0, 0, 0, 0);color:#a44602\" class=\"has-inline-color\">Ils nous y indiquent une petite boucle \u00ab\u00a0muscl\u00e9e\u00a0\u00bb qui rejoint trois cols : <strong>col de l\u2019Yret<\/strong> (<a href=\"\/util\/geo\/visu.php?code=FR-05-2620b\" target=\"_blank\" rel=\"noreferrer noopener\">FR-05-2620b<\/a>), <strong>col des Neyzets<\/strong> (<a href=\"\/util\/geo\/visu.php?code=FR-05-2710\" target=\"_blank\" rel=\"noreferrer noopener\">FR-05-2710<\/a>) et <strong>col du Vent<\/strong> (<a href=\"\/util\/geo\/visu.php?code=FR-05-2662b\" target=\"_blank\" rel=\"noreferrer noopener\">FR-05-2662b<\/a>). En montant le sentier \u00e0 l\u2019est, on rejoint le <strong>col de la Cucumelle<\/strong> (<a href=\"\/util\/geo\/visu.php?code=FR-05-2501a\" target=\"_blank\" rel=\"noreferrer noopener\">FR-05-2501a<\/a>). En suivant la cr\u00eate au nord, puis le sentier \u00e0 flanc (S3-4 puis S2), gagner le <strong>col du Grand Pr\u00e9<\/strong> (<a href=\"\/util\/geo\/visu.php?code=FR-05-2544a\" target=\"_blank\" rel=\"noreferrer noopener\">FR-05-2544a<\/a>). Revenir \u00e0 la Cucumelle et continuer la cr\u00eate au sud (S1-3) vers le <strong>col de Fr\u00e9jus<\/strong> (<a href=\"\/util\/geo\/visu.php?code=FR-05-2493a\" target=\"_blank\" rel=\"noreferrer noopener\">FR-05-2493a<\/a>) et plus loin encore vers Roche Gauthier que l\u2019on contourne par la piste \u00e0 l\u2019est (S2), on rejoint le <strong>col de M\u00e9a <\/strong>(<a href=\"\/util\/geo\/visu.php?code=FR-05-2457\" target=\"_blank\" rel=\"noreferrer noopener\">FR-05-2457<\/a>). Descendre \u00e0 l\u2019ouest, hors sentier vers le chemin (S2 puis S4) qui monte au <strong>col de la Pisse<\/strong> (<a href=\"\/util\/geo\/visu.php?code=FR-05-2501b\" target=\"_blank\" rel=\"noreferrer noopener\">FR-05-2501b<\/a>) qui conduit \u00e0 Serre Chevalier par le <strong>col de Serre Chevalier<\/strong> (<a href=\"\/util\/geo\/visu.php?code=FR-05-2383b\" target=\"_blank\" rel=\"noreferrer noopener\">FR-05-2383b<\/a>) et le <strong>col de la Ricelle<\/strong> (<a href=\"https:\/\/centcols.org\/util\/geo\/visu.php?code=FR-05-2371\" target=\"_blank\" rel=\"noreferrer noopener\">FR-05-2371<\/a>) par un sentier (S1-2). Revenir sur ses pas jusqu\u2019au <strong>col de la Pisse<\/strong> et continuer la descente vers le GR 54 plus bas et rejoindre les chalets de Chambran.<\/mark><\/em><\/p>\n\n\n\n<div style=\"height:30px\" aria-hidden=\"true\" class=\"wp-block-spacer\"><\/div>\n\n\n\n<h3 class=\"wp-block-heading\">R) Les Vigneaux<\/h3>\n\n\n\n<p>De ce village de La Vallouise (g\u00eete), monte une piste plein nord (GR50) qui se dirige \u00e0 l\u2019est vers Bouchier et qui se poursuit jusqu\u2019\u00e0 Rati\u00e8re et Prelles\u2026 Apr\u00e8s Le Sapet, une piste part \u00e0 gauche, suivie d\u2019un sentier qui am\u00e8ne au <strong>col de la Trancoulette<\/strong> (<a href=\"\/util\/geo\/visu.php?code=FR-05-2293\" target=\"_blank\" rel=\"noreferrer noopener\">FR-05-2293<\/a>) et qui redescend vers Les Combes.<\/p>\n\n\n\n<div style=\"height:30px\" aria-hidden=\"true\" class=\"wp-block-spacer\"><\/div>\n\n\n\n<h3 class=\"wp-block-heading\">S) Vallon de Bouchouse<\/h3>\n\n\n\n<p>Du haut du village de Roche-de-Rame, prendre une piste \u00e0 droite qui conduit au Lauzet \u00e0 1786m (16 km) (abri). Poursuivre&#8230;<\/p>\n\n\n\n<p><em>a &#8211; <mark style=\"background-color:rgba(0, 0, 0, 0);color:#a44705\" class=\"has-inline-color\">par la piste de gauche et par un sentier qui remonte le vallon de l\u2019Ascension pour aboutir au lac du m\u00eame nom (2306m). En continuant de remonter la vall\u00e9e, hors sentier, on bute contre un cirque qui pr\u00e9sente quelques cols : <strong>col de la Mouti\u00e8re<\/strong> (<a href=\"\/util\/geo\/visu.php?code=FR-05-2659\" target=\"_blank\" rel=\"noreferrer noopener\">FR-05-2659<\/a>) sur la gauche, <strong>col de l\u2019Alpavin<\/strong> (<a href=\"https:\/\/centcols.org\/util\/geo\/visu.php?code=FR-05-2656a\" target=\"_blank\" rel=\"noreferrer noopener\">FR-05-2656a<\/a>) en face, <strong>Pas de la Casse de l\u2019Ase<\/strong> (<a href=\"https:\/\/centcols.org\/util\/geo\/visu.php?code=FR-05-2707\" target=\"_blank\" rel=\"noreferrer noopener\">FR-05-2707<\/a>) \u00e0 droite, tous trois situ\u00e9s sur la m\u00eame cr\u00eate. Du lac de l\u2019Ascension, remonter vers les lacs Escur et on trouve \u00e0 gauche le <strong>col de Mouriare<\/strong> (<a href=\"https:\/\/centcols.org\/util\/geo\/visu.php?code=FR-05-2498a\" target=\"_blank\" rel=\"noreferrer noopener\">FR-05-2498a<\/a>), et en face celui de <strong>Collet du Peyron<\/strong> (<a href=\"https:\/\/centcols.org\/util\/geo\/visu.php?code=FR-05-2465\" target=\"_blank\" rel=\"noreferrer noopener\">FR-05-2465<\/a>) qui permet la descente vers Le Lauzet par un sentier puis une piste. Difficult\u00e9s ?<\/mark><br>b &#8211; par la piste en face qui se dirige vers Le Cougnet (1901m) (abri). Un sentier (abri \u00e0 la cabane du N\u00e9al) se poursuit vers un chapelet de petits lacs situ\u00e9s pr\u00e8s des <strong>col de N\u00e9al<\/strong> (<a href=\"\/util\/geo\/visu.php?code=FR-05-2509b\" target=\"_blank\" rel=\"noreferrer noopener\">FR-05-2509b<\/a>) en face, <strong>col Pansier<\/strong> (<a href=\"\/util\/geo\/visu.php?code=FR-05-2517a\" target=\"_blank\" rel=\"noreferrer noopener\">FR-05-2517a<\/a>) \u00e0 gauche et <strong>col du Lauzon<\/strong> (<a href=\"\/util\/geo\/visu.php?code=FR-05-2576a\" target=\"_blank\" rel=\"noreferrer noopener\">FR-05-2576a<\/a>) \u00e0 droite. De ce dernier, un sentier descend vers Arvieux. Difficult\u00e9s ?<br>c &#8211; la piste de droite redescend \u00e0 Roche-de-Rame plus indirectement. Le <strong>Pas de la Cavale<\/strong> (<a href=\"\/util\/geo\/visu.php?code=FR-05-2393\" target=\"_blank\" rel=\"noreferrer noopener\">FR-05-2393<\/a>) est situ\u00e9 juste au-dessus du Lauzet \u00e0 droite mais sans sentier. Difficult\u00e9s ?<\/em><\/p>\n\n\n\n<div style=\"height:30px\" aria-hidden=\"true\" class=\"wp-block-spacer\"><\/div>\n\n\n\n<h3 class=\"wp-block-heading\">T) Col du Lauzet<\/h3>\n\n\n\n<p>Rejoindre Le Villard au dessus de Saint-Cr\u00e9pin. Emprunter ensuite la piste vers Moussi\u00e8re (1830m). Poursuivre\u2026<\/p>\n\n\n\n<p class=\"has-text-color has-link-color wp-elements-bcfaf9997909f557b50492105536fa2d\" style=\"color:#a43200\"><em>a &#8211; en prenant, au carrefour suivant , la piste (R1) \u00e0 gauche vers le Spurc et le <strong>col du Lauzet<\/strong> (<a href=\"\/util\/geo\/visu.php?code=FR-05-2223\" target=\"_blank\" rel=\"noreferrer noopener\">FR-05-2223<\/a>) \u00e0 20 km.<br>b &#8211; depuis le lac, un sentier \u00e0 droite (variante du GR541) rejoint le <strong>col de Moussi\u00e8re<\/strong> (<a href=\"\/util\/geo\/visu.php?code=FR-05-2352\" target=\"_blank\" rel=\"noreferrer noopener\">FR-05-2352<\/a>). Poussage et portage. On peut redescendre vers Moussi\u00e8re en continuant ce chemin et la piste \u00e0 droite (JP.B.).<br>c &#8211; du <strong>col du Lauzet<\/strong>, on peut aussi choisir de rejoindre <strong>Le Grand Coulet <\/strong>en descendant par la piste jusqu\u2019\u00e0 la cabane de la Valette (abri), puis de continuer cette descente (difficile) pour ensuite prendre un chemin (alt. 1776m, marque de peinture sur une pierre) qui remonte vers <strong>Le Grand Coulet<\/strong> (<a href=\"\/util\/geo\/visu.php?code=FR-05-1869\" target=\"_blank\" rel=\"noreferrer noopener\">FR-05-1869<\/a>). Poursuivre par une descente sur piste vers Mont-Dauphin ou Guillestre (JP.B.).<br>d &#8211; on a aussi la possibilit\u00e9 de poursuivre par la variante du GR541 vers le <strong>col de Saint-Antoine<\/strong> (<a href=\"\/util\/geo\/visu.php?code=FR-05-2458b\" target=\"_blank\" rel=\"noreferrer noopener\">FR-05-2458b<\/a>). Descendre vers la jonction avec le GR541 que l\u2019on prend \u00e0 droite pour cueillir le <strong>col Garnier<\/strong> (<a href=\"\/util\/geo\/visu.php?code=FR-05-2279\" target=\"_blank\" rel=\"noreferrer noopener\">FR-05-2279<\/a>) et continuer le GR pour redescendre vers Eygliers et Mont-Dauphin. Difficult\u00e9 : ? Ou prendre le GR541 \u00e0 gauche pour acc\u00e9der au g\u00eete de Furfande puis au <strong>col de Furfande<\/strong> (<a href=\"\/util\/geo\/visu.php?code=FR-05-2500\" target=\"_blank\" rel=\"noreferrer noopener\">FR-05-2500<\/a>) (Topo N\u00b03 de R.P, M.D.).<\/em><\/p>\n\n\n<div class=\"wp-block-image\">\n<figure class=\"aligncenter size-full\"><img loading=\"lazy\" decoding=\"async\" width=\"387\" height=\"249\" src=\"https:\/\/centcols.org\/wp-content\/uploads\/2026\/02\/Guillestrois1_col_-de_lauzet.jpg\" alt=\"\" class=\"wp-image-93718\" srcset=\"https:\/\/centcols.org\/wp-content\/uploads\/2026\/02\/Guillestrois1_col_-de_lauzet.jpg 387w, https:\/\/centcols.org\/wp-content\/uploads\/2026\/02\/Guillestrois1_col_-de_lauzet-18x12.jpg 18w\" sizes=\"auto, (max-width: 387px) 100vw, 387px\" \/><figcaption class=\"wp-element-caption\">Col du Lauzet<\/figcaption><\/figure>\n<\/div>\n\n\n<div style=\"height:10px\" aria-hidden=\"true\" class=\"wp-block-spacer\"><\/div>\n\n\n\n<h2 class=\"wp-block-heading has-pale-cyan-blue-background-color has-background\"><strong>2) Le Queyras<\/strong><\/h2>\n\n\n\n<div style=\"height:30px\" aria-hidden=\"true\" class=\"wp-block-spacer\"><\/div>\n\n\n\n<h3 class=\"wp-block-heading\">A) La vall\u00e9e du torrent de l&rsquo;Izoard<\/h3>\n\n\n\n<p>Le <strong>col de Furfande <\/strong>est accessible par Arvieux (g\u00eete \u00e0 La Chalp, 1,5km au nord) par une route suivie d\u2019une piste (GR58) qui monte au <strong>col de Furfande<\/strong> (<a href=\"\/util\/geo\/visu.php?code=FR-05-2500\" target=\"_blank\" rel=\"noreferrer noopener\">FR-05-2500<\/a>) (R1). Poursuivre\u2026<\/p>\n\n\n\n<p><em><mark style=\"background-color:rgba(0, 0, 0, 0);color:#a44704\" class=\"has-inline-color\">a &#8211; par le sentier du GR58 (S1-S2) qui descend au refuge de Furfande, au <strong>col de la Lauze<\/strong> (<a href=\"\/util\/geo\/visu.php?code=FR-05-2076\" target=\"_blank\" rel=\"noreferrer noopener\">FR-05-2076<\/a>) et plus loin, aux Escoy\u00e8res par le sentier du GR, ou \u00e0 Villargaudin (g\u00eete) par le sentier de gauche.<br>b &#8211; du col, en prenant le sentier du GR541, puis le GR541 Var. on peut rejoindre le <strong>col du Lauzet<\/strong> et Guillestre. Par le GR541, on passe au <strong>col Garnier <\/strong>et on rejoint \u00e9galement Guillestre. Du GR541, apr\u00e8s l\u2019Arp, un sentier permet de passer par les chalets de Furfande et de rejoindre le <strong>col de la Lauze<\/strong>.<br>c &#8211; une piste (R1-Topo n\u00b0 1) permet la jonction Arvieux-Villargaudin en partant des pistes de mont\u00e9es ou de descente du <strong>col de Furfande<\/strong>.<br>d &#8211; de cette piste part un sentier qui monte \u00e0 la cabane de Fontouse (abri). Au-dessus de cette cabane au fond du vallon, hors sentier mais \u00e0 vue, le <strong>col de Fontouse<\/strong> ou <strong>col de Clausis<\/strong> (<a href=\"\/util\/geo\/visu.php?code=FR-05-2289\" target=\"_blank\" rel=\"noreferrer noopener\">FR-05-2289<\/a>). Descente vers le GR58, difficile sur la fin \u00e0 cause de la for\u00eat (M.B.).<\/mark><br>e &#8211; le <strong>col de Combe Labove <\/strong>(<a href=\"\/util\/geo\/visu.php?code=FR-05-2563\" target=\"_blank\" rel=\"noreferrer noopener\">FR-05-2563<\/a>) se grimpe en l\u2019absence de sentier depuis la piste d\u2019Arvieux et par le ravin de Clapouse. Difficult\u00e9s ?<\/em><\/p>\n\n\n\n<div style=\"height:30px\" aria-hidden=\"true\" class=\"wp-block-spacer\"><\/div>\n\n\n\n<h3 class=\"wp-block-heading\">B) Les chalets de Clapeyto<\/h3>\n\n\n\n<p>De Brunissard (g\u00eete), une route puis une piste montent jusqu\u2019aux chalets (2221m). Poursuivre\u2026<\/p>\n\n\n\n<p><mark style=\"background-color:rgba(0, 0, 0, 0);color:#a54500\" class=\"has-inline-color\"><em>a &#8211; par le sentier (passage S2-3) qui conduit aux lacs de Pansier. Le <strong>col Pansier<\/strong> (<a href=\"\/util\/geo\/visu.php?code=FR-05-2517a\" target=\"_blank\" rel=\"noreferrer noopener\">FR-05-2517a<\/a>) se trouve juste au-dessus, hors sentier. Au-dessus des lacs Marion, on trouve le <strong>col de N\u00e9al<\/strong> (<a href=\"\/util\/geo\/visu.php?code=FR-05-2509b\" target=\"_blank\" rel=\"noreferrer noopener\">FR-05-2509b<\/a>). On peut en descendre vers La Roche-de-Rame ou monter (S2 \u00e0 S4) \u00e0 droite au <strong>col du Lauzon<\/strong> (<a href=\"\/util\/geo\/visu.php?code=FR-05-2576a\" target=\"_blank\" rel=\"noreferrer noopener\">FR-05-2576a<\/a>) et redescendre au lac du Lauzon et \u00e0 Arvieux par un chemin suivi d\u2019une piste.<br>b &#8211; depuis le lac du Lauzon, on peut monter au <strong>col de La Rousse<\/strong> (<a href=\"\/util\/geo\/visu.php?code=FR-05-2515\" target=\"_blank\" rel=\"noreferrer noopener\">FR-05-2515<\/a>), difficult\u00e9 moyenne car d\u00e9nivel\u00e9 acceptable (M.B.).<\/em><\/mark><br>c &#8211; un sentier part \u00e0 gauche des chalets pour rejoindre le <strong>Collet<\/strong> (<a href=\"\/util\/geo\/visu.php?code=FR-05-2207\" target=\"_blank\" rel=\"noreferrer noopener\">FR-05-2207<\/a>) et plus loin le <strong>col du Cros<\/strong> (<a href=\"\/util\/geo\/visu.php?code=FR-05-2303a\" target=\"_blank\" rel=\"noreferrer noopener\">FR-05-2303a<\/a>) et rejoint Brunissard. Du <strong>Collet<\/strong>, un sentier se dirige vers le torrent de Rosey et permet l\u2019acc\u00e8s au <strong>col de la Rousse<\/strong> (2515m), hors sentier terminal mais difficult\u00e9 moyenne.<br>d &#8211; de l\u2019Eychaillon, le sentier du GR5 rejoint le <strong>col des Ayes<\/strong> (<a href=\"\/util\/geo\/visu.php?code=FR-05-2477\" target=\"_blank\" rel=\"noreferrer noopener\">FR-05-2477<\/a>) et rejoint Brian\u00e7on.<\/p>\n\n\n\n<div style=\"height:30px\" aria-hidden=\"true\" class=\"wp-block-spacer\"><\/div>\n\n\n\n<h3 class=\"wp-block-heading\">C) Le col d&rsquo;Izoard<\/h3>\n\n\n\n<p>Point n\u2019est besoin de le pr\u00e9senter. Altitude 2360m \u00e0 35,5km par le Queyras et 54,5km par Brian\u00e7on (boucle de 90km). Poursuivre\u2026<\/p>\n\n\n\n<p class=\"has-text-color has-link-color wp-elements-007e02cc7dcfb4a01db3d50c7f15b3b4\" style=\"color:#a43200\"><em>a &#8211; par le sentier du GR58, \u00e0 droite avant la Casse D\u00e9serte pour rejoindre le <strong>col du Tronchet<\/strong> (<a href=\"\/util\/geo\/visu.php?code=FR-05-2347b\" target=\"_blank\" rel=\"noreferrer noopener\">FR-05-2347b<\/a>), le hameau de Souliers (g\u00eete) par le GR58 qui se poursuit vers les bergeries de P\u00e9as et le <strong>col de la Cr\u00e8che<\/strong> (<a href=\"\/util\/geo\/visu.php?code=FR-05-2284\" target=\"_blank\" rel=\"noreferrer noopener\">FR-05-2284<\/a>). Tr\u00e8s joli parcours peu difficile et agr\u00e9able (M.B.). Une piste permet de revenir de Souliers vers La Chalp et Brunissard.<br>b &#8211; de l\u2019Izoard, on se rend au <strong>col Perdu<\/strong> (<a href=\"\/util\/geo\/visu.php?code=FR-05-2479\" target=\"_blank\" rel=\"noreferrer noopener\">FR-05-2479<\/a>) par un sentier tr\u00e8s court (S2- S3). Continuer vers le <strong>col des Portes<\/strong> (<a href=\"\/util\/geo\/visu.php?code=FR-05-2915\" target=\"_blank\" rel=\"noreferrer noopener\">FR-05-2915<\/a>) est long et difficile (d\u00e9vers + S4).<\/em><\/p>\n\n\n\n<div style=\"height:30px\" aria-hidden=\"true\" class=\"wp-block-spacer\"><\/div>\n\n\n\n<h3 class=\"wp-block-heading\">D) Le col de P\u00e9as<\/h3>\n\n\n\n<p>De Ch\u00e2teau-Queyras (g\u00eete \u00e0 Ville-Vieille, 2,5 km) une route monte aux Meyri\u00e8s. Suit une piste \u00e0 gauche vers Rouet et la bergerie du P\u00e9as. Poursuivre\u2026<\/p>\n\n\n\n<p><em><mark style=\"background-color:rgba(0, 0, 0, 0);color:#a44400\" class=\"has-inline-color\">a &#8211; par le sentier de droite qui m\u00e8ne au <strong>col de la Cr\u00e8che<\/strong> (2284m) et redescend ensuite aux Meyries. Peu difficile.<br>b &#8211; prendre la piste du GR 58 A, puis rapidement la piste de l\u2019ancienne mine d\u2019amiante qui rejoint plus haut le GR58 pour monter au <strong>col de P\u00e9as<\/strong> (<a href=\"\/util\/geo\/visu.php?code=FR-05-2629\" target=\"_blank\" rel=\"noreferrer noopener\">FR-05-2629<\/a>) et redescendre aux Fonds de Cervi\u00e8res (g\u00eete) c\u00f4t\u00e9 Brian\u00e7onnais. Cyclable pratiquement jusqu\u2019au col (Topo N\u00b0 3).<br>c &#8211; aller jusqu\u2019au <strong>col Gourdin<\/strong> (<a href=\"\/util\/geo\/visu.php?code=FR-05-2812\" target=\"_blank\" rel=\"noreferrer noopener\">FR-05-2812<\/a>) sur la m\u00eame cr\u00eate plus \u00e0 l\u2019est n\u2019est pas ais\u00e9. Le <strong>col de la Crousette<\/strong> (<a href=\"\/util\/geo\/visu.php?code=FR-05-2780a\" target=\"_blank\" rel=\"noreferrer noopener\">FR-05-2780a<\/a>) se trouve encore plus loin \u00e0 l\u2019est sur la cr\u00eate, trajet difficile (M.B.).<\/mark><br>d &#8211; des Meyries, en suivant la piste du GR58 A, on monte vers la bergerie du Chalvet des Borels et on redescend vers Aiguilles.<\/em><\/p>\n\n\n\n<div style=\"height:30px\" aria-hidden=\"true\" class=\"wp-block-spacer\"><\/div>\n\n\n\n<h3 class=\"wp-block-heading\">E) Aiguilles<\/h3>\n\n\n\n<p>G\u00eete \u00e0 Aiguilles. Rive droite du Guil, une piste monte au Lombard (1914m) et un embranchement parvient \u00e0 la bergerie du Lombard (2020m) ou aux Eygliers. Poursuivre\u2026<\/p>\n\n\n\n<p><em><mark style=\"background-color:rgba(0, 0, 0, 0);color:#a44400\" class=\"has-inline-color\">a &#8211; de l\u2019un et de l\u2019autre part un sentier qui rejoint le sentier du GR 58A qui monte aux lacs du Malrif (le Grand Laus 2570m). Le GR58 poursuit la mont\u00e9e vers le pic du Malrif (2906m), (le GR58 descend vers les Fonds de Cervi\u00e8res) et le GR58D descend au <strong>col du Malrif<\/strong> (<a href=\"\/util\/geo\/visu.php?code=FR-05-2866\" target=\"_blank\" rel=\"noreferrer noopener\">FR-05-2866<\/a>). Itin\u00e9raire sportif. Ce m\u00eame chemin continue sa progression vers le <strong>col de Rasis<\/strong> (<a href=\"\/util\/geo\/visu.php?code=FR-05-2921\" target=\"_blank\" rel=\"noreferrer noopener\">FR-05-2921<\/a>) et vers le <strong>col des Thures<\/strong> (<a href=\"\/util\/geo\/visu.php?code=FR-05-2797\" target=\"_blank\" rel=\"noreferrer noopener\">FR-05-2797<\/a>). Un sentier descend sur le versant italien vers Sauze di Cesana. Du c\u00f4t\u00e9 fran\u00e7ais, le GR58D redescend vers Le Roux (g\u00eete) et Abri\u00e8s (g\u00eete). Difficult\u00e9s : long mais sans difficult\u00e9s particuli\u00e8res ( S3-S4)(M.B.).<br>b &#8211; rive gauche du Guil, une piste monte au refuge du Peynin (2036m), un sentier \u00e0 flanc la poursuit vers le fond de la vall\u00e9e o\u00f9 l\u2019on trouve le <strong>col du Fond de Peynin<\/strong> ou <strong>col des Chalanches<\/strong> (<a href=\"\/util\/geo\/visu.php?code=FR-05-2790\" target=\"_blank\" rel=\"noreferrer noopener\">FR-05-2790<\/a>). Au-dessus du dernier t\u00e9l\u00e9ski (T\u00e9l\u00e9ski du col de la Lauze) se trouve le <strong>col de la Lauze<\/strong> (<a href=\"\/util\/geo\/visu.php?code=FR-05-2550\" target=\"_blank\" rel=\"noreferrer noopener\">FR-05-2550<\/a>), hors sentier mais facile. Entre Peynin et le refuge, une piste se dirige vers le fond du vallon de Peynin, continu\u00e9 par un sentier passant par des bergeries. De ces bergeries, un sentier monte \u00e0 droite vers le <strong>col du Clot du Loup<\/strong> ou <strong>Pas du Chai<\/strong> (<a href=\"\/util\/geo\/visu.php?code=FR-05-2660\" target=\"_blank\" rel=\"noreferrer noopener\">FR-05-2660<\/a>) et redescend au Coin (Molines) Des bergeries, monter \u00e0 vue vers le <strong>col du Fond de Peynin<\/strong>. Final S5. (M.B.)<\/mark><br>c &#8211; rive gauche, une piste descend \u00e0 Ville-Vieille et une autre monte \u00e0 Abri\u00e8s.<\/em><\/p>\n\n\n<div class=\"wp-block-image\">\n<figure class=\"aligncenter size-full\"><img loading=\"lazy\" decoding=\"async\" width=\"628\" height=\"334\" src=\"https:\/\/centcols.org\/wp-content\/uploads\/2026\/02\/guillestrois2_col_du_fond_de_peynin.jpg\" alt=\"\" class=\"wp-image-93736\" srcset=\"https:\/\/centcols.org\/wp-content\/uploads\/2026\/02\/guillestrois2_col_du_fond_de_peynin.jpg 628w, https:\/\/centcols.org\/wp-content\/uploads\/2026\/02\/guillestrois2_col_du_fond_de_peynin-18x10.jpg 18w\" sizes=\"auto, (max-width: 628px) 100vw, 628px\" \/><figcaption class=\"wp-element-caption\">Col du Fond de Peynin<\/figcaption><\/figure>\n<\/div>\n\n\n<div style=\"height:15px\" aria-hidden=\"true\" class=\"wp-block-spacer\"><\/div>\n\n\n\n<h3 class=\"wp-block-heading\">F) Le Roux-Valpr\u00e9veyre<\/h3>\n\n\n\n<p>Deux vall\u00e9es distinctes mais proches au fin fond du Queyras accessibles depuis Abri\u00e8s (g\u00eete). Nombreux cols muletiers vers l\u2019Italie. Terminus routiers \u00e0 1801m ou 1860m \u00e0 39km ou 41km. Poursuivre\u2026<\/p>\n\n\n\n<p><em>a &#8211; <mark style=\"background-color:rgba(0, 0, 0, 0);color:#a44400\" class=\"has-inline-color\">du Roux (g\u00eete), tr\u00e8s beau hameau, prendre la piste du GR58D passant par la Chapelle Saint-Antoine puis le sentier pour gagner le <strong>col des Thures<\/strong> (S3-4). Correspondance avec Topo N\u00b0 3 (Dans les Escartons italiens).<\/mark> Apr\u00e8s la passerelle, un sentier passant par la chapelle de La Montette conduit au <strong>col de la Mayt<\/strong> (<a href=\"\/util\/geo\/visu.php?code=FR-05-2705\" target=\"_blank\" rel=\"noreferrer noopener\">FR-05-2705<\/a>) et descend vers la vall\u00e9e italienne de la Ripa et \u00e0 Sauze di Cesana.<br><mark style=\"background-color:rgba(0, 0, 0, 0);color:#a44400\" class=\"has-inline-color\">b &#8211; du GR58D, \u00e0 la Chapelle Saint-Antoine part une piste suivie d\u2019un chemin qui conduit au <strong>col Vieux<\/strong> (<a href=\"\/util\/geo\/visu.php?code=FR-05-2684c\" target=\"_blank\" rel=\"noreferrer noopener\">FR-05-2684c<\/a>) \u00e0 gauche et \u00e0 droite au <strong>col Saint-Martin<\/strong> (<a href=\"\/util\/geo\/visu.php?code=FR-05-2657\" target=\"_blank\" rel=\"noreferrer noopener\">FR-05-2657<\/a>) et \u00e0 Ribba en Italie. Le refuge del Lago Verde se trouve en contrebas. Retour \u00e0 Valpr\u00e9veyre par le <strong>col de Valpreveyre<\/strong> (<a href=\"\/util\/geo\/visu.php?code=FR-05-2737a\" target=\"_blank\" rel=\"noreferrer noopener\">FR-05-2737a<\/a>), hors sentier mais seulement S3-4. (M.B.).<\/mark><br><mark style=\"background-color:rgba(0, 0, 0, 0);color:#a44400\" class=\"has-inline-color\">c &#8211; de Valpr\u00e9veyre, une piste puis un sentier remonte la vall\u00e9e du Malaure pour se s\u00e9parer ensuite par un sentier \u00e0 gauche se dirigeant vers le <strong>col de Bouchet<\/strong> (<a href=\"\/util\/geo\/visu.php?code=FR-05-2626\" target=\"_blank\" rel=\"noreferrer noopener\">FR-05-2626<\/a>) et le refuge Nino Sardi au col. L\u2019autre, \u00e0 droite, m\u00e8ne au <strong>col de Malaure<\/strong> (<a href=\"\/util\/geo\/visu.php?code=FR-05-2536\" target=\"_blank\" rel=\"noreferrer noopener\">FR-05-2536<\/a>). Un sentier italien descend de ce col et rejoint la vall\u00e9e de Torre Pellice. Un autre partant de ce dernier rejoint le <strong>col de Bouchet<\/strong> derri\u00e8re la cr\u00eate. Le <strong>col de Valpreveyre<\/strong> (2737m) se trouve \u00e0 gauche du <strong>col de Bouchet<\/strong> de l\u2019autre c\u00f4t\u00e9 du Bric Bouchet juste au dessus du refuge Lago Verde. Hors sentier mais S3-4 du c\u00f4t\u00e9 italien.<\/mark><br>d &#8211; en passant le pont \u00e0 Valpr\u00e9veyre, un sentier remonte le torrent d\u2019Urine (pas d\u2019odeur particuli\u00e8re \u00e0 signaler), rejoint le GR58B et aboutit au <strong>col d\u2019Urine<\/strong> (<a href=\"\/util\/geo\/visu.php?code=FR-05-2525c\" target=\"_blank\" rel=\"noreferrer noopener\">FR-05-2525c<\/a>) pour plonger vers les tr\u00e8s belles granges del Pis et le refuge Willy Jervis en Haute Pellice.<br><mark style=\"background-color:rgba(0, 0, 0, 0);color:#a44400\" class=\"has-inline-color\">e &#8211; un sentier (le GR 58 D) monte \u00e0 <strong>Collette de Gilly<\/strong> (<a href=\"\/util\/geo\/visu.php?code=FR-05-2366\" target=\"_blank\" rel=\"noreferrer noopener\">FR-05-2366<\/a>), suit la cr\u00eate et descend \u00e0 La Monta (g\u00eete) ou \u00e0 Ristolas (g\u00eete). Petit col sans probl\u00e8me.<\/mark><\/em><\/p>\n\n\n<div class=\"wp-block-image\">\n<figure class=\"aligncenter size-full\"><img loading=\"lazy\" decoding=\"async\" width=\"363\" height=\"540\" src=\"https:\/\/centcols.org\/wp-content\/uploads\/2026\/02\/guillestrois3_col_de_valpreveyre.jpg\" alt=\"\" class=\"wp-image-93741\" srcset=\"https:\/\/centcols.org\/wp-content\/uploads\/2026\/02\/guillestrois3_col_de_valpreveyre.jpg 363w, https:\/\/centcols.org\/wp-content\/uploads\/2026\/02\/guillestrois3_col_de_valpreveyre-8x12.jpg 8w\" sizes=\"auto, (max-width: 363px) 100vw, 363px\" \/><figcaption class=\"wp-element-caption\">Col de Valpreveyre<\/figcaption><\/figure>\n<\/div>\n\n<div class=\"wp-block-image\">\n<figure class=\"aligncenter size-full\"><img loading=\"lazy\" decoding=\"async\" width=\"276\" height=\"345\" src=\"https:\/\/centcols.org\/wp-content\/uploads\/2026\/02\/guillestrois4_granges_del_pis.jpg\" alt=\"\" class=\"wp-image-93742\" srcset=\"https:\/\/centcols.org\/wp-content\/uploads\/2026\/02\/guillestrois4_granges_del_pis.jpg 276w, https:\/\/centcols.org\/wp-content\/uploads\/2026\/02\/guillestrois4_granges_del_pis-10x12.jpg 10w\" sizes=\"auto, (max-width: 276px) 100vw, 276px\" \/><figcaption class=\"wp-element-caption\">Granges del Pis<\/figcaption><\/figure>\n<\/div>\n\n\n<div style=\"height:15px\" aria-hidden=\"true\" class=\"wp-block-spacer\"><\/div>\n\n\n\n<h3 class=\"wp-block-heading\">G) Haute vall\u00e9e du Guil<\/h3>\n\n\n\n<p>La route s\u2019arr\u00eate au Grand Belv\u00e9d\u00e8re du Mont Viso \u00e0 2133m et \u00e0 50km, tout au bout du Queyras et \u00e9videmment, belle vue sur le Viso et sa dent de guingois. Poursuivre\u2026<\/p>\n\n\n\n<p><em>a &#8211; <mark style=\"background-color:rgba(0, 0, 0, 0);color:#a44400\" class=\"has-inline-color\">par le GR58C partant de La Monta ou par le GR 58 B partant de l\u2019Echalp qui se rejoignent peu avant le <strong>col Lacroix<\/strong> (<a href=\"\/util\/geo\/visu.php?code=FR-05-2299\" target=\"_blank\" rel=\"noreferrer noopener\">FR-05-2299<\/a>) et parviennent au refuge Jervis en Italie. De l\u00e0, le GR58B remonte au <strong>col d\u2019Urine<\/strong><\/mark> et le GR58C remonte le torrent de Pellice par une piste et un sentier vers le refuge Granero et le <strong>col selli\u00e8re<\/strong> (<a href=\"\/util\/geo\/visu.php?code=FR-05-2834\" target=\"_blank\" rel=\"noreferrer noopener\">FR-05-2834<\/a>) pour descendre vers le refuge du Viso (2460m), c\u00f4t\u00e9 Fran\u00e7ais. Difficult\u00e9s ?<br>b &#8211; apr\u00e8s L\u2019Echalp, un sentier se dirige vers la cabane du Pisset et se poursuit jusqu\u2019au <strong>col Pisset<\/strong> ou <strong>colle Vecchio<\/strong> (<a href=\"\/util\/geo\/visu.php?code=FR-05-2662a\" target=\"_blank\" rel=\"noreferrer noopener\">FR-05-2662a<\/a>). Sur la m\u00eame cr\u00eate, un peu plus au nord, on trouve le <strong>col de Nalbert<\/strong> ou <strong>Colle Vittona<\/strong> (<a href=\"https:\/\/centcols.org\/util\/geo\/visu.php?code=FR-05-2576b\" target=\"_blank\" rel=\"noreferrer noopener\">FR-05-2576b<\/a>). Difficult\u00e9s ?<br>c &#8211; du terminus de la piste au Grand Belv\u00e9d\u00e8re du Mont Viso, un sentier monte \u00e0 gauche et se divise en GR58C \u00e0 gauche qui rejoint le <strong>col Selli\u00e8re<\/strong>, en tour du Mont Viso qui grimpe vers le <strong>col de la Traversette<\/strong> (<a href=\"\/util\/geo\/visu.php?code=FR-05-2947\" target=\"_blank\" rel=\"noreferrer noopener\">FR-05-2947<\/a>) et le <strong>Pertuis du Viso<\/strong> (tunnel) qui redescend vers les sources du P\u00f4 \u00e0 Plan Del Re. Le GR58C \u00e0 droite passe par le refuge du Viso et monte retrouver le <strong>col de Valante<\/strong> (<a href=\"\/util\/geo\/visu.php?code=FR-05-2815\" target=\"_blank\" rel=\"noreferrer noopener\">FR-05-2815<\/a>). Le GR58C descend rejoindre un lacet routier du <strong>col Agnel<\/strong> sur le versant italien. Difficult\u00e9s ? D\u2019autres cols se trouvent dans ce secteur, mais hors sentier.<br>d &#8211; de Ristolas monte une longue piste vers la bergerie de S\u00e9gure, domin\u00e9e par les cr\u00eates du Grand Queyras qui abritent \u00e9galement quelques cols.<\/em><\/p>\n\n\n<div class=\"wp-block-image\">\n<figure class=\"aligncenter size-full\"><img loading=\"lazy\" decoding=\"async\" width=\"265\" height=\"374\" src=\"https:\/\/centcols.org\/wp-content\/uploads\/2026\/02\/guillestrois5_col_d_urine.jpg\" alt=\"\" class=\"wp-image-93745\" srcset=\"https:\/\/centcols.org\/wp-content\/uploads\/2026\/02\/guillestrois5_col_d_urine.jpg 265w, https:\/\/centcols.org\/wp-content\/uploads\/2026\/02\/guillestrois5_col_d_urine-9x12.jpg 9w\" sizes=\"auto, (max-width: 265px) 100vw, 265px\" \/><figcaption class=\"wp-element-caption\">Col d&rsquo;Urine<\/figcaption><\/figure>\n<\/div>\n\n\n<div style=\"height:15px\" aria-hidden=\"true\" class=\"wp-block-spacer\"><\/div>\n\n\n\n<h3 class=\"wp-block-heading\">H) Col Agnel<\/h3>\n\n\n\n<p>Il est sur le podium des cols routiers fran\u00e7ais. Altitude 2743m, et distance 46km. Refuge Agnel en contrebas. Poursuivre\u2026<\/p>\n\n\n\n<p><em>a &#8211; <mark style=\"background-color:rgba(0, 0, 0, 0);color:#a44400\" class=\"has-inline-color\">du refuge Agnel ou du parking plus haut, prendre un sentier \u00e0 gauche qui conduit au <strong>col Vieux<\/strong> (<a href=\"\/util\/geo\/visu.php?code=FR-05-2806\" target=\"_blank\" rel=\"noreferrer noopener\">FR-05-2806<\/a>) sans difficult\u00e9<\/mark>. Suit une tr\u00e8s belle descente dans la vall\u00e9e du Bouchouse par le GR58 jusqu\u2019\u00e0 L\u2019Echalp dans la haute vall\u00e9e du Guil. <mark style=\"background-color:rgba(0, 0, 0, 0);color:#a44400\" class=\"has-inline-color\">Du <strong>col Vieux<\/strong>, on peut acc\u00e9der \u00e0 la <strong>Br\u00e8che de Ruine<\/strong> (<a href=\"\/util\/geo\/visu.php?code=FR-05-2908\" target=\"_blank\" rel=\"noreferrer noopener\">FR-05-2908<\/a>) : tr\u00e8s beau panorama. \u00c0 la redescente du <strong>col Vieux<\/strong> vers le refuge , on peut \u00e9galement gagner le <strong>col de l\u2019Eychassier<\/strong> (<a href=\"\/util\/geo\/visu.php?code=FR-05-2917\" target=\"_blank\" rel=\"noreferrer noopener\">FR-05-2917<\/a>).(M.B.).<br>b &#8211; \u00c0 droite le GR58 m\u00e8ne au <strong>col de Chamoussi\u00e8re<\/strong> (<a href=\"\/util\/geo\/visu.php?code=FR-05-2884b\" target=\"_blank\" rel=\"noreferrer noopener\">FR-05-2884b<\/a>) et de l\u2019autre c\u00f4t\u00e9 \u00e0 la Chapelle de Clausis et Saint-V\u00e9ran. Versant difficile, nombreux cailloux.<\/mark><\/em><\/p>\n\n\n\n<div style=\"height:30px\" aria-hidden=\"true\" class=\"wp-block-spacer\"><\/div>\n\n\n\n<h3 class=\"wp-block-heading\">I) Vall\u00e9e de l&rsquo;Aigue Blanche<\/h3>\n\n\n\n<p>Saint-V\u00e9ran (g\u00eete) \u00e0 2050m, plus haute commune d\u2019Europe, dit-on. En tout cas, tr\u00e8s pittoresque village. Une route m\u00e8ne jusqu\u2019\u00e0 la Chapelle Notre Dame de Clausis (2399m) et \u00e0 46km de Guillestre. Poursuivre\u2026<\/p>\n\n\n\n<p><em><mark style=\"background-color:rgba(0, 0, 0, 0);color:#a44400\" class=\"has-inline-color\">a &#8211; en montant, au niveau du parking, avant la chapelle Sainte-\u00c9lisabeth, prendre une piste (R1-R2) \u00e0 gauche, passant par la cabane de Labounnais et qui monte \u00e0 l\u2019observatoire du pic de Ch\u00e2teau Renard (2931m). Dans la mont\u00e9e un sentier \u00e0 droite (S1\u00e0 S3) se dirige vers le <strong>col de Longet<\/strong> (<a href=\"\/util\/geo\/visu.php?code=FR-05-2701\" target=\"_blank\" rel=\"noreferrer noopener\">FR-05-2701<\/a>) et permet une belle descente vers Fontgillarde (S2-3). Par la chapelle Sainte-\u00c9lisabeth, une piste traverse l\u2019Aigue Blanche et redescend vers Saint-V\u00e9ran.<br>b &#8211; un peu en-dessous de Notre-Dame-de-Clausis, le sentier du GR58 part \u00e0 gauche et conduit au <strong>col de Chamoussi\u00e8re<\/strong> (S2-3). En montant, une variante \u00e0 droite parvient au <strong>col de Saint-V\u00e9ran<\/strong> (<a href=\"\/util\/geo\/visu.php?code=FR-05-2844b\" target=\"_blank\" rel=\"noreferrer noopener\">FR-05-2844b<\/a>) (S1 \u00e0 S4), et permet de rejoindre, versant italien, un lacet de la route du col Agnel.<br>c &#8211; plus haut, une piste (R1) se dirige vers le refuge de La Blanche (2499m) et un sentier se s\u00e9parant plus haut conduit pour celui de gauche (S2 \u00e0 S4) au <strong>col Blanchet<\/strong> (<a href=\"\/util\/geo\/visu.php?code=FR-05-2897\" target=\"_blank\" rel=\"noreferrer noopener\">FR-05-2897<\/a>), et celui de droite au <strong>col de la Noire<\/strong> (<a href=\"\/util\/geo\/visu.php?code=FR-04-2955\" target=\"_blank\" rel=\"noreferrer noopener\">FR-04-2955<\/a>). Un sentier facile, versant italien, relie les cols <strong>Blanchet<\/strong> et <strong>de Longet,<\/strong> et un autre, en haute Ubaye rejoint le <strong>col de Longet<\/strong> et le <strong>col de la Noire<\/strong> plus difficilement. (Topo N\u00b03).<\/mark><br>d &#8211; du pont du moulin, en dessous de Saint-V\u00e9ran, le sentier du GR 58 rejoint le <strong>col des Estronques <\/strong>(<a href=\"\/util\/geo\/visu.php?code=FR-05-2651\" target=\"_blank\" rel=\"noreferrer noopener\">FR-05-2651<\/a>) et en descendant retrouve le <strong>col Fromage<\/strong> (<a href=\"\/util\/geo\/visu.php?code=FR-05-2301\" target=\"_blank\" rel=\"noreferrer noopener\">FR-05-2301<\/a>) puis la vall\u00e9e de Ceillac.<br>e &#8211; de Molines (g\u00eete) une piste traverse l\u2019Aigue Agnelle et permet de gagner le <strong>col des Pr\u00e9s de Fromage<\/strong> (<a href=\"\/util\/geo\/visu.php?code=FR-05-2146\" target=\"_blank\" rel=\"noreferrer noopener\">FR-05-2146<\/a>). De La Rua une piste rejoint la route de Sommet Bucher puis Ch\u00e2teau-Queyras.<\/em><\/p>\n\n\n\n<div style=\"height:30px\" aria-hidden=\"true\" class=\"wp-block-spacer\"><\/div>\n\n\n\n<h3 class=\"wp-block-heading\">J) Ch\u00e2teau-Queyras<\/h3>\n\n\n\n<p>Vauban est pass\u00e9 par l\u00e0 aussi. En rejoignant la rive gauche du Guil, on prend la route puis la piste montant au Sommet Bucher (2254m) et \u00e0 32km. Table d\u2019orientation. Poursuivre \u2026<\/p>\n\n\n\n<p><em>a &#8211; <mark style=\"background-color:rgba(0, 0, 0, 0);color:#a44400\" class=\"has-inline-color\">par le sentier filant plein sud et qui retrouve le <strong>col des Pr\u00e9s de Fromage<\/strong> (2146m). Un sentier \u00e0 gauche descend \u00e0 Molines (g\u00eete) et un autre<\/mark>, en face et \u00e0 gauche rejoint La Chalp (g\u00eete) de Saint-V\u00e9ran. <mark style=\"background-color:rgba(0, 0, 0, 0);color:#a44400\" class=\"has-inline-color\">La piste au sud rejoint la route foresti\u00e8re de Fontaine Rouge, puis le sentier du GR5 qui aboutit au col Fromage (2301m) v\u00e9ritable Place de l\u2019Etoile du Queyras. Cyclable \u00e0 98%. Topo N\u00b01, page 32<\/mark>. \u00c0 droite le sentier du GR58 puis la piste descendent \u00e0 Montbardon. <mark style=\"background-color:rgba(0, 0, 0, 0);color:#a44400\" class=\"has-inline-color\">Sur la cr\u00eate \u00e0 droite, le sentier conduit au <strong>col de Bramousse<\/strong> (<a href=\"\/util\/geo\/visu.php?code=FR-05-2251\" target=\"_blank\" rel=\"noreferrer noopener\">FR-05-2251<\/a>) puis \u00e0 Bramousse (g\u00eete) ou \u00e0 Ceillac (g\u00eete)<\/mark>. Entre les deux, un sentier m\u00e8ne \u00e0 Bramousse en passant par le <strong>col de Souillet<\/strong> (<a href=\"\/util\/geo\/visu.php?code=FR-05-2133\" target=\"_blank\" rel=\"noreferrer noopener\">FR-05-2133<\/a>). En face le sentier du GR5 descend au Villard. \u00c0 gauche le sentier monte au <strong>col des Estronques<\/strong> (<a href=\"\/util\/geo\/visu.php?code=FR-05-2651\" target=\"_blank\" rel=\"noreferrer noopener\">FR-05-2651<\/a>). Difficult\u00e9s ?<\/em><br><em>b &#8211; une piste \u00e0 flanc qui s\u2019embranche dans le premier lacet de la route du Sommet Boucher rejoint directement Montbardon.<\/em><\/p>\n\n\n\n<div style=\"height:30px\" aria-hidden=\"true\" class=\"wp-block-spacer\"><\/div>\n\n\n\n<h3 class=\"wp-block-heading\">K) Montbardon<\/h3>\n\n\n\n<p>Une route quitte la D902 dans la combe du Queyras et monte au village (g\u00eete). \u00c0 droite, \u00e0 l\u2019oratoire, une piste se dirige vers Ch\u00e2teau-Queyras, en prenant plus loin celle de gauche au carrefour des deux pistes. Celle de droite rejoint le vallon du Riou Vert. Poursuivre \u2026<br><em>\u2026et donne naissance \u00e0 un sentier (GR 58) qui monte au <strong>col Fromage<\/strong>.<\/em><\/p>\n\n\n\n<p>Bramousse (g\u00eete) : une route quitte la D902 et monte au village et une piste la continue pour arriver aux chalets de Brousse (1841m). Poursuivre \u2026<br><em>Une piste monte au hameau de Terre Noir. Un sentier \u00e0 gauche rejoint directement le <strong>col de Souillet<\/strong> (2133m). <mark style=\"background-color:rgba(0, 0, 0, 0);color:#a44400\" class=\"has-inline-color\">En face, la piste puis le sentier du GR58 (S3) montent au <strong>col de Bramousse<\/strong> (2251m). Un sentier rejoint \u00e9galement le <strong>col de Souillet<\/strong>. Le sentier de gauche conduit au <strong>col Fromage<\/strong>. Poussage intermittent \u00e0 la mont\u00e9e et \u00e0 la descente vers le col. Topo N\u00b01.<\/mark><br>Au-dessus des chalets \u00e0 droite, dans le vallon de Combasse, le <strong>col de la Combasse<\/strong> (<a href=\"\/util\/geo\/visu.php?code=FR-05-2383a\" target=\"_blank\" rel=\"noreferrer noopener\">FR-05-2383a<\/a>), la partie finale, hors sentier mais sur la m\u00eame cr\u00eate que le <strong>col de Bramousse<\/strong>.<\/em><\/p>\n\n\n\n<div style=\"height:30px\" aria-hidden=\"true\" class=\"wp-block-spacer\"><\/div>\n\n\n\n<h3 class=\"wp-block-heading\">L) Ceillac<\/h3>\n\n\n\n<p>Le village (g\u00eete) est au confluent de deux vall\u00e9es. La route du vallon du Cristillan monte jusqu\u2019\u00e0 L&rsquo;\u00c9table des G\u00e9nisses (2156m) et \u00e0 25km. Poursuivre \u2026<\/p>\n\n\n\n<p><em>a &#8211; de Ceillac, le sentier du GR 58 monte au <strong>col de Bramousse<\/strong>. Du Villard le sentier du GR5 monte au <strong>col Fromage<\/strong>. De les Chalmettes, le sentier du GR58 monte au <strong>col des Estronques<\/strong>. Sous Le Villard, une piste rejoint et remonte la vall\u00e9e du M\u00e9lezet jusqu\u2019\u00e0 La Riaille.<\/em><br><mark style=\"background-color:rgba(0, 0, 0, 0);color:#a44400\" class=\"has-inline-color\"><em>b &#8211; les quatre cols du Cristillan (topo N\u00b0 3). Rejoindre le sentier \u00e0 gauche au dessus de L\u2019\u00e9table (p\u00e9destre) puis cyclable jusque vers 2400m. Pierreux ensuite pour atteindre un col g\u00e9ographique \u00e0 gauche de la T\u00eate de la Cula, ascension de celle-ci et descente par un bon sentier vers le <strong>Pas de la Cula<\/strong> (<a href=\"\/util\/geo\/visu.php?code=FR-04-3085a\" target=\"_blank\" rel=\"noreferrer noopener\">FR-04-3085a<\/a>) \u00e0 l\u2019est. Retour vers le <strong>col de la Cula<\/strong> (<a href=\"\/util\/geo\/visu.php?code=FR-04-3070\" target=\"_blank\" rel=\"noreferrer noopener\">FR-04-3070<\/a>) et les <strong>col Nord du Cristillan<\/strong> (<a href=\"\/util\/geo\/visu.php?code=FR-04-3032\" target=\"_blank\" rel=\"noreferrer noopener\">FR-04-3032<\/a>) et <strong>col Sud du Cristillan<\/strong> (<a href=\"\/util\/geo\/visu.php?code=FR-04-2957\" target=\"_blank\" rel=\"noreferrer noopener\">FR-04-2957<\/a>) par un sentier de cr\u00eate a\u00e9rien et partiellement cyclable (S1-2). Descente rapide vers l\u2019ancienne cabane des douanes, puis vers Ceillac en passant au dessus de L\u2019\u00e9table des G\u00e9nisses. (Serpentine au <strong>col Sud du Cristillan<\/strong>, ancienne carri\u00e8re de marbre vert dans la descente vers la cabane, utilis\u00e9 pour le tombeau de Napol\u00e9on 1<sup>er<\/sup> aux Invalides).<\/em><\/mark><br>c &#8211; <em>de L&rsquo;\u00c9table, un sentier \u00e0 droite monte vers le lac de Clausis (2441m). Hors sentier, le <strong>col Allong\u00e9<\/strong> (<a href=\"\/util\/geo\/visu.php?code=FR-05-2838\" target=\"_blank\" rel=\"noreferrer noopener\">FR-05-2838<\/a>) se trouve sur la cr\u00eate \u00e0 droite, le <strong>col de Clausis<\/strong> (<a href=\"\/util\/geo\/visu.php?code=FR-04-2785\" target=\"_blank\" rel=\"noreferrer noopener\">FR-04-2785<\/a>) est au sud et le <strong>col des Ugousses<\/strong> (<a href=\"\/util\/geo\/visu.php?code=FR-04-2988\" target=\"_blank\" rel=\"noreferrer noopener\">FR-04-2988<\/a>) est au bout du Ravin de Clausis. Difficult\u00e9s ?<\/em> La route du vallon du M\u00e9lezet (refuge) se termine \u00e0 l\u2019aire de stationnement du Fond de Chaurionde (1967m) \u00e0 23km au pied de la Font Sancte et ses n\u00e9v\u00e9s. Poursuivre\u2026<br><em>d &#8211; par un sentier en face qui rejoint le <strong>col Tronchet<\/strong> (<a href=\"\/util\/geo\/visu.php?code=FR-04-2661\" target=\"_blank\" rel=\"noreferrer noopener\">FR-04-2661<\/a>) et descend vers Maljasset (g\u00eete) en Haute-Ubaye. \u00c0 droite, un sentier monte vers le lac Sainte-Anne o\u00f9 il rejoint le sentier du GR5 \u00e0 gauche pour acc\u00e9der au <strong>col Girardin<\/strong> (<a href=\"\/util\/geo\/visu.php?code=FR-04-2706\" target=\"_blank\" rel=\"noreferrer noopener\">FR-04-2706<\/a>) et \u00e0 la vall\u00e9e de la Haute-Ubaye. Par le GR 5 \u00e0 droite, on acc\u00e8de au <strong>Collet de Sainte-Anne<\/strong> (<a href=\"\/util\/geo\/visu.php?code=FR-05-2408\" target=\"_blank\" rel=\"noreferrer noopener\">FR-05-2408<\/a>), puis \u00e0 la descente vers la station du M\u00e9lezet par la piste sous les t\u00e9l\u00e9skis. En suivant le GR5 on arrive au lac Miroir d\u2019o\u00f9 un chemin conduit au <strong>Pas du Cur\u00e9<\/strong> (<a href=\"\/util\/geo\/visu.php?code=FR-05-2783b\" target=\"_blank\" rel=\"noreferrer noopener\">FR-05-2783b<\/a>) puis \u00e0 la bergerie d\u2019Andrevez (abri) et \u00e0 l\u2019Ubac de Laval dans la basse vall\u00e9e de Ceillac. Du <strong>Pas du Cur\u00e9<\/strong>, aller-retour vers le <strong>col de la Colette Verte<\/strong> (<a href=\"\/util\/geo\/visu.php?code=FR-05-2910\" target=\"_blank\" rel=\"noreferrer noopener\">FR-05-2910<\/a>)<\/em>.<br><em>e &#8211; une piste de l\u2019Ubac de Laval rejoint Guillestre d\u2019o\u00f9 s\u2019embranche une autre piste qui se dirige vers le Mont Guillestre (2520m) et s\u2019arr\u00eate vers 2200m<\/em>.<\/p>\n\n\n\n<div style=\"height:30px\" aria-hidden=\"true\" class=\"wp-block-spacer\"><\/div>\n\n\n\n<h3 class=\"wp-block-heading\">M) Val d&rsquo;Escreins<\/h3>\n\n\n\n<p>Petite vall\u00e9e sauvage s\u2019ouvrant entre Guillestre et Vars, terminus \u00e0 1781m et \u00e0 environ 16km au refuge de La Basse Rua et au village en ruine d\u2019Escreins. Pour s\u2019y rendre, il faut prendre la route du <strong>col de Vars<\/strong> et tourner \u00e0 gauche apr\u00e8s les lacets et avant Saint-Marcellin. Poursuivre&#8230;<\/p>\n\n\n\n<p><em>a &#8211; par la piste jusqu\u2019\u00e0 la cabane des Chalances puis prendre le sentier en face pour atteindre le <strong>col des Houerts<\/strong> (<a href=\"\/util\/geo\/visu.php?code=FR-04-2869\" target=\"_blank\" rel=\"noreferrer noopener\">FR-04-2869<\/a>) et l\u2019Ubaye. Par celui de gauche, on acc\u00e8de au <strong>col de la Colette Verte<\/strong> et au <strong>Pas du Cur\u00e9<\/strong> juste derri\u00e8re.<br>b &#8211; par un sentier \u00e0 droite apr\u00e8s La Basse Rua, on monte vers le <strong>col de la Coulette<\/strong> (<a href=\"\/util\/geo\/visu.php?code=FR-05-2362\" target=\"_blank\" rel=\"noreferrer noopener\">FR-05-2362<\/a>) et on acc\u00e8de \u00e0 Vars Sainte-Marie si on prend le sentier de droite \u00e0 la bifurcation en montant. On acc\u00e8de au <strong>col de Serenne<\/strong> (<a href=\"\/util\/geo\/visu.php?code=FR-04-2674a\" target=\"_blank\" rel=\"noreferrer noopener\">FR-04-2674a<\/a>) par celui de gauche. Au <strong>col de La Coulette<\/strong>, un sentier de cr\u00eate sur la droite rejoint le <strong>col de la Scie<\/strong> (<a href=\"\/util\/geo\/visu.php?code=FR-05-2336\" target=\"_blank\" rel=\"noreferrer noopener\">FR-05-2336<\/a>) et redescend vers la Basse Rua. Un sentier descend \u00e9galement vers Saint-Marcellin<\/em>.<\/p>\n\n\n\n<div style=\"height:30px\" aria-hidden=\"true\" class=\"wp-block-spacer\"><\/div>\n\n\n\n<h3 class=\"wp-block-heading\">N) Col de Vars<\/h3>\n\n\n\n<p>Col de la route des Grandes Alpes, 2108m \u00e0 21km. Permet l\u2019acc\u00e8s \u00e0 l\u2019Ubaye et \u00e0 d\u2019autres grands cols routiers. Une route, de Saint-Marcellin, puis une piste bien cyclable rejoint Risoul-1850m et Peyrol (2148m). Une autre route foresti\u00e8re non goudronn\u00e9e part de Sainte-Catherine (\u00e0 droite de la scierie) puis une autre piste plus haut \u00e0 droite rejoint la cabane des Couniets. Poursuivre\u2026<\/p>\n\n\n\n<p><em>a &#8211; un sentier la quitte pour se rendre au <strong>col de la Scie<\/strong> et acc\u00e8de au Val d\u2019Escreins. <mark style=\"background-color:rgba(0, 0, 0, 0);color:#a44400\" class=\"has-inline-color\">Un autre chemin (S3) se rend au <strong>col de la Coulette<\/strong>. De la cabane des Couniets, un sentier rejoint le <strong>col de Serenne<\/strong> (S3) et le lac des neuf couleurs (chemin \u00e9questre)(R.C.).<\/mark><br>b &#8211; du refuge Napol\u00e9on, une piste monte vers la cabane du Vallon (2290m) et un sentier redescend \u00e0 Vars Sainte-Marie.<br>c &#8211; de Peyrol, une piste rejoint les quatre cols de la jonction Vars-Risoul (<strong>Saluces, Vallon, Valbelle, Ch\u00e9rine<\/strong>).<br>d &#8211; de Vars Les-Claux, une piste monte vers le <strong>col de Jaffueil<\/strong> et permet la jonction avec Cr\u00e9voux.<\/em><\/p>\n\n\n\n<div style=\"height:30px\" aria-hidden=\"true\" class=\"wp-block-spacer\"><\/div>\n\n\n\n<h2 class=\"wp-block-heading has-pale-cyan-blue-background-color has-background has-medium-font-size\"><strong>3) Pour m\u00e9moire, quelques cols routiers \u00e0 port\u00e9e de roues depuis le carrefour N94\/D902A<\/strong><\/h2>\n\n\n\n<p><strong>Col de Vars, <\/strong>2108m \u00e0 22km. Pour rejoindre la vall\u00e9e de l\u2019Ubaye depuis Guillestre.<br><strong>Col de Pontis,<\/strong> 1301m \u00e0 35km. Accessible \u00e0 partir de la route qui fait le tour du lac.<br><strong>Col d\u2019Izoard<\/strong>, 2360m \u00e0 36km par le sud en remontant la vall\u00e9e du Guil puis \u00e0 gauche et \u00e0 53km par le nord en passant par l\u2019Argenti\u00e8re-la-Bess\u00e9e, Villar-Saint-Pancrace et Cervi\u00e8res. Boucle possible de 86km donc.<br><strong>Col Lebraut<\/strong>, 1110m \u00e0 45km. Sur la route qui fait le tour du lac de Serre-Pon\u00e7on.<br><strong>Col Agnel, <\/strong>2743m \u00e0 46km. Remonter la vall\u00e9e du Guil.<br><strong>Col de Montgen\u00e8vre<\/strong>, 1850m \u00e0 49km. Apr\u00e8s Brian\u00e7on \u00e0 droite. Avant nous, Hannibal y serait pass\u00e9.<br><strong>Col de Granon,<\/strong> 2404m \u00e0 50km. Au-dessus de Serre-Chevalier.<br><strong>Col de Moissi\u00e8re, <\/strong>1571m \u00e0 53km. Direction Gap, prendre \u00e0 droite La B\u00e2tie-Neuve.<br><strong>Col de l\u2019Echelle<\/strong>, 1762m \u00e0 54,5km. Apr\u00e8s Brian\u00e7on, \u00e0 droite puis \u00e0 gauche vers N\u00e9vache.<br><strong>Col de Larche<\/strong>, 1997m \u00e0 55km (<a href=\"\/util\/geo\/visu.php?code=FR-04-1991\" target=\"_blank\" rel=\"noreferrer noopener\">acc\u00e8s autoris\u00e9 sous condition<\/a>). Au bout de la vall\u00e9e de l\u2019Ubaye, \u00e0 la fronti\u00e8re italienne.<br><strong>Col du Lautaret<\/strong>,&nbsp;2057m \u00e0 60km. Apr\u00e8s Brian\u00e7on, \u00e0 gauche.<br><strong>Col Saint-Jean<\/strong>, 1333m \u00e0 60km. Sur la route de Digne depuis le lac de Serre-Pon\u00e7on.<br><strong>Col du Galibier<\/strong>,&nbsp;2642m \u00e0 67,5km. Au nord du col du Lautaret.<br><strong>Col de la Bonette,<\/strong> 2715m \u00e0 69km. De Jausiers, vers le sud.<br><strong>Col de la Mouti\u00e8re<\/strong>, 2454m \u00e0 69km environ. M\u00eame route que pour le col de la Bonette, mais prendre une petite route \u00e0 droite avant le col de la Bonette. Permet de rejoindre la route du col de la Cayolle par une piste ou de descendre \u00e0 Saint-Dalmas-le-Selvage.<br><strong>Col d\u2019Allos<\/strong>, 2247m \u00e0 74km. Au sud de Barcelonnette.<br><strong>Col des Fillys,<\/strong> 1322m \u00e0 81km. Pas tr\u00e8s loin du col Saint-Jean sur une petite route parall\u00e8le.<br><strong>Col de la Cayolle<\/strong>, 2326m \u00e0 84km. Au sud de Barcelonnette.<\/p>\n\n\n\n<p>Initiateur de ce texte : Bernard Giraudeau &lt;<a href=\"&#x6d;&#x61;&#105;l&#x74;&#x6f;&#58;&#98;e&#x72;&#x6e;&#97;&#114;d&#x2e;&#x67;&#105;ra&#x75;&#x64;&#101;a&#x75;&#x40;&#119;&#97;n&#x61;&#x64;&#111;&#111;&#46;&#x66;&#x72;\">&#x62;&#x65;&#x72;&#x6e;&#x61;&#x72;&#x64;&#x2e;&#x67;&#x69;&#x72;&#x61;&#x75;&#x64;&#x65;&#x61;&#x75;&#x40;&#x77;&#x61;&#x6e;&#x61;&#100;&#111;&#111;&#46;&#102;&#114;<\/a>&gt;<br>ouvert \u00e0 toutes critiques ou conseils sur le fond ou la forme.<\/p>\n","protected":false},"excerpt":{"rendered":"<p>Cette micro-r\u00e9gion du d\u00e9partement des Hautes-Alpes et de la Provence se trouve \u00e0 la confluence de la vall\u00e9e de la Durance qui descend du nord et du Guil, venant de l\u2019est et drainant l\u2019enclave du Queyras.Au sud, on trouve Embrun et son lac, et au nord se situe Brian\u00e7on, le col du Lautaret ou le [&hellip;]<\/p>\n","protected":false},"author":1726,"featured_media":93718,"comment_status":"closed","ping_status":"closed","sticky":false,"template":"","format":"standard","meta":{"_acf_changed":false,"footnotes":""},"categories":[308],"tags":[],"class_list":["post-93632","post","type-post","status-publish","format-standard","has-post-thumbnail","hentry","category-cols-en-vrac"],"acf":[],"yoast_head":"<!-- This site is optimized with the Yoast SEO plugin v27.2 - https:\/\/yoast.com\/product\/yoast-seo-wordpress\/ -->\n<title>Le Guillestrois comme camp de base ! - Club des Cent Cols<\/title>\n<meta name=\"robots\" content=\"index, follow, max-snippet:-1, max-image-preview:large, max-video-preview:-1\" \/>\n<link rel=\"canonical\" href=\"https:\/\/centcols.org\/es\/el-guillestrois-como-campamento-base\/\" \/>\n<meta property=\"og:locale\" content=\"es_ES\" \/>\n<meta property=\"og:type\" content=\"article\" \/>\n<meta property=\"og:title\" content=\"Le Guillestrois comme camp de base ! - Club des Cent Cols\" \/>\n<meta property=\"og:description\" content=\"Cette micro-r\u00e9gion du d\u00e9partement des Hautes-Alpes et de la Provence se trouve \u00e0 la confluence de la vall\u00e9e de la Durance qui descend du nord et du Guil, venant de l\u2019est et drainant l\u2019enclave du Queyras.Au sud, on trouve Embrun et son lac, et au nord se situe Brian\u00e7on, le col du Lautaret ou le [&hellip;]\" \/>\n<meta property=\"og:url\" content=\"https:\/\/centcols.org\/es\/el-guillestrois-como-campamento-base\/\" \/>\n<meta property=\"og:site_name\" content=\"Club des Cent Cols\" \/>\n<meta property=\"article:publisher\" content=\"https:\/\/www.facebook.com\/groups\/5261880558\/?locale=fr_FR\" \/>\n<meta property=\"article:published_time\" content=\"2026-02-10T16:55:15+00:00\" \/>\n<meta property=\"article:modified_time\" content=\"2026-02-17T15:45:52+00:00\" \/>\n<meta property=\"og:image\" content=\"https:\/\/centcols.org\/wp-content\/uploads\/2026\/02\/Guillestrois1_col_-de_lauzet.jpg\" \/>\n\t<meta property=\"og:image:width\" content=\"387\" \/>\n\t<meta property=\"og:image:height\" content=\"249\" \/>\n\t<meta property=\"og:image:type\" content=\"image\/jpeg\" \/>\n<meta name=\"author\" content=\"Ren\u00e9 Mercier\" \/>\n<meta name=\"twitter:card\" content=\"summary_large_image\" \/>\n<meta name=\"twitter:label1\" content=\"Escrito por\" \/>\n\t<meta name=\"twitter:data1\" content=\"Ren\u00e9 Mercier\" \/>\n\t<meta name=\"twitter:label2\" content=\"Tiempo de lectura\" \/>\n\t<meta name=\"twitter:data2\" content=\"39 minutos\" \/>\n<script type=\"application\/ld+json\" class=\"yoast-schema-graph\">{\"@context\":\"https:\/\/schema.org\",\"@graph\":[{\"@type\":\"Article\",\"@id\":\"https:\/\/centcols.org\/es\/el-guillestrois-como-campamento-base\/#article\",\"isPartOf\":{\"@id\":\"https:\/\/centcols.org\/es\/el-guillestrois-como-campamento-base\/\"},\"author\":{\"name\":\"Ren\u00e9 Mercier\",\"@id\":\"https:\/\/centcols.org\/#\/schema\/person\/0cc8f723679c98f3fb7798df5a50c018\"},\"headline\":\"Le Guillestrois comme camp de base !\",\"datePublished\":\"2026-02-10T16:55:15+00:00\",\"dateModified\":\"2026-02-17T15:45:52+00:00\",\"mainEntityOfPage\":{\"@id\":\"https:\/\/centcols.org\/es\/el-guillestrois-como-campamento-base\/\"},\"wordCount\":8000,\"publisher\":{\"@id\":\"https:\/\/centcols.org\/#organization\"},\"image\":{\"@id\":\"https:\/\/centcols.org\/es\/el-guillestrois-como-campamento-base\/#primaryimage\"},\"thumbnailUrl\":\"https:\/\/centcols.org\/wp-content\/uploads\/2026\/02\/Guillestrois1_col_-de_lauzet.jpg\",\"articleSection\":[\"Cols en vrac\"],\"inLanguage\":\"es\"},{\"@type\":\"WebPage\",\"@id\":\"https:\/\/centcols.org\/es\/el-guillestrois-como-campamento-base\/\",\"url\":\"https:\/\/centcols.org\/es\/el-guillestrois-como-campamento-base\/\",\"name\":\"Le Guillestrois comme camp de base ! - Club des Cent Cols\",\"isPartOf\":{\"@id\":\"https:\/\/centcols.org\/#website\"},\"primaryImageOfPage\":{\"@id\":\"https:\/\/centcols.org\/es\/el-guillestrois-como-campamento-base\/#primaryimage\"},\"image\":{\"@id\":\"https:\/\/centcols.org\/es\/el-guillestrois-como-campamento-base\/#primaryimage\"},\"thumbnailUrl\":\"https:\/\/centcols.org\/wp-content\/uploads\/2026\/02\/Guillestrois1_col_-de_lauzet.jpg\",\"datePublished\":\"2026-02-10T16:55:15+00:00\",\"dateModified\":\"2026-02-17T15:45:52+00:00\",\"breadcrumb\":{\"@id\":\"https:\/\/centcols.org\/es\/el-guillestrois-como-campamento-base\/#breadcrumb\"},\"inLanguage\":\"es\",\"potentialAction\":[{\"@type\":\"ReadAction\",\"target\":[\"https:\/\/centcols.org\/es\/el-guillestrois-como-campamento-base\/\"]}]},{\"@type\":\"ImageObject\",\"inLanguage\":\"es\",\"@id\":\"https:\/\/centcols.org\/es\/el-guillestrois-como-campamento-base\/#primaryimage\",\"url\":\"https:\/\/centcols.org\/wp-content\/uploads\/2026\/02\/Guillestrois1_col_-de_lauzet.jpg\",\"contentUrl\":\"https:\/\/centcols.org\/wp-content\/uploads\/2026\/02\/Guillestrois1_col_-de_lauzet.jpg\",\"width\":387,\"height\":249},{\"@type\":\"BreadcrumbList\",\"@id\":\"https:\/\/centcols.org\/es\/el-guillestrois-como-campamento-base\/#breadcrumb\",\"itemListElement\":[{\"@type\":\"ListItem\",\"position\":1,\"name\":\"Accueil\",\"item\":\"https:\/\/centcols.org\/\"},{\"@type\":\"ListItem\",\"position\":2,\"name\":\"Cols en vrac\",\"item\":\"https:\/\/centcols.org\/rubrique\/cols-en-vrac\/\"},{\"@type\":\"ListItem\",\"position\":3,\"name\":\"Le Guillestrois comme camp de base !\"}]},{\"@type\":\"WebSite\",\"@id\":\"https:\/\/centcols.org\/#website\",\"url\":\"https:\/\/centcols.org\/\",\"name\":\"Club des Cent Cols\",\"description\":\"\",\"publisher\":{\"@id\":\"https:\/\/centcols.org\/#organization\"},\"potentialAction\":[{\"@type\":\"SearchAction\",\"target\":{\"@type\":\"EntryPoint\",\"urlTemplate\":\"https:\/\/centcols.org\/?s={search_term_string}\"},\"query-input\":{\"@type\":\"PropertyValueSpecification\",\"valueRequired\":true,\"valueName\":\"search_term_string\"}}],\"inLanguage\":\"es\"},{\"@type\":\"Organization\",\"@id\":\"https:\/\/centcols.org\/#organization\",\"name\":\"Club des Cent Cols\",\"url\":\"https:\/\/centcols.org\/\",\"logo\":{\"@type\":\"ImageObject\",\"inLanguage\":\"es\",\"@id\":\"https:\/\/centcols.org\/#\/schema\/logo\/image\/\",\"url\":\"https:\/\/centcols.org\/wp-content\/uploads\/2025\/01\/carte-icone.png\",\"contentUrl\":\"https:\/\/centcols.org\/wp-content\/uploads\/2025\/01\/carte-icone.png\",\"width\":250,\"height\":250,\"caption\":\"Club des Cent Cols\"},\"image\":{\"@id\":\"https:\/\/centcols.org\/#\/schema\/logo\/image\/\"},\"sameAs\":[\"https:\/\/www.facebook.com\/groups\/5261880558\/?locale=fr_FR\"]},{\"@type\":\"Person\",\"@id\":\"https:\/\/centcols.org\/#\/schema\/person\/0cc8f723679c98f3fb7798df5a50c018\",\"name\":\"Ren\u00e9 Mercier\",\"image\":{\"@type\":\"ImageObject\",\"inLanguage\":\"es\",\"@id\":\"https:\/\/centcols.org\/wp-content\/litespeed\/avatar\/c2275eeaf79d4f7456274de381abeeab.jpg?ver=1777347562\",\"url\":\"https:\/\/centcols.org\/wp-content\/litespeed\/avatar\/c2275eeaf79d4f7456274de381abeeab.jpg?ver=1777347562\",\"contentUrl\":\"https:\/\/centcols.org\/wp-content\/litespeed\/avatar\/c2275eeaf79d4f7456274de381abeeab.jpg?ver=1777347562\",\"caption\":\"Ren\u00e9 Mercier\"},\"url\":\"https:\/\/centcols.org\/es\/author\/7552\/\"}]}<\/script>\n<!-- \/ Yoast SEO plugin. -->","yoast_head_json":{"title":"\u00a1El Guillestrois como campamento base! - Club des Cent Cols","robots":{"index":"index","follow":"follow","max-snippet":"max-snippet:-1","max-image-preview":"max-image-preview:large","max-video-preview":"max-video-preview:-1"},"canonical":"https:\/\/centcols.org\/es\/el-guillestrois-como-campamento-base\/","og_locale":"es_ES","og_type":"article","og_title":"Le Guillestrois comme camp de base ! - Club des Cent Cols","og_description":"Cette micro-r\u00e9gion du d\u00e9partement des Hautes-Alpes et de la Provence se trouve \u00e0 la confluence de la vall\u00e9e de la Durance qui descend du nord et du Guil, venant de l\u2019est et drainant l\u2019enclave du Queyras.Au sud, on trouve Embrun et son lac, et au nord se situe Brian\u00e7on, le col du Lautaret ou le [&hellip;]","og_url":"https:\/\/centcols.org\/es\/el-guillestrois-como-campamento-base\/","og_site_name":"Club des Cent Cols","article_publisher":"https:\/\/www.facebook.com\/groups\/5261880558\/?locale=fr_FR","article_published_time":"2026-02-10T16:55:15+00:00","article_modified_time":"2026-02-17T15:45:52+00:00","og_image":[{"width":387,"height":249,"url":"https:\/\/centcols.org\/wp-content\/uploads\/2026\/02\/Guillestrois1_col_-de_lauzet.jpg","type":"image\/jpeg"}],"author":"Ren\u00e9 Mercier","twitter_card":"summary_large_image","twitter_misc":{"Escrito por":"Ren\u00e9 Mercier","Tiempo de lectura":"39 minutos"},"schema":{"@context":"https:\/\/schema.org","@graph":[{"@type":"Article","@id":"https:\/\/centcols.org\/es\/el-guillestrois-como-campamento-base\/#article","isPartOf":{"@id":"https:\/\/centcols.org\/es\/el-guillestrois-como-campamento-base\/"},"author":{"name":"Ren\u00e9 Mercier","@id":"https:\/\/centcols.org\/#\/schema\/person\/0cc8f723679c98f3fb7798df5a50c018"},"headline":"Le Guillestrois comme camp de base !","datePublished":"2026-02-10T16:55:15+00:00","dateModified":"2026-02-17T15:45:52+00:00","mainEntityOfPage":{"@id":"https:\/\/centcols.org\/es\/el-guillestrois-como-campamento-base\/"},"wordCount":8000,"publisher":{"@id":"https:\/\/centcols.org\/#organization"},"image":{"@id":"https:\/\/centcols.org\/es\/el-guillestrois-como-campamento-base\/#primaryimage"},"thumbnailUrl":"https:\/\/centcols.org\/wp-content\/uploads\/2026\/02\/Guillestrois1_col_-de_lauzet.jpg","articleSection":["Cols en vrac"],"inLanguage":"es"},{"@type":"WebPage","@id":"https:\/\/centcols.org\/es\/el-guillestrois-como-campamento-base\/","url":"https:\/\/centcols.org\/es\/el-guillestrois-como-campamento-base\/","name":"\u00a1El Guillestrois como campamento base! - Club des Cent Cols","isPartOf":{"@id":"https:\/\/centcols.org\/#website"},"primaryImageOfPage":{"@id":"https:\/\/centcols.org\/es\/el-guillestrois-como-campamento-base\/#primaryimage"},"image":{"@id":"https:\/\/centcols.org\/es\/el-guillestrois-como-campamento-base\/#primaryimage"},"thumbnailUrl":"https:\/\/centcols.org\/wp-content\/uploads\/2026\/02\/Guillestrois1_col_-de_lauzet.jpg","datePublished":"2026-02-10T16:55:15+00:00","dateModified":"2026-02-17T15:45:52+00:00","breadcrumb":{"@id":"https:\/\/centcols.org\/es\/el-guillestrois-como-campamento-base\/#breadcrumb"},"inLanguage":"es","potentialAction":[{"@type":"ReadAction","target":["https:\/\/centcols.org\/es\/el-guillestrois-como-campamento-base\/"]}]},{"@type":"ImageObject","inLanguage":"es","@id":"https:\/\/centcols.org\/es\/el-guillestrois-como-campamento-base\/#primaryimage","url":"https:\/\/centcols.org\/wp-content\/uploads\/2026\/02\/Guillestrois1_col_-de_lauzet.jpg","contentUrl":"https:\/\/centcols.org\/wp-content\/uploads\/2026\/02\/Guillestrois1_col_-de_lauzet.jpg","width":387,"height":249},{"@type":"BreadcrumbList","@id":"https:\/\/centcols.org\/es\/el-guillestrois-como-campamento-base\/#breadcrumb","itemListElement":[{"@type":"ListItem","position":1,"name":"Accueil","item":"https:\/\/centcols.org\/"},{"@type":"ListItem","position":2,"name":"Cols en vrac","item":"https:\/\/centcols.org\/rubrique\/cols-en-vrac\/"},{"@type":"ListItem","position":3,"name":"Le Guillestrois comme camp de base !"}]},{"@type":"WebSite","@id":"https:\/\/centcols.org\/#website","url":"https:\/\/centcols.org\/","name":"Club des Cent Cols","description":"","publisher":{"@id":"https:\/\/centcols.org\/#organization"},"potentialAction":[{"@type":"SearchAction","target":{"@type":"EntryPoint","urlTemplate":"https:\/\/centcols.org\/?s={search_term_string}"},"query-input":{"@type":"PropertyValueSpecification","valueRequired":true,"valueName":"search_term_string"}}],"inLanguage":"es"},{"@type":"Organization","@id":"https:\/\/centcols.org\/#organization","name":"Club des Cent Cols","url":"https:\/\/centcols.org\/","logo":{"@type":"ImageObject","inLanguage":"es","@id":"https:\/\/centcols.org\/#\/schema\/logo\/image\/","url":"https:\/\/centcols.org\/wp-content\/uploads\/2025\/01\/carte-icone.png","contentUrl":"https:\/\/centcols.org\/wp-content\/uploads\/2025\/01\/carte-icone.png","width":250,"height":250,"caption":"Club des Cent Cols"},"image":{"@id":"https:\/\/centcols.org\/#\/schema\/logo\/image\/"},"sameAs":["https:\/\/www.facebook.com\/groups\/5261880558\/?locale=fr_FR"]},{"@type":"Person","@id":"https:\/\/centcols.org\/#\/schema\/person\/0cc8f723679c98f3fb7798df5a50c018","name":"Ren\u00e9 Mercier","image":{"@type":"ImageObject","inLanguage":"es","@id":"https:\/\/centcols.org\/wp-content\/litespeed\/avatar\/c2275eeaf79d4f7456274de381abeeab.jpg?ver=1777347562","url":"https:\/\/centcols.org\/wp-content\/litespeed\/avatar\/c2275eeaf79d4f7456274de381abeeab.jpg?ver=1777347562","contentUrl":"https:\/\/centcols.org\/wp-content\/litespeed\/avatar\/c2275eeaf79d4f7456274de381abeeab.jpg?ver=1777347562","caption":"Ren\u00e9 Mercier"},"url":"https:\/\/centcols.org\/es\/author\/7552\/"}]}},"_links":{"self":[{"href":"https:\/\/centcols.org\/es\/wp-json\/wp\/v2\/posts\/93632","targetHints":{"allow":["GET"]}}],"collection":[{"href":"https:\/\/centcols.org\/es\/wp-json\/wp\/v2\/posts"}],"about":[{"href":"https:\/\/centcols.org\/es\/wp-json\/wp\/v2\/types\/post"}],"author":[{"embeddable":true,"href":"https:\/\/centcols.org\/es\/wp-json\/wp\/v2\/users\/1726"}],"replies":[{"embeddable":true,"href":"https:\/\/centcols.org\/es\/wp-json\/wp\/v2\/comments?post=93632"}],"version-history":[{"count":0,"href":"https:\/\/centcols.org\/es\/wp-json\/wp\/v2\/posts\/93632\/revisions"}],"wp:featuredmedia":[{"embeddable":true,"href":"https:\/\/centcols.org\/es\/wp-json\/wp\/v2\/media\/93718"}],"wp:attachment":[{"href":"https:\/\/centcols.org\/es\/wp-json\/wp\/v2\/media?parent=93632"}],"wp:term":[{"taxonomy":"category","embeddable":true,"href":"https:\/\/centcols.org\/es\/wp-json\/wp\/v2\/categories?post=93632"},{"taxonomy":"post_tag","embeddable":true,"href":"https:\/\/centcols.org\/es\/wp-json\/wp\/v2\/tags?post=93632"}],"curies":[{"name":"wp","href":"https:\/\/api.w.org\/{rel}","templated":true}]}}