{"id":94343,"date":"2026-03-10T20:06:44","date_gmt":"2026-03-10T18:06:44","guid":{"rendered":"https:\/\/centcols.org\/?p=94343"},"modified":"2026-04-03T10:47:26","modified_gmt":"2026-04-03T08:47:26","slug":"fr-83-tour-de-lesterel-gravel","status":"publish","type":"post","link":"https:\/\/centcols.org\/es\/fr-83-tour-de-lesterel-gravel\/","title":{"rendered":"FR-83 Tour de l'Est\u00e9rel - Grava 68 km, D+ 1410 m, 37 puertos"},"content":{"rendered":"<iframe width=\"100%\" height=\"650\" loading=\"lazy\" src=\"https:\/\/www.openrunner.com\/embed.html?code=633649504c58304b566430467a4f49672f2f4f44653371647950757a317744744f6b674d662b6449464d633d3a3abb2f0b318dfcf5a55d52b86987cab68e&#038;lang=fr&#038;unit=metric\" style=\"border: none;\"><\/iframe>\n\n\n\n<div style=\"height:30px\" aria-hidden=\"true\" class=\"wp-block-spacer\"><\/div>\n\n\n\n<h2 class=\"wp-block-heading\">Descripci\u00f3n del autor<\/h2>\n\n\n\n<p><strong>Autor<\/strong> : Ren\u00e9 Mercier<br><strong>Curso<\/strong> Finalizado en mayo de 2024<br><strong>Salida<\/strong> Localizaci\u00f3n : Maison foresti\u00e8re du Malpey, aparcamiento a 100 m, muy frecuentado por excursionistas, por lo que hay que llegar pronto; acceso por la RD N7 que une Fr\u00e9jus con Mandelieu. Si el sitio est\u00e1 lleno, aparcar en el paso de Testanier en el lado de la RD N7.<\/p>\n\n\n\n<div style=\"height:30px\" aria-hidden=\"true\" class=\"wp-block-spacer\"><\/div>\n\n\n\n<h2 class=\"wp-block-heading\">Informaci\u00f3n tur\u00edstica<\/h2>\n\n\n\n<p>El macizo costero del Est\u00e9rel es de origen volc\u00e1nico y est\u00e1 compuesto por una roca madre \u00e1cida que le confiere su color rojizo (riolita roja). Los bosques del macizo son de tipo mediterr\u00e1neo (pino mar\u00edtimo, alcornoque, etc.) y est\u00e1n protegidos por reservas biol\u00f3gicas o zonas Natura 2000. Las vistas del mar Mediterr\u00e1neo en medio del recorrido son magn\u00edficas, pero el interior del macizo es igualmente interesante. Visite <a href=\"https:\/\/www.esterel-pour-tous.fr\/maisons-foresti%C3%A8res\/\" target=\"_blank\" rel=\"noreferrer noopener\">casas forestales<\/a> todav\u00eda existen en el macizo. El tr\u00e1fico de personas est\u00e1 regulado, y muchos pasos est\u00e1n prohibidos: antes de ir, consulte la lista de pasos prohibidos, que cambia constantemente, y las instrucciones del <a href=\"https:\/\/www.smgse.fr\/\" target=\"_blank\" rel=\"noreferrer noopener\">Sindicato Mixto del Grand Site de l'Est\u00e9rel<\/a>. Evite ir en verano por la gran afluencia tur\u00edstica y el riesgo de incendios, ya que el macizo podr\u00eda cerrarse en caso de sequ\u00eda y viento.<\/p>\n\n\n\n<div style=\"height:30px\" aria-hidden=\"true\" class=\"wp-block-spacer\"><\/div>\n\n\n\n<h2 class=\"wp-block-heading\">Especificaciones t\u00e9cnicas<\/h2>\n\n\n\n<p>La ruta es ciclable en 97%. La ruta comienza cuesta abajo por una antigua carretera asfaltada (excepto la vuelta al Pas d'Adam) hasta despu\u00e9s del Col des Darboussi\u00e8res.<br>El acceso al Col des Sacs es un poco dif\u00edcil: se sube y la pista est\u00e1 sembrada de piedras (puede haber 400 m de empuje f\u00e1cil seg\u00fan el ciclista). Despu\u00e9s del Col de Roche Noire, hay una zona de al menos 700 m de empuje por un sendero que puede ser complicado. Despu\u00e9s del Col de la Cabre, se llega sin dificultad al cruce de Castelli.<br>Los que prefieran evitar estas dificultades tendr\u00e1n que dar media vuelta en el Col des Sacs (por ejemplo) y regresar por el sendero de Castelli desde el Col de Colle Douce hasta el cruce de Castelli: se trata de 3 puertos, s\u00f3lo 2 km y 70 m de desnivel.<br>El resto de la ruta es m\u00e1s f\u00e1cil, y en el Col du Mistral se vuelve a una carretera asfaltada durante unos veinte kil\u00f3metros, excepto en el viaje de vuelta a los puertos. N\u00f3tese el 1 km alrededor del 9 % despu\u00e9s del Col des Lentisques, por encima de Le Trayas.<br>Despu\u00e9s del Col des Suvi\u00e8res, una vez de vuelta de la Baisse de Mathieu, es una subida de 4 km con un tramo complicado de 400 m lleno de guijarros.<br>Hacia el final, el camino hacia el Mont Vinaigre es bastante empinado durante 3 km (pasa a 8-9 %).<br>Llevar agua y comida en abundancia, ya que no hay forma de abastecerse.<\/p>\n\n\n\n<div style=\"height:30px\" aria-hidden=\"true\" class=\"wp-block-spacer\"><\/div>\n\n\n\n<p><strong>37 collares<\/strong><\/p>\n\n\n\n<figure class=\"wp-block-table\"><table class=\"has-background\" style=\"background-color:#f0f0f0\"><tbody><tr><td>1 - No Ad\u00e1n<\/td><td>344 m<\/td><td class=\"has-text-align-center\" data-align=\"center\"><a href=\"\/es\/util\/geo\/visu.php\/?code=FR-83-0344\" target=\"_blank\" rel=\"noreferrer noopener\">FR-83-0344<\/a><\/td><\/tr><tr><td>2 - Paso de la Louve<\/td><td>139 m<\/td><td class=\"has-text-align-center\" data-align=\"center\"><a href=\"\/es\/util\/geo\/visu.php\/?code=FR-83-0139\" target=\"_blank\" rel=\"noreferrer noopener\">FR-83-0139<\/a><\/td><\/tr><tr><td>3 - Paso de Darboussi\u00e8res<\/td><td>100 m<\/td><td class=\"has-text-align-center\" data-align=\"center\"><a href=\"\/es\/util\/geo\/visu.php\/?code=FR-83-0100\" target=\"_blank\" rel=\"noreferrer noopener\">FR-83-0100<\/a><\/td><\/tr><tr><td>4 - Pas du Li\u00e8vre<\/td><td>109 m<\/td><td class=\"has-text-align-center\" data-align=\"center\"><a href=\"\/es\/util\/geo\/visu.php\/?code=FR-83-0110b\" target=\"_blank\" rel=\"noreferrer noopener\">FR-83-0110b<\/a><\/td><\/tr><tr><td>5 - Col de Colle Douce<\/td><td>108 m<\/td><td class=\"has-text-align-center\" data-align=\"center\"><a href=\"\/es\/util\/geo\/visu.php\/?code=FR-83-0108\" target=\"_blank\" rel=\"noreferrer noopener\">FR-83-0108<\/a><\/td><\/tr><tr><td>6 - Col de l'Aiguille<\/td><td>103 m<\/td><td class=\"has-text-align-center\" data-align=\"center\"><a href=\"\/es\/util\/geo\/visu.php\/?code=FR-83-0110a\" target=\"_blank\" rel=\"noreferrer noopener\">FR-83-0110a<\/a><\/td><\/tr><tr><td>7 - Col des Sacs<\/td><td>156 m<\/td><td class=\"has-text-align-center\" data-align=\"center\"><a href=\"\/es\/util\/geo\/visu.php\/?code=FR-83-0155\" target=\"_blank\" rel=\"noreferrer noopener\">FR-83-0155<\/a><\/td><\/tr><tr><td>8 - Paso de Roche Noire<\/td><td>249 m<\/td><td class=\"has-text-align-center\" data-align=\"center\"><a href=\"\/es\/util\/geo\/visu.php\/?code=FR-83-0249a\" target=\"_blank\" rel=\"noreferrer noopener\">FR-83-0249a<\/a><\/td><\/tr><tr><td>9 - Col de l'Essuyadou<\/td><td>171 m<\/td><td class=\"has-text-align-center\" data-align=\"center\"><a href=\"\/es\/util\/geo\/visu.php\/?code=FR-83-0171\" target=\"_blank\" rel=\"noreferrer noopener\">FR-83-0171<\/a><\/td><\/tr><tr><td>10 - Col de la Cabre<\/td><td>165 m<\/td><td class=\"has-text-align-center\" data-align=\"center\"><a href=\"\/es\/util\/geo\/visu.php\/?code=FR-83-0157a\" target=\"_blank\" rel=\"noreferrer noopener\">FR-83-0157a<\/a><\/td><\/tr><tr><td>11 - Coronel Gueydon<\/td><td>125 m<\/td><td class=\"has-text-align-center\" data-align=\"center\"><a href=\"\/es\/util\/geo\/visu.php\/?code=FR-83-0130\" target=\"_blank\" rel=\"noreferrer noopener\">FR-83-0130<\/a><\/td><\/tr><tr><td>12 - Col de la Laouve<\/td><td>80 m<\/td><td class=\"has-text-align-center\" data-align=\"center\"><a href=\"\/es\/util\/geo\/visu.php\/?code=FR-83-0080c\" target=\"_blank\" rel=\"noreferrer noopener\">FR-83-0080c<\/a><\/td><\/tr><tr><td>13 - Col du Mistral<\/td><td>93 m<\/td><td class=\"has-text-align-center\" data-align=\"center\"><a href=\"\/es\/util\/geo\/visu.php\/?code=FR-83-0093\" target=\"_blank\" rel=\"noreferrer noopener\">FR-83-0093<\/a><\/td><\/tr><tr><td>14 - Paso de Belle Barbe<\/td><td>45 m<\/td><td class=\"has-text-align-center\" data-align=\"center\"><a href=\"\/es\/util\/geo\/visu.php\/?code=FR-83-0045\" target=\"_blank\" rel=\"noreferrer noopener\">FR-83-0045<\/a><\/td><\/tr><tr><td>15 - Baisse de Th\u00e9ole<\/td><td>127 m<\/td><td class=\"has-text-align-center\" data-align=\"center\"><a href=\"\/es\/util\/geo\/visu.php\/?code=FR-83-0127\" target=\"_blank\" rel=\"noreferrer noopener\">FR-83-0127<\/a><\/td><\/tr><tr><td>16 - Baisse de la Croix de Mourrefrey<\/td><td>140 m<\/td><td class=\"has-text-align-center\" data-align=\"center\"><a href=\"\/es\/util\/geo\/visu.php\/?code=FR-83-0140a\" target=\"_blank\" rel=\"noreferrer noopener\">FR-83-0140a<\/a><\/td><\/tr><tr><td>17 - Col du Caneiret<\/td><td>115 m<\/td><td class=\"has-text-align-center\" data-align=\"center\"><a href=\"\/es\/util\/geo\/visu.php\/?code=FR-83-0125\" target=\"_blank\" rel=\"noreferrer noopener\">FR-83-0125<\/a><\/td><\/tr><tr><td>18 - Baisse de l'Aire<\/td><td>85 m<\/td><td class=\"has-text-align-center\" data-align=\"center\"><a href=\"\/es\/util\/geo\/visu.php\/?code=FR-83-0085\" target=\"_blank\" rel=\"noreferrer noopener\">FR-83-0085<\/a><\/td><\/tr><tr><td>19 - Gota de sapo<\/td><td>164 m<\/td><td class=\"has-text-align-center\" data-align=\"center\"><a href=\"\/es\/util\/geo\/visu.php\/?code=FR-83-0164\" target=\"_blank\" rel=\"noreferrer noopener\">FR-83-0164<\/a><\/td><\/tr><tr><td>20 - Col de l'Ev\u00eaque<\/td><td>160 m<\/td><td class=\"has-text-align-center\" data-align=\"center\"><a href=\"\/es\/util\/geo\/visu.php\/?code=FR-83-0160b\" target=\"_blank\" rel=\"noreferrer noopener\">FR-83-0160b<\/a><\/td><\/tr><tr><td>21 - Col des Lentisques<\/td><td>263 m<\/td><td class=\"has-text-align-center\" data-align=\"center\"><a href=\"\/es\/util\/geo\/visu.php\/?code=FR-83-0263b\" target=\"_blank\" rel=\"noreferrer noopener\">FR-83-0263b<\/a><\/td><\/tr><tr><td>22 - Descenso del n\u00famero de jabal\u00edes<\/td><td>250 m<\/td><td class=\"has-text-align-center\" data-align=\"center\"><a href=\"\/es\/util\/geo\/visu.php\/?code=FR-83-0250a\" target=\"_blank\" rel=\"noreferrer noopener\">FR-83-0250a<\/a><\/td><\/tr><tr><td>23 - Paso de Notre-Dame<\/td><td>323 m<\/td><td class=\"has-text-align-center\" data-align=\"center\"><a href=\"\/es\/util\/geo\/visu.php\/?code=FR-83-0323\" target=\"_blank\" rel=\"noreferrer noopener\">FR-83-0323<\/a><\/td><\/tr><tr><td>24 - Coronel Martin<\/td><td>270 m<\/td><td class=\"has-text-align-center\" data-align=\"center\"><a href=\"\/es\/util\/geo\/visu.php\/?code=FR-06-0270\" target=\"_blank\" rel=\"noreferrer noopener\">FR-06-0270<\/a><\/td><\/tr><tr><td>25 - Col de la Cadi\u00e8re<\/td><td>241 m<\/td><td class=\"has-text-align-center\" data-align=\"center\"><a href=\"\/es\/util\/geo\/visu.php\/?code=FR-06-0241\" target=\"_blank\" rel=\"noreferrer noopener\">FR-06-0241<\/a><\/td><\/tr><tr><td>26 - Bah\u00eda de las Cascadas<\/td><td>263 m<\/td><td class=\"has-text-align-center\" data-align=\"center\"><a href=\"\/es\/util\/geo\/visu.php\/?code=FR-83-0263a\" target=\"_blank\" rel=\"noreferrer noopener\">FR-83-0263a<\/a><\/td><\/tr><tr><td>27 - Col des Trois Termes <\/td><td>303 m<\/td><td class=\"has-text-align-center\" data-align=\"center\"><a href=\"\/es\/util\/geo\/visu.php\/?code=FR-06-0303\" target=\"_blank\" rel=\"noreferrer noopener\">FR-06-0303<\/a><\/td><\/tr><tr><td>28 - Col des Suvi\u00e8res<\/td><td>252 m<\/td><td class=\"has-text-align-center\" data-align=\"center\"><a href=\"\/es\/util\/geo\/visu.php\/?code=FR-83-0249b\" target=\"_blank\" rel=\"noreferrer noopener\">FR-83-0249b<\/a><\/td><\/tr><tr><td>29 - La ca\u00edda de Mathieu<\/td><td>204 m<\/td><td class=\"has-text-align-center\" data-align=\"center\"><a href=\"\/es\/util\/geo\/visu.php\/?code=FR-83-0204\" target=\"_blank\" rel=\"noreferrer noopener\">FR-83-0204<\/a><\/td><\/tr><tr><td>30 - Baisse de la Grosse Vache<\/td><td>201 m<\/td><td class=\"has-text-align-center\" data-align=\"center\"><a href=\"\/es\/util\/geo\/visu.php\/?code=FR-83-0201\" target=\"_blank\" rel=\"noreferrer noopener\">FR-83-0201<\/a><\/td><\/tr><tr><td>31 - Baisse de la Petite Vache<\/td><td>205 m<\/td><td class=\"has-text-align-center\" data-align=\"center\"><a href=\"\/es\/util\/geo\/visu.php\/?code=FR-83-0205\" target=\"_blank\" rel=\"noreferrer noopener\">FR-83-0205<\/a><\/td><\/tr><tr><td>32 - Baisse Violette<\/td><td>362 m<\/td><td class=\"has-text-align-center\" data-align=\"center\"><a href=\"\/es\/util\/geo\/visu.php\/?code=FR-83-0361\" target=\"_blank\" rel=\"noreferrer noopener\">FR-83-0361<\/a><\/td><\/tr><tr><td>33 - Ca\u00edda de Massacon<\/td><td>402 m<\/td><td class=\"has-text-align-center\" data-align=\"center\"><a href=\"\/es\/util\/geo\/visu.php\/?code=FR-83-0402\" target=\"_blank\" rel=\"noreferrer noopener\">FR-83-0402<\/a><\/td><\/tr><tr><td>34 - Paso del Truc de Michel<\/td><td>390 m<\/td><td class=\"has-text-align-center\" data-align=\"center\"><a href=\"\/es\/util\/geo\/visu.php\/?code=FR-83-0389\" target=\"_blank\" rel=\"noreferrer noopener\">FR-83-0389<\/a><\/td><\/tr><tr><td>35 - Col de l'Aire de l'Olivier<\/td><td>370 m<\/td><td class=\"has-text-align-center\" data-align=\"center\"><a href=\"\/es\/util\/geo\/visu.php\/?code=FR-83-0368\" target=\"_blank\" rel=\"noreferrer noopener\">FR-83-0368<\/a><\/td><\/tr><tr><td>36 - Gota de vinagre<\/td><td>550 m<\/td><td class=\"has-text-align-center\" data-align=\"center\"><a href=\"\/es\/util\/geo\/visu.php\/?code=FR-83-0550\" target=\"_blank\" rel=\"noreferrer noopener\">FR-83-0550<\/a><\/td><\/tr><tr><td>37 - Pase de Testanier<\/td><td>311 m<\/td><td class=\"has-text-align-center\" data-align=\"center\"><a href=\"\/es\/util\/geo\/visu.php\/?code=FR-83-0311\" target=\"_blank\" rel=\"noreferrer noopener\">FR-83-0311<\/a><\/td><\/tr><\/tbody><\/table><\/figure>\n\n\n\n<p><strong>Palabras clave<\/strong> : Est\u00e9rel, Vinaigre, Malpey, Fr\u00e9jus, centcols<\/p>\n\n\n\n<p>Enlace Openrunner, mapa interactivo, perfil, pista : <a href=\"https:\/\/www.openrunner.com\/route-details\/23502513\" target=\"_blank\" rel=\"noreferrer noopener\">https:\/\/www.openrunner.com\/route-details\/23502513<\/a><\/p>\n\n\n\n<p>Este itinerario se facilita \u00fanicamente a t\u00edtulo informativo. El autor no asume ninguna responsabilidad, ni tampoco el Club des Cent Cols, por los imponderables debidos al propio ciclista, al material utilizado o a cualquier cosa relacionada con la carretera, las pistas y los caminos, su entorno o los dem\u00e1s usuarios.<\/p>\n\n\n\n<div style=\"height:30px\" aria-hidden=\"true\" class=\"wp-block-spacer\"><\/div>\n\n\n\n<h2 class=\"wp-block-heading\">Fotos<\/h2>\n\n\n\n<figure class=\"wp-block-gallery has-nested-images columns-default is-cropped wp-block-gallery-1 is-layout-flex wp-block-gallery-is-layout-flex\">\n<figure class=\"wp-block-image size-full\"><a href=\"https:\/\/centcols.org\/wp-content\/uploads\/2026\/03\/Esterel1.jpg\"><img loading=\"lazy\" decoding=\"async\" width=\"1200\" height=\"847\" data-id=\"94354\" src=\"https:\/\/centcols.org\/wp-content\/uploads\/2026\/03\/Esterel1.jpg\" alt=\"\" class=\"wp-image-94354\" srcset=\"https:\/\/centcols.org\/wp-content\/uploads\/2026\/03\/Esterel1.jpg 1200w, https:\/\/centcols.org\/wp-content\/uploads\/2026\/03\/Esterel1-768x542.jpg 768w, https:\/\/centcols.org\/wp-content\/uploads\/2026\/03\/Esterel1-18x12.jpg 18w\" sizes=\"auto, (max-width: 1200px) 100vw, 1200px\" \/><\/a><figcaption class=\"wp-element-caption\">Reuni\u00f3n de cabras<\/figcaption><\/figure>\n\n\n\n<figure class=\"wp-block-image size-full\"><a href=\"https:\/\/centcols.org\/wp-content\/uploads\/2026\/03\/Esterel2-Grenouillet.jpg\"><img loading=\"lazy\" decoding=\"async\" width=\"1196\" height=\"856\" data-id=\"94355\" src=\"https:\/\/centcols.org\/wp-content\/uploads\/2026\/03\/Esterel2-Grenouillet.jpg\" alt=\"\" class=\"wp-image-94355\" srcset=\"https:\/\/centcols.org\/wp-content\/uploads\/2026\/03\/Esterel2-Grenouillet.jpg 1196w, https:\/\/centcols.org\/wp-content\/uploads\/2026\/03\/Esterel2-Grenouillet-768x550.jpg 768w, https:\/\/centcols.org\/wp-content\/uploads\/2026\/03\/Esterel2-Grenouillet-18x12.jpg 18w\" sizes=\"auto, (max-width: 1196px) 100vw, 1196px\" \/><\/a><figcaption class=\"wp-element-caption\">Lago de Grenouillet<\/figcaption><\/figure>\n\n\n\n<figure class=\"wp-block-image size-full\"><a href=\"https:\/\/centcols.org\/wp-content\/uploads\/2026\/03\/Esterel3-Sous-le-pic-de-lOurs-belvedere-sur-Cannes-Antibes-Mercantour-enneige.jpg\"><img loading=\"lazy\" decoding=\"async\" width=\"1200\" height=\"853\" data-id=\"94356\" src=\"https:\/\/centcols.org\/wp-content\/uploads\/2026\/03\/Esterel3-Sous-le-pic-de-lOurs-belvedere-sur-Cannes-Antibes-Mercantour-enneige.jpg\" alt=\"\" class=\"wp-image-94356\" srcset=\"https:\/\/centcols.org\/wp-content\/uploads\/2026\/03\/Esterel3-Sous-le-pic-de-lOurs-belvedere-sur-Cannes-Antibes-Mercantour-enneige.jpg 1200w, https:\/\/centcols.org\/wp-content\/uploads\/2026\/03\/Esterel3-Sous-le-pic-de-lOurs-belvedere-sur-Cannes-Antibes-Mercantour-enneige-768x546.jpg 768w, https:\/\/centcols.org\/wp-content\/uploads\/2026\/03\/Esterel3-Sous-le-pic-de-lOurs-belvedere-sur-Cannes-Antibes-Mercantour-enneige-18x12.jpg 18w\" sizes=\"auto, (max-width: 1200px) 100vw, 1200px\" \/><\/a><figcaption class=\"wp-element-caption\">A lo lejos, Cannes, Cap d'Antibes, el Mercantour nevado...<\/figcaption><\/figure>\n\n\n\n<figure class=\"wp-block-image size-full\"><a href=\"https:\/\/centcols.org\/wp-content\/uploads\/2026\/03\/Esterel4-massif.jpg\"><img loading=\"lazy\" decoding=\"async\" width=\"1200\" height=\"843\" data-id=\"94357\" src=\"https:\/\/centcols.org\/wp-content\/uploads\/2026\/03\/Esterel4-massif.jpg\" alt=\"\" class=\"wp-image-94357\" srcset=\"https:\/\/centcols.org\/wp-content\/uploads\/2026\/03\/Esterel4-massif.jpg 1200w, https:\/\/centcols.org\/wp-content\/uploads\/2026\/03\/Esterel4-massif-768x540.jpg 768w, https:\/\/centcols.org\/wp-content\/uploads\/2026\/03\/Esterel4-massif-18x12.jpg 18w\" sizes=\"auto, (max-width: 1200px) 100vw, 1200px\" \/><\/a><figcaption class=\"wp-element-caption\">El macizo<\/figcaption><\/figure>\n\n\n\n<figure class=\"wp-block-image size-large\"><a href=\"https:\/\/centcols.org\/wp-content\/uploads\/2026\/03\/Esterel5-massif-Agay.jpg\"><img loading=\"lazy\" decoding=\"async\" width=\"1200\" height=\"845\" data-id=\"94358\" src=\"https:\/\/centcols.org\/wp-content\/uploads\/2026\/03\/Esterel5-massif-Agay.jpg\" alt=\"\" class=\"wp-image-94358\" srcset=\"https:\/\/centcols.org\/wp-content\/uploads\/2026\/03\/Esterel5-massif-Agay.jpg 1200w, https:\/\/centcols.org\/wp-content\/uploads\/2026\/03\/Esterel5-massif-Agay-768x541.jpg 768w, https:\/\/centcols.org\/wp-content\/uploads\/2026\/03\/Esterel5-massif-Agay-18x12.jpg 18w\" sizes=\"auto, (max-width: 1200px) 100vw, 1200px\" \/><\/a><figcaption class=\"wp-element-caption\">Agay frente al Mediterr\u00e1neo<\/figcaption><\/figure>\n\n\n\n<figure class=\"wp-block-image size-large\"><a href=\"https:\/\/centcols.org\/wp-content\/uploads\/2026\/03\/Esterel6-Mt-Vinaigre.jpg\"><img loading=\"lazy\" decoding=\"async\" width=\"637\" height=\"850\" data-id=\"94359\" src=\"https:\/\/centcols.org\/wp-content\/uploads\/2026\/03\/Esterel6-Mt-Vinaigre.jpg\" alt=\"\" class=\"wp-image-94359\" srcset=\"https:\/\/centcols.org\/wp-content\/uploads\/2026\/03\/Esterel6-Mt-Vinaigre.jpg 637w, https:\/\/centcols.org\/wp-content\/uploads\/2026\/03\/Esterel6-Mt-Vinaigre-9x12.jpg 9w\" sizes=\"auto, (max-width: 637px) 100vw, 637px\" \/><\/a><figcaption class=\"wp-element-caption\">Observatorio del Monte Vinaigre<\/figcaption><\/figure>\n<\/figure>","protected":false},"excerpt":{"rendered":"<p>Description de l&rsquo;auteur Auteur : Ren\u00e9 MercierParcours : effectu\u00e9 en mai 2024D\u00e9part : maison foresti\u00e8re du Malpey, parking 100&nbsp;m avant, tr\u00e8s pris\u00e9 des randonneurs donc il faut arriver tr\u00e8s t\u00f4t&nbsp;; acc\u00e8s par la RD N7 qui relie Fr\u00e9jus \u00e0 Mandelieu. Si l&#8217;emplacement est complet se garer au col du Testanier au bord de la RD [&hellip;]<\/p>\n","protected":false},"author":1726,"featured_media":94356,"comment_status":"open","ping_status":"open","sticky":false,"template":"","format":"standard","meta":{"_acf_changed":false,"footnotes":""},"categories":[303,344,320,343,342,220],"tags":[],"class_list":["post-94343","post","type-post","status-publish","format-standard","has-post-thumbnail","hentry","category-parcours-france","category-alpes-francaises-du-sud","category-gravel-type-parcours","category-provence-alpes-cote-dazur-parcours-membres","category-83-var","category-parcours-membres"],"acf":[],"yoast_head":"<!-- This site is optimized with the Yoast SEO plugin v27.2 - https:\/\/yoast.com\/product\/yoast-seo-wordpress\/ -->\n<title>FR-83 Tour de l&#039;Est\u00e9rel - Gravel 68\u00a0km, D+ 1410\u00a0m, 37\u00a0cols - Club des Cent Cols<\/title>\n<meta name=\"robots\" content=\"index, follow, max-snippet:-1, max-image-preview:large, max-video-preview:-1\" \/>\n<link rel=\"canonical\" href=\"https:\/\/centcols.org\/es\/fr-83-tour-de-lesterel-gravel\/\" \/>\n<meta property=\"og:locale\" content=\"es_ES\" \/>\n<meta property=\"og:type\" content=\"article\" \/>\n<meta property=\"og:title\" content=\"FR-83 Tour de l&#039;Est\u00e9rel - Gravel 68\u00a0km, D+ 1410\u00a0m, 37\u00a0cols - Club des Cent Cols\" \/>\n<meta property=\"og:description\" content=\"Description de l&rsquo;auteur Auteur : Ren\u00e9 MercierParcours : effectu\u00e9 en mai 2024D\u00e9part : maison foresti\u00e8re du Malpey, parking 100&nbsp;m avant, tr\u00e8s pris\u00e9 des randonneurs donc il faut arriver tr\u00e8s t\u00f4t&nbsp;; acc\u00e8s par la RD N7 qui relie Fr\u00e9jus \u00e0 Mandelieu. Si l&#8217;emplacement est complet se garer au col du Testanier au bord de la RD [&hellip;]\" \/>\n<meta property=\"og:url\" content=\"https:\/\/centcols.org\/es\/fr-83-tour-de-lesterel-gravel\/\" \/>\n<meta property=\"og:site_name\" content=\"Club des Cent Cols\" \/>\n<meta property=\"article:publisher\" content=\"https:\/\/www.facebook.com\/groups\/5261880558\/?locale=fr_FR\" \/>\n<meta property=\"article:published_time\" content=\"2026-03-10T18:06:44+00:00\" \/>\n<meta property=\"article:modified_time\" content=\"2026-04-03T08:47:26+00:00\" \/>\n<meta property=\"og:image\" content=\"https:\/\/centcols.org\/wp-content\/uploads\/2026\/03\/Esterel3-Sous-le-pic-de-lOurs-belvedere-sur-Cannes-Antibes-Mercantour-enneige.jpg\" \/>\n\t<meta property=\"og:image:width\" content=\"1200\" \/>\n\t<meta property=\"og:image:height\" content=\"853\" \/>\n\t<meta property=\"og:image:type\" content=\"image\/jpeg\" \/>\n<meta name=\"author\" content=\"Ren\u00e9 Mercier\" \/>\n<meta name=\"twitter:card\" content=\"summary_large_image\" \/>\n<meta name=\"twitter:label1\" content=\"Escrito por\" \/>\n\t<meta name=\"twitter:data1\" content=\"Ren\u00e9 Mercier\" \/>\n\t<meta name=\"twitter:label2\" content=\"Tiempo de lectura\" \/>\n\t<meta name=\"twitter:data2\" content=\"6 minutos\" \/>\n<script type=\"application\/ld+json\" class=\"yoast-schema-graph\">{\"@context\":\"https:\/\/schema.org\",\"@graph\":[{\"@type\":\"Article\",\"@id\":\"https:\/\/centcols.org\/es\/fr-83-tour-de-lesterel-gravel\/#article\",\"isPartOf\":{\"@id\":\"https:\/\/centcols.org\/es\/fr-83-tour-de-lesterel-gravel\/\"},\"author\":{\"name\":\"Ren\u00e9 Mercier\",\"@id\":\"https:\/\/centcols.org\/#\/schema\/person\/0cc8f723679c98f3fb7798df5a50c018\"},\"headline\":\"FR-83 Tour de l&rsquo;Est\u00e9rel &#8211; Gravel 68\u00a0km, D+ 1410\u00a0m, 37\u00a0cols\",\"datePublished\":\"2026-03-10T18:06:44+00:00\",\"dateModified\":\"2026-04-03T08:47:26+00:00\",\"mainEntityOfPage\":{\"@id\":\"https:\/\/centcols.org\/es\/fr-83-tour-de-lesterel-gravel\/\"},\"wordCount\":906,\"commentCount\":0,\"publisher\":{\"@id\":\"https:\/\/centcols.org\/#organization\"},\"image\":{\"@id\":\"https:\/\/centcols.org\/es\/fr-83-tour-de-lesterel-gravel\/#primaryimage\"},\"thumbnailUrl\":\"https:\/\/centcols.org\/wp-content\/uploads\/2026\/03\/Esterel3-Sous-le-pic-de-lOurs-belvedere-sur-Cannes-Antibes-Mercantour-enneige.jpg\",\"articleSection\":[\"Parcours France\",\"Alpes fran\u00e7aises du sud\",\"Gravel\",\"Provence-Alpes-C\u00f4te d'Azur\",\"83-Var\",\"Parcours membres\"],\"inLanguage\":\"es\",\"potentialAction\":[{\"@type\":\"CommentAction\",\"name\":\"Comment\",\"target\":[\"https:\/\/centcols.org\/es\/fr-83-tour-de-lesterel-gravel\/#respond\"]}]},{\"@type\":\"WebPage\",\"@id\":\"https:\/\/centcols.org\/es\/fr-83-tour-de-lesterel-gravel\/\",\"url\":\"https:\/\/centcols.org\/es\/fr-83-tour-de-lesterel-gravel\/\",\"name\":\"FR-83 Tour de l'Est\u00e9rel - Gravel 68\u00a0km, D+ 1410\u00a0m, 37\u00a0cols - Club des Cent Cols\",\"isPartOf\":{\"@id\":\"https:\/\/centcols.org\/#website\"},\"primaryImageOfPage\":{\"@id\":\"https:\/\/centcols.org\/es\/fr-83-tour-de-lesterel-gravel\/#primaryimage\"},\"image\":{\"@id\":\"https:\/\/centcols.org\/es\/fr-83-tour-de-lesterel-gravel\/#primaryimage\"},\"thumbnailUrl\":\"https:\/\/centcols.org\/wp-content\/uploads\/2026\/03\/Esterel3-Sous-le-pic-de-lOurs-belvedere-sur-Cannes-Antibes-Mercantour-enneige.jpg\",\"datePublished\":\"2026-03-10T18:06:44+00:00\",\"dateModified\":\"2026-04-03T08:47:26+00:00\",\"breadcrumb\":{\"@id\":\"https:\/\/centcols.org\/es\/fr-83-tour-de-lesterel-gravel\/#breadcrumb\"},\"inLanguage\":\"es\",\"potentialAction\":[{\"@type\":\"ReadAction\",\"target\":[\"https:\/\/centcols.org\/es\/fr-83-tour-de-lesterel-gravel\/\"]}]},{\"@type\":\"ImageObject\",\"inLanguage\":\"es\",\"@id\":\"https:\/\/centcols.org\/es\/fr-83-tour-de-lesterel-gravel\/#primaryimage\",\"url\":\"https:\/\/centcols.org\/wp-content\/uploads\/2026\/03\/Esterel3-Sous-le-pic-de-lOurs-belvedere-sur-Cannes-Antibes-Mercantour-enneige.jpg\",\"contentUrl\":\"https:\/\/centcols.org\/wp-content\/uploads\/2026\/03\/Esterel3-Sous-le-pic-de-lOurs-belvedere-sur-Cannes-Antibes-Mercantour-enneige.jpg\",\"width\":1200,\"height\":853},{\"@type\":\"BreadcrumbList\",\"@id\":\"https:\/\/centcols.org\/es\/fr-83-tour-de-lesterel-gravel\/#breadcrumb\",\"itemListElement\":[{\"@type\":\"ListItem\",\"position\":1,\"name\":\"Accueil\",\"item\":\"https:\/\/centcols.org\/\"},{\"@type\":\"ListItem\",\"position\":2,\"name\":\"Parcours membres\",\"item\":\"https:\/\/centcols.org\/rubrique\/parcours-membres\/\"},{\"@type\":\"ListItem\",\"position\":3,\"name\":\"Pays\",\"item\":\"https:\/\/centcols.org\/rubrique\/parcours-membres\/pays-parcours-membres\/\"},{\"@type\":\"ListItem\",\"position\":4,\"name\":\"Parcours France\",\"item\":\"https:\/\/centcols.org\/rubrique\/parcours-membres\/pays-parcours-membres\/parcours-france\/\"},{\"@type\":\"ListItem\",\"position\":5,\"name\":\"FR-83 Tour de l&rsquo;Est\u00e9rel &#8211; Gravel 68\u00a0km, D+ 1410\u00a0m, 37\u00a0cols\"}]},{\"@type\":\"WebSite\",\"@id\":\"https:\/\/centcols.org\/#website\",\"url\":\"https:\/\/centcols.org\/\",\"name\":\"Club des Cent Cols\",\"description\":\"\",\"publisher\":{\"@id\":\"https:\/\/centcols.org\/#organization\"},\"potentialAction\":[{\"@type\":\"SearchAction\",\"target\":{\"@type\":\"EntryPoint\",\"urlTemplate\":\"https:\/\/centcols.org\/?s={search_term_string}\"},\"query-input\":{\"@type\":\"PropertyValueSpecification\",\"valueRequired\":true,\"valueName\":\"search_term_string\"}}],\"inLanguage\":\"es\"},{\"@type\":\"Organization\",\"@id\":\"https:\/\/centcols.org\/#organization\",\"name\":\"Club des Cent Cols\",\"url\":\"https:\/\/centcols.org\/\",\"logo\":{\"@type\":\"ImageObject\",\"inLanguage\":\"es\",\"@id\":\"https:\/\/centcols.org\/#\/schema\/logo\/image\/\",\"url\":\"https:\/\/centcols.org\/wp-content\/uploads\/2025\/01\/carte-icone.png\",\"contentUrl\":\"https:\/\/centcols.org\/wp-content\/uploads\/2025\/01\/carte-icone.png\",\"width\":250,\"height\":250,\"caption\":\"Club des Cent Cols\"},\"image\":{\"@id\":\"https:\/\/centcols.org\/#\/schema\/logo\/image\/\"},\"sameAs\":[\"https:\/\/www.facebook.com\/groups\/5261880558\/?locale=fr_FR\"]},{\"@type\":\"Person\",\"@id\":\"https:\/\/centcols.org\/#\/schema\/person\/0cc8f723679c98f3fb7798df5a50c018\",\"name\":\"Ren\u00e9 Mercier\",\"image\":{\"@type\":\"ImageObject\",\"inLanguage\":\"es\",\"@id\":\"https:\/\/centcols.org\/wp-content\/litespeed\/avatar\/c2275eeaf79d4f7456274de381abeeab.jpg?ver=1777347562\",\"url\":\"https:\/\/centcols.org\/wp-content\/litespeed\/avatar\/c2275eeaf79d4f7456274de381abeeab.jpg?ver=1777347562\",\"contentUrl\":\"https:\/\/centcols.org\/wp-content\/litespeed\/avatar\/c2275eeaf79d4f7456274de381abeeab.jpg?ver=1777347562\",\"caption\":\"Ren\u00e9 Mercier\"},\"url\":\"https:\/\/centcols.org\/es\/author\/7552\/\"}]}<\/script>\n<!-- \/ Yoast SEO plugin. -->","yoast_head_json":{"title":"FR-83 Tour de l'Est\u00e9rel - Grava 68 km, D+ 1410 m, 37 cols - Club des Cent Cols","robots":{"index":"index","follow":"follow","max-snippet":"max-snippet:-1","max-image-preview":"max-image-preview:large","max-video-preview":"max-video-preview:-1"},"canonical":"https:\/\/centcols.org\/es\/fr-83-tour-de-lesterel-gravel\/","og_locale":"es_ES","og_type":"article","og_title":"FR-83 Tour de l'Est\u00e9rel - Gravel 68\u00a0km, D+ 1410\u00a0m, 37\u00a0cols - Club des Cent Cols","og_description":"Description de l&rsquo;auteur Auteur : Ren\u00e9 MercierParcours : effectu\u00e9 en mai 2024D\u00e9part : maison foresti\u00e8re du Malpey, parking 100&nbsp;m avant, tr\u00e8s pris\u00e9 des randonneurs donc il faut arriver tr\u00e8s t\u00f4t&nbsp;; acc\u00e8s par la RD N7 qui relie Fr\u00e9jus \u00e0 Mandelieu. Si l&#8217;emplacement est complet se garer au col du Testanier au bord de la RD [&hellip;]","og_url":"https:\/\/centcols.org\/es\/fr-83-tour-de-lesterel-gravel\/","og_site_name":"Club des Cent Cols","article_publisher":"https:\/\/www.facebook.com\/groups\/5261880558\/?locale=fr_FR","article_published_time":"2026-03-10T18:06:44+00:00","article_modified_time":"2026-04-03T08:47:26+00:00","og_image":[{"width":1200,"height":853,"url":"https:\/\/centcols.org\/wp-content\/uploads\/2026\/03\/Esterel3-Sous-le-pic-de-lOurs-belvedere-sur-Cannes-Antibes-Mercantour-enneige.jpg","type":"image\/jpeg"}],"author":"Ren\u00e9 Mercier","twitter_card":"summary_large_image","twitter_misc":{"Escrito por":"Ren\u00e9 Mercier","Tiempo de lectura":"6 minutos"},"schema":{"@context":"https:\/\/schema.org","@graph":[{"@type":"Article","@id":"https:\/\/centcols.org\/es\/fr-83-tour-de-lesterel-gravel\/#article","isPartOf":{"@id":"https:\/\/centcols.org\/es\/fr-83-tour-de-lesterel-gravel\/"},"author":{"name":"Ren\u00e9 Mercier","@id":"https:\/\/centcols.org\/#\/schema\/person\/0cc8f723679c98f3fb7798df5a50c018"},"headline":"FR-83 Tour de l&rsquo;Est\u00e9rel &#8211; Gravel 68\u00a0km, D+ 1410\u00a0m, 37\u00a0cols","datePublished":"2026-03-10T18:06:44+00:00","dateModified":"2026-04-03T08:47:26+00:00","mainEntityOfPage":{"@id":"https:\/\/centcols.org\/es\/fr-83-tour-de-lesterel-gravel\/"},"wordCount":906,"commentCount":0,"publisher":{"@id":"https:\/\/centcols.org\/#organization"},"image":{"@id":"https:\/\/centcols.org\/es\/fr-83-tour-de-lesterel-gravel\/#primaryimage"},"thumbnailUrl":"https:\/\/centcols.org\/wp-content\/uploads\/2026\/03\/Esterel3-Sous-le-pic-de-lOurs-belvedere-sur-Cannes-Antibes-Mercantour-enneige.jpg","articleSection":["Parcours France","Alpes fran\u00e7aises du sud","Gravel","Provence-Alpes-C\u00f4te d'Azur","83-Var","Parcours membres"],"inLanguage":"es","potentialAction":[{"@type":"CommentAction","name":"Comment","target":["https:\/\/centcols.org\/es\/fr-83-tour-de-lesterel-gravel\/#respond"]}]},{"@type":"WebPage","@id":"https:\/\/centcols.org\/es\/fr-83-tour-de-lesterel-gravel\/","url":"https:\/\/centcols.org\/es\/fr-83-tour-de-lesterel-gravel\/","name":"FR-83 Tour de l'Est\u00e9rel - Grava 68 km, D+ 1410 m, 37 cols - Club des Cent Cols","isPartOf":{"@id":"https:\/\/centcols.org\/#website"},"primaryImageOfPage":{"@id":"https:\/\/centcols.org\/es\/fr-83-tour-de-lesterel-gravel\/#primaryimage"},"image":{"@id":"https:\/\/centcols.org\/es\/fr-83-tour-de-lesterel-gravel\/#primaryimage"},"thumbnailUrl":"https:\/\/centcols.org\/wp-content\/uploads\/2026\/03\/Esterel3-Sous-le-pic-de-lOurs-belvedere-sur-Cannes-Antibes-Mercantour-enneige.jpg","datePublished":"2026-03-10T18:06:44+00:00","dateModified":"2026-04-03T08:47:26+00:00","breadcrumb":{"@id":"https:\/\/centcols.org\/es\/fr-83-tour-de-lesterel-gravel\/#breadcrumb"},"inLanguage":"es","potentialAction":[{"@type":"ReadAction","target":["https:\/\/centcols.org\/es\/fr-83-tour-de-lesterel-gravel\/"]}]},{"@type":"ImageObject","inLanguage":"es","@id":"https:\/\/centcols.org\/es\/fr-83-tour-de-lesterel-gravel\/#primaryimage","url":"https:\/\/centcols.org\/wp-content\/uploads\/2026\/03\/Esterel3-Sous-le-pic-de-lOurs-belvedere-sur-Cannes-Antibes-Mercantour-enneige.jpg","contentUrl":"https:\/\/centcols.org\/wp-content\/uploads\/2026\/03\/Esterel3-Sous-le-pic-de-lOurs-belvedere-sur-Cannes-Antibes-Mercantour-enneige.jpg","width":1200,"height":853},{"@type":"BreadcrumbList","@id":"https:\/\/centcols.org\/es\/fr-83-tour-de-lesterel-gravel\/#breadcrumb","itemListElement":[{"@type":"ListItem","position":1,"name":"Accueil","item":"https:\/\/centcols.org\/"},{"@type":"ListItem","position":2,"name":"Parcours membres","item":"https:\/\/centcols.org\/rubrique\/parcours-membres\/"},{"@type":"ListItem","position":3,"name":"Pays","item":"https:\/\/centcols.org\/rubrique\/parcours-membres\/pays-parcours-membres\/"},{"@type":"ListItem","position":4,"name":"Parcours France","item":"https:\/\/centcols.org\/rubrique\/parcours-membres\/pays-parcours-membres\/parcours-france\/"},{"@type":"ListItem","position":5,"name":"FR-83 Tour de l&rsquo;Est\u00e9rel &#8211; Gravel 68\u00a0km, D+ 1410\u00a0m, 37\u00a0cols"}]},{"@type":"WebSite","@id":"https:\/\/centcols.org\/#website","url":"https:\/\/centcols.org\/","name":"Club des Cent Cols","description":"","publisher":{"@id":"https:\/\/centcols.org\/#organization"},"potentialAction":[{"@type":"SearchAction","target":{"@type":"EntryPoint","urlTemplate":"https:\/\/centcols.org\/?s={search_term_string}"},"query-input":{"@type":"PropertyValueSpecification","valueRequired":true,"valueName":"search_term_string"}}],"inLanguage":"es"},{"@type":"Organization","@id":"https:\/\/centcols.org\/#organization","name":"Club des Cent Cols","url":"https:\/\/centcols.org\/","logo":{"@type":"ImageObject","inLanguage":"es","@id":"https:\/\/centcols.org\/#\/schema\/logo\/image\/","url":"https:\/\/centcols.org\/wp-content\/uploads\/2025\/01\/carte-icone.png","contentUrl":"https:\/\/centcols.org\/wp-content\/uploads\/2025\/01\/carte-icone.png","width":250,"height":250,"caption":"Club des Cent Cols"},"image":{"@id":"https:\/\/centcols.org\/#\/schema\/logo\/image\/"},"sameAs":["https:\/\/www.facebook.com\/groups\/5261880558\/?locale=fr_FR"]},{"@type":"Person","@id":"https:\/\/centcols.org\/#\/schema\/person\/0cc8f723679c98f3fb7798df5a50c018","name":"Ren\u00e9 Mercier","image":{"@type":"ImageObject","inLanguage":"es","@id":"https:\/\/centcols.org\/wp-content\/litespeed\/avatar\/c2275eeaf79d4f7456274de381abeeab.jpg?ver=1777347562","url":"https:\/\/centcols.org\/wp-content\/litespeed\/avatar\/c2275eeaf79d4f7456274de381abeeab.jpg?ver=1777347562","contentUrl":"https:\/\/centcols.org\/wp-content\/litespeed\/avatar\/c2275eeaf79d4f7456274de381abeeab.jpg?ver=1777347562","caption":"Ren\u00e9 Mercier"},"url":"https:\/\/centcols.org\/es\/author\/7552\/"}]}},"_links":{"self":[{"href":"https:\/\/centcols.org\/es\/wp-json\/wp\/v2\/posts\/94343","targetHints":{"allow":["GET"]}}],"collection":[{"href":"https:\/\/centcols.org\/es\/wp-json\/wp\/v2\/posts"}],"about":[{"href":"https:\/\/centcols.org\/es\/wp-json\/wp\/v2\/types\/post"}],"author":[{"embeddable":true,"href":"https:\/\/centcols.org\/es\/wp-json\/wp\/v2\/users\/1726"}],"replies":[{"embeddable":true,"href":"https:\/\/centcols.org\/es\/wp-json\/wp\/v2\/comments?post=94343"}],"version-history":[{"count":0,"href":"https:\/\/centcols.org\/es\/wp-json\/wp\/v2\/posts\/94343\/revisions"}],"wp:featuredmedia":[{"embeddable":true,"href":"https:\/\/centcols.org\/es\/wp-json\/wp\/v2\/media\/94356"}],"wp:attachment":[{"href":"https:\/\/centcols.org\/es\/wp-json\/wp\/v2\/media?parent=94343"}],"wp:term":[{"taxonomy":"category","embeddable":true,"href":"https:\/\/centcols.org\/es\/wp-json\/wp\/v2\/categories?post=94343"},{"taxonomy":"post_tag","embeddable":true,"href":"https:\/\/centcols.org\/es\/wp-json\/wp\/v2\/tags?post=94343"}],"curies":[{"name":"wp","href":"https:\/\/api.w.org\/{rel}","templated":true}]}}