{"id":94545,"date":"2026-03-23T09:21:48","date_gmt":"2026-03-23T07:21:48","guid":{"rendered":"https:\/\/centcols.org\/?p=94545"},"modified":"2026-04-03T10:44:47","modified_gmt":"2026-04-03T08:44:47","slug":"paso-de-granier","status":"publish","type":"post","link":"https:\/\/centcols.org\/es\/col-du-granier\/","title":{"rendered":"Col du Granier"},"content":{"rendered":"\n<p><em>Un article de G\u00e9rard Galland et Christian Jeandey.<\/em><\/p>\n\n\n\n<p><strong>Col du Granier<\/strong> (<a href=\"\/util\/geo\/visu.php?code=FR-73-1134\">FR-73-1134<\/a>)<\/p>\n\n\n<div class=\"wp-block-image\">\n<figure class=\"aligncenter size-full\"><img loading=\"lazy\" decoding=\"async\" width=\"800\" height=\"600\" src=\"https:\/\/centcols.org\/wp-content\/uploads\/2026\/03\/8905-1.jpg\" alt=\"\" class=\"wp-image-94552\" srcset=\"https:\/\/centcols.org\/wp-content\/uploads\/2026\/03\/8905-1.jpg 800w, https:\/\/centcols.org\/wp-content\/uploads\/2026\/03\/8905-1-768x576.jpg 768w, https:\/\/centcols.org\/wp-content\/uploads\/2026\/03\/8905-1-16x12.jpg 16w\" sizes=\"auto, (max-width: 800px) 100vw, 800px\" \/><figcaption class=\"wp-element-caption\">Arriv\u00e9e au col par le sud.<br>Photo S\u00e9bastien Vadot (<em>image sur visualiseur de cols du Club des Cent Cols)<\/em>.<\/figcaption><\/figure>\n<\/div>\n\n<div class=\"wp-block-image\">\n<figure class=\"aligncenter size-full\"><img loading=\"lazy\" decoding=\"async\" width=\"799\" height=\"531\" src=\"https:\/\/centcols.org\/wp-content\/uploads\/2026\/03\/8903-1.jpg\" alt=\"\" class=\"wp-image-94553\" srcset=\"https:\/\/centcols.org\/wp-content\/uploads\/2026\/03\/8903-1.jpg 799w, https:\/\/centcols.org\/wp-content\/uploads\/2026\/03\/8903-1-768x510.jpg 768w, https:\/\/centcols.org\/wp-content\/uploads\/2026\/03\/8903-1-18x12.jpg 18w\" sizes=\"auto, (max-width: 799px) 100vw, 799px\" \/><figcaption class=\"wp-element-caption\">Et arriv\u00e9e par le nord.<br>Photo Jean-Luc Matte (<em>image sur visualiseur de cols du Club des Cent Cols)<\/em>.<\/figcaption><\/figure>\n<\/div>\n\n        <div class=\"toc-wrapper\" data-columns=\"2\"\n            data-headings=\"[{&quot;level&quot;:2,&quot;text&quot;:&quot;Toponymie&quot;,&quot;id&quot;:&quot;toc-toponymie&quot;,&quot;page&quot;:1,&quot;existing_id&quot;:false},{&quot;level&quot;:2,&quot;text&quot;:&quot;Situation g\\u00e9ographique&quot;,&quot;id&quot;:&quot;toc-situation-geographique&quot;,&quot;page&quot;:1,&quot;existing_id&quot;:false},{&quot;level&quot;:3,&quot;text&quot;:&quot;Massif&quot;,&quot;id&quot;:&quot;toc-massif&quot;,&quot;page&quot;:1,&quot;existing_id&quot;:false},{&quot;level&quot;:3,&quot;text&quot;:&quot;G\\u00e9ologie&quot;,&quot;id&quot;:&quot;toc-geologie&quot;,&quot;page&quot;:1,&quot;existing_id&quot;:false},{&quot;level&quot;:3,&quot;text&quot;:&quot;Hydrographie&quot;,&quot;id&quot;:&quot;toc-hydrographie&quot;,&quot;page&quot;:1,&quot;existing_id&quot;:false},{&quot;level&quot;:2,&quot;text&quot;:&quot;Acc\\u00e8s&quot;,&quot;id&quot;:&quot;toc-acces&quot;,&quot;page&quot;:1,&quot;existing_id&quot;:false},{&quot;level&quot;:2,&quot;text&quot;:&quot;Situation administrative&quot;,&quot;id&quot;:&quot;toc-situation-administrative&quot;,&quot;page&quot;:1,&quot;existing_id&quot;:false},{&quot;level&quot;:2,&quot;text&quot;:&quot;Histoire&quot;,&quot;id&quot;:&quot;toc-histoire&quot;,&quot;page&quot;:1,&quot;existing_id&quot;:false},{&quot;level&quot;:2,&quot;text&quot;:&quot;A voir - tourisme&quot;,&quot;id&quot;:&quot;toc-a-voir-tourisme&quot;,&quot;page&quot;:1,&quot;existing_id&quot;:false},{&quot;level&quot;:3,&quot;text&quot;:&quot;Versant sud&quot;,&quot;id&quot;:&quot;toc-versant-sud&quot;,&quot;page&quot;:1,&quot;existing_id&quot;:false},{&quot;level&quot;:3,&quot;text&quot;:&quot;Versant nord&quot;,&quot;id&quot;:&quot;toc-versant-nord&quot;,&quot;page&quot;:1,&quot;existing_id&quot;:false},{&quot;level&quot;:2,&quot;text&quot;:&quot;Cyclisme et cyclotourisme&quot;,&quot;id&quot;:&quot;toc-cyclisme-et-cyclotourisme&quot;,&quot;page&quot;:1,&quot;existing_id&quot;:false},{&quot;level&quot;:2,&quot;text&quot;:&quot;Diff\\u00e9rents Profils&quot;,&quot;id&quot;:&quot;toc-differents-profils&quot;,&quot;page&quot;:1,&quot;existing_id&quot;:false},{&quot;level&quot;:3,&quot;text&quot;:&quot;Ascension depuis Chamb\\u00e9ry&quot;,&quot;id&quot;:&quot;toc-ascension-depuis-chambery&quot;,&quot;page&quot;:1,&quot;existing_id&quot;:false},{&quot;level&quot;:3,&quot;text&quot;:&quot;Ascension depuis Saint-Pierre-d&#039;Entremont&quot;,&quot;id&quot;:&quot;toc-ascension-depuis-saint-pierre-dentremont&quot;,&quot;page&quot;:1,&quot;existing_id&quot;:false},{&quot;level&quot;:3,&quot;text&quot;:&quot;Ascension depuis Chapareillan&quot;,&quot;id&quot;:&quot;toc-ascension-depuis-chapareillan&quot;,&quot;page&quot;:1,&quot;existing_id&quot;:false}]\"\n            data-current-page=\"1\"\n            data-base-url=\"https:\/\/centcols.org\/es\/col-du-granier\/\">\n            <div class=\"toc-title\">\n                Table des mati\u00e8res            <\/div>\n            <div class=\"toc-content\" style=\"column-count: 2;\">\n                <ul class=\"toc-list\"><li class=\"toc-item toc-level-2\"><a href=\"#toc-toponymie\" class=\"toc-link\" data-same-page=\"true\">Toponymie<\/a><\/li><li class=\"toc-item toc-level-2\"><a href=\"#toc-situation-geographique\" class=\"toc-link\" data-same-page=\"true\">Situation g\u00e9ographique<\/a><ul class=\"toc-sublist\"><li class=\"toc-item toc-level-3\"><a href=\"#toc-massif\" class=\"toc-link\" data-same-page=\"true\">Massif<\/a><\/li><li class=\"toc-item toc-level-3\"><a href=\"#toc-geologie\" class=\"toc-link\" data-same-page=\"true\">G\u00e9ologie<\/a><\/li><li class=\"toc-item toc-level-3\"><a href=\"#toc-hydrographie\" class=\"toc-link\" data-same-page=\"true\">Hydrographie<\/a><\/li><\/ul><\/li><li class=\"toc-item toc-level-2\"><a href=\"#toc-acces\" class=\"toc-link\" data-same-page=\"true\">Acc\u00e8s<\/a><\/li><li class=\"toc-item toc-level-2\"><a href=\"#toc-situation-administrative\" class=\"toc-link\" data-same-page=\"true\">Situation administrative<\/a><\/li><li class=\"toc-item toc-level-2\"><a href=\"#toc-histoire\" class=\"toc-link\" data-same-page=\"true\">Histoire<\/a><\/li><li class=\"toc-item toc-level-2\"><a href=\"#toc-a-voir-tourisme\" class=\"toc-link\" data-same-page=\"true\">A voir &#8211; tourisme<\/a><ul class=\"toc-sublist\"><li class=\"toc-item toc-level-3\"><a href=\"#toc-versant-sud\" class=\"toc-link\" data-same-page=\"true\">Versant sud<\/a><\/li><li class=\"toc-item toc-level-3\"><a href=\"#toc-versant-nord\" class=\"toc-link\" data-same-page=\"true\">Versant nord<\/a><\/li><\/ul><\/li><li class=\"toc-item toc-level-2\"><a href=\"#toc-cyclisme-et-cyclotourisme\" class=\"toc-link\" data-same-page=\"true\">Cyclisme et cyclotourisme<\/a><\/li><li class=\"toc-item toc-level-2\"><a href=\"#toc-differents-profils\" class=\"toc-link\" data-same-page=\"true\">Diff\u00e9rents Profils<\/a><ul class=\"toc-sublist\"><li class=\"toc-item toc-level-3\"><a href=\"#toc-ascension-depuis-chambery\" class=\"toc-link\" data-same-page=\"true\">Ascension depuis Chamb\u00e9ry<\/a><\/li><li class=\"toc-item toc-level-3\"><a href=\"#toc-ascension-depuis-saint-pierre-dentremont\" class=\"toc-link\" data-same-page=\"true\">Ascension depuis Saint-Pierre-d&#039;Entremont<\/a><\/li><li class=\"toc-item toc-level-3\"><a href=\"#toc-ascension-depuis-chapareillan\" class=\"toc-link\" data-same-page=\"true\">Ascension depuis Chapareillan<\/a><\/li><\/ul><\/li><\/ul>            <\/div>\n        <\/div>\n    \n\n\n<h2 class=\"wp-block-heading\">Toponymie<\/h2>\n\n\n\n<blockquote class=\"wp-block-quote is-layout-flow wp-block-quote-is-layout-flow\">\n<p>De source Wikip\u00e9dia, le toponyme&nbsp;<em>Granier<\/em>&nbsp;d\u00e9rive de l&rsquo;ancien fran\u00e7ais&nbsp;\u00ab&nbsp;granier,&nbsp;grenier&nbsp;\u00bb ou de \u00ab&nbsp;grange&nbsp;\u00bb (du&nbsp;latin&nbsp;<em>granea<\/em>). Il s&rsquo;agit du nom d&rsquo;une commune de la petite r\u00e9gion des Marches, o\u00f9 se trouvait un monast\u00e8re \u2014&nbsp;<em>monachi Graneriis<\/em>&nbsp;(<em>Granarium, Granerium<\/em>)&nbsp;\u2014 mentionn\u00e9 au&nbsp;XI<sup>e<\/sup>&nbsp;si\u00e8cle dans le&nbsp;<em>Cartulaires de l&rsquo;\u00e9glise cath\u00e9drale de Grenoble dits Cartulaires de Saint-Hugues<\/em>, et qui fut d\u00e9truite par l&rsquo;\u00e9boulement de 1248. Le nom est ensuite pass\u00e9 \u00e0 la montagne.<\/p>\n<\/blockquote>\n\n\n\n<h2 class=\"wp-block-heading\">Situation g\u00e9ographique<\/h2>\n\n\n\n<h3 class=\"wp-block-heading\">Massif<\/h3>\n\n\n\n<p>Le massif de la Chartreuse est travers\u00e9 par une d\u00e9pression du nord au sud. On trouve trois cols dans ce massif, le col du Granier est celui qui se trouve le plus au nord de la d\u00e9pression. Les deux autres cols de Chartreuse sont le col du Cucheron <a href=\"\/util\/geo\/visu.php?code=FR-38-1139\">(FR-38-1139)<\/a> au centre du massif et le col de Porte <a href=\"\/util\/geo\/visu.php?code=FR-38-1326b\">(FR-38-1326b)<\/a> le plus au sud. Le col du Granier se situe entre le mont Granier au sud-est et la pointe de la Born\u00e9e au nord-ouest. Les deux photos images qui suivent, issues du <a href=\"https:\/\/www.geol-alp.com\/chartreuse\/6_sites_ch\/col_cucheron.html\">site <\/a><a href=\"http:\/\/www.geol-alp.com\/chartreuse\/6_sites_ch\/col_granier.html\">geol-alp de Maurice Gidon<\/a>, illustrent parfaitement la position du col du Granier au pied du mont \u00e9ponyme.<\/p>\n\n\n<div class=\"wp-block-image\">\n<figure class=\"aligncenter size-full\"><img loading=\"lazy\" decoding=\"async\" width=\"800\" height=\"377\" src=\"https:\/\/centcols.org\/wp-content\/uploads\/2026\/03\/photo-4.jpg\" alt=\"\" class=\"wp-image-94556\" srcset=\"https:\/\/centcols.org\/wp-content\/uploads\/2026\/03\/photo-4.jpg 800w, https:\/\/centcols.org\/wp-content\/uploads\/2026\/03\/photo-4-768x362.jpg 768w, https:\/\/centcols.org\/wp-content\/uploads\/2026\/03\/photo-4-18x8.jpg 18w\" sizes=\"auto, (max-width: 800px) 100vw, 800px\" \/><figcaption class=\"wp-element-caption\">L\u00e9gende de l\u2019auteur : point de vue du sud-ouest sur la vall\u00e9e des Entremonts et le col du Granier  depuis le sommet de la Cochette.<\/figcaption><\/figure>\n<\/div>\n\n<div class=\"wp-block-image\">\n<figure class=\"aligncenter size-full\"><img loading=\"lazy\" decoding=\"async\" width=\"800\" height=\"401\" src=\"https:\/\/centcols.org\/wp-content\/uploads\/2026\/03\/photo-5-2.jpg\" alt=\"\" class=\"wp-image-94558\" srcset=\"https:\/\/centcols.org\/wp-content\/uploads\/2026\/03\/photo-5-2.jpg 800w, https:\/\/centcols.org\/wp-content\/uploads\/2026\/03\/photo-5-2-768x385.jpg 768w, https:\/\/centcols.org\/wp-content\/uploads\/2026\/03\/photo-5-2-18x9.jpg 18w\" sizes=\"auto, (max-width: 800px) 100vw, 800px\" \/><figcaption class=\"wp-element-caption\">L\u00e9gende de l\u2019auteur : le versant nord-est du col du Granier et les Ab\u00eemes de Myans vus du nord-est depuis les Tours de Chignin. <\/figcaption><\/figure>\n<\/div>\n\n\n<h3 class=\"wp-block-heading\">G\u00e9ologie<\/h3>\n\n\n\n<p>Se reporter \u00e0 l\u2019article sp\u00e9cifique sur le \u00ab <a href=\"\/col-de-porte\/\" target=\"_blank\" rel=\"noreferrer noopener\">Col de Porte<\/a> \u00bb pour d\u00e9couvrir la g\u00e9ologie du massif de la Chartreuse.<br>Et pour les sp\u00e9cialistes, vous trouverez plus de d\u00e9tails avec le lien suivant :<br><a href=\"http:\/\/www.geol-alp.com\/chartreuse\/6_sites_ch\/col_granier.html\">http:\/\/www.geol-alp.com\/chartreuse\/6_sites_ch\/col_granier.html<\/a><\/p>\n\n\n\n<h3 class=\"wp-block-heading\">Hydrographie<\/h3>\n\n\n\n<p>Au nord, l<a href=\"https:\/\/fr.wikipedia.org\/wiki\/Albanne_(rivi%C3%A8re)\">\u2019Albanne<\/a> et plusieurs de ses affluents comme le torrent des Favi\u00e8res et le ruisseau de la Grenouille prennent leurs sources au nord du col.<br>L\u2019Albanne est un affluent gauche de <a href=\"https:\/\/fr.wikipedia.org\/wiki\/Leysse\">la Leysse<\/a>. C\u2019est donc un sous-affluent du Rh\u00f4ne par le lac du Bourget et le canal de Savi\u00e8res.<br>Au sud, on trouve le ruisseau des Pins qui prend sa source pr\u00e8s du col du Granier. C&rsquo;est un affluent de la rivi\u00e8re du Cozon qui aura pris sa source \u00e0 l&rsquo;ouest du col non loin de la pointe de la Gorgeat. \u00c0 son tour, le Cozon deviendra un affluent en se jetant dans le Guiers Vif \u00e0 hauteur de Saint-Pierre-d&rsquo;Entremont.<\/p>\n\n\n\n<h2 class=\"wp-block-heading\">Acc\u00e8s<\/h2>\n\n\n\n<div class=\"wp-block-media-text has-media-on-the-right is-stacked-on-mobile\" style=\"grid-template-columns:auto 40%\"><div class=\"wp-block-media-text__content\">\n<p>Le col est franchi du nord au sud par la D912 entre <a href=\"https:\/\/fr.wikipedia.org\/wiki\/Chamb%C3%A9ry\">Chamb\u00e9ry<\/a> et <a href=\"https:\/\/fr.wikipedia.org\/wiki\/Saint-Pierre-d%27Entremont\">Saint-Pierre-d&rsquo;Entremont<\/a>.<br>Entre Chamb\u00e9ry et le col, la D912 passe par le tunnel du Pas de la Fosse <a href=\"\/util\/geo\/visu.php?code=FR-73-0822\">(FR-73-0822)<\/a> situ\u00e9 sous le col g\u00e9ographique du Pas de la Fosse <a href=\"\/util\/geo\/visu.php?code=FR-73-0865\">(FR-73-0865)<\/a>.<\/p>\n\n\n\n<p>Venant de l\u2019est et de <a href=\"https:\/\/fr.wikipedia.org\/wiki\/Chapareillan\">Chapareillan<\/a>, on est sur la D285 qui rejoint la D912 au col.<\/p>\n\n\n\n<p>Le col relie les villages d&rsquo;<a href=\"https:\/\/fr.wikipedia.org\/wiki\/Entremont-le-Vieux\">Entremont-le-Vieux<\/a> au sud \u00e0 <a href=\"https:\/\/fr.wikipedia.org\/wiki\/Apremont_(Savoie)\">Apremont<\/a> au nord et \u00e0 Chapareillan \u00e0 l&rsquo;est.<\/p>\n<\/div><figure class=\"wp-block-media-text__media\"><img loading=\"lazy\" decoding=\"async\" width=\"615\" height=\"768\" src=\"https:\/\/centcols.org\/wp-content\/uploads\/2026\/03\/carte.jpg\" alt=\"\" class=\"wp-image-94567 size-full\" srcset=\"https:\/\/centcols.org\/wp-content\/uploads\/2026\/03\/carte.jpg 615w, https:\/\/centcols.org\/wp-content\/uploads\/2026\/03\/carte-10x12.jpg 10w\" sizes=\"auto, (max-width: 615px) 100vw, 615px\" \/><\/figure><\/div>\n\n\n\n<h2 class=\"wp-block-heading\">Situation administrative<\/h2>\n\n\n\n<p>Le col se trouve dans le sud-ouest du d\u00e9partement de la Savoie, sur la commune d&rsquo;Apremont.<\/p>\n\n\n\n<h2 class=\"wp-block-heading\">Histoire<\/h2>\n\n\n\n<p>La face nord du mont Granier est constitu\u00e9e d&rsquo;une falaise de pr\u00e8s de 900&nbsp;m de hauteur. Cette falaise s&rsquo;est cr\u00e9\u00e9e dans la nuit du 24 au 25 novembre 1248 suite \u00e0 un gigantesque glissement de terrain ayant fait dispara\u00eetre une partie de la montagne. C&rsquo;est probablement le plus grand \u00e9boulement connu de l&rsquo;histoire de l&rsquo;Europe.<\/p>\n\n\n\n<h2 class=\"wp-block-heading\">A voir &#8211; tourisme<\/h2>\n\n\n\n<h3 class=\"wp-block-heading\">Versant sud<\/h3>\n\n\n\n<p>La <a href=\"https:\/\/fr.wikipedia.org\/wiki\/Vall%C3%A9e_des_Entremonts\">vall\u00e9e des Entremonts<\/a>.<\/p>\n\n\n\n<h3 class=\"wp-block-heading\">Versant nord<\/h3>\n\n\n\n<p>Le <a href=\"https:\/\/fr.wikipedia.org\/wiki\/Massif_des_Bauges\">massif des Bauges<\/a>, la ville de Chamb\u00e9ry et le <a href=\"https:\/\/fr.wikipedia.org\/wiki\/Lac_du_Bourget\">lac du Bourget<\/a>.<\/p>\n\n\n\n<h2 class=\"wp-block-heading\">Cyclisme et cyclotourisme<\/h2>\n\n\n\n<p><strong>Brevet de Randonneur de Chartreuse (BRC)<\/strong> : se reporter \u00e0 l\u2019article \u00ab <a href=\"\/col-de-porte\/\" target=\"_blank\" rel=\"noreferrer noopener\">Col de Porte<\/a> \u00bb.<\/p>\n\n\n\n<h2 class=\"wp-block-heading\">Diff\u00e9rents Profils<\/h2>\n\n\n\n<h3 class=\"wp-block-heading\">Ascension depuis Chamb\u00e9ry<\/h3>\n\n\n\n<p>L\u2019ascension d\u2019une quinzaine de kilom\u00e8tres depuis Chamb\u00e9ry ne pr\u00e9sente pas de grosses difficult\u00e9s.<\/p>\n\n\n\n<figure class=\"wp-block-image size-full\"><img loading=\"lazy\" decoding=\"async\" width=\"800\" height=\"480\" src=\"https:\/\/centcols.org\/wp-content\/uploads\/2026\/03\/chambery.jpg\" alt=\"\" class=\"wp-image-94579\" srcset=\"https:\/\/centcols.org\/wp-content\/uploads\/2026\/03\/chambery.jpg 800w, https:\/\/centcols.org\/wp-content\/uploads\/2026\/03\/chambery-768x461.jpg 768w, https:\/\/centcols.org\/wp-content\/uploads\/2026\/03\/chambery-18x12.jpg 18w\" sizes=\"auto, (max-width: 800px) 100vw, 800px\" \/><\/figure>\n\n\n\n<h3 class=\"wp-block-heading\">Ascension depuis Saint-Pierre-d&rsquo;Entremont<\/h3>\n\n\n\n<p>Depuis Saint-Pierre-d\u2019Entremont, on part de 640&nbsp;m pour 9,4&nbsp;km d&rsquo;ascension. Attention environ 1&nbsp;km assez s\u00e9v\u00e8re \u00e0 partir du village de <a href=\"https:\/\/fr.wikipedia.org\/wiki\/Entremont-le-Vieux\">Entremont-le-Vieux<\/a>.<\/p>\n\n\n\n<figure class=\"wp-block-image size-full\"><img loading=\"lazy\" decoding=\"async\" width=\"800\" height=\"480\" src=\"https:\/\/centcols.org\/wp-content\/uploads\/2026\/03\/saint-pierre-dentremont.jpg\" alt=\"\" class=\"wp-image-94580\" srcset=\"https:\/\/centcols.org\/wp-content\/uploads\/2026\/03\/saint-pierre-dentremont.jpg 800w, https:\/\/centcols.org\/wp-content\/uploads\/2026\/03\/saint-pierre-dentremont-768x461.jpg 768w, https:\/\/centcols.org\/wp-content\/uploads\/2026\/03\/saint-pierre-dentremont-18x12.jpg 18w\" sizes=\"auto, (max-width: 800px) 100vw, 800px\" \/><\/figure>\n\n\n\n<h3 class=\"wp-block-heading\">Ascension depuis Chapareillan<\/h3>\n\n\n\n<p>Ascension la plus pentue des trois avec 854&nbsp;m d&rsquo;\u00e9l\u00e9vation en 10,5&nbsp;km et des passages \u00e0 10,4&nbsp;%.<\/p>\n\n\n\n<figure class=\"wp-block-image size-full\"><img loading=\"lazy\" decoding=\"async\" width=\"800\" height=\"480\" src=\"https:\/\/centcols.org\/wp-content\/uploads\/2026\/03\/chapareillan.jpg\" alt=\"\" class=\"wp-image-94581\" srcset=\"https:\/\/centcols.org\/wp-content\/uploads\/2026\/03\/chapareillan.jpg 800w, https:\/\/centcols.org\/wp-content\/uploads\/2026\/03\/chapareillan-768x461.jpg 768w, https:\/\/centcols.org\/wp-content\/uploads\/2026\/03\/chapareillan-18x12.jpg 18w\" sizes=\"auto, (max-width: 800px) 100vw, 800px\" \/><\/figure>\n","protected":false},"excerpt":{"rendered":"<p>Un article de G\u00e9rard Galland et Christian Jeandey. Col du Granier (FR-73-1134) Toponymie De source Wikip\u00e9dia, le toponyme&nbsp;Granier&nbsp;d\u00e9rive de l&rsquo;ancien fran\u00e7ais&nbsp;\u00ab&nbsp;granier,&nbsp;grenier&nbsp;\u00bb ou de \u00ab&nbsp;grange&nbsp;\u00bb (du&nbsp;latin&nbsp;granea). Il s&rsquo;agit du nom d&rsquo;une commune de la petite r\u00e9gion des Marches, o\u00f9 se trouvait un monast\u00e8re \u2014&nbsp;monachi Graneriis&nbsp;(Granarium, Granerium)&nbsp;\u2014 mentionn\u00e9 au&nbsp;XIe&nbsp;si\u00e8cle dans le&nbsp;Cartulaires de l&rsquo;\u00e9glise cath\u00e9drale de Grenoble dits [&hellip;]<\/p>\n","protected":false},"author":485,"featured_media":94553,"comment_status":"closed","ping_status":"closed","sticky":false,"template":"","format":"standard","meta":{"_acf_changed":false,"footnotes":""},"categories":[308],"tags":[214],"class_list":["post-94545","post","type-post","status-publish","format-standard","has-post-thumbnail","hentry","category-cols-en-vrac","tag-col-du-mois"],"acf":[],"yoast_head":"<!-- This site is optimized with the Yoast SEO plugin v27.2 - https:\/\/yoast.com\/product\/yoast-seo-wordpress\/ -->\n<title>Col du Granier - Club des Cent Cols<\/title>\n<meta name=\"robots\" content=\"index, follow, max-snippet:-1, max-image-preview:large, max-video-preview:-1\" \/>\n<link rel=\"canonical\" href=\"https:\/\/centcols.org\/es\/paso-de-granier\/\" \/>\n<meta property=\"og:locale\" content=\"es_ES\" \/>\n<meta property=\"og:type\" content=\"article\" \/>\n<meta property=\"og:title\" content=\"Col du Granier - Club des Cent Cols\" \/>\n<meta property=\"og:description\" content=\"Un article de G\u00e9rard Galland et Christian Jeandey. Col du Granier (FR-73-1134) Toponymie De source Wikip\u00e9dia, le toponyme&nbsp;Granier&nbsp;d\u00e9rive de l&rsquo;ancien fran\u00e7ais&nbsp;\u00ab&nbsp;granier,&nbsp;grenier&nbsp;\u00bb ou de \u00ab&nbsp;grange&nbsp;\u00bb (du&nbsp;latin&nbsp;granea). Il s&rsquo;agit du nom d&rsquo;une commune de la petite r\u00e9gion des Marches, o\u00f9 se trouvait un monast\u00e8re \u2014&nbsp;monachi Graneriis&nbsp;(Granarium, Granerium)&nbsp;\u2014 mentionn\u00e9 au&nbsp;XIe&nbsp;si\u00e8cle dans le&nbsp;Cartulaires de l&rsquo;\u00e9glise cath\u00e9drale de Grenoble dits [&hellip;]\" \/>\n<meta property=\"og:url\" content=\"https:\/\/centcols.org\/es\/paso-de-granier\/\" \/>\n<meta property=\"og:site_name\" content=\"Club des Cent Cols\" \/>\n<meta property=\"article:publisher\" content=\"https:\/\/www.facebook.com\/groups\/5261880558\/?locale=fr_FR\" \/>\n<meta property=\"article:published_time\" content=\"2026-03-23T07:21:48+00:00\" \/>\n<meta property=\"article:modified_time\" content=\"2026-04-03T08:44:47+00:00\" \/>\n<meta property=\"og:image\" content=\"https:\/\/centcols.org\/wp-content\/uploads\/2026\/03\/8903-1.jpg\" \/>\n\t<meta property=\"og:image:width\" content=\"799\" \/>\n\t<meta property=\"og:image:height\" content=\"531\" \/>\n\t<meta property=\"og:image:type\" content=\"image\/jpeg\" \/>\n<meta name=\"author\" content=\"Jean-No\u00ebl Jagoda\" \/>\n<meta name=\"twitter:card\" content=\"summary_large_image\" \/>\n<meta name=\"twitter:label1\" content=\"Escrito por\" \/>\n\t<meta name=\"twitter:data1\" content=\"Jean-No\u00ebl Jagoda\" \/>\n\t<meta name=\"twitter:label2\" content=\"Tiempo de lectura\" \/>\n\t<meta name=\"twitter:data2\" content=\"5 minutos\" \/>\n<script type=\"application\/ld+json\" class=\"yoast-schema-graph\">{\"@context\":\"https:\/\/schema.org\",\"@graph\":[{\"@type\":\"Article\",\"@id\":\"https:\/\/centcols.org\/col-du-granier\/#article\",\"isPartOf\":{\"@id\":\"https:\/\/centcols.org\/col-du-granier\/\"},\"author\":{\"name\":\"Jean-No\u00ebl Jagoda\",\"@id\":\"https:\/\/centcols.org\/#\/schema\/person\/30f4299f11521fed498f98ecf9d71664\"},\"headline\":\"Col du Granier\",\"datePublished\":\"2026-03-23T07:21:48+00:00\",\"dateModified\":\"2026-04-03T08:44:47+00:00\",\"mainEntityOfPage\":{\"@id\":\"https:\/\/centcols.org\/col-du-granier\/\"},\"wordCount\":785,\"publisher\":{\"@id\":\"https:\/\/centcols.org\/#organization\"},\"image\":{\"@id\":\"https:\/\/centcols.org\/col-du-granier\/#primaryimage\"},\"thumbnailUrl\":\"https:\/\/centcols.org\/wp-content\/uploads\/2026\/03\/8903-1.jpg\",\"keywords\":[\"Col du mois\"],\"articleSection\":[\"Cols en vrac\"],\"inLanguage\":\"es\"},{\"@type\":\"WebPage\",\"@id\":\"https:\/\/centcols.org\/col-du-granier\/\",\"url\":\"https:\/\/centcols.org\/col-du-granier\/\",\"name\":\"Col du Granier - Club des Cent Cols\",\"isPartOf\":{\"@id\":\"https:\/\/centcols.org\/#website\"},\"primaryImageOfPage\":{\"@id\":\"https:\/\/centcols.org\/col-du-granier\/#primaryimage\"},\"image\":{\"@id\":\"https:\/\/centcols.org\/col-du-granier\/#primaryimage\"},\"thumbnailUrl\":\"https:\/\/centcols.org\/wp-content\/uploads\/2026\/03\/8903-1.jpg\",\"datePublished\":\"2026-03-23T07:21:48+00:00\",\"dateModified\":\"2026-04-03T08:44:47+00:00\",\"breadcrumb\":{\"@id\":\"https:\/\/centcols.org\/col-du-granier\/#breadcrumb\"},\"inLanguage\":\"es\",\"potentialAction\":[{\"@type\":\"ReadAction\",\"target\":[\"https:\/\/centcols.org\/col-du-granier\/\"]}]},{\"@type\":\"ImageObject\",\"inLanguage\":\"es\",\"@id\":\"https:\/\/centcols.org\/col-du-granier\/#primaryimage\",\"url\":\"https:\/\/centcols.org\/wp-content\/uploads\/2026\/03\/8903-1.jpg\",\"contentUrl\":\"https:\/\/centcols.org\/wp-content\/uploads\/2026\/03\/8903-1.jpg\",\"width\":799,\"height\":531},{\"@type\":\"BreadcrumbList\",\"@id\":\"https:\/\/centcols.org\/col-du-granier\/#breadcrumb\",\"itemListElement\":[{\"@type\":\"ListItem\",\"position\":1,\"name\":\"Accueil\",\"item\":\"https:\/\/centcols.org\/\"},{\"@type\":\"ListItem\",\"position\":2,\"name\":\"Cols en vrac\",\"item\":\"https:\/\/centcols.org\/rubrique\/cols-en-vrac\/\"},{\"@type\":\"ListItem\",\"position\":3,\"name\":\"Col du Granier\"}]},{\"@type\":\"WebSite\",\"@id\":\"https:\/\/centcols.org\/#website\",\"url\":\"https:\/\/centcols.org\/\",\"name\":\"Club des Cent Cols\",\"description\":\"\",\"publisher\":{\"@id\":\"https:\/\/centcols.org\/#organization\"},\"potentialAction\":[{\"@type\":\"SearchAction\",\"target\":{\"@type\":\"EntryPoint\",\"urlTemplate\":\"https:\/\/centcols.org\/?s={search_term_string}\"},\"query-input\":{\"@type\":\"PropertyValueSpecification\",\"valueRequired\":true,\"valueName\":\"search_term_string\"}}],\"inLanguage\":\"es\"},{\"@type\":\"Organization\",\"@id\":\"https:\/\/centcols.org\/#organization\",\"name\":\"Club des Cent Cols\",\"url\":\"https:\/\/centcols.org\/\",\"logo\":{\"@type\":\"ImageObject\",\"inLanguage\":\"es\",\"@id\":\"https:\/\/centcols.org\/#\/schema\/logo\/image\/\",\"url\":\"https:\/\/centcols.org\/wp-content\/uploads\/2025\/01\/carte-icone.png\",\"contentUrl\":\"https:\/\/centcols.org\/wp-content\/uploads\/2025\/01\/carte-icone.png\",\"width\":250,\"height\":250,\"caption\":\"Club des Cent Cols\"},\"image\":{\"@id\":\"https:\/\/centcols.org\/#\/schema\/logo\/image\/\"},\"sameAs\":[\"https:\/\/www.facebook.com\/groups\/5261880558\/?locale=fr_FR\"]},{\"@type\":\"Person\",\"@id\":\"https:\/\/centcols.org\/#\/schema\/person\/30f4299f11521fed498f98ecf9d71664\",\"name\":\"Jean-No\u00ebl Jagoda\",\"image\":{\"@type\":\"ImageObject\",\"inLanguage\":\"es\",\"@id\":\"https:\/\/centcols.org\/wp-content\/litespeed\/avatar\/4a9472068cd97156227754c35cd56ded.jpg?ver=1777248804\",\"url\":\"https:\/\/centcols.org\/wp-content\/litespeed\/avatar\/4a9472068cd97156227754c35cd56ded.jpg?ver=1777248804\",\"contentUrl\":\"https:\/\/centcols.org\/wp-content\/litespeed\/avatar\/4a9472068cd97156227754c35cd56ded.jpg?ver=1777248804\",\"caption\":\"Jean-No\u00ebl Jagoda\"},\"url\":\"https:\/\/centcols.org\/es\/author\/7270\/\"}]}<\/script>\n<!-- \/ Yoast SEO plugin. -->","yoast_head_json":{"title":"Col du Granier - Club des Cent Cols","robots":{"index":"index","follow":"follow","max-snippet":"max-snippet:-1","max-image-preview":"max-image-preview:large","max-video-preview":"max-video-preview:-1"},"canonical":"https:\/\/centcols.org\/es\/paso-de-granier\/","og_locale":"es_ES","og_type":"article","og_title":"Col du Granier - Club des Cent Cols","og_description":"Un article de G\u00e9rard Galland et Christian Jeandey. Col du Granier (FR-73-1134) Toponymie De source Wikip\u00e9dia, le toponyme&nbsp;Granier&nbsp;d\u00e9rive de l&rsquo;ancien fran\u00e7ais&nbsp;\u00ab&nbsp;granier,&nbsp;grenier&nbsp;\u00bb ou de \u00ab&nbsp;grange&nbsp;\u00bb (du&nbsp;latin&nbsp;granea). Il s&rsquo;agit du nom d&rsquo;une commune de la petite r\u00e9gion des Marches, o\u00f9 se trouvait un monast\u00e8re \u2014&nbsp;monachi Graneriis&nbsp;(Granarium, Granerium)&nbsp;\u2014 mentionn\u00e9 au&nbsp;XIe&nbsp;si\u00e8cle dans le&nbsp;Cartulaires de l&rsquo;\u00e9glise cath\u00e9drale de Grenoble dits [&hellip;]","og_url":"https:\/\/centcols.org\/es\/paso-de-granier\/","og_site_name":"Club des Cent Cols","article_publisher":"https:\/\/www.facebook.com\/groups\/5261880558\/?locale=fr_FR","article_published_time":"2026-03-23T07:21:48+00:00","article_modified_time":"2026-04-03T08:44:47+00:00","og_image":[{"width":799,"height":531,"url":"https:\/\/centcols.org\/wp-content\/uploads\/2026\/03\/8903-1.jpg","type":"image\/jpeg"}],"author":"Jean-No\u00ebl Jagoda","twitter_card":"summary_large_image","twitter_misc":{"Escrito por":"Jean-No\u00ebl Jagoda","Tiempo de lectura":"5 minutos"},"schema":{"@context":"https:\/\/schema.org","@graph":[{"@type":"Article","@id":"https:\/\/centcols.org\/col-du-granier\/#article","isPartOf":{"@id":"https:\/\/centcols.org\/col-du-granier\/"},"author":{"name":"Jean-No\u00ebl Jagoda","@id":"https:\/\/centcols.org\/#\/schema\/person\/30f4299f11521fed498f98ecf9d71664"},"headline":"Col du Granier","datePublished":"2026-03-23T07:21:48+00:00","dateModified":"2026-04-03T08:44:47+00:00","mainEntityOfPage":{"@id":"https:\/\/centcols.org\/col-du-granier\/"},"wordCount":785,"publisher":{"@id":"https:\/\/centcols.org\/#organization"},"image":{"@id":"https:\/\/centcols.org\/col-du-granier\/#primaryimage"},"thumbnailUrl":"https:\/\/centcols.org\/wp-content\/uploads\/2026\/03\/8903-1.jpg","keywords":["Col du mois"],"articleSection":["Cols en vrac"],"inLanguage":"es"},{"@type":"WebPage","@id":"https:\/\/centcols.org\/col-du-granier\/","url":"https:\/\/centcols.org\/col-du-granier\/","name":"Col du Granier - Club des Cent Cols","isPartOf":{"@id":"https:\/\/centcols.org\/#website"},"primaryImageOfPage":{"@id":"https:\/\/centcols.org\/col-du-granier\/#primaryimage"},"image":{"@id":"https:\/\/centcols.org\/col-du-granier\/#primaryimage"},"thumbnailUrl":"https:\/\/centcols.org\/wp-content\/uploads\/2026\/03\/8903-1.jpg","datePublished":"2026-03-23T07:21:48+00:00","dateModified":"2026-04-03T08:44:47+00:00","breadcrumb":{"@id":"https:\/\/centcols.org\/col-du-granier\/#breadcrumb"},"inLanguage":"es","potentialAction":[{"@type":"ReadAction","target":["https:\/\/centcols.org\/col-du-granier\/"]}]},{"@type":"ImageObject","inLanguage":"es","@id":"https:\/\/centcols.org\/col-du-granier\/#primaryimage","url":"https:\/\/centcols.org\/wp-content\/uploads\/2026\/03\/8903-1.jpg","contentUrl":"https:\/\/centcols.org\/wp-content\/uploads\/2026\/03\/8903-1.jpg","width":799,"height":531},{"@type":"BreadcrumbList","@id":"https:\/\/centcols.org\/col-du-granier\/#breadcrumb","itemListElement":[{"@type":"ListItem","position":1,"name":"Accueil","item":"https:\/\/centcols.org\/"},{"@type":"ListItem","position":2,"name":"Cols en vrac","item":"https:\/\/centcols.org\/rubrique\/cols-en-vrac\/"},{"@type":"ListItem","position":3,"name":"Col du Granier"}]},{"@type":"WebSite","@id":"https:\/\/centcols.org\/#website","url":"https:\/\/centcols.org\/","name":"Club des Cent Cols","description":"","publisher":{"@id":"https:\/\/centcols.org\/#organization"},"potentialAction":[{"@type":"SearchAction","target":{"@type":"EntryPoint","urlTemplate":"https:\/\/centcols.org\/?s={search_term_string}"},"query-input":{"@type":"PropertyValueSpecification","valueRequired":true,"valueName":"search_term_string"}}],"inLanguage":"es"},{"@type":"Organization","@id":"https:\/\/centcols.org\/#organization","name":"Club des Cent Cols","url":"https:\/\/centcols.org\/","logo":{"@type":"ImageObject","inLanguage":"es","@id":"https:\/\/centcols.org\/#\/schema\/logo\/image\/","url":"https:\/\/centcols.org\/wp-content\/uploads\/2025\/01\/carte-icone.png","contentUrl":"https:\/\/centcols.org\/wp-content\/uploads\/2025\/01\/carte-icone.png","width":250,"height":250,"caption":"Club des Cent Cols"},"image":{"@id":"https:\/\/centcols.org\/#\/schema\/logo\/image\/"},"sameAs":["https:\/\/www.facebook.com\/groups\/5261880558\/?locale=fr_FR"]},{"@type":"Person","@id":"https:\/\/centcols.org\/#\/schema\/person\/30f4299f11521fed498f98ecf9d71664","name":"Jean-No\u00ebl Jagoda","image":{"@type":"ImageObject","inLanguage":"es","@id":"https:\/\/centcols.org\/wp-content\/litespeed\/avatar\/4a9472068cd97156227754c35cd56ded.jpg?ver=1777248804","url":"https:\/\/centcols.org\/wp-content\/litespeed\/avatar\/4a9472068cd97156227754c35cd56ded.jpg?ver=1777248804","contentUrl":"https:\/\/centcols.org\/wp-content\/litespeed\/avatar\/4a9472068cd97156227754c35cd56ded.jpg?ver=1777248804","caption":"Jean-No\u00ebl Jagoda"},"url":"https:\/\/centcols.org\/es\/author\/7270\/"}]}},"_links":{"self":[{"href":"https:\/\/centcols.org\/es\/wp-json\/wp\/v2\/posts\/94545","targetHints":{"allow":["GET"]}}],"collection":[{"href":"https:\/\/centcols.org\/es\/wp-json\/wp\/v2\/posts"}],"about":[{"href":"https:\/\/centcols.org\/es\/wp-json\/wp\/v2\/types\/post"}],"author":[{"embeddable":true,"href":"https:\/\/centcols.org\/es\/wp-json\/wp\/v2\/users\/485"}],"replies":[{"embeddable":true,"href":"https:\/\/centcols.org\/es\/wp-json\/wp\/v2\/comments?post=94545"}],"version-history":[{"count":0,"href":"https:\/\/centcols.org\/es\/wp-json\/wp\/v2\/posts\/94545\/revisions"}],"wp:featuredmedia":[{"embeddable":true,"href":"https:\/\/centcols.org\/es\/wp-json\/wp\/v2\/media\/94553"}],"wp:attachment":[{"href":"https:\/\/centcols.org\/es\/wp-json\/wp\/v2\/media?parent=94545"}],"wp:term":[{"taxonomy":"category","embeddable":true,"href":"https:\/\/centcols.org\/es\/wp-json\/wp\/v2\/categories?post=94545"},{"taxonomy":"post_tag","embeddable":true,"href":"https:\/\/centcols.org\/es\/wp-json\/wp\/v2\/tags?post=94545"}],"curies":[{"name":"wp","href":"https:\/\/api.w.org\/{rel}","templated":true}]}}