{"id":95257,"date":"2026-04-18T06:26:58","date_gmt":"2026-04-18T04:26:58","guid":{"rendered":"https:\/\/centcols.org\/?p=95257"},"modified":"2026-04-18T06:56:09","modified_gmt":"2026-04-18T04:56:09","slug":"revista-de-prensa-radio-videos-archivos","status":"publish","type":"post","link":"https:\/\/centcols.org\/es\/revue-de-presse-radio-videos-archives\/","title":{"rendered":"Revista de prensa, radio y v\u00eddeo - Archivo"},"content":{"rendered":"<p>Aqu\u00ed encontrar\u00e1 todos los art\u00edculos de prensa, programas de radio y v\u00eddeos dedicados al Club des Cent Cols entre 1990 y 2022.<\/p>\n\n\n\n<details class=\"wp-block-details has-medium-font-size is-layout-flow wp-block-details-is-layout-flow\"><summary>Antes de 2010<\/summary>\n<div style=\"height:20px\" aria-hidden=\"true\" class=\"wp-block-spacer\"><\/div>\n\n\n\n<div class=\"wp-block-query is-layout-flow wp-block-query-is-layout-flow\"><ul class=\"wp-block-post-template is-layout-flow wp-block-post-template-is-layout-flow\"><li class=\"wp-block-post post-79304 post type-post status-publish format-standard has-post-thumbnail hentry category-articles-de-presse-et-videos category-476\">\n\n<div style=\"height:15px\" aria-hidden=\"true\" class=\"wp-block-spacer\"><\/div>\n\n\n<h5 class=\"wp-block-post-title\"><a href=\"https:\/\/centcols.org\/es\/le-cycle-juin-1990\/\" target=\"_self\" >El ciclo de junio de 1990<\/a><\/h5>\n<\/li><li class=\"wp-block-post post-95273 post type-post status-publish format-standard hentry category-476\">\n\n<div style=\"height:15px\" aria-hidden=\"true\" class=\"wp-block-spacer\"><\/div>\n\n\n<h5 class=\"wp-block-post-title\"><a href=\"https:\/\/centcols.org\/es\/disparition-de-louis-nucera-2\/\" target=\"_self\" >13\/08\/00 : Fallecimiento de Louis Nucera. Michel de Br\u00e9bisson ha querido reproducir el art\u00edculo de Le Monde escrito por uno de los amigos de Louis<\/a><\/h5>\n<\/li><li class=\"wp-block-post post-95275 post type-post status-publish format-standard hentry category-476\">\n\n<div style=\"height:15px\" aria-hidden=\"true\" class=\"wp-block-spacer\"><\/div>\n\n\n<h5 class=\"wp-block-post-title\"><a href=\"https:\/\/centcols.org\/es\/louis-nucera-article-monde\/\" target=\"_self\" >23\/09\/00: Michel de Br\u00e9bisson nos env\u00eda un art\u00edculo publicado en Le Monde el 13\/09\/2000<\/a><\/h5>\n<\/li><li class=\"wp-block-post post-95277 post type-post status-publish format-standard has-post-thumbnail hentry category-477\">\n\n<div style=\"height:15px\" aria-hidden=\"true\" class=\"wp-block-spacer\"><\/div>\n\n\n<h5 class=\"wp-block-post-title\"><a href=\"https:\/\/centcols.org\/es\/27-12-02-un-article-consacre-au-professeur-claude-got-n1861-paru-dans-le-panorama-du-medecin-du-10-10-02-2\/\" target=\"_self\" >27\/12\/02: Art\u00edculo dedicado al profesor Claude Got (N\u00b01861) publicado en \u00abPanorama du m\u00e9decin\u00bb el 10\/10\/02.<\/a><\/h5>\n<\/li><li class=\"wp-block-post post-95280 post type-post status-publish format-standard hentry category-475\">\n\n<div style=\"height:15px\" aria-hidden=\"true\" class=\"wp-block-spacer\"><\/div>\n\n\n<h5 class=\"wp-block-post-title\"><a href=\"https:\/\/centcols.org\/es\/article-de-presse-cyclotourisme-juin-2004\/\" target=\"_self\" >21\/06\/04: Art\u00edculo de prensa de Cyclotourisme, junio de 2004<\/a><\/h5>\n<\/li><li class=\"wp-block-post post-95282 post type-post status-publish format-standard has-post-thumbnail hentry category-475\">\n\n<div style=\"height:15px\" aria-hidden=\"true\" class=\"wp-block-spacer\"><\/div>\n\n\n<h5 class=\"wp-block-post-title\"><a href=\"https:\/\/centcols.org\/es\/sept-cols-en-24-heures\/\" target=\"_self\" >27\/08\/04: \u00a1siete pases en 24 horas!<\/a><\/h5>\n<\/li><li class=\"wp-block-post post-95285 post type-post status-publish format-standard has-post-thumbnail hentry category-475\">\n\n<div style=\"height:15px\" aria-hidden=\"true\" class=\"wp-block-spacer\"><\/div>\n\n\n<h5 class=\"wp-block-post-title\"><a href=\"https:\/\/centcols.org\/es\/26-10-04-article-de-presse-paru-dans-cyclo-passion-de-juillet-2004-2\/\" target=\"_self\" >26\/10\/04: art\u00edculo de prensa publicado en Cyclo-passion en julio de 2004<\/a><\/h5>\n<\/li><li class=\"wp-block-post post-95288 post type-post status-publish format-standard has-post-thumbnail hentry category-479\">\n\n<div style=\"height:15px\" aria-hidden=\"true\" class=\"wp-block-spacer\"><\/div>\n\n\n<h5 class=\"wp-block-post-title\"><a href=\"https:\/\/centcols.org\/es\/article-du-dauphine-libere-avril-2005\/\" target=\"_self\" >16\/05\/05: art\u00edculo del Dauphin\u00e9 Lib\u00e9r\u00e9 del 27 de abril de 2005: cazadores de pases apasionados<\/a><\/h5>\n<\/li><li class=\"wp-block-post post-95291 post type-post status-publish format-standard has-post-thumbnail hentry category-479\">\n\n<div style=\"height:15px\" aria-hidden=\"true\" class=\"wp-block-spacer\"><\/div>\n\n\n<h5 class=\"wp-block-post-title\"><a href=\"https:\/\/centcols.org\/es\/22-05-05-article-de-lhebdo-des-savoies-du-22-avril-2005-le-club-des-cent-cols-2\/\" target=\"_self\" >22\/05\/05: art\u00edculo en el Hebdo des Savoies del 22 de abril de 2005: el Club des Cent Cols<\/a><\/h5>\n<\/li><li class=\"wp-block-post post-95294 post type-post status-publish format-standard has-post-thumbnail hentry category-479\">\n\n<div style=\"height:15px\" aria-hidden=\"true\" class=\"wp-block-spacer\"><\/div>\n\n\n<h5 class=\"wp-block-post-title\"><a href=\"https:\/\/centcols.org\/es\/rticle-du-dauphine-libere-juin-2005\/\" target=\"_self\" >22\/06\/05: art\u00edculo en el Dauphin\u00e9-Lib\u00e9r\u00e9 del 18 de junio de 2005: el puerto n\u00famero 1000 de Jean Perdoux<\/a><\/h5>\n<\/li><li class=\"wp-block-post post-95297 post type-post status-publish format-standard has-post-thumbnail hentry category-479\">\n\n<div style=\"height:15px\" aria-hidden=\"true\" class=\"wp-block-spacer\"><\/div>\n\n\n<h5 class=\"wp-block-post-title\"><a href=\"https:\/\/centcols.org\/es\/article-du-midi-libre-juillet-2005\/\" target=\"_self\" >15\/07\/05: art\u00edculo del Midi-Libre del 4 de julio de 2005<\/a><\/h5>\n<\/li><li class=\"wp-block-post post-95300 post type-post status-publish format-standard hentry category-479\">\n\n<div style=\"height:15px\" aria-hidden=\"true\" class=\"wp-block-spacer\"><\/div>\n\n\n<h5 class=\"wp-block-post-title\"><a href=\"https:\/\/centcols.org\/es\/chronique-de-philippe-reltienr-france-inter\/\" target=\"_self\" >22\/07\/05: M\u00e1s informaci\u00f3n sobre la columna de Philippe Reltien en France-Inter el 19 de julio de 2005<\/a><\/h5>\n<\/li><li class=\"wp-block-post post-95303 post type-post status-publish format-standard has-post-thumbnail hentry category-479\">\n\n<div style=\"height:15px\" aria-hidden=\"true\" class=\"wp-block-spacer\"><\/div>\n\n\n<h5 class=\"wp-block-post-title\"><a href=\"https:\/\/centcols.org\/es\/blif-bulletin-de-la-ligue-ile-de-france\/\" target=\"_self\" >28\/07\/05: Extracto del BLIF (bulletin de la ligue Ile de France)<\/a><\/h5>\n<\/li><li class=\"wp-block-post post-95306 post type-post status-publish format-standard hentry category-479\">\n\n<div style=\"height:15px\" aria-hidden=\"true\" class=\"wp-block-spacer\"><\/div>\n\n\n<h5 class=\"wp-block-post-title\"><a href=\"https:\/\/centcols.org\/es\/extrait-de-lemission-de-radio-de-stephane-conchon\/\" target=\"_self\" >27\/08\/05: Escuche un extracto del programa de radio de St\u00e9phane Conchon \u00abLaissez-vous transporter\u00bb.\u00bb<\/a><\/h5>\n<\/li><li class=\"wp-block-post post-95309 post type-post status-publish format-standard has-post-thumbnail hentry category-479\">\n\n<div style=\"height:15px\" aria-hidden=\"true\" class=\"wp-block-spacer\"><\/div>\n\n\n<h5 class=\"wp-block-post-title\"><a href=\"https:\/\/centcols.org\/es\/dominique-bonnemain-ardent-defenseur-du-cyclisme\/\" target=\"_self\" >12\/11\/05: Art\u00edculo de prensa publicado en el n\u00famero de oto\u00f1o de 2005 de la revista \u00abV\u00e9lo Romand\u00bb: Dominique Bonnemain, ardiente defensor del ciclismo<\/a><\/h5>\n<\/li><li class=\"wp-block-post post-95312 post type-post status-publish format-standard has-post-thumbnail hentry category-479\">\n\n<div style=\"height:15px\" aria-hidden=\"true\" class=\"wp-block-spacer\"><\/div>\n\n\n<h5 class=\"wp-block-post-title\"><a href=\"https:\/\/centcols.org\/es\/tijd-du-2-juillet-2005\/\" target=\"_self\" >28\/12\/05: Art\u00edculo de prensa publicado en De TIJD el 2 de julio de 2005<\/a><\/h5>\n<\/li><li class=\"wp-block-post post-95320 post type-post status-publish format-standard has-post-thumbnail hentry category-480\">\n\n<div style=\"height:15px\" aria-hidden=\"true\" class=\"wp-block-spacer\"><\/div>\n\n\n<h5 class=\"wp-block-post-title\"><a href=\"https:\/\/centcols.org\/es\/depeche-du-midi-du-9-janvier-2006\/\" target=\"_self\" >11\/01\/06: Art\u00edculo de prensa publicado en La D\u00e9p\u00eache du Midi el 9 de enero de 2006<\/a><\/h5>\n<\/li><li class=\"wp-block-post post-95323 post type-post status-publish format-standard has-post-thumbnail hentry category-480\">\n\n<div style=\"height:15px\" aria-hidden=\"true\" class=\"wp-block-spacer\"><\/div>\n\n\n<h5 class=\"wp-block-post-title\"><a href=\"https:\/\/centcols.org\/es\/nord-eclair-du-3-novembre-2005\/\" target=\"_self\" >02\/02\/06: Art\u00edculo de prensa publicado en Nord-Eclair el 3 de noviembre de 2005<\/a><\/h5>\n<\/li><li class=\"wp-block-post post-95326 post type-post status-publish format-standard has-post-thumbnail hentry category-480\">\n\n<div style=\"height:15px\" aria-hidden=\"true\" class=\"wp-block-spacer\"><\/div>\n\n\n<h5 class=\"wp-block-post-title\"><a href=\"https:\/\/centcols.org\/es\/gazette-des-sports21\/\" target=\"_self\" >11\/02\/06: Art\u00edculo de prensa publicado en Gazette des Sports n\u00ba 21<\/a><\/h5>\n<\/li><li class=\"wp-block-post post-95327 post type-post status-publish format-standard has-post-thumbnail hentry category-480\">\n\n<div style=\"height:15px\" aria-hidden=\"true\" class=\"wp-block-spacer\"><\/div>\n\n\n<h5 class=\"wp-block-post-title\"><a href=\"https:\/\/centcols.org\/es\/cycle-mag-fevrier-2006\/\" target=\"_self\" >03\/02\/06: Art\u00edculo de prensa publicado en Cycle-mag en febrero de 2006<\/a><\/h5>\n<\/li><li class=\"wp-block-post post-95328 post type-post status-publish format-standard has-post-thumbnail hentry category-480\">\n\n<div style=\"height:15px\" aria-hidden=\"true\" class=\"wp-block-spacer\"><\/div>\n\n\n<h5 class=\"wp-block-post-title\"><a href=\"https:\/\/centcols.org\/es\/republicain-lorrain-18-mars-2006\/\" target=\"_self\" >26\/03\/06: Art\u00edculo de prensa publicado en el R\u00e9publicain Lorrain el 18 de marzo de 2006<\/a><\/h5>\n<\/li><li class=\"wp-block-post post-95330 post type-post status-publish format-standard has-post-thumbnail hentry category-480\">\n\n<div style=\"height:15px\" aria-hidden=\"true\" class=\"wp-block-spacer\"><\/div>\n\n\n<h5 class=\"wp-block-post-title\"><a href=\"https:\/\/centcols.org\/es\/le-cycle-de-juin-2006\/\" target=\"_self\" >30\/05\/06: Dos art\u00edculos de prensa publicados en Le Cycle en junio de 2006<\/a><\/h5>\n<\/li><li class=\"wp-block-post post-95329 post type-post status-publish format-standard has-post-thumbnail hentry category-480\">\n\n<div style=\"height:15px\" aria-hidden=\"true\" class=\"wp-block-spacer\"><\/div>\n\n\n<h5 class=\"wp-block-post-title\"><a href=\"https:\/\/centcols.org\/es\/christophe-riviere\/\" target=\"_self\" >15\/05\/06: Art\u00edculo de prensa publicado en el Dauphin\u00e9-Lib\u00e9r\u00e9 el 3 de mayo de 2006. Christophe Rivi\u00e8re es sacerdote y miembro del Club des Cent Cols.<\/a><\/h5>\n<\/li><li class=\"wp-block-post post-95331 post type-post status-publish format-standard has-post-thumbnail hentry category-480\">\n\n<div style=\"height:15px\" aria-hidden=\"true\" class=\"wp-block-spacer\"><\/div>\n\n\n<h5 class=\"wp-block-post-title\"><a href=\"https:\/\/centcols.org\/es\/nouveau-col-pyrenees\/\" target=\"_self\" >14\/09\/06 : Art\u00edculo de prensa: Un nuevo paso en los Pirineos<\/a><\/h5>\n<\/li><li class=\"wp-block-post post-81186 post type-post status-publish format-standard hentry category-250\">\n\n<div style=\"height:15px\" aria-hidden=\"true\" class=\"wp-block-spacer\"><\/div>\n\n\n<h5 class=\"wp-block-post-title\"><a href=\"https:\/\/centcols.org\/es\/extrait-du-bulletin-municipal-de-mollans\/\" target=\"_self\" >29\/03\/2007 Extracto del bolet\u00edn municipal de Mollans.<\/a><\/h5>\n<\/li><li class=\"wp-block-post post-81182 post type-post status-publish format-standard has-post-thumbnail hentry category-250\">\n\n<div style=\"height:15px\" aria-hidden=\"true\" class=\"wp-block-spacer\"><\/div>\n\n\n<h5 class=\"wp-block-post-title\"><a href=\"https:\/\/centcols.org\/es\/extrait-magazine-entreprises-rhone-alpes-pierre-brivet\/\" target=\"_self\" >26\/04\/2007 Extracto de la revista Entreprises Rh\u00f4ne-Alpes: Pierre Brivet, el hombre de las 6.000 cumbres.<\/a><\/h5>\n<\/li><li class=\"wp-block-post post-95347 post type-post status-publish format-standard has-post-thumbnail hentry category-250\">\n\n<div style=\"height:15px\" aria-hidden=\"true\" class=\"wp-block-spacer\"><\/div>\n\n\n<h5 class=\"wp-block-post-title\"><a href=\"https:\/\/centcols.org\/es\/dauphine-libere-mai-2007\/\" target=\"_self\" >18\/04\/2007 Art\u00edculo de prensa publicado en el Dauphin\u00e9-Lib\u00e9r\u00e9 el 15 de mayo de 2007. (Christophe Rivi\u00e8re es sacerdote y miembro del Club des Cent Cols).<\/a><\/h5>\n<\/li><li class=\"wp-block-post post-95348 post type-post status-publish format-standard hentry category-250\">\n\n<div style=\"height:15px\" aria-hidden=\"true\" class=\"wp-block-spacer\"><\/div>\n\n\n<h5 class=\"wp-block-post-title\"><a href=\"https:\/\/centcols.org\/es\/interview-jp-adam\/\" target=\"_self\" >29\/07\/2007 Entrevista con Jean-Pierre Adam durante la legendaria etapa del Tour de Francia<\/a><\/h5>\n<\/li><li class=\"wp-block-post post-95350 post type-post status-publish format-standard has-post-thumbnail hentry category-250\">\n\n<div style=\"height:15px\" aria-hidden=\"true\" class=\"wp-block-spacer\"><\/div>\n\n\n<h5 class=\"wp-block-post-title\"><a href=\"https:\/\/centcols.org\/es\/cyclotourisme-octobre-2007\/\" target=\"_self\" >21\/10\/2007 Art\u00edculo del n\u00famero de octubre de 2007 de la revista Cyclotourisme<\/a><\/h5>\n<\/li><li class=\"wp-block-post post-95351 post type-post status-publish format-standard hentry category-250\">\n\n<div style=\"height:15px\" aria-hidden=\"true\" class=\"wp-block-spacer\"><\/div>\n\n\n<h5 class=\"wp-block-post-title\"><a href=\"https:\/\/centcols.org\/es\/voyage-gerard-gruffat-2007\/\" target=\"_self\" >19\/12\/2007 Dos art\u00edculos de prensa sobre el viaje de G\u00e9rard Gruffat (N\u00b05987) al norte de Europa<\/a><\/h5>\n<\/li><li class=\"wp-block-post post-81230 post type-post status-publish format-standard has-post-thumbnail hentry category-249\">\n\n<div style=\"height:15px\" aria-hidden=\"true\" class=\"wp-block-spacer\"><\/div>\n\n\n<h5 class=\"wp-block-post-title\"><a href=\"https:\/\/centcols.org\/es\/articles-de-la-revue-cyclotourisme\/\" target=\"_self\" >14\/01\/2008 Art\u00edculos de la revista Cyclotourisme<\/a><\/h5>\n<\/li><li class=\"wp-block-post post-81229 post type-post status-publish format-standard hentry category-249\">\n\n<div style=\"height:15px\" aria-hidden=\"true\" class=\"wp-block-spacer\"><\/div>\n\n\n<h5 class=\"wp-block-post-title\"><a href=\"https:\/\/centcols.org\/es\/article-de-presse-des-nouvelles-caledonniennes-du-30-janvier-2008\/\" target=\"_self\" >16\/02\/2008 Art\u00edculo de prensa en Nouvelles Cal\u00e9donniennes del 30 de enero de 2008<\/a><\/h5>\n<\/li><li class=\"wp-block-post post-81227 post type-post status-publish format-standard has-post-thumbnail hentry category-249\">\n\n<div style=\"height:15px\" aria-hidden=\"true\" class=\"wp-block-spacer\"><\/div>\n\n\n<h5 class=\"wp-block-post-title\"><a href=\"https:\/\/centcols.org\/es\/article-de-presse-de-sud-ouest-du-08-mars-2008\/\" target=\"_self\" >08\/03\/2008 Art\u00edculo de prensa de Sud-Ouest del 08 de marzo de 2008<\/a><\/h5>\n<\/li><li class=\"wp-block-post post-95475 post type-post status-publish format-standard has-post-thumbnail hentry category-249\">\n\n<div style=\"height:15px\" aria-hidden=\"true\" class=\"wp-block-spacer\"><\/div>\n\n\n<h5 class=\"wp-block-post-title\"><a href=\"https:\/\/centcols.org\/es\/au-depart-du-paris-pekin\/\" target=\"_self\" >20\/03\/2008 Los Cent-Cols en la salida de la carrera Par\u00eds-Pek\u00edn<\/a><\/h5>\n<\/li><li class=\"wp-block-post post-81184 post type-post status-publish format-standard has-post-thumbnail hentry category-249\">\n\n<div style=\"height:15px\" aria-hidden=\"true\" class=\"wp-block-spacer\"><\/div>\n\n\n<h5 class=\"wp-block-post-title\"><a href=\"https:\/\/centcols.org\/es\/article-de-presse-de-cyclotourisme-de-mai-2008\/\" target=\"_self\" >13\/05\/2008 Art\u00edculo de prensa de Cyclotourisme, mayo de 2008<\/a><\/h5>\n<\/li><li class=\"wp-block-post post-81180 post type-post status-publish format-standard has-post-thumbnail hentry category-249\">\n\n<div style=\"height:15px\" aria-hidden=\"true\" class=\"wp-block-spacer\"><\/div>\n\n\n<h5 class=\"wp-block-post-title\"><a href=\"https:\/\/centcols.org\/es\/26-05-08-article-de-presse-de-la-provence-du-17-mai-2008\/\" target=\"_self\" >26\/05\/08 Art\u00edculo de prensa de La Provence del 17 de mayo de 2008<\/a><\/h5>\n<\/li><li class=\"wp-block-post post-81176 post type-post status-publish format-standard has-post-thumbnail hentry category-249\">\n\n<div style=\"height:15px\" aria-hidden=\"true\" class=\"wp-block-spacer\"><\/div>\n\n\n<h5 class=\"wp-block-post-title\"><a href=\"https:\/\/centcols.org\/es\/article-de-presse-du-dauphine-libere-de-mai-2008\/\" target=\"_self\" >02\/06\/2008 Art\u00edculo de prensa de Le Dauphin\u00e9-Lib\u00e9r\u00e9<\/a><\/h5>\n<\/li><li class=\"wp-block-post post-81153 post type-post status-publish format-standard has-post-thumbnail hentry category-249\">\n\n<div style=\"height:15px\" aria-hidden=\"true\" class=\"wp-block-spacer\"><\/div>\n\n\n<h5 class=\"wp-block-post-title\"><a href=\"https:\/\/centcols.org\/es\/article-de-presse-de-lhebdo-des-savoie-de-sept-2008\/\" target=\"_self\" >12\/09\/2008 Art\u00edculo de prensa de Hebdo des Savoie<\/a><\/h5>\n<\/li><li class=\"wp-block-post post-81137 post type-post status-publish format-standard has-post-thumbnail hentry category-249\">\n\n<div style=\"height:15px\" aria-hidden=\"true\" class=\"wp-block-spacer\"><\/div>\n\n\n<h5 class=\"wp-block-post-title\"><a href=\"https:\/\/centcols.org\/es\/article-de-presse-du-midi-libre-du-28-septembre-2008\/\" target=\"_self\" >30\/09\/2008 Art\u00edculo de prensa de Midi-Libre<\/a><\/h5>\n<\/li><li class=\"wp-block-post post-81143 post type-post status-publish format-standard has-post-thumbnail hentry category-249\">\n\n<div style=\"height:15px\" aria-hidden=\"true\" class=\"wp-block-spacer\"><\/div>\n\n\n<h5 class=\"wp-block-post-title\"><a href=\"https:\/\/centcols.org\/es\/article-de-presse-de-cyclotourisme-doctobre-2008\/\" target=\"_self\" >13\/10\/2008 Art\u00edculo de prensa de Cyclotourisme, octubre de 2008<\/a><\/h5>\n<\/li><li class=\"wp-block-post post-81141 post type-post status-publish format-standard has-post-thumbnail hentry category-249\">\n\n<div style=\"height:15px\" aria-hidden=\"true\" class=\"wp-block-spacer\"><\/div>\n\n\n<h5 class=\"wp-block-post-title\"><a href=\"https:\/\/centcols.org\/es\/article-de-presse-de-la-provence-du-28-octobre-2008\/\" target=\"_self\" >29\/10\/2008 Art\u00edculo de prensa de La Provence<\/a><\/h5>\n<\/li><li class=\"wp-block-post post-81129 post type-post status-publish format-standard has-post-thumbnail hentry category-249\">\n\n<div style=\"height:15px\" aria-hidden=\"true\" class=\"wp-block-spacer\"><\/div>\n\n\n<h5 class=\"wp-block-post-title\"><a href=\"https:\/\/centcols.org\/es\/article-de-presse-de-lhebdo-des-savoie-du-6-novembre-2008\/\" target=\"_self\" >06\/11\/2008 Art\u00edculo de prensa de L'Hebdo des Savoie<\/a><\/h5>\n<\/li><li class=\"wp-block-post post-81133 post type-post status-publish format-standard has-post-thumbnail hentry category-249\">\n\n<div style=\"height:15px\" aria-hidden=\"true\" class=\"wp-block-spacer\"><\/div>\n\n\n<h5 class=\"wp-block-post-title\"><a href=\"https:\/\/centcols.org\/es\/trois-articles-de-presse-sur-jean-claude-hiram\/\" target=\"_self\" >20\/11\/2008 Tres art\u00edculos de prensa sobre Jean-Claude Hiram<\/a><\/h5>\n<\/li><li class=\"wp-block-post post-81131 post type-post status-publish format-standard has-post-thumbnail hentry category-249\">\n\n<div style=\"height:15px\" aria-hidden=\"true\" class=\"wp-block-spacer\"><\/div>\n\n\n<h5 class=\"wp-block-post-title\"><a href=\"https:\/\/centcols.org\/es\/article-de-presse-de-la-provence-du-23-novembre-2008\/\" target=\"_self\" >24\/11\/2008 Art\u00edculo de prensa de La Provence<\/a><\/h5>\n<\/li><li class=\"wp-block-post post-81127 post type-post status-publish format-standard has-post-thumbnail hentry category-249\">\n\n<div style=\"height:15px\" aria-hidden=\"true\" class=\"wp-block-spacer\"><\/div>\n\n\n<h5 class=\"wp-block-post-title\"><a href=\"https:\/\/centcols.org\/es\/le-club-des-cent-cols-honore\/\" target=\"_self\" >11\/12\/2008 Homenaje al Cent Cols Club<\/a><\/h5>\n<\/li><li class=\"wp-block-post post-81125 post type-post status-publish format-standard has-post-thumbnail hentry category-249\">\n\n<div style=\"height:15px\" aria-hidden=\"true\" class=\"wp-block-spacer\"><\/div>\n\n\n<h5 class=\"wp-block-post-title\"><a href=\"https:\/\/centcols.org\/es\/article-de-presse-de-cyclotourisme-de-decembre-2008\/\" target=\"_self\" >28\/12\/2008 Art\u00edculo de prensa de Cyclotourisme, diciembre de 2008<\/a><\/h5>\n<\/li><li class=\"wp-block-post post-81149 post type-post status-publish format-standard has-post-thumbnail hentry category-247\">\n\n<div style=\"height:15px\" aria-hidden=\"true\" class=\"wp-block-spacer\"><\/div>\n\n\n<h5 class=\"wp-block-post-title\"><a href=\"https:\/\/centcols.org\/es\/article-de-presse-du-republicain-lorrain-du-03-janvier-2009\/\" target=\"_self\" >13\/01\/2009 Art\u00edculo de prensa del R\u00e9publicain-Lorrain del 3 de enero de 2009<\/a><\/h5>\n<\/li><li class=\"wp-block-post post-81151 post type-post status-publish format-standard has-post-thumbnail hentry category-247\">\n\n<div style=\"height:15px\" aria-hidden=\"true\" class=\"wp-block-spacer\"><\/div>\n\n\n<h5 class=\"wp-block-post-title\"><a href=\"https:\/\/centcols.org\/es\/article-de-presse-du-dauphine-libere-du-05-janvier-2009\/\" target=\"_self\" >14\/01\/2009 Art\u00edculo de prensa de Le Dauphin\u00e9-Lib\u00e9r\u00e9<\/a><\/h5>\n<\/li><li class=\"wp-block-post post-81147 post type-post status-publish format-standard has-post-thumbnail hentry category-247\">\n\n<div style=\"height:15px\" aria-hidden=\"true\" class=\"wp-block-spacer\"><\/div>\n\n\n<h5 class=\"wp-block-post-title\"><a href=\"https:\/\/centcols.org\/es\/03-06-09-interview-du-professeur-got-parue-dans-la-revue-tandem-de-mai-2009\/\" target=\"_self\" >06\/03\/09: Entrevista con el profesor Got publicada en el n\u00famero de mayo de 2009 de la revista Tandem<\/a><\/h5>\n<\/li><li class=\"wp-block-post post-81145 post type-post status-publish format-standard has-post-thumbnail hentry category-247\">\n\n<div style=\"height:15px\" aria-hidden=\"true\" class=\"wp-block-spacer\"><\/div>\n\n\n<h5 class=\"wp-block-post-title\"><a href=\"https:\/\/centcols.org\/es\/couverture-de-la-revue-cyclotourisme-de-juin-2009-photo-de-francis-touzeau\/\" target=\"_self\" >10\/06\/2009 Portada del n\u00famero de junio de 2009 de Cyclotourisme (foto de Francis Touzeau)<\/a><\/h5>\n<\/li><li class=\"wp-block-post post-81117 post type-post status-publish format-standard has-post-thumbnail hentry category-247\">\n\n<div style=\"height:15px\" aria-hidden=\"true\" class=\"wp-block-spacer\"><\/div>\n\n\n<h5 class=\"wp-block-post-title\"><a href=\"https:\/\/centcols.org\/es\/2000eme-col-de-luigi-spina-sella-cercevesa-m-1870\/\" target=\"_self\" >14\/07\/2009 El puerto 2000 de Luigi Spina: Sella Cercevesa - m.1870<\/a><\/h5>\n<\/li><li class=\"wp-block-post post-81113 post type-post status-publish format-standard has-post-thumbnail hentry category-247\">\n\n<div style=\"height:15px\" aria-hidden=\"true\" class=\"wp-block-spacer\"><\/div>\n\n\n<h5 class=\"wp-block-post-title\"><a href=\"https:\/\/centcols.org\/es\/article-de-presse-du-dauphine-libere-du-20-aout-2009\/\" target=\"_self\" >20\/08\/2009 Art\u00edculo de prensa de Le Dauphin\u00e9-Lib\u00e9r\u00e9<\/a><\/h5>\n<\/li><li class=\"wp-block-post post-81052 post type-post status-publish format-standard has-post-thumbnail hentry category-247\">\n\n<div style=\"height:15px\" aria-hidden=\"true\" class=\"wp-block-spacer\"><\/div>\n\n\n<h5 class=\"wp-block-post-title\"><a href=\"https:\/\/centcols.org\/es\/article-de-presse-du-dauphine-libere-du-28-septembre-2009\/\" target=\"_self\" >28\/09\/2009 Art\u00edculo de prensa de Le Dauphin\u00e9-Lib\u00e9r\u00e9<\/a><\/h5>\n<\/li><li class=\"wp-block-post post-81051 post type-post status-publish format-standard hentry category-247\">\n\n<div style=\"height:15px\" aria-hidden=\"true\" class=\"wp-block-spacer\"><\/div>\n\n\n<h5 class=\"wp-block-post-title\"><a href=\"https:\/\/centcols.org\/es\/concentration-velocio-au-col-de-pavezin-le-27-septembre-2009\/\" target=\"_self\" >28\/09\/2009 Concentraci\u00f3n de V\u00e9locio en el Col de Pavezin el 27 de septiembre de 2009<\/a><\/h5>\n<\/li><li class=\"wp-block-post post-81049 post type-post status-publish format-standard has-post-thumbnail hentry category-247\">\n\n<div style=\"height:15px\" aria-hidden=\"true\" class=\"wp-block-spacer\"><\/div>\n\n\n<h5 class=\"wp-block-post-title\"><a href=\"https:\/\/centcols.org\/es\/article-de-presse-de-tour-magazine-doctobre-2009\/\" target=\"_self\" >13\/10\/2009 Art\u00edculo de prensa de la revista Tour, octubre de 2009<\/a><\/h5>\n<\/li><\/ul>\n\n<\/div>\n<\/details>\n\n\n\n<details class=\"wp-block-details has-medium-font-size is-layout-flow wp-block-details-is-layout-flow\"><summary>A\u00f1o 2010<\/summary>\n<div style=\"height:20px\" aria-hidden=\"true\" class=\"wp-block-spacer\"><\/div>\n\n\n\n<div class=\"wp-block-query is-layout-flow wp-block-query-is-layout-flow\"><ul class=\"wp-block-post-template is-layout-flow wp-block-post-template-is-layout-flow\"><li class=\"wp-block-post post-81036 post type-post status-publish format-standard has-post-thumbnail hentry category-articles-de-presse-et-videos category-240\">\n\n<div style=\"height:15px\" aria-hidden=\"true\" class=\"wp-block-spacer\"><\/div>\n\n\n<h5 class=\"wp-block-post-title\"><a href=\"https:\/\/centcols.org\/es\/article-de-presse-du-republicain-lorrain-du-24-janvier-2010\/\" target=\"_self\" >Art\u00edculo de prensa de R\u00e9publicain-Lorrain del 24 de enero de 2010<\/a><\/h5>\n<\/li><li class=\"wp-block-post post-81028 post type-post status-publish format-standard has-post-thumbnail hentry category-articles-de-presse-et-videos category-240\">\n\n<div style=\"height:15px\" aria-hidden=\"true\" class=\"wp-block-spacer\"><\/div>\n\n\n<h5 class=\"wp-block-post-title\"><a href=\"https:\/\/centcols.org\/es\/article-de-presse-de-cyclotourisme-de-mars-2010\/\" target=\"_self\" >Art\u00edculo de prensa de Cyclotourisme, marzo de 2010<\/a><\/h5>\n<\/li><li class=\"wp-block-post post-81019 post type-post status-publish format-standard hentry category-articles-de-presse-et-videos category-240\">\n\n<div style=\"height:15px\" aria-hidden=\"true\" class=\"wp-block-spacer\"><\/div>\n\n\n<h5 class=\"wp-block-post-title\"><a href=\"https:\/\/centcols.org\/es\/article-de-presse-de-tour-spezial-alpen-2010\/\" target=\"_self\" >Comunicado de prensa de TOUR Spezial Alpen 2010<\/a><\/h5>\n<\/li><li class=\"wp-block-post post-81015 post type-post status-publish format-standard has-post-thumbnail hentry category-articles-de-presse-et-videos category-240\">\n\n<div style=\"height:15px\" aria-hidden=\"true\" class=\"wp-block-spacer\"><\/div>\n\n\n<h5 class=\"wp-block-post-title\"><a href=\"https:\/\/centcols.org\/es\/article-de-presse-de-ouest-france-du-29-mai-2010\/\" target=\"_self\" >Art\u00edculo de prensa de Ouest-France del 29 de mayo de 2010<\/a><\/h5>\n<\/li><li class=\"wp-block-post post-80988 post type-post status-publish format-standard has-post-thumbnail hentry category-articles-de-presse-et-videos category-240\">\n\n<div style=\"height:15px\" aria-hidden=\"true\" class=\"wp-block-spacer\"><\/div>\n\n\n<h5 class=\"wp-block-post-title\"><a href=\"https:\/\/centcols.org\/es\/article-de-presse-de-haute-savoie-mag-magazine-du-conseil-general-n129-juillet-aout-2010\/\" target=\"_self\" >Art\u00edculo de prensa de \u00abHaute-Savoie MAG\u00bb, revista Conseil G\u00e9n\u00e9ral n\u00ba 129 de julio-agosto de 2010<\/a><\/h5>\n<\/li><li class=\"wp-block-post post-80985 post type-post status-publish format-standard has-post-thumbnail hentry category-articles-de-presse-et-videos category-240\">\n\n<div style=\"height:15px\" aria-hidden=\"true\" class=\"wp-block-spacer\"><\/div>\n\n\n<h5 class=\"wp-block-post-title\"><a href=\"https:\/\/centcols.org\/es\/article-de-presse-de-mag-savoie-mont-blanc-n7-printemps-ete-2010\/\" target=\"_self\" >Art\u00edculo de prensa de \u00abMAG Savoie-Mont-Blanc\u00bb N\u00b07 Primavera-Verano 2010<\/a><\/h5>\n<\/li><li class=\"wp-block-post post-80979 post type-post status-publish format-standard has-post-thumbnail hentry category-articles-de-presse-et-videos category-240\">\n\n<div style=\"height:15px\" aria-hidden=\"true\" class=\"wp-block-spacer\"><\/div>\n\n\n<h5 class=\"wp-block-post-title\"><a href=\"https:\/\/centcols.org\/es\/article-de-presse-du-parisien-du-28-aout-2010\/\" target=\"_self\" >Art\u00edculo de prensa de Le Parisien, 28 de agosto de 2010<\/a><\/h5>\n<\/li><li class=\"wp-block-post post-80976 post type-post status-publish format-standard has-post-thumbnail hentry category-articles-de-presse-et-videos category-240\">\n\n<div style=\"height:15px\" aria-hidden=\"true\" class=\"wp-block-spacer\"><\/div>\n\n\n<h5 class=\"wp-block-post-title\"><a href=\"https:\/\/centcols.org\/es\/articles-de-presse-de-cyclotourisme-doctobre-2010\/\" target=\"_self\" >Art\u00edculos de prensa de Cyclotourisme de octubre de 2010<\/a><\/h5>\n<\/li><li class=\"wp-block-post post-80952 post type-post status-publish format-standard has-post-thumbnail hentry category-articles-de-presse-et-videos category-240\">\n\n<div style=\"height:15px\" aria-hidden=\"true\" class=\"wp-block-spacer\"><\/div>\n\n\n<h5 class=\"wp-block-post-title\"><a href=\"https:\/\/centcols.org\/es\/article-de-presse-du-dauphine-libere-du-7-decembre-2010\/\" target=\"_self\" >Art\u00edculo de prensa del Dauphin\u00e9-Lib\u00e9r\u00e9 de 7 de diciembre de 2010<\/a><\/h5>\n<\/li><li class=\"wp-block-post post-80950 post type-post status-publish format-standard has-post-thumbnail hentry category-articles-de-presse-et-videos category-239\">\n\n<div style=\"height:15px\" aria-hidden=\"true\" class=\"wp-block-spacer\"><\/div>\n\n\n<h5 class=\"wp-block-post-title\"><a href=\"https:\/\/centcols.org\/es\/article-de-presse-de-lessor-savoyard-du-16-juin-2011\/\" target=\"_self\" >Art\u00edculo de prensa publicado en Essor Savoyard el 16 de junio de 2011<\/a><\/h5>\n<\/li><li class=\"wp-block-post post-80946 post type-post status-publish format-standard has-post-thumbnail hentry category-articles-de-presse-et-videos category-239\">\n\n<div style=\"height:15px\" aria-hidden=\"true\" class=\"wp-block-spacer\"><\/div>\n\n\n<h5 class=\"wp-block-post-title\"><a href=\"https:\/\/centcols.org\/es\/article-de-presse-du-dauphine-libere-du-24-juillet-2011\/\" target=\"_self\" >Art\u00edculo de prensa del Dauphin\u00e9-Lib\u00e9r\u00e9 del 24 de julio de 2011<\/a><\/h5>\n<\/li><li class=\"wp-block-post post-80938 post type-post status-publish format-standard has-post-thumbnail hentry category-articles-de-presse-et-videos category-239\">\n\n<div style=\"height:15px\" aria-hidden=\"true\" class=\"wp-block-spacer\"><\/div>\n\n\n<h5 class=\"wp-block-post-title\"><a href=\"https:\/\/centcols.org\/es\/article-de-presse-du-dauphine-libere-du-24-aout-2011\/\" target=\"_self\" >Art\u00edculo de prensa del Dauphin\u00e9-Lib\u00e9r\u00e9 del 24 de agosto de 2011<\/a><\/h5>\n<\/li><li class=\"wp-block-post post-80936 post type-post status-publish format-standard has-post-thumbnail hentry category-revue-de-presse category-articles-de-presse-et-videos category-239\">\n\n<div style=\"height:15px\" aria-hidden=\"true\" class=\"wp-block-spacer\"><\/div>\n\n\n<h5 class=\"wp-block-post-title\"><a href=\"https:\/\/centcols.org\/es\/renato-baccanelli-a-escalade-le-galibier-a-velo-et-tenue-depoque-1910\/\" target=\"_self\" >Renato Baccanelli subi\u00f3 el Galibier en bicicleta con ropa de \u00e9poca de 1910<\/a><\/h5>\n<\/li><li class=\"wp-block-post post-85109 post type-post status-publish format-standard has-post-thumbnail hentry category-revue-de-presse category-articles-de-presse-et-videos category-237\">\n\n<div style=\"height:15px\" aria-hidden=\"true\" class=\"wp-block-spacer\"><\/div>\n\n\n<h5 class=\"wp-block-post-title\"><a href=\"https:\/\/centcols.org\/es\/interview-de-regis-paraz-sur-france-bleu-pays-de-savoie\/\" target=\"_self\" >Entrevista con R\u00e9gis Paraz en France Bleu Pays de Savoie,<\/a><\/h5>\n<\/li><li class=\"wp-block-post post-80927 post type-post status-publish format-standard has-post-thumbnail hentry category-articles-de-presse-et-videos category-237\">\n\n<div style=\"height:15px\" aria-hidden=\"true\" class=\"wp-block-spacer\"><\/div>\n\n\n<h5 class=\"wp-block-post-title\"><a href=\"https:\/\/centcols.org\/es\/article-de-presse-de-lessor-savoyard-du-9-fevrier-2012\/\" target=\"_self\" >Art\u00edculo de prensa de Essor Savoyard, 9 de febrero de 2012<\/a><\/h5>\n<\/li><li class=\"wp-block-post post-80925 post type-post status-publish format-standard has-post-thumbnail hentry category-articles-de-presse-et-videos category-237\">\n\n<div style=\"height:15px\" aria-hidden=\"true\" class=\"wp-block-spacer\"><\/div>\n\n\n<h5 class=\"wp-block-post-title\"><a href=\"https:\/\/centcols.org\/es\/article-de-presse-de-velo-magazine-de-mars-2012\/\" target=\"_self\" >Art\u00edculo de prensa de V\u00e9lo Magazine, marzo de 2012<\/a><\/h5>\n<\/li><li class=\"wp-block-post post-80918 post type-post status-publish format-standard has-post-thumbnail hentry category-articles-de-presse-et-videos category-237\">\n\n<div style=\"height:15px\" aria-hidden=\"true\" class=\"wp-block-spacer\"><\/div>\n\n\n<h5 class=\"wp-block-post-title\"><a href=\"https:\/\/centcols.org\/es\/article-de-presse-du-progres-fr-du-12-mai-2012\/\" target=\"_self\" >Art\u00edculo de prensa de Le Progr\u00e8s.fr del 12 de mayo de 2012<\/a><\/h5>\n<\/li><li class=\"wp-block-post post-80920 post type-post status-publish format-standard has-post-thumbnail hentry category-articles-de-presse-et-videos category-237\">\n\n<div style=\"height:15px\" aria-hidden=\"true\" class=\"wp-block-spacer\"><\/div>\n\n\n<h5 class=\"wp-block-post-title\"><a href=\"https:\/\/centcols.org\/es\/article-de-presse-de-alpes-magazine-de-juin-juillet-2012\/\" target=\"_self\" >Art\u00edculo de prensa de la revista Alpes, junio\/julio de 2012<\/a><\/h5>\n<\/li><li class=\"wp-block-post post-80916 post type-post status-publish format-standard has-post-thumbnail hentry category-articles-de-presse-et-videos category-237\">\n\n<div style=\"height:15px\" aria-hidden=\"true\" class=\"wp-block-spacer\"><\/div>\n\n\n<h5 class=\"wp-block-post-title\"><a href=\"https:\/\/centcols.org\/es\/article-de-presse-du-dauphine-libere-du-2-juillet-2012\/\" target=\"_self\" >Art\u00edculo de prensa del Dauphin\u00e9-Lib\u00e9r\u00e9 del 2 de julio de 2012<\/a><\/h5>\n<\/li><li class=\"wp-block-post post-80914 post type-post status-publish format-standard has-post-thumbnail hentry category-articles-de-presse-et-videos category-237\">\n\n<div style=\"height:15px\" aria-hidden=\"true\" class=\"wp-block-spacer\"><\/div>\n\n\n<h5 class=\"wp-block-post-title\"><a href=\"https:\/\/centcols.org\/es\/article-de-presse-du-cycle-de-juillet-2012\/\" target=\"_self\" >Art\u00edculo de prensa sobre el ciclo, julio de 2012<\/a><\/h5>\n<\/li><li class=\"wp-block-post post-80908 post type-post status-publish format-standard has-post-thumbnail hentry category-articles-de-presse-et-videos category-237\">\n\n<div style=\"height:15px\" aria-hidden=\"true\" class=\"wp-block-spacer\"><\/div>\n\n\n<h5 class=\"wp-block-post-title\"><a href=\"https:\/\/centcols.org\/es\/article-de-presse-du-dauphine-libere-du-3-aout-2012\/\" target=\"_self\" >Art\u00edculo de prensa del Dauphin\u00e9-Lib\u00e9r\u00e9 del 3 de agosto de 2012<\/a><\/h5>\n<\/li><li class=\"wp-block-post post-80895 post type-post status-publish format-standard has-post-thumbnail hentry category-articles-de-presse-et-videos category-237\">\n\n<div style=\"height:15px\" aria-hidden=\"true\" class=\"wp-block-spacer\"><\/div>\n\n\n<h5 class=\"wp-block-post-title\"><a href=\"https:\/\/centcols.org\/es\/article-de-presse-de-cyclo-passion-de-septembre-2012\/\" target=\"_self\" >Art\u00edculo de prensa de Cyclo Passion, septiembre de 2012<\/a><\/h5>\n<\/li><li class=\"wp-block-post post-80893 post type-post status-publish format-standard has-post-thumbnail hentry category-articles-de-presse-et-videos category-237\">\n\n<div style=\"height:15px\" aria-hidden=\"true\" class=\"wp-block-spacer\"><\/div>\n\n\n<h5 class=\"wp-block-post-title\"><a href=\"https:\/\/centcols.org\/es\/article-de-presse-de-cyclotourisme-de-octobre-2012\/\" target=\"_self\" >Art\u00edculo de prensa de Cyclotourisme, octubre de 2012<\/a><\/h5>\n<\/li><li class=\"wp-block-post post-80891 post type-post status-publish format-standard has-post-thumbnail hentry category-articles-de-presse-et-videos category-237\">\n\n<div style=\"height:15px\" aria-hidden=\"true\" class=\"wp-block-spacer\"><\/div>\n\n\n<h5 class=\"wp-block-post-title\"><a href=\"https:\/\/centcols.org\/es\/article-de-presse-de-cyclotourisme-de-decembre-2012\/\" target=\"_self\" >Art\u00edculo de prensa de Cyclotourisme de diciembre de 2012<\/a><\/h5>\n<\/li><li class=\"wp-block-post post-80848 post type-post status-publish format-standard has-post-thumbnail hentry category-articles-de-presse-et-videos category-236\">\n\n<div style=\"height:15px\" aria-hidden=\"true\" class=\"wp-block-spacer\"><\/div>\n\n\n<h5 class=\"wp-block-post-title\"><a href=\"https:\/\/centcols.org\/es\/henri-dusseau-fete-ses-80-ans-au-col-du-galibier-le-25-07-13\/\" target=\"_self\" >Henri Dusseau celebra su 80 cumplea\u00f1os en el Col du Galibier el 25\/07\/13<\/a><\/h5>\n<\/li><li class=\"wp-block-post post-80846 post type-post status-publish format-standard has-post-thumbnail hentry category-236\">\n\n<div style=\"height:15px\" aria-hidden=\"true\" class=\"wp-block-spacer\"><\/div>\n\n\n<h5 class=\"wp-block-post-title\"><a href=\"https:\/\/centcols.org\/es\/article-de-presse-de-cyclotourisme-de-septembre-2013\/\" target=\"_self\" >Art\u00edculo de prensa de Cyclotourisme, septiembre de 2013.<\/a><\/h5>\n<\/li><li class=\"wp-block-post post-80841 post type-post status-publish format-standard has-post-thumbnail hentry category-236\">\n\n<div style=\"height:15px\" aria-hidden=\"true\" class=\"wp-block-spacer\"><\/div>\n\n\n<h5 class=\"wp-block-post-title\"><a href=\"https:\/\/centcols.org\/es\/articles-dans-cyclotourisme-de-decembre-2013\/\" target=\"_self\" >Art\u00edculos en el n\u00famero de diciembre de 2013 de Cyclotourisme<\/a><\/h5>\n<\/li><li class=\"wp-block-post post-81378 post type-post status-publish format-standard has-post-thumbnail hentry category-articles-de-presse-et-videos category-258\">\n\n<div style=\"height:15px\" aria-hidden=\"true\" class=\"wp-block-spacer\"><\/div>\n\n\n<h5 class=\"wp-block-post-title\"><a href=\"https:\/\/centcols.org\/es\/article-de-presse-du-cycle-de-juin-2015\/\" target=\"_self\" >Art\u00edculo de prensa sobre el ciclo de junio de 2015<\/a><\/h5>\n<\/li><li class=\"wp-block-post post-81861 post type-post status-publish format-standard has-post-thumbnail hentry category-articles-de-presse-et-videos category-277\">\n\n<div style=\"height:15px\" aria-hidden=\"true\" class=\"wp-block-spacer\"><\/div>\n\n\n<h5 class=\"wp-block-post-title\"><a href=\"https:\/\/centcols.org\/es\/article-revue-cyclotourisme-doctobre-2016\/\" target=\"_self\" >Art\u00edculo en el n\u00famero de octubre de 2016 de la revista Cyclotourisme<\/a><\/h5>\n<\/li><li class=\"wp-block-post post-81870 post type-post status-publish format-standard has-post-thumbnail hentry category-articles-de-presse-et-videos category-277\">\n\n<div style=\"height:15px\" aria-hidden=\"true\" class=\"wp-block-spacer\"><\/div>\n\n\n<h5 class=\"wp-block-post-title\"><a href=\"https:\/\/centcols.org\/es\/article-paru-dans-la-gazette-du-vercors\/\" target=\"_self\" >Art\u00edculo publicado en la Gaceta de Vercors<\/a><\/h5>\n<\/li><li class=\"wp-block-post post-81872 post type-post status-publish format-standard has-post-thumbnail hentry category-revue-de-presse category-articles-de-presse-et-videos category-277\">\n\n<div style=\"height:15px\" aria-hidden=\"true\" class=\"wp-block-spacer\"><\/div>\n\n\n<h5 class=\"wp-block-post-title\"><a href=\"https:\/\/centcols.org\/es\/henri-dusseau-recompense\/\" target=\"_self\" >Henri Dusseau recompensado<\/a><\/h5>\n<\/li><li class=\"wp-block-post post-81881 post type-post status-publish format-standard has-post-thumbnail hentry category-articles-de-presse-et-videos category-278\">\n\n<div style=\"height:15px\" aria-hidden=\"true\" class=\"wp-block-spacer\"><\/div>\n\n\n<h5 class=\"wp-block-post-title\"><a href=\"https:\/\/centcols.org\/es\/article-paru-dans-la-revue-cyclotourisme-de-janvier-2017\/\" target=\"_self\" >Art\u00edculo publicado en el n\u00famero de enero de 2017 de la revista Cyclotourisme.<\/a><\/h5>\n<\/li><li class=\"wp-block-post post-82028 post type-post status-publish format-standard has-post-thumbnail hentry category-283 category-articles-de-presse-et-videos\">\n\n<div style=\"height:15px\" aria-hidden=\"true\" class=\"wp-block-spacer\"><\/div>\n\n\n<h5 class=\"wp-block-post-title\"><a href=\"https:\/\/centcols.org\/es\/sejour-dargeles-article-de-lindependant-du-18-avril-2018\/\" target=\"_self\" >Estancia en Argel\u00e8s: art\u00edculo de l'Ind\u00e9pendant, 18 de abril de 2018<\/a><\/h5>\n<\/li><li class=\"wp-block-post post-82166 post type-post status-publish format-standard hentry category-283 category-articles-de-presse-et-videos\">\n\n<div style=\"height:15px\" aria-hidden=\"true\" class=\"wp-block-spacer\"><\/div>\n\n\n<h5 class=\"wp-block-post-title\"><a href=\"https:\/\/centcols.org\/es\/sejour-de-st-maurice-video-de-la-rts-du-2-septembre-2018\/\" target=\"_self\" >Estancia en St-Maurice: v\u00eddeo de RTS del 2 de septiembre de 2018<\/a><\/h5>\n<\/li><li class=\"wp-block-post post-82164 post type-post status-publish format-standard hentry category-285 category-articles-de-presse-et-videos\">\n\n<div style=\"height:15px\" aria-hidden=\"true\" class=\"wp-block-spacer\"><\/div>\n\n\n<h5 class=\"wp-block-post-title\"><a href=\"https:\/\/centcols.org\/es\/sejour-de-st-die-video-de-viavosges-du-23-juillet-2019\/\" target=\"_self\" >Estancia en St-Di\u00e9: v\u00eddeo de vi\u00e0Vosges del 23 de julio de 2019<\/a><\/h5>\n<\/li><\/ul>\n\n<\/div>\n\n\n\n<p><\/p>\n<\/details>\n\n\n\n<details class=\"wp-block-details has-medium-font-size is-layout-flow wp-block-details-is-layout-flow\"><summary>2020<\/summary>\n<div style=\"height:20px\" aria-hidden=\"true\" class=\"wp-block-spacer\"><\/div>\n\n\n\n<div class=\"wp-block-query is-layout-flow wp-block-query-is-layout-flow\"><ul class=\"wp-block-post-template is-layout-flow wp-block-post-template-is-layout-flow\"><li class=\"wp-block-post post-82222 post type-post status-publish format-standard has-post-thumbnail hentry category-revue-de-presse category-287 category-articles-de-presse-et-videos\">\n\n<div style=\"height:15px\" aria-hidden=\"true\" class=\"wp-block-spacer\"><\/div>\n\n\n<h5 class=\"wp-block-post-title\"><a href=\"https:\/\/centcols.org\/es\/felicien-missilier-cc-n-800-100-ans\/\" target=\"_self\" >F\u00e9licien Missilier CC N\u00b0 800 - 100 a\u00f1os<\/a><\/h5>\n<\/li><li class=\"wp-block-post post-82204 post type-post status-publish format-standard hentry category-287 category-articles-de-presse-et-videos\">\n\n<div style=\"height:15px\" aria-hidden=\"true\" class=\"wp-block-spacer\"><\/div>\n\n\n<h5 class=\"wp-block-post-title\"><a href=\"https:\/\/centcols.org\/es\/revue-le-cycle-mars-2020\/\" target=\"_self\" >Revista \u00abLe Cycle\u00bb marzo 2020<\/a><\/h5>\n<\/li><li class=\"wp-block-post post-82205 post type-post status-publish format-standard hentry category-287 category-articles-de-presse-et-videos\">\n\n<div style=\"height:15px\" aria-hidden=\"true\" class=\"wp-block-spacer\"><\/div>\n\n\n<h5 class=\"wp-block-post-title\"><a href=\"https:\/\/centcols.org\/es\/revue-anglaise-cycle-magazine-taster-avril-mai-2020\/\" target=\"_self\" >Cycle Magazine Taster - Abril \/ Mayo 2020<\/a><\/h5>\n<\/li><li class=\"wp-block-post post-82221 post type-post status-publish format-standard hentry category-287 category-articles-de-presse-et-videos\">\n\n<div style=\"height:15px\" aria-hidden=\"true\" class=\"wp-block-spacer\"><\/div>\n\n\n<h5 class=\"wp-block-post-title\"><a href=\"https:\/\/centcols.org\/es\/magazine-velo-vert-avril-2020\/\" target=\"_self\" >Revista V\u00e9lo Vert - Abril 2020<\/a><\/h5>\n<\/li><li class=\"wp-block-post post-82236 post type-post status-publish format-standard hentry category-287 category-articles-de-presse-et-videos\">\n\n<div style=\"height:15px\" aria-hidden=\"true\" class=\"wp-block-spacer\"><\/div>\n\n\n<h5 class=\"wp-block-post-title\"><a href=\"https:\/\/centcols.org\/es\/cyclomag-aout-2020\/\" target=\"_self\" >Cyclomag - Agosto 2020<\/a><\/h5>\n<\/li><li class=\"wp-block-post post-82237 post type-post status-publish format-standard has-post-thumbnail hentry category-287 category-articles-de-presse-et-videos\">\n\n<div style=\"height:15px\" aria-hidden=\"true\" class=\"wp-block-spacer\"><\/div>\n\n\n<h5 class=\"wp-block-post-title\"><a href=\"https:\/\/centcols.org\/es\/sejour-de-chessy-les-mines-article-du-pays-roannais\/\" target=\"_self\" >Art\u00edculo Estancia en Chessy-les-Mines - Pays Roannais<\/a><\/h5>\n<\/li><li class=\"wp-block-post post-82269 post type-post status-publish format-standard has-post-thumbnail hentry category-292 category-carnet-noir category-articles-de-presse-et-videos\">\n\n<div style=\"height:15px\" aria-hidden=\"true\" class=\"wp-block-spacer\"><\/div>\n\n\n<h5 class=\"wp-block-post-title\"><a href=\"https:\/\/centcols.org\/es\/jean-dejean-cc-n-1043\/\" target=\"_self\" >Jean D\u00e9jean CC n\u00ba 1043<\/a><\/h5>\n<\/li><li class=\"wp-block-post post-82288 post type-post status-publish format-standard has-post-thumbnail hentry category-292 category-articles-de-presse-et-videos\">\n\n<div style=\"height:15px\" aria-hidden=\"true\" class=\"wp-block-spacer\"><\/div>\n\n\n<h5 class=\"wp-block-post-title\"><a href=\"https:\/\/centcols.org\/es\/rassemblement-du-26-juin-2021-au-col-du-tra-article-du-dauphine-libere\/\" target=\"_self\" >Reuni\u00f3n el 26 de junio de 2021 en el Col du Tra, art\u00edculo del Dauphin\u00e9 Lib\u00e9r\u00e9<\/a><\/h5>\n<\/li><li class=\"wp-block-post post-82303 post type-post status-publish format-standard has-post-thumbnail hentry category-292 category-articles-de-presse-et-videos\">\n\n<div style=\"height:15px\" aria-hidden=\"true\" class=\"wp-block-spacer\"><\/div>\n\n\n<h5 class=\"wp-block-post-title\"><a href=\"https:\/\/centcols.org\/es\/dauphine-libere-article-du-9-aout-2021\/\" target=\"_self\" >Dauphin\u00e9 Lib\u00e9r\u00e9, art\u00edculo del 9 de agosto de 2021<\/a><\/h5>\n<\/li><li class=\"wp-block-post post-82346 post type-post status-publish format-standard has-post-thumbnail hentry category-296 category-revue-de-presse category-articles-de-presse-et-videos\">\n\n<div style=\"height:15px\" aria-hidden=\"true\" class=\"wp-block-spacer\"><\/div>\n\n\n<h5 class=\"wp-block-post-title\"><a href=\"https:\/\/centcols.org\/es\/des-nouvelles-de-la-bretagne-et-de-michel-fouville-qui-fait-la-une-dans-ouest-france-dimanche-3-7-2022\/\" target=\"_self\" >Noticias de Breta\u00f1a y Michel Fouville en la portada de Ouest-France Domingo 3\/7\/2022<\/a><\/h5>\n<\/li><li class=\"wp-block-post post-82347 post type-post status-publish format-standard hentry category-296 category-articles-de-presse-et-videos\">\n\n<div style=\"height:15px\" aria-hidden=\"true\" class=\"wp-block-spacer\"><\/div>\n\n\n<h5 class=\"wp-block-post-title\"><a href=\"https:\/\/centcols.org\/es\/anniversaire-des-50-ans-article-sur-dauphine-libere-edition-grenoble-du-30-6-2022\/\" target=\"_self\" >50 aniversario, art\u00edculo en el Dauphin\u00e9 Lib\u00e9r\u00e9 (edici\u00f3n de Grenoble) del 30\/6\/2022<\/a><\/h5>\n<\/li><li class=\"wp-block-post post-82348 post type-post status-publish format-standard hentry category-296 category-articles-de-presse-et-videos\">\n\n<div style=\"height:15px\" aria-hidden=\"true\" class=\"wp-block-spacer\"><\/div>\n\n\n<h5 class=\"wp-block-post-title\"><a href=\"https:\/\/centcols.org\/es\/les-cent-cols-ont-defie-ceux-du-pays-basque\/\" target=\"_self\" >Los \u00abCent cols\u00bb desafiaron a los del Pa\u00eds Vasco<\/a><\/h5>\n<\/li><li class=\"wp-block-post post-82401 post type-post status-publish format-standard hentry category-292 category-articles-de-presse-et-videos\">\n\n<div style=\"height:15px\" aria-hidden=\"true\" class=\"wp-block-spacer\"><\/div>\n\n\n<h5 class=\"wp-block-post-title\"><a href=\"https:\/\/centcols.org\/es\/article-paru-sur-la-gazzetta-dello-sport-du-08-11-2021\/\" target=\"_self\" >Art\u00edculo publicado en la Gazzetta dello Sport el 08\/11\/2021<\/a><\/h5>\n<\/li><li class=\"wp-block-post post-82402 post type-post status-publish format-standard hentry category-296 category-articles-de-presse-et-videos\">\n\n<div style=\"height:15px\" aria-hidden=\"true\" class=\"wp-block-spacer\"><\/div>\n\n\n<h5 class=\"wp-block-post-title\"><a href=\"https:\/\/centcols.org\/es\/article-paru-sur-le-dauphine-libere-du-08-11-2022\/\" target=\"_self\" >Art\u00edculo publicado en el Dauphin\u00e9 Liber\u00e9 el 08\/11\/2022<\/a><\/h5>\n<\/li><li class=\"wp-block-post post-82403 post type-post status-publish format-standard hentry category-296 category-articles-de-presse-et-videos\">\n\n<div style=\"height:15px\" aria-hidden=\"true\" class=\"wp-block-spacer\"><\/div>\n\n\n<h5 class=\"wp-block-post-title\"><a href=\"https:\/\/centcols.org\/es\/article-sur-cyclomag-du-09-11-2022\/\" target=\"_self\" >Art\u00edculo de Cyclomag fechado el 09\/11\/2022<\/a><\/h5>\n<\/li><\/ul>\n\n<\/div>\n\n\n\n<p><\/p>\n<\/details>","protected":false},"excerpt":{"rendered":"<p>Aqu\u00ed encontrar\u00e1 todos los art\u00edculos de prensa, programas de radio y v\u00eddeos dedicados al Club des Cent Cols entre 1990 y 2022.<\/p>","protected":false},"author":5112,"featured_media":95409,"comment_status":"closed","ping_status":"closed","sticky":false,"template":"","format":"standard","meta":{"_acf_changed":false,"footnotes":""},"categories":[133],"tags":[],"class_list":["post-95257","post","type-post","status-publish","format-standard","has-post-thumbnail","hentry","category-revue-de-presse"],"acf":[],"yoast_head":"<!-- This site is optimized with the Yoast SEO plugin v27.2 - https:\/\/yoast.com\/product\/yoast-seo-wordpress\/ -->\n<title>Revue de presse, radio &amp; vid\u00e9os \u2014 Archives - Club des Cent Cols<\/title>\n<meta name=\"robots\" content=\"index, follow, max-snippet:-1, max-image-preview:large, max-video-preview:-1\" \/>\n<link rel=\"canonical\" href=\"https:\/\/centcols.org\/es\/revista-de-prensa-radio-videos-archivos\/\" \/>\n<meta property=\"og:locale\" content=\"es_ES\" \/>\n<meta property=\"og:type\" content=\"article\" \/>\n<meta property=\"og:title\" content=\"Revue de presse, radio &amp; vid\u00e9os \u2014 Archives - Club des Cent Cols\" \/>\n<meta property=\"og:description\" content=\"Retrouvez ici l&rsquo;ensemble des articles de presse, \u00e9missions de radio et vid\u00e9os consacr\u00e9s au Club des Cent Cols entre 1990 et 2022.\" \/>\n<meta property=\"og:url\" content=\"https:\/\/centcols.org\/es\/revista-de-prensa-radio-videos-archivos\/\" \/>\n<meta property=\"og:site_name\" content=\"Club des Cent Cols\" \/>\n<meta property=\"article:publisher\" content=\"https:\/\/www.facebook.com\/groups\/5261880558\/?locale=fr_FR\" \/>\n<meta property=\"article:published_time\" content=\"2026-04-18T04:26:58+00:00\" \/>\n<meta property=\"article:modified_time\" content=\"2026-04-18T04:56:09+00:00\" \/>\n<meta property=\"og:image\" content=\"https:\/\/centcols.org\/wp-content\/uploads\/2026\/04\/media1.jpg\" \/>\n\t<meta property=\"og:image:width\" content=\"1000\" \/>\n\t<meta property=\"og:image:height\" content=\"667\" \/>\n\t<meta property=\"og:image:type\" content=\"image\/jpeg\" \/>\n<meta name=\"author\" content=\"R\u00e9gis Paraz\" \/>\n<meta name=\"twitter:card\" content=\"summary_large_image\" \/>\n<meta name=\"twitter:label1\" content=\"Escrito por\" \/>\n\t<meta name=\"twitter:data1\" content=\"R\u00e9gis Paraz\" \/>\n\t<meta name=\"twitter:label2\" content=\"Tiempo de lectura\" \/>\n\t<meta name=\"twitter:data2\" content=\"1 minuto\" \/>\n<script type=\"application\/ld+json\" class=\"yoast-schema-graph\">{\"@context\":\"https:\/\/schema.org\",\"@graph\":[{\"@type\":\"Article\",\"@id\":\"https:\/\/centcols.org\/revue-de-presse-radio-videos-archives\/#article\",\"isPartOf\":{\"@id\":\"https:\/\/centcols.org\/revue-de-presse-radio-videos-archives\/\"},\"author\":{\"name\":\"R\u00e9gis Paraz\",\"@id\":\"https:\/\/centcols.org\/#\/schema\/person\/6733615a03fdc98c0aef104567c81e13\"},\"headline\":\"Revue de presse, radio &amp; vid\u00e9os \u2014 Archives\",\"datePublished\":\"2026-04-18T04:26:58+00:00\",\"dateModified\":\"2026-04-18T04:56:09+00:00\",\"mainEntityOfPage\":{\"@id\":\"https:\/\/centcols.org\/revue-de-presse-radio-videos-archives\/\"},\"wordCount\":36,\"publisher\":{\"@id\":\"https:\/\/centcols.org\/#organization\"},\"image\":{\"@id\":\"https:\/\/centcols.org\/revue-de-presse-radio-videos-archives\/#primaryimage\"},\"thumbnailUrl\":\"https:\/\/centcols.org\/wp-content\/uploads\/2026\/04\/media1.jpg\",\"articleSection\":[\"Revue de presse\"],\"inLanguage\":\"es\"},{\"@type\":\"WebPage\",\"@id\":\"https:\/\/centcols.org\/revue-de-presse-radio-videos-archives\/\",\"url\":\"https:\/\/centcols.org\/revue-de-presse-radio-videos-archives\/\",\"name\":\"Revue de presse, radio &amp; vid\u00e9os \u2014 Archives - Club des Cent Cols\",\"isPartOf\":{\"@id\":\"https:\/\/centcols.org\/#website\"},\"primaryImageOfPage\":{\"@id\":\"https:\/\/centcols.org\/revue-de-presse-radio-videos-archives\/#primaryimage\"},\"image\":{\"@id\":\"https:\/\/centcols.org\/revue-de-presse-radio-videos-archives\/#primaryimage\"},\"thumbnailUrl\":\"https:\/\/centcols.org\/wp-content\/uploads\/2026\/04\/media1.jpg\",\"datePublished\":\"2026-04-18T04:26:58+00:00\",\"dateModified\":\"2026-04-18T04:56:09+00:00\",\"breadcrumb\":{\"@id\":\"https:\/\/centcols.org\/revue-de-presse-radio-videos-archives\/#breadcrumb\"},\"inLanguage\":\"es\",\"potentialAction\":[{\"@type\":\"ReadAction\",\"target\":[\"https:\/\/centcols.org\/revue-de-presse-radio-videos-archives\/\"]}]},{\"@type\":\"ImageObject\",\"inLanguage\":\"es\",\"@id\":\"https:\/\/centcols.org\/revue-de-presse-radio-videos-archives\/#primaryimage\",\"url\":\"https:\/\/centcols.org\/wp-content\/uploads\/2026\/04\/media1.jpg\",\"contentUrl\":\"https:\/\/centcols.org\/wp-content\/uploads\/2026\/04\/media1.jpg\",\"width\":1000,\"height\":667},{\"@type\":\"BreadcrumbList\",\"@id\":\"https:\/\/centcols.org\/revue-de-presse-radio-videos-archives\/#breadcrumb\",\"itemListElement\":[{\"@type\":\"ListItem\",\"position\":1,\"name\":\"Accueil\",\"item\":\"https:\/\/centcols.org\/\"},{\"@type\":\"ListItem\",\"position\":2,\"name\":\"Gazette\",\"item\":\"https:\/\/centcols.org\/rubrique\/gazette\/\"},{\"@type\":\"ListItem\",\"position\":3,\"name\":\"Revue de presse\",\"item\":\"https:\/\/centcols.org\/rubrique\/gazette\/revue-de-presse\/\"},{\"@type\":\"ListItem\",\"position\":4,\"name\":\"Revue de presse, radio &amp; vid\u00e9os \u2014 Archives\"}]},{\"@type\":\"WebSite\",\"@id\":\"https:\/\/centcols.org\/#website\",\"url\":\"https:\/\/centcols.org\/\",\"name\":\"Club des Cent Cols\",\"description\":\"\",\"publisher\":{\"@id\":\"https:\/\/centcols.org\/#organization\"},\"potentialAction\":[{\"@type\":\"SearchAction\",\"target\":{\"@type\":\"EntryPoint\",\"urlTemplate\":\"https:\/\/centcols.org\/?s={search_term_string}\"},\"query-input\":{\"@type\":\"PropertyValueSpecification\",\"valueRequired\":true,\"valueName\":\"search_term_string\"}}],\"inLanguage\":\"es\"},{\"@type\":\"Organization\",\"@id\":\"https:\/\/centcols.org\/#organization\",\"name\":\"Club des Cent Cols\",\"url\":\"https:\/\/centcols.org\/\",\"logo\":{\"@type\":\"ImageObject\",\"inLanguage\":\"es\",\"@id\":\"https:\/\/centcols.org\/#\/schema\/logo\/image\/\",\"url\":\"https:\/\/centcols.org\/wp-content\/uploads\/2025\/01\/carte-icone.png\",\"contentUrl\":\"https:\/\/centcols.org\/wp-content\/uploads\/2025\/01\/carte-icone.png\",\"width\":250,\"height\":250,\"caption\":\"Club des Cent Cols\"},\"image\":{\"@id\":\"https:\/\/centcols.org\/#\/schema\/logo\/image\/\"},\"sameAs\":[\"https:\/\/www.facebook.com\/groups\/5261880558\/?locale=fr_FR\"]},{\"@type\":\"Person\",\"@id\":\"https:\/\/centcols.org\/#\/schema\/person\/6733615a03fdc98c0aef104567c81e13\",\"name\":\"R\u00e9gis Paraz\",\"image\":{\"@type\":\"ImageObject\",\"inLanguage\":\"es\",\"@id\":\"https:\/\/centcols.org\/wp-content\/litespeed\/avatar\/e5679bd124a28f7319d109cd5c2c0dd7.jpg?ver=1777239746\",\"url\":\"https:\/\/centcols.org\/wp-content\/litespeed\/avatar\/e5679bd124a28f7319d109cd5c2c0dd7.jpg?ver=1777239746\",\"contentUrl\":\"https:\/\/centcols.org\/wp-content\/litespeed\/avatar\/e5679bd124a28f7319d109cd5c2c0dd7.jpg?ver=1777239746\",\"caption\":\"R\u00e9gis Paraz\"},\"url\":\"https:\/\/centcols.org\/es\/author\/3225\/\"}]}<\/script>\n<!-- \/ Yoast SEO plugin. -->","yoast_head_json":{"title":"Revista de prensa, radio y v\u00eddeo - Archivos - Club des Cent Cols","robots":{"index":"index","follow":"follow","max-snippet":"max-snippet:-1","max-image-preview":"max-image-preview:large","max-video-preview":"max-video-preview:-1"},"canonical":"https:\/\/centcols.org\/es\/revista-de-prensa-radio-videos-archivos\/","og_locale":"es_ES","og_type":"article","og_title":"Revue de presse, radio &amp; vid\u00e9os \u2014 Archives - Club des Cent Cols","og_description":"Retrouvez ici l&rsquo;ensemble des articles de presse, \u00e9missions de radio et vid\u00e9os consacr\u00e9s au Club des Cent Cols entre 1990 et 2022.","og_url":"https:\/\/centcols.org\/es\/revista-de-prensa-radio-videos-archivos\/","og_site_name":"Club des Cent Cols","article_publisher":"https:\/\/www.facebook.com\/groups\/5261880558\/?locale=fr_FR","article_published_time":"2026-04-18T04:26:58+00:00","article_modified_time":"2026-04-18T04:56:09+00:00","og_image":[{"width":1000,"height":667,"url":"https:\/\/centcols.org\/wp-content\/uploads\/2026\/04\/media1.jpg","type":"image\/jpeg"}],"author":"R\u00e9gis Paraz","twitter_card":"summary_large_image","twitter_misc":{"Escrito por":"R\u00e9gis Paraz","Tiempo de lectura":"1 minuto"},"schema":{"@context":"https:\/\/schema.org","@graph":[{"@type":"Article","@id":"https:\/\/centcols.org\/revue-de-presse-radio-videos-archives\/#article","isPartOf":{"@id":"https:\/\/centcols.org\/revue-de-presse-radio-videos-archives\/"},"author":{"name":"R\u00e9gis Paraz","@id":"https:\/\/centcols.org\/#\/schema\/person\/6733615a03fdc98c0aef104567c81e13"},"headline":"Revue de presse, radio &amp; vid\u00e9os \u2014 Archives","datePublished":"2026-04-18T04:26:58+00:00","dateModified":"2026-04-18T04:56:09+00:00","mainEntityOfPage":{"@id":"https:\/\/centcols.org\/revue-de-presse-radio-videos-archives\/"},"wordCount":36,"publisher":{"@id":"https:\/\/centcols.org\/#organization"},"image":{"@id":"https:\/\/centcols.org\/revue-de-presse-radio-videos-archives\/#primaryimage"},"thumbnailUrl":"https:\/\/centcols.org\/wp-content\/uploads\/2026\/04\/media1.jpg","articleSection":["Revue de presse"],"inLanguage":"es"},{"@type":"WebPage","@id":"https:\/\/centcols.org\/revue-de-presse-radio-videos-archives\/","url":"https:\/\/centcols.org\/revue-de-presse-radio-videos-archives\/","name":"Revista de prensa, radio y v\u00eddeo - Archivos - Club des Cent Cols","isPartOf":{"@id":"https:\/\/centcols.org\/#website"},"primaryImageOfPage":{"@id":"https:\/\/centcols.org\/revue-de-presse-radio-videos-archives\/#primaryimage"},"image":{"@id":"https:\/\/centcols.org\/revue-de-presse-radio-videos-archives\/#primaryimage"},"thumbnailUrl":"https:\/\/centcols.org\/wp-content\/uploads\/2026\/04\/media1.jpg","datePublished":"2026-04-18T04:26:58+00:00","dateModified":"2026-04-18T04:56:09+00:00","breadcrumb":{"@id":"https:\/\/centcols.org\/revue-de-presse-radio-videos-archives\/#breadcrumb"},"inLanguage":"es","potentialAction":[{"@type":"ReadAction","target":["https:\/\/centcols.org\/revue-de-presse-radio-videos-archives\/"]}]},{"@type":"ImageObject","inLanguage":"es","@id":"https:\/\/centcols.org\/revue-de-presse-radio-videos-archives\/#primaryimage","url":"https:\/\/centcols.org\/wp-content\/uploads\/2026\/04\/media1.jpg","contentUrl":"https:\/\/centcols.org\/wp-content\/uploads\/2026\/04\/media1.jpg","width":1000,"height":667},{"@type":"BreadcrumbList","@id":"https:\/\/centcols.org\/revue-de-presse-radio-videos-archives\/#breadcrumb","itemListElement":[{"@type":"ListItem","position":1,"name":"Accueil","item":"https:\/\/centcols.org\/"},{"@type":"ListItem","position":2,"name":"Gazette","item":"https:\/\/centcols.org\/rubrique\/gazette\/"},{"@type":"ListItem","position":3,"name":"Revue de presse","item":"https:\/\/centcols.org\/rubrique\/gazette\/revue-de-presse\/"},{"@type":"ListItem","position":4,"name":"Revue de presse, radio &amp; vid\u00e9os \u2014 Archives"}]},{"@type":"WebSite","@id":"https:\/\/centcols.org\/#website","url":"https:\/\/centcols.org\/","name":"Club des Cent Cols","description":"","publisher":{"@id":"https:\/\/centcols.org\/#organization"},"potentialAction":[{"@type":"SearchAction","target":{"@type":"EntryPoint","urlTemplate":"https:\/\/centcols.org\/?s={search_term_string}"},"query-input":{"@type":"PropertyValueSpecification","valueRequired":true,"valueName":"search_term_string"}}],"inLanguage":"es"},{"@type":"Organization","@id":"https:\/\/centcols.org\/#organization","name":"Club des Cent Cols","url":"https:\/\/centcols.org\/","logo":{"@type":"ImageObject","inLanguage":"es","@id":"https:\/\/centcols.org\/#\/schema\/logo\/image\/","url":"https:\/\/centcols.org\/wp-content\/uploads\/2025\/01\/carte-icone.png","contentUrl":"https:\/\/centcols.org\/wp-content\/uploads\/2025\/01\/carte-icone.png","width":250,"height":250,"caption":"Club des Cent Cols"},"image":{"@id":"https:\/\/centcols.org\/#\/schema\/logo\/image\/"},"sameAs":["https:\/\/www.facebook.com\/groups\/5261880558\/?locale=fr_FR"]},{"@type":"Person","@id":"https:\/\/centcols.org\/#\/schema\/person\/6733615a03fdc98c0aef104567c81e13","name":"R\u00e9gis Paraz","image":{"@type":"ImageObject","inLanguage":"es","@id":"https:\/\/centcols.org\/wp-content\/litespeed\/avatar\/e5679bd124a28f7319d109cd5c2c0dd7.jpg?ver=1777239746","url":"https:\/\/centcols.org\/wp-content\/litespeed\/avatar\/e5679bd124a28f7319d109cd5c2c0dd7.jpg?ver=1777239746","contentUrl":"https:\/\/centcols.org\/wp-content\/litespeed\/avatar\/e5679bd124a28f7319d109cd5c2c0dd7.jpg?ver=1777239746","caption":"R\u00e9gis Paraz"},"url":"https:\/\/centcols.org\/es\/author\/3225\/"}]}},"_links":{"self":[{"href":"https:\/\/centcols.org\/es\/wp-json\/wp\/v2\/posts\/95257","targetHints":{"allow":["GET"]}}],"collection":[{"href":"https:\/\/centcols.org\/es\/wp-json\/wp\/v2\/posts"}],"about":[{"href":"https:\/\/centcols.org\/es\/wp-json\/wp\/v2\/types\/post"}],"author":[{"embeddable":true,"href":"https:\/\/centcols.org\/es\/wp-json\/wp\/v2\/users\/5112"}],"replies":[{"embeddable":true,"href":"https:\/\/centcols.org\/es\/wp-json\/wp\/v2\/comments?post=95257"}],"version-history":[{"count":0,"href":"https:\/\/centcols.org\/es\/wp-json\/wp\/v2\/posts\/95257\/revisions"}],"wp:featuredmedia":[{"embeddable":true,"href":"https:\/\/centcols.org\/es\/wp-json\/wp\/v2\/media\/95409"}],"wp:attachment":[{"href":"https:\/\/centcols.org\/es\/wp-json\/wp\/v2\/media?parent=95257"}],"wp:term":[{"taxonomy":"category","embeddable":true,"href":"https:\/\/centcols.org\/es\/wp-json\/wp\/v2\/categories?post=95257"},{"taxonomy":"post_tag","embeddable":true,"href":"https:\/\/centcols.org\/es\/wp-json\/wp\/v2\/tags?post=95257"}],"curies":[{"name":"wp","href":"https:\/\/api.w.org\/{rel}","templated":true}]}}