{"id":95273,"date":"2000-08-13T22:25:00","date_gmt":"2000-08-13T20:25:00","guid":{"rendered":"https:\/\/centcols.org\/?p=95273"},"modified":"2026-04-17T22:26:58","modified_gmt":"2026-04-17T20:26:58","slug":"desaparicion-de-louis-nucera-2","status":"publish","type":"post","link":"https:\/\/centcols.org\/es\/disparition-de-louis-nucera-2\/","title":{"rendered":"13\/08\/00 : Fallecimiento de Louis Nucera. Michel de Br\u00e9bisson ha querido reproducir el art\u00edculo de Le Monde escrito por uno de los amigos de Louis"},"content":{"rendered":"<h2 class=\"wp-block-heading\">Louis Nucera<\/h2>\n\n\n\n<h3 class=\"wp-block-heading\">Pasi\u00f3n por la literatura, la amistad y el ciclismo<\/h3>\n\n\n\n<p><strong>MI\u00c9RCOLES 9 de agosto<\/strong>, Louis Nucera muri\u00f3 en bicicleta, atropellado por un motorista, en Carros (Alpes Mar\u00edtimos), en el interior de Niza, donde tantas veces hab\u00eda pedaleado. El ciclismo era una de sus pasiones, junto con la literatura y la amistad. Sus amigos se sent\u00edan muy solos y abandonados. Uno de sus mejores libros, Le Roi Ren\u00e9, narraba la carrera de Ren\u00e9 Vietto. Era uno de los modelos de Louis, porque amaba el estilo y el valor. Al final de cada verano, le preguntaba: \u00ab\u00bfHas hecho un buen viaje? \u00bfCu\u00e1ntos kil\u00f3metros? Y enseguida ven\u00eda la segunda pregunta: \u00bb\u00bfCu\u00e1ntas p\u00e1ginas? Las dos cosas eran inseparables, las actuaciones del \u00abcampe\u00f3n\u00bb y las del escritor...<\/p>\n\n\n\n<p>Nacido en Niza el 17 de julio de 1928, Louis Nucera creci\u00f3 con recuerdos de la Primera Guerra Mundial. Escuchaba religiosamente las historias que le contaban sus t\u00edos a la hora de cenar. De ah\u00ed naci\u00f3 un ni\u00f1o muy reflexivo y so\u00f1ador. El padre de Nucera muri\u00f3 en 1933 y su madre \u00abenvejeci\u00f3 repentinamente sin remedio\u00ab. Este tipo de frase resume el estilo de Luis: escritor muy cl\u00e1sico, sab\u00eda organizar la conspiraci\u00f3n de la gram\u00e1tica y la emoci\u00f3n.<\/p>\n\n\n\n<p>Tras la muerte de su padre, Louis Nucera se vio obligado a ganarse la vida, convirti\u00e9ndose en \u00abtelefonista\u00bb en un banco. El propio Jean Giono hab\u00eda trabajado en una sucursal de este banco. Fue un excelente augurio. Nucera se dedic\u00f3 entonces al periodismo. Esto le permiti\u00f3 conocer a Joseph Kessel, Georges Brassens y Jean Cocteau. Sus maestros o sus mentores literarios. M\u00e1gicos mentores. El primero convenci\u00f3 a Louis Nucera de que la lengua francesa era una especie de \u00abmonasterio\u00bb en el que hab\u00eda que entrar con mucho cuidado. El segundo daba lecciones de modestia y el tercero de cortes\u00eda. Cocteau sol\u00eda decir que hab\u00eda que borrar de los textos las molestias que uno se hab\u00eda tomado para escribirlos. Louis Nucera retuvo las tres lecciones. En sus novelas (L'Ami, 1974; Avenue des Diables-Bleus, 1979; Chemin de la Lanterne, 1981; Le Kiosque \u00e0 musique, 1984; La Chanson de Maria, 1989; Le Ruban rouge, 1991...), retrat\u00f3 con delicadeza a la gente menuda de su ciudad, la gente menuda de la que \u00e9l era heredero. Pero se preguntaba: \u00bfpor qu\u00e9 \u00abgente peque\u00f1a\u00bb?<\/p>\n\n\n\n<h3 class=\"wp-block-heading\">LA CORTES\u00cdA DE LA DESESPERACI\u00d3N<\/h3>\n\n\n\n<p>Quiz\u00e1 su mejor libro sea Mes Ports d'attache, publicado en 1994. En \u00e9l hace una especie de recorrido por los amigos perdidos. Nos presenta a dos amantes de los paseos en bicicleta, Henry Miller y Vladimir Nabokov. Y, por supuesto, a Cocteau, Brassens y Kessel. Louis Nucera era un maestro en el arte del retrato. Dec\u00eda, por ejemplo, que \u00abel rostro de Kessel interpretaba los movimientos de su coraz\u00f3n, como el cielo y el mar interpretan los caprichos del tiempo\u00ab. Es magn\u00edfico.<\/p>\n\n\n\n<p>El invierno pasado, Louis Nucera reuni\u00f3 sus columnas de 1994 a 1999 bajo el t\u00edtulo Une bouff\u00e9e d'air frais (Le Cherche Midi, 2000). En \u00e9l ve\u00edamos a un hombre guiado por el deseo de admirar, de hacer justicia a la belleza de las cosas y a la de ciertas personas. Hac\u00eda inventario de sus pasiones y preferencias. Amaba a las personas delicadas, la cortes\u00eda de la desesperaci\u00f3n, la pintura de los estados de \u00e1nimo, el tango, la alquimia de los sentimientos, el distrito XVIII, los barrios antiguos de Niza, los paisajes franceses... y a los profesores que transmiten a sus alumnos, desde el fondo del aula junto al radiador, el gusto por la lectura. En su entusiasmo, Louis Nucera mezclaba a los ganadores del Tour de Francia con los campeones de literatura. Hab\u00eda le\u00eddo mucho, pero no hac\u00eda alarde de su erudici\u00f3n. Segu\u00eda siendo una cuesti\u00f3n de coraz\u00f3n.<\/p>\n\n\n\n<p>Las \u00e9pocas est\u00e1n hechas para ser denigradas\u00ab, refunfu\u00f1aba Flaubert, cuando estaba de mal humor. A Louis Nucera le habr\u00eda gustado contradecir este pesimismo, pero miraba nuestro mundo como un moralista. Y lo que observaba le entristec\u00eda con demasiada frecuencia. En efecto, \u00bfc\u00f3mo no enfadarse cuando los discursos de un rockero o de un presentador de televisi\u00f3n son m\u00e1s importantes que las palabras de los escritores? Y sin embargo, para Nucera, los escritores eran \u00bblos enviados de la belleza a la tierra\". Sin embargo, incluso cuando denuncia la feria de las vanidades, sus p\u00e1ginas respiran la alegr\u00eda de escribir. Defensor y servidor de la lengua francesa, Louis Nucera ten\u00eda lo que se llama estilo, tanto en sus elogios como en sus cr\u00edticas. En los tiempos que corren, eso no es tan com\u00fan.<\/p>\n\n\n\n<p><strong>Fran\u00e7ois Bott<\/strong><\/p>\n\n\n\n<blockquote class=\"wp-block-quote is-layout-flow wp-block-quote-is-layout-flow\">\n<p>Louis Nucera public\u00f3 su primera novela, L'Obstin\u00e9, en 1970 con la editorial Julliard. La mayor parte de su obra fue publicada posteriormente por Grasset. Escribi\u00f3 numerosos art\u00edculos para \u00abLe monde des livres\u00bb a partir de principios de los a\u00f1os ochenta. Ha obtenido varios premios por su obra, entre ellos el Prix litt\u00e9raire de la R\u00e9sistance (1975) por Dora (Latt\u00e8s), el Prix Interalli\u00e9 (1981) por Chemin de la Lanterne, el Grand Prix de litt\u00e9rature sportive (1987) por Mes rayons de soleil, y el Prix Jacques Chardonne (1991) por Le Ruban rouge. Por \u00faltimo, en 1993, la Academia Francesa le concedi\u00f3 el Gran Premio de Literatura por el conjunto de su obra.<\/p>\n<\/blockquote>","protected":false},"excerpt":{"rendered":"<p>Louis Nucera La passion de la litt\u00e9rature, de l&rsquo;amiti\u00e9 et du v\u00e9lo MERCREDI 9 ao\u00fbt, Louis Nucera est mort \u00e0 bicyclette, renvers\u00e9 par un automobiliste, \u00e0 Carros (Alpes-Maritimes), dans cette arri\u00e8re-pays ni\u00e7ois qu&rsquo;il avait si souvent parcouru. Le v\u00e9lo \u00e9tait une de ses passions avec la litt\u00e9rature et l&rsquo;amiti\u00e9. Ses amis se sentent tr\u00e8s seuls [&hellip;]<\/p>\n","protected":false},"author":3,"featured_media":0,"comment_status":"closed","ping_status":"closed","sticky":false,"template":"","format":"standard","meta":{"_acf_changed":false,"footnotes":""},"categories":[476],"tags":[],"class_list":["post-95273","post","type-post","status-publish","format-standard","hentry","category-476"],"acf":[],"yoast_head":"<!-- This site is optimized with the Yoast SEO plugin v27.2 - https:\/\/yoast.com\/product\/yoast-seo-wordpress\/ -->\n<title>13\/08\/00 : disparition de Louis Nucera. Michel de Br\u00e9bisson a souhait\u00e9 faire reproduire le papier du Monde \u00e9crit par un des amis de Louis - Club des Cent Cols<\/title>\n<meta name=\"robots\" content=\"index, follow, max-snippet:-1, max-image-preview:large, max-video-preview:-1\" \/>\n<link rel=\"canonical\" href=\"https:\/\/centcols.org\/es\/desaparicion-de-louis-nucera-2\/\" \/>\n<meta property=\"og:locale\" content=\"es_ES\" \/>\n<meta property=\"og:type\" content=\"article\" \/>\n<meta property=\"og:title\" content=\"13\/08\/00 : disparition de Louis Nucera. Michel de Br\u00e9bisson a souhait\u00e9 faire reproduire le papier du Monde \u00e9crit par un des amis de Louis - Club des Cent Cols\" \/>\n<meta property=\"og:description\" content=\"Louis Nucera La passion de la litt\u00e9rature, de l&rsquo;amiti\u00e9 et du v\u00e9lo MERCREDI 9 ao\u00fbt, Louis Nucera est mort \u00e0 bicyclette, renvers\u00e9 par un automobiliste, \u00e0 Carros (Alpes-Maritimes), dans cette arri\u00e8re-pays ni\u00e7ois qu&rsquo;il avait si souvent parcouru. Le v\u00e9lo \u00e9tait une de ses passions avec la litt\u00e9rature et l&rsquo;amiti\u00e9. Ses amis se sentent tr\u00e8s seuls [&hellip;]\" \/>\n<meta property=\"og:url\" content=\"https:\/\/centcols.org\/es\/desaparicion-de-louis-nucera-2\/\" \/>\n<meta property=\"og:site_name\" content=\"Club des Cent Cols\" \/>\n<meta property=\"article:publisher\" content=\"https:\/\/www.facebook.com\/groups\/5261880558\/?locale=fr_FR\" \/>\n<meta property=\"article:published_time\" content=\"2000-08-13T20:25:00+00:00\" \/>\n<meta property=\"article:modified_time\" content=\"2026-04-17T20:26:58+00:00\" \/>\n<meta name=\"author\" content=\"Webmestre\" \/>\n<meta name=\"twitter:card\" content=\"summary_large_image\" \/>\n<meta name=\"twitter:label1\" content=\"Escrito por\" \/>\n\t<meta name=\"twitter:data1\" content=\"Webmestre\" \/>\n\t<meta name=\"twitter:label2\" content=\"Tiempo de lectura\" \/>\n\t<meta name=\"twitter:data2\" content=\"4 minutos\" \/>\n<script type=\"application\/ld+json\" class=\"yoast-schema-graph\">{\"@context\":\"https:\/\/schema.org\",\"@graph\":[{\"@type\":\"Article\",\"@id\":\"https:\/\/centcols.org\/es\/disparition-de-louis-nucera-2\/#article\",\"isPartOf\":{\"@id\":\"https:\/\/centcols.org\/es\/disparition-de-louis-nucera-2\/\"},\"author\":{\"name\":\"Webmestre\",\"@id\":\"https:\/\/centcols.org\/#\/schema\/person\/911b404fb133d8c913dd27cdcf71c8e5\"},\"headline\":\"13\/08\/00 : disparition de Louis Nucera. Michel de Br\u00e9bisson a souhait\u00e9 faire reproduire le papier du Monde \u00e9crit par un des amis de Louis\",\"datePublished\":\"2000-08-13T20:25:00+00:00\",\"dateModified\":\"2026-04-17T20:26:58+00:00\",\"mainEntityOfPage\":{\"@id\":\"https:\/\/centcols.org\/es\/disparition-de-louis-nucera-2\/\"},\"wordCount\":966,\"publisher\":{\"@id\":\"https:\/\/centcols.org\/#organization\"},\"articleSection\":[\"2000\"],\"inLanguage\":\"es\"},{\"@type\":\"WebPage\",\"@id\":\"https:\/\/centcols.org\/es\/disparition-de-louis-nucera-2\/\",\"url\":\"https:\/\/centcols.org\/es\/disparition-de-louis-nucera-2\/\",\"name\":\"13\/08\/00 : disparition de Louis Nucera. Michel de Br\u00e9bisson a souhait\u00e9 faire reproduire le papier du Monde \u00e9crit par un des amis de Louis - Club des Cent Cols\",\"isPartOf\":{\"@id\":\"https:\/\/centcols.org\/#website\"},\"datePublished\":\"2000-08-13T20:25:00+00:00\",\"dateModified\":\"2026-04-17T20:26:58+00:00\",\"breadcrumb\":{\"@id\":\"https:\/\/centcols.org\/es\/disparition-de-louis-nucera-2\/#breadcrumb\"},\"inLanguage\":\"es\",\"potentialAction\":[{\"@type\":\"ReadAction\",\"target\":[\"https:\/\/centcols.org\/es\/disparition-de-louis-nucera-2\/\"]}]},{\"@type\":\"BreadcrumbList\",\"@id\":\"https:\/\/centcols.org\/es\/disparition-de-louis-nucera-2\/#breadcrumb\",\"itemListElement\":[{\"@type\":\"ListItem\",\"position\":1,\"name\":\"Accueil\",\"item\":\"https:\/\/centcols.org\/\"},{\"@type\":\"ListItem\",\"position\":2,\"name\":\"Articles de presse et vid\u00e9os\",\"item\":\"https:\/\/centcols.org\/rubrique\/articles-de-presse-et-videos\/\"},{\"@type\":\"ListItem\",\"position\":3,\"name\":\"2000\",\"item\":\"https:\/\/centcols.org\/es\/rubrique\/articles-de-presse-et-videos\/2000\/\"},{\"@type\":\"ListItem\",\"position\":4,\"name\":\"13\/08\/00 : disparition de Louis Nucera. Michel de Br\u00e9bisson a souhait\u00e9 faire reproduire le papier du Monde \u00e9crit par un des amis de Louis\"}]},{\"@type\":\"WebSite\",\"@id\":\"https:\/\/centcols.org\/#website\",\"url\":\"https:\/\/centcols.org\/\",\"name\":\"Club des Cent Cols\",\"description\":\"\",\"publisher\":{\"@id\":\"https:\/\/centcols.org\/#organization\"},\"potentialAction\":[{\"@type\":\"SearchAction\",\"target\":{\"@type\":\"EntryPoint\",\"urlTemplate\":\"https:\/\/centcols.org\/?s={search_term_string}\"},\"query-input\":{\"@type\":\"PropertyValueSpecification\",\"valueRequired\":true,\"valueName\":\"search_term_string\"}}],\"inLanguage\":\"es\"},{\"@type\":\"Organization\",\"@id\":\"https:\/\/centcols.org\/#organization\",\"name\":\"Club des Cent Cols\",\"url\":\"https:\/\/centcols.org\/\",\"logo\":{\"@type\":\"ImageObject\",\"inLanguage\":\"es\",\"@id\":\"https:\/\/centcols.org\/#\/schema\/logo\/image\/\",\"url\":\"https:\/\/centcols.org\/wp-content\/uploads\/2025\/01\/carte-icone.png\",\"contentUrl\":\"https:\/\/centcols.org\/wp-content\/uploads\/2025\/01\/carte-icone.png\",\"width\":250,\"height\":250,\"caption\":\"Club des Cent Cols\"},\"image\":{\"@id\":\"https:\/\/centcols.org\/#\/schema\/logo\/image\/\"},\"sameAs\":[\"https:\/\/www.facebook.com\/groups\/5261880558\/?locale=fr_FR\"]},{\"@type\":\"Person\",\"@id\":\"https:\/\/centcols.org\/#\/schema\/person\/911b404fb133d8c913dd27cdcf71c8e5\",\"name\":\"Webmestre\",\"image\":{\"@type\":\"ImageObject\",\"inLanguage\":\"es\",\"@id\":\"https:\/\/centcols.org\/wp-content\/litespeed\/avatar\/2d246e4b6b4f773e08515e1ffc53690b.jpg?ver=1777222892\",\"url\":\"https:\/\/centcols.org\/wp-content\/litespeed\/avatar\/2d246e4b6b4f773e08515e1ffc53690b.jpg?ver=1777222892\",\"contentUrl\":\"https:\/\/centcols.org\/wp-content\/litespeed\/avatar\/2d246e4b6b4f773e08515e1ffc53690b.jpg?ver=1777222892\",\"caption\":\"Webmestre\"},\"url\":\"https:\/\/centcols.org\/es\/author\/webmestre\/\"}]}<\/script>\n<!-- \/ Yoast SEO plugin. -->","yoast_head_json":{"title":"13\/08\/00 : Fallecimiento de Louis Nucera. Michel de Br\u00e9bisson ha querido reproducir el art\u00edculo de Le Monde escrito por uno de los amigos de Louis - Club des Cent Cols","robots":{"index":"index","follow":"follow","max-snippet":"max-snippet:-1","max-image-preview":"max-image-preview:large","max-video-preview":"max-video-preview:-1"},"canonical":"https:\/\/centcols.org\/es\/desaparicion-de-louis-nucera-2\/","og_locale":"es_ES","og_type":"article","og_title":"13\/08\/00 : disparition de Louis Nucera. Michel de Br\u00e9bisson a souhait\u00e9 faire reproduire le papier du Monde \u00e9crit par un des amis de Louis - Club des Cent Cols","og_description":"Louis Nucera La passion de la litt\u00e9rature, de l&rsquo;amiti\u00e9 et du v\u00e9lo MERCREDI 9 ao\u00fbt, Louis Nucera est mort \u00e0 bicyclette, renvers\u00e9 par un automobiliste, \u00e0 Carros (Alpes-Maritimes), dans cette arri\u00e8re-pays ni\u00e7ois qu&rsquo;il avait si souvent parcouru. Le v\u00e9lo \u00e9tait une de ses passions avec la litt\u00e9rature et l&rsquo;amiti\u00e9. Ses amis se sentent tr\u00e8s seuls [&hellip;]","og_url":"https:\/\/centcols.org\/es\/desaparicion-de-louis-nucera-2\/","og_site_name":"Club des Cent Cols","article_publisher":"https:\/\/www.facebook.com\/groups\/5261880558\/?locale=fr_FR","article_published_time":"2000-08-13T20:25:00+00:00","article_modified_time":"2026-04-17T20:26:58+00:00","author":"Webmestre","twitter_card":"summary_large_image","twitter_misc":{"Escrito por":"Webmestre","Tiempo de lectura":"4 minutos"},"schema":{"@context":"https:\/\/schema.org","@graph":[{"@type":"Article","@id":"https:\/\/centcols.org\/es\/disparition-de-louis-nucera-2\/#article","isPartOf":{"@id":"https:\/\/centcols.org\/es\/disparition-de-louis-nucera-2\/"},"author":{"name":"Webmestre","@id":"https:\/\/centcols.org\/#\/schema\/person\/911b404fb133d8c913dd27cdcf71c8e5"},"headline":"13\/08\/00 : disparition de Louis Nucera. Michel de Br\u00e9bisson a souhait\u00e9 faire reproduire le papier du Monde \u00e9crit par un des amis de Louis","datePublished":"2000-08-13T20:25:00+00:00","dateModified":"2026-04-17T20:26:58+00:00","mainEntityOfPage":{"@id":"https:\/\/centcols.org\/es\/disparition-de-louis-nucera-2\/"},"wordCount":966,"publisher":{"@id":"https:\/\/centcols.org\/#organization"},"articleSection":["2000"],"inLanguage":"es"},{"@type":"WebPage","@id":"https:\/\/centcols.org\/es\/disparition-de-louis-nucera-2\/","url":"https:\/\/centcols.org\/es\/disparition-de-louis-nucera-2\/","name":"13\/08\/00 : Fallecimiento de Louis Nucera. Michel de Br\u00e9bisson ha querido reproducir el art\u00edculo de Le Monde escrito por uno de los amigos de Louis - Club des Cent Cols","isPartOf":{"@id":"https:\/\/centcols.org\/#website"},"datePublished":"2000-08-13T20:25:00+00:00","dateModified":"2026-04-17T20:26:58+00:00","breadcrumb":{"@id":"https:\/\/centcols.org\/es\/disparition-de-louis-nucera-2\/#breadcrumb"},"inLanguage":"es","potentialAction":[{"@type":"ReadAction","target":["https:\/\/centcols.org\/es\/disparition-de-louis-nucera-2\/"]}]},{"@type":"BreadcrumbList","@id":"https:\/\/centcols.org\/es\/disparition-de-louis-nucera-2\/#breadcrumb","itemListElement":[{"@type":"ListItem","position":1,"name":"Accueil","item":"https:\/\/centcols.org\/"},{"@type":"ListItem","position":2,"name":"Articles de presse et vid\u00e9os","item":"https:\/\/centcols.org\/rubrique\/articles-de-presse-et-videos\/"},{"@type":"ListItem","position":3,"name":"2000","item":"https:\/\/centcols.org\/es\/rubrique\/articles-de-presse-et-videos\/2000\/"},{"@type":"ListItem","position":4,"name":"13\/08\/00 : disparition de Louis Nucera. Michel de Br\u00e9bisson a souhait\u00e9 faire reproduire le papier du Monde \u00e9crit par un des amis de Louis"}]},{"@type":"WebSite","@id":"https:\/\/centcols.org\/#website","url":"https:\/\/centcols.org\/","name":"Club des Cent Cols","description":"","publisher":{"@id":"https:\/\/centcols.org\/#organization"},"potentialAction":[{"@type":"SearchAction","target":{"@type":"EntryPoint","urlTemplate":"https:\/\/centcols.org\/?s={search_term_string}"},"query-input":{"@type":"PropertyValueSpecification","valueRequired":true,"valueName":"search_term_string"}}],"inLanguage":"es"},{"@type":"Organization","@id":"https:\/\/centcols.org\/#organization","name":"Club des Cent Cols","url":"https:\/\/centcols.org\/","logo":{"@type":"ImageObject","inLanguage":"es","@id":"https:\/\/centcols.org\/#\/schema\/logo\/image\/","url":"https:\/\/centcols.org\/wp-content\/uploads\/2025\/01\/carte-icone.png","contentUrl":"https:\/\/centcols.org\/wp-content\/uploads\/2025\/01\/carte-icone.png","width":250,"height":250,"caption":"Club des Cent Cols"},"image":{"@id":"https:\/\/centcols.org\/#\/schema\/logo\/image\/"},"sameAs":["https:\/\/www.facebook.com\/groups\/5261880558\/?locale=fr_FR"]},{"@type":"Person","@id":"https:\/\/centcols.org\/#\/schema\/person\/911b404fb133d8c913dd27cdcf71c8e5","name":"Webmaster","image":{"@type":"ImageObject","inLanguage":"es","@id":"https:\/\/centcols.org\/wp-content\/litespeed\/avatar\/2d246e4b6b4f773e08515e1ffc53690b.jpg?ver=1777222892","url":"https:\/\/centcols.org\/wp-content\/litespeed\/avatar\/2d246e4b6b4f773e08515e1ffc53690b.jpg?ver=1777222892","contentUrl":"https:\/\/centcols.org\/wp-content\/litespeed\/avatar\/2d246e4b6b4f773e08515e1ffc53690b.jpg?ver=1777222892","caption":"Webmestre"},"url":"https:\/\/centcols.org\/es\/author\/webmestre\/"}]}},"_links":{"self":[{"href":"https:\/\/centcols.org\/es\/wp-json\/wp\/v2\/posts\/95273","targetHints":{"allow":["GET"]}}],"collection":[{"href":"https:\/\/centcols.org\/es\/wp-json\/wp\/v2\/posts"}],"about":[{"href":"https:\/\/centcols.org\/es\/wp-json\/wp\/v2\/types\/post"}],"author":[{"embeddable":true,"href":"https:\/\/centcols.org\/es\/wp-json\/wp\/v2\/users\/3"}],"replies":[{"embeddable":true,"href":"https:\/\/centcols.org\/es\/wp-json\/wp\/v2\/comments?post=95273"}],"version-history":[{"count":0,"href":"https:\/\/centcols.org\/es\/wp-json\/wp\/v2\/posts\/95273\/revisions"}],"wp:attachment":[{"href":"https:\/\/centcols.org\/es\/wp-json\/wp\/v2\/media?parent=95273"}],"wp:term":[{"taxonomy":"category","embeddable":true,"href":"https:\/\/centcols.org\/es\/wp-json\/wp\/v2\/categories?post=95273"},{"taxonomy":"post_tag","embeddable":true,"href":"https:\/\/centcols.org\/es\/wp-json\/wp\/v2\/tags?post=95273"}],"curies":[{"name":"wp","href":"https:\/\/api.w.org\/{rel}","templated":true}]}}