{"id":95300,"date":"2005-07-22T23:08:00","date_gmt":"2005-07-22T21:08:00","guid":{"rendered":"https:\/\/centcols.org\/?p=95300"},"modified":"2026-04-17T23:10:26","modified_gmt":"2026-04-17T21:10:26","slug":"columna-de-philippe-reltienr-france-inter","status":"publish","type":"post","link":"https:\/\/centcols.org\/es\/chronique-de-philippe-reltienr-france-inter\/","title":{"rendered":"22\/07\/05: M\u00e1s informaci\u00f3n sobre la columna de Philippe Reltien en France-Inter el 19 de julio de 2005"},"content":{"rendered":"<h2>Fred Singla particip\u00f3 como invitado en la columna de Philippe Reltien del 19 de julio de 2005.<\/h2>\n<p><a class=\"iframe-fancybox\" href=\"http:\/\/centcols.org\/es\/quoi_de_neuf\/2005\/france-inter_basse.mp3\/\" target=\"_blank\">Escuchar el programa (formato mp3 de baja calidad)<\/a><\/p>\n<p><a class=\"iframe-fancybox\" href=\"http:\/\/centcols.org\/es\/quoi_de_neuf\/2005\/france-inter_haute.mp3\/\" target=\"_blank\">Escuchar el programa (formato mp3 de alta calidad)<\/a><\/p>","protected":false},"excerpt":{"rendered":"<p>Le 19 juillet 2005, dans la chronique de Philippe Reltien, Fred Singla \u00e9tait invit\u00e9. Ecouter l&rsquo;\u00e9mission (format mp3 basse qualit\u00e9) Ecouter l&rsquo;\u00e9mission (format mp3 haute qualit\u00e9)<\/p>","protected":false},"author":3,"featured_media":0,"comment_status":"closed","ping_status":"closed","sticky":false,"template":"","format":"standard","meta":{"_acf_changed":false,"footnotes":""},"categories":[479],"tags":[],"class_list":["post-95300","post","type-post","status-publish","format-standard","hentry","category-479"],"acf":[],"yoast_head":"<!-- This site is optimized with the Yoast SEO plugin v27.2 - https:\/\/yoast.com\/product\/yoast-seo-wordpress\/ -->\n<title>22\/07\/05 : retrouvez la chronique de Philippe Reltien du 19 juillet 2005 sur France-Inter - Club des Cent Cols<\/title>\n<meta name=\"robots\" content=\"index, follow, max-snippet:-1, max-image-preview:large, max-video-preview:-1\" \/>\n<link rel=\"canonical\" href=\"https:\/\/centcols.org\/es\/columna-de-philippe-reltienr-france-inter\/\" \/>\n<meta property=\"og:locale\" content=\"es_ES\" \/>\n<meta property=\"og:type\" content=\"article\" \/>\n<meta property=\"og:title\" content=\"22\/07\/05 : retrouvez la chronique de Philippe Reltien du 19 juillet 2005 sur France-Inter - Club des Cent Cols\" \/>\n<meta property=\"og:description\" content=\"Le 19 juillet 2005, dans la chronique de Philippe Reltien, Fred Singla \u00e9tait invit\u00e9. Ecouter l&rsquo;\u00e9mission (format mp3 basse qualit\u00e9) Ecouter l&rsquo;\u00e9mission (format mp3 haute qualit\u00e9)\" \/>\n<meta property=\"og:url\" content=\"https:\/\/centcols.org\/es\/columna-de-philippe-reltienr-france-inter\/\" \/>\n<meta property=\"og:site_name\" content=\"Club des Cent Cols\" \/>\n<meta property=\"article:publisher\" content=\"https:\/\/www.facebook.com\/groups\/5261880558\/?locale=fr_FR\" \/>\n<meta property=\"article:published_time\" content=\"2005-07-22T21:08:00+00:00\" \/>\n<meta property=\"article:modified_time\" content=\"2026-04-17T21:10:26+00:00\" \/>\n<meta name=\"author\" content=\"Webmestre\" \/>\n<meta name=\"twitter:card\" content=\"summary_large_image\" \/>\n<meta name=\"twitter:label1\" content=\"Escrito por\" \/>\n\t<meta name=\"twitter:data1\" content=\"Webmestre\" \/>\n\t<meta name=\"twitter:label2\" content=\"Tiempo de lectura\" \/>\n\t<meta name=\"twitter:data2\" content=\"1 minuto\" \/>\n<script type=\"application\/ld+json\" class=\"yoast-schema-graph\">{\"@context\":\"https:\/\/schema.org\",\"@graph\":[{\"@type\":\"Article\",\"@id\":\"https:\/\/centcols.org\/es\/chronique-de-philippe-reltienr-france-inter\/#article\",\"isPartOf\":{\"@id\":\"https:\/\/centcols.org\/es\/chronique-de-philippe-reltienr-france-inter\/\"},\"author\":{\"name\":\"Webmestre\",\"@id\":\"https:\/\/centcols.org\/#\/schema\/person\/911b404fb133d8c913dd27cdcf71c8e5\"},\"headline\":\"22\/07\/05 : retrouvez la chronique de Philippe Reltien du 19 juillet 2005 sur France-Inter\",\"datePublished\":\"2005-07-22T21:08:00+00:00\",\"dateModified\":\"2026-04-17T21:10:26+00:00\",\"mainEntityOfPage\":{\"@id\":\"https:\/\/centcols.org\/es\/chronique-de-philippe-reltienr-france-inter\/\"},\"wordCount\":36,\"publisher\":{\"@id\":\"https:\/\/centcols.org\/#organization\"},\"articleSection\":[\"2005\"],\"inLanguage\":\"es\"},{\"@type\":\"WebPage\",\"@id\":\"https:\/\/centcols.org\/es\/chronique-de-philippe-reltienr-france-inter\/\",\"url\":\"https:\/\/centcols.org\/es\/chronique-de-philippe-reltienr-france-inter\/\",\"name\":\"22\/07\/05 : retrouvez la chronique de Philippe Reltien du 19 juillet 2005 sur France-Inter - Club des Cent Cols\",\"isPartOf\":{\"@id\":\"https:\/\/centcols.org\/#website\"},\"datePublished\":\"2005-07-22T21:08:00+00:00\",\"dateModified\":\"2026-04-17T21:10:26+00:00\",\"breadcrumb\":{\"@id\":\"https:\/\/centcols.org\/es\/chronique-de-philippe-reltienr-france-inter\/#breadcrumb\"},\"inLanguage\":\"es\",\"potentialAction\":[{\"@type\":\"ReadAction\",\"target\":[\"https:\/\/centcols.org\/es\/chronique-de-philippe-reltienr-france-inter\/\"]}]},{\"@type\":\"BreadcrumbList\",\"@id\":\"https:\/\/centcols.org\/es\/chronique-de-philippe-reltienr-france-inter\/#breadcrumb\",\"itemListElement\":[{\"@type\":\"ListItem\",\"position\":1,\"name\":\"Accueil\",\"item\":\"https:\/\/centcols.org\/\"},{\"@type\":\"ListItem\",\"position\":2,\"name\":\"Articles de presse et vid\u00e9os\",\"item\":\"https:\/\/centcols.org\/rubrique\/articles-de-presse-et-videos\/\"},{\"@type\":\"ListItem\",\"position\":3,\"name\":\"2005\",\"item\":\"https:\/\/centcols.org\/it\/vai-a\/articoli-di-stampa-e-video\/2005\/\"},{\"@type\":\"ListItem\",\"position\":4,\"name\":\"22\/07\/05 : retrouvez la chronique de Philippe Reltien du 19 juillet 2005 sur France-Inter\"}]},{\"@type\":\"WebSite\",\"@id\":\"https:\/\/centcols.org\/#website\",\"url\":\"https:\/\/centcols.org\/\",\"name\":\"Club des Cent Cols\",\"description\":\"\",\"publisher\":{\"@id\":\"https:\/\/centcols.org\/#organization\"},\"potentialAction\":[{\"@type\":\"SearchAction\",\"target\":{\"@type\":\"EntryPoint\",\"urlTemplate\":\"https:\/\/centcols.org\/?s={search_term_string}\"},\"query-input\":{\"@type\":\"PropertyValueSpecification\",\"valueRequired\":true,\"valueName\":\"search_term_string\"}}],\"inLanguage\":\"es\"},{\"@type\":\"Organization\",\"@id\":\"https:\/\/centcols.org\/#organization\",\"name\":\"Club des Cent Cols\",\"url\":\"https:\/\/centcols.org\/\",\"logo\":{\"@type\":\"ImageObject\",\"inLanguage\":\"es\",\"@id\":\"https:\/\/centcols.org\/#\/schema\/logo\/image\/\",\"url\":\"https:\/\/centcols.org\/wp-content\/uploads\/2025\/01\/carte-icone.png\",\"contentUrl\":\"https:\/\/centcols.org\/wp-content\/uploads\/2025\/01\/carte-icone.png\",\"width\":250,\"height\":250,\"caption\":\"Club des Cent Cols\"},\"image\":{\"@id\":\"https:\/\/centcols.org\/#\/schema\/logo\/image\/\"},\"sameAs\":[\"https:\/\/www.facebook.com\/groups\/5261880558\/?locale=fr_FR\"]},{\"@type\":\"Person\",\"@id\":\"https:\/\/centcols.org\/#\/schema\/person\/911b404fb133d8c913dd27cdcf71c8e5\",\"name\":\"Webmestre\",\"image\":{\"@type\":\"ImageObject\",\"inLanguage\":\"es\",\"@id\":\"https:\/\/centcols.org\/wp-content\/litespeed\/avatar\/2d246e4b6b4f773e08515e1ffc53690b.jpg?ver=1777222892\",\"url\":\"https:\/\/centcols.org\/wp-content\/litespeed\/avatar\/2d246e4b6b4f773e08515e1ffc53690b.jpg?ver=1777222892\",\"contentUrl\":\"https:\/\/centcols.org\/wp-content\/litespeed\/avatar\/2d246e4b6b4f773e08515e1ffc53690b.jpg?ver=1777222892\",\"caption\":\"Webmestre\"},\"url\":\"https:\/\/centcols.org\/es\/author\/webmestre\/\"}]}<\/script>\n<!-- \/ Yoast SEO plugin. -->","yoast_head_json":{"title":"22\/07\/05: encontrar la columna de Philippe Reltien del 19 de julio de 2005 en France-Inter - Club des Cent Cols","robots":{"index":"index","follow":"follow","max-snippet":"max-snippet:-1","max-image-preview":"max-image-preview:large","max-video-preview":"max-video-preview:-1"},"canonical":"https:\/\/centcols.org\/es\/columna-de-philippe-reltienr-france-inter\/","og_locale":"es_ES","og_type":"article","og_title":"22\/07\/05 : retrouvez la chronique de Philippe Reltien du 19 juillet 2005 sur France-Inter - Club des Cent Cols","og_description":"Le 19 juillet 2005, dans la chronique de Philippe Reltien, Fred Singla \u00e9tait invit\u00e9. Ecouter l&rsquo;\u00e9mission (format mp3 basse qualit\u00e9) Ecouter l&rsquo;\u00e9mission (format mp3 haute qualit\u00e9)","og_url":"https:\/\/centcols.org\/es\/columna-de-philippe-reltienr-france-inter\/","og_site_name":"Club des Cent Cols","article_publisher":"https:\/\/www.facebook.com\/groups\/5261880558\/?locale=fr_FR","article_published_time":"2005-07-22T21:08:00+00:00","article_modified_time":"2026-04-17T21:10:26+00:00","author":"Webmestre","twitter_card":"summary_large_image","twitter_misc":{"Escrito por":"Webmestre","Tiempo de lectura":"1 minuto"},"schema":{"@context":"https:\/\/schema.org","@graph":[{"@type":"Article","@id":"https:\/\/centcols.org\/es\/chronique-de-philippe-reltienr-france-inter\/#article","isPartOf":{"@id":"https:\/\/centcols.org\/es\/chronique-de-philippe-reltienr-france-inter\/"},"author":{"name":"Webmestre","@id":"https:\/\/centcols.org\/#\/schema\/person\/911b404fb133d8c913dd27cdcf71c8e5"},"headline":"22\/07\/05 : retrouvez la chronique de Philippe Reltien du 19 juillet 2005 sur France-Inter","datePublished":"2005-07-22T21:08:00+00:00","dateModified":"2026-04-17T21:10:26+00:00","mainEntityOfPage":{"@id":"https:\/\/centcols.org\/es\/chronique-de-philippe-reltienr-france-inter\/"},"wordCount":36,"publisher":{"@id":"https:\/\/centcols.org\/#organization"},"articleSection":["2005"],"inLanguage":"es"},{"@type":"WebPage","@id":"https:\/\/centcols.org\/es\/chronique-de-philippe-reltienr-france-inter\/","url":"https:\/\/centcols.org\/es\/chronique-de-philippe-reltienr-france-inter\/","name":"22\/07\/05: encontrar la columna de Philippe Reltien del 19 de julio de 2005 en France-Inter - Club des Cent Cols","isPartOf":{"@id":"https:\/\/centcols.org\/#website"},"datePublished":"2005-07-22T21:08:00+00:00","dateModified":"2026-04-17T21:10:26+00:00","breadcrumb":{"@id":"https:\/\/centcols.org\/es\/chronique-de-philippe-reltienr-france-inter\/#breadcrumb"},"inLanguage":"es","potentialAction":[{"@type":"ReadAction","target":["https:\/\/centcols.org\/es\/chronique-de-philippe-reltienr-france-inter\/"]}]},{"@type":"BreadcrumbList","@id":"https:\/\/centcols.org\/es\/chronique-de-philippe-reltienr-france-inter\/#breadcrumb","itemListElement":[{"@type":"ListItem","position":1,"name":"Accueil","item":"https:\/\/centcols.org\/"},{"@type":"ListItem","position":2,"name":"Articles de presse et vid\u00e9os","item":"https:\/\/centcols.org\/rubrique\/articles-de-presse-et-videos\/"},{"@type":"ListItem","position":3,"name":"2005","item":"https:\/\/centcols.org\/it\/vai-a\/articoli-di-stampa-e-video\/2005\/"},{"@type":"ListItem","position":4,"name":"22\/07\/05 : retrouvez la chronique de Philippe Reltien du 19 juillet 2005 sur France-Inter"}]},{"@type":"WebSite","@id":"https:\/\/centcols.org\/#website","url":"https:\/\/centcols.org\/","name":"Club des Cent Cols","description":"","publisher":{"@id":"https:\/\/centcols.org\/#organization"},"potentialAction":[{"@type":"SearchAction","target":{"@type":"EntryPoint","urlTemplate":"https:\/\/centcols.org\/?s={search_term_string}"},"query-input":{"@type":"PropertyValueSpecification","valueRequired":true,"valueName":"search_term_string"}}],"inLanguage":"es"},{"@type":"Organization","@id":"https:\/\/centcols.org\/#organization","name":"Club des Cent Cols","url":"https:\/\/centcols.org\/","logo":{"@type":"ImageObject","inLanguage":"es","@id":"https:\/\/centcols.org\/#\/schema\/logo\/image\/","url":"https:\/\/centcols.org\/wp-content\/uploads\/2025\/01\/carte-icone.png","contentUrl":"https:\/\/centcols.org\/wp-content\/uploads\/2025\/01\/carte-icone.png","width":250,"height":250,"caption":"Club des Cent Cols"},"image":{"@id":"https:\/\/centcols.org\/#\/schema\/logo\/image\/"},"sameAs":["https:\/\/www.facebook.com\/groups\/5261880558\/?locale=fr_FR"]},{"@type":"Person","@id":"https:\/\/centcols.org\/#\/schema\/person\/911b404fb133d8c913dd27cdcf71c8e5","name":"Webmaster","image":{"@type":"ImageObject","inLanguage":"es","@id":"https:\/\/centcols.org\/wp-content\/litespeed\/avatar\/2d246e4b6b4f773e08515e1ffc53690b.jpg?ver=1777222892","url":"https:\/\/centcols.org\/wp-content\/litespeed\/avatar\/2d246e4b6b4f773e08515e1ffc53690b.jpg?ver=1777222892","contentUrl":"https:\/\/centcols.org\/wp-content\/litespeed\/avatar\/2d246e4b6b4f773e08515e1ffc53690b.jpg?ver=1777222892","caption":"Webmestre"},"url":"https:\/\/centcols.org\/es\/author\/webmestre\/"}]}},"_links":{"self":[{"href":"https:\/\/centcols.org\/es\/wp-json\/wp\/v2\/posts\/95300","targetHints":{"allow":["GET"]}}],"collection":[{"href":"https:\/\/centcols.org\/es\/wp-json\/wp\/v2\/posts"}],"about":[{"href":"https:\/\/centcols.org\/es\/wp-json\/wp\/v2\/types\/post"}],"author":[{"embeddable":true,"href":"https:\/\/centcols.org\/es\/wp-json\/wp\/v2\/users\/3"}],"replies":[{"embeddable":true,"href":"https:\/\/centcols.org\/es\/wp-json\/wp\/v2\/comments?post=95300"}],"version-history":[{"count":0,"href":"https:\/\/centcols.org\/es\/wp-json\/wp\/v2\/posts\/95300\/revisions"}],"wp:attachment":[{"href":"https:\/\/centcols.org\/es\/wp-json\/wp\/v2\/media?parent=95300"}],"wp:term":[{"taxonomy":"category","embeddable":true,"href":"https:\/\/centcols.org\/es\/wp-json\/wp\/v2\/categories?post=95300"},{"taxonomy":"post_tag","embeddable":true,"href":"https:\/\/centcols.org\/es\/wp-json\/wp\/v2\/tags?post=95300"}],"curies":[{"name":"wp","href":"https:\/\/api.w.org\/{rel}","templated":true}]}}