{"id":95309,"date":"2005-11-12T23:15:00","date_gmt":"2005-11-12T21:15:00","guid":{"rendered":"https:\/\/centcols.org\/?p=95309"},"modified":"2026-04-17T23:17:46","modified_gmt":"2026-04-17T21:17:46","slug":"dominique-bonnemain-ferviente-defensor-del-ciclismo","status":"publish","type":"post","link":"https:\/\/centcols.org\/es\/dominique-bonnemain-ardent-defenseur-du-cyclisme\/","title":{"rendered":"12\/11\/05: Art\u00edculo de prensa publicado en el n\u00famero de oto\u00f1o de 2005 de la revista \u00abV\u00e9lo Romand\u00bb: Dominique Bonnemain, ardiente defensor del ciclismo"},"content":{"rendered":"<figure class=\"wp-block-image size-full\"><img loading=\"lazy\" decoding=\"async\" width=\"774\" height=\"1104\" src=\"https:\/\/centcols.org\/wp-content\/uploads\/2025\/05\/dominique_bonnemain.jpg\" alt=\"\" class=\"wp-image-81074\" srcset=\"https:\/\/centcols.org\/wp-content\/uploads\/2025\/05\/dominique_bonnemain.jpg 774w, https:\/\/centcols.org\/wp-content\/uploads\/2025\/05\/dominique_bonnemain-768x1095.jpg 768w\" sizes=\"auto, (max-width: 774px) 100vw, 774px\" \/><\/figure>\n\n\n\n<p><\/p>","protected":false},"excerpt":{"rendered":"","protected":false},"author":3,"featured_media":81074,"comment_status":"closed","ping_status":"closed","sticky":false,"template":"","format":"standard","meta":{"_acf_changed":false,"footnotes":""},"categories":[479],"tags":[],"class_list":["post-95309","post","type-post","status-publish","format-standard","has-post-thumbnail","hentry","category-479"],"acf":[],"yoast_head":"<!-- This site is optimized with the Yoast SEO plugin v27.2 - https:\/\/yoast.com\/product\/yoast-seo-wordpress\/ -->\n<title>12\/11\/05 : Article de presse paru dans le magazine &quot;V\u00e9lo Romand&quot; automne 2005 : Dominique Bonnemain, ardent d\u00e9fenseur du cyclisme - Club des Cent Cols<\/title>\n<meta name=\"robots\" content=\"index, follow, max-snippet:-1, max-image-preview:large, max-video-preview:-1\" \/>\n<link rel=\"canonical\" href=\"https:\/\/centcols.org\/es\/dominique-bonnemain-ferviente-defensor-del-ciclismo\/\" \/>\n<meta property=\"og:locale\" content=\"es_ES\" \/>\n<meta property=\"og:type\" content=\"article\" \/>\n<meta property=\"og:title\" content=\"12\/11\/05 : Article de presse paru dans le magazine &quot;V\u00e9lo Romand&quot; automne 2005 : Dominique Bonnemain, ardent d\u00e9fenseur du cyclisme - Club des Cent Cols\" \/>\n<meta property=\"og:url\" content=\"https:\/\/centcols.org\/es\/dominique-bonnemain-ferviente-defensor-del-ciclismo\/\" \/>\n<meta property=\"og:site_name\" content=\"Club des Cent Cols\" \/>\n<meta property=\"article:publisher\" content=\"https:\/\/www.facebook.com\/groups\/5261880558\/?locale=fr_FR\" \/>\n<meta property=\"article:published_time\" content=\"2005-11-12T21:15:00+00:00\" \/>\n<meta property=\"article:modified_time\" content=\"2026-04-17T21:17:46+00:00\" \/>\n<meta property=\"og:image\" content=\"https:\/\/centcols.org\/wp-content\/uploads\/2025\/05\/dominique_bonnemain.jpg\" \/>\n\t<meta property=\"og:image:width\" content=\"774\" \/>\n\t<meta property=\"og:image:height\" content=\"1104\" \/>\n\t<meta property=\"og:image:type\" content=\"image\/jpeg\" \/>\n<meta name=\"author\" content=\"Webmestre\" \/>\n<meta name=\"twitter:card\" content=\"summary_large_image\" \/>\n<meta name=\"twitter:label1\" content=\"Escrito por\" \/>\n\t<meta name=\"twitter:data1\" content=\"Webmestre\" \/>\n\t<meta name=\"twitter:label2\" content=\"Tiempo de lectura\" \/>\n\t<meta name=\"twitter:data2\" content=\"1 minuto\" \/>\n<script type=\"application\/ld+json\" class=\"yoast-schema-graph\">{\"@context\":\"https:\/\/schema.org\",\"@graph\":[{\"@type\":\"Article\",\"@id\":\"https:\/\/centcols.org\/es\/dominique-bonnemain-ardent-defenseur-du-cyclisme\/#article\",\"isPartOf\":{\"@id\":\"https:\/\/centcols.org\/es\/dominique-bonnemain-ardent-defenseur-du-cyclisme\/\"},\"author\":{\"name\":\"Webmestre\",\"@id\":\"https:\/\/centcols.org\/#\/schema\/person\/911b404fb133d8c913dd27cdcf71c8e5\"},\"headline\":\"12\/11\/05 : Article de presse paru dans le magazine \u00ab\u00a0V\u00e9lo Romand\u00a0\u00bb automne 2005 : Dominique Bonnemain, ardent d\u00e9fenseur du cyclisme\",\"datePublished\":\"2005-11-12T21:15:00+00:00\",\"dateModified\":\"2026-04-17T21:17:46+00:00\",\"mainEntityOfPage\":{\"@id\":\"https:\/\/centcols.org\/es\/dominique-bonnemain-ardent-defenseur-du-cyclisme\/\"},\"wordCount\":18,\"publisher\":{\"@id\":\"https:\/\/centcols.org\/#organization\"},\"image\":{\"@id\":\"https:\/\/centcols.org\/es\/dominique-bonnemain-ardent-defenseur-du-cyclisme\/#primaryimage\"},\"thumbnailUrl\":\"https:\/\/centcols.org\/wp-content\/uploads\/2025\/05\/dominique_bonnemain.jpg\",\"articleSection\":[\"2005\"],\"inLanguage\":\"es\"},{\"@type\":\"WebPage\",\"@id\":\"https:\/\/centcols.org\/es\/dominique-bonnemain-ardent-defenseur-du-cyclisme\/\",\"url\":\"https:\/\/centcols.org\/es\/dominique-bonnemain-ardent-defenseur-du-cyclisme\/\",\"name\":\"12\/11\/05 : Article de presse paru dans le magazine \\\"V\u00e9lo Romand\\\" automne 2005 : Dominique Bonnemain, ardent d\u00e9fenseur du cyclisme - Club des Cent Cols\",\"isPartOf\":{\"@id\":\"https:\/\/centcols.org\/#website\"},\"primaryImageOfPage\":{\"@id\":\"https:\/\/centcols.org\/es\/dominique-bonnemain-ardent-defenseur-du-cyclisme\/#primaryimage\"},\"image\":{\"@id\":\"https:\/\/centcols.org\/es\/dominique-bonnemain-ardent-defenseur-du-cyclisme\/#primaryimage\"},\"thumbnailUrl\":\"https:\/\/centcols.org\/wp-content\/uploads\/2025\/05\/dominique_bonnemain.jpg\",\"datePublished\":\"2005-11-12T21:15:00+00:00\",\"dateModified\":\"2026-04-17T21:17:46+00:00\",\"breadcrumb\":{\"@id\":\"https:\/\/centcols.org\/es\/dominique-bonnemain-ardent-defenseur-du-cyclisme\/#breadcrumb\"},\"inLanguage\":\"es\",\"potentialAction\":[{\"@type\":\"ReadAction\",\"target\":[\"https:\/\/centcols.org\/es\/dominique-bonnemain-ardent-defenseur-du-cyclisme\/\"]}]},{\"@type\":\"ImageObject\",\"inLanguage\":\"es\",\"@id\":\"https:\/\/centcols.org\/es\/dominique-bonnemain-ardent-defenseur-du-cyclisme\/#primaryimage\",\"url\":\"https:\/\/centcols.org\/wp-content\/uploads\/2025\/05\/dominique_bonnemain.jpg\",\"contentUrl\":\"https:\/\/centcols.org\/wp-content\/uploads\/2025\/05\/dominique_bonnemain.jpg\",\"width\":774,\"height\":1104},{\"@type\":\"BreadcrumbList\",\"@id\":\"https:\/\/centcols.org\/es\/dominique-bonnemain-ardent-defenseur-du-cyclisme\/#breadcrumb\",\"itemListElement\":[{\"@type\":\"ListItem\",\"position\":1,\"name\":\"Accueil\",\"item\":\"https:\/\/centcols.org\/\"},{\"@type\":\"ListItem\",\"position\":2,\"name\":\"Articles de presse et vid\u00e9os\",\"item\":\"https:\/\/centcols.org\/rubrique\/articles-de-presse-et-videos\/\"},{\"@type\":\"ListItem\",\"position\":3,\"name\":\"2005\",\"item\":\"https:\/\/centcols.org\/it\/vai-a\/articoli-di-stampa-e-video\/2005\/\"},{\"@type\":\"ListItem\",\"position\":4,\"name\":\"12\/11\/05 : Article de presse paru dans le magazine \u00ab\u00a0V\u00e9lo Romand\u00a0\u00bb automne 2005 : Dominique Bonnemain, ardent d\u00e9fenseur du cyclisme\"}]},{\"@type\":\"WebSite\",\"@id\":\"https:\/\/centcols.org\/#website\",\"url\":\"https:\/\/centcols.org\/\",\"name\":\"Club des Cent Cols\",\"description\":\"\",\"publisher\":{\"@id\":\"https:\/\/centcols.org\/#organization\"},\"potentialAction\":[{\"@type\":\"SearchAction\",\"target\":{\"@type\":\"EntryPoint\",\"urlTemplate\":\"https:\/\/centcols.org\/?s={search_term_string}\"},\"query-input\":{\"@type\":\"PropertyValueSpecification\",\"valueRequired\":true,\"valueName\":\"search_term_string\"}}],\"inLanguage\":\"es\"},{\"@type\":\"Organization\",\"@id\":\"https:\/\/centcols.org\/#organization\",\"name\":\"Club des Cent Cols\",\"url\":\"https:\/\/centcols.org\/\",\"logo\":{\"@type\":\"ImageObject\",\"inLanguage\":\"es\",\"@id\":\"https:\/\/centcols.org\/#\/schema\/logo\/image\/\",\"url\":\"https:\/\/centcols.org\/wp-content\/uploads\/2025\/01\/carte-icone.png\",\"contentUrl\":\"https:\/\/centcols.org\/wp-content\/uploads\/2025\/01\/carte-icone.png\",\"width\":250,\"height\":250,\"caption\":\"Club des Cent Cols\"},\"image\":{\"@id\":\"https:\/\/centcols.org\/#\/schema\/logo\/image\/\"},\"sameAs\":[\"https:\/\/www.facebook.com\/groups\/5261880558\/?locale=fr_FR\"]},{\"@type\":\"Person\",\"@id\":\"https:\/\/centcols.org\/#\/schema\/person\/911b404fb133d8c913dd27cdcf71c8e5\",\"name\":\"Webmestre\",\"image\":{\"@type\":\"ImageObject\",\"inLanguage\":\"es\",\"@id\":\"https:\/\/centcols.org\/wp-content\/litespeed\/avatar\/2d246e4b6b4f773e08515e1ffc53690b.jpg?ver=1777222892\",\"url\":\"https:\/\/centcols.org\/wp-content\/litespeed\/avatar\/2d246e4b6b4f773e08515e1ffc53690b.jpg?ver=1777222892\",\"contentUrl\":\"https:\/\/centcols.org\/wp-content\/litespeed\/avatar\/2d246e4b6b4f773e08515e1ffc53690b.jpg?ver=1777222892\",\"caption\":\"Webmestre\"},\"url\":\"https:\/\/centcols.org\/es\/author\/webmestre\/\"}]}<\/script>\n<!-- \/ Yoast SEO plugin. -->","yoast_head_json":{"title":"12\/11\/05: Art\u00edculo de prensa publicado en la revista \"V\u00e9lo Romand\" Oto\u00f1o 2005: Dominique Bonnemain, ardiente defensor del ciclismo - Club des Cent Cols","robots":{"index":"index","follow":"follow","max-snippet":"max-snippet:-1","max-image-preview":"max-image-preview:large","max-video-preview":"max-video-preview:-1"},"canonical":"https:\/\/centcols.org\/es\/dominique-bonnemain-ferviente-defensor-del-ciclismo\/","og_locale":"es_ES","og_type":"article","og_title":"12\/11\/05 : Article de presse paru dans le magazine \"V\u00e9lo Romand\" automne 2005 : Dominique Bonnemain, ardent d\u00e9fenseur du cyclisme - Club des Cent Cols","og_url":"https:\/\/centcols.org\/es\/dominique-bonnemain-ferviente-defensor-del-ciclismo\/","og_site_name":"Club des Cent Cols","article_publisher":"https:\/\/www.facebook.com\/groups\/5261880558\/?locale=fr_FR","article_published_time":"2005-11-12T21:15:00+00:00","article_modified_time":"2026-04-17T21:17:46+00:00","og_image":[{"width":774,"height":1104,"url":"https:\/\/centcols.org\/wp-content\/uploads\/2025\/05\/dominique_bonnemain.jpg","type":"image\/jpeg"}],"author":"Webmestre","twitter_card":"summary_large_image","twitter_misc":{"Escrito por":"Webmestre","Tiempo de lectura":"1 minuto"},"schema":{"@context":"https:\/\/schema.org","@graph":[{"@type":"Article","@id":"https:\/\/centcols.org\/es\/dominique-bonnemain-ardent-defenseur-du-cyclisme\/#article","isPartOf":{"@id":"https:\/\/centcols.org\/es\/dominique-bonnemain-ardent-defenseur-du-cyclisme\/"},"author":{"name":"Webmestre","@id":"https:\/\/centcols.org\/#\/schema\/person\/911b404fb133d8c913dd27cdcf71c8e5"},"headline":"12\/11\/05 : Article de presse paru dans le magazine \u00ab\u00a0V\u00e9lo Romand\u00a0\u00bb automne 2005 : Dominique Bonnemain, ardent d\u00e9fenseur du cyclisme","datePublished":"2005-11-12T21:15:00+00:00","dateModified":"2026-04-17T21:17:46+00:00","mainEntityOfPage":{"@id":"https:\/\/centcols.org\/es\/dominique-bonnemain-ardent-defenseur-du-cyclisme\/"},"wordCount":18,"publisher":{"@id":"https:\/\/centcols.org\/#organization"},"image":{"@id":"https:\/\/centcols.org\/es\/dominique-bonnemain-ardent-defenseur-du-cyclisme\/#primaryimage"},"thumbnailUrl":"https:\/\/centcols.org\/wp-content\/uploads\/2025\/05\/dominique_bonnemain.jpg","articleSection":["2005"],"inLanguage":"es"},{"@type":"WebPage","@id":"https:\/\/centcols.org\/es\/dominique-bonnemain-ardent-defenseur-du-cyclisme\/","url":"https:\/\/centcols.org\/es\/dominique-bonnemain-ardent-defenseur-du-cyclisme\/","name":"12\/11\/05: Art\u00edculo de prensa publicado en la revista \"V\u00e9lo Romand\" Oto\u00f1o 2005: Dominique Bonnemain, ardiente defensor del ciclismo - Club des Cent Cols","isPartOf":{"@id":"https:\/\/centcols.org\/#website"},"primaryImageOfPage":{"@id":"https:\/\/centcols.org\/es\/dominique-bonnemain-ardent-defenseur-du-cyclisme\/#primaryimage"},"image":{"@id":"https:\/\/centcols.org\/es\/dominique-bonnemain-ardent-defenseur-du-cyclisme\/#primaryimage"},"thumbnailUrl":"https:\/\/centcols.org\/wp-content\/uploads\/2025\/05\/dominique_bonnemain.jpg","datePublished":"2005-11-12T21:15:00+00:00","dateModified":"2026-04-17T21:17:46+00:00","breadcrumb":{"@id":"https:\/\/centcols.org\/es\/dominique-bonnemain-ardent-defenseur-du-cyclisme\/#breadcrumb"},"inLanguage":"es","potentialAction":[{"@type":"ReadAction","target":["https:\/\/centcols.org\/es\/dominique-bonnemain-ardent-defenseur-du-cyclisme\/"]}]},{"@type":"ImageObject","inLanguage":"es","@id":"https:\/\/centcols.org\/es\/dominique-bonnemain-ardent-defenseur-du-cyclisme\/#primaryimage","url":"https:\/\/centcols.org\/wp-content\/uploads\/2025\/05\/dominique_bonnemain.jpg","contentUrl":"https:\/\/centcols.org\/wp-content\/uploads\/2025\/05\/dominique_bonnemain.jpg","width":774,"height":1104},{"@type":"BreadcrumbList","@id":"https:\/\/centcols.org\/es\/dominique-bonnemain-ardent-defenseur-du-cyclisme\/#breadcrumb","itemListElement":[{"@type":"ListItem","position":1,"name":"Accueil","item":"https:\/\/centcols.org\/"},{"@type":"ListItem","position":2,"name":"Articles de presse et vid\u00e9os","item":"https:\/\/centcols.org\/rubrique\/articles-de-presse-et-videos\/"},{"@type":"ListItem","position":3,"name":"2005","item":"https:\/\/centcols.org\/it\/vai-a\/articoli-di-stampa-e-video\/2005\/"},{"@type":"ListItem","position":4,"name":"12\/11\/05 : Article de presse paru dans le magazine \u00ab\u00a0V\u00e9lo Romand\u00a0\u00bb automne 2005 : Dominique Bonnemain, ardent d\u00e9fenseur du cyclisme"}]},{"@type":"WebSite","@id":"https:\/\/centcols.org\/#website","url":"https:\/\/centcols.org\/","name":"Club des Cent Cols","description":"","publisher":{"@id":"https:\/\/centcols.org\/#organization"},"potentialAction":[{"@type":"SearchAction","target":{"@type":"EntryPoint","urlTemplate":"https:\/\/centcols.org\/?s={search_term_string}"},"query-input":{"@type":"PropertyValueSpecification","valueRequired":true,"valueName":"search_term_string"}}],"inLanguage":"es"},{"@type":"Organization","@id":"https:\/\/centcols.org\/#organization","name":"Club des Cent Cols","url":"https:\/\/centcols.org\/","logo":{"@type":"ImageObject","inLanguage":"es","@id":"https:\/\/centcols.org\/#\/schema\/logo\/image\/","url":"https:\/\/centcols.org\/wp-content\/uploads\/2025\/01\/carte-icone.png","contentUrl":"https:\/\/centcols.org\/wp-content\/uploads\/2025\/01\/carte-icone.png","width":250,"height":250,"caption":"Club des Cent Cols"},"image":{"@id":"https:\/\/centcols.org\/#\/schema\/logo\/image\/"},"sameAs":["https:\/\/www.facebook.com\/groups\/5261880558\/?locale=fr_FR"]},{"@type":"Person","@id":"https:\/\/centcols.org\/#\/schema\/person\/911b404fb133d8c913dd27cdcf71c8e5","name":"Webmaster","image":{"@type":"ImageObject","inLanguage":"es","@id":"https:\/\/centcols.org\/wp-content\/litespeed\/avatar\/2d246e4b6b4f773e08515e1ffc53690b.jpg?ver=1777222892","url":"https:\/\/centcols.org\/wp-content\/litespeed\/avatar\/2d246e4b6b4f773e08515e1ffc53690b.jpg?ver=1777222892","contentUrl":"https:\/\/centcols.org\/wp-content\/litespeed\/avatar\/2d246e4b6b4f773e08515e1ffc53690b.jpg?ver=1777222892","caption":"Webmestre"},"url":"https:\/\/centcols.org\/es\/author\/webmestre\/"}]}},"_links":{"self":[{"href":"https:\/\/centcols.org\/es\/wp-json\/wp\/v2\/posts\/95309","targetHints":{"allow":["GET"]}}],"collection":[{"href":"https:\/\/centcols.org\/es\/wp-json\/wp\/v2\/posts"}],"about":[{"href":"https:\/\/centcols.org\/es\/wp-json\/wp\/v2\/types\/post"}],"author":[{"embeddable":true,"href":"https:\/\/centcols.org\/es\/wp-json\/wp\/v2\/users\/3"}],"replies":[{"embeddable":true,"href":"https:\/\/centcols.org\/es\/wp-json\/wp\/v2\/comments?post=95309"}],"version-history":[{"count":0,"href":"https:\/\/centcols.org\/es\/wp-json\/wp\/v2\/posts\/95309\/revisions"}],"wp:featuredmedia":[{"embeddable":true,"href":"https:\/\/centcols.org\/es\/wp-json\/wp\/v2\/media\/81074"}],"wp:attachment":[{"href":"https:\/\/centcols.org\/es\/wp-json\/wp\/v2\/media?parent=95309"}],"wp:term":[{"taxonomy":"category","embeddable":true,"href":"https:\/\/centcols.org\/es\/wp-json\/wp\/v2\/categories?post=95309"},{"taxonomy":"post_tag","embeddable":true,"href":"https:\/\/centcols.org\/es\/wp-json\/wp\/v2\/tags?post=95309"}],"curies":[{"name":"wp","href":"https:\/\/api.w.org\/{rel}","templated":true}]}}