{"id":79455,"date":"2025-02-05T10:05:39","date_gmt":"2025-02-05T08:05:39","guid":{"rendered":"https:\/\/centcols.org\/le-coreg-corse-se-presente\/"},"modified":"2025-09-09T13:05:30","modified_gmt":"2025-09-09T11:05:30","slug":"il-coreg-corsicano-si-presenta","status":"publish","type":"post","link":"https:\/\/centcols.org\/it\/le-coreg-corse-se-presente\/","title":{"rendered":"Coreg Corse si presenta"},"content":{"rendered":"<h3 class=\"wp-block-heading\">Attivit\u00e0 e soggiorni principali<\/h3>\n\n\n\n<p class=\"has-medium-font-size\">Lo sviluppo della FFCT in Corsica, che \u00e8 stato quasi confidenziale, non \u00e8 mai stato significativo e il numero di club affiliati si \u00e8 sempre contato sulle dita di una mano.<\/p>\n\n\n\n<p class=\"has-medium-font-size\">Numerosi viaggi sono stati organizzati dalla Commissione Turismo della FFCT e dai vari Codep continentali, ma il seme non \u00e8 stato gettato.<\/p>\n\n\n\n<p class=\"has-medium-font-size\">Anche due tappe del FFCT Tour Cyclo non hanno generato nuove iscrizioni. <\/p>\n\n\n\n<p class=\"has-medium-font-size\">In contrasto con questo quadro un po' cupo, il numero di persone che partecipano alle vacanze in bicicletta \u00e8 ancora a livelli record, in particolare per i tour itineranti e i tour organizzati da Coreg Corse. Si potrebbe dire che \u00e8 normale, perch\u00e9 tutti gli organizzatori lavorano duramente per far scoprire e apprezzare la loro regione.<\/p>\n\n\n\n<p class=\"has-medium-font-size\">Terra di contrasti, vera e propria montagna nel mare, battezzata \"Kallist\u00e9\" la pi\u00f9 bella dai greci, la Corsica affascina i visitatori con lo splendore dei suoi paesaggi selvaggi e variegati. I cicloturisti apprezzeranno il fascino dell'isola della bellezza, con gli itinerari \"mare y monti\" che percorrono le strade secondarie della Corsica pi\u00f9 profonda, con tappe a Propriano, Porto-Vecchio, Corte, Piedicroce, Saint Florent, Cap Corse, Algajola, Porto e Ajaccio.<\/p>\n\n\n\n<p class=\"has-medium-font-size\">Il fascino inesauribile della Corsica ha spinto un appassionato ciclista a partecipare al suo ventitreesimo Tour de Corse! Il tour prevede escursioni marittime, con visite alle grotte marine di Bonifacio, alle isole Lavezzi e alla riserva naturale di Scandola.<\/p>\n\n\n\n<p class=\"has-medium-font-size\">I non-pedalanti hanno a disposizione veicoli a noleggio e partecipano pienamente all'atmosfera amichevole. La principale risorsa delle organizzazioni Coreg Corse \u00e8 la Corsica con i corsi. Un anno, per esempio, sono state rubate 7 biciclette dal garage dell'H\u00f4tel de la 2<sup>th<\/sup> Il tour \u00e8 proseguito con il noleggio di veicoli per le vittime fino al 4<sup>th<\/sup> A questo punto, li aspettavano 7 biciclette in carbonio con pedali in tinta con le scarpe, noleggiate da un negozio di biciclette di Bastia e trasportate a Zicavo da un amico di Ajaccio!<\/p>\n\n\n\n<p class=\"has-medium-font-size\">Tour de Corse e Tour de Force...! Dopo diversi mesi di battaglie legali, Coreg ha avuto la meglio sulla compagnia assicurativa dell'hotel e ha ottenuto un risarcimento completo per le vittime del furto.<\/p>\n\n\n\n<p class=\"has-medium-font-size\">Una regola fondamentale della FFCT viene sempre applicata: si parte insieme e si arriva insieme.<\/p>\n\n\n\n<p class=\"has-medium-font-size\"><strong>Francesco PIETRA : <\/strong>Presidente del COREG Corsica per la FFCT - Tel: 06 60 81 82 26<\/p>\n\n\n<div class=\"wp-block-image\">\n<figure class=\"aligncenter size-full\"><img loading=\"lazy\" decoding=\"async\" width=\"177\" height=\"155\" src=\"https:\/\/centcols.org\/wp-content\/uploads\/2025\/02\/Image1-1.jpg\" alt=\"\" class=\"wp-image-89302\" srcset=\"https:\/\/centcols.org\/wp-content\/uploads\/2025\/02\/Image1-1.jpg 177w, https:\/\/centcols.org\/wp-content\/uploads\/2025\/02\/Image1-1-14x12.jpg 14w\" sizes=\"auto, (max-width: 177px) 100vw, 177px\" \/><\/figure>\n<\/div>\n\n\n<p><\/p>","protected":false},"excerpt":{"rendered":"<p>Activit\u00e9 principale et s\u00e9jours Le d\u00e9veloppement de la FFCT en Corse, presque confidentiel, n\u2019a jamais \u00e9t\u00e9 notable et le nombre de clubs affili\u00e9s s\u2019est toujours compt\u00e9 sur les doigts d\u2019une seule main. Nombreux ont \u00e9t\u00e9 les s\u00e9jours organis\u00e9s aussi bien par la Commission Tourisme FFCT que par les diff\u00e9rents Codep continentaux, mais la graine n\u2019a [&hellip;]<\/p>\n","protected":false},"author":2,"featured_media":79456,"comment_status":"open","ping_status":"closed","sticky":false,"template":"","format":"standard","meta":{"_acf_changed":false,"footnotes":""},"categories":[422],"tags":[],"class_list":["post-79455","post","type-post","status-publish","format-standard","has-post-thumbnail","hentry","category-partenaires"],"acf":[],"yoast_head":"<!-- This site is optimized with the Yoast SEO plugin v27.2 - https:\/\/yoast.com\/product\/yoast-seo-wordpress\/ -->\n<title>Le Coreg Corse se pr\u00e9sente - Club des Cent Cols<\/title>\n<meta name=\"robots\" content=\"index, follow, max-snippet:-1, max-image-preview:large, max-video-preview:-1\" \/>\n<link rel=\"canonical\" href=\"https:\/\/centcols.org\/it\/il-coreg-corsicano-si-presenta\/\" \/>\n<meta property=\"og:locale\" content=\"it_IT\" \/>\n<meta property=\"og:type\" content=\"article\" \/>\n<meta property=\"og:title\" content=\"Le Coreg Corse se pr\u00e9sente - Club des Cent Cols\" \/>\n<meta property=\"og:description\" content=\"Activit\u00e9 principale et s\u00e9jours Le d\u00e9veloppement de la FFCT en Corse, presque confidentiel, n\u2019a jamais \u00e9t\u00e9 notable et le nombre de clubs affili\u00e9s s\u2019est toujours compt\u00e9 sur les doigts d\u2019une seule main. Nombreux ont \u00e9t\u00e9 les s\u00e9jours organis\u00e9s aussi bien par la Commission Tourisme FFCT que par les diff\u00e9rents Codep continentaux, mais la graine n\u2019a [&hellip;]\" \/>\n<meta property=\"og:url\" content=\"https:\/\/centcols.org\/it\/il-coreg-corsicano-si-presenta\/\" \/>\n<meta property=\"og:site_name\" content=\"Club des Cent Cols\" \/>\n<meta property=\"article:publisher\" content=\"https:\/\/www.facebook.com\/groups\/5261880558\/?locale=fr_FR\" \/>\n<meta property=\"article:published_time\" content=\"2025-02-05T08:05:39+00:00\" \/>\n<meta property=\"article:modified_time\" content=\"2025-09-09T11:05:30+00:00\" \/>\n<meta property=\"og:image\" content=\"https:\/\/centcols.org\/wp-content\/uploads\/2025\/02\/Image1.jpg\" \/>\n\t<meta property=\"og:image:width\" content=\"177\" \/>\n\t<meta property=\"og:image:height\" content=\"155\" \/>\n\t<meta property=\"og:image:type\" content=\"image\/jpeg\" \/>\n<meta name=\"author\" content=\"fabien\" \/>\n<meta name=\"twitter:card\" content=\"summary_large_image\" \/>\n<meta name=\"twitter:label1\" content=\"Scritto da\" \/>\n\t<meta name=\"twitter:data1\" content=\"fabien\" \/>\n\t<meta name=\"twitter:label2\" content=\"Tempo di lettura stimato\" \/>\n\t<meta name=\"twitter:data2\" content=\"3 minuti\" \/>\n<script type=\"application\/ld+json\" class=\"yoast-schema-graph\">{\"@context\":\"https:\/\/schema.org\",\"@graph\":[{\"@type\":\"Article\",\"@id\":\"https:\/\/centcols.org\/le-coreg-corse-se-presente\/#article\",\"isPartOf\":{\"@id\":\"https:\/\/centcols.org\/le-coreg-corse-se-presente\/\"},\"author\":{\"name\":\"fabien\",\"@id\":\"https:\/\/centcols.org\/#\/schema\/person\/fcdb31e57ffa95295c9683ffdda82afa\"},\"headline\":\"Le Coreg Corse se pr\u00e9sente\",\"datePublished\":\"2025-02-05T08:05:39+00:00\",\"dateModified\":\"2025-09-09T11:05:30+00:00\",\"mainEntityOfPage\":{\"@id\":\"https:\/\/centcols.org\/le-coreg-corse-se-presente\/\"},\"wordCount\":425,\"commentCount\":0,\"publisher\":{\"@id\":\"https:\/\/centcols.org\/#organization\"},\"image\":{\"@id\":\"https:\/\/centcols.org\/le-coreg-corse-se-presente\/#primaryimage\"},\"thumbnailUrl\":\"https:\/\/centcols.org\/wp-content\/uploads\/2025\/02\/Image1.jpg\",\"articleSection\":[\"Partenaires\"],\"inLanguage\":\"it-IT\",\"potentialAction\":[{\"@type\":\"CommentAction\",\"name\":\"Comment\",\"target\":[\"https:\/\/centcols.org\/le-coreg-corse-se-presente\/#respond\"]}]},{\"@type\":\"WebPage\",\"@id\":\"https:\/\/centcols.org\/le-coreg-corse-se-presente\/\",\"url\":\"https:\/\/centcols.org\/le-coreg-corse-se-presente\/\",\"name\":\"Le Coreg Corse se pr\u00e9sente - Club des Cent Cols\",\"isPartOf\":{\"@id\":\"https:\/\/centcols.org\/#website\"},\"primaryImageOfPage\":{\"@id\":\"https:\/\/centcols.org\/le-coreg-corse-se-presente\/#primaryimage\"},\"image\":{\"@id\":\"https:\/\/centcols.org\/le-coreg-corse-se-presente\/#primaryimage\"},\"thumbnailUrl\":\"https:\/\/centcols.org\/wp-content\/uploads\/2025\/02\/Image1.jpg\",\"datePublished\":\"2025-02-05T08:05:39+00:00\",\"dateModified\":\"2025-09-09T11:05:30+00:00\",\"breadcrumb\":{\"@id\":\"https:\/\/centcols.org\/le-coreg-corse-se-presente\/#breadcrumb\"},\"inLanguage\":\"it-IT\",\"potentialAction\":[{\"@type\":\"ReadAction\",\"target\":[\"https:\/\/centcols.org\/le-coreg-corse-se-presente\/\"]}]},{\"@type\":\"ImageObject\",\"inLanguage\":\"it-IT\",\"@id\":\"https:\/\/centcols.org\/le-coreg-corse-se-presente\/#primaryimage\",\"url\":\"https:\/\/centcols.org\/wp-content\/uploads\/2025\/02\/Image1.jpg\",\"contentUrl\":\"https:\/\/centcols.org\/wp-content\/uploads\/2025\/02\/Image1.jpg\",\"width\":177,\"height\":155},{\"@type\":\"BreadcrumbList\",\"@id\":\"https:\/\/centcols.org\/le-coreg-corse-se-presente\/#breadcrumb\",\"itemListElement\":[{\"@type\":\"ListItem\",\"position\":1,\"name\":\"Accueil\",\"item\":\"https:\/\/centcols.org\/\"},{\"@type\":\"ListItem\",\"position\":2,\"name\":\"Partenaires\",\"item\":\"https:\/\/centcols.org\/rubrique\/partenaires\/\"},{\"@type\":\"ListItem\",\"position\":3,\"name\":\"Le Coreg Corse se pr\u00e9sente\"}]},{\"@type\":\"WebSite\",\"@id\":\"https:\/\/centcols.org\/#website\",\"url\":\"https:\/\/centcols.org\/\",\"name\":\"Club des Cent Cols\",\"description\":\"\",\"publisher\":{\"@id\":\"https:\/\/centcols.org\/#organization\"},\"potentialAction\":[{\"@type\":\"SearchAction\",\"target\":{\"@type\":\"EntryPoint\",\"urlTemplate\":\"https:\/\/centcols.org\/?s={search_term_string}\"},\"query-input\":{\"@type\":\"PropertyValueSpecification\",\"valueRequired\":true,\"valueName\":\"search_term_string\"}}],\"inLanguage\":\"it-IT\"},{\"@type\":\"Organization\",\"@id\":\"https:\/\/centcols.org\/#organization\",\"name\":\"Club des Cent Cols\",\"url\":\"https:\/\/centcols.org\/\",\"logo\":{\"@type\":\"ImageObject\",\"inLanguage\":\"it-IT\",\"@id\":\"https:\/\/centcols.org\/#\/schema\/logo\/image\/\",\"url\":\"https:\/\/centcols.org\/wp-content\/uploads\/2025\/01\/carte-icone.png\",\"contentUrl\":\"https:\/\/centcols.org\/wp-content\/uploads\/2025\/01\/carte-icone.png\",\"width\":250,\"height\":250,\"caption\":\"Club des Cent Cols\"},\"image\":{\"@id\":\"https:\/\/centcols.org\/#\/schema\/logo\/image\/\"},\"sameAs\":[\"https:\/\/www.facebook.com\/groups\/5261880558\/?locale=fr_FR\"]},{\"@type\":\"Person\",\"@id\":\"https:\/\/centcols.org\/#\/schema\/person\/fcdb31e57ffa95295c9683ffdda82afa\",\"name\":\"fabien\",\"image\":{\"@type\":\"ImageObject\",\"inLanguage\":\"it-IT\",\"@id\":\"https:\/\/centcols.org\/wp-content\/litespeed\/avatar\/9065528d4c1ba02f0faf2b7616b2a195.jpg?ver=1777225983\",\"url\":\"https:\/\/centcols.org\/wp-content\/litespeed\/avatar\/9065528d4c1ba02f0faf2b7616b2a195.jpg?ver=1777225983\",\"contentUrl\":\"https:\/\/centcols.org\/wp-content\/litespeed\/avatar\/9065528d4c1ba02f0faf2b7616b2a195.jpg?ver=1777225983\",\"caption\":\"fabien\"},\"url\":\"https:\/\/centcols.org\/it\/author\/fabien\/\"}]}<\/script>\n<!-- \/ Yoast SEO plugin. -->","yoast_head_json":{"title":"Coreg Corse si presenta - Club des Cent Cols","robots":{"index":"index","follow":"follow","max-snippet":"max-snippet:-1","max-image-preview":"max-image-preview:large","max-video-preview":"max-video-preview:-1"},"canonical":"https:\/\/centcols.org\/it\/il-coreg-corsicano-si-presenta\/","og_locale":"it_IT","og_type":"article","og_title":"Le Coreg Corse se pr\u00e9sente - Club des Cent Cols","og_description":"Activit\u00e9 principale et s\u00e9jours Le d\u00e9veloppement de la FFCT en Corse, presque confidentiel, n\u2019a jamais \u00e9t\u00e9 notable et le nombre de clubs affili\u00e9s s\u2019est toujours compt\u00e9 sur les doigts d\u2019une seule main. Nombreux ont \u00e9t\u00e9 les s\u00e9jours organis\u00e9s aussi bien par la Commission Tourisme FFCT que par les diff\u00e9rents Codep continentaux, mais la graine n\u2019a [&hellip;]","og_url":"https:\/\/centcols.org\/it\/il-coreg-corsicano-si-presenta\/","og_site_name":"Club des Cent Cols","article_publisher":"https:\/\/www.facebook.com\/groups\/5261880558\/?locale=fr_FR","article_published_time":"2025-02-05T08:05:39+00:00","article_modified_time":"2025-09-09T11:05:30+00:00","og_image":[{"width":177,"height":155,"url":"https:\/\/centcols.org\/wp-content\/uploads\/2025\/02\/Image1.jpg","type":"image\/jpeg"}],"author":"fabien","twitter_card":"summary_large_image","twitter_misc":{"Scritto da":"fabien","Tempo di lettura stimato":"3 minuti"},"schema":{"@context":"https:\/\/schema.org","@graph":[{"@type":"Article","@id":"https:\/\/centcols.org\/le-coreg-corse-se-presente\/#article","isPartOf":{"@id":"https:\/\/centcols.org\/le-coreg-corse-se-presente\/"},"author":{"name":"fabien","@id":"https:\/\/centcols.org\/#\/schema\/person\/fcdb31e57ffa95295c9683ffdda82afa"},"headline":"Le Coreg Corse se pr\u00e9sente","datePublished":"2025-02-05T08:05:39+00:00","dateModified":"2025-09-09T11:05:30+00:00","mainEntityOfPage":{"@id":"https:\/\/centcols.org\/le-coreg-corse-se-presente\/"},"wordCount":425,"commentCount":0,"publisher":{"@id":"https:\/\/centcols.org\/#organization"},"image":{"@id":"https:\/\/centcols.org\/le-coreg-corse-se-presente\/#primaryimage"},"thumbnailUrl":"https:\/\/centcols.org\/wp-content\/uploads\/2025\/02\/Image1.jpg","articleSection":["Partenaires"],"inLanguage":"it-IT","potentialAction":[{"@type":"CommentAction","name":"Comment","target":["https:\/\/centcols.org\/le-coreg-corse-se-presente\/#respond"]}]},{"@type":"WebPage","@id":"https:\/\/centcols.org\/le-coreg-corse-se-presente\/","url":"https:\/\/centcols.org\/le-coreg-corse-se-presente\/","name":"Coreg Corse si presenta - Club des Cent Cols","isPartOf":{"@id":"https:\/\/centcols.org\/#website"},"primaryImageOfPage":{"@id":"https:\/\/centcols.org\/le-coreg-corse-se-presente\/#primaryimage"},"image":{"@id":"https:\/\/centcols.org\/le-coreg-corse-se-presente\/#primaryimage"},"thumbnailUrl":"https:\/\/centcols.org\/wp-content\/uploads\/2025\/02\/Image1.jpg","datePublished":"2025-02-05T08:05:39+00:00","dateModified":"2025-09-09T11:05:30+00:00","breadcrumb":{"@id":"https:\/\/centcols.org\/le-coreg-corse-se-presente\/#breadcrumb"},"inLanguage":"it-IT","potentialAction":[{"@type":"ReadAction","target":["https:\/\/centcols.org\/le-coreg-corse-se-presente\/"]}]},{"@type":"ImageObject","inLanguage":"it-IT","@id":"https:\/\/centcols.org\/le-coreg-corse-se-presente\/#primaryimage","url":"https:\/\/centcols.org\/wp-content\/uploads\/2025\/02\/Image1.jpg","contentUrl":"https:\/\/centcols.org\/wp-content\/uploads\/2025\/02\/Image1.jpg","width":177,"height":155},{"@type":"BreadcrumbList","@id":"https:\/\/centcols.org\/le-coreg-corse-se-presente\/#breadcrumb","itemListElement":[{"@type":"ListItem","position":1,"name":"Accueil","item":"https:\/\/centcols.org\/"},{"@type":"ListItem","position":2,"name":"Partenaires","item":"https:\/\/centcols.org\/rubrique\/partenaires\/"},{"@type":"ListItem","position":3,"name":"Le Coreg Corse se pr\u00e9sente"}]},{"@type":"WebSite","@id":"https:\/\/centcols.org\/#website","url":"https:\/\/centcols.org\/","name":"Club des Cent Cols","description":"","publisher":{"@id":"https:\/\/centcols.org\/#organization"},"potentialAction":[{"@type":"SearchAction","target":{"@type":"EntryPoint","urlTemplate":"https:\/\/centcols.org\/?s={search_term_string}"},"query-input":{"@type":"PropertyValueSpecification","valueRequired":true,"valueName":"search_term_string"}}],"inLanguage":"it-IT"},{"@type":"Organization","@id":"https:\/\/centcols.org\/#organization","name":"Club des Cent Cols","url":"https:\/\/centcols.org\/","logo":{"@type":"ImageObject","inLanguage":"it-IT","@id":"https:\/\/centcols.org\/#\/schema\/logo\/image\/","url":"https:\/\/centcols.org\/wp-content\/uploads\/2025\/01\/carte-icone.png","contentUrl":"https:\/\/centcols.org\/wp-content\/uploads\/2025\/01\/carte-icone.png","width":250,"height":250,"caption":"Club des Cent Cols"},"image":{"@id":"https:\/\/centcols.org\/#\/schema\/logo\/image\/"},"sameAs":["https:\/\/www.facebook.com\/groups\/5261880558\/?locale=fr_FR"]},{"@type":"Person","@id":"https:\/\/centcols.org\/#\/schema\/person\/fcdb31e57ffa95295c9683ffdda82afa","name":"fabien","image":{"@type":"ImageObject","inLanguage":"it-IT","@id":"https:\/\/centcols.org\/wp-content\/litespeed\/avatar\/9065528d4c1ba02f0faf2b7616b2a195.jpg?ver=1777225983","url":"https:\/\/centcols.org\/wp-content\/litespeed\/avatar\/9065528d4c1ba02f0faf2b7616b2a195.jpg?ver=1777225983","contentUrl":"https:\/\/centcols.org\/wp-content\/litespeed\/avatar\/9065528d4c1ba02f0faf2b7616b2a195.jpg?ver=1777225983","caption":"fabien"},"url":"https:\/\/centcols.org\/it\/author\/fabien\/"}]}},"_links":{"self":[{"href":"https:\/\/centcols.org\/it\/wp-json\/wp\/v2\/posts\/79455","targetHints":{"allow":["GET"]}}],"collection":[{"href":"https:\/\/centcols.org\/it\/wp-json\/wp\/v2\/posts"}],"about":[{"href":"https:\/\/centcols.org\/it\/wp-json\/wp\/v2\/types\/post"}],"author":[{"embeddable":true,"href":"https:\/\/centcols.org\/it\/wp-json\/wp\/v2\/users\/2"}],"replies":[{"embeddable":true,"href":"https:\/\/centcols.org\/it\/wp-json\/wp\/v2\/comments?post=79455"}],"version-history":[{"count":0,"href":"https:\/\/centcols.org\/it\/wp-json\/wp\/v2\/posts\/79455\/revisions"}],"wp:featuredmedia":[{"embeddable":true,"href":"https:\/\/centcols.org\/it\/wp-json\/wp\/v2\/media\/79456"}],"wp:attachment":[{"href":"https:\/\/centcols.org\/it\/wp-json\/wp\/v2\/media?parent=79455"}],"wp:term":[{"taxonomy":"category","embeddable":true,"href":"https:\/\/centcols.org\/it\/wp-json\/wp\/v2\/categories?post=79455"},{"taxonomy":"post_tag","embeddable":true,"href":"https:\/\/centcols.org\/it\/wp-json\/wp\/v2\/tags?post=79455"}],"curies":[{"name":"wp","href":"https:\/\/api.w.org\/{rel}","templated":true}]}}