{"id":79467,"date":"2025-02-05T10:06:51","date_gmt":"2025-02-05T08:06:51","guid":{"rendered":"https:\/\/centcols.org\/de-briancon-a-lizoard-puis-saint-veran\/"},"modified":"2025-09-13T07:29:20","modified_gmt":"2025-09-13T05:29:20","slug":"da-briancon-a-lizoard-e-poi-a-saint-veran","status":"publish","type":"post","link":"https:\/\/centcols.org\/it\/de-briancon-a-lizoard-puis-saint-veran\/","title":{"rendered":"Da Brian\u00e7on a Izoard, poi Saint-V\u00e9ran"},"content":{"rendered":"<p class=\"has-medium-font-size\"><strong>Sabato 5 agosto,<\/strong><\/p>\n\n\n\n<p class=\"has-medium-font-size\">Fine del nostro soggiorno a Le Grand-Bornand. Questo fine settimana \u00e8 stato sicuramente il pi\u00f9<br>sulle strade francesi. Bison-Fut\u00e9 vede il lato oscuro, ma noi vediamo il lato roseo: la vita di un vero pensionato. Invece di dirigerci verso Valence, la A9 e la valle del Rodano, sabato mattina ci dirigeremo verso le Hautes-Alpes, con Brian\u00e7on, ai piedi dell'Izoard, come primo obiettivo. <\/p>\n\n\n\n<p class=\"has-medium-font-size\">Domani, domenica, il traffico sar\u00e0 pi\u00f9 scorrevole, quindi approfittiamo della giornata per fare una passeggiata lungo le strade secondarie.<\/p>\n\n\n\n<div class=\"wp-block-columns is-layout-flex wp-container-core-columns-is-layout-9d6595d7 wp-block-columns-is-layout-flex\">\n<div class=\"wp-block-column is-layout-flow wp-block-column-is-layout-flow\" style=\"flex-basis:50%\">\n<p>Invece di dirigerci verso Valence, l'A9 e la valle del Rodano, questo sabato mattina ci dirigiamo verso le Hautes-Alpes, con Brian\u00e7on, ai piedi dell'Izoard, come primo obiettivo.<\/p>\n\n\n\n<p>Domani, domenica, il traffico sar\u00e0 pi\u00f9 scorrevole, quindi approfittiamo della giornata per fare una passeggiata lungo le strade secondarie.<\/p>\n\n\n\n<p>Per il momento percorriamo la Val Sulens, passando per Saint-F\u00e9reol, per dare l'addio all'itinerario che ho percorso tante volte quest'estate.<\/p>\n\n\n\n<p>Dopo Albertville, il GPS prende il sopravvento. L'arrivo \u00e8 previsto a Brian\u00e7on alle 10.40 circa. Sar\u00e0 un po' tardi per affrontare il Col de l'Izoard,<br>ma \u00e8 fattibile con la possibilit\u00e0 di un rinfresco<br>al rifugio Napol\u00e9on, quasi in cima al passo.<\/p>\n<\/div>\n\n\n\n<div class=\"wp-block-column is-layout-flow wp-block-column-is-layout-flow\" style=\"flex-basis:50%\">\n<figure class=\"wp-block-image size-full is-resized\"><img loading=\"lazy\" decoding=\"async\" width=\"355\" height=\"496\" src=\"https:\/\/centcols.org\/wp-content\/uploads\/2025\/02\/Eglise-Val-Sulens-2.jpg\" alt=\"\" class=\"wp-image-79471\"\/><figcaption class=\"wp-element-caption\">La chiesa di Serraval in Val Sulens<\/figcaption><\/figure>\n<\/div>\n<\/div>\n\n\n\n<div class=\"wp-block-group\"><div class=\"wp-block-group__inner-container is-layout-flow wp-block-group-is-layout-flow\">\n<p class=\"has-medium-font-size\">Ciao Italia, ciao Bardonecchia. \u00c8 giusto dire che al ritorno dalle vacanze abbiamo fatto una capatina in Italia. Che chic! \u00c8 durata solo una ventina di minuti, sufficienti per rendersi conto che le Alpi si estendono ben oltre i nostri confini. E non appena siamo usciti dalla citt\u00e0, la strada ha preso il nome di \"strada\". <strong>col de l'Echelle<\/strong> che ci riporta in Francia. Non c'\u00e8 pi\u00f9 un confine, ma lo stato della strada \u00e8 sufficientemente esplicito per orientarci. Strada stretta e dissestata, attesa di sovvenzioni e poi, all'improvviso, un bel manto, segnaletica orizzontale, una strada pi\u00f9 larga. La Francia ci ha steso il tappeto rosso. Anche la vegetazione \u00e8 all'altezza.<br><br>Dopo il pendio transalpino, piuttosto arido, la strada si snoda attraverso un bosco ben fornito e frequentato da picnic. \u00c8 ormai mezzogiorno e, anche se i nostri piani sono stati vanificati, l'imprevisto \u00e8 comunque positivo, visto che ci troviamo in un bosco ben fornito. <strong>Valle della Clar\u00e9e<\/strong>. Sono anni che penso a questa valle, per la precisione dal febbraio 1980. Perch\u00e9 tanta precisione? Grazie a GMP<br>di nuovo.<\/p>\n<\/div><\/div>\n\n\n\n<p class=\"has-medium-font-size\">In quell'occasione, sono salito sul <strong>Passaggio di vars<\/strong> in bicicletta, sotto il sole, in un paesaggio cristallino, e ho indicato la BPF per questo passo. Cosa c'entra questo con la valle della Clar\u00e9e? Ci sono stato. Ricordo di aver letto, o meglio divorato, uno dei primi libri che hanno aperto una nuova finestra nella letteratura, quella del romanzo locale. Era \"La soupe aux herbes sauvages\" di Emilie Carles. Ricordo ancora quei momenti trascorsi al sole di una stanza rivestita di pannelli, con l'odore del legno, dietro una finestra che dava sulle montagne innevate. Il sole del mattino sulla neve, il calore, la morbidezza di un rifugio di montagna e la testimonianza di Emilie Carles, portabandiera di una lotta per la difesa della valle della Clar\u00e9e, lei insegnante di montagna in pensione e io giovane insegnante all'epoca. \u00c8 qualcosa che non si dimentica mai.<\/p>\n\n\n\n<p class=\"has-medium-font-size\">Eccoci qui. Ai piedi del passo, giriamo a destra in direzione del <strong>alta valle della Clar\u00e9e<\/strong>La strada da Brian\u00e7on \u00e8 lunga. Vista l'ora, \u00e8 troppo tardi per guidare prima di pranzo, quindi, gi\u00e0 che siamo qui, tanto vale visitare e godersi il posto. Arriviamo alla fine della valle, dove la strada si ferma per gli automobilisti. Il resto spetta agli escursionisti e, quando raggiungiamo il parcheggio pieno, molti di loro sono gi\u00e0 partiti per i sentieri. <\/p>\n\n\n\n<p class=\"has-medium-font-size\">\u00c0 <strong>N\u00e9vache<\/strong> abbiamo trovato il nostro posto felice in un prato, sulle rive della Clar\u00e9e, che scorre a soli cinque metri da noi. L'osteria \u00e8 dall'altra parte della strada e la cameriera ci porta i piatti in questo ambiente bucolico, con i piedi nell'erba, il fondovalle che scompare in lontananza, le montagne con i loro pendii ripidi e sassosi da un lato, il torrente vicino, che ci offre questa benefica frescura accompagnata da una gradita brezza. In questo momento, sabato a pranzo, pensiamo alla valle del Rodano, certamente bloccata da temperature prossime ai 40\u00b0C. Ci sentiamo cos\u00ec a casa nostra, in questa parte del mondo! Per quanto riguarda il caldo, lo temo in vista di ci\u00f2 che ci aspetta. E l'ho capito subito quando, ripreso il viaggio verso Brian\u00e7on, il termometro \u00e8 salito inevitabilmente mentre la strada scendeva. A Val-des-Pr\u00e9s ha sfiorato i 38\u00b0C, poi a Brian\u00e7on ha raggiunto i 40\u00b0C.<br><\/p>\n\n\n<div class=\"wp-block-image is-resized\">\n<figure class=\"aligncenter size-full\"><img loading=\"lazy\" decoding=\"async\" width=\"517\" height=\"365\" src=\"https:\/\/centcols.org\/wp-content\/uploads\/2025\/02\/Briancon-1.jpg\" alt=\"\" class=\"wp-image-79470\"\/><figcaption class=\"wp-element-caption\">Brian\u00e7on, vista dalle prime pendici dell'Isoard<\/figcaption><\/figure>\n<\/div>\n\n\n<p class=\"has-medium-font-size\">Le <strong>col d'Izoard <\/strong>inizia non appena si lascia la citt\u00e0. E fin dai primi giri di ruota, la pena cade. Avrei dovuto dire di mettere la bici nel forno piuttosto che nel forno, perch\u00e9 il caldo \u00e8 soffocante, come in un forno. L'unico aspetto positivo \u00e8 che il vento era favorevole. Per una volta me ne rammarico, perch\u00e9 nelle rare occasioni in cui \u00e8 contro di me, sento una parvenza di fresco che mi ravviva un po'. Ma non dura. I<br>Gioco con il mio computer, visualizzando il chilometraggio e il dislivello. Esito a visualizzare il<br>temperatura, ho troppa paura di perdere definitivamente il morale. Eppure eccomi qui. 39\u00b0C, poi di decimo in decimo continua a salire. Anch'io, e la pendenza non \u00e8 molto clemente. Ho deciso di fermarmi a 40\u00b0C. A 41\u00b0C mi dico che sono pazzo, 64 anni compiuti il mese scorso, non \u00e8 saggio, non sono pi\u00f9 giovane. A 41,2\u00b0C sposto il contatore sull'ora: \u00e8 inutile continuare a guardare la temperatura sul display, \u00e8 demoralizzante. Mi rendo conto che il caldo \u00e8 difficile da sopportare. La mia tanica d'acqua, poverina, \u00e8 come me, ancora tiepida un quarto d'ora fa, ma ora \u00e8 un vero brodo, una tisana insapore. All'improvviso, oh miracolo, un po' d'ombra! Non \u00e8 che all'improvviso sia bello, \u00e8 solo un po' meglio, non sentire il sole che brucia la pelle, perdere due o tre gradi, \u00e8 l'inizio della felicit\u00e0. Inoltre, la pendenza sembra diventare pi\u00f9 dolce. I chilometri passano, naturalmente al rallentatore, ma ad ogni chilometro tolto dal totale la speranza aumenta, anche se il corpo si indebolisce. <\/p>\n\n\n\n<p class=\"has-medium-font-size\">Il passato <strong>Cervi\u00e8res <\/strong>Finalmente ho trovato la mia velocit\u00e0 di crociera, che oscilla tra i 10 e i 12 km\/h. Un po' d'ombra e qualche tornante spezzano la monotonia della salita, offrendo tratti in cui il vento spinge o rinfresca alternativamente il ciclista. Diventa automatico. La vetta \u00e8 visibile in lontananza. Il traguardo dei 2000 metri \u00e8 stato superato. Gli ultimi tornanti sembrano pi\u00f9 stretti e il pendio pi\u00f9 ripido. Comunque, ecco il rifugio Napol\u00e9on. Mi fermo qui per godermi la brezza di montagna.<\/p>\n\n\n\n<p class=\"has-medium-font-size\">Su richiesta, in cima al passo c'\u00e8 un negozio di souvenir, quindi \u00e8 l\u00ec che convalider\u00f2 la mia BPF. L'ultimo chilometro \u00e8 un vero piacere, la sensazione di aver vinto la gara, di aver raggiunto l'obiettivo, di aver realizzato un progetto a lungo sognato.<br><\/p>\n\n\n<div class=\"wp-block-image is-resized\">\n<figure class=\"aligncenter size-full\"><img loading=\"lazy\" decoding=\"async\" width=\"502\" height=\"393\" src=\"https:\/\/centcols.org\/wp-content\/uploads\/2025\/02\/Isoard-1.jpg\" alt=\"\" class=\"wp-image-79469\"\/><figcaption class=\"wp-element-caption\">Nell'ultimo chilometro del Col de l'Isoard - 2360 metri<\/figcaption><\/figure>\n<\/div>\n\n\n<p class=\"has-medium-font-size\">\u00c8 fatta, \u00e8 nel sacco. Ora godiamocela. Il panorama \u00e8 magnifico da entrambi i lati del passo. Sulla sinistra c'\u00e8 una stele del 1934, che ricorda ai turisti di passaggio che questo splendido percorso alpino \u00e8 frutto del lavoro dell'uomo e che questi passi dove noi sudiamo per il nostro svago, altri vi hanno sudato per guadagnarsi il pane. Il panorama \u00e8 eccezionale, con queste montagne piatte e lisce, ricoperte da una specie di sabbia, che scendono verso valle con un andamento rettilineo e digradante, come se tutto stesse per cambiare.<br>scivolando verso il fondo. Piste per soli funamboli, con qualche albero sofferente che si aggrappa o rocce che puntano verso il cielo, con la loro rigidit\u00e0 che sembra sfidare l'erosione. E il meglio deve ancora venire. <\/p>\n\n\n\n<p class=\"has-medium-font-size\">Non appena inizia la discesa, si presenta il sito della Casse D\u00e9serte, un paesaggio minerale in cui l'erosione ha fatto rotolare tutto ci\u00f2 che incontrava, formando vertiginosi ghiaioni sovrastati da una rada foresta di cime frastagliate.<br>Su questi pendii sono state scritte alcune delle pi\u00f9 belle pagine del Tour de France. Una stele in memoria del campionissimo Fausto Coppi e del campione Louison Bobet lo ricorda ai passanti. <\/p>\n\n\n\n<figure class=\"wp-block-gallery aligncenter has-nested-images columns-default is-cropped wp-block-gallery-1 is-layout-flex wp-block-gallery-is-layout-flex\">\n<figure class=\"wp-block-image size-full\"><img loading=\"lazy\" decoding=\"async\" width=\"441\" height=\"333\" data-id=\"79468\" src=\"https:\/\/centcols.org\/wp-content\/uploads\/2025\/02\/Casse-deserte.jpg\" alt=\"\" class=\"wp-image-79468\"\/><figcaption class=\"wp-element-caption\">La Casse d\u00e9serte<\/figcaption><\/figure>\n\n\n\n<figure class=\"wp-block-image size-full\"><img loading=\"lazy\" decoding=\"async\" width=\"432\" height=\"325\" data-id=\"79472\" src=\"https:\/\/centcols.org\/wp-content\/uploads\/2025\/02\/Stele-Coppi-Bobet-1.jpg\" alt=\"\" class=\"wp-image-79472\"\/><figcaption class=\"wp-element-caption\">La stele di Coppi e Bobet<\/figcaption><\/figure>\n<\/figure>\n\n\n\n<p class=\"has-medium-font-size\">La discesa verso Brunissard e poi Arvieux \u00e8 come una zoomata sul fondovalle. \u00c8 anche un momento di recupero e di velocit\u00e0 che lenisce la sensazione di calore.<br><\/p>\n\n\n\n<p class=\"has-medium-font-size\">Ma gi\u00e0 un bivio segnala la fine della ricreazione. Ecco la valle del Guil, che risalgo prima di svoltare a destra in direzione di <strong>Saint-V\u00e9ran<\/strong>. A proposito, <strong>Ch\u00e2teau-Queyras<\/strong> vanta un'incantevole vista sul suo castello medievale, dove Vauban ha governato ancora una volta.<br><\/p>\n\n\n<div class=\"wp-block-image is-resized\">\n<figure class=\"aligncenter size-full\"><img loading=\"lazy\" decoding=\"async\" width=\"500\" height=\"339\" src=\"https:\/\/centcols.org\/wp-content\/uploads\/2025\/02\/Chateau-Queyras.jpg\" alt=\"\" class=\"wp-image-90025\" srcset=\"https:\/\/centcols.org\/wp-content\/uploads\/2025\/02\/Chateau-Queyras.jpg 500w, https:\/\/centcols.org\/wp-content\/uploads\/2025\/02\/Chateau-Queyras-18x12.jpg 18w\" sizes=\"auto, (max-width: 500px) 100vw, 500px\" \/><figcaption class=\"wp-element-caption\">Chateau-Queyras<\/figcaption><\/figure>\n<\/div>\n\n\n<p class=\"has-medium-font-size\">So che <strong>St-V\u00e9ran<\/strong> \u00e8 il comune pi\u00f9 alto d'Europa, con oltre 2000 metri di altitudine. Ho fatto rapidamente i conti: dai 2360 metri dell'Izoard e dopo 15 chilometri di discesa, dovrei essere a circa 1000 metri di altitudine, quindi ho altri 1000 metri circa da scalare.<br><\/p>\n\n\n\n<p class=\"has-medium-font-size\">Dato lo stato di freschezza dell'uomo, far\u00f2 la mia salita al Golgota, la mia via crucis insomma, ma liberamente acconsentita. Pi\u00f9 tardi, i ricordi abbelliranno l'episodio. Bisogna trovare qualcosa che ti motivi quando il sole picchia sulla schiena, quando le gambe schiacciano i pedali e la strada scorre al rallentatore, quando ogni curva in cui riponi le tue speranze non fa che aumentare la difficolt\u00e0.<br><\/p>\n\n\n\n<p class=\"has-medium-font-size\">Cosa si pu\u00f2 dire del Queyras? Non posso tesserne le lodi, il mio giudizio sarebbe troppo soggettivo. Tuttavia, descriverei la sua bellezza come austera, arida e minerale. Il sole mi influenza, naturalmente, ma dovete capire da dove vengo, dal Grand-Bornand, dall'Alta Savoia, con le sue valli ampie e verdi, le sue montagne accessibili e boscose e le sue strade accoglienti che percorrevo al mattino. Ora sono quasi le 17 e sono sull'asfalto da quasi 4 ore, come su una griglia. Non direi che sto sudando, in realt\u00e0 sto gocciolando acqua, il sudore fa dei piccoli rivoli lungo gli stinchi. Le mie gambe sono di un rosso ramato, come dopo una doccia. A questo punto, ce la far\u00f2, andr\u00f2 avanti, come un piccione sotto la pioggia, incurante degli elementi. Arriver\u00f2 lass\u00f9, in quel villaggio dove finalmente potr\u00f2 vedere le case arroccate sul vuoto. <\/p>\n\n\n\n<p class=\"has-medium-font-size\">E gli ultimi due chilometri sono i pi\u00f9 difficili, non solo per lo stato di abbandono del ciclista, ma anche i pi\u00f9 ripidi.<\/p>\n\n\n<div class=\"wp-block-image\">\n<figure class=\"aligncenter size-full\"><img loading=\"lazy\" decoding=\"async\" width=\"382\" height=\"514\" src=\"https:\/\/centcols.org\/wp-content\/uploads\/2025\/02\/St-Veran.jpg\" alt=\"\" class=\"wp-image-90027\" srcset=\"https:\/\/centcols.org\/wp-content\/uploads\/2025\/02\/St-Veran.jpg 382w, https:\/\/centcols.org\/wp-content\/uploads\/2025\/02\/St-Veran-9x12.jpg 9w\" sizes=\"auto, (max-width: 382px) 100vw, 382px\" \/><figcaption class=\"wp-element-caption\">In una strada di Saint-V\u00e9ran<\/figcaption><\/figure>\n<\/div>\n\n\n<p class=\"has-medium-font-size\"><br><strong>Saint-V\u00e9ran,<\/strong> uno dei pi\u00f9 bei villaggi di Francia, una denominazione distillata fino all'ultima goccia, generalmente giustificata, ma una denominazione che attira... i turisti. E come spesso accade, la folla motorizzata viene tenuta fuori dal paese, in cambio di un parcheggio a pagamento. Parcheggio 1, 2, 3...<br><\/p>\n\n\n\n<p class=\"has-medium-font-size\">Ci preoccupiamo ora della nostra sistemazione per la sera. Prendiamo la prima strada che porta a Les Chalets du Villard, dove troviamo un hotel in stile montano, in legno e pietra, che si fonde con il paesaggio senza attirare l'attenzione. L'interno ci ha fatto venire voglia di dormire e mangiare qui stanotte, che sarebbe stato il punto pi\u00f9 alto della nostra vacanza. <\/p>\n\n\n\n<p class=\"has-medium-font-size\">Purtroppo l'hotel era al completo. L'ambiente era buono e anche il proprietario. Ha trascorso<br>Ha trascorso un buon quarto d'ora al telefono a interrogare i suoi colleghi della zona prima di trovarci una base ad Abri\u00e8s, nella valle. Inoltre, mi ha regalato il famoso timbro in una delle sei caselle della mia tessera BPF per le Hautes-Alpes. Valeva la pena di bere qualcosa, comodamente seduti su una buona poltrona. \u00c8 allora che ci si rende conto che alcune birre sono pi\u00f9 buone di altre. La premi\u00e8re gorg\u00e9e de bi\u00e8re (Il primo sorso di birra) di Philippe Delerm \u00e8 un libro che descrive i piccoli piaceri della vita quotidiana che spesso passano inosservati. Cosa avrebbe scritto se l'avesse bevuta a Saint-V\u00e9ran alla fine di un pomeriggio estenuante? Sicuramente una grande felicit\u00e0.<\/p>\n\n\n\n<p class=\"has-medium-font-size\"><br>A dire il vero, non siamo riusciti a camminare per tutto il villaggio di Saint-V\u00e9ran, a causa dell'ora, del caldo e della stanchezza, ma abbiamo trovato il tempo di filmare alcune delle stradine e, naturalmente, le grandi case tradizionali che fungono da abitazioni, stalle e magazzini per il raccolto. Le soffitte aperte lasciano circolare l'aria per asciugare il fieno. Il legno invecchiato, onnipresente in questi edifici, rappresenta una minaccia in caso di incendio; queste case sono potenziali incendi di mezza estate. La maggior parte di queste case risale al XVII e XVIII secolo e ha conservato il fascino di un tempo. Questo villaggio ha un'anima e un passato sorprendentemente ben conservati e duraturi. Lasciamo a malincuore Saint-V\u00e9ran, dove avremmo voluto passare la notte.<br><\/p>\n\n\n\n<figure class=\"wp-block-gallery has-nested-images columns-default is-cropped wp-block-gallery-2 is-layout-flex wp-block-gallery-is-layout-flex\">\n<figure class=\"wp-block-image size-full\"><img loading=\"lazy\" decoding=\"async\" width=\"432\" height=\"330\" data-id=\"90028\" src=\"https:\/\/centcols.org\/wp-content\/uploads\/2025\/02\/St-Veran-Grenier.jpg\" alt=\"\" class=\"wp-image-90028\" srcset=\"https:\/\/centcols.org\/wp-content\/uploads\/2025\/02\/St-Veran-Grenier.jpg 432w, https:\/\/centcols.org\/wp-content\/uploads\/2025\/02\/St-Veran-Grenier-16x12.jpg 16w\" sizes=\"auto, (max-width: 432px) 100vw, 432px\" \/><figcaption class=\"wp-element-caption\">St V\u00e9ran - Mansarda tipica<\/figcaption><\/figure>\n\n\n\n<figure class=\"wp-block-image size-full\"><img loading=\"lazy\" decoding=\"async\" width=\"429\" height=\"324\" data-id=\"90029\" src=\"https:\/\/centcols.org\/wp-content\/uploads\/2025\/02\/Abries.jpg\" alt=\"\" class=\"wp-image-90029\" srcset=\"https:\/\/centcols.org\/wp-content\/uploads\/2025\/02\/Abries.jpg 429w, https:\/\/centcols.org\/wp-content\/uploads\/2025\/02\/Abries-16x12.jpg 16w\" sizes=\"auto, (max-width: 429px) 100vw, 429px\" \/><figcaption class=\"wp-element-caption\">Abri\u00e8s - mattina fredda<\/figcaption><\/figure>\n<\/figure>\n\n\n\n<p class=\"has-medium-font-size\"><br>Alle 19:00 ci registriamo allo Chalet Lanza di Abri\u00e8s, un modesto hotel alpino a conduzione familiare dove la cucina rustica ci sazier\u00e0 questa sera. Dopo i 41\u00b0C dell'Izoard, una breve passeggiata prima di andare a dormire \u00e8 gradita in questo villaggio alle porte dell'Italia. La passeggiata serale lungo le rive del Guil, un torrente che nasce proprio sopra di noi in montagna, ci porta quella piacevole frescura che ci predispone al sonno.<br><\/p>\n\n\n\n<p class=\"has-medium-font-size\">E il giorno dopo, la montagna ci regala uno dei suoi scherzi meteorologici a cui stiamo iniziando ad abituarci, ma che ci sorprende sempre: un po' di 12\u00b0C conditi da un temporale. I commercianti italiani che erano venuti appositamente per questo particolare mercato domenicale si ritirano sotto le loro tele. E torniamo nell'H\u00e9rault, lasciandoci alle spalle Abri\u00e8s, ultima tappa delle nostre vacanze estive 2017.<br><\/p>\n\n\n\n<div class=\"wp-block-columns is-layout-flex wp-container-core-columns-is-layout-9d6595d7 wp-block-columns-is-layout-flex\">\n<div class=\"wp-block-column is-layout-flow wp-block-column-is-layout-flow\" style=\"flex-basis:33.33%\">\n<p class=\"has-vivid-cyan-blue-color has-text-color has-medium-font-size\">Testo e foto:<br>Ren\u00e9 BALDELLON<br>CC Vias.<\/p>\n<\/div>\n\n\n\n<div class=\"wp-block-column is-layout-flow wp-block-column-is-layout-flow\" style=\"flex-basis:66.66%\">\n<figure class=\"wp-block-image size-full\"><img loading=\"lazy\" decoding=\"async\" width=\"458\" height=\"404\" src=\"https:\/\/centcols.org\/wp-content\/uploads\/2025\/02\/CBaldellon.jpg\" alt=\"\" class=\"wp-image-90030\" srcset=\"https:\/\/centcols.org\/wp-content\/uploads\/2025\/02\/CBaldellon.jpg 458w, https:\/\/centcols.org\/wp-content\/uploads\/2025\/02\/CBaldellon-14x12.jpg 14w\" sizes=\"auto, (max-width: 458px) 100vw, 458px\" \/><\/figure>\n<\/div>\n<\/div>\n\n\n\n<div class=\"wp-block-columns is-layout-flex wp-container-core-columns-is-layout-9d6595d7 wp-block-columns-is-layout-flex\">\n<div class=\"wp-block-column is-layout-flow wp-block-column-is-layout-flow\" style=\"flex-basis:100%\"><\/div>\n<\/div>","protected":false},"excerpt":{"rendered":"<p>Samedi 5 ao\u00fbt, Fin de notre s\u00e9jour au Grand-Bornand. Ce week-end est certainement le pluscharg\u00e9 sur les routes de France. Bison-Fut\u00e9 voit noir et nous, nous voyons la vie en rose, une vraie vie de retrait\u00e9s. Plut\u00f4t que rejoindre Valence, l\u2019A9 et la vall\u00e9e du Rh\u00f4ne, c\u2019est vers les Hautes-Alpes que nous nous dirigeons ce [&hellip;]<\/p>\n","protected":false},"author":2,"featured_media":79468,"comment_status":"open","ping_status":"closed","sticky":false,"template":"","format":"standard","meta":{"_acf_changed":false,"footnotes":""},"categories":[82,129],"tags":[],"class_list":["post-79467","post","type-post","status-publish","format-standard","has-post-thumbnail","hentry","category-voyages","category-gazette"],"acf":[],"yoast_head":"<!-- This site is optimized with the Yoast SEO plugin v27.2 - https:\/\/yoast.com\/product\/yoast-seo-wordpress\/ -->\n<title>De Brian\u00e7on \u00e0 l&#039;Izoard, puis Saint-V\u00e9ran - Club des Cent Cols<\/title>\n<meta name=\"robots\" content=\"index, follow, max-snippet:-1, max-image-preview:large, max-video-preview:-1\" \/>\n<link rel=\"canonical\" href=\"https:\/\/centcols.org\/it\/da-briancon-a-lizoard-e-poi-a-saint-veran\/\" \/>\n<meta property=\"og:locale\" content=\"it_IT\" \/>\n<meta property=\"og:type\" content=\"article\" \/>\n<meta property=\"og:title\" content=\"De Brian\u00e7on \u00e0 l&#039;Izoard, puis Saint-V\u00e9ran - Club des Cent Cols\" \/>\n<meta property=\"og:description\" content=\"Samedi 5 ao\u00fbt, Fin de notre s\u00e9jour au Grand-Bornand. Ce week-end est certainement le pluscharg\u00e9 sur les routes de France. Bison-Fut\u00e9 voit noir et nous, nous voyons la vie en rose, une vraie vie de retrait\u00e9s. Plut\u00f4t que rejoindre Valence, l\u2019A9 et la vall\u00e9e du Rh\u00f4ne, c\u2019est vers les Hautes-Alpes que nous nous dirigeons ce [&hellip;]\" \/>\n<meta property=\"og:url\" content=\"https:\/\/centcols.org\/it\/da-briancon-a-lizoard-e-poi-a-saint-veran\/\" \/>\n<meta property=\"og:site_name\" content=\"Club des Cent Cols\" \/>\n<meta property=\"article:publisher\" content=\"https:\/\/www.facebook.com\/groups\/5261880558\/?locale=fr_FR\" \/>\n<meta property=\"article:published_time\" content=\"2025-02-05T08:06:51+00:00\" \/>\n<meta property=\"article:modified_time\" content=\"2025-09-13T05:29:20+00:00\" \/>\n<meta property=\"og:image\" content=\"https:\/\/centcols.org\/wp-content\/uploads\/2025\/02\/Casse-deserte.jpg\" \/>\n\t<meta property=\"og:image:width\" content=\"441\" \/>\n\t<meta property=\"og:image:height\" content=\"333\" \/>\n\t<meta property=\"og:image:type\" content=\"image\/jpeg\" \/>\n<meta name=\"author\" content=\"fabien\" \/>\n<meta name=\"twitter:card\" content=\"summary_large_image\" \/>\n<meta name=\"twitter:label1\" content=\"Scritto da\" \/>\n\t<meta name=\"twitter:data1\" content=\"fabien\" \/>\n\t<meta name=\"twitter:label2\" content=\"Tempo di lettura stimato\" \/>\n\t<meta name=\"twitter:data2\" content=\"15 minuti\" \/>\n<script type=\"application\/ld+json\" class=\"yoast-schema-graph\">{\"@context\":\"https:\/\/schema.org\",\"@graph\":[{\"@type\":\"Article\",\"@id\":\"https:\/\/centcols.org\/de-briancon-a-lizoard-puis-saint-veran\/#article\",\"isPartOf\":{\"@id\":\"https:\/\/centcols.org\/de-briancon-a-lizoard-puis-saint-veran\/\"},\"author\":{\"name\":\"fabien\",\"@id\":\"https:\/\/centcols.org\/#\/schema\/person\/fcdb31e57ffa95295c9683ffdda82afa\"},\"headline\":\"De Brian\u00e7on \u00e0 l&rsquo;Izoard, puis Saint-V\u00e9ran\",\"datePublished\":\"2025-02-05T08:06:51+00:00\",\"dateModified\":\"2025-09-13T05:29:20+00:00\",\"mainEntityOfPage\":{\"@id\":\"https:\/\/centcols.org\/de-briancon-a-lizoard-puis-saint-veran\/\"},\"wordCount\":2635,\"commentCount\":0,\"publisher\":{\"@id\":\"https:\/\/centcols.org\/#organization\"},\"image\":{\"@id\":\"https:\/\/centcols.org\/de-briancon-a-lizoard-puis-saint-veran\/#primaryimage\"},\"thumbnailUrl\":\"https:\/\/centcols.org\/wp-content\/uploads\/2025\/02\/Casse-deserte.jpg\",\"articleSection\":[\"Voyages\",\"Gazette\"],\"inLanguage\":\"it-IT\",\"potentialAction\":[{\"@type\":\"CommentAction\",\"name\":\"Comment\",\"target\":[\"https:\/\/centcols.org\/de-briancon-a-lizoard-puis-saint-veran\/#respond\"]}]},{\"@type\":\"WebPage\",\"@id\":\"https:\/\/centcols.org\/de-briancon-a-lizoard-puis-saint-veran\/\",\"url\":\"https:\/\/centcols.org\/de-briancon-a-lizoard-puis-saint-veran\/\",\"name\":\"De Brian\u00e7on \u00e0 l'Izoard, puis Saint-V\u00e9ran - Club des Cent Cols\",\"isPartOf\":{\"@id\":\"https:\/\/centcols.org\/#website\"},\"primaryImageOfPage\":{\"@id\":\"https:\/\/centcols.org\/de-briancon-a-lizoard-puis-saint-veran\/#primaryimage\"},\"image\":{\"@id\":\"https:\/\/centcols.org\/de-briancon-a-lizoard-puis-saint-veran\/#primaryimage\"},\"thumbnailUrl\":\"https:\/\/centcols.org\/wp-content\/uploads\/2025\/02\/Casse-deserte.jpg\",\"datePublished\":\"2025-02-05T08:06:51+00:00\",\"dateModified\":\"2025-09-13T05:29:20+00:00\",\"breadcrumb\":{\"@id\":\"https:\/\/centcols.org\/de-briancon-a-lizoard-puis-saint-veran\/#breadcrumb\"},\"inLanguage\":\"it-IT\",\"potentialAction\":[{\"@type\":\"ReadAction\",\"target\":[\"https:\/\/centcols.org\/de-briancon-a-lizoard-puis-saint-veran\/\"]}]},{\"@type\":\"ImageObject\",\"inLanguage\":\"it-IT\",\"@id\":\"https:\/\/centcols.org\/de-briancon-a-lizoard-puis-saint-veran\/#primaryimage\",\"url\":\"https:\/\/centcols.org\/wp-content\/uploads\/2025\/02\/Casse-deserte.jpg\",\"contentUrl\":\"https:\/\/centcols.org\/wp-content\/uploads\/2025\/02\/Casse-deserte.jpg\",\"width\":441,\"height\":333},{\"@type\":\"BreadcrumbList\",\"@id\":\"https:\/\/centcols.org\/de-briancon-a-lizoard-puis-saint-veran\/#breadcrumb\",\"itemListElement\":[{\"@type\":\"ListItem\",\"position\":1,\"name\":\"Accueil\",\"item\":\"https:\/\/centcols.org\/\"},{\"@type\":\"ListItem\",\"position\":2,\"name\":\"Gazette\",\"item\":\"https:\/\/centcols.org\/rubrique\/gazette\/\"},{\"@type\":\"ListItem\",\"position\":3,\"name\":\"Voyages\",\"item\":\"https:\/\/centcols.org\/rubrique\/gazette\/voyages\/\"},{\"@type\":\"ListItem\",\"position\":4,\"name\":\"De Brian\u00e7on \u00e0 l&rsquo;Izoard, puis Saint-V\u00e9ran\"}]},{\"@type\":\"WebSite\",\"@id\":\"https:\/\/centcols.org\/#website\",\"url\":\"https:\/\/centcols.org\/\",\"name\":\"Club des Cent Cols\",\"description\":\"\",\"publisher\":{\"@id\":\"https:\/\/centcols.org\/#organization\"},\"potentialAction\":[{\"@type\":\"SearchAction\",\"target\":{\"@type\":\"EntryPoint\",\"urlTemplate\":\"https:\/\/centcols.org\/?s={search_term_string}\"},\"query-input\":{\"@type\":\"PropertyValueSpecification\",\"valueRequired\":true,\"valueName\":\"search_term_string\"}}],\"inLanguage\":\"it-IT\"},{\"@type\":\"Organization\",\"@id\":\"https:\/\/centcols.org\/#organization\",\"name\":\"Club des Cent Cols\",\"url\":\"https:\/\/centcols.org\/\",\"logo\":{\"@type\":\"ImageObject\",\"inLanguage\":\"it-IT\",\"@id\":\"https:\/\/centcols.org\/#\/schema\/logo\/image\/\",\"url\":\"https:\/\/centcols.org\/wp-content\/uploads\/2025\/01\/carte-icone.png\",\"contentUrl\":\"https:\/\/centcols.org\/wp-content\/uploads\/2025\/01\/carte-icone.png\",\"width\":250,\"height\":250,\"caption\":\"Club des Cent Cols\"},\"image\":{\"@id\":\"https:\/\/centcols.org\/#\/schema\/logo\/image\/\"},\"sameAs\":[\"https:\/\/www.facebook.com\/groups\/5261880558\/?locale=fr_FR\"]},{\"@type\":\"Person\",\"@id\":\"https:\/\/centcols.org\/#\/schema\/person\/fcdb31e57ffa95295c9683ffdda82afa\",\"name\":\"fabien\",\"image\":{\"@type\":\"ImageObject\",\"inLanguage\":\"it-IT\",\"@id\":\"https:\/\/centcols.org\/wp-content\/litespeed\/avatar\/9065528d4c1ba02f0faf2b7616b2a195.jpg?ver=1777225983\",\"url\":\"https:\/\/centcols.org\/wp-content\/litespeed\/avatar\/9065528d4c1ba02f0faf2b7616b2a195.jpg?ver=1777225983\",\"contentUrl\":\"https:\/\/centcols.org\/wp-content\/litespeed\/avatar\/9065528d4c1ba02f0faf2b7616b2a195.jpg?ver=1777225983\",\"caption\":\"fabien\"},\"url\":\"https:\/\/centcols.org\/it\/author\/fabien\/\"}]}<\/script>\n<!-- \/ Yoast SEO plugin. -->","yoast_head_json":{"title":"Da Brian\u00e7on a Izoard, poi Saint-V\u00e9ran - Club des Cent Cols","robots":{"index":"index","follow":"follow","max-snippet":"max-snippet:-1","max-image-preview":"max-image-preview:large","max-video-preview":"max-video-preview:-1"},"canonical":"https:\/\/centcols.org\/it\/da-briancon-a-lizoard-e-poi-a-saint-veran\/","og_locale":"it_IT","og_type":"article","og_title":"De Brian\u00e7on \u00e0 l'Izoard, puis Saint-V\u00e9ran - Club des Cent Cols","og_description":"Samedi 5 ao\u00fbt, Fin de notre s\u00e9jour au Grand-Bornand. Ce week-end est certainement le pluscharg\u00e9 sur les routes de France. Bison-Fut\u00e9 voit noir et nous, nous voyons la vie en rose, une vraie vie de retrait\u00e9s. Plut\u00f4t que rejoindre Valence, l\u2019A9 et la vall\u00e9e du Rh\u00f4ne, c\u2019est vers les Hautes-Alpes que nous nous dirigeons ce [&hellip;]","og_url":"https:\/\/centcols.org\/it\/da-briancon-a-lizoard-e-poi-a-saint-veran\/","og_site_name":"Club des Cent Cols","article_publisher":"https:\/\/www.facebook.com\/groups\/5261880558\/?locale=fr_FR","article_published_time":"2025-02-05T08:06:51+00:00","article_modified_time":"2025-09-13T05:29:20+00:00","og_image":[{"width":441,"height":333,"url":"https:\/\/centcols.org\/wp-content\/uploads\/2025\/02\/Casse-deserte.jpg","type":"image\/jpeg"}],"author":"fabien","twitter_card":"summary_large_image","twitter_misc":{"Scritto da":"fabien","Tempo di lettura stimato":"15 minuti"},"schema":{"@context":"https:\/\/schema.org","@graph":[{"@type":"Article","@id":"https:\/\/centcols.org\/de-briancon-a-lizoard-puis-saint-veran\/#article","isPartOf":{"@id":"https:\/\/centcols.org\/de-briancon-a-lizoard-puis-saint-veran\/"},"author":{"name":"fabien","@id":"https:\/\/centcols.org\/#\/schema\/person\/fcdb31e57ffa95295c9683ffdda82afa"},"headline":"De Brian\u00e7on \u00e0 l&rsquo;Izoard, puis Saint-V\u00e9ran","datePublished":"2025-02-05T08:06:51+00:00","dateModified":"2025-09-13T05:29:20+00:00","mainEntityOfPage":{"@id":"https:\/\/centcols.org\/de-briancon-a-lizoard-puis-saint-veran\/"},"wordCount":2635,"commentCount":0,"publisher":{"@id":"https:\/\/centcols.org\/#organization"},"image":{"@id":"https:\/\/centcols.org\/de-briancon-a-lizoard-puis-saint-veran\/#primaryimage"},"thumbnailUrl":"https:\/\/centcols.org\/wp-content\/uploads\/2025\/02\/Casse-deserte.jpg","articleSection":["Voyages","Gazette"],"inLanguage":"it-IT","potentialAction":[{"@type":"CommentAction","name":"Comment","target":["https:\/\/centcols.org\/de-briancon-a-lizoard-puis-saint-veran\/#respond"]}]},{"@type":"WebPage","@id":"https:\/\/centcols.org\/de-briancon-a-lizoard-puis-saint-veran\/","url":"https:\/\/centcols.org\/de-briancon-a-lizoard-puis-saint-veran\/","name":"Da Brian\u00e7on a Izoard, poi Saint-V\u00e9ran - Club des Cent Cols","isPartOf":{"@id":"https:\/\/centcols.org\/#website"},"primaryImageOfPage":{"@id":"https:\/\/centcols.org\/de-briancon-a-lizoard-puis-saint-veran\/#primaryimage"},"image":{"@id":"https:\/\/centcols.org\/de-briancon-a-lizoard-puis-saint-veran\/#primaryimage"},"thumbnailUrl":"https:\/\/centcols.org\/wp-content\/uploads\/2025\/02\/Casse-deserte.jpg","datePublished":"2025-02-05T08:06:51+00:00","dateModified":"2025-09-13T05:29:20+00:00","breadcrumb":{"@id":"https:\/\/centcols.org\/de-briancon-a-lizoard-puis-saint-veran\/#breadcrumb"},"inLanguage":"it-IT","potentialAction":[{"@type":"ReadAction","target":["https:\/\/centcols.org\/de-briancon-a-lizoard-puis-saint-veran\/"]}]},{"@type":"ImageObject","inLanguage":"it-IT","@id":"https:\/\/centcols.org\/de-briancon-a-lizoard-puis-saint-veran\/#primaryimage","url":"https:\/\/centcols.org\/wp-content\/uploads\/2025\/02\/Casse-deserte.jpg","contentUrl":"https:\/\/centcols.org\/wp-content\/uploads\/2025\/02\/Casse-deserte.jpg","width":441,"height":333},{"@type":"BreadcrumbList","@id":"https:\/\/centcols.org\/de-briancon-a-lizoard-puis-saint-veran\/#breadcrumb","itemListElement":[{"@type":"ListItem","position":1,"name":"Accueil","item":"https:\/\/centcols.org\/"},{"@type":"ListItem","position":2,"name":"Gazette","item":"https:\/\/centcols.org\/rubrique\/gazette\/"},{"@type":"ListItem","position":3,"name":"Voyages","item":"https:\/\/centcols.org\/rubrique\/gazette\/voyages\/"},{"@type":"ListItem","position":4,"name":"De Brian\u00e7on \u00e0 l&rsquo;Izoard, puis Saint-V\u00e9ran"}]},{"@type":"WebSite","@id":"https:\/\/centcols.org\/#website","url":"https:\/\/centcols.org\/","name":"Club des Cent Cols","description":"","publisher":{"@id":"https:\/\/centcols.org\/#organization"},"potentialAction":[{"@type":"SearchAction","target":{"@type":"EntryPoint","urlTemplate":"https:\/\/centcols.org\/?s={search_term_string}"},"query-input":{"@type":"PropertyValueSpecification","valueRequired":true,"valueName":"search_term_string"}}],"inLanguage":"it-IT"},{"@type":"Organization","@id":"https:\/\/centcols.org\/#organization","name":"Club des Cent Cols","url":"https:\/\/centcols.org\/","logo":{"@type":"ImageObject","inLanguage":"it-IT","@id":"https:\/\/centcols.org\/#\/schema\/logo\/image\/","url":"https:\/\/centcols.org\/wp-content\/uploads\/2025\/01\/carte-icone.png","contentUrl":"https:\/\/centcols.org\/wp-content\/uploads\/2025\/01\/carte-icone.png","width":250,"height":250,"caption":"Club des Cent Cols"},"image":{"@id":"https:\/\/centcols.org\/#\/schema\/logo\/image\/"},"sameAs":["https:\/\/www.facebook.com\/groups\/5261880558\/?locale=fr_FR"]},{"@type":"Person","@id":"https:\/\/centcols.org\/#\/schema\/person\/fcdb31e57ffa95295c9683ffdda82afa","name":"fabien","image":{"@type":"ImageObject","inLanguage":"it-IT","@id":"https:\/\/centcols.org\/wp-content\/litespeed\/avatar\/9065528d4c1ba02f0faf2b7616b2a195.jpg?ver=1777225983","url":"https:\/\/centcols.org\/wp-content\/litespeed\/avatar\/9065528d4c1ba02f0faf2b7616b2a195.jpg?ver=1777225983","contentUrl":"https:\/\/centcols.org\/wp-content\/litespeed\/avatar\/9065528d4c1ba02f0faf2b7616b2a195.jpg?ver=1777225983","caption":"fabien"},"url":"https:\/\/centcols.org\/it\/author\/fabien\/"}]}},"_links":{"self":[{"href":"https:\/\/centcols.org\/it\/wp-json\/wp\/v2\/posts\/79467","targetHints":{"allow":["GET"]}}],"collection":[{"href":"https:\/\/centcols.org\/it\/wp-json\/wp\/v2\/posts"}],"about":[{"href":"https:\/\/centcols.org\/it\/wp-json\/wp\/v2\/types\/post"}],"author":[{"embeddable":true,"href":"https:\/\/centcols.org\/it\/wp-json\/wp\/v2\/users\/2"}],"replies":[{"embeddable":true,"href":"https:\/\/centcols.org\/it\/wp-json\/wp\/v2\/comments?post=79467"}],"version-history":[{"count":0,"href":"https:\/\/centcols.org\/it\/wp-json\/wp\/v2\/posts\/79467\/revisions"}],"wp:featuredmedia":[{"embeddable":true,"href":"https:\/\/centcols.org\/it\/wp-json\/wp\/v2\/media\/79468"}],"wp:attachment":[{"href":"https:\/\/centcols.org\/it\/wp-json\/wp\/v2\/media?parent=79467"}],"wp:term":[{"taxonomy":"category","embeddable":true,"href":"https:\/\/centcols.org\/it\/wp-json\/wp\/v2\/categories?post=79467"},{"taxonomy":"post_tag","embeddable":true,"href":"https:\/\/centcols.org\/it\/wp-json\/wp\/v2\/tags?post=79467"}],"curies":[{"name":"wp","href":"https:\/\/api.w.org\/{rel}","templated":true}]}}