{"id":79496,"date":"2025-02-05T10:07:17","date_gmt":"2025-02-05T08:07:17","guid":{"rendered":"https:\/\/centcols.org\/les-radiales-ibericas-de-la-fect\/"},"modified":"2025-11-17T19:55:01","modified_gmt":"2025-11-17T17:55:01","slug":"le-radiali-iberiche-del-fect","status":"publish","type":"post","link":"https:\/\/centcols.org\/it\/les-radiales-ibericas-de-la-fect\/","title":{"rendered":"Le \"radiali iberiche\" del FECT"},"content":{"rendered":"<p class=\"has-medium-font-size\">Le Radiales Ibericas sono una serie di viaggi in bicicletta su strada ideati dall'associazione <strong>Federazione ciclistica spagnola.<\/strong> L'obiettivo principale \u00e8 promuovere il cicloturismo non competitivo e scoprire tutte le province della penisola iberica.<\/p>\n\n\n\n<p class=\"has-medium-font-size\"><strong>148 passi stradali <\/strong>sono sul percorso delle Radiales, su un totale di 2.660 passi stradali. La Spagna \u00e8 il Paese con il maggior numero di passi di montagna al mondo.<\/p>\n\n\n\n<p class=\"has-medium-font-size\">Il <strong>12 Radiali<\/strong> si basano su <strong>partenza <\/strong>un'altra localit\u00e0 della Comunit\u00e0 Autonoma di <strong>Madrid<\/strong>alla periferia della citt\u00e0. Si irradiano verso gli arrivi in tutta la penisola iberica.<\/p>\n\n\n\n<p class=\"has-medium-font-size\">Ciascuna delle Radiales \u00e8 disponibile in diverse opzioni di percorso:<\/p>\n\n\n\n<ul class=\"wp-block-list\">\n<li><strong>Super radiali<\/strong> dal punto di partenza al punto di arrivo, ritornando attraverso una variante<\/li>\n\n\n\n<li><strong>Radiali semplici<\/strong> da un punto all'altro della superradiale corrispondente, in qualsiasi direzione<\/li>\n\n\n\n<li><strong>Esplora i radiali<\/strong> varianti super radiali, pi\u00f9 corte (un terzo)<\/li>\n<\/ul>\n\n\n\n<p>Sono disponibili anche nelle formule a tempo e a sezioni:<\/p>\n\n\n\n<ul class=\"wp-block-list\">\n<li><strong>Forma libera<\/strong> nessun limite di tempo, possibilit\u00e0 di sezioni intermittenti, nessuna registrazione, n\u00e9 prima n\u00e9 dopo.<\/li>\n\n\n\n<li><strong>Pacchetto turistico<\/strong> tempo libero ma con informazioni da parte dell'organizzazione prima o dopo il percorso<\/li>\n\n\n\n<li><strong>Formula di resistenza<\/strong> con un limite di tempo e un percorso continuo<\/li>\n<\/ul>\n\n\n\n<p><br>Per maggiori informazioni e per iscriversi, seguire il link =&gt;<strong> <a href=\"https:\/\/fect.info\/index.php\/actividad\/radiales-ibericas\/presentacion\" target=\"_blank\" rel=\"noreferrer noopener\">Le Radiales Iberiche<\/a><\/strong><\/p>\n\n\n\n<div class=\"wp-block-columns is-layout-flex wp-container-core-columns-is-layout-9d6595d7 wp-block-columns-is-layout-flex\">\n<div class=\"wp-block-column is-layout-flow wp-block-column-is-layout-flow\" style=\"flex-basis:33.33%\">\n<figure class=\"wp-block-table is-style-stripes\"><table><thead><tr><th>Da Madrid a<\/th><th>km<\/th><th>D+<\/th><th>Passi<\/th><\/tr><\/thead><tbody><tr><td>1 - Roncisvalle<\/td><td>845<\/td><td>8100<\/td><td>12<\/td><\/tr><tr><td>2 - Andorra<\/td><td>1318<\/td><td>14730<\/td><td>10<\/td><\/tr><tr><td>3 - Vinaroz<\/td><td>973<\/td><td>14900<\/td><td>21<\/td><\/tr><tr><td>4 - Denia<\/td><td>970<\/td><td>9630<\/td><td>6<\/td><\/tr><tr><td>5 - \u00c1guilas<\/td><td>1006<\/td><td>10100<\/td><td>8<\/td><\/tr><tr><td>6 - Motril<\/td><td>1124<\/td><td>13000<\/td><td>18<\/td><\/tr><tr><td>7 - Chipiona<\/td><td>1153<\/td><td>9650<\/td><td>14<\/td><\/tr><tr><td>8 - Vila Nova<br>di Milfontes<\/td><td>1339<\/td><td>13450<\/td><td>14<\/td><\/tr><tr><td>9 - Figueira Da Foz<\/td><td>1082<\/td><td>15500<\/td><td>7<\/td><\/tr><tr><td>10 - Finisterre<\/td><td>1470<\/td><td>18900<\/td><td>12<\/td><\/tr><tr><td>11 - Gij\u00f3n<\/td><td>1078<\/td><td>12400<\/td><td>15<\/td><\/tr><tr><td>12 - Laredo<\/td><td>930<\/td><td>10950<\/td><td>11<\/td><\/tr><\/tbody><\/table><\/figure>\n<\/div>\n\n\n\n<div class=\"wp-block-column is-layout-flow wp-block-column-is-layout-flow\" style=\"flex-basis:66.66%\">\n<figure class=\"wp-block-image size-full is-resized\"><img loading=\"lazy\" decoding=\"async\" width=\"1280\" height=\"720\" src=\"https:\/\/centcols.org\/wp-content\/uploads\/2025\/02\/Radiales.jpg\" alt=\"\" class=\"wp-image-90032\" style=\"width:672px;height:377px\" srcset=\"https:\/\/centcols.org\/wp-content\/uploads\/2025\/02\/Radiales.jpg 1280w, https:\/\/centcols.org\/wp-content\/uploads\/2025\/02\/Radiales-1200x675.jpg 1200w, https:\/\/centcols.org\/wp-content\/uploads\/2025\/02\/Radiales-768x432.jpg 768w, https:\/\/centcols.org\/wp-content\/uploads\/2025\/02\/Radiales-18x10.jpg 18w\" sizes=\"auto, (max-width: 1280px) 100vw, 1280px\" \/><\/figure>\n<\/div>\n<\/div>","protected":false},"excerpt":{"rendered":"<p>Les Radiales Ibericas sont des propositions de voyages \u00e0 v\u00e9lo, sur route, cr\u00e9\u00e9es par la F\u00e9d\u00e9ration Espagnole de Cyclotourisme. L\u2019objectif principal est la promotion du cyclotourisme non comp\u00e9titif et la d\u00e9couverte de toutes les provinces de la p\u00e9ninsule ib\u00e9rique. 148 cols routiers se trouvent sur le parcours des Radiales sur un total de 2.660 cols [&hellip;]<\/p>\n","protected":false},"author":2,"featured_media":0,"comment_status":"closed","ping_status":"closed","sticky":false,"template":"","format":"standard","meta":{"_acf_changed":false,"footnotes":""},"categories":[422],"tags":[],"class_list":["post-79496","post","type-post","status-publish","format-standard","hentry","category-partenaires"],"acf":[],"yoast_head":"<!-- This site is optimized with the Yoast SEO plugin v27.2 - https:\/\/yoast.com\/product\/yoast-seo-wordpress\/ -->\n<title>Les &quot;radiales ibericas&quot; de la FECT - Club des Cent Cols<\/title>\n<meta name=\"robots\" content=\"index, follow, max-snippet:-1, max-image-preview:large, max-video-preview:-1\" \/>\n<link rel=\"canonical\" href=\"https:\/\/centcols.org\/it\/le-radiali-iberiche-del-fect\/\" \/>\n<meta property=\"og:locale\" content=\"it_IT\" \/>\n<meta property=\"og:type\" content=\"article\" \/>\n<meta property=\"og:title\" content=\"Les &quot;radiales ibericas&quot; de la FECT - Club des Cent Cols\" \/>\n<meta property=\"og:description\" content=\"Les Radiales Ibericas sont des propositions de voyages \u00e0 v\u00e9lo, sur route, cr\u00e9\u00e9es par la F\u00e9d\u00e9ration Espagnole de Cyclotourisme. L\u2019objectif principal est la promotion du cyclotourisme non comp\u00e9titif et la d\u00e9couverte de toutes les provinces de la p\u00e9ninsule ib\u00e9rique. 148 cols routiers se trouvent sur le parcours des Radiales sur un total de 2.660 cols [&hellip;]\" \/>\n<meta property=\"og:url\" content=\"https:\/\/centcols.org\/it\/le-radiali-iberiche-del-fect\/\" \/>\n<meta property=\"og:site_name\" content=\"Club des Cent Cols\" \/>\n<meta property=\"article:publisher\" content=\"https:\/\/www.facebook.com\/groups\/5261880558\/?locale=fr_FR\" \/>\n<meta property=\"article:published_time\" content=\"2025-02-05T08:07:17+00:00\" \/>\n<meta property=\"article:modified_time\" content=\"2025-11-17T17:55:01+00:00\" \/>\n<meta property=\"og:image\" content=\"https:\/\/centcols.org\/wp-content\/uploads\/2025\/02\/Radiales.jpg\" \/>\n\t<meta property=\"og:image:width\" content=\"1280\" \/>\n\t<meta property=\"og:image:height\" content=\"720\" \/>\n\t<meta property=\"og:image:type\" content=\"image\/jpeg\" \/>\n<meta name=\"author\" content=\"fabien\" \/>\n<meta name=\"twitter:card\" content=\"summary_large_image\" \/>\n<meta name=\"twitter:label1\" content=\"Scritto da\" \/>\n\t<meta name=\"twitter:data1\" content=\"fabien\" \/>\n\t<meta name=\"twitter:label2\" content=\"Tempo di lettura stimato\" \/>\n\t<meta name=\"twitter:data2\" content=\"2 minuti\" \/>\n<script type=\"application\/ld+json\" class=\"yoast-schema-graph\">{\"@context\":\"https:\/\/schema.org\",\"@graph\":[{\"@type\":\"Article\",\"@id\":\"https:\/\/centcols.org\/les-radiales-ibericas-de-la-fect\/#article\",\"isPartOf\":{\"@id\":\"https:\/\/centcols.org\/les-radiales-ibericas-de-la-fect\/\"},\"author\":{\"name\":\"fabien\",\"@id\":\"https:\/\/centcols.org\/#\/schema\/person\/fcdb31e57ffa95295c9683ffdda82afa\"},\"headline\":\"Les \u00ab\u00a0radiales ibericas\u00a0\u00bb de la FECT\",\"datePublished\":\"2025-02-05T08:07:17+00:00\",\"dateModified\":\"2025-11-17T17:55:01+00:00\",\"mainEntityOfPage\":{\"@id\":\"https:\/\/centcols.org\/les-radiales-ibericas-de-la-fect\/\"},\"wordCount\":283,\"publisher\":{\"@id\":\"https:\/\/centcols.org\/#organization\"},\"image\":{\"@id\":\"https:\/\/centcols.org\/les-radiales-ibericas-de-la-fect\/#primaryimage\"},\"thumbnailUrl\":\"https:\/\/centcols.org\/wp-content\/uploads\/2025\/02\/Radiales.jpg\",\"articleSection\":[\"Partenaires\"],\"inLanguage\":\"it-IT\"},{\"@type\":\"WebPage\",\"@id\":\"https:\/\/centcols.org\/les-radiales-ibericas-de-la-fect\/\",\"url\":\"https:\/\/centcols.org\/les-radiales-ibericas-de-la-fect\/\",\"name\":\"Les \\\"radiales ibericas\\\" de la FECT - Club des Cent Cols\",\"isPartOf\":{\"@id\":\"https:\/\/centcols.org\/#website\"},\"primaryImageOfPage\":{\"@id\":\"https:\/\/centcols.org\/les-radiales-ibericas-de-la-fect\/#primaryimage\"},\"image\":{\"@id\":\"https:\/\/centcols.org\/les-radiales-ibericas-de-la-fect\/#primaryimage\"},\"thumbnailUrl\":\"https:\/\/centcols.org\/wp-content\/uploads\/2025\/02\/Radiales.jpg\",\"datePublished\":\"2025-02-05T08:07:17+00:00\",\"dateModified\":\"2025-11-17T17:55:01+00:00\",\"breadcrumb\":{\"@id\":\"https:\/\/centcols.org\/les-radiales-ibericas-de-la-fect\/#breadcrumb\"},\"inLanguage\":\"it-IT\",\"potentialAction\":[{\"@type\":\"ReadAction\",\"target\":[\"https:\/\/centcols.org\/les-radiales-ibericas-de-la-fect\/\"]}]},{\"@type\":\"ImageObject\",\"inLanguage\":\"it-IT\",\"@id\":\"https:\/\/centcols.org\/les-radiales-ibericas-de-la-fect\/#primaryimage\",\"url\":\"https:\/\/centcols.org\/wp-content\/uploads\/2025\/02\/Radiales.jpg\",\"contentUrl\":\"https:\/\/centcols.org\/wp-content\/uploads\/2025\/02\/Radiales.jpg\"},{\"@type\":\"BreadcrumbList\",\"@id\":\"https:\/\/centcols.org\/les-radiales-ibericas-de-la-fect\/#breadcrumb\",\"itemListElement\":[{\"@type\":\"ListItem\",\"position\":1,\"name\":\"Accueil\",\"item\":\"https:\/\/centcols.org\/\"},{\"@type\":\"ListItem\",\"position\":2,\"name\":\"Partenaires\",\"item\":\"https:\/\/centcols.org\/rubrique\/partenaires\/\"},{\"@type\":\"ListItem\",\"position\":3,\"name\":\"Les &#8220;radiales ibericas&#8221; de la FECT\"}]},{\"@type\":\"WebSite\",\"@id\":\"https:\/\/centcols.org\/#website\",\"url\":\"https:\/\/centcols.org\/\",\"name\":\"Club des Cent Cols\",\"description\":\"\",\"publisher\":{\"@id\":\"https:\/\/centcols.org\/#organization\"},\"potentialAction\":[{\"@type\":\"SearchAction\",\"target\":{\"@type\":\"EntryPoint\",\"urlTemplate\":\"https:\/\/centcols.org\/?s={search_term_string}\"},\"query-input\":{\"@type\":\"PropertyValueSpecification\",\"valueRequired\":true,\"valueName\":\"search_term_string\"}}],\"inLanguage\":\"it-IT\"},{\"@type\":\"Organization\",\"@id\":\"https:\/\/centcols.org\/#organization\",\"name\":\"Club des Cent Cols\",\"url\":\"https:\/\/centcols.org\/\",\"logo\":{\"@type\":\"ImageObject\",\"inLanguage\":\"it-IT\",\"@id\":\"https:\/\/centcols.org\/#\/schema\/logo\/image\/\",\"url\":\"https:\/\/centcols.org\/wp-content\/uploads\/2025\/01\/carte-icone.png\",\"contentUrl\":\"https:\/\/centcols.org\/wp-content\/uploads\/2025\/01\/carte-icone.png\",\"width\":250,\"height\":250,\"caption\":\"Club des Cent Cols\"},\"image\":{\"@id\":\"https:\/\/centcols.org\/#\/schema\/logo\/image\/\"},\"sameAs\":[\"https:\/\/www.facebook.com\/groups\/5261880558\/?locale=fr_FR\"]},{\"@type\":\"Person\",\"@id\":\"https:\/\/centcols.org\/#\/schema\/person\/fcdb31e57ffa95295c9683ffdda82afa\",\"name\":\"fabien\",\"image\":{\"@type\":\"ImageObject\",\"inLanguage\":\"it-IT\",\"@id\":\"https:\/\/centcols.org\/wp-content\/litespeed\/avatar\/9065528d4c1ba02f0faf2b7616b2a195.jpg?ver=1777225983\",\"url\":\"https:\/\/centcols.org\/wp-content\/litespeed\/avatar\/9065528d4c1ba02f0faf2b7616b2a195.jpg?ver=1777225983\",\"contentUrl\":\"https:\/\/centcols.org\/wp-content\/litespeed\/avatar\/9065528d4c1ba02f0faf2b7616b2a195.jpg?ver=1777225983\",\"caption\":\"fabien\"},\"url\":\"https:\/\/centcols.org\/it\/author\/fabien\/\"}]}<\/script>\n<!-- \/ Yoast SEO plugin. -->","yoast_head_json":{"title":"Le \"radiales iberiche\" del FECT - Club des Cent Cols","robots":{"index":"index","follow":"follow","max-snippet":"max-snippet:-1","max-image-preview":"max-image-preview:large","max-video-preview":"max-video-preview:-1"},"canonical":"https:\/\/centcols.org\/it\/le-radiali-iberiche-del-fect\/","og_locale":"it_IT","og_type":"article","og_title":"Les \"radiales ibericas\" de la FECT - Club des Cent Cols","og_description":"Les Radiales Ibericas sont des propositions de voyages \u00e0 v\u00e9lo, sur route, cr\u00e9\u00e9es par la F\u00e9d\u00e9ration Espagnole de Cyclotourisme. L\u2019objectif principal est la promotion du cyclotourisme non comp\u00e9titif et la d\u00e9couverte de toutes les provinces de la p\u00e9ninsule ib\u00e9rique. 148 cols routiers se trouvent sur le parcours des Radiales sur un total de 2.660 cols [&hellip;]","og_url":"https:\/\/centcols.org\/it\/le-radiali-iberiche-del-fect\/","og_site_name":"Club des Cent Cols","article_publisher":"https:\/\/www.facebook.com\/groups\/5261880558\/?locale=fr_FR","article_published_time":"2025-02-05T08:07:17+00:00","article_modified_time":"2025-11-17T17:55:01+00:00","og_image":[{"width":1280,"height":720,"url":"https:\/\/centcols.org\/wp-content\/uploads\/2025\/02\/Radiales.jpg","type":"image\/jpeg"}],"author":"fabien","twitter_card":"summary_large_image","twitter_misc":{"Scritto da":"fabien","Tempo di lettura stimato":"2 minuti"},"schema":{"@context":"https:\/\/schema.org","@graph":[{"@type":"Article","@id":"https:\/\/centcols.org\/les-radiales-ibericas-de-la-fect\/#article","isPartOf":{"@id":"https:\/\/centcols.org\/les-radiales-ibericas-de-la-fect\/"},"author":{"name":"fabien","@id":"https:\/\/centcols.org\/#\/schema\/person\/fcdb31e57ffa95295c9683ffdda82afa"},"headline":"Les \u00ab\u00a0radiales ibericas\u00a0\u00bb de la FECT","datePublished":"2025-02-05T08:07:17+00:00","dateModified":"2025-11-17T17:55:01+00:00","mainEntityOfPage":{"@id":"https:\/\/centcols.org\/les-radiales-ibericas-de-la-fect\/"},"wordCount":283,"publisher":{"@id":"https:\/\/centcols.org\/#organization"},"image":{"@id":"https:\/\/centcols.org\/les-radiales-ibericas-de-la-fect\/#primaryimage"},"thumbnailUrl":"https:\/\/centcols.org\/wp-content\/uploads\/2025\/02\/Radiales.jpg","articleSection":["Partenaires"],"inLanguage":"it-IT"},{"@type":"WebPage","@id":"https:\/\/centcols.org\/les-radiales-ibericas-de-la-fect\/","url":"https:\/\/centcols.org\/les-radiales-ibericas-de-la-fect\/","name":"Le \"radiales iberiche\" del FECT - Club des Cent Cols","isPartOf":{"@id":"https:\/\/centcols.org\/#website"},"primaryImageOfPage":{"@id":"https:\/\/centcols.org\/les-radiales-ibericas-de-la-fect\/#primaryimage"},"image":{"@id":"https:\/\/centcols.org\/les-radiales-ibericas-de-la-fect\/#primaryimage"},"thumbnailUrl":"https:\/\/centcols.org\/wp-content\/uploads\/2025\/02\/Radiales.jpg","datePublished":"2025-02-05T08:07:17+00:00","dateModified":"2025-11-17T17:55:01+00:00","breadcrumb":{"@id":"https:\/\/centcols.org\/les-radiales-ibericas-de-la-fect\/#breadcrumb"},"inLanguage":"it-IT","potentialAction":[{"@type":"ReadAction","target":["https:\/\/centcols.org\/les-radiales-ibericas-de-la-fect\/"]}]},{"@type":"ImageObject","inLanguage":"it-IT","@id":"https:\/\/centcols.org\/les-radiales-ibericas-de-la-fect\/#primaryimage","url":"https:\/\/centcols.org\/wp-content\/uploads\/2025\/02\/Radiales.jpg","contentUrl":"https:\/\/centcols.org\/wp-content\/uploads\/2025\/02\/Radiales.jpg"},{"@type":"BreadcrumbList","@id":"https:\/\/centcols.org\/les-radiales-ibericas-de-la-fect\/#breadcrumb","itemListElement":[{"@type":"ListItem","position":1,"name":"Accueil","item":"https:\/\/centcols.org\/"},{"@type":"ListItem","position":2,"name":"Partenaires","item":"https:\/\/centcols.org\/rubrique\/partenaires\/"},{"@type":"ListItem","position":3,"name":"Les &#8220;radiales ibericas&#8221; de la FECT"}]},{"@type":"WebSite","@id":"https:\/\/centcols.org\/#website","url":"https:\/\/centcols.org\/","name":"Club des Cent Cols","description":"","publisher":{"@id":"https:\/\/centcols.org\/#organization"},"potentialAction":[{"@type":"SearchAction","target":{"@type":"EntryPoint","urlTemplate":"https:\/\/centcols.org\/?s={search_term_string}"},"query-input":{"@type":"PropertyValueSpecification","valueRequired":true,"valueName":"search_term_string"}}],"inLanguage":"it-IT"},{"@type":"Organization","@id":"https:\/\/centcols.org\/#organization","name":"Club des Cent Cols","url":"https:\/\/centcols.org\/","logo":{"@type":"ImageObject","inLanguage":"it-IT","@id":"https:\/\/centcols.org\/#\/schema\/logo\/image\/","url":"https:\/\/centcols.org\/wp-content\/uploads\/2025\/01\/carte-icone.png","contentUrl":"https:\/\/centcols.org\/wp-content\/uploads\/2025\/01\/carte-icone.png","width":250,"height":250,"caption":"Club des Cent Cols"},"image":{"@id":"https:\/\/centcols.org\/#\/schema\/logo\/image\/"},"sameAs":["https:\/\/www.facebook.com\/groups\/5261880558\/?locale=fr_FR"]},{"@type":"Person","@id":"https:\/\/centcols.org\/#\/schema\/person\/fcdb31e57ffa95295c9683ffdda82afa","name":"fabien","image":{"@type":"ImageObject","inLanguage":"it-IT","@id":"https:\/\/centcols.org\/wp-content\/litespeed\/avatar\/9065528d4c1ba02f0faf2b7616b2a195.jpg?ver=1777225983","url":"https:\/\/centcols.org\/wp-content\/litespeed\/avatar\/9065528d4c1ba02f0faf2b7616b2a195.jpg?ver=1777225983","contentUrl":"https:\/\/centcols.org\/wp-content\/litespeed\/avatar\/9065528d4c1ba02f0faf2b7616b2a195.jpg?ver=1777225983","caption":"fabien"},"url":"https:\/\/centcols.org\/it\/author\/fabien\/"}]}},"_links":{"self":[{"href":"https:\/\/centcols.org\/it\/wp-json\/wp\/v2\/posts\/79496","targetHints":{"allow":["GET"]}}],"collection":[{"href":"https:\/\/centcols.org\/it\/wp-json\/wp\/v2\/posts"}],"about":[{"href":"https:\/\/centcols.org\/it\/wp-json\/wp\/v2\/types\/post"}],"author":[{"embeddable":true,"href":"https:\/\/centcols.org\/it\/wp-json\/wp\/v2\/users\/2"}],"replies":[{"embeddable":true,"href":"https:\/\/centcols.org\/it\/wp-json\/wp\/v2\/comments?post=79496"}],"version-history":[{"count":0,"href":"https:\/\/centcols.org\/it\/wp-json\/wp\/v2\/posts\/79496\/revisions"}],"wp:attachment":[{"href":"https:\/\/centcols.org\/it\/wp-json\/wp\/v2\/media?parent=79496"}],"wp:term":[{"taxonomy":"category","embeddable":true,"href":"https:\/\/centcols.org\/it\/wp-json\/wp\/v2\/categories?post=79496"},{"taxonomy":"post_tag","embeddable":true,"href":"https:\/\/centcols.org\/it\/wp-json\/wp\/v2\/tags?post=79496"}],"curies":[{"name":"wp","href":"https:\/\/api.w.org\/{rel}","templated":true}]}}