{"id":79571,"date":"2022-12-21T09:39:26","date_gmt":"2022-12-21T07:39:26","guid":{"rendered":"https:\/\/centcols.org\/michel-minard\/"},"modified":"2025-05-13T13:59:24","modified_gmt":"2025-05-13T11:59:24","slug":"michel-minard","status":"publish","type":"post","link":"https:\/\/centcols.org\/it\/michel-minard\/","title":{"rendered":"Michel Minard"},"content":{"rendered":"<p id=\"block-b1046b76-0cd5-4d51-a3d9-d92b537dcfbd\">Prima di conoscere Michel (N\u00b01361), negli anni '90 abbiamo spesso pedalato con suo figlio Philippe. Anche Philippe era un membro attivo dei Cent Cols all'epoca.<\/p>\n\n\n\n<p id=\"block-9f1afa02-14e2-458c-bd6d-0d1e1d8aaa27\">La prima volta che abbiamo incontrato Michel \u00e8 stato durante il nostro soggiorno a Gilette nell'aprile 2015. Dopo aver scalato poco pi\u00f9 di 1300 passi, ci ha detto che il suo obiettivo era di raggiungerne 1500. Ci sembrava un obiettivo molto ambizioso, visto il fisico imponente e l'et\u00e0 di Michel.<\/p>\n\n\n\n<p id=\"block-4e0b2f08-12ee-4675-bd9b-7dde50c05090\">Ma questo senza contare la sua ostinazione e la sua perseveranza, perch\u00e9 sarebbe andato ben oltre questo obiettivo. Ha incarnato <em>la forza silenziosa<\/em>L'abbiamo incontrato di nuovo in ognuno dei nostri viaggi con il CCC. Si rifiutava categoricamente di passare alla VAE e continuava a dirci: \"Questa \u00e8 l'ultima volta che partecipo...\".<\/p>\n\n\n\n<p id=\"block-777925d0-2b48-4740-9350-2fbd50742ff3\">La perdita della moglie Colette, avvenuta nel 2008, lo ha colpito molto e spesso ne ha ricordato il ricordo.<\/p>\n\n\n\n<p id=\"block-5f9eaa21-2959-468a-ac31-b31d3e812061\">All'et\u00e0 di 85 anni se n'\u00e8 andato in silenzio, come ha sempre fatto, e non vedremo il piccolo camper che era il suo unico veicolo arrivare ai nostri prossimi incontri.<\/p>\n\n\n\n<h4 class=\"wp-block-heading has-vivid-cyan-blue-color has-text-color has-medium-font-size\">Claude e Michel RABUTEAU<\/h4>\n\n\n\n<hr class=\"wp-block-separator has-alpha-channel-opacity\" id=\"block-1ea2c44e-7c28-43bf-b7d1-97344c6277a9\"\/>\n\n\n\n<p id=\"block-69210167-fc25-414a-b492-941afe0fb013\">Michel era un uomo molto affettuoso, soprattutto per gli inconvenienti che ha avuto durante i suoi soggiorni, di cui ne citer\u00f2 due.<\/p>\n\n\n\n<p id=\"block-2527cb47-1f9f-4135-b452-cf8a11a3ba40\">Nel 2014, durante il suo soggiorno a Bussang, \u00e8 andato a vedere il Tour mentre saliva sul Col des Croix. Un poliziotto gli ha vietato di tornare indietro per prendere il suo picnic lasciato sulla bicicletta dall'altra parte della strada, lasciandolo affamato.<\/p>\n\n\n\n<p id=\"block-bb6df826-7445-4b9d-80f9-a933bdf2d745\">A Gilette Guy Moreau e Laurent Cornet avevano escogitato un percorso pi\u00f9 breve per lui e lo avevano portato al punto di partenza del circuito con l'ordine di ritrovarsi nello stesso luogo. Al ritorno, Michel non si trovava da nessuna parte e, dopo una lunga attesa, decisero di tornare al centro, pensando che fosse tornato indietro da solo.<\/p>\n\n\n\n<p id=\"block-15bd0152-dbca-4e9b-89d4-d0911c91c900\">Quando \u00e8 arrivata l'ora del pasto serale, Michel era ancora scomparso. Chiamate alla polizia, alla sorella... ma che sollievo quando lo abbiamo visto arrivare al centro.<\/p>\n\n\n\n<p id=\"block-b57c75b8-eb1d-4c99-ac98-34856ac477d7\">Michel era sempre un po' spaesato, ma cos\u00ec amichevole.<\/p>\n\n\n\n<h4 class=\"wp-block-heading has-vivid-cyan-blue-color has-text-color has-medium-font-size\">Alain Brault<\/h4>\n\n\n\n<hr class=\"wp-block-separator has-alpha-channel-opacity\" id=\"block-d309d582-4a22-480b-b13d-c6e314ee2c5b\"\/>\n\n\n\n<p id=\"block-ea6e9b43-d884-4b42-8b06-cfc16c80f60d\">Alain, dimentichi di dire che a Gillette \u00e8 stata la signora della pizza a riportarlo al centro, uomo fortunato!<\/p>\n\n\n\n<h4 class=\"wp-block-heading has-vivid-cyan-blue-color has-text-color has-medium-font-size\">Guy Harl\u00e9<\/h4>\n\n\n\n<hr class=\"wp-block-separator has-alpha-channel-opacity\" id=\"block-a19bdfb8-b4f7-4f17-a4b9-351e33a5653a\"\/>\n\n\n\n<p id=\"block-82002d06-7773-42a6-b21d-149739d3db32\">Michel non ha mai lasciato nessuno indifferente. Avevamo una naturale simpatia per lui, perch\u00e9 spesso non rispettava i nostri orari quando eravamo via. I suoi percorsi erano spesso improvvisati. A Lozari, nel 2013, c'\u00e8 stato un contrattempo: \u00e8 uscito con la sua bicicletta per prendere dei soldi da un bancomat. Quando \u00e8 tornato al camper, ha perso il portafoglio e tutti i documenti... oltre al denaro appena prelevato. Tutti gli altri membri hanno contribuito a garantire il suo ritorno in Francia. La perdita della moglie lo aveva colpito molto. Era un buon amico.<\/p>\n\n\n\n<h4 class=\"wp-block-heading has-vivid-cyan-blue-color has-text-color has-medium-font-size\">Max Tissot<\/h4>\n\n\n\n<hr class=\"wp-block-separator has-alpha-channel-opacity\" id=\"block-3401b557-b182-4541-8ed6-11135a0f538b\"\/>\n\n\n\n<p id=\"block-cd2f0cbf-2d58-4beb-8789-a235448ec1c0\">Michel Minard \u00e8 la mia infanzia e i miei anni di scuola,<br>Ogni mattina, quando andavo a scuola, lo vedevo a Digione, in bicicletta, sul Boulevard Kennedy, mentre andava al lavoro...<br>Poi, quando ho iniziato a fare cicloturismo, lui era al club TCF di Digione.<br>Poi, quando ci siamo incontrati a un raduno... ero il figlio della FEE.<br>Un sacco di dolore e di emozioni...<\/p>\n\n\n\n<h4 class=\"wp-block-heading has-vivid-cyan-blue-color has-text-color has-medium-font-size\">Philippe Fee<\/h4>\n\n\n\n<hr class=\"wp-block-separator has-alpha-channel-opacity\" id=\"block-4f6256f3-0dd1-44d4-aa84-a6d0a1c5b654\"\/>\n\n\n\n<p id=\"block-0e4d49c1-a5d3-4292-b337-25788703a5dd\">Come tutti voi, ho incontrato Michel in diversi viaggi e ho misurato la sua forza di volont\u00e0 sulla bicicletta o accanto ad essa. Ho apprezzato la sua serenit\u00e0 a Ghysonnaccia, dove abbiamo condiviso un bungalow.<\/p>\n\n\n\n<h4 class=\"wp-block-heading has-vivid-cyan-blue-color has-text-color has-medium-font-size\">Guy Chaurin<\/h4>\n\n\n\n<hr class=\"wp-block-separator has-alpha-channel-opacity\" id=\"block-4eb02aa6-84d6-43de-872a-af0ebf98fdbf\"\/>\n\n\n\n<p id=\"block-61b9b76a-d519-47af-9748-29e682689082\">Lo vedo ancora cercare i passi con una carta Michelin da 200.000, perseverando fino alla fine!<br>Alla faccia del ritardo per la cena...<\/p>\n\n\n\n<h4 class=\"wp-block-heading has-vivid-cyan-blue-color has-text-color has-medium-font-size\">Bernard Chinal<\/h4>\n\n\n\n<hr class=\"wp-block-separator has-alpha-channel-opacity\" id=\"block-24330a19-19ed-467c-b2b8-558d7d65b14e\"\/>\n\n\n\n<p id=\"block-073b2542-8065-47b0-aaa4-26169821dd6b\">Mi \u00e8 piaciuto molto parlare con lui. L'ho fatto di nuovo all'assemblea generale. Quando si \u00e8 in buona salute e ancora vigili, si pensa che si vivr\u00e0 per sempre, che tutto andr\u00e0 avanti. Vedere la famiglia e gli amici che ti lasciano ti fa capire che sei solo di passaggio.<\/p>\n\n\n\n<h4 class=\"wp-block-heading has-vivid-cyan-blue-color has-text-color has-medium-font-size\">Alain Schoebel<\/h4>\n\n\n\n<hr class=\"wp-block-separator has-alpha-channel-opacity\" id=\"block-35c4a003-4a3f-4d49-bf70-cc564ff57aa1\"\/>\n\n\n\n<p id=\"block-95409a9e-9fe9-493c-b8ca-6fc5ebae9cc3\">Un pensiero alla sua famiglia. Maurice e io a volte andavamo a fare delle escursioni con lui. Mi dispiace molto che se ne sia andato, era un uomo cos\u00ec gentile.<\/p>\n\n\n\n<h4 class=\"wp-block-heading has-vivid-cyan-blue-color has-text-color has-medium-font-size\">Marie-Th\u00e9r\u00e8se Frumy<\/h4>","protected":false},"excerpt":{"rendered":"<p>Avant de conna\u00eetre Michel (N\u00b01361), nous avions souvent roul\u00e9 en compagnie de son fils Philippe dans les ann\u00e9es 90. Ce dernier \u00e9tait \u00e9galement \u00e0 l\u2019\u00e9poque un membre actif aux Cent Cols. La premi\u00e8re rencontre avec Michel se fit au cours du s\u00e9jour de Gilette en avril 2015. Comptant \u00e0 peine plus de 1300 cols \u00e0 [&hellip;]<\/p>\n","protected":false},"author":58,"featured_media":0,"comment_status":"open","ping_status":"open","sticky":false,"template":"","format":"standard","meta":{"_acf_changed":false,"footnotes":""},"categories":[130,129],"tags":[],"class_list":["post-79571","post","type-post","status-publish","format-standard","hentry","category-carnet-noir","category-gazette"],"acf":[],"yoast_head":"<!-- This site is optimized with the Yoast SEO plugin v27.2 - https:\/\/yoast.com\/product\/yoast-seo-wordpress\/ -->\n<title>Michel Minard - Club des Cent Cols<\/title>\n<meta name=\"robots\" content=\"index, follow, max-snippet:-1, max-image-preview:large, max-video-preview:-1\" \/>\n<link rel=\"canonical\" href=\"https:\/\/centcols.org\/it\/michel-minard\/\" \/>\n<meta property=\"og:locale\" content=\"it_IT\" \/>\n<meta property=\"og:type\" content=\"article\" \/>\n<meta property=\"og:title\" content=\"Michel Minard - Club des Cent Cols\" \/>\n<meta property=\"og:description\" content=\"Avant de conna\u00eetre Michel (N\u00b01361), nous avions souvent roul\u00e9 en compagnie de son fils Philippe dans les ann\u00e9es 90. Ce dernier \u00e9tait \u00e9galement \u00e0 l\u2019\u00e9poque un membre actif aux Cent Cols. La premi\u00e8re rencontre avec Michel se fit au cours du s\u00e9jour de Gilette en avril 2015. Comptant \u00e0 peine plus de 1300 cols \u00e0 [&hellip;]\" \/>\n<meta property=\"og:url\" content=\"https:\/\/centcols.org\/it\/michel-minard\/\" \/>\n<meta property=\"og:site_name\" content=\"Club des Cent Cols\" \/>\n<meta property=\"article:publisher\" content=\"https:\/\/www.facebook.com\/groups\/5261880558\/?locale=fr_FR\" \/>\n<meta property=\"article:published_time\" content=\"2022-12-21T07:39:26+00:00\" \/>\n<meta property=\"article:modified_time\" content=\"2025-05-13T11:59:24+00:00\" \/>\n<meta name=\"author\" content=\"Enrico Alberini\" \/>\n<meta name=\"twitter:card\" content=\"summary_large_image\" \/>\n<meta name=\"twitter:label1\" content=\"Scritto da\" \/>\n\t<meta name=\"twitter:data1\" content=\"Enrico Alberini\" \/>\n\t<meta name=\"twitter:label2\" content=\"Tempo di lettura stimato\" \/>\n\t<meta name=\"twitter:data2\" content=\"4 minuti\" \/>\n<script type=\"application\/ld+json\" class=\"yoast-schema-graph\">{\"@context\":\"https:\/\/schema.org\",\"@graph\":[{\"@type\":\"Article\",\"@id\":\"https:\/\/centcols.org\/michel-minard\/#article\",\"isPartOf\":{\"@id\":\"https:\/\/centcols.org\/michel-minard\/\"},\"author\":{\"name\":\"Enrico Alberini\",\"@id\":\"https:\/\/centcols.org\/#\/schema\/person\/86c3ec6889d88501a29fccac614bebf8\"},\"headline\":\"Michel Minard\",\"datePublished\":\"2022-12-21T07:39:26+00:00\",\"dateModified\":\"2025-05-13T11:59:24+00:00\",\"mainEntityOfPage\":{\"@id\":\"https:\/\/centcols.org\/michel-minard\/\"},\"wordCount\":761,\"commentCount\":0,\"publisher\":{\"@id\":\"https:\/\/centcols.org\/#organization\"},\"articleSection\":[\"Carnet noir\",\"Gazette\"],\"inLanguage\":\"it-IT\",\"potentialAction\":[{\"@type\":\"CommentAction\",\"name\":\"Comment\",\"target\":[\"https:\/\/centcols.org\/michel-minard\/#respond\"]}]},{\"@type\":\"WebPage\",\"@id\":\"https:\/\/centcols.org\/michel-minard\/\",\"url\":\"https:\/\/centcols.org\/michel-minard\/\",\"name\":\"Michel Minard - Club des Cent Cols\",\"isPartOf\":{\"@id\":\"https:\/\/centcols.org\/#website\"},\"datePublished\":\"2022-12-21T07:39:26+00:00\",\"dateModified\":\"2025-05-13T11:59:24+00:00\",\"breadcrumb\":{\"@id\":\"https:\/\/centcols.org\/michel-minard\/#breadcrumb\"},\"inLanguage\":\"it-IT\",\"potentialAction\":[{\"@type\":\"ReadAction\",\"target\":[\"https:\/\/centcols.org\/michel-minard\/\"]}]},{\"@type\":\"BreadcrumbList\",\"@id\":\"https:\/\/centcols.org\/michel-minard\/#breadcrumb\",\"itemListElement\":[{\"@type\":\"ListItem\",\"position\":1,\"name\":\"Accueil\",\"item\":\"https:\/\/centcols.org\/\"},{\"@type\":\"ListItem\",\"position\":2,\"name\":\"Gazette\",\"item\":\"https:\/\/centcols.org\/rubrique\/gazette\/\"},{\"@type\":\"ListItem\",\"position\":3,\"name\":\"Michel Minard\"}]},{\"@type\":\"WebSite\",\"@id\":\"https:\/\/centcols.org\/#website\",\"url\":\"https:\/\/centcols.org\/\",\"name\":\"Club des Cent Cols\",\"description\":\"\",\"publisher\":{\"@id\":\"https:\/\/centcols.org\/#organization\"},\"potentialAction\":[{\"@type\":\"SearchAction\",\"target\":{\"@type\":\"EntryPoint\",\"urlTemplate\":\"https:\/\/centcols.org\/?s={search_term_string}\"},\"query-input\":{\"@type\":\"PropertyValueSpecification\",\"valueRequired\":true,\"valueName\":\"search_term_string\"}}],\"inLanguage\":\"it-IT\"},{\"@type\":\"Organization\",\"@id\":\"https:\/\/centcols.org\/#organization\",\"name\":\"Club des Cent Cols\",\"url\":\"https:\/\/centcols.org\/\",\"logo\":{\"@type\":\"ImageObject\",\"inLanguage\":\"it-IT\",\"@id\":\"https:\/\/centcols.org\/#\/schema\/logo\/image\/\",\"url\":\"https:\/\/centcols.org\/wp-content\/uploads\/2025\/01\/carte-icone.png\",\"contentUrl\":\"https:\/\/centcols.org\/wp-content\/uploads\/2025\/01\/carte-icone.png\",\"width\":250,\"height\":250,\"caption\":\"Club des Cent Cols\"},\"image\":{\"@id\":\"https:\/\/centcols.org\/#\/schema\/logo\/image\/\"},\"sameAs\":[\"https:\/\/www.facebook.com\/groups\/5261880558\/?locale=fr_FR\"]},{\"@type\":\"Person\",\"@id\":\"https:\/\/centcols.org\/#\/schema\/person\/86c3ec6889d88501a29fccac614bebf8\",\"name\":\"Enrico Alberini\",\"image\":{\"@type\":\"ImageObject\",\"inLanguage\":\"it-IT\",\"@id\":\"https:\/\/centcols.org\/wp-content\/litespeed\/avatar\/1b26e36a18d85acc8b0f860f9628213f.jpg?ver=1777240766\",\"url\":\"https:\/\/centcols.org\/wp-content\/litespeed\/avatar\/1b26e36a18d85acc8b0f860f9628213f.jpg?ver=1777240766\",\"contentUrl\":\"https:\/\/centcols.org\/wp-content\/litespeed\/avatar\/1b26e36a18d85acc8b0f860f9628213f.jpg?ver=1777240766\",\"caption\":\"Enrico Alberini\"},\"url\":\"https:\/\/centcols.org\/it\/author\/5065\/\"}]}<\/script>\n<!-- \/ Yoast SEO plugin. -->","yoast_head_json":{"title":"Michel Minard - Club des Cent Cols","robots":{"index":"index","follow":"follow","max-snippet":"max-snippet:-1","max-image-preview":"max-image-preview:large","max-video-preview":"max-video-preview:-1"},"canonical":"https:\/\/centcols.org\/it\/michel-minard\/","og_locale":"it_IT","og_type":"article","og_title":"Michel Minard - Club des Cent Cols","og_description":"Avant de conna\u00eetre Michel (N\u00b01361), nous avions souvent roul\u00e9 en compagnie de son fils Philippe dans les ann\u00e9es 90. Ce dernier \u00e9tait \u00e9galement \u00e0 l\u2019\u00e9poque un membre actif aux Cent Cols. La premi\u00e8re rencontre avec Michel se fit au cours du s\u00e9jour de Gilette en avril 2015. Comptant \u00e0 peine plus de 1300 cols \u00e0 [&hellip;]","og_url":"https:\/\/centcols.org\/it\/michel-minard\/","og_site_name":"Club des Cent Cols","article_publisher":"https:\/\/www.facebook.com\/groups\/5261880558\/?locale=fr_FR","article_published_time":"2022-12-21T07:39:26+00:00","article_modified_time":"2025-05-13T11:59:24+00:00","author":"Enrico Alberini","twitter_card":"summary_large_image","twitter_misc":{"Scritto da":"Enrico Alberini","Tempo di lettura stimato":"4 minuti"},"schema":{"@context":"https:\/\/schema.org","@graph":[{"@type":"Article","@id":"https:\/\/centcols.org\/michel-minard\/#article","isPartOf":{"@id":"https:\/\/centcols.org\/michel-minard\/"},"author":{"name":"Enrico Alberini","@id":"https:\/\/centcols.org\/#\/schema\/person\/86c3ec6889d88501a29fccac614bebf8"},"headline":"Michel Minard","datePublished":"2022-12-21T07:39:26+00:00","dateModified":"2025-05-13T11:59:24+00:00","mainEntityOfPage":{"@id":"https:\/\/centcols.org\/michel-minard\/"},"wordCount":761,"commentCount":0,"publisher":{"@id":"https:\/\/centcols.org\/#organization"},"articleSection":["Carnet noir","Gazette"],"inLanguage":"it-IT","potentialAction":[{"@type":"CommentAction","name":"Comment","target":["https:\/\/centcols.org\/michel-minard\/#respond"]}]},{"@type":"WebPage","@id":"https:\/\/centcols.org\/michel-minard\/","url":"https:\/\/centcols.org\/michel-minard\/","name":"Michel Minard - Club des Cent Cols","isPartOf":{"@id":"https:\/\/centcols.org\/#website"},"datePublished":"2022-12-21T07:39:26+00:00","dateModified":"2025-05-13T11:59:24+00:00","breadcrumb":{"@id":"https:\/\/centcols.org\/michel-minard\/#breadcrumb"},"inLanguage":"it-IT","potentialAction":[{"@type":"ReadAction","target":["https:\/\/centcols.org\/michel-minard\/"]}]},{"@type":"BreadcrumbList","@id":"https:\/\/centcols.org\/michel-minard\/#breadcrumb","itemListElement":[{"@type":"ListItem","position":1,"name":"Accueil","item":"https:\/\/centcols.org\/"},{"@type":"ListItem","position":2,"name":"Gazette","item":"https:\/\/centcols.org\/rubrique\/gazette\/"},{"@type":"ListItem","position":3,"name":"Michel Minard"}]},{"@type":"WebSite","@id":"https:\/\/centcols.org\/#website","url":"https:\/\/centcols.org\/","name":"Club des Cent Cols","description":"","publisher":{"@id":"https:\/\/centcols.org\/#organization"},"potentialAction":[{"@type":"SearchAction","target":{"@type":"EntryPoint","urlTemplate":"https:\/\/centcols.org\/?s={search_term_string}"},"query-input":{"@type":"PropertyValueSpecification","valueRequired":true,"valueName":"search_term_string"}}],"inLanguage":"it-IT"},{"@type":"Organization","@id":"https:\/\/centcols.org\/#organization","name":"Club des Cent Cols","url":"https:\/\/centcols.org\/","logo":{"@type":"ImageObject","inLanguage":"it-IT","@id":"https:\/\/centcols.org\/#\/schema\/logo\/image\/","url":"https:\/\/centcols.org\/wp-content\/uploads\/2025\/01\/carte-icone.png","contentUrl":"https:\/\/centcols.org\/wp-content\/uploads\/2025\/01\/carte-icone.png","width":250,"height":250,"caption":"Club des Cent Cols"},"image":{"@id":"https:\/\/centcols.org\/#\/schema\/logo\/image\/"},"sameAs":["https:\/\/www.facebook.com\/groups\/5261880558\/?locale=fr_FR"]},{"@type":"Person","@id":"https:\/\/centcols.org\/#\/schema\/person\/86c3ec6889d88501a29fccac614bebf8","name":"Enrico Alberini","image":{"@type":"ImageObject","inLanguage":"it-IT","@id":"https:\/\/centcols.org\/wp-content\/litespeed\/avatar\/1b26e36a18d85acc8b0f860f9628213f.jpg?ver=1777240766","url":"https:\/\/centcols.org\/wp-content\/litespeed\/avatar\/1b26e36a18d85acc8b0f860f9628213f.jpg?ver=1777240766","contentUrl":"https:\/\/centcols.org\/wp-content\/litespeed\/avatar\/1b26e36a18d85acc8b0f860f9628213f.jpg?ver=1777240766","caption":"Enrico Alberini"},"url":"https:\/\/centcols.org\/it\/author\/5065\/"}]}},"_links":{"self":[{"href":"https:\/\/centcols.org\/it\/wp-json\/wp\/v2\/posts\/79571","targetHints":{"allow":["GET"]}}],"collection":[{"href":"https:\/\/centcols.org\/it\/wp-json\/wp\/v2\/posts"}],"about":[{"href":"https:\/\/centcols.org\/it\/wp-json\/wp\/v2\/types\/post"}],"author":[{"embeddable":true,"href":"https:\/\/centcols.org\/it\/wp-json\/wp\/v2\/users\/58"}],"replies":[{"embeddable":true,"href":"https:\/\/centcols.org\/it\/wp-json\/wp\/v2\/comments?post=79571"}],"version-history":[{"count":0,"href":"https:\/\/centcols.org\/it\/wp-json\/wp\/v2\/posts\/79571\/revisions"}],"wp:attachment":[{"href":"https:\/\/centcols.org\/it\/wp-json\/wp\/v2\/media?parent=79571"}],"wp:term":[{"taxonomy":"category","embeddable":true,"href":"https:\/\/centcols.org\/it\/wp-json\/wp\/v2\/categories?post=79571"},{"taxonomy":"post_tag","embeddable":true,"href":"https:\/\/centcols.org\/it\/wp-json\/wp\/v2\/tags?post=79571"}],"curies":[{"name":"wp","href":"https:\/\/api.w.org\/{rel}","templated":true}]}}