{"id":79574,"date":"2023-01-15T10:57:26","date_gmt":"2023-01-15T08:57:26","guid":{"rendered":"https:\/\/centcols.org\/paul-fabre\/"},"modified":"2025-09-13T08:43:50","modified_gmt":"2025-09-13T06:43:50","slug":"paul-fabre","status":"publish","type":"post","link":"https:\/\/centcols.org\/it\/paul-fabre\/","title":{"rendered":"Paul Fabre"},"content":{"rendered":"<figure class=\"wp-block-image size-full is-resized\"><img loading=\"lazy\" decoding=\"async\" width=\"1276\" height=\"1588\" src=\"https:\/\/centcols.org\/wp-content\/uploads\/2023\/01\/Paul_Fabre01.jpg\" alt=\"\" class=\"wp-image-87974\" style=\"width:auto;height:600px\" srcset=\"https:\/\/centcols.org\/wp-content\/uploads\/2023\/01\/Paul_Fabre01.jpg 1276w, https:\/\/centcols.org\/wp-content\/uploads\/2023\/01\/Paul_Fabre01-964x1200.jpg 964w, https:\/\/centcols.org\/wp-content\/uploads\/2023\/01\/Paul_Fabre01-768x956.jpg 768w, https:\/\/centcols.org\/wp-content\/uploads\/2023\/01\/Paul_Fabre01-1234x1536.jpg 1234w\" sizes=\"auto, (max-width: 1276px) 100vw, 1276px\" \/><\/figure>\n\n\n\n<p>Paul Fabre (1935-2023), Cent Cols n. 1733 dal 1982<br>Eddius non era uno scalatore incallito: aveva bloccato il suo contachilometri una ventina di anni fa. Ma sapeva raccontare la storia di un viaggio come nessun altro, e il veterano del cicloturismo nascondeva un eminente docente universitario e autore di opere di linguistica.<\/p>\n\n\n\n<h2 class=\"wp-block-heading\">Autore dell'altezza<\/h2>\n\n\n\n<p>&nbsp;Ricordo quel giorno di settembre del 2000, quando guidavo un gruppo di un centinaio di ciclisti giunti a Beaune da tutta la Francia per il raduno dei membri dell'Amicale des Diagonalistes, da Lei presieduta. Al volante dei suoi due segretari, era circondato dai suoi pi\u00f9 cari compagni di ciclismo, nobilitati da Messire Eddius. Ho colto qualche frammento delle tue battute e ho provato un vero senso di frustrazione per non aver fatto parte di quella prima cerchia... (e ti cito) \"di adulti seri che giocano a questi giochi infantili all'et\u00e0 della sculacciata\". Non ho avuto la possibilit\u00e0 di far parte di quel primo circolo perch\u00e9, abitando a 400 chilometri da Al\u00e8s, mi era impossibile unirmi ad Albert, \u00c9mile, Guy e a tutti gli altri che hanno condiviso il vostro percorso, per ore e giorni, in giro per la Francia o sulla Diagonale, da Parigi a Brest o da Hendaye a Compostela.<br>Non potevo immaginare che, quando nel marzo 2015 ti chiesi di scrivere la prefazione alla biografia di Patrick Plaine che avevo appena scritto, saremmo partiti entrambi per una lunga avventura, in cui i nostri computer avrebbero sostituito gli escursionisti e le nostre tastiere i pedali. Sono esattamente 42 le edizioni che ho realizzato per te, 35 delle quali sono in vendita al pubblico, mentre le altre 7 sono libri che hai scelto di distribuire solo a chi ti \u00e8 vicino. Abbiamo trascorso molte lunghe ore insieme, tu a disegnare gli itinerari, io a spianarti la strada, a cercare di riparare la perdita di memoria del tuo vecchio computer, a sfogliare le tue pagine in occitano, ma felice e complice come tutti i cavalieri della tua ost.<\/p>\n\n\n\n<figure class=\"wp-block-image size-full\"><img loading=\"lazy\" decoding=\"async\" width=\"1200\" height=\"807\" src=\"https:\/\/centcols.org\/wp-content\/uploads\/2023\/01\/Paul_Fabre_1200-1.jpg\" alt=\"\" class=\"wp-image-87975\" style=\"object-fit:cover\" srcset=\"https:\/\/centcols.org\/wp-content\/uploads\/2023\/01\/Paul_Fabre_1200-1.jpg 1200w, https:\/\/centcols.org\/wp-content\/uploads\/2023\/01\/Paul_Fabre_1200-1-768x516.jpg 768w\" sizes=\"auto, (max-width: 1200px) 100vw, 1200px\" \/><\/figure>\n\n\n\n<p>Grazie, Paul, per avermi fatto conoscere il mondo dei trovatori e quella nobile parola paratge, che nella mia ignoranza volevo assolutamente scrivere partage. Grazie per avermi fatto conoscere il mondo poetico del tuo amato Paul Val\u00e9ry, insegnandomi ad ascoltare la musica dei suoi versi piuttosto che cercare di dargli un senso. Grazie per avermi insegnato la saggia filosofia di Montaigne. Grazie per avermi dedicato tanto tempo scrivendomi pi\u00f9 di mille e-mail, in cui abbiamo spesso scherzato come bambini...<\/p>\n\n\n\n<p><br>&nbsp;&nbsp; &nbsp;&nbsp; Grazie ancora per avermi invitato a condividere con voi un'ultima Diagonale, chiedendomi di inviarvi 80 istantanee del mio percorso di vita, che mi avete restituito con 8 versi di 8 piedi ciascuno, poesie personalizzate che mi hanno toccato profondamente. Le abbiamo trasformate in un libro, il cui titolo \u00e8 stato scelto da te: INSIEME.<br>&nbsp;&nbsp; &nbsp;&nbsp; So, Paul, che sei partito per raggiungere la tua amata Fran\u00e7oise, e che non hai dimenticato di portare con te la tua sesta moto, la bellissima Follis che ti ha regalato per il tuo settantesimo compleanno. E so anche che \"tirerai lunghi rettilinei con la tua marcia pi\u00f9 grande\" con Pierre, Raymond, Micheline, \u00c9mile, Patrick e tutti quelli che hanno corso al tuo fianco e che ci hanno lasciato, nella tua ruota. E so ancora che sarai in grado di trovare l'arguzia per tagliare loro la strada a cento metri dalla cima di un passo, senza dubbio prestigioso come un Portet d'Aspet o un Cabar\u00e9tou. Essendo stato il Principe del Portet, Messire Eddius sar\u00e0 anche il Principe del Paradiso.<br>Addio Paul, tu \u00d4 mais grande para sempre, addio Maestro e grazie. Grazie di cuore.<\/p>\n\n\n\n<h4 class=\"wp-block-heading\">Gilbert Jaccon, Cent Cols n\u00b0 3497, Beaune<\/h4>\n\n\n\n<hr class=\"wp-block-separator has-css-opacity\"\/>\n\n\n\n<figure class=\"wp-block-image size-full\"><img loading=\"lazy\" decoding=\"async\" width=\"1831\" height=\"1508\" src=\"https:\/\/centcols.org\/wp-content\/uploads\/2023\/01\/Paul_Fabre.jpg\" alt=\"\" class=\"wp-image-85754\" style=\"object-fit:cover\" srcset=\"https:\/\/centcols.org\/wp-content\/uploads\/2023\/01\/Paul_Fabre.jpg 1831w, https:\/\/centcols.org\/wp-content\/uploads\/2023\/01\/Paul_Fabre-1200x988.jpg 1200w, https:\/\/centcols.org\/wp-content\/uploads\/2023\/01\/Paul_Fabre-768x633.jpg 768w, https:\/\/centcols.org\/wp-content\/uploads\/2023\/01\/Paul_Fabre-1536x1265.jpg 1536w\" sizes=\"auto, (max-width: 1831px) 100vw, 1831px\" \/><\/figure>\n\n\n\n<p>Tra i miei ricordi pi\u00f9 belli di quando ho pedalato con Paul Fabre, alias Eddius, c'\u00e8 il concentramento del 25\u00b0 anniversario del Cent-Cols al Mas de la Barque, il 17 agosto 1997, e in particolare la salita da Concoules a Genolhac che l'ha preceduto. Si trattava di una salita lunga e sconnessa attraverso la foresta, durante la quale Eddius, in sella alla sua bici e noi sul nostro tandem, ci ha tenuto una lezione sulle origini dei nomi dei passi regionali come Canteperdrix, Lancise, Banl\u00e8ve e Malpertus.<\/p>\n\n\n\n<p>Henri Bosc e alcuni altri si sono uniti a noi e, mentre pedalavamo fino al cartello del Col du Pr\u00e9 de la Dame (FR-30-1474), abbiamo trattenuto Henri per il portapacchi posteriore, permettendo a Eddius di attraversare il passo in testa, mantenendo cos\u00ec alta la sua posizione di presidente dell'Amicale des Diagonalistes!<\/p>\n\n\n\n<p>Henri aveva ovviamente finto di offendersi per la vittoria rubata del suo collega, alimentando cos\u00ec la leggenda della loro rivalit\u00e0 oratoria, che coinvolgeva anche i loro amici del Massiccio Centrale, Jean Fournol e Jean Barri\u00e9, anch'essi presenti a Concoules quel fine settimana, e che si ritrovano nei loro racconti sotto pseudonimi aristocratici o medievali...<\/p>\n\n\n\n<p>Paul Fabre sapeva mettere la sua erudizione a portata di mano, cfr. il suo \"Que sais-je\" sui nomi personali in Francia, e tra tutti i suoi scritti ricordiamo in particolare il suo brillante elogio di tutto ci\u00f2 che \u00e8 piccolo, apparso quando ha preso in mano Le Petit Diagonaliste, nel numero 25 del novembre 1994. Ho (temporaneamente?) smarrito questo numero, che Jean-Philippe Battu ha messo online qualche anno fa. Se qualcuno ce l'ha, sarei felice di scannerizzarlo.<\/p>\n\n\n\n<p>Non dimenticheremo Eddius in fretta e vorrei cogliere l'occasione per congratularmi con coloro che mantengono viva la nostra fraternit\u00e0, come si evince dai numerosi messaggi pubblicati nel nuovo anno, che sono solo la punta dell'iceberg.<\/p>\n\n\n\n<h4 class=\"wp-block-heading kt-adv-heading_67ddc2-6f wp-block-kadence-advancedheading has-vivid-cyan-blue-color has-text-color\">Marc Liaudon<\/h4>\n\n\n\n<p>Ieri ho appreso la triste notizia della scomparsa di Paul Fabre. Molto conosciuto nell'ambito della FFCT, grande cicloturista ma soprattutto grande scrittore, ci ha lasciato un'opera considerevole...<br>Non so se era un membro del club des cent cols?<br>Eddius, come amavano chiamarlo i suoi numerosi amici, \u00e8 morto ieri 12 gennaio.<br>Attualmente sto leggendo uno dei suoi ultimi libri: \"Une ivresse continue ou saga d'un Cycliste ordinaire\", che ora avr\u00e0 un sapore diverso...<\/p>\n\n\n\n<h4 class=\"wp-block-heading kt-adv-heading_aeff33-cf wp-block-kadence-advancedheading has-vivid-cyan-blue-color has-text-color\">Jean-Marc Lef\u00e8vre<\/h4>\n\n\n\n<hr class=\"wp-block-separator has-css-opacity\"\/>\n\n\n\n<p>Una notizia davvero triste.  Abbiamo perso un grande escursionista e un ottimo scrittore.  Eddius era naturalmente tornato al CCC nel 1982, cos\u00ec come i suoi tre compagni dei \"Chemins \u00e0 trois voies\" che erano partiti per il Cammino di Santiago, tra cui Henri Bosc, che rimane l'ultimo del gruppo.<br>Pace alla sua anima e condoglianze a tutta la sua famiglia.&nbsp;<\/p>\n\n\n\n<h4 class=\"wp-block-heading kt-adv-heading_0cf096-84 wp-block-kadence-advancedheading has-vivid-cyan-blue-color has-text-color\">Didier R\u00e9mond<\/h4>\n\n\n\n<hr class=\"wp-block-separator has-css-opacity\"\/>\n\n\n\n<p>La partenza del nostro amico Eddius \u00e8 l'ennesimo dispiacere dei cicloturisti: i nostri amici dei Pirenei ci abbandonano uno dopo l'altro, lasciandoci con un altro Henri.<br>Tristemente&nbsp;<\/p>\n\n\n\n<h4 class=\"wp-block-heading kt-adv-heading_2b3884-cb wp-block-kadence-advancedheading has-vivid-cyan-blue-color has-text-color\">Henri Dusseau<\/h4>\n\n\n\n<hr class=\"wp-block-separator has-css-opacity\"\/>\n\n\n\n<p><\/p>","protected":false},"excerpt":{"rendered":"<p>Paul Fabre (1935-2023), Cent Cols n\u00b0 1733 depuis 1982Eddius n\u2019\u00e9tait pas un grimpeur acharn\u00e9&nbsp;: il avait bloqu\u00e9 son compteur il y a une vingtaine d\u2019ann\u00e9es. Mais il savait raconter une randonn\u00e9e comme personne, le cyclotouriste \u00e9m\u00e9rite cachant un \u00e9minent professeur d\u2019universit\u00e9, auteur d\u2019ouvrages de linguistique. Auteur de hauteur &nbsp;Je me souviens de ce jour de [&hellip;]<\/p>\n","protected":false},"author":3,"featured_media":85754,"comment_status":"open","ping_status":"open","sticky":false,"template":"","format":"standard","meta":{"_acf_changed":false,"footnotes":""},"categories":[130,129],"tags":[],"class_list":["post-79574","post","type-post","status-publish","format-standard","has-post-thumbnail","hentry","category-carnet-noir","category-gazette"],"acf":[],"yoast_head":"<!-- This site is optimized with the Yoast SEO plugin v27.2 - https:\/\/yoast.com\/product\/yoast-seo-wordpress\/ -->\n<title>Paul Fabre - Club des Cent Cols<\/title>\n<meta name=\"robots\" content=\"index, follow, max-snippet:-1, max-image-preview:large, max-video-preview:-1\" \/>\n<link rel=\"canonical\" href=\"https:\/\/centcols.org\/it\/paul-fabre\/\" \/>\n<meta property=\"og:locale\" content=\"it_IT\" \/>\n<meta property=\"og:type\" content=\"article\" \/>\n<meta property=\"og:title\" content=\"Paul Fabre - Club des Cent Cols\" \/>\n<meta property=\"og:description\" content=\"Paul Fabre (1935-2023), Cent Cols n\u00b0 1733 depuis 1982Eddius n\u2019\u00e9tait pas un grimpeur acharn\u00e9&nbsp;: il avait bloqu\u00e9 son compteur il y a une vingtaine d\u2019ann\u00e9es. Mais il savait raconter une randonn\u00e9e comme personne, le cyclotouriste \u00e9m\u00e9rite cachant un \u00e9minent professeur d\u2019universit\u00e9, auteur d\u2019ouvrages de linguistique. Auteur de hauteur &nbsp;Je me souviens de ce jour de [&hellip;]\" \/>\n<meta property=\"og:url\" content=\"https:\/\/centcols.org\/it\/paul-fabre\/\" \/>\n<meta property=\"og:site_name\" content=\"Club des Cent Cols\" \/>\n<meta property=\"article:publisher\" content=\"https:\/\/www.facebook.com\/groups\/5261880558\/?locale=fr_FR\" \/>\n<meta property=\"article:published_time\" content=\"2023-01-15T08:57:26+00:00\" \/>\n<meta property=\"article:modified_time\" content=\"2025-09-13T06:43:50+00:00\" \/>\n<meta property=\"og:image\" content=\"https:\/\/centcols.org\/wp-content\/uploads\/2023\/01\/Paul_Fabre.jpg\" \/>\n\t<meta property=\"og:image:width\" content=\"1831\" \/>\n\t<meta property=\"og:image:height\" content=\"1508\" \/>\n\t<meta property=\"og:image:type\" content=\"image\/jpeg\" \/>\n<meta name=\"author\" content=\"Webmestre\" \/>\n<meta name=\"twitter:card\" content=\"summary_large_image\" \/>\n<meta name=\"twitter:label1\" content=\"Scritto da\" \/>\n\t<meta name=\"twitter:data1\" content=\"Webmestre\" \/>\n\t<meta name=\"twitter:label2\" content=\"Tempo di lettura stimato\" \/>\n\t<meta name=\"twitter:data2\" content=\"7 minuti\" \/>\n<script type=\"application\/ld+json\" class=\"yoast-schema-graph\">{\"@context\":\"https:\/\/schema.org\",\"@graph\":[{\"@type\":\"Article\",\"@id\":\"https:\/\/centcols.org\/paul-fabre\/#article\",\"isPartOf\":{\"@id\":\"https:\/\/centcols.org\/paul-fabre\/\"},\"author\":{\"name\":\"Webmestre\",\"@id\":\"https:\/\/centcols.org\/#\/schema\/person\/911b404fb133d8c913dd27cdcf71c8e5\"},\"headline\":\"Paul Fabre\",\"datePublished\":\"2023-01-15T08:57:26+00:00\",\"dateModified\":\"2025-09-13T06:43:50+00:00\",\"mainEntityOfPage\":{\"@id\":\"https:\/\/centcols.org\/paul-fabre\/\"},\"wordCount\":1239,\"commentCount\":0,\"publisher\":{\"@id\":\"https:\/\/centcols.org\/#organization\"},\"image\":{\"@id\":\"https:\/\/centcols.org\/paul-fabre\/#primaryimage\"},\"thumbnailUrl\":\"https:\/\/centcols.org\/wp-content\/uploads\/2023\/01\/Paul_Fabre.jpg\",\"articleSection\":[\"Carnet noir\",\"Gazette\"],\"inLanguage\":\"it-IT\",\"potentialAction\":[{\"@type\":\"CommentAction\",\"name\":\"Comment\",\"target\":[\"https:\/\/centcols.org\/paul-fabre\/#respond\"]}]},{\"@type\":\"WebPage\",\"@id\":\"https:\/\/centcols.org\/paul-fabre\/\",\"url\":\"https:\/\/centcols.org\/paul-fabre\/\",\"name\":\"Paul Fabre - Club des Cent Cols\",\"isPartOf\":{\"@id\":\"https:\/\/centcols.org\/#website\"},\"primaryImageOfPage\":{\"@id\":\"https:\/\/centcols.org\/paul-fabre\/#primaryimage\"},\"image\":{\"@id\":\"https:\/\/centcols.org\/paul-fabre\/#primaryimage\"},\"thumbnailUrl\":\"https:\/\/centcols.org\/wp-content\/uploads\/2023\/01\/Paul_Fabre.jpg\",\"datePublished\":\"2023-01-15T08:57:26+00:00\",\"dateModified\":\"2025-09-13T06:43:50+00:00\",\"breadcrumb\":{\"@id\":\"https:\/\/centcols.org\/paul-fabre\/#breadcrumb\"},\"inLanguage\":\"it-IT\",\"potentialAction\":[{\"@type\":\"ReadAction\",\"target\":[\"https:\/\/centcols.org\/paul-fabre\/\"]}]},{\"@type\":\"ImageObject\",\"inLanguage\":\"it-IT\",\"@id\":\"https:\/\/centcols.org\/paul-fabre\/#primaryimage\",\"url\":\"https:\/\/centcols.org\/wp-content\/uploads\/2023\/01\/Paul_Fabre.jpg\",\"contentUrl\":\"https:\/\/centcols.org\/wp-content\/uploads\/2023\/01\/Paul_Fabre.jpg\",\"width\":1831,\"height\":1508},{\"@type\":\"BreadcrumbList\",\"@id\":\"https:\/\/centcols.org\/paul-fabre\/#breadcrumb\",\"itemListElement\":[{\"@type\":\"ListItem\",\"position\":1,\"name\":\"Accueil\",\"item\":\"https:\/\/centcols.org\/\"},{\"@type\":\"ListItem\",\"position\":2,\"name\":\"Gazette\",\"item\":\"https:\/\/centcols.org\/rubrique\/gazette\/\"},{\"@type\":\"ListItem\",\"position\":3,\"name\":\"Paul Fabre\"}]},{\"@type\":\"WebSite\",\"@id\":\"https:\/\/centcols.org\/#website\",\"url\":\"https:\/\/centcols.org\/\",\"name\":\"Club des Cent Cols\",\"description\":\"\",\"publisher\":{\"@id\":\"https:\/\/centcols.org\/#organization\"},\"potentialAction\":[{\"@type\":\"SearchAction\",\"target\":{\"@type\":\"EntryPoint\",\"urlTemplate\":\"https:\/\/centcols.org\/?s={search_term_string}\"},\"query-input\":{\"@type\":\"PropertyValueSpecification\",\"valueRequired\":true,\"valueName\":\"search_term_string\"}}],\"inLanguage\":\"it-IT\"},{\"@type\":\"Organization\",\"@id\":\"https:\/\/centcols.org\/#organization\",\"name\":\"Club des Cent Cols\",\"url\":\"https:\/\/centcols.org\/\",\"logo\":{\"@type\":\"ImageObject\",\"inLanguage\":\"it-IT\",\"@id\":\"https:\/\/centcols.org\/#\/schema\/logo\/image\/\",\"url\":\"https:\/\/centcols.org\/wp-content\/uploads\/2025\/01\/carte-icone.png\",\"contentUrl\":\"https:\/\/centcols.org\/wp-content\/uploads\/2025\/01\/carte-icone.png\",\"width\":250,\"height\":250,\"caption\":\"Club des Cent Cols\"},\"image\":{\"@id\":\"https:\/\/centcols.org\/#\/schema\/logo\/image\/\"},\"sameAs\":[\"https:\/\/www.facebook.com\/groups\/5261880558\/?locale=fr_FR\"]},{\"@type\":\"Person\",\"@id\":\"https:\/\/centcols.org\/#\/schema\/person\/911b404fb133d8c913dd27cdcf71c8e5\",\"name\":\"Webmestre\",\"image\":{\"@type\":\"ImageObject\",\"inLanguage\":\"it-IT\",\"@id\":\"https:\/\/centcols.org\/wp-content\/litespeed\/avatar\/2d246e4b6b4f773e08515e1ffc53690b.jpg?ver=1777222892\",\"url\":\"https:\/\/centcols.org\/wp-content\/litespeed\/avatar\/2d246e4b6b4f773e08515e1ffc53690b.jpg?ver=1777222892\",\"contentUrl\":\"https:\/\/centcols.org\/wp-content\/litespeed\/avatar\/2d246e4b6b4f773e08515e1ffc53690b.jpg?ver=1777222892\",\"caption\":\"Webmestre\"},\"url\":\"https:\/\/centcols.org\/it\/author\/webmestre\/\"}]}<\/script>\n<!-- \/ Yoast SEO plugin. -->","yoast_head_json":{"title":"Paul Fabre - Club des Cent Cols","robots":{"index":"index","follow":"follow","max-snippet":"max-snippet:-1","max-image-preview":"max-image-preview:large","max-video-preview":"max-video-preview:-1"},"canonical":"https:\/\/centcols.org\/it\/paul-fabre\/","og_locale":"it_IT","og_type":"article","og_title":"Paul Fabre - Club des Cent Cols","og_description":"Paul Fabre (1935-2023), Cent Cols n\u00b0 1733 depuis 1982Eddius n\u2019\u00e9tait pas un grimpeur acharn\u00e9&nbsp;: il avait bloqu\u00e9 son compteur il y a une vingtaine d\u2019ann\u00e9es. Mais il savait raconter une randonn\u00e9e comme personne, le cyclotouriste \u00e9m\u00e9rite cachant un \u00e9minent professeur d\u2019universit\u00e9, auteur d\u2019ouvrages de linguistique. Auteur de hauteur &nbsp;Je me souviens de ce jour de [&hellip;]","og_url":"https:\/\/centcols.org\/it\/paul-fabre\/","og_site_name":"Club des Cent Cols","article_publisher":"https:\/\/www.facebook.com\/groups\/5261880558\/?locale=fr_FR","article_published_time":"2023-01-15T08:57:26+00:00","article_modified_time":"2025-09-13T06:43:50+00:00","og_image":[{"width":1831,"height":1508,"url":"https:\/\/centcols.org\/wp-content\/uploads\/2023\/01\/Paul_Fabre.jpg","type":"image\/jpeg"}],"author":"Webmestre","twitter_card":"summary_large_image","twitter_misc":{"Scritto da":"Webmestre","Tempo di lettura stimato":"7 minuti"},"schema":{"@context":"https:\/\/schema.org","@graph":[{"@type":"Article","@id":"https:\/\/centcols.org\/paul-fabre\/#article","isPartOf":{"@id":"https:\/\/centcols.org\/paul-fabre\/"},"author":{"name":"Webmestre","@id":"https:\/\/centcols.org\/#\/schema\/person\/911b404fb133d8c913dd27cdcf71c8e5"},"headline":"Paul Fabre","datePublished":"2023-01-15T08:57:26+00:00","dateModified":"2025-09-13T06:43:50+00:00","mainEntityOfPage":{"@id":"https:\/\/centcols.org\/paul-fabre\/"},"wordCount":1239,"commentCount":0,"publisher":{"@id":"https:\/\/centcols.org\/#organization"},"image":{"@id":"https:\/\/centcols.org\/paul-fabre\/#primaryimage"},"thumbnailUrl":"https:\/\/centcols.org\/wp-content\/uploads\/2023\/01\/Paul_Fabre.jpg","articleSection":["Carnet noir","Gazette"],"inLanguage":"it-IT","potentialAction":[{"@type":"CommentAction","name":"Comment","target":["https:\/\/centcols.org\/paul-fabre\/#respond"]}]},{"@type":"WebPage","@id":"https:\/\/centcols.org\/paul-fabre\/","url":"https:\/\/centcols.org\/paul-fabre\/","name":"Paul Fabre - Club des Cent Cols","isPartOf":{"@id":"https:\/\/centcols.org\/#website"},"primaryImageOfPage":{"@id":"https:\/\/centcols.org\/paul-fabre\/#primaryimage"},"image":{"@id":"https:\/\/centcols.org\/paul-fabre\/#primaryimage"},"thumbnailUrl":"https:\/\/centcols.org\/wp-content\/uploads\/2023\/01\/Paul_Fabre.jpg","datePublished":"2023-01-15T08:57:26+00:00","dateModified":"2025-09-13T06:43:50+00:00","breadcrumb":{"@id":"https:\/\/centcols.org\/paul-fabre\/#breadcrumb"},"inLanguage":"it-IT","potentialAction":[{"@type":"ReadAction","target":["https:\/\/centcols.org\/paul-fabre\/"]}]},{"@type":"ImageObject","inLanguage":"it-IT","@id":"https:\/\/centcols.org\/paul-fabre\/#primaryimage","url":"https:\/\/centcols.org\/wp-content\/uploads\/2023\/01\/Paul_Fabre.jpg","contentUrl":"https:\/\/centcols.org\/wp-content\/uploads\/2023\/01\/Paul_Fabre.jpg","width":1831,"height":1508},{"@type":"BreadcrumbList","@id":"https:\/\/centcols.org\/paul-fabre\/#breadcrumb","itemListElement":[{"@type":"ListItem","position":1,"name":"Accueil","item":"https:\/\/centcols.org\/"},{"@type":"ListItem","position":2,"name":"Gazette","item":"https:\/\/centcols.org\/rubrique\/gazette\/"},{"@type":"ListItem","position":3,"name":"Paul Fabre"}]},{"@type":"WebSite","@id":"https:\/\/centcols.org\/#website","url":"https:\/\/centcols.org\/","name":"Club des Cent Cols","description":"","publisher":{"@id":"https:\/\/centcols.org\/#organization"},"potentialAction":[{"@type":"SearchAction","target":{"@type":"EntryPoint","urlTemplate":"https:\/\/centcols.org\/?s={search_term_string}"},"query-input":{"@type":"PropertyValueSpecification","valueRequired":true,"valueName":"search_term_string"}}],"inLanguage":"it-IT"},{"@type":"Organization","@id":"https:\/\/centcols.org\/#organization","name":"Club des Cent Cols","url":"https:\/\/centcols.org\/","logo":{"@type":"ImageObject","inLanguage":"it-IT","@id":"https:\/\/centcols.org\/#\/schema\/logo\/image\/","url":"https:\/\/centcols.org\/wp-content\/uploads\/2025\/01\/carte-icone.png","contentUrl":"https:\/\/centcols.org\/wp-content\/uploads\/2025\/01\/carte-icone.png","width":250,"height":250,"caption":"Club des Cent Cols"},"image":{"@id":"https:\/\/centcols.org\/#\/schema\/logo\/image\/"},"sameAs":["https:\/\/www.facebook.com\/groups\/5261880558\/?locale=fr_FR"]},{"@type":"Person","@id":"https:\/\/centcols.org\/#\/schema\/person\/911b404fb133d8c913dd27cdcf71c8e5","name":"Webmaster","image":{"@type":"ImageObject","inLanguage":"it-IT","@id":"https:\/\/centcols.org\/wp-content\/litespeed\/avatar\/2d246e4b6b4f773e08515e1ffc53690b.jpg?ver=1777222892","url":"https:\/\/centcols.org\/wp-content\/litespeed\/avatar\/2d246e4b6b4f773e08515e1ffc53690b.jpg?ver=1777222892","contentUrl":"https:\/\/centcols.org\/wp-content\/litespeed\/avatar\/2d246e4b6b4f773e08515e1ffc53690b.jpg?ver=1777222892","caption":"Webmestre"},"url":"https:\/\/centcols.org\/it\/author\/webmestre\/"}]}},"_links":{"self":[{"href":"https:\/\/centcols.org\/it\/wp-json\/wp\/v2\/posts\/79574","targetHints":{"allow":["GET"]}}],"collection":[{"href":"https:\/\/centcols.org\/it\/wp-json\/wp\/v2\/posts"}],"about":[{"href":"https:\/\/centcols.org\/it\/wp-json\/wp\/v2\/types\/post"}],"author":[{"embeddable":true,"href":"https:\/\/centcols.org\/it\/wp-json\/wp\/v2\/users\/3"}],"replies":[{"embeddable":true,"href":"https:\/\/centcols.org\/it\/wp-json\/wp\/v2\/comments?post=79574"}],"version-history":[{"count":0,"href":"https:\/\/centcols.org\/it\/wp-json\/wp\/v2\/posts\/79574\/revisions"}],"wp:featuredmedia":[{"embeddable":true,"href":"https:\/\/centcols.org\/it\/wp-json\/wp\/v2\/media\/85754"}],"wp:attachment":[{"href":"https:\/\/centcols.org\/it\/wp-json\/wp\/v2\/media?parent=79574"}],"wp:term":[{"taxonomy":"category","embeddable":true,"href":"https:\/\/centcols.org\/it\/wp-json\/wp\/v2\/categories?post=79574"},{"taxonomy":"post_tag","embeddable":true,"href":"https:\/\/centcols.org\/it\/wp-json\/wp\/v2\/tags?post=79574"}],"curies":[{"name":"wp","href":"https:\/\/api.w.org\/{rel}","templated":true}]}}