{"id":79612,"date":"2024-04-16T09:35:26","date_gmt":"2024-04-16T07:35:26","guid":{"rendered":"https:\/\/centcols.org\/jean-perdoux\/"},"modified":"2025-09-13T08:04:06","modified_gmt":"2025-09-13T06:04:06","slug":"jean-perdoux","status":"publish","type":"post","link":"https:\/\/centcols.org\/it\/jean-perdoux\/","title":{"rendered":"Jean Perdoux"},"content":{"rendered":"<p>CC 1 - Jean Perdoux, presidente fondatore del Club des Cent Cols, \u00e8 morto il 13 marzo all'et\u00e0 di 87 anni. Si chiude cos\u00ec un lungo capitolo della storia del Club des Cent Cols. Abbiamo perso la nostra guida, ma non le sue idee.<\/p>\n\n\n<div class=\"wp-block-image\">\n<figure class=\"aligncenter size-full is-resized\"><img loading=\"lazy\" decoding=\"async\" width=\"1431\" height=\"1431\" src=\"https:\/\/centcols.org\/wp-content\/uploads\/2025\/02\/jeanperdoux-galibier-1.jpg\" alt=\"\" class=\"wp-image-79613\" style=\"width:800px\" srcset=\"https:\/\/centcols.org\/wp-content\/uploads\/2025\/02\/jeanperdoux-galibier-1.jpg 1431w, https:\/\/centcols.org\/wp-content\/uploads\/2025\/02\/jeanperdoux-galibier-1-150x150.jpg 150w, https:\/\/centcols.org\/wp-content\/uploads\/2025\/02\/jeanperdoux-galibier-1-1200x1200.jpg 1200w, https:\/\/centcols.org\/wp-content\/uploads\/2025\/02\/jeanperdoux-galibier-1-768x768.jpg 768w, https:\/\/centcols.org\/wp-content\/uploads\/2025\/02\/jeanperdoux-galibier-1-300x300.jpg 300w, https:\/\/centcols.org\/wp-content\/uploads\/2025\/02\/jeanperdoux-galibier-1-600x600.jpg 600w, https:\/\/centcols.org\/wp-content\/uploads\/2025\/02\/jeanperdoux-galibier-1-100x100.jpg 100w\" sizes=\"auto, (max-width: 1431px) 100vw, 1431px\" \/><\/figure>\n<\/div>\n\n<div class=\"wp-block-image\">\n<figure class=\"aligncenter size-full is-resized\"><img loading=\"lazy\" decoding=\"async\" width=\"1200\" height=\"675\" src=\"https:\/\/centcols.org\/wp-content\/uploads\/2025\/02\/plannicolas.jpg\" alt=\"\" class=\"wp-image-79614\" style=\"aspect-ratio:1;object-fit:cover;width:800px\" srcset=\"https:\/\/centcols.org\/wp-content\/uploads\/2025\/02\/plannicolas.jpg 1200w, https:\/\/centcols.org\/wp-content\/uploads\/2025\/02\/plannicolas-768x432.jpg 768w, https:\/\/centcols.org\/wp-content\/uploads\/2025\/02\/plannicolas-600x338.jpg 600w\" sizes=\"auto, (max-width: 1200px) 100vw, 1200px\" \/><figcaption class=\"wp-element-caption\">3 presidenti al Collet du Plan Nicolas durante la scalata del Col du Galibier per l'80\u00b0 compleanno di Henri Dusseau nel 2013. \u00a9Foto G\u00e9rard Galland<\/figcaption><\/figure>\n<\/div>\n\n\n<div class=\"wp-block-columns is-layout-flex wp-container-core-columns-is-layout-9d6595d7 wp-block-columns-is-layout-flex\">\n<div class=\"wp-block-column is-layout-flow wp-block-column-is-layout-flow\">\n<h2 class=\"wp-block-heading\">Incipit dell'editoriale del Presidente sulla prossima rassegna<\/h2>\n\n\n\n<p>Triste notizia: Jean Perdoux non \u00e8 pi\u00f9 tra noi<\/p>\n\n\n\n<p>Jean Perdoux, presidente fondatore del Club des Cent Cols, \u00e8 morto il 13 marzo all'et\u00e0 di 87 anni. Si chiude cos\u00ec un lungo capitolo della storia del Club des Cent Cols. Abbiamo perso la nostra guida, ma non le sue idee.<\/p>\n\n\n\n<p>Chi era Jean? Jean Perdoux era una persona straordinaria che ha fatto cose straordinarie.  Senza di lui, il Club des Cent Cols non sarebbe mai esistito, non ci saremmo mai incontrati. Dobbiamo quindi ringraziare la nostra fortuna che Jean abbia creato questa fratellanza, che ci permette di praticare il nostro sport, il ciclismo, in modo appassionato. Jean ci ha dato una meta e degli obiettivi.  Jean \u00e8 stato anche responsabile della costruzione della pista ciclabile intorno al lago di Annecy.  Questa pista ha una lunga storia ed \u00e8 stata completata solo nel 2022. Jean ci ha spiegato il lago di Annecy e la pista ciclabile durante la sosta a Le Bon Wagon durante il giro del lago la domenica mattina del 6 novembre 2022, il giorno dopo l'Assemblea generale del 50\u00b0 anniversario del Club. Naturalmente, Jean ha fatto molte altre cose nella sua vita per aiutare gli altri, la FFCT e la sua comunit\u00e0 locale. Jean era un uomo generoso.<\/p>\n\n\n\n<p>Jean sar\u00e0 sempre nei nostri ricordi e lo ricorderemo ogni volta che attraverseremo un passo di montagna.  Un ottimo modo per ricordare Jean \u00e8 che molti ciclisti stanno raccogliendo la sfida \"Les Cent Cols de Jean Perdoux\", in cui bisogna attraversare i primi cento passi scalati dal presidente fondatore del club.<\/p>\n\n\n\n<p>Il Consiglio Direttivo del Club ha deciso di intitolare a Jean il tradizionale incontro internazionale, che a partire dal prossimo incontro si chiamer\u00e0 \"Rassemblement international annuel Jean Perdoux\".<\/p>\n\n\n\n<p>Enrico Alberini<br>Presidente del Club des Cent Cols<\/p>\n\n\n\n<h2 class=\"wp-block-heading\">Ecco alcune delle testimonianze che abbiamo ascoltato quando abbiamo saputo della sua morte:<\/h2>\n\n\n\n<p><em>Emozioni e ricordi alla notizia della morte di Jean Perdoux.<br>\u00c8 una perdita emozionante perdere l'uomo che ha avuto la brillante idea della nostra Confr\u00e8rie, che continua a riunire gli appassionati di mountain bike a pi\u00f9 di 50 anni dalla sua fondazione.<br>I ricordi delle tante riunioni in cui Jean ha evocato nei suoi discorsi i valori dello sforzo, dell'aiuto reciproco, dell'amicizia e della semplicit\u00e0 che gli stavano cos\u00ec a cuore. Ricordi anche delle riunioni generali a cui ha sempre partecipato, di persona o inviando un messaggio.<\/em><br><em>Le mie condoglianze a Tanou, ai figli e a tutta la famiglia. Claude B\u00e9nistrand CC 0284 e Presidente onorario<\/em><\/p>\n\n\n\n<p><em>La notizia della morte di Jean-Perdoux \u00e8 davvero molto triste!<br>Padre fondatore della nostra meravigliosa confraternita ed ex membro del consiglio della FFCT. Oltre ai passi di montagna, gli piacevano molto le vecchie cartoline, soprattutto quelle umoristiche sul tema del ciclismo che di tanto in tanto pubblico sulla mia pagina Facebook, come gli piaceva dire...<br>Addio, caro Jean!<br>Le mie condoglianze alla sua famiglia. Jean-Marc Lef\u00e8vre CC3331<\/em><\/p>\n\n\n\n<p><em>Ho ricevuto l'informazione da diverse persone perch\u00e9 Jean era conosciuto e riconosciuto da molto tempo per tutto quello che aveva dato al cicloturismo, alla 100 cols, ma anche alla federazione e al dipartimento dell'Alta Savoia e a tutti coloro con cui era entrato in contatto.<br>Non potr\u00f2 venire ad Annecy marted\u00ec per il funerale, ma la Federazione sar\u00e0 rappresentata.<br>Cordiali saluti<\/em>. <em>Martine Cano Presidente della Federazione ciclistica francese<\/em><\/p>\n\n\n\n<p><em>Buonasera a tutti,<br>Bei ricordi... la visita ad Annecy in occasione del 40\u00b0 anniversario del CCC (2012), l'incontro alla <a href=\"https:\/\/photos.google.com\/share\/AF1QipO-WPhiqBe6q-hi6QVjOhEqKQ1Pp0Ww75PjJzLnOCE1UxwoZTioqhhI_4PyYAHLHQ\/photo\/AF1QipOx1tcA_6ULhGe0S0KBaezUF3EYDk4AAPc-n32C?key=NnNuOUdPYkwyMHhSQ2xCX09MWWdVWmVkN2NpRmln\">Luitel nel 2022<\/a>l'ascesa del Galibier (e <a href=\"https:\/\/photos.google.com\/share\/AF1QipOD7a7rQBAy7XXoU5egKuSgj90I1WiegY4jXAAdHZB7hfb6kE07hz8wcp3odpd0TQ\/photo\/AF1QipM8RPWnP-P40cTDYOp_GhADbW1db5COhV9Kgavh?key=WUFWcGYwUmlERDc1MEJ3cWstY3lDZlphOXR4ZWF3\">foto al Collet de Plan Nicolas nel 2013<\/a>) per l'80\u00b0 compleanno di Henri Dusseau. Le mie condoglianze alla sua famiglia ...<br>E auguri a tutti, \u00e8 impossibile dimenticare Jean ... quando si dichiara un collare. G\u00e9rard GALLAND CCC 933<\/em><\/p>\n\n\n\n<p><em>Cari cencolisti,<br>Come tutti i soci, sono rattristato da questa notizia. Non vedremo pi\u00f9 tutti i presidenti davanti a noi, come ad Annecy.<br>Non conoscevo Jean, gli ho solo detto quanto gli ero grato in occasione dell'assemblea generale per il cinquantesimo anniversario.<br>Condoglianze alla famiglia. VAILLOUD christian CC 5215&nbsp;<\/em><\/p>\n\n\n\n<p><em>Un pensiero per questo momento&nbsp;<br>Grazie a Jean per il successo e lo sviluppo di questo club... per il quale non avrei conosciuto n\u00e9 potuto scoprire le nostre belle montagne... Fran\u00e7oise Valluche<\/em><\/p>\n\n\n\n<p><em>Salve,<br>Non conoscevo personalmente Jean Perdoux, ma come tutti hanno sottolineato, 50 anni fa ha dato vita a un progetto che ancora oggi affascina molti amanti della montagna.<br>Non parteciper\u00f2 al funerale di Jean Perdoux.<br>I miei pensieri sono rivolti alla sua famiglia.<br>I migliori saluti. Jean-Luc Matte<\/em><\/p>\n\n\n\n<p><em>L'et\u00e0 e la disabilit\u00e0 non ci permettono pi\u00f9 di percorrere lunghe distanze, ma saremo sempre grati a Jean Perdoux per aver fondato questo club che amiamo e per averci permesso di scoprire le montagne sotto una luce diversa, con passi di ogni tipo dove la ricompensa per lo sforzo valeva la pena di andare oltre noi stessi. Grazie a lui, avremo sempre un pensiero amichevole per lui quando ricorderemo le nostre escursioni ai passi.<\/em> <em>Maryl\u00e8ne e Claude DUPONT<\/em><\/p>\n\n\n\n<p><em>\u00c8 una brutta notizia, perch\u00e9 abbiamo perso un grande creatore e appassionato di natura.<br>Saluto la memoria di un fondatore che ci ha permesso di condividere la sua passione. La scoperta e la ricerca di passaggi ci ha permesso di superare noi stessi e di fare splendide conoscenze all'interno di questo immenso club.<br>Penso che da lass\u00f9 continuer\u00e0 a vegliare su questa magnifica organizzazione che sono i 100 passi.<br>Sincere condoglianze alla famiglia. Edouard Escribano cc 6741<\/em><\/p>\n\n\n\n<p><em>Buona sera<br>Il mio pensiero va a Jean Perdoux, il fondatore del Club des Cent Cols.<br>Sono entrato nel club nel 1994, 30 anni fa, quando \u00e8 stato fondato nel 1972.<br>So quanto gli devo, ... , grazie.<br>Porgo le mie condoglianze alla sua famiglia, ai suoi amici e ai suoi cari. Yves Blache, cent cols n\u00b03876.<\/em><\/p>\n\n\n\n<p><em>&nbsp;La morte di Jean Perdoux, con cui avevamo un rapporto speciale, \u00e8 una notizia molto triste. Chantal ha contattato Tanou, la moglie di Jean, per esprimerle la nostra tristezza e augurarle ogni bene nei prossimi giorni. Purtroppo non potremo partecipare al funerale, perch\u00e9 Chantal dovr\u00e0 occuparsi di sua madre, che ha 102 anni.<br>Cordiali saluti. Alain Gillodes<\/em><\/p>\n\n\n\n<p>&nbsp;<em> Signor Presidente, la prego di trasmettere le mie condoglianze alla sua famiglia. La sua creazione, i Cent Cols, un'idea semplice e geniale, continuer\u00e0 a vivere e ogni passo di montagna attraversato sar\u00e0 un modo per rendergli omaggio.<br>Cordiali saluti J-P LESCOUEZEC<\/em><\/p>\n\n\n\n<p><em>Naturalmente, \u00e8 stato con grande tristezza che ho appreso della morte di Jean.<br>L'ho conosciuto come presidente dei cicloturisti di CHAMBERY quando avevo 15 anni e ho fatto qualche gita con lui.<br>all'epoca e mi ha dato molto del suo know-how.<br>Jean era un collega di mio padre, Gilbert, presso Bourgey et Montreuil a Chamb\u00e9ry e successivamente ad Annecy.<br>Ho avuto il piacere di incontrarlo in occasione dell'Assemblea generale del cinquantenario ad Annecy.<br>Non potr\u00f2 partecipare alla cerimonia di marted\u00ec, ma penser\u00f2 a lui e a tutti i membri del CCC.<\/em> <em>Pierre Barrucand n. 3926 nato il 1\u00b0 ottobre 1949<\/em><\/p>\n<\/div>\n\n\n\n<div class=\"wp-block-column is-layout-flow wp-block-column-is-layout-flow\">\n<h2 class=\"wp-block-heading\">Il discorso funebre di R\u00e9gis Paraz<\/h2>\n\n\n\n<p>Non ho alcun mandato ufficiale per intervenire a nome del Club des Cent Cols, ma \u00e8 come amico ed ex presidente del club che vorrei rendergli omaggio ed esprimere il mio sostegno alla sua famiglia in questo momento doloroso.<\/p>\n\n\n\n<p>Nel 2011 abbiamo instaurato un rapporto pi\u00f9 personale in occasione di un incontro per preparare le celebrazioni del quarantesimo anniversario del Club des Cent Cols nel 2012.<\/p>\n\n\n\n<p>Sono entrato a far parte del Club des Cent Cols nel 1991 e la prima volta che ho visto Jean \u00e8 stato sul Col du Luitel, in occasione della celebrazione del ventennale del Club des Cent Cols, da lui fondato nel 1972. Il Col du Luitel era il centesimo passo diverso che Jean aveva scalato nella sua carriera di cicloturista, e fu l\u00ec che ebbe l'idea di riunire tutti i ciclisti che amavano andare in montagna e scalare i passi.<\/p>\n\n\n\n<p>Nonostante il tempo uggioso, l'11 luglio 1992 c'era una grande folla per celebrare questo evento, a riprova del fatto che la sua idea era un tesoro di intelligenza e creativit\u00e0 che risuonava con molti \"aficionados\".<\/p>\n\n\n\n<p>Socio anonimo e inesperto, ho scoperto attraverso il discorso che ha tenuto quel giorno le sue profonde convinzioni, la sua filosofia e il suo impegno nel cicloturismo. In occasione di altri raduni e assemblee generali, ha espresso sempre le stesse convinzioni.<\/p>\n\n\n\n<p>Le regole del gioco da lui stabilite riflettevano il suo gusto per lo sforzo e la sua fiducia nell'uomo; erano semplici e basate sulla fiducia, con ognuno che dichiarava i passaggi che aveva attraversato con la sola forza dei muscoli.<\/p>\n\n\n\n<p>Jean era un umanista con un forte impegno per la condivisione. Se voleva riunire le persone intorno alla sua passione per il cicloturismo e la montagna, era anche per difendere valori come l'amicizia, la lealt\u00e0, la convivialit\u00e0 e l'aiuto reciproco.<\/p>\n\n\n\n<p>Questa idea di condivisione si rifletteva nelle sue riunioni, dove istituzionalizz\u00f2 la condivisione di pane, vino e formaggio.<\/p>\n\n\n\n<p>La sua idea di unire le persone si \u00e8 spinta molto lontano, promuovendo l'internazionalizzazione del Club. La sua idea super\u00f2 i confini e attir\u00f2 ciclisti da molti Paesi e da tutti i continenti.<\/p>\n\n\n\n<p>Una forza unificante, che ha ispirato pi\u00f9 di 8.000 donne e uomini fino ad oggi, guidati dalla sua potente idea.<\/p>\n\n\n\n<p>Uomo impegnato, sostenne la causa del cicloturismo come direttore della FFCT nei primi anni Settanta. Faizant fu uno dei primi membri del Club des Cent Cols e forn\u00ec gratuitamente alcuni dei suoi disegni per illustrare la rivista annuale.  Nel 1975 ha fondato il Comit\u00e9 D\u00e9partemental de Cyclotourisme de Haute-Savoie. Ciclista eclettico, contribu\u00ec anche alla promozione del ciclismo urbano come presidente del Club des Villes Cyclables. \u00c8 stato il motore della magnifica pista ciclabile lungo le rive del lago di Annecy.<\/p>\n\n\n\n<p>Durante il mio impegno nel Club des Cent Cols, ho cercato di mantenere lo spirito di tolleranza e i valori a cui era tanto legato. L'ho trovato una fonte di sostegno, di consigli e di parole gentili, sia alle riunioni del Club che a casa sua, dove Tanou preparava il pranzo annuale.<\/p>\n\n\n\n<p>Una lunga pagina della storia del Club des Cent Cols \u00e8 stata appena voltata. Anche il club \u00e8 in lutto. Condividiamo il profondo dolore della famiglia per la perdita di Jean, fondatore e anima del club. La sua passione, la sua dedizione e la sua visione hanno lasciato un segno in tutti noi. Nonostante la crudele assenza di Jean, il Club des Cent Cols continuer\u00e0 il suo cammino, portando con s\u00e9 la preziosa eredit\u00e0 che ci ha lasciato. Ogni salita, ogni chilometro percorso sar\u00e0 un vibrante tributo alla sua memoria. Jean rimarr\u00e0 per sempre impresso nei nostri cuori e sulle cime che amava conquistare.<br> Le mie pi\u00f9 sincere condoglianze<\/p>\n\n\n\n<h3 class=\"wp-block-heading\"> Bernard Pommel concluse il suo rapporto sui passi attraversati da Napoleone come segue <\/h3>\n\n\n\n<p>\"Napoleone: l'epilogo<\/p>\n\n\n\n<p>Era l'autunno del 1820. Napoleone, che languiva a Sant'Elena, decise di passare il tempo contando i passi che aveva attraversato. La cifra si avvicinava e superava di poco il centinaio. <em>Beh\", pens\u00f2, \"dopo aver creato la Legione d'Onore, potrei creare un club per le persone che hanno scalato 100 passi di montagna... Lo chiamerei 'Legione dei Cento Passi di Montagna' o qualcosa del genere... Direi che la regola \u00e8: per entrare nel club, devi aver scalato almeno 100 passi di montagna diversi... <br> S\u00ec, ma come? Con quali mezzi di trasporto? Si devono conteggiare allo stesso modo gli spostamenti effettuati a piedi, a cavallo o con un veicolo trainato da cavalli?<\/em> \"\u00a0<br>Napoleone ci pens\u00f2 per qualche istante, non trov\u00f2 una soluzione e abbandon\u00f2 l'idea.<\/p>\n\n\n\n<p>150 anni dopo, dalla parte di Luitel, un certo Jean Perdoux...<a href=\"https:\/\/centcols.org\/historique\/historique_du_ccc.htm\" target=\"_blank\" rel=\"noreferrer noopener\">https:\/\/centcols.org\/historique\/historique_du_ccc.htm<\/a><\/p>\n\n\n\n<p>\"<\/p>\n<\/div>\n<\/div>","protected":false},"excerpt":{"rendered":"<p>Jean Perdoux, presidente fondatore del Club des Cent Cols, \u00e8 morto il 13 marzo all'et\u00e0 di 87 anni. Si chiude cos\u00ec un lungo capitolo della storia del Club des Cent Cols. Abbiamo perso la nostra guida, ma non le sue idee.<\/p>","protected":false},"author":3,"featured_media":79613,"comment_status":"open","ping_status":"open","sticky":false,"template":"","format":"standard","meta":{"_acf_changed":false,"footnotes":""},"categories":[130,129],"tags":[],"class_list":["post-79612","post","type-post","status-publish","format-standard","has-post-thumbnail","hentry","category-carnet-noir","category-gazette"],"acf":[],"yoast_head":"<!-- This site is optimized with the Yoast SEO plugin v27.2 - https:\/\/yoast.com\/product\/yoast-seo-wordpress\/ -->\n<title>Jean Perdoux - Club des Cent Cols<\/title>\n<meta name=\"robots\" content=\"index, follow, max-snippet:-1, max-image-preview:large, max-video-preview:-1\" \/>\n<link rel=\"canonical\" href=\"https:\/\/centcols.org\/it\/jean-perdoux\/\" \/>\n<meta property=\"og:locale\" content=\"it_IT\" \/>\n<meta property=\"og:type\" content=\"article\" \/>\n<meta property=\"og:title\" content=\"Jean Perdoux - Club des Cent Cols\" \/>\n<meta property=\"og:description\" content=\"Jean Perdoux, pr\u00e9sident fondateur du Club des Cent Cols est d\u00e9c\u00e9d\u00e9 le 13 mars \u00e0 l\u2019\u00e2ge de 87 ans. C\u2019est une longue page de l\u2019histoire du Club des Cent Cols qui se tourne. Nous avons perdu notre guide, pas ses id\u00e9es.\" \/>\n<meta property=\"og:url\" content=\"https:\/\/centcols.org\/it\/jean-perdoux\/\" \/>\n<meta property=\"og:site_name\" content=\"Club des Cent Cols\" \/>\n<meta property=\"article:publisher\" content=\"https:\/\/www.facebook.com\/groups\/5261880558\/?locale=fr_FR\" \/>\n<meta property=\"article:published_time\" content=\"2024-04-16T07:35:26+00:00\" \/>\n<meta property=\"article:modified_time\" content=\"2025-09-13T06:04:06+00:00\" \/>\n<meta property=\"og:image\" content=\"https:\/\/centcols.org\/wp-content\/uploads\/2025\/02\/jeanperdoux-galibier-1.jpg\" \/>\n\t<meta property=\"og:image:width\" content=\"1431\" \/>\n\t<meta property=\"og:image:height\" content=\"1431\" \/>\n\t<meta property=\"og:image:type\" content=\"image\/jpeg\" \/>\n<meta name=\"author\" content=\"Webmestre\" \/>\n<meta name=\"twitter:card\" content=\"summary_large_image\" \/>\n<meta name=\"twitter:label1\" content=\"Scritto da\" \/>\n\t<meta name=\"twitter:data1\" content=\"Webmestre\" \/>\n\t<meta name=\"twitter:label2\" content=\"Tempo di lettura stimato\" \/>\n\t<meta name=\"twitter:data2\" content=\"12 minuti\" \/>\n<script type=\"application\/ld+json\" class=\"yoast-schema-graph\">{\"@context\":\"https:\/\/schema.org\",\"@graph\":[{\"@type\":\"Article\",\"@id\":\"https:\/\/centcols.org\/jean-perdoux\/#article\",\"isPartOf\":{\"@id\":\"https:\/\/centcols.org\/jean-perdoux\/\"},\"author\":{\"name\":\"Webmestre\",\"@id\":\"https:\/\/centcols.org\/#\/schema\/person\/911b404fb133d8c913dd27cdcf71c8e5\"},\"headline\":\"Jean Perdoux\",\"datePublished\":\"2024-04-16T07:35:26+00:00\",\"dateModified\":\"2025-09-13T06:04:06+00:00\",\"mainEntityOfPage\":{\"@id\":\"https:\/\/centcols.org\/jean-perdoux\/\"},\"wordCount\":2377,\"commentCount\":0,\"publisher\":{\"@id\":\"https:\/\/centcols.org\/#organization\"},\"image\":{\"@id\":\"https:\/\/centcols.org\/jean-perdoux\/#primaryimage\"},\"thumbnailUrl\":\"https:\/\/centcols.org\/wp-content\/uploads\/2025\/02\/jeanperdoux-galibier-1.jpg\",\"articleSection\":[\"Carnet noir\",\"Gazette\"],\"inLanguage\":\"it-IT\",\"potentialAction\":[{\"@type\":\"CommentAction\",\"name\":\"Comment\",\"target\":[\"https:\/\/centcols.org\/jean-perdoux\/#respond\"]}]},{\"@type\":\"WebPage\",\"@id\":\"https:\/\/centcols.org\/jean-perdoux\/\",\"url\":\"https:\/\/centcols.org\/jean-perdoux\/\",\"name\":\"Jean Perdoux - Club des Cent Cols\",\"isPartOf\":{\"@id\":\"https:\/\/centcols.org\/#website\"},\"primaryImageOfPage\":{\"@id\":\"https:\/\/centcols.org\/jean-perdoux\/#primaryimage\"},\"image\":{\"@id\":\"https:\/\/centcols.org\/jean-perdoux\/#primaryimage\"},\"thumbnailUrl\":\"https:\/\/centcols.org\/wp-content\/uploads\/2025\/02\/jeanperdoux-galibier-1.jpg\",\"datePublished\":\"2024-04-16T07:35:26+00:00\",\"dateModified\":\"2025-09-13T06:04:06+00:00\",\"breadcrumb\":{\"@id\":\"https:\/\/centcols.org\/jean-perdoux\/#breadcrumb\"},\"inLanguage\":\"it-IT\",\"potentialAction\":[{\"@type\":\"ReadAction\",\"target\":[\"https:\/\/centcols.org\/jean-perdoux\/\"]}]},{\"@type\":\"ImageObject\",\"inLanguage\":\"it-IT\",\"@id\":\"https:\/\/centcols.org\/jean-perdoux\/#primaryimage\",\"url\":\"https:\/\/centcols.org\/wp-content\/uploads\/2025\/02\/jeanperdoux-galibier-1.jpg\",\"contentUrl\":\"https:\/\/centcols.org\/wp-content\/uploads\/2025\/02\/jeanperdoux-galibier-1.jpg\",\"width\":1431,\"height\":1431},{\"@type\":\"BreadcrumbList\",\"@id\":\"https:\/\/centcols.org\/jean-perdoux\/#breadcrumb\",\"itemListElement\":[{\"@type\":\"ListItem\",\"position\":1,\"name\":\"Accueil\",\"item\":\"https:\/\/centcols.org\/\"},{\"@type\":\"ListItem\",\"position\":2,\"name\":\"Gazette\",\"item\":\"https:\/\/centcols.org\/rubrique\/gazette\/\"},{\"@type\":\"ListItem\",\"position\":3,\"name\":\"Carnet noir\",\"item\":\"https:\/\/centcols.org\/rubrique\/gazette\/carnet-noir\/\"},{\"@type\":\"ListItem\",\"position\":4,\"name\":\"Jean Perdoux\"}]},{\"@type\":\"WebSite\",\"@id\":\"https:\/\/centcols.org\/#website\",\"url\":\"https:\/\/centcols.org\/\",\"name\":\"Club des Cent Cols\",\"description\":\"\",\"publisher\":{\"@id\":\"https:\/\/centcols.org\/#organization\"},\"potentialAction\":[{\"@type\":\"SearchAction\",\"target\":{\"@type\":\"EntryPoint\",\"urlTemplate\":\"https:\/\/centcols.org\/?s={search_term_string}\"},\"query-input\":{\"@type\":\"PropertyValueSpecification\",\"valueRequired\":true,\"valueName\":\"search_term_string\"}}],\"inLanguage\":\"it-IT\"},{\"@type\":\"Organization\",\"@id\":\"https:\/\/centcols.org\/#organization\",\"name\":\"Club des Cent Cols\",\"url\":\"https:\/\/centcols.org\/\",\"logo\":{\"@type\":\"ImageObject\",\"inLanguage\":\"it-IT\",\"@id\":\"https:\/\/centcols.org\/#\/schema\/logo\/image\/\",\"url\":\"https:\/\/centcols.org\/wp-content\/uploads\/2025\/01\/carte-icone.png\",\"contentUrl\":\"https:\/\/centcols.org\/wp-content\/uploads\/2025\/01\/carte-icone.png\",\"width\":250,\"height\":250,\"caption\":\"Club des Cent Cols\"},\"image\":{\"@id\":\"https:\/\/centcols.org\/#\/schema\/logo\/image\/\"},\"sameAs\":[\"https:\/\/www.facebook.com\/groups\/5261880558\/?locale=fr_FR\"]},{\"@type\":\"Person\",\"@id\":\"https:\/\/centcols.org\/#\/schema\/person\/911b404fb133d8c913dd27cdcf71c8e5\",\"name\":\"Webmestre\",\"image\":{\"@type\":\"ImageObject\",\"inLanguage\":\"it-IT\",\"@id\":\"https:\/\/centcols.org\/wp-content\/litespeed\/avatar\/2d246e4b6b4f773e08515e1ffc53690b.jpg?ver=1777222892\",\"url\":\"https:\/\/centcols.org\/wp-content\/litespeed\/avatar\/2d246e4b6b4f773e08515e1ffc53690b.jpg?ver=1777222892\",\"contentUrl\":\"https:\/\/centcols.org\/wp-content\/litespeed\/avatar\/2d246e4b6b4f773e08515e1ffc53690b.jpg?ver=1777222892\",\"caption\":\"Webmestre\"},\"url\":\"https:\/\/centcols.org\/it\/author\/webmestre\/\"}]}<\/script>\n<!-- \/ Yoast SEO plugin. -->","yoast_head_json":{"title":"Jean Perdoux - Club des Cent Cols","robots":{"index":"index","follow":"follow","max-snippet":"max-snippet:-1","max-image-preview":"max-image-preview:large","max-video-preview":"max-video-preview:-1"},"canonical":"https:\/\/centcols.org\/it\/jean-perdoux\/","og_locale":"it_IT","og_type":"article","og_title":"Jean Perdoux - Club des Cent Cols","og_description":"Jean Perdoux, pr\u00e9sident fondateur du Club des Cent Cols est d\u00e9c\u00e9d\u00e9 le 13 mars \u00e0 l\u2019\u00e2ge de 87 ans. C\u2019est une longue page de l\u2019histoire du Club des Cent Cols qui se tourne. Nous avons perdu notre guide, pas ses id\u00e9es.","og_url":"https:\/\/centcols.org\/it\/jean-perdoux\/","og_site_name":"Club des Cent Cols","article_publisher":"https:\/\/www.facebook.com\/groups\/5261880558\/?locale=fr_FR","article_published_time":"2024-04-16T07:35:26+00:00","article_modified_time":"2025-09-13T06:04:06+00:00","og_image":[{"width":1431,"height":1431,"url":"https:\/\/centcols.org\/wp-content\/uploads\/2025\/02\/jeanperdoux-galibier-1.jpg","type":"image\/jpeg"}],"author":"Webmestre","twitter_card":"summary_large_image","twitter_misc":{"Scritto da":"Webmestre","Tempo di lettura stimato":"12 minuti"},"schema":{"@context":"https:\/\/schema.org","@graph":[{"@type":"Article","@id":"https:\/\/centcols.org\/jean-perdoux\/#article","isPartOf":{"@id":"https:\/\/centcols.org\/jean-perdoux\/"},"author":{"name":"Webmestre","@id":"https:\/\/centcols.org\/#\/schema\/person\/911b404fb133d8c913dd27cdcf71c8e5"},"headline":"Jean Perdoux","datePublished":"2024-04-16T07:35:26+00:00","dateModified":"2025-09-13T06:04:06+00:00","mainEntityOfPage":{"@id":"https:\/\/centcols.org\/jean-perdoux\/"},"wordCount":2377,"commentCount":0,"publisher":{"@id":"https:\/\/centcols.org\/#organization"},"image":{"@id":"https:\/\/centcols.org\/jean-perdoux\/#primaryimage"},"thumbnailUrl":"https:\/\/centcols.org\/wp-content\/uploads\/2025\/02\/jeanperdoux-galibier-1.jpg","articleSection":["Carnet noir","Gazette"],"inLanguage":"it-IT","potentialAction":[{"@type":"CommentAction","name":"Comment","target":["https:\/\/centcols.org\/jean-perdoux\/#respond"]}]},{"@type":"WebPage","@id":"https:\/\/centcols.org\/jean-perdoux\/","url":"https:\/\/centcols.org\/jean-perdoux\/","name":"Jean Perdoux - Club des Cent Cols","isPartOf":{"@id":"https:\/\/centcols.org\/#website"},"primaryImageOfPage":{"@id":"https:\/\/centcols.org\/jean-perdoux\/#primaryimage"},"image":{"@id":"https:\/\/centcols.org\/jean-perdoux\/#primaryimage"},"thumbnailUrl":"https:\/\/centcols.org\/wp-content\/uploads\/2025\/02\/jeanperdoux-galibier-1.jpg","datePublished":"2024-04-16T07:35:26+00:00","dateModified":"2025-09-13T06:04:06+00:00","breadcrumb":{"@id":"https:\/\/centcols.org\/jean-perdoux\/#breadcrumb"},"inLanguage":"it-IT","potentialAction":[{"@type":"ReadAction","target":["https:\/\/centcols.org\/jean-perdoux\/"]}]},{"@type":"ImageObject","inLanguage":"it-IT","@id":"https:\/\/centcols.org\/jean-perdoux\/#primaryimage","url":"https:\/\/centcols.org\/wp-content\/uploads\/2025\/02\/jeanperdoux-galibier-1.jpg","contentUrl":"https:\/\/centcols.org\/wp-content\/uploads\/2025\/02\/jeanperdoux-galibier-1.jpg","width":1431,"height":1431},{"@type":"BreadcrumbList","@id":"https:\/\/centcols.org\/jean-perdoux\/#breadcrumb","itemListElement":[{"@type":"ListItem","position":1,"name":"Accueil","item":"https:\/\/centcols.org\/"},{"@type":"ListItem","position":2,"name":"Gazette","item":"https:\/\/centcols.org\/rubrique\/gazette\/"},{"@type":"ListItem","position":3,"name":"Carnet noir","item":"https:\/\/centcols.org\/rubrique\/gazette\/carnet-noir\/"},{"@type":"ListItem","position":4,"name":"Jean Perdoux"}]},{"@type":"WebSite","@id":"https:\/\/centcols.org\/#website","url":"https:\/\/centcols.org\/","name":"Club des Cent Cols","description":"","publisher":{"@id":"https:\/\/centcols.org\/#organization"},"potentialAction":[{"@type":"SearchAction","target":{"@type":"EntryPoint","urlTemplate":"https:\/\/centcols.org\/?s={search_term_string}"},"query-input":{"@type":"PropertyValueSpecification","valueRequired":true,"valueName":"search_term_string"}}],"inLanguage":"it-IT"},{"@type":"Organization","@id":"https:\/\/centcols.org\/#organization","name":"Club des Cent Cols","url":"https:\/\/centcols.org\/","logo":{"@type":"ImageObject","inLanguage":"it-IT","@id":"https:\/\/centcols.org\/#\/schema\/logo\/image\/","url":"https:\/\/centcols.org\/wp-content\/uploads\/2025\/01\/carte-icone.png","contentUrl":"https:\/\/centcols.org\/wp-content\/uploads\/2025\/01\/carte-icone.png","width":250,"height":250,"caption":"Club des Cent Cols"},"image":{"@id":"https:\/\/centcols.org\/#\/schema\/logo\/image\/"},"sameAs":["https:\/\/www.facebook.com\/groups\/5261880558\/?locale=fr_FR"]},{"@type":"Person","@id":"https:\/\/centcols.org\/#\/schema\/person\/911b404fb133d8c913dd27cdcf71c8e5","name":"Webmaster","image":{"@type":"ImageObject","inLanguage":"it-IT","@id":"https:\/\/centcols.org\/wp-content\/litespeed\/avatar\/2d246e4b6b4f773e08515e1ffc53690b.jpg?ver=1777222892","url":"https:\/\/centcols.org\/wp-content\/litespeed\/avatar\/2d246e4b6b4f773e08515e1ffc53690b.jpg?ver=1777222892","contentUrl":"https:\/\/centcols.org\/wp-content\/litespeed\/avatar\/2d246e4b6b4f773e08515e1ffc53690b.jpg?ver=1777222892","caption":"Webmestre"},"url":"https:\/\/centcols.org\/it\/author\/webmestre\/"}]}},"_links":{"self":[{"href":"https:\/\/centcols.org\/it\/wp-json\/wp\/v2\/posts\/79612","targetHints":{"allow":["GET"]}}],"collection":[{"href":"https:\/\/centcols.org\/it\/wp-json\/wp\/v2\/posts"}],"about":[{"href":"https:\/\/centcols.org\/it\/wp-json\/wp\/v2\/types\/post"}],"author":[{"embeddable":true,"href":"https:\/\/centcols.org\/it\/wp-json\/wp\/v2\/users\/3"}],"replies":[{"embeddable":true,"href":"https:\/\/centcols.org\/it\/wp-json\/wp\/v2\/comments?post=79612"}],"version-history":[{"count":0,"href":"https:\/\/centcols.org\/it\/wp-json\/wp\/v2\/posts\/79612\/revisions"}],"wp:featuredmedia":[{"embeddable":true,"href":"https:\/\/centcols.org\/it\/wp-json\/wp\/v2\/media\/79613"}],"wp:attachment":[{"href":"https:\/\/centcols.org\/it\/wp-json\/wp\/v2\/media?parent=79612"}],"wp:term":[{"taxonomy":"category","embeddable":true,"href":"https:\/\/centcols.org\/it\/wp-json\/wp\/v2\/categories?post=79612"},{"taxonomy":"post_tag","embeddable":true,"href":"https:\/\/centcols.org\/it\/wp-json\/wp\/v2\/tags?post=79612"}],"curies":[{"name":"wp","href":"https:\/\/api.w.org\/{rel}","templated":true}]}}