{"id":80106,"date":"2025-03-27T21:30:30","date_gmt":"2025-03-27T19:30:30","guid":{"rendered":"https:\/\/centcols.org\/?p=80106"},"modified":"2025-09-01T16:34:02","modified_gmt":"2025-09-01T14:34:02","slug":"cento-passi-di-montagna-in-savoia-mont-blanc","status":"publish","type":"post","link":"https:\/\/centcols.org\/it\/cent-cols-en-savoie-mont-blanc\/","title":{"rendered":"Cento passi in Savoia Monte Bianco"},"content":{"rendered":"\n<h2 class=\"wp-block-heading\">Pr\u00e9sentation<\/h2>\n\n\n\n<p>Ce circuit de 1 800 km comprend 103 cols dont 6 \u00e0 plus de 2000 m. (+ 18 en option dont 2 \u00e0 plus de 2000 m.) pour une d\u00e9nivellation d\u2019au moins 42 000 m.<\/p>\n\n\n\n<p>Cette randonn\u00e9e permanente est pr\u00e9sent\u00e9e en partenariat avec Savoie Mont Blanc Tourisme<br>Trac\u00e9 par R\u00e9gis Paraz (Cent Cols n\u00b0 3225).<\/p>\n\n\n\n<p><a href=\"https:\/\/centcols.org\/rando_perm\/sav\/parcours.pdf\" target=\"_blank\" rel=\"noreferrer noopener\">Parcours<\/a><\/p>\n\n\n\n<p><iframe loading=\"lazy\" src=\"https:\/\/centcols.org\/rando_perm\/carto\/mbtrp.php?rp=sav\" width=\"800\" height=\"600\"><\/iframe><\/p>\n\n\n\n<p><a href=\"\/cent-cols\/wp-content\/uploads\/2025\/04\/profilfnvtt.png\">Profil<\/a><\/p>\n\n\n\n<p><a href=\"https:\/\/centcols.org\/rando_perm\/inscription.php?rando=sav\">Bulletin d&rsquo;inscription<\/a><\/p>\n\n\n\n<h2 class=\"wp-block-heading\">Th\u00e8me<\/h2>\n\n\n\n<p>Le Club des Cent Cols, fond\u00e9 en 1972, affili\u00e9 \u00e0 la <a href=\"http:\/\/ffct.org\/\" target=\"_blank\" rel=\"noopener noreferrer\">F\u00e9d\u00e9ration Fran\u00e7aise de Cyclotourisme<\/a> sous le N\u00b06384, vous propose cette randonn\u00e9e permanente bas\u00e9e sur un th\u00e8me simple : \u00ab Cent cols \u00bb.<\/p>\n\n\n\n<p>Cent-(trois) cols, soit pour vous permettre d&rsquo;int\u00e9grer la Confr\u00e9rie du Club des Cent Cols, soit pour vous permettre de progresser dans le \u00ab Tableau d&rsquo;Honneur \u00bb de la Confr\u00e9rie, de toute fa\u00e7on pour vous faire d\u00e9couvrir ou red\u00e9couvrir les deux d\u00e9partements des Pays de Savoie avec une petite incursion chez nos voisins Helv\u00e8tes, en contournant le massif du Mont-Blanc.<\/p>\n\n\n\n<h2 class=\"wp-block-heading\">Particularit\u00e9s<\/h2>\n\n\n\n<p>Les Pr\u00e9alpes du massif de Chartreuse, les petites routes paisibles de l\u2019Avant Pays Savoyard avec leurs petits cols souvent m\u00e9connus, les derniers maillons de la chaine du Jura au dessus du lac du Bourget seront vos hors-d\u2019oeuvre avant d\u2019attaquer les autres massifs Savoyards.<\/p>\n\n\n\n<p>Des cols prestigieux comme ceux du Galibier ou de l\u2019Iseran parmi tant d\u2019autres seront les t\u00e9moins de vos efforts. Vous p\u00e9dalerez \u00e0 travers les diff\u00e9rents vignobles, au bord ou en surplomb de lacs naturels (Aiguebelette, Bourget, L\u00e9man, Annecy&#8230;) ou artificiels (Tignes, Roselend), au milieu des alpages et quelquefois sous l\u2019oeil bienveillant de glaciers.<\/p>\n\n\n\n<p>Vous d\u00e9couvrirez ainsi toutes les richesses et toute la vari\u00e9t\u00e9 de ces territoires. Le soir \u00e0 l\u2019\u00e9tape, vous pourrez reprendre des forces en d\u00e9gustant les AOC produites par ces diff\u00e9rents terroirs que vous aurez parcourus : vins blancs et rouges ou fromages (Tomme de Savoie, Reblochon, Beaufort\u2026)<\/p>\n\n\n\n<p>Le num\u00e9ro de d\u00e9cembre 2013 de la revue \u00ab Cylotourisme \u00bb de la F\u00e9d\u00e9ration Fran\u00e7aise de Cyclotourisme, contient un article de deux pages sur cette randonn\u00e9e permanente :<\/p>\n\n\n\n<figure class=\"wp-block-gallery has-nested-images columns-2 is-cropped wp-block-gallery-1 is-layout-flex wp-block-gallery-is-layout-flex\"><div class=\"wp-block-image\">\n<figure class=\"aligncenter size-large\"><a href=\"https:\/\/centcols.org\/wp-content\/uploads\/2025\/03\/cyclotourisme_201312_page411.jpg\"><img loading=\"lazy\" decoding=\"async\" width=\"1200\" height=\"1700\" data-id=\"80275\" src=\"https:\/\/centcols.org\/wp-content\/uploads\/2025\/03\/cyclotourisme_201312_page411.jpg\" alt=\"\" class=\"wp-image-80275\" srcset=\"https:\/\/centcols.org\/wp-content\/uploads\/2025\/03\/cyclotourisme_201312_page411.jpg 1200w, https:\/\/centcols.org\/wp-content\/uploads\/2025\/03\/cyclotourisme_201312_page411-847x1200.jpg 847w, https:\/\/centcols.org\/wp-content\/uploads\/2025\/03\/cyclotourisme_201312_page411-768x1088.jpg 768w, https:\/\/centcols.org\/wp-content\/uploads\/2025\/03\/cyclotourisme_201312_page411-1084x1536.jpg 1084w, https:\/\/centcols.org\/wp-content\/uploads\/2025\/03\/cyclotourisme_201312_page411-600x850.jpg 600w\" sizes=\"auto, (max-width: 1200px) 100vw, 1200px\" \/><\/a><\/figure>\n<\/div><\/figure>\n\n\n\n<p>Le participant doit faire contr\u00f4ler sa carte de route dans chacune des 9 sections de la randonn\u00e9e en des points de parcours choisis par le randonneur lui-m\u00eame. Chaque contr\u00f4le est sous forme soit d&rsquo;un tampon humide sollicit\u00e9 aupr\u00e8s d&rsquo;un commer\u00e7ant ou d&rsquo;une administration, soit d&rsquo;une photo explicite (p.ex. v\u00e9lo devant un panneau de commune ou de col).<\/p>\n\n\n\n<h3 class=\"wp-block-heading\">Les 9 sections sont les suivantes:<\/h3>\n\n\n\n<ol class=\"wp-block-list\">\n<li>Chamb\u00e9ry &#8211; Chanaz<\/li>\n\n\n\n<li>Chanaz &#8211; Chamoux sur Gelon<\/li>\n\n\n\n<li>Chamoux sur Gelon &#8211; Valloire<\/li>\n\n\n\n<li>Valloire &#8211; Albertville<\/li>\n\n\n\n<li>Albertville &#8211; Ch\u00e2tel<\/li>\n\n\n\n<li>Ch\u00e2tel &#8211; Cluses<\/li>\n\n\n\n<li>Cluses &#8211; Monnetier<\/li>\n\n\n\n<li>Monnetier &#8211; Annecy<\/li>\n\n\n\n<li>Annecy &#8211; Chamb\u00e9ry<\/li>\n<\/ol>\n\n\n\n<h2 class=\"wp-block-heading\">Principaux cols<\/h2>\n\n\n\n<h3 class=\"wp-block-heading\">Cols \u00e0 plus de 2000 m.<\/h3>\n\n\n\n<ul class=\"wp-block-list\">\n<li>Col de la Croix de Fer<\/li>\n\n\n\n<li>Collet du Plan Nicolas<\/li>\n\n\n\n<li>Col du Galibier<\/li>\n\n\n\n<li>Col du Mont-Cenis<\/li>\n\n\n\n<li>Col du Petit Mont-Cenis<\/li>\n\n\n\n<li>Col de l\u2019Iseran<\/li>\n\n\n\n<li>Col du Petit-St.Bernard (option)<\/li>\n<\/ul>\n\n\n\n<h3 class=\"wp-block-heading\">Autres cols<\/h3>\n\n\n\n<ul class=\"wp-block-list\">\n<li>Col du Granier<\/li>\n\n\n\n<li>Col de la Crusille<\/li>\n\n\n\n<li>Col du Glandon<\/li>\n\n\n\n<li>Cormet de Roselend<\/li>\n\n\n\n<li>Col du Joly<\/li>\n\n\n\n<li>Col des Aravis<\/li>\n\n\n\n<li>Col des Montets<\/li>\n<\/ul>\n\n\n\n<h3 class=\"wp-block-heading\">Autres cols (suite)<\/h3>\n\n\n\n<ul class=\"wp-block-list\">\n<li>Pas de Morgins<\/li>\n\n\n\n<li>Col de la Ramaz<\/li>\n\n\n\n<li>Col de la Colombi\u00e8re<\/li>\n\n\n\n<li>Col des Gli\u00e8res<\/li>\n\n\n\n<li>Col de Leschaux&#8230;<\/li>\n<\/ul>\n\n\n\n<h2 class=\"wp-block-heading\">Sites BCN et BPF sur le parcours<\/h2>\n\n\n\n<h3 class=\"wp-block-heading\">Savoie (73)<\/h3>\n\n\n\n<ul class=\"wp-block-list\">\n<li>Abbaye de Hautecombe<\/li>\n\n\n\n<li>Mont-Revard<\/li>\n\n\n\n<li>Col du Glandon<\/li>\n\n\n\n<li>Col de l\u2019Iseran<\/li>\n\n\n\n<li>Ar\u00eaches<\/li>\n\n\n\n<li>Conflans<\/li>\n<\/ul>\n\n\n\n<h3 class=\"wp-block-heading\">Haute-Savoie (74)<\/h3>\n\n\n\n<ul class=\"wp-block-list\">\n<li>Combloux<\/li>\n\n\n\n<li>Argenti\u00e8re<\/li>\n\n\n\n<li>Praz-de-Lys<\/li>\n\n\n\n<li>Sixt-Fer \u00e0 Cheval<\/li>\n\n\n\n<li>Menthon-St.Bernard<\/li>\n<\/ul>\n\n\n\n<h2 class=\"wp-block-heading\">R\u00e8gle du jeu des randonn\u00e9es permanentes<\/h2>\n\n\n\n<p>Tout participant \u00e0 cette randonn\u00e9e permanente s&rsquo;engage \u00e0 respecter la <a href=\"\/rdj-randonnees-permanentes\/\">r\u00e8gle du jeu<\/a> la r\u00e9gissant.<\/p>\n\n\n\n<h2 class=\"wp-block-heading\">Pour plus d&rsquo;information<\/h2>\n\n\n\n<h3 class=\"wp-block-heading\">S&rsquo;adresser au Responsable des randonn\u00e9es permanentes<\/h3>\n\n\n\n<p>Jean-Marc CLEMENT<br>10 rue de Normandie<br>31120 Portet sur Garonne<br>FRANCE<\/p>\n\n\n\n<p>T\u00e9l : +33 (0)5 61 76 30 12<br>E-mail : [email]&#114;a&#x6e;d&#x6f;s&#x40;&#99;&#x65;&#110;&#x74;&#99;o&#x6c;s&#x2e;o&#x72;&#103; [\/email]<\/p>\n\n\n\n<h6 class=\"wp-block-heading\"><strong data-rich-text-format-boundary=\"true\">Attention : Veuillez envoyer vos cartes de route \u00e0 homologuer ainsi que vos cartes postales et vos r\u00e9cits de voyage uniquement au responsable actuel, quoi que vous trouviez comme ancienne information (donc ne pas \u00e9crire \u00e0 Roger Colombo, Bernard Pommel, Jean-Marc Lef\u00e8vre ou Roland Grimaud \u2020).<\/strong><\/h6>\n","protected":false},"excerpt":{"rendered":"<p>Pr\u00e9sentation Ce circuit de 1 800 km comprend 103 cols dont 6 \u00e0 plus de 2000 m. (+ 18 en option dont 2 \u00e0 plus de 2000 m.) pour une d\u00e9nivellation d\u2019au moins 42 000 m. Cette randonn\u00e9e permanente est pr\u00e9sent\u00e9e en partenariat avec Savoie Mont Blanc TourismeTrac\u00e9 par R\u00e9gis Paraz (Cent Cols n\u00b0 3225). [&hellip;]<\/p>\n","protected":false},"author":3,"featured_media":80277,"comment_status":"open","ping_status":"open","sticky":false,"template":"","format":"standard","meta":{"_acf_changed":false,"footnotes":""},"categories":[174,184,193,176,163,155,164,145],"tags":[],"class_list":["post-80106","post","type-post","status-publish","format-standard","has-post-thumbnail","hentry","category-alpes-du-nord","category-auvergne-rhone-alpes","category-suisse","category-route","category-prealpes","category-france","category-jura","category-randonnees-permanentes"],"acf":[],"yoast_head":"<!-- This site is optimized with the Yoast SEO plugin v27.2 - https:\/\/yoast.com\/product\/yoast-seo-wordpress\/ -->\n<title>Cent cols en Savoie Mont Blanc - Club des Cent Cols<\/title>\n<meta name=\"robots\" content=\"index, follow, max-snippet:-1, max-image-preview:large, max-video-preview:-1\" \/>\n<link rel=\"canonical\" href=\"https:\/\/centcols.org\/it\/cento-passi-di-montagna-in-savoia-mont-blanc\/\" \/>\n<meta property=\"og:locale\" content=\"it_IT\" \/>\n<meta property=\"og:type\" content=\"article\" \/>\n<meta property=\"og:title\" content=\"Cent cols en Savoie Mont Blanc - Club des Cent Cols\" \/>\n<meta property=\"og:description\" content=\"Pr\u00e9sentation Ce circuit de 1 800 km comprend 103 cols dont 6 \u00e0 plus de 2000 m. (+ 18 en option dont 2 \u00e0 plus de 2000 m.) pour une d\u00e9nivellation d\u2019au moins 42 000 m. Cette randonn\u00e9e permanente est pr\u00e9sent\u00e9e en partenariat avec Savoie Mont Blanc TourismeTrac\u00e9 par R\u00e9gis Paraz (Cent Cols n\u00b0 3225). [&hellip;]\" \/>\n<meta property=\"og:url\" content=\"https:\/\/centcols.org\/it\/cento-passi-di-montagna-in-savoia-mont-blanc\/\" \/>\n<meta property=\"og:site_name\" content=\"Club des Cent Cols\" \/>\n<meta property=\"article:publisher\" content=\"https:\/\/www.facebook.com\/groups\/5261880558\/?locale=fr_FR\" \/>\n<meta property=\"article:published_time\" content=\"2025-03-27T19:30:30+00:00\" \/>\n<meta property=\"article:modified_time\" content=\"2025-09-01T14:34:02+00:00\" \/>\n<meta property=\"og:image\" content=\"https:\/\/centcols.org\/wp-content\/uploads\/2025\/03\/roselend-r.jpg\" \/>\n\t<meta property=\"og:image:width\" content=\"960\" \/>\n\t<meta property=\"og:image:height\" content=\"540\" \/>\n\t<meta property=\"og:image:type\" content=\"image\/jpeg\" \/>\n<meta name=\"author\" content=\"Webmestre\" \/>\n<meta name=\"twitter:card\" content=\"summary_large_image\" \/>\n<meta name=\"twitter:label1\" content=\"Scritto da\" \/>\n\t<meta name=\"twitter:data1\" content=\"Webmestre\" \/>\n\t<meta name=\"twitter:label2\" content=\"Tempo di lettura stimato\" \/>\n\t<meta name=\"twitter:data2\" content=\"4 minuti\" \/>\n<script type=\"application\/ld+json\" class=\"yoast-schema-graph\">{\"@context\":\"https:\/\/schema.org\",\"@graph\":[{\"@type\":\"Article\",\"@id\":\"https:\/\/centcols.org\/cent-cols-en-savoie-mont-blanc\/#article\",\"isPartOf\":{\"@id\":\"https:\/\/centcols.org\/cent-cols-en-savoie-mont-blanc\/\"},\"author\":{\"name\":\"Webmestre\",\"@id\":\"https:\/\/centcols.org\/#\/schema\/person\/911b404fb133d8c913dd27cdcf71c8e5\"},\"headline\":\"Cent cols en Savoie Mont Blanc\",\"datePublished\":\"2025-03-27T19:30:30+00:00\",\"dateModified\":\"2025-09-01T14:34:02+00:00\",\"mainEntityOfPage\":{\"@id\":\"https:\/\/centcols.org\/cent-cols-en-savoie-mont-blanc\/\"},\"wordCount\":669,\"commentCount\":0,\"publisher\":{\"@id\":\"https:\/\/centcols.org\/#organization\"},\"image\":{\"@id\":\"https:\/\/centcols.org\/cent-cols-en-savoie-mont-blanc\/#primaryimage\"},\"thumbnailUrl\":\"https:\/\/centcols.org\/wp-content\/uploads\/2025\/03\/roselend-r.jpg\",\"articleSection\":[\"Alpes fran\u00e7aises du nord\",\"Auvergne-Rh\u00f4ne-Alpes\",\"Suisse\",\"Route\",\"Pr\u00e9alpes\",\"France\",\"Jura\",\"Randonn\u00e9es permanentes\"],\"inLanguage\":\"it-IT\",\"potentialAction\":[{\"@type\":\"CommentAction\",\"name\":\"Comment\",\"target\":[\"https:\/\/centcols.org\/cent-cols-en-savoie-mont-blanc\/#respond\"]}]},{\"@type\":\"WebPage\",\"@id\":\"https:\/\/centcols.org\/cent-cols-en-savoie-mont-blanc\/\",\"url\":\"https:\/\/centcols.org\/cent-cols-en-savoie-mont-blanc\/\",\"name\":\"Cent cols en Savoie Mont Blanc - Club des Cent Cols\",\"isPartOf\":{\"@id\":\"https:\/\/centcols.org\/#website\"},\"primaryImageOfPage\":{\"@id\":\"https:\/\/centcols.org\/cent-cols-en-savoie-mont-blanc\/#primaryimage\"},\"image\":{\"@id\":\"https:\/\/centcols.org\/cent-cols-en-savoie-mont-blanc\/#primaryimage\"},\"thumbnailUrl\":\"https:\/\/centcols.org\/wp-content\/uploads\/2025\/03\/roselend-r.jpg\",\"datePublished\":\"2025-03-27T19:30:30+00:00\",\"dateModified\":\"2025-09-01T14:34:02+00:00\",\"breadcrumb\":{\"@id\":\"https:\/\/centcols.org\/cent-cols-en-savoie-mont-blanc\/#breadcrumb\"},\"inLanguage\":\"it-IT\",\"potentialAction\":[{\"@type\":\"ReadAction\",\"target\":[\"https:\/\/centcols.org\/cent-cols-en-savoie-mont-blanc\/\"]}]},{\"@type\":\"ImageObject\",\"inLanguage\":\"it-IT\",\"@id\":\"https:\/\/centcols.org\/cent-cols-en-savoie-mont-blanc\/#primaryimage\",\"url\":\"https:\/\/centcols.org\/wp-content\/uploads\/2025\/03\/roselend-r.jpg\",\"contentUrl\":\"https:\/\/centcols.org\/wp-content\/uploads\/2025\/03\/roselend-r.jpg\",\"width\":960,\"height\":540},{\"@type\":\"BreadcrumbList\",\"@id\":\"https:\/\/centcols.org\/cent-cols-en-savoie-mont-blanc\/#breadcrumb\",\"itemListElement\":[{\"@type\":\"ListItem\",\"position\":1,\"name\":\"Accueil\",\"item\":\"https:\/\/centcols.org\/\"},{\"@type\":\"ListItem\",\"position\":2,\"name\":\"Randonn\u00e9es permanentes\",\"item\":\"https:\/\/centcols.org\/rubrique\/randonnees-permanentes\/\"},{\"@type\":\"ListItem\",\"position\":3,\"name\":\"Pays\",\"item\":\"https:\/\/centcols.org\/rubrique\/randonnees-permanentes\/pays\/\"},{\"@type\":\"ListItem\",\"position\":4,\"name\":\"France\",\"item\":\"https:\/\/centcols.org\/rubrique\/randonnees-permanentes\/pays\/france\/\"},{\"@type\":\"ListItem\",\"position\":5,\"name\":\"Cent cols en Savoie Mont Blanc\"}]},{\"@type\":\"WebSite\",\"@id\":\"https:\/\/centcols.org\/#website\",\"url\":\"https:\/\/centcols.org\/\",\"name\":\"Club des Cent Cols\",\"description\":\"\",\"publisher\":{\"@id\":\"https:\/\/centcols.org\/#organization\"},\"potentialAction\":[{\"@type\":\"SearchAction\",\"target\":{\"@type\":\"EntryPoint\",\"urlTemplate\":\"https:\/\/centcols.org\/?s={search_term_string}\"},\"query-input\":{\"@type\":\"PropertyValueSpecification\",\"valueRequired\":true,\"valueName\":\"search_term_string\"}}],\"inLanguage\":\"it-IT\"},{\"@type\":\"Organization\",\"@id\":\"https:\/\/centcols.org\/#organization\",\"name\":\"Club des Cent Cols\",\"url\":\"https:\/\/centcols.org\/\",\"logo\":{\"@type\":\"ImageObject\",\"inLanguage\":\"it-IT\",\"@id\":\"https:\/\/centcols.org\/#\/schema\/logo\/image\/\",\"url\":\"https:\/\/centcols.org\/wp-content\/uploads\/2025\/01\/carte-icone.png\",\"contentUrl\":\"https:\/\/centcols.org\/wp-content\/uploads\/2025\/01\/carte-icone.png\",\"width\":250,\"height\":250,\"caption\":\"Club des Cent Cols\"},\"image\":{\"@id\":\"https:\/\/centcols.org\/#\/schema\/logo\/image\/\"},\"sameAs\":[\"https:\/\/www.facebook.com\/groups\/5261880558\/?locale=fr_FR\"]},{\"@type\":\"Person\",\"@id\":\"https:\/\/centcols.org\/#\/schema\/person\/911b404fb133d8c913dd27cdcf71c8e5\",\"name\":\"Webmestre\",\"image\":{\"@type\":\"ImageObject\",\"inLanguage\":\"it-IT\",\"@id\":\"https:\/\/centcols.org\/wp-content\/litespeed\/avatar\/2d246e4b6b4f773e08515e1ffc53690b.jpg?ver=1777222892\",\"url\":\"https:\/\/centcols.org\/wp-content\/litespeed\/avatar\/2d246e4b6b4f773e08515e1ffc53690b.jpg?ver=1777222892\",\"contentUrl\":\"https:\/\/centcols.org\/wp-content\/litespeed\/avatar\/2d246e4b6b4f773e08515e1ffc53690b.jpg?ver=1777222892\",\"caption\":\"Webmestre\"},\"url\":\"https:\/\/centcols.org\/it\/author\/webmestre\/\"}]}<\/script>\n<!-- \/ Yoast SEO plugin. -->","yoast_head_json":{"title":"Cent cols in Savoia Mont Blanc - Club dei Cent Cols","robots":{"index":"index","follow":"follow","max-snippet":"max-snippet:-1","max-image-preview":"max-image-preview:large","max-video-preview":"max-video-preview:-1"},"canonical":"https:\/\/centcols.org\/it\/cento-passi-di-montagna-in-savoia-mont-blanc\/","og_locale":"it_IT","og_type":"article","og_title":"Cent cols en Savoie Mont Blanc - Club des Cent Cols","og_description":"Pr\u00e9sentation Ce circuit de 1 800 km comprend 103 cols dont 6 \u00e0 plus de 2000 m. (+ 18 en option dont 2 \u00e0 plus de 2000 m.) pour une d\u00e9nivellation d\u2019au moins 42 000 m. Cette randonn\u00e9e permanente est pr\u00e9sent\u00e9e en partenariat avec Savoie Mont Blanc TourismeTrac\u00e9 par R\u00e9gis Paraz (Cent Cols n\u00b0 3225). [&hellip;]","og_url":"https:\/\/centcols.org\/it\/cento-passi-di-montagna-in-savoia-mont-blanc\/","og_site_name":"Club des Cent Cols","article_publisher":"https:\/\/www.facebook.com\/groups\/5261880558\/?locale=fr_FR","article_published_time":"2025-03-27T19:30:30+00:00","article_modified_time":"2025-09-01T14:34:02+00:00","og_image":[{"width":960,"height":540,"url":"https:\/\/centcols.org\/wp-content\/uploads\/2025\/03\/roselend-r.jpg","type":"image\/jpeg"}],"author":"Webmestre","twitter_card":"summary_large_image","twitter_misc":{"Scritto da":"Webmestre","Tempo di lettura stimato":"4 minuti"},"schema":{"@context":"https:\/\/schema.org","@graph":[{"@type":"Article","@id":"https:\/\/centcols.org\/cent-cols-en-savoie-mont-blanc\/#article","isPartOf":{"@id":"https:\/\/centcols.org\/cent-cols-en-savoie-mont-blanc\/"},"author":{"name":"Webmestre","@id":"https:\/\/centcols.org\/#\/schema\/person\/911b404fb133d8c913dd27cdcf71c8e5"},"headline":"Cent cols en Savoie Mont Blanc","datePublished":"2025-03-27T19:30:30+00:00","dateModified":"2025-09-01T14:34:02+00:00","mainEntityOfPage":{"@id":"https:\/\/centcols.org\/cent-cols-en-savoie-mont-blanc\/"},"wordCount":669,"commentCount":0,"publisher":{"@id":"https:\/\/centcols.org\/#organization"},"image":{"@id":"https:\/\/centcols.org\/cent-cols-en-savoie-mont-blanc\/#primaryimage"},"thumbnailUrl":"https:\/\/centcols.org\/wp-content\/uploads\/2025\/03\/roselend-r.jpg","articleSection":["Alpes fran\u00e7aises du nord","Auvergne-Rh\u00f4ne-Alpes","Suisse","Route","Pr\u00e9alpes","France","Jura","Randonn\u00e9es permanentes"],"inLanguage":"it-IT","potentialAction":[{"@type":"CommentAction","name":"Comment","target":["https:\/\/centcols.org\/cent-cols-en-savoie-mont-blanc\/#respond"]}]},{"@type":"WebPage","@id":"https:\/\/centcols.org\/cent-cols-en-savoie-mont-blanc\/","url":"https:\/\/centcols.org\/cent-cols-en-savoie-mont-blanc\/","name":"Cent cols in Savoia Mont Blanc - Club dei Cent Cols","isPartOf":{"@id":"https:\/\/centcols.org\/#website"},"primaryImageOfPage":{"@id":"https:\/\/centcols.org\/cent-cols-en-savoie-mont-blanc\/#primaryimage"},"image":{"@id":"https:\/\/centcols.org\/cent-cols-en-savoie-mont-blanc\/#primaryimage"},"thumbnailUrl":"https:\/\/centcols.org\/wp-content\/uploads\/2025\/03\/roselend-r.jpg","datePublished":"2025-03-27T19:30:30+00:00","dateModified":"2025-09-01T14:34:02+00:00","breadcrumb":{"@id":"https:\/\/centcols.org\/cent-cols-en-savoie-mont-blanc\/#breadcrumb"},"inLanguage":"it-IT","potentialAction":[{"@type":"ReadAction","target":["https:\/\/centcols.org\/cent-cols-en-savoie-mont-blanc\/"]}]},{"@type":"ImageObject","inLanguage":"it-IT","@id":"https:\/\/centcols.org\/cent-cols-en-savoie-mont-blanc\/#primaryimage","url":"https:\/\/centcols.org\/wp-content\/uploads\/2025\/03\/roselend-r.jpg","contentUrl":"https:\/\/centcols.org\/wp-content\/uploads\/2025\/03\/roselend-r.jpg","width":960,"height":540},{"@type":"BreadcrumbList","@id":"https:\/\/centcols.org\/cent-cols-en-savoie-mont-blanc\/#breadcrumb","itemListElement":[{"@type":"ListItem","position":1,"name":"Accueil","item":"https:\/\/centcols.org\/"},{"@type":"ListItem","position":2,"name":"Randonn\u00e9es permanentes","item":"https:\/\/centcols.org\/rubrique\/randonnees-permanentes\/"},{"@type":"ListItem","position":3,"name":"Pays","item":"https:\/\/centcols.org\/rubrique\/randonnees-permanentes\/pays\/"},{"@type":"ListItem","position":4,"name":"France","item":"https:\/\/centcols.org\/rubrique\/randonnees-permanentes\/pays\/france\/"},{"@type":"ListItem","position":5,"name":"Cent cols en Savoie Mont Blanc"}]},{"@type":"WebSite","@id":"https:\/\/centcols.org\/#website","url":"https:\/\/centcols.org\/","name":"Club des Cent Cols","description":"","publisher":{"@id":"https:\/\/centcols.org\/#organization"},"potentialAction":[{"@type":"SearchAction","target":{"@type":"EntryPoint","urlTemplate":"https:\/\/centcols.org\/?s={search_term_string}"},"query-input":{"@type":"PropertyValueSpecification","valueRequired":true,"valueName":"search_term_string"}}],"inLanguage":"it-IT"},{"@type":"Organization","@id":"https:\/\/centcols.org\/#organization","name":"Club des Cent Cols","url":"https:\/\/centcols.org\/","logo":{"@type":"ImageObject","inLanguage":"it-IT","@id":"https:\/\/centcols.org\/#\/schema\/logo\/image\/","url":"https:\/\/centcols.org\/wp-content\/uploads\/2025\/01\/carte-icone.png","contentUrl":"https:\/\/centcols.org\/wp-content\/uploads\/2025\/01\/carte-icone.png","width":250,"height":250,"caption":"Club des Cent Cols"},"image":{"@id":"https:\/\/centcols.org\/#\/schema\/logo\/image\/"},"sameAs":["https:\/\/www.facebook.com\/groups\/5261880558\/?locale=fr_FR"]},{"@type":"Person","@id":"https:\/\/centcols.org\/#\/schema\/person\/911b404fb133d8c913dd27cdcf71c8e5","name":"Webmaster","image":{"@type":"ImageObject","inLanguage":"it-IT","@id":"https:\/\/centcols.org\/wp-content\/litespeed\/avatar\/2d246e4b6b4f773e08515e1ffc53690b.jpg?ver=1777222892","url":"https:\/\/centcols.org\/wp-content\/litespeed\/avatar\/2d246e4b6b4f773e08515e1ffc53690b.jpg?ver=1777222892","contentUrl":"https:\/\/centcols.org\/wp-content\/litespeed\/avatar\/2d246e4b6b4f773e08515e1ffc53690b.jpg?ver=1777222892","caption":"Webmestre"},"url":"https:\/\/centcols.org\/it\/author\/webmestre\/"}]}},"_links":{"self":[{"href":"https:\/\/centcols.org\/it\/wp-json\/wp\/v2\/posts\/80106","targetHints":{"allow":["GET"]}}],"collection":[{"href":"https:\/\/centcols.org\/it\/wp-json\/wp\/v2\/posts"}],"about":[{"href":"https:\/\/centcols.org\/it\/wp-json\/wp\/v2\/types\/post"}],"author":[{"embeddable":true,"href":"https:\/\/centcols.org\/it\/wp-json\/wp\/v2\/users\/3"}],"replies":[{"embeddable":true,"href":"https:\/\/centcols.org\/it\/wp-json\/wp\/v2\/comments?post=80106"}],"version-history":[{"count":0,"href":"https:\/\/centcols.org\/it\/wp-json\/wp\/v2\/posts\/80106\/revisions"}],"wp:featuredmedia":[{"embeddable":true,"href":"https:\/\/centcols.org\/it\/wp-json\/wp\/v2\/media\/80277"}],"wp:attachment":[{"href":"https:\/\/centcols.org\/it\/wp-json\/wp\/v2\/media?parent=80106"}],"wp:term":[{"taxonomy":"category","embeddable":true,"href":"https:\/\/centcols.org\/it\/wp-json\/wp\/v2\/categories?post=80106"},{"taxonomy":"post_tag","embeddable":true,"href":"https:\/\/centcols.org\/it\/wp-json\/wp\/v2\/tags?post=80106"}],"curies":[{"name":"wp","href":"https:\/\/api.w.org\/{rel}","templated":true}]}}