{"id":80192,"date":"2025-04-02T14:05:28","date_gmt":"2025-04-02T12:05:28","guid":{"rendered":"https:\/\/centcols.org\/?p=80192"},"modified":"2025-09-01T16:33:31","modified_gmt":"2025-09-01T14:33:31","slug":"cento-passaggi-in-triveneto","status":"publish","type":"post","link":"https:\/\/centcols.org\/it\/cent-cols-en-triveneto\/","title":{"rendered":"Cento passi in Triveneto"},"content":{"rendered":"\n<h2 class=\"wp-block-heading\">Pr\u00e9sentation<\/h2>\n\n\n\n<p>Ce circuit de 1 750 km, comprenant 100 cols pour 45 980 m de d\u00e9nivellation environ, con\u00e7u par Gianni Solenni de la Confr\u00e9rie des Cent Cols (membre n\u00b0 3720) et \u00e0 \u00e9t\u00e9 mise \u00e0 jour et modifi\u00e9 par Enrico Alberini (membre n\u00b0 5065) et G\u00e9rard Birelli (membre n\u00b0 5553). Il est situ\u00e9 enti\u00e8rement en Italie, ce parcours se d\u00e9roule \u00e0 90% dans les trois r\u00e9gions qui constituent ce qu\u2019on appelle le Triveneto : le Trentin &#8211; Haut Adige, &nbsp;le Veneto et le Frioul-V\u00e9netie Julienne. Le circuit est presque enti\u00e8rement goudronn\u00e9.<\/p>\n\n\n\n<p><a href=\"https:\/\/centcols.org\/wp-content\/uploads\/2025\/04\/Parcours-Triveneto-2020.jpg\">Parcours<\/a><\/p>\n\n\n\n<p><a href=\"https:\/\/centcols.org\/wp-content\/uploads\/2025\/04\/TRIVENETO_2020_Profil.jpg\">Profil<\/a><\/p>\n\n\n\n<p><a href=\"https:\/\/centcols.org\/rando_perm\/inscription.php?rando=tri\">Bulletin d&rsquo;inscription<\/a><\/p>\n\n\n\n<h2 class=\"wp-block-heading\">Th\u00e8me<\/h2>\n\n\n\n<p>Le&nbsp;Club des Cent Cols, fond\u00e9 en 1972, affili\u00e9 \u00e0 la <a href=\"http:\/\/www.ffct.org\/\" target=\"_blank\" rel=\"noopener noreferrer\"><b>F\u00e9d\u00e9ration Fran\u00e7aise de Cyclotourisme<\/b><\/a> sous le N\u00b06384, vous propose cette randonn\u00e9e permanente bas\u00e9e sur un th\u00e8me simple : \u00ab Cent cols \u00bb.<\/p>\n\n\n\n<p>Cent cols, soit pour vous permettre d&rsquo;int\u00e9grer la Confr\u00e9rie du Club des Cent Cols, soit pour vous permettre de progresser dans le \u00ab Tableau d&rsquo;Honneur \u00bb de la Confr\u00e9rie, de toute fa\u00e7on pour vous faire d\u00e9couvrir ou red\u00e9couvrir ces hauts-lieux du cyclotourisme et du cyclisme en montagne, tels que les Dolomites.<\/p>\n\n\n\n<h2 class=\"wp-block-heading\">Description et&nbsp;particularit\u00e9s des r\u00e9gions visit\u00e9es<\/h2>\n\n\n\n<p>Bien qu\u2019il d\u00e9bute sur la rive lombarde du lac de Garde, ce parcours se d\u00e9roule \u00e0 90% dans les trois r\u00e9gions qui constituent ce qu\u2019on appelle le Triveneto&nbsp;: le Trentin &#8211; Haut Adige, &nbsp;le Veneto et le Frioul-V\u00e9netie Julienne.<\/p>\n\n\n\n<p>Le d\u00e9part s\u2019effectue depuis la localit\u00e9 de Sal\u00f2 qui fut pendant une br\u00e8ve p\u00e9riode historique (septembre 1943 \u00e0 avril 1945) la capitale de la R\u00e9publique de Sal\u00f2 sur les bords du lac de Garde. On rejoint Vobarno par une route communale peu fr\u00e9quent\u00e9e, un peu \u00e9troite et avec quelques courts passages \u00e0 13% ou 14%. &nbsp;Puis \u00e0 l\u2019entr\u00e9e du village de Eno, un chemin vicinal sur la droite conduit par un aller-retour au premier col de la journ\u00e9e, la Cocca. On plonge ensuite dans la descente vers un autre lac, beaucoup plus petit mais tout aussi beau, celui d\u2019Idro. On peut d\u00e9j\u00e0 l\u2019admirer, et cela vaut la peine de s\u2019arr\u00eater, dans la descente avant d\u2019atteindre la rive au village d\u2019Idro.<\/p>\n\n\n\n<p>Apr\u00e8s avoir rejoint l\u2019autre rive \u00e0 Tre Capitelli commence un tunnel \u00e9clair\u00e9 avec des ouvertures donnant sur le lac. <strong>ATTENTION.<\/strong><\/p>\n\n\n\n<p>D\u00e8s la sortie d\u2019Anfo, on emprunte une route \u00e0 gauche au panneau Passo Maniva o\u00f9 commence une s\u00e9rie de cols qui am\u00e8nent juste au pied de l\u2019imposant massif de l\u2019Adamello. La descente suivante ram\u00e8ne au bord du lac d\u2019Idro au lieu-dit San Antonio. L\u00e0 aussi, cela vaut la peine de s\u2019arr\u00eater pour admirer le magnifique panorama.<\/p>\n\n\n\n<p>On laisse rapidement les montagnes de Lombardie pour entrer dans le Trentin en suivant la Val Rendena. Madonna di Campiglio est une des perles des Dolomites du Brenta. Cette c\u00e9l\u00e8bre station d\u2019hiver et d\u2019\u00e9t\u00e9 est connue entre autres pour la \u00ab Tre-Tre \u00bb, piste utilis\u00e9e pour les comp\u00e9titions de coupe du monde de ski. On se trouve dans la partie occidentale du massif du Brenta et on le contourne par le Nord en passant par les cols de Palade et de la Mendola dans la partie la plus septentrionale. Dans la partie orientale du massif, on peut ainsi traverser les localit\u00e9s d\u2019Andalo et de Molveno dont le lac se situe sous les cimes du Grost\u00e8, de la Brenta et de la Cima Tosa. Une fois redescendu du Passo Ballino, on re\u00adtrouve la rive nord du lac de Garde, \u00e0 Riva del Garde. De l\u00e0, on monte au col San Giovanni et en suivant les indications, on affronte le col Santa Barbara avec ses c\u00f4tes mortelles \u00e0 14%, qui ont \u00e9t\u00e9 le th\u00e9\u00e2tre de d\u00e9fis lors du Giro. On gravit ensuite un autre sommet important, le Bondone aux nombreuses stations touristiques. C\u2019est l\u00e0 aussi un terrain propice aux courses cyclistes, et \u00e9galement motocyclistes il y a encore quelques ann\u00e9es. C\u2019est l\u00e0 que Charly Gaul \u00e9crivit l\u2019une des plus c\u00e9l\u00e8bres pages de l\u2019histoire du cyclisme.<\/p>\n\n\n\n<p>Apr\u00e8s avoir travers\u00e9 le Val Lagarina, on d\u00e9couvre d\u2019autres lacs que l\u2019itin\u00e9raire permet de longer et d\u2019admirer : ceux de Caldonazzo et de Levico, tout simplement splendides. De Levico, importante sta\u00adtion thermale, on peut effectuer un d\u00e9tour jusqu\u2019\u00e0 Panarotta, station touristique situ\u00e9e \u00e0 1800m d\u2019altitude. Les cou\u00adreurs professionnels du Giro se sont risqu\u00e9s sur ce parcours lors d\u2019un contre-la-montre. Mais, comme on peut l\u2019imaginer, dans ces mont\u00e9es se d\u00e9roulent beaucoup d\u2019autres courses. La mont\u00e9e \u00e0 Panarotta n\u2019est pas pr\u00e9vue au parcours (facultative).<\/p>\n\n\n\n<p>On continue sur l\u2019ancienne route nationale (\u00e9viter la nouvelle, trop fr\u00e9quent\u00e9e) et on part vers l\u2019Est en franchissant plusieurs cols qui permettent d\u2019arriver pour un 1<sup>er<\/sup> passage \u00e0 proximit\u00e9 des Dolomi\u00adtes, uniques au monde pour leur structure, leur beaut\u00e9 et leur majest\u00e9. Quand on regarde vers le Nord depuis Fiera di Primerio, on d\u00e9couvre le groupe des \u00abPale di San Martino\u00bb. On se contentera d\u2019y jeter un coup d\u2019\u0153il car le Passo Cereda est difficile. En le franchissant, on entre dans le Veneto, dans la r\u00e9gion connue sous le nom d\u2019Agordino. Toujours en filant vers le nord-est, on longe une autre r\u00e9gion int\u00e9res\u00adsante, le Cadore o\u00f9 on repassera apr\u00e8s avoir fait une boucle. Par le Passo della Mauria, on entre dans le Frioul et on suit longtemps la SS 52 dite d\u2019Alemagna, importante art\u00e8re jalonn\u00e9e de nombreux cols. Un petit aller-retour pour escalader le col de la Pura nous permet de voir et d\u2019appr\u00e9cier le lac de Sauris \u00e0 pr\u00e8s de 1000m d\u2019altitude.<\/p>\n\n\n\n<p><strong>ATTENTION <\/strong>ne pas descendre jusqu\u2019au lac car la route vers Ampezzo passe par un tunnel tr\u00e8s long et dangereux.<\/p>\n\n\n\n<p>A Ampezzo,on retourne pour un court moment sur la SS 52. En fait \u00e0 Prinso, on tourne \u00e0 droite pour faire un aller-retour pour atteindre la Forca di Priuso. Revenu sur la nationale, l\u2019itin\u00e9raire tourne de nouveau \u00e0 droite, \u00e0 la hauteur de Preone, sur la route d\u00e9partementale pour grimper les Sella Chiampon et Chianzutan, avant d\u2019arriver \u00e0 Tolmezzo, centre important de la Carnia. De l\u00e0 on at\u00adteint Paularo, on gravit le Forcella di Lius et on redescend \u00e0 Paluzza, village natal de la championne de ski Manuela Di Centa.<\/p>\n\n\n\n<p>De l\u00e0, m\u00eame si ce n\u2019est pas inclus dans le parcours initial, on peut gravir par le versant le plus facile le col de Zoncolan, une des mont\u00e9es les plus difficiles d\u2019Europe. Mais si on veut essayer par le versant oppos\u00e9, le plus difficile et le plus c\u00e9l\u00e8bre, il suffit de suivre le parcours en montant le Valcalda et en descendant directement \u00e0 Comeglians, \u00e0 seulement 3 km d\u2019Ovaro, point de d\u00e9part du terrible Zoncolan.<\/p>\n\n\n\n<p>L\u2019itin\u00e9raire normal continue par la Val Pesarina qui m\u00e8ne \u00e0 la Forcella Lavardet puis \u00e0 2 autres cols (Razzo et Rioda) d\u2019o\u00f9 l\u2019on peut \u00e0 nouveau admirer le lac de Sauris. Si la journ\u00e9e le permet on pourra admirer le panorama enchanteur : lac, p\u00e2turages, cimes. On quitte le Frioul et on revient dans la V\u00e9n\u00e9tie. On est ici sur la bordure orientale des Dolomites. Encore quelques mont\u00e9es et on se retrouve au c\u0153ur de ce splendide massif. Pour arriver au col des \u00ab Tre Croci \u00bb, on passe non loin des Tre Cime di Lavaredo. A Misurina on peut admirer le Cristallo, le Sorapiss, la Croda Rossa. De Cortina d-Ampezzo, on d\u00e9couvre aussi les Tofane, au pied desquelles on arrivera \u00e0 la fin de l\u2019ascension des cols de Falzarego et Valparola. Encore les super Dolomites \u00e0 Corvara in Badia, le c\u0153ur des Dolomites qui parle une langue particuli\u00e8re&nbsp;; le ladin: le Sassongher, p\u00e9riple du groupe du Sella, et grim\u00adpant le Passo Fedaia voici la Marmolada &#8230; ensuite, en bas et encore les Dolomites : Sassolungo, Catinaccio, les Tours du Vajolet aux quelles on acc\u00e8de par une rude mont\u00e9e d\u2019environ 6 km. Mais ce n\u2019est pas encore fini. En suivant l\u2019itin\u00e9raire, on retourne, fa\u00e7on de dire, tr\u00e8s pr\u00e8s des Pale di San Martino dans le val di Fiemme pour gravir le Passo di Lavaz\u00e8, le col du groupe du Latemar. Laissant les Dolomites, on poursuit le long de la fronti\u00e8re entre la V\u00e9n\u00e9tie et le Trentin, tant\u00f4t d\u2019un c\u00f4t\u00e9, tant\u00f4t de l\u2019autre. On gravit le PassoManghen du c\u00f4t\u00e9 le plus facile &#8230; c\u2019est ce qu\u2019on dit, et on se retrouve dans le bas de la Val Sugana en passant par Levico. Cette localit\u00e9 pourrait faire office d\u2019\u00e9tape puisqu\u2019on y passe 2 fois.<\/p>\n\n\n\n<p>On suit la vieille route, aujourd\u2019hui remise en \u00e9tat, que les Sultzen, soldats autrichiens, utilisaient pour rejoindre le front depuis leurs bases arri\u00e8re et on arrive sur le plateau des Sept Communes o\u00f9 se d\u00e9roula la Grande Guerre et o\u00f9 l\u2019on reste assez longtemps. Chaque centim\u00e8tre, chaque petite colline, chaque col, chaque vall\u00e9e a \u00e9t\u00e9 conquis plusieurs fois, perdu et repris alternativement par les 2 arm\u00e9es ennemies lors d\u2019une guerre d\u2019usure et de position. De nombreux vestiges t\u00e9moignent encore aujourd\u2019hui de ce Grand Conflit, de tout ce sang vers\u00e9 et des innombrables souvenirs : tranch\u00e9es, forts, casemates, cimeti\u00e8res. On voit m\u00eame encore les trous provoqu\u00e9s par les grenades (bombes). La \u00ab Grosse Bertha \u00bb, le super canon autrichien bien que positionn\u00e9 pr\u00e8s du lac de Caldonazzo, envoyait ses projectiles jusqu\u2019ici.<\/p>\n\n\n\n<p>On gravit le Passo de la Borcola et on entre \u00e0 nouveau en V\u00e9n\u00e9tie pour p\u00e9daler autour du Mont Pasubio, un autre rempart d\u00e9fensif au-del\u00e0 du Mont Grappa. En VTT, on peut arriver jusqu\u2019\u00e0 la d\u00e9nom\u00adm\u00e9e \u00ab Dent Italienne \u00bb, au petit col (de commandement ?) o\u00f9 une pancarte vous saute aux yeux : \u00ab Ici, l\u2019\u00e9tranger ne passe pas \u00bb. On fera juste un aller-retour jusqu\u2019\u00e0 la Bocchetta Campiglia et son monument au morts.<\/p>\n\n\n\n<p>Pour retourner sur le parcours, apr\u00e8s Pasubio, on entre en Lessinia, terre de prairies et de vignes, aux villages caract\u00e9ristiques et aux cols qui, bien que peu connus, sont pourtant difficiles. Attention \u00e0 la descente tr\u00e8s raide du Passo Fittanze della Sega qui ram\u00e8ne dans le Trentin. Ce col gravi du c\u00f4t\u00e9 du Trentin est l\u2019un des plus difficiles d\u2019Italie. Maintenant, il ne reste plus que le Mont Baldo, contrefort montagneux qui d\u00e9passe les 2000m d\u2019altitude et qui sert de ligne de partage des eaux entre le Garda et la Val Lagarina.<\/p>\n\n\n\n<p>Apr\u00e8s la belle localit\u00e9 touristique de (Col de) San Valentino, voici 2 cols (Bocca di Cr\u00e9er et Navene ) qui se succ\u00e8dent et qui m\u00e8nent au sud du massif. Encore les \u00ab grimpettes \u00bb du Passo del Casello et on arrive \u00e0 Torri&nbsp; del Benaco sur la rive Est du grand lac.<\/p>\n\n\n\n<p>De l\u00e0 on regagner Sal\u00f2, le point de d\u00e9part en suivant la route qui longe le lac sur une soixantaine de km en passant par Garda, Bardolino, Peschiera del Garda, Sirmione (il est conseill\u00e9 aller voir le village sur le lac) et Desenzano.<\/p>\n\n\n\n<p>Texte original de Gianni Solenni, traduit de l&rsquo;italien par Jean-Paul Zuanon et Bernadette Barradi et modifi\u00e9 par Enrico Alberini et G\u00e9rard Birelli.<\/p>\n\n\n\n<h2 class=\"wp-block-heading\">Cols en option et points d\u2019int\u00e9r\u00eat<\/h2>\n\n\n\n<p>Il y a 15 cols en option qui pr\u00e9sente un int\u00e9r\u00eat touristique mais qui ont \u00e9t\u00e9 enlev\u00e9 du parcours principal pour all\u00e9ger la d\u00e9nivel\u00e9e g\u00e9n\u00e9rale. Par contre dans le cas o\u00f9 la randonn\u00e9e est effectu\u00e9e en plusieurs fois ils peuvent \u00eatre ajout\u00e9s. Les traces sont \u00e9galement fournies.<\/p>\n\n\n\n<ul class=\"wp-block-list\">\n<li>Au point 1 le panneau indique \u00e0 droite le Refuge Passo Cavallino \u00e0 4km. Par la SP \u00e0 partir de ce carrefour, on atteint le Passo Cavallino della Fobbia (1080m \u00e0 8.5km en A\/R). Au col, on prend \u00e0 gauche en direction de Cavaca&nbsp; et en 4 km on arrive au carrefour de la SP 56 \u00e0 Santellone&nbsp;;<\/li>\n\n\n\n<li>A l\u2019entr\u00e9e deRoncone, on quitte la SS 237 en direction de la Boca di Bodin (977m, \u00e0 2.5 km en A\/R)&nbsp;;<\/li>\n\n\n\n<li>De Tione en passant par Zuclo on peut gravir le Passo Durone (985 m, environ14 km en A\/R)&nbsp;;<\/li>\n\n\n\n<li>Du Passo Mendola, il est possible de rejoindre le sommet du monte Penegal, qui offre un beau point de vue sur Bolzano et la vall\u00e9e de l\u2019Adige&nbsp;;<\/li>\n<\/ul>\n\n\n\n<p>Si vous souhaitez faire une halte \u00e0 Bolzano \u00e0 san Michele vous pouvez emprunter la piste cyclable qui passe par une ancienne voie de chemin de fer avec des tunnels \u00e9clair\u00e9s et \u00e0 travers le vignoble de Bolzano&nbsp;;<\/p>\n\n\n\n<ul class=\"wp-block-list\">\n<li>Peu apr\u00e8s Predellano, prendre \u00e0 gauche la SP en direction de Drio Silano qui m\u00e8ne \u00e0 la Forcella Brentana (1263m \u00e0 9.6 km en A\/R)&nbsp;;<\/li>\n\n\n\n<li>A Imer-Mezzano passer sous la SS 50 et monter vers la Sforzel\u00e0 del Zat (1222m \u00e0 5.25 km en A\/R)&nbsp;;<\/li>\n\n\n\n<li>A Don Gosaldo on quitte la SP 3 et prendre la SP347 \u00e0 gauche en direction de la Forcella Aurine (1296 m \u00e0 6.9 km en A\/R)&nbsp;;<\/li>\n\n\n\n<li>A la Forca di Priuso il est possible de poursuivre sur la SS 552 jusqu\u2019\u00e0 la Forca di Monte Rest (1061m \u00e0 12.7 km en A\/R) par une succession de 9 virages en \u00e9pingle&nbsp;;<\/li>\n\n\n\n<li>Depuis Paluzza on descend vers Sutrio et monter \u00e0 la Sella di Zoncolan (1740 m), c\u2019est le versant le moins dur ;<\/li>\n\n\n\n<li>De Comeglians, en descendant sur quelques km jusqu\u2019\u00e0 Ovaro, on peut monter au Zoncolan par son versant le plus raide et le plus connu ;<\/li>\n\n\n\n<li>De Misurina, on peut faire la rude mont\u00e9e jusqu\u2019au pied des Tre Cime di Lavaredo, fan\u00adtastiques. Dans le dernier virage avant le Refuge d\u2019Auronzo, on atteint la Forcella di Longeres (2248 m \u00e0 7km) par un sentier. Cette mont\u00e9e tr\u00e8s dure offre \u00e0 l\u2019arriv\u00e9e un point de vue magnifique sur le Lac de Misurina et la cha\u00eene des Cadini ;<\/li>\n\n\n\n<li>Apr\u00e8s le Passo Giau a Caprile la SP 251 monte \u00e0 la Forcella di Staulanza (1771m \u00e0 9.8 km)&nbsp;;<\/li>\n\n\n\n<li>Peu avant Paneveggio sur la gauche la SS 50 conduit au Passo Rolle (1988m \u00e0 6.5km en A\/R)&nbsp;;<\/li>\n\n\n\n<li>Peu apr\u00e8s Molina di Fiemme prendre \u00e0 droite la SS 48 en direction du passo San Lugano (1097m \u00e0 6.3 km en A\/R). Le tunnel avant San Lugano peut \u00eatre \u00e9vit\u00e9 par l\u2019ancienne route&nbsp;;<\/li>\n\n\n\n<li>Apr\u00e8s Levico Terme en direction de Monterovere la SS 349 part vers la gauche vers le Passo Vezzena (1414m \u00e0 3.5km en A\/R)&nbsp;;<\/li>\n\n\n\n<li>Du Passo di Valbona part une piste asphalt\u00e9e qui \u00e0 500m am\u00e8ne \u00e0 la Forcella Molon (1767 m). Cette piste est interdite au v\u00e9lo&nbsp;!!!<\/li>\n\n\n\n<li>Depuis le Passo di Xomo une route communale \u00e0 droite m\u00e8ne \u00e0 deux cols voisins ici&nbsp;: Bocchetta&nbsp; Campiglio (1207 m) et en redescendant, \u00e0 mi-parcours, on aper\u00e7oit bien sur la gauche la Bocchetta del Xetele (1179m) accessible par un chemin \u00e0 une centaine de m\u00e8tres&nbsp;;<\/li>\n\n\n\n<li>A Pr\u00e0 Alpesina au carrefour entre la SP3 et la SP 230 prendre \u00e0 descendre \u00e0 gauche vers le Passo Pozza di Cola (1289m \u00e0 2.8 km)&nbsp;;<\/li>\n<\/ul>\n\n\n\n<h2 class=\"wp-block-heading\">Pour se restaurer et dormir :<\/h2>\n\n\n\n<p>Le parcours se d\u00e9roule dans sa quasi-totalit\u00e9 dans des zones touristiques. On y trouve donc souvent restaurants, h\u00f4tels, buvettes et auberges. Il ne doit pas y avoir de probl\u00e8me de ce c\u00f4t\u00e9. Voici cependant une suggestion.<\/p>\n\n\n\n<p>A Sal\u00f2, point de d\u00e9part et d\u2019arriv\u00e9e de la randonn\u00e9e, Les membres italiens du CCC avaient organis\u00e9 leur rassemblement il y a quelques ann\u00e9es \u00e0 l\u2019h\u00f4tel Panoramica. Ce peut \u00eatre un bon camp de base car nous y sommes d\u00e9sormais connus. L\u2019h\u00f4tel est tr\u00e8s bon et le restaurant aussi.<\/p>\n\n\n\n<h2 class=\"wp-block-heading\">Informations diverses<\/h2>\n\n\n\n<h3 class=\"wp-block-heading\">Compte rendu, Actualisation<\/h3>\n\n\n\n<p>Merci de nous faire parvenir votre appr\u00e9ciation sur cette Randonn\u00e9e Permanente, que cette appr\u00e9ciation soit positive&#8230; ou qu\u2019elle le soit moins.<\/p>\n\n\n\n<p>N\u2019h\u00e9sitez pas \u00e0 faire un compte rendu de votre Randonn\u00e9e Permanente Cent Cols. Ce compte rendu peut \u00eatre soumis pour publication dans la revue du Club des Cent Cols ou sur le site Internet du club (<a href=\"http:\/\/centcols.org\">centcols.org<\/a> ).<\/p>\n\n\n\n<p>N\u2019h\u00e9sitez pas non plus \u00e0 joindre des photos de votre p\u00e9riple.<\/p>\n\n\n\n<p>Nous sommes preneurs de tout renseignement sur d\u2019\u00e9ventuelles erreurs (kilom\u00e9trage, alti\u00adtude) que vous auriez constat\u00e9es dans nos documents, ainsi que sur toute modification survenue sur le parcours (changement de num\u00e9rotation ou \u00e9tat des routes, interdictions ou cr\u00e9ations de voies&#8230;).<\/p>\n\n\n\n<p>Nous souhaitons aussi r\u00e9pertorier les lieux d\u2019h\u00e9bergement que nous pouvons conseiller aux autres participants, merci de nous faire part de votre exp\u00e9rience.<\/p>\n\n\n\n<h2 class=\"wp-block-heading\">Documents de reference<\/h2>\n\n\n\n<p>Les cols cit\u00e9s dans nos documents sont des cols r\u00e9pondant \u00e0 notre \u00ab R\u00e8gle du Jeu \u00bb (cols nomm\u00e9s sur une carte ou un panneau). La liste exhaustive des cols se trouve sur le Catalogue&nbsp; des cols d\u2019Italie est en vente au Club des Cent Cols, voir \u00ab&nbsp;boutique&nbsp;\u00bb du site internet du Club.<\/p>\n\n\n\n<p>Cartographie : les cartes de l\u2019Atlas TCI sont suffisantes pour effectuer cette randonn\u00e9e.<\/p>\n\n\n\n<h2 class=\"wp-block-heading\">Page internet<\/h2>\n\n\n\n<p>Toutes ces informations seront mises sur les pages \u00ab randonn\u00e9es permanentes \u00bb du site Internet du Club des Cent Cols (<a href=\"http:\/\/centcols.org\">centcols.org<\/a> ), ainsi que, la liste des inscrits \/ arri\u00adv\u00e9s comportant donc si vous nous l\u2019autorisez, vos noms et pr\u00e9noms.<\/p>\n\n\n\n<p>Et n\u2019oubliez pas d\u2019envoyer des cartes postales au responsable dont l\u2019adresse figure sur la carte de route. Adresse \u00e9lectronique:<\/p>\n\n\n\n<p><a href=\"mail&#116;&#111;&#58;&#114;&#97;&#x6e;&#x64;&#x6f;&#x73;&#x40;&#x63;&#x65;ntco&#108;&#115;&#46;&#111;&#114;&#x67;\">r&#97;&#x6e;&#x64;&#x6f;s&#64;&#99;&#x65;&#x6e;t&#99;&#111;&#x6c;&#x73;&#46;o&#114;&#x67;<\/a><\/p>\n\n\n\n<h2 class=\"wp-block-heading\">Contr\u00f4les<\/h2>\n\n\n\n<p>Le participant doit faire contr\u00f4ler sa carte de route au d\u00e9part (Salo) et dans chacune&nbsp; des points de parcours indiqu\u00e9 ci dessus. Chaque contr\u00f4le est sous forme soit d&rsquo;un tampon humide sollicit\u00e9 aupr\u00e8s d&rsquo;un commer\u00e7ant ou d&rsquo;une administration, soit d&rsquo;une photo explicite (p.ex. v\u00e9lo devant un panneau de commune ou de col). Les 12 points de contr\u00f4le sont les suivantes:<\/p>\n\n\n\n<ol class=\"wp-block-list\">\n<li>Sal\u00f2: Tampon obligatoire au d\u00e9part<em><br><\/em><\/li>\n\n\n\n<li>Passo di Campo Carlo Magno<\/li>\n\n\n\n<li>Passo Mendola<\/li>\n\n\n\n<li>Valico di Mone bondone<\/li>\n\n\n\n<li>Passo Duran<\/li>\n\n\n\n<li>Sella Chianzutan<\/li>\n\n\n\n<li>Misurina<\/li>\n\n\n\n<li>Passo Pordoi<\/li>\n\n\n\n<li>Passo di Oclini<\/li>\n\n\n\n<li>Passo Pian delle Fugazze<\/li>\n\n\n\n<li>Bocca del Creer<\/li>\n\n\n\n<li>Peschiera del Garda<\/li>\n<\/ol>\n\n\n\n<h2 class=\"wp-block-heading\">Cols \u00e0 plus de 2000 m.<\/h2>\n\n\n\n<ul class=\"wp-block-list\">\n<li>Passo del Sella<\/li>\n\n\n\n<li>Passo Pordoi<\/li>\n\n\n\n<li>Passo Giau<\/li>\n\n\n\n<li>Passo di Valparola<\/li>\n\n\n\n<li>Giogo di Bala<\/li>\n\n\n\n<li>Passo Gardena<\/li>\n\n\n\n<li>Passo Falzarego<\/li>\n\n\n\n<li>Goletto di Crocette<\/li>\n\n\n\n<li>Passo Fedaia<\/li>\n\n\n\n<li>Passo di Rondendino<\/li>\n\n\n\n<li>Passo Manghen<\/li>\n\n\n\n<li>Passo di Valles<\/li>\n\n\n\n<li>Sella del Culac<\/li>\n\n\n\n<li>Goletto di Ravenola<\/li>\n\n\n\n<li>Sella d&rsquo;Auccia<\/li>\n\n\n\n<li>Passo di Vaia<\/li>\n<\/ul>\n\n\n\n<h2 class=\"wp-block-heading\">R\u00e8gle du jeu des randonn\u00e9es permanentes<\/h2>\n\n\n\n<p>Tout participant \u00e0 cette randonn\u00e9e permanente s&rsquo;engage \u00e0 respecter la <a href=\"\/rdj-randonnees-permanentes\/\">r\u00e8gle du jeu<\/a> la r\u00e9gissant.<\/p>\n\n\n\n<h2 class=\"wp-block-heading\">Pour plus d&rsquo;information<\/h2>\n\n\n\n<h3 class=\"wp-block-heading\">S&rsquo;adresser au Responsable des randonn\u00e9es permanentes<\/h3>\n\n\n\n<p>Jean-Marc CLEMENT<br>10 rue de Normandie<br>31120 Portet sur Garonne<br>FRANCE<\/p>\n\n\n\n<p>T\u00e9l : +33 (0)5 61 76 30 12<br>E-mail : [email]&#x72;&#97;n&#x64;&#x6f;&#115;&#64;&#x63;&#x65;&#110;t&#x63;&#111;l&#x73;&#x2e;&#111;r&#x67; [\/email]<\/p>\n\n\n\n<h6 class=\"wp-block-heading\"><strong data-rich-text-format-boundary=\"true\">Attention : Veuillez envoyer vos cartes de route \u00e0 homologuer ainsi que vos cartes postales et vos r\u00e9cits de voyage uniquement au responsable actuel, quoi que vous trouviez comme ancienne information (donc ne pas \u00e9crire \u00e0 Roger Colombo, Bernard Pommel, Jean-Marc Lef\u00e8vre ou Roland Grimaud \u2020).<\/strong><\/h6>\n\n\n\n<p><\/p>\n","protected":false},"excerpt":{"rendered":"<p>Pr\u00e9sentation Ce circuit de 1 750 km, comprenant 100 cols pour 45 980 m de d\u00e9nivellation environ, con\u00e7u par Gianni Solenni de la Confr\u00e9rie des Cent Cols (membre n\u00b0 3720) et \u00e0 \u00e9t\u00e9 mise \u00e0 jour et modifi\u00e9 par Enrico Alberini (membre n\u00b0 5065) et G\u00e9rard Birelli (membre n\u00b0 5553). Il est situ\u00e9 enti\u00e8rement en [&hellip;]<\/p>\n","protected":false},"author":3,"featured_media":84086,"comment_status":"open","ping_status":"open","sticky":false,"template":"","format":"standard","meta":{"_acf_changed":false,"footnotes":""},"categories":[176,192,145],"tags":[],"class_list":["post-80192","post","type-post","status-publish","format-standard","has-post-thumbnail","hentry","category-route","category-italie","category-randonnees-permanentes"],"acf":[],"yoast_head":"<!-- This site is optimized with the Yoast SEO plugin v27.2 - https:\/\/yoast.com\/product\/yoast-seo-wordpress\/ -->\n<title>Cent cols en Triveneto - Club des Cent Cols<\/title>\n<meta name=\"robots\" content=\"index, follow, max-snippet:-1, max-image-preview:large, max-video-preview:-1\" \/>\n<link rel=\"canonical\" href=\"https:\/\/centcols.org\/it\/cento-passaggi-in-triveneto\/\" \/>\n<meta property=\"og:locale\" content=\"it_IT\" \/>\n<meta property=\"og:type\" content=\"article\" \/>\n<meta property=\"og:title\" content=\"Cent cols en Triveneto - Club des Cent Cols\" \/>\n<meta property=\"og:description\" content=\"Pr\u00e9sentation Ce circuit de 1 750 km, comprenant 100 cols pour 45 980 m de d\u00e9nivellation environ, con\u00e7u par Gianni Solenni de la Confr\u00e9rie des Cent Cols (membre n\u00b0 3720) et \u00e0 \u00e9t\u00e9 mise \u00e0 jour et modifi\u00e9 par Enrico Alberini (membre n\u00b0 5065) et G\u00e9rard Birelli (membre n\u00b0 5553). Il est situ\u00e9 enti\u00e8rement en [&hellip;]\" \/>\n<meta property=\"og:url\" content=\"https:\/\/centcols.org\/it\/cento-passaggi-in-triveneto\/\" \/>\n<meta property=\"og:site_name\" content=\"Club des Cent Cols\" \/>\n<meta property=\"article:publisher\" content=\"https:\/\/www.facebook.com\/groups\/5261880558\/?locale=fr_FR\" \/>\n<meta property=\"article:published_time\" content=\"2025-04-02T12:05:28+00:00\" \/>\n<meta property=\"article:modified_time\" content=\"2025-09-01T14:33:31+00:00\" \/>\n<meta property=\"og:image\" content=\"https:\/\/centcols.org\/wp-content\/uploads\/2023\/10\/Gardena169.jpg\" \/>\n\t<meta property=\"og:image:width\" content=\"1600\" \/>\n\t<meta property=\"og:image:height\" content=\"900\" \/>\n\t<meta property=\"og:image:type\" content=\"image\/jpeg\" \/>\n<meta name=\"author\" content=\"Webmestre\" \/>\n<meta name=\"twitter:card\" content=\"summary_large_image\" \/>\n<meta name=\"twitter:label1\" content=\"Scritto da\" \/>\n\t<meta name=\"twitter:data1\" content=\"Webmestre\" \/>\n\t<meta name=\"twitter:label2\" content=\"Tempo di lettura stimato\" \/>\n\t<meta name=\"twitter:data2\" content=\"16 minuti\" \/>\n<script type=\"application\/ld+json\" class=\"yoast-schema-graph\">{\"@context\":\"https:\/\/schema.org\",\"@graph\":[{\"@type\":\"Article\",\"@id\":\"https:\/\/centcols.org\/cent-cols-en-triveneto\/#article\",\"isPartOf\":{\"@id\":\"https:\/\/centcols.org\/cent-cols-en-triveneto\/\"},\"author\":{\"name\":\"Webmestre\",\"@id\":\"https:\/\/centcols.org\/#\/schema\/person\/911b404fb133d8c913dd27cdcf71c8e5\"},\"headline\":\"Cent cols en Triveneto\",\"datePublished\":\"2025-04-02T12:05:28+00:00\",\"dateModified\":\"2025-09-01T14:33:31+00:00\",\"mainEntityOfPage\":{\"@id\":\"https:\/\/centcols.org\/cent-cols-en-triveneto\/\"},\"wordCount\":3208,\"commentCount\":0,\"publisher\":{\"@id\":\"https:\/\/centcols.org\/#organization\"},\"image\":{\"@id\":\"https:\/\/centcols.org\/cent-cols-en-triveneto\/#primaryimage\"},\"thumbnailUrl\":\"https:\/\/centcols.org\/wp-content\/uploads\/2023\/10\/Gardena169.jpg\",\"articleSection\":[\"Route\",\"Italie\",\"Randonn\u00e9es permanentes\"],\"inLanguage\":\"it-IT\",\"potentialAction\":[{\"@type\":\"CommentAction\",\"name\":\"Comment\",\"target\":[\"https:\/\/centcols.org\/cent-cols-en-triveneto\/#respond\"]}]},{\"@type\":\"WebPage\",\"@id\":\"https:\/\/centcols.org\/cent-cols-en-triveneto\/\",\"url\":\"https:\/\/centcols.org\/cent-cols-en-triveneto\/\",\"name\":\"Cent cols en Triveneto - Club des Cent Cols\",\"isPartOf\":{\"@id\":\"https:\/\/centcols.org\/#website\"},\"primaryImageOfPage\":{\"@id\":\"https:\/\/centcols.org\/cent-cols-en-triveneto\/#primaryimage\"},\"image\":{\"@id\":\"https:\/\/centcols.org\/cent-cols-en-triveneto\/#primaryimage\"},\"thumbnailUrl\":\"https:\/\/centcols.org\/wp-content\/uploads\/2023\/10\/Gardena169.jpg\",\"datePublished\":\"2025-04-02T12:05:28+00:00\",\"dateModified\":\"2025-09-01T14:33:31+00:00\",\"breadcrumb\":{\"@id\":\"https:\/\/centcols.org\/cent-cols-en-triveneto\/#breadcrumb\"},\"inLanguage\":\"it-IT\",\"potentialAction\":[{\"@type\":\"ReadAction\",\"target\":[\"https:\/\/centcols.org\/cent-cols-en-triveneto\/\"]}]},{\"@type\":\"ImageObject\",\"inLanguage\":\"it-IT\",\"@id\":\"https:\/\/centcols.org\/cent-cols-en-triveneto\/#primaryimage\",\"url\":\"https:\/\/centcols.org\/wp-content\/uploads\/2023\/10\/Gardena169.jpg\",\"contentUrl\":\"https:\/\/centcols.org\/wp-content\/uploads\/2023\/10\/Gardena169.jpg\",\"width\":1600,\"height\":900},{\"@type\":\"BreadcrumbList\",\"@id\":\"https:\/\/centcols.org\/cent-cols-en-triveneto\/#breadcrumb\",\"itemListElement\":[{\"@type\":\"ListItem\",\"position\":1,\"name\":\"Accueil\",\"item\":\"https:\/\/centcols.org\/\"},{\"@type\":\"ListItem\",\"position\":2,\"name\":\"Randonn\u00e9es permanentes\",\"item\":\"https:\/\/centcols.org\/rubrique\/randonnees-permanentes\/\"},{\"@type\":\"ListItem\",\"position\":3,\"name\":\"Pays\",\"item\":\"https:\/\/centcols.org\/rubrique\/randonnees-permanentes\/pays\/\"},{\"@type\":\"ListItem\",\"position\":4,\"name\":\"Italie\",\"item\":\"https:\/\/centcols.org\/rubrique\/randonnees-permanentes\/pays\/italie\/\"},{\"@type\":\"ListItem\",\"position\":5,\"name\":\"Cent cols en Triveneto\"}]},{\"@type\":\"WebSite\",\"@id\":\"https:\/\/centcols.org\/#website\",\"url\":\"https:\/\/centcols.org\/\",\"name\":\"Club des Cent Cols\",\"description\":\"\",\"publisher\":{\"@id\":\"https:\/\/centcols.org\/#organization\"},\"potentialAction\":[{\"@type\":\"SearchAction\",\"target\":{\"@type\":\"EntryPoint\",\"urlTemplate\":\"https:\/\/centcols.org\/?s={search_term_string}\"},\"query-input\":{\"@type\":\"PropertyValueSpecification\",\"valueRequired\":true,\"valueName\":\"search_term_string\"}}],\"inLanguage\":\"it-IT\"},{\"@type\":\"Organization\",\"@id\":\"https:\/\/centcols.org\/#organization\",\"name\":\"Club des Cent Cols\",\"url\":\"https:\/\/centcols.org\/\",\"logo\":{\"@type\":\"ImageObject\",\"inLanguage\":\"it-IT\",\"@id\":\"https:\/\/centcols.org\/#\/schema\/logo\/image\/\",\"url\":\"https:\/\/centcols.org\/wp-content\/uploads\/2025\/01\/carte-icone.png\",\"contentUrl\":\"https:\/\/centcols.org\/wp-content\/uploads\/2025\/01\/carte-icone.png\",\"width\":250,\"height\":250,\"caption\":\"Club des Cent Cols\"},\"image\":{\"@id\":\"https:\/\/centcols.org\/#\/schema\/logo\/image\/\"},\"sameAs\":[\"https:\/\/www.facebook.com\/groups\/5261880558\/?locale=fr_FR\"]},{\"@type\":\"Person\",\"@id\":\"https:\/\/centcols.org\/#\/schema\/person\/911b404fb133d8c913dd27cdcf71c8e5\",\"name\":\"Webmestre\",\"image\":{\"@type\":\"ImageObject\",\"inLanguage\":\"it-IT\",\"@id\":\"https:\/\/centcols.org\/wp-content\/litespeed\/avatar\/2d246e4b6b4f773e08515e1ffc53690b.jpg?ver=1777222892\",\"url\":\"https:\/\/centcols.org\/wp-content\/litespeed\/avatar\/2d246e4b6b4f773e08515e1ffc53690b.jpg?ver=1777222892\",\"contentUrl\":\"https:\/\/centcols.org\/wp-content\/litespeed\/avatar\/2d246e4b6b4f773e08515e1ffc53690b.jpg?ver=1777222892\",\"caption\":\"Webmestre\"},\"url\":\"https:\/\/centcols.org\/it\/author\/webmestre\/\"}]}<\/script>\n<!-- \/ Yoast SEO plugin. -->","yoast_head_json":{"title":"Cento passi in Triveneto - Club des Cent Cols","robots":{"index":"index","follow":"follow","max-snippet":"max-snippet:-1","max-image-preview":"max-image-preview:large","max-video-preview":"max-video-preview:-1"},"canonical":"https:\/\/centcols.org\/it\/cento-passaggi-in-triveneto\/","og_locale":"it_IT","og_type":"article","og_title":"Cent cols en Triveneto - Club des Cent Cols","og_description":"Pr\u00e9sentation Ce circuit de 1 750 km, comprenant 100 cols pour 45 980 m de d\u00e9nivellation environ, con\u00e7u par Gianni Solenni de la Confr\u00e9rie des Cent Cols (membre n\u00b0 3720) et \u00e0 \u00e9t\u00e9 mise \u00e0 jour et modifi\u00e9 par Enrico Alberini (membre n\u00b0 5065) et G\u00e9rard Birelli (membre n\u00b0 5553). Il est situ\u00e9 enti\u00e8rement en [&hellip;]","og_url":"https:\/\/centcols.org\/it\/cento-passaggi-in-triveneto\/","og_site_name":"Club des Cent Cols","article_publisher":"https:\/\/www.facebook.com\/groups\/5261880558\/?locale=fr_FR","article_published_time":"2025-04-02T12:05:28+00:00","article_modified_time":"2025-09-01T14:33:31+00:00","og_image":[{"width":1600,"height":900,"url":"https:\/\/centcols.org\/wp-content\/uploads\/2023\/10\/Gardena169.jpg","type":"image\/jpeg"}],"author":"Webmestre","twitter_card":"summary_large_image","twitter_misc":{"Scritto da":"Webmestre","Tempo di lettura stimato":"16 minuti"},"schema":{"@context":"https:\/\/schema.org","@graph":[{"@type":"Article","@id":"https:\/\/centcols.org\/cent-cols-en-triveneto\/#article","isPartOf":{"@id":"https:\/\/centcols.org\/cent-cols-en-triveneto\/"},"author":{"name":"Webmestre","@id":"https:\/\/centcols.org\/#\/schema\/person\/911b404fb133d8c913dd27cdcf71c8e5"},"headline":"Cent cols en Triveneto","datePublished":"2025-04-02T12:05:28+00:00","dateModified":"2025-09-01T14:33:31+00:00","mainEntityOfPage":{"@id":"https:\/\/centcols.org\/cent-cols-en-triveneto\/"},"wordCount":3208,"commentCount":0,"publisher":{"@id":"https:\/\/centcols.org\/#organization"},"image":{"@id":"https:\/\/centcols.org\/cent-cols-en-triveneto\/#primaryimage"},"thumbnailUrl":"https:\/\/centcols.org\/wp-content\/uploads\/2023\/10\/Gardena169.jpg","articleSection":["Route","Italie","Randonn\u00e9es permanentes"],"inLanguage":"it-IT","potentialAction":[{"@type":"CommentAction","name":"Comment","target":["https:\/\/centcols.org\/cent-cols-en-triveneto\/#respond"]}]},{"@type":"WebPage","@id":"https:\/\/centcols.org\/cent-cols-en-triveneto\/","url":"https:\/\/centcols.org\/cent-cols-en-triveneto\/","name":"Cento passi in Triveneto - Club des Cent Cols","isPartOf":{"@id":"https:\/\/centcols.org\/#website"},"primaryImageOfPage":{"@id":"https:\/\/centcols.org\/cent-cols-en-triveneto\/#primaryimage"},"image":{"@id":"https:\/\/centcols.org\/cent-cols-en-triveneto\/#primaryimage"},"thumbnailUrl":"https:\/\/centcols.org\/wp-content\/uploads\/2023\/10\/Gardena169.jpg","datePublished":"2025-04-02T12:05:28+00:00","dateModified":"2025-09-01T14:33:31+00:00","breadcrumb":{"@id":"https:\/\/centcols.org\/cent-cols-en-triveneto\/#breadcrumb"},"inLanguage":"it-IT","potentialAction":[{"@type":"ReadAction","target":["https:\/\/centcols.org\/cent-cols-en-triveneto\/"]}]},{"@type":"ImageObject","inLanguage":"it-IT","@id":"https:\/\/centcols.org\/cent-cols-en-triveneto\/#primaryimage","url":"https:\/\/centcols.org\/wp-content\/uploads\/2023\/10\/Gardena169.jpg","contentUrl":"https:\/\/centcols.org\/wp-content\/uploads\/2023\/10\/Gardena169.jpg","width":1600,"height":900},{"@type":"BreadcrumbList","@id":"https:\/\/centcols.org\/cent-cols-en-triveneto\/#breadcrumb","itemListElement":[{"@type":"ListItem","position":1,"name":"Accueil","item":"https:\/\/centcols.org\/"},{"@type":"ListItem","position":2,"name":"Randonn\u00e9es permanentes","item":"https:\/\/centcols.org\/rubrique\/randonnees-permanentes\/"},{"@type":"ListItem","position":3,"name":"Pays","item":"https:\/\/centcols.org\/rubrique\/randonnees-permanentes\/pays\/"},{"@type":"ListItem","position":4,"name":"Italie","item":"https:\/\/centcols.org\/rubrique\/randonnees-permanentes\/pays\/italie\/"},{"@type":"ListItem","position":5,"name":"Cent cols en Triveneto"}]},{"@type":"WebSite","@id":"https:\/\/centcols.org\/#website","url":"https:\/\/centcols.org\/","name":"Club des Cent Cols","description":"","publisher":{"@id":"https:\/\/centcols.org\/#organization"},"potentialAction":[{"@type":"SearchAction","target":{"@type":"EntryPoint","urlTemplate":"https:\/\/centcols.org\/?s={search_term_string}"},"query-input":{"@type":"PropertyValueSpecification","valueRequired":true,"valueName":"search_term_string"}}],"inLanguage":"it-IT"},{"@type":"Organization","@id":"https:\/\/centcols.org\/#organization","name":"Club des Cent Cols","url":"https:\/\/centcols.org\/","logo":{"@type":"ImageObject","inLanguage":"it-IT","@id":"https:\/\/centcols.org\/#\/schema\/logo\/image\/","url":"https:\/\/centcols.org\/wp-content\/uploads\/2025\/01\/carte-icone.png","contentUrl":"https:\/\/centcols.org\/wp-content\/uploads\/2025\/01\/carte-icone.png","width":250,"height":250,"caption":"Club des Cent Cols"},"image":{"@id":"https:\/\/centcols.org\/#\/schema\/logo\/image\/"},"sameAs":["https:\/\/www.facebook.com\/groups\/5261880558\/?locale=fr_FR"]},{"@type":"Person","@id":"https:\/\/centcols.org\/#\/schema\/person\/911b404fb133d8c913dd27cdcf71c8e5","name":"Webmaster","image":{"@type":"ImageObject","inLanguage":"it-IT","@id":"https:\/\/centcols.org\/wp-content\/litespeed\/avatar\/2d246e4b6b4f773e08515e1ffc53690b.jpg?ver=1777222892","url":"https:\/\/centcols.org\/wp-content\/litespeed\/avatar\/2d246e4b6b4f773e08515e1ffc53690b.jpg?ver=1777222892","contentUrl":"https:\/\/centcols.org\/wp-content\/litespeed\/avatar\/2d246e4b6b4f773e08515e1ffc53690b.jpg?ver=1777222892","caption":"Webmestre"},"url":"https:\/\/centcols.org\/it\/author\/webmestre\/"}]}},"_links":{"self":[{"href":"https:\/\/centcols.org\/it\/wp-json\/wp\/v2\/posts\/80192","targetHints":{"allow":["GET"]}}],"collection":[{"href":"https:\/\/centcols.org\/it\/wp-json\/wp\/v2\/posts"}],"about":[{"href":"https:\/\/centcols.org\/it\/wp-json\/wp\/v2\/types\/post"}],"author":[{"embeddable":true,"href":"https:\/\/centcols.org\/it\/wp-json\/wp\/v2\/users\/3"}],"replies":[{"embeddable":true,"href":"https:\/\/centcols.org\/it\/wp-json\/wp\/v2\/comments?post=80192"}],"version-history":[{"count":0,"href":"https:\/\/centcols.org\/it\/wp-json\/wp\/v2\/posts\/80192\/revisions"}],"wp:featuredmedia":[{"embeddable":true,"href":"https:\/\/centcols.org\/it\/wp-json\/wp\/v2\/media\/84086"}],"wp:attachment":[{"href":"https:\/\/centcols.org\/it\/wp-json\/wp\/v2\/media?parent=80192"}],"wp:term":[{"taxonomy":"category","embeddable":true,"href":"https:\/\/centcols.org\/it\/wp-json\/wp\/v2\/categories?post=80192"},{"taxonomy":"post_tag","embeddable":true,"href":"https:\/\/centcols.org\/it\/wp-json\/wp\/v2\/tags?post=80192"}],"curies":[{"name":"wp","href":"https:\/\/api.w.org\/{rel}","templated":true}]}}