{"id":80200,"date":"2025-04-02T15:03:53","date_gmt":"2025-04-02T13:03:53","guid":{"rendered":"https:\/\/centcols.org\/?p=80200"},"modified":"2025-09-01T16:32:08","modified_gmt":"2025-09-01T14:32:08","slug":"lultreia-cent-cols-de-barcelona-a-santiago-de-compostela","status":"publish","type":"post","link":"https:\/\/centcols.org\/it\/la-ultreia-cent-cols-de-barcelona-a-santiago-de-compostela\/","title":{"rendered":"La Ultre\u00efa: cento passi da Barcellona a Santiago-de-Compostela"},"content":{"rendered":"\n<h2 class=\"wp-block-heading\">Pr\u00e9sentation<\/h2>\n\n\n\n<p>Cette randonn\u00e9e permanente du Club des Cent Cols vous fait d\u00e9couvrir 100 cols routiers (goudronn\u00e9s) lors d\u2019une travers\u00e9e du nord de la p\u00e9ninsule ib\u00e9rique, au d\u00e9part de Barcelona, et \u00e0 destination de Santiago de Compostela (St.Jacques de Compostelle), l\u2019accent \u00e9tant mis sur les Caminos (Chemins de Saint Jacques) rencontr\u00e9s.<\/p>\n\n\n\n<p>D\u00e9nivel\u00e9e minimum : 26&nbsp;000 m; Distance : 1 850 km environ.<\/p>\n\n\n\n<p>Trac\u00e9 par Bernard \u00ab Biki \u00bb Pommel (Cent Cols n\u00b0 3094).<\/p>\n\n\n\n<p><a href=\"https:\/\/centcols.org\/rando_perm\/ultr\/parcours.htm\" target=\"_blank\" rel=\"noreferrer noopener\">Parcours<\/a><\/p>\n\n\n\n<p><iframe loading=\"lazy\" src=\"https:\/\/centcols.org\/rando_perm\/carto\/mbtrp.php?rp=ult\" width=\"800\" height=\"600\"><\/iframe><\/p>\n\n\n\n<p><a class=\"iframe-fancybox\" href=\"https:\/\/centcols.org\/rando_perm\/ultr\/profil.htm\" target=\"_blank\" rel=\"noopener noreferrer\" data-wplink-edit=\"true\">Profil<\/a><\/p>\n\n\n\n<p><a class=\"iframe-fancybox\" href=\"https:\/\/centcols.org\/rando_perm\/ultr\/hebergements.htm\" target=\"_blank\" rel=\"noopener noreferrer\">H\u00e9bergements<\/a><\/p>\n\n\n\n<p><a href=\"https:\/\/centcols.org\/rando_perm\/inscription.php?rando=ult\" target=\"_blank\" rel=\"noopener noreferrer\">Bulletin d&rsquo;inscription<\/a><\/p>\n\n\n\n<h2 class=\"wp-block-heading\">Th\u00e8me<\/h2>\n\n\n\n<p>Le Club des Cent Cols, fond\u00e9 en 1972, affili\u00e9 \u00e0 la<a href=\"http:\/\/ffct.org\/\"> F\u00e9d\u00e9ration Fran\u00e7aise de Cyclotourisme<\/a> sous le N\u00b06384, vous propose cette randonn\u00e9e permanente bas\u00e9e sur un th\u00e8me simple : \u00ab Cent Cols jusqu\u2019\u00e0 Saint-Jacques-de-Compostelle \u00bb, soit un parcours de 100 cols entre la Sagrada Familia \u00e0 Barcelona et la cath\u00e9drale de Santiago-de-Compostela (Saint-Jacques-de-Compostelle), fin du p\u00e8lerinage du m\u00eame nom.<\/p>\n\n\n\n<p>Cet itin\u00e9raire n\u2019a pas la pr\u00e9tention d\u2019\u00eatre un \u00ab Chemin de Saint Jacques \u00bb, ni m\u00eame de suivre un ou plusieurs \u00ab Caminos \u00bb, l\u2019objectif premier est bien de franchir 100 cols (90 sur le parcours lin\u00e9aire, 10 en courts allers-retours).<\/p>\n\n\n\n<p>Cependant dans toute la mesure du possible l\u2019accent est mis sur les divers \u00ab Caminos \u00bb rencontr\u00e9s, et leur parcours est parfois suivi sur plusieurs kilom\u00e8tres.<\/p>\n\n\n\n<p><strong>NB : \u00ab Ultre\u00efa \u00bb (du latin ultra -au del\u00e0- et eia, interjection \u00e9voquant un d\u00e9placement) est une expression de joie du Moyen-\u00c2ge, principalement li\u00e9e au p\u00e8lerinage de Saint Jacques de Compostelle. Ce salut de ralliement des p\u00e8lerins de saint Jacques de Compostelle signifie : aller plus loin, plus haut.<\/strong><\/p>\n\n\n\n<p>Le carnet de route de la randonn\u00e9e, fourni aux participants inscrits, contient en outre de la documentation additionnelle sur l&rsquo;histoire et la l\u00e9gende des p\u00e8lerinages \u00e0 St.Jacques de Compostelle, les divers Chemins et Caminos menant \u00e0 St.Jacques et une bibliographie sur le sujet.<\/p>\n\n\n\n<h2 class=\"wp-block-heading\">Particularit\u00e9s<\/h2>\n\n\n\n<h3 class=\"wp-block-heading\">Pr\u00e9f\u00e9rence de saisons<\/h3>\n\n\n\n<p>Comme dans toutes les randonn\u00e9es permanentes du Club des Cent Cols, \u00ab\u00a0La Ultre\u00efa\u00a0\u00bb peut \u00eatre r\u00e9alis\u00e9e sans limite de temps et en autant de voyages que le d\u00e9sire le participant, \u00e0 n\u2019importe quelle p\u00e9riode de l\u2019ann\u00e9e.<\/p>\n\n\n\n<p>Cependant, l\u2019hiver peut rendre certains cols impraticables m\u00eame si leurs altitudes ne sont pas tr\u00e8s \u00e9lev\u00e9es. Les grosses chaleurs ao\u00fbtiennes peuvent \u00eatre p\u00e9nibles. Les meilleures saisons sont bien s\u00fbr printemps et automne.<\/p>\n\n\n\n<h3 class=\"wp-block-heading\">H\u00e9bergements<\/h3>\n\n\n\n<p>L&rsquo;\u00e9tendue du territoire couvert par cette randonn\u00e9e ne nous permet pas de donner une liste exhaustive d&rsquo;h\u00e9bergements. Nous nous limitons donc \u00e0 fournir les adresses internet d&rsquo;organismes proposant des h\u00e9bergements ou fournissant des informations \u00e0 ce sujet, tels les offices de tourisme, syndicats d&rsquo;initiative, associations d&rsquo;h\u00e9bergeurs, etc. Cette liste d&rsquo;adresses est sur la page&nbsp;<a href=\"\/rando_perm\/ultr\/hebergements.htm\" target=\"_blank\" rel=\"noopener noreferrer\">H\u00e9bergements<\/a> de la rando.<\/p>\n\n\n\n<h3 class=\"wp-block-heading\">Urbanisation et ressources<\/h3>\n\n\n\n<p>S\u2019agissant d\u2019une travers\u00e9e quasi int\u00e9grale du nord de l\u2019Espagne, le randonneur trouvera toutes sortes de paysages, allant de quelques secteurs tr\u00e8s urbanis\u00e9s voire industrialis\u00e9s (que l\u2019on a cependant cherch\u00e9 \u00e0 \u00e9viter au maximum) \u00e0 des vall\u00e9es sans grandes ressources voire d\u00e9peupl\u00e9es. Nous vous conseillons donc de bien \u00e9tudier le parcours et de toujours anticiper pour vos ravitaillements.<\/p>\n\n\n\n<h2 class=\"wp-block-heading\">Contr\u00f4les<\/h2>\n\n\n\n<p>La randonn\u00e9e est propos\u00e9e de l\u2019est \u00e0 l\u2019ouest, commence \u00e0 Barcelona et se termine \u00e0 Santiago de Compostela. Elle est divis\u00e9e en 9 sections, pour chacune desquelles vous devrez faire tamponner votre carte de route en deux points; vous devez \u00e9galement faire tamponner votre carte \u00e0 Barcelona et \u00e0 Santiago de Compostela, pour un total de 20 tampons obtenus \u00e0 20 localit\u00e9s diff\u00e9rentes.Vous recevrez deux cartes de route (chacune comportant 12 cases \u00e0 tamponner) pour compl\u00e9ter cette randonn\u00e9e.<\/p>\n\n\n\n<h2 class=\"wp-block-heading\">Pr\u00e9sentation des diff\u00e9rentes sections<\/h2>\n\n\n\n<figure class=\"wp-block-table\"><table class=\"has-fixed-layout\"><tbody><tr><td>\n<table class=\"sectTbl\">\n<thead>\n<tr>\n<th>Section<\/th>\n<th>D\u00e9but de section<\/th>\n<th>Fin de section<\/th>\n<th>Km.<\/th>\n<th>Alti<br>mini<\/th>\n<th>Alti<br>maxi<\/th>\n<th>D\u00e9niv<br>(*)<\/th>\n<th>Cols<\/th>\n<\/tr>\n<\/thead>\n<tbody>\n<tr>\n<th class=\"r\">1<\/th>\n<td>Barcelona<\/td>\n<td>Solsona<\/td>\n<td>206<\/td>\n<td>33<\/td>\n<td>720<\/td>\n<td>2550<\/td>\n<td>14<\/td>\n<\/tr>\n<tr>\n<th class=\"r\">2<\/th>\n<td>Solsona<\/td>\n<td>Campo<\/td>\n<td>216<\/td>\n<td>445<\/td>\n<td>1471<\/td>\n<td>3200<\/td>\n<td>15<\/td>\n<\/tr>\n<tr>\n<th class=\"r\">3<\/th>\n<td>Campo<\/td>\n<td>Burgui<\/td>\n<td>230<\/td>\n<td>530<\/td>\n<td>1267<\/td>\n<td>2600<\/td>\n<td>8<\/td>\n<\/tr>\n<tr>\n<th class=\"r\">4<\/th>\n<td>Burgui<\/td>\n<td>Markina Xemein<\/td>\n<td>241<\/td>\n<td>45<\/td>\n<td>1056<\/td>\n<td>3500<\/td>\n<td>17<\/td>\n<\/tr>\n<tr>\n<th class=\"r\">5<\/th>\n<td>Markina Xemein<\/td>\n<td>Puente Viesgo<\/td>\n<td>219<\/td>\n<td>2<\/td>\n<td>445<\/td>\n<td>2750<\/td>\n<td>13<\/td>\n<\/tr>\n<tr>\n<th class=\"r\">6<\/th>\n<td>Puente Viesgo<\/td>\n<td>Puebla de Lillo<\/td>\n<td>208<\/td>\n<td>50<\/td>\n<td>1627<\/td>\n<td>4550<\/td>\n<td>12<\/td>\n<\/tr>\n<tr>\n<th class=\"r\">7<\/th>\n<td>Puebla de Lillo<\/td>\n<td>Villablino<\/td>\n<td>204<\/td>\n<td>210<\/td>\n<td>1521<\/td>\n<td>4250<\/td>\n<td>7<\/td>\n<\/tr>\n<tr>\n<th class=\"r\">8<\/th>\n<td>Villablino<\/td>\n<td>Outeiro de Rei<\/td>\n<td>206<\/td>\n<td>230<\/td>\n<td>1364<\/td>\n<td>2400<\/td>\n<td>12<\/td>\n<\/tr>\n<tr>\n<th class=\"r\">9<\/th>\n<td>Outeiro de Rei<\/td>\n<td>Santiago de Compostela<\/td>\n<td>109<\/td>\n<td>250<\/td>\n<td>600<\/td>\n<td>400<\/td>\n<td>2<\/td>\n<\/tr>\n<\/tbody>\n<\/table>\n<\/td><td>&nbsp;<\/td><td>&nbsp;<\/td><td>&nbsp;<\/td><td>&nbsp;<\/td><td>&nbsp;<\/td><td>&nbsp;<\/td><td>&nbsp;<\/td><\/tr><\/tbody><\/table><\/figure>\n\n\n\n<p>(*) Les d\u00e9nivellations ont \u00e9t\u00e9 calcul\u00e9es \u00e0 partir de la feuille de route. La r\u00e9alit\u00e9 sur le terrain ne peut \u00eatre que plus importante !<\/p>\n\n\n\n<ol class=\"wp-block-list\">\n<li><strong>Barcelona &#8211; Solsona (206 km, 14 cols, altitude mini 33 m, altitude maxi 720 m, 2550 m de d\u00e9nivellation)<\/strong> : Nous choisissons, pour rallier la cath\u00e9drale de Santiago de Compostela, de partir symboliquement de la Sagrada Familia. Nous d\u00e9butons donc notre randonn\u00e9e dans Barcelona m\u00eame (o\u00f9 nous trouverons notre premier col), et avons \u00e0 traverser sa p\u00e9riph\u00e9rie tr\u00e8s urbanis\u00e9e (Sant Cugat del Valles, Terrassa), la r\u00e9compense \u00e9tant la travers\u00e9e de la Sierra de Montserrat, o\u00f9 nous trouverons le Cami de Sant Jaume. Nous piquons ensuite vers le nord vers le Pi\u00e9mont pyr\u00e9n\u00e9en.<\/li>\n\n\n\n<li><strong>Solsona \u2013 Campo (216 km, 15 cols, altitude mini 445 m, altitude maxi 1471 m [Coll de Fades], 3200 m de d\u00e9nivellation)<\/strong> : Arriv\u00e9s dans ce Pi\u00e9mont, nous obliquons vers l\u2019ouest (nord ouest) et commen\u00e7ons le passage de vall\u00e9es en vall\u00e9es, trois franchissements majeurs dans ce secteur avec les vall\u00e9es d\u2019El Segre, de la Noguera Pallaresa, de la Noguera Ribagor\u00e7ana (qui s\u00e9pare la Catalogne de l\u2019Aragon) et du Rio Esera, et les cols correspondants.<\/li>\n\n\n\n<li><strong>Campo &#8211; Burgui (230 km, 8 cols, altitude mini 530 m, altitude maxi 1267 m [Puerto de Serrablo], 2600 m de d\u00e9nivellation)<\/strong> : Notre parcours \u00e0 saute-mouton (ou passe-vall\u00e9es) nous m\u00e8ne au premier \u00ab Camino \u00bb majeur, la via Tolosana qui descend du Somport, Camino que nous quittons tout de suite pour aller admirer le monast\u00e8re de San Juan de la Pe\u00f1a, avant de quitter l\u2019Aragon et rentrer en Navarra.<\/li>\n\n\n\n<li><strong>Burgui &#8211; Markina Xemein (241 km, 17 cols, altitude mini 45 m, altitude maxi 1056 m [Puerto de Iba\u00f1eta], 3500 m de d\u00e9nivellation)<\/strong> : A travers les monts de Navarra, nous gagnons le principal Chemin de St Jacques, le Camino Franc\u00e9s que nous trouvons sous le Col de Roncevaux, Puerto de Iba\u00f1eta, pour lequel un d\u00e9tour s\u2019impose. A partir de l\u00e0 une partie du secteur est commune avec la randonn\u00e9e permanente \u00ab la Divisoria \u00bb, \u00e0 quelques variantes pr\u00e8s. Puis nous quittons la Navarra pour entrer en Pa\u00eds Vasco et plus pr\u00e9cis\u00e9ment en Guip\u00fazcoa.<\/li>\n\n\n\n<li><strong>Markina Xemein \u2013 Puente Viesgo (219 km, 13 cols, altitude mini 2 m, altitude maxi 445 m [Puerto de Fuente de las Varas], 2750 m de d\u00e9nivellation)<\/strong> : N\u2019\u00e9tant jamais tr\u00e8s loin de la c\u00f4te, notre itin\u00e9raire de travers\u00e9e du Pa\u00eds Vasco n\u2019est jamais bien haut, cependant les petites ascensions se multiplient. Nous croiserons ou emprunterons de temps en temps le \u00ab Camino del Norte \u00bb. Nous choisissons de contourner l\u2019agglom\u00e9ration de Bilbao par le nord, et de profiter du pont transbordeur de Getxo. Apr\u00e8s une zone bien urbanis\u00e9e nous retrouvons nos petits cols quasi c\u00f4tiers et entrons en Cantabria.<\/li>\n\n\n\n<li><strong>Puente Viesgo \u2013 Puebla de Lillo (208 km, 12 cols, altitude mini 50 m, altitude maxi 1627 m [Puerto de Las Se\u00f1ales], 4550 m de d\u00e9nivellation)<\/strong> : Apr\u00e8s une premi\u00e8re moiti\u00e9 de secteur dans la lign\u00e9e de l\u2019\u00e9tape pr\u00e9c\u00e9dente, les choses changent \u00e0 partir de Potes puisque nous voil\u00e0 dans les Picos de Europa o\u00f9 \u00e0 leur bordure. Grands cols et paysages caract\u00e9ristiques se succ\u00e8dent, les d\u00e9nivel\u00e9s s\u2019en ressentent !<\/li>\n\n\n\n<li><strong>Puebla de Lillo &#8211; Villablino (204 km, 7 cols, altitude mini 210 m, altitude maxi 1521 m [Puerto de San Isidro], 4250 m de d\u00e9nivellation)<\/strong> : Si nous quittons les Picos de Europa, la Cordill\u00e8re Cantabrique et les Asturies se r\u00e9v\u00e8lent tout aussi coriaces ! Apr\u00e8s un passage par Langreo et Mieres del Camino, vall\u00e9es tr\u00e8s urbanis\u00e9es et industrialis\u00e9s, nous recommen\u00e7ons l\u2019enchainement de cols \u00e0 plus de 1000m d\u2019altitude, et l\u2019Alto de la Cobertoria avec ses pourcentages \u00e0 deux chiffres ne passe pas inaper\u00e7u ! Nous traversons la Reserva Nacional de Somiedo et terminons par le col du m\u00eame nom.<\/li>\n\n\n\n<li><strong>Villablino \u2013 Outeiro de Rei (206 km, 12 cols, altitude mini 230 m, altitude maxi 1364 m [Alto de la Collada], 2400 m de d\u00e9nivellation)<\/strong> : Nous quittons la Cordill\u00e8re Cantabrique et les Asturies pour gagner la province de Lugo, o\u00f9 nous trouvons un autre des Caminos majeurs, le Camino Primitivo. Les paysages changent, voici les sommets arrondis de la Galice, nous perdons petit \u00e0 petit de l\u2019altitude.<\/li>\n\n\n\n<li><strong>Outeiro de Rei \u2013 Santiago de Compostela (109 km, 2 cols, altitude mini 250 m, altitude maxi 600 m, 400 m de d\u00e9nivellation)<\/strong> : Il est enfin temps de toucher au but. Une fois le dernier (petit) col franchi, nous rejoignons le Camino Franc\u00e9s \u00e0 Melide, pour terminer par l\u2019itin\u00e9raire emprunt\u00e9 par la grande majorit\u00e9 des p\u00e8lerins (qui repr\u00e9sente encore au moins deux \u00e9tapes de marche \u00e0 pied) et aller go\u00fbter le charme galicien de la cit\u00e9 compostellane.<\/li>\n<\/ol>\n\n\n\n<h2 class=\"wp-block-heading\">Principaux cols<\/h2>\n\n\n\n<ul class=\"wp-block-list\">\n<li>Coll de Boixols 1321 m<\/li>\n\n\n\n<li>Coll de la Creu de Perves 1335 m<\/li>\n\n\n\n<li>Coll de Fades 1471 m<\/li>\n\n\n\n<li>Puerto de Iba\u00f1eta 1056 m<\/li>\n\n\n\n<li>Collado de Hoz 659 m<\/li>\n\n\n\n<li>Puerto de San Glorio 1599 m<\/li>\n\n\n\n<li>Puerto de Pandetrave 1566 m<\/li>\n\n\n\n<li>Puerto de Panderruedas 1463 m<\/li>\n\n\n\n<li>Puerto de Las Se\u00f1ales 1627 m<\/li>\n\n\n\n<li>Puerto de San Isidro 1521 m<\/li>\n\n\n\n<li>Alto de la Cobertoria 1179 m<\/li>\n\n\n\n<li>El Puerto de Somiedo 1486 m<\/li>\n\n\n\n<li>Porto ou Alto do Acebo 1021 m<\/li>\n<\/ul>\n\n\n\n<h2 class=\"wp-block-heading\">Sites BCN et BPF sur le parcours<\/h2>\n\n\n\n<p>La totalit\u00e9 du parcours se trouvant hors de France, cette randonn\u00e9e ne comporte aucun site BCN \/ BPF.<\/p>\n\n\n\n<h2 class=\"wp-block-heading\">Cartes<\/h2>\n\n\n\n<p>Les cartes Michelin n\u00b0 571, 572, 573 et 574 au 1:400 000\u00e8me sont la plupart du temps suffisantes pour effectuer cette randonn\u00e9e. Il est cependant parfois utile de doubler avec une carte locale; de nombreux \u00e9diteurs existent en Espagne. La meilleure solution reste l\u2019emploi du GPS qui n\u2019est pas indispensable mais rendra de grands services. Les traces GPX du parcours peuvent \u00eatre fournies au participant apr\u00e8s inscription. Les fonds de carte Michelin peuvent \u00eatre consult\u00e9s en ligne : <a href=\"http:\/\/www.viamichelin.es\/\" target=\"_blank\" rel=\"noopener noreferrer\">http:\/\/www.viamichelin.es<\/a><\/p>\n\n\n\n<h2 class=\"wp-block-heading\">R\u00e8gle du jeu des randonn\u00e9es permanentes<\/h2>\n\n\n\n<p>Tout participant \u00e0 cette randonn\u00e9e permanente s&rsquo;engage \u00e0 respecter la <a href=\"\/rdj-randonnees-permanentes\/\">r\u00e8gle du jeu<\/a> la r\u00e9gissant.<\/p>\n\n\n\n<h2 class=\"wp-block-heading\">Pour plus d&rsquo;information<\/h2>\n\n\n\n<h3 class=\"wp-block-heading\">S&rsquo;adresser au Responsable des randonn\u00e9es permanentes<\/h3>\n\n\n\n<p>Jean-Marc CLEMENT<br>10 rue de Normandie<br>31120 Portet sur Garonne<br>FRANCE<\/p>\n\n\n\n<p>T\u00e9l : +33 (0)5 61 76 30 12<br>E-mail : [email]&#114;&#x61;&#x6e;d&#111;&#x73;&#64;&#99;&#x65;n&#116;&#x63;o&#108;&#x73;&#x2e;&#111;&#x72;&#x67; [\/email]<\/p>\n\n\n\n<h6 class=\"wp-block-heading\"><strong data-rich-text-format-boundary=\"true\">Attention : Veuillez envoyer vos cartes de route \u00e0 homologuer ainsi que vos cartes postales et vos r\u00e9cits de voyage uniquement au responsable actuel, quoi que vous trouviez comme ancienne information (donc ne pas \u00e9crire \u00e0 Roger Colombo, Bernard Pommel, Jean-Marc Lef\u00e8vre ou Roland Grimaud \u2020).<\/strong><\/h6>\n","protected":false},"excerpt":{"rendered":"<p>Pr\u00e9sentation Cette randonn\u00e9e permanente du Club des Cent Cols vous fait d\u00e9couvrir 100 cols routiers (goudronn\u00e9s) lors d\u2019une travers\u00e9e du nord de la p\u00e9ninsule ib\u00e9rique, au d\u00e9part de Barcelona, et \u00e0 destination de Santiago de Compostela (St.Jacques de Compostelle), l\u2019accent \u00e9tant mis sur les Caminos (Chemins de Saint Jacques) rencontr\u00e9s. D\u00e9nivel\u00e9e minimum : 26&nbsp;000 m; [&hellip;]<\/p>\n","protected":false},"author":3,"featured_media":80283,"comment_status":"open","ping_status":"open","sticky":false,"template":"","format":"standard","meta":{"_acf_changed":false,"footnotes":""},"categories":[176,191,145],"tags":[],"class_list":["post-80200","post","type-post","status-publish","format-standard","has-post-thumbnail","hentry","category-route","category-espagne","category-randonnees-permanentes"],"acf":[],"yoast_head":"<!-- This site is optimized with the Yoast SEO plugin v27.2 - https:\/\/yoast.com\/product\/yoast-seo-wordpress\/ -->\n<title>La Ultre\u00efa : cent cols de Barcelona \u00e0 Santiago-de-Compostela - Club des Cent Cols<\/title>\n<meta name=\"robots\" content=\"index, follow, max-snippet:-1, max-image-preview:large, max-video-preview:-1\" \/>\n<link rel=\"canonical\" href=\"https:\/\/centcols.org\/it\/lultreia-cent-cols-de-barcelona-a-santiago-de-compostela\/\" \/>\n<meta property=\"og:locale\" content=\"it_IT\" \/>\n<meta property=\"og:type\" content=\"article\" \/>\n<meta property=\"og:title\" content=\"La Ultre\u00efa : cent cols de Barcelona \u00e0 Santiago-de-Compostela - Club des Cent Cols\" \/>\n<meta property=\"og:description\" content=\"Pr\u00e9sentation Cette randonn\u00e9e permanente du Club des Cent Cols vous fait d\u00e9couvrir 100 cols routiers (goudronn\u00e9s) lors d\u2019une travers\u00e9e du nord de la p\u00e9ninsule ib\u00e9rique, au d\u00e9part de Barcelona, et \u00e0 destination de Santiago de Compostela (St.Jacques de Compostelle), l\u2019accent \u00e9tant mis sur les Caminos (Chemins de Saint Jacques) rencontr\u00e9s. D\u00e9nivel\u00e9e minimum : 26&nbsp;000 m; [&hellip;]\" \/>\n<meta property=\"og:url\" content=\"https:\/\/centcols.org\/it\/lultreia-cent-cols-de-barcelona-a-santiago-de-compostela\/\" \/>\n<meta property=\"og:site_name\" content=\"Club des Cent Cols\" \/>\n<meta property=\"article:publisher\" content=\"https:\/\/www.facebook.com\/groups\/5261880558\/?locale=fr_FR\" \/>\n<meta property=\"article:published_time\" content=\"2025-04-02T13:03:53+00:00\" \/>\n<meta property=\"article:modified_time\" content=\"2025-09-01T14:32:08+00:00\" \/>\n<meta property=\"og:image\" content=\"https:\/\/centcols.org\/wp-content\/uploads\/2025\/04\/ultreia-r.jpg\" \/>\n\t<meta property=\"og:image:width\" content=\"960\" \/>\n\t<meta property=\"og:image:height\" content=\"540\" \/>\n\t<meta property=\"og:image:type\" content=\"image\/jpeg\" \/>\n<meta name=\"author\" content=\"Webmestre\" \/>\n<meta name=\"twitter:card\" content=\"summary_large_image\" \/>\n<meta name=\"twitter:label1\" content=\"Scritto da\" \/>\n\t<meta name=\"twitter:data1\" content=\"Webmestre\" \/>\n\t<meta name=\"twitter:label2\" content=\"Tempo di lettura stimato\" \/>\n\t<meta name=\"twitter:data2\" content=\"9 minuti\" \/>\n<script type=\"application\/ld+json\" class=\"yoast-schema-graph\">{\"@context\":\"https:\/\/schema.org\",\"@graph\":[{\"@type\":\"Article\",\"@id\":\"https:\/\/centcols.org\/la-ultreia-cent-cols-de-barcelona-a-santiago-de-compostela\/#article\",\"isPartOf\":{\"@id\":\"https:\/\/centcols.org\/la-ultreia-cent-cols-de-barcelona-a-santiago-de-compostela\/\"},\"author\":{\"name\":\"Webmestre\",\"@id\":\"https:\/\/centcols.org\/#\/schema\/person\/911b404fb133d8c913dd27cdcf71c8e5\"},\"headline\":\"La Ultre\u00efa : cent cols de Barcelona \u00e0 Santiago-de-Compostela\",\"datePublished\":\"2025-04-02T13:03:53+00:00\",\"dateModified\":\"2025-09-01T14:32:08+00:00\",\"mainEntityOfPage\":{\"@id\":\"https:\/\/centcols.org\/la-ultreia-cent-cols-de-barcelona-a-santiago-de-compostela\/\"},\"wordCount\":1749,\"commentCount\":0,\"publisher\":{\"@id\":\"https:\/\/centcols.org\/#organization\"},\"image\":{\"@id\":\"https:\/\/centcols.org\/la-ultreia-cent-cols-de-barcelona-a-santiago-de-compostela\/#primaryimage\"},\"thumbnailUrl\":\"https:\/\/centcols.org\/wp-content\/uploads\/2025\/04\/ultreia-r.jpg\",\"articleSection\":[\"Route\",\"Espagne\",\"Randonn\u00e9es permanentes\"],\"inLanguage\":\"it-IT\",\"potentialAction\":[{\"@type\":\"CommentAction\",\"name\":\"Comment\",\"target\":[\"https:\/\/centcols.org\/la-ultreia-cent-cols-de-barcelona-a-santiago-de-compostela\/#respond\"]}]},{\"@type\":\"WebPage\",\"@id\":\"https:\/\/centcols.org\/la-ultreia-cent-cols-de-barcelona-a-santiago-de-compostela\/\",\"url\":\"https:\/\/centcols.org\/la-ultreia-cent-cols-de-barcelona-a-santiago-de-compostela\/\",\"name\":\"La Ultre\u00efa : cent cols de Barcelona \u00e0 Santiago-de-Compostela - Club des Cent Cols\",\"isPartOf\":{\"@id\":\"https:\/\/centcols.org\/#website\"},\"primaryImageOfPage\":{\"@id\":\"https:\/\/centcols.org\/la-ultreia-cent-cols-de-barcelona-a-santiago-de-compostela\/#primaryimage\"},\"image\":{\"@id\":\"https:\/\/centcols.org\/la-ultreia-cent-cols-de-barcelona-a-santiago-de-compostela\/#primaryimage\"},\"thumbnailUrl\":\"https:\/\/centcols.org\/wp-content\/uploads\/2025\/04\/ultreia-r.jpg\",\"datePublished\":\"2025-04-02T13:03:53+00:00\",\"dateModified\":\"2025-09-01T14:32:08+00:00\",\"breadcrumb\":{\"@id\":\"https:\/\/centcols.org\/la-ultreia-cent-cols-de-barcelona-a-santiago-de-compostela\/#breadcrumb\"},\"inLanguage\":\"it-IT\",\"potentialAction\":[{\"@type\":\"ReadAction\",\"target\":[\"https:\/\/centcols.org\/la-ultreia-cent-cols-de-barcelona-a-santiago-de-compostela\/\"]}]},{\"@type\":\"ImageObject\",\"inLanguage\":\"it-IT\",\"@id\":\"https:\/\/centcols.org\/la-ultreia-cent-cols-de-barcelona-a-santiago-de-compostela\/#primaryimage\",\"url\":\"https:\/\/centcols.org\/wp-content\/uploads\/2025\/04\/ultreia-r.jpg\",\"contentUrl\":\"https:\/\/centcols.org\/wp-content\/uploads\/2025\/04\/ultreia-r.jpg\",\"width\":960,\"height\":540},{\"@type\":\"BreadcrumbList\",\"@id\":\"https:\/\/centcols.org\/la-ultreia-cent-cols-de-barcelona-a-santiago-de-compostela\/#breadcrumb\",\"itemListElement\":[{\"@type\":\"ListItem\",\"position\":1,\"name\":\"Accueil\",\"item\":\"https:\/\/centcols.org\/\"},{\"@type\":\"ListItem\",\"position\":2,\"name\":\"Randonn\u00e9es permanentes\",\"item\":\"https:\/\/centcols.org\/rubrique\/randonnees-permanentes\/\"},{\"@type\":\"ListItem\",\"position\":3,\"name\":\"Pays\",\"item\":\"https:\/\/centcols.org\/rubrique\/randonnees-permanentes\/pays\/\"},{\"@type\":\"ListItem\",\"position\":4,\"name\":\"Espagne\",\"item\":\"https:\/\/centcols.org\/rubrique\/randonnees-permanentes\/pays\/espagne\/\"},{\"@type\":\"ListItem\",\"position\":5,\"name\":\"La Ultre\u00efa : cent cols de Barcelona \u00e0 Santiago-de-Compostela\"}]},{\"@type\":\"WebSite\",\"@id\":\"https:\/\/centcols.org\/#website\",\"url\":\"https:\/\/centcols.org\/\",\"name\":\"Club des Cent Cols\",\"description\":\"\",\"publisher\":{\"@id\":\"https:\/\/centcols.org\/#organization\"},\"potentialAction\":[{\"@type\":\"SearchAction\",\"target\":{\"@type\":\"EntryPoint\",\"urlTemplate\":\"https:\/\/centcols.org\/?s={search_term_string}\"},\"query-input\":{\"@type\":\"PropertyValueSpecification\",\"valueRequired\":true,\"valueName\":\"search_term_string\"}}],\"inLanguage\":\"it-IT\"},{\"@type\":\"Organization\",\"@id\":\"https:\/\/centcols.org\/#organization\",\"name\":\"Club des Cent Cols\",\"url\":\"https:\/\/centcols.org\/\",\"logo\":{\"@type\":\"ImageObject\",\"inLanguage\":\"it-IT\",\"@id\":\"https:\/\/centcols.org\/#\/schema\/logo\/image\/\",\"url\":\"https:\/\/centcols.org\/wp-content\/uploads\/2025\/01\/carte-icone.png\",\"contentUrl\":\"https:\/\/centcols.org\/wp-content\/uploads\/2025\/01\/carte-icone.png\",\"width\":250,\"height\":250,\"caption\":\"Club des Cent Cols\"},\"image\":{\"@id\":\"https:\/\/centcols.org\/#\/schema\/logo\/image\/\"},\"sameAs\":[\"https:\/\/www.facebook.com\/groups\/5261880558\/?locale=fr_FR\"]},{\"@type\":\"Person\",\"@id\":\"https:\/\/centcols.org\/#\/schema\/person\/911b404fb133d8c913dd27cdcf71c8e5\",\"name\":\"Webmestre\",\"image\":{\"@type\":\"ImageObject\",\"inLanguage\":\"it-IT\",\"@id\":\"https:\/\/centcols.org\/wp-content\/litespeed\/avatar\/2d246e4b6b4f773e08515e1ffc53690b.jpg?ver=1777222892\",\"url\":\"https:\/\/centcols.org\/wp-content\/litespeed\/avatar\/2d246e4b6b4f773e08515e1ffc53690b.jpg?ver=1777222892\",\"contentUrl\":\"https:\/\/centcols.org\/wp-content\/litespeed\/avatar\/2d246e4b6b4f773e08515e1ffc53690b.jpg?ver=1777222892\",\"caption\":\"Webmestre\"},\"url\":\"https:\/\/centcols.org\/it\/author\/webmestre\/\"}]}<\/script>\n<!-- \/ Yoast SEO plugin. -->","yoast_head_json":{"title":"La Ultre\u00efa: cento passi da Barcellona a Santiago-de-Compostela - Club des Cent Cols","robots":{"index":"index","follow":"follow","max-snippet":"max-snippet:-1","max-image-preview":"max-image-preview:large","max-video-preview":"max-video-preview:-1"},"canonical":"https:\/\/centcols.org\/it\/lultreia-cent-cols-de-barcelona-a-santiago-de-compostela\/","og_locale":"it_IT","og_type":"article","og_title":"La Ultre\u00efa : cent cols de Barcelona \u00e0 Santiago-de-Compostela - Club des Cent Cols","og_description":"Pr\u00e9sentation Cette randonn\u00e9e permanente du Club des Cent Cols vous fait d\u00e9couvrir 100 cols routiers (goudronn\u00e9s) lors d\u2019une travers\u00e9e du nord de la p\u00e9ninsule ib\u00e9rique, au d\u00e9part de Barcelona, et \u00e0 destination de Santiago de Compostela (St.Jacques de Compostelle), l\u2019accent \u00e9tant mis sur les Caminos (Chemins de Saint Jacques) rencontr\u00e9s. D\u00e9nivel\u00e9e minimum : 26&nbsp;000 m; [&hellip;]","og_url":"https:\/\/centcols.org\/it\/lultreia-cent-cols-de-barcelona-a-santiago-de-compostela\/","og_site_name":"Club des Cent Cols","article_publisher":"https:\/\/www.facebook.com\/groups\/5261880558\/?locale=fr_FR","article_published_time":"2025-04-02T13:03:53+00:00","article_modified_time":"2025-09-01T14:32:08+00:00","og_image":[{"width":960,"height":540,"url":"https:\/\/centcols.org\/wp-content\/uploads\/2025\/04\/ultreia-r.jpg","type":"image\/jpeg"}],"author":"Webmestre","twitter_card":"summary_large_image","twitter_misc":{"Scritto da":"Webmestre","Tempo di lettura stimato":"9 minuti"},"schema":{"@context":"https:\/\/schema.org","@graph":[{"@type":"Article","@id":"https:\/\/centcols.org\/la-ultreia-cent-cols-de-barcelona-a-santiago-de-compostela\/#article","isPartOf":{"@id":"https:\/\/centcols.org\/la-ultreia-cent-cols-de-barcelona-a-santiago-de-compostela\/"},"author":{"name":"Webmestre","@id":"https:\/\/centcols.org\/#\/schema\/person\/911b404fb133d8c913dd27cdcf71c8e5"},"headline":"La Ultre\u00efa : cent cols de Barcelona \u00e0 Santiago-de-Compostela","datePublished":"2025-04-02T13:03:53+00:00","dateModified":"2025-09-01T14:32:08+00:00","mainEntityOfPage":{"@id":"https:\/\/centcols.org\/la-ultreia-cent-cols-de-barcelona-a-santiago-de-compostela\/"},"wordCount":1749,"commentCount":0,"publisher":{"@id":"https:\/\/centcols.org\/#organization"},"image":{"@id":"https:\/\/centcols.org\/la-ultreia-cent-cols-de-barcelona-a-santiago-de-compostela\/#primaryimage"},"thumbnailUrl":"https:\/\/centcols.org\/wp-content\/uploads\/2025\/04\/ultreia-r.jpg","articleSection":["Route","Espagne","Randonn\u00e9es permanentes"],"inLanguage":"it-IT","potentialAction":[{"@type":"CommentAction","name":"Comment","target":["https:\/\/centcols.org\/la-ultreia-cent-cols-de-barcelona-a-santiago-de-compostela\/#respond"]}]},{"@type":"WebPage","@id":"https:\/\/centcols.org\/la-ultreia-cent-cols-de-barcelona-a-santiago-de-compostela\/","url":"https:\/\/centcols.org\/la-ultreia-cent-cols-de-barcelona-a-santiago-de-compostela\/","name":"La Ultre\u00efa: cento passi da Barcellona a Santiago-de-Compostela - Club des Cent Cols","isPartOf":{"@id":"https:\/\/centcols.org\/#website"},"primaryImageOfPage":{"@id":"https:\/\/centcols.org\/la-ultreia-cent-cols-de-barcelona-a-santiago-de-compostela\/#primaryimage"},"image":{"@id":"https:\/\/centcols.org\/la-ultreia-cent-cols-de-barcelona-a-santiago-de-compostela\/#primaryimage"},"thumbnailUrl":"https:\/\/centcols.org\/wp-content\/uploads\/2025\/04\/ultreia-r.jpg","datePublished":"2025-04-02T13:03:53+00:00","dateModified":"2025-09-01T14:32:08+00:00","breadcrumb":{"@id":"https:\/\/centcols.org\/la-ultreia-cent-cols-de-barcelona-a-santiago-de-compostela\/#breadcrumb"},"inLanguage":"it-IT","potentialAction":[{"@type":"ReadAction","target":["https:\/\/centcols.org\/la-ultreia-cent-cols-de-barcelona-a-santiago-de-compostela\/"]}]},{"@type":"ImageObject","inLanguage":"it-IT","@id":"https:\/\/centcols.org\/la-ultreia-cent-cols-de-barcelona-a-santiago-de-compostela\/#primaryimage","url":"https:\/\/centcols.org\/wp-content\/uploads\/2025\/04\/ultreia-r.jpg","contentUrl":"https:\/\/centcols.org\/wp-content\/uploads\/2025\/04\/ultreia-r.jpg","width":960,"height":540},{"@type":"BreadcrumbList","@id":"https:\/\/centcols.org\/la-ultreia-cent-cols-de-barcelona-a-santiago-de-compostela\/#breadcrumb","itemListElement":[{"@type":"ListItem","position":1,"name":"Accueil","item":"https:\/\/centcols.org\/"},{"@type":"ListItem","position":2,"name":"Randonn\u00e9es permanentes","item":"https:\/\/centcols.org\/rubrique\/randonnees-permanentes\/"},{"@type":"ListItem","position":3,"name":"Pays","item":"https:\/\/centcols.org\/rubrique\/randonnees-permanentes\/pays\/"},{"@type":"ListItem","position":4,"name":"Espagne","item":"https:\/\/centcols.org\/rubrique\/randonnees-permanentes\/pays\/espagne\/"},{"@type":"ListItem","position":5,"name":"La Ultre\u00efa : cent cols de Barcelona \u00e0 Santiago-de-Compostela"}]},{"@type":"WebSite","@id":"https:\/\/centcols.org\/#website","url":"https:\/\/centcols.org\/","name":"Club des Cent Cols","description":"","publisher":{"@id":"https:\/\/centcols.org\/#organization"},"potentialAction":[{"@type":"SearchAction","target":{"@type":"EntryPoint","urlTemplate":"https:\/\/centcols.org\/?s={search_term_string}"},"query-input":{"@type":"PropertyValueSpecification","valueRequired":true,"valueName":"search_term_string"}}],"inLanguage":"it-IT"},{"@type":"Organization","@id":"https:\/\/centcols.org\/#organization","name":"Club des Cent Cols","url":"https:\/\/centcols.org\/","logo":{"@type":"ImageObject","inLanguage":"it-IT","@id":"https:\/\/centcols.org\/#\/schema\/logo\/image\/","url":"https:\/\/centcols.org\/wp-content\/uploads\/2025\/01\/carte-icone.png","contentUrl":"https:\/\/centcols.org\/wp-content\/uploads\/2025\/01\/carte-icone.png","width":250,"height":250,"caption":"Club des Cent Cols"},"image":{"@id":"https:\/\/centcols.org\/#\/schema\/logo\/image\/"},"sameAs":["https:\/\/www.facebook.com\/groups\/5261880558\/?locale=fr_FR"]},{"@type":"Person","@id":"https:\/\/centcols.org\/#\/schema\/person\/911b404fb133d8c913dd27cdcf71c8e5","name":"Webmaster","image":{"@type":"ImageObject","inLanguage":"it-IT","@id":"https:\/\/centcols.org\/wp-content\/litespeed\/avatar\/2d246e4b6b4f773e08515e1ffc53690b.jpg?ver=1777222892","url":"https:\/\/centcols.org\/wp-content\/litespeed\/avatar\/2d246e4b6b4f773e08515e1ffc53690b.jpg?ver=1777222892","contentUrl":"https:\/\/centcols.org\/wp-content\/litespeed\/avatar\/2d246e4b6b4f773e08515e1ffc53690b.jpg?ver=1777222892","caption":"Webmestre"},"url":"https:\/\/centcols.org\/it\/author\/webmestre\/"}]}},"_links":{"self":[{"href":"https:\/\/centcols.org\/it\/wp-json\/wp\/v2\/posts\/80200","targetHints":{"allow":["GET"]}}],"collection":[{"href":"https:\/\/centcols.org\/it\/wp-json\/wp\/v2\/posts"}],"about":[{"href":"https:\/\/centcols.org\/it\/wp-json\/wp\/v2\/types\/post"}],"author":[{"embeddable":true,"href":"https:\/\/centcols.org\/it\/wp-json\/wp\/v2\/users\/3"}],"replies":[{"embeddable":true,"href":"https:\/\/centcols.org\/it\/wp-json\/wp\/v2\/comments?post=80200"}],"version-history":[{"count":0,"href":"https:\/\/centcols.org\/it\/wp-json\/wp\/v2\/posts\/80200\/revisions"}],"wp:featuredmedia":[{"embeddable":true,"href":"https:\/\/centcols.org\/it\/wp-json\/wp\/v2\/media\/80283"}],"wp:attachment":[{"href":"https:\/\/centcols.org\/it\/wp-json\/wp\/v2\/media?parent=80200"}],"wp:term":[{"taxonomy":"category","embeddable":true,"href":"https:\/\/centcols.org\/it\/wp-json\/wp\/v2\/categories?post=80200"},{"taxonomy":"post_tag","embeddable":true,"href":"https:\/\/centcols.org\/it\/wp-json\/wp\/v2\/tags?post=80200"}],"curies":[{"name":"wp","href":"https:\/\/api.w.org\/{rel}","templated":true}]}}