{"id":80448,"date":"2002-12-03T08:59:59","date_gmt":"2002-12-03T06:59:59","guid":{"rendered":"https:\/\/centcols.org\/reflexions-sur-coulet-collet-tracol-trescol-accol-et-saccol\/"},"modified":"2025-09-12T08:14:03","modified_gmt":"2025-09-12T06:14:03","slug":"riflessioni-su-coulet-collet-tracol-trescol-accol-e-saccol","status":"publish","type":"post","link":"https:\/\/centcols.org\/it\/reflexions-sur-coulet-collet-tracol-trescol-accol-et-saccol\/","title":{"rendered":"Riflessioni su Coulet, Collet, Tracol, Trescol, Accol e Saccol"},"content":{"rendered":"<p>L&rsquo;article de Bernard Pommel (<strong>Tracols, Accols &amp; Saccols<\/strong>) est tr\u00e8s int\u00e9ressant et il m&rsquo;a apport\u00e9 des informations pr\u00e9cieuses mais \u00e9galement des interrogations ou plut\u00f4t des non r\u00e9ponses \u00e0 des questions que je me pose depuis longtemps.<\/p>\n<p>Apr\u00e8s l&rsquo;\u00e9num\u00e9ration des \u00ab\u00a0Coulet\u00a0\u00bb d&rsquo;Ard\u00e8che, il affirme : \u00ab\u00a0L&rsquo;\u00e9tymologie du mot COULET ne pose pas de probl\u00e8me : <strong>c&rsquo;est le collet<\/strong>, le \u00ab\u00a0petit col\u00a0\u00bb, le COULETET \u00e9tant donc le petit petit col&#8230;\u00a0\u00bb : donc \u00ab\u00a0Coulet\u00a0\u00bb serait une forme r\u00e9gionale de collet qui serait le \u00ab\u00a0petit col\u00a0\u00bb. M\u00eame si je suis d\u2019accord avec cette affirmation, est-ce aussi simple ? Car si l\u2019on trouve dans le P\u00e9gorier cette d\u00e9finition pour \u00ab\u00a0Coulet\u00a0\u00bb : colline, petite montagne, petit col -Ubaye, Alpes- (Ard\u00e8che, C\u00e9vennes, etc. ne sont pas mentionn\u00e9es ! ! !) pour \u00ab\u00a0Collet\u00a0\u00bb on ne trouve\u2026 rien. Ce mot \u00ab\u00a0collet\u00a0\u00bb lui me semble donc poser bien des probl\u00e8mes.<\/p>\n<p>Si l&rsquo;on en croit Alain Rey (Dictionnaire Historique de la Langue Fran\u00e7aise) ce mot est attest\u00e9 depuis la fin du XIe S. o\u00f9 il est utilis\u00e9 au sens de \u00ab\u00a0cou\u00a0\u00bb pour d\u00e9signer la partie d&rsquo;une b\u00eate de boucherie comprise entre la t\u00eate et les \u00e9paules ; par m\u00e9tonymie le n\u0153ud coulant des braconniers (1547) et techniquement la partie en saillie autour d&rsquo;un objet circulaire. Il ne conserve son ancien sens de \u00ab\u00a0partie du v\u00eatement entourant le cou\u00a0\u00bb (1280) que dans les locutions collet mont\u00e9 et mettre la main au collet ! Il n&rsquo;est nullement fait allusion au sens de <strong>petit col g\u00e9ographique<\/strong>.<\/p>\n<p>L&rsquo;on sait que le sens de col g\u00e9ographique pour le mot \u00ab\u00a0<strong>col<\/strong>\u00a0\u00bb n&rsquo;est attest\u00e9 qu&rsquo;en 1635, \u00e9liminant peu \u00e0 peu les anciens termes de port, pas et d\u00e9troit qui ne subsistent que localement (port dans les Pyr\u00e9n\u00e9es ; pas surtout dans le sud-est, mais pas exclusivement ; d\u00e9troit a chang\u00e9 de sens).<\/p>\n<p><strong>Collet<\/strong> au sens de<strong> petit col g\u00e9ographique<\/strong> n&rsquo;est donn\u00e9 par aucun des dictionnaires de langue classique ou sp\u00e9cialis\u00e9 (Petit ou Grand Robert, Petit ou Grand Larousse, Littr\u00e9, etc.), la seule attestation que je connaisse figure dans le Dictionnaire critique de la Documentation Fran\u00e7aise mais seulement au sens de petit col. Or dans la r\u00e9alit\u00e9 ce mot est employ\u00e9 encore plus fr\u00e9quemment au sens de colline et l\u00e0 aucune attestation, alors que si l&rsquo;on trouve plus de 200 fois collet dans notre bible Le Chauvot, les cartes de l&rsquo;IGN l&#8217;emploie, sans doute, 4 ou 500 fois au sens de colline ! M\u00eame A. P\u00e9gorier ne le cite pas ! (tout au moins directement).<\/p>\n<p>Voil\u00e0 donc un terme utilis\u00e9 des centaines de fois sur les cartes (au sens de col g\u00e9ographique) et dont on ne trouve aucune attestation ! Or pour d\u00e9signer une colline voici les termes que A. P\u00e9gorier propose :<\/p>\n<p><strong>coulet<\/strong>, colet, <strong>collet<\/strong>, montagnoun, mountet, mourre, piechet, poiget, pouget, poui, pouiet, pouioulet, puech, puechoun, pujol, puget, puyet, puyot, pujoulet, raspet, serre, tap, taural, taurel, tosenn, toucoulet, toural, truc, truquet, tuchen, tuc, tuquet, turret&#8230;<\/p>\n<p>Liste non limitative et qui devait permettre d&rsquo;exprimer, dans chaque r\u00e9gion, des particularit\u00e9s subtiles dont le fran\u00e7ais actuel est d\u00e9muni.<\/p>\n<blockquote><p>Si l\u2019on s\u2019en tenait aux \u00ab\u00a0preuves acad\u00e9miques\u00a0\u00bb seul le sens de colline pour \u00ab\u00a0collet\u00a0\u00bb devrait \u00eatre retenu, \u00e9trange ! Quant \u00e0 \u00ab\u00a0coulet\u00a0\u00bb, il ne figure pas dans les dictionnaire fran\u00e7ais.<\/p><\/blockquote>\n<p>Le probl\u00e8me, que je me pose, est la double signification de ces deux mots coulet et collet, ce dernier encore plus r\u00e9pandu (6 ou 700 attestations dans le sud-est) ! Le fait que ce soit des noms de famille (1) assez r\u00e9pandus, (pour coulet Bernard Pommel indique au moins 951 inscrits + ceux en liste rouge + ceux qui n&rsquo;ont pas le t\u00e9l., ceux-ci pas tr\u00e8s nombreux sans doute), donc un ancien nom commun (origine de TOUS les noms propres) qui a donc eu une signification pr\u00e9cise : le petit col, le promontoire (colline), les deux sens (mais pourquoi ?), Voil\u00e0 une question \u00e0 laquelle (comme \u00e0 beaucoup d&rsquo;autres) ne peuvent, \u00e0 mon avis, r\u00e9pondre que des patoisants, car les langues locales \u00e9taient tr\u00e8s riches et tr\u00e8s pr\u00e9cises quant au vocabulaire descriptif utilis\u00e9. Mais combien reste-t-il de patoisants susceptibles de nous \u00e9clairer ? Mon interlocuteur c\u00e9venol pr\u00e9f\u00e9r\u00e9 ne lui attribue que le sens de col, alors pourquoi ce sens de colline aussi utilis\u00e9 sur les cartes ign ?<\/p>\n<p>(1) Pour \u00ab\u00a0collet\u00a0\u00bb, nom propre, je trouve inscrits au t\u00e9l. en Is\u00e8re 340 mentions (22 pour coulet), 8 dans les Alpes de Haute Provence (110 pour coulet), 24 en Ard\u00e8che (63 pour coulet), 5 en Loz\u00e8re et 85 dans l&rsquo;H\u00e9rault (136 pour coulet), etc.<\/p>\n<p>[La r\u00e9partition de ces 2 patronymes m\u00e9riterait sans doute \u00e0 elle seule une \u00e9tude sp\u00e9cifique].<\/p>\n<blockquote><p>Nota : dans les Alpes italiennes COL = colline, sommet ; un col se dit Passo ou Valico + une s\u00e9rie de synonymes correspondant aux collet, pas, porte, selle, etc. en fran\u00e7ais : Bassa, Bocca, Bocchetta, Bocchetto, Breccia, Colla, Colle, Colletta, Colletto, Colma, Colmine, Culmine, Foce, Forca, Forcella, Forcola, Forcelletta, Forcellina, Crocetta, Giogo, Goletta, Goletto, Porta, Porte, Sella, Selletta, Soglia, Soglio, Varco. Les termes suivants d\u00e9signent parfois des cols : Croce*, Crocetta*, Fosso\u00b0, Gola\u00b0\u00b0, Stretta\u00b0\u00b0\u00b0, Trincea***, Trincee***. Les termes suivants sont locaux : Bocchin, Bocchino (Ligurie) ; Bassetta, Joch, Jochl, Sattel, Scharte, Scheideck, Tor, Torl, Turl, Coi, Col, Colle (Trentin, Haut Adige) ; Coi, Col, Colle (V\u00e9n\u00e9tie) Forche, Forchia, Foredor (Frioul) ; Callare, Maesta, Marginata****, Foce, Focetta, Focola, Forbice (Toscane) ; Guado, Vado (Abruzze) ; Arcu, Gemma, Gianna, Janna, Enna, Sedda (Sardaigne) ; Portella (Sicile). Les termes en italique ont la double signification : col et sommet la plupart du temps, mais aussi croix*, \u00b0foss\u00e9, \u00b0\u00b0gorge, \u00b0\u00b0\u00b0d\u00e9fil\u00e9,***tranch\u00e9e, ****calvaire.<\/p><\/blockquote>\n<p>Ce glossaire qui ne pr\u00e9tend pas \u00e0 l&rsquo;exhaustivit\u00e9 montre bien que le probl\u00e8me n&rsquo;est \u00e9videmment pas limit\u00e9 \u00e0 nos r\u00e9gions.<\/p>\n<h2>TRACOLS, TRESCOLS<\/h2>\n<p>\u00ab\u00a0tracol\u00a0\u00bb et \u00ab\u00a0trescol\u00a0\u00bb sont un m\u00eame mot : \u00ab\u00a0tra-col\u00a0\u00bb ou \u00ab\u00a0tres-col\u00a0\u00bb. Comme en fran\u00e7ais o\u00f9 l\u2019on a \u00ab\u00a0tra-verser\u00a0\u00bb et \u00ab\u00a0tres-passer\u00a0\u00bb qui, \u00e0 l&rsquo;origine, avaient le m\u00eame sens. Pourquoi des \u00ab\u00a0tracol\u00a0\u00bb en Ard\u00e9che essentiellement ? Habitudes, \u00e9volution de la langue ? Le pr\u00e9fixe \u00ab\u00a0tra\u00a0\u00bb existe cependant un peu partout pour d&rsquo;autres mots. Il y en a un connu de tous, \u00ab\u00a0la tramontane\u00a0\u00bb. On trouve plus localement \u00ab\u00a0tra lou serre\u00a0\u00bb, \u00ab\u00a0tra la crous\u00a0\u00bb (au-del\u00e0 de la croix; on prononce le \u00ab\u00a0s\u00a0\u00bb \u00e0 la fin) et on pourrait r\u00e9fl\u00e9chir au nom de la grotte de \u00ab\u00a0Trabuc\u00a0\u00bb&#8230;(situ\u00e9e dans le Gard \u00e0 15 km sud-ouest d&rsquo;Al\u00e8s).<\/p>\n<p>Prenons maintenant le terme \u00ab\u00a0Trescol\u00a0\u00bb qui figure dans le Chauvot avec des localisations dans les d\u00e9partements de l&rsquo;Aveyron, du Gard et de l&rsquo;H\u00e9rault. Ce terme, que l&rsquo;on trouve sur les cartes ign au 25000\u00e8me, ne figure dans aucun des dictionnaires classiques ou g\u00e9ographiques. Voici ce que j&rsquo;ai pu trouver \u00e0 son sujet :<\/p>\n<p>A. P\u00e9gorier donne dans son glossaire \u00ab\u00a0Trecol, trecou\u00a0\u00bb : point culminant d&rsquo;une montagne, sommet &#8211; Alpes, Languedoc, (je n&rsquo;ai jamais rien trouv\u00e9 de tel dans les Alpes, ni dans le Languedoc, mais je connais moins bien),<\/p>\n<p>Alibert dans son dictionnaire Occitan-Fran\u00e7ais donne \u00ab\u00a0Trescol\u00a0\u00bb : point culminant, sommet, horizon, coucher d&rsquo;un astre (tr\u00e8s curieux, mais voir 4 a),<\/p>\n<p>sur le terrain, les \u00ab\u00a0Trescol\u00a0\u00bb des cartes ign se pr\u00e9sentent comme des mentions pouvant d\u00e9signer aussi bien les cols que les hameaux tr\u00e8s proches de ces cols g\u00e9ographiques, g\u00e9n\u00e9ralement une centaine de m\u00e8tres (cf. 4b),<\/p>\n<p>deux discussions avec des patoisants, d&rsquo;o\u00f9 il ressort :<\/p>\n<p>a)\u00a0\u00a0 un patoisant de 93 ans (du Tarn, en limite de l&rsquo;Aveyron) s&rsquo;insurge parce que la municipalit\u00e9 a donn\u00e9 le nom de \u00ab\u00a0trescol\u00a0\u00bb \u00e0 un quartier situ\u00e9 \u00e0 l&rsquo;est : \u00ab\u00a0c&rsquo;est une erreur, il aurait fallu qu&rsquo;il fut situ\u00e9 \u00e0 l&rsquo;ouest, l\u00e0 o\u00f9 le soleil se couche\u00a0\u00bb !<\/p>\n<p>b)\u00a0\u00a0 un patoisant c\u00e9venol en Ard\u00e8che (originaire du Gard) me d\u00e9clare que ce mot lui est parfaitement connu et d\u00e9signe \u00ab\u00a0ce qui est en de\u00e7\u00e0 du col que l&rsquo;on traverse\u00a0\u00bb, donc le hameau proche, mais identifie parfaitement la pr\u00e9sence d&rsquo;un col !<\/p>\n<p>Maintenant voici quelques pr\u00e9cisions que me fournit un patoisant d&rsquo;Ard\u00e8che :<\/p>\n<h2>SACCOL<\/h2>\n<p>Le \u00ab\u00a0saccol\u00a0\u00bb se dit \u00ab\u00a0sescouol\u00a0\u00bb dans la r\u00e9gion de Villefort mais n&rsquo;a rien \u00e0 voir avec les cols de la montagne puisqu&rsquo;il s&rsquo;agit d&rsquo;une sorte de coussin pour transporter les charges \u00e0 travers ces \u00ab\u00a0acouols\u00a0\u00bb o\u00f9 les mulets et les \u00e2nes ne peuvent pas passer. En fait ce n&rsquo;est pas vraiment un coussin mais un sac. Un sac en grosse toile de jute (de ceux qui servent \u00e0 transporter les pommes de terre entre autres) est rempli de paille puis solidement ferm\u00e9 avec une ficelle; on le retourne pour tasser la paille du c\u00f4t\u00e9 qu&rsquo;on vient de fermer et \u00e0 l&rsquo;oppos\u00e9 on replie le sac en deux sur lui-m\u00eame en rentrant un coin dans l&rsquo;autre ce qui forme une sorte de bonnet pointu et donne au sac l&rsquo;allure d&rsquo;un petite cape. On peut ainsi l&rsquo;accrocher sur la t\u00eate (l\u00e0 il n&rsquo;y a pas de paille), il pend dans le dos et l\u00e0 la paille prot\u00e8ge le dos du porteur mais son but est de former une sorte de bosse qui permet \u00e0 la charge de ne pas glisser et de reposer presque \u00e0 plat pour en assurer un transport plus facile (tout est relatif !). Et je peux dire pour l&rsquo;avoir exp\u00e9riment\u00e9 que c&rsquo;est la t\u00eate qui fait rapidement mal car toute la charge tire sur la \u00ab\u00a0capuche\u00a0\u00bb et c&rsquo;est le front et les cervicales qui supportent le poids. En fait c&rsquo;est le \u00ab\u00a0col\u00a0\u00bb de l&rsquo;homme qui travaille ! Dans le dialecte du sud Loz\u00e8re on n&rsquo;a qu&rsquo;un seul et m\u00eame mot pour le \u00ab\u00a0cou\u00a0\u00bb et le \u00ab\u00a0col\u00a0\u00bb.<\/p>\n<h2>ACOUOL et &#8230;&#8230;.plus<\/h2>\n<p>\u00ab\u00a0Acouol\u00a0\u00bb est bien la m\u00eame chose que \u00ab\u00a0accol\u00a0\u00bb.<\/p>\n<p>Quand je donne des mots du \u00ab\u00a0patois\u00a0\u00bb c&rsquo;est toujours une transcription \u00ab\u00a0pseudo-phon\u00e9tique\u00a0\u00bb car je n&rsquo;en ai jamais appris l&rsquo;orthographe, \u00e0 supposer qu&rsquo;il y en est une \u00ab\u00a0officielle\u00a0\u00bb !<\/p>\n<p>Vous citez le mot proven\u00e7al \u00ab\u00a0ACOU\u00a0\u00bb. Puisque nous sommes dans le probl\u00e8me de la langue (bien au-del\u00e0 de la s\u00e9mantique du \u00ab\u00a0col\u00a0\u00bb), je vous signale une ambigu\u00eft\u00e9 possible avec ce mot \u00ab\u00a0acou\u00a0\u00bb:<\/p>\n<p>Il suffit d&rsquo;ajouter un \u00ab\u00a0t\u00a0\u00bb \u00e0 \u00ab\u00a0acou\u00a0\u00bb pour faire \u00ab\u00a0acout\u00a0\u00bb (on prononce le \u00ab\u00a0t\u00a0\u00bb) et on a un sens tout diff\u00e9rent; une \u00ab\u00a0acout\u00a0\u00bb (toujours dans la r\u00e9gion de Villefort) c&rsquo;est la pierre \u00e0 aiguiser qu&rsquo;utilisent les faucheurs, une pierre d&rsquo;environ 30 cm de long. Cette pierre est dans une sorte de r\u00e9cipient que le faucheur pend \u00e0 sa ceinture devant lui; il contient de l&rsquo;eau pour que la pierre soit toujours mouill\u00e9e pour r\u00e9aff\u00fbter la faux tr\u00e8s r\u00e9guli\u00e8rement pendant la fauchaison. En Loz\u00e8re ce r\u00e9cipient est en bois et en forme de sabot, sans talon bien s\u00fbr. Son nom: \u00ab\u00a0lou coud(r)io\u00a0\u00bb.<\/p>\n<p>Il y a parfois autant de diff\u00e9rence de prononciation pour un m\u00eame mot \u00ab\u00a0patois\u00a0\u00bb entre Villefort et Carpentras qu&rsquo;il y en a pour un m\u00eame mot entre le fran\u00e7ais et l&rsquo;anglais.<\/p>\n<p>Petite remarque : il faut faire attention \u00e0 ne pas chercher une racine unique \u00e0 deux mots apparemment tr\u00e8s semblables.<\/p>\n<p>Ex. \u00ab\u00a0draille\u00a0\u00bb et \u00ab\u00a0daille\u00a0\u00bb n&rsquo;ont absolument rien \u00e0 voir, \u00ab\u00a0draillo\u00a0\u00bb vous connaissez bien s\u00fbr. C&rsquo;est le chemin emprunt\u00e9 par les transhumants.\u00a0\u00a0 \u00ab\u00a0daillo\u00a0\u00bb c&rsquo;est tout simplement la faux&#8230;&#8230; qu&rsquo;on aiguise avec l'\u00a0\u00bbacout\u00a0\u00bb.<\/p>\n<p><em>Michel de Br\u00e9bisson<\/em><br \/>\n[email]&#x6d;&#x69;&#x63;&#x68;&#x65;&#x6c;&#x2e;&#x64;&#x65;&#x62;&#x72;&#101;&#98;&#105;&#115;&#115;&#111;&#110;&#64;wanad&#x6f;&#x6f;&#x2e;&#x66;&#x72;[\/email]<\/p>\n","protected":false},"excerpt":{"rendered":"<p>L&rsquo;article de Bernard Pommel (Tracols, Accols &amp; Saccols) est tr\u00e8s int\u00e9ressant et il m&rsquo;a apport\u00e9 des informations pr\u00e9cieuses mais \u00e9galement des interrogations ou plut\u00f4t des non r\u00e9ponses \u00e0 des questions que je me pose depuis longtemps. Apr\u00e8s l&rsquo;\u00e9num\u00e9ration des \u00ab\u00a0Coulet\u00a0\u00bb d&rsquo;Ard\u00e8che, il affirme : \u00ab\u00a0L&rsquo;\u00e9tymologie du mot COULET ne pose pas de probl\u00e8me : c&rsquo;est [&hellip;]<\/p>\n","protected":false},"author":2,"featured_media":89699,"comment_status":"closed","ping_status":"open","sticky":false,"template":"","format":"standard","meta":{"_acf_changed":false,"footnotes":""},"categories":[227],"tags":[],"class_list":["post-80448","post","type-post","status-publish","format-standard","has-post-thumbnail","hentry","category-toponymie"],"acf":[],"yoast_head":"<!-- This site is optimized with the Yoast SEO plugin v27.2 - https:\/\/yoast.com\/product\/yoast-seo-wordpress\/ -->\n<title>R\u00e9flexions sur Coulet, Collet, Tracol, Trescol, Accol et Saccol - Club des Cent Cols<\/title>\n<meta name=\"robots\" content=\"index, follow, max-snippet:-1, max-image-preview:large, max-video-preview:-1\" \/>\n<link rel=\"canonical\" href=\"https:\/\/centcols.org\/it\/riflessioni-su-coulet-collet-tracol-trescol-accol-e-saccol\/\" \/>\n<meta property=\"og:locale\" content=\"it_IT\" \/>\n<meta property=\"og:type\" content=\"article\" \/>\n<meta property=\"og:title\" content=\"R\u00e9flexions sur Coulet, Collet, Tracol, Trescol, Accol et Saccol - Club des Cent Cols\" \/>\n<meta property=\"og:description\" content=\"L&rsquo;article de Bernard Pommel (Tracols, Accols &amp; Saccols) est tr\u00e8s int\u00e9ressant et il m&rsquo;a apport\u00e9 des informations pr\u00e9cieuses mais \u00e9galement des interrogations ou plut\u00f4t des non r\u00e9ponses \u00e0 des questions que je me pose depuis longtemps. Apr\u00e8s l&rsquo;\u00e9num\u00e9ration des \u00ab\u00a0Coulet\u00a0\u00bb d&rsquo;Ard\u00e8che, il affirme : \u00ab\u00a0L&rsquo;\u00e9tymologie du mot COULET ne pose pas de probl\u00e8me : c&rsquo;est [&hellip;]\" \/>\n<meta property=\"og:url\" content=\"https:\/\/centcols.org\/it\/riflessioni-su-coulet-collet-tracol-trescol-accol-e-saccol\/\" \/>\n<meta property=\"og:site_name\" content=\"Club des Cent Cols\" \/>\n<meta property=\"article:publisher\" content=\"https:\/\/www.facebook.com\/groups\/5261880558\/?locale=fr_FR\" \/>\n<meta property=\"article:published_time\" content=\"2002-12-03T06:59:59+00:00\" \/>\n<meta property=\"article:modified_time\" content=\"2025-09-12T06:14:03+00:00\" \/>\n<meta property=\"og:image\" content=\"https:\/\/centcols.org\/wp-content\/uploads\/2002\/12\/collet.jpg\" \/>\n\t<meta property=\"og:image:width\" content=\"799\" \/>\n\t<meta property=\"og:image:height\" content=\"490\" \/>\n\t<meta property=\"og:image:type\" content=\"image\/jpeg\" \/>\n<meta name=\"author\" content=\"fabien\" \/>\n<meta name=\"twitter:card\" content=\"summary_large_image\" \/>\n<meta name=\"twitter:label1\" content=\"Scritto da\" \/>\n\t<meta name=\"twitter:data1\" content=\"fabien\" \/>\n\t<meta name=\"twitter:label2\" content=\"Tempo di lettura stimato\" \/>\n\t<meta name=\"twitter:data2\" content=\"9 minuti\" \/>\n<script type=\"application\/ld+json\" class=\"yoast-schema-graph\">{\"@context\":\"https:\/\/schema.org\",\"@graph\":[{\"@type\":\"Article\",\"@id\":\"https:\/\/centcols.org\/reflexions-sur-coulet-collet-tracol-trescol-accol-et-saccol\/#article\",\"isPartOf\":{\"@id\":\"https:\/\/centcols.org\/reflexions-sur-coulet-collet-tracol-trescol-accol-et-saccol\/\"},\"author\":{\"name\":\"fabien\",\"@id\":\"https:\/\/centcols.org\/#\/schema\/person\/fcdb31e57ffa95295c9683ffdda82afa\"},\"headline\":\"R\u00e9flexions sur Coulet, Collet, Tracol, Trescol, Accol et Saccol\",\"datePublished\":\"2002-12-03T06:59:59+00:00\",\"dateModified\":\"2025-09-12T06:14:03+00:00\",\"mainEntityOfPage\":{\"@id\":\"https:\/\/centcols.org\/reflexions-sur-coulet-collet-tracol-trescol-accol-et-saccol\/\"},\"wordCount\":1942,\"publisher\":{\"@id\":\"https:\/\/centcols.org\/#organization\"},\"image\":{\"@id\":\"https:\/\/centcols.org\/reflexions-sur-coulet-collet-tracol-trescol-accol-et-saccol\/#primaryimage\"},\"thumbnailUrl\":\"https:\/\/centcols.org\/wp-content\/uploads\/2002\/12\/collet.jpg\",\"articleSection\":[\"Toponymie\"],\"inLanguage\":\"it-IT\"},{\"@type\":\"WebPage\",\"@id\":\"https:\/\/centcols.org\/reflexions-sur-coulet-collet-tracol-trescol-accol-et-saccol\/\",\"url\":\"https:\/\/centcols.org\/reflexions-sur-coulet-collet-tracol-trescol-accol-et-saccol\/\",\"name\":\"R\u00e9flexions sur Coulet, Collet, Tracol, Trescol, Accol et Saccol - Club des Cent Cols\",\"isPartOf\":{\"@id\":\"https:\/\/centcols.org\/#website\"},\"primaryImageOfPage\":{\"@id\":\"https:\/\/centcols.org\/reflexions-sur-coulet-collet-tracol-trescol-accol-et-saccol\/#primaryimage\"},\"image\":{\"@id\":\"https:\/\/centcols.org\/reflexions-sur-coulet-collet-tracol-trescol-accol-et-saccol\/#primaryimage\"},\"thumbnailUrl\":\"https:\/\/centcols.org\/wp-content\/uploads\/2002\/12\/collet.jpg\",\"datePublished\":\"2002-12-03T06:59:59+00:00\",\"dateModified\":\"2025-09-12T06:14:03+00:00\",\"breadcrumb\":{\"@id\":\"https:\/\/centcols.org\/reflexions-sur-coulet-collet-tracol-trescol-accol-et-saccol\/#breadcrumb\"},\"inLanguage\":\"it-IT\",\"potentialAction\":[{\"@type\":\"ReadAction\",\"target\":[\"https:\/\/centcols.org\/reflexions-sur-coulet-collet-tracol-trescol-accol-et-saccol\/\"]}]},{\"@type\":\"ImageObject\",\"inLanguage\":\"it-IT\",\"@id\":\"https:\/\/centcols.org\/reflexions-sur-coulet-collet-tracol-trescol-accol-et-saccol\/#primaryimage\",\"url\":\"https:\/\/centcols.org\/wp-content\/uploads\/2002\/12\/collet.jpg\",\"contentUrl\":\"https:\/\/centcols.org\/wp-content\/uploads\/2002\/12\/collet.jpg\",\"width\":799,\"height\":490},{\"@type\":\"BreadcrumbList\",\"@id\":\"https:\/\/centcols.org\/reflexions-sur-coulet-collet-tracol-trescol-accol-et-saccol\/#breadcrumb\",\"itemListElement\":[{\"@type\":\"ListItem\",\"position\":1,\"name\":\"Accueil\",\"item\":\"https:\/\/centcols.org\/\"},{\"@type\":\"ListItem\",\"position\":2,\"name\":\"Toponymie\",\"item\":\"https:\/\/centcols.org\/rubrique\/toponymie\/\"},{\"@type\":\"ListItem\",\"position\":3,\"name\":\"R\u00e9flexions sur Coulet, Collet, Tracol, Trescol, Accol et Saccol\"}]},{\"@type\":\"WebSite\",\"@id\":\"https:\/\/centcols.org\/#website\",\"url\":\"https:\/\/centcols.org\/\",\"name\":\"Club des Cent Cols\",\"description\":\"\",\"publisher\":{\"@id\":\"https:\/\/centcols.org\/#organization\"},\"potentialAction\":[{\"@type\":\"SearchAction\",\"target\":{\"@type\":\"EntryPoint\",\"urlTemplate\":\"https:\/\/centcols.org\/?s={search_term_string}\"},\"query-input\":{\"@type\":\"PropertyValueSpecification\",\"valueRequired\":true,\"valueName\":\"search_term_string\"}}],\"inLanguage\":\"it-IT\"},{\"@type\":\"Organization\",\"@id\":\"https:\/\/centcols.org\/#organization\",\"name\":\"Club des Cent Cols\",\"url\":\"https:\/\/centcols.org\/\",\"logo\":{\"@type\":\"ImageObject\",\"inLanguage\":\"it-IT\",\"@id\":\"https:\/\/centcols.org\/#\/schema\/logo\/image\/\",\"url\":\"https:\/\/centcols.org\/wp-content\/uploads\/2025\/01\/carte-icone.png\",\"contentUrl\":\"https:\/\/centcols.org\/wp-content\/uploads\/2025\/01\/carte-icone.png\",\"width\":250,\"height\":250,\"caption\":\"Club des Cent Cols\"},\"image\":{\"@id\":\"https:\/\/centcols.org\/#\/schema\/logo\/image\/\"},\"sameAs\":[\"https:\/\/www.facebook.com\/groups\/5261880558\/?locale=fr_FR\"]},{\"@type\":\"Person\",\"@id\":\"https:\/\/centcols.org\/#\/schema\/person\/fcdb31e57ffa95295c9683ffdda82afa\",\"name\":\"fabien\",\"image\":{\"@type\":\"ImageObject\",\"inLanguage\":\"it-IT\",\"@id\":\"https:\/\/centcols.org\/wp-content\/litespeed\/avatar\/9065528d4c1ba02f0faf2b7616b2a195.jpg?ver=1777225983\",\"url\":\"https:\/\/centcols.org\/wp-content\/litespeed\/avatar\/9065528d4c1ba02f0faf2b7616b2a195.jpg?ver=1777225983\",\"contentUrl\":\"https:\/\/centcols.org\/wp-content\/litespeed\/avatar\/9065528d4c1ba02f0faf2b7616b2a195.jpg?ver=1777225983\",\"caption\":\"fabien\"},\"url\":\"https:\/\/centcols.org\/it\/author\/fabien\/\"}]}<\/script>\n<!-- \/ Yoast SEO plugin. -->","yoast_head_json":{"title":"Riflessioni su Coulet, Collet, Tracol, Trescol, Accol e Saccol - Club des Cent Cols","robots":{"index":"index","follow":"follow","max-snippet":"max-snippet:-1","max-image-preview":"max-image-preview:large","max-video-preview":"max-video-preview:-1"},"canonical":"https:\/\/centcols.org\/it\/riflessioni-su-coulet-collet-tracol-trescol-accol-e-saccol\/","og_locale":"it_IT","og_type":"article","og_title":"R\u00e9flexions sur Coulet, Collet, Tracol, Trescol, Accol et Saccol - Club des Cent Cols","og_description":"L&rsquo;article de Bernard Pommel (Tracols, Accols &amp; Saccols) est tr\u00e8s int\u00e9ressant et il m&rsquo;a apport\u00e9 des informations pr\u00e9cieuses mais \u00e9galement des interrogations ou plut\u00f4t des non r\u00e9ponses \u00e0 des questions que je me pose depuis longtemps. Apr\u00e8s l&rsquo;\u00e9num\u00e9ration des \u00ab\u00a0Coulet\u00a0\u00bb d&rsquo;Ard\u00e8che, il affirme : \u00ab\u00a0L&rsquo;\u00e9tymologie du mot COULET ne pose pas de probl\u00e8me : c&rsquo;est [&hellip;]","og_url":"https:\/\/centcols.org\/it\/riflessioni-su-coulet-collet-tracol-trescol-accol-e-saccol\/","og_site_name":"Club des Cent Cols","article_publisher":"https:\/\/www.facebook.com\/groups\/5261880558\/?locale=fr_FR","article_published_time":"2002-12-03T06:59:59+00:00","article_modified_time":"2025-09-12T06:14:03+00:00","og_image":[{"width":799,"height":490,"url":"https:\/\/centcols.org\/wp-content\/uploads\/2002\/12\/collet.jpg","type":"image\/jpeg"}],"author":"fabien","twitter_card":"summary_large_image","twitter_misc":{"Scritto da":"fabien","Tempo di lettura stimato":"9 minuti"},"schema":{"@context":"https:\/\/schema.org","@graph":[{"@type":"Article","@id":"https:\/\/centcols.org\/reflexions-sur-coulet-collet-tracol-trescol-accol-et-saccol\/#article","isPartOf":{"@id":"https:\/\/centcols.org\/reflexions-sur-coulet-collet-tracol-trescol-accol-et-saccol\/"},"author":{"name":"fabien","@id":"https:\/\/centcols.org\/#\/schema\/person\/fcdb31e57ffa95295c9683ffdda82afa"},"headline":"R\u00e9flexions sur Coulet, Collet, Tracol, Trescol, Accol et Saccol","datePublished":"2002-12-03T06:59:59+00:00","dateModified":"2025-09-12T06:14:03+00:00","mainEntityOfPage":{"@id":"https:\/\/centcols.org\/reflexions-sur-coulet-collet-tracol-trescol-accol-et-saccol\/"},"wordCount":1942,"publisher":{"@id":"https:\/\/centcols.org\/#organization"},"image":{"@id":"https:\/\/centcols.org\/reflexions-sur-coulet-collet-tracol-trescol-accol-et-saccol\/#primaryimage"},"thumbnailUrl":"https:\/\/centcols.org\/wp-content\/uploads\/2002\/12\/collet.jpg","articleSection":["Toponymie"],"inLanguage":"it-IT"},{"@type":"WebPage","@id":"https:\/\/centcols.org\/reflexions-sur-coulet-collet-tracol-trescol-accol-et-saccol\/","url":"https:\/\/centcols.org\/reflexions-sur-coulet-collet-tracol-trescol-accol-et-saccol\/","name":"Riflessioni su Coulet, Collet, Tracol, Trescol, Accol e Saccol - Club des Cent Cols","isPartOf":{"@id":"https:\/\/centcols.org\/#website"},"primaryImageOfPage":{"@id":"https:\/\/centcols.org\/reflexions-sur-coulet-collet-tracol-trescol-accol-et-saccol\/#primaryimage"},"image":{"@id":"https:\/\/centcols.org\/reflexions-sur-coulet-collet-tracol-trescol-accol-et-saccol\/#primaryimage"},"thumbnailUrl":"https:\/\/centcols.org\/wp-content\/uploads\/2002\/12\/collet.jpg","datePublished":"2002-12-03T06:59:59+00:00","dateModified":"2025-09-12T06:14:03+00:00","breadcrumb":{"@id":"https:\/\/centcols.org\/reflexions-sur-coulet-collet-tracol-trescol-accol-et-saccol\/#breadcrumb"},"inLanguage":"it-IT","potentialAction":[{"@type":"ReadAction","target":["https:\/\/centcols.org\/reflexions-sur-coulet-collet-tracol-trescol-accol-et-saccol\/"]}]},{"@type":"ImageObject","inLanguage":"it-IT","@id":"https:\/\/centcols.org\/reflexions-sur-coulet-collet-tracol-trescol-accol-et-saccol\/#primaryimage","url":"https:\/\/centcols.org\/wp-content\/uploads\/2002\/12\/collet.jpg","contentUrl":"https:\/\/centcols.org\/wp-content\/uploads\/2002\/12\/collet.jpg","width":799,"height":490},{"@type":"BreadcrumbList","@id":"https:\/\/centcols.org\/reflexions-sur-coulet-collet-tracol-trescol-accol-et-saccol\/#breadcrumb","itemListElement":[{"@type":"ListItem","position":1,"name":"Accueil","item":"https:\/\/centcols.org\/"},{"@type":"ListItem","position":2,"name":"Toponymie","item":"https:\/\/centcols.org\/rubrique\/toponymie\/"},{"@type":"ListItem","position":3,"name":"R\u00e9flexions sur Coulet, Collet, Tracol, Trescol, Accol et Saccol"}]},{"@type":"WebSite","@id":"https:\/\/centcols.org\/#website","url":"https:\/\/centcols.org\/","name":"Club des Cent Cols","description":"","publisher":{"@id":"https:\/\/centcols.org\/#organization"},"potentialAction":[{"@type":"SearchAction","target":{"@type":"EntryPoint","urlTemplate":"https:\/\/centcols.org\/?s={search_term_string}"},"query-input":{"@type":"PropertyValueSpecification","valueRequired":true,"valueName":"search_term_string"}}],"inLanguage":"it-IT"},{"@type":"Organization","@id":"https:\/\/centcols.org\/#organization","name":"Club des Cent Cols","url":"https:\/\/centcols.org\/","logo":{"@type":"ImageObject","inLanguage":"it-IT","@id":"https:\/\/centcols.org\/#\/schema\/logo\/image\/","url":"https:\/\/centcols.org\/wp-content\/uploads\/2025\/01\/carte-icone.png","contentUrl":"https:\/\/centcols.org\/wp-content\/uploads\/2025\/01\/carte-icone.png","width":250,"height":250,"caption":"Club des Cent Cols"},"image":{"@id":"https:\/\/centcols.org\/#\/schema\/logo\/image\/"},"sameAs":["https:\/\/www.facebook.com\/groups\/5261880558\/?locale=fr_FR"]},{"@type":"Person","@id":"https:\/\/centcols.org\/#\/schema\/person\/fcdb31e57ffa95295c9683ffdda82afa","name":"fabien","image":{"@type":"ImageObject","inLanguage":"it-IT","@id":"https:\/\/centcols.org\/wp-content\/litespeed\/avatar\/9065528d4c1ba02f0faf2b7616b2a195.jpg?ver=1777225983","url":"https:\/\/centcols.org\/wp-content\/litespeed\/avatar\/9065528d4c1ba02f0faf2b7616b2a195.jpg?ver=1777225983","contentUrl":"https:\/\/centcols.org\/wp-content\/litespeed\/avatar\/9065528d4c1ba02f0faf2b7616b2a195.jpg?ver=1777225983","caption":"fabien"},"url":"https:\/\/centcols.org\/it\/author\/fabien\/"}]}},"_links":{"self":[{"href":"https:\/\/centcols.org\/it\/wp-json\/wp\/v2\/posts\/80448","targetHints":{"allow":["GET"]}}],"collection":[{"href":"https:\/\/centcols.org\/it\/wp-json\/wp\/v2\/posts"}],"about":[{"href":"https:\/\/centcols.org\/it\/wp-json\/wp\/v2\/types\/post"}],"author":[{"embeddable":true,"href":"https:\/\/centcols.org\/it\/wp-json\/wp\/v2\/users\/2"}],"replies":[{"embeddable":true,"href":"https:\/\/centcols.org\/it\/wp-json\/wp\/v2\/comments?post=80448"}],"version-history":[{"count":0,"href":"https:\/\/centcols.org\/it\/wp-json\/wp\/v2\/posts\/80448\/revisions"}],"wp:featuredmedia":[{"embeddable":true,"href":"https:\/\/centcols.org\/it\/wp-json\/wp\/v2\/media\/89699"}],"wp:attachment":[{"href":"https:\/\/centcols.org\/it\/wp-json\/wp\/v2\/media?parent=80448"}],"wp:term":[{"taxonomy":"category","embeddable":true,"href":"https:\/\/centcols.org\/it\/wp-json\/wp\/v2\/categories?post=80448"},{"taxonomy":"post_tag","embeddable":true,"href":"https:\/\/centcols.org\/it\/wp-json\/wp\/v2\/tags?post=80448"}],"curies":[{"name":"wp","href":"https:\/\/api.w.org\/{rel}","templated":true}]}}