{"id":80516,"date":"2012-04-23T10:11:11","date_gmt":"2012-04-23T08:11:11","guid":{"rendered":"https:\/\/centcols.org\/concentration-internationale-et-40eme-anniversaire-de-la-confrerie-au-col-de-plainpalais-le-4-aout-rassemblement-a-lescheraines-73-du-29-juillet-au-5-aout-2012\/"},"modified":"2025-09-02T09:43:27","modified_gmt":"2025-09-02T07:43:27","slug":"soggiorno-2012-lescheraines","status":"publish","type":"post","link":"https:\/\/centcols.org\/it\/sejour-2012-lescheraines\/","title":{"rendered":"Concentrazione internazionale e 40\u00b0 anniversario della Confr\u00e9rie al Col de Plainpalais il 4 agosto Raduno a Lescheraines (73) dal 29 luglio al 5 agosto 2012"},"content":{"rendered":"<h2 class=\"wp-block-heading\">I video<\/h2>\n\n\n\n<p><a class=\"iframe-fancybox\" title=\"video dell&#039;evento\" href=\"https:\/\/www.youtube.com\/watch?v=0LwGBLENvqs&amp;feature=youtu.be\" target=\"_blank\" rel=\"noopener\">Vedi la versione breve (12\u2032)<\/a><\/p>\n\n\n\n<p><a class=\"iframe-fancybox\" title=\"video dell&#039;evento\" href=\"https:\/\/www.youtube.com\/watch?v=l5lfqbRaV5o\" target=\"_blank\" rel=\"noopener\">Vedere la versione lunga (33\u2032)<\/a><\/p>\n\n\n\n<h2 class=\"wp-block-heading\">Le foto<\/h2>\n\n\n\n<p><a href=\"#album\">Vedere gli album in fondo alla pagina<\/a><\/p>\n\n\n\n<h2 class=\"wp-block-heading\">Presentazione<\/h2>\n\n\n\n<p>Il massiccio dei Bauges, situato in Savoia e Alta Savoia nel luogo di nascita del Club des Cent Cols, ci accoglier\u00e0 quest'estate.<\/p>\n\n\n\n<p>Una presentazione dei tour sar\u00e0 disponibile in un secondo momento sul sito web e nella revisione annuale.<\/p>\n\n\n\n<p>Questa riunione sar\u00e0 un po' speciale, poich\u00e9 celebreremo degnamente il quarantesimo anniversario del Club des Cent Cols (prima di festeggiare nuovamente all'Assemblea generale annuale di Annecy il 1\u00b0 dicembre). Il 4 agosto, dopo la riunione, \u00e8 previsto un pranzo di festa.<\/p>\n\n\n\n<p>A seguito di una situazione fuori dal nostro controllo (indisponibilit\u00e0 di un alloggio), il Club si scusa con i soci che avrebbero preferito un incontro all'inizio del mese di luglio o pi\u00f9 lontano dalla data della settimana federale.<\/p>\n\n\n\n<h2 class=\"wp-block-heading\">Opuscolo e slideshow<\/h2>\n\n\n\n<p>Ora \u00e8 possibile scaricare <a href=\"https:\/\/centcols.org\/wp-content\/uploads\/2025\/09\/plaquette_A5.pdf\" target=\"_blank\" rel=\"noreferrer noopener\">l'opuscolo delle vacanze<\/a> (1,7 milioni) che sar\u00e0 distribuito a ogni partecipante grazie alla partecipazione finanziaria dell'agenzia turistica delle due regioni della Savoia, Savoie Mont Blanc Tourisme. L'opuscolo \u00e8 in formato A5, con 2 pagine A5 verticali su un foglio A4 da stampare in orientamento orizzontale su entrambi i lati e da piegare al centro. Per leggere la brochure online, utilizzare questo link <a href=\"https:\/\/centcols.org\/wp-content\/uploads\/2025\/09\/plaquette_A4_seq.pdf\" target=\"_blank\" rel=\"noreferrer noopener\">Versione A4<\/a> (una pagina per foglio) (1,8 milioni).<\/p>\n\n\n\n<p>Per scoprire le Bauges e la Chartreuse prima di mettere le ruote, provate questo <a class=\"iframe-fancybox\" title=\"Bauges e Chartreuse\" href=\"https:\/\/centcols.org\/it\/util\/visuAlbum.php\/?album=3225-7\" target=\"_blank\" rel=\"noopener\">slideshow<\/a> di R\u00e9gis Paraz.<\/p>\n\n\n\n<h2 class=\"wp-block-heading\">Alloggio e registrazione<\/h2>\n\n\n\n<p>Per garantire la massima capacit\u00e0, saranno offerti due tipi di alloggio nello stesso sito:<\/p>\n\n\n\n<p>Per garantire la massima capacit\u00e0, saranno offerti due tipi di alloggio nello stesso sito:<\/p>\n\n\n\n<ul class=\"wp-block-list\">\n<li>Centro vacanze \"Eau Vive\", da domenica 29 luglio a domenica 5 agosto (<a href=\"https:\/\/www.ternelia-lm.com\/hotel\/eau-vive\/\" target=\"_blank\" rel=\"noreferrer noopener\">http:\/\/bauges-l-eau-vive.ternelia.com<\/a>) Il centro vacanze \u00e8 al completo.<\/li>\n\n\n\n<li>Le case mobili del campeggio, a nostra disposizione da sabato 28 luglio a sabato 4 agosto (per rispettare la regola dell'affitto da sabato a sabato e per non interferire con gli affitti della settimana successiva) (<a title=\"Le isole Ch\u00e9ran\" href=\"http:\/\/www.savoie-camping.com\/\" target=\"_blank\" rel=\"noopener\">http:\/\/www.savoie-camping.com<\/a>). Le case mobili sono al completo.<\/li>\n<\/ul>\n\n\n\n<p>I due alloggi si trovano uno accanto all'altro nel parco divertimenti \"Les Iles du Ch\u00e9ran\". Abbiamo quindi riservato tutti i posti disponibili (80) presso il centro \"Eau Vive\" sulle rive del lago Lescheraines e le 12 confortevoli case mobili presso il campeggio comunale adiacente a \"Eau Vive\".<\/p>\n\n\n\n<p>La sistemazione all'Eau Vive sar\u00e0 in camere da 2 o 3 persone (non sono disponibili camere singole) e ogni casa mobile potr\u00e0 ospitare 3 persone (2 camere da letto e un soggiorno con un letto trasformabile possono ospitare una persona per camera) o 4 se c'\u00e8 una famiglia.<\/p>\n\n\n\n<p>Vedi mappa : <a title=\"Le isole Ch\u00e9ran\" href=\"http:\/\/www.savoie-camping.com\/fr\/locations\/mobilhome.html\" target=\"_blank\" rel=\"noopener\">http:\/\/www.savoie-camping.com\/fr\/locations\/mobilhome.html<\/a><\/p>\n\n\n\n<p>I pasti saranno serviti all'Eau Vive per tutti.<br>Per coloro che desiderano utilizzare le case mobili, il vitto (pasti e colazione) inizier\u00e0 il 28 luglio e il 29 sar\u00e0 disponibile un tour. <\/p>\n\n\n\n<p>Attenzione: le case mobili e il centro vacanze sono al completo e non sono pi\u00f9 disponibili. Tuttavia, \u00e8 ancora possibile prenotare il pasto o i pasti di festa. Le ultime prenotazioni devono pervenire al responsabile entro mercoled\u00ec 11 luglio. Si prega di compilare solo la sezione pasti del modulo di iscrizione.<\/p>\n\n\n\n<p>Il costo del vitto sar\u00e0 lo stesso sia che si soggiorni al centro che in una casa mobile. Questa sistemazione \u00e8 altrettanto confortevole di quella offerta da \"l'Eau Vive\" e altrettanto amichevole, poich\u00e9 il campeggio si trova vicino al centro e molti altri membri parteciperanno al campeggio.<\/p>\n\n\n\n<p>Le iscrizioni per l'alloggio presso il centro l'Eau Vive sono aperte dall'invio della rivista. Le iscrizioni saranno gestite in base al principio \"primo arrivato, primo servito\", come risulta dal timbro postale. Se necessario, verr\u00e0 creata una lista d'attesa.<\/p>\n\n\n\n<p>Per i soci che non partecipano alla vacanza, non tardate a iscrivervi al pranzo di festa del 4 agosto (utilizzate il modulo di iscrizione alla vacanza e compilate solo questa sezione). Potete farlo ora, prima della pubblicazione della rivista, inviando il modulo di iscrizione \"Case mobili\" linkato sopra.<br>Accesso alla strada senza uscita che porta al centro ricreativo \"Les Iles du Ch\u00e9ran\".<br>Nota del Consiglio di Amministrazione: Se state organizzando un alloggio diverso dal centro \"l'Eau Vive\" o dalle case mobili, vi preghiamo di comunicarci che parteciperete all'evento, per tre motivi principali:<\/p>\n\n\n\n<p>Da un lato, perch\u00e9 se si aggiungono 15 o 20 persone senza che ne siamo informati, non saremo in grado di dimensionare adeguatamente gli aperitivi di benvenuto e di commiato (no, non \u00e8 vitale, ma ci preoccupiamo di accogliere adeguatamente tutti i partecipanti e siamo destinati ad essere criticati anche per questo tipo di festeggiamenti) o le dimensioni di una sala per le conferenze...<br>D'altra parte, poich\u00e9 il numero di ciclisti aumenta e, come nel caso di Ripoll, il numero totale di partecipanti pu\u00f2 indurci a dividerli in pi\u00f9 gruppi per la vostra sicurezza su strada e per una migliore navigazione in mountain bike,<br>Infine, perch\u00e9 la preparazione di un simile raduno rappresenta un investimento importante per gli organizzatori, che saranno pi\u00f9 tranquilli se potranno valutare con precisione tutti i partecipanti.<\/p>\n\n\n\n<h2 class=\"wp-block-heading\">Dettagli del programma<\/h2>\n\n\n\n<p>L'elenco di tutti i <a href=\"\/it\/membres\/cctours\/tours.php\/?lieu=Lescheraines&amp;an=2012\">circuiti<\/a> \u00e8 disponibile, cos\u00ec come elenchi separati per <a href=\"\/it\/membres\/cctours\/tours.php\/?lieu=Lescheraines&amp;an=2012&amp;genre=R\">percorsi stradali<\/a> e <a href=\"\/it\/membres\/cctours\/tours.php\/?lieu=Lescheraines&amp;an=2012&amp;genre=V\">percorsi per mountain bike<\/a>. Da questi elenchi sono disponibili anche mappe interattive, schede dei percorsi e profili altimetrici per ogni itinerario.<\/p>\n\n\n\n<p>Per coloro che utilizzano un GPS o un software di mappatura sul proprio computer, il <a class=\"iframe-fancybox\" title=\"geolocalizzazione\" href=\"\/it\/membres\/cctours\/tours.php\/?lieu=Lescheraines&amp;an=2012\" target=\"_blank\" rel=\"noopener\">file di geolocalizzazione<\/a> pu\u00f2 essere scaricato. A seconda delle condizioni meteorologiche, le date possono essere modificate con breve preavviso.<\/p>\n\n\n\n<h2 class=\"wp-block-heading\">Introduzione al massiccio dei Bauges<\/h2>\n\n\n\n<p>da Annabelle POTY (3663)<\/p>\n\n\n\n<p>Il massiccio di Bauges \u00e8 uno dei massicci prealpini insieme a Bornes, Chartreuse e Vercors. \u00c8 senza dubbio il meno conosciuto di tutti. Ai suoi piedi si trovano le citt\u00e0 di Chamb\u00e9ry, Aix-les-Bains, Annecy, Albertville e i laghi naturali di Le Bourget e Annecy. Si trova a cavallo tra le regioni della Savoia e dell'Alta Savoia.<\/p>\n\n\n\n<p>Topograficamente, il cuore del massiccio \u00e8 ben definito, in particolare dai passi di Leschaux, Ch\u00e9rel, Fr\u00eane, Pr\u00e9s e Plainpalais. \u00c8 drenato dal torrentizio Ch\u00e9ran, che fuoriesce dal massiccio attraverso una clusterizzazione tra il Semnoz e il monte Bange per unirsi al Fier nella piana dell'Albanais.<\/p>\n\n\n\n<p>Nel 1996, il massiccio \u00e8 stato riconosciuto come Parco Naturale Regionale (64 comuni). La conservazione della flora e della fauna \u00e8 un impegno di lunga data: dal 1955 esiste una riserva nazionale di caccia e di fauna selvatica. Questa \u00e8 stata concepita in particolare per proteggere il camoscio. Oggi, anche il fagiano di monte e lo zoccolo di Venere sono emblematici dei Bauges. (Alcune parti della riserva sono rigorosamente vietate al traffico, anche a piedi. Si veda il regolamento mappato disponibile presso la Maison du Parc a Le Ch\u00e2telard).<\/p>\n\n\n\n<p>Forse a causa della sua altitudine media (max. 2217 m) e del difficile accesso, questa \u00e8 un'area che \u00e8 rimasta incontaminata dai grandi sviluppi turistici delle Alpi. Di conseguenza, il massiccio dei Bauges \u00e8 particolarmente ben conservato. Il turismo qui \u00e8 \"dolce\". Non ci sono imponenti stazioni sciistiche, ma piuttosto stadi di neve con pochi o nessun alloggio turistico (Marg\u00e9riaz, Semnoz). Il Revard \u00e8 noto soprattutto per lo sci di fondo. In estate, le attivit\u00e0 principali sono l'escursionismo, il ciclismo, la pesca e il deltaplano.<\/p>\n\n\n\n<p>L'identit\u00e0 baujue \u00e8 pi\u00f9 forte nel cantone di Le Ch\u00e2telard attraverso il suo patrimonio edilizio. Quando i monaci si stabilirono nei Bauges nell'XI e XII secolo, modellarono il paesaggio e lasciarono alcuni dei monumenti pi\u00f9 imponenti, come il priorato benedettino di Bellevaux e la Certosa di Aillon. Quest'ultima ospita il centro del patrimonio del Parco. Scoprite le tavalans, tipici elementi architettonici che compongono i granai di Baujues o, nella valle della Comp\u00f4te, la linea dei granai.<\/p>\n\n\n\n<p>Oggi le risorse principali sono il turismo, l'agricoltura e la silvicoltura. Le aziende agricole si concentrano principalmente sull'allevamento di bestiame da latte. Questa produzione \u00e8 promossa da una AOC Tome des Bauges (non Tomme de Savoie). Il caseificio di Aillons organizza visite ai suoi impianti di produzione.<\/p>\n\n\n\n<p>L'ultima novit\u00e0 del massiccio dei Bauges \u00e8 l'assegnazione del marchio \"Geoparco\" dell'UNESCO. Il Bauges \u00e8 ora il 3\u00b0 Geoparco francese su 87 a livello mondiale, di cui 49 in Europa. Questo marchio mette in evidenza la ricchezza del patrimonio geologico emblematico della regione, tra cui l'Arclusaz, una sinclinale arroccata molto estetica. Meno conosciuto perch\u00e9 meno visibile, il sottosuolo rappresenta una risorsa preziosa sia per l'acqua che immagazzina sia per lo sviluppo del turismo. Il carso di Revard contiene le grotte pi\u00f9 lunghe e pi\u00f9 grandi della Savoia.<\/p>\n\n\n\n<p>Per celebrare il suo quarantesimo anniversario, il club vi invita a esplorare una regione ricca di passi di montagna, in un ambiente incontaminato con paesaggi variegati.<\/p>\n\n\n\n<h2 class=\"wp-block-heading\"><a id=\"album\"><\/a>Album di foto<\/h2>\n\n\n\n<figure class=\"wp-block-gallery has-nested-images columns-4 is-cropped wp-block-gallery-1 is-layout-flex wp-block-gallery-is-layout-flex\">\n<figure class=\"wp-block-image size-full\"><a href=\"https:\/\/centcols.org\/it\/util\/visuAlbum.php\/?album=06785-001\" target=\"_blank\" rel=\"noreferrer noopener\"><img loading=\"lazy\" decoding=\"async\" width=\"1200\" height=\"900\" data-id=\"88862\" src=\"https:\/\/centcols.org\/wp-content\/uploads\/2012\/04\/L04117-1.jpg\" alt=\"\" class=\"wp-image-88862\" srcset=\"https:\/\/centcols.org\/wp-content\/uploads\/2012\/04\/L04117-1.jpg 1200w, https:\/\/centcols.org\/wp-content\/uploads\/2012\/04\/L04117-1-768x576.jpg 768w\" sizes=\"auto, (max-width: 1200px) 100vw, 1200px\" \/><\/a><figcaption class=\"wp-element-caption\">Album di Max Tissot<\/figcaption><\/figure>\n\n\n\n<figure class=\"wp-block-image size-full\"><a href=\"https:\/\/centcols.org\/it\/util\/visuAlbum.php\/?album=05650-009\" target=\"_blank\" rel=\"noreferrer noopener\"><img loading=\"lazy\" decoding=\"async\" width=\"1200\" height=\"900\" data-id=\"88864\" src=\"https:\/\/centcols.org\/wp-content\/uploads\/2012\/04\/L0921.jpg\" alt=\"\" class=\"wp-image-88864\" srcset=\"https:\/\/centcols.org\/wp-content\/uploads\/2012\/04\/L0921.jpg 1200w, https:\/\/centcols.org\/wp-content\/uploads\/2012\/04\/L0921-768x576.jpg 768w\" sizes=\"auto, (max-width: 1200px) 100vw, 1200px\" \/><\/a><figcaption class=\"wp-element-caption\">Album Alf\u00e9o Lotto<\/figcaption><\/figure>\n\n\n\n<figure class=\"wp-block-image size-full\"><a href=\"https:\/\/centcols.org\/it\/util\/visuAlbum.php\/?album=4889-1\" target=\"_blank\" rel=\"noreferrer noopener\"><img loading=\"lazy\" decoding=\"async\" width=\"1200\" height=\"900\" data-id=\"88865\" src=\"https:\/\/centcols.org\/wp-content\/uploads\/2012\/04\/L01814.jpg\" alt=\"\" class=\"wp-image-88865\" srcset=\"https:\/\/centcols.org\/wp-content\/uploads\/2012\/04\/L01814.jpg 1200w, https:\/\/centcols.org\/wp-content\/uploads\/2012\/04\/L01814-768x576.jpg 768w\" sizes=\"auto, (max-width: 1200px) 100vw, 1200px\" \/><\/a><figcaption class=\"wp-element-caption\">Album di Mario Labelle<\/figcaption><\/figure>\n\n\n\n<figure class=\"wp-block-image size-full\"><a href=\"https:\/\/centcols.org\/it\/util\/visuAlbum.php\/?album=3662-1\" target=\"_blank\" rel=\"noreferrer noopener\"><img loading=\"lazy\" decoding=\"async\" width=\"1200\" height=\"888\" data-id=\"88867\" src=\"https:\/\/centcols.org\/wp-content\/uploads\/2012\/04\/L00115.jpg\" alt=\"\" class=\"wp-image-88867\" srcset=\"https:\/\/centcols.org\/wp-content\/uploads\/2012\/04\/L00115.jpg 1200w, https:\/\/centcols.org\/wp-content\/uploads\/2012\/04\/L00115-768x568.jpg 768w\" sizes=\"auto, (max-width: 1200px) 100vw, 1200px\" \/><\/a><figcaption class=\"wp-element-caption\">Album di Jacques Collaudin<\/figcaption><\/figure>\n\n\n\n<figure class=\"wp-block-image size-full\"><a href=\"https:\/\/centcols.org\/it\/util\/visuAlbum.php\/?album=6028-7\" target=\"_blank\" rel=\"noreferrer noopener\"><img loading=\"lazy\" decoding=\"async\" width=\"1024\" height=\"576\" data-id=\"88869\" src=\"https:\/\/centcols.org\/wp-content\/uploads\/2012\/04\/L0765.jpg\" alt=\"\" class=\"wp-image-88869\" srcset=\"https:\/\/centcols.org\/wp-content\/uploads\/2012\/04\/L0765.jpg 1024w, https:\/\/centcols.org\/wp-content\/uploads\/2012\/04\/L0765-768x432.jpg 768w\" sizes=\"auto, (max-width: 1024px) 100vw, 1024px\" \/><\/a><figcaption class=\"wp-element-caption\">Villaggio di la Comp\u00f4te<\/figcaption><\/figure>\n\n\n\n<figure class=\"wp-block-image size-full\"><a href=\"https:\/\/centcols.org\/it\/util\/visuAlbum.php\/?album=00289-002\" target=\"_blank\" rel=\"noreferrer noopener\"><img loading=\"lazy\" decoding=\"async\" width=\"1200\" height=\"900\" data-id=\"88870\" src=\"https:\/\/centcols.org\/wp-content\/uploads\/2012\/04\/L02925.jpg\" alt=\"\" class=\"wp-image-88870\" srcset=\"https:\/\/centcols.org\/wp-content\/uploads\/2012\/04\/L02925.jpg 1200w, https:\/\/centcols.org\/wp-content\/uploads\/2012\/04\/L02925-768x576.jpg 768w\" sizes=\"auto, (max-width: 1200px) 100vw, 1200px\" \/><\/a><figcaption class=\"wp-element-caption\">Album di Marc Liaudon<\/figcaption><\/figure>\n\n\n\n<figure class=\"wp-block-image size-full\"><a href=\"https:\/\/centcols.org\/it\/util\/visuAlbum.php\/?album=5065-1\" target=\"_blank\" rel=\"noreferrer noopener\"><img loading=\"lazy\" decoding=\"async\" width=\"1094\" height=\"821\" data-id=\"88872\" src=\"https:\/\/centcols.org\/wp-content\/uploads\/2012\/04\/L01614.jpg\" alt=\"\" class=\"wp-image-88872\" srcset=\"https:\/\/centcols.org\/wp-content\/uploads\/2012\/04\/L01614.jpg 1094w, https:\/\/centcols.org\/wp-content\/uploads\/2012\/04\/L01614-768x576.jpg 768w\" sizes=\"auto, (max-width: 1094px) 100vw, 1094px\" \/><\/a><figcaption class=\"wp-element-caption\">Album di Enrico Alberini<\/figcaption><\/figure>\n\n\n\n<figure class=\"wp-block-image size-full\"><a href=\"https:\/\/centcols.org\/it\/util\/visuAlbum.php\/?album=3693-3\" target=\"_blank\" rel=\"noreferrer noopener\"><img loading=\"lazy\" decoding=\"async\" width=\"1200\" height=\"900\" data-id=\"88873\" src=\"https:\/\/centcols.org\/wp-content\/uploads\/2012\/04\/L01931.jpg\" alt=\"\" class=\"wp-image-88873\" srcset=\"https:\/\/centcols.org\/wp-content\/uploads\/2012\/04\/L01931.jpg 1200w, https:\/\/centcols.org\/wp-content\/uploads\/2012\/04\/L01931-768x576.jpg 768w\" sizes=\"auto, (max-width: 1200px) 100vw, 1200px\" \/><\/a><figcaption class=\"wp-element-caption\">Album di Alain Brault<\/figcaption><\/figure>\n\n\n\n<figure class=\"wp-block-image size-full\"><a href=\"https:\/\/centcols.org\/it\/util\/visuAlbum.php\/?album=03092-006\" target=\"_blank\" rel=\"noreferrer noopener\"><img loading=\"lazy\" decoding=\"async\" width=\"1200\" height=\"900\" data-id=\"88875\" src=\"https:\/\/centcols.org\/wp-content\/uploads\/2012\/04\/L00615.jpg\" alt=\"\" class=\"wp-image-88875\" srcset=\"https:\/\/centcols.org\/wp-content\/uploads\/2012\/04\/L00615.jpg 1200w, https:\/\/centcols.org\/wp-content\/uploads\/2012\/04\/L00615-768x576.jpg 768w\" sizes=\"auto, (max-width: 1200px) 100vw, 1200px\" \/><\/a><figcaption class=\"wp-element-caption\">Album di Philippe Carrez<\/figcaption><\/figure>\n\n\n\n<figure class=\"wp-block-image size-full\"><a href=\"https:\/\/centcols.org\/it\/util\/visuAlbum.php\/?album=03848-003\" target=\"_blank\" rel=\"noreferrer noopener\"><img loading=\"lazy\" decoding=\"async\" width=\"1200\" height=\"900\" data-id=\"88876\" src=\"https:\/\/centcols.org\/wp-content\/uploads\/2012\/04\/L03922.jpg\" alt=\"\" class=\"wp-image-88876\" srcset=\"https:\/\/centcols.org\/wp-content\/uploads\/2012\/04\/L03922.jpg 1200w, https:\/\/centcols.org\/wp-content\/uploads\/2012\/04\/L03922-768x576.jpg 768w\" sizes=\"auto, (max-width: 1200px) 100vw, 1200px\" \/><\/a><figcaption class=\"wp-element-caption\">Album di Michel Boni<\/figcaption><\/figure>\n\n\n\n<figure class=\"wp-block-image size-full\"><a href=\"https:\/\/centcols.org\/it\/util\/visuAlbum.php\/?album=02880-006\" target=\"_blank\" rel=\"noreferrer noopener\"><img loading=\"lazy\" decoding=\"async\" width=\"1095\" height=\"1200\" data-id=\"88878\" src=\"https:\/\/centcols.org\/wp-content\/uploads\/2012\/04\/L02314-1095x1200-1.jpg\" alt=\"\" class=\"wp-image-88878\" srcset=\"https:\/\/centcols.org\/wp-content\/uploads\/2012\/04\/L02314-1095x1200-1.jpg 1095w, https:\/\/centcols.org\/wp-content\/uploads\/2012\/04\/L02314-1095x1200-1-768x842.jpg 768w\" sizes=\"auto, (max-width: 1095px) 100vw, 1095px\" \/><\/a><figcaption class=\"wp-element-caption\">Album di Guy Garcin<\/figcaption><\/figure>\n\n\n\n<figure class=\"wp-block-image size-full\"><a href=\"https:\/\/centcols.org\/les_rendez-vous\/2012\/Lescheraines\/H-Becker\/ph_lescheraines.htm\" target=\"_blank\" rel=\"noreferrer noopener\"><img loading=\"lazy\" decoding=\"async\" width=\"640\" height=\"426\" data-id=\"88879\" src=\"https:\/\/centcols.org\/wp-content\/uploads\/2012\/04\/Lescheraines.jpg\" alt=\"\" class=\"wp-image-88879\"\/><\/a><figcaption class=\"wp-element-caption\">Album di Hubert Becker<\/figcaption><\/figure>\n\n\n\n<figure class=\"wp-block-image size-full\"><a href=\"https:\/\/centcols.org\/it\/util\/visuAlbum.php\/?album=814-100\" target=\"_blank\" rel=\"noreferrer noopener\"><img loading=\"lazy\" decoding=\"async\" width=\"1500\" height=\"1125\" data-id=\"88881\" src=\"https:\/\/centcols.org\/wp-content\/uploads\/2012\/04\/L1701.jpg\" alt=\"\" class=\"wp-image-88881\" srcset=\"https:\/\/centcols.org\/wp-content\/uploads\/2012\/04\/L1701.jpg 1500w, https:\/\/centcols.org\/wp-content\/uploads\/2012\/04\/L1701-1200x900.jpg 1200w, https:\/\/centcols.org\/wp-content\/uploads\/2012\/04\/L1701-768x576.jpg 768w\" sizes=\"auto, (max-width: 1500px) 100vw, 1500px\" \/><\/a><figcaption class=\"wp-element-caption\">Album di Andr\u00e9 Rudaz<\/figcaption><\/figure>\n\n\n\n<figure class=\"wp-block-image size-full\"><a href=\"https:\/\/centcols.org\/it\/util\/visuAlbum.php\/?album=00396-002\" target=\"_blank\" rel=\"noreferrer noopener\"><img loading=\"lazy\" decoding=\"async\" width=\"1024\" height=\"768\" data-id=\"88882\" src=\"https:\/\/centcols.org\/wp-content\/uploads\/2012\/04\/L01033.jpg\" alt=\"\" class=\"wp-image-88882\" srcset=\"https:\/\/centcols.org\/wp-content\/uploads\/2012\/04\/L01033.jpg 1024w, https:\/\/centcols.org\/wp-content\/uploads\/2012\/04\/L01033-768x576.jpg 768w\" sizes=\"auto, (max-width: 1024px) 100vw, 1024px\" \/><\/a><figcaption class=\"wp-element-caption\">Album di Daniel Beaujoin<\/figcaption><\/figure>\n\n\n\n<figure class=\"wp-block-image size-full\"><a href=\"https:\/\/centcols.org\/it\/util\/visuAlbum.php\/?album=01420-006\" target=\"_blank\" rel=\"noreferrer noopener\"><img loading=\"lazy\" decoding=\"async\" width=\"800\" height=\"600\" data-id=\"88883\" src=\"https:\/\/centcols.org\/wp-content\/uploads\/2012\/04\/LM204.jpg\" alt=\"\" class=\"wp-image-88883\" srcset=\"https:\/\/centcols.org\/wp-content\/uploads\/2012\/04\/LM204.jpg 800w, https:\/\/centcols.org\/wp-content\/uploads\/2012\/04\/LM204-768x576.jpg 768w\" sizes=\"auto, (max-width: 800px) 100vw, 800px\" \/><\/a><figcaption class=\"wp-element-caption\">Album di Guy Cambess\u00e8d\u00e8s<\/figcaption><\/figure>\n\n\n\n<figure class=\"wp-block-image size-full\"><a href=\"https:\/\/centcols.org\/it\/util\/visuAlbum.php\/?album=05193-004\" target=\"_blank\" rel=\"noreferrer noopener\"><img loading=\"lazy\" decoding=\"async\" width=\"1200\" height=\"675\" data-id=\"88884\" src=\"https:\/\/centcols.org\/wp-content\/uploads\/2012\/04\/L02028.jpg\" alt=\"\" class=\"wp-image-88884\" srcset=\"https:\/\/centcols.org\/wp-content\/uploads\/2012\/04\/L02028.jpg 1200w, https:\/\/centcols.org\/wp-content\/uploads\/2012\/04\/L02028-768x432.jpg 768w\" sizes=\"auto, (max-width: 1200px) 100vw, 1200px\" \/><\/a><figcaption class=\"wp-element-caption\">Album di Guy Harl\u00e9<\/figcaption><\/figure>\n\n\n\n<figure class=\"wp-block-image size-full\"><a href=\"https:\/\/centcols.org\/it\/util\/visuAlbum.php\/?album=676-1\" target=\"_blank\" rel=\"noreferrer noopener\"><img loading=\"lazy\" decoding=\"async\" width=\"600\" height=\"450\" data-id=\"88886\" src=\"https:\/\/centcols.org\/wp-content\/uploads\/2012\/04\/LM010.jpg\" alt=\"\" class=\"wp-image-88886\"\/><\/a><figcaption class=\"wp-element-caption\">Album di Alain S\u00e9venier<\/figcaption><\/figure>\n\n\n\n<figure class=\"wp-block-image size-full\"><a href=\"https:\/\/centcols.org\/it\/util\/visuAlbum.php\/?album=06862-004\" target=\"_blank\" rel=\"noreferrer noopener\"><img loading=\"lazy\" decoding=\"async\" width=\"640\" height=\"480\" data-id=\"88887\" src=\"https:\/\/centcols.org\/wp-content\/uploads\/2012\/04\/L03723-1.jpg\" alt=\"\" class=\"wp-image-88887\"\/><\/a><figcaption class=\"wp-element-caption\">Album di Philippe Marquet<\/figcaption><\/figure>\n\n\n\n<figure class=\"wp-block-image size-full\"><a href=\"https:\/\/centcols.org\/it\/util\/visuAlbum.php\/?album=06382-001\" target=\"_blank\" rel=\"noreferrer noopener\"><img loading=\"lazy\" decoding=\"async\" width=\"1200\" height=\"900\" data-id=\"88889\" src=\"https:\/\/centcols.org\/wp-content\/uploads\/2012\/04\/L03424-1.jpg\" alt=\"\" class=\"wp-image-88889\" srcset=\"https:\/\/centcols.org\/wp-content\/uploads\/2012\/04\/L03424-1.jpg 1200w, https:\/\/centcols.org\/wp-content\/uploads\/2012\/04\/L03424-1-768x576.jpg 768w\" sizes=\"auto, (max-width: 1200px) 100vw, 1200px\" \/><\/a><figcaption class=\"wp-element-caption\">Album di Marie-France Martin<\/figcaption><\/figure>\n\n\n\n<figure class=\"wp-block-image size-full\"><a href=\"https:\/\/centcols.org\/it\/util\/visuAlbum.php\/?album=06441-002\" target=\"_blank\" rel=\"noreferrer noopener\"><img loading=\"lazy\" decoding=\"async\" width=\"1200\" height=\"900\" data-id=\"88891\" src=\"https:\/\/centcols.org\/wp-content\/uploads\/2012\/04\/L020-2.jpg\" alt=\"\" class=\"wp-image-88891\" srcset=\"https:\/\/centcols.org\/wp-content\/uploads\/2012\/04\/L020-2.jpg 1200w, https:\/\/centcols.org\/wp-content\/uploads\/2012\/04\/L020-2-768x576.jpg 768w\" sizes=\"auto, (max-width: 1200px) 100vw, 1200px\" \/><\/a><figcaption class=\"wp-element-caption\">Album di Maryse Renaud<\/figcaption><\/figure>\n\n\n\n<figure class=\"wp-block-image size-full\"><a href=\"https:\/\/centcols.org\/it\/util\/visuAlbum.php\/?album=0-2\" target=\"_blank\" rel=\"noreferrer noopener\"><img loading=\"lazy\" decoding=\"async\" width=\"1200\" height=\"900\" data-id=\"88893\" src=\"https:\/\/centcols.org\/wp-content\/uploads\/2012\/04\/L00416-1.jpg\" alt=\"\" class=\"wp-image-88893\" srcset=\"https:\/\/centcols.org\/wp-content\/uploads\/2012\/04\/L00416-1.jpg 1200w, https:\/\/centcols.org\/wp-content\/uploads\/2012\/04\/L00416-1-768x576.jpg 768w\" sizes=\"auto, (max-width: 1200px) 100vw, 1200px\" \/><\/a><figcaption class=\"wp-element-caption\">Album di Maria Geenens-Vanderstraeten<\/figcaption><\/figure>\n\n\n\n<figure class=\"wp-block-image size-full\"><a href=\"https:\/\/centcols.org\/it\/util\/visuAlbum.php\/?album=0-1\" target=\"_blank\" rel=\"noreferrer noopener\"><img loading=\"lazy\" decoding=\"async\" width=\"1200\" height=\"797\" data-id=\"88894\" src=\"https:\/\/centcols.org\/wp-content\/uploads\/2012\/04\/L02827-1.jpg\" alt=\"\" class=\"wp-image-88894\" srcset=\"https:\/\/centcols.org\/wp-content\/uploads\/2012\/04\/L02827-1.jpg 1200w, https:\/\/centcols.org\/wp-content\/uploads\/2012\/04\/L02827-1-768x510.jpg 768w\" sizes=\"auto, (max-width: 1200px) 100vw, 1200px\" \/><\/a><figcaption class=\"wp-element-caption\">Album di Christine Labour<\/figcaption><\/figure>\n\n\n\n<figure class=\"wp-block-image size-full\"><a href=\"https:\/\/centcols.org\/it\/util\/visuAlbum.php\/?album=01202-002\" target=\"_blank\" rel=\"noreferrer noopener\"><img loading=\"lazy\" decoding=\"async\" width=\"1200\" height=\"800\" data-id=\"88896\" src=\"https:\/\/centcols.org\/wp-content\/uploads\/2012\/04\/L019-1-1.jpg\" alt=\"\" class=\"wp-image-88896\" srcset=\"https:\/\/centcols.org\/wp-content\/uploads\/2012\/04\/L019-1-1.jpg 1200w, https:\/\/centcols.org\/wp-content\/uploads\/2012\/04\/L019-1-1-768x512.jpg 768w\" sizes=\"auto, (max-width: 1200px) 100vw, 1200px\" \/><\/a><figcaption class=\"wp-element-caption\">Album di Didier Remond<\/figcaption><\/figure>\n<\/figure>\n\n\n\n<p><\/p>","protected":false},"excerpt":{"rendered":"<p>Les vid\u00e9os Voir la version courte (12&prime;) Voir la version longue (33&prime;) Les photos Voir les albums en bas de page Pr\u00e9sentation Ce sera le massif des Bauges, situ\u00e9 en Savoie et Haute-Savoie dans le berceau du Club des Cent Cols, qui nous accueillera cet \u00e9t\u00e9. Une pr\u00e9sentation des circuits sera disponible ult\u00e9rieurement sur le [&hellip;]<\/p>\n","protected":false},"author":3,"featured_media":80517,"comment_status":"closed","ping_status":"closed","sticky":false,"template":"","format":"standard","meta":{"_acf_changed":false,"footnotes":""},"categories":[349,367,373,135,419,231],"tags":[],"class_list":["post-80516","post","type-post","status-publish","format-standard","has-post-thumbnail","hentry","category-france-pays-sejours","category-auvergne-rhone-alpes-region-sejours","category-alpes-francaises-du-nord-massif-sejours","category-calendrier","category-73-savoie","category-sejours"],"acf":[],"yoast_head":"<!-- This site is optimized with the Yoast SEO plugin v27.2 - https:\/\/yoast.com\/product\/yoast-seo-wordpress\/ -->\n<title>Concentration internationale et 40\u00e8me anniversaire de la Confr\u00e9rie au col de Plainpalais le 4 ao\u00fbt Rassemblement \u00e0 Lescheraines (73) du 29 juillet au 5 ao\u00fbt 2012 - Club des Cent Cols<\/title>\n<meta name=\"robots\" content=\"index, follow, max-snippet:-1, max-image-preview:large, max-video-preview:-1\" \/>\n<link rel=\"canonical\" href=\"https:\/\/centcols.org\/it\/soggiorno-2012-lescheraines\/\" \/>\n<meta property=\"og:locale\" content=\"it_IT\" \/>\n<meta property=\"og:type\" content=\"article\" \/>\n<meta property=\"og:title\" content=\"Concentration internationale et 40\u00e8me anniversaire de la Confr\u00e9rie au col de Plainpalais le 4 ao\u00fbt Rassemblement \u00e0 Lescheraines (73) du 29 juillet au 5 ao\u00fbt 2012 - Club des Cent Cols\" \/>\n<meta property=\"og:description\" content=\"Les vid\u00e9os Voir la version courte (12&prime;) Voir la version longue (33&prime;) Les photos Voir les albums en bas de page Pr\u00e9sentation Ce sera le massif des Bauges, situ\u00e9 en Savoie et Haute-Savoie dans le berceau du Club des Cent Cols, qui nous accueillera cet \u00e9t\u00e9. Une pr\u00e9sentation des circuits sera disponible ult\u00e9rieurement sur le [&hellip;]\" \/>\n<meta property=\"og:url\" content=\"https:\/\/centcols.org\/it\/soggiorno-2012-lescheraines\/\" \/>\n<meta property=\"og:site_name\" content=\"Club des Cent Cols\" \/>\n<meta property=\"article:publisher\" content=\"https:\/\/www.facebook.com\/groups\/5261880558\/?locale=fr_FR\" \/>\n<meta property=\"article:published_time\" content=\"2012-04-23T08:11:11+00:00\" \/>\n<meta property=\"article:modified_time\" content=\"2025-09-02T07:43:27+00:00\" \/>\n<meta property=\"og:image\" content=\"https:\/\/centcols.org\/wp-content\/uploads\/2025\/05\/L04117-e1443708157118.jpg\" \/>\n\t<meta property=\"og:image:width\" content=\"640\" \/>\n\t<meta property=\"og:image:height\" content=\"480\" \/>\n\t<meta property=\"og:image:type\" content=\"image\/jpeg\" \/>\n<meta name=\"author\" content=\"Webmestre\" \/>\n<meta name=\"twitter:card\" content=\"summary_large_image\" \/>\n<meta name=\"twitter:label1\" content=\"Scritto da\" \/>\n\t<meta name=\"twitter:data1\" content=\"Webmestre\" \/>\n\t<meta name=\"twitter:label2\" content=\"Tempo di lettura stimato\" \/>\n\t<meta name=\"twitter:data2\" content=\"13 minuti\" \/>\n<script type=\"application\/ld+json\" class=\"yoast-schema-graph\">{\"@context\":\"https:\/\/schema.org\",\"@graph\":[{\"@type\":\"Article\",\"@id\":\"https:\/\/centcols.org\/sejour-2012-lescheraines\/#article\",\"isPartOf\":{\"@id\":\"https:\/\/centcols.org\/sejour-2012-lescheraines\/\"},\"author\":{\"name\":\"Webmestre\",\"@id\":\"https:\/\/centcols.org\/#\/schema\/person\/911b404fb133d8c913dd27cdcf71c8e5\"},\"headline\":\"Concentration internationale et 40\u00e8me anniversaire de la Confr\u00e9rie au col de Plainpalais le 4 ao\u00fbt Rassemblement \u00e0 Lescheraines (73) du 29 juillet au 5 ao\u00fbt 2012\",\"datePublished\":\"2012-04-23T08:11:11+00:00\",\"dateModified\":\"2025-09-02T07:43:27+00:00\",\"mainEntityOfPage\":{\"@id\":\"https:\/\/centcols.org\/sejour-2012-lescheraines\/\"},\"wordCount\":1821,\"publisher\":{\"@id\":\"https:\/\/centcols.org\/#organization\"},\"image\":{\"@id\":\"https:\/\/centcols.org\/sejour-2012-lescheraines\/#primaryimage\"},\"thumbnailUrl\":\"https:\/\/centcols.org\/wp-content\/uploads\/2025\/05\/L04117-e1443708157118.jpg\",\"articleSection\":[\"France\",\"Auvergne-Rh\u00f4ne-Alpes\",\"Alpes fran\u00e7aises du Nord\",\"Calendrier\",\"73-Savoie\",\"S\u00e9jours du Club des Cent Cols\"],\"inLanguage\":\"it-IT\"},{\"@type\":\"WebPage\",\"@id\":\"https:\/\/centcols.org\/sejour-2012-lescheraines\/\",\"url\":\"https:\/\/centcols.org\/sejour-2012-lescheraines\/\",\"name\":\"Concentration internationale et 40\u00e8me anniversaire de la Confr\u00e9rie au col de Plainpalais le 4 ao\u00fbt Rassemblement \u00e0 Lescheraines (73) du 29 juillet au 5 ao\u00fbt 2012 - Club des Cent Cols\",\"isPartOf\":{\"@id\":\"https:\/\/centcols.org\/#website\"},\"primaryImageOfPage\":{\"@id\":\"https:\/\/centcols.org\/sejour-2012-lescheraines\/#primaryimage\"},\"image\":{\"@id\":\"https:\/\/centcols.org\/sejour-2012-lescheraines\/#primaryimage\"},\"thumbnailUrl\":\"https:\/\/centcols.org\/wp-content\/uploads\/2025\/05\/L04117-e1443708157118.jpg\",\"datePublished\":\"2012-04-23T08:11:11+00:00\",\"dateModified\":\"2025-09-02T07:43:27+00:00\",\"breadcrumb\":{\"@id\":\"https:\/\/centcols.org\/sejour-2012-lescheraines\/#breadcrumb\"},\"inLanguage\":\"it-IT\",\"potentialAction\":[{\"@type\":\"ReadAction\",\"target\":[\"https:\/\/centcols.org\/sejour-2012-lescheraines\/\"]}]},{\"@type\":\"ImageObject\",\"inLanguage\":\"it-IT\",\"@id\":\"https:\/\/centcols.org\/sejour-2012-lescheraines\/#primaryimage\",\"url\":\"https:\/\/centcols.org\/wp-content\/uploads\/2025\/05\/L04117-e1443708157118.jpg\",\"contentUrl\":\"https:\/\/centcols.org\/wp-content\/uploads\/2025\/05\/L04117-e1443708157118.jpg\",\"width\":640,\"height\":480},{\"@type\":\"BreadcrumbList\",\"@id\":\"https:\/\/centcols.org\/sejour-2012-lescheraines\/#breadcrumb\",\"itemListElement\":[{\"@type\":\"ListItem\",\"position\":1,\"name\":\"Accueil\",\"item\":\"https:\/\/centcols.org\/\"},{\"@type\":\"ListItem\",\"position\":2,\"name\":\"S\u00e9jours du Club des Cent Cols\",\"item\":\"https:\/\/centcols.org\/rubrique\/sejours\/\"},{\"@type\":\"ListItem\",\"position\":3,\"name\":\"Pays\",\"item\":\"https:\/\/centcols.org\/rubrique\/sejours\/pays-sejours\/\"},{\"@type\":\"ListItem\",\"position\":4,\"name\":\"France\",\"item\":\"https:\/\/centcols.org\/rubrique\/sejours\/pays-sejours\/france-pays-sejours\/\"},{\"@type\":\"ListItem\",\"position\":5,\"name\":\"Concentration internationale et 40\u00e8me anniversaire de la Confr\u00e9rie au col de Plainpalais le 4 ao\u00fbt Rassemblement \u00e0 Lescheraines (73) du 29 juillet au 5 ao\u00fbt 2012\"}]},{\"@type\":\"WebSite\",\"@id\":\"https:\/\/centcols.org\/#website\",\"url\":\"https:\/\/centcols.org\/\",\"name\":\"Club des Cent Cols\",\"description\":\"\",\"publisher\":{\"@id\":\"https:\/\/centcols.org\/#organization\"},\"potentialAction\":[{\"@type\":\"SearchAction\",\"target\":{\"@type\":\"EntryPoint\",\"urlTemplate\":\"https:\/\/centcols.org\/?s={search_term_string}\"},\"query-input\":{\"@type\":\"PropertyValueSpecification\",\"valueRequired\":true,\"valueName\":\"search_term_string\"}}],\"inLanguage\":\"it-IT\"},{\"@type\":\"Organization\",\"@id\":\"https:\/\/centcols.org\/#organization\",\"name\":\"Club des Cent Cols\",\"url\":\"https:\/\/centcols.org\/\",\"logo\":{\"@type\":\"ImageObject\",\"inLanguage\":\"it-IT\",\"@id\":\"https:\/\/centcols.org\/#\/schema\/logo\/image\/\",\"url\":\"https:\/\/centcols.org\/wp-content\/uploads\/2025\/01\/carte-icone.png\",\"contentUrl\":\"https:\/\/centcols.org\/wp-content\/uploads\/2025\/01\/carte-icone.png\",\"width\":250,\"height\":250,\"caption\":\"Club des Cent Cols\"},\"image\":{\"@id\":\"https:\/\/centcols.org\/#\/schema\/logo\/image\/\"},\"sameAs\":[\"https:\/\/www.facebook.com\/groups\/5261880558\/?locale=fr_FR\"]},{\"@type\":\"Person\",\"@id\":\"https:\/\/centcols.org\/#\/schema\/person\/911b404fb133d8c913dd27cdcf71c8e5\",\"name\":\"Webmestre\",\"image\":{\"@type\":\"ImageObject\",\"inLanguage\":\"it-IT\",\"@id\":\"https:\/\/centcols.org\/wp-content\/litespeed\/avatar\/2d246e4b6b4f773e08515e1ffc53690b.jpg?ver=1777222892\",\"url\":\"https:\/\/centcols.org\/wp-content\/litespeed\/avatar\/2d246e4b6b4f773e08515e1ffc53690b.jpg?ver=1777222892\",\"contentUrl\":\"https:\/\/centcols.org\/wp-content\/litespeed\/avatar\/2d246e4b6b4f773e08515e1ffc53690b.jpg?ver=1777222892\",\"caption\":\"Webmestre\"},\"url\":\"https:\/\/centcols.org\/it\/author\/webmestre\/\"}]}<\/script>\n<!-- \/ Yoast SEO plugin. -->","yoast_head_json":{"title":"Concentrazione internazionale e 40\u00b0 anniversario della Confr\u00e9rie al Col de Plainpalais il 4 agosto Raduno a Lescheraines (73) dal 29 luglio al 5 agosto 2012 - Club des Cent Cols","robots":{"index":"index","follow":"follow","max-snippet":"max-snippet:-1","max-image-preview":"max-image-preview:large","max-video-preview":"max-video-preview:-1"},"canonical":"https:\/\/centcols.org\/it\/soggiorno-2012-lescheraines\/","og_locale":"it_IT","og_type":"article","og_title":"Concentration internationale et 40\u00e8me anniversaire de la Confr\u00e9rie au col de Plainpalais le 4 ao\u00fbt Rassemblement \u00e0 Lescheraines (73) du 29 juillet au 5 ao\u00fbt 2012 - Club des Cent Cols","og_description":"Les vid\u00e9os Voir la version courte (12&prime;) Voir la version longue (33&prime;) Les photos Voir les albums en bas de page Pr\u00e9sentation Ce sera le massif des Bauges, situ\u00e9 en Savoie et Haute-Savoie dans le berceau du Club des Cent Cols, qui nous accueillera cet \u00e9t\u00e9. Une pr\u00e9sentation des circuits sera disponible ult\u00e9rieurement sur le [&hellip;]","og_url":"https:\/\/centcols.org\/it\/soggiorno-2012-lescheraines\/","og_site_name":"Club des Cent Cols","article_publisher":"https:\/\/www.facebook.com\/groups\/5261880558\/?locale=fr_FR","article_published_time":"2012-04-23T08:11:11+00:00","article_modified_time":"2025-09-02T07:43:27+00:00","og_image":[{"width":640,"height":480,"url":"https:\/\/centcols.org\/wp-content\/uploads\/2025\/05\/L04117-e1443708157118.jpg","type":"image\/jpeg"}],"author":"Webmestre","twitter_card":"summary_large_image","twitter_misc":{"Scritto da":"Webmestre","Tempo di lettura stimato":"13 minuti"},"schema":{"@context":"https:\/\/schema.org","@graph":[{"@type":"Article","@id":"https:\/\/centcols.org\/sejour-2012-lescheraines\/#article","isPartOf":{"@id":"https:\/\/centcols.org\/sejour-2012-lescheraines\/"},"author":{"name":"Webmestre","@id":"https:\/\/centcols.org\/#\/schema\/person\/911b404fb133d8c913dd27cdcf71c8e5"},"headline":"Concentration internationale et 40\u00e8me anniversaire de la Confr\u00e9rie au col de Plainpalais le 4 ao\u00fbt Rassemblement \u00e0 Lescheraines (73) du 29 juillet au 5 ao\u00fbt 2012","datePublished":"2012-04-23T08:11:11+00:00","dateModified":"2025-09-02T07:43:27+00:00","mainEntityOfPage":{"@id":"https:\/\/centcols.org\/sejour-2012-lescheraines\/"},"wordCount":1821,"publisher":{"@id":"https:\/\/centcols.org\/#organization"},"image":{"@id":"https:\/\/centcols.org\/sejour-2012-lescheraines\/#primaryimage"},"thumbnailUrl":"https:\/\/centcols.org\/wp-content\/uploads\/2025\/05\/L04117-e1443708157118.jpg","articleSection":["France","Auvergne-Rh\u00f4ne-Alpes","Alpes fran\u00e7aises du Nord","Calendrier","73-Savoie","S\u00e9jours du Club des Cent Cols"],"inLanguage":"it-IT"},{"@type":"WebPage","@id":"https:\/\/centcols.org\/sejour-2012-lescheraines\/","url":"https:\/\/centcols.org\/sejour-2012-lescheraines\/","name":"Concentrazione internazionale e 40\u00b0 anniversario della Confr\u00e9rie al Col de Plainpalais il 4 agosto Raduno a Lescheraines (73) dal 29 luglio al 5 agosto 2012 - Club des Cent Cols","isPartOf":{"@id":"https:\/\/centcols.org\/#website"},"primaryImageOfPage":{"@id":"https:\/\/centcols.org\/sejour-2012-lescheraines\/#primaryimage"},"image":{"@id":"https:\/\/centcols.org\/sejour-2012-lescheraines\/#primaryimage"},"thumbnailUrl":"https:\/\/centcols.org\/wp-content\/uploads\/2025\/05\/L04117-e1443708157118.jpg","datePublished":"2012-04-23T08:11:11+00:00","dateModified":"2025-09-02T07:43:27+00:00","breadcrumb":{"@id":"https:\/\/centcols.org\/sejour-2012-lescheraines\/#breadcrumb"},"inLanguage":"it-IT","potentialAction":[{"@type":"ReadAction","target":["https:\/\/centcols.org\/sejour-2012-lescheraines\/"]}]},{"@type":"ImageObject","inLanguage":"it-IT","@id":"https:\/\/centcols.org\/sejour-2012-lescheraines\/#primaryimage","url":"https:\/\/centcols.org\/wp-content\/uploads\/2025\/05\/L04117-e1443708157118.jpg","contentUrl":"https:\/\/centcols.org\/wp-content\/uploads\/2025\/05\/L04117-e1443708157118.jpg","width":640,"height":480},{"@type":"BreadcrumbList","@id":"https:\/\/centcols.org\/sejour-2012-lescheraines\/#breadcrumb","itemListElement":[{"@type":"ListItem","position":1,"name":"Accueil","item":"https:\/\/centcols.org\/"},{"@type":"ListItem","position":2,"name":"S\u00e9jours du Club des Cent Cols","item":"https:\/\/centcols.org\/rubrique\/sejours\/"},{"@type":"ListItem","position":3,"name":"Pays","item":"https:\/\/centcols.org\/rubrique\/sejours\/pays-sejours\/"},{"@type":"ListItem","position":4,"name":"France","item":"https:\/\/centcols.org\/rubrique\/sejours\/pays-sejours\/france-pays-sejours\/"},{"@type":"ListItem","position":5,"name":"Concentration internationale et 40\u00e8me anniversaire de la Confr\u00e9rie au col de Plainpalais le 4 ao\u00fbt Rassemblement \u00e0 Lescheraines (73) du 29 juillet au 5 ao\u00fbt 2012"}]},{"@type":"WebSite","@id":"https:\/\/centcols.org\/#website","url":"https:\/\/centcols.org\/","name":"Club des Cent Cols","description":"","publisher":{"@id":"https:\/\/centcols.org\/#organization"},"potentialAction":[{"@type":"SearchAction","target":{"@type":"EntryPoint","urlTemplate":"https:\/\/centcols.org\/?s={search_term_string}"},"query-input":{"@type":"PropertyValueSpecification","valueRequired":true,"valueName":"search_term_string"}}],"inLanguage":"it-IT"},{"@type":"Organization","@id":"https:\/\/centcols.org\/#organization","name":"Club des Cent Cols","url":"https:\/\/centcols.org\/","logo":{"@type":"ImageObject","inLanguage":"it-IT","@id":"https:\/\/centcols.org\/#\/schema\/logo\/image\/","url":"https:\/\/centcols.org\/wp-content\/uploads\/2025\/01\/carte-icone.png","contentUrl":"https:\/\/centcols.org\/wp-content\/uploads\/2025\/01\/carte-icone.png","width":250,"height":250,"caption":"Club des Cent Cols"},"image":{"@id":"https:\/\/centcols.org\/#\/schema\/logo\/image\/"},"sameAs":["https:\/\/www.facebook.com\/groups\/5261880558\/?locale=fr_FR"]},{"@type":"Person","@id":"https:\/\/centcols.org\/#\/schema\/person\/911b404fb133d8c913dd27cdcf71c8e5","name":"Webmaster","image":{"@type":"ImageObject","inLanguage":"it-IT","@id":"https:\/\/centcols.org\/wp-content\/litespeed\/avatar\/2d246e4b6b4f773e08515e1ffc53690b.jpg?ver=1777222892","url":"https:\/\/centcols.org\/wp-content\/litespeed\/avatar\/2d246e4b6b4f773e08515e1ffc53690b.jpg?ver=1777222892","contentUrl":"https:\/\/centcols.org\/wp-content\/litespeed\/avatar\/2d246e4b6b4f773e08515e1ffc53690b.jpg?ver=1777222892","caption":"Webmestre"},"url":"https:\/\/centcols.org\/it\/author\/webmestre\/"}]}},"_links":{"self":[{"href":"https:\/\/centcols.org\/it\/wp-json\/wp\/v2\/posts\/80516","targetHints":{"allow":["GET"]}}],"collection":[{"href":"https:\/\/centcols.org\/it\/wp-json\/wp\/v2\/posts"}],"about":[{"href":"https:\/\/centcols.org\/it\/wp-json\/wp\/v2\/types\/post"}],"author":[{"embeddable":true,"href":"https:\/\/centcols.org\/it\/wp-json\/wp\/v2\/users\/3"}],"replies":[{"embeddable":true,"href":"https:\/\/centcols.org\/it\/wp-json\/wp\/v2\/comments?post=80516"}],"version-history":[{"count":0,"href":"https:\/\/centcols.org\/it\/wp-json\/wp\/v2\/posts\/80516\/revisions"}],"wp:featuredmedia":[{"embeddable":true,"href":"https:\/\/centcols.org\/it\/wp-json\/wp\/v2\/media\/80517"}],"wp:attachment":[{"href":"https:\/\/centcols.org\/it\/wp-json\/wp\/v2\/media?parent=80516"}],"wp:term":[{"taxonomy":"category","embeddable":true,"href":"https:\/\/centcols.org\/it\/wp-json\/wp\/v2\/categories?post=80516"},{"taxonomy":"post_tag","embeddable":true,"href":"https:\/\/centcols.org\/it\/wp-json\/wp\/v2\/tags?post=80516"}],"curies":[{"name":"wp","href":"https:\/\/api.w.org\/{rel}","templated":true}]}}