{"id":80969,"date":"2015-04-21T15:50:52","date_gmt":"2015-04-21T13:50:52","guid":{"rendered":"https:\/\/centcols.org\/05-10-00-frank-jacon-nous-envoie-une-photo-prise-lors-du-recent-sejour-en-corse\/"},"modified":"2025-09-15T10:56:47","modified_gmt":"2025-09-15T08:56:47","slug":"05-10-00-frank-jacon-ci-invia-una-foto-scattata-durante-un-recente-viaggio-in-corsica","status":"publish","type":"post","link":"https:\/\/centcols.org\/it\/05-10-00-frank-jacon-nous-envoie-une-photo-prise-lors-du-recent-sejour-en-corse\/","title":{"rendered":"05\/10\/00: Frank Jacon ci invia una foto scattata durante il suo recente viaggio in Corsica."},"content":{"rendered":"<p>Durante il viaggio in Corsica organizzato da Michel DEPONT su richiesta del Club dei Cento Passi e sotto la guida di Philippe CARREZ, il responsabile bretone del sito web, una decina di ciclisti si sono lanciati in una frenetica caccia. Tanto che hanno riportato pi\u00f9 di 80 passi sui 45 previsti dal programma.<br>Non \u00e8 quindi una sorpresa trovare 5 di loro su un sentiero sassoso a circa 2 km dalla BOCCA D'OMINANDA che porta a CORTE, con, da sinistra a destra, Jean-Yves BLANCHARD, Jean PERRET, Daniel GOUY, Franck JACON e Philippe CARREZ.<\/p>\n\n\n\n<figure class=\"wp-block-image size-full\"><img loading=\"lazy\" decoding=\"async\" width=\"760\" height=\"567\" src=\"https:\/\/centcols.org\/wp-content\/uploads\/2025\/05\/colcorse.jpg\" alt=\"\" class=\"wp-image-80970\"\/><\/figure>\n\n\n\n<p><\/p>\n\n\n\n<p>In effetti, questo percorso ci ha permesso di raccogliere 3 passi: Colletta de Sualello, Bocca Petrera e Bocca Turligno. Una bella raccolta per un chilometro. Si ricorderanno di questa avventura per la resistenza dei pneumatici Michelin e per l'assenza di danni alle biciclette: solo due di noi hanno subito l'asportazione di un raggio dalle ruote.<\/p>\n\n\n\n<p>Meritava di essere fotografato.<\/p>\n\n\n\n<p><strong>Frank Jacon&nbsp;<\/strong> (Strasburgo)<\/p>","protected":false},"excerpt":{"rendered":"<p>Lors du s\u00e9jour CORSE organis\u00e9 par Michel DEPONT \u00e0 la demande du club des cent cols, et sous la conduite de Philippe CARREZ, vous savez le breton responsable du site internet, une dizaine de cyclos se sont lanc\u00e9s dans une chasse effr\u00e9n\u00e9e. Tant et si bien qu&rsquo;ils ramen\u00e8rent dans leur besace plus de 80 cols [&hellip;]<\/p>\n","protected":false},"author":2,"featured_media":80970,"comment_status":"closed","ping_status":"open","sticky":false,"template":"","format":"standard","meta":{"_acf_changed":false,"footnotes":""},"categories":[122,241],"tags":[],"class_list":["post-80969","post","type-post","status-publish","format-standard","has-post-thumbnail","hentry","category-archives","category-2000-archives"],"acf":[],"yoast_head":"<!-- This site is optimized with the Yoast SEO plugin v27.2 - https:\/\/yoast.com\/product\/yoast-seo-wordpress\/ -->\n<title>05\/10\/00 : Frank Jacon nous envoie une photo prise lors du r\u00e9cent s\u00e9jour en Corse. - Club des Cent Cols<\/title>\n<meta name=\"robots\" content=\"index, follow, max-snippet:-1, max-image-preview:large, max-video-preview:-1\" \/>\n<link rel=\"canonical\" href=\"https:\/\/centcols.org\/it\/05-10-00-frank-jacon-ci-invia-una-foto-scattata-durante-un-recente-viaggio-in-corsica\/\" \/>\n<meta property=\"og:locale\" content=\"it_IT\" \/>\n<meta property=\"og:type\" content=\"article\" \/>\n<meta property=\"og:title\" content=\"05\/10\/00 : Frank Jacon nous envoie une photo prise lors du r\u00e9cent s\u00e9jour en Corse. - Club des Cent Cols\" \/>\n<meta property=\"og:description\" content=\"Lors du s\u00e9jour CORSE organis\u00e9 par Michel DEPONT \u00e0 la demande du club des cent cols, et sous la conduite de Philippe CARREZ, vous savez le breton responsable du site internet, une dizaine de cyclos se sont lanc\u00e9s dans une chasse effr\u00e9n\u00e9e. Tant et si bien qu&rsquo;ils ramen\u00e8rent dans leur besace plus de 80 cols [&hellip;]\" \/>\n<meta property=\"og:url\" content=\"https:\/\/centcols.org\/it\/05-10-00-frank-jacon-ci-invia-una-foto-scattata-durante-un-recente-viaggio-in-corsica\/\" \/>\n<meta property=\"og:site_name\" content=\"Club des Cent Cols\" \/>\n<meta property=\"article:publisher\" content=\"https:\/\/www.facebook.com\/groups\/5261880558\/?locale=fr_FR\" \/>\n<meta property=\"article:published_time\" content=\"2015-04-21T13:50:52+00:00\" \/>\n<meta property=\"article:modified_time\" content=\"2025-09-15T08:56:47+00:00\" \/>\n<meta property=\"og:image\" content=\"https:\/\/centcols.org\/wp-content\/uploads\/2025\/05\/colcorse.jpg\" \/>\n\t<meta property=\"og:image:width\" content=\"760\" \/>\n\t<meta property=\"og:image:height\" content=\"567\" \/>\n\t<meta property=\"og:image:type\" content=\"image\/jpeg\" \/>\n<meta name=\"author\" content=\"fabien\" \/>\n<meta name=\"twitter:card\" content=\"summary_large_image\" \/>\n<meta name=\"twitter:label1\" content=\"Scritto da\" \/>\n\t<meta name=\"twitter:data1\" content=\"fabien\" \/>\n\t<meta name=\"twitter:label2\" content=\"Tempo di lettura stimato\" \/>\n\t<meta name=\"twitter:data2\" content=\"2 minuti\" \/>\n<script type=\"application\/ld+json\" class=\"yoast-schema-graph\">{\"@context\":\"https:\/\/schema.org\",\"@graph\":[{\"@type\":\"Article\",\"@id\":\"https:\/\/centcols.org\/05-10-00-frank-jacon-nous-envoie-une-photo-prise-lors-du-recent-sejour-en-corse\/#article\",\"isPartOf\":{\"@id\":\"https:\/\/centcols.org\/05-10-00-frank-jacon-nous-envoie-une-photo-prise-lors-du-recent-sejour-en-corse\/\"},\"author\":{\"name\":\"fabien\",\"@id\":\"https:\/\/centcols.org\/#\/schema\/person\/fcdb31e57ffa95295c9683ffdda82afa\"},\"headline\":\"05\/10\/00 : Frank Jacon nous envoie une photo prise lors du r\u00e9cent s\u00e9jour en Corse.\",\"datePublished\":\"2015-04-21T13:50:52+00:00\",\"dateModified\":\"2025-09-15T08:56:47+00:00\",\"mainEntityOfPage\":{\"@id\":\"https:\/\/centcols.org\/05-10-00-frank-jacon-nous-envoie-une-photo-prise-lors-du-recent-sejour-en-corse\/\"},\"wordCount\":191,\"publisher\":{\"@id\":\"https:\/\/centcols.org\/#organization\"},\"image\":{\"@id\":\"https:\/\/centcols.org\/05-10-00-frank-jacon-nous-envoie-une-photo-prise-lors-du-recent-sejour-en-corse\/#primaryimage\"},\"thumbnailUrl\":\"https:\/\/centcols.org\/wp-content\/uploads\/2025\/05\/colcorse.jpg\",\"articleSection\":[\"Archives\",\"2000-a\"],\"inLanguage\":\"it-IT\"},{\"@type\":\"WebPage\",\"@id\":\"https:\/\/centcols.org\/05-10-00-frank-jacon-nous-envoie-une-photo-prise-lors-du-recent-sejour-en-corse\/\",\"url\":\"https:\/\/centcols.org\/05-10-00-frank-jacon-nous-envoie-une-photo-prise-lors-du-recent-sejour-en-corse\/\",\"name\":\"05\/10\/00 : Frank Jacon nous envoie une photo prise lors du r\u00e9cent s\u00e9jour en Corse. - Club des Cent Cols\",\"isPartOf\":{\"@id\":\"https:\/\/centcols.org\/#website\"},\"primaryImageOfPage\":{\"@id\":\"https:\/\/centcols.org\/05-10-00-frank-jacon-nous-envoie-une-photo-prise-lors-du-recent-sejour-en-corse\/#primaryimage\"},\"image\":{\"@id\":\"https:\/\/centcols.org\/05-10-00-frank-jacon-nous-envoie-une-photo-prise-lors-du-recent-sejour-en-corse\/#primaryimage\"},\"thumbnailUrl\":\"https:\/\/centcols.org\/wp-content\/uploads\/2025\/05\/colcorse.jpg\",\"datePublished\":\"2015-04-21T13:50:52+00:00\",\"dateModified\":\"2025-09-15T08:56:47+00:00\",\"breadcrumb\":{\"@id\":\"https:\/\/centcols.org\/05-10-00-frank-jacon-nous-envoie-une-photo-prise-lors-du-recent-sejour-en-corse\/#breadcrumb\"},\"inLanguage\":\"it-IT\",\"potentialAction\":[{\"@type\":\"ReadAction\",\"target\":[\"https:\/\/centcols.org\/05-10-00-frank-jacon-nous-envoie-une-photo-prise-lors-du-recent-sejour-en-corse\/\"]}]},{\"@type\":\"ImageObject\",\"inLanguage\":\"it-IT\",\"@id\":\"https:\/\/centcols.org\/05-10-00-frank-jacon-nous-envoie-une-photo-prise-lors-du-recent-sejour-en-corse\/#primaryimage\",\"url\":\"https:\/\/centcols.org\/wp-content\/uploads\/2025\/05\/colcorse.jpg\",\"contentUrl\":\"https:\/\/centcols.org\/wp-content\/uploads\/2025\/05\/colcorse.jpg\",\"width\":760,\"height\":567},{\"@type\":\"BreadcrumbList\",\"@id\":\"https:\/\/centcols.org\/05-10-00-frank-jacon-nous-envoie-une-photo-prise-lors-du-recent-sejour-en-corse\/#breadcrumb\",\"itemListElement\":[{\"@type\":\"ListItem\",\"position\":1,\"name\":\"Accueil\",\"item\":\"https:\/\/centcols.org\/\"},{\"@type\":\"ListItem\",\"position\":2,\"name\":\"Archives\",\"item\":\"https:\/\/centcols.org\/rubrique\/archives\/\"},{\"@type\":\"ListItem\",\"position\":3,\"name\":\"05\/10\/00 : Frank Jacon nous envoie une photo prise lors du r\u00e9cent s\u00e9jour en Corse.\"}]},{\"@type\":\"WebSite\",\"@id\":\"https:\/\/centcols.org\/#website\",\"url\":\"https:\/\/centcols.org\/\",\"name\":\"Club des Cent Cols\",\"description\":\"\",\"publisher\":{\"@id\":\"https:\/\/centcols.org\/#organization\"},\"potentialAction\":[{\"@type\":\"SearchAction\",\"target\":{\"@type\":\"EntryPoint\",\"urlTemplate\":\"https:\/\/centcols.org\/?s={search_term_string}\"},\"query-input\":{\"@type\":\"PropertyValueSpecification\",\"valueRequired\":true,\"valueName\":\"search_term_string\"}}],\"inLanguage\":\"it-IT\"},{\"@type\":\"Organization\",\"@id\":\"https:\/\/centcols.org\/#organization\",\"name\":\"Club des Cent Cols\",\"url\":\"https:\/\/centcols.org\/\",\"logo\":{\"@type\":\"ImageObject\",\"inLanguage\":\"it-IT\",\"@id\":\"https:\/\/centcols.org\/#\/schema\/logo\/image\/\",\"url\":\"https:\/\/centcols.org\/wp-content\/uploads\/2025\/01\/carte-icone.png\",\"contentUrl\":\"https:\/\/centcols.org\/wp-content\/uploads\/2025\/01\/carte-icone.png\",\"width\":250,\"height\":250,\"caption\":\"Club des Cent Cols\"},\"image\":{\"@id\":\"https:\/\/centcols.org\/#\/schema\/logo\/image\/\"},\"sameAs\":[\"https:\/\/www.facebook.com\/groups\/5261880558\/?locale=fr_FR\"]},{\"@type\":\"Person\",\"@id\":\"https:\/\/centcols.org\/#\/schema\/person\/fcdb31e57ffa95295c9683ffdda82afa\",\"name\":\"fabien\",\"image\":{\"@type\":\"ImageObject\",\"inLanguage\":\"it-IT\",\"@id\":\"https:\/\/centcols.org\/wp-content\/litespeed\/avatar\/9065528d4c1ba02f0faf2b7616b2a195.jpg?ver=1777225983\",\"url\":\"https:\/\/centcols.org\/wp-content\/litespeed\/avatar\/9065528d4c1ba02f0faf2b7616b2a195.jpg?ver=1777225983\",\"contentUrl\":\"https:\/\/centcols.org\/wp-content\/litespeed\/avatar\/9065528d4c1ba02f0faf2b7616b2a195.jpg?ver=1777225983\",\"caption\":\"fabien\"},\"url\":\"https:\/\/centcols.org\/it\/author\/fabien\/\"}]}<\/script>\n<!-- \/ Yoast SEO plugin. -->","yoast_head_json":{"title":"05\/10\/00: Frank Jacon ci invia una foto scattata durante il suo recente viaggio in Corsica. - Club des Cent Cols","robots":{"index":"index","follow":"follow","max-snippet":"max-snippet:-1","max-image-preview":"max-image-preview:large","max-video-preview":"max-video-preview:-1"},"canonical":"https:\/\/centcols.org\/it\/05-10-00-frank-jacon-ci-invia-una-foto-scattata-durante-un-recente-viaggio-in-corsica\/","og_locale":"it_IT","og_type":"article","og_title":"05\/10\/00 : Frank Jacon nous envoie une photo prise lors du r\u00e9cent s\u00e9jour en Corse. - Club des Cent Cols","og_description":"Lors du s\u00e9jour CORSE organis\u00e9 par Michel DEPONT \u00e0 la demande du club des cent cols, et sous la conduite de Philippe CARREZ, vous savez le breton responsable du site internet, une dizaine de cyclos se sont lanc\u00e9s dans une chasse effr\u00e9n\u00e9e. Tant et si bien qu&rsquo;ils ramen\u00e8rent dans leur besace plus de 80 cols [&hellip;]","og_url":"https:\/\/centcols.org\/it\/05-10-00-frank-jacon-ci-invia-una-foto-scattata-durante-un-recente-viaggio-in-corsica\/","og_site_name":"Club des Cent Cols","article_publisher":"https:\/\/www.facebook.com\/groups\/5261880558\/?locale=fr_FR","article_published_time":"2015-04-21T13:50:52+00:00","article_modified_time":"2025-09-15T08:56:47+00:00","og_image":[{"width":760,"height":567,"url":"https:\/\/centcols.org\/wp-content\/uploads\/2025\/05\/colcorse.jpg","type":"image\/jpeg"}],"author":"fabien","twitter_card":"summary_large_image","twitter_misc":{"Scritto da":"fabien","Tempo di lettura stimato":"2 minuti"},"schema":{"@context":"https:\/\/schema.org","@graph":[{"@type":"Article","@id":"https:\/\/centcols.org\/05-10-00-frank-jacon-nous-envoie-une-photo-prise-lors-du-recent-sejour-en-corse\/#article","isPartOf":{"@id":"https:\/\/centcols.org\/05-10-00-frank-jacon-nous-envoie-une-photo-prise-lors-du-recent-sejour-en-corse\/"},"author":{"name":"fabien","@id":"https:\/\/centcols.org\/#\/schema\/person\/fcdb31e57ffa95295c9683ffdda82afa"},"headline":"05\/10\/00 : Frank Jacon nous envoie une photo prise lors du r\u00e9cent s\u00e9jour en Corse.","datePublished":"2015-04-21T13:50:52+00:00","dateModified":"2025-09-15T08:56:47+00:00","mainEntityOfPage":{"@id":"https:\/\/centcols.org\/05-10-00-frank-jacon-nous-envoie-une-photo-prise-lors-du-recent-sejour-en-corse\/"},"wordCount":191,"publisher":{"@id":"https:\/\/centcols.org\/#organization"},"image":{"@id":"https:\/\/centcols.org\/05-10-00-frank-jacon-nous-envoie-une-photo-prise-lors-du-recent-sejour-en-corse\/#primaryimage"},"thumbnailUrl":"https:\/\/centcols.org\/wp-content\/uploads\/2025\/05\/colcorse.jpg","articleSection":["Archives","2000-a"],"inLanguage":"it-IT"},{"@type":"WebPage","@id":"https:\/\/centcols.org\/05-10-00-frank-jacon-nous-envoie-une-photo-prise-lors-du-recent-sejour-en-corse\/","url":"https:\/\/centcols.org\/05-10-00-frank-jacon-nous-envoie-une-photo-prise-lors-du-recent-sejour-en-corse\/","name":"05\/10\/00: Frank Jacon ci invia una foto scattata durante il suo recente viaggio in Corsica. - Club des Cent Cols","isPartOf":{"@id":"https:\/\/centcols.org\/#website"},"primaryImageOfPage":{"@id":"https:\/\/centcols.org\/05-10-00-frank-jacon-nous-envoie-une-photo-prise-lors-du-recent-sejour-en-corse\/#primaryimage"},"image":{"@id":"https:\/\/centcols.org\/05-10-00-frank-jacon-nous-envoie-une-photo-prise-lors-du-recent-sejour-en-corse\/#primaryimage"},"thumbnailUrl":"https:\/\/centcols.org\/wp-content\/uploads\/2025\/05\/colcorse.jpg","datePublished":"2015-04-21T13:50:52+00:00","dateModified":"2025-09-15T08:56:47+00:00","breadcrumb":{"@id":"https:\/\/centcols.org\/05-10-00-frank-jacon-nous-envoie-une-photo-prise-lors-du-recent-sejour-en-corse\/#breadcrumb"},"inLanguage":"it-IT","potentialAction":[{"@type":"ReadAction","target":["https:\/\/centcols.org\/05-10-00-frank-jacon-nous-envoie-une-photo-prise-lors-du-recent-sejour-en-corse\/"]}]},{"@type":"ImageObject","inLanguage":"it-IT","@id":"https:\/\/centcols.org\/05-10-00-frank-jacon-nous-envoie-une-photo-prise-lors-du-recent-sejour-en-corse\/#primaryimage","url":"https:\/\/centcols.org\/wp-content\/uploads\/2025\/05\/colcorse.jpg","contentUrl":"https:\/\/centcols.org\/wp-content\/uploads\/2025\/05\/colcorse.jpg","width":760,"height":567},{"@type":"BreadcrumbList","@id":"https:\/\/centcols.org\/05-10-00-frank-jacon-nous-envoie-une-photo-prise-lors-du-recent-sejour-en-corse\/#breadcrumb","itemListElement":[{"@type":"ListItem","position":1,"name":"Accueil","item":"https:\/\/centcols.org\/"},{"@type":"ListItem","position":2,"name":"Archives","item":"https:\/\/centcols.org\/rubrique\/archives\/"},{"@type":"ListItem","position":3,"name":"05\/10\/00 : Frank Jacon nous envoie une photo prise lors du r\u00e9cent s\u00e9jour en Corse."}]},{"@type":"WebSite","@id":"https:\/\/centcols.org\/#website","url":"https:\/\/centcols.org\/","name":"Club des Cent Cols","description":"","publisher":{"@id":"https:\/\/centcols.org\/#organization"},"potentialAction":[{"@type":"SearchAction","target":{"@type":"EntryPoint","urlTemplate":"https:\/\/centcols.org\/?s={search_term_string}"},"query-input":{"@type":"PropertyValueSpecification","valueRequired":true,"valueName":"search_term_string"}}],"inLanguage":"it-IT"},{"@type":"Organization","@id":"https:\/\/centcols.org\/#organization","name":"Club des Cent Cols","url":"https:\/\/centcols.org\/","logo":{"@type":"ImageObject","inLanguage":"it-IT","@id":"https:\/\/centcols.org\/#\/schema\/logo\/image\/","url":"https:\/\/centcols.org\/wp-content\/uploads\/2025\/01\/carte-icone.png","contentUrl":"https:\/\/centcols.org\/wp-content\/uploads\/2025\/01\/carte-icone.png","width":250,"height":250,"caption":"Club des Cent Cols"},"image":{"@id":"https:\/\/centcols.org\/#\/schema\/logo\/image\/"},"sameAs":["https:\/\/www.facebook.com\/groups\/5261880558\/?locale=fr_FR"]},{"@type":"Person","@id":"https:\/\/centcols.org\/#\/schema\/person\/fcdb31e57ffa95295c9683ffdda82afa","name":"fabien","image":{"@type":"ImageObject","inLanguage":"it-IT","@id":"https:\/\/centcols.org\/wp-content\/litespeed\/avatar\/9065528d4c1ba02f0faf2b7616b2a195.jpg?ver=1777225983","url":"https:\/\/centcols.org\/wp-content\/litespeed\/avatar\/9065528d4c1ba02f0faf2b7616b2a195.jpg?ver=1777225983","contentUrl":"https:\/\/centcols.org\/wp-content\/litespeed\/avatar\/9065528d4c1ba02f0faf2b7616b2a195.jpg?ver=1777225983","caption":"fabien"},"url":"https:\/\/centcols.org\/it\/author\/fabien\/"}]}},"_links":{"self":[{"href":"https:\/\/centcols.org\/it\/wp-json\/wp\/v2\/posts\/80969","targetHints":{"allow":["GET"]}}],"collection":[{"href":"https:\/\/centcols.org\/it\/wp-json\/wp\/v2\/posts"}],"about":[{"href":"https:\/\/centcols.org\/it\/wp-json\/wp\/v2\/types\/post"}],"author":[{"embeddable":true,"href":"https:\/\/centcols.org\/it\/wp-json\/wp\/v2\/users\/2"}],"replies":[{"embeddable":true,"href":"https:\/\/centcols.org\/it\/wp-json\/wp\/v2\/comments?post=80969"}],"version-history":[{"count":0,"href":"https:\/\/centcols.org\/it\/wp-json\/wp\/v2\/posts\/80969\/revisions"}],"wp:featuredmedia":[{"embeddable":true,"href":"https:\/\/centcols.org\/it\/wp-json\/wp\/v2\/media\/80970"}],"wp:attachment":[{"href":"https:\/\/centcols.org\/it\/wp-json\/wp\/v2\/media?parent=80969"}],"wp:term":[{"taxonomy":"category","embeddable":true,"href":"https:\/\/centcols.org\/it\/wp-json\/wp\/v2\/categories?post=80969"},{"taxonomy":"post_tag","embeddable":true,"href":"https:\/\/centcols.org\/it\/wp-json\/wp\/v2\/tags?post=80969"}],"curies":[{"name":"wp","href":"https:\/\/api.w.org\/{rel}","templated":true}]}}