{"id":80981,"date":"2010-08-20T08:06:58","date_gmt":"2010-08-20T06:06:58","guid":{"rendered":"https:\/\/centcols.org\/hommage-a-roland-grimaud\/"},"modified":"2025-10-15T03:20:31","modified_gmt":"2025-10-15T01:20:31","slug":"omaggio-a-roland-grimaud","status":"publish","type":"post","link":"https:\/\/centcols.org\/it\/hommage-a-roland-grimaud\/","title":{"rendered":"Omaggio a Roland Grimaud"},"content":{"rendered":"<h2>Roland Grimaud 1952-2010<\/h2>\n<p>Con grande tristezza abbiamo appreso della morte del nostro coordinatore delle Randonn\u00e9es Permanentes, avvenuta il 5 agosto 2010, <b>Roland Grimaud<\/b>.<\/p>\n<p>Socio del Club des Cent Cols dal 1987 (n. 2696), Roland ha subito un grave incidente vascolare durante il tour dei Cent Cols de Vesc nel 2001. Da allora non ha pi\u00f9 potuto pedalare, ma \u00e8 sempre rimasto molto legato al nostro club e ai suoi valori. Dal 2007 aveva preso il posto di Jean-Marc Lef\u00e8vre come coordinatore delle Randonn\u00e9es Permanentes. Il Club ha perso ancora una volta un membro molto umano. Oltre al suo ruolo nel Club, Roland era molto attivo nell'associazione <i>Biciclette per l'Africa<\/i>per il quale raccoglieva regolarmente biciclette e pezzi di ricambio di seconda mano durante i viaggi e i raduni del Cent Cols, in particolare a Ch\u00e2teau-Arnoux e Yenne.<\/p>\n<p>Roland fu sepolto marted\u00ec 10 agosto a B\u00e9sayes (26).<\/p>\n<p>Il nostro collega Alf\u00e9o Lotto ha partecipato al funerale:<\/p>\n<p><em>\u00a0\"La chiesa di B\u00e9sayes era troppo piccola per accogliere tutti coloro che erano venuti ad accompagnare Roland nella sua ultima passeggiata.<\/em><\/p>\n<p><em>Ha dato molto al ciclismo, al tandem con la moglie, ai Cent Cols con i Randos Permanentes, alla lotta contro la fibrosi cistica e al Fondus de l'Ubaye, Bikes for Africa... Una vita rivolta agli altri nonostante la salute precaria e le molte sofferenze. L'altra sua passione era il giardinaggio e soprattutto i fiori, che adorava. Auguriamogli un giardino pieno di fiori dove ora riposa. La moglie Fran\u00e7oise, anch'essa socia del Club, ha condiviso con noi le sue emozioni:<\/em><\/p>\n<p><em>Non mi ero reso conto che aveva lasciato cos\u00ec tanti amici e quanto il suo coinvolgimento nel club fosse apprezzato da tutti! Era un uomo discreto ma efficiente. Dal 13 agosto 2001 a Vesc, ha avuto la sua parte di sofferenza; se n'\u00e8 andato, ma dicendo a tutti noi di \"imparare dalle differenze degli altri\".<\/em><\/p>\n<p><em>Il ciclismo ha sempre fatto parte della sua vita. Uno dei suoi fratelli gli ha comprato la prima bicicletta da corsa, e ci siamo conosciuti perch\u00e9 andavo a vedere le gare di ciclocross, e grazie a lui ho scoperto gran parte della Francia pedalando. Ho chiamato il nostro tandem GAZOU perch\u00e9 con lui non c'era bisogno di olio Gazou, ma sentire i Gazoulli degli uccellini era meraviglioso! \"\u00a0<\/em><\/p>\n<p>In omaggio a Roland, il raduno regionale <i>Alpi meridionali<\/i> che normalmente si svolge a settembre, si chiamer\u00e0 ora <i>In memoria di Roland Grimaud<\/i>. Questa regione gli era molto cara e invitava generosamente tutti i soci del Club di passaggio tra Embrun e Brian\u00e7on a fermarsi da lui.<\/p>","protected":false},"excerpt":{"rendered":"<p>Roland Grimaud 1952-2010 C&rsquo;est avec une grande tristesse que nous avons appris le d\u00e9c\u00e8s le 5 ao\u00fbt 2010 de notre coordonnateur des Randonn\u00e9es Permanentes, Roland Grimaud. Membre du Club des Cent Cols depuis 1987 (n\u00b0 2696) Roland avait \u00e9t\u00e9 frapp\u00e9 par un grave accident vasculaire lors du s\u00e9jour Cent Cols de Vesc en 2001. Depuis, [&hellip;]<\/p>\n","protected":false},"author":2,"featured_media":0,"comment_status":"open","ping_status":"open","sticky":false,"template":"","format":"standard","meta":{"_acf_changed":false,"footnotes":""},"categories":[130],"tags":[],"class_list":["post-80981","post","type-post","status-publish","format-standard","hentry","category-carnet-noir"],"acf":[],"yoast_head":"<!-- This site is optimized with the Yoast SEO plugin v27.2 - https:\/\/yoast.com\/product\/yoast-seo-wordpress\/ -->\n<title>Hommage \u00e0 Roland Grimaud - Club des Cent Cols<\/title>\n<meta name=\"robots\" content=\"index, follow, max-snippet:-1, max-image-preview:large, max-video-preview:-1\" \/>\n<link rel=\"canonical\" href=\"https:\/\/centcols.org\/it\/omaggio-a-roland-grimaud\/\" \/>\n<meta property=\"og:locale\" content=\"it_IT\" \/>\n<meta property=\"og:type\" content=\"article\" \/>\n<meta property=\"og:title\" content=\"Hommage \u00e0 Roland Grimaud - Club des Cent Cols\" \/>\n<meta property=\"og:description\" content=\"Roland Grimaud 1952-2010 C&rsquo;est avec une grande tristesse que nous avons appris le d\u00e9c\u00e8s le 5 ao\u00fbt 2010 de notre coordonnateur des Randonn\u00e9es Permanentes, Roland Grimaud. Membre du Club des Cent Cols depuis 1987 (n\u00b0 2696) Roland avait \u00e9t\u00e9 frapp\u00e9 par un grave accident vasculaire lors du s\u00e9jour Cent Cols de Vesc en 2001. Depuis, [&hellip;]\" \/>\n<meta property=\"og:url\" content=\"https:\/\/centcols.org\/it\/omaggio-a-roland-grimaud\/\" \/>\n<meta property=\"og:site_name\" content=\"Club des Cent Cols\" \/>\n<meta property=\"article:publisher\" content=\"https:\/\/www.facebook.com\/groups\/5261880558\/?locale=fr_FR\" \/>\n<meta property=\"article:published_time\" content=\"2010-08-20T06:06:58+00:00\" \/>\n<meta property=\"article:modified_time\" content=\"2025-10-15T01:20:31+00:00\" \/>\n<meta name=\"author\" content=\"fabien\" \/>\n<meta name=\"twitter:card\" content=\"summary_large_image\" \/>\n<meta name=\"twitter:label1\" content=\"Scritto da\" \/>\n\t<meta name=\"twitter:data1\" content=\"fabien\" \/>\n\t<meta name=\"twitter:label2\" content=\"Tempo di lettura stimato\" \/>\n\t<meta name=\"twitter:data2\" content=\"2 minuti\" \/>\n<script type=\"application\/ld+json\" class=\"yoast-schema-graph\">{\"@context\":\"https:\/\/schema.org\",\"@graph\":[{\"@type\":\"Article\",\"@id\":\"https:\/\/centcols.org\/hommage-a-roland-grimaud\/#article\",\"isPartOf\":{\"@id\":\"https:\/\/centcols.org\/hommage-a-roland-grimaud\/\"},\"author\":{\"name\":\"fabien\",\"@id\":\"https:\/\/centcols.org\/#\/schema\/person\/fcdb31e57ffa95295c9683ffdda82afa\"},\"headline\":\"Hommage \u00e0 Roland Grimaud\",\"datePublished\":\"2010-08-20T06:06:58+00:00\",\"dateModified\":\"2025-10-15T01:20:31+00:00\",\"mainEntityOfPage\":{\"@id\":\"https:\/\/centcols.org\/hommage-a-roland-grimaud\/\"},\"wordCount\":502,\"commentCount\":0,\"publisher\":{\"@id\":\"https:\/\/centcols.org\/#organization\"},\"articleSection\":[\"Carnet noir\"],\"inLanguage\":\"it-IT\",\"potentialAction\":[{\"@type\":\"CommentAction\",\"name\":\"Comment\",\"target\":[\"https:\/\/centcols.org\/hommage-a-roland-grimaud\/#respond\"]}]},{\"@type\":\"WebPage\",\"@id\":\"https:\/\/centcols.org\/hommage-a-roland-grimaud\/\",\"url\":\"https:\/\/centcols.org\/hommage-a-roland-grimaud\/\",\"name\":\"Hommage \u00e0 Roland Grimaud - Club des Cent Cols\",\"isPartOf\":{\"@id\":\"https:\/\/centcols.org\/#website\"},\"datePublished\":\"2010-08-20T06:06:58+00:00\",\"dateModified\":\"2025-10-15T01:20:31+00:00\",\"breadcrumb\":{\"@id\":\"https:\/\/centcols.org\/hommage-a-roland-grimaud\/#breadcrumb\"},\"inLanguage\":\"it-IT\",\"potentialAction\":[{\"@type\":\"ReadAction\",\"target\":[\"https:\/\/centcols.org\/hommage-a-roland-grimaud\/\"]}]},{\"@type\":\"BreadcrumbList\",\"@id\":\"https:\/\/centcols.org\/hommage-a-roland-grimaud\/#breadcrumb\",\"itemListElement\":[{\"@type\":\"ListItem\",\"position\":1,\"name\":\"Accueil\",\"item\":\"https:\/\/centcols.org\/\"},{\"@type\":\"ListItem\",\"position\":2,\"name\":\"Gazette\",\"item\":\"https:\/\/centcols.org\/rubrique\/gazette\/\"},{\"@type\":\"ListItem\",\"position\":3,\"name\":\"Carnet noir\",\"item\":\"https:\/\/centcols.org\/rubrique\/gazette\/carnet-noir\/\"},{\"@type\":\"ListItem\",\"position\":4,\"name\":\"Hommage \u00e0 Roland Grimaud\"}]},{\"@type\":\"WebSite\",\"@id\":\"https:\/\/centcols.org\/#website\",\"url\":\"https:\/\/centcols.org\/\",\"name\":\"Club des Cent Cols\",\"description\":\"\",\"publisher\":{\"@id\":\"https:\/\/centcols.org\/#organization\"},\"potentialAction\":[{\"@type\":\"SearchAction\",\"target\":{\"@type\":\"EntryPoint\",\"urlTemplate\":\"https:\/\/centcols.org\/?s={search_term_string}\"},\"query-input\":{\"@type\":\"PropertyValueSpecification\",\"valueRequired\":true,\"valueName\":\"search_term_string\"}}],\"inLanguage\":\"it-IT\"},{\"@type\":\"Organization\",\"@id\":\"https:\/\/centcols.org\/#organization\",\"name\":\"Club des Cent Cols\",\"url\":\"https:\/\/centcols.org\/\",\"logo\":{\"@type\":\"ImageObject\",\"inLanguage\":\"it-IT\",\"@id\":\"https:\/\/centcols.org\/#\/schema\/logo\/image\/\",\"url\":\"https:\/\/centcols.org\/wp-content\/uploads\/2025\/01\/carte-icone.png\",\"contentUrl\":\"https:\/\/centcols.org\/wp-content\/uploads\/2025\/01\/carte-icone.png\",\"width\":250,\"height\":250,\"caption\":\"Club des Cent Cols\"},\"image\":{\"@id\":\"https:\/\/centcols.org\/#\/schema\/logo\/image\/\"},\"sameAs\":[\"https:\/\/www.facebook.com\/groups\/5261880558\/?locale=fr_FR\"]},{\"@type\":\"Person\",\"@id\":\"https:\/\/centcols.org\/#\/schema\/person\/fcdb31e57ffa95295c9683ffdda82afa\",\"name\":\"fabien\",\"image\":{\"@type\":\"ImageObject\",\"inLanguage\":\"it-IT\",\"@id\":\"https:\/\/centcols.org\/wp-content\/litespeed\/avatar\/9065528d4c1ba02f0faf2b7616b2a195.jpg?ver=1777225983\",\"url\":\"https:\/\/centcols.org\/wp-content\/litespeed\/avatar\/9065528d4c1ba02f0faf2b7616b2a195.jpg?ver=1777225983\",\"contentUrl\":\"https:\/\/centcols.org\/wp-content\/litespeed\/avatar\/9065528d4c1ba02f0faf2b7616b2a195.jpg?ver=1777225983\",\"caption\":\"fabien\"},\"url\":\"https:\/\/centcols.org\/it\/author\/fabien\/\"}]}<\/script>\n<!-- \/ Yoast SEO plugin. -->","yoast_head_json":{"title":"Omaggio a Roland Grimaud - Club des Cent Cols","robots":{"index":"index","follow":"follow","max-snippet":"max-snippet:-1","max-image-preview":"max-image-preview:large","max-video-preview":"max-video-preview:-1"},"canonical":"https:\/\/centcols.org\/it\/omaggio-a-roland-grimaud\/","og_locale":"it_IT","og_type":"article","og_title":"Hommage \u00e0 Roland Grimaud - Club des Cent Cols","og_description":"Roland Grimaud 1952-2010 C&rsquo;est avec une grande tristesse que nous avons appris le d\u00e9c\u00e8s le 5 ao\u00fbt 2010 de notre coordonnateur des Randonn\u00e9es Permanentes, Roland Grimaud. Membre du Club des Cent Cols depuis 1987 (n\u00b0 2696) Roland avait \u00e9t\u00e9 frapp\u00e9 par un grave accident vasculaire lors du s\u00e9jour Cent Cols de Vesc en 2001. Depuis, [&hellip;]","og_url":"https:\/\/centcols.org\/it\/omaggio-a-roland-grimaud\/","og_site_name":"Club des Cent Cols","article_publisher":"https:\/\/www.facebook.com\/groups\/5261880558\/?locale=fr_FR","article_published_time":"2010-08-20T06:06:58+00:00","article_modified_time":"2025-10-15T01:20:31+00:00","author":"fabien","twitter_card":"summary_large_image","twitter_misc":{"Scritto da":"fabien","Tempo di lettura stimato":"2 minuti"},"schema":{"@context":"https:\/\/schema.org","@graph":[{"@type":"Article","@id":"https:\/\/centcols.org\/hommage-a-roland-grimaud\/#article","isPartOf":{"@id":"https:\/\/centcols.org\/hommage-a-roland-grimaud\/"},"author":{"name":"fabien","@id":"https:\/\/centcols.org\/#\/schema\/person\/fcdb31e57ffa95295c9683ffdda82afa"},"headline":"Hommage \u00e0 Roland Grimaud","datePublished":"2010-08-20T06:06:58+00:00","dateModified":"2025-10-15T01:20:31+00:00","mainEntityOfPage":{"@id":"https:\/\/centcols.org\/hommage-a-roland-grimaud\/"},"wordCount":502,"commentCount":0,"publisher":{"@id":"https:\/\/centcols.org\/#organization"},"articleSection":["Carnet noir"],"inLanguage":"it-IT","potentialAction":[{"@type":"CommentAction","name":"Comment","target":["https:\/\/centcols.org\/hommage-a-roland-grimaud\/#respond"]}]},{"@type":"WebPage","@id":"https:\/\/centcols.org\/hommage-a-roland-grimaud\/","url":"https:\/\/centcols.org\/hommage-a-roland-grimaud\/","name":"Omaggio a Roland Grimaud - Club des Cent Cols","isPartOf":{"@id":"https:\/\/centcols.org\/#website"},"datePublished":"2010-08-20T06:06:58+00:00","dateModified":"2025-10-15T01:20:31+00:00","breadcrumb":{"@id":"https:\/\/centcols.org\/hommage-a-roland-grimaud\/#breadcrumb"},"inLanguage":"it-IT","potentialAction":[{"@type":"ReadAction","target":["https:\/\/centcols.org\/hommage-a-roland-grimaud\/"]}]},{"@type":"BreadcrumbList","@id":"https:\/\/centcols.org\/hommage-a-roland-grimaud\/#breadcrumb","itemListElement":[{"@type":"ListItem","position":1,"name":"Accueil","item":"https:\/\/centcols.org\/"},{"@type":"ListItem","position":2,"name":"Gazette","item":"https:\/\/centcols.org\/rubrique\/gazette\/"},{"@type":"ListItem","position":3,"name":"Carnet noir","item":"https:\/\/centcols.org\/rubrique\/gazette\/carnet-noir\/"},{"@type":"ListItem","position":4,"name":"Hommage \u00e0 Roland Grimaud"}]},{"@type":"WebSite","@id":"https:\/\/centcols.org\/#website","url":"https:\/\/centcols.org\/","name":"Club des Cent Cols","description":"","publisher":{"@id":"https:\/\/centcols.org\/#organization"},"potentialAction":[{"@type":"SearchAction","target":{"@type":"EntryPoint","urlTemplate":"https:\/\/centcols.org\/?s={search_term_string}"},"query-input":{"@type":"PropertyValueSpecification","valueRequired":true,"valueName":"search_term_string"}}],"inLanguage":"it-IT"},{"@type":"Organization","@id":"https:\/\/centcols.org\/#organization","name":"Club des Cent Cols","url":"https:\/\/centcols.org\/","logo":{"@type":"ImageObject","inLanguage":"it-IT","@id":"https:\/\/centcols.org\/#\/schema\/logo\/image\/","url":"https:\/\/centcols.org\/wp-content\/uploads\/2025\/01\/carte-icone.png","contentUrl":"https:\/\/centcols.org\/wp-content\/uploads\/2025\/01\/carte-icone.png","width":250,"height":250,"caption":"Club des Cent Cols"},"image":{"@id":"https:\/\/centcols.org\/#\/schema\/logo\/image\/"},"sameAs":["https:\/\/www.facebook.com\/groups\/5261880558\/?locale=fr_FR"]},{"@type":"Person","@id":"https:\/\/centcols.org\/#\/schema\/person\/fcdb31e57ffa95295c9683ffdda82afa","name":"fabien","image":{"@type":"ImageObject","inLanguage":"it-IT","@id":"https:\/\/centcols.org\/wp-content\/litespeed\/avatar\/9065528d4c1ba02f0faf2b7616b2a195.jpg?ver=1777225983","url":"https:\/\/centcols.org\/wp-content\/litespeed\/avatar\/9065528d4c1ba02f0faf2b7616b2a195.jpg?ver=1777225983","contentUrl":"https:\/\/centcols.org\/wp-content\/litespeed\/avatar\/9065528d4c1ba02f0faf2b7616b2a195.jpg?ver=1777225983","caption":"fabien"},"url":"https:\/\/centcols.org\/it\/author\/fabien\/"}]}},"_links":{"self":[{"href":"https:\/\/centcols.org\/it\/wp-json\/wp\/v2\/posts\/80981","targetHints":{"allow":["GET"]}}],"collection":[{"href":"https:\/\/centcols.org\/it\/wp-json\/wp\/v2\/posts"}],"about":[{"href":"https:\/\/centcols.org\/it\/wp-json\/wp\/v2\/types\/post"}],"author":[{"embeddable":true,"href":"https:\/\/centcols.org\/it\/wp-json\/wp\/v2\/users\/2"}],"replies":[{"embeddable":true,"href":"https:\/\/centcols.org\/it\/wp-json\/wp\/v2\/comments?post=80981"}],"version-history":[{"count":0,"href":"https:\/\/centcols.org\/it\/wp-json\/wp\/v2\/posts\/80981\/revisions"}],"wp:attachment":[{"href":"https:\/\/centcols.org\/it\/wp-json\/wp\/v2\/media?parent=80981"}],"wp:term":[{"taxonomy":"category","embeddable":true,"href":"https:\/\/centcols.org\/it\/wp-json\/wp\/v2\/categories?post=80981"},{"taxonomy":"post_tag","embeddable":true,"href":"https:\/\/centcols.org\/it\/wp-json\/wp\/v2\/tags?post=80981"}],"curies":[{"name":"wp","href":"https:\/\/api.w.org\/{rel}","templated":true}]}}