{"id":81233,"date":"2015-01-23T10:18:36","date_gmt":"2015-01-23T08:18:36","guid":{"rendered":"https:\/\/centcols.org\/sejour-de-printemps-a-gilette-alpes-maritimes-du-18-au-25-avril-2015\/"},"modified":"2025-10-15T03:33:46","modified_gmt":"2025-10-15T01:33:46","slug":"soggiorno-2015-gilette","status":"publish","type":"post","link":"https:\/\/centcols.org\/it\/sejour-2015-gilette\/","title":{"rendered":"Vacanze di primavera a Gilette (Alpi Marittime) dal 18 al 25 aprile 2015"},"content":{"rendered":"<h2 class=\"wp-block-heading\">Presentazione<\/h2>\n\n\n\n<p>Le vacanze di primavera 2015 si svolgeranno dal 18 al 25 aprile presso il Domaine de l'Olivaie, un centro vacanze UVLF (Union Loisirs Vacances Familles) a Gilette, un piccolo villaggio nell'entroterra di Nizza arroccato su una collina (459 m) che domina le valli del Var e dell'Est\u00e9ron.<br>Questo villaggio di 1.500 anime si trova a 35 km da Nizza e a 30 km dal Parco Nazionale del Mercantour, creato nel 1979. Il Parco Nazionale del Mercantour fa parte del progetto \"Alpes de la Mer\", associato ad altre aree protette transfrontaliere, ed \u00e8 in procinto di classificare il suo territorio come patrimonio mondiale dell'UNESCO.<br>Il villaggio di Gilette \u00e8 dominato dal Castello dell'Aiguille, costruito nel XII secolo da Alfonso I sulle alture per sfuggire ai Saraceni, come in molti villaggi della regione. \u00c8 stato teatro di eventi storici, tra cui il tradimento di Casa Savoia da parte della famiglia Grimaldi de Bueil (autori dell'atto di resa della Contea di Nizza) nel 1526 e la Rivoluzione francese nel 1793.<\/p>\n\n\n\n<figure class=\"wp-block-gallery has-nested-images columns-3 is-cropped wp-block-gallery-1 is-layout-flex wp-block-gallery-is-layout-flex\">\n<figure class=\"wp-block-image size-full\"><img loading=\"lazy\" decoding=\"async\" width=\"240\" height=\"160\" data-id=\"88779\" src=\"https:\/\/centcols.org\/wp-content\/uploads\/2015\/01\/gilette1.jpg\" alt=\"\" class=\"wp-image-88779\"\/><figcaption class=\"wp-element-caption\">Gilette dalla strada del Roquest\u00e9ron<\/figcaption><\/figure>\n\n\n\n<figure class=\"wp-block-image size-full\"><img loading=\"lazy\" decoding=\"async\" width=\"200\" height=\"220\" data-id=\"88780\" src=\"https:\/\/centcols.org\/wp-content\/uploads\/2015\/01\/gilette.png\" alt=\"\" class=\"wp-image-88780\"\/><figcaption class=\"wp-element-caption\">Gilet<\/figcaption><\/figure>\n\n\n\n<figure class=\"wp-block-image size-full\"><img loading=\"lazy\" decoding=\"async\" width=\"240\" height=\"160\" data-id=\"88781\" src=\"https:\/\/centcols.org\/wp-content\/uploads\/2015\/01\/gilette2.jpg\" alt=\"\" class=\"wp-image-88781\"\/><figcaption class=\"wp-element-caption\">Gilette dal ponte Charles-Albert<\/figcaption><\/figure>\n<\/figure>\n\n\n\n<h2 class=\"wp-block-heading\">Tour<\/h2>\n\n\n\n<p>Il <a href=\"\/it\/membres\/cctours\/tours.php\/?lieu=Gilette&amp;an=2015\">percorsi ciclabili<\/a> (<a href=\"\/it\/membres\/cctours\/tours.php\/?lieu=Gilette&amp;an=2015&amp;genre=R\">strada<\/a> e <a href=\"\/it\/membres\/cctours\/tours.php\/?lieu=Gilette&amp;an=2015&amp;genre=V\">BICICLETTA DA MONTAGNA<\/a>) vi porter\u00e0 da paesaggi mediterranei con ulivi, palme e fiori a paesaggi alpini. Infatti, i massicci del Barrot e dell'Argentera risalgono alla stessa era geologica del massiccio alpino. Il Pays d'Azur parte dal livello del mare e raggiunge il Pic du G\u00e9las a 3143 m e i passi di Restefond, Bonette e Tende (Route Royale du Sel). Nel dipartimento delle Alpi Marittime si contano ben 644 valichi, 213 dei quali superano i 2000 metri di altezza. La maggior parte di questi si trova nel Parco Nazionale del Mercantour, ma al di fuori del parco ci sono molte strade, piste e sentieri autorizzati per soddisfare tutti gli appassionati di mountain bike. Maggiori dettagli saranno forniti qui a tempo debito.<\/p>\n\n\n\n<h2 class=\"wp-block-heading\">Corso di guida<\/h2>\n\n\n\n<p>Per i partecipanti \u00e8 disponibile un corso di guida di mountain bike. Pu\u00f2 essere abbinato a uno dei percorsi previsti. Ulteriori informazioni sono disponibili sul modulo di iscrizione a questo corso.<\/p>\n\n\n\n<h2 class=\"wp-block-heading\">Alloggio<\/h2>\n\n\n\n<p>Le <a href=\"https:\/\/www.vacances-ulvf.com\/vacances-ulvf-le-domaine-de-lolivaie\/\" target=\"_blank\" rel=\"noreferrer noopener\">Domaine de l'Olivaie<\/a> \u00e8 situato all'ingresso del paese, nel mezzo di un uliveto di 400 anni, e offre 83 camere.<\/p>\n\n\n\n<h2 class=\"wp-block-heading\">Iscrizione<\/h2>\n\n\n\n<p>Per iscriversi, scaricare il modulo di iscrizione in formato PDF e seguire le istruzioni ivi contenute.<\/p>\n\n\n\n<h3 class=\"wp-block-heading\">Crediti fotografici<\/h3>\n\n\n\n<p>Le foto sono di Jean-Philippe Chevreau, scattate da un magnifico <a href=\"https:\/\/www.flickr.com\/photos\/77576894@N05\/sets\/72157648246186051\/\" target=\"_blank\" rel=\"noreferrer noopener\">slideshow<\/a> su Gilette. Compreso un cartello che probabilmente interesser\u00e0 pi\u00f9 di un Centocelle...<\/p>\n\n\n\n<h2 class=\"wp-block-heading\">Circuiti<\/h2>\n\n\n\n<p><a href=\"https:\/\/centcols.org\/it\/membres\/cctours\/tours.php\/?lieu=Gilette&amp;an=2015&amp;genre=R\">Collegamento ai circuiti.<\/a><\/p>","protected":false},"excerpt":{"rendered":"<p>Pr\u00e9sentation Le s\u00e9jour de printemps 2015 se d\u00e9roulera du 18 au 25 avril au \u00abDomaine de l&rsquo;Olivaie\u00bb, centre de vacances UVLF (Union Loisirs Vacances Familles) \u00e0 Gilette, un petit village de l&rsquo;arri\u00e8re-pays ni\u00e7ois perch\u00e9 sur les hauteurs (459 m) qui domine les vall\u00e9es du Var et de l&rsquo;Est\u00e9ron.Ce village comptant 1500 \u00e2mes est situ\u00e9 \u00e0 [&hellip;]<\/p>\n","protected":false},"author":3,"featured_media":88779,"comment_status":"closed","ping_status":"closed","sticky":false,"template":"","format":"standard","meta":{"_acf_changed":false,"footnotes":""},"categories":[349,353,418,355,135,231],"tags":[],"class_list":["post-81233","post","type-post","status-publish","format-standard","has-post-thumbnail","hentry","category-france-pays-sejours","category-alpes-francaises-du-sud-massif-sejours","category-06-alpes-maritimes-departement-sejours","category-provence-alpes-cote-dazur-region-sejours","category-calendrier","category-sejours"],"acf":[],"yoast_head":"<!-- This site is optimized with the Yoast SEO plugin v27.2 - https:\/\/yoast.com\/product\/yoast-seo-wordpress\/ -->\n<title>S\u00e9jour de printemps \u00e0 Gilette (Alpes-Maritimes) du 18 au 25 avril 2015 - Club des Cent Cols<\/title>\n<meta name=\"robots\" content=\"index, follow, max-snippet:-1, max-image-preview:large, max-video-preview:-1\" \/>\n<link rel=\"canonical\" href=\"https:\/\/centcols.org\/it\/soggiorno-2015-gilette\/\" \/>\n<meta property=\"og:locale\" content=\"it_IT\" \/>\n<meta property=\"og:type\" content=\"article\" \/>\n<meta property=\"og:title\" content=\"S\u00e9jour de printemps \u00e0 Gilette (Alpes-Maritimes) du 18 au 25 avril 2015 - Club des Cent Cols\" \/>\n<meta property=\"og:description\" content=\"Pr\u00e9sentation Le s\u00e9jour de printemps 2015 se d\u00e9roulera du 18 au 25 avril au \u00abDomaine de l&rsquo;Olivaie\u00bb, centre de vacances UVLF (Union Loisirs Vacances Familles) \u00e0 Gilette, un petit village de l&rsquo;arri\u00e8re-pays ni\u00e7ois perch\u00e9 sur les hauteurs (459 m) qui domine les vall\u00e9es du Var et de l&rsquo;Est\u00e9ron.Ce village comptant 1500 \u00e2mes est situ\u00e9 \u00e0 [&hellip;]\" \/>\n<meta property=\"og:url\" content=\"https:\/\/centcols.org\/it\/soggiorno-2015-gilette\/\" \/>\n<meta property=\"og:site_name\" content=\"Club des Cent Cols\" \/>\n<meta property=\"article:publisher\" content=\"https:\/\/www.facebook.com\/groups\/5261880558\/?locale=fr_FR\" \/>\n<meta property=\"article:published_time\" content=\"2015-01-23T08:18:36+00:00\" \/>\n<meta property=\"article:modified_time\" content=\"2025-10-15T01:33:46+00:00\" \/>\n<meta property=\"og:image\" content=\"https:\/\/centcols.org\/wp-content\/uploads\/2015\/01\/gilette1.jpg\" \/>\n\t<meta property=\"og:image:width\" content=\"240\" \/>\n\t<meta property=\"og:image:height\" content=\"160\" \/>\n\t<meta property=\"og:image:type\" content=\"image\/jpeg\" \/>\n<meta name=\"author\" content=\"Webmestre\" \/>\n<meta name=\"twitter:card\" content=\"summary_large_image\" \/>\n<meta name=\"twitter:label1\" content=\"Scritto da\" \/>\n\t<meta name=\"twitter:data1\" content=\"Webmestre\" \/>\n\t<meta name=\"twitter:label2\" content=\"Tempo di lettura stimato\" \/>\n\t<meta name=\"twitter:data2\" content=\"4 minuti\" \/>\n<script type=\"application\/ld+json\" class=\"yoast-schema-graph\">{\"@context\":\"https:\/\/schema.org\",\"@graph\":[{\"@type\":\"Article\",\"@id\":\"https:\/\/centcols.org\/sejour-2015-gilette\/#article\",\"isPartOf\":{\"@id\":\"https:\/\/centcols.org\/sejour-2015-gilette\/\"},\"author\":{\"name\":\"Webmestre\",\"@id\":\"https:\/\/centcols.org\/#\/schema\/person\/911b404fb133d8c913dd27cdcf71c8e5\"},\"headline\":\"S\u00e9jour de printemps \u00e0 Gilette (Alpes-Maritimes) du 18 au 25 avril 2015\",\"datePublished\":\"2015-01-23T08:18:36+00:00\",\"dateModified\":\"2025-10-15T01:33:46+00:00\",\"mainEntityOfPage\":{\"@id\":\"https:\/\/centcols.org\/sejour-2015-gilette\/\"},\"wordCount\":479,\"publisher\":{\"@id\":\"https:\/\/centcols.org\/#organization\"},\"image\":{\"@id\":\"https:\/\/centcols.org\/sejour-2015-gilette\/#primaryimage\"},\"thumbnailUrl\":\"https:\/\/centcols.org\/wp-content\/uploads\/2015\/01\/gilette1.jpg\",\"articleSection\":[\"France\",\"Alpes fran\u00e7aises du sud\",\"06-Alpes-Maritimes\",\"Provence-Alpes-C\u00f4te d'Azur\",\"Calendrier\",\"S\u00e9jours du Club des Cent Cols\"],\"inLanguage\":\"it-IT\"},{\"@type\":\"WebPage\",\"@id\":\"https:\/\/centcols.org\/sejour-2015-gilette\/\",\"url\":\"https:\/\/centcols.org\/sejour-2015-gilette\/\",\"name\":\"S\u00e9jour de printemps \u00e0 Gilette (Alpes-Maritimes) du 18 au 25 avril 2015 - Club des Cent Cols\",\"isPartOf\":{\"@id\":\"https:\/\/centcols.org\/#website\"},\"primaryImageOfPage\":{\"@id\":\"https:\/\/centcols.org\/sejour-2015-gilette\/#primaryimage\"},\"image\":{\"@id\":\"https:\/\/centcols.org\/sejour-2015-gilette\/#primaryimage\"},\"thumbnailUrl\":\"https:\/\/centcols.org\/wp-content\/uploads\/2015\/01\/gilette1.jpg\",\"datePublished\":\"2015-01-23T08:18:36+00:00\",\"dateModified\":\"2025-10-15T01:33:46+00:00\",\"breadcrumb\":{\"@id\":\"https:\/\/centcols.org\/sejour-2015-gilette\/#breadcrumb\"},\"inLanguage\":\"it-IT\",\"potentialAction\":[{\"@type\":\"ReadAction\",\"target\":[\"https:\/\/centcols.org\/sejour-2015-gilette\/\"]}]},{\"@type\":\"ImageObject\",\"inLanguage\":\"it-IT\",\"@id\":\"https:\/\/centcols.org\/sejour-2015-gilette\/#primaryimage\",\"url\":\"https:\/\/centcols.org\/wp-content\/uploads\/2015\/01\/gilette1.jpg\",\"contentUrl\":\"https:\/\/centcols.org\/wp-content\/uploads\/2015\/01\/gilette1.jpg\",\"width\":240,\"height\":160},{\"@type\":\"BreadcrumbList\",\"@id\":\"https:\/\/centcols.org\/sejour-2015-gilette\/#breadcrumb\",\"itemListElement\":[{\"@type\":\"ListItem\",\"position\":1,\"name\":\"Accueil\",\"item\":\"https:\/\/centcols.org\/\"},{\"@type\":\"ListItem\",\"position\":2,\"name\":\"S\u00e9jours du Club des Cent Cols\",\"item\":\"https:\/\/centcols.org\/rubrique\/sejours\/\"},{\"@type\":\"ListItem\",\"position\":3,\"name\":\"Pays\",\"item\":\"https:\/\/centcols.org\/rubrique\/sejours\/pays-sejours\/\"},{\"@type\":\"ListItem\",\"position\":4,\"name\":\"France\",\"item\":\"https:\/\/centcols.org\/rubrique\/sejours\/pays-sejours\/france-pays-sejours\/\"},{\"@type\":\"ListItem\",\"position\":5,\"name\":\"S\u00e9jour de printemps \u00e0 Gilette (Alpes-Maritimes) du 18 au 25 avril 2015\"}]},{\"@type\":\"WebSite\",\"@id\":\"https:\/\/centcols.org\/#website\",\"url\":\"https:\/\/centcols.org\/\",\"name\":\"Club des Cent Cols\",\"description\":\"\",\"publisher\":{\"@id\":\"https:\/\/centcols.org\/#organization\"},\"potentialAction\":[{\"@type\":\"SearchAction\",\"target\":{\"@type\":\"EntryPoint\",\"urlTemplate\":\"https:\/\/centcols.org\/?s={search_term_string}\"},\"query-input\":{\"@type\":\"PropertyValueSpecification\",\"valueRequired\":true,\"valueName\":\"search_term_string\"}}],\"inLanguage\":\"it-IT\"},{\"@type\":\"Organization\",\"@id\":\"https:\/\/centcols.org\/#organization\",\"name\":\"Club des Cent Cols\",\"url\":\"https:\/\/centcols.org\/\",\"logo\":{\"@type\":\"ImageObject\",\"inLanguage\":\"it-IT\",\"@id\":\"https:\/\/centcols.org\/#\/schema\/logo\/image\/\",\"url\":\"https:\/\/centcols.org\/wp-content\/uploads\/2025\/01\/carte-icone.png\",\"contentUrl\":\"https:\/\/centcols.org\/wp-content\/uploads\/2025\/01\/carte-icone.png\",\"width\":250,\"height\":250,\"caption\":\"Club des Cent Cols\"},\"image\":{\"@id\":\"https:\/\/centcols.org\/#\/schema\/logo\/image\/\"},\"sameAs\":[\"https:\/\/www.facebook.com\/groups\/5261880558\/?locale=fr_FR\"]},{\"@type\":\"Person\",\"@id\":\"https:\/\/centcols.org\/#\/schema\/person\/911b404fb133d8c913dd27cdcf71c8e5\",\"name\":\"Webmestre\",\"image\":{\"@type\":\"ImageObject\",\"inLanguage\":\"it-IT\",\"@id\":\"https:\/\/centcols.org\/wp-content\/litespeed\/avatar\/2d246e4b6b4f773e08515e1ffc53690b.jpg?ver=1777222892\",\"url\":\"https:\/\/centcols.org\/wp-content\/litespeed\/avatar\/2d246e4b6b4f773e08515e1ffc53690b.jpg?ver=1777222892\",\"contentUrl\":\"https:\/\/centcols.org\/wp-content\/litespeed\/avatar\/2d246e4b6b4f773e08515e1ffc53690b.jpg?ver=1777222892\",\"caption\":\"Webmestre\"},\"url\":\"https:\/\/centcols.org\/it\/author\/webmestre\/\"}]}<\/script>\n<!-- \/ Yoast SEO plugin. -->","yoast_head_json":{"title":"Vacanze di primavera a Gilette (Alpi Marittime) dal 18 al 25 aprile 2015 - Club des Cent Cols","robots":{"index":"index","follow":"follow","max-snippet":"max-snippet:-1","max-image-preview":"max-image-preview:large","max-video-preview":"max-video-preview:-1"},"canonical":"https:\/\/centcols.org\/it\/soggiorno-2015-gilette\/","og_locale":"it_IT","og_type":"article","og_title":"S\u00e9jour de printemps \u00e0 Gilette (Alpes-Maritimes) du 18 au 25 avril 2015 - Club des Cent Cols","og_description":"Pr\u00e9sentation Le s\u00e9jour de printemps 2015 se d\u00e9roulera du 18 au 25 avril au \u00abDomaine de l&rsquo;Olivaie\u00bb, centre de vacances UVLF (Union Loisirs Vacances Familles) \u00e0 Gilette, un petit village de l&rsquo;arri\u00e8re-pays ni\u00e7ois perch\u00e9 sur les hauteurs (459 m) qui domine les vall\u00e9es du Var et de l&rsquo;Est\u00e9ron.Ce village comptant 1500 \u00e2mes est situ\u00e9 \u00e0 [&hellip;]","og_url":"https:\/\/centcols.org\/it\/soggiorno-2015-gilette\/","og_site_name":"Club des Cent Cols","article_publisher":"https:\/\/www.facebook.com\/groups\/5261880558\/?locale=fr_FR","article_published_time":"2015-01-23T08:18:36+00:00","article_modified_time":"2025-10-15T01:33:46+00:00","og_image":[{"width":240,"height":160,"url":"https:\/\/centcols.org\/wp-content\/uploads\/2015\/01\/gilette1.jpg","type":"image\/jpeg"}],"author":"Webmestre","twitter_card":"summary_large_image","twitter_misc":{"Scritto da":"Webmestre","Tempo di lettura stimato":"4 minuti"},"schema":{"@context":"https:\/\/schema.org","@graph":[{"@type":"Article","@id":"https:\/\/centcols.org\/sejour-2015-gilette\/#article","isPartOf":{"@id":"https:\/\/centcols.org\/sejour-2015-gilette\/"},"author":{"name":"Webmestre","@id":"https:\/\/centcols.org\/#\/schema\/person\/911b404fb133d8c913dd27cdcf71c8e5"},"headline":"S\u00e9jour de printemps \u00e0 Gilette (Alpes-Maritimes) du 18 au 25 avril 2015","datePublished":"2015-01-23T08:18:36+00:00","dateModified":"2025-10-15T01:33:46+00:00","mainEntityOfPage":{"@id":"https:\/\/centcols.org\/sejour-2015-gilette\/"},"wordCount":479,"publisher":{"@id":"https:\/\/centcols.org\/#organization"},"image":{"@id":"https:\/\/centcols.org\/sejour-2015-gilette\/#primaryimage"},"thumbnailUrl":"https:\/\/centcols.org\/wp-content\/uploads\/2015\/01\/gilette1.jpg","articleSection":["France","Alpes fran\u00e7aises du sud","06-Alpes-Maritimes","Provence-Alpes-C\u00f4te d'Azur","Calendrier","S\u00e9jours du Club des Cent Cols"],"inLanguage":"it-IT"},{"@type":"WebPage","@id":"https:\/\/centcols.org\/sejour-2015-gilette\/","url":"https:\/\/centcols.org\/sejour-2015-gilette\/","name":"Vacanze di primavera a Gilette (Alpi Marittime) dal 18 al 25 aprile 2015 - Club des Cent Cols","isPartOf":{"@id":"https:\/\/centcols.org\/#website"},"primaryImageOfPage":{"@id":"https:\/\/centcols.org\/sejour-2015-gilette\/#primaryimage"},"image":{"@id":"https:\/\/centcols.org\/sejour-2015-gilette\/#primaryimage"},"thumbnailUrl":"https:\/\/centcols.org\/wp-content\/uploads\/2015\/01\/gilette1.jpg","datePublished":"2015-01-23T08:18:36+00:00","dateModified":"2025-10-15T01:33:46+00:00","breadcrumb":{"@id":"https:\/\/centcols.org\/sejour-2015-gilette\/#breadcrumb"},"inLanguage":"it-IT","potentialAction":[{"@type":"ReadAction","target":["https:\/\/centcols.org\/sejour-2015-gilette\/"]}]},{"@type":"ImageObject","inLanguage":"it-IT","@id":"https:\/\/centcols.org\/sejour-2015-gilette\/#primaryimage","url":"https:\/\/centcols.org\/wp-content\/uploads\/2015\/01\/gilette1.jpg","contentUrl":"https:\/\/centcols.org\/wp-content\/uploads\/2015\/01\/gilette1.jpg","width":240,"height":160},{"@type":"BreadcrumbList","@id":"https:\/\/centcols.org\/sejour-2015-gilette\/#breadcrumb","itemListElement":[{"@type":"ListItem","position":1,"name":"Accueil","item":"https:\/\/centcols.org\/"},{"@type":"ListItem","position":2,"name":"S\u00e9jours du Club des Cent Cols","item":"https:\/\/centcols.org\/rubrique\/sejours\/"},{"@type":"ListItem","position":3,"name":"Pays","item":"https:\/\/centcols.org\/rubrique\/sejours\/pays-sejours\/"},{"@type":"ListItem","position":4,"name":"France","item":"https:\/\/centcols.org\/rubrique\/sejours\/pays-sejours\/france-pays-sejours\/"},{"@type":"ListItem","position":5,"name":"S\u00e9jour de printemps \u00e0 Gilette (Alpes-Maritimes) du 18 au 25 avril 2015"}]},{"@type":"WebSite","@id":"https:\/\/centcols.org\/#website","url":"https:\/\/centcols.org\/","name":"Club des Cent Cols","description":"","publisher":{"@id":"https:\/\/centcols.org\/#organization"},"potentialAction":[{"@type":"SearchAction","target":{"@type":"EntryPoint","urlTemplate":"https:\/\/centcols.org\/?s={search_term_string}"},"query-input":{"@type":"PropertyValueSpecification","valueRequired":true,"valueName":"search_term_string"}}],"inLanguage":"it-IT"},{"@type":"Organization","@id":"https:\/\/centcols.org\/#organization","name":"Club des Cent Cols","url":"https:\/\/centcols.org\/","logo":{"@type":"ImageObject","inLanguage":"it-IT","@id":"https:\/\/centcols.org\/#\/schema\/logo\/image\/","url":"https:\/\/centcols.org\/wp-content\/uploads\/2025\/01\/carte-icone.png","contentUrl":"https:\/\/centcols.org\/wp-content\/uploads\/2025\/01\/carte-icone.png","width":250,"height":250,"caption":"Club des Cent Cols"},"image":{"@id":"https:\/\/centcols.org\/#\/schema\/logo\/image\/"},"sameAs":["https:\/\/www.facebook.com\/groups\/5261880558\/?locale=fr_FR"]},{"@type":"Person","@id":"https:\/\/centcols.org\/#\/schema\/person\/911b404fb133d8c913dd27cdcf71c8e5","name":"Webmaster","image":{"@type":"ImageObject","inLanguage":"it-IT","@id":"https:\/\/centcols.org\/wp-content\/litespeed\/avatar\/2d246e4b6b4f773e08515e1ffc53690b.jpg?ver=1777222892","url":"https:\/\/centcols.org\/wp-content\/litespeed\/avatar\/2d246e4b6b4f773e08515e1ffc53690b.jpg?ver=1777222892","contentUrl":"https:\/\/centcols.org\/wp-content\/litespeed\/avatar\/2d246e4b6b4f773e08515e1ffc53690b.jpg?ver=1777222892","caption":"Webmestre"},"url":"https:\/\/centcols.org\/it\/author\/webmestre\/"}]}},"_links":{"self":[{"href":"https:\/\/centcols.org\/it\/wp-json\/wp\/v2\/posts\/81233","targetHints":{"allow":["GET"]}}],"collection":[{"href":"https:\/\/centcols.org\/it\/wp-json\/wp\/v2\/posts"}],"about":[{"href":"https:\/\/centcols.org\/it\/wp-json\/wp\/v2\/types\/post"}],"author":[{"embeddable":true,"href":"https:\/\/centcols.org\/it\/wp-json\/wp\/v2\/users\/3"}],"replies":[{"embeddable":true,"href":"https:\/\/centcols.org\/it\/wp-json\/wp\/v2\/comments?post=81233"}],"version-history":[{"count":0,"href":"https:\/\/centcols.org\/it\/wp-json\/wp\/v2\/posts\/81233\/revisions"}],"wp:featuredmedia":[{"embeddable":true,"href":"https:\/\/centcols.org\/it\/wp-json\/wp\/v2\/media\/88779"}],"wp:attachment":[{"href":"https:\/\/centcols.org\/it\/wp-json\/wp\/v2\/media?parent=81233"}],"wp:term":[{"taxonomy":"category","embeddable":true,"href":"https:\/\/centcols.org\/it\/wp-json\/wp\/v2\/categories?post=81233"},{"taxonomy":"post_tag","embeddable":true,"href":"https:\/\/centcols.org\/it\/wp-json\/wp\/v2\/tags?post=81233"}],"curies":[{"name":"wp","href":"https:\/\/api.w.org\/{rel}","templated":true}]}}