{"id":81243,"date":"2015-04-24T07:17:03","date_gmt":"2015-04-24T05:17:03","guid":{"rendered":"https:\/\/centcols.org\/sortie-vtt-cent-cols-suisses-a-chateau-doex-le-5-septembre-2015\/"},"modified":"2025-09-15T03:35:34","modified_gmt":"2025-09-15T01:35:34","slug":"uscita-in-mountain-bike-del-cent-cols-suisses-a-chateau-doex-il-5-settembre-2015","status":"publish","type":"post","link":"https:\/\/centcols.org\/it\/sortie-vtt-cent-cols-suisses-a-chateau-doex-le-5-septembre-2015\/","title":{"rendered":"Uscita in mountain bike dei Cent Cols suisses a Ch\u00e2teau d'Oex il 5 settembre 2015"},"content":{"rendered":"\n<h2 class=\"wp-block-heading\"><span style=\"color: #ff0000;\">Sortie annul\u00e9e pour raisons m\u00e9t\u00e9o<\/span><\/h2>\n\n\n\n<p>&nbsp;<\/p>\n\n\n\n<p>Rendez-vous au parking Les Riaux<br>8h30 pour le caf\u00e9, d\u00e9part \u00e0 9h00.<br>Parcours de 40 km, 1300 m de d\u00e9nivellation.<\/p>\n\n\n\n<p>La Forcla 1209 m, col de la Forcla 1662 m et Pertet \u00e0 Bovets 1840 m.<\/p>\n\n\n\n<figure class=\"wp-block-image size-full\"><img loading=\"lazy\" decoding=\"async\" width=\"832\" height=\"446\" src=\"https:\/\/centcols.org\/wp-content\/uploads\/2025\/05\/chateau-doex.jpg\" alt=\"\" class=\"wp-image-81799\" srcset=\"https:\/\/centcols.org\/wp-content\/uploads\/2025\/05\/chateau-doex.jpg 832w, https:\/\/centcols.org\/wp-content\/uploads\/2025\/05\/chateau-doex-768x412.jpg 768w\" sizes=\"auto, (max-width: 832px) 100vw, 832px\" \/><\/figure>\n\n\n\n<p><\/p>\n\n\n\n<h2 class=\"wp-block-heading\">Contact<\/h2>\n\n\n\n<p>Pierre Mai, route du Signal 22. 1165 Allaman.<\/p>\n\n\n\n<p>T\u00e9l : (0041) 021 807 34 17<\/p>\n\n\n\n<p>Natel : 0041 76 498 58 73<\/p>\n\n\n\n<p>Email : [email]&#112;&#109;&#x61;i&#64;&#x62;&#x6c;u&#101;&#x77;&#x69;n&#46;&#x63;h[\/email]<\/p>\n","protected":false},"excerpt":{"rendered":"<p>Sortie annul\u00e9e pour raisons m\u00e9t\u00e9o &nbsp; Rendez-vous au parking Les Riaux8h30 pour le caf\u00e9, d\u00e9part \u00e0 9h00.Parcours de 40 km, 1300 m de d\u00e9nivellation. La Forcla 1209 m, col de la Forcla 1662 m et Pertet \u00e0 Bovets 1840 m. Contact Pierre Mai, route du Signal 22. 1165 Allaman. T\u00e9l : (0041) 021 807 34 [&hellip;]<\/p>\n","protected":false},"author":2,"featured_media":0,"comment_status":"closed","ping_status":"open","sticky":false,"template":"","format":"standard","meta":{"_acf_changed":false,"footnotes":""},"categories":[135,234,216],"tags":[],"class_list":["post-81243","post","type-post","status-publish","format-standard","hentry","category-calendrier","category-les-rassemblements-de-2015","category-rencontres-regionales"],"acf":[],"yoast_head":"<!-- This site is optimized with the Yoast SEO plugin v27.2 - https:\/\/yoast.com\/product\/yoast-seo-wordpress\/ -->\n<title>Sortie VTT Cent Cols suisses \u00e0 Ch\u00e2teau d&#039;Oex le 5 septembre 2015 - Club des Cent Cols<\/title>\n<meta name=\"robots\" content=\"index, follow, max-snippet:-1, max-image-preview:large, max-video-preview:-1\" \/>\n<link rel=\"canonical\" href=\"https:\/\/centcols.org\/it\/uscita-in-mountain-bike-del-cent-cols-suisses-a-chateau-doex-il-5-settembre-2015\/\" \/>\n<meta property=\"og:locale\" content=\"it_IT\" \/>\n<meta property=\"og:type\" content=\"article\" \/>\n<meta property=\"og:title\" content=\"Sortie VTT Cent Cols suisses \u00e0 Ch\u00e2teau d&#039;Oex le 5 septembre 2015 - Club des Cent Cols\" \/>\n<meta property=\"og:description\" content=\"Sortie annul\u00e9e pour raisons m\u00e9t\u00e9o &nbsp; Rendez-vous au parking Les Riaux8h30 pour le caf\u00e9, d\u00e9part \u00e0 9h00.Parcours de 40 km, 1300 m de d\u00e9nivellation. La Forcla 1209 m, col de la Forcla 1662 m et Pertet \u00e0 Bovets 1840 m. Contact Pierre Mai, route du Signal 22. 1165 Allaman. T\u00e9l : (0041) 021 807 34 [&hellip;]\" \/>\n<meta property=\"og:url\" content=\"https:\/\/centcols.org\/it\/uscita-in-mountain-bike-del-cent-cols-suisses-a-chateau-doex-il-5-settembre-2015\/\" \/>\n<meta property=\"og:site_name\" content=\"Club des Cent Cols\" \/>\n<meta property=\"article:publisher\" content=\"https:\/\/www.facebook.com\/groups\/5261880558\/?locale=fr_FR\" \/>\n<meta property=\"article:published_time\" content=\"2015-04-24T05:17:03+00:00\" \/>\n<meta property=\"article:modified_time\" content=\"2025-09-15T01:35:34+00:00\" \/>\n<meta property=\"og:image\" content=\"https:\/\/centcols.org\/wp-content\/uploads\/2025\/05\/chateau-doex.jpg\" \/>\n\t<meta property=\"og:image:width\" content=\"832\" \/>\n\t<meta property=\"og:image:height\" content=\"446\" \/>\n\t<meta property=\"og:image:type\" content=\"image\/jpeg\" \/>\n<meta name=\"author\" content=\"fabien\" \/>\n<meta name=\"twitter:card\" content=\"summary_large_image\" \/>\n<meta name=\"twitter:label1\" content=\"Scritto da\" \/>\n\t<meta name=\"twitter:data1\" content=\"fabien\" \/>\n\t<meta name=\"twitter:label2\" content=\"Tempo di lettura stimato\" \/>\n\t<meta name=\"twitter:data2\" content=\"1 minuto\" \/>\n<script type=\"application\/ld+json\" class=\"yoast-schema-graph\">{\"@context\":\"https:\/\/schema.org\",\"@graph\":[{\"@type\":\"Article\",\"@id\":\"https:\/\/centcols.org\/sortie-vtt-cent-cols-suisses-a-chateau-doex-le-5-septembre-2015\/#article\",\"isPartOf\":{\"@id\":\"https:\/\/centcols.org\/sortie-vtt-cent-cols-suisses-a-chateau-doex-le-5-septembre-2015\/\"},\"author\":{\"name\":\"fabien\",\"@id\":\"https:\/\/centcols.org\/#\/schema\/person\/fcdb31e57ffa95295c9683ffdda82afa\"},\"headline\":\"Sortie VTT Cent Cols suisses \u00e0 Ch\u00e2teau d&rsquo;Oex le 5 septembre 2015\",\"datePublished\":\"2015-04-24T05:17:03+00:00\",\"dateModified\":\"2025-09-15T01:35:34+00:00\",\"mainEntityOfPage\":{\"@id\":\"https:\/\/centcols.org\/sortie-vtt-cent-cols-suisses-a-chateau-doex-le-5-septembre-2015\/\"},\"wordCount\":67,\"publisher\":{\"@id\":\"https:\/\/centcols.org\/#organization\"},\"image\":{\"@id\":\"https:\/\/centcols.org\/sortie-vtt-cent-cols-suisses-a-chateau-doex-le-5-septembre-2015\/#primaryimage\"},\"thumbnailUrl\":\"https:\/\/centcols.org\/wp-content\/uploads\/2025\/05\/chateau-doex.jpg\",\"articleSection\":[\"Calendrier\",\"2015-rassemblements\",\"Rencontres r\u00e9gionales\"],\"inLanguage\":\"it-IT\"},{\"@type\":\"WebPage\",\"@id\":\"https:\/\/centcols.org\/sortie-vtt-cent-cols-suisses-a-chateau-doex-le-5-septembre-2015\/\",\"url\":\"https:\/\/centcols.org\/sortie-vtt-cent-cols-suisses-a-chateau-doex-le-5-septembre-2015\/\",\"name\":\"Sortie VTT Cent Cols suisses \u00e0 Ch\u00e2teau d'Oex le 5 septembre 2015 - Club des Cent Cols\",\"isPartOf\":{\"@id\":\"https:\/\/centcols.org\/#website\"},\"primaryImageOfPage\":{\"@id\":\"https:\/\/centcols.org\/sortie-vtt-cent-cols-suisses-a-chateau-doex-le-5-septembre-2015\/#primaryimage\"},\"image\":{\"@id\":\"https:\/\/centcols.org\/sortie-vtt-cent-cols-suisses-a-chateau-doex-le-5-septembre-2015\/#primaryimage\"},\"thumbnailUrl\":\"https:\/\/centcols.org\/wp-content\/uploads\/2025\/05\/chateau-doex.jpg\",\"datePublished\":\"2015-04-24T05:17:03+00:00\",\"dateModified\":\"2025-09-15T01:35:34+00:00\",\"breadcrumb\":{\"@id\":\"https:\/\/centcols.org\/sortie-vtt-cent-cols-suisses-a-chateau-doex-le-5-septembre-2015\/#breadcrumb\"},\"inLanguage\":\"it-IT\",\"potentialAction\":[{\"@type\":\"ReadAction\",\"target\":[\"https:\/\/centcols.org\/sortie-vtt-cent-cols-suisses-a-chateau-doex-le-5-septembre-2015\/\"]}]},{\"@type\":\"ImageObject\",\"inLanguage\":\"it-IT\",\"@id\":\"https:\/\/centcols.org\/sortie-vtt-cent-cols-suisses-a-chateau-doex-le-5-septembre-2015\/#primaryimage\",\"url\":\"https:\/\/centcols.org\/wp-content\/uploads\/2025\/05\/chateau-doex.jpg\",\"contentUrl\":\"https:\/\/centcols.org\/wp-content\/uploads\/2025\/05\/chateau-doex.jpg\"},{\"@type\":\"BreadcrumbList\",\"@id\":\"https:\/\/centcols.org\/sortie-vtt-cent-cols-suisses-a-chateau-doex-le-5-septembre-2015\/#breadcrumb\",\"itemListElement\":[{\"@type\":\"ListItem\",\"position\":1,\"name\":\"Accueil\",\"item\":\"https:\/\/centcols.org\/\"},{\"@type\":\"ListItem\",\"position\":2,\"name\":\"Calendrier\",\"item\":\"https:\/\/centcols.org\/rubrique\/calendrier\/\"},{\"@type\":\"ListItem\",\"position\":3,\"name\":\"Sortie VTT Cent Cols suisses \u00e0 Ch\u00e2teau d&rsquo;Oex le 5 septembre 2015\"}]},{\"@type\":\"WebSite\",\"@id\":\"https:\/\/centcols.org\/#website\",\"url\":\"https:\/\/centcols.org\/\",\"name\":\"Club des Cent Cols\",\"description\":\"\",\"publisher\":{\"@id\":\"https:\/\/centcols.org\/#organization\"},\"potentialAction\":[{\"@type\":\"SearchAction\",\"target\":{\"@type\":\"EntryPoint\",\"urlTemplate\":\"https:\/\/centcols.org\/?s={search_term_string}\"},\"query-input\":{\"@type\":\"PropertyValueSpecification\",\"valueRequired\":true,\"valueName\":\"search_term_string\"}}],\"inLanguage\":\"it-IT\"},{\"@type\":\"Organization\",\"@id\":\"https:\/\/centcols.org\/#organization\",\"name\":\"Club des Cent Cols\",\"url\":\"https:\/\/centcols.org\/\",\"logo\":{\"@type\":\"ImageObject\",\"inLanguage\":\"it-IT\",\"@id\":\"https:\/\/centcols.org\/#\/schema\/logo\/image\/\",\"url\":\"https:\/\/centcols.org\/wp-content\/uploads\/2025\/01\/carte-icone.png\",\"contentUrl\":\"https:\/\/centcols.org\/wp-content\/uploads\/2025\/01\/carte-icone.png\",\"width\":250,\"height\":250,\"caption\":\"Club des Cent Cols\"},\"image\":{\"@id\":\"https:\/\/centcols.org\/#\/schema\/logo\/image\/\"},\"sameAs\":[\"https:\/\/www.facebook.com\/groups\/5261880558\/?locale=fr_FR\"]},{\"@type\":\"Person\",\"@id\":\"https:\/\/centcols.org\/#\/schema\/person\/fcdb31e57ffa95295c9683ffdda82afa\",\"name\":\"fabien\",\"image\":{\"@type\":\"ImageObject\",\"inLanguage\":\"it-IT\",\"@id\":\"https:\/\/centcols.org\/wp-content\/litespeed\/avatar\/9065528d4c1ba02f0faf2b7616b2a195.jpg?ver=1777225983\",\"url\":\"https:\/\/centcols.org\/wp-content\/litespeed\/avatar\/9065528d4c1ba02f0faf2b7616b2a195.jpg?ver=1777225983\",\"contentUrl\":\"https:\/\/centcols.org\/wp-content\/litespeed\/avatar\/9065528d4c1ba02f0faf2b7616b2a195.jpg?ver=1777225983\",\"caption\":\"fabien\"},\"url\":\"https:\/\/centcols.org\/it\/author\/fabien\/\"}]}<\/script>\n<!-- \/ Yoast SEO plugin. -->","yoast_head_json":{"title":"Uscita in mountain bike dei Cent Cols suisses a Ch\u00e2teau d'Oex il 5 settembre 2015 - Club dei Cent Cols","robots":{"index":"index","follow":"follow","max-snippet":"max-snippet:-1","max-image-preview":"max-image-preview:large","max-video-preview":"max-video-preview:-1"},"canonical":"https:\/\/centcols.org\/it\/uscita-in-mountain-bike-del-cent-cols-suisses-a-chateau-doex-il-5-settembre-2015\/","og_locale":"it_IT","og_type":"article","og_title":"Sortie VTT Cent Cols suisses \u00e0 Ch\u00e2teau d'Oex le 5 septembre 2015 - Club des Cent Cols","og_description":"Sortie annul\u00e9e pour raisons m\u00e9t\u00e9o &nbsp; Rendez-vous au parking Les Riaux8h30 pour le caf\u00e9, d\u00e9part \u00e0 9h00.Parcours de 40 km, 1300 m de d\u00e9nivellation. La Forcla 1209 m, col de la Forcla 1662 m et Pertet \u00e0 Bovets 1840 m. Contact Pierre Mai, route du Signal 22. 1165 Allaman. T\u00e9l : (0041) 021 807 34 [&hellip;]","og_url":"https:\/\/centcols.org\/it\/uscita-in-mountain-bike-del-cent-cols-suisses-a-chateau-doex-il-5-settembre-2015\/","og_site_name":"Club des Cent Cols","article_publisher":"https:\/\/www.facebook.com\/groups\/5261880558\/?locale=fr_FR","article_published_time":"2015-04-24T05:17:03+00:00","article_modified_time":"2025-09-15T01:35:34+00:00","og_image":[{"width":832,"height":446,"url":"https:\/\/centcols.org\/wp-content\/uploads\/2025\/05\/chateau-doex.jpg","type":"image\/jpeg"}],"author":"fabien","twitter_card":"summary_large_image","twitter_misc":{"Scritto da":"fabien","Tempo di lettura stimato":"1 minuto"},"schema":{"@context":"https:\/\/schema.org","@graph":[{"@type":"Article","@id":"https:\/\/centcols.org\/sortie-vtt-cent-cols-suisses-a-chateau-doex-le-5-septembre-2015\/#article","isPartOf":{"@id":"https:\/\/centcols.org\/sortie-vtt-cent-cols-suisses-a-chateau-doex-le-5-septembre-2015\/"},"author":{"name":"fabien","@id":"https:\/\/centcols.org\/#\/schema\/person\/fcdb31e57ffa95295c9683ffdda82afa"},"headline":"Sortie VTT Cent Cols suisses \u00e0 Ch\u00e2teau d&rsquo;Oex le 5 septembre 2015","datePublished":"2015-04-24T05:17:03+00:00","dateModified":"2025-09-15T01:35:34+00:00","mainEntityOfPage":{"@id":"https:\/\/centcols.org\/sortie-vtt-cent-cols-suisses-a-chateau-doex-le-5-septembre-2015\/"},"wordCount":67,"publisher":{"@id":"https:\/\/centcols.org\/#organization"},"image":{"@id":"https:\/\/centcols.org\/sortie-vtt-cent-cols-suisses-a-chateau-doex-le-5-septembre-2015\/#primaryimage"},"thumbnailUrl":"https:\/\/centcols.org\/wp-content\/uploads\/2025\/05\/chateau-doex.jpg","articleSection":["Calendrier","2015-rassemblements","Rencontres r\u00e9gionales"],"inLanguage":"it-IT"},{"@type":"WebPage","@id":"https:\/\/centcols.org\/sortie-vtt-cent-cols-suisses-a-chateau-doex-le-5-septembre-2015\/","url":"https:\/\/centcols.org\/sortie-vtt-cent-cols-suisses-a-chateau-doex-le-5-septembre-2015\/","name":"Uscita in mountain bike dei Cent Cols suisses a Ch\u00e2teau d'Oex il 5 settembre 2015 - Club dei Cent Cols","isPartOf":{"@id":"https:\/\/centcols.org\/#website"},"primaryImageOfPage":{"@id":"https:\/\/centcols.org\/sortie-vtt-cent-cols-suisses-a-chateau-doex-le-5-septembre-2015\/#primaryimage"},"image":{"@id":"https:\/\/centcols.org\/sortie-vtt-cent-cols-suisses-a-chateau-doex-le-5-septembre-2015\/#primaryimage"},"thumbnailUrl":"https:\/\/centcols.org\/wp-content\/uploads\/2025\/05\/chateau-doex.jpg","datePublished":"2015-04-24T05:17:03+00:00","dateModified":"2025-09-15T01:35:34+00:00","breadcrumb":{"@id":"https:\/\/centcols.org\/sortie-vtt-cent-cols-suisses-a-chateau-doex-le-5-septembre-2015\/#breadcrumb"},"inLanguage":"it-IT","potentialAction":[{"@type":"ReadAction","target":["https:\/\/centcols.org\/sortie-vtt-cent-cols-suisses-a-chateau-doex-le-5-septembre-2015\/"]}]},{"@type":"ImageObject","inLanguage":"it-IT","@id":"https:\/\/centcols.org\/sortie-vtt-cent-cols-suisses-a-chateau-doex-le-5-septembre-2015\/#primaryimage","url":"https:\/\/centcols.org\/wp-content\/uploads\/2025\/05\/chateau-doex.jpg","contentUrl":"https:\/\/centcols.org\/wp-content\/uploads\/2025\/05\/chateau-doex.jpg"},{"@type":"BreadcrumbList","@id":"https:\/\/centcols.org\/sortie-vtt-cent-cols-suisses-a-chateau-doex-le-5-septembre-2015\/#breadcrumb","itemListElement":[{"@type":"ListItem","position":1,"name":"Accueil","item":"https:\/\/centcols.org\/"},{"@type":"ListItem","position":2,"name":"Calendrier","item":"https:\/\/centcols.org\/rubrique\/calendrier\/"},{"@type":"ListItem","position":3,"name":"Sortie VTT Cent Cols suisses \u00e0 Ch\u00e2teau d&rsquo;Oex le 5 septembre 2015"}]},{"@type":"WebSite","@id":"https:\/\/centcols.org\/#website","url":"https:\/\/centcols.org\/","name":"Club des Cent Cols","description":"","publisher":{"@id":"https:\/\/centcols.org\/#organization"},"potentialAction":[{"@type":"SearchAction","target":{"@type":"EntryPoint","urlTemplate":"https:\/\/centcols.org\/?s={search_term_string}"},"query-input":{"@type":"PropertyValueSpecification","valueRequired":true,"valueName":"search_term_string"}}],"inLanguage":"it-IT"},{"@type":"Organization","@id":"https:\/\/centcols.org\/#organization","name":"Club des Cent Cols","url":"https:\/\/centcols.org\/","logo":{"@type":"ImageObject","inLanguage":"it-IT","@id":"https:\/\/centcols.org\/#\/schema\/logo\/image\/","url":"https:\/\/centcols.org\/wp-content\/uploads\/2025\/01\/carte-icone.png","contentUrl":"https:\/\/centcols.org\/wp-content\/uploads\/2025\/01\/carte-icone.png","width":250,"height":250,"caption":"Club des Cent Cols"},"image":{"@id":"https:\/\/centcols.org\/#\/schema\/logo\/image\/"},"sameAs":["https:\/\/www.facebook.com\/groups\/5261880558\/?locale=fr_FR"]},{"@type":"Person","@id":"https:\/\/centcols.org\/#\/schema\/person\/fcdb31e57ffa95295c9683ffdda82afa","name":"fabien","image":{"@type":"ImageObject","inLanguage":"it-IT","@id":"https:\/\/centcols.org\/wp-content\/litespeed\/avatar\/9065528d4c1ba02f0faf2b7616b2a195.jpg?ver=1777225983","url":"https:\/\/centcols.org\/wp-content\/litespeed\/avatar\/9065528d4c1ba02f0faf2b7616b2a195.jpg?ver=1777225983","contentUrl":"https:\/\/centcols.org\/wp-content\/litespeed\/avatar\/9065528d4c1ba02f0faf2b7616b2a195.jpg?ver=1777225983","caption":"fabien"},"url":"https:\/\/centcols.org\/it\/author\/fabien\/"}]}},"_links":{"self":[{"href":"https:\/\/centcols.org\/it\/wp-json\/wp\/v2\/posts\/81243","targetHints":{"allow":["GET"]}}],"collection":[{"href":"https:\/\/centcols.org\/it\/wp-json\/wp\/v2\/posts"}],"about":[{"href":"https:\/\/centcols.org\/it\/wp-json\/wp\/v2\/types\/post"}],"author":[{"embeddable":true,"href":"https:\/\/centcols.org\/it\/wp-json\/wp\/v2\/users\/2"}],"replies":[{"embeddable":true,"href":"https:\/\/centcols.org\/it\/wp-json\/wp\/v2\/comments?post=81243"}],"version-history":[{"count":0,"href":"https:\/\/centcols.org\/it\/wp-json\/wp\/v2\/posts\/81243\/revisions"}],"wp:attachment":[{"href":"https:\/\/centcols.org\/it\/wp-json\/wp\/v2\/media?parent=81243"}],"wp:term":[{"taxonomy":"category","embeddable":true,"href":"https:\/\/centcols.org\/it\/wp-json\/wp\/v2\/categories?post=81243"},{"taxonomy":"post_tag","embeddable":true,"href":"https:\/\/centcols.org\/it\/wp-json\/wp\/v2\/tags?post=81243"}],"curies":[{"name":"wp","href":"https:\/\/api.w.org\/{rel}","templated":true}]}}