{"id":81255,"date":"2015-04-01T08:00:28","date_gmt":"2015-04-01T06:00:28","guid":{"rendered":"https:\/\/centcols.org\/sortie-vtt-cent-cols-suisses-a-la-barboleusaz-le-9-mai-2015\/"},"modified":"2025-09-15T12:39:34","modified_gmt":"2025-09-15T10:39:34","slug":"uscita-in-mountain-bike-del-cent-cols-suisses-a-la-barboleusaz-il-9-maggio-2015","status":"publish","type":"post","link":"https:\/\/centcols.org\/it\/sortie-vtt-cent-cols-suisses-a-la-barboleusaz-le-9-mai-2015\/","title":{"rendered":"Uscita in mountain bike dei Cent Cols suisses a La Barboleusaz il 9 maggio 2015"},"content":{"rendered":"\n<h2 class=\"wp-block-heading\"><span style=\"color: #ff0000;\">sortie annul\u00e9e pour raisons m\u00e9t\u00e9o<\/span><\/h2>\n\n\n\n<p><strong>Samedi 9 mai 2015<\/strong><\/p>\n\n\n\n<p>Rendez-vous au parking du centre du village.<br>8h30 pour le caf\u00e9, d\u00e9part \u00e0 9h00.<\/p>\n\n\n\n<p>Parcours de 22 km, 800 m de d\u00e9nivellation. Pas de la Larze CH-VD-1800<\/p>\n\n\n\n<figure class=\"wp-block-image size-full\"><img loading=\"lazy\" decoding=\"async\" width=\"569\" height=\"570\" src=\"https:\/\/centcols.org\/wp-content\/uploads\/2025\/05\/barboleusaz.jpg\" alt=\"\" class=\"wp-image-81256\" srcset=\"https:\/\/centcols.org\/wp-content\/uploads\/2025\/05\/barboleusaz.jpg 569w, https:\/\/centcols.org\/wp-content\/uploads\/2025\/05\/barboleusaz-150x150.jpg 150w\" sizes=\"auto, (max-width: 569px) 100vw, 569px\" \/><\/figure>\n\n\n\n<p><\/p>\n\n\n\n<h3 class=\"wp-block-heading\">Contact<\/h3>\n\n\n\n<p>Pierre Mai, route du Signal 22. 1165 Allaman.<\/p>\n\n\n\n<p>T\u00e9l : (0041) 21 807 34 17<\/p>\n\n\n\n<p>Natel : 0041 76 498 58 73<\/p>\n\n\n\n<p>Email : [email]&#x70;&#x6d;&#x61;&#x69;&#x40;&#x62;&#x6c;&#x75;&#x65;&#x77;&#x69;&#110;&#46;&#99;&#104;[\/email]<\/p>\n\n\n\n<h2 class=\"wp-block-heading\">Compte-rendu<\/h2>\n\n\n\n<p>Soleil, chaleur, tout \u00e9tait r\u00e9unis \u00e0 St-Imier dans le Jura Bernois pour faire de ce rendez-vous \u00ab&nbsp;route&nbsp;\u00bb une r\u00e9ussite.<\/p>\n\n\n\n<p>25 participants des deux clubs (et Nathalie bien s\u00fbr\u2026 qui a fait le d\u00e9placement depuis la France) se sont retrouv\u00e9s au parking du terrain de football \u00e0 8h30 pour le caf\u00e9.<\/p>\n\n\n\n<p>A 9 heures deux groupes se sont form\u00e9s&nbsp;: emmen\u00e9 par Christian le groupe *C* a parcouru 56 km (850 m de d\u00e9nivel\u00e9) avec au programme les cols de Pierre Pertuis, col de la Tanne (un petit arr\u00eat Coca \u00e0 Bellelay) et le col du Mont Crosin pour terminer. Le groupe *B* emmen\u00e9 par votre serviteur sur le m\u00eame parcours avec une petite rallonge (68 km, 1100 m de d\u00e9nivel\u00e9) par Saignel\u00e9gier et une vitesse un peu plus \u00e9lev\u00e9e.<\/p>\n\n\n\n<p>Au retour pain et fromage offert par le Club Cyclotouriste de la Riviera nous ont permis de passer encore un moment tr\u00e8s convivial autour de la table. Merci \u00e0 Jean-Jacques et Jean-Yves pour les bouteilles de Clairette.<\/p>\n\n\n\n<p>Salutations sportives<\/p>\n\n\n\n<p>Votre DT<\/p>\n\n\n\n<p>Pierre Mai<\/p>\n","protected":false},"excerpt":{"rendered":"<p>sortie annul\u00e9e pour raisons m\u00e9t\u00e9o Samedi 9 mai 2015 Rendez-vous au parking du centre du village.8h30 pour le caf\u00e9, d\u00e9part \u00e0 9h00. Parcours de 22 km, 800 m de d\u00e9nivellation. Pas de la Larze CH-VD-1800 Contact Pierre Mai, route du Signal 22. 1165 Allaman. T\u00e9l : (0041) 21 807 34 17 Natel : 0041 76 [&hellip;]<\/p>\n","protected":false},"author":2,"featured_media":81256,"comment_status":"closed","ping_status":"open","sticky":false,"template":"","format":"standard","meta":{"_acf_changed":false,"footnotes":""},"categories":[135,234,216],"tags":[],"class_list":["post-81255","post","type-post","status-publish","format-standard","has-post-thumbnail","hentry","category-calendrier","category-les-rassemblements-de-2015","category-rencontres-regionales"],"acf":[],"yoast_head":"<!-- This site is optimized with the Yoast SEO plugin v27.2 - https:\/\/yoast.com\/product\/yoast-seo-wordpress\/ -->\n<title>Sortie VTT Cent Cols suisses \u00e0 La Barboleusaz le 9 mai 2015 - Club des Cent Cols<\/title>\n<meta name=\"robots\" content=\"index, follow, max-snippet:-1, max-image-preview:large, max-video-preview:-1\" \/>\n<link rel=\"canonical\" href=\"https:\/\/centcols.org\/it\/uscita-in-mountain-bike-del-cent-cols-suisses-a-la-barboleusaz-il-9-maggio-2015\/\" \/>\n<meta property=\"og:locale\" content=\"it_IT\" \/>\n<meta property=\"og:type\" content=\"article\" \/>\n<meta property=\"og:title\" content=\"Sortie VTT Cent Cols suisses \u00e0 La Barboleusaz le 9 mai 2015 - Club des Cent Cols\" \/>\n<meta property=\"og:description\" content=\"sortie annul\u00e9e pour raisons m\u00e9t\u00e9o Samedi 9 mai 2015 Rendez-vous au parking du centre du village.8h30 pour le caf\u00e9, d\u00e9part \u00e0 9h00. Parcours de 22 km, 800 m de d\u00e9nivellation. Pas de la Larze CH-VD-1800 Contact Pierre Mai, route du Signal 22. 1165 Allaman. T\u00e9l : (0041) 21 807 34 17 Natel : 0041 76 [&hellip;]\" \/>\n<meta property=\"og:url\" content=\"https:\/\/centcols.org\/it\/uscita-in-mountain-bike-del-cent-cols-suisses-a-la-barboleusaz-il-9-maggio-2015\/\" \/>\n<meta property=\"og:site_name\" content=\"Club des Cent Cols\" \/>\n<meta property=\"article:publisher\" content=\"https:\/\/www.facebook.com\/groups\/5261880558\/?locale=fr_FR\" \/>\n<meta property=\"article:published_time\" content=\"2015-04-01T06:00:28+00:00\" \/>\n<meta property=\"article:modified_time\" content=\"2025-09-15T10:39:34+00:00\" \/>\n<meta property=\"og:image\" content=\"https:\/\/centcols.org\/wp-content\/uploads\/2025\/05\/barboleusaz.jpg\" \/>\n\t<meta property=\"og:image:width\" content=\"569\" \/>\n\t<meta property=\"og:image:height\" content=\"570\" \/>\n\t<meta property=\"og:image:type\" content=\"image\/jpeg\" \/>\n<meta name=\"author\" content=\"fabien\" \/>\n<meta name=\"twitter:card\" content=\"summary_large_image\" \/>\n<meta name=\"twitter:label1\" content=\"Scritto da\" \/>\n\t<meta name=\"twitter:data1\" content=\"fabien\" \/>\n\t<meta name=\"twitter:label2\" content=\"Tempo di lettura stimato\" \/>\n\t<meta name=\"twitter:data2\" content=\"2 minuti\" \/>\n<script type=\"application\/ld+json\" class=\"yoast-schema-graph\">{\"@context\":\"https:\/\/schema.org\",\"@graph\":[{\"@type\":\"Article\",\"@id\":\"https:\/\/centcols.org\/sortie-vtt-cent-cols-suisses-a-la-barboleusaz-le-9-mai-2015\/#article\",\"isPartOf\":{\"@id\":\"https:\/\/centcols.org\/sortie-vtt-cent-cols-suisses-a-la-barboleusaz-le-9-mai-2015\/\"},\"author\":{\"name\":\"fabien\",\"@id\":\"https:\/\/centcols.org\/#\/schema\/person\/fcdb31e57ffa95295c9683ffdda82afa\"},\"headline\":\"Sortie VTT Cent Cols suisses \u00e0 La Barboleusaz le 9 mai 2015\",\"datePublished\":\"2015-04-01T06:00:28+00:00\",\"dateModified\":\"2025-09-15T10:39:34+00:00\",\"mainEntityOfPage\":{\"@id\":\"https:\/\/centcols.org\/sortie-vtt-cent-cols-suisses-a-la-barboleusaz-le-9-mai-2015\/\"},\"wordCount\":239,\"publisher\":{\"@id\":\"https:\/\/centcols.org\/#organization\"},\"image\":{\"@id\":\"https:\/\/centcols.org\/sortie-vtt-cent-cols-suisses-a-la-barboleusaz-le-9-mai-2015\/#primaryimage\"},\"thumbnailUrl\":\"https:\/\/centcols.org\/wp-content\/uploads\/2025\/05\/barboleusaz.jpg\",\"articleSection\":[\"Calendrier\",\"2015-rassemblements\",\"Rencontres r\u00e9gionales\"],\"inLanguage\":\"it-IT\"},{\"@type\":\"WebPage\",\"@id\":\"https:\/\/centcols.org\/sortie-vtt-cent-cols-suisses-a-la-barboleusaz-le-9-mai-2015\/\",\"url\":\"https:\/\/centcols.org\/sortie-vtt-cent-cols-suisses-a-la-barboleusaz-le-9-mai-2015\/\",\"name\":\"Sortie VTT Cent Cols suisses \u00e0 La Barboleusaz le 9 mai 2015 - Club des Cent Cols\",\"isPartOf\":{\"@id\":\"https:\/\/centcols.org\/#website\"},\"primaryImageOfPage\":{\"@id\":\"https:\/\/centcols.org\/sortie-vtt-cent-cols-suisses-a-la-barboleusaz-le-9-mai-2015\/#primaryimage\"},\"image\":{\"@id\":\"https:\/\/centcols.org\/sortie-vtt-cent-cols-suisses-a-la-barboleusaz-le-9-mai-2015\/#primaryimage\"},\"thumbnailUrl\":\"https:\/\/centcols.org\/wp-content\/uploads\/2025\/05\/barboleusaz.jpg\",\"datePublished\":\"2015-04-01T06:00:28+00:00\",\"dateModified\":\"2025-09-15T10:39:34+00:00\",\"breadcrumb\":{\"@id\":\"https:\/\/centcols.org\/sortie-vtt-cent-cols-suisses-a-la-barboleusaz-le-9-mai-2015\/#breadcrumb\"},\"inLanguage\":\"it-IT\",\"potentialAction\":[{\"@type\":\"ReadAction\",\"target\":[\"https:\/\/centcols.org\/sortie-vtt-cent-cols-suisses-a-la-barboleusaz-le-9-mai-2015\/\"]}]},{\"@type\":\"ImageObject\",\"inLanguage\":\"it-IT\",\"@id\":\"https:\/\/centcols.org\/sortie-vtt-cent-cols-suisses-a-la-barboleusaz-le-9-mai-2015\/#primaryimage\",\"url\":\"https:\/\/centcols.org\/wp-content\/uploads\/2025\/05\/barboleusaz.jpg\",\"contentUrl\":\"https:\/\/centcols.org\/wp-content\/uploads\/2025\/05\/barboleusaz.jpg\",\"width\":569,\"height\":570},{\"@type\":\"BreadcrumbList\",\"@id\":\"https:\/\/centcols.org\/sortie-vtt-cent-cols-suisses-a-la-barboleusaz-le-9-mai-2015\/#breadcrumb\",\"itemListElement\":[{\"@type\":\"ListItem\",\"position\":1,\"name\":\"Accueil\",\"item\":\"https:\/\/centcols.org\/\"},{\"@type\":\"ListItem\",\"position\":2,\"name\":\"Calendrier\",\"item\":\"https:\/\/centcols.org\/rubrique\/calendrier\/\"},{\"@type\":\"ListItem\",\"position\":3,\"name\":\"Sortie VTT Cent Cols suisses \u00e0 La Barboleusaz le 9 mai 2015\"}]},{\"@type\":\"WebSite\",\"@id\":\"https:\/\/centcols.org\/#website\",\"url\":\"https:\/\/centcols.org\/\",\"name\":\"Club des Cent Cols\",\"description\":\"\",\"publisher\":{\"@id\":\"https:\/\/centcols.org\/#organization\"},\"potentialAction\":[{\"@type\":\"SearchAction\",\"target\":{\"@type\":\"EntryPoint\",\"urlTemplate\":\"https:\/\/centcols.org\/?s={search_term_string}\"},\"query-input\":{\"@type\":\"PropertyValueSpecification\",\"valueRequired\":true,\"valueName\":\"search_term_string\"}}],\"inLanguage\":\"it-IT\"},{\"@type\":\"Organization\",\"@id\":\"https:\/\/centcols.org\/#organization\",\"name\":\"Club des Cent Cols\",\"url\":\"https:\/\/centcols.org\/\",\"logo\":{\"@type\":\"ImageObject\",\"inLanguage\":\"it-IT\",\"@id\":\"https:\/\/centcols.org\/#\/schema\/logo\/image\/\",\"url\":\"https:\/\/centcols.org\/wp-content\/uploads\/2025\/01\/carte-icone.png\",\"contentUrl\":\"https:\/\/centcols.org\/wp-content\/uploads\/2025\/01\/carte-icone.png\",\"width\":250,\"height\":250,\"caption\":\"Club des Cent Cols\"},\"image\":{\"@id\":\"https:\/\/centcols.org\/#\/schema\/logo\/image\/\"},\"sameAs\":[\"https:\/\/www.facebook.com\/groups\/5261880558\/?locale=fr_FR\"]},{\"@type\":\"Person\",\"@id\":\"https:\/\/centcols.org\/#\/schema\/person\/fcdb31e57ffa95295c9683ffdda82afa\",\"name\":\"fabien\",\"image\":{\"@type\":\"ImageObject\",\"inLanguage\":\"it-IT\",\"@id\":\"https:\/\/centcols.org\/wp-content\/litespeed\/avatar\/9065528d4c1ba02f0faf2b7616b2a195.jpg?ver=1777225983\",\"url\":\"https:\/\/centcols.org\/wp-content\/litespeed\/avatar\/9065528d4c1ba02f0faf2b7616b2a195.jpg?ver=1777225983\",\"contentUrl\":\"https:\/\/centcols.org\/wp-content\/litespeed\/avatar\/9065528d4c1ba02f0faf2b7616b2a195.jpg?ver=1777225983\",\"caption\":\"fabien\"},\"url\":\"https:\/\/centcols.org\/it\/author\/fabien\/\"}]}<\/script>\n<!-- \/ Yoast SEO plugin. -->","yoast_head_json":{"title":"Uscita in mountain bike dei Cent Cols suisses a La Barboleusaz il 9 maggio 2015 - Club des Cent Cols","robots":{"index":"index","follow":"follow","max-snippet":"max-snippet:-1","max-image-preview":"max-image-preview:large","max-video-preview":"max-video-preview:-1"},"canonical":"https:\/\/centcols.org\/it\/uscita-in-mountain-bike-del-cent-cols-suisses-a-la-barboleusaz-il-9-maggio-2015\/","og_locale":"it_IT","og_type":"article","og_title":"Sortie VTT Cent Cols suisses \u00e0 La Barboleusaz le 9 mai 2015 - Club des Cent Cols","og_description":"sortie annul\u00e9e pour raisons m\u00e9t\u00e9o Samedi 9 mai 2015 Rendez-vous au parking du centre du village.8h30 pour le caf\u00e9, d\u00e9part \u00e0 9h00. Parcours de 22 km, 800 m de d\u00e9nivellation. Pas de la Larze CH-VD-1800 Contact Pierre Mai, route du Signal 22. 1165 Allaman. T\u00e9l : (0041) 21 807 34 17 Natel : 0041 76 [&hellip;]","og_url":"https:\/\/centcols.org\/it\/uscita-in-mountain-bike-del-cent-cols-suisses-a-la-barboleusaz-il-9-maggio-2015\/","og_site_name":"Club des Cent Cols","article_publisher":"https:\/\/www.facebook.com\/groups\/5261880558\/?locale=fr_FR","article_published_time":"2015-04-01T06:00:28+00:00","article_modified_time":"2025-09-15T10:39:34+00:00","og_image":[{"width":569,"height":570,"url":"https:\/\/centcols.org\/wp-content\/uploads\/2025\/05\/barboleusaz.jpg","type":"image\/jpeg"}],"author":"fabien","twitter_card":"summary_large_image","twitter_misc":{"Scritto da":"fabien","Tempo di lettura stimato":"2 minuti"},"schema":{"@context":"https:\/\/schema.org","@graph":[{"@type":"Article","@id":"https:\/\/centcols.org\/sortie-vtt-cent-cols-suisses-a-la-barboleusaz-le-9-mai-2015\/#article","isPartOf":{"@id":"https:\/\/centcols.org\/sortie-vtt-cent-cols-suisses-a-la-barboleusaz-le-9-mai-2015\/"},"author":{"name":"fabien","@id":"https:\/\/centcols.org\/#\/schema\/person\/fcdb31e57ffa95295c9683ffdda82afa"},"headline":"Sortie VTT Cent Cols suisses \u00e0 La Barboleusaz le 9 mai 2015","datePublished":"2015-04-01T06:00:28+00:00","dateModified":"2025-09-15T10:39:34+00:00","mainEntityOfPage":{"@id":"https:\/\/centcols.org\/sortie-vtt-cent-cols-suisses-a-la-barboleusaz-le-9-mai-2015\/"},"wordCount":239,"publisher":{"@id":"https:\/\/centcols.org\/#organization"},"image":{"@id":"https:\/\/centcols.org\/sortie-vtt-cent-cols-suisses-a-la-barboleusaz-le-9-mai-2015\/#primaryimage"},"thumbnailUrl":"https:\/\/centcols.org\/wp-content\/uploads\/2025\/05\/barboleusaz.jpg","articleSection":["Calendrier","2015-rassemblements","Rencontres r\u00e9gionales"],"inLanguage":"it-IT"},{"@type":"WebPage","@id":"https:\/\/centcols.org\/sortie-vtt-cent-cols-suisses-a-la-barboleusaz-le-9-mai-2015\/","url":"https:\/\/centcols.org\/sortie-vtt-cent-cols-suisses-a-la-barboleusaz-le-9-mai-2015\/","name":"Uscita in mountain bike dei Cent Cols suisses a La Barboleusaz il 9 maggio 2015 - Club des Cent Cols","isPartOf":{"@id":"https:\/\/centcols.org\/#website"},"primaryImageOfPage":{"@id":"https:\/\/centcols.org\/sortie-vtt-cent-cols-suisses-a-la-barboleusaz-le-9-mai-2015\/#primaryimage"},"image":{"@id":"https:\/\/centcols.org\/sortie-vtt-cent-cols-suisses-a-la-barboleusaz-le-9-mai-2015\/#primaryimage"},"thumbnailUrl":"https:\/\/centcols.org\/wp-content\/uploads\/2025\/05\/barboleusaz.jpg","datePublished":"2015-04-01T06:00:28+00:00","dateModified":"2025-09-15T10:39:34+00:00","breadcrumb":{"@id":"https:\/\/centcols.org\/sortie-vtt-cent-cols-suisses-a-la-barboleusaz-le-9-mai-2015\/#breadcrumb"},"inLanguage":"it-IT","potentialAction":[{"@type":"ReadAction","target":["https:\/\/centcols.org\/sortie-vtt-cent-cols-suisses-a-la-barboleusaz-le-9-mai-2015\/"]}]},{"@type":"ImageObject","inLanguage":"it-IT","@id":"https:\/\/centcols.org\/sortie-vtt-cent-cols-suisses-a-la-barboleusaz-le-9-mai-2015\/#primaryimage","url":"https:\/\/centcols.org\/wp-content\/uploads\/2025\/05\/barboleusaz.jpg","contentUrl":"https:\/\/centcols.org\/wp-content\/uploads\/2025\/05\/barboleusaz.jpg","width":569,"height":570},{"@type":"BreadcrumbList","@id":"https:\/\/centcols.org\/sortie-vtt-cent-cols-suisses-a-la-barboleusaz-le-9-mai-2015\/#breadcrumb","itemListElement":[{"@type":"ListItem","position":1,"name":"Accueil","item":"https:\/\/centcols.org\/"},{"@type":"ListItem","position":2,"name":"Calendrier","item":"https:\/\/centcols.org\/rubrique\/calendrier\/"},{"@type":"ListItem","position":3,"name":"Sortie VTT Cent Cols suisses \u00e0 La Barboleusaz le 9 mai 2015"}]},{"@type":"WebSite","@id":"https:\/\/centcols.org\/#website","url":"https:\/\/centcols.org\/","name":"Club des Cent Cols","description":"","publisher":{"@id":"https:\/\/centcols.org\/#organization"},"potentialAction":[{"@type":"SearchAction","target":{"@type":"EntryPoint","urlTemplate":"https:\/\/centcols.org\/?s={search_term_string}"},"query-input":{"@type":"PropertyValueSpecification","valueRequired":true,"valueName":"search_term_string"}}],"inLanguage":"it-IT"},{"@type":"Organization","@id":"https:\/\/centcols.org\/#organization","name":"Club des Cent Cols","url":"https:\/\/centcols.org\/","logo":{"@type":"ImageObject","inLanguage":"it-IT","@id":"https:\/\/centcols.org\/#\/schema\/logo\/image\/","url":"https:\/\/centcols.org\/wp-content\/uploads\/2025\/01\/carte-icone.png","contentUrl":"https:\/\/centcols.org\/wp-content\/uploads\/2025\/01\/carte-icone.png","width":250,"height":250,"caption":"Club des Cent Cols"},"image":{"@id":"https:\/\/centcols.org\/#\/schema\/logo\/image\/"},"sameAs":["https:\/\/www.facebook.com\/groups\/5261880558\/?locale=fr_FR"]},{"@type":"Person","@id":"https:\/\/centcols.org\/#\/schema\/person\/fcdb31e57ffa95295c9683ffdda82afa","name":"fabien","image":{"@type":"ImageObject","inLanguage":"it-IT","@id":"https:\/\/centcols.org\/wp-content\/litespeed\/avatar\/9065528d4c1ba02f0faf2b7616b2a195.jpg?ver=1777225983","url":"https:\/\/centcols.org\/wp-content\/litespeed\/avatar\/9065528d4c1ba02f0faf2b7616b2a195.jpg?ver=1777225983","contentUrl":"https:\/\/centcols.org\/wp-content\/litespeed\/avatar\/9065528d4c1ba02f0faf2b7616b2a195.jpg?ver=1777225983","caption":"fabien"},"url":"https:\/\/centcols.org\/it\/author\/fabien\/"}]}},"_links":{"self":[{"href":"https:\/\/centcols.org\/it\/wp-json\/wp\/v2\/posts\/81255","targetHints":{"allow":["GET"]}}],"collection":[{"href":"https:\/\/centcols.org\/it\/wp-json\/wp\/v2\/posts"}],"about":[{"href":"https:\/\/centcols.org\/it\/wp-json\/wp\/v2\/types\/post"}],"author":[{"embeddable":true,"href":"https:\/\/centcols.org\/it\/wp-json\/wp\/v2\/users\/2"}],"replies":[{"embeddable":true,"href":"https:\/\/centcols.org\/it\/wp-json\/wp\/v2\/comments?post=81255"}],"version-history":[{"count":0,"href":"https:\/\/centcols.org\/it\/wp-json\/wp\/v2\/posts\/81255\/revisions"}],"wp:featuredmedia":[{"embeddable":true,"href":"https:\/\/centcols.org\/it\/wp-json\/wp\/v2\/media\/81256"}],"wp:attachment":[{"href":"https:\/\/centcols.org\/it\/wp-json\/wp\/v2\/media?parent=81255"}],"wp:term":[{"taxonomy":"category","embeddable":true,"href":"https:\/\/centcols.org\/it\/wp-json\/wp\/v2\/categories?post=81255"},{"taxonomy":"post_tag","embeddable":true,"href":"https:\/\/centcols.org\/it\/wp-json\/wp\/v2\/tags?post=81255"}],"curies":[{"name":"wp","href":"https:\/\/api.w.org\/{rel}","templated":true}]}}