{"id":81299,"date":"2015-04-29T07:32:39","date_gmt":"2015-04-29T05:32:39","guid":{"rendered":"https:\/\/centcols.org\/suisse-sortie-vtt-debut-de-saison-charmey-samedi-14-juin-2014\/"},"modified":"2025-09-14T19:08:13","modified_gmt":"2025-09-14T17:08:13","slug":"svizzera-nuova-stagione-uscita-in-mountain-bike-charmey-sabato-14-giugno-2014","status":"publish","type":"post","link":"https:\/\/centcols.org\/it\/suisse-sortie-vtt-debut-de-saison-charmey-samedi-14-juin-2014\/","title":{"rendered":"Svizzera, uscita in MTB di inizio stagione, Charmey, sabato 14 giugno 2014"},"content":{"rendered":"\n<h2 class=\"wp-block-heading\">Pr\u00e9sentation<\/h2>\n\n\n\n<p>Rendez-vous au parking du centre Thermal.<br>8h30 pour le caf\u00e9, d\u00e9part \u00e0 9h00.<br>Parcours de 36&nbsp; km, 1400 m de d\u00e9nivellation. Col des Hauts-Cr\u00eats CH-FR-1557 et Passage du Jeu de Quille CH-FR-1404<\/p>\n\n\n\n<figure class=\"wp-block-image size-full\"><img loading=\"lazy\" decoding=\"async\" width=\"604\" height=\"317\" src=\"https:\/\/centcols.org\/wp-content\/uploads\/2025\/05\/charmey.jpg\" alt=\"\" class=\"wp-image-81300\"\/><\/figure>\n\n\n\n<p><\/p>\n\n\n\n<h3 class=\"wp-block-heading\">Contact<\/h3>\n\n\n\n<p>Pierre Mai, route du Signal 22. 1165 Allaman.<\/p>\n\n\n\n<p>T\u00e9l : (0041) 021 807 34 17<\/p>\n\n\n\n<p>Natel : 0041 76 498 58 73<\/p>\n\n\n\n<p>Email : [email]&#x70;&#x6d;&#x61;&#105;&#64;&#98;lu&#x65;&#x77;&#x69;&#x6e;&#46;&#99;h[\/email]<\/p>\n\n\n\n<h2 class=\"wp-block-heading\">Compte rendu<\/h2>\n\n\n\n<p>8h30, Nicole et Jean-Pierre nous ont apport\u00e9 le caf\u00e9 et la Cuchaule sur le parking des bains. Le soleil est bien pr\u00e9sent et la temp\u00e9rature d\u00e9j\u00e0 agr\u00e9able.<br>D\u00e9part \u00e0 9 heures d\u2019une petite d\u00e9l\u00e9gation de 6 membres pour ce parcours de 36 km avec deux cols. Apr\u00e8s 6 km d\u2019\u00e9chauffement sur une jolie petite route la pente augmente s\u00e9rieusement pour atteindre les 13 \u00e0 15 %. Deux virages avant le sommet du col des Hauts-Cr\u00eats nous nous arr\u00eatons devant un panneau p\u00e9destre et surprise nous y voyons inscrit \u00ab\u00a0Col des Jognins\u00a0\u00bb.<\/p>\n\n\n\n<p>Un nouveau col \u00e0 2 km, ni une ni deux tout le monde et d\u2019accord pour aller voir \u00e7a de plus pr\u00eat. Apr\u00e8s deux km de poussage sur un sentier, nous atteignons le col. Pour ne pas revenir en arri\u00e8re nous d\u00e9cidons de descendre par le c\u00f4t\u00e9 ouest pour arriver \u00e0 Charmey et de remonter ensuite au Passage du Jeu de Quille. Le parcours a donc \u00e9t\u00e9 rallong\u00e9 de 10 km mais avec un col de plus. De retour \u00e0 16 heure \u00e0 Charmey pour d\u00e9guster une bi\u00e8re (non deux) avant de rentrer chez nous.<\/p>\n\n\n\n<p>A bient\u00f4t pour de nouvelles d\u00e9couvertes.<\/p>\n\n\n\n<p>Pierre<\/p>\n\n\n\n<p>&nbsp;<\/p>\n","protected":false},"excerpt":{"rendered":"<p>Pr\u00e9sentation Rendez-vous au parking du centre Thermal.8h30 pour le caf\u00e9, d\u00e9part \u00e0 9h00.Parcours de 36&nbsp; km, 1400 m de d\u00e9nivellation. Col des Hauts-Cr\u00eats CH-FR-1557 et Passage du Jeu de Quille CH-FR-1404 Contact Pierre Mai, route du Signal 22. 1165 Allaman. T\u00e9l : (0041) 021 807 34 17 Natel : 0041 76 498 58 73 Email [&hellip;]<\/p>\n","protected":false},"author":2,"featured_media":81300,"comment_status":"closed","ping_status":"open","sticky":false,"template":"","format":"standard","meta":{"_acf_changed":false,"footnotes":""},"categories":[85],"tags":[],"class_list":["post-81299","post","type-post","status-publish","format-standard","has-post-thumbnail","hentry","category-albums-photos"],"acf":[],"yoast_head":"<!-- This site is optimized with the Yoast SEO plugin v27.2 - https:\/\/yoast.com\/product\/yoast-seo-wordpress\/ -->\n<title>Suisse, sortie VTT d\u00e9but de saison, Charmey, samedi 14 juin 2014 - Club des Cent Cols<\/title>\n<meta name=\"robots\" content=\"index, follow, max-snippet:-1, max-image-preview:large, max-video-preview:-1\" \/>\n<link rel=\"canonical\" href=\"https:\/\/centcols.org\/it\/svizzera-nuova-stagione-uscita-in-mountain-bike-charmey-sabato-14-giugno-2014\/\" \/>\n<meta property=\"og:locale\" content=\"it_IT\" \/>\n<meta property=\"og:type\" content=\"article\" \/>\n<meta property=\"og:title\" content=\"Suisse, sortie VTT d\u00e9but de saison, Charmey, samedi 14 juin 2014 - Club des Cent Cols\" \/>\n<meta property=\"og:description\" content=\"Pr\u00e9sentation Rendez-vous au parking du centre Thermal.8h30 pour le caf\u00e9, d\u00e9part \u00e0 9h00.Parcours de 36&nbsp; km, 1400 m de d\u00e9nivellation. Col des Hauts-Cr\u00eats CH-FR-1557 et Passage du Jeu de Quille CH-FR-1404 Contact Pierre Mai, route du Signal 22. 1165 Allaman. T\u00e9l : (0041) 021 807 34 17 Natel : 0041 76 498 58 73 Email [&hellip;]\" \/>\n<meta property=\"og:url\" content=\"https:\/\/centcols.org\/it\/svizzera-nuova-stagione-uscita-in-mountain-bike-charmey-sabato-14-giugno-2014\/\" \/>\n<meta property=\"og:site_name\" content=\"Club des Cent Cols\" \/>\n<meta property=\"article:publisher\" content=\"https:\/\/www.facebook.com\/groups\/5261880558\/?locale=fr_FR\" \/>\n<meta property=\"article:published_time\" content=\"2015-04-29T05:32:39+00:00\" \/>\n<meta property=\"article:modified_time\" content=\"2025-09-14T17:08:13+00:00\" \/>\n<meta property=\"og:image\" content=\"https:\/\/centcols.org\/wp-content\/uploads\/2025\/05\/charmey.jpg\" \/>\n\t<meta property=\"og:image:width\" content=\"604\" \/>\n\t<meta property=\"og:image:height\" content=\"317\" \/>\n\t<meta property=\"og:image:type\" content=\"image\/jpeg\" \/>\n<meta name=\"author\" content=\"fabien\" \/>\n<meta name=\"twitter:card\" content=\"summary_large_image\" \/>\n<meta name=\"twitter:label1\" content=\"Scritto da\" \/>\n\t<meta name=\"twitter:data1\" content=\"fabien\" \/>\n\t<meta name=\"twitter:label2\" content=\"Tempo di lettura stimato\" \/>\n\t<meta name=\"twitter:data2\" content=\"2 minuti\" \/>\n<script type=\"application\/ld+json\" class=\"yoast-schema-graph\">{\"@context\":\"https:\/\/schema.org\",\"@graph\":[{\"@type\":\"Article\",\"@id\":\"https:\/\/centcols.org\/suisse-sortie-vtt-debut-de-saison-charmey-samedi-14-juin-2014\/#article\",\"isPartOf\":{\"@id\":\"https:\/\/centcols.org\/suisse-sortie-vtt-debut-de-saison-charmey-samedi-14-juin-2014\/\"},\"author\":{\"name\":\"fabien\",\"@id\":\"https:\/\/centcols.org\/#\/schema\/person\/fcdb31e57ffa95295c9683ffdda82afa\"},\"headline\":\"Suisse, sortie VTT d\u00e9but de saison, Charmey, samedi 14 juin 2014\",\"datePublished\":\"2015-04-29T05:32:39+00:00\",\"dateModified\":\"2025-09-14T17:08:13+00:00\",\"mainEntityOfPage\":{\"@id\":\"https:\/\/centcols.org\/suisse-sortie-vtt-debut-de-saison-charmey-samedi-14-juin-2014\/\"},\"wordCount\":265,\"publisher\":{\"@id\":\"https:\/\/centcols.org\/#organization\"},\"image\":{\"@id\":\"https:\/\/centcols.org\/suisse-sortie-vtt-debut-de-saison-charmey-samedi-14-juin-2014\/#primaryimage\"},\"thumbnailUrl\":\"https:\/\/centcols.org\/wp-content\/uploads\/2025\/05\/charmey.jpg\",\"articleSection\":[\"Albums photos\"],\"inLanguage\":\"it-IT\"},{\"@type\":\"WebPage\",\"@id\":\"https:\/\/centcols.org\/suisse-sortie-vtt-debut-de-saison-charmey-samedi-14-juin-2014\/\",\"url\":\"https:\/\/centcols.org\/suisse-sortie-vtt-debut-de-saison-charmey-samedi-14-juin-2014\/\",\"name\":\"Suisse, sortie VTT d\u00e9but de saison, Charmey, samedi 14 juin 2014 - Club des Cent Cols\",\"isPartOf\":{\"@id\":\"https:\/\/centcols.org\/#website\"},\"primaryImageOfPage\":{\"@id\":\"https:\/\/centcols.org\/suisse-sortie-vtt-debut-de-saison-charmey-samedi-14-juin-2014\/#primaryimage\"},\"image\":{\"@id\":\"https:\/\/centcols.org\/suisse-sortie-vtt-debut-de-saison-charmey-samedi-14-juin-2014\/#primaryimage\"},\"thumbnailUrl\":\"https:\/\/centcols.org\/wp-content\/uploads\/2025\/05\/charmey.jpg\",\"datePublished\":\"2015-04-29T05:32:39+00:00\",\"dateModified\":\"2025-09-14T17:08:13+00:00\",\"breadcrumb\":{\"@id\":\"https:\/\/centcols.org\/suisse-sortie-vtt-debut-de-saison-charmey-samedi-14-juin-2014\/#breadcrumb\"},\"inLanguage\":\"it-IT\",\"potentialAction\":[{\"@type\":\"ReadAction\",\"target\":[\"https:\/\/centcols.org\/suisse-sortie-vtt-debut-de-saison-charmey-samedi-14-juin-2014\/\"]}]},{\"@type\":\"ImageObject\",\"inLanguage\":\"it-IT\",\"@id\":\"https:\/\/centcols.org\/suisse-sortie-vtt-debut-de-saison-charmey-samedi-14-juin-2014\/#primaryimage\",\"url\":\"https:\/\/centcols.org\/wp-content\/uploads\/2025\/05\/charmey.jpg\",\"contentUrl\":\"https:\/\/centcols.org\/wp-content\/uploads\/2025\/05\/charmey.jpg\",\"width\":604,\"height\":317},{\"@type\":\"BreadcrumbList\",\"@id\":\"https:\/\/centcols.org\/suisse-sortie-vtt-debut-de-saison-charmey-samedi-14-juin-2014\/#breadcrumb\",\"itemListElement\":[{\"@type\":\"ListItem\",\"position\":1,\"name\":\"Accueil\",\"item\":\"https:\/\/centcols.org\/\"},{\"@type\":\"ListItem\",\"position\":2,\"name\":\"Albums photos\",\"item\":\"https:\/\/centcols.org\/rubrique\/albums-photos\/\"},{\"@type\":\"ListItem\",\"position\":3,\"name\":\"Suisse, sortie VTT d\u00e9but de saison, Charmey, samedi 14 juin 2014\"}]},{\"@type\":\"WebSite\",\"@id\":\"https:\/\/centcols.org\/#website\",\"url\":\"https:\/\/centcols.org\/\",\"name\":\"Club des Cent Cols\",\"description\":\"\",\"publisher\":{\"@id\":\"https:\/\/centcols.org\/#organization\"},\"potentialAction\":[{\"@type\":\"SearchAction\",\"target\":{\"@type\":\"EntryPoint\",\"urlTemplate\":\"https:\/\/centcols.org\/?s={search_term_string}\"},\"query-input\":{\"@type\":\"PropertyValueSpecification\",\"valueRequired\":true,\"valueName\":\"search_term_string\"}}],\"inLanguage\":\"it-IT\"},{\"@type\":\"Organization\",\"@id\":\"https:\/\/centcols.org\/#organization\",\"name\":\"Club des Cent Cols\",\"url\":\"https:\/\/centcols.org\/\",\"logo\":{\"@type\":\"ImageObject\",\"inLanguage\":\"it-IT\",\"@id\":\"https:\/\/centcols.org\/#\/schema\/logo\/image\/\",\"url\":\"https:\/\/centcols.org\/wp-content\/uploads\/2025\/01\/carte-icone.png\",\"contentUrl\":\"https:\/\/centcols.org\/wp-content\/uploads\/2025\/01\/carte-icone.png\",\"width\":250,\"height\":250,\"caption\":\"Club des Cent Cols\"},\"image\":{\"@id\":\"https:\/\/centcols.org\/#\/schema\/logo\/image\/\"},\"sameAs\":[\"https:\/\/www.facebook.com\/groups\/5261880558\/?locale=fr_FR\"]},{\"@type\":\"Person\",\"@id\":\"https:\/\/centcols.org\/#\/schema\/person\/fcdb31e57ffa95295c9683ffdda82afa\",\"name\":\"fabien\",\"image\":{\"@type\":\"ImageObject\",\"inLanguage\":\"it-IT\",\"@id\":\"https:\/\/centcols.org\/wp-content\/litespeed\/avatar\/9065528d4c1ba02f0faf2b7616b2a195.jpg?ver=1777225983\",\"url\":\"https:\/\/centcols.org\/wp-content\/litespeed\/avatar\/9065528d4c1ba02f0faf2b7616b2a195.jpg?ver=1777225983\",\"contentUrl\":\"https:\/\/centcols.org\/wp-content\/litespeed\/avatar\/9065528d4c1ba02f0faf2b7616b2a195.jpg?ver=1777225983\",\"caption\":\"fabien\"},\"url\":\"https:\/\/centcols.org\/it\/author\/fabien\/\"}]}<\/script>\n<!-- \/ Yoast SEO plugin. -->","yoast_head_json":{"title":"Svizzera, uscita in MTB di inizio stagione, Charmey, sabato 14 giugno 2014 - Club des Cent Cols","robots":{"index":"index","follow":"follow","max-snippet":"max-snippet:-1","max-image-preview":"max-image-preview:large","max-video-preview":"max-video-preview:-1"},"canonical":"https:\/\/centcols.org\/it\/svizzera-nuova-stagione-uscita-in-mountain-bike-charmey-sabato-14-giugno-2014\/","og_locale":"it_IT","og_type":"article","og_title":"Suisse, sortie VTT d\u00e9but de saison, Charmey, samedi 14 juin 2014 - Club des Cent Cols","og_description":"Pr\u00e9sentation Rendez-vous au parking du centre Thermal.8h30 pour le caf\u00e9, d\u00e9part \u00e0 9h00.Parcours de 36&nbsp; km, 1400 m de d\u00e9nivellation. Col des Hauts-Cr\u00eats CH-FR-1557 et Passage du Jeu de Quille CH-FR-1404 Contact Pierre Mai, route du Signal 22. 1165 Allaman. T\u00e9l : (0041) 021 807 34 17 Natel : 0041 76 498 58 73 Email [&hellip;]","og_url":"https:\/\/centcols.org\/it\/svizzera-nuova-stagione-uscita-in-mountain-bike-charmey-sabato-14-giugno-2014\/","og_site_name":"Club des Cent Cols","article_publisher":"https:\/\/www.facebook.com\/groups\/5261880558\/?locale=fr_FR","article_published_time":"2015-04-29T05:32:39+00:00","article_modified_time":"2025-09-14T17:08:13+00:00","og_image":[{"width":604,"height":317,"url":"https:\/\/centcols.org\/wp-content\/uploads\/2025\/05\/charmey.jpg","type":"image\/jpeg"}],"author":"fabien","twitter_card":"summary_large_image","twitter_misc":{"Scritto da":"fabien","Tempo di lettura stimato":"2 minuti"},"schema":{"@context":"https:\/\/schema.org","@graph":[{"@type":"Article","@id":"https:\/\/centcols.org\/suisse-sortie-vtt-debut-de-saison-charmey-samedi-14-juin-2014\/#article","isPartOf":{"@id":"https:\/\/centcols.org\/suisse-sortie-vtt-debut-de-saison-charmey-samedi-14-juin-2014\/"},"author":{"name":"fabien","@id":"https:\/\/centcols.org\/#\/schema\/person\/fcdb31e57ffa95295c9683ffdda82afa"},"headline":"Suisse, sortie VTT d\u00e9but de saison, Charmey, samedi 14 juin 2014","datePublished":"2015-04-29T05:32:39+00:00","dateModified":"2025-09-14T17:08:13+00:00","mainEntityOfPage":{"@id":"https:\/\/centcols.org\/suisse-sortie-vtt-debut-de-saison-charmey-samedi-14-juin-2014\/"},"wordCount":265,"publisher":{"@id":"https:\/\/centcols.org\/#organization"},"image":{"@id":"https:\/\/centcols.org\/suisse-sortie-vtt-debut-de-saison-charmey-samedi-14-juin-2014\/#primaryimage"},"thumbnailUrl":"https:\/\/centcols.org\/wp-content\/uploads\/2025\/05\/charmey.jpg","articleSection":["Albums photos"],"inLanguage":"it-IT"},{"@type":"WebPage","@id":"https:\/\/centcols.org\/suisse-sortie-vtt-debut-de-saison-charmey-samedi-14-juin-2014\/","url":"https:\/\/centcols.org\/suisse-sortie-vtt-debut-de-saison-charmey-samedi-14-juin-2014\/","name":"Svizzera, uscita in MTB di inizio stagione, Charmey, sabato 14 giugno 2014 - Club des Cent Cols","isPartOf":{"@id":"https:\/\/centcols.org\/#website"},"primaryImageOfPage":{"@id":"https:\/\/centcols.org\/suisse-sortie-vtt-debut-de-saison-charmey-samedi-14-juin-2014\/#primaryimage"},"image":{"@id":"https:\/\/centcols.org\/suisse-sortie-vtt-debut-de-saison-charmey-samedi-14-juin-2014\/#primaryimage"},"thumbnailUrl":"https:\/\/centcols.org\/wp-content\/uploads\/2025\/05\/charmey.jpg","datePublished":"2015-04-29T05:32:39+00:00","dateModified":"2025-09-14T17:08:13+00:00","breadcrumb":{"@id":"https:\/\/centcols.org\/suisse-sortie-vtt-debut-de-saison-charmey-samedi-14-juin-2014\/#breadcrumb"},"inLanguage":"it-IT","potentialAction":[{"@type":"ReadAction","target":["https:\/\/centcols.org\/suisse-sortie-vtt-debut-de-saison-charmey-samedi-14-juin-2014\/"]}]},{"@type":"ImageObject","inLanguage":"it-IT","@id":"https:\/\/centcols.org\/suisse-sortie-vtt-debut-de-saison-charmey-samedi-14-juin-2014\/#primaryimage","url":"https:\/\/centcols.org\/wp-content\/uploads\/2025\/05\/charmey.jpg","contentUrl":"https:\/\/centcols.org\/wp-content\/uploads\/2025\/05\/charmey.jpg","width":604,"height":317},{"@type":"BreadcrumbList","@id":"https:\/\/centcols.org\/suisse-sortie-vtt-debut-de-saison-charmey-samedi-14-juin-2014\/#breadcrumb","itemListElement":[{"@type":"ListItem","position":1,"name":"Accueil","item":"https:\/\/centcols.org\/"},{"@type":"ListItem","position":2,"name":"Albums photos","item":"https:\/\/centcols.org\/rubrique\/albums-photos\/"},{"@type":"ListItem","position":3,"name":"Suisse, sortie VTT d\u00e9but de saison, Charmey, samedi 14 juin 2014"}]},{"@type":"WebSite","@id":"https:\/\/centcols.org\/#website","url":"https:\/\/centcols.org\/","name":"Club des Cent Cols","description":"","publisher":{"@id":"https:\/\/centcols.org\/#organization"},"potentialAction":[{"@type":"SearchAction","target":{"@type":"EntryPoint","urlTemplate":"https:\/\/centcols.org\/?s={search_term_string}"},"query-input":{"@type":"PropertyValueSpecification","valueRequired":true,"valueName":"search_term_string"}}],"inLanguage":"it-IT"},{"@type":"Organization","@id":"https:\/\/centcols.org\/#organization","name":"Club des Cent Cols","url":"https:\/\/centcols.org\/","logo":{"@type":"ImageObject","inLanguage":"it-IT","@id":"https:\/\/centcols.org\/#\/schema\/logo\/image\/","url":"https:\/\/centcols.org\/wp-content\/uploads\/2025\/01\/carte-icone.png","contentUrl":"https:\/\/centcols.org\/wp-content\/uploads\/2025\/01\/carte-icone.png","width":250,"height":250,"caption":"Club des Cent Cols"},"image":{"@id":"https:\/\/centcols.org\/#\/schema\/logo\/image\/"},"sameAs":["https:\/\/www.facebook.com\/groups\/5261880558\/?locale=fr_FR"]},{"@type":"Person","@id":"https:\/\/centcols.org\/#\/schema\/person\/fcdb31e57ffa95295c9683ffdda82afa","name":"fabien","image":{"@type":"ImageObject","inLanguage":"it-IT","@id":"https:\/\/centcols.org\/wp-content\/litespeed\/avatar\/9065528d4c1ba02f0faf2b7616b2a195.jpg?ver=1777225983","url":"https:\/\/centcols.org\/wp-content\/litespeed\/avatar\/9065528d4c1ba02f0faf2b7616b2a195.jpg?ver=1777225983","contentUrl":"https:\/\/centcols.org\/wp-content\/litespeed\/avatar\/9065528d4c1ba02f0faf2b7616b2a195.jpg?ver=1777225983","caption":"fabien"},"url":"https:\/\/centcols.org\/it\/author\/fabien\/"}]}},"_links":{"self":[{"href":"https:\/\/centcols.org\/it\/wp-json\/wp\/v2\/posts\/81299","targetHints":{"allow":["GET"]}}],"collection":[{"href":"https:\/\/centcols.org\/it\/wp-json\/wp\/v2\/posts"}],"about":[{"href":"https:\/\/centcols.org\/it\/wp-json\/wp\/v2\/types\/post"}],"author":[{"embeddable":true,"href":"https:\/\/centcols.org\/it\/wp-json\/wp\/v2\/users\/2"}],"replies":[{"embeddable":true,"href":"https:\/\/centcols.org\/it\/wp-json\/wp\/v2\/comments?post=81299"}],"version-history":[{"count":0,"href":"https:\/\/centcols.org\/it\/wp-json\/wp\/v2\/posts\/81299\/revisions"}],"wp:featuredmedia":[{"embeddable":true,"href":"https:\/\/centcols.org\/it\/wp-json\/wp\/v2\/media\/81300"}],"wp:attachment":[{"href":"https:\/\/centcols.org\/it\/wp-json\/wp\/v2\/media?parent=81299"}],"wp:term":[{"taxonomy":"category","embeddable":true,"href":"https:\/\/centcols.org\/it\/wp-json\/wp\/v2\/categories?post=81299"},{"taxonomy":"post_tag","embeddable":true,"href":"https:\/\/centcols.org\/it\/wp-json\/wp\/v2\/tags?post=81299"}],"curies":[{"name":"wp","href":"https:\/\/api.w.org\/{rel}","templated":true}]}}