{"id":81371,"date":"2015-05-07T09:15:31","date_gmt":"2015-05-07T07:15:31","guid":{"rendered":"https:\/\/centcols.org\/concentration-cent-cols-et-cols-durs-au-col-de-la-salette-le-7-octobre-2007\/"},"modified":"2025-06-25T19:51:28","modified_gmt":"2025-06-25T17:51:28","slug":"concentrazione-cents-et-cols-durs-au-col-de-la-salette-il-7-ottobre-2007","status":"publish","type":"post","link":"https:\/\/centcols.org\/it\/concentration-cent-cols-et-cols-durs-au-col-de-la-salette-le-7-octobre-2007\/","title":{"rendered":"Concentrazione Cent Cols et Cols Durs al Col de la Salette il 7 ottobre 2007"},"content":{"rendered":"<hr \/>\n<p><span style=\"font-size: small;\">Quest'anno, le confraternite \"Cent Cols\" e \"Cols Durs\" hanno abbandonato i Pirenei per la Montagne Noire, scegliendo il Col de Salettes come sede del loro raduno comune. Questo passo, situato ai margini del Parc Naturel R\u00e9gional du Haut Languedoc, al confine tra Aude-H\u00e9rault e Tarn, separa la profonda valle dell'Argent-Double da quella del Thor\u00e9. Nonostante il grigiore della pallida giornata autunnale, circa 140 ciclisti di tutti i ceti sociali - alcuni in mountain bike, altri in bici da corsa - si sono presentati a questo tradizionale appuntamento di fine stagione.<\/span><\/p>\n<p><span style=\"font-size: small;\">\u00c8 stato un altro evento di grande successo, all'insegna dell'amicizia e della convivialit\u00e0. Ci vediamo l'anno prossimo al Col de Mortis, negli Hautes-Pyr\u00e9n\u00e9es.\u00a0<\/span><\/p>\n<p><span style=\"font-size: small;\">Alain Gillodes<\/span><\/p>","protected":false},"excerpt":{"rendered":"<p>Les deux confr\u00e9ries \u00ab\u00a0Cent Cols\u00a0\u00bb et \u00ab\u00a0Cols Durs\u00a0\u00bb avaient cette ann\u00e9e d\u00e9laiss\u00e9 les Pyr\u00e9n\u00e9es pour la Montagne Noire et choisi le Col de Salettes comme lieu de leur concentration commune. Ce col, situ\u00e9 en limite du Parc Naturel R\u00e9gional du Haut Languedoc, \u00e0 la fronti\u00e8re Aude-H\u00e9rault et Tarn, s\u00e9pare la profonde vall\u00e9e de l&rsquo;Argent-Double de [&hellip;]<\/p>\n","protected":false},"author":2,"featured_media":0,"comment_status":"closed","ping_status":"open","sticky":false,"template":"","format":"standard","meta":{"_acf_changed":false,"footnotes":""},"categories":[135,253,216],"tags":[],"class_list":["post-81371","post","type-post","status-publish","format-standard","hentry","category-calendrier","category-les-rassemblements-de-2007","category-rencontres-regionales"],"acf":[],"yoast_head":"<!-- This site is optimized with the Yoast SEO plugin v27.2 - https:\/\/yoast.com\/product\/yoast-seo-wordpress\/ -->\n<title>Concentration Cent Cols et Cols Durs au col de la Salette le 7 octobre 2007 - Club des Cent Cols<\/title>\n<meta name=\"robots\" content=\"index, follow, max-snippet:-1, max-image-preview:large, max-video-preview:-1\" \/>\n<link rel=\"canonical\" href=\"https:\/\/centcols.org\/it\/concentrazione-cents-et-cols-durs-au-col-de-la-salette-il-7-ottobre-2007\/\" \/>\n<meta property=\"og:locale\" content=\"it_IT\" \/>\n<meta property=\"og:type\" content=\"article\" \/>\n<meta property=\"og:title\" content=\"Concentration Cent Cols et Cols Durs au col de la Salette le 7 octobre 2007 - Club des Cent Cols\" \/>\n<meta property=\"og:description\" content=\"Les deux confr\u00e9ries \u00ab\u00a0Cent Cols\u00a0\u00bb et \u00ab\u00a0Cols Durs\u00a0\u00bb avaient cette ann\u00e9e d\u00e9laiss\u00e9 les Pyr\u00e9n\u00e9es pour la Montagne Noire et choisi le Col de Salettes comme lieu de leur concentration commune. Ce col, situ\u00e9 en limite du Parc Naturel R\u00e9gional du Haut Languedoc, \u00e0 la fronti\u00e8re Aude-H\u00e9rault et Tarn, s\u00e9pare la profonde vall\u00e9e de l&rsquo;Argent-Double de [&hellip;]\" \/>\n<meta property=\"og:url\" content=\"https:\/\/centcols.org\/it\/concentrazione-cents-et-cols-durs-au-col-de-la-salette-il-7-ottobre-2007\/\" \/>\n<meta property=\"og:site_name\" content=\"Club des Cent Cols\" \/>\n<meta property=\"article:publisher\" content=\"https:\/\/www.facebook.com\/groups\/5261880558\/?locale=fr_FR\" \/>\n<meta property=\"article:published_time\" content=\"2015-05-07T07:15:31+00:00\" \/>\n<meta property=\"article:modified_time\" content=\"2025-06-25T17:51:28+00:00\" \/>\n<meta name=\"author\" content=\"fabien\" \/>\n<meta name=\"twitter:card\" content=\"summary_large_image\" \/>\n<meta name=\"twitter:label1\" content=\"Scritto da\" \/>\n\t<meta name=\"twitter:data1\" content=\"fabien\" \/>\n\t<meta name=\"twitter:label2\" content=\"Tempo di lettura stimato\" \/>\n\t<meta name=\"twitter:data2\" content=\"1 minuto\" \/>\n<script type=\"application\/ld+json\" class=\"yoast-schema-graph\">{\"@context\":\"https:\/\/schema.org\",\"@graph\":[{\"@type\":\"Article\",\"@id\":\"https:\/\/centcols.org\/concentration-cent-cols-et-cols-durs-au-col-de-la-salette-le-7-octobre-2007\/#article\",\"isPartOf\":{\"@id\":\"https:\/\/centcols.org\/concentration-cent-cols-et-cols-durs-au-col-de-la-salette-le-7-octobre-2007\/\"},\"author\":{\"name\":\"fabien\",\"@id\":\"https:\/\/centcols.org\/#\/schema\/person\/fcdb31e57ffa95295c9683ffdda82afa\"},\"headline\":\"Concentration Cent Cols et Cols Durs au col de la Salette le 7 octobre 2007\",\"datePublished\":\"2015-05-07T07:15:31+00:00\",\"dateModified\":\"2025-06-25T17:51:28+00:00\",\"mainEntityOfPage\":{\"@id\":\"https:\/\/centcols.org\/concentration-cent-cols-et-cols-durs-au-col-de-la-salette-le-7-octobre-2007\/\"},\"wordCount\":150,\"publisher\":{\"@id\":\"https:\/\/centcols.org\/#organization\"},\"articleSection\":[\"Calendrier\",\"2007-rassemblements\",\"Rencontres r\u00e9gionales\"],\"inLanguage\":\"it-IT\"},{\"@type\":\"WebPage\",\"@id\":\"https:\/\/centcols.org\/concentration-cent-cols-et-cols-durs-au-col-de-la-salette-le-7-octobre-2007\/\",\"url\":\"https:\/\/centcols.org\/concentration-cent-cols-et-cols-durs-au-col-de-la-salette-le-7-octobre-2007\/\",\"name\":\"Concentration Cent Cols et Cols Durs au col de la Salette le 7 octobre 2007 - Club des Cent Cols\",\"isPartOf\":{\"@id\":\"https:\/\/centcols.org\/#website\"},\"datePublished\":\"2015-05-07T07:15:31+00:00\",\"dateModified\":\"2025-06-25T17:51:28+00:00\",\"breadcrumb\":{\"@id\":\"https:\/\/centcols.org\/concentration-cent-cols-et-cols-durs-au-col-de-la-salette-le-7-octobre-2007\/#breadcrumb\"},\"inLanguage\":\"it-IT\",\"potentialAction\":[{\"@type\":\"ReadAction\",\"target\":[\"https:\/\/centcols.org\/concentration-cent-cols-et-cols-durs-au-col-de-la-salette-le-7-octobre-2007\/\"]}]},{\"@type\":\"BreadcrumbList\",\"@id\":\"https:\/\/centcols.org\/concentration-cent-cols-et-cols-durs-au-col-de-la-salette-le-7-octobre-2007\/#breadcrumb\",\"itemListElement\":[{\"@type\":\"ListItem\",\"position\":1,\"name\":\"Accueil\",\"item\":\"https:\/\/centcols.org\/\"},{\"@type\":\"ListItem\",\"position\":2,\"name\":\"Rencontres r\u00e9gionales\",\"item\":\"https:\/\/centcols.org\/rubrique\/rencontres-regionales\/\"},{\"@type\":\"ListItem\",\"position\":3,\"name\":\"2007-rassemblements\",\"item\":\"https:\/\/centcols.org\/rubrique\/rencontres-regionales\/les-rassemblements-de-2007\/\"},{\"@type\":\"ListItem\",\"position\":4,\"name\":\"Concentration Cent Cols et Cols Durs au col de la Salette le 7 octobre 2007\"}]},{\"@type\":\"WebSite\",\"@id\":\"https:\/\/centcols.org\/#website\",\"url\":\"https:\/\/centcols.org\/\",\"name\":\"Club des Cent Cols\",\"description\":\"\",\"publisher\":{\"@id\":\"https:\/\/centcols.org\/#organization\"},\"potentialAction\":[{\"@type\":\"SearchAction\",\"target\":{\"@type\":\"EntryPoint\",\"urlTemplate\":\"https:\/\/centcols.org\/?s={search_term_string}\"},\"query-input\":{\"@type\":\"PropertyValueSpecification\",\"valueRequired\":true,\"valueName\":\"search_term_string\"}}],\"inLanguage\":\"it-IT\"},{\"@type\":\"Organization\",\"@id\":\"https:\/\/centcols.org\/#organization\",\"name\":\"Club des Cent Cols\",\"url\":\"https:\/\/centcols.org\/\",\"logo\":{\"@type\":\"ImageObject\",\"inLanguage\":\"it-IT\",\"@id\":\"https:\/\/centcols.org\/#\/schema\/logo\/image\/\",\"url\":\"https:\/\/centcols.org\/wp-content\/uploads\/2025\/01\/carte-icone.png\",\"contentUrl\":\"https:\/\/centcols.org\/wp-content\/uploads\/2025\/01\/carte-icone.png\",\"width\":250,\"height\":250,\"caption\":\"Club des Cent Cols\"},\"image\":{\"@id\":\"https:\/\/centcols.org\/#\/schema\/logo\/image\/\"},\"sameAs\":[\"https:\/\/www.facebook.com\/groups\/5261880558\/?locale=fr_FR\"]},{\"@type\":\"Person\",\"@id\":\"https:\/\/centcols.org\/#\/schema\/person\/fcdb31e57ffa95295c9683ffdda82afa\",\"name\":\"fabien\",\"image\":{\"@type\":\"ImageObject\",\"inLanguage\":\"it-IT\",\"@id\":\"https:\/\/centcols.org\/wp-content\/litespeed\/avatar\/9065528d4c1ba02f0faf2b7616b2a195.jpg?ver=1777225983\",\"url\":\"https:\/\/centcols.org\/wp-content\/litespeed\/avatar\/9065528d4c1ba02f0faf2b7616b2a195.jpg?ver=1777225983\",\"contentUrl\":\"https:\/\/centcols.org\/wp-content\/litespeed\/avatar\/9065528d4c1ba02f0faf2b7616b2a195.jpg?ver=1777225983\",\"caption\":\"fabien\"},\"url\":\"https:\/\/centcols.org\/it\/author\/fabien\/\"}]}<\/script>\n<!-- \/ Yoast SEO plugin. -->","yoast_head_json":{"title":"Concentrazione dei Cent Cols e dei Cols Durs al Col de la Salette il 7 ottobre 2007 - Club des Cent Cols","robots":{"index":"index","follow":"follow","max-snippet":"max-snippet:-1","max-image-preview":"max-image-preview:large","max-video-preview":"max-video-preview:-1"},"canonical":"https:\/\/centcols.org\/it\/concentrazione-cents-et-cols-durs-au-col-de-la-salette-il-7-ottobre-2007\/","og_locale":"it_IT","og_type":"article","og_title":"Concentration Cent Cols et Cols Durs au col de la Salette le 7 octobre 2007 - Club des Cent Cols","og_description":"Les deux confr\u00e9ries \u00ab\u00a0Cent Cols\u00a0\u00bb et \u00ab\u00a0Cols Durs\u00a0\u00bb avaient cette ann\u00e9e d\u00e9laiss\u00e9 les Pyr\u00e9n\u00e9es pour la Montagne Noire et choisi le Col de Salettes comme lieu de leur concentration commune. Ce col, situ\u00e9 en limite du Parc Naturel R\u00e9gional du Haut Languedoc, \u00e0 la fronti\u00e8re Aude-H\u00e9rault et Tarn, s\u00e9pare la profonde vall\u00e9e de l&rsquo;Argent-Double de [&hellip;]","og_url":"https:\/\/centcols.org\/it\/concentrazione-cents-et-cols-durs-au-col-de-la-salette-il-7-ottobre-2007\/","og_site_name":"Club des Cent Cols","article_publisher":"https:\/\/www.facebook.com\/groups\/5261880558\/?locale=fr_FR","article_published_time":"2015-05-07T07:15:31+00:00","article_modified_time":"2025-06-25T17:51:28+00:00","author":"fabien","twitter_card":"summary_large_image","twitter_misc":{"Scritto da":"fabien","Tempo di lettura stimato":"1 minuto"},"schema":{"@context":"https:\/\/schema.org","@graph":[{"@type":"Article","@id":"https:\/\/centcols.org\/concentration-cent-cols-et-cols-durs-au-col-de-la-salette-le-7-octobre-2007\/#article","isPartOf":{"@id":"https:\/\/centcols.org\/concentration-cent-cols-et-cols-durs-au-col-de-la-salette-le-7-octobre-2007\/"},"author":{"name":"fabien","@id":"https:\/\/centcols.org\/#\/schema\/person\/fcdb31e57ffa95295c9683ffdda82afa"},"headline":"Concentration Cent Cols et Cols Durs au col de la Salette le 7 octobre 2007","datePublished":"2015-05-07T07:15:31+00:00","dateModified":"2025-06-25T17:51:28+00:00","mainEntityOfPage":{"@id":"https:\/\/centcols.org\/concentration-cent-cols-et-cols-durs-au-col-de-la-salette-le-7-octobre-2007\/"},"wordCount":150,"publisher":{"@id":"https:\/\/centcols.org\/#organization"},"articleSection":["Calendrier","2007-rassemblements","Rencontres r\u00e9gionales"],"inLanguage":"it-IT"},{"@type":"WebPage","@id":"https:\/\/centcols.org\/concentration-cent-cols-et-cols-durs-au-col-de-la-salette-le-7-octobre-2007\/","url":"https:\/\/centcols.org\/concentration-cent-cols-et-cols-durs-au-col-de-la-salette-le-7-octobre-2007\/","name":"Concentrazione dei Cent Cols e dei Cols Durs al Col de la Salette il 7 ottobre 2007 - Club des Cent Cols","isPartOf":{"@id":"https:\/\/centcols.org\/#website"},"datePublished":"2015-05-07T07:15:31+00:00","dateModified":"2025-06-25T17:51:28+00:00","breadcrumb":{"@id":"https:\/\/centcols.org\/concentration-cent-cols-et-cols-durs-au-col-de-la-salette-le-7-octobre-2007\/#breadcrumb"},"inLanguage":"it-IT","potentialAction":[{"@type":"ReadAction","target":["https:\/\/centcols.org\/concentration-cent-cols-et-cols-durs-au-col-de-la-salette-le-7-octobre-2007\/"]}]},{"@type":"BreadcrumbList","@id":"https:\/\/centcols.org\/concentration-cent-cols-et-cols-durs-au-col-de-la-salette-le-7-octobre-2007\/#breadcrumb","itemListElement":[{"@type":"ListItem","position":1,"name":"Accueil","item":"https:\/\/centcols.org\/"},{"@type":"ListItem","position":2,"name":"Rencontres r\u00e9gionales","item":"https:\/\/centcols.org\/rubrique\/rencontres-regionales\/"},{"@type":"ListItem","position":3,"name":"2007-rassemblements","item":"https:\/\/centcols.org\/rubrique\/rencontres-regionales\/les-rassemblements-de-2007\/"},{"@type":"ListItem","position":4,"name":"Concentration Cent Cols et Cols Durs au col de la Salette le 7 octobre 2007"}]},{"@type":"WebSite","@id":"https:\/\/centcols.org\/#website","url":"https:\/\/centcols.org\/","name":"Club des Cent Cols","description":"","publisher":{"@id":"https:\/\/centcols.org\/#organization"},"potentialAction":[{"@type":"SearchAction","target":{"@type":"EntryPoint","urlTemplate":"https:\/\/centcols.org\/?s={search_term_string}"},"query-input":{"@type":"PropertyValueSpecification","valueRequired":true,"valueName":"search_term_string"}}],"inLanguage":"it-IT"},{"@type":"Organization","@id":"https:\/\/centcols.org\/#organization","name":"Club des Cent Cols","url":"https:\/\/centcols.org\/","logo":{"@type":"ImageObject","inLanguage":"it-IT","@id":"https:\/\/centcols.org\/#\/schema\/logo\/image\/","url":"https:\/\/centcols.org\/wp-content\/uploads\/2025\/01\/carte-icone.png","contentUrl":"https:\/\/centcols.org\/wp-content\/uploads\/2025\/01\/carte-icone.png","width":250,"height":250,"caption":"Club des Cent Cols"},"image":{"@id":"https:\/\/centcols.org\/#\/schema\/logo\/image\/"},"sameAs":["https:\/\/www.facebook.com\/groups\/5261880558\/?locale=fr_FR"]},{"@type":"Person","@id":"https:\/\/centcols.org\/#\/schema\/person\/fcdb31e57ffa95295c9683ffdda82afa","name":"fabien","image":{"@type":"ImageObject","inLanguage":"it-IT","@id":"https:\/\/centcols.org\/wp-content\/litespeed\/avatar\/9065528d4c1ba02f0faf2b7616b2a195.jpg?ver=1777225983","url":"https:\/\/centcols.org\/wp-content\/litespeed\/avatar\/9065528d4c1ba02f0faf2b7616b2a195.jpg?ver=1777225983","contentUrl":"https:\/\/centcols.org\/wp-content\/litespeed\/avatar\/9065528d4c1ba02f0faf2b7616b2a195.jpg?ver=1777225983","caption":"fabien"},"url":"https:\/\/centcols.org\/it\/author\/fabien\/"}]}},"_links":{"self":[{"href":"https:\/\/centcols.org\/it\/wp-json\/wp\/v2\/posts\/81371","targetHints":{"allow":["GET"]}}],"collection":[{"href":"https:\/\/centcols.org\/it\/wp-json\/wp\/v2\/posts"}],"about":[{"href":"https:\/\/centcols.org\/it\/wp-json\/wp\/v2\/types\/post"}],"author":[{"embeddable":true,"href":"https:\/\/centcols.org\/it\/wp-json\/wp\/v2\/users\/2"}],"replies":[{"embeddable":true,"href":"https:\/\/centcols.org\/it\/wp-json\/wp\/v2\/comments?post=81371"}],"version-history":[{"count":0,"href":"https:\/\/centcols.org\/it\/wp-json\/wp\/v2\/posts\/81371\/revisions"}],"wp:attachment":[{"href":"https:\/\/centcols.org\/it\/wp-json\/wp\/v2\/media?parent=81371"}],"wp:term":[{"taxonomy":"category","embeddable":true,"href":"https:\/\/centcols.org\/it\/wp-json\/wp\/v2\/categories?post=81371"},{"taxonomy":"post_tag","embeddable":true,"href":"https:\/\/centcols.org\/it\/wp-json\/wp\/v2\/tags?post=81371"}],"curies":[{"name":"wp","href":"https:\/\/api.w.org\/{rel}","templated":true}]}}