{"id":81373,"date":"2015-05-07T09:22:28","date_gmt":"2015-05-07T07:22:28","guid":{"rendered":"https:\/\/centcols.org\/concentration-suisse-aux-avants-dimanche-26-aout-2007\/"},"modified":"2025-06-25T19:50:53","modified_gmt":"2025-06-25T17:50:53","slug":"concentrazione-suisse-aux-avants-domenica-26-agosto-2007","status":"publish","type":"post","link":"https:\/\/centcols.org\/it\/concentration-suisse-aux-avants-dimanche-26-aout-2007\/","title":{"rendered":"Concentrazione svizzera in Les Avants di domenica 26 agosto 2007"},"content":{"rendered":"<h3>Domenica 26 agosto 2007<\/h3>\n<p>8.30, Les Avants, i primi partecipanti arrivano e vengono accolti con un caff\u00e8.<\/p>\n<p>Alle 9.00, i 16 membri del CCC e gli 8 del CCR sono partiti alla volta del Col de Sonloup, dove si sono separati i ciclisti su strada, che percorreranno tra i 40 e i 60 km a seconda del gruppo, e i mountain biker, che percorreranno 26 km con 3 o 4 passaggi a seconda della loro forma fisica. L'atmosfera su questi sentieri prealpini era eccellente e ci siamo presi il tempo per ammirare il paesaggio e scattare molte foto. Una caduta (non grave) e una foratura hanno comportato una rapida discesa a Les Avants, dove ci attendeva un aperitivo seguito da un picnic conviviale.<\/p>\n<p>Un grande ringraziamento a tutti per la cordialit\u00e0 e il buon umore.<\/p>\n<p>I partecipanti pi\u00f9 giovani avevano 9 e 12 anni, mentre i pi\u00f9 anziani 76 anni.<\/p>\n<hr \/>\n<h3>Elenco presenze CCC<\/h3>\n<p><strong>La Svizzera :<\/strong><\/p>\n<p>Evelyne Temler, Catherine Mai, Christine Morard, Bernard Besson, Jean-Daniel Biderbost, Jacques Bezzola, Michel Boni, Christian Binggeli, Joseph Charri\u00e9re, Arthur Ruchti, Patrick Schleppi, Robin Mai e Pierre Mai.<\/p>\n<p><strong>Il francese :<\/strong><\/p>\n<p>Nicole Millet, G\u00e9rard Fillion-Robin e R\u00e9gis Paraz.<\/p>\n<hr \/>\n<h3>Elenco presenze CCR<\/h3>\n<p>Rosalba e Claude Logean, Mireille Hemendinger, Rose-Marie e Maxime R\u00e9gidor, Jean-Yves, Simon e Robin Morard, Jean-Claude Marclay, Antoine Bezzola e Nicole, Jean-Jacques Monod, Christophe Pical.<\/p>","protected":false},"excerpt":{"rendered":"<p>Dimanche 26 ao\u00fbt 2007 8h30, Les Avants, les premiers participants arrivent et sont accueillis avec le caf\u00e9. A 9h00, d\u00e9part des 16 membres du CCC et 8 membres du CCR jusqu\u2019au col de Sonloup ou s\u2019effectue la s\u00e9paration des routiers qui vont faire entre 40 et 60 km suivant les groupes et des v\u00e9t\u00e9tistes qui [&hellip;]<\/p>\n","protected":false},"author":2,"featured_media":0,"comment_status":"closed","ping_status":"open","sticky":false,"template":"","format":"standard","meta":{"_acf_changed":false,"footnotes":""},"categories":[135,253,216],"tags":[],"class_list":["post-81373","post","type-post","status-publish","format-standard","hentry","category-calendrier","category-les-rassemblements-de-2007","category-rencontres-regionales"],"acf":[],"yoast_head":"<!-- This site is optimized with the Yoast SEO plugin v27.2 - https:\/\/yoast.com\/product\/yoast-seo-wordpress\/ -->\n<title>Concentration Suisse aux Avants dimanche 26 ao\u00fbt 2007 - Club des Cent Cols<\/title>\n<meta name=\"robots\" content=\"index, follow, max-snippet:-1, max-image-preview:large, max-video-preview:-1\" \/>\n<link rel=\"canonical\" href=\"https:\/\/centcols.org\/it\/concentrazione-suisse-aux-avants-domenica-26-agosto-2007\/\" \/>\n<meta property=\"og:locale\" content=\"it_IT\" \/>\n<meta property=\"og:type\" content=\"article\" \/>\n<meta property=\"og:title\" content=\"Concentration Suisse aux Avants dimanche 26 ao\u00fbt 2007 - Club des Cent Cols\" \/>\n<meta property=\"og:description\" content=\"Dimanche 26 ao\u00fbt 2007 8h30, Les Avants, les premiers participants arrivent et sont accueillis avec le caf\u00e9. A 9h00, d\u00e9part des 16 membres du CCC et 8 membres du CCR jusqu\u2019au col de Sonloup ou s\u2019effectue la s\u00e9paration des routiers qui vont faire entre 40 et 60 km suivant les groupes et des v\u00e9t\u00e9tistes qui [&hellip;]\" \/>\n<meta property=\"og:url\" content=\"https:\/\/centcols.org\/it\/concentrazione-suisse-aux-avants-domenica-26-agosto-2007\/\" \/>\n<meta property=\"og:site_name\" content=\"Club des Cent Cols\" \/>\n<meta property=\"article:publisher\" content=\"https:\/\/www.facebook.com\/groups\/5261880558\/?locale=fr_FR\" \/>\n<meta property=\"article:published_time\" content=\"2015-05-07T07:22:28+00:00\" \/>\n<meta property=\"article:modified_time\" content=\"2025-06-25T17:50:53+00:00\" \/>\n<meta name=\"author\" content=\"fabien\" \/>\n<meta name=\"twitter:card\" content=\"summary_large_image\" \/>\n<meta name=\"twitter:label1\" content=\"Scritto da\" \/>\n\t<meta name=\"twitter:data1\" content=\"fabien\" \/>\n\t<meta name=\"twitter:label2\" content=\"Tempo di lettura stimato\" \/>\n\t<meta name=\"twitter:data2\" content=\"1 minuto\" \/>\n<script type=\"application\/ld+json\" class=\"yoast-schema-graph\">{\"@context\":\"https:\/\/schema.org\",\"@graph\":[{\"@type\":\"Article\",\"@id\":\"https:\/\/centcols.org\/concentration-suisse-aux-avants-dimanche-26-aout-2007\/#article\",\"isPartOf\":{\"@id\":\"https:\/\/centcols.org\/concentration-suisse-aux-avants-dimanche-26-aout-2007\/\"},\"author\":{\"name\":\"fabien\",\"@id\":\"https:\/\/centcols.org\/#\/schema\/person\/fcdb31e57ffa95295c9683ffdda82afa\"},\"headline\":\"Concentration Suisse aux Avants dimanche 26 ao\u00fbt 2007\",\"datePublished\":\"2015-05-07T07:22:28+00:00\",\"dateModified\":\"2025-06-25T17:50:53+00:00\",\"mainEntityOfPage\":{\"@id\":\"https:\/\/centcols.org\/concentration-suisse-aux-avants-dimanche-26-aout-2007\/\"},\"wordCount\":226,\"publisher\":{\"@id\":\"https:\/\/centcols.org\/#organization\"},\"articleSection\":[\"Calendrier\",\"2007-rassemblements\",\"Rencontres r\u00e9gionales\"],\"inLanguage\":\"it-IT\"},{\"@type\":\"WebPage\",\"@id\":\"https:\/\/centcols.org\/concentration-suisse-aux-avants-dimanche-26-aout-2007\/\",\"url\":\"https:\/\/centcols.org\/concentration-suisse-aux-avants-dimanche-26-aout-2007\/\",\"name\":\"Concentration Suisse aux Avants dimanche 26 ao\u00fbt 2007 - Club des Cent Cols\",\"isPartOf\":{\"@id\":\"https:\/\/centcols.org\/#website\"},\"datePublished\":\"2015-05-07T07:22:28+00:00\",\"dateModified\":\"2025-06-25T17:50:53+00:00\",\"breadcrumb\":{\"@id\":\"https:\/\/centcols.org\/concentration-suisse-aux-avants-dimanche-26-aout-2007\/#breadcrumb\"},\"inLanguage\":\"it-IT\",\"potentialAction\":[{\"@type\":\"ReadAction\",\"target\":[\"https:\/\/centcols.org\/concentration-suisse-aux-avants-dimanche-26-aout-2007\/\"]}]},{\"@type\":\"BreadcrumbList\",\"@id\":\"https:\/\/centcols.org\/concentration-suisse-aux-avants-dimanche-26-aout-2007\/#breadcrumb\",\"itemListElement\":[{\"@type\":\"ListItem\",\"position\":1,\"name\":\"Accueil\",\"item\":\"https:\/\/centcols.org\/\"},{\"@type\":\"ListItem\",\"position\":2,\"name\":\"Rencontres r\u00e9gionales\",\"item\":\"https:\/\/centcols.org\/rubrique\/rencontres-regionales\/\"},{\"@type\":\"ListItem\",\"position\":3,\"name\":\"2007-rassemblements\",\"item\":\"https:\/\/centcols.org\/rubrique\/rencontres-regionales\/les-rassemblements-de-2007\/\"},{\"@type\":\"ListItem\",\"position\":4,\"name\":\"Concentration Suisse aux Avants dimanche 26 ao\u00fbt 2007\"}]},{\"@type\":\"WebSite\",\"@id\":\"https:\/\/centcols.org\/#website\",\"url\":\"https:\/\/centcols.org\/\",\"name\":\"Club des Cent Cols\",\"description\":\"\",\"publisher\":{\"@id\":\"https:\/\/centcols.org\/#organization\"},\"potentialAction\":[{\"@type\":\"SearchAction\",\"target\":{\"@type\":\"EntryPoint\",\"urlTemplate\":\"https:\/\/centcols.org\/?s={search_term_string}\"},\"query-input\":{\"@type\":\"PropertyValueSpecification\",\"valueRequired\":true,\"valueName\":\"search_term_string\"}}],\"inLanguage\":\"it-IT\"},{\"@type\":\"Organization\",\"@id\":\"https:\/\/centcols.org\/#organization\",\"name\":\"Club des Cent Cols\",\"url\":\"https:\/\/centcols.org\/\",\"logo\":{\"@type\":\"ImageObject\",\"inLanguage\":\"it-IT\",\"@id\":\"https:\/\/centcols.org\/#\/schema\/logo\/image\/\",\"url\":\"https:\/\/centcols.org\/wp-content\/uploads\/2025\/01\/carte-icone.png\",\"contentUrl\":\"https:\/\/centcols.org\/wp-content\/uploads\/2025\/01\/carte-icone.png\",\"width\":250,\"height\":250,\"caption\":\"Club des Cent Cols\"},\"image\":{\"@id\":\"https:\/\/centcols.org\/#\/schema\/logo\/image\/\"},\"sameAs\":[\"https:\/\/www.facebook.com\/groups\/5261880558\/?locale=fr_FR\"]},{\"@type\":\"Person\",\"@id\":\"https:\/\/centcols.org\/#\/schema\/person\/fcdb31e57ffa95295c9683ffdda82afa\",\"name\":\"fabien\",\"image\":{\"@type\":\"ImageObject\",\"inLanguage\":\"it-IT\",\"@id\":\"https:\/\/centcols.org\/wp-content\/litespeed\/avatar\/9065528d4c1ba02f0faf2b7616b2a195.jpg?ver=1777225983\",\"url\":\"https:\/\/centcols.org\/wp-content\/litespeed\/avatar\/9065528d4c1ba02f0faf2b7616b2a195.jpg?ver=1777225983\",\"contentUrl\":\"https:\/\/centcols.org\/wp-content\/litespeed\/avatar\/9065528d4c1ba02f0faf2b7616b2a195.jpg?ver=1777225983\",\"caption\":\"fabien\"},\"url\":\"https:\/\/centcols.org\/it\/author\/fabien\/\"}]}<\/script>\n<!-- \/ Yoast SEO plugin. -->","yoast_head_json":{"title":"Concentrazione svizzera a Les Avants domenica 26 agosto 2007 - Club des Cent Cols","robots":{"index":"index","follow":"follow","max-snippet":"max-snippet:-1","max-image-preview":"max-image-preview:large","max-video-preview":"max-video-preview:-1"},"canonical":"https:\/\/centcols.org\/it\/concentrazione-suisse-aux-avants-domenica-26-agosto-2007\/","og_locale":"it_IT","og_type":"article","og_title":"Concentration Suisse aux Avants dimanche 26 ao\u00fbt 2007 - Club des Cent Cols","og_description":"Dimanche 26 ao\u00fbt 2007 8h30, Les Avants, les premiers participants arrivent et sont accueillis avec le caf\u00e9. A 9h00, d\u00e9part des 16 membres du CCC et 8 membres du CCR jusqu\u2019au col de Sonloup ou s\u2019effectue la s\u00e9paration des routiers qui vont faire entre 40 et 60 km suivant les groupes et des v\u00e9t\u00e9tistes qui [&hellip;]","og_url":"https:\/\/centcols.org\/it\/concentrazione-suisse-aux-avants-domenica-26-agosto-2007\/","og_site_name":"Club des Cent Cols","article_publisher":"https:\/\/www.facebook.com\/groups\/5261880558\/?locale=fr_FR","article_published_time":"2015-05-07T07:22:28+00:00","article_modified_time":"2025-06-25T17:50:53+00:00","author":"fabien","twitter_card":"summary_large_image","twitter_misc":{"Scritto da":"fabien","Tempo di lettura stimato":"1 minuto"},"schema":{"@context":"https:\/\/schema.org","@graph":[{"@type":"Article","@id":"https:\/\/centcols.org\/concentration-suisse-aux-avants-dimanche-26-aout-2007\/#article","isPartOf":{"@id":"https:\/\/centcols.org\/concentration-suisse-aux-avants-dimanche-26-aout-2007\/"},"author":{"name":"fabien","@id":"https:\/\/centcols.org\/#\/schema\/person\/fcdb31e57ffa95295c9683ffdda82afa"},"headline":"Concentration Suisse aux Avants dimanche 26 ao\u00fbt 2007","datePublished":"2015-05-07T07:22:28+00:00","dateModified":"2025-06-25T17:50:53+00:00","mainEntityOfPage":{"@id":"https:\/\/centcols.org\/concentration-suisse-aux-avants-dimanche-26-aout-2007\/"},"wordCount":226,"publisher":{"@id":"https:\/\/centcols.org\/#organization"},"articleSection":["Calendrier","2007-rassemblements","Rencontres r\u00e9gionales"],"inLanguage":"it-IT"},{"@type":"WebPage","@id":"https:\/\/centcols.org\/concentration-suisse-aux-avants-dimanche-26-aout-2007\/","url":"https:\/\/centcols.org\/concentration-suisse-aux-avants-dimanche-26-aout-2007\/","name":"Concentrazione svizzera a Les Avants domenica 26 agosto 2007 - Club des Cent Cols","isPartOf":{"@id":"https:\/\/centcols.org\/#website"},"datePublished":"2015-05-07T07:22:28+00:00","dateModified":"2025-06-25T17:50:53+00:00","breadcrumb":{"@id":"https:\/\/centcols.org\/concentration-suisse-aux-avants-dimanche-26-aout-2007\/#breadcrumb"},"inLanguage":"it-IT","potentialAction":[{"@type":"ReadAction","target":["https:\/\/centcols.org\/concentration-suisse-aux-avants-dimanche-26-aout-2007\/"]}]},{"@type":"BreadcrumbList","@id":"https:\/\/centcols.org\/concentration-suisse-aux-avants-dimanche-26-aout-2007\/#breadcrumb","itemListElement":[{"@type":"ListItem","position":1,"name":"Accueil","item":"https:\/\/centcols.org\/"},{"@type":"ListItem","position":2,"name":"Rencontres r\u00e9gionales","item":"https:\/\/centcols.org\/rubrique\/rencontres-regionales\/"},{"@type":"ListItem","position":3,"name":"2007-rassemblements","item":"https:\/\/centcols.org\/rubrique\/rencontres-regionales\/les-rassemblements-de-2007\/"},{"@type":"ListItem","position":4,"name":"Concentration Suisse aux Avants dimanche 26 ao\u00fbt 2007"}]},{"@type":"WebSite","@id":"https:\/\/centcols.org\/#website","url":"https:\/\/centcols.org\/","name":"Club des Cent Cols","description":"","publisher":{"@id":"https:\/\/centcols.org\/#organization"},"potentialAction":[{"@type":"SearchAction","target":{"@type":"EntryPoint","urlTemplate":"https:\/\/centcols.org\/?s={search_term_string}"},"query-input":{"@type":"PropertyValueSpecification","valueRequired":true,"valueName":"search_term_string"}}],"inLanguage":"it-IT"},{"@type":"Organization","@id":"https:\/\/centcols.org\/#organization","name":"Club des Cent Cols","url":"https:\/\/centcols.org\/","logo":{"@type":"ImageObject","inLanguage":"it-IT","@id":"https:\/\/centcols.org\/#\/schema\/logo\/image\/","url":"https:\/\/centcols.org\/wp-content\/uploads\/2025\/01\/carte-icone.png","contentUrl":"https:\/\/centcols.org\/wp-content\/uploads\/2025\/01\/carte-icone.png","width":250,"height":250,"caption":"Club des Cent Cols"},"image":{"@id":"https:\/\/centcols.org\/#\/schema\/logo\/image\/"},"sameAs":["https:\/\/www.facebook.com\/groups\/5261880558\/?locale=fr_FR"]},{"@type":"Person","@id":"https:\/\/centcols.org\/#\/schema\/person\/fcdb31e57ffa95295c9683ffdda82afa","name":"fabien","image":{"@type":"ImageObject","inLanguage":"it-IT","@id":"https:\/\/centcols.org\/wp-content\/litespeed\/avatar\/9065528d4c1ba02f0faf2b7616b2a195.jpg?ver=1777225983","url":"https:\/\/centcols.org\/wp-content\/litespeed\/avatar\/9065528d4c1ba02f0faf2b7616b2a195.jpg?ver=1777225983","contentUrl":"https:\/\/centcols.org\/wp-content\/litespeed\/avatar\/9065528d4c1ba02f0faf2b7616b2a195.jpg?ver=1777225983","caption":"fabien"},"url":"https:\/\/centcols.org\/it\/author\/fabien\/"}]}},"_links":{"self":[{"href":"https:\/\/centcols.org\/it\/wp-json\/wp\/v2\/posts\/81373","targetHints":{"allow":["GET"]}}],"collection":[{"href":"https:\/\/centcols.org\/it\/wp-json\/wp\/v2\/posts"}],"about":[{"href":"https:\/\/centcols.org\/it\/wp-json\/wp\/v2\/types\/post"}],"author":[{"embeddable":true,"href":"https:\/\/centcols.org\/it\/wp-json\/wp\/v2\/users\/2"}],"replies":[{"embeddable":true,"href":"https:\/\/centcols.org\/it\/wp-json\/wp\/v2\/comments?post=81373"}],"version-history":[{"count":0,"href":"https:\/\/centcols.org\/it\/wp-json\/wp\/v2\/posts\/81373\/revisions"}],"wp:attachment":[{"href":"https:\/\/centcols.org\/it\/wp-json\/wp\/v2\/media?parent=81373"}],"wp:term":[{"taxonomy":"category","embeddable":true,"href":"https:\/\/centcols.org\/it\/wp-json\/wp\/v2\/categories?post=81373"},{"taxonomy":"post_tag","embeddable":true,"href":"https:\/\/centcols.org\/it\/wp-json\/wp\/v2\/tags?post=81373"}],"curies":[{"name":"wp","href":"https:\/\/api.w.org\/{rel}","templated":true}]}}