{"id":81384,"date":"2015-04-10T17:25:08","date_gmt":"2015-04-10T15:25:08","guid":{"rendered":"https:\/\/centcols.org\/sejour-estival-a-villefort-lozere-du-22-au-30-aout-2015\/"},"modified":"2025-09-01T18:32:14","modified_gmt":"2025-09-01T16:32:14","slug":"soggiorno-2015-villefort","status":"publish","type":"post","link":"https:\/\/centcols.org\/it\/sejour-2015-villefort\/","title":{"rendered":"Vacanze estive a Villefort (Loz\u00e8re) dal 22 al 30 agosto 2015"},"content":{"rendered":"<h2 class=\"wp-block-heading\">Album di foto<\/h2>\n\n\n\n<p><a href=\"#album\">Clicca per vedere gli album<\/a><\/p>\n\n\n\n<h2 class=\"wp-block-heading\">Presentazione<\/h2>\n\n\n\n<p>Le vacanze estive 2015 si svolgeranno dal 22 al 30 agosto presso il \"<a href=\"http:\/\/www.sedaries.com\/www.sedaries.com\/SEDARIES.htm\" target=\"_blank\" rel=\"noopener\">Mas des S\u00e9dari\u00e8s<\/a>\"nel comune di Villefort.<\/p>\n\n\n\n<p>La regione di Villefort si trova a sud del G\u00e9vaudan, a pochi arpenti dal Gard e dall'Ard\u00e8che. Rivela il volto della Loz\u00e8re C\u00e9venne. \u00c8 un groviglio relativamente aspro di \"serres\" e \"valats\", una terra difficile e aspra. Dopo anni di esodo rurale, la popolazione odierna si \u00e8 arricchita di apporti esterni favoriti dalle moderne tecnologie. I castagni secolari sono ancora l\u00ec, testimoni di un'epopea agricola che appartiene ormai al passato. Pi\u00f9 a sud, i mulini da seta e i resti delle miniere di carbone ricordano i tempi prosperi in cui il lavoro sfamava tutte le generazioni.<\/p>\n\n\n\n<p>Lo spartiacque sulla cresta del Mont Loz\u00e8re divide le precipitazioni; i fiumi Tarn e Lot scorrono verso ovest, mentre la C\u00e8ze e il Gardon si uniscono al Mediterraneo. Sugli altipiani in quota, immense formazioni granitiche caotiche regalano un paesaggio ricco a questa terra persa nel cielo. \u00c8 in primavera che le brughiere di ginestre illuminano i pendii di questa montagna spoglia. Ma alla fine dell'estate, sono il malva e il rosa dell'erica a deliziare l'occhio del ciclista appassionato. Le bolle di castagno (p\u00e9loux) saranno presto mature e appesantiranno i rami di questo albero, venerato dalla notte dei tempi e conosciuto come \"albero del pane\".<\/p>\n\n\n\n<p>Questa \u00e8 una terra ricca di storia. A partire dal Medioevo, la strada R\u00e9gordane ha dato alla regione la sua importanza. Sebbene oggi i villaggi siano tranquilli e pacifici, le guerre di religione hanno devastato la popolazione. \u00c8 a Pont-de-Montvert che nel 1702 scoppi\u00f2 il conflitto con l'assassinio dell'Abb\u00e9 du Chayla. Come in ogni guerra civile, i danni causati e i pregiudizi subiti hanno impiegato molto tempo per scomparire dalla memoria. La tolleranza e la libert\u00e0 di coscienza sono strettamente legate alla regione delle C\u00e9vennes. La storia si \u00e8 ripetuta durante la Seconda guerra mondiale. La Resistenza ricevette una risposta favorevole fin dalle prime ore del conflitto. Col tempo si organizz\u00f2 e divenne nota come \"Esercito delle ombre\". \"Il romanzo di Jean-Pierre Chabrol Un homme de trop, portato sullo schermo da Costa-Gavras, mette in luce questo periodo buio della nostra storia. Lo scrittore di Pont-de-Rastel ha riacceso brillantemente la fiamma della lotta degli ugonotti con \"Les fous de Dieu\" e la lotta dei minatori delle basse C\u00e9vennes con \"La Gueuse\". Il romanziere, narratore e radiocronista Jean-Pierre Chabrol ha messo sotto i riflettori le C\u00e9vennes con tutto il suo talento.<\/p>\n\n\n\n<p>Siete invitati a venire a scoprirli alla fine di agosto. La strada sar\u00e0 bella, il sentiero sassoso, l'accento canoro e il sole generoso... Benvenuti a tutti.<\/p>\n\n\n\n<p>Guy Camb\u00e9ss\u00e8des (CC 1420)<\/p>\n\n\n\n<figure class=\"wp-block-gallery has-nested-images columns-3 is-cropped wp-block-gallery-1 is-layout-flex wp-block-gallery-is-layout-flex\">\n<figure class=\"wp-block-image size-full\"><img loading=\"lazy\" decoding=\"async\" width=\"240\" height=\"180\" data-id=\"88768\" src=\"https:\/\/centcols.org\/wp-content\/uploads\/2015\/04\/vialas-mini.jpg\" alt=\"\" class=\"wp-image-88768\"\/><\/figure>\n\n\n\n<figure class=\"wp-block-image size-full\"><img loading=\"lazy\" decoding=\"async\" width=\"200\" height=\"220\" data-id=\"88769\" src=\"https:\/\/centcols.org\/wp-content\/uploads\/2015\/04\/villefort.png\" alt=\"\" class=\"wp-image-88769\"\/><\/figure>\n\n\n\n<figure class=\"wp-block-image size-full\"><img loading=\"lazy\" decoding=\"async\" width=\"240\" height=\"180\" data-id=\"88770\" src=\"https:\/\/centcols.org\/wp-content\/uploads\/2015\/04\/cassini-mini.jpg\" alt=\"\" class=\"wp-image-88770\"\/><\/figure>\n<\/figure>\n\n\n\n<h2 class=\"wp-block-heading\">Tour<\/h2>\n\n\n\n<p>Come sempre <a href=\"\/it\/membres\/cctours\/tours.php\/?lieu=Villefort&amp;an=2015&amp;genre=R\">percorsi stradali<\/a> saranno in grado di operare su un raggio pi\u00f9 ampio rispetto alle loro controparti <a href=\"\/it\/membres\/cctours\/tours.php\/?lieu=Villefort&amp;an=2015&amp;genre=V\">conducenti di muli<\/a>. Il Mont Loz\u00e8re e le valli adiacenti saranno il cuore di questo tour delle Cevennes. L'altitudine complessiva sar\u00e0 compresa tra i 500 e gli 800 metri, con solo alcuni passi sul Boug\u00e8s, sul Mont Loz\u00e8re o sul monte Goulet al di sopra dei 1.000 metri.<\/p>\n\n\n\n<p>La maggior parte dei percorsi sar\u00e0 flessibile, in modo che ognuno possa camminare a suo piacimento. Sono stati deliberatamente tracciati con un chilometraggio ragionevole. Ognuno \u00e8 libero di aggiungere un chilometro in pi\u00f9, per visitare un sito o per controllare un GMP vicino al percorso.<\/p>\n\n\n\n<p>I percorsi per mountain bike hanno una pendenza modesta, in modo che tutti possano godere appieno del paesaggio e apprezzare questa regione meridionale. Oltre ai passi di media altitudine, questi circuiti permetteranno di avvicinarsi in modo pi\u00f9 dettagliato al Mont Loz\u00e8re, compreso un circuito completo intorno alla cima del Finiels (1699 m). L'ultimo giorno \u00e8 prevista anche la salita del Col de l'Aigle, molto vicino al Pic Cassini (1680 m). Le forti piogge dell'autunno scorso possono aver danneggiato i sentieri e le piste forestali, ma questo non \u00e8 un fattore da trascurare...<\/p>\n\n\n\n<p>Se avete intenzione di esplorare la regione un po' pi\u00f9 a fondo, abbiamo messo insieme una guida online. <a href=\"https:\/\/centcols.org\/wp-content\/uploads\/2025\/09\/reglementation-cevennes.pdf\" target=\"_blank\" rel=\"noreferrer noopener\">Elenco degli itinerari o tratti di itinerari vietati alla bicicletta nelle C\u00e9vennes<\/a><\/p>\n\n\n\n<h2 class=\"wp-block-heading\">Alloggio<\/h2>\n\n\n\n<p>Alloggeremo presso il centro vacanze \"Les S\u00e9dari\u00e8s\", alla periferia della citt\u00e0. A due passi dal Collet de Villefort, alle pendici della montagna, questa struttura sar\u00e0 in grado di accogliere quasi tutti i partecipanti, con una residenza alberghiera di qualit\u00e0 che offre ogni comfort e un campeggio ombreggiato con diverse terrazze e un gran numero di case mobili in affitto. Una piscina privata e una cr\u00eaperie completano perfettamente le strutture esterne.<\/p>\n\n\n\n<p>Il comune dispone anche di hotel, bed and breakfast, g\u00eetes e altri due campeggi sulle rive del lago.<\/p>\n\n\n\n<ul class=\"wp-block-list\">\n<li>&nbsp;Centro vacanze \"Les S\u00e9dari\u00e8s\" - Tel : 04 66 46 25 20 o 06 52 36 91 49 Sito : <a href=\"http:\/\/www.sedaries.com\">www.sedaries.com<\/a><\/li>\n\n\n\n<li>&nbsp;Ufficio del turismo di Villefort: tel 04 66 46 87 30 - Sito web : <a href=\"http:\/\/www.villefort-cevennes.com\">www.villefort-cevennes.com<\/a><\/li>\n<\/ul>\n\n\n\n<h2 class=\"wp-block-heading\">Consigli utili<\/h2>\n\n\n\n<p>Sebbene questo viaggio si svolga in estate, si consiglia di portare con s\u00e9 abbigliamento e attrezzatura caldi. Anche per la manutenzione della bicicletta (pneumatici, camere d'aria, ecc.) \u00e8 consigliabile portare con s\u00e9 il necessario, poich\u00e9 non avremo un negozio specializzato in loco.<\/p>\n\n\n\n<h2 class=\"wp-block-heading\">Per il periodo \"dopo\" o post-bici<\/h2>\n\n\n\n<p>Il lago artificiale sul fiume Altier \u00e8 il complemento ideale per la nostra attivit\u00e0, offrendo una nuotata nel tardo pomeriggio, una passeggiata lungo le sue sponde o semplicemente qualche momento di relax.<\/p>\n\n\n\n<p>Il villaggio di La Garde-Gu\u00e9rin, a pochi chilometri di distanza, far\u00e0 la gioia degli amanti della pietra antica. Le chiese di Concoules e Saint-Andr\u00e9-Capc\u00e8ze rivelano l'arte romanica in tutto il suo splendore. Per gli amanti della natura, il sito del Mas de la Barque \u00e8 un popolare punto di partenza per le escursioni. Il mercato notturno di Villefort, che si tiene ogni luned\u00ec sera, \u00e8 un'ottima occasione per scoprire la ricchezza dei prodotti locali.<\/p>\n\n\n\n<h2 class=\"wp-block-heading\">Iscrizione<\/h2>\n\n\n\n<p>Per iscriversi, scaricare il modulo di iscrizione in formato PDF e seguire le istruzioni ivi contenute.<\/p>\n\n\n\n<h2 class=\"wp-block-heading\" id=\"album\">Album di foto<\/h2>\n\n\n\n<figure class=\"wp-block-gallery has-nested-images columns-default is-cropped wp-block-gallery-2 is-layout-flex wp-block-gallery-is-layout-flex\">\n<figure class=\"wp-block-image size-full\"><a href=\"https:\/\/photos.google.com\/share\/AF1QipOO207Pyc4WPRzIhbbIM0GbOMNpCKz3llaNRJdifw5kW4YlVp5PlxDcv9jyUxudnA?key=MklsQkttZnVqdWNvWU1lQlBVQUJHVng4ZE9fX29B\" target=\"_blank\" rel=\"noreferrer noopener\"><img loading=\"lazy\" decoding=\"async\" width=\"1200\" height=\"900\" data-id=\"88775\" src=\"https:\/\/centcols.org\/wp-content\/uploads\/2015\/04\/villefort_gc.jpg\" alt=\"\" class=\"wp-image-88775\" srcset=\"https:\/\/centcols.org\/wp-content\/uploads\/2015\/04\/villefort_gc.jpg 1200w, https:\/\/centcols.org\/wp-content\/uploads\/2015\/04\/villefort_gc-768x576.jpg 768w\" sizes=\"auto, (max-width: 1200px) 100vw, 1200px\" \/><\/a><figcaption class=\"wp-element-caption\">Album di Gerald Cowhan<\/figcaption><\/figure>\n\n\n\n<figure class=\"wp-block-image size-full\"><a href=\"https:\/\/photos.google.com\/share\/AF1QipOO207Pyc4WPRzIhbbIM0GbOMNpCKz3llaNRJdifw5kW4YlVp5PlxDcv9jyUxudnA?key=MklsQkttZnVqdWNvWU1lQlBVQUJHVng4ZE9fX29B\" target=\"_blank\" rel=\"noreferrer noopener\"><img loading=\"lazy\" decoding=\"async\" width=\"1200\" height=\"900\" data-id=\"88776\" src=\"https:\/\/centcols.org\/wp-content\/uploads\/2015\/04\/Villefort_gg.jpg\" alt=\"\" class=\"wp-image-88776\" srcset=\"https:\/\/centcols.org\/wp-content\/uploads\/2015\/04\/Villefort_gg.jpg 1200w, https:\/\/centcols.org\/wp-content\/uploads\/2015\/04\/Villefort_gg-768x576.jpg 768w\" sizes=\"auto, (max-width: 1200px) 100vw, 1200px\" \/><\/a><figcaption class=\"wp-element-caption\">Album di Guy Garcin e recensione sul suo sito web<\/figcaption><\/figure>\n<\/figure>\n\n\n\n<p><\/p>","protected":false},"excerpt":{"rendered":"<p>Albums Photos Cliquer pour voir les albums Pr\u00e9sentation Le s\u00e9jour d&rsquo;\u00e9t\u00e9 2015 se d\u00e9roulera du 22 au 30 ao\u00fbt au \u00abMas des S\u00e9dari\u00e8s\u00bb sur la commune de Villefort. La r\u00e9gion de Villefort est situ\u00e9e au sud du G\u00e9vaudan, \u00e0 quelques arpents du Gard et l\u2019Ard\u00e8che. Elle d\u00e9voile le visage de la C\u00e9venne loz\u00e9rienne. C\u2019est un [&hellip;]<\/p>\n","protected":false},"author":3,"featured_media":81385,"comment_status":"closed","ping_status":"closed","sticky":false,"template":"","format":"standard","meta":{"_acf_changed":false,"footnotes":""},"categories":[349,384,363,135,398,414,231],"tags":[],"class_list":["post-81384","post","type-post","status-publish","format-standard","has-post-thumbnail","hentry","category-france-pays-sejours","category-occitanie-region-sejours","category-massif-central-massif-sejours","category-calendrier","category-cevennes-massif","category-48-lozere-departement-sejours","category-sejours"],"acf":[],"yoast_head":"<!-- This site is optimized with the Yoast SEO plugin v27.2 - https:\/\/yoast.com\/product\/yoast-seo-wordpress\/ -->\n<title>S\u00e9jour estival \u00e0 Villefort (Loz\u00e8re) du 22 au 30 ao\u00fbt 2015 - Club des Cent Cols<\/title>\n<meta name=\"robots\" content=\"index, follow, max-snippet:-1, max-image-preview:large, max-video-preview:-1\" \/>\n<link rel=\"canonical\" href=\"https:\/\/centcols.org\/it\/soggiorno-2015-villefort\/\" \/>\n<meta property=\"og:locale\" content=\"it_IT\" \/>\n<meta property=\"og:type\" content=\"article\" \/>\n<meta property=\"og:title\" content=\"S\u00e9jour estival \u00e0 Villefort (Loz\u00e8re) du 22 au 30 ao\u00fbt 2015 - Club des Cent Cols\" \/>\n<meta property=\"og:description\" content=\"Albums Photos Cliquer pour voir les albums Pr\u00e9sentation Le s\u00e9jour d&rsquo;\u00e9t\u00e9 2015 se d\u00e9roulera du 22 au 30 ao\u00fbt au \u00abMas des S\u00e9dari\u00e8s\u00bb sur la commune de Villefort. La r\u00e9gion de Villefort est situ\u00e9e au sud du G\u00e9vaudan, \u00e0 quelques arpents du Gard et l\u2019Ard\u00e8che. Elle d\u00e9voile le visage de la C\u00e9venne loz\u00e9rienne. C\u2019est un [&hellip;]\" \/>\n<meta property=\"og:url\" content=\"https:\/\/centcols.org\/it\/soggiorno-2015-villefort\/\" \/>\n<meta property=\"og:site_name\" content=\"Club des Cent Cols\" \/>\n<meta property=\"article:publisher\" content=\"https:\/\/www.facebook.com\/groups\/5261880558\/?locale=fr_FR\" \/>\n<meta property=\"article:published_time\" content=\"2015-04-10T15:25:08+00:00\" \/>\n<meta property=\"article:modified_time\" content=\"2025-09-01T16:32:14+00:00\" \/>\n<meta property=\"og:image\" content=\"https:\/\/centcols.org\/wp-content\/uploads\/2025\/05\/vialas-mini.jpg\" \/>\n\t<meta property=\"og:image:width\" content=\"240\" \/>\n\t<meta property=\"og:image:height\" content=\"180\" \/>\n\t<meta property=\"og:image:type\" content=\"image\/jpeg\" \/>\n<meta name=\"author\" content=\"Webmestre\" \/>\n<meta name=\"twitter:card\" content=\"summary_large_image\" \/>\n<meta name=\"twitter:label1\" content=\"Scritto da\" \/>\n\t<meta name=\"twitter:data1\" content=\"Webmestre\" \/>\n\t<meta name=\"twitter:label2\" content=\"Tempo di lettura stimato\" \/>\n\t<meta name=\"twitter:data2\" content=\"7 minuti\" \/>\n<script type=\"application\/ld+json\" class=\"yoast-schema-graph\">{\"@context\":\"https:\/\/schema.org\",\"@graph\":[{\"@type\":\"Article\",\"@id\":\"https:\/\/centcols.org\/sejour-2015-villefort\/#article\",\"isPartOf\":{\"@id\":\"https:\/\/centcols.org\/sejour-2015-villefort\/\"},\"author\":{\"name\":\"Webmestre\",\"@id\":\"https:\/\/centcols.org\/#\/schema\/person\/911b404fb133d8c913dd27cdcf71c8e5\"},\"headline\":\"S\u00e9jour estival \u00e0 Villefort (Loz\u00e8re) du 22 au 30 ao\u00fbt 2015\",\"datePublished\":\"2015-04-10T15:25:08+00:00\",\"dateModified\":\"2025-09-01T16:32:14+00:00\",\"mainEntityOfPage\":{\"@id\":\"https:\/\/centcols.org\/sejour-2015-villefort\/\"},\"wordCount\":1206,\"publisher\":{\"@id\":\"https:\/\/centcols.org\/#organization\"},\"image\":{\"@id\":\"https:\/\/centcols.org\/sejour-2015-villefort\/#primaryimage\"},\"thumbnailUrl\":\"https:\/\/centcols.org\/wp-content\/uploads\/2025\/05\/vialas-mini.jpg\",\"articleSection\":[\"France\",\"Occitanie\",\"Massif Central\",\"Calendrier\",\"C\u00e9vennes\",\"48-Loz\u00e8re\",\"S\u00e9jours du Club des Cent Cols\"],\"inLanguage\":\"it-IT\"},{\"@type\":\"WebPage\",\"@id\":\"https:\/\/centcols.org\/sejour-2015-villefort\/\",\"url\":\"https:\/\/centcols.org\/sejour-2015-villefort\/\",\"name\":\"S\u00e9jour estival \u00e0 Villefort (Loz\u00e8re) du 22 au 30 ao\u00fbt 2015 - Club des Cent Cols\",\"isPartOf\":{\"@id\":\"https:\/\/centcols.org\/#website\"},\"primaryImageOfPage\":{\"@id\":\"https:\/\/centcols.org\/sejour-2015-villefort\/#primaryimage\"},\"image\":{\"@id\":\"https:\/\/centcols.org\/sejour-2015-villefort\/#primaryimage\"},\"thumbnailUrl\":\"https:\/\/centcols.org\/wp-content\/uploads\/2025\/05\/vialas-mini.jpg\",\"datePublished\":\"2015-04-10T15:25:08+00:00\",\"dateModified\":\"2025-09-01T16:32:14+00:00\",\"breadcrumb\":{\"@id\":\"https:\/\/centcols.org\/sejour-2015-villefort\/#breadcrumb\"},\"inLanguage\":\"it-IT\",\"potentialAction\":[{\"@type\":\"ReadAction\",\"target\":[\"https:\/\/centcols.org\/sejour-2015-villefort\/\"]}]},{\"@type\":\"ImageObject\",\"inLanguage\":\"it-IT\",\"@id\":\"https:\/\/centcols.org\/sejour-2015-villefort\/#primaryimage\",\"url\":\"https:\/\/centcols.org\/wp-content\/uploads\/2025\/05\/vialas-mini.jpg\",\"contentUrl\":\"https:\/\/centcols.org\/wp-content\/uploads\/2025\/05\/vialas-mini.jpg\",\"width\":240,\"height\":180},{\"@type\":\"BreadcrumbList\",\"@id\":\"https:\/\/centcols.org\/sejour-2015-villefort\/#breadcrumb\",\"itemListElement\":[{\"@type\":\"ListItem\",\"position\":1,\"name\":\"Accueil\",\"item\":\"https:\/\/centcols.org\/\"},{\"@type\":\"ListItem\",\"position\":2,\"name\":\"S\u00e9jours du Club des Cent Cols\",\"item\":\"https:\/\/centcols.org\/rubrique\/sejours\/\"},{\"@type\":\"ListItem\",\"position\":3,\"name\":\"Pays\",\"item\":\"https:\/\/centcols.org\/rubrique\/sejours\/pays-sejours\/\"},{\"@type\":\"ListItem\",\"position\":4,\"name\":\"France\",\"item\":\"https:\/\/centcols.org\/rubrique\/sejours\/pays-sejours\/france-pays-sejours\/\"},{\"@type\":\"ListItem\",\"position\":5,\"name\":\"S\u00e9jour estival \u00e0 Villefort (Loz\u00e8re) du 22 au 30 ao\u00fbt 2015\"}]},{\"@type\":\"WebSite\",\"@id\":\"https:\/\/centcols.org\/#website\",\"url\":\"https:\/\/centcols.org\/\",\"name\":\"Club des Cent Cols\",\"description\":\"\",\"publisher\":{\"@id\":\"https:\/\/centcols.org\/#organization\"},\"potentialAction\":[{\"@type\":\"SearchAction\",\"target\":{\"@type\":\"EntryPoint\",\"urlTemplate\":\"https:\/\/centcols.org\/?s={search_term_string}\"},\"query-input\":{\"@type\":\"PropertyValueSpecification\",\"valueRequired\":true,\"valueName\":\"search_term_string\"}}],\"inLanguage\":\"it-IT\"},{\"@type\":\"Organization\",\"@id\":\"https:\/\/centcols.org\/#organization\",\"name\":\"Club des Cent Cols\",\"url\":\"https:\/\/centcols.org\/\",\"logo\":{\"@type\":\"ImageObject\",\"inLanguage\":\"it-IT\",\"@id\":\"https:\/\/centcols.org\/#\/schema\/logo\/image\/\",\"url\":\"https:\/\/centcols.org\/wp-content\/uploads\/2025\/01\/carte-icone.png\",\"contentUrl\":\"https:\/\/centcols.org\/wp-content\/uploads\/2025\/01\/carte-icone.png\",\"width\":250,\"height\":250,\"caption\":\"Club des Cent Cols\"},\"image\":{\"@id\":\"https:\/\/centcols.org\/#\/schema\/logo\/image\/\"},\"sameAs\":[\"https:\/\/www.facebook.com\/groups\/5261880558\/?locale=fr_FR\"]},{\"@type\":\"Person\",\"@id\":\"https:\/\/centcols.org\/#\/schema\/person\/911b404fb133d8c913dd27cdcf71c8e5\",\"name\":\"Webmestre\",\"image\":{\"@type\":\"ImageObject\",\"inLanguage\":\"it-IT\",\"@id\":\"https:\/\/centcols.org\/wp-content\/litespeed\/avatar\/2d246e4b6b4f773e08515e1ffc53690b.jpg?ver=1777222892\",\"url\":\"https:\/\/centcols.org\/wp-content\/litespeed\/avatar\/2d246e4b6b4f773e08515e1ffc53690b.jpg?ver=1777222892\",\"contentUrl\":\"https:\/\/centcols.org\/wp-content\/litespeed\/avatar\/2d246e4b6b4f773e08515e1ffc53690b.jpg?ver=1777222892\",\"caption\":\"Webmestre\"},\"url\":\"https:\/\/centcols.org\/it\/author\/webmestre\/\"}]}<\/script>\n<!-- \/ Yoast SEO plugin. -->","yoast_head_json":{"title":"Vacanze estive a Villefort (Loz\u00e8re) dal 22 al 30 agosto 2015 - Club des Cent Cols","robots":{"index":"index","follow":"follow","max-snippet":"max-snippet:-1","max-image-preview":"max-image-preview:large","max-video-preview":"max-video-preview:-1"},"canonical":"https:\/\/centcols.org\/it\/soggiorno-2015-villefort\/","og_locale":"it_IT","og_type":"article","og_title":"S\u00e9jour estival \u00e0 Villefort (Loz\u00e8re) du 22 au 30 ao\u00fbt 2015 - Club des Cent Cols","og_description":"Albums Photos Cliquer pour voir les albums Pr\u00e9sentation Le s\u00e9jour d&rsquo;\u00e9t\u00e9 2015 se d\u00e9roulera du 22 au 30 ao\u00fbt au \u00abMas des S\u00e9dari\u00e8s\u00bb sur la commune de Villefort. La r\u00e9gion de Villefort est situ\u00e9e au sud du G\u00e9vaudan, \u00e0 quelques arpents du Gard et l\u2019Ard\u00e8che. Elle d\u00e9voile le visage de la C\u00e9venne loz\u00e9rienne. C\u2019est un [&hellip;]","og_url":"https:\/\/centcols.org\/it\/soggiorno-2015-villefort\/","og_site_name":"Club des Cent Cols","article_publisher":"https:\/\/www.facebook.com\/groups\/5261880558\/?locale=fr_FR","article_published_time":"2015-04-10T15:25:08+00:00","article_modified_time":"2025-09-01T16:32:14+00:00","og_image":[{"width":240,"height":180,"url":"https:\/\/centcols.org\/wp-content\/uploads\/2025\/05\/vialas-mini.jpg","type":"image\/jpeg"}],"author":"Webmestre","twitter_card":"summary_large_image","twitter_misc":{"Scritto da":"Webmestre","Tempo di lettura stimato":"7 minuti"},"schema":{"@context":"https:\/\/schema.org","@graph":[{"@type":"Article","@id":"https:\/\/centcols.org\/sejour-2015-villefort\/#article","isPartOf":{"@id":"https:\/\/centcols.org\/sejour-2015-villefort\/"},"author":{"name":"Webmestre","@id":"https:\/\/centcols.org\/#\/schema\/person\/911b404fb133d8c913dd27cdcf71c8e5"},"headline":"S\u00e9jour estival \u00e0 Villefort (Loz\u00e8re) du 22 au 30 ao\u00fbt 2015","datePublished":"2015-04-10T15:25:08+00:00","dateModified":"2025-09-01T16:32:14+00:00","mainEntityOfPage":{"@id":"https:\/\/centcols.org\/sejour-2015-villefort\/"},"wordCount":1206,"publisher":{"@id":"https:\/\/centcols.org\/#organization"},"image":{"@id":"https:\/\/centcols.org\/sejour-2015-villefort\/#primaryimage"},"thumbnailUrl":"https:\/\/centcols.org\/wp-content\/uploads\/2025\/05\/vialas-mini.jpg","articleSection":["France","Occitanie","Massif Central","Calendrier","C\u00e9vennes","48-Loz\u00e8re","S\u00e9jours du Club des Cent Cols"],"inLanguage":"it-IT"},{"@type":"WebPage","@id":"https:\/\/centcols.org\/sejour-2015-villefort\/","url":"https:\/\/centcols.org\/sejour-2015-villefort\/","name":"Vacanze estive a Villefort (Loz\u00e8re) dal 22 al 30 agosto 2015 - Club des Cent Cols","isPartOf":{"@id":"https:\/\/centcols.org\/#website"},"primaryImageOfPage":{"@id":"https:\/\/centcols.org\/sejour-2015-villefort\/#primaryimage"},"image":{"@id":"https:\/\/centcols.org\/sejour-2015-villefort\/#primaryimage"},"thumbnailUrl":"https:\/\/centcols.org\/wp-content\/uploads\/2025\/05\/vialas-mini.jpg","datePublished":"2015-04-10T15:25:08+00:00","dateModified":"2025-09-01T16:32:14+00:00","breadcrumb":{"@id":"https:\/\/centcols.org\/sejour-2015-villefort\/#breadcrumb"},"inLanguage":"it-IT","potentialAction":[{"@type":"ReadAction","target":["https:\/\/centcols.org\/sejour-2015-villefort\/"]}]},{"@type":"ImageObject","inLanguage":"it-IT","@id":"https:\/\/centcols.org\/sejour-2015-villefort\/#primaryimage","url":"https:\/\/centcols.org\/wp-content\/uploads\/2025\/05\/vialas-mini.jpg","contentUrl":"https:\/\/centcols.org\/wp-content\/uploads\/2025\/05\/vialas-mini.jpg","width":240,"height":180},{"@type":"BreadcrumbList","@id":"https:\/\/centcols.org\/sejour-2015-villefort\/#breadcrumb","itemListElement":[{"@type":"ListItem","position":1,"name":"Accueil","item":"https:\/\/centcols.org\/"},{"@type":"ListItem","position":2,"name":"S\u00e9jours du Club des Cent Cols","item":"https:\/\/centcols.org\/rubrique\/sejours\/"},{"@type":"ListItem","position":3,"name":"Pays","item":"https:\/\/centcols.org\/rubrique\/sejours\/pays-sejours\/"},{"@type":"ListItem","position":4,"name":"France","item":"https:\/\/centcols.org\/rubrique\/sejours\/pays-sejours\/france-pays-sejours\/"},{"@type":"ListItem","position":5,"name":"S\u00e9jour estival \u00e0 Villefort (Loz\u00e8re) du 22 au 30 ao\u00fbt 2015"}]},{"@type":"WebSite","@id":"https:\/\/centcols.org\/#website","url":"https:\/\/centcols.org\/","name":"Club des Cent Cols","description":"","publisher":{"@id":"https:\/\/centcols.org\/#organization"},"potentialAction":[{"@type":"SearchAction","target":{"@type":"EntryPoint","urlTemplate":"https:\/\/centcols.org\/?s={search_term_string}"},"query-input":{"@type":"PropertyValueSpecification","valueRequired":true,"valueName":"search_term_string"}}],"inLanguage":"it-IT"},{"@type":"Organization","@id":"https:\/\/centcols.org\/#organization","name":"Club des Cent Cols","url":"https:\/\/centcols.org\/","logo":{"@type":"ImageObject","inLanguage":"it-IT","@id":"https:\/\/centcols.org\/#\/schema\/logo\/image\/","url":"https:\/\/centcols.org\/wp-content\/uploads\/2025\/01\/carte-icone.png","contentUrl":"https:\/\/centcols.org\/wp-content\/uploads\/2025\/01\/carte-icone.png","width":250,"height":250,"caption":"Club des Cent Cols"},"image":{"@id":"https:\/\/centcols.org\/#\/schema\/logo\/image\/"},"sameAs":["https:\/\/www.facebook.com\/groups\/5261880558\/?locale=fr_FR"]},{"@type":"Person","@id":"https:\/\/centcols.org\/#\/schema\/person\/911b404fb133d8c913dd27cdcf71c8e5","name":"Webmaster","image":{"@type":"ImageObject","inLanguage":"it-IT","@id":"https:\/\/centcols.org\/wp-content\/litespeed\/avatar\/2d246e4b6b4f773e08515e1ffc53690b.jpg?ver=1777222892","url":"https:\/\/centcols.org\/wp-content\/litespeed\/avatar\/2d246e4b6b4f773e08515e1ffc53690b.jpg?ver=1777222892","contentUrl":"https:\/\/centcols.org\/wp-content\/litespeed\/avatar\/2d246e4b6b4f773e08515e1ffc53690b.jpg?ver=1777222892","caption":"Webmestre"},"url":"https:\/\/centcols.org\/it\/author\/webmestre\/"}]}},"_links":{"self":[{"href":"https:\/\/centcols.org\/it\/wp-json\/wp\/v2\/posts\/81384","targetHints":{"allow":["GET"]}}],"collection":[{"href":"https:\/\/centcols.org\/it\/wp-json\/wp\/v2\/posts"}],"about":[{"href":"https:\/\/centcols.org\/it\/wp-json\/wp\/v2\/types\/post"}],"author":[{"embeddable":true,"href":"https:\/\/centcols.org\/it\/wp-json\/wp\/v2\/users\/3"}],"replies":[{"embeddable":true,"href":"https:\/\/centcols.org\/it\/wp-json\/wp\/v2\/comments?post=81384"}],"version-history":[{"count":0,"href":"https:\/\/centcols.org\/it\/wp-json\/wp\/v2\/posts\/81384\/revisions"}],"wp:featuredmedia":[{"embeddable":true,"href":"https:\/\/centcols.org\/it\/wp-json\/wp\/v2\/media\/81385"}],"wp:attachment":[{"href":"https:\/\/centcols.org\/it\/wp-json\/wp\/v2\/media?parent=81384"}],"wp:term":[{"taxonomy":"category","embeddable":true,"href":"https:\/\/centcols.org\/it\/wp-json\/wp\/v2\/categories?post=81384"},{"taxonomy":"post_tag","embeddable":true,"href":"https:\/\/centcols.org\/it\/wp-json\/wp\/v2\/tags?post=81384"}],"curies":[{"name":"wp","href":"https:\/\/api.w.org\/{rel}","templated":true}]}}