{"id":81444,"date":"2008-04-22T14:16:14","date_gmt":"2008-04-22T12:16:14","guid":{"rendered":"https:\/\/centcols.org\/sejour-estival-du-club-des-cent-cols-a-areches-savoie-du-12-au-16-aout-2008-et-concentration-internationale-du-club-des-cent-cols-au-col-du-joly\/"},"modified":"2025-09-15T13:30:29","modified_gmt":"2025-09-15T11:30:29","slug":"pausa-estiva-per-il-centocols-club-in-areches-savoie-dal-12-al-16-agosto-2008-e-concentrazione-internazionale-del-centocols-club-al-col-du-joly","status":"publish","type":"post","link":"https:\/\/centcols.org\/it\/sejour-estival-du-club-des-cent-cols-a-areches-savoie-du-12-au-16-aout-2008-et-concentration-internationale-du-club-des-cent-cols-au-col-du-joly\/","title":{"rendered":"Pausa estiva per il Club des Cent Cols ad Ar\u00eaches (Savoia) dal 12 al 16 agosto 2008 e incontro internazionale del Club des Cent Cols al Col du Joly"},"content":{"rendered":"<div class=\"wp-block-image\">\n<figure class=\"aligncenter size-full\"><img loading=\"lazy\" decoding=\"async\" width=\"270\" height=\"480\" src=\"https:\/\/centcols.org\/wp-content\/uploads\/2025\/05\/areches-04.jpg\" alt=\"\" class=\"wp-image-81445\"\/><\/figure>\n<\/div>\n\n\n<p>Nel 2008, l'incontro internazionale del Club des Cent Cols si terr\u00e0 il 16 agosto in cima al Col du Joly (73-1989), nel cuore del massiccio del Beaufortain in Savoia. L'evento segner\u00e0 la fine di una vacanza che inizia la sera del 12 agosto. La citt\u00e0 di Ar\u00eaches-Beaufort, e pi\u00f9 precisamente il Centro Azureva, ci accoglier\u00e0. Ogni giorno, un circuito stradale e un circuito per mountain bike permetteranno di scoprire numerosi passi in un contesto magnifico.<\/p>\n\n\n\n<figure class=\"wp-block-gallery has-nested-images columns-4 is-cropped wp-block-gallery-1 is-layout-flex wp-block-gallery-is-layout-flex\">\n<figure class=\"wp-block-image size-full\"><a href=\"https:\/\/centcols.org\/wp-content\/uploads\/2008\/04\/areches-03.jpg\"><img loading=\"lazy\" decoding=\"async\" width=\"640\" height=\"360\" data-id=\"89228\" src=\"https:\/\/centcols.org\/wp-content\/uploads\/2008\/04\/areches-03.jpg\" alt=\"\" class=\"wp-image-89228\" srcset=\"https:\/\/centcols.org\/wp-content\/uploads\/2008\/04\/areches-03.jpg 640w, https:\/\/centcols.org\/wp-content\/uploads\/2008\/04\/areches-03-18x10.jpg 18w\" sizes=\"auto, (max-width: 640px) 100vw, 640px\" \/><\/a><figcaption class=\"wp-element-caption\">alloggio presso il centro Azureva di Ar\u00eaches<\/figcaption><\/figure>\n\n\n\n<figure class=\"wp-block-image size-full\"><a href=\"https:\/\/centcols.org\/wp-content\/uploads\/2008\/04\/areches-10.jpg\"><img loading=\"lazy\" decoding=\"async\" width=\"270\" height=\"480\" data-id=\"89230\" src=\"https:\/\/centcols.org\/wp-content\/uploads\/2008\/04\/areches-10.jpg\" alt=\"\" class=\"wp-image-89230\" srcset=\"https:\/\/centcols.org\/wp-content\/uploads\/2008\/04\/areches-10.jpg 270w, https:\/\/centcols.org\/wp-content\/uploads\/2008\/04\/areches-10-7x12.jpg 7w\" sizes=\"auto, (max-width: 270px) 100vw, 270px\" \/><\/a><\/figure>\n\n\n\n<figure class=\"wp-block-image size-full\"><a href=\"https:\/\/centcols.org\/wp-content\/uploads\/2008\/04\/areches-12.jpg\"><img loading=\"lazy\" decoding=\"async\" width=\"270\" height=\"480\" data-id=\"89229\" src=\"https:\/\/centcols.org\/wp-content\/uploads\/2008\/04\/areches-12.jpg\" alt=\"\" class=\"wp-image-89229\" srcset=\"https:\/\/centcols.org\/wp-content\/uploads\/2008\/04\/areches-12.jpg 270w, https:\/\/centcols.org\/wp-content\/uploads\/2008\/04\/areches-12-7x12.jpg 7w\" sizes=\"auto, (max-width: 270px) 100vw, 270px\" \/><\/a><\/figure>\n\n\n\n<figure class=\"wp-block-image size-full\"><a href=\"https:\/\/centcols.org\/wp-content\/uploads\/2008\/04\/areches-02.jpg\"><img loading=\"lazy\" decoding=\"async\" width=\"640\" height=\"360\" data-id=\"89231\" src=\"https:\/\/centcols.org\/wp-content\/uploads\/2008\/04\/areches-02.jpg\" alt=\"\" class=\"wp-image-89231\" srcset=\"https:\/\/centcols.org\/wp-content\/uploads\/2008\/04\/areches-02.jpg 640w, https:\/\/centcols.org\/wp-content\/uploads\/2008\/04\/areches-02-18x10.jpg 18w\" sizes=\"auto, (max-width: 640px) 100vw, 640px\" \/><\/a><figcaption class=\"wp-element-caption\">alloggio presso il centro Azureva di Ar\u00eaches<\/figcaption><\/figure>\n\n\n\n<figure class=\"wp-block-image size-full\"><a href=\"https:\/\/centcols.org\/wp-content\/uploads\/2008\/04\/areches-03-1.jpg\"><img loading=\"lazy\" decoding=\"async\" width=\"640\" height=\"360\" data-id=\"89232\" src=\"https:\/\/centcols.org\/wp-content\/uploads\/2008\/04\/areches-03-1.jpg\" alt=\"\" class=\"wp-image-89232\" srcset=\"https:\/\/centcols.org\/wp-content\/uploads\/2008\/04\/areches-03-1.jpg 640w, https:\/\/centcols.org\/wp-content\/uploads\/2008\/04\/areches-03-1-18x10.jpg 18w\" sizes=\"auto, (max-width: 640px) 100vw, 640px\" \/><\/a><figcaption class=\"wp-element-caption\">Il contesto del centro Azureva<\/figcaption><\/figure>\n\n\n\n<figure class=\"wp-block-image size-full\"><a href=\"https:\/\/centcols.org\/wp-content\/uploads\/2008\/04\/areches-09.jpg\"><img loading=\"lazy\" decoding=\"async\" width=\"640\" height=\"360\" data-id=\"89233\" src=\"https:\/\/centcols.org\/wp-content\/uploads\/2008\/04\/areches-09.jpg\" alt=\"\" class=\"wp-image-89233\" srcset=\"https:\/\/centcols.org\/wp-content\/uploads\/2008\/04\/areches-09.jpg 640w, https:\/\/centcols.org\/wp-content\/uploads\/2008\/04\/areches-09-18x10.jpg 18w\" sizes=\"auto, (max-width: 640px) 100vw, 640px\" \/><\/a><figcaption class=\"wp-element-caption\">Ar\u00eaches visto dal centro di Azureva<\/figcaption><\/figure>\n\n\n\n<figure class=\"wp-block-image size-full\"><a href=\"https:\/\/centcols.org\/wp-content\/uploads\/2008\/04\/areches-05.jpg\"><img loading=\"lazy\" decoding=\"async\" width=\"640\" height=\"360\" data-id=\"89234\" src=\"https:\/\/centcols.org\/wp-content\/uploads\/2008\/04\/areches-05.jpg\" alt=\"\" class=\"wp-image-89234\" srcset=\"https:\/\/centcols.org\/wp-content\/uploads\/2008\/04\/areches-05.jpg 640w, https:\/\/centcols.org\/wp-content\/uploads\/2008\/04\/areches-05-18x10.jpg 18w\" sizes=\"auto, (max-width: 640px) 100vw, 640px\" \/><\/a><figcaption class=\"wp-element-caption\">il villaggio di Boudin, aggrappato alle pendici del Col du Pr\u00e9 (classificato come uno dei pi\u00f9 bei villaggi di Francia)<\/figcaption><\/figure>\n\n\n\n<figure class=\"wp-block-image size-full\"><a href=\"https:\/\/centcols.org\/wp-content\/uploads\/2008\/04\/areches-07.jpg\"><img loading=\"lazy\" decoding=\"async\" width=\"640\" height=\"360\" data-id=\"89235\" src=\"https:\/\/centcols.org\/wp-content\/uploads\/2008\/04\/areches-07.jpg\" alt=\"\" class=\"wp-image-89235\" srcset=\"https:\/\/centcols.org\/wp-content\/uploads\/2008\/04\/areches-07.jpg 640w, https:\/\/centcols.org\/wp-content\/uploads\/2008\/04\/areches-07-18x10.jpg 18w\" sizes=\"auto, (max-width: 640px) 100vw, 640px\" \/><\/a><figcaption class=\"wp-element-caption\">il lago della diga di Roselend<\/figcaption><\/figure>\n<\/figure>\n\n\n\n<figure class=\"wp-block-gallery has-nested-images columns-3 is-cropped wp-block-gallery-2 is-layout-flex wp-block-gallery-is-layout-flex\">\n<figure class=\"wp-block-image size-full\"><a href=\"https:\/\/centcols.org\/wp-content\/uploads\/2008\/04\/areches-11.jpg\"><img loading=\"lazy\" decoding=\"async\" width=\"270\" height=\"480\" data-id=\"89236\" src=\"https:\/\/centcols.org\/wp-content\/uploads\/2008\/04\/areches-11.jpg\" alt=\"\" class=\"wp-image-89236\" srcset=\"https:\/\/centcols.org\/wp-content\/uploads\/2008\/04\/areches-11.jpg 270w, https:\/\/centcols.org\/wp-content\/uploads\/2008\/04\/areches-11-7x12.jpg 7w\" sizes=\"auto, (max-width: 270px) 100vw, 270px\" \/><\/a><figcaption class=\"wp-element-caption\">il villaggio di Ar\u00eaches<\/figcaption><\/figure>\n\n\n\n<figure class=\"wp-block-image size-full\"><a href=\"https:\/\/centcols.org\/wp-content\/uploads\/2008\/04\/areches-06.jpg\"><img loading=\"lazy\" decoding=\"async\" width=\"270\" height=\"480\" data-id=\"89237\" src=\"https:\/\/centcols.org\/wp-content\/uploads\/2008\/04\/areches-06.jpg\" alt=\"\" class=\"wp-image-89237\" srcset=\"https:\/\/centcols.org\/wp-content\/uploads\/2008\/04\/areches-06.jpg 270w, https:\/\/centcols.org\/wp-content\/uploads\/2008\/04\/areches-06-7x12.jpg 7w\" sizes=\"auto, (max-width: 270px) 100vw, 270px\" \/><\/a><\/figure>\n\n\n\n<figure class=\"wp-block-image size-full\"><a href=\"https:\/\/centcols.org\/wp-content\/uploads\/2008\/04\/areches-08.jpg\"><img loading=\"lazy\" decoding=\"async\" width=\"640\" height=\"360\" data-id=\"89238\" src=\"https:\/\/centcols.org\/wp-content\/uploads\/2008\/04\/areches-08.jpg\" alt=\"\" class=\"wp-image-89238\" srcset=\"https:\/\/centcols.org\/wp-content\/uploads\/2008\/04\/areches-08.jpg 640w, https:\/\/centcols.org\/wp-content\/uploads\/2008\/04\/areches-08-18x10.jpg 18w\" sizes=\"auto, (max-width: 640px) 100vw, 640px\" \/><\/a><figcaption class=\"wp-element-caption\">i primi pizzi del Col du Pr\u00e9 da Ar\u00eaches<\/figcaption><\/figure>\n<\/figure>\n\n\n\n<h2 class=\"wp-block-heading\">Il Beaufortain, un'isola tirolese :<\/h2>\n\n\n\n<p><a href=\"https:\/\/centcols.org\/it\/?p=22212\" target=\"_blank\" rel=\"noopener\">Leggi l'articolo<\/a> di Fran\u00e7ois Rieu<\/p>\n\n\n\n<h2 class=\"wp-block-heading\">Tour<\/h2>\n\n\n\n<p><a href=\"https:\/\/centcols.org\/les_rendez-vous\/2008\/areches\/parcours.pdf\" target=\"_blank\" rel=\"noopener\">Scarica i percorsi<\/a><\/p>\n\n\n\n<p><a href=\"https:\/\/centcols.org\/it\/les_rendez-vous\/2008\/areches\/geo\/\" target=\"_blank\" rel=\"noopener\">File di geolocalizzazione - Percorsi per mountain bike Ar\u00eaches 2008<\/a><\/p>\n\n\n\n<h2 class=\"wp-block-heading\">Articolo di giornale<\/h2>\n\n\n\n<figure class=\"wp-block-gallery has-nested-images columns-1 is-cropped wp-block-gallery-3 is-layout-flex wp-block-gallery-is-layout-flex\">\n<figure class=\"wp-block-image size-full\"><a href=\"https:\/\/centcols.org\/wp-content\/uploads\/2008\/04\/La-Savoie-15-08-2008.jpg\"><img loading=\"lazy\" decoding=\"async\" width=\"1056\" height=\"624\" data-id=\"89241\" src=\"https:\/\/centcols.org\/wp-content\/uploads\/2008\/04\/La-Savoie-15-08-2008.jpg\" alt=\"\" class=\"wp-image-89241\" srcset=\"https:\/\/centcols.org\/wp-content\/uploads\/2008\/04\/La-Savoie-15-08-2008.jpg 1056w, https:\/\/centcols.org\/wp-content\/uploads\/2008\/04\/La-Savoie-15-08-2008-768x454.jpg 768w, https:\/\/centcols.org\/wp-content\/uploads\/2008\/04\/La-Savoie-15-08-2008-18x12.jpg 18w\" sizes=\"auto, (max-width: 1056px) 100vw, 1056px\" \/><\/a><\/figure>\n<\/figure>\n\n\n\n<h2 class=\"wp-block-heading\">Album di foto<\/h2>\n\n\n\n<figure class=\"wp-block-gallery has-nested-images columns-4 is-cropped wp-block-gallery-4 is-layout-flex wp-block-gallery-is-layout-flex\">\n<figure class=\"wp-block-image size-full\"><a href=\"https:\/\/centcols.org\/les_rendez-vous\/2008\/areches\/album_photos_2008-01.htm\" target=\"_blank\" rel=\"noreferrer noopener\"><img loading=\"lazy\" decoding=\"async\" width=\"800\" height=\"450\" data-id=\"89243\" src=\"https:\/\/centcols.org\/wp-content\/uploads\/2008\/04\/rp-a26.jpg\" alt=\"\" class=\"wp-image-89243\" srcset=\"https:\/\/centcols.org\/wp-content\/uploads\/2008\/04\/rp-a26.jpg 800w, https:\/\/centcols.org\/wp-content\/uploads\/2008\/04\/rp-a26-768x432.jpg 768w, https:\/\/centcols.org\/wp-content\/uploads\/2008\/04\/rp-a26-18x10.jpg 18w\" sizes=\"auto, (max-width: 800px) 100vw, 800px\" \/><\/a><figcaption class=\"wp-element-caption\"><a href=\"https:\/\/centcols.org\/les_rendez-vous\/2008\/areches\/album_photos_2008-01.htm\" target=\"_blank\" rel=\"noreferrer noopener\">Album di Ren\u00e9 Poty<\/a><\/figcaption><\/figure>\n\n\n\n<figure class=\"wp-block-image size-full\"><a href=\"https:\/\/centcols.org\/les_rendez-vous\/2008\/areches\/album_photos_2008-02.htm\" target=\"_blank\" rel=\"noreferrer noopener\"><img loading=\"lazy\" decoding=\"async\" width=\"640\" height=\"480\" data-id=\"89244\" src=\"https:\/\/centcols.org\/wp-content\/uploads\/2008\/04\/jpl-57.jpg\" alt=\"\" class=\"wp-image-89244\" srcset=\"https:\/\/centcols.org\/wp-content\/uploads\/2008\/04\/jpl-57.jpg 640w, https:\/\/centcols.org\/wp-content\/uploads\/2008\/04\/jpl-57-16x12.jpg 16w\" sizes=\"auto, (max-width: 640px) 100vw, 640px\" \/><\/a><figcaption class=\"wp-element-caption\"><a href=\"https:\/\/centcols.org\/les_rendez-vous\/2008\/areches\/album_photos_2008-02.htm\" target=\"_blank\" rel=\"noreferrer noopener\">Album di Jean-Pierre Lambert<\/a><\/figcaption><\/figure>\n\n\n\n<figure class=\"wp-block-image size-full\"><a href=\"https:\/\/centcols.org\/les_rendez-vous\/2008\/areches\/album_photos_2008-03.htm\" target=\"_blank\" rel=\"noreferrer noopener\"><img loading=\"lazy\" decoding=\"async\" width=\"800\" height=\"450\" data-id=\"89245\" src=\"https:\/\/centcols.org\/wp-content\/uploads\/2008\/04\/rp-b15.jpg\" alt=\"\" class=\"wp-image-89245\" srcset=\"https:\/\/centcols.org\/wp-content\/uploads\/2008\/04\/rp-b15.jpg 800w, https:\/\/centcols.org\/wp-content\/uploads\/2008\/04\/rp-b15-768x432.jpg 768w, https:\/\/centcols.org\/wp-content\/uploads\/2008\/04\/rp-b15-18x10.jpg 18w\" sizes=\"auto, (max-width: 800px) 100vw, 800px\" \/><\/a><figcaption class=\"wp-element-caption\"><a href=\"https:\/\/centcols.org\/les_rendez-vous\/2008\/areches\/album_photos_2008-03.htm\" target=\"_blank\" rel=\"noreferrer noopener\">Album d<\/a><a href=\"https:\/\/centcols.org\/les_rendez-vous\/2008\/areches\/album_photos_2008-03.htm\">e Ren\u00e9 Poty<\/a><\/figcaption><\/figure>\n\n\n\n<figure class=\"wp-block-image size-full\"><a href=\"https:\/\/centcols.org\/les_rendez-vous\/2008\/areches\/album_photos_2008-04.htm\" target=\"_blank\" rel=\"noreferrer noopener\"><img loading=\"lazy\" decoding=\"async\" width=\"640\" height=\"480\" data-id=\"89246\" src=\"https:\/\/centcols.org\/wp-content\/uploads\/2008\/04\/al-10.jpg\" alt=\"\" class=\"wp-image-89246\" srcset=\"https:\/\/centcols.org\/wp-content\/uploads\/2008\/04\/al-10.jpg 640w, https:\/\/centcols.org\/wp-content\/uploads\/2008\/04\/al-10-16x12.jpg 16w\" sizes=\"auto, (max-width: 640px) 100vw, 640px\" \/><\/a><figcaption class=\"wp-element-caption\"><a href=\"https:\/\/centcols.org\/les_rendez-vous\/2008\/areches\/album_photos_2008-04.htm\" target=\"_blank\" rel=\"noreferrer noopener\">Album Alf\u00e9o Lotto<\/a><\/figcaption><\/figure>\n\n\n\n<figure class=\"wp-block-image size-full\"><a href=\"https:\/\/centcols.org\/les_rendez-vous\/2008\/areches\/album_photos_2008-05.htm\" target=\"_blank\" rel=\"noreferrer noopener\"><img loading=\"lazy\" decoding=\"async\" width=\"640\" height=\"480\" data-id=\"89257\" src=\"https:\/\/centcols.org\/wp-content\/uploads\/2008\/04\/GH06.jpg\" alt=\"\" class=\"wp-image-89257\" srcset=\"https:\/\/centcols.org\/wp-content\/uploads\/2008\/04\/GH06.jpg 640w, https:\/\/centcols.org\/wp-content\/uploads\/2008\/04\/GH06-16x12.jpg 16w\" sizes=\"auto, (max-width: 640px) 100vw, 640px\" \/><\/a><figcaption class=\"wp-element-caption\"><a href=\"https:\/\/centcols.org\/les_rendez-vous\/2008\/areches\/album_photos_2008-05.htm\" target=\"_blank\" rel=\"noreferrer noopener\">Album di Guy Harl\u00e9<\/a><\/figcaption><\/figure>\n\n\n\n<figure class=\"wp-block-image size-full\"><a href=\"https:\/\/centcols.org\/les_rendez-vous\/2008\/areches\/album_photos_2008-06.htm\" target=\"_blank\" rel=\"noreferrer noopener\"><img loading=\"lazy\" decoding=\"async\" width=\"640\" height=\"480\" data-id=\"89258\" src=\"https:\/\/centcols.org\/wp-content\/uploads\/2008\/04\/ml-31.jpg\" alt=\"\" class=\"wp-image-89258\" srcset=\"https:\/\/centcols.org\/wp-content\/uploads\/2008\/04\/ml-31.jpg 640w, https:\/\/centcols.org\/wp-content\/uploads\/2008\/04\/ml-31-16x12.jpg 16w\" sizes=\"auto, (max-width: 640px) 100vw, 640px\" \/><\/a><figcaption class=\"wp-element-caption\"><a href=\"https:\/\/centcols.org\/les_rendez-vous\/2008\/areches\/album_photos_2008-06.htm\" target=\"_blank\" rel=\"noreferrer noopener\">Album di Mario Labelle<\/a><\/figcaption><\/figure>\n\n\n\n<figure class=\"wp-block-image size-full\"><a href=\"https:\/\/centcols.org\/les_rendez-vous\/2008\/areches\/album_photos_2008-07.htm\" target=\"_blank\" rel=\"noreferrer noopener\"><img loading=\"lazy\" decoding=\"async\" width=\"640\" height=\"480\" data-id=\"89259\" src=\"https:\/\/centcols.org\/wp-content\/uploads\/2008\/04\/ap-12.jpg\" alt=\"\" class=\"wp-image-89259\" srcset=\"https:\/\/centcols.org\/wp-content\/uploads\/2008\/04\/ap-12.jpg 640w, https:\/\/centcols.org\/wp-content\/uploads\/2008\/04\/ap-12-16x12.jpg 16w\" sizes=\"auto, (max-width: 640px) 100vw, 640px\" \/><\/a><figcaption class=\"wp-element-caption\"><a href=\"https:\/\/centcols.org\/les_rendez-vous\/2008\/areches\/album_photos_2008-07.htm\" target=\"_blank\" rel=\"noreferrer noopener\">Album di Annabelle Poty<\/a><\/figcaption><\/figure>\n\n\n\n<figure class=\"wp-block-image size-full\"><a href=\"https:\/\/centcols.org\/les_rendez-vous\/2008\/areches\/album_photos_2008-08.htm\" target=\"_blank\" rel=\"noreferrer noopener\"><img loading=\"lazy\" decoding=\"async\" width=\"640\" height=\"403\" data-id=\"89260\" src=\"https:\/\/centcols.org\/wp-content\/uploads\/2008\/04\/ng-132.jpg\" alt=\"\" class=\"wp-image-89260\" srcset=\"https:\/\/centcols.org\/wp-content\/uploads\/2008\/04\/ng-132.jpg 640w, https:\/\/centcols.org\/wp-content\/uploads\/2008\/04\/ng-132-18x12.jpg 18w\" sizes=\"auto, (max-width: 640px) 100vw, 640px\" \/><\/a><figcaption class=\"wp-element-caption\"><a href=\"https:\/\/centcols.org\/les_rendez-vous\/2008\/areches\/album_photos_2008-08.htm\" target=\"_blank\" rel=\"noreferrer noopener\">Album di Nadine Giraudeau<\/a><\/figcaption><\/figure>\n\n\n\n<figure class=\"wp-block-image size-full\"><a href=\"https:\/\/centcols.org\/les_rendez-vous\/2008\/areches\/album_photos_2008-09.htm\" target=\"_blank\" rel=\"noreferrer noopener\"><img loading=\"lazy\" decoding=\"async\" width=\"640\" height=\"480\" data-id=\"89262\" src=\"https:\/\/centcols.org\/wp-content\/uploads\/2008\/04\/mb04.jpg\" alt=\"\" class=\"wp-image-89262\" srcset=\"https:\/\/centcols.org\/wp-content\/uploads\/2008\/04\/mb04.jpg 640w, https:\/\/centcols.org\/wp-content\/uploads\/2008\/04\/mb04-16x12.jpg 16w\" sizes=\"auto, (max-width: 640px) 100vw, 640px\" \/><\/a><figcaption class=\"wp-element-caption\"><a href=\"https:\/\/centcols.org\/les_rendez-vous\/2008\/areches\/album_photos_2008-09.htm\" target=\"_blank\" rel=\"noreferrer noopener\">Album di Michel Boni<\/a><\/figcaption><\/figure>\n\n\n\n<figure class=\"wp-block-image size-full\"><a href=\"https:\/\/centcols.org\/les_rendez-vous\/2008\/areches\/album_photos_2008-10.htm\" target=\"_blank\" rel=\"noreferrer noopener\"><img loading=\"lazy\" decoding=\"async\" width=\"640\" height=\"480\" data-id=\"89263\" src=\"https:\/\/centcols.org\/wp-content\/uploads\/2008\/04\/cb-95.jpg\" alt=\"\" class=\"wp-image-89263\" srcset=\"https:\/\/centcols.org\/wp-content\/uploads\/2008\/04\/cb-95.jpg 640w, https:\/\/centcols.org\/wp-content\/uploads\/2008\/04\/cb-95-16x12.jpg 16w\" sizes=\"auto, (max-width: 640px) 100vw, 640px\" \/><\/a><figcaption class=\"wp-element-caption\"><a href=\"https:\/\/centcols.org\/les_rendez-vous\/2008\/areches\/album_photos_2008-10.htm\">A<\/a><a href=\"https:\/\/centcols.org\/les_rendez-vous\/2008\/areches\/album_photos_2008-10.htm\" target=\"_blank\" rel=\"noreferrer noopener\">lbum di Catherine B\u00e9nistr<\/a><a href=\"https:\/\/centcols.org\/les_rendez-vous\/2008\/areches\/album_photos_2008-10.htm\">e<\/a><\/figcaption><\/figure>\n\n\n\n<figure class=\"wp-block-image size-full\"><a href=\"https:\/\/centcols.org\/les_rendez-vous\/2008\/areches\/album_photos_2008-11.htm\" target=\"_blank\" rel=\"noreferrer noopener\"><img loading=\"lazy\" decoding=\"async\" width=\"640\" height=\"480\" data-id=\"89265\" src=\"https:\/\/centcols.org\/wp-content\/uploads\/2008\/04\/pm-071.jpg\" alt=\"\" class=\"wp-image-89265\" srcset=\"https:\/\/centcols.org\/wp-content\/uploads\/2008\/04\/pm-071.jpg 640w, https:\/\/centcols.org\/wp-content\/uploads\/2008\/04\/pm-071-16x12.jpg 16w\" sizes=\"auto, (max-width: 640px) 100vw, 640px\" \/><\/a><figcaption class=\"wp-element-caption\"><a href=\"https:\/\/centcols.org\/les_rendez-vous\/2008\/areches\/album_photos_2008-11.htm\">Album di Bernard Besson, Pierre Mai e Michel <\/a><a href=\"https:\/\/centcols.org\/les_rendez-vous\/2008\/areches\/album_photos_2008-11.htm\" target=\"_blank\" rel=\"noreferrer noopener\">B<\/a><a href=\"https:\/\/centcols.org\/les_rendez-vous\/2008\/areches\/album_photos_2008-11.htm\">oni<\/a><\/figcaption><\/figure>\n\n\n\n<figure class=\"wp-block-image size-full\"><a href=\"https:\/\/centcols.org\/les_rendez-vous\/2008\/areches\/album_photos_2008-12.htm\" target=\"_blank\" rel=\"noreferrer noopener\"><img loading=\"lazy\" decoding=\"async\" width=\"640\" height=\"480\" data-id=\"89266\" src=\"https:\/\/centcols.org\/wp-content\/uploads\/2008\/04\/gc-008.jpg\" alt=\"\" class=\"wp-image-89266\" srcset=\"https:\/\/centcols.org\/wp-content\/uploads\/2008\/04\/gc-008.jpg 640w, https:\/\/centcols.org\/wp-content\/uploads\/2008\/04\/gc-008-16x12.jpg 16w\" sizes=\"auto, (max-width: 640px) 100vw, 640px\" \/><\/a><figcaption class=\"wp-element-caption\"><a href=\"https:\/\/centcols.org\/les_rendez-vous\/2008\/areches\/album_photos_2008-12.htm\" target=\"_blank\" rel=\"noreferrer noopener\">Album di Gilles Cauv\u00e9<\/a><\/figcaption><\/figure>\n\n\n\n<figure class=\"wp-block-image size-full\"><a href=\"https:\/\/centcols.org\/les_rendez-vous\/2008\/areches\/album_photos_2008-13.htm\" target=\"_blank\" rel=\"noreferrer noopener\"><img loading=\"lazy\" decoding=\"async\" width=\"640\" height=\"360\" data-id=\"89268\" src=\"https:\/\/centcols.org\/wp-content\/uploads\/2008\/04\/gt-29.jpg\" alt=\"\" class=\"wp-image-89268\" srcset=\"https:\/\/centcols.org\/wp-content\/uploads\/2008\/04\/gt-29.jpg 640w, https:\/\/centcols.org\/wp-content\/uploads\/2008\/04\/gt-29-18x10.jpg 18w\" sizes=\"auto, (max-width: 640px) 100vw, 640px\" \/><\/a><figcaption class=\"wp-element-caption\"><a href=\"https:\/\/centcols.org\/les_rendez-vous\/2008\/areches\/album_photos_2008-13.htm\" target=\"_blank\" rel=\"noreferrer noopener\">Album di Gustave Toch<\/a><\/figcaption><\/figure>\n\n\n\n<figure class=\"wp-block-image size-full\"><a href=\"https:\/\/centcols.org\/les_rendez-vous\/2008\/areches\/album_photos_2008-14.htm\" target=\"_blank\" rel=\"noreferrer noopener\"><img loading=\"lazy\" decoding=\"async\" width=\"640\" height=\"480\" data-id=\"89269\" src=\"https:\/\/centcols.org\/wp-content\/uploads\/2008\/04\/jcd-11.jpg\" alt=\"\" class=\"wp-image-89269\" srcset=\"https:\/\/centcols.org\/wp-content\/uploads\/2008\/04\/jcd-11.jpg 640w, https:\/\/centcols.org\/wp-content\/uploads\/2008\/04\/jcd-11-16x12.jpg 16w\" sizes=\"auto, (max-width: 640px) 100vw, 640px\" \/><\/a><figcaption class=\"wp-element-caption\"><a href=\"https:\/\/centcols.org\/les_rendez-vous\/2008\/areches\/album_photos_2008-14.htm\" target=\"_blank\" rel=\"noreferrer noopener\">Album di Jean-Claude Durand<\/a><\/figcaption><\/figure>\n\n\n\n<figure class=\"wp-block-image size-full\"><a href=\"https:\/\/centcols.org\/les_rendez-vous\/2008\/areches\/album_photos_2008-15.htm\" target=\"_blank\" rel=\"noreferrer noopener\"><img loading=\"lazy\" decoding=\"async\" width=\"640\" height=\"480\" data-id=\"89270\" src=\"https:\/\/centcols.org\/wp-content\/uploads\/2008\/04\/tcf-15-132.jpg\" alt=\"\" class=\"wp-image-89270\" srcset=\"https:\/\/centcols.org\/wp-content\/uploads\/2008\/04\/tcf-15-132.jpg 640w, https:\/\/centcols.org\/wp-content\/uploads\/2008\/04\/tcf-15-132-16x12.jpg 16w\" sizes=\"auto, (max-width: 640px) 100vw, 640px\" \/><\/a><figcaption class=\"wp-element-caption\"><a href=\"https:\/\/centcols.org\/les_rendez-vous\/2008\/areches\/album_photos_2008-15.htm\" target=\"_blank\" rel=\"noreferrer noopener\">Album di Claude Mabillot<\/a><\/figcaption><\/figure>\n\n\n\n<figure class=\"wp-block-image size-full\"><a href=\"https:\/\/centcols.org\/les_rendez-vous\/2008\/areches\/album_photos_2008-16.htm\" target=\"_blank\" rel=\"noreferrer noopener\"><img loading=\"lazy\" decoding=\"async\" width=\"640\" height=\"480\" data-id=\"89271\" src=\"https:\/\/centcols.org\/wp-content\/uploads\/2008\/04\/hc-822.jpg\" alt=\"\" class=\"wp-image-89271\" srcset=\"https:\/\/centcols.org\/wp-content\/uploads\/2008\/04\/hc-822.jpg 640w, https:\/\/centcols.org\/wp-content\/uploads\/2008\/04\/hc-822-16x12.jpg 16w\" sizes=\"auto, (max-width: 640px) 100vw, 640px\" \/><\/a><figcaption class=\"wp-element-caption\"><a href=\"https:\/\/centcols.org\/les_rendez-vous\/2008\/areches\/album_photos_2008-16.htm\" target=\"_blank\" rel=\"noreferrer noopener\">Album di Hubert Court<\/a><\/figcaption><\/figure>\n\n\n\n<figure class=\"wp-block-image size-full\"><a href=\"https:\/\/centcols.org\/les_rendez-vous\/2008\/areches\/album_photos_2008-17.htm\" target=\"_blank\" rel=\"noreferrer noopener\"><img loading=\"lazy\" decoding=\"async\" width=\"640\" height=\"480\" data-id=\"89274\" src=\"https:\/\/centcols.org\/wp-content\/uploads\/2008\/04\/guyc-05.jpg\" alt=\"\" class=\"wp-image-89274\" srcset=\"https:\/\/centcols.org\/wp-content\/uploads\/2008\/04\/guyc-05.jpg 640w, https:\/\/centcols.org\/wp-content\/uploads\/2008\/04\/guyc-05-16x12.jpg 16w\" sizes=\"auto, (max-width: 640px) 100vw, 640px\" \/><\/a><figcaption class=\"wp-element-caption\"><a href=\"https:\/\/centcols.org\/les_rendez-vous\/2008\/areches\/album_photos_2008-17.htm\" target=\"_blank\" rel=\"noreferrer noopener\">Album di Guy Cabessed\u00e8s<\/a><\/figcaption><\/figure>\n\n\n\n<figure class=\"wp-block-image size-full\"><a href=\"https:\/\/centcols.org\/les_rendez-vous\/2008\/areches\/album_photos_2008-18.htm\" target=\"_blank\" rel=\"noreferrer noopener\"><img loading=\"lazy\" decoding=\"async\" width=\"640\" height=\"480\" data-id=\"89275\" src=\"https:\/\/centcols.org\/wp-content\/uploads\/2008\/04\/gi-926.jpg\" alt=\"\" class=\"wp-image-89275\" srcset=\"https:\/\/centcols.org\/wp-content\/uploads\/2008\/04\/gi-926.jpg 640w, https:\/\/centcols.org\/wp-content\/uploads\/2008\/04\/gi-926-16x12.jpg 16w\" sizes=\"auto, (max-width: 640px) 100vw, 640px\" \/><\/a><figcaption class=\"wp-element-caption\"><a href=\"https:\/\/centcols.org\/les_rendez-vous\/2008\/areches\/album_photos_2008-18.htm\" target=\"_blank\" rel=\"noreferrer noopener\">Album di Gilbert Inizan<\/a><\/figcaption><\/figure>\n\n\n\n<figure class=\"wp-block-image size-full\"><a href=\"https:\/\/centcols.org\/les_rendez-vous\/2008\/areches\/album_photos_2008-19.htm\" target=\"_blank\" rel=\"noreferrer noopener\"><img loading=\"lazy\" decoding=\"async\" width=\"640\" height=\"409\" data-id=\"89276\" src=\"https:\/\/centcols.org\/wp-content\/uploads\/2008\/04\/fc-04.jpg\" alt=\"\" class=\"wp-image-89276\" srcset=\"https:\/\/centcols.org\/wp-content\/uploads\/2008\/04\/fc-04.jpg 640w, https:\/\/centcols.org\/wp-content\/uploads\/2008\/04\/fc-04-18x12.jpg 18w\" sizes=\"auto, (max-width: 640px) 100vw, 640px\" \/><\/a><figcaption class=\"wp-element-caption\"><a href=\"https:\/\/centcols.org\/les_rendez-vous\/2008\/areches\/album_photos_2008-19.htm\" target=\"_blank\" rel=\"noreferrer noopener\">Album di Fran\u00e7ois Cr<\/a><a href=\"https:\/\/centcols.org\/les_rendez-vous\/2008\/areches\/album_photos_2008-19.htm\">inon<\/a><\/figcaption><\/figure>\n\n\n\n<figure class=\"wp-block-image size-full\"><a href=\"https:\/\/centcols.org\/les_rendez-vous\/2008\/areches\/album_photos_2008-20.htm\" target=\"_blank\" rel=\"noreferrer noopener\"><img loading=\"lazy\" decoding=\"async\" width=\"640\" height=\"480\" data-id=\"89277\" src=\"https:\/\/centcols.org\/wp-content\/uploads\/2008\/04\/EA07.jpg\" alt=\"\" class=\"wp-image-89277\" srcset=\"https:\/\/centcols.org\/wp-content\/uploads\/2008\/04\/EA07.jpg 640w, https:\/\/centcols.org\/wp-content\/uploads\/2008\/04\/EA07-16x12.jpg 16w\" sizes=\"auto, (max-width: 640px) 100vw, 640px\" \/><\/a><figcaption class=\"wp-element-caption\"><a href=\"https:\/\/centcols.org\/les_rendez-vous\/2008\/areches\/album_photos_2008-20.htm\" target=\"_blank\" rel=\"noreferrer noopener\">Album di Enrico Alberini<\/a><\/figcaption><\/figure>\n\n\n\n<figure class=\"wp-block-image size-full\"><a href=\"https:\/\/centcols.org\/les_rendez-vous\/2008\/areches\/album_photos_2008-21.htm\" target=\"_blank\" rel=\"noreferrer noopener\"><img loading=\"lazy\" decoding=\"async\" width=\"556\" height=\"480\" data-id=\"89279\" src=\"https:\/\/centcols.org\/wp-content\/uploads\/2008\/04\/ft-01.jpg\" alt=\"\" class=\"wp-image-89279\" srcset=\"https:\/\/centcols.org\/wp-content\/uploads\/2008\/04\/ft-01.jpg 556w, https:\/\/centcols.org\/wp-content\/uploads\/2008\/04\/ft-01-14x12.jpg 14w\" sizes=\"auto, (max-width: 556px) 100vw, 556px\" \/><\/a><figcaption class=\"wp-element-caption\"><a href=\"https:\/\/centcols.org\/les_rendez-vous\/2008\/areches\/album_photos_2008-21.htm\" target=\"_blank\" rel=\"noreferrer noopener\">Album di Francis Touzeau<\/a><\/figcaption><\/figure>\n\n\n\n<figure class=\"wp-block-image size-full\"><a href=\"https:\/\/centcols.org\/les_rendez-vous\/2008\/areches\/album_photos_2008-22.htm\" target=\"_blank\" rel=\"noreferrer noopener\"><img loading=\"lazy\" decoding=\"async\" width=\"640\" height=\"427\" data-id=\"89280\" src=\"https:\/\/centcols.org\/wp-content\/uploads\/2008\/04\/amm07.jpg\" alt=\"\" class=\"wp-image-89280\" srcset=\"https:\/\/centcols.org\/wp-content\/uploads\/2008\/04\/amm07.jpg 640w, https:\/\/centcols.org\/wp-content\/uploads\/2008\/04\/amm07-18x12.jpg 18w\" sizes=\"auto, (max-width: 640px) 100vw, 640px\" \/><\/a><figcaption class=\"wp-element-caption\"><a href=\"https:\/\/centcols.org\/les_rendez-vous\/2008\/areches\/album_photos_2008-22.htm\" target=\"_blank\" rel=\"noreferrer noopener\">Album di Agn\u00e8s M\u00e9oulet-Morieux<\/a><\/figcaption><\/figure>\n\n\n\n<figure class=\"wp-block-image size-full\"><a href=\"https:\/\/centcols.org\/les_rendez-vous\/2008\/areches\/album_photos_2008-23.htm\" target=\"_blank\" rel=\"noreferrer noopener\"><img loading=\"lazy\" decoding=\"async\" width=\"640\" height=\"480\" data-id=\"89281\" src=\"https:\/\/centcols.org\/wp-content\/uploads\/2008\/04\/dr-10.jpg\" alt=\"\" class=\"wp-image-89281\" srcset=\"https:\/\/centcols.org\/wp-content\/uploads\/2008\/04\/dr-10.jpg 640w, https:\/\/centcols.org\/wp-content\/uploads\/2008\/04\/dr-10-16x12.jpg 16w\" sizes=\"auto, (max-width: 640px) 100vw, 640px\" \/><\/a><figcaption class=\"wp-element-caption\"><a href=\"https:\/\/centcols.org\/les_rendez-vous\/2008\/areches\/album_photos_2008-23.htm\" target=\"_blank\" rel=\"noreferrer noopener\">Album di Didier R\u00e9mon<\/a><a href=\"https:\/\/centcols.org\/les_rendez-vous\/2008\/areches\/album_photos_2008-23.htm\">d<\/a><\/figcaption><\/figure>\n\n\n\n<figure class=\"wp-block-image size-full\"><a href=\"https:\/\/centcols.org\/les_rendez-vous\/2008\/areches\/album_photos_2008-24.htm\" target=\"_blank\" rel=\"noreferrer noopener\"><img loading=\"lazy\" decoding=\"async\" width=\"640\" height=\"480\" data-id=\"89283\" src=\"https:\/\/centcols.org\/wp-content\/uploads\/2008\/04\/phc-290.jpg\" alt=\"\" class=\"wp-image-89283\" srcset=\"https:\/\/centcols.org\/wp-content\/uploads\/2008\/04\/phc-290.jpg 640w, https:\/\/centcols.org\/wp-content\/uploads\/2008\/04\/phc-290-16x12.jpg 16w\" sizes=\"auto, (max-width: 640px) 100vw, 640px\" \/><\/a><figcaption class=\"wp-element-caption\"><a href=\"https:\/\/centcols.org\/les_rendez-vous\/2008\/areches\/album_photos_2008-24.htm\" target=\"_blank\" rel=\"noreferrer noopener\">Album di Philippe Carrez<\/a><\/figcaption><\/figure>\n\n\n\n<figure class=\"wp-block-image size-full\"><img loading=\"lazy\" decoding=\"async\" width=\"853\" height=\"640\" data-id=\"89285\" src=\"https:\/\/centcols.org\/wp-content\/uploads\/2008\/04\/areche10.jpg\" alt=\"\" class=\"wp-image-89285\" srcset=\"https:\/\/centcols.org\/wp-content\/uploads\/2008\/04\/areche10.jpg 853w, https:\/\/centcols.org\/wp-content\/uploads\/2008\/04\/areche10-768x576.jpg 768w, https:\/\/centcols.org\/wp-content\/uploads\/2008\/04\/areche10-16x12.jpg 16w\" sizes=\"auto, (max-width: 853px) 100vw, 853px\" \/><figcaption class=\"wp-element-caption\"><a href=\"https:\/\/centcols.org\/les_rendez-vous\/2008\/areches\/CI_arreches.htm\" target=\"_blank\" rel=\"noreferrer noopener\">Album di Hubert Becker<\/a><\/figcaption><\/figure>\n\n\n\n<figure class=\"wp-block-image size-full\"><a href=\"https:\/\/centcols.org\/les_rendez-vous\/2008\/areches\/album_photos_2008-26.htm\" target=\"_blank\" rel=\"noreferrer noopener\"><img loading=\"lazy\" decoding=\"async\" width=\"640\" height=\"480\" data-id=\"89286\" src=\"https:\/\/centcols.org\/wp-content\/uploads\/2008\/04\/dar-96.jpg\" alt=\"\" class=\"wp-image-89286\" srcset=\"https:\/\/centcols.org\/wp-content\/uploads\/2008\/04\/dar-96.jpg 640w, https:\/\/centcols.org\/wp-content\/uploads\/2008\/04\/dar-96-16x12.jpg 16w\" sizes=\"auto, (max-width: 640px) 100vw, 640px\" \/><\/a><figcaption class=\"wp-element-caption\"><a href=\"https:\/\/centcols.org\/les_rendez-vous\/2008\/areches\/album_photos_2008-26.htm\" target=\"_blank\" rel=\"noreferrer noopener\">Album di Maryse e Daniel Renaud<\/a><\/figcaption><\/figure>\n\n\n\n<figure class=\"wp-block-image size-full\"><a href=\"https:\/\/centcols.org\/les_rendez-vous\/2008\/areches\/album_photos_2008-27.htm\" target=\"_blank\" rel=\"noreferrer noopener\"><img loading=\"lazy\" decoding=\"async\" width=\"700\" height=\"525\" data-id=\"89287\" src=\"https:\/\/centcols.org\/wp-content\/uploads\/2008\/04\/jmc07.jpg\" alt=\"\" class=\"wp-image-89287\" srcset=\"https:\/\/centcols.org\/wp-content\/uploads\/2008\/04\/jmc07.jpg 700w, https:\/\/centcols.org\/wp-content\/uploads\/2008\/04\/jmc07-16x12.jpg 16w\" sizes=\"auto, (max-width: 700px) 100vw, 700px\" \/><\/a><figcaption class=\"wp-element-caption\"><a href=\"https:\/\/centcols.org\/les_rendez-vous\/2008\/areches\/album_photos_2008-27.htm\" target=\"_blank\" rel=\"noreferrer noopener\">Album di Jean-Michel Clausse<\/a><\/figcaption><\/figure>\n<\/figure>","protected":false},"excerpt":{"rendered":"<p>En 2008 la concentration internationale du Club des Cent Cols aura lieu le 16 ao\u00fbt au sommet du Col du Joly (73-1989) au c\u0153ur du massif du Beaufortain en Savoie. Cette concentration ponctuera un s\u00e9jour qui commencera le 12\/08 au soir. C&rsquo;est la commune d&rsquo;Ar\u00eaches-Beaufort et plus particuli\u00e8rement le Centre Azureva qui nous accueilleront. Chaque [&hellip;]<\/p>\n","protected":false},"author":3,"featured_media":81445,"comment_status":"closed","ping_status":"closed","sticky":false,"template":"","format":"standard","meta":{"_acf_changed":false,"footnotes":""},"categories":[367,373,349,135,419,231],"tags":[],"class_list":["post-81444","post","type-post","status-publish","format-standard","has-post-thumbnail","hentry","category-auvergne-rhone-alpes-region-sejours","category-alpes-francaises-du-nord-massif-sejours","category-france-pays-sejours","category-calendrier","category-73-savoie","category-sejours"],"acf":[],"yoast_head":"<!-- This site is optimized with the Yoast SEO plugin v27.2 - https:\/\/yoast.com\/product\/yoast-seo-wordpress\/ -->\n<title>S\u00e9jour estival du Club des Cent Cols \u00e0 Ar\u00eaches (Savoie) du 12 au 16 ao\u00fbt 2008 et concentration internationale du Club des Cent Cols au col du Joly - Club des Cent Cols<\/title>\n<meta name=\"robots\" content=\"index, follow, max-snippet:-1, max-image-preview:large, max-video-preview:-1\" \/>\n<link rel=\"canonical\" href=\"https:\/\/centcols.org\/it\/pausa-estiva-per-il-centocols-club-in-areches-savoie-dal-12-al-16-agosto-2008-e-concentrazione-internazionale-del-centocols-club-al-col-du-joly\/\" \/>\n<meta property=\"og:locale\" content=\"it_IT\" \/>\n<meta property=\"og:type\" content=\"article\" \/>\n<meta property=\"og:title\" content=\"S\u00e9jour estival du Club des Cent Cols \u00e0 Ar\u00eaches (Savoie) du 12 au 16 ao\u00fbt 2008 et concentration internationale du Club des Cent Cols au col du Joly - Club des Cent Cols\" \/>\n<meta property=\"og:description\" content=\"En 2008 la concentration internationale du Club des Cent Cols aura lieu le 16 ao\u00fbt au sommet du Col du Joly (73-1989) au c\u0153ur du massif du Beaufortain en Savoie. Cette concentration ponctuera un s\u00e9jour qui commencera le 12\/08 au soir. C&rsquo;est la commune d&rsquo;Ar\u00eaches-Beaufort et plus particuli\u00e8rement le Centre Azureva qui nous accueilleront. Chaque [&hellip;]\" \/>\n<meta property=\"og:url\" content=\"https:\/\/centcols.org\/it\/pausa-estiva-per-il-centocols-club-in-areches-savoie-dal-12-al-16-agosto-2008-e-concentrazione-internazionale-del-centocols-club-al-col-du-joly\/\" \/>\n<meta property=\"og:site_name\" content=\"Club des Cent Cols\" \/>\n<meta property=\"article:publisher\" content=\"https:\/\/www.facebook.com\/groups\/5261880558\/?locale=fr_FR\" \/>\n<meta property=\"article:published_time\" content=\"2008-04-22T12:16:14+00:00\" \/>\n<meta property=\"article:modified_time\" content=\"2025-09-15T11:30:29+00:00\" \/>\n<meta property=\"og:image\" content=\"https:\/\/centcols.org\/wp-content\/uploads\/2025\/05\/areches-04.jpg\" \/>\n\t<meta property=\"og:image:width\" content=\"270\" \/>\n\t<meta property=\"og:image:height\" content=\"480\" \/>\n\t<meta property=\"og:image:type\" content=\"image\/jpeg\" \/>\n<meta name=\"author\" content=\"Webmestre\" \/>\n<meta name=\"twitter:card\" content=\"summary_large_image\" \/>\n<meta name=\"twitter:label1\" content=\"Scritto da\" \/>\n\t<meta name=\"twitter:data1\" content=\"Webmestre\" \/>\n\t<meta name=\"twitter:label2\" content=\"Tempo di lettura stimato\" \/>\n\t<meta name=\"twitter:data2\" content=\"10 minuti\" \/>\n<script type=\"application\/ld+json\" class=\"yoast-schema-graph\">{\"@context\":\"https:\/\/schema.org\",\"@graph\":[{\"@type\":\"Article\",\"@id\":\"https:\/\/centcols.org\/sejour-estival-du-club-des-cent-cols-a-areches-savoie-du-12-au-16-aout-2008-et-concentration-internationale-du-club-des-cent-cols-au-col-du-joly\/#article\",\"isPartOf\":{\"@id\":\"https:\/\/centcols.org\/sejour-estival-du-club-des-cent-cols-a-areches-savoie-du-12-au-16-aout-2008-et-concentration-internationale-du-club-des-cent-cols-au-col-du-joly\/\"},\"author\":{\"name\":\"Webmestre\",\"@id\":\"https:\/\/centcols.org\/#\/schema\/person\/911b404fb133d8c913dd27cdcf71c8e5\"},\"headline\":\"S\u00e9jour estival du Club des Cent Cols \u00e0 Ar\u00eaches (Savoie) du 12 au 16 ao\u00fbt 2008 et concentration internationale du Club des Cent Cols au col du Joly\",\"datePublished\":\"2008-04-22T12:16:14+00:00\",\"dateModified\":\"2025-09-15T11:30:29+00:00\",\"mainEntityOfPage\":{\"@id\":\"https:\/\/centcols.org\/sejour-estival-du-club-des-cent-cols-a-areches-savoie-du-12-au-16-aout-2008-et-concentration-internationale-du-club-des-cent-cols-au-col-du-joly\/\"},\"wordCount\":336,\"publisher\":{\"@id\":\"https:\/\/centcols.org\/#organization\"},\"image\":{\"@id\":\"https:\/\/centcols.org\/sejour-estival-du-club-des-cent-cols-a-areches-savoie-du-12-au-16-aout-2008-et-concentration-internationale-du-club-des-cent-cols-au-col-du-joly\/#primaryimage\"},\"thumbnailUrl\":\"https:\/\/centcols.org\/wp-content\/uploads\/2025\/05\/areches-04.jpg\",\"articleSection\":[\"Auvergne-Rh\u00f4ne-Alpes\",\"Alpes fran\u00e7aises du Nord\",\"France\",\"Calendrier\",\"73-Savoie\",\"S\u00e9jours du Club des Cent Cols\"],\"inLanguage\":\"it-IT\"},{\"@type\":\"WebPage\",\"@id\":\"https:\/\/centcols.org\/sejour-estival-du-club-des-cent-cols-a-areches-savoie-du-12-au-16-aout-2008-et-concentration-internationale-du-club-des-cent-cols-au-col-du-joly\/\",\"url\":\"https:\/\/centcols.org\/sejour-estival-du-club-des-cent-cols-a-areches-savoie-du-12-au-16-aout-2008-et-concentration-internationale-du-club-des-cent-cols-au-col-du-joly\/\",\"name\":\"S\u00e9jour estival du Club des Cent Cols \u00e0 Ar\u00eaches (Savoie) du 12 au 16 ao\u00fbt 2008 et concentration internationale du Club des Cent Cols au col du Joly - Club des Cent Cols\",\"isPartOf\":{\"@id\":\"https:\/\/centcols.org\/#website\"},\"primaryImageOfPage\":{\"@id\":\"https:\/\/centcols.org\/sejour-estival-du-club-des-cent-cols-a-areches-savoie-du-12-au-16-aout-2008-et-concentration-internationale-du-club-des-cent-cols-au-col-du-joly\/#primaryimage\"},\"image\":{\"@id\":\"https:\/\/centcols.org\/sejour-estival-du-club-des-cent-cols-a-areches-savoie-du-12-au-16-aout-2008-et-concentration-internationale-du-club-des-cent-cols-au-col-du-joly\/#primaryimage\"},\"thumbnailUrl\":\"https:\/\/centcols.org\/wp-content\/uploads\/2025\/05\/areches-04.jpg\",\"datePublished\":\"2008-04-22T12:16:14+00:00\",\"dateModified\":\"2025-09-15T11:30:29+00:00\",\"breadcrumb\":{\"@id\":\"https:\/\/centcols.org\/sejour-estival-du-club-des-cent-cols-a-areches-savoie-du-12-au-16-aout-2008-et-concentration-internationale-du-club-des-cent-cols-au-col-du-joly\/#breadcrumb\"},\"inLanguage\":\"it-IT\",\"potentialAction\":[{\"@type\":\"ReadAction\",\"target\":[\"https:\/\/centcols.org\/sejour-estival-du-club-des-cent-cols-a-areches-savoie-du-12-au-16-aout-2008-et-concentration-internationale-du-club-des-cent-cols-au-col-du-joly\/\"]}]},{\"@type\":\"ImageObject\",\"inLanguage\":\"it-IT\",\"@id\":\"https:\/\/centcols.org\/sejour-estival-du-club-des-cent-cols-a-areches-savoie-du-12-au-16-aout-2008-et-concentration-internationale-du-club-des-cent-cols-au-col-du-joly\/#primaryimage\",\"url\":\"https:\/\/centcols.org\/wp-content\/uploads\/2025\/05\/areches-04.jpg\",\"contentUrl\":\"https:\/\/centcols.org\/wp-content\/uploads\/2025\/05\/areches-04.jpg\",\"width\":270,\"height\":480},{\"@type\":\"BreadcrumbList\",\"@id\":\"https:\/\/centcols.org\/sejour-estival-du-club-des-cent-cols-a-areches-savoie-du-12-au-16-aout-2008-et-concentration-internationale-du-club-des-cent-cols-au-col-du-joly\/#breadcrumb\",\"itemListElement\":[{\"@type\":\"ListItem\",\"position\":1,\"name\":\"Accueil\",\"item\":\"https:\/\/centcols.org\/\"},{\"@type\":\"ListItem\",\"position\":2,\"name\":\"S\u00e9jours du Club des Cent Cols\",\"item\":\"https:\/\/centcols.org\/rubrique\/sejours\/\"},{\"@type\":\"ListItem\",\"position\":3,\"name\":\"Pays\",\"item\":\"https:\/\/centcols.org\/rubrique\/sejours\/pays-sejours\/\"},{\"@type\":\"ListItem\",\"position\":4,\"name\":\"France\",\"item\":\"https:\/\/centcols.org\/rubrique\/sejours\/pays-sejours\/france-pays-sejours\/\"},{\"@type\":\"ListItem\",\"position\":5,\"name\":\"S\u00e9jour estival du Club des Cent Cols \u00e0 Ar\u00eaches (Savoie) du 12 au 16 ao\u00fbt 2008 et concentration internationale du Club des Cent Cols au col du Joly\"}]},{\"@type\":\"WebSite\",\"@id\":\"https:\/\/centcols.org\/#website\",\"url\":\"https:\/\/centcols.org\/\",\"name\":\"Club des Cent Cols\",\"description\":\"\",\"publisher\":{\"@id\":\"https:\/\/centcols.org\/#organization\"},\"potentialAction\":[{\"@type\":\"SearchAction\",\"target\":{\"@type\":\"EntryPoint\",\"urlTemplate\":\"https:\/\/centcols.org\/?s={search_term_string}\"},\"query-input\":{\"@type\":\"PropertyValueSpecification\",\"valueRequired\":true,\"valueName\":\"search_term_string\"}}],\"inLanguage\":\"it-IT\"},{\"@type\":\"Organization\",\"@id\":\"https:\/\/centcols.org\/#organization\",\"name\":\"Club des Cent Cols\",\"url\":\"https:\/\/centcols.org\/\",\"logo\":{\"@type\":\"ImageObject\",\"inLanguage\":\"it-IT\",\"@id\":\"https:\/\/centcols.org\/#\/schema\/logo\/image\/\",\"url\":\"https:\/\/centcols.org\/wp-content\/uploads\/2025\/01\/carte-icone.png\",\"contentUrl\":\"https:\/\/centcols.org\/wp-content\/uploads\/2025\/01\/carte-icone.png\",\"width\":250,\"height\":250,\"caption\":\"Club des Cent Cols\"},\"image\":{\"@id\":\"https:\/\/centcols.org\/#\/schema\/logo\/image\/\"},\"sameAs\":[\"https:\/\/www.facebook.com\/groups\/5261880558\/?locale=fr_FR\"]},{\"@type\":\"Person\",\"@id\":\"https:\/\/centcols.org\/#\/schema\/person\/911b404fb133d8c913dd27cdcf71c8e5\",\"name\":\"Webmestre\",\"image\":{\"@type\":\"ImageObject\",\"inLanguage\":\"it-IT\",\"@id\":\"https:\/\/centcols.org\/wp-content\/litespeed\/avatar\/2d246e4b6b4f773e08515e1ffc53690b.jpg?ver=1777222892\",\"url\":\"https:\/\/centcols.org\/wp-content\/litespeed\/avatar\/2d246e4b6b4f773e08515e1ffc53690b.jpg?ver=1777222892\",\"contentUrl\":\"https:\/\/centcols.org\/wp-content\/litespeed\/avatar\/2d246e4b6b4f773e08515e1ffc53690b.jpg?ver=1777222892\",\"caption\":\"Webmestre\"},\"url\":\"https:\/\/centcols.org\/it\/author\/webmestre\/\"}]}<\/script>\n<!-- \/ Yoast SEO plugin. -->","yoast_head_json":{"title":"Pausa estiva per il Club des Cent Cols ad Ar\u00eaches (Savoia) dal 12 al 16 agosto 2008 e incontro internazionale del Club des Cent Cols al Col du Joly - Club des Cent Cols","robots":{"index":"index","follow":"follow","max-snippet":"max-snippet:-1","max-image-preview":"max-image-preview:large","max-video-preview":"max-video-preview:-1"},"canonical":"https:\/\/centcols.org\/it\/pausa-estiva-per-il-centocols-club-in-areches-savoie-dal-12-al-16-agosto-2008-e-concentrazione-internazionale-del-centocols-club-al-col-du-joly\/","og_locale":"it_IT","og_type":"article","og_title":"S\u00e9jour estival du Club des Cent Cols \u00e0 Ar\u00eaches (Savoie) du 12 au 16 ao\u00fbt 2008 et concentration internationale du Club des Cent Cols au col du Joly - Club des Cent Cols","og_description":"En 2008 la concentration internationale du Club des Cent Cols aura lieu le 16 ao\u00fbt au sommet du Col du Joly (73-1989) au c\u0153ur du massif du Beaufortain en Savoie. Cette concentration ponctuera un s\u00e9jour qui commencera le 12\/08 au soir. C&rsquo;est la commune d&rsquo;Ar\u00eaches-Beaufort et plus particuli\u00e8rement le Centre Azureva qui nous accueilleront. Chaque [&hellip;]","og_url":"https:\/\/centcols.org\/it\/pausa-estiva-per-il-centocols-club-in-areches-savoie-dal-12-al-16-agosto-2008-e-concentrazione-internazionale-del-centocols-club-al-col-du-joly\/","og_site_name":"Club des Cent Cols","article_publisher":"https:\/\/www.facebook.com\/groups\/5261880558\/?locale=fr_FR","article_published_time":"2008-04-22T12:16:14+00:00","article_modified_time":"2025-09-15T11:30:29+00:00","og_image":[{"width":270,"height":480,"url":"https:\/\/centcols.org\/wp-content\/uploads\/2025\/05\/areches-04.jpg","type":"image\/jpeg"}],"author":"Webmestre","twitter_card":"summary_large_image","twitter_misc":{"Scritto da":"Webmestre","Tempo di lettura stimato":"10 minuti"},"schema":{"@context":"https:\/\/schema.org","@graph":[{"@type":"Article","@id":"https:\/\/centcols.org\/sejour-estival-du-club-des-cent-cols-a-areches-savoie-du-12-au-16-aout-2008-et-concentration-internationale-du-club-des-cent-cols-au-col-du-joly\/#article","isPartOf":{"@id":"https:\/\/centcols.org\/sejour-estival-du-club-des-cent-cols-a-areches-savoie-du-12-au-16-aout-2008-et-concentration-internationale-du-club-des-cent-cols-au-col-du-joly\/"},"author":{"name":"Webmestre","@id":"https:\/\/centcols.org\/#\/schema\/person\/911b404fb133d8c913dd27cdcf71c8e5"},"headline":"S\u00e9jour estival du Club des Cent Cols \u00e0 Ar\u00eaches (Savoie) du 12 au 16 ao\u00fbt 2008 et concentration internationale du Club des Cent Cols au col du Joly","datePublished":"2008-04-22T12:16:14+00:00","dateModified":"2025-09-15T11:30:29+00:00","mainEntityOfPage":{"@id":"https:\/\/centcols.org\/sejour-estival-du-club-des-cent-cols-a-areches-savoie-du-12-au-16-aout-2008-et-concentration-internationale-du-club-des-cent-cols-au-col-du-joly\/"},"wordCount":336,"publisher":{"@id":"https:\/\/centcols.org\/#organization"},"image":{"@id":"https:\/\/centcols.org\/sejour-estival-du-club-des-cent-cols-a-areches-savoie-du-12-au-16-aout-2008-et-concentration-internationale-du-club-des-cent-cols-au-col-du-joly\/#primaryimage"},"thumbnailUrl":"https:\/\/centcols.org\/wp-content\/uploads\/2025\/05\/areches-04.jpg","articleSection":["Auvergne-Rh\u00f4ne-Alpes","Alpes fran\u00e7aises du Nord","France","Calendrier","73-Savoie","S\u00e9jours du Club des Cent Cols"],"inLanguage":"it-IT"},{"@type":"WebPage","@id":"https:\/\/centcols.org\/sejour-estival-du-club-des-cent-cols-a-areches-savoie-du-12-au-16-aout-2008-et-concentration-internationale-du-club-des-cent-cols-au-col-du-joly\/","url":"https:\/\/centcols.org\/sejour-estival-du-club-des-cent-cols-a-areches-savoie-du-12-au-16-aout-2008-et-concentration-internationale-du-club-des-cent-cols-au-col-du-joly\/","name":"Pausa estiva per il Club des Cent Cols ad Ar\u00eaches (Savoia) dal 12 al 16 agosto 2008 e incontro internazionale del Club des Cent Cols al Col du Joly - Club des Cent Cols","isPartOf":{"@id":"https:\/\/centcols.org\/#website"},"primaryImageOfPage":{"@id":"https:\/\/centcols.org\/sejour-estival-du-club-des-cent-cols-a-areches-savoie-du-12-au-16-aout-2008-et-concentration-internationale-du-club-des-cent-cols-au-col-du-joly\/#primaryimage"},"image":{"@id":"https:\/\/centcols.org\/sejour-estival-du-club-des-cent-cols-a-areches-savoie-du-12-au-16-aout-2008-et-concentration-internationale-du-club-des-cent-cols-au-col-du-joly\/#primaryimage"},"thumbnailUrl":"https:\/\/centcols.org\/wp-content\/uploads\/2025\/05\/areches-04.jpg","datePublished":"2008-04-22T12:16:14+00:00","dateModified":"2025-09-15T11:30:29+00:00","breadcrumb":{"@id":"https:\/\/centcols.org\/sejour-estival-du-club-des-cent-cols-a-areches-savoie-du-12-au-16-aout-2008-et-concentration-internationale-du-club-des-cent-cols-au-col-du-joly\/#breadcrumb"},"inLanguage":"it-IT","potentialAction":[{"@type":"ReadAction","target":["https:\/\/centcols.org\/sejour-estival-du-club-des-cent-cols-a-areches-savoie-du-12-au-16-aout-2008-et-concentration-internationale-du-club-des-cent-cols-au-col-du-joly\/"]}]},{"@type":"ImageObject","inLanguage":"it-IT","@id":"https:\/\/centcols.org\/sejour-estival-du-club-des-cent-cols-a-areches-savoie-du-12-au-16-aout-2008-et-concentration-internationale-du-club-des-cent-cols-au-col-du-joly\/#primaryimage","url":"https:\/\/centcols.org\/wp-content\/uploads\/2025\/05\/areches-04.jpg","contentUrl":"https:\/\/centcols.org\/wp-content\/uploads\/2025\/05\/areches-04.jpg","width":270,"height":480},{"@type":"BreadcrumbList","@id":"https:\/\/centcols.org\/sejour-estival-du-club-des-cent-cols-a-areches-savoie-du-12-au-16-aout-2008-et-concentration-internationale-du-club-des-cent-cols-au-col-du-joly\/#breadcrumb","itemListElement":[{"@type":"ListItem","position":1,"name":"Accueil","item":"https:\/\/centcols.org\/"},{"@type":"ListItem","position":2,"name":"S\u00e9jours du Club des Cent Cols","item":"https:\/\/centcols.org\/rubrique\/sejours\/"},{"@type":"ListItem","position":3,"name":"Pays","item":"https:\/\/centcols.org\/rubrique\/sejours\/pays-sejours\/"},{"@type":"ListItem","position":4,"name":"France","item":"https:\/\/centcols.org\/rubrique\/sejours\/pays-sejours\/france-pays-sejours\/"},{"@type":"ListItem","position":5,"name":"S\u00e9jour estival du Club des Cent Cols \u00e0 Ar\u00eaches (Savoie) du 12 au 16 ao\u00fbt 2008 et concentration internationale du Club des Cent Cols au col du Joly"}]},{"@type":"WebSite","@id":"https:\/\/centcols.org\/#website","url":"https:\/\/centcols.org\/","name":"Club des Cent Cols","description":"","publisher":{"@id":"https:\/\/centcols.org\/#organization"},"potentialAction":[{"@type":"SearchAction","target":{"@type":"EntryPoint","urlTemplate":"https:\/\/centcols.org\/?s={search_term_string}"},"query-input":{"@type":"PropertyValueSpecification","valueRequired":true,"valueName":"search_term_string"}}],"inLanguage":"it-IT"},{"@type":"Organization","@id":"https:\/\/centcols.org\/#organization","name":"Club des Cent Cols","url":"https:\/\/centcols.org\/","logo":{"@type":"ImageObject","inLanguage":"it-IT","@id":"https:\/\/centcols.org\/#\/schema\/logo\/image\/","url":"https:\/\/centcols.org\/wp-content\/uploads\/2025\/01\/carte-icone.png","contentUrl":"https:\/\/centcols.org\/wp-content\/uploads\/2025\/01\/carte-icone.png","width":250,"height":250,"caption":"Club des Cent Cols"},"image":{"@id":"https:\/\/centcols.org\/#\/schema\/logo\/image\/"},"sameAs":["https:\/\/www.facebook.com\/groups\/5261880558\/?locale=fr_FR"]},{"@type":"Person","@id":"https:\/\/centcols.org\/#\/schema\/person\/911b404fb133d8c913dd27cdcf71c8e5","name":"Webmaster","image":{"@type":"ImageObject","inLanguage":"it-IT","@id":"https:\/\/centcols.org\/wp-content\/litespeed\/avatar\/2d246e4b6b4f773e08515e1ffc53690b.jpg?ver=1777222892","url":"https:\/\/centcols.org\/wp-content\/litespeed\/avatar\/2d246e4b6b4f773e08515e1ffc53690b.jpg?ver=1777222892","contentUrl":"https:\/\/centcols.org\/wp-content\/litespeed\/avatar\/2d246e4b6b4f773e08515e1ffc53690b.jpg?ver=1777222892","caption":"Webmestre"},"url":"https:\/\/centcols.org\/it\/author\/webmestre\/"}]}},"_links":{"self":[{"href":"https:\/\/centcols.org\/it\/wp-json\/wp\/v2\/posts\/81444","targetHints":{"allow":["GET"]}}],"collection":[{"href":"https:\/\/centcols.org\/it\/wp-json\/wp\/v2\/posts"}],"about":[{"href":"https:\/\/centcols.org\/it\/wp-json\/wp\/v2\/types\/post"}],"author":[{"embeddable":true,"href":"https:\/\/centcols.org\/it\/wp-json\/wp\/v2\/users\/3"}],"replies":[{"embeddable":true,"href":"https:\/\/centcols.org\/it\/wp-json\/wp\/v2\/comments?post=81444"}],"version-history":[{"count":0,"href":"https:\/\/centcols.org\/it\/wp-json\/wp\/v2\/posts\/81444\/revisions"}],"wp:featuredmedia":[{"embeddable":true,"href":"https:\/\/centcols.org\/it\/wp-json\/wp\/v2\/media\/81445"}],"wp:attachment":[{"href":"https:\/\/centcols.org\/it\/wp-json\/wp\/v2\/media?parent=81444"}],"wp:term":[{"taxonomy":"category","embeddable":true,"href":"https:\/\/centcols.org\/it\/wp-json\/wp\/v2\/categories?post=81444"},{"taxonomy":"post_tag","embeddable":true,"href":"https:\/\/centcols.org\/it\/wp-json\/wp\/v2\/tags?post=81444"}],"curies":[{"name":"wp","href":"https:\/\/api.w.org\/{rel}","templated":true}]}}