{"id":81476,"date":"2014-01-23T10:16:53","date_gmt":"2014-01-23T08:16:53","guid":{"rendered":"https:\/\/centcols.org\/sejour-de-printemps-a-digne-alpes-de-haute-provence-du-27-avril-au-4-mai-2014\/"},"modified":"2025-09-10T16:45:47","modified_gmt":"2025-09-10T14:45:47","slug":"rimanere-degni-del-2014","status":"publish","type":"post","link":"https:\/\/centcols.org\/it\/sejour-2014-digne\/","title":{"rendered":"Vacanze di primavera a Digne (Alpes-de-Haute-Provence) dal 27 aprile al 4 maggio 2014"},"content":{"rendered":"<h2 class=\"wp-block-heading\">Presentazione<\/h2>\n\n\n\n<p>Il nostro break di primavera per il 2014 sar\u00e0 a Digne dal 27 aprile al 4 maggio, presso la residenza Renouveu Vacances \"Le Richelme\".<br>La regione del Dignois, dove soggiorneremo, ospita alte cime che dominano campi di lavanda, nella pi\u00f9 grande riserva geologica d'Europa. Digne-les-Bains, citt\u00e0 di 19.000 abitanti, si trova a 600 m di altitudine, alla confluenza di tre valli. I villaggi circostanti e, soprattutto, le numerose cappelle che dominano la citt\u00e0 sono il punto di partenza di numerose passeggiate.<br>Nota soprattutto per la qualit\u00e0 delle sue acque termali e dei suoi siti geologici, Digne \u00e8 anche una citt\u00e0 di cultura con, tra l'altro, il museo del filosofo e astronomo Pierre Gassendi e la casa (visitabile) della famosa esploratrice Alexandra David Neel.<\/p>\n\n\n\n<h2 class=\"wp-block-heading\">Alloggio<\/h2>\n\n\n\n<p>Alloggeremo presso il R\u00e9sidence Renouveau Vacances \"Le Richelme\", 04000 Digne. Si trova all'uscita sud-est di Digne, sulla strada del Col de Corobin. Il residence dispone di 79 camere da 1 a 4 letti (per un totale di 144 posti letto), tra cui una camera per persone a mobilit\u00e0 ridotta, distribuite su 4 piani serviti da ascensore. Tutte le camere dispongono di servizi privati (doccia, WC), televisione e telefono. Le lenzuola e gli asciugamani sono forniti e il residence provvede alla pulizia degli ospiti.<\/p>\n\n\n\n<h2 class=\"wp-block-heading\">Dettagli del programma<\/h2>\n\n\n\n<p>Otto circuiti per mountain bike e 6 circuiti su strada vi faranno scoprire i paesaggi molto diversi della regione del Dignois. Dai profumi di timo della Provenza ai contrafforti della valle di Seyne-les-Alpes. A parte una breve escursione (su strada) nelle Hautes-Alpes (05), tutti i passi proposti si trovano nelle Alpes-de-Haute-Provence (04).<br>Dei percorsi su strada, 3 possono essere considerati facili, uno medio e 2 sono lunghi pi\u00f9 di 100 km, con un massimo di 1600 m di dislivello. Met\u00e0 dei percorsi partono dal luogo di soggiorno in bicicletta, l'altra met\u00e0 in auto.<br>Tralasciando i passi facoltativi, 3 percorsi per mountain bike sono facili, mentre gli altri 5 sono un po' pi\u00f9 impegnativi. Tutti sono per lo pi\u00f9 ondulati, con alcuni tratti di single-track e qualche spinta, ma senza portage. Tre dei tour partono dal nostro alloggio, mentre gli altri richiedono brevi spostamenti in auto. Due sono programmati per lo stesso giorno e nella stessa regione, ma con punti di partenza diversi. Un tour non ha una data fissa, quindi sta a voi decidere se e quando farlo.<br>L'elenco di <a href=\"\/it\/membres\/cctours\/tours.php\/?lieu=Digne&amp;an=2014\">tutti i tour<\/a> \u00e8 disponibile, cos\u00ec come elenchi separati per <a href=\"\/it\/membres\/cctours\/tours.php\/?lieu=Digne&amp;an=2014&amp;genre=R\">percorsi stradali<\/a> e&nbsp;<a href=\"\/it\/membres\/cctours\/tours.php\/?lieu=Digne&amp;an=2014&amp;genre=V\">percorsi per mountain bike<\/a>. Da questi elenchi sono disponibili anche mappe interattive, schede dei percorsi e profili altimetrici per ogni percorso, oltre a file di geolocalizzazione. \u00c8 inoltre possibile scaricare l'intero <a href=\"https:\/\/centcols.org\/wp-content\/uploads\/2025\/09\/plaquette_Digne.pdf\">opuscolo<\/a> (2,6 MB).<\/p>\n\n\n\n<h2 class=\"wp-block-heading\">Istruzioni di sicurezza<\/h2>\n\n\n\n<p><strong>Attenzione:<\/strong> L'ordine suggerito ha lo scopo di facilitare l'organizzazione di gruppi informali, ma non \u00e8 in alcun modo obbligatorio.<\/p>\n\n\n\n<p>Il Club des Cent Cols non mette a disposizione dei suoi membri istruttori qualificati, per cui ogni partecipante deve considerarsi in escursione personale, anche se vi consigliamo di raggrupparvi in base alle vostre affinit\u00e0, al vostro ritmo o alle vostre attivit\u00e0 contemplative o sportive... per creare un'atmosfera da club. Tornate a casa abbastanza presto per favorire la vita di gruppo.<\/p>\n\n\n\n<p><strong>Poich\u00e9 questa attivit\u00e0 comporta una serie di rischi, vi chiediamo di osservare le seguenti istruzioni:<\/strong><\/p>\n\n\n\n<ul class=\"wp-block-list\">\n<li>Tenete conto delle vostre condizioni fisiche e delle condizioni meteorologiche prima di intraprendere un'escursione. Sapere come accorciarla o abbandonarla se necessario.<\/li>\n\n\n\n<li>Rispettare il codice della strada, gli altri utenti della strada e l'ambiente e attenersi alle istruzioni dell'organizzatore.<\/li>\n\n\n\n<li>In mountain bike: chiudere le barriere dopo averle attraversate, rispettare i divieti e la direzione suggerita dal progettista del percorso per evitare collisioni. Un percorso in mountain bike contro il flusso del traffico pu\u00f2 diventare molto pi\u00f9 difficile.<\/li>\n<\/ul>\n\n\n\n<h2 class=\"wp-block-heading\">Per i compagni non pedalanti<\/h2>\n\n\n\n<p>Per gli accompagnatori che non camminano \u00e8 previsto un programma di attivit\u00e0, che comprende una serie di brevi passeggiate. Si prega di portare scarpe da trekking.<\/p>\n\n\n\n<h2 class=\"wp-block-heading\">Album di foto<\/h2>\n\n\n\n<figure class=\"wp-block-gallery has-nested-images columns-4 is-cropped wp-block-gallery-1 is-layout-flex wp-block-gallery-is-layout-flex\">\n<figure class=\"wp-block-image size-full\"><a href=\"https:\/\/centcols.org\/it\/util\/visuAlbum.php\/?album=1420-009\" target=\"_blank\" rel=\"noreferrer noopener\"><img loading=\"lazy\" decoding=\"async\" width=\"1024\" height=\"768\" data-id=\"89561\" src=\"https:\/\/centcols.org\/wp-content\/uploads\/2014\/01\/L0021.jpg\" alt=\"\" class=\"wp-image-89561\" srcset=\"https:\/\/centcols.org\/wp-content\/uploads\/2014\/01\/L0021.jpg 1024w, https:\/\/centcols.org\/wp-content\/uploads\/2014\/01\/L0021-768x576.jpg 768w, https:\/\/centcols.org\/wp-content\/uploads\/2014\/01\/L0021-16x12.jpg 16w\" sizes=\"auto, (max-width: 1024px) 100vw, 1024px\" \/><\/a><figcaption class=\"wp-element-caption\">Album di Guy Cambess\u00e8d\u00e8s<\/figcaption><\/figure>\n\n\n\n<figure class=\"wp-block-image size-full\"><a href=\"https:\/\/centcols.org\/it\/util\/visuAlbum.php\/?album=5173-006\" target=\"_blank\" rel=\"noreferrer noopener\"><img loading=\"lazy\" decoding=\"async\" width=\"800\" height=\"600\" data-id=\"89563\" src=\"https:\/\/centcols.org\/wp-content\/uploads\/2014\/01\/digne-singla.jpg\" alt=\"\" class=\"wp-image-89563\" srcset=\"https:\/\/centcols.org\/wp-content\/uploads\/2014\/01\/digne-singla.jpg 800w, https:\/\/centcols.org\/wp-content\/uploads\/2014\/01\/digne-singla-768x576.jpg 768w, https:\/\/centcols.org\/wp-content\/uploads\/2014\/01\/digne-singla-16x12.jpg 16w\" sizes=\"auto, (max-width: 800px) 100vw, 800px\" \/><\/a><figcaption class=\"wp-element-caption\">Album di Fr\u00e9d\u00e9ric Singla<\/figcaption><\/figure>\n\n\n\n<figure class=\"wp-block-image size-full\"><a href=\"https:\/\/centcols.org\/it\/util\/visuAlbum.php\/?album=6862-005\" target=\"_blank\" rel=\"noreferrer noopener\"><img loading=\"lazy\" decoding=\"async\" width=\"800\" height=\"600\" data-id=\"89564\" src=\"https:\/\/centcols.org\/wp-content\/uploads\/2014\/01\/digne-marquet.jpg\" alt=\"\" class=\"wp-image-89564\" srcset=\"https:\/\/centcols.org\/wp-content\/uploads\/2014\/01\/digne-marquet.jpg 800w, https:\/\/centcols.org\/wp-content\/uploads\/2014\/01\/digne-marquet-768x576.jpg 768w, https:\/\/centcols.org\/wp-content\/uploads\/2014\/01\/digne-marquet-16x12.jpg 16w\" sizes=\"auto, (max-width: 800px) 100vw, 800px\" \/><\/a><figcaption class=\"wp-element-caption\">Album di Philippe Marquet<\/figcaption><\/figure>\n\n\n\n<figure class=\"wp-block-image size-full\"><a href=\"https:\/\/centcols.org\/it\/util\/visuAlbum.php\/?album=5065-006\" target=\"_blank\" rel=\"noreferrer noopener\"><img loading=\"lazy\" decoding=\"async\" width=\"800\" height=\"600\" data-id=\"89565\" src=\"https:\/\/centcols.org\/wp-content\/uploads\/2014\/01\/igne-alberini.jpg\" alt=\"\" class=\"wp-image-89565\" srcset=\"https:\/\/centcols.org\/wp-content\/uploads\/2014\/01\/igne-alberini.jpg 800w, https:\/\/centcols.org\/wp-content\/uploads\/2014\/01\/igne-alberini-768x576.jpg 768w, https:\/\/centcols.org\/wp-content\/uploads\/2014\/01\/igne-alberini-16x12.jpg 16w\" sizes=\"auto, (max-width: 800px) 100vw, 800px\" \/><\/a><figcaption class=\"wp-element-caption\">Album di Enrico Alberini<\/figcaption><\/figure>\n\n\n\n<figure class=\"wp-block-image size-full\"><a href=\"https:\/\/centcols.org\/it\/util\/visuAlbum.php\/?album=6820-001\" target=\"_blank\" rel=\"noreferrer noopener\"><img loading=\"lazy\" decoding=\"async\" width=\"200\" height=\"150\" data-id=\"89567\" src=\"https:\/\/centcols.org\/wp-content\/uploads\/2014\/01\/S047.jpg\" alt=\"\" class=\"wp-image-89567\" srcset=\"https:\/\/centcols.org\/wp-content\/uploads\/2014\/01\/S047.jpg 200w, https:\/\/centcols.org\/wp-content\/uploads\/2014\/01\/S047-16x12.jpg 16w\" sizes=\"auto, (max-width: 200px) 100vw, 200px\" \/><\/a><figcaption class=\"wp-element-caption\">Album di Denis Mathieu<\/figcaption><\/figure>\n\n\n\n<figure class=\"wp-block-image size-full\"><a href=\"https:\/\/centcols.org\/it\/util\/visuAlbum.php\/?album=3872-003\" target=\"_blank\" rel=\"noreferrer noopener\"><img loading=\"lazy\" decoding=\"async\" width=\"800\" height=\"600\" data-id=\"89569\" src=\"https:\/\/centcols.org\/wp-content\/uploads\/2014\/01\/Digne-Giraudeau.jpg\" alt=\"\" class=\"wp-image-89569\" srcset=\"https:\/\/centcols.org\/wp-content\/uploads\/2014\/01\/Digne-Giraudeau.jpg 800w, https:\/\/centcols.org\/wp-content\/uploads\/2014\/01\/Digne-Giraudeau-768x576.jpg 768w, https:\/\/centcols.org\/wp-content\/uploads\/2014\/01\/Digne-Giraudeau-16x12.jpg 16w\" sizes=\"auto, (max-width: 800px) 100vw, 800px\" \/><\/a><figcaption class=\"wp-element-caption\">Bernard Giraudeau album<\/figcaption><\/figure>\n\n\n\n<figure class=\"wp-block-image size-full\"><a href=\"https:\/\/centcols.org\/it\/util\/visuAlbum.php\/?album=5756-003\" target=\"_blank\" rel=\"noreferrer noopener\"><img loading=\"lazy\" decoding=\"async\" width=\"800\" height=\"600\" data-id=\"89571\" src=\"https:\/\/centcols.org\/wp-content\/uploads\/2014\/01\/Digne-Cowhan.jpg\" alt=\"\" class=\"wp-image-89571\" srcset=\"https:\/\/centcols.org\/wp-content\/uploads\/2014\/01\/Digne-Cowhan.jpg 800w, https:\/\/centcols.org\/wp-content\/uploads\/2014\/01\/Digne-Cowhan-768x576.jpg 768w, https:\/\/centcols.org\/wp-content\/uploads\/2014\/01\/Digne-Cowhan-16x12.jpg 16w\" sizes=\"auto, (max-width: 800px) 100vw, 800px\" \/><\/a><figcaption class=\"wp-element-caption\">Album di Gerald Cowhan<\/figcaption><\/figure>\n\n\n\n<figure class=\"wp-block-image size-full\"><a href=\"https:\/\/centcols.org\/it\/util\/visuAlbum.php\/?album=2880-008\" target=\"_blank\" rel=\"noreferrer noopener\"><img loading=\"lazy\" decoding=\"async\" width=\"800\" height=\"800\" data-id=\"89572\" src=\"https:\/\/centcols.org\/wp-content\/uploads\/2014\/01\/Digne-Garcin.jpg\" alt=\"\" class=\"wp-image-89572\" srcset=\"https:\/\/centcols.org\/wp-content\/uploads\/2014\/01\/Digne-Garcin.jpg 800w, https:\/\/centcols.org\/wp-content\/uploads\/2014\/01\/Digne-Garcin-150x150.jpg 150w, https:\/\/centcols.org\/wp-content\/uploads\/2014\/01\/Digne-Garcin-768x768.jpg 768w, https:\/\/centcols.org\/wp-content\/uploads\/2014\/01\/Digne-Garcin-12x12.jpg 12w\" sizes=\"auto, (max-width: 800px) 100vw, 800px\" \/><\/a><figcaption class=\"wp-element-caption\">Album di Guy Garcin<\/figcaption><\/figure>\n\n\n\n<figure class=\"wp-block-image size-full\"><a href=\"https:\/\/centcols.org\/it\/util\/visuAlbum.php\/?album=6028-012\" target=\"_blank\" rel=\"noreferrer noopener\"><img loading=\"lazy\" decoding=\"async\" width=\"800\" height=\"450\" data-id=\"89574\" src=\"https:\/\/centcols.org\/wp-content\/uploads\/2014\/01\/digne-jpl.jpg\" alt=\"\" class=\"wp-image-89574\" srcset=\"https:\/\/centcols.org\/wp-content\/uploads\/2014\/01\/digne-jpl.jpg 800w, https:\/\/centcols.org\/wp-content\/uploads\/2014\/01\/digne-jpl-768x432.jpg 768w, https:\/\/centcols.org\/wp-content\/uploads\/2014\/01\/digne-jpl-18x10.jpg 18w\" sizes=\"auto, (max-width: 800px) 100vw, 800px\" \/><\/a><figcaption class=\"wp-element-caption\"><a href=\"https:\/\/centcols.org\/it\/util\/visuAlbum.php\/?album=6028-012\" target=\"_blank\" rel=\"noreferrer noopener\">Album di Jean-Pierre Lambert<\/a><\/figcaption><\/figure>\n\n\n\n<figure class=\"wp-block-image size-full\"><a href=\"https:\/\/centcols.org\/it\/util\/visuAlbum.php\/?album=5684-001\" target=\"_blank\" rel=\"noreferrer noopener\"><img loading=\"lazy\" decoding=\"async\" width=\"800\" height=\"599\" data-id=\"89575\" src=\"https:\/\/centcols.org\/wp-content\/uploads\/2014\/01\/Dine-Millet.jpg\" alt=\"\" class=\"wp-image-89575\" srcset=\"https:\/\/centcols.org\/wp-content\/uploads\/2014\/01\/Dine-Millet.jpg 800w, https:\/\/centcols.org\/wp-content\/uploads\/2014\/01\/Dine-Millet-768x575.jpg 768w, https:\/\/centcols.org\/wp-content\/uploads\/2014\/01\/Dine-Millet-16x12.jpg 16w\" sizes=\"auto, (max-width: 800px) 100vw, 800px\" \/><\/a><figcaption class=\"wp-element-caption\">Album di Nicole Millet<\/figcaption><\/figure>\n\n\n\n<figure class=\"wp-block-image size-full\"><a href=\"https:\/\/centcols.org\/it\/util\/visuAlbum.php\/?album=4373-001\" target=\"_blank\" rel=\"noreferrer noopener\"><img loading=\"lazy\" decoding=\"async\" width=\"800\" height=\"600\" data-id=\"89577\" src=\"https:\/\/centcols.org\/wp-content\/uploads\/2014\/01\/Digne-Racois.jpg\" alt=\"\" class=\"wp-image-89577\" srcset=\"https:\/\/centcols.org\/wp-content\/uploads\/2014\/01\/Digne-Racois.jpg 800w, https:\/\/centcols.org\/wp-content\/uploads\/2014\/01\/Digne-Racois-768x576.jpg 768w, https:\/\/centcols.org\/wp-content\/uploads\/2014\/01\/Digne-Racois-16x12.jpg 16w\" sizes=\"auto, (max-width: 800px) 100vw, 800px\" \/><\/a><figcaption class=\"wp-element-caption\">Album di Michel Racois<\/figcaption><\/figure>\n\n\n\n<figure class=\"wp-block-image size-full\"><a href=\"https:\/\/centcols.org\/it\/util\/visuAlbum.php\/?album=3310-001\" target=\"_blank\" rel=\"noreferrer noopener\"><img loading=\"lazy\" decoding=\"async\" width=\"800\" height=\"600\" data-id=\"89579\" src=\"https:\/\/centcols.org\/wp-content\/uploads\/2014\/01\/Digne-Braquemeont.jpg\" alt=\"\" class=\"wp-image-89579\" srcset=\"https:\/\/centcols.org\/wp-content\/uploads\/2014\/01\/Digne-Braquemeont.jpg 800w, https:\/\/centcols.org\/wp-content\/uploads\/2014\/01\/Digne-Braquemeont-768x576.jpg 768w, https:\/\/centcols.org\/wp-content\/uploads\/2014\/01\/Digne-Braquemeont-16x12.jpg 16w\" sizes=\"auto, (max-width: 800px) 100vw, 800px\" \/><\/a><figcaption class=\"wp-element-caption\">Album di Bernard Bracquemont<\/figcaption><\/figure>\n\n\n\n<figure class=\"wp-block-image size-full\"><a href=\"https:\/\/centcols.org\/it\/util\/visuAlbum.php\/?album=5497-003\" target=\"_blank\" rel=\"noreferrer noopener\"><img loading=\"lazy\" decoding=\"async\" width=\"800\" height=\"600\" data-id=\"89581\" src=\"https:\/\/centcols.org\/wp-content\/uploads\/2014\/01\/Digne-Ruffie.jpg\" alt=\"\" class=\"wp-image-89581\" srcset=\"https:\/\/centcols.org\/wp-content\/uploads\/2014\/01\/Digne-Ruffie.jpg 800w, https:\/\/centcols.org\/wp-content\/uploads\/2014\/01\/Digne-Ruffie-768x576.jpg 768w, https:\/\/centcols.org\/wp-content\/uploads\/2014\/01\/Digne-Ruffie-16x12.jpg 16w\" sizes=\"auto, (max-width: 800px) 100vw, 800px\" \/><\/a><figcaption class=\"wp-element-caption\">Album di Guy Ruffi\u00e9<\/figcaption><\/figure>\n\n\n\n<figure class=\"wp-block-image size-full\"><a href=\"https:\/\/centcols.org\/it\/util\/visuAlbum.php\/?album=6785-004\" target=\"_blank\" rel=\"noreferrer noopener\"><img loading=\"lazy\" decoding=\"async\" width=\"800\" height=\"639\" data-id=\"89582\" src=\"https:\/\/centcols.org\/wp-content\/uploads\/2014\/01\/Digne-Tissot.jpg\" alt=\"\" class=\"wp-image-89582\" srcset=\"https:\/\/centcols.org\/wp-content\/uploads\/2014\/01\/Digne-Tissot.jpg 800w, https:\/\/centcols.org\/wp-content\/uploads\/2014\/01\/Digne-Tissot-768x613.jpg 768w, https:\/\/centcols.org\/wp-content\/uploads\/2014\/01\/Digne-Tissot-15x12.jpg 15w\" sizes=\"auto, (max-width: 800px) 100vw, 800px\" \/><\/a><figcaption class=\"wp-element-caption\">Album di Max Tissot<\/figcaption><\/figure>\n\n\n\n<figure class=\"wp-block-image size-full\"><a href=\"https:\/\/centcols.org\/it\/util\/visuAlbum.php\/?album=6796-006\" target=\"_blank\" rel=\"noreferrer noopener\"><img loading=\"lazy\" decoding=\"async\" width=\"800\" height=\"598\" data-id=\"89584\" src=\"https:\/\/centcols.org\/wp-content\/uploads\/2014\/01\/Digne-Andurand.jpg\" alt=\"\" class=\"wp-image-89584\" srcset=\"https:\/\/centcols.org\/wp-content\/uploads\/2014\/01\/Digne-Andurand.jpg 800w, https:\/\/centcols.org\/wp-content\/uploads\/2014\/01\/Digne-Andurand-768x574.jpg 768w, https:\/\/centcols.org\/wp-content\/uploads\/2014\/01\/Digne-Andurand-16x12.jpg 16w\" sizes=\"auto, (max-width: 800px) 100vw, 800px\" \/><\/a><figcaption class=\"wp-element-caption\">Album di Michel Andurand<\/figcaption><\/figure>\n<\/figure>","protected":false},"excerpt":{"rendered":"<p>Pr\u00e9sentation C&rsquo;est \u00e0 Digne que nous organisons notre s\u00e9jour de printemps 2014 du 27 avril au 4 mai, \u00e0 la r\u00e9sidence \u00abLe Richelme\u00bb de Renouveu Vacances.Le pays dignois, o\u00f9 nous allons \u00eatre h\u00e9berg\u00e9s, abrite de hauts sommets dominant des champs de lavande, dans la plus grande r\u00e9serve g\u00e9ologique d&rsquo;Europe. Digne-les-Bains, ville de 19 000 habitants, [&hellip;]<\/p>\n","protected":false},"author":3,"featured_media":81477,"comment_status":"closed","ping_status":"closed","sticky":false,"template":"","format":"standard","meta":{"_acf_changed":false,"footnotes":""},"categories":[349,381,353,355,135,231],"tags":[],"class_list":["post-81476","post","type-post","status-publish","format-standard","has-post-thumbnail","hentry","category-france-pays-sejours","category-04-alpes-de-haute-provence","category-alpes-francaises-du-sud-massif-sejours","category-provence-alpes-cote-dazur-region-sejours","category-calendrier","category-sejours"],"acf":[],"yoast_head":"<!-- This site is optimized with the Yoast SEO plugin v27.2 - https:\/\/yoast.com\/product\/yoast-seo-wordpress\/ -->\n<title>S\u00e9jour de printemps \u00e0 Digne (Alpes-de-Haute-Provence) du 27 avril au 4 mai 2014 - Club des Cent Cols<\/title>\n<meta name=\"robots\" content=\"index, follow, max-snippet:-1, max-image-preview:large, max-video-preview:-1\" \/>\n<link rel=\"canonical\" href=\"https:\/\/centcols.org\/it\/rimanere-degni-del-2014\/\" \/>\n<meta property=\"og:locale\" content=\"it_IT\" \/>\n<meta property=\"og:type\" content=\"article\" \/>\n<meta property=\"og:title\" content=\"S\u00e9jour de printemps \u00e0 Digne (Alpes-de-Haute-Provence) du 27 avril au 4 mai 2014 - Club des Cent Cols\" \/>\n<meta property=\"og:description\" content=\"Pr\u00e9sentation C&rsquo;est \u00e0 Digne que nous organisons notre s\u00e9jour de printemps 2014 du 27 avril au 4 mai, \u00e0 la r\u00e9sidence \u00abLe Richelme\u00bb de Renouveu Vacances.Le pays dignois, o\u00f9 nous allons \u00eatre h\u00e9berg\u00e9s, abrite de hauts sommets dominant des champs de lavande, dans la plus grande r\u00e9serve g\u00e9ologique d&rsquo;Europe. Digne-les-Bains, ville de 19 000 habitants, [&hellip;]\" \/>\n<meta property=\"og:url\" content=\"https:\/\/centcols.org\/it\/rimanere-degni-del-2014\/\" \/>\n<meta property=\"og:site_name\" content=\"Club des Cent Cols\" \/>\n<meta property=\"article:publisher\" content=\"https:\/\/www.facebook.com\/groups\/5261880558\/?locale=fr_FR\" \/>\n<meta property=\"article:published_time\" content=\"2014-01-23T08:16:53+00:00\" \/>\n<meta property=\"article:modified_time\" content=\"2025-09-10T14:45:47+00:00\" \/>\n<meta property=\"og:image\" content=\"https:\/\/centcols.org\/wp-content\/uploads\/2025\/05\/L00831-e1443267820261.jpg\" \/>\n\t<meta property=\"og:image:width\" content=\"800\" \/>\n\t<meta property=\"og:image:height\" content=\"450\" \/>\n\t<meta property=\"og:image:type\" content=\"image\/jpeg\" \/>\n<meta name=\"author\" content=\"Webmestre\" \/>\n<meta name=\"twitter:card\" content=\"summary_large_image\" \/>\n<meta name=\"twitter:label1\" content=\"Scritto da\" \/>\n\t<meta name=\"twitter:data1\" content=\"Webmestre\" \/>\n\t<meta name=\"twitter:label2\" content=\"Tempo di lettura stimato\" \/>\n\t<meta name=\"twitter:data2\" content=\"8 minuti\" \/>\n<script type=\"application\/ld+json\" class=\"yoast-schema-graph\">{\"@context\":\"https:\/\/schema.org\",\"@graph\":[{\"@type\":\"Article\",\"@id\":\"https:\/\/centcols.org\/sejour-2014-digne\/#article\",\"isPartOf\":{\"@id\":\"https:\/\/centcols.org\/sejour-2014-digne\/\"},\"author\":{\"name\":\"Webmestre\",\"@id\":\"https:\/\/centcols.org\/#\/schema\/person\/911b404fb133d8c913dd27cdcf71c8e5\"},\"headline\":\"S\u00e9jour de printemps \u00e0 Digne (Alpes-de-Haute-Provence) du 27 avril au 4 mai 2014\",\"datePublished\":\"2014-01-23T08:16:53+00:00\",\"dateModified\":\"2025-09-10T14:45:47+00:00\",\"mainEntityOfPage\":{\"@id\":\"https:\/\/centcols.org\/sejour-2014-digne\/\"},\"wordCount\":828,\"publisher\":{\"@id\":\"https:\/\/centcols.org\/#organization\"},\"image\":{\"@id\":\"https:\/\/centcols.org\/sejour-2014-digne\/#primaryimage\"},\"thumbnailUrl\":\"https:\/\/centcols.org\/wp-content\/uploads\/2025\/05\/L00831-e1443267820261.jpg\",\"articleSection\":[\"France\",\"04-Alpes-de-Haute-Provence\",\"Alpes fran\u00e7aises du sud\",\"Provence-Alpes-C\u00f4te d'Azur\",\"Calendrier\",\"S\u00e9jours du Club des Cent Cols\"],\"inLanguage\":\"it-IT\"},{\"@type\":\"WebPage\",\"@id\":\"https:\/\/centcols.org\/sejour-2014-digne\/\",\"url\":\"https:\/\/centcols.org\/sejour-2014-digne\/\",\"name\":\"S\u00e9jour de printemps \u00e0 Digne (Alpes-de-Haute-Provence) du 27 avril au 4 mai 2014 - Club des Cent Cols\",\"isPartOf\":{\"@id\":\"https:\/\/centcols.org\/#website\"},\"primaryImageOfPage\":{\"@id\":\"https:\/\/centcols.org\/sejour-2014-digne\/#primaryimage\"},\"image\":{\"@id\":\"https:\/\/centcols.org\/sejour-2014-digne\/#primaryimage\"},\"thumbnailUrl\":\"https:\/\/centcols.org\/wp-content\/uploads\/2025\/05\/L00831-e1443267820261.jpg\",\"datePublished\":\"2014-01-23T08:16:53+00:00\",\"dateModified\":\"2025-09-10T14:45:47+00:00\",\"breadcrumb\":{\"@id\":\"https:\/\/centcols.org\/sejour-2014-digne\/#breadcrumb\"},\"inLanguage\":\"it-IT\",\"potentialAction\":[{\"@type\":\"ReadAction\",\"target\":[\"https:\/\/centcols.org\/sejour-2014-digne\/\"]}]},{\"@type\":\"ImageObject\",\"inLanguage\":\"it-IT\",\"@id\":\"https:\/\/centcols.org\/sejour-2014-digne\/#primaryimage\",\"url\":\"https:\/\/centcols.org\/wp-content\/uploads\/2025\/05\/L00831-e1443267820261.jpg\",\"contentUrl\":\"https:\/\/centcols.org\/wp-content\/uploads\/2025\/05\/L00831-e1443267820261.jpg\",\"width\":800,\"height\":450},{\"@type\":\"BreadcrumbList\",\"@id\":\"https:\/\/centcols.org\/sejour-2014-digne\/#breadcrumb\",\"itemListElement\":[{\"@type\":\"ListItem\",\"position\":1,\"name\":\"Accueil\",\"item\":\"https:\/\/centcols.org\/\"},{\"@type\":\"ListItem\",\"position\":2,\"name\":\"S\u00e9jours du Club des Cent Cols\",\"item\":\"https:\/\/centcols.org\/rubrique\/sejours\/\"},{\"@type\":\"ListItem\",\"position\":3,\"name\":\"Pays\",\"item\":\"https:\/\/centcols.org\/rubrique\/sejours\/pays-sejours\/\"},{\"@type\":\"ListItem\",\"position\":4,\"name\":\"France\",\"item\":\"https:\/\/centcols.org\/rubrique\/sejours\/pays-sejours\/france-pays-sejours\/\"},{\"@type\":\"ListItem\",\"position\":5,\"name\":\"S\u00e9jour de printemps \u00e0 Digne (Alpes-de-Haute-Provence) du 27 avril au 4 mai 2014\"}]},{\"@type\":\"WebSite\",\"@id\":\"https:\/\/centcols.org\/#website\",\"url\":\"https:\/\/centcols.org\/\",\"name\":\"Club des Cent Cols\",\"description\":\"\",\"publisher\":{\"@id\":\"https:\/\/centcols.org\/#organization\"},\"potentialAction\":[{\"@type\":\"SearchAction\",\"target\":{\"@type\":\"EntryPoint\",\"urlTemplate\":\"https:\/\/centcols.org\/?s={search_term_string}\"},\"query-input\":{\"@type\":\"PropertyValueSpecification\",\"valueRequired\":true,\"valueName\":\"search_term_string\"}}],\"inLanguage\":\"it-IT\"},{\"@type\":\"Organization\",\"@id\":\"https:\/\/centcols.org\/#organization\",\"name\":\"Club des Cent Cols\",\"url\":\"https:\/\/centcols.org\/\",\"logo\":{\"@type\":\"ImageObject\",\"inLanguage\":\"it-IT\",\"@id\":\"https:\/\/centcols.org\/#\/schema\/logo\/image\/\",\"url\":\"https:\/\/centcols.org\/wp-content\/uploads\/2025\/01\/carte-icone.png\",\"contentUrl\":\"https:\/\/centcols.org\/wp-content\/uploads\/2025\/01\/carte-icone.png\",\"width\":250,\"height\":250,\"caption\":\"Club des Cent Cols\"},\"image\":{\"@id\":\"https:\/\/centcols.org\/#\/schema\/logo\/image\/\"},\"sameAs\":[\"https:\/\/www.facebook.com\/groups\/5261880558\/?locale=fr_FR\"]},{\"@type\":\"Person\",\"@id\":\"https:\/\/centcols.org\/#\/schema\/person\/911b404fb133d8c913dd27cdcf71c8e5\",\"name\":\"Webmestre\",\"image\":{\"@type\":\"ImageObject\",\"inLanguage\":\"it-IT\",\"@id\":\"https:\/\/centcols.org\/wp-content\/litespeed\/avatar\/2d246e4b6b4f773e08515e1ffc53690b.jpg?ver=1777222892\",\"url\":\"https:\/\/centcols.org\/wp-content\/litespeed\/avatar\/2d246e4b6b4f773e08515e1ffc53690b.jpg?ver=1777222892\",\"contentUrl\":\"https:\/\/centcols.org\/wp-content\/litespeed\/avatar\/2d246e4b6b4f773e08515e1ffc53690b.jpg?ver=1777222892\",\"caption\":\"Webmestre\"},\"url\":\"https:\/\/centcols.org\/it\/author\/webmestre\/\"}]}<\/script>\n<!-- \/ Yoast SEO plugin. -->","yoast_head_json":{"title":"Vacanze di primavera a Digne (Alpes-de-Haute-Provence) dal 27 aprile al 4 maggio 2014 - Club des Cent Cols","robots":{"index":"index","follow":"follow","max-snippet":"max-snippet:-1","max-image-preview":"max-image-preview:large","max-video-preview":"max-video-preview:-1"},"canonical":"https:\/\/centcols.org\/it\/rimanere-degni-del-2014\/","og_locale":"it_IT","og_type":"article","og_title":"S\u00e9jour de printemps \u00e0 Digne (Alpes-de-Haute-Provence) du 27 avril au 4 mai 2014 - Club des Cent Cols","og_description":"Pr\u00e9sentation C&rsquo;est \u00e0 Digne que nous organisons notre s\u00e9jour de printemps 2014 du 27 avril au 4 mai, \u00e0 la r\u00e9sidence \u00abLe Richelme\u00bb de Renouveu Vacances.Le pays dignois, o\u00f9 nous allons \u00eatre h\u00e9berg\u00e9s, abrite de hauts sommets dominant des champs de lavande, dans la plus grande r\u00e9serve g\u00e9ologique d&rsquo;Europe. Digne-les-Bains, ville de 19 000 habitants, [&hellip;]","og_url":"https:\/\/centcols.org\/it\/rimanere-degni-del-2014\/","og_site_name":"Club des Cent Cols","article_publisher":"https:\/\/www.facebook.com\/groups\/5261880558\/?locale=fr_FR","article_published_time":"2014-01-23T08:16:53+00:00","article_modified_time":"2025-09-10T14:45:47+00:00","og_image":[{"width":800,"height":450,"url":"https:\/\/centcols.org\/wp-content\/uploads\/2025\/05\/L00831-e1443267820261.jpg","type":"image\/jpeg"}],"author":"Webmestre","twitter_card":"summary_large_image","twitter_misc":{"Scritto da":"Webmestre","Tempo di lettura stimato":"8 minuti"},"schema":{"@context":"https:\/\/schema.org","@graph":[{"@type":"Article","@id":"https:\/\/centcols.org\/sejour-2014-digne\/#article","isPartOf":{"@id":"https:\/\/centcols.org\/sejour-2014-digne\/"},"author":{"name":"Webmestre","@id":"https:\/\/centcols.org\/#\/schema\/person\/911b404fb133d8c913dd27cdcf71c8e5"},"headline":"S\u00e9jour de printemps \u00e0 Digne (Alpes-de-Haute-Provence) du 27 avril au 4 mai 2014","datePublished":"2014-01-23T08:16:53+00:00","dateModified":"2025-09-10T14:45:47+00:00","mainEntityOfPage":{"@id":"https:\/\/centcols.org\/sejour-2014-digne\/"},"wordCount":828,"publisher":{"@id":"https:\/\/centcols.org\/#organization"},"image":{"@id":"https:\/\/centcols.org\/sejour-2014-digne\/#primaryimage"},"thumbnailUrl":"https:\/\/centcols.org\/wp-content\/uploads\/2025\/05\/L00831-e1443267820261.jpg","articleSection":["France","04-Alpes-de-Haute-Provence","Alpes fran\u00e7aises du sud","Provence-Alpes-C\u00f4te d'Azur","Calendrier","S\u00e9jours du Club des Cent Cols"],"inLanguage":"it-IT"},{"@type":"WebPage","@id":"https:\/\/centcols.org\/sejour-2014-digne\/","url":"https:\/\/centcols.org\/sejour-2014-digne\/","name":"Vacanze di primavera a Digne (Alpes-de-Haute-Provence) dal 27 aprile al 4 maggio 2014 - Club des Cent Cols","isPartOf":{"@id":"https:\/\/centcols.org\/#website"},"primaryImageOfPage":{"@id":"https:\/\/centcols.org\/sejour-2014-digne\/#primaryimage"},"image":{"@id":"https:\/\/centcols.org\/sejour-2014-digne\/#primaryimage"},"thumbnailUrl":"https:\/\/centcols.org\/wp-content\/uploads\/2025\/05\/L00831-e1443267820261.jpg","datePublished":"2014-01-23T08:16:53+00:00","dateModified":"2025-09-10T14:45:47+00:00","breadcrumb":{"@id":"https:\/\/centcols.org\/sejour-2014-digne\/#breadcrumb"},"inLanguage":"it-IT","potentialAction":[{"@type":"ReadAction","target":["https:\/\/centcols.org\/sejour-2014-digne\/"]}]},{"@type":"ImageObject","inLanguage":"it-IT","@id":"https:\/\/centcols.org\/sejour-2014-digne\/#primaryimage","url":"https:\/\/centcols.org\/wp-content\/uploads\/2025\/05\/L00831-e1443267820261.jpg","contentUrl":"https:\/\/centcols.org\/wp-content\/uploads\/2025\/05\/L00831-e1443267820261.jpg","width":800,"height":450},{"@type":"BreadcrumbList","@id":"https:\/\/centcols.org\/sejour-2014-digne\/#breadcrumb","itemListElement":[{"@type":"ListItem","position":1,"name":"Accueil","item":"https:\/\/centcols.org\/"},{"@type":"ListItem","position":2,"name":"S\u00e9jours du Club des Cent Cols","item":"https:\/\/centcols.org\/rubrique\/sejours\/"},{"@type":"ListItem","position":3,"name":"Pays","item":"https:\/\/centcols.org\/rubrique\/sejours\/pays-sejours\/"},{"@type":"ListItem","position":4,"name":"France","item":"https:\/\/centcols.org\/rubrique\/sejours\/pays-sejours\/france-pays-sejours\/"},{"@type":"ListItem","position":5,"name":"S\u00e9jour de printemps \u00e0 Digne (Alpes-de-Haute-Provence) du 27 avril au 4 mai 2014"}]},{"@type":"WebSite","@id":"https:\/\/centcols.org\/#website","url":"https:\/\/centcols.org\/","name":"Club des Cent Cols","description":"","publisher":{"@id":"https:\/\/centcols.org\/#organization"},"potentialAction":[{"@type":"SearchAction","target":{"@type":"EntryPoint","urlTemplate":"https:\/\/centcols.org\/?s={search_term_string}"},"query-input":{"@type":"PropertyValueSpecification","valueRequired":true,"valueName":"search_term_string"}}],"inLanguage":"it-IT"},{"@type":"Organization","@id":"https:\/\/centcols.org\/#organization","name":"Club des Cent Cols","url":"https:\/\/centcols.org\/","logo":{"@type":"ImageObject","inLanguage":"it-IT","@id":"https:\/\/centcols.org\/#\/schema\/logo\/image\/","url":"https:\/\/centcols.org\/wp-content\/uploads\/2025\/01\/carte-icone.png","contentUrl":"https:\/\/centcols.org\/wp-content\/uploads\/2025\/01\/carte-icone.png","width":250,"height":250,"caption":"Club des Cent Cols"},"image":{"@id":"https:\/\/centcols.org\/#\/schema\/logo\/image\/"},"sameAs":["https:\/\/www.facebook.com\/groups\/5261880558\/?locale=fr_FR"]},{"@type":"Person","@id":"https:\/\/centcols.org\/#\/schema\/person\/911b404fb133d8c913dd27cdcf71c8e5","name":"Webmaster","image":{"@type":"ImageObject","inLanguage":"it-IT","@id":"https:\/\/centcols.org\/wp-content\/litespeed\/avatar\/2d246e4b6b4f773e08515e1ffc53690b.jpg?ver=1777222892","url":"https:\/\/centcols.org\/wp-content\/litespeed\/avatar\/2d246e4b6b4f773e08515e1ffc53690b.jpg?ver=1777222892","contentUrl":"https:\/\/centcols.org\/wp-content\/litespeed\/avatar\/2d246e4b6b4f773e08515e1ffc53690b.jpg?ver=1777222892","caption":"Webmestre"},"url":"https:\/\/centcols.org\/it\/author\/webmestre\/"}]}},"_links":{"self":[{"href":"https:\/\/centcols.org\/it\/wp-json\/wp\/v2\/posts\/81476","targetHints":{"allow":["GET"]}}],"collection":[{"href":"https:\/\/centcols.org\/it\/wp-json\/wp\/v2\/posts"}],"about":[{"href":"https:\/\/centcols.org\/it\/wp-json\/wp\/v2\/types\/post"}],"author":[{"embeddable":true,"href":"https:\/\/centcols.org\/it\/wp-json\/wp\/v2\/users\/3"}],"replies":[{"embeddable":true,"href":"https:\/\/centcols.org\/it\/wp-json\/wp\/v2\/comments?post=81476"}],"version-history":[{"count":0,"href":"https:\/\/centcols.org\/it\/wp-json\/wp\/v2\/posts\/81476\/revisions"}],"wp:featuredmedia":[{"embeddable":true,"href":"https:\/\/centcols.org\/it\/wp-json\/wp\/v2\/media\/81477"}],"wp:attachment":[{"href":"https:\/\/centcols.org\/it\/wp-json\/wp\/v2\/media?parent=81476"}],"wp:term":[{"taxonomy":"category","embeddable":true,"href":"https:\/\/centcols.org\/it\/wp-json\/wp\/v2\/categories?post=81476"},{"taxonomy":"post_tag","embeddable":true,"href":"https:\/\/centcols.org\/it\/wp-json\/wp\/v2\/tags?post=81476"}],"curies":[{"name":"wp","href":"https:\/\/api.w.org\/{rel}","templated":true}]}}