{"id":81529,"date":"2012-01-23T10:10:40","date_gmt":"2012-01-23T08:10:40","guid":{"rendered":"https:\/\/centcols.org\/sejour-de-printemps-a-remuzat-drome-du-22-au-28-avril-2012\/"},"modified":"2025-10-02T16:52:03","modified_gmt":"2025-10-02T14:52:03","slug":"soggiorno-2012-remuzat","status":"publish","type":"post","link":"https:\/\/centcols.org\/it\/sejour-2012-remuzat\/","title":{"rendered":"Vacanze di primavera a R\u00e9muzat (Dr\u00f4me) dal 22 al 28 aprile 2012"},"content":{"rendered":"<h2 class=\"wp-block-heading\">Presentazione<\/h2>\n\n\n\n<p>Il raduno di primavera 2012 si terr\u00e0 a R\u00e9muzat, nella Drome provenzale (62 km da Mont\u00e9limar e 26 km da Nyons) dal 22 al 28 aprile.<br>R\u00e9muzat si trova sulla riva sinistra del fiume Oule, circondata da frutteti di prugne. R\u00e9muzat \u00e8 tutta Provenza, con un pizzico di Alpi. Pi\u00f9 discreta, meno conosciuta di altre regioni, la sua bellezza rimane pi\u00f9 autentica, pi\u00f9 selvaggia con le sue case di pietra e le tegole di argilla.<br>Intorno al villaggio (a 447 m di altitudine), le Prealpi meridionali, le cui cime superano i 1.000 m, si stagliano su un cielo di incomparabile luminosit\u00e0. La roccia del Caire, che domina la zona, \u00e8 una lunga scogliera rivolta verso est. Il sole del mattino riscalda rapidamente l'aria.<br>Alla fine della pagina troverete una presentazione culturale pi\u00f9 dettagliata della regione, della sua storia, della sua geografia e del suo terroir.<\/p>\n\n\n\n<figure class=\"wp-block-gallery has-nested-images columns-3 is-cropped wp-block-gallery-1 is-layout-flex wp-block-gallery-is-layout-flex\">\n<figure class=\"wp-block-image size-full\"><img loading=\"lazy\" decoding=\"async\" width=\"150\" height=\"181\" data-id=\"88898\" src=\"https:\/\/centcols.org\/wp-content\/uploads\/2012\/01\/remuzat.png\" alt=\"\" class=\"wp-image-88898\"\/><\/figure>\n\n\n\n<figure class=\"wp-block-image size-full\"><img loading=\"lazy\" decoding=\"async\" width=\"200\" height=\"150\" data-id=\"88899\" src=\"https:\/\/centcols.org\/wp-content\/uploads\/2012\/01\/lesLavandes.jpg\" alt=\"\" class=\"wp-image-88899\"\/><\/figure>\n\n\n\n<figure class=\"wp-block-image size-full\"><img loading=\"lazy\" decoding=\"async\" width=\"150\" height=\"165\" data-id=\"88937\" src=\"https:\/\/centcols.org\/wp-content\/uploads\/2012\/01\/drome-1.png\" alt=\"\" class=\"wp-image-88937\"\/><\/figure>\n<\/figure>\n\n\n\n<h2 class=\"wp-block-heading\">Iscrizione<\/h2>\n\n\n\n<p><span class=\"flett\">P<\/span>Per consentirvi di partecipare al raduno di primavera e alle attivit\u00e0 proposte, il Club des Cent Cols ha negoziato l'alloggio con l'Associazione Tern\u00e9lia Chemins, accreditata per i viaggi, che ci consente di rispettare il Codice del Turismo e di beneficiare delle tariffe di gruppo.  A differenza dei viaggi precedenti, le iscrizioni e la gestione finanziaria saranno gestite direttamente dall'Associazione Tern\u00e9lia Chemins, mentre il Club des Cent Cols sar\u00e0 responsabile solo del programma delle attivit\u00e0 (visite, eventi).<\/p>\n\n\n\n<p>In allegato troverete i prezzi dei servizi e le condizioni generali di vendita del soggiorno di Tern\u00e9lia, nonch\u00e9 un modulo di registrazione.<\/p>\n\n\n\n<p>\u00c8 necessario iscriversi direttamente al centro. <a href=\"https:\/\/centcols.org\/les_rendez-vous\/2012\/Remuzat\/inscription.pdf\" target=\"_blank\" rel=\"noopener\">Scarica la documentazione per la registrazione<\/a><\/p>\n\n\n\n<h2 class=\"wp-block-heading\">Sistemazione<\/h2>\n\n\n\n<p>Offriamo alloggio presso il centro vacanze Les Lavandes, nel cuore del villaggio. Il centro dispone di 88 camere con 2 o 3 letti, balcone, bagno privato e connessione WiFi, e di 2 camere con 2 letti per persone a mobilit\u00e0 ridotta. \u00c8 disponibile anche una sauna-hammam a pagamento.<\/p>\n\n\n\n<p>Maggiori informazioni sono disponibili sul sito web del centro, <a href=\"http:\/\/www.ternelia-chemins.com\/ete\/village-vacances-les-lavandes-remuzat.html\">http:\/\/www.ternelia-chemins.com\/ete\/village-vacances-les-lavandes-remuzat.html<\/a><\/p>\n\n\n\n<figure class=\"wp-block-gallery has-nested-images columns-2 is-cropped wp-block-gallery-2 is-layout-flex wp-block-gallery-is-layout-flex\">\n<figure class=\"wp-block-image size-full\"><a href=\"https:\/\/centcols.org\/wp-content\/uploads\/2012\/01\/bar-1.jpg\"><img loading=\"lazy\" decoding=\"async\" width=\"200\" height=\"150\" data-id=\"88903\" src=\"https:\/\/centcols.org\/wp-content\/uploads\/2012\/01\/bar-1.jpg\" alt=\"\" class=\"wp-image-88903\"\/><\/a><\/figure>\n\n\n\n<figure class=\"wp-block-image size-full\"><a href=\"https:\/\/centcols.org\/wp-content\/uploads\/2012\/01\/chambre2lits.jpg\"><img loading=\"lazy\" decoding=\"async\" width=\"200\" height=\"150\" data-id=\"88904\" src=\"https:\/\/centcols.org\/wp-content\/uploads\/2012\/01\/chambre2lits.jpg\" alt=\"\" class=\"wp-image-88904\"\/><\/a><\/figure>\n<\/figure>\n\n\n\n<p>Se si desidera usufruire dell'alloggio offerto, \u00e8 necessario registrarsi direttamente presso il centro scaricando la documentazione di registrazione indicata nella sezione precedente.<\/p>\n\n\n\n<p class=\"has-text-align-center\">Il campeggio comunale \u00e8 chiuso in questo periodo. C'\u00e8 un campeggio agricolo con 6 piazzole sulle alture di R\u00e9muzat:<\/p>\n\n\n<div class=\"wp-block-image\">\n<figure class=\"aligncenter size-full\"><a href=\"https:\/\/centcols.org\/wp-content\/uploads\/2025\/09\/perriere.jpg\"><img loading=\"lazy\" decoding=\"async\" width=\"200\" height=\"150\" src=\"https:\/\/centcols.org\/wp-content\/uploads\/2025\/09\/perriere.jpg\" alt=\"\" class=\"wp-image-88905\"\/><\/a><\/figure>\n<\/div>\n\n\n<p class=\"has-text-align-center\">Ferme de la Perri\u00e8re<br>La Combe<br>26510 REMUZAT<\/p>\n\n\n\n<p class=\"has-text-align-center\">Telefono: +33 (0)4.26.66.90.09<br>Cellulare: +33 (0)6.13.57.83.60<br><a href=\"\/it\/ma&\/#105;&#108;&#x74;&#x6f;&#x3a;&#x69;nf&#111;&#64;&#x63;&#x61;&#x6d;&#x70;in&#103;&#45;&#103;&#x69;&#x74;&#x65;&#x2d;fe&#114;&#109;&#x65;&#x2d;&#x72;&#x65;mu&#122;&#97;&#x74;&#x2e;&#x66;&#x72;\">info@camping-gite-ferme-remuzat.fr<\/a><br><a href=\"http:\/\/www.camping-gite-ferme-remuzat.fr\/\" target=\"_blank\" rel=\"noopener\">www.camping-gite-ferme-remuzat.fr\/<\/a><\/p>\n\n\n\n<h2 class=\"wp-block-heading\">Dettagli del programma<\/h2>\n\n\n\n<h3 class=\"wp-block-heading\">Programma ciclistico<\/h3>\n\n\n\n<p>L'elenco dei passi sui percorsi, le mappe interattive, le schede dei percorsi e i profili altimetrici sono disponibili qui:<\/p>\n\n\n\n<ul class=\"wp-block-list\">\n<li>Elenco di <a href=\"\/it\/membres\/cctours\/tours.php\/?lieu=R\u00e9muzat&amp;an=2012&amp;genre=R\">percorsi stradali<\/a><\/li>\n\n\n\n<li>Elenco di <a href=\"\/it\/membres\/cctours\/tours.php\/?lieu=R\u00e9muzat&amp;an=2012&amp;genre=V\">percorsi per mountain bike<\/a><\/li>\n<\/ul>\n\n\n\n<p>Per chi naviga con il GPS o con un software di geolocalizzazione, \u00e8 possibile scaricare tutti i dati relativi alla navigazione. <a href=\"\/it\/membres\/cctours\/tours.php\/?lieu=R\u00e9muzat&amp;an=2012\">file di geolocalizzazione<\/a><\/p>\n\n\n\n<p>Gli organizzatori locali vogliono assicurarsi che tutte le strade, i sentieri e le piste siano in condizioni impeccabili per la vostra visita. Per questo hanno lanciato un grande <a href=\"https:\/\/centcols.org\/it\/util\/visuAlbum.php\/?album=5925-4\" target=\"_blank\" rel=\"noreferrer noopener\">pulizia del sottobosco<\/a> di quasi 2 km su uno dei circuiti di mountain bike il 31 marzo!<\/p>\n\n\n\n<figure class=\"wp-block-gallery has-nested-images columns-4 is-cropped wp-block-gallery-3 is-layout-flex wp-block-gallery-is-layout-flex\">\n<figure class=\"wp-block-image size-full\"><a href=\"https:\/\/centcols.org\/wp-content\/uploads\/2012\/01\/M00113.jpg\"><img loading=\"lazy\" decoding=\"async\" width=\"800\" height=\"600\" data-id=\"88906\" src=\"https:\/\/centcols.org\/wp-content\/uploads\/2012\/01\/M00113.jpg\" alt=\"\" class=\"wp-image-88906\" srcset=\"https:\/\/centcols.org\/wp-content\/uploads\/2012\/01\/M00113.jpg 800w, https:\/\/centcols.org\/wp-content\/uploads\/2012\/01\/M00113-768x576.jpg 768w\" sizes=\"auto, (max-width: 800px) 100vw, 800px\" \/><\/a><\/figure>\n\n\n\n<figure class=\"wp-block-image size-full\"><a href=\"https:\/\/centcols.org\/wp-content\/uploads\/2012\/01\/M00213.jpg\"><img loading=\"lazy\" decoding=\"async\" width=\"800\" height=\"600\" data-id=\"88907\" src=\"https:\/\/centcols.org\/wp-content\/uploads\/2012\/01\/M00213.jpg\" alt=\"\" class=\"wp-image-88907\" srcset=\"https:\/\/centcols.org\/wp-content\/uploads\/2012\/01\/M00213.jpg 800w, https:\/\/centcols.org\/wp-content\/uploads\/2012\/01\/M00213-768x576.jpg 768w\" sizes=\"auto, (max-width: 800px) 100vw, 800px\" \/><\/a><\/figure>\n\n\n\n<figure class=\"wp-block-image size-full\"><a href=\"https:\/\/centcols.org\/wp-content\/uploads\/2012\/01\/M00313.jpg\"><img loading=\"lazy\" decoding=\"async\" width=\"800\" height=\"600\" data-id=\"88908\" src=\"https:\/\/centcols.org\/wp-content\/uploads\/2012\/01\/M00313.jpg\" alt=\"\" class=\"wp-image-88908\" srcset=\"https:\/\/centcols.org\/wp-content\/uploads\/2012\/01\/M00313.jpg 800w, https:\/\/centcols.org\/wp-content\/uploads\/2012\/01\/M00313-768x576.jpg 768w\" sizes=\"auto, (max-width: 800px) 100vw, 800px\" \/><\/a><\/figure>\n\n\n\n<figure class=\"wp-block-image size-full\"><a href=\"https:\/\/centcols.org\/wp-content\/uploads\/2012\/01\/M00413.jpg\"><img loading=\"lazy\" decoding=\"async\" width=\"800\" height=\"601\" data-id=\"88909\" src=\"https:\/\/centcols.org\/wp-content\/uploads\/2012\/01\/M00413.jpg\" alt=\"\" class=\"wp-image-88909\" srcset=\"https:\/\/centcols.org\/wp-content\/uploads\/2012\/01\/M00413.jpg 800w, https:\/\/centcols.org\/wp-content\/uploads\/2012\/01\/M00413-768x577.jpg 768w\" sizes=\"auto, (max-width: 800px) 100vw, 800px\" \/><\/a><\/figure>\n\n\n\n<figure class=\"wp-block-image size-full\"><a href=\"https:\/\/centcols.org\/wp-content\/uploads\/2012\/01\/M00513.jpg\"><img loading=\"lazy\" decoding=\"async\" width=\"800\" height=\"600\" data-id=\"88910\" src=\"https:\/\/centcols.org\/wp-content\/uploads\/2012\/01\/M00513.jpg\" alt=\"\" class=\"wp-image-88910\" srcset=\"https:\/\/centcols.org\/wp-content\/uploads\/2012\/01\/M00513.jpg 800w, https:\/\/centcols.org\/wp-content\/uploads\/2012\/01\/M00513-768x576.jpg 768w\" sizes=\"auto, (max-width: 800px) 100vw, 800px\" \/><\/a><\/figure>\n\n\n\n<figure class=\"wp-block-image size-full\"><a href=\"https:\/\/centcols.org\/wp-content\/uploads\/2012\/01\/M00613.jpg\"><img loading=\"lazy\" decoding=\"async\" width=\"800\" height=\"601\" data-id=\"88911\" src=\"https:\/\/centcols.org\/wp-content\/uploads\/2012\/01\/M00613.jpg\" alt=\"\" class=\"wp-image-88911\" srcset=\"https:\/\/centcols.org\/wp-content\/uploads\/2012\/01\/M00613.jpg 800w, https:\/\/centcols.org\/wp-content\/uploads\/2012\/01\/M00613-768x577.jpg 768w\" sizes=\"auto, (max-width: 800px) 100vw, 800px\" \/><\/a><\/figure>\n\n\n\n<figure class=\"wp-block-image size-full\"><a href=\"https:\/\/centcols.org\/wp-content\/uploads\/2012\/01\/M00713.jpg\"><img loading=\"lazy\" decoding=\"async\" width=\"800\" height=\"601\" data-id=\"88912\" src=\"https:\/\/centcols.org\/wp-content\/uploads\/2012\/01\/M00713.jpg\" alt=\"\" class=\"wp-image-88912\" srcset=\"https:\/\/centcols.org\/wp-content\/uploads\/2012\/01\/M00713.jpg 800w, https:\/\/centcols.org\/wp-content\/uploads\/2012\/01\/M00713-768x577.jpg 768w\" sizes=\"auto, (max-width: 800px) 100vw, 800px\" \/><\/a><\/figure>\n<\/figure>\n\n\n\n<h2 class=\"wp-block-heading\">Programma degli eventi<\/h2>\n\n\n\n<ul class=\"wp-block-list\">\n<li>Domenica 22 - ore 18.00: aperitivo di benvenuto; ore 21.00: presentazione dei percorsi.<\/li>\n\n\n\n<li>Luned\u00ec 23 - ore 21.00: serata Vulture<\/li>\n\n\n\n<li>Marted\u00ec 24 - ore 21.00: serata sulla cartografia digitale<\/li>\n\n\n\n<li>Mercoled\u00ec 25 - ore 21.00: proiezione di diapositive del Tour de la France 2011 a cura di R\u00e9gis Paraz<\/li>\n\n\n\n<li>Gioved\u00ec 26 - ore 21.00: Quiz di Didier R\u00e9mond<\/li>\n\n\n\n<li>Venerd\u00ec 27 - ore 21.00: serata di ballo<\/li>\n\n\n\n<li>Sabato 28 - ore 12.30: aperitivo di commiato<\/li>\n<\/ul>\n\n\n\n<h2 class=\"wp-block-heading\">Per chi non va in bicicletta<\/h2>\n\n\n\n<h3 class=\"wp-block-heading\">Visione a volo d'uccello dei villaggi in cima alle colline<\/h3>\n\n\n\n<p>\u2665\u2665\u2665\u2665 Saint May, l'Abbazia di Bodon e il panorama della Roccia del Cairo. A 5 minuti di auto.<\/p>\n\n\n\n<p>\u2665\u2665\u2665\u2665 Villeperdrix: antica chiesa restaurata (XVII secolo), rovine del priorato, resti del recinto fortificato del villaggio medievale. 10 minuti in auto.<\/p>\n\n\n\n<p>\u2665\u2665\u2665\u2665 Rochebrune: villaggio medievale arroccato (XII secolo), torre dell'antico castello, chiesa (XI-XV). 30 minuti in auto.<\/p>\n\n\n\n<p>\u2665\u2665\u2665\u2665 Pommerol e i suoi straordinari dintorni. Antico villaggio restaurato e privato con accesso regolamentato o addirittura vietato (luglio-agosto). 30 minuti in auto.<\/p>\n\n\n\n<p>\u2665\u2665 Aubres: piccolo angolo di paradiso arroccato vicino a Nyons. 30 minuti in auto.<\/p>\n\n\n\n<p>\u2665 Montaulieu, le Po\u00ebt Sigillat, Chaudebonne, ecc... a 30 minuti in auto<\/p>\n\n\n\n<h3 class=\"wp-block-heading\">Assolutamente gli avvoltoi<\/h3>\n\n\n\n<p>\u2665\u2665\u2665\u2665 Passeggiata di osservazione sul campo con guida a pagamento. Partendo dal centro.<\/p>\n\n\n\n<h3 class=\"wp-block-heading\">La cosa bella<\/h3>\n\n\n\n<p>\u2665\u2665\u2665\u2665 Visitate il mercato provenzale di Nyons il gioved\u00ec mattina. 30 minuti in auto.<\/p>\n\n\n\n<h3 class=\"wp-block-heading\">I luoghi da non perdere<\/h3>\n\n\n\n<p>\u2665\u2665\u2665\u2665 Olive, vino, miele, formaggio, frutta di stagione, lavanda...<\/p>\n\n\n\n<h3 class=\"wp-block-heading\">Suggerimento<\/h3>\n\n\n\n<p>\u2665\u2665\u2665\u2665 Seguite il vostro istinto... improvvisate.<\/p>\n\n\n\n<h2 class=\"wp-block-heading\">Informazioni culturali e turistiche<\/h2>\n\n\n\n<p>Ci sono sentieri che scivolano lungo le strade e che, seminascosti sotto l'erba, restano in agguato. Non dicono nulla. Se ne stanno l\u00ec. Li vedi, ti guardano, a volte con molta delicatezza, ti afferrano il piede e, se cedi, ti portano fuori strada, Dio solo sa dove!<br>Henri Bosc<\/p>\n\n\n\n<h2 class=\"wp-block-heading\">Introduzione<\/h2>\n\n\n<div class=\"wp-block-image\">\n<figure class=\"aligncenter size-full\"><img loading=\"lazy\" decoding=\"async\" width=\"200\" height=\"150\" src=\"https:\/\/centcols.org\/wp-content\/uploads\/2012\/01\/pic0_al.jpg\" alt=\"\" class=\"wp-image-88913\"\/><\/figure>\n<\/div>\n\n\n<p class=\"has-text-align-left\">R\u00e9muzat \u00e8 un piccolo e tranquillo villaggio della Dr\u00f4me Proven\u00e7ale, parte della regione delle Baronnies, situato sulla riva sinistra del fiume Oule, sovrastato dall'imponente falesia del Rocher du Caire, rivolta a est. Il sole del mattino riscalda rapidamente l'aria. Questo ha permesso di ristabilire una colonia di grifoni nel 1995, seguita dagli avvoltoi neri, che erano praticamente scomparsi dalla Francia. Da allora, il capovaccaio, molto pi\u00f9 raro, \u00e8 riapparso spontaneamente. Oggi ci sono pi\u00f9 di 300 individui che si nutrono su un'area di oltre 6.000 chilometri quadrati.<\/p>\n\n\n\n<h2 class=\"wp-block-heading\">Geografia<\/h2>\n\n\n<div class=\"wp-block-image\">\n<figure class=\"aligncenter size-full\"><img loading=\"lazy\" decoding=\"async\" width=\"200\" height=\"150\" src=\"https:\/\/centcols.org\/wp-content\/uploads\/2012\/01\/pic1_al.jpg\" alt=\"\" class=\"wp-image-88914\"\/><\/figure>\n<\/div>\n\n\n<p class=\"has-text-align-left\">Il Baronnies \u00e8 una regione naturale e storica situata tra il sud della Dr\u00f4me, l'ovest delle Hautes-Alpes e il nord della Vaucluse.<br>Si tratta di una regione di media montagna (altitudine inferiore a 1600 m), con un paesaggio aspro che si estende da ovest a est, dalla piana di Valr\u00e9as alla media valle della Durance, e da sud a nord, dal Mont Ventoux al margine del Diois.<\/p>\n\n\n\n<p class=\"has-text-align-left\">Un Paese diviso in valli, intervallate qua e l\u00e0 da grandi bacini sinclinali o da strette conche. La comunicazione tra le valli non \u00e8 mai stata facile, nonostante i numerosi passi di media quota.<\/p>\n\n\n\n<p>Una terra di contrasti, con vigneti in pianura, ciliegi, albicocchi e ulivi in collina e campi di lavanda sugli altopiani, ma anche vaste aree coperte da boschetti di querce, ginepri, bossi e ginestre, e a perdita d'occhio, pendii burrascosi tendenzialmente fissati da colonie di pino silvestre o piantagioni di pino nero. Questa \u00e8 una terra di sole e di paesaggi luminosi, punteggiata da villaggi collinari e fattorie isolate, dove la duplice influenza del clima mediterraneo e della fresca aria alpina ha creato una sorprendente ricchezza di flora e fauna.<\/p>\n\n\n\n<h2 class=\"wp-block-heading\">La storia<\/h2>\n\n\n\n<p>Il villaggio di Castrum Remusaco (la prima menzione scritta risale al 1270) fu costruito sulla riva destra del fiume Oule. Sono ancora visibili i resti dei bastioni e dell'antica chiesa di Saint-Michel. Antico feudo della baronia di M\u00e9vouillon, sotto la tutela dell'abbazia di Bodon (fondata da San Mario nel 556) e successivamente dell'abbazia di Ile Barbe, R\u00e9muzat fu venduta nel 1305 dal barone Raimondo V e dall'abate di Ile Barbe a Carlo II, re di Sicilia e conte di Provenza. Da allora fece parte della claverie de l'Oule e, fino alla Rivoluzione, fu sotto la giurisdizione del governo di Provenza, della viguerie di Sisteron e del Parlement di Aix. La legge del luglio 1790 ne fece un comune del dipartimento della Dr\u00f4me e la riorganizzazione amministrativa dell'anno VIII ne fece un centro amministrativo cantonale.<\/p>\n\n\n\n<h2 class=\"wp-block-heading\">Origini e terroir<\/h2>\n\n\n\n<p>La zona \u00e8 stata abitata fin dalla preistoria ed \u00e8 profondamente segnata dalle influenze galliche (Voconces) e romane. Le Baronnies prendono il nome dai baroni di M\u00e9vouillon e Montauban. Queste due signorie furono definitivamente annesse al Delfinato, prima di essere cedute, come parte di questo principato, al Regno di Francia nel 1349. Le attivit\u00e0 accessorie, come l'allevamento di bozzoli per le seterie e le filande della regione, fornivano importanti fonti di reddito e miglioravano la condizione dei contadini. Nella prima met\u00e0 del XX secolo si sono sviluppate nuove colture come il tiglio e la lavanda.<\/p>\n\n\n\n<p>La regione \u00e8 fortemente segnata dagli eventi legati alla Seconda Guerra Mondiale e dalla Resistenza, che fu molto attiva nella zona.<\/p>\n\n\n\n<p>L'agricoltura continua a dominare, occupando quasi un terzo della popolazione attiva. La tradizionale agricoltura mista abbinata all'allevamento su piccola scala \u00e8 scomparsa a favore degli alberi da frutto, che si stanno diffondendo nell'entroterra attraverso le valli dei fiumi Eygues e Ouv\u00e8ze (albicocchi e ciliegi) e dei fiumi C\u00e9ans e M\u00e9ouge (meli e peri).<\/p>\n\n\n<div class=\"wp-block-image\">\n<figure class=\"aligncenter size-full\"><img loading=\"lazy\" decoding=\"async\" width=\"200\" height=\"150\" src=\"https:\/\/centcols.org\/wp-content\/uploads\/2012\/01\/pic2_al.jpg\" alt=\"\" class=\"wp-image-88915\"\/><\/figure>\n<\/div>\n\n\n<p>Nella regione di Nyons - Buis-les-Baronnies, l'olivo \u00e8 ancora importante (olive e olio A.O.P. di Nyons), cos\u00ec come la vite, l'A.O.C. C\u00f4tes du Rh\u00f4ne nel settore Nyons - Vinsobres e i vini Coteaux des Baronnies (Buis-les-Baronnies - Sainte-Jalle).<\/p>\n\n\n\n<p>Infine, la regione ha un ampio settore di piante medicinali e aromatiche da profumo (lavanda, lavandina), che danno origine a un grande commercio di fiori secchi e di olio essenziale AOC Haute-Provence.<\/p>\n\n\n\n<p>Come nella vicina regione del Bu\u00ebch, si allevano ancora pecore, soprattutto per la produzione dell'agnello di Sisteron, ma in misura minore. Con il latte di capra si produce il famoso formaggio \"picodon\".<\/p>\n\n\n\n<h2 class=\"wp-block-heading\">Personalit\u00e0 legate alla Comune<\/h2>\n\n\n\n<p>L'abb\u00e9 Lucien Van Damme (1901-1989), nato in Belgio e discendente di un'antica famiglia di Bruxelles, per motivi di salute pot\u00e9 esercitare il suo ministero nel clima soleggiato delle Prealpi meridionali. Parroco di R\u00e9muzat per oltre 54 anni (1933-1987), fu un uomo erudito che scrisse numerosi articoli e preziose pubblicazioni sul suo villaggio e sulla storia locale per ricercatori, linguisti e sociologi.<\/p>\n\n\n\n<h2 class=\"wp-block-heading\">Parco naturale regionale delle Baronnies proven\u00e7ales<\/h2>\n\n\n\n<p>L'idea di creare un parco naturale regionale nelle Baronnies proven\u00e7ales, a cavallo tra due dipartimenti (Hautes-Alpes e Dr\u00f4me) e due regioni (Rh\u00f4ne-Alpes e Provence-Alpes-C\u00f4te d'Azur) risale alla fine degli anni Novanta.<\/p>\n\n\n\n<p>A livello locale, \u00e8 stato lanciato dal Groupement pour la Promotion et l'Expansion du Nyonsais Baronnies e dai consiglieri locali, consapevoli delle difficolt\u00e0 economiche di questa regione molto rurale, dove l'agricoltura rimane minacciata e lo sviluppo \u00e8 fragile.<\/p>\n\n\n\n<p>Nel 2003, i due consigli regionali hanno deciso di finanziare uno studio di opportunit\u00e0 e di fattibilit\u00e0, che ha permesso di adottare una risoluzione congiunta il 17 dicembre 2004 che definisce un perimetro (130 comuni interessati) e i principi organizzativi.<\/p>\n\n\n\n<p>Il 30 marzo 2007, il Prefetto della Dr\u00f4me, preso atto del consenso della maggioranza dei comuni e delle comunit\u00e0 di comuni interessati, ha pubblicato un decreto che istituisce un Syndicat Mixte de pr\u00e9figuration d'un parc naturel r\u00e9gional et d'am\u00e9nagement des Baronnies Proven\u00e7ales. La sua sede \u00e8 a Sahune e il suo compito principale \u00e8 quello di redigere la carta del futuro Parco, che sar\u00e0 sottoposta al voto di tutti i comuni dell'area interessata.<\/p>\n\n\n\n<p>La carta dovrebbe essere completata nel 2011 e il marchio \"Parco naturale\" nel 2012. Il progetto del parco \u00e8 stato sottoposto a un'inchiesta pubblica dal 20 giugno al 22 luglio 2011 e potrebbe riunire 130 comuni. I suoi obiettivi sarebbero la conservazione dell'ambiente, il sostegno alle attivit\u00e0 agricole e l'incremento del turismo verde.<\/p>\n\n\n\n<p>Il nome \"Baronnies proven\u00e7ales\" \u00e8 stato oggetto di dibattito sulla sua legittimit\u00e0, poich\u00e9 questi territori appartenevano al Delfinato. Alcune terre adiacenti alla Provenza esistevano come enclave nel Delfinato nel 1789, ma la loro estensione era ridotta. Tuttavia, se facciamo riferimento alla mappa della divisione della Provenza nel 1125, possiamo ritenere che le Baronnies facessero un tempo parte della Provenza.<\/p>\n\n\n\n<p><em>&nbsp; &nbsp; &nbsp; &nbsp;Alf\u00e9o Lotto <\/em>Documentazione dall'articolo <a href=\"http:\/\/fr.wikipedia.org\/wiki\/R%C3%A9muzat\" target=\"_blank\" rel=\"noreferrer noopener\"><em>R\u00e9muzat<\/em><\/a> da Wikipedia.<\/p>\n\n\n\n<p>Vi invitiamo inoltre a dare un'occhiata a una <a href=\"https:\/\/centcols.org\/it\/util\/visuAlbum.php\/?album=05650-008\" target=\"_blank\" rel=\"noreferrer noopener\">proiezione di diapositive sulla regione di R\u00e9muzat<\/a> e i suoi percorsi per mountain bike; questa proiezione di diapositive, presentata all'Assemblea generale di Canet-en-Roussillon il 26 novembre, \u00e8 stata realizzata da Alf\u00e9o Lotto, uno degli \"attori regionali\".<\/p>\n\n\n\n<p>Un'altra proiezione di diapositive sulla regione, a cura di Didier R\u00e9mond, descrive una <a href=\"https:\/\/centcols.org\/it\/util\/visuAlbum.php\/?album=1202-1\" target=\"_blank\" rel=\"noreferrer noopener\">mountain bike nel 2009<\/a> nella zona di R\u00e9muzat.<a href=\"https:\/\/centcols.org\/it\/util\/visuAlbum.php\/?album=3199-002\">https:\/\/centcols.org\/util\/visuAlbum.php?album=3199-002<\/a><\/p>\n\n\n\n<figure class=\"wp-block-gallery has-nested-images columns-4 is-cropped wp-block-gallery-4 is-layout-flex wp-block-gallery-is-layout-flex\">\n<figure class=\"wp-block-image size-full\"><a href=\"https:\/\/centcols.org\/it\/util\/visuAlbum.php\/?album=0722-004\" target=\"_blank\" rel=\"noreferrer noopener\"><img loading=\"lazy\" decoding=\"async\" width=\"1200\" height=\"900\" data-id=\"88916\" src=\"https:\/\/centcols.org\/wp-content\/uploads\/2012\/01\/L00332-1.jpg\" alt=\"\" class=\"wp-image-88916\" srcset=\"https:\/\/centcols.org\/wp-content\/uploads\/2012\/01\/L00332-1.jpg 1200w, https:\/\/centcols.org\/wp-content\/uploads\/2012\/01\/L00332-1-768x576.jpg 768w\" sizes=\"auto, (max-width: 1200px) 100vw, 1200px\" \/><\/a><figcaption class=\"wp-element-caption\">Album di Alain Gillodes<\/figcaption><\/figure>\n\n\n\n<figure class=\"wp-block-image size-full\"><a href=\"https:\/\/centcols.org\/it\/util\/visuAlbum.php\/?album=6785-006\" target=\"_blank\" rel=\"noreferrer noopener\"><img loading=\"lazy\" decoding=\"async\" width=\"1200\" height=\"900\" data-id=\"88917\" src=\"https:\/\/centcols.org\/wp-content\/uploads\/2012\/01\/L0823-1.jpg\" alt=\"\" class=\"wp-image-88917\" srcset=\"https:\/\/centcols.org\/wp-content\/uploads\/2012\/01\/L0823-1.jpg 1200w, https:\/\/centcols.org\/wp-content\/uploads\/2012\/01\/L0823-1-768x576.jpg 768w\" sizes=\"auto, (max-width: 1200px) 100vw, 1200px\" \/><\/a><figcaption class=\"wp-element-caption\">Album di Max Tissot<\/figcaption><\/figure>\n\n\n\n<figure class=\"wp-block-image size-full\"><a href=\"https:\/\/centcols.org\/it\/util\/visuAlbum.php\/?album=3199-002\" target=\"_blank\" rel=\"noreferrer noopener\"><img loading=\"lazy\" decoding=\"async\" width=\"640\" height=\"480\" data-id=\"88918\" src=\"https:\/\/centcols.org\/wp-content\/uploads\/2012\/01\/M01013.jpg\" alt=\"\" class=\"wp-image-88918\"\/><\/a><figcaption class=\"wp-element-caption\">Album di Fran\u00e7oise Grimaud<\/figcaption><\/figure>\n\n\n\n<figure class=\"wp-block-image size-full\"><a href=\"https:\/\/centcols.org\/it\/util\/visuAlbum.php\/?album=3237-002\" target=\"_blank\" rel=\"noreferrer noopener\"><img loading=\"lazy\" decoding=\"async\" width=\"1200\" height=\"900\" data-id=\"88919\" src=\"https:\/\/centcols.org\/wp-content\/uploads\/2012\/01\/L02826-1.jpg\" alt=\"\" class=\"wp-image-88919\" srcset=\"https:\/\/centcols.org\/wp-content\/uploads\/2012\/01\/L02826-1.jpg 1200w, https:\/\/centcols.org\/wp-content\/uploads\/2012\/01\/L02826-1-768x576.jpg 768w\" sizes=\"auto, (max-width: 1200px) 100vw, 1200px\" \/><\/a><figcaption class=\"wp-element-caption\">Album di Jean-Claude Prast<\/figcaption><\/figure>\n\n\n\n<figure class=\"wp-block-image size-full\"><a href=\"https:\/\/centcols.org\/it\/util\/visuAlbum.php\/?album=6028-006\" target=\"_blank\" rel=\"noreferrer noopener\"><img loading=\"lazy\" decoding=\"async\" width=\"1200\" height=\"900\" data-id=\"88921\" src=\"https:\/\/centcols.org\/wp-content\/uploads\/2012\/01\/L03822-1.jpg\" alt=\"\" class=\"wp-image-88921\" srcset=\"https:\/\/centcols.org\/wp-content\/uploads\/2012\/01\/L03822-1.jpg 1200w, https:\/\/centcols.org\/wp-content\/uploads\/2012\/01\/L03822-1-768x576.jpg 768w\" sizes=\"auto, (max-width: 1200px) 100vw, 1200px\" \/><\/a><figcaption class=\"wp-element-caption\">Album di Jean-Pierre Lambert<\/figcaption><\/figure>\n\n\n\n<figure class=\"wp-block-image size-full\"><a href=\"https:\/\/centcols.org\/it\/util\/visuAlbum.php\/?album=6028-006\" target=\"_blank\" rel=\"noreferrer noopener\"><img loading=\"lazy\" decoding=\"async\" width=\"1200\" height=\"800\" data-id=\"88922\" src=\"https:\/\/centcols.org\/wp-content\/uploads\/2012\/01\/L00634-1.jpg\" alt=\"\" class=\"wp-image-88922\" srcset=\"https:\/\/centcols.org\/wp-content\/uploads\/2012\/01\/L00634-1.jpg 1200w, https:\/\/centcols.org\/wp-content\/uploads\/2012\/01\/L00634-1-768x512.jpg 768w\" sizes=\"auto, (max-width: 1200px) 100vw, 1200px\" \/><\/a><figcaption class=\"wp-element-caption\">Album Alf\u00e9o Lotto<\/figcaption><\/figure>\n\n\n\n<figure class=\"wp-block-image size-full\"><a href=\"https:\/\/centcols.org\/it\/util\/visuAlbum.php\/?album=5600-004\" target=\"_blank\" rel=\"noreferrer noopener\"><img loading=\"lazy\" decoding=\"async\" width=\"1200\" height=\"900\" data-id=\"88924\" src=\"https:\/\/centcols.org\/wp-content\/uploads\/2012\/01\/L04914-1.jpg\" alt=\"\" class=\"wp-image-88924\" srcset=\"https:\/\/centcols.org\/wp-content\/uploads\/2012\/01\/L04914-1.jpg 1200w, https:\/\/centcols.org\/wp-content\/uploads\/2012\/01\/L04914-1-768x576.jpg 768w\" sizes=\"auto, (max-width: 1200px) 100vw, 1200px\" \/><\/a><figcaption class=\"wp-element-caption\">Album di Hubert Court<\/figcaption><\/figure>\n\n\n\n<figure class=\"wp-block-image size-full\"><a href=\"https:\/\/centcols.org\/it\/util\/visuAlbum.php\/?album=5756-001\" target=\"_blank\" rel=\"noreferrer noopener\"><img loading=\"lazy\" decoding=\"async\" width=\"1200\" height=\"900\" data-id=\"88925\" src=\"https:\/\/centcols.org\/wp-content\/uploads\/2012\/01\/L00532-1.jpg\" alt=\"\" class=\"wp-image-88925\" srcset=\"https:\/\/centcols.org\/wp-content\/uploads\/2012\/01\/L00532-1.jpg 1200w, https:\/\/centcols.org\/wp-content\/uploads\/2012\/01\/L00532-1-768x576.jpg 768w\" sizes=\"auto, (max-width: 1200px) 100vw, 1200px\" \/><\/a><figcaption class=\"wp-element-caption\">Album di G\u00e9rald Cowham<\/figcaption><\/figure>\n\n\n\n<figure class=\"wp-block-image size-full\"><a href=\"https:\/\/centcols.org\/it\/util\/visuAlbum.php\/?album=3225-006\" target=\"_blank\" rel=\"noreferrer noopener\"><img loading=\"lazy\" decoding=\"async\" width=\"1200\" height=\"675\" data-id=\"88926\" src=\"https:\/\/centcols.org\/wp-content\/uploads\/2012\/01\/L00131-1.jpg\" alt=\"\" class=\"wp-image-88926\" srcset=\"https:\/\/centcols.org\/wp-content\/uploads\/2012\/01\/L00131-1.jpg 1200w, https:\/\/centcols.org\/wp-content\/uploads\/2012\/01\/L00131-1-768x432.jpg 768w\" sizes=\"auto, (max-width: 1200px) 100vw, 1200px\" \/><\/a><figcaption class=\"wp-element-caption\">Album di R\u00e9gis Paraz<\/figcaption><\/figure>\n\n\n\n<figure class=\"wp-block-image size-full\"><a href=\"https:\/\/centcols.org\/it\/util\/visuAlbum.php\/?album=5173-003\" target=\"_blank\" rel=\"noreferrer noopener\"><img loading=\"lazy\" decoding=\"async\" width=\"1200\" height=\"900\" data-id=\"88927\" src=\"https:\/\/centcols.org\/wp-content\/uploads\/2012\/01\/L1101-1.jpg\" alt=\"\" class=\"wp-image-88927\" srcset=\"https:\/\/centcols.org\/wp-content\/uploads\/2012\/01\/L1101-1.jpg 1200w, https:\/\/centcols.org\/wp-content\/uploads\/2012\/01\/L1101-1-768x576.jpg 768w\" sizes=\"auto, (max-width: 1200px) 100vw, 1200px\" \/><\/a><figcaption class=\"wp-element-caption\">Album di Fr\u00e9d\u00e9ric Singla<\/figcaption><\/figure>\n\n\n\n<figure class=\"wp-block-image size-full\"><a href=\"https:\/\/centcols.org\/it\/util\/visuAlbum.php\/?album=2880-004\" target=\"_blank\" rel=\"noreferrer noopener\"><img loading=\"lazy\" decoding=\"async\" width=\"1200\" height=\"674\" data-id=\"88928\" src=\"https:\/\/centcols.org\/wp-content\/uploads\/2012\/01\/L1071-1.jpg\" alt=\"\" class=\"wp-image-88928\" srcset=\"https:\/\/centcols.org\/wp-content\/uploads\/2012\/01\/L1071-1.jpg 1200w, https:\/\/centcols.org\/wp-content\/uploads\/2012\/01\/L1071-1-768x431.jpg 768w\" sizes=\"auto, (max-width: 1200px) 100vw, 1200px\" \/><\/a><figcaption class=\"wp-element-caption\">Album di Guy Garcin<\/figcaption><\/figure>\n\n\n\n<figure class=\"wp-block-image size-full\"><a href=\"https:\/\/centcols.org\/it\/util\/visuAlbum.php\/?album=3848-002\" target=\"_blank\" rel=\"noreferrer noopener\"><img loading=\"lazy\" decoding=\"async\" width=\"1200\" height=\"900\" data-id=\"88929\" src=\"https:\/\/centcols.org\/wp-content\/uploads\/2012\/01\/L04915-1.jpg\" alt=\"\" class=\"wp-image-88929\" srcset=\"https:\/\/centcols.org\/wp-content\/uploads\/2012\/01\/L04915-1.jpg 1200w, https:\/\/centcols.org\/wp-content\/uploads\/2012\/01\/L04915-1-768x576.jpg 768w\" sizes=\"auto, (max-width: 1200px) 100vw, 1200px\" \/><\/a><figcaption class=\"wp-element-caption\">Album di Michel Boni<\/figcaption><\/figure>\n\n\n\n<figure class=\"wp-block-image size-full\"><a href=\"https:\/\/centcols.org\/it\/util\/visuAlbum.php\/?album=5913-001\" target=\"_blank\" rel=\"noreferrer noopener\"><img loading=\"lazy\" decoding=\"async\" width=\"1200\" height=\"900\" data-id=\"88931\" src=\"https:\/\/centcols.org\/wp-content\/uploads\/2012\/01\/L0843-1.jpg\" alt=\"\" class=\"wp-image-88931\" srcset=\"https:\/\/centcols.org\/wp-content\/uploads\/2012\/01\/L0843-1.jpg 1200w, https:\/\/centcols.org\/wp-content\/uploads\/2012\/01\/L0843-1-768x576.jpg 768w\" sizes=\"auto, (max-width: 1200px) 100vw, 1200px\" \/><\/a><figcaption class=\"wp-element-caption\">Album di Jaime Monter<\/figcaption><\/figure>\n\n\n\n<figure class=\"wp-block-image size-full\"><a href=\"https:\/\/centcols.org\/it\/util\/visuAlbum.php\/?album=1202-009\" target=\"_blank\" rel=\"noreferrer noopener\"><img loading=\"lazy\" decoding=\"async\" width=\"1200\" height=\"800\" data-id=\"88933\" src=\"https:\/\/centcols.org\/wp-content\/uploads\/2012\/01\/L05410-1.jpg\" alt=\"\" class=\"wp-image-88933\" srcset=\"https:\/\/centcols.org\/wp-content\/uploads\/2012\/01\/L05410-1.jpg 1200w, https:\/\/centcols.org\/wp-content\/uploads\/2012\/01\/L05410-1-768x512.jpg 768w\" sizes=\"auto, (max-width: 1200px) 100vw, 1200px\" \/><\/a><figcaption class=\"wp-element-caption\">Album di Didier R\u00e9mond<\/figcaption><\/figure>\n\n\n\n<figure class=\"wp-block-image size-full\"><a href=\"https:\/\/centcols.org\/it\/util\/visuAlbum.php\/?album=6796-002\" target=\"_blank\" rel=\"noreferrer noopener\"><img loading=\"lazy\" decoding=\"async\" width=\"1200\" height=\"896\" data-id=\"88934\" src=\"https:\/\/centcols.org\/wp-content\/uploads\/2012\/01\/L02328-1.jpg\" alt=\"\" class=\"wp-image-88934\" srcset=\"https:\/\/centcols.org\/wp-content\/uploads\/2012\/01\/L02328-1.jpg 1200w, https:\/\/centcols.org\/wp-content\/uploads\/2012\/01\/L02328-1-768x573.jpg 768w\" sizes=\"auto, (max-width: 1200px) 100vw, 1200px\" \/><\/a><figcaption class=\"wp-element-caption\">Album di Michel Andurand<\/figcaption><\/figure>\n\n\n\n<figure class=\"wp-block-image size-full\"><a href=\"https:\/\/centcols.org\/it\/util\/visuAlbum.php\/?album=3092-005\" target=\"_blank\" rel=\"noreferrer noopener\"><img loading=\"lazy\" decoding=\"async\" width=\"1200\" height=\"900\" data-id=\"88935\" src=\"https:\/\/centcols.org\/wp-content\/uploads\/2012\/01\/L03322-1.jpg\" alt=\"\" class=\"wp-image-88935\" srcset=\"https:\/\/centcols.org\/wp-content\/uploads\/2012\/01\/L03322-1.jpg 1200w, https:\/\/centcols.org\/wp-content\/uploads\/2012\/01\/L03322-1-768x576.jpg 768w\" sizes=\"auto, (max-width: 1200px) 100vw, 1200px\" \/><\/a><figcaption class=\"wp-element-caption\">Album di Philippe Carrez<\/figcaption><\/figure>\n<\/figure>","protected":false},"excerpt":{"rendered":"<p>Pr\u00e9sentation Le rassemblement de printemps se d\u00e9roulera en 2012 \u00e0 R\u00e9muzat en Drome proven\u00e7ale (situ\u00e9 \u00e0 62 km de Mont\u00e9limar et \u00e0 26 km de Nyons) du 22 au 28 avril.R\u00e9muzat s&rsquo;\u00e9tend sur la rive gauche de l&rsquo;Oule, au milieu des vergers de pruniers \u00ab\u00a0prune fleurie\u00a0\u00bb. R\u00e9muzat c&rsquo;est toute la Provence, avec un soup\u00e7on alpin. [&hellip;]<\/p>\n","protected":false},"author":3,"featured_media":81530,"comment_status":"closed","ping_status":"closed","sticky":false,"template":"","format":"standard","meta":{"_acf_changed":false,"footnotes":""},"categories":[349,367,404,135,389,231],"tags":[],"class_list":["post-81529","post","type-post","status-publish","format-standard","has-post-thumbnail","hentry","category-france-pays-sejours","category-auvergne-rhone-alpes-region-sejours","category-baronnies-provencales","category-calendrier","category-26-drome","category-sejours"],"acf":[],"yoast_head":"<!-- This site is optimized with the Yoast SEO plugin v27.2 - https:\/\/yoast.com\/product\/yoast-seo-wordpress\/ -->\n<title>S\u00e9jour de printemps \u00e0 R\u00e9muzat (Dr\u00f4me) du 22 au 28 avril 2012 - Club des Cent Cols<\/title>\n<meta name=\"robots\" content=\"index, follow, max-snippet:-1, max-image-preview:large, max-video-preview:-1\" \/>\n<link rel=\"canonical\" href=\"https:\/\/centcols.org\/it\/soggiorno-2012-remuzat\/\" \/>\n<meta property=\"og:locale\" content=\"it_IT\" \/>\n<meta property=\"og:type\" content=\"article\" \/>\n<meta property=\"og:title\" content=\"S\u00e9jour de printemps \u00e0 R\u00e9muzat (Dr\u00f4me) du 22 au 28 avril 2012 - Club des Cent Cols\" \/>\n<meta property=\"og:description\" content=\"Pr\u00e9sentation Le rassemblement de printemps se d\u00e9roulera en 2012 \u00e0 R\u00e9muzat en Drome proven\u00e7ale (situ\u00e9 \u00e0 62 km de Mont\u00e9limar et \u00e0 26 km de Nyons) du 22 au 28 avril.R\u00e9muzat s&rsquo;\u00e9tend sur la rive gauche de l&rsquo;Oule, au milieu des vergers de pruniers \u00ab\u00a0prune fleurie\u00a0\u00bb. R\u00e9muzat c&rsquo;est toute la Provence, avec un soup\u00e7on alpin. [&hellip;]\" \/>\n<meta property=\"og:url\" content=\"https:\/\/centcols.org\/it\/soggiorno-2012-remuzat\/\" \/>\n<meta property=\"og:site_name\" content=\"Club des Cent Cols\" \/>\n<meta property=\"article:publisher\" content=\"https:\/\/www.facebook.com\/groups\/5261880558\/?locale=fr_FR\" \/>\n<meta property=\"article:published_time\" content=\"2012-01-23T08:10:40+00:00\" \/>\n<meta property=\"article:modified_time\" content=\"2025-10-02T14:52:03+00:00\" \/>\n<meta property=\"og:image\" content=\"https:\/\/centcols.org\/wp-content\/uploads\/2025\/05\/L00332-e1443449716141.jpg\" \/>\n\t<meta property=\"og:image:width\" content=\"640\" \/>\n\t<meta property=\"og:image:height\" content=\"480\" \/>\n\t<meta property=\"og:image:type\" content=\"image\/jpeg\" \/>\n<meta name=\"author\" content=\"Webmestre\" \/>\n<meta name=\"twitter:card\" content=\"summary_large_image\" \/>\n<meta name=\"twitter:label1\" content=\"Scritto da\" \/>\n\t<meta name=\"twitter:data1\" content=\"Webmestre\" \/>\n\t<meta name=\"twitter:label2\" content=\"Tempo di lettura stimato\" \/>\n\t<meta name=\"twitter:data2\" content=\"17 minuti\" \/>\n<script type=\"application\/ld+json\" class=\"yoast-schema-graph\">{\"@context\":\"https:\/\/schema.org\",\"@graph\":[{\"@type\":\"Article\",\"@id\":\"https:\/\/centcols.org\/sejour-2012-remuzat\/#article\",\"isPartOf\":{\"@id\":\"https:\/\/centcols.org\/sejour-2012-remuzat\/\"},\"author\":{\"name\":\"Webmestre\",\"@id\":\"https:\/\/centcols.org\/#\/schema\/person\/911b404fb133d8c913dd27cdcf71c8e5\"},\"headline\":\"S\u00e9jour de printemps \u00e0 R\u00e9muzat (Dr\u00f4me) du 22 au 28 avril 2012\",\"datePublished\":\"2012-01-23T08:10:40+00:00\",\"dateModified\":\"2025-10-02T14:52:03+00:00\",\"mainEntityOfPage\":{\"@id\":\"https:\/\/centcols.org\/sejour-2012-remuzat\/\"},\"wordCount\":2305,\"publisher\":{\"@id\":\"https:\/\/centcols.org\/#organization\"},\"image\":{\"@id\":\"https:\/\/centcols.org\/sejour-2012-remuzat\/#primaryimage\"},\"thumbnailUrl\":\"https:\/\/centcols.org\/wp-content\/uploads\/2025\/05\/L00332-e1443449716141.jpg\",\"articleSection\":[\"France\",\"Auvergne-Rh\u00f4ne-Alpes\",\"Baronnies proven\u00e7ales\",\"Calendrier\",\"26-Dr\u00f4me\",\"S\u00e9jours du Club des Cent Cols\"],\"inLanguage\":\"it-IT\"},{\"@type\":\"WebPage\",\"@id\":\"https:\/\/centcols.org\/sejour-2012-remuzat\/\",\"url\":\"https:\/\/centcols.org\/sejour-2012-remuzat\/\",\"name\":\"S\u00e9jour de printemps \u00e0 R\u00e9muzat (Dr\u00f4me) du 22 au 28 avril 2012 - Club des Cent Cols\",\"isPartOf\":{\"@id\":\"https:\/\/centcols.org\/#website\"},\"primaryImageOfPage\":{\"@id\":\"https:\/\/centcols.org\/sejour-2012-remuzat\/#primaryimage\"},\"image\":{\"@id\":\"https:\/\/centcols.org\/sejour-2012-remuzat\/#primaryimage\"},\"thumbnailUrl\":\"https:\/\/centcols.org\/wp-content\/uploads\/2025\/05\/L00332-e1443449716141.jpg\",\"datePublished\":\"2012-01-23T08:10:40+00:00\",\"dateModified\":\"2025-10-02T14:52:03+00:00\",\"breadcrumb\":{\"@id\":\"https:\/\/centcols.org\/sejour-2012-remuzat\/#breadcrumb\"},\"inLanguage\":\"it-IT\",\"potentialAction\":[{\"@type\":\"ReadAction\",\"target\":[\"https:\/\/centcols.org\/sejour-2012-remuzat\/\"]}]},{\"@type\":\"ImageObject\",\"inLanguage\":\"it-IT\",\"@id\":\"https:\/\/centcols.org\/sejour-2012-remuzat\/#primaryimage\",\"url\":\"https:\/\/centcols.org\/wp-content\/uploads\/2025\/05\/L00332-e1443449716141.jpg\",\"contentUrl\":\"https:\/\/centcols.org\/wp-content\/uploads\/2025\/05\/L00332-e1443449716141.jpg\",\"width\":640,\"height\":480},{\"@type\":\"BreadcrumbList\",\"@id\":\"https:\/\/centcols.org\/sejour-2012-remuzat\/#breadcrumb\",\"itemListElement\":[{\"@type\":\"ListItem\",\"position\":1,\"name\":\"Accueil\",\"item\":\"https:\/\/centcols.org\/\"},{\"@type\":\"ListItem\",\"position\":2,\"name\":\"S\u00e9jours du Club des Cent Cols\",\"item\":\"https:\/\/centcols.org\/rubrique\/sejours\/\"},{\"@type\":\"ListItem\",\"position\":3,\"name\":\"Pays\",\"item\":\"https:\/\/centcols.org\/rubrique\/sejours\/pays-sejours\/\"},{\"@type\":\"ListItem\",\"position\":4,\"name\":\"France\",\"item\":\"https:\/\/centcols.org\/rubrique\/sejours\/pays-sejours\/france-pays-sejours\/\"},{\"@type\":\"ListItem\",\"position\":5,\"name\":\"S\u00e9jour de printemps \u00e0 R\u00e9muzat (Dr\u00f4me) du 22 au 28 avril 2012\"}]},{\"@type\":\"WebSite\",\"@id\":\"https:\/\/centcols.org\/#website\",\"url\":\"https:\/\/centcols.org\/\",\"name\":\"Club des Cent Cols\",\"description\":\"\",\"publisher\":{\"@id\":\"https:\/\/centcols.org\/#organization\"},\"potentialAction\":[{\"@type\":\"SearchAction\",\"target\":{\"@type\":\"EntryPoint\",\"urlTemplate\":\"https:\/\/centcols.org\/?s={search_term_string}\"},\"query-input\":{\"@type\":\"PropertyValueSpecification\",\"valueRequired\":true,\"valueName\":\"search_term_string\"}}],\"inLanguage\":\"it-IT\"},{\"@type\":\"Organization\",\"@id\":\"https:\/\/centcols.org\/#organization\",\"name\":\"Club des Cent Cols\",\"url\":\"https:\/\/centcols.org\/\",\"logo\":{\"@type\":\"ImageObject\",\"inLanguage\":\"it-IT\",\"@id\":\"https:\/\/centcols.org\/#\/schema\/logo\/image\/\",\"url\":\"https:\/\/centcols.org\/wp-content\/uploads\/2025\/01\/carte-icone.png\",\"contentUrl\":\"https:\/\/centcols.org\/wp-content\/uploads\/2025\/01\/carte-icone.png\",\"width\":250,\"height\":250,\"caption\":\"Club des Cent Cols\"},\"image\":{\"@id\":\"https:\/\/centcols.org\/#\/schema\/logo\/image\/\"},\"sameAs\":[\"https:\/\/www.facebook.com\/groups\/5261880558\/?locale=fr_FR\"]},{\"@type\":\"Person\",\"@id\":\"https:\/\/centcols.org\/#\/schema\/person\/911b404fb133d8c913dd27cdcf71c8e5\",\"name\":\"Webmestre\",\"image\":{\"@type\":\"ImageObject\",\"inLanguage\":\"it-IT\",\"@id\":\"https:\/\/centcols.org\/wp-content\/litespeed\/avatar\/2d246e4b6b4f773e08515e1ffc53690b.jpg?ver=1777222892\",\"url\":\"https:\/\/centcols.org\/wp-content\/litespeed\/avatar\/2d246e4b6b4f773e08515e1ffc53690b.jpg?ver=1777222892\",\"contentUrl\":\"https:\/\/centcols.org\/wp-content\/litespeed\/avatar\/2d246e4b6b4f773e08515e1ffc53690b.jpg?ver=1777222892\",\"caption\":\"Webmestre\"},\"url\":\"https:\/\/centcols.org\/it\/author\/webmestre\/\"}]}<\/script>\n<!-- \/ Yoast SEO plugin. -->","yoast_head_json":{"title":"Vacanze di primavera a R\u00e9muzat (Dr\u00f4me) dal 22 al 28 aprile 2012 - Club des Cent Cols","robots":{"index":"index","follow":"follow","max-snippet":"max-snippet:-1","max-image-preview":"max-image-preview:large","max-video-preview":"max-video-preview:-1"},"canonical":"https:\/\/centcols.org\/it\/soggiorno-2012-remuzat\/","og_locale":"it_IT","og_type":"article","og_title":"S\u00e9jour de printemps \u00e0 R\u00e9muzat (Dr\u00f4me) du 22 au 28 avril 2012 - Club des Cent Cols","og_description":"Pr\u00e9sentation Le rassemblement de printemps se d\u00e9roulera en 2012 \u00e0 R\u00e9muzat en Drome proven\u00e7ale (situ\u00e9 \u00e0 62 km de Mont\u00e9limar et \u00e0 26 km de Nyons) du 22 au 28 avril.R\u00e9muzat s&rsquo;\u00e9tend sur la rive gauche de l&rsquo;Oule, au milieu des vergers de pruniers \u00ab\u00a0prune fleurie\u00a0\u00bb. R\u00e9muzat c&rsquo;est toute la Provence, avec un soup\u00e7on alpin. [&hellip;]","og_url":"https:\/\/centcols.org\/it\/soggiorno-2012-remuzat\/","og_site_name":"Club des Cent Cols","article_publisher":"https:\/\/www.facebook.com\/groups\/5261880558\/?locale=fr_FR","article_published_time":"2012-01-23T08:10:40+00:00","article_modified_time":"2025-10-02T14:52:03+00:00","og_image":[{"width":640,"height":480,"url":"https:\/\/centcols.org\/wp-content\/uploads\/2025\/05\/L00332-e1443449716141.jpg","type":"image\/jpeg"}],"author":"Webmestre","twitter_card":"summary_large_image","twitter_misc":{"Scritto da":"Webmestre","Tempo di lettura stimato":"17 minuti"},"schema":{"@context":"https:\/\/schema.org","@graph":[{"@type":"Article","@id":"https:\/\/centcols.org\/sejour-2012-remuzat\/#article","isPartOf":{"@id":"https:\/\/centcols.org\/sejour-2012-remuzat\/"},"author":{"name":"Webmestre","@id":"https:\/\/centcols.org\/#\/schema\/person\/911b404fb133d8c913dd27cdcf71c8e5"},"headline":"S\u00e9jour de printemps \u00e0 R\u00e9muzat (Dr\u00f4me) du 22 au 28 avril 2012","datePublished":"2012-01-23T08:10:40+00:00","dateModified":"2025-10-02T14:52:03+00:00","mainEntityOfPage":{"@id":"https:\/\/centcols.org\/sejour-2012-remuzat\/"},"wordCount":2305,"publisher":{"@id":"https:\/\/centcols.org\/#organization"},"image":{"@id":"https:\/\/centcols.org\/sejour-2012-remuzat\/#primaryimage"},"thumbnailUrl":"https:\/\/centcols.org\/wp-content\/uploads\/2025\/05\/L00332-e1443449716141.jpg","articleSection":["France","Auvergne-Rh\u00f4ne-Alpes","Baronnies proven\u00e7ales","Calendrier","26-Dr\u00f4me","S\u00e9jours du Club des Cent Cols"],"inLanguage":"it-IT"},{"@type":"WebPage","@id":"https:\/\/centcols.org\/sejour-2012-remuzat\/","url":"https:\/\/centcols.org\/sejour-2012-remuzat\/","name":"Vacanze di primavera a R\u00e9muzat (Dr\u00f4me) dal 22 al 28 aprile 2012 - Club des Cent Cols","isPartOf":{"@id":"https:\/\/centcols.org\/#website"},"primaryImageOfPage":{"@id":"https:\/\/centcols.org\/sejour-2012-remuzat\/#primaryimage"},"image":{"@id":"https:\/\/centcols.org\/sejour-2012-remuzat\/#primaryimage"},"thumbnailUrl":"https:\/\/centcols.org\/wp-content\/uploads\/2025\/05\/L00332-e1443449716141.jpg","datePublished":"2012-01-23T08:10:40+00:00","dateModified":"2025-10-02T14:52:03+00:00","breadcrumb":{"@id":"https:\/\/centcols.org\/sejour-2012-remuzat\/#breadcrumb"},"inLanguage":"it-IT","potentialAction":[{"@type":"ReadAction","target":["https:\/\/centcols.org\/sejour-2012-remuzat\/"]}]},{"@type":"ImageObject","inLanguage":"it-IT","@id":"https:\/\/centcols.org\/sejour-2012-remuzat\/#primaryimage","url":"https:\/\/centcols.org\/wp-content\/uploads\/2025\/05\/L00332-e1443449716141.jpg","contentUrl":"https:\/\/centcols.org\/wp-content\/uploads\/2025\/05\/L00332-e1443449716141.jpg","width":640,"height":480},{"@type":"BreadcrumbList","@id":"https:\/\/centcols.org\/sejour-2012-remuzat\/#breadcrumb","itemListElement":[{"@type":"ListItem","position":1,"name":"Accueil","item":"https:\/\/centcols.org\/"},{"@type":"ListItem","position":2,"name":"S\u00e9jours du Club des Cent Cols","item":"https:\/\/centcols.org\/rubrique\/sejours\/"},{"@type":"ListItem","position":3,"name":"Pays","item":"https:\/\/centcols.org\/rubrique\/sejours\/pays-sejours\/"},{"@type":"ListItem","position":4,"name":"France","item":"https:\/\/centcols.org\/rubrique\/sejours\/pays-sejours\/france-pays-sejours\/"},{"@type":"ListItem","position":5,"name":"S\u00e9jour de printemps \u00e0 R\u00e9muzat (Dr\u00f4me) du 22 au 28 avril 2012"}]},{"@type":"WebSite","@id":"https:\/\/centcols.org\/#website","url":"https:\/\/centcols.org\/","name":"Club des Cent Cols","description":"","publisher":{"@id":"https:\/\/centcols.org\/#organization"},"potentialAction":[{"@type":"SearchAction","target":{"@type":"EntryPoint","urlTemplate":"https:\/\/centcols.org\/?s={search_term_string}"},"query-input":{"@type":"PropertyValueSpecification","valueRequired":true,"valueName":"search_term_string"}}],"inLanguage":"it-IT"},{"@type":"Organization","@id":"https:\/\/centcols.org\/#organization","name":"Club des Cent Cols","url":"https:\/\/centcols.org\/","logo":{"@type":"ImageObject","inLanguage":"it-IT","@id":"https:\/\/centcols.org\/#\/schema\/logo\/image\/","url":"https:\/\/centcols.org\/wp-content\/uploads\/2025\/01\/carte-icone.png","contentUrl":"https:\/\/centcols.org\/wp-content\/uploads\/2025\/01\/carte-icone.png","width":250,"height":250,"caption":"Club des Cent Cols"},"image":{"@id":"https:\/\/centcols.org\/#\/schema\/logo\/image\/"},"sameAs":["https:\/\/www.facebook.com\/groups\/5261880558\/?locale=fr_FR"]},{"@type":"Person","@id":"https:\/\/centcols.org\/#\/schema\/person\/911b404fb133d8c913dd27cdcf71c8e5","name":"Webmaster","image":{"@type":"ImageObject","inLanguage":"it-IT","@id":"https:\/\/centcols.org\/wp-content\/litespeed\/avatar\/2d246e4b6b4f773e08515e1ffc53690b.jpg?ver=1777222892","url":"https:\/\/centcols.org\/wp-content\/litespeed\/avatar\/2d246e4b6b4f773e08515e1ffc53690b.jpg?ver=1777222892","contentUrl":"https:\/\/centcols.org\/wp-content\/litespeed\/avatar\/2d246e4b6b4f773e08515e1ffc53690b.jpg?ver=1777222892","caption":"Webmestre"},"url":"https:\/\/centcols.org\/it\/author\/webmestre\/"}]}},"_links":{"self":[{"href":"https:\/\/centcols.org\/it\/wp-json\/wp\/v2\/posts\/81529","targetHints":{"allow":["GET"]}}],"collection":[{"href":"https:\/\/centcols.org\/it\/wp-json\/wp\/v2\/posts"}],"about":[{"href":"https:\/\/centcols.org\/it\/wp-json\/wp\/v2\/types\/post"}],"author":[{"embeddable":true,"href":"https:\/\/centcols.org\/it\/wp-json\/wp\/v2\/users\/3"}],"replies":[{"embeddable":true,"href":"https:\/\/centcols.org\/it\/wp-json\/wp\/v2\/comments?post=81529"}],"version-history":[{"count":0,"href":"https:\/\/centcols.org\/it\/wp-json\/wp\/v2\/posts\/81529\/revisions"}],"wp:featuredmedia":[{"embeddable":true,"href":"https:\/\/centcols.org\/it\/wp-json\/wp\/v2\/media\/81530"}],"wp:attachment":[{"href":"https:\/\/centcols.org\/it\/wp-json\/wp\/v2\/media?parent=81529"}],"wp:term":[{"taxonomy":"category","embeddable":true,"href":"https:\/\/centcols.org\/it\/wp-json\/wp\/v2\/categories?post=81529"},{"taxonomy":"post_tag","embeddable":true,"href":"https:\/\/centcols.org\/it\/wp-json\/wp\/v2\/tags?post=81529"}],"curies":[{"name":"wp","href":"https:\/\/api.w.org\/{rel}","templated":true}]}}