{"id":81561,"date":"2013-01-23T10:12:09","date_gmt":"2013-01-23T08:12:09","guid":{"rendered":"https:\/\/centcols.org\/sejour-de-printemps-a-belgodere-lozari-haute-corse-du-21-au-27-avril-2013\/"},"modified":"2025-09-02T08:52:44","modified_gmt":"2025-09-02T06:52:44","slug":"soggiorno-2013-lozari","status":"publish","type":"post","link":"https:\/\/centcols.org\/it\/sejour-2013-lozari\/","title":{"rendered":"Vacanze di primavera a Belgod\u00e8re \/ Lozari (Haute-Corse) dal 21 al 27 aprile 2013"},"content":{"rendered":"<h2 class=\"wp-block-heading\">Presentazione<\/h2>\n\n\n\n<p>Dopo Porticcio e la costa sud del Golfo di Ajaccio nel 2010, Lozari e la regione della Balagne accoglieranno il Club des cent Cols per il suo evento primaverile dal 21 al 27 aprile 2013.<br>La Balagne \u00e8 una vasta conca, aperta a nord-ovest sul Mediterraneo e dominata da una serie di cime, alcune delle quali superano i 2000 metri di altezza e spesso sono coperte di neve in aprile. Il suo rilievo \u00e8 tormentato da una rete di creste secondarie su cui si arroccano i numerosi e bellissimi villaggi antichi che testimoniano una presenza umana ancestrale.<br>Calvi (5.400 abitanti in inverno) e L'\u00cele-Rousse (2.800 abitanti) sono i due principali centri economici della regione, basati principalmente sul turismo. Ognuna ha un proprio porto con collegamenti con Nizza, Tolone, Marsiglia, Savona e Genova in Italia.<br>L'agricoltura \u00e8 l'altra faccia dell'economia, con l'allevamento di ovini, suini e bovini e, soprattutto, la viticoltura, che qui vanta alcune tenute di grande fama.<br>Le vie d'uscita dalla Balagne sono poche e tutte attraverso i passi di montagna, oggetto della nostra attenzione, tranne che all'estremit\u00e0 settentrionale della Balagne, a 8 km da L'\u00cele-Rousse sulla N197, dove si trova la frazione di Lozari, nel comune di Belgod\u00e8re, tra il mare e le montagne, sede del nostro alloggio.<br>Per scoprire la regione in immagini, guardate questo slideshow di Nadine Giraudeau (5633)<\/p>\n\n\n\n<h2 class=\"wp-block-heading\">Alloggio e registrazione<\/h2>\n\n\n\n<p>Alloggeremo nel villaggio turistico Belambra (ex VVF) \"Golfe de Lozari\". Il villaggio turistico \u00e8 costituito da una serie di piccoli edifici, alti al massimo un piano, immersi in una pineta e separati dal mare da una spiaggia di sabbia dorata. Un sogno che diventa realt\u00e0!<\/p>\n\n\n\n<p>Per ulteriori informazioni, visitare il sito web del club: <a href=\"http:\/\/www.belambra.fr\/Corse-Belgodere__Location_-Golfe_de_Lozari\/Ete\" target=\"_blank\" rel=\"noopener\">http:\/\/www.belambra.fr\/Corse-Belgodere__Location_-Golfe_de_Lozari\/Ete<\/a><\/p>\n\n\n\n<p>Il tour inizier\u00e0 domenica 21 aprile e terminer\u00e0 sabato 27 aprile. Il pranzo della domenica sar\u00e0 incluso e verr\u00e0 fornito sotto forma di pranzo al sacco, poich\u00e9 per quel giorno sono previsti un circuito ciclistico e un percorso per mountain bike. Lo stesso vale per sabato 27 aprile, fine della vacanza, quando verr\u00e0 servito un pranzo al sacco, oltre alla cena per coloro che devono prendere la barca per tornare sulla terraferma.<\/p>\n\n\n\n<hr class=\"wp-block-separator has-alpha-channel-opacity\"\/>\n\n\n\n<h2 class=\"wp-block-heading\">Trasporto marittimo<\/h2>\n\n\n\n<p><strong>Ognuno dovr\u00e0 occuparsi della propria spedizione<\/strong> che possono essere effettuate da vari porti della Francia (Marsiglia, Tolone, Nizza) o dell'Italia (Savona, Genova, ecc.). I porti di ingresso in Corsica sono, in ordine di importanza: Bastia, a 62 km, Calvi, a 32 km e L'\u00cele-Rousse, a 8 km dal club. Le rotazioni delle barche saranno programmate verso la fine dell'anno. Prima si prenota il biglietto, meno costa!<\/p>\n\n\n\n<p>Le compagnie che servono questi porti dalla Francia sono le seguenti:<\/p>\n\n\n\n<ul class=\"wp-block-list\">\n<li>La M\u00e9ridionale : <a href=\"http:\/\/www.lameridionale.fr\/\" target=\"_blank\" rel=\"noreferrer noopener\">www.lameridionale.fr\/<\/a><\/li>\n\n\n\n<li>SNCM: <a href=\"http:\/\/www.sncm.fr\/\" target=\"_blank\" rel=\"noreferrer noopener\">www.sncm.fr\/<\/a><\/li>\n\n\n\n<li>Traghetti Corsica : <a href=\"http:\/\/www.corsica-ferries.fr\/\" target=\"_blank\" rel=\"noreferrer noopener\">www.corsica-ferries.fr\/<\/a><\/li>\n<\/ul>\n\n\n\n<h2 class=\"wp-block-heading\">Dettagli del programma<\/h2>\n\n\n\n<p>L'elenco di tutti i <a href=\"\/it\/membres\/cctours\/tours.php\/?lieu=Lozari&amp;an=2013\">circuiti<\/a> \u00e8 disponibile, cos\u00ec come elenchi separati per <a href=\"\/it\/membres\/cctours\/tours.php\/?lieu=Lozari&amp;an=2013&amp;genre=R\">percorsi stradali<\/a> e <a href=\"\/it\/membres\/cctours\/tours.php\/?lieu=Lozari&amp;an=2013&amp;genre=V\">percorsi per mountain bike<\/a>. Da questi elenchi sono disponibili anche mappe interattive, schede di percorso e profili altimetrici per ogni itinerario. Per chi utilizza un GPS o un software di mappatura sul proprio computer, \u00e8 possibile scaricare i file di geolocalizzazione. A seconda delle condizioni meteorologiche, le date possono essere modificate con breve preavviso.<\/p>\n\n\n\n<h2 class=\"wp-block-heading\">Commenti generali<\/h2>\n\n\n\n<h3 class=\"wp-block-heading\">Alcune indicazioni generali su come viaggiare in auto o in bicicletta sulle strade:<\/h3>\n\n\n\n<ul class=\"wp-block-list\">\n<li>Quasi tutti i circuiti o percorsi richiedono una partenza ritardata. Le strade pi\u00f9 utilizzate saranno la N197 tra Lozari e L'\u00cele-Rousse e la N1197 tra Lozari e Ponte-Leccia. Si tratta di strade moderne e recenti, quindi veloci. I tempi di percorrenza in auto sono quindi ridotti. Ci\u00f2 che \u00e8 un vantaggio quando si raggiungono i punti di partenza, diventa un pericolo quando si pedala. Il traffico \u00e8 comunque abbastanza leggero.<\/li>\n\n\n\n<li>Non \u00e8 cos\u00ec per l'asse Corte Ponte Leccia o Ponte Leccia Bastia, la N193, la strada principale dell'isola con un traffico denso e veloce e con mezzi pesanti. Fate attenzione e vigilate su questi tratti di strada.<\/li>\n\n\n\n<li>Altre strade sono poco o per nulla trafficate. Il tempo di percorrenza in auto sar\u00e0 pi\u00f9 lungo, ma in bicicletta sar\u00e0 molto pi\u00f9 tranquillo.<br>La maggior parte dei passi mulattieri \u00e8 ciclabile e la vegetazione \u00e8 meno aggressiva rispetto alla Corsica meridionale. Tuttavia, alcuni avvicinamenti possono essere fatti a piedi, a spinta o in spalla, a seconda delle capacit\u00e0 individuali.<\/li>\n\n\n\n<li>Sono disponibili 7 circuiti su strada e 8 percorsi per mountain bike. Ogni circuito (con un'eccezione) o percorso si basa su un unico itinerario. Nella maggior parte dei villaggi attraversati c'\u00e8 acqua, a patto di chiedere dove si trova la fontana. Attenzione, per\u00f2, in alcune zone non ci sono zone abitate o punti d'acqua.<\/li>\n<\/ul>\n\n\n\n<h2 class=\"wp-block-heading\">Album di foto<\/h2>\n\n\n\n<figure class=\"wp-block-gallery has-nested-images columns-4 is-cropped wp-block-gallery-1 is-layout-flex wp-block-gallery-is-layout-flex\">\n<figure class=\"wp-block-image size-full\"><a href=\"https:\/\/centcols.org\/it\/util\/visuAlbum.php\/?album=5650-013\" target=\"_blank\" rel=\"noreferrer noopener\"><img loading=\"lazy\" decoding=\"async\" width=\"1200\" height=\"900\" data-id=\"88839\" src=\"https:\/\/centcols.org\/wp-content\/uploads\/2013\/01\/L04715.jpg\" alt=\"\" class=\"wp-image-88839\" srcset=\"https:\/\/centcols.org\/wp-content\/uploads\/2013\/01\/L04715.jpg 1200w, https:\/\/centcols.org\/wp-content\/uploads\/2013\/01\/L04715-768x576.jpg 768w\" sizes=\"auto, (max-width: 1200px) 100vw, 1200px\" \/><\/a><figcaption class=\"wp-element-caption\">Album Alf\u00e9o Lotto<\/figcaption><\/figure>\n\n\n\n<figure class=\"wp-block-image size-full\"><a href=\"https:\/\/centcols.org\/it\/util\/visuAlbum.php\/?album=3225-009\" target=\"_blank\" rel=\"noreferrer noopener\"><img loading=\"lazy\" decoding=\"async\" width=\"1024\" height=\"768\" data-id=\"88840\" src=\"https:\/\/centcols.org\/wp-content\/uploads\/2013\/01\/L02128.jpg\" alt=\"\" class=\"wp-image-88840\" srcset=\"https:\/\/centcols.org\/wp-content\/uploads\/2013\/01\/L02128.jpg 1024w, https:\/\/centcols.org\/wp-content\/uploads\/2013\/01\/L02128-768x576.jpg 768w\" sizes=\"auto, (max-width: 1024px) 100vw, 1024px\" \/><\/a><figcaption class=\"wp-element-caption\">Album di R\u00e9gis Paraz<\/figcaption><\/figure>\n\n\n\n<figure class=\"wp-block-image size-full\"><a href=\"https:\/\/centcols.org\/it\/util\/visuAlbum.php\/?album=6785-002\" target=\"_blank\" rel=\"noreferrer noopener\"><img loading=\"lazy\" decoding=\"async\" width=\"1200\" height=\"900\" data-id=\"88842\" src=\"https:\/\/centcols.org\/wp-content\/uploads\/2013\/01\/L04217.jpg\" alt=\"\" class=\"wp-image-88842\" srcset=\"https:\/\/centcols.org\/wp-content\/uploads\/2013\/01\/L04217.jpg 1200w, https:\/\/centcols.org\/wp-content\/uploads\/2013\/01\/L04217-768x576.jpg 768w\" sizes=\"auto, (max-width: 1200px) 100vw, 1200px\" \/><\/a><figcaption class=\"wp-element-caption\">Album di Max Tissot<\/figcaption><\/figure>\n\n\n\n<figure class=\"wp-block-image size-full\"><a href=\"https:\/\/centcols.org\/it\/util\/visuAlbum.php\/?album=5065-003\" target=\"_blank\" rel=\"noreferrer noopener\"><img loading=\"lazy\" decoding=\"async\" width=\"1094\" height=\"821\" data-id=\"88843\" src=\"https:\/\/centcols.org\/wp-content\/uploads\/2013\/01\/L02329.jpg\" alt=\"\" class=\"wp-image-88843\" srcset=\"https:\/\/centcols.org\/wp-content\/uploads\/2013\/01\/L02329.jpg 1094w, https:\/\/centcols.org\/wp-content\/uploads\/2013\/01\/L02329-768x576.jpg 768w\" sizes=\"auto, (max-width: 1094px) 100vw, 1094px\" \/><\/a><figcaption class=\"wp-element-caption\">Album di Enrico Alberini<\/figcaption><\/figure>\n\n\n\n<figure class=\"wp-block-image size-full\"><a href=\"https:\/\/centcols.org\/it\/util\/visuAlbum.php\/?album=5193-006\" target=\"_blank\" rel=\"noreferrer noopener\"><img loading=\"lazy\" decoding=\"async\" width=\"1200\" height=\"676\" data-id=\"88845\" src=\"https:\/\/centcols.org\/wp-content\/uploads\/2013\/01\/L02628.jpg\" alt=\"\" class=\"wp-image-88845\" srcset=\"https:\/\/centcols.org\/wp-content\/uploads\/2013\/01\/L02628.jpg 1200w, https:\/\/centcols.org\/wp-content\/uploads\/2013\/01\/L02628-768x433.jpg 768w\" sizes=\"auto, (max-width: 1200px) 100vw, 1200px\" \/><\/a><figcaption class=\"wp-element-caption\">Album di Guy Harl\u00e9<\/figcaption><\/figure>\n\n\n\n<figure class=\"wp-block-image size-full\"><a href=\"https:\/\/centcols.org\/it\/util\/visuAlbum.php\/?album=3237-003\" target=\"_blank\" rel=\"noreferrer noopener\"><img loading=\"lazy\" decoding=\"async\" width=\"1200\" height=\"900\" data-id=\"88846\" src=\"https:\/\/centcols.org\/wp-content\/uploads\/2013\/01\/L01231.jpg\" alt=\"\" class=\"wp-image-88846\" srcset=\"https:\/\/centcols.org\/wp-content\/uploads\/2013\/01\/L01231.jpg 1200w, https:\/\/centcols.org\/wp-content\/uploads\/2013\/01\/L01231-768x576.jpg 768w\" sizes=\"auto, (max-width: 1200px) 100vw, 1200px\" \/><\/a><figcaption class=\"wp-element-caption\">Album di Jean-Claude Prast<\/figcaption><\/figure>\n\n\n\n<figure class=\"wp-block-image size-full\"><a href=\"https:\/\/centcols.org\/it\/util\/visuAlbum.php\/?album=5600-003\" target=\"_blank\" rel=\"noreferrer noopener\"><img loading=\"lazy\" decoding=\"async\" width=\"1200\" height=\"900\" data-id=\"88847\" src=\"https:\/\/centcols.org\/wp-content\/uploads\/2013\/01\/L03323.jpg\" alt=\"\" class=\"wp-image-88847\" srcset=\"https:\/\/centcols.org\/wp-content\/uploads\/2013\/01\/L03323.jpg 1200w, https:\/\/centcols.org\/wp-content\/uploads\/2013\/01\/L03323-768x576.jpg 768w\" sizes=\"auto, (max-width: 1200px) 100vw, 1200px\" \/><\/a><figcaption class=\"wp-element-caption\">Album di Hubert Court<\/figcaption><\/figure>\n\n\n\n<figure class=\"wp-block-image size-full\"><a href=\"https:\/\/centcols.org\/it\/util\/visuAlbum.php\/?album=2880-007\" target=\"_blank\" rel=\"noreferrer noopener\"><img loading=\"lazy\" decoding=\"async\" width=\"1200\" height=\"675\" data-id=\"88848\" src=\"https:\/\/centcols.org\/wp-content\/uploads\/2013\/01\/L0599.jpg\" alt=\"\" class=\"wp-image-88848\" srcset=\"https:\/\/centcols.org\/wp-content\/uploads\/2013\/01\/L0599.jpg 1200w, https:\/\/centcols.org\/wp-content\/uploads\/2013\/01\/L0599-768x432.jpg 768w\" sizes=\"auto, (max-width: 1200px) 100vw, 1200px\" \/><\/a><figcaption class=\"wp-element-caption\">Album di Guy Garcin<\/figcaption><\/figure>\n\n\n\n<figure class=\"wp-block-image size-full\"><a href=\"https:\/\/centcols.org\/it\/util\/visuAlbum.php\/?album=3693-005\" target=\"_blank\" rel=\"noreferrer noopener\"><img loading=\"lazy\" decoding=\"async\" width=\"1200\" height=\"900\" data-id=\"88850\" src=\"https:\/\/centcols.org\/wp-content\/uploads\/2013\/01\/L00234.jpg\" alt=\"\" class=\"wp-image-88850\" srcset=\"https:\/\/centcols.org\/wp-content\/uploads\/2013\/01\/L00234.jpg 1200w, https:\/\/centcols.org\/wp-content\/uploads\/2013\/01\/L00234-768x576.jpg 768w\" sizes=\"auto, (max-width: 1200px) 100vw, 1200px\" \/><\/a><figcaption class=\"wp-element-caption\">Album di Alain Brault<\/figcaption><\/figure>\n\n\n\n<figure class=\"wp-block-image size-full\"><a href=\"https:\/\/centcols.org\/it\/util\/visuAlbum.php\/?album=6796-004\" target=\"_blank\" rel=\"noreferrer noopener\"><img loading=\"lazy\" decoding=\"async\" width=\"1200\" height=\"896\" data-id=\"88851\" src=\"https:\/\/centcols.org\/wp-content\/uploads\/2013\/01\/L04121.jpg\" alt=\"\" class=\"wp-image-88851\" srcset=\"https:\/\/centcols.org\/wp-content\/uploads\/2013\/01\/L04121.jpg 1200w, https:\/\/centcols.org\/wp-content\/uploads\/2013\/01\/L04121-768x573.jpg 768w\" sizes=\"auto, (max-width: 1200px) 100vw, 1200px\" \/><\/a><figcaption class=\"wp-element-caption\">Album di Michel Andurand<\/figcaption><\/figure>\n\n\n\n<figure class=\"wp-block-image size-full\"><a href=\"https:\/\/centcols.org\/it\/util\/visuAlbum.php\/?album=5925-006\" target=\"_blank\" rel=\"noreferrer noopener\"><img loading=\"lazy\" decoding=\"async\" width=\"1200\" height=\"797\" data-id=\"88852\" src=\"https:\/\/centcols.org\/wp-content\/uploads\/2013\/01\/L00534.jpg\" alt=\"\" class=\"wp-image-88852\" srcset=\"https:\/\/centcols.org\/wp-content\/uploads\/2013\/01\/L00534.jpg 1200w, https:\/\/centcols.org\/wp-content\/uploads\/2013\/01\/L00534-768x510.jpg 768w\" sizes=\"auto, (max-width: 1200px) 100vw, 1200px\" \/><\/a><figcaption class=\"wp-element-caption\">Album di Thierry Labour<\/figcaption><\/figure>\n\n\n\n<figure class=\"wp-block-image size-full\"><a href=\"https:\/\/centcols.org\/it\/util\/visuAlbum.php\/?album=6643-010\" target=\"_blank\" rel=\"noreferrer noopener\"><img loading=\"lazy\" decoding=\"async\" width=\"1920\" height=\"1440\" data-id=\"88853\" src=\"https:\/\/centcols.org\/wp-content\/uploads\/2013\/01\/L00335.jpg\" alt=\"\" class=\"wp-image-88853\" srcset=\"https:\/\/centcols.org\/wp-content\/uploads\/2013\/01\/L00335.jpg 1920w, https:\/\/centcols.org\/wp-content\/uploads\/2013\/01\/L00335-1200x900.jpg 1200w, https:\/\/centcols.org\/wp-content\/uploads\/2013\/01\/L00335-768x576.jpg 768w, https:\/\/centcols.org\/wp-content\/uploads\/2013\/01\/L00335-1536x1152.jpg 1536w\" sizes=\"auto, (max-width: 1920px) 100vw, 1920px\" \/><\/a><figcaption class=\"wp-element-caption\">Album di Nathalie Mauret<\/figcaption><\/figure>\n<\/figure>","protected":false},"excerpt":{"rendered":"<p>Pr\u00e9sentation Apr\u00e8s Porticcio et la Rive Sud du Golfe d&rsquo;Ajaccio en 2010, c&rsquo;est Lozari et la Balagne qui accueillent le Club des cent Cols pour son rendez-vous de printemps du 21 au 27 avril 2013.La Balagne est une vaste conque, ouverte au nord-ouest sur la M\u00e9diterran\u00e9e et domin\u00e9e par un ensemble de sommets dont quelques [&hellip;]<\/p>\n","protected":false},"author":3,"featured_media":83264,"comment_status":"closed","ping_status":"closed","sticky":false,"template":"","format":"standard","meta":{"_acf_changed":false,"footnotes":""},"categories":[349,368,366,399,135,231],"tags":[],"class_list":["post-81561","post","type-post","status-publish","format-standard","has-post-thumbnail","hentry","category-france-pays-sejours","category-corse-region-sejours","category-20-corse","category-corse-massif-sejours","category-calendrier","category-sejours"],"acf":[],"yoast_head":"<!-- This site is optimized with the Yoast SEO plugin v27.2 - https:\/\/yoast.com\/product\/yoast-seo-wordpress\/ -->\n<title>S\u00e9jour de printemps \u00e0 Belgod\u00e8re \/ Lozari (Haute-Corse) du 21 au 27 avril 2013 - Club des Cent Cols<\/title>\n<meta name=\"robots\" content=\"index, follow, max-snippet:-1, max-image-preview:large, max-video-preview:-1\" \/>\n<link rel=\"canonical\" href=\"https:\/\/centcols.org\/it\/soggiorno-2013-lozari\/\" \/>\n<meta property=\"og:locale\" content=\"it_IT\" \/>\n<meta property=\"og:type\" content=\"article\" \/>\n<meta property=\"og:title\" content=\"S\u00e9jour de printemps \u00e0 Belgod\u00e8re \/ Lozari (Haute-Corse) du 21 au 27 avril 2013 - Club des Cent Cols\" \/>\n<meta property=\"og:description\" content=\"Pr\u00e9sentation Apr\u00e8s Porticcio et la Rive Sud du Golfe d&rsquo;Ajaccio en 2010, c&rsquo;est Lozari et la Balagne qui accueillent le Club des cent Cols pour son rendez-vous de printemps du 21 au 27 avril 2013.La Balagne est une vaste conque, ouverte au nord-ouest sur la M\u00e9diterran\u00e9e et domin\u00e9e par un ensemble de sommets dont quelques [&hellip;]\" \/>\n<meta property=\"og:url\" content=\"https:\/\/centcols.org\/it\/soggiorno-2013-lozari\/\" \/>\n<meta property=\"og:site_name\" content=\"Club des Cent Cols\" \/>\n<meta property=\"article:publisher\" content=\"https:\/\/www.facebook.com\/groups\/5261880558\/?locale=fr_FR\" \/>\n<meta property=\"article:published_time\" content=\"2013-01-23T08:12:09+00:00\" \/>\n<meta property=\"article:modified_time\" content=\"2025-09-02T06:52:44+00:00\" \/>\n<meta property=\"og:image\" content=\"https:\/\/centcols.org\/wp-content\/uploads\/2015\/04\/lozari01.jpg\" \/>\n\t<meta property=\"og:image:width\" content=\"1600\" \/>\n\t<meta property=\"og:image:height\" content=\"1200\" \/>\n\t<meta property=\"og:image:type\" content=\"image\/jpeg\" \/>\n<meta name=\"author\" content=\"Webmestre\" \/>\n<meta name=\"twitter:card\" content=\"summary_large_image\" \/>\n<meta name=\"twitter:label1\" content=\"Scritto da\" \/>\n\t<meta name=\"twitter:data1\" content=\"Webmestre\" \/>\n\t<meta name=\"twitter:label2\" content=\"Tempo di lettura stimato\" \/>\n\t<meta name=\"twitter:data2\" content=\"8 minuti\" \/>\n<script type=\"application\/ld+json\" class=\"yoast-schema-graph\">{\"@context\":\"https:\/\/schema.org\",\"@graph\":[{\"@type\":\"Article\",\"@id\":\"https:\/\/centcols.org\/sejour-2013-lozari\/#article\",\"isPartOf\":{\"@id\":\"https:\/\/centcols.org\/sejour-2013-lozari\/\"},\"author\":{\"name\":\"Webmestre\",\"@id\":\"https:\/\/centcols.org\/#\/schema\/person\/911b404fb133d8c913dd27cdcf71c8e5\"},\"headline\":\"S\u00e9jour de printemps \u00e0 Belgod\u00e8re \/ Lozari (Haute-Corse) du 21 au 27 avril 2013\",\"datePublished\":\"2013-01-23T08:12:09+00:00\",\"dateModified\":\"2025-09-02T06:52:44+00:00\",\"mainEntityOfPage\":{\"@id\":\"https:\/\/centcols.org\/sejour-2013-lozari\/\"},\"wordCount\":989,\"publisher\":{\"@id\":\"https:\/\/centcols.org\/#organization\"},\"image\":{\"@id\":\"https:\/\/centcols.org\/sejour-2013-lozari\/#primaryimage\"},\"thumbnailUrl\":\"https:\/\/centcols.org\/wp-content\/uploads\/2015\/04\/lozari01.jpg\",\"articleSection\":[\"France\",\"Corse\",\"20-Corse\",\"Corse\",\"Calendrier\",\"S\u00e9jours du Club des Cent Cols\"],\"inLanguage\":\"it-IT\"},{\"@type\":\"WebPage\",\"@id\":\"https:\/\/centcols.org\/sejour-2013-lozari\/\",\"url\":\"https:\/\/centcols.org\/sejour-2013-lozari\/\",\"name\":\"S\u00e9jour de printemps \u00e0 Belgod\u00e8re \/ Lozari (Haute-Corse) du 21 au 27 avril 2013 - Club des Cent Cols\",\"isPartOf\":{\"@id\":\"https:\/\/centcols.org\/#website\"},\"primaryImageOfPage\":{\"@id\":\"https:\/\/centcols.org\/sejour-2013-lozari\/#primaryimage\"},\"image\":{\"@id\":\"https:\/\/centcols.org\/sejour-2013-lozari\/#primaryimage\"},\"thumbnailUrl\":\"https:\/\/centcols.org\/wp-content\/uploads\/2015\/04\/lozari01.jpg\",\"datePublished\":\"2013-01-23T08:12:09+00:00\",\"dateModified\":\"2025-09-02T06:52:44+00:00\",\"breadcrumb\":{\"@id\":\"https:\/\/centcols.org\/sejour-2013-lozari\/#breadcrumb\"},\"inLanguage\":\"it-IT\",\"potentialAction\":[{\"@type\":\"ReadAction\",\"target\":[\"https:\/\/centcols.org\/sejour-2013-lozari\/\"]}]},{\"@type\":\"ImageObject\",\"inLanguage\":\"it-IT\",\"@id\":\"https:\/\/centcols.org\/sejour-2013-lozari\/#primaryimage\",\"url\":\"https:\/\/centcols.org\/wp-content\/uploads\/2015\/04\/lozari01.jpg\",\"contentUrl\":\"https:\/\/centcols.org\/wp-content\/uploads\/2015\/04\/lozari01.jpg\",\"width\":1600,\"height\":1200},{\"@type\":\"BreadcrumbList\",\"@id\":\"https:\/\/centcols.org\/sejour-2013-lozari\/#breadcrumb\",\"itemListElement\":[{\"@type\":\"ListItem\",\"position\":1,\"name\":\"Accueil\",\"item\":\"https:\/\/centcols.org\/\"},{\"@type\":\"ListItem\",\"position\":2,\"name\":\"S\u00e9jours du Club des Cent Cols\",\"item\":\"https:\/\/centcols.org\/rubrique\/sejours\/\"},{\"@type\":\"ListItem\",\"position\":3,\"name\":\"Pays\",\"item\":\"https:\/\/centcols.org\/rubrique\/sejours\/pays-sejours\/\"},{\"@type\":\"ListItem\",\"position\":4,\"name\":\"France\",\"item\":\"https:\/\/centcols.org\/rubrique\/sejours\/pays-sejours\/france-pays-sejours\/\"},{\"@type\":\"ListItem\",\"position\":5,\"name\":\"S\u00e9jour de printemps \u00e0 Belgod\u00e8re \/ Lozari (Haute-Corse) du 21 au 27 avril 2013\"}]},{\"@type\":\"WebSite\",\"@id\":\"https:\/\/centcols.org\/#website\",\"url\":\"https:\/\/centcols.org\/\",\"name\":\"Club des Cent Cols\",\"description\":\"\",\"publisher\":{\"@id\":\"https:\/\/centcols.org\/#organization\"},\"potentialAction\":[{\"@type\":\"SearchAction\",\"target\":{\"@type\":\"EntryPoint\",\"urlTemplate\":\"https:\/\/centcols.org\/?s={search_term_string}\"},\"query-input\":{\"@type\":\"PropertyValueSpecification\",\"valueRequired\":true,\"valueName\":\"search_term_string\"}}],\"inLanguage\":\"it-IT\"},{\"@type\":\"Organization\",\"@id\":\"https:\/\/centcols.org\/#organization\",\"name\":\"Club des Cent Cols\",\"url\":\"https:\/\/centcols.org\/\",\"logo\":{\"@type\":\"ImageObject\",\"inLanguage\":\"it-IT\",\"@id\":\"https:\/\/centcols.org\/#\/schema\/logo\/image\/\",\"url\":\"https:\/\/centcols.org\/wp-content\/uploads\/2025\/01\/carte-icone.png\",\"contentUrl\":\"https:\/\/centcols.org\/wp-content\/uploads\/2025\/01\/carte-icone.png\",\"width\":250,\"height\":250,\"caption\":\"Club des Cent Cols\"},\"image\":{\"@id\":\"https:\/\/centcols.org\/#\/schema\/logo\/image\/\"},\"sameAs\":[\"https:\/\/www.facebook.com\/groups\/5261880558\/?locale=fr_FR\"]},{\"@type\":\"Person\",\"@id\":\"https:\/\/centcols.org\/#\/schema\/person\/911b404fb133d8c913dd27cdcf71c8e5\",\"name\":\"Webmestre\",\"image\":{\"@type\":\"ImageObject\",\"inLanguage\":\"it-IT\",\"@id\":\"https:\/\/centcols.org\/wp-content\/litespeed\/avatar\/2d246e4b6b4f773e08515e1ffc53690b.jpg?ver=1777222892\",\"url\":\"https:\/\/centcols.org\/wp-content\/litespeed\/avatar\/2d246e4b6b4f773e08515e1ffc53690b.jpg?ver=1777222892\",\"contentUrl\":\"https:\/\/centcols.org\/wp-content\/litespeed\/avatar\/2d246e4b6b4f773e08515e1ffc53690b.jpg?ver=1777222892\",\"caption\":\"Webmestre\"},\"url\":\"https:\/\/centcols.org\/it\/author\/webmestre\/\"}]}<\/script>\n<!-- \/ Yoast SEO plugin. -->","yoast_head_json":{"title":"Vacanze di primavera a Belgod\u00e8re \/ Lozari (Haute-Corse) dal 21 al 27 aprile 2013 - Club des Cent Cols","robots":{"index":"index","follow":"follow","max-snippet":"max-snippet:-1","max-image-preview":"max-image-preview:large","max-video-preview":"max-video-preview:-1"},"canonical":"https:\/\/centcols.org\/it\/soggiorno-2013-lozari\/","og_locale":"it_IT","og_type":"article","og_title":"S\u00e9jour de printemps \u00e0 Belgod\u00e8re \/ Lozari (Haute-Corse) du 21 au 27 avril 2013 - Club des Cent Cols","og_description":"Pr\u00e9sentation Apr\u00e8s Porticcio et la Rive Sud du Golfe d&rsquo;Ajaccio en 2010, c&rsquo;est Lozari et la Balagne qui accueillent le Club des cent Cols pour son rendez-vous de printemps du 21 au 27 avril 2013.La Balagne est une vaste conque, ouverte au nord-ouest sur la M\u00e9diterran\u00e9e et domin\u00e9e par un ensemble de sommets dont quelques [&hellip;]","og_url":"https:\/\/centcols.org\/it\/soggiorno-2013-lozari\/","og_site_name":"Club des Cent Cols","article_publisher":"https:\/\/www.facebook.com\/groups\/5261880558\/?locale=fr_FR","article_published_time":"2013-01-23T08:12:09+00:00","article_modified_time":"2025-09-02T06:52:44+00:00","og_image":[{"width":1600,"height":1200,"url":"https:\/\/centcols.org\/wp-content\/uploads\/2015\/04\/lozari01.jpg","type":"image\/jpeg"}],"author":"Webmestre","twitter_card":"summary_large_image","twitter_misc":{"Scritto da":"Webmestre","Tempo di lettura stimato":"8 minuti"},"schema":{"@context":"https:\/\/schema.org","@graph":[{"@type":"Article","@id":"https:\/\/centcols.org\/sejour-2013-lozari\/#article","isPartOf":{"@id":"https:\/\/centcols.org\/sejour-2013-lozari\/"},"author":{"name":"Webmestre","@id":"https:\/\/centcols.org\/#\/schema\/person\/911b404fb133d8c913dd27cdcf71c8e5"},"headline":"S\u00e9jour de printemps \u00e0 Belgod\u00e8re \/ Lozari (Haute-Corse) du 21 au 27 avril 2013","datePublished":"2013-01-23T08:12:09+00:00","dateModified":"2025-09-02T06:52:44+00:00","mainEntityOfPage":{"@id":"https:\/\/centcols.org\/sejour-2013-lozari\/"},"wordCount":989,"publisher":{"@id":"https:\/\/centcols.org\/#organization"},"image":{"@id":"https:\/\/centcols.org\/sejour-2013-lozari\/#primaryimage"},"thumbnailUrl":"https:\/\/centcols.org\/wp-content\/uploads\/2015\/04\/lozari01.jpg","articleSection":["France","Corse","20-Corse","Corse","Calendrier","S\u00e9jours du Club des Cent Cols"],"inLanguage":"it-IT"},{"@type":"WebPage","@id":"https:\/\/centcols.org\/sejour-2013-lozari\/","url":"https:\/\/centcols.org\/sejour-2013-lozari\/","name":"Vacanze di primavera a Belgod\u00e8re \/ Lozari (Haute-Corse) dal 21 al 27 aprile 2013 - Club des Cent Cols","isPartOf":{"@id":"https:\/\/centcols.org\/#website"},"primaryImageOfPage":{"@id":"https:\/\/centcols.org\/sejour-2013-lozari\/#primaryimage"},"image":{"@id":"https:\/\/centcols.org\/sejour-2013-lozari\/#primaryimage"},"thumbnailUrl":"https:\/\/centcols.org\/wp-content\/uploads\/2015\/04\/lozari01.jpg","datePublished":"2013-01-23T08:12:09+00:00","dateModified":"2025-09-02T06:52:44+00:00","breadcrumb":{"@id":"https:\/\/centcols.org\/sejour-2013-lozari\/#breadcrumb"},"inLanguage":"it-IT","potentialAction":[{"@type":"ReadAction","target":["https:\/\/centcols.org\/sejour-2013-lozari\/"]}]},{"@type":"ImageObject","inLanguage":"it-IT","@id":"https:\/\/centcols.org\/sejour-2013-lozari\/#primaryimage","url":"https:\/\/centcols.org\/wp-content\/uploads\/2015\/04\/lozari01.jpg","contentUrl":"https:\/\/centcols.org\/wp-content\/uploads\/2015\/04\/lozari01.jpg","width":1600,"height":1200},{"@type":"BreadcrumbList","@id":"https:\/\/centcols.org\/sejour-2013-lozari\/#breadcrumb","itemListElement":[{"@type":"ListItem","position":1,"name":"Accueil","item":"https:\/\/centcols.org\/"},{"@type":"ListItem","position":2,"name":"S\u00e9jours du Club des Cent Cols","item":"https:\/\/centcols.org\/rubrique\/sejours\/"},{"@type":"ListItem","position":3,"name":"Pays","item":"https:\/\/centcols.org\/rubrique\/sejours\/pays-sejours\/"},{"@type":"ListItem","position":4,"name":"France","item":"https:\/\/centcols.org\/rubrique\/sejours\/pays-sejours\/france-pays-sejours\/"},{"@type":"ListItem","position":5,"name":"S\u00e9jour de printemps \u00e0 Belgod\u00e8re \/ Lozari (Haute-Corse) du 21 au 27 avril 2013"}]},{"@type":"WebSite","@id":"https:\/\/centcols.org\/#website","url":"https:\/\/centcols.org\/","name":"Club des Cent Cols","description":"","publisher":{"@id":"https:\/\/centcols.org\/#organization"},"potentialAction":[{"@type":"SearchAction","target":{"@type":"EntryPoint","urlTemplate":"https:\/\/centcols.org\/?s={search_term_string}"},"query-input":{"@type":"PropertyValueSpecification","valueRequired":true,"valueName":"search_term_string"}}],"inLanguage":"it-IT"},{"@type":"Organization","@id":"https:\/\/centcols.org\/#organization","name":"Club des Cent Cols","url":"https:\/\/centcols.org\/","logo":{"@type":"ImageObject","inLanguage":"it-IT","@id":"https:\/\/centcols.org\/#\/schema\/logo\/image\/","url":"https:\/\/centcols.org\/wp-content\/uploads\/2025\/01\/carte-icone.png","contentUrl":"https:\/\/centcols.org\/wp-content\/uploads\/2025\/01\/carte-icone.png","width":250,"height":250,"caption":"Club des Cent Cols"},"image":{"@id":"https:\/\/centcols.org\/#\/schema\/logo\/image\/"},"sameAs":["https:\/\/www.facebook.com\/groups\/5261880558\/?locale=fr_FR"]},{"@type":"Person","@id":"https:\/\/centcols.org\/#\/schema\/person\/911b404fb133d8c913dd27cdcf71c8e5","name":"Webmaster","image":{"@type":"ImageObject","inLanguage":"it-IT","@id":"https:\/\/centcols.org\/wp-content\/litespeed\/avatar\/2d246e4b6b4f773e08515e1ffc53690b.jpg?ver=1777222892","url":"https:\/\/centcols.org\/wp-content\/litespeed\/avatar\/2d246e4b6b4f773e08515e1ffc53690b.jpg?ver=1777222892","contentUrl":"https:\/\/centcols.org\/wp-content\/litespeed\/avatar\/2d246e4b6b4f773e08515e1ffc53690b.jpg?ver=1777222892","caption":"Webmestre"},"url":"https:\/\/centcols.org\/it\/author\/webmestre\/"}]}},"_links":{"self":[{"href":"https:\/\/centcols.org\/it\/wp-json\/wp\/v2\/posts\/81561","targetHints":{"allow":["GET"]}}],"collection":[{"href":"https:\/\/centcols.org\/it\/wp-json\/wp\/v2\/posts"}],"about":[{"href":"https:\/\/centcols.org\/it\/wp-json\/wp\/v2\/types\/post"}],"author":[{"embeddable":true,"href":"https:\/\/centcols.org\/it\/wp-json\/wp\/v2\/users\/3"}],"replies":[{"embeddable":true,"href":"https:\/\/centcols.org\/it\/wp-json\/wp\/v2\/comments?post=81561"}],"version-history":[{"count":0,"href":"https:\/\/centcols.org\/it\/wp-json\/wp\/v2\/posts\/81561\/revisions"}],"wp:featuredmedia":[{"embeddable":true,"href":"https:\/\/centcols.org\/it\/wp-json\/wp\/v2\/media\/83264"}],"wp:attachment":[{"href":"https:\/\/centcols.org\/it\/wp-json\/wp\/v2\/media?parent=81561"}],"wp:term":[{"taxonomy":"category","embeddable":true,"href":"https:\/\/centcols.org\/it\/wp-json\/wp\/v2\/categories?post=81561"},{"taxonomy":"post_tag","embeddable":true,"href":"https:\/\/centcols.org\/it\/wp-json\/wp\/v2\/tags?post=81561"}],"curies":[{"name":"wp","href":"https:\/\/api.w.org\/{rel}","templated":true}]}}