{"id":81574,"date":"2013-04-23T10:13:39","date_gmt":"2013-04-23T08:13:39","guid":{"rendered":"https:\/\/centcols.org\/sejour-estival-cerdan-au-village-club-dyravals-a-latour-de-carol-pyrenees-orientales-du-16-au-20-juillet-2013\/"},"modified":"2025-09-02T08:57:01","modified_gmt":"2025-09-02T06:57:01","slug":"2013-soggiorno-in-yravals","status":"publish","type":"post","link":"https:\/\/centcols.org\/it\/sejour-2013-yravals\/","title":{"rendered":"Pausa estiva Cerdan al villaggio-club d'Yravals a Latour-de-Carol (Pyr\u00e9n\u00e9es-Orientales) dal 16 al 20 luglio 2013"},"content":{"rendered":"<h2 class=\"wp-block-heading\"><span class=\"flett\">Situazione <\/span><\/h2>\n\n\n\n<p><span class=\"flett\">L<\/span>a Cerdagne \u00e8 un altopiano a un'altitudine media di 1.200 m, che occupa il bacino di un antico lago glaciale.<\/p>\n\n\n\n<p>\u00c8 circondata da cime e massicci che superano i 3.000 m, con la catena del Carlit (2.921 m) a nord e le catene del Cadi-Moixero e del Puigmal (2.910 m) a sud. Il nord \u00e8 dominato dal caos granitico, mentre il sud \u00e8 dominato dalle falesie di scisto: questi sono i materiali utilizzati per costruire le case dei villaggi dei Cerdans. La zona \u00e8 eccezionalmente luminosa e soleggiata, con circa 300 giorni di sole all'anno.<\/p>\n\n\n\n<p>La Cerdagne, che apparteneva nella sua totalit\u00e0 al regno d'Aragona, deve la sua attuale divisione al Trattato dei Pirenei firmato nel 1659 tra la Francia di Luigi XIV e la Spagna di Filippo IV. Parte della Cerdagne (33 villaggi, di cui Llivia non \u00e8 una citt\u00e0), il Conflent e il Roussillon furono ceduti alla Francia. Llivia era quindi un'enclave spagnola in territorio francese.<\/p>\n\n\n\n<p>La parte spagnola, nota come Basse Cerdagne, confina con il Principato di Andorra e con la Cerdagne francese a nord, Ripoll\u00e8s a est, Bergued\u00e0 a sud e Alt Urgell a ovest.<\/p>\n\n\n\n<p>La parte francese, o Haute Cerdagne, confina con le comarche di Ripoll\u00e8s, Cerdanya e il Principato di Andorra.<\/p>\n\n\n\n<p>La regione della Cerdagne \u00e8 stata occupata fin dalla preistoria, con resti di insediamenti neolitici e numerosi menhir e dolmen.<\/p>\n\n\n\n<p>Pi\u00f9 recenti, ma numerose, sono le chiese romaniche dell'XI secolo.<sup>e<\/sup> e XII<sup>e<\/sup> secoli, contenenti opere d'arte che vanno dagli affreschi (XII<sup>e<\/sup> secolo) alla pala d'altare barocca (XVIII<sup>e<\/sup> secolo).<\/p>\n\n\n\n<figure class=\"wp-block-gallery has-nested-images columns-3 is-cropped wp-block-gallery-1 is-layout-flex wp-block-gallery-is-layout-flex\">\n<figure class=\"wp-block-image size-full\"><img loading=\"lazy\" decoding=\"async\" width=\"164\" height=\"180\" data-id=\"88806\" src=\"https:\/\/centcols.org\/wp-content\/uploads\/2013\/04\/b_cerdanya-1.png\" alt=\"\" class=\"wp-image-88806\"\/><\/figure>\n\n\n\n<figure class=\"wp-block-image size-full\"><img loading=\"lazy\" decoding=\"async\" width=\"164\" height=\"180\" data-id=\"88807\" src=\"https:\/\/centcols.org\/wp-content\/uploads\/2013\/04\/b_66.png\" alt=\"\" class=\"wp-image-88807\"\/><\/figure>\n\n\n\n<figure class=\"wp-block-image size-full\"><img loading=\"lazy\" decoding=\"async\" width=\"164\" height=\"180\" data-id=\"88808\" src=\"https:\/\/centcols.org\/wp-content\/uploads\/2013\/04\/b_latour.png\" alt=\"\" class=\"wp-image-88808\"\/><\/figure>\n<\/figure>\n\n\n\n<figure class=\"wp-block-gallery has-nested-images columns-2 is-cropped wp-block-gallery-2 is-layout-flex wp-block-gallery-is-layout-flex\">\n<figure class=\"wp-block-image size-full\"><img loading=\"lazy\" decoding=\"async\" width=\"200\" height=\"150\" data-id=\"88809\" src=\"https:\/\/centcols.org\/wp-content\/uploads\/2013\/04\/cadi.jpg\" alt=\"\" class=\"wp-image-88809\"\/><\/figure>\n\n\n\n<figure class=\"wp-block-image size-full\"><img loading=\"lazy\" decoding=\"async\" width=\"200\" height=\"150\" data-id=\"88810\" src=\"https:\/\/centcols.org\/wp-content\/uploads\/2013\/04\/vivers.jpg\" alt=\"\" class=\"wp-image-88810\"\/><\/figure>\n<\/figure>\n\n\n\n<h2 class=\"wp-block-heading\">Alloggio e registrazione<\/h2>\n\n\n\n<p>L'alloggio sar\u00e0 presso il Village-Club d'Yravals, situato nel comune di Latour-de-Carol a 1.250 m di altitudine. \u00c8 composto da un edificio centrale con lounge, bar, wifi, ristorante e sala riunioni, e da padiglioni intorno ad esso con camere.<br>Per iscriversi, scaricare e compilare il modulo d'iscrizione, quindi restituirlo insieme al pagamento al responsabile della vacanza, il cui indirizzo \u00e8 riportato sul modulo, tramite <strong>15 giugno 2013.<\/strong><\/p>\n\n\n\n<p>Il club ha negoziato una tariffa di gruppo e un pacchetto per il periodo in questione e non gestisce notti extra.<\/p>\n\n\n\n<p>Per tutte le richieste di arrivo anticipato o partenza ritardata, si prega di contattare direttamente il reparto prenotazioni: Barbara al numero +33 (0)4 68 30 64 00 o&nbsp;<a href=\"\/it\/m&\/#97;&#105;&#x6c;&#x74;&#x6f;:&#99;&#111;&#x6e;&#x74;&#x61;ct&#64;&#x79;&#x72;&#x61;va&#108;&#115;&#x2e;&#x63;&#x6f;m\">contact@yravals.com<\/a> (specificare il gruppo Cent Cols per beneficiare di una tariffa preferenziale).<\/p>\n\n\n\n<p>Per maggiori informazioni, visitate il sito web del Village-Club: <a href=\"http:\/\/www.yravals.com\/\" target=\"_blank\" rel=\"noopener\">http:\/\/www.yravals.com\/<\/a><\/p>\n\n\n\n<figure class=\"wp-block-gallery has-nested-images columns-3 is-cropped wp-block-gallery-3 is-layout-flex wp-block-gallery-is-layout-flex\">\n<figure class=\"wp-block-image size-full\"><img loading=\"lazy\" decoding=\"async\" width=\"100\" height=\"100\" data-id=\"88811\" src=\"https:\/\/centcols.org\/wp-content\/uploads\/2013\/04\/club_chambre1-100x100-1.jpg\" alt=\"\" class=\"wp-image-88811\" srcset=\"https:\/\/centcols.org\/wp-content\/uploads\/2013\/04\/club_chambre1-100x100-1.jpg 100w, https:\/\/centcols.org\/wp-content\/uploads\/2013\/04\/club_chambre1-100x100-1-12x12.jpg 12w\" sizes=\"auto, (max-width: 100px) 100vw, 100px\" \/><\/figure>\n\n\n\n<figure class=\"wp-block-image size-full\"><img loading=\"lazy\" decoding=\"async\" width=\"200\" height=\"150\" data-id=\"88812\" src=\"https:\/\/centcols.org\/wp-content\/uploads\/2013\/04\/clubExt.jpg\" alt=\"\" class=\"wp-image-88812\"\/><\/figure>\n\n\n\n<figure class=\"wp-block-image size-full\"><img loading=\"lazy\" decoding=\"async\" width=\"200\" height=\"150\" data-id=\"88813\" src=\"https:\/\/centcols.org\/wp-content\/uploads\/2013\/04\/clubResto.jpg\" alt=\"\" class=\"wp-image-88813\"\/><\/figure>\n<\/figure>\n\n\n\n<h2 class=\"wp-block-heading\">Dettagli del programma<\/h2>\n\n\n\n<p>Ci sono abbastanza tour per chi vuole rimanere tutta la settimana.<br>Ogni giorno vi verranno proposte una strada e una mulattiera, che vi condurranno attraverso paesaggi meravigliosi e, per chi vuole prendersi il disturbo, la ricchezza del patrimonio locale.<\/p>\n\n\n\n<p>\u00c8 possibile visualizzare sia il campo <a href=\"\/it\/membres\/cctours\/tours.php\/?lieu=Yravals&amp;an=2013\">tutti i tour<\/a>o elenchi separati per i circuiti <a href=\"\/it\/membres\/cctours\/tours.php\/?lieu=Yravals&amp;an=2013&amp;genre=R\">strada<\/a> e <a href=\"\/it\/membres\/cctours\/tours.php\/?lieu=Yravals&amp;an=2013&amp;genre=V\">BICICLETTA DA MONTAGNA<\/a>. Da questi elenchi sono disponibili anche mappe interattive, schede dei percorsi e profili altimetrici per ogni itinerario.<br>Per chi utilizza un software GPS o di mappatura sul proprio computer, \u00e8 possibile scaricare i file di geolocalizzazione.<\/p>\n\n\n\n<p><strong>Si prega di notare:<\/strong> Sebbene i file di geolocalizzazione di Carto Exploreur siano disponibili per tutti i tour, sono utili solo per i tour interamente in Francia, poich\u00e9 la mappatura di questo software si ferma ai confini. Per i tour in Andorra e Spagna, \u00e8 necessario utilizzare un altro pacchetto software.<br>A seconda delle condizioni meteorologiche, le date possono essere modificate con breve preavviso.<br>Questi circuiti sono stati progettati da <strong>Alain Gillodes<\/strong> e tracciato da <strong>R\u00e9gis Paraz<\/strong>. L'elenco dei percorsi, le mappe statiche e interattive, i profili altimetrici e i file di geolocalizzazione sono stati prodotti da <strong>Patrick Schleppi<\/strong>.<\/p>\n\n\n\n<h2 class=\"wp-block-heading\">Opuscolo<\/h2>\n\n\n\n<p>La <a href=\"https:\/\/centcols.org\/wp-content\/uploads\/2025\/09\/Yravals13.pdf\">opuscolo<\/a> \u00e8 disponibile per il download in formato PDF. Contiene informazioni sulla regione e sul programma, tra cui mappe del percorso e numerose foto.<\/p>\n\n\n\n<h2 class=\"wp-block-heading\">Attivit\u00e0 per gli accompagnatori<\/h2>\n\n\n\n<p>Per gli accompagnatori sar\u00e0 disponibile un'ampia gamma di visite e passeggiate:<\/p>\n\n\n\n<ul class=\"wp-block-list\">\n<li>Le chiese romaniche di Cerdagne<\/li>\n\n\n\n<li>Forno solare a Odeillo e centrale elettrica Th\u00e9mis a Targasonne<\/li>\n\n\n\n<li>Eremo di Belloc e terme romane di Dorres (acqua a 42\u00b0C)<\/li>\n\n\n\n<li>Il trenino giallo: visite a Mont Louis (forno solare) e a Villefranche de Conflent, entrambi siti del patrimonio mondiale dell'UNESCO.<\/li>\n\n\n\n<li>Le Train JauneSainte-Marie de Belloc<\/li>\n\n\n\n<li>Il sito classificato Bouillouses (BPF)<\/li>\n\n\n\n<li>L'enclave di Llivi\u00e0 e la sua farmacia<\/li>\n\n\n\n<li>Parco faunistico di Les Angles<\/li>\n\n\n\n<li>La riserva naturale dell'Eyne, la valle dei fiori<\/li>\n<\/ul>\n\n\n\n<h2 class=\"wp-block-heading\">Album di foto<\/h2>\n\n\n\n<figure class=\"wp-block-gallery has-nested-images columns-4 is-cropped wp-block-gallery-4 is-layout-flex wp-block-gallery-is-layout-flex\">\n<figure class=\"wp-block-image size-full\"><a href=\"https:\/\/centcols.org\/it\/util\/visuAlbum.php\/?album=1420-007\" target=\"_blank\" rel=\" noreferrer noopener\"><img loading=\"lazy\" decoding=\"async\" width=\"800\" height=\"600\" data-id=\"88816\" src=\"https:\/\/centcols.org\/wp-content\/uploads\/2013\/04\/M00214.jpg\" alt=\"\" class=\"wp-image-88816\" srcset=\"https:\/\/centcols.org\/wp-content\/uploads\/2013\/04\/M00214.jpg 800w, https:\/\/centcols.org\/wp-content\/uploads\/2013\/04\/M00214-768x576.jpg 768w\" sizes=\"auto, (max-width: 800px) 100vw, 800px\" \/><\/a><figcaption class=\"wp-element-caption\">Album di Guy Cambess\u00e8d\u00e8s<\/figcaption><\/figure>\n\n\n\n<figure class=\"wp-block-image size-full\"><a href=\"https:\/\/centcols.org\/it\/util\/visuAlbum.php\/?album=3848-005\" target=\"_blank\" rel=\" noreferrer noopener\"><img loading=\"lazy\" decoding=\"async\" width=\"1366\" height=\"1024\" data-id=\"88817\" src=\"https:\/\/centcols.org\/wp-content\/uploads\/2013\/04\/L02627.jpg\" alt=\"\" class=\"wp-image-88817\" srcset=\"https:\/\/centcols.org\/wp-content\/uploads\/2013\/04\/L02627.jpg 1366w, https:\/\/centcols.org\/wp-content\/uploads\/2013\/04\/L02627-1200x900.jpg 1200w, https:\/\/centcols.org\/wp-content\/uploads\/2013\/04\/L02627-768x576.jpg 768w\" sizes=\"auto, (max-width: 1366px) 100vw, 1366px\" \/><\/a><figcaption class=\"wp-element-caption\">Album di Michel Boni<\/figcaption><\/figure>\n\n\n\n<figure class=\"wp-block-image size-full\"><a href=\"https:\/\/centcols.org\/it\/util\/visuAlbum.php\/?album=3092-008\" target=\"_blank\" rel=\" noreferrer noopener\"><img loading=\"lazy\" decoding=\"async\" width=\"1920\" height=\"1440\" data-id=\"88818\" src=\"https:\/\/centcols.org\/wp-content\/uploads\/2013\/04\/L00334.jpg\" alt=\"\" class=\"wp-image-88818\" srcset=\"https:\/\/centcols.org\/wp-content\/uploads\/2013\/04\/L00334.jpg 1920w, https:\/\/centcols.org\/wp-content\/uploads\/2013\/04\/L00334-1200x900.jpg 1200w, https:\/\/centcols.org\/wp-content\/uploads\/2013\/04\/L00334-768x576.jpg 768w, https:\/\/centcols.org\/wp-content\/uploads\/2013\/04\/L00334-1536x1152.jpg 1536w\" sizes=\"auto, (max-width: 1920px) 100vw, 1920px\" \/><\/a><figcaption class=\"wp-element-caption\">Album di Philippe Carrez<\/figcaption><\/figure>\n\n\n\n<figure class=\"wp-block-image size-full\"><a href=\"https:\/\/centcols.org\/it\/util\/visuAlbum.php\/?album=1825-001\" target=\"_blank\" rel=\" noreferrer noopener\"><img loading=\"lazy\" decoding=\"async\" width=\"1920\" height=\"1082\" data-id=\"88819\" src=\"https:\/\/centcols.org\/wp-content\/uploads\/2013\/04\/L00832.jpg\" alt=\"\" class=\"wp-image-88819\" srcset=\"https:\/\/centcols.org\/wp-content\/uploads\/2013\/04\/L00832.jpg 1920w, https:\/\/centcols.org\/wp-content\/uploads\/2013\/04\/L00832-1200x676.jpg 1200w, https:\/\/centcols.org\/wp-content\/uploads\/2013\/04\/L00832-768x433.jpg 768w, https:\/\/centcols.org\/wp-content\/uploads\/2013\/04\/L00832-1536x866.jpg 1536w\" sizes=\"auto, (max-width: 1920px) 100vw, 1920px\" \/><\/a><figcaption class=\"wp-element-caption\">Album di Alain Darget<\/figcaption><\/figure>\n\n\n\n<figure class=\"wp-block-image size-full\"><a href=\"https:\/\/centcols.org\/it\/util\/visuAlbum.php\/?album=3848-005\" target=\"_blank\" rel=\" noreferrer noopener\"><img loading=\"lazy\" decoding=\"async\" width=\"1920\" height=\"1440\" data-id=\"88820\" src=\"https:\/\/centcols.org\/wp-content\/uploads\/2013\/04\/L00233.jpg\" alt=\"\" class=\"wp-image-88820\" srcset=\"https:\/\/centcols.org\/wp-content\/uploads\/2013\/04\/L00233.jpg 1920w, https:\/\/centcols.org\/wp-content\/uploads\/2013\/04\/L00233-1200x900.jpg 1200w, https:\/\/centcols.org\/wp-content\/uploads\/2013\/04\/L00233-768x576.jpg 768w, https:\/\/centcols.org\/wp-content\/uploads\/2013\/04\/L00233-1536x1152.jpg 1536w\" sizes=\"auto, (max-width: 1920px) 100vw, 1920px\" \/><\/a><figcaption class=\"wp-element-caption\">Album di Max Tissot<\/figcaption><\/figure>\n\n\n\n<figure class=\"wp-block-image size-full\"><a href=\"https:\/\/centcols.org\/it\/util\/visuAlbum.php\/?album=676-003\" target=\"_blank\" rel=\" noreferrer noopener\"><img loading=\"lazy\" decoding=\"async\" width=\"600\" height=\"450\" data-id=\"88821\" src=\"https:\/\/centcols.org\/wp-content\/uploads\/2013\/04\/M0258.jpg\" alt=\"\" class=\"wp-image-88821\"\/><\/a><figcaption class=\"wp-element-caption\">Album di Alain S\u00e9venier<\/figcaption><\/figure>\n\n\n\n<figure class=\"wp-block-image size-full\"><a href=\"https:\/\/centcols.org\/it\/util\/visuAlbum.php\/?album=5065-005\" target=\"_blank\" rel=\" noreferrer noopener\"><img loading=\"lazy\" decoding=\"async\" width=\"1920\" height=\"1440\" data-id=\"88822\" src=\"https:\/\/centcols.org\/wp-content\/uploads\/2013\/04\/L010210.jpg\" alt=\"\" class=\"wp-image-88822\" srcset=\"https:\/\/centcols.org\/wp-content\/uploads\/2013\/04\/L010210.jpg 1920w, https:\/\/centcols.org\/wp-content\/uploads\/2013\/04\/L010210-1200x900.jpg 1200w, https:\/\/centcols.org\/wp-content\/uploads\/2013\/04\/L010210-768x576.jpg 768w, https:\/\/centcols.org\/wp-content\/uploads\/2013\/04\/L010210-1536x1152.jpg 1536w\" sizes=\"auto, (max-width: 1920px) 100vw, 1920px\" \/><\/a><figcaption class=\"wp-element-caption\">Album di Enrico Alberini<\/figcaption><\/figure>\n\n\n\n<figure class=\"wp-block-image size-full\"><a href=\"https:\/\/centcols.org\/it\/util\/visuAlbum.php\/?album=6796-005\" target=\"_blank\" rel=\" noreferrer noopener\"><img loading=\"lazy\" decoding=\"async\" width=\"1280\" height=\"960\" data-id=\"88823\" src=\"https:\/\/centcols.org\/wp-content\/uploads\/2013\/04\/L01132.jpg\" alt=\"\" class=\"wp-image-88823\" srcset=\"https:\/\/centcols.org\/wp-content\/uploads\/2013\/04\/L01132.jpg 1280w, https:\/\/centcols.org\/wp-content\/uploads\/2013\/04\/L01132-1200x900.jpg 1200w, https:\/\/centcols.org\/wp-content\/uploads\/2013\/04\/L01132-768x576.jpg 768w\" sizes=\"auto, (max-width: 1280px) 100vw, 1280px\" \/><\/a><figcaption class=\"wp-element-caption\">Album di Michel Andurand<\/figcaption><\/figure>\n\n\n\n<figure class=\"wp-block-image size-full\"><a href=\"https:\/\/centcols.org\/it\/util\/visuAlbum.php\/?album=5756-002\" target=\"_blank\" rel=\" noreferrer noopener\"><img loading=\"lazy\" decoding=\"async\" width=\"1920\" height=\"1440\" data-id=\"88824\" src=\"https:\/\/centcols.org\/wp-content\/uploads\/2013\/04\/L00932.jpg\" alt=\"\" class=\"wp-image-88824\" srcset=\"https:\/\/centcols.org\/wp-content\/uploads\/2013\/04\/L00932.jpg 1920w, https:\/\/centcols.org\/wp-content\/uploads\/2013\/04\/L00932-1200x900.jpg 1200w, https:\/\/centcols.org\/wp-content\/uploads\/2013\/04\/L00932-768x576.jpg 768w, https:\/\/centcols.org\/wp-content\/uploads\/2013\/04\/L00932-1536x1152.jpg 1536w\" sizes=\"auto, (max-width: 1920px) 100vw, 1920px\" \/><\/a><figcaption class=\"wp-element-caption\">Album di Gerald Cowham<\/figcaption><\/figure>\n\n\n\n<figure class=\"wp-block-image size-full\"><a href=\"https:\/\/centcols.org\/it\/util\/visuAlbum.php\/?album=3693-006\" target=\"_blank\" rel=\" noreferrer noopener\"><img loading=\"lazy\" decoding=\"async\" width=\"986\" height=\"657\" data-id=\"88830\" src=\"https:\/\/centcols.org\/wp-content\/uploads\/2013\/04\/latour_111.jpg\" alt=\"\" class=\"wp-image-88830\" srcset=\"https:\/\/centcols.org\/wp-content\/uploads\/2013\/04\/latour_111.jpg 986w, https:\/\/centcols.org\/wp-content\/uploads\/2013\/04\/latour_111-768x512.jpg 768w\" sizes=\"auto, (max-width: 986px) 100vw, 986px\" \/><\/a><figcaption class=\"wp-element-caption\">Album di Alain Brault<\/figcaption><\/figure>\n\n\n\n<figure class=\"wp-block-image size-full\"><a href=\"https:\/\/centcols.org\/it\/util\/visuAlbum.php\/?album=0396-003\" target=\"_blank\" rel=\" noreferrer noopener\"><img loading=\"lazy\" decoding=\"async\" width=\"1080\" height=\"720\" data-id=\"88826\" src=\"https:\/\/centcols.org\/wp-content\/uploads\/2013\/04\/L01431.jpg\" alt=\"\" class=\"wp-image-88826\" srcset=\"https:\/\/centcols.org\/wp-content\/uploads\/2013\/04\/L01431.jpg 1080w, https:\/\/centcols.org\/wp-content\/uploads\/2013\/04\/L01431-768x512.jpg 768w\" sizes=\"auto, (max-width: 1080px) 100vw, 1080px\" \/><\/a><figcaption class=\"wp-element-caption\">Album di Daniel Beaujoin<\/figcaption><\/figure>\n\n\n\n<figure class=\"wp-block-image size-full\"><a href=\"https:\/\/centcols.org\/it\/util\/visuAlbum.php\/?album=4889-003\" target=\"_blank\" rel=\" noreferrer noopener\"><img loading=\"lazy\" decoding=\"async\" width=\"1600\" height=\"1200\" data-id=\"88827\" src=\"https:\/\/centcols.org\/wp-content\/uploads\/2013\/04\/L0725.jpg\" alt=\"\" class=\"wp-image-88827\" srcset=\"https:\/\/centcols.org\/wp-content\/uploads\/2013\/04\/L0725.jpg 1600w, https:\/\/centcols.org\/wp-content\/uploads\/2013\/04\/L0725-1200x900.jpg 1200w, https:\/\/centcols.org\/wp-content\/uploads\/2013\/04\/L0725-768x576.jpg 768w, https:\/\/centcols.org\/wp-content\/uploads\/2013\/04\/L0725-1536x1152.jpg 1536w\" sizes=\"auto, (max-width: 1600px) 100vw, 1600px\" \/><\/a><figcaption class=\"wp-element-caption\">Album di Mario Labelle<\/figcaption><\/figure>\n\n\n\n<figure class=\"wp-block-image size-full\"><a href=\"https:\/\/centcols.org\/it\/util\/visuAlbum.php\/?album=5650-016\" target=\"_blank\" rel=\" noreferrer noopener\"><img loading=\"lazy\" decoding=\"async\" width=\"1920\" height=\"1440\" data-id=\"88828\" src=\"https:\/\/centcols.org\/wp-content\/uploads\/2013\/04\/L04516.jpg\" alt=\"\" class=\"wp-image-88828\" srcset=\"https:\/\/centcols.org\/wp-content\/uploads\/2013\/04\/L04516.jpg 1920w, https:\/\/centcols.org\/wp-content\/uploads\/2013\/04\/L04516-1200x900.jpg 1200w, https:\/\/centcols.org\/wp-content\/uploads\/2013\/04\/L04516-768x576.jpg 768w, https:\/\/centcols.org\/wp-content\/uploads\/2013\/04\/L04516-1536x1152.jpg 1536w\" sizes=\"auto, (max-width: 1920px) 100vw, 1920px\" \/><\/a><figcaption class=\"wp-element-caption\">Album Alf\u00e9o Lotto<\/figcaption><\/figure>\n\n\n\n<figure class=\"wp-block-image size-full\"><a href=\"https:\/\/centcols.org\/it\/util\/visuAlbum.php\/?album=0-3\"><img loading=\"lazy\" decoding=\"async\" width=\"1920\" height=\"1440\" data-id=\"88829\" src=\"https:\/\/centcols.org\/wp-content\/uploads\/2013\/04\/L01032.jpg\" alt=\"\" class=\"wp-image-88829\" srcset=\"https:\/\/centcols.org\/wp-content\/uploads\/2013\/04\/L01032.jpg 1920w, https:\/\/centcols.org\/wp-content\/uploads\/2013\/04\/L01032-1200x900.jpg 1200w, https:\/\/centcols.org\/wp-content\/uploads\/2013\/04\/L01032-768x576.jpg 768w, https:\/\/centcols.org\/wp-content\/uploads\/2013\/04\/L01032-1536x1152.jpg 1536w\" sizes=\"auto, (max-width: 1920px) 100vw, 1920px\" \/><\/a><figcaption class=\"wp-element-caption\">Album di Marie-Rose Brault<\/figcaption><\/figure>\n\n\n\n<figure class=\"wp-block-image size-full\"><a href=\"https:\/\/centcols.org\/it\/les_rendez-vous\/2013\/Yravals\/album_5642\/\" target=\"_blank\" rel=\" noreferrer noopener\"><img loading=\"lazy\" decoding=\"async\" width=\"986\" height=\"657\" data-id=\"88830\" src=\"https:\/\/centcols.org\/wp-content\/uploads\/2013\/04\/latour_111.jpg\" alt=\"\" class=\"wp-image-88830\" srcset=\"https:\/\/centcols.org\/wp-content\/uploads\/2013\/04\/latour_111.jpg 986w, https:\/\/centcols.org\/wp-content\/uploads\/2013\/04\/latour_111-768x512.jpg 768w\" sizes=\"auto, (max-width: 986px) 100vw, 986px\" \/><\/a><figcaption class=\"wp-element-caption\">Album di Hubert Becker<\/figcaption><\/figure>\n<\/figure>","protected":false},"excerpt":{"rendered":"<p>Situation La Cerdagne se pr\u00e9sente comme un haut plateau d\u2019une altitude moyenne de 1200 m occupant le bassin d\u2019un ancien lac glaciaire. Elle est entour\u00e9e de pics et de massifs tutoyant les 3 000 m, au nord la cha\u00eene du Carlit (2 921 m) et au sud celles de Cadi-Moixero et du Puigmal (2 910 [&hellip;]<\/p>\n","protected":false},"author":3,"featured_media":81575,"comment_status":"closed","ping_status":"closed","sticky":false,"template":"","format":"standard","meta":{"_acf_changed":false,"footnotes":""},"categories":[349,384,135,388,411,231],"tags":[],"class_list":["post-81574","post","type-post","status-publish","format-standard","has-post-thumbnail","hentry","category-france-pays-sejours","category-occitanie-region-sejours","category-calendrier","category-66-pyrenees-orientales","category-pyrenees-cerdanes","category-sejours"],"acf":[],"yoast_head":"<!-- This site is optimized with the Yoast SEO plugin v27.2 - https:\/\/yoast.com\/product\/yoast-seo-wordpress\/ -->\n<title>S\u00e9jour estival cerdan au village-club d&#039;Yravals \u00e0 Latour-de-Carol (Pyr\u00e9n\u00e9es-Orientales) du 16 au 20 juillet 2013 - Club des Cent Cols<\/title>\n<meta name=\"robots\" content=\"index, follow, max-snippet:-1, max-image-preview:large, max-video-preview:-1\" \/>\n<link rel=\"canonical\" href=\"https:\/\/centcols.org\/it\/2013-soggiorno-in-yravals\/\" \/>\n<meta property=\"og:locale\" content=\"it_IT\" \/>\n<meta property=\"og:type\" content=\"article\" \/>\n<meta property=\"og:title\" content=\"S\u00e9jour estival cerdan au village-club d&#039;Yravals \u00e0 Latour-de-Carol (Pyr\u00e9n\u00e9es-Orientales) du 16 au 20 juillet 2013 - Club des Cent Cols\" \/>\n<meta property=\"og:description\" content=\"Situation La Cerdagne se pr\u00e9sente comme un haut plateau d\u2019une altitude moyenne de 1200 m occupant le bassin d\u2019un ancien lac glaciaire. Elle est entour\u00e9e de pics et de massifs tutoyant les 3 000 m, au nord la cha\u00eene du Carlit (2 921 m) et au sud celles de Cadi-Moixero et du Puigmal (2 910 [&hellip;]\" \/>\n<meta property=\"og:url\" content=\"https:\/\/centcols.org\/it\/2013-soggiorno-in-yravals\/\" \/>\n<meta property=\"og:site_name\" content=\"Club des Cent Cols\" \/>\n<meta property=\"article:publisher\" content=\"https:\/\/www.facebook.com\/groups\/5261880558\/?locale=fr_FR\" \/>\n<meta property=\"article:published_time\" content=\"2013-04-23T08:13:39+00:00\" \/>\n<meta property=\"article:modified_time\" content=\"2025-09-02T06:57:01+00:00\" \/>\n<meta property=\"og:image\" content=\"https:\/\/centcols.org\/wp-content\/uploads\/2025\/05\/L01032-e1443428212658.jpg\" \/>\n\t<meta property=\"og:image:width\" content=\"640\" \/>\n\t<meta property=\"og:image:height\" content=\"480\" \/>\n\t<meta property=\"og:image:type\" content=\"image\/jpeg\" \/>\n<meta name=\"author\" content=\"Webmestre\" \/>\n<meta name=\"twitter:card\" content=\"summary_large_image\" \/>\n<meta name=\"twitter:label1\" content=\"Scritto da\" \/>\n\t<meta name=\"twitter:data1\" content=\"Webmestre\" \/>\n\t<meta name=\"twitter:label2\" content=\"Tempo di lettura stimato\" \/>\n\t<meta name=\"twitter:data2\" content=\"9 minuti\" \/>\n<script type=\"application\/ld+json\" class=\"yoast-schema-graph\">{\"@context\":\"https:\/\/schema.org\",\"@graph\":[{\"@type\":\"Article\",\"@id\":\"https:\/\/centcols.org\/sejour-2013-yravals\/#article\",\"isPartOf\":{\"@id\":\"https:\/\/centcols.org\/sejour-2013-yravals\/\"},\"author\":{\"name\":\"Webmestre\",\"@id\":\"https:\/\/centcols.org\/#\/schema\/person\/911b404fb133d8c913dd27cdcf71c8e5\"},\"headline\":\"S\u00e9jour estival cerdan au village-club d&rsquo;Yravals \u00e0 Latour-de-Carol (Pyr\u00e9n\u00e9es-Orientales) du 16 au 20 juillet 2013\",\"datePublished\":\"2013-04-23T08:13:39+00:00\",\"dateModified\":\"2025-09-02T06:57:01+00:00\",\"mainEntityOfPage\":{\"@id\":\"https:\/\/centcols.org\/sejour-2013-yravals\/\"},\"wordCount\":929,\"publisher\":{\"@id\":\"https:\/\/centcols.org\/#organization\"},\"image\":{\"@id\":\"https:\/\/centcols.org\/sejour-2013-yravals\/#primaryimage\"},\"thumbnailUrl\":\"https:\/\/centcols.org\/wp-content\/uploads\/2025\/05\/L01032-e1443428212658.jpg\",\"articleSection\":[\"France\",\"Occitanie\",\"Calendrier\",\"66-Pyr\u00e9n\u00e9es-Orientales\",\"Pyr\u00e9n\u00e9es cerdanes\",\"S\u00e9jours du Club des Cent Cols\"],\"inLanguage\":\"it-IT\"},{\"@type\":\"WebPage\",\"@id\":\"https:\/\/centcols.org\/sejour-2013-yravals\/\",\"url\":\"https:\/\/centcols.org\/sejour-2013-yravals\/\",\"name\":\"S\u00e9jour estival cerdan au village-club d'Yravals \u00e0 Latour-de-Carol (Pyr\u00e9n\u00e9es-Orientales) du 16 au 20 juillet 2013 - Club des Cent Cols\",\"isPartOf\":{\"@id\":\"https:\/\/centcols.org\/#website\"},\"primaryImageOfPage\":{\"@id\":\"https:\/\/centcols.org\/sejour-2013-yravals\/#primaryimage\"},\"image\":{\"@id\":\"https:\/\/centcols.org\/sejour-2013-yravals\/#primaryimage\"},\"thumbnailUrl\":\"https:\/\/centcols.org\/wp-content\/uploads\/2025\/05\/L01032-e1443428212658.jpg\",\"datePublished\":\"2013-04-23T08:13:39+00:00\",\"dateModified\":\"2025-09-02T06:57:01+00:00\",\"breadcrumb\":{\"@id\":\"https:\/\/centcols.org\/sejour-2013-yravals\/#breadcrumb\"},\"inLanguage\":\"it-IT\",\"potentialAction\":[{\"@type\":\"ReadAction\",\"target\":[\"https:\/\/centcols.org\/sejour-2013-yravals\/\"]}]},{\"@type\":\"ImageObject\",\"inLanguage\":\"it-IT\",\"@id\":\"https:\/\/centcols.org\/sejour-2013-yravals\/#primaryimage\",\"url\":\"https:\/\/centcols.org\/wp-content\/uploads\/2025\/05\/L01032-e1443428212658.jpg\",\"contentUrl\":\"https:\/\/centcols.org\/wp-content\/uploads\/2025\/05\/L01032-e1443428212658.jpg\",\"width\":640,\"height\":480},{\"@type\":\"BreadcrumbList\",\"@id\":\"https:\/\/centcols.org\/sejour-2013-yravals\/#breadcrumb\",\"itemListElement\":[{\"@type\":\"ListItem\",\"position\":1,\"name\":\"Accueil\",\"item\":\"https:\/\/centcols.org\/\"},{\"@type\":\"ListItem\",\"position\":2,\"name\":\"S\u00e9jours du Club des Cent Cols\",\"item\":\"https:\/\/centcols.org\/rubrique\/sejours\/\"},{\"@type\":\"ListItem\",\"position\":3,\"name\":\"Pays\",\"item\":\"https:\/\/centcols.org\/rubrique\/sejours\/pays-sejours\/\"},{\"@type\":\"ListItem\",\"position\":4,\"name\":\"France\",\"item\":\"https:\/\/centcols.org\/rubrique\/sejours\/pays-sejours\/france-pays-sejours\/\"},{\"@type\":\"ListItem\",\"position\":5,\"name\":\"S\u00e9jour estival cerdan au village-club d&rsquo;Yravals \u00e0 Latour-de-Carol (Pyr\u00e9n\u00e9es-Orientales) du 16 au 20 juillet 2013\"}]},{\"@type\":\"WebSite\",\"@id\":\"https:\/\/centcols.org\/#website\",\"url\":\"https:\/\/centcols.org\/\",\"name\":\"Club des Cent Cols\",\"description\":\"\",\"publisher\":{\"@id\":\"https:\/\/centcols.org\/#organization\"},\"potentialAction\":[{\"@type\":\"SearchAction\",\"target\":{\"@type\":\"EntryPoint\",\"urlTemplate\":\"https:\/\/centcols.org\/?s={search_term_string}\"},\"query-input\":{\"@type\":\"PropertyValueSpecification\",\"valueRequired\":true,\"valueName\":\"search_term_string\"}}],\"inLanguage\":\"it-IT\"},{\"@type\":\"Organization\",\"@id\":\"https:\/\/centcols.org\/#organization\",\"name\":\"Club des Cent Cols\",\"url\":\"https:\/\/centcols.org\/\",\"logo\":{\"@type\":\"ImageObject\",\"inLanguage\":\"it-IT\",\"@id\":\"https:\/\/centcols.org\/#\/schema\/logo\/image\/\",\"url\":\"https:\/\/centcols.org\/wp-content\/uploads\/2025\/01\/carte-icone.png\",\"contentUrl\":\"https:\/\/centcols.org\/wp-content\/uploads\/2025\/01\/carte-icone.png\",\"width\":250,\"height\":250,\"caption\":\"Club des Cent Cols\"},\"image\":{\"@id\":\"https:\/\/centcols.org\/#\/schema\/logo\/image\/\"},\"sameAs\":[\"https:\/\/www.facebook.com\/groups\/5261880558\/?locale=fr_FR\"]},{\"@type\":\"Person\",\"@id\":\"https:\/\/centcols.org\/#\/schema\/person\/911b404fb133d8c913dd27cdcf71c8e5\",\"name\":\"Webmestre\",\"image\":{\"@type\":\"ImageObject\",\"inLanguage\":\"it-IT\",\"@id\":\"https:\/\/centcols.org\/wp-content\/litespeed\/avatar\/2d246e4b6b4f773e08515e1ffc53690b.jpg?ver=1777222892\",\"url\":\"https:\/\/centcols.org\/wp-content\/litespeed\/avatar\/2d246e4b6b4f773e08515e1ffc53690b.jpg?ver=1777222892\",\"contentUrl\":\"https:\/\/centcols.org\/wp-content\/litespeed\/avatar\/2d246e4b6b4f773e08515e1ffc53690b.jpg?ver=1777222892\",\"caption\":\"Webmestre\"},\"url\":\"https:\/\/centcols.org\/it\/author\/webmestre\/\"}]}<\/script>\n<!-- \/ Yoast SEO plugin. -->","yoast_head_json":{"title":"Pausa estiva Cerdan al villaggio-club di Yravals a Latour-de-Carol (Pyr\u00e9n\u00e9es-Orientales) dal 16 al 20 luglio 2013 - Club des Cent Cols","robots":{"index":"index","follow":"follow","max-snippet":"max-snippet:-1","max-image-preview":"max-image-preview:large","max-video-preview":"max-video-preview:-1"},"canonical":"https:\/\/centcols.org\/it\/2013-soggiorno-in-yravals\/","og_locale":"it_IT","og_type":"article","og_title":"S\u00e9jour estival cerdan au village-club d'Yravals \u00e0 Latour-de-Carol (Pyr\u00e9n\u00e9es-Orientales) du 16 au 20 juillet 2013 - Club des Cent Cols","og_description":"Situation La Cerdagne se pr\u00e9sente comme un haut plateau d\u2019une altitude moyenne de 1200 m occupant le bassin d\u2019un ancien lac glaciaire. Elle est entour\u00e9e de pics et de massifs tutoyant les 3 000 m, au nord la cha\u00eene du Carlit (2 921 m) et au sud celles de Cadi-Moixero et du Puigmal (2 910 [&hellip;]","og_url":"https:\/\/centcols.org\/it\/2013-soggiorno-in-yravals\/","og_site_name":"Club des Cent Cols","article_publisher":"https:\/\/www.facebook.com\/groups\/5261880558\/?locale=fr_FR","article_published_time":"2013-04-23T08:13:39+00:00","article_modified_time":"2025-09-02T06:57:01+00:00","og_image":[{"width":640,"height":480,"url":"https:\/\/centcols.org\/wp-content\/uploads\/2025\/05\/L01032-e1443428212658.jpg","type":"image\/jpeg"}],"author":"Webmestre","twitter_card":"summary_large_image","twitter_misc":{"Scritto da":"Webmestre","Tempo di lettura stimato":"9 minuti"},"schema":{"@context":"https:\/\/schema.org","@graph":[{"@type":"Article","@id":"https:\/\/centcols.org\/sejour-2013-yravals\/#article","isPartOf":{"@id":"https:\/\/centcols.org\/sejour-2013-yravals\/"},"author":{"name":"Webmestre","@id":"https:\/\/centcols.org\/#\/schema\/person\/911b404fb133d8c913dd27cdcf71c8e5"},"headline":"S\u00e9jour estival cerdan au village-club d&rsquo;Yravals \u00e0 Latour-de-Carol (Pyr\u00e9n\u00e9es-Orientales) du 16 au 20 juillet 2013","datePublished":"2013-04-23T08:13:39+00:00","dateModified":"2025-09-02T06:57:01+00:00","mainEntityOfPage":{"@id":"https:\/\/centcols.org\/sejour-2013-yravals\/"},"wordCount":929,"publisher":{"@id":"https:\/\/centcols.org\/#organization"},"image":{"@id":"https:\/\/centcols.org\/sejour-2013-yravals\/#primaryimage"},"thumbnailUrl":"https:\/\/centcols.org\/wp-content\/uploads\/2025\/05\/L01032-e1443428212658.jpg","articleSection":["France","Occitanie","Calendrier","66-Pyr\u00e9n\u00e9es-Orientales","Pyr\u00e9n\u00e9es cerdanes","S\u00e9jours du Club des Cent Cols"],"inLanguage":"it-IT"},{"@type":"WebPage","@id":"https:\/\/centcols.org\/sejour-2013-yravals\/","url":"https:\/\/centcols.org\/sejour-2013-yravals\/","name":"Pausa estiva Cerdan al villaggio-club di Yravals a Latour-de-Carol (Pyr\u00e9n\u00e9es-Orientales) dal 16 al 20 luglio 2013 - Club des Cent Cols","isPartOf":{"@id":"https:\/\/centcols.org\/#website"},"primaryImageOfPage":{"@id":"https:\/\/centcols.org\/sejour-2013-yravals\/#primaryimage"},"image":{"@id":"https:\/\/centcols.org\/sejour-2013-yravals\/#primaryimage"},"thumbnailUrl":"https:\/\/centcols.org\/wp-content\/uploads\/2025\/05\/L01032-e1443428212658.jpg","datePublished":"2013-04-23T08:13:39+00:00","dateModified":"2025-09-02T06:57:01+00:00","breadcrumb":{"@id":"https:\/\/centcols.org\/sejour-2013-yravals\/#breadcrumb"},"inLanguage":"it-IT","potentialAction":[{"@type":"ReadAction","target":["https:\/\/centcols.org\/sejour-2013-yravals\/"]}]},{"@type":"ImageObject","inLanguage":"it-IT","@id":"https:\/\/centcols.org\/sejour-2013-yravals\/#primaryimage","url":"https:\/\/centcols.org\/wp-content\/uploads\/2025\/05\/L01032-e1443428212658.jpg","contentUrl":"https:\/\/centcols.org\/wp-content\/uploads\/2025\/05\/L01032-e1443428212658.jpg","width":640,"height":480},{"@type":"BreadcrumbList","@id":"https:\/\/centcols.org\/sejour-2013-yravals\/#breadcrumb","itemListElement":[{"@type":"ListItem","position":1,"name":"Accueil","item":"https:\/\/centcols.org\/"},{"@type":"ListItem","position":2,"name":"S\u00e9jours du Club des Cent Cols","item":"https:\/\/centcols.org\/rubrique\/sejours\/"},{"@type":"ListItem","position":3,"name":"Pays","item":"https:\/\/centcols.org\/rubrique\/sejours\/pays-sejours\/"},{"@type":"ListItem","position":4,"name":"France","item":"https:\/\/centcols.org\/rubrique\/sejours\/pays-sejours\/france-pays-sejours\/"},{"@type":"ListItem","position":5,"name":"S\u00e9jour estival cerdan au village-club d&rsquo;Yravals \u00e0 Latour-de-Carol (Pyr\u00e9n\u00e9es-Orientales) du 16 au 20 juillet 2013"}]},{"@type":"WebSite","@id":"https:\/\/centcols.org\/#website","url":"https:\/\/centcols.org\/","name":"Club des Cent Cols","description":"","publisher":{"@id":"https:\/\/centcols.org\/#organization"},"potentialAction":[{"@type":"SearchAction","target":{"@type":"EntryPoint","urlTemplate":"https:\/\/centcols.org\/?s={search_term_string}"},"query-input":{"@type":"PropertyValueSpecification","valueRequired":true,"valueName":"search_term_string"}}],"inLanguage":"it-IT"},{"@type":"Organization","@id":"https:\/\/centcols.org\/#organization","name":"Club des Cent Cols","url":"https:\/\/centcols.org\/","logo":{"@type":"ImageObject","inLanguage":"it-IT","@id":"https:\/\/centcols.org\/#\/schema\/logo\/image\/","url":"https:\/\/centcols.org\/wp-content\/uploads\/2025\/01\/carte-icone.png","contentUrl":"https:\/\/centcols.org\/wp-content\/uploads\/2025\/01\/carte-icone.png","width":250,"height":250,"caption":"Club des Cent Cols"},"image":{"@id":"https:\/\/centcols.org\/#\/schema\/logo\/image\/"},"sameAs":["https:\/\/www.facebook.com\/groups\/5261880558\/?locale=fr_FR"]},{"@type":"Person","@id":"https:\/\/centcols.org\/#\/schema\/person\/911b404fb133d8c913dd27cdcf71c8e5","name":"Webmaster","image":{"@type":"ImageObject","inLanguage":"it-IT","@id":"https:\/\/centcols.org\/wp-content\/litespeed\/avatar\/2d246e4b6b4f773e08515e1ffc53690b.jpg?ver=1777222892","url":"https:\/\/centcols.org\/wp-content\/litespeed\/avatar\/2d246e4b6b4f773e08515e1ffc53690b.jpg?ver=1777222892","contentUrl":"https:\/\/centcols.org\/wp-content\/litespeed\/avatar\/2d246e4b6b4f773e08515e1ffc53690b.jpg?ver=1777222892","caption":"Webmestre"},"url":"https:\/\/centcols.org\/it\/author\/webmestre\/"}]}},"_links":{"self":[{"href":"https:\/\/centcols.org\/it\/wp-json\/wp\/v2\/posts\/81574","targetHints":{"allow":["GET"]}}],"collection":[{"href":"https:\/\/centcols.org\/it\/wp-json\/wp\/v2\/posts"}],"about":[{"href":"https:\/\/centcols.org\/it\/wp-json\/wp\/v2\/types\/post"}],"author":[{"embeddable":true,"href":"https:\/\/centcols.org\/it\/wp-json\/wp\/v2\/users\/3"}],"replies":[{"embeddable":true,"href":"https:\/\/centcols.org\/it\/wp-json\/wp\/v2\/comments?post=81574"}],"version-history":[{"count":0,"href":"https:\/\/centcols.org\/it\/wp-json\/wp\/v2\/posts\/81574\/revisions"}],"wp:featuredmedia":[{"embeddable":true,"href":"https:\/\/centcols.org\/it\/wp-json\/wp\/v2\/media\/81575"}],"wp:attachment":[{"href":"https:\/\/centcols.org\/it\/wp-json\/wp\/v2\/media?parent=81574"}],"wp:term":[{"taxonomy":"category","embeddable":true,"href":"https:\/\/centcols.org\/it\/wp-json\/wp\/v2\/categories?post=81574"},{"taxonomy":"post_tag","embeddable":true,"href":"https:\/\/centcols.org\/it\/wp-json\/wp\/v2\/tags?post=81574"}],"curies":[{"name":"wp","href":"https:\/\/api.w.org\/{rel}","templated":true}]}}