{"id":81590,"date":"2011-04-23T10:09:44","date_gmt":"2011-04-23T08:09:44","guid":{"rendered":"https:\/\/centcols.org\/sejour-estival-a-saint-sauveur-camprieu-gard-du-16-au-20-aout-2011\/"},"modified":"2025-09-02T11:24:10","modified_gmt":"2025-09-02T09:24:10","slug":"soggiorno-2011-camprieu","status":"publish","type":"post","link":"https:\/\/centcols.org\/it\/sejour-2011-camprieu\/","title":{"rendered":"Pausa estiva a Saint-Sauveur-Camprieu (Gard) dal 16 al 20 agosto 2011"},"content":{"rendered":"<h2 class=\"wp-block-heading\">Presentazione<\/h2>\n\n\n\n<p>Situato all'estremo ovest delle C\u00e9vennes, il massiccio dell'Aigoual sar\u00e0 il nostro \"parco giochi\" per queste vacanze estive 2011. Il Mont Aigoual (1567 m) \u00e8 noto per il suo clima capriccioso, e le esposizioni di M\u00e9t\u00e9o-France nell'osservatorio della vetta vi daranno tutte le informazioni necessarie per capire questo clima cos\u00ec particolare.<\/p>\n\n\n\n<p>Verr\u00e0 inoltre evidenziato un altro aspetto meno conosciuto del massiccio, ovvero la foresta demaniale di Aigoual. Merita un approccio storico prima di essere esplorata. \u00c8 l'espressione concreta dell'azione dell'uomo sulla natura, nel bene e nel male. A met\u00e0 del 19\u00b0 secolo<sup>e<\/sup> Nel XIX secolo, la foresta di Aigoual si stava riducendo sotto il duplice impatto del pascolo eccessivo e dello sfruttamento eccessivo da parte dei vetrai, che chiedevano sempre di pi\u00f9 per i loro forni. Nelle valli si verificarono gravi inondazioni, con conseguenze notevoli e persino drammatiche. L'Amministrazione delle Acque e delle Foreste tent\u00f2 di rimboschire l'area, ma ci\u00f2 provoc\u00f2 una forte opposizione, poich\u00e9 si doveva scegliere tra la foresta e le aree di pascolo.<\/p>\n\n\n\n<p>Alla fine, grazie a uno sforzo eccezionale, il forestale Georges FABRE e il botanico Charles FLAHAULT sono riusciti a far ricrescere migliaia di ettari di foresta. Le specie pi\u00f9 diffuse sono l'abete rosso, il larice, il pino nero austriaco, il pino uncinato, il faggio (faou in occitano), la quercia sessile e il castagno. Sul versante meridionale pi\u00f9 ripido, i diversi livelli di vegetazione sono chiaramente visibili. Di questo periodo rimangono quattro arboreti, veri e propri laboratori a cielo aperto.<\/p>\n\n\n\n<p>Il granito \u00e8 onnipresente nel massiccio, le causses sono il regno del calcare e lo scisto \u00e8 confinato nelle valli delle C\u00e9vennes. Queste tre rocce costituiscono l'ossatura della regione e danno forma a paesaggi superbi. Le causses offrono vaste distese di deserto arido con poca vegetazione. L'acqua \u00e8 scarsa in questo terreno permeabile, dove la roccia affiora molto spesso. La flora, invece, \u00e8 estremamente ricca. I grandi rapaci amano queste vaste aree scarsamente popolate, dove il cielo \u00e8 il loro dominio.<\/p>\n\n\n\n<p>Le valli delle C\u00e9vennes, terra di \"serre\" e di \"valats\", sono luoghi di vita. Villaggi e borghi sono costruiti lungo i fiumi o arroccati su promontori. Queste montagne sono state teatro della guerra di Camisard. Uomini e donne della cosiddetta religione \"riformata\" lottarono contro il desiderio reale di imporre un'unica religione ai suoi sudditi. Massacri, deportazioni nelle galee e imprigionamenti furono il destino di coloro che scelsero di combattere, mentre altri preferirono fuggire con le loro ricchezze e le loro conoscenze in Paesi di rifugio (Svizzera, Olanda, Germania, ecc.). Qui, da queste parti, la libert\u00e0 di espressione e la tolleranza sono valori sacri. In seguito, il pastore Rabault St Etienne partecip\u00f2 ai dibattiti che portarono alla stesura della Dichiarazione dei diritti dell'uomo e del cittadino. Durante la Seconda guerra mondiale, la Resistenza trov\u00f2 nella zona un terreno di coltura ideale e, nonostante la topografia del terreno lo permettesse, uomini e donne uscirono rapidamente dalla clandestinit\u00e0 in cerca di libert\u00e0.<\/p>\n\n\n\n<figure class=\"wp-block-gallery has-nested-images columns-4 is-cropped wp-block-gallery-1 is-layout-flex wp-block-gallery-is-layout-flex\">\n<figure class=\"wp-block-image size-full\"><a href=\"https:\/\/centcols.org\/wp-content\/uploads\/2011\/04\/prevert.jpg\"><img loading=\"lazy\" decoding=\"async\" width=\"200\" height=\"150\" data-id=\"88939\" src=\"https:\/\/centcols.org\/wp-content\/uploads\/2011\/04\/prevert.jpg\" alt=\"\" class=\"wp-image-88939\"\/><\/a><\/figure>\n\n\n\n<figure class=\"wp-block-image size-full\"><a href=\"https:\/\/centcols.org\/wp-content\/uploads\/2011\/04\/piste2.jpg\"><img loading=\"lazy\" decoding=\"async\" width=\"200\" height=\"150\" data-id=\"88940\" src=\"https:\/\/centcols.org\/wp-content\/uploads\/2011\/04\/piste2.jpg\" alt=\"\" class=\"wp-image-88940\"\/><\/a><\/figure>\n\n\n\n<figure class=\"wp-block-image size-full\"><a href=\"https:\/\/centcols.org\/wp-content\/uploads\/2011\/04\/causses.jpg\"><img loading=\"lazy\" decoding=\"async\" width=\"200\" height=\"150\" data-id=\"88941\" src=\"https:\/\/centcols.org\/wp-content\/uploads\/2011\/04\/causses.jpg\" alt=\"\" class=\"wp-image-88941\"\/><\/a><\/figure>\n\n\n\n<figure class=\"wp-block-image size-full\"><a href=\"https:\/\/centcols.org\/wp-content\/uploads\/2011\/04\/genets.jpg\"><img loading=\"lazy\" decoding=\"async\" width=\"200\" height=\"150\" data-id=\"88942\" src=\"https:\/\/centcols.org\/wp-content\/uploads\/2011\/04\/genets.jpg\" alt=\"\" class=\"wp-image-88942\"\/><\/a><\/figure>\n<\/figure>\n\n\n\n<h2 class=\"wp-block-heading\">Incontro internazionale a Cap de C\u00f4te (FR-30-1189)<\/h2>\n\n\n\n<p><span class=\"flett\">L<\/span>a riunione annuale si terr\u00e0 sabato 20 agosto 2011, nei pressi del colle di Cap de C\u00f4te (<a href=\"https:\/\/centcols.org\/it\/util\/geo\/visuGP.php\/?code=FR-30-1189\" target=\"_blank\" rel=\"noopener\">FR-30-1189<\/a>) sulle pendici del formidabile Col de la Lusette (FR-30-1351). Questo passo \u00e8 rivolto a sud e presenta una strada accidentata. Ha tutte le caratteristiche di un passo difficile. Ha una pendenza irregolare e alcuni tratti difficili con brevi tratti a 15 o addirittura 17%. Un passo che non lascia indifferenti e che lascer\u00e0 il segno per molti anni a venire!<\/p>\n\n\n\n<p>Saremo accolti alla periferia del g\u00eete-refuge, su un prato con un boschetto ombreggiato messo gentilmente a nostra disposizione. Da qui, un sentiero in cemento lungo qualche centinaio di metri ci permetter\u00e0 di accedere alla \"Serre de la Toureille\". Si tratta di un meraviglioso punto panoramico su tutto il sud delle C\u00e9vennes e oltre (dal Monte Ventoux a Canigou). \u00c8 da qui che i vigili del fuoco vigilano preventivamente durante la stagione secca.<\/p>\n\n\n\n<h2 class=\"wp-block-heading\">Il tempo<\/h2>\n\n\n\n<p>In questo periodo dell'anno le temperature sono generalmente molto gradevoli, ma \u00e8 necessario portare con s\u00e9 il kit da ciclismo, perch\u00e9 l'Aigoual pu\u00f2 sempre riservare brutte sorprese....<\/p>\n\n\n\n<h2 class=\"wp-block-heading\">Tour<\/h2>\n\n\n\n<p><span class=\"flett\">N<\/span>l punto d'incontro \u00e8 St Sauveur Camprieu, a 1000 m di altitudine, sulla D986 tra Esp\u00e9rou e Meyrueis. Si tratta di un incantevole villaggio di montagna circondato da prati e boschi, con un lago artificiale e, soprattutto, l'abisso di Bramabiau (le b\u0153uf qui brame, in occitano), dove il torrente Bonheur emerge dopo un breve percorso sotterraneo.<\/p>\n\n\n\n<p>Si pedala nel Parco Nazionale delle C\u00e9vennes, dove il fuoripista \u00e8 severamente vietato. Gli appassionati di mountain bike devono rimanere sui sentieri e sulle piste. Oltre questo punto, si proceder\u00e0 solo a piedi. \u00c8 severamente vietato raccogliere fiori.<\/p>\n\n\n\n<p>Il <a href=\"\/it\/membres\/cctours\/tours.php\/?lieu=Camprieu&amp;an=2011\">itinerari proposti<\/a> sono concepiti per consentire la partecipazione del maggior numero possibile di membri della Confr\u00e9rie. Ci sar\u00e0 sempre la possibilit\u00e0 di accorciare il percorso o di offrire un itinerario pi\u00f9 ristretto. Nel corso di questo tour saranno accessibili una sessantina di passi e alcuni siti della BPF. Alcuni passi compaiono in pi\u00f9 circuiti e sono quindi ripetuti. Tuttavia, se un passo viene attraversato pi\u00f9 di una volta in un determinato tour, comparir\u00e0 solo la prima volta. I passi sono elencati nell'ordine in cui vengono attraversati in ogni tour.<\/p>\n\n\n\n<p>Anche i non camminatori non saranno dimenticati, con numerose passeggiate e visite a siti come le gole della Jonte e del Tarn, l'Aven Armand, Millau e il suo viadotto, le cantine di Roquefort, ecc...<\/p>\n\n\n\n<h2 class=\"wp-block-heading\">Sistemazione<\/h2>\n\n\n\n<p>Il centro di gravit\u00e0 sar\u00e0 il villaggio turistico \"Pont du Moulin\" a Saint-Sauveur-Camprieu. Questa struttura dispone di tutte le strutture necessarie per il successo del nostro soggiorno. Il campeggio \"T\u00e9rondel\", adiacente al centro vacanze, affitta anche case mobili. Sar\u00e0 un'ottima integrazione all'offerta di alloggi, considerando che il comune in cui soggiorniamo dispone anche di un parcheggio e di spazi per i camper.<br>La maggior parte delle camere del centro Pont du Moulin sono configurate come \"mini-appartamenti\" con due camere da letto, una con 2 letti e l'altra con 3 (compreso un letto a castello), con servizi igienici in comune per entrambe le camere (vedi pianta tipica a lato). La priorit\u00e0 sar\u00e0 data alle coppie nelle camere a 2 letti e ai singoli nelle camere a 3 letti.<\/p>\n\n\n\n<p>In loco si trova anche un hotel (l'Auberge du Bonheur) e una serie di case vacanza. Il villaggio di l'Esp\u00e9rou, a 7 km di distanza, \u00e8 servito da un'ottima strada e offre due alberghi e quattro g\u00eetes di sosta. Molti itinerari passano per questo villaggio.<\/p>\n\n\n\n<h2 class=\"wp-block-heading\">Album di foto<\/h2>\n\n\n\n<figure class=\"wp-block-gallery has-nested-images columns-4 is-cropped wp-block-gallery-2 is-layout-flex wp-block-gallery-is-layout-flex\">\n<figure class=\"wp-block-image size-full\"><a href=\"https:\/\/centcols.org\/it\/util\/visuAlbum.php\/?album=06028-002\" target=\"_blank\" rel=\"noreferrer noopener\"><img loading=\"lazy\" decoding=\"async\" width=\"1200\" height=\"674\" data-id=\"88944\" src=\"https:\/\/centcols.org\/wp-content\/uploads\/2011\/04\/L00316-1.jpg\" alt=\"\" class=\"wp-image-88944\" srcset=\"https:\/\/centcols.org\/wp-content\/uploads\/2011\/04\/L00316-1.jpg 1200w, https:\/\/centcols.org\/wp-content\/uploads\/2011\/04\/L00316-1-768x431.jpg 768w\" sizes=\"auto, (max-width: 1200px) 100vw, 1200px\" \/><\/a><figcaption class=\"wp-element-caption\">Album fotografico di Jean-Pierre Lambert<\/figcaption><\/figure>\n\n\n\n<figure class=\"wp-block-image size-full\"><a href=\"https:\/\/centcols.org\/les_rendez-vous\/2011\/Camprieu\/albums\/1420\/album.htm\" target=\"_blank\" rel=\"noreferrer noopener\"><img loading=\"lazy\" decoding=\"async\" width=\"1200\" height=\"806\" data-id=\"88945\" src=\"https:\/\/centcols.org\/wp-content\/uploads\/2011\/04\/L02613-1.jpg\" alt=\"\" class=\"wp-image-88945\" srcset=\"https:\/\/centcols.org\/wp-content\/uploads\/2011\/04\/L02613-1.jpg 1200w, https:\/\/centcols.org\/wp-content\/uploads\/2011\/04\/L02613-1-768x516.jpg 768w\" sizes=\"auto, (max-width: 1200px) 100vw, 1200px\" \/><\/a><figcaption class=\"wp-element-caption\">Album fotografico di Alain Minard (vicesindaco di Camprieu)<\/figcaption><\/figure>\n\n\n\n<figure class=\"wp-block-image size-full\"><a href=\"https:\/\/centcols.org\/it\/util\/visuAlbum.php\/?album=03225-002\" target=\"_blank\" rel=\"noreferrer noopener\"><img loading=\"lazy\" decoding=\"async\" width=\"1200\" height=\"806\" data-id=\"88946\" src=\"https:\/\/centcols.org\/wp-content\/uploads\/2011\/04\/L03324-1.jpg\" alt=\"\" class=\"wp-image-88946\" srcset=\"https:\/\/centcols.org\/wp-content\/uploads\/2011\/04\/L03324-1.jpg 1200w, https:\/\/centcols.org\/wp-content\/uploads\/2011\/04\/L03324-1-768x516.jpg 768w\" sizes=\"auto, (max-width: 1200px) 100vw, 1200px\" \/><\/a><figcaption class=\"wp-element-caption\">Album fotografico di Alain Minard (vicesindaco di Camprieu)<\/figcaption><\/figure>\n\n\n\n<figure class=\"wp-block-image size-full\"><a href=\"https:\/\/centcols.org\/it\/les_rendez-vous\/2011\/Camprieu\/albums\/5642\/\" target=\"_blank\" rel=\"noreferrer noopener\"><img loading=\"lazy\" decoding=\"async\" width=\"868\" height=\"579\" data-id=\"88948\" src=\"https:\/\/centcols.org\/wp-content\/uploads\/2011\/04\/camprieu14.jpg\" alt=\"\" class=\"wp-image-88948\" srcset=\"https:\/\/centcols.org\/wp-content\/uploads\/2011\/04\/camprieu14.jpg 868w, https:\/\/centcols.org\/wp-content\/uploads\/2011\/04\/camprieu14-768x512.jpg 768w\" sizes=\"auto, (max-width: 868px) 100vw, 868px\" \/><\/a><figcaption class=\"wp-element-caption\">Album fotografico di Hubert Becker<\/figcaption><\/figure>\n\n\n\n<figure class=\"wp-block-image size-full\"><a href=\"https:\/\/centcols.org\/it\/util\/visuAlbum.php\/?album=03019-001\" target=\"_blank\" rel=\"noreferrer noopener\"><img loading=\"lazy\" decoding=\"async\" width=\"640\" height=\"425\" data-id=\"88950\" src=\"https:\/\/centcols.org\/wp-content\/uploads\/2011\/04\/L02014-e1.jpg\" alt=\"\" class=\"wp-image-88950\"\/><\/a><figcaption class=\"wp-element-caption\">Album fotografico di Ghislain Molitor<\/figcaption><\/figure>\n\n\n\n<figure class=\"wp-block-image size-full\"><a href=\"https:\/\/centcols.org\/it\/util\/visuAlbum.php\/?album=06862-002\" target=\"_blank\" rel=\"noreferrer noopener\"><img loading=\"lazy\" decoding=\"async\" width=\"640\" height=\"480\" data-id=\"88951\" src=\"https:\/\/centcols.org\/wp-content\/uploads\/2011\/04\/L01215-1.jpg\" alt=\"\" class=\"wp-image-88951\"\/><\/a><figcaption class=\"wp-element-caption\">Album fotografico di Philippe Marquet<\/figcaption><\/figure>\n\n\n\n<figure class=\"wp-block-image size-full\"><a href=\"https:\/\/centcols.org\/it\/util\/visuAlbum.php\/?album=06642-003\" target=\"_blank\" rel=\"noreferrer noopener\"><img loading=\"lazy\" decoding=\"async\" width=\"1200\" height=\"900\" data-id=\"88952\" src=\"https:\/\/centcols.org\/wp-content\/uploads\/2011\/04\/L02813-1.jpg\" alt=\"\" class=\"wp-image-88952\" srcset=\"https:\/\/centcols.org\/wp-content\/uploads\/2011\/04\/L02813-1.jpg 1200w, https:\/\/centcols.org\/wp-content\/uploads\/2011\/04\/L02813-1-768x576.jpg 768w\" sizes=\"auto, (max-width: 1200px) 100vw, 1200px\" \/><\/a><figcaption class=\"wp-element-caption\">Album fotografico di Jo\u00eblle De Rudder-Bonnel<\/figcaption><\/figure>\n\n\n\n<figure class=\"wp-block-image size-full\"><a href=\"https:\/\/centcols.org\/it\/util\/visuAlbum.php\/?album=04782-001\" target=\"_blank\" rel=\"noreferrer noopener\"><img loading=\"lazy\" decoding=\"async\" width=\"1365\" height=\"1024\" data-id=\"88953\" src=\"https:\/\/centcols.org\/wp-content\/uploads\/2011\/04\/L01415.jpg\" alt=\"\" class=\"wp-image-88953\" srcset=\"https:\/\/centcols.org\/wp-content\/uploads\/2011\/04\/L01415.jpg 1365w, https:\/\/centcols.org\/wp-content\/uploads\/2011\/04\/L01415-1200x900.jpg 1200w, https:\/\/centcols.org\/wp-content\/uploads\/2011\/04\/L01415-768x576.jpg 768w\" sizes=\"auto, (max-width: 1365px) 100vw, 1365px\" \/><\/a><figcaption class=\"wp-element-caption\">Album fotografico di Serge Polloni<\/figcaption><\/figure>\n\n\n\n<figure class=\"wp-block-image size-full\"><a href=\"https:\/\/centcols.org\/it\/util\/visuAlbum.php\/?album=05650-005\" target=\"_blank\" rel=\"noreferrer noopener\"><img loading=\"lazy\" decoding=\"async\" width=\"1200\" height=\"900\" data-id=\"88956\" src=\"https:\/\/centcols.org\/wp-content\/uploads\/2011\/04\/L02913-1.jpg\" alt=\"\" class=\"wp-image-88956\" srcset=\"https:\/\/centcols.org\/wp-content\/uploads\/2011\/04\/L02913-1.jpg 1200w, https:\/\/centcols.org\/wp-content\/uploads\/2011\/04\/L02913-1-768x576.jpg 768w\" sizes=\"auto, (max-width: 1200px) 100vw, 1200px\" \/><\/a><figcaption class=\"wp-element-caption\">Album fotografico di Alf\u00e9o Lotto<\/figcaption><\/figure>\n\n\n\n<figure class=\"wp-block-image size-full\"><img loading=\"lazy\" decoding=\"async\" width=\"800\" height=\"600\" data-id=\"88957\" src=\"https:\/\/centcols.org\/wp-content\/uploads\/2011\/04\/Camprieu-021.jpg\" alt=\"\" class=\"wp-image-88957\" srcset=\"https:\/\/centcols.org\/wp-content\/uploads\/2011\/04\/Camprieu-021.jpg 800w, https:\/\/centcols.org\/wp-content\/uploads\/2011\/04\/Camprieu-021-768x576.jpg 768w\" sizes=\"auto, (max-width: 800px) 100vw, 800px\" \/><figcaption class=\"wp-element-caption\">Album fotografico di Guy Cambess\u00e8d\u00e8s<\/figcaption><\/figure>\n\n\n\n<figure class=\"wp-block-image size-full\"><a href=\"https:\/\/centcols.org\/it\/util\/visuAlbum.php\/?album=03225-004\" target=\"_blank\" rel=\"noreferrer noopener\"><img loading=\"lazy\" decoding=\"async\" width=\"1200\" height=\"900\" data-id=\"88958\" src=\"https:\/\/centcols.org\/wp-content\/uploads\/2011\/04\/L01914-1.jpg\" alt=\"\" class=\"wp-image-88958\" srcset=\"https:\/\/centcols.org\/wp-content\/uploads\/2011\/04\/L01914-1.jpg 1200w, https:\/\/centcols.org\/wp-content\/uploads\/2011\/04\/L01914-1-768x576.jpg 768w\" sizes=\"auto, (max-width: 1200px) 100vw, 1200px\" \/><\/a><figcaption class=\"wp-element-caption\">R\u00e9gis Paraz album fotografico<\/figcaption><\/figure>\n\n\n\n<figure class=\"wp-block-image size-full\"><a href=\"https:\/\/centcols.org\/les_rendez-vous\/2011\/Camprieu\/albums\/3239\/album.htm\" target=\"_blank\" rel=\"noreferrer noopener\"><img loading=\"lazy\" decoding=\"async\" width=\"800\" height=\"600\" data-id=\"88960\" src=\"https:\/\/centcols.org\/wp-content\/uploads\/2011\/04\/P1050259.jpg\" alt=\"\" class=\"wp-image-88960\" srcset=\"https:\/\/centcols.org\/wp-content\/uploads\/2011\/04\/P1050259.jpg 800w, https:\/\/centcols.org\/wp-content\/uploads\/2011\/04\/P1050259-768x576.jpg 768w\" sizes=\"auto, (max-width: 800px) 100vw, 800px\" \/><\/a><figcaption class=\"wp-element-caption\">Album fotografico di Alain Dabe<\/figcaption><\/figure>\n\n\n\n<figure class=\"wp-block-image size-full\"><a href=\"https:\/\/centcols.org\/it\/util\/visuAlbum.php\/?album=00722-005\" target=\"_blank\" rel=\"noreferrer noopener\"><img loading=\"lazy\" decoding=\"async\" width=\"500\" height=\"390\" data-id=\"88962\" src=\"https:\/\/centcols.org\/wp-content\/uploads\/2011\/04\/L00216-500x390-1.jpg\" alt=\"\" class=\"wp-image-88962\"\/><\/a><figcaption class=\"wp-element-caption\">Album fotografico di Alain Gillodes<\/figcaption><\/figure>\n\n\n\n<figure class=\"wp-block-image size-full\"><a href=\"https:\/\/centcols.org\/it\/util\/visuAlbum.php\/?album=03092-003\" target=\"_blank\" rel=\"noreferrer noopener\"><img loading=\"lazy\" decoding=\"async\" width=\"1200\" height=\"900\" data-id=\"88963\" src=\"https:\/\/centcols.org\/wp-content\/uploads\/2011\/04\/L0881-1.jpg\" alt=\"\" class=\"wp-image-88963\" srcset=\"https:\/\/centcols.org\/wp-content\/uploads\/2011\/04\/L0881-1.jpg 1200w, https:\/\/centcols.org\/wp-content\/uploads\/2011\/04\/L0881-1-768x576.jpg 768w\" sizes=\"auto, (max-width: 1200px) 100vw, 1200px\" \/><\/a><figcaption class=\"wp-element-caption\">Album fotografico di Phillipe Carrez<\/figcaption><\/figure>\n\n\n\n<figure class=\"wp-block-image size-full\"><a href=\"https:\/\/centcols.org\/it\/util\/visuAlbum.php\/?album=06441-001\" target=\"_blank\" rel=\"noreferrer noopener\"><img loading=\"lazy\" decoding=\"async\" width=\"1200\" height=\"900\" data-id=\"88964\" src=\"https:\/\/centcols.org\/wp-content\/uploads\/2011\/04\/L00915-1.jpg\" alt=\"\" class=\"wp-image-88964\" srcset=\"https:\/\/centcols.org\/wp-content\/uploads\/2011\/04\/L00915-1.jpg 1200w, https:\/\/centcols.org\/wp-content\/uploads\/2011\/04\/L00915-1-768x576.jpg 768w\" sizes=\"auto, (max-width: 1200px) 100vw, 1200px\" \/><\/a><figcaption class=\"wp-element-caption\">Album fotografico di Maryse Renaud<\/figcaption><\/figure>\n\n\n\n<figure class=\"wp-block-image size-full\"><a href=\"https:\/\/centcols.org\/it\/util\/visuAlbum.php\/?album=01420-003\" target=\"_blank\" rel=\"noreferrer noopener\"><img loading=\"lazy\" decoding=\"async\" width=\"800\" height=\"600\" data-id=\"88965\" src=\"https:\/\/centcols.org\/wp-content\/uploads\/2011\/04\/M0238.jpg\" alt=\"\" class=\"wp-image-88965\" srcset=\"https:\/\/centcols.org\/wp-content\/uploads\/2011\/04\/M0238.jpg 800w, https:\/\/centcols.org\/wp-content\/uploads\/2011\/04\/M0238-768x576.jpg 768w\" sizes=\"auto, (max-width: 800px) 100vw, 800px\" \/><\/a><figcaption class=\"wp-element-caption\">Album fotografico di Guy Cambess\u00e8d\u00e8s<\/figcaption><\/figure>\n\n\n\n<figure class=\"wp-block-image size-full\"><a href=\"https:\/\/centcols.org\/it\/util\/visuAlbum.php\/?album=03848-001\" target=\"_blank\" rel=\"noreferrer noopener\"><img loading=\"lazy\" decoding=\"async\" width=\"1200\" height=\"900\" data-id=\"88967\" src=\"https:\/\/centcols.org\/wp-content\/uploads\/2011\/04\/L1041-1.jpg\" alt=\"\" class=\"wp-image-88967\" srcset=\"https:\/\/centcols.org\/wp-content\/uploads\/2011\/04\/L1041-1.jpg 1200w, https:\/\/centcols.org\/wp-content\/uploads\/2011\/04\/L1041-1-768x576.jpg 768w\" sizes=\"auto, (max-width: 1200px) 100vw, 1200px\" \/><\/a><figcaption class=\"wp-element-caption\">Album fotografico di Michel Boni<\/figcaption><\/figure>\n<\/figure>","protected":false},"excerpt":{"rendered":"<p>Pr\u00e9sentation Situ\u00e9 \u00e0 l\u2019extr\u00eame Ouest des C\u00e9vennes, le massif de l\u2019Aigoual sera notre \u00ab terrain de jeu \u00bb pour ce s\u00e9jour estival 2011. Le Mont Aigoual (1567m) est connu pour ses \u00ab caprices \u00bb m\u00e9t\u00e9orologiques, les expositions de M\u00e9t\u00e9o-France propos\u00e9es dans l\u2019observatoire sommital sauront vous apporter les connaissances n\u00e9cessaires pour bien comprendre ce climat si [&hellip;]<\/p>\n","protected":false},"author":3,"featured_media":82978,"comment_status":"closed","ping_status":"closed","sticky":false,"template":"","format":"standard","meta":{"_acf_changed":false,"footnotes":""},"categories":[349,384,135,363,393,231],"tags":[],"class_list":["post-81590","post","type-post","status-publish","format-standard","has-post-thumbnail","hentry","category-france-pays-sejours","category-occitanie-region-sejours","category-calendrier","category-massif-central-massif-sejours","category-30-gard","category-sejours"],"acf":[],"yoast_head":"<!-- This site is optimized with the Yoast SEO plugin v27.2 - https:\/\/yoast.com\/product\/yoast-seo-wordpress\/ -->\n<title>S\u00e9jour estival \u00e0 Saint-Sauveur-Camprieu (Gard) du 16 au 20 ao\u00fbt 2011 - Club des Cent Cols<\/title>\n<meta name=\"robots\" content=\"index, follow, max-snippet:-1, max-image-preview:large, max-video-preview:-1\" \/>\n<link rel=\"canonical\" href=\"https:\/\/centcols.org\/it\/soggiorno-2011-camprieu\/\" \/>\n<meta property=\"og:locale\" content=\"it_IT\" \/>\n<meta property=\"og:type\" content=\"article\" \/>\n<meta property=\"og:title\" content=\"S\u00e9jour estival \u00e0 Saint-Sauveur-Camprieu (Gard) du 16 au 20 ao\u00fbt 2011 - Club des Cent Cols\" \/>\n<meta property=\"og:description\" content=\"Pr\u00e9sentation Situ\u00e9 \u00e0 l\u2019extr\u00eame Ouest des C\u00e9vennes, le massif de l\u2019Aigoual sera notre \u00ab terrain de jeu \u00bb pour ce s\u00e9jour estival 2011. Le Mont Aigoual (1567m) est connu pour ses \u00ab caprices \u00bb m\u00e9t\u00e9orologiques, les expositions de M\u00e9t\u00e9o-France propos\u00e9es dans l\u2019observatoire sommital sauront vous apporter les connaissances n\u00e9cessaires pour bien comprendre ce climat si [&hellip;]\" \/>\n<meta property=\"og:url\" content=\"https:\/\/centcols.org\/it\/soggiorno-2011-camprieu\/\" \/>\n<meta property=\"og:site_name\" content=\"Club des Cent Cols\" \/>\n<meta property=\"article:publisher\" content=\"https:\/\/www.facebook.com\/groups\/5261880558\/?locale=fr_FR\" \/>\n<meta property=\"article:published_time\" content=\"2011-04-23T08:09:44+00:00\" \/>\n<meta property=\"article:modified_time\" content=\"2025-09-02T09:24:10+00:00\" \/>\n<meta property=\"og:image\" content=\"https:\/\/centcols.org\/wp-content\/uploads\/2015\/04\/genets1.jpg\" \/>\n\t<meta property=\"og:image:width\" content=\"200\" \/>\n\t<meta property=\"og:image:height\" content=\"150\" \/>\n\t<meta property=\"og:image:type\" content=\"image\/jpeg\" \/>\n<meta name=\"author\" content=\"Webmestre\" \/>\n<meta name=\"twitter:card\" content=\"summary_large_image\" \/>\n<meta name=\"twitter:label1\" content=\"Scritto da\" \/>\n\t<meta name=\"twitter:data1\" content=\"Webmestre\" \/>\n\t<meta name=\"twitter:label2\" content=\"Tempo di lettura stimato\" \/>\n\t<meta name=\"twitter:data2\" content=\"11 minuti\" \/>\n<script type=\"application\/ld+json\" class=\"yoast-schema-graph\">{\"@context\":\"https:\/\/schema.org\",\"@graph\":[{\"@type\":\"Article\",\"@id\":\"https:\/\/centcols.org\/sejour-2011-camprieu\/#article\",\"isPartOf\":{\"@id\":\"https:\/\/centcols.org\/sejour-2011-camprieu\/\"},\"author\":{\"name\":\"Webmestre\",\"@id\":\"https:\/\/centcols.org\/#\/schema\/person\/911b404fb133d8c913dd27cdcf71c8e5\"},\"headline\":\"S\u00e9jour estival \u00e0 Saint-Sauveur-Camprieu (Gard) du 16 au 20 ao\u00fbt 2011\",\"datePublished\":\"2011-04-23T08:09:44+00:00\",\"dateModified\":\"2025-09-02T09:24:10+00:00\",\"mainEntityOfPage\":{\"@id\":\"https:\/\/centcols.org\/sejour-2011-camprieu\/\"},\"wordCount\":1390,\"publisher\":{\"@id\":\"https:\/\/centcols.org\/#organization\"},\"image\":{\"@id\":\"https:\/\/centcols.org\/sejour-2011-camprieu\/#primaryimage\"},\"thumbnailUrl\":\"https:\/\/centcols.org\/wp-content\/uploads\/2015\/04\/genets1.jpg\",\"articleSection\":[\"France\",\"Occitanie\",\"Calendrier\",\"Massif Central\",\"30-Gard\",\"S\u00e9jours du Club des Cent Cols\"],\"inLanguage\":\"it-IT\"},{\"@type\":\"WebPage\",\"@id\":\"https:\/\/centcols.org\/sejour-2011-camprieu\/\",\"url\":\"https:\/\/centcols.org\/sejour-2011-camprieu\/\",\"name\":\"S\u00e9jour estival \u00e0 Saint-Sauveur-Camprieu (Gard) du 16 au 20 ao\u00fbt 2011 - Club des Cent Cols\",\"isPartOf\":{\"@id\":\"https:\/\/centcols.org\/#website\"},\"primaryImageOfPage\":{\"@id\":\"https:\/\/centcols.org\/sejour-2011-camprieu\/#primaryimage\"},\"image\":{\"@id\":\"https:\/\/centcols.org\/sejour-2011-camprieu\/#primaryimage\"},\"thumbnailUrl\":\"https:\/\/centcols.org\/wp-content\/uploads\/2015\/04\/genets1.jpg\",\"datePublished\":\"2011-04-23T08:09:44+00:00\",\"dateModified\":\"2025-09-02T09:24:10+00:00\",\"breadcrumb\":{\"@id\":\"https:\/\/centcols.org\/sejour-2011-camprieu\/#breadcrumb\"},\"inLanguage\":\"it-IT\",\"potentialAction\":[{\"@type\":\"ReadAction\",\"target\":[\"https:\/\/centcols.org\/sejour-2011-camprieu\/\"]}]},{\"@type\":\"ImageObject\",\"inLanguage\":\"it-IT\",\"@id\":\"https:\/\/centcols.org\/sejour-2011-camprieu\/#primaryimage\",\"url\":\"https:\/\/centcols.org\/wp-content\/uploads\/2015\/04\/genets1.jpg\",\"contentUrl\":\"https:\/\/centcols.org\/wp-content\/uploads\/2015\/04\/genets1.jpg\",\"width\":200,\"height\":150},{\"@type\":\"BreadcrumbList\",\"@id\":\"https:\/\/centcols.org\/sejour-2011-camprieu\/#breadcrumb\",\"itemListElement\":[{\"@type\":\"ListItem\",\"position\":1,\"name\":\"Accueil\",\"item\":\"https:\/\/centcols.org\/\"},{\"@type\":\"ListItem\",\"position\":2,\"name\":\"S\u00e9jours du Club des Cent Cols\",\"item\":\"https:\/\/centcols.org\/rubrique\/sejours\/\"},{\"@type\":\"ListItem\",\"position\":3,\"name\":\"Pays\",\"item\":\"https:\/\/centcols.org\/rubrique\/sejours\/pays-sejours\/\"},{\"@type\":\"ListItem\",\"position\":4,\"name\":\"France\",\"item\":\"https:\/\/centcols.org\/rubrique\/sejours\/pays-sejours\/france-pays-sejours\/\"},{\"@type\":\"ListItem\",\"position\":5,\"name\":\"S\u00e9jour estival \u00e0 Saint-Sauveur-Camprieu (Gard) du 16 au 20 ao\u00fbt 2011\"}]},{\"@type\":\"WebSite\",\"@id\":\"https:\/\/centcols.org\/#website\",\"url\":\"https:\/\/centcols.org\/\",\"name\":\"Club des Cent Cols\",\"description\":\"\",\"publisher\":{\"@id\":\"https:\/\/centcols.org\/#organization\"},\"potentialAction\":[{\"@type\":\"SearchAction\",\"target\":{\"@type\":\"EntryPoint\",\"urlTemplate\":\"https:\/\/centcols.org\/?s={search_term_string}\"},\"query-input\":{\"@type\":\"PropertyValueSpecification\",\"valueRequired\":true,\"valueName\":\"search_term_string\"}}],\"inLanguage\":\"it-IT\"},{\"@type\":\"Organization\",\"@id\":\"https:\/\/centcols.org\/#organization\",\"name\":\"Club des Cent Cols\",\"url\":\"https:\/\/centcols.org\/\",\"logo\":{\"@type\":\"ImageObject\",\"inLanguage\":\"it-IT\",\"@id\":\"https:\/\/centcols.org\/#\/schema\/logo\/image\/\",\"url\":\"https:\/\/centcols.org\/wp-content\/uploads\/2025\/01\/carte-icone.png\",\"contentUrl\":\"https:\/\/centcols.org\/wp-content\/uploads\/2025\/01\/carte-icone.png\",\"width\":250,\"height\":250,\"caption\":\"Club des Cent Cols\"},\"image\":{\"@id\":\"https:\/\/centcols.org\/#\/schema\/logo\/image\/\"},\"sameAs\":[\"https:\/\/www.facebook.com\/groups\/5261880558\/?locale=fr_FR\"]},{\"@type\":\"Person\",\"@id\":\"https:\/\/centcols.org\/#\/schema\/person\/911b404fb133d8c913dd27cdcf71c8e5\",\"name\":\"Webmestre\",\"image\":{\"@type\":\"ImageObject\",\"inLanguage\":\"it-IT\",\"@id\":\"https:\/\/centcols.org\/wp-content\/litespeed\/avatar\/2d246e4b6b4f773e08515e1ffc53690b.jpg?ver=1777222892\",\"url\":\"https:\/\/centcols.org\/wp-content\/litespeed\/avatar\/2d246e4b6b4f773e08515e1ffc53690b.jpg?ver=1777222892\",\"contentUrl\":\"https:\/\/centcols.org\/wp-content\/litespeed\/avatar\/2d246e4b6b4f773e08515e1ffc53690b.jpg?ver=1777222892\",\"caption\":\"Webmestre\"},\"url\":\"https:\/\/centcols.org\/it\/author\/webmestre\/\"}]}<\/script>\n<!-- \/ Yoast SEO plugin. -->","yoast_head_json":{"title":"Vacanze estive a Saint-Sauveur-Camprieu (Gard) dal 16 al 20 agosto 2011 - Club des Cent Cols","robots":{"index":"index","follow":"follow","max-snippet":"max-snippet:-1","max-image-preview":"max-image-preview:large","max-video-preview":"max-video-preview:-1"},"canonical":"https:\/\/centcols.org\/it\/soggiorno-2011-camprieu\/","og_locale":"it_IT","og_type":"article","og_title":"S\u00e9jour estival \u00e0 Saint-Sauveur-Camprieu (Gard) du 16 au 20 ao\u00fbt 2011 - Club des Cent Cols","og_description":"Pr\u00e9sentation Situ\u00e9 \u00e0 l\u2019extr\u00eame Ouest des C\u00e9vennes, le massif de l\u2019Aigoual sera notre \u00ab terrain de jeu \u00bb pour ce s\u00e9jour estival 2011. Le Mont Aigoual (1567m) est connu pour ses \u00ab caprices \u00bb m\u00e9t\u00e9orologiques, les expositions de M\u00e9t\u00e9o-France propos\u00e9es dans l\u2019observatoire sommital sauront vous apporter les connaissances n\u00e9cessaires pour bien comprendre ce climat si [&hellip;]","og_url":"https:\/\/centcols.org\/it\/soggiorno-2011-camprieu\/","og_site_name":"Club des Cent Cols","article_publisher":"https:\/\/www.facebook.com\/groups\/5261880558\/?locale=fr_FR","article_published_time":"2011-04-23T08:09:44+00:00","article_modified_time":"2025-09-02T09:24:10+00:00","og_image":[{"width":200,"height":150,"url":"https:\/\/centcols.org\/wp-content\/uploads\/2015\/04\/genets1.jpg","type":"image\/jpeg"}],"author":"Webmestre","twitter_card":"summary_large_image","twitter_misc":{"Scritto da":"Webmestre","Tempo di lettura stimato":"11 minuti"},"schema":{"@context":"https:\/\/schema.org","@graph":[{"@type":"Article","@id":"https:\/\/centcols.org\/sejour-2011-camprieu\/#article","isPartOf":{"@id":"https:\/\/centcols.org\/sejour-2011-camprieu\/"},"author":{"name":"Webmestre","@id":"https:\/\/centcols.org\/#\/schema\/person\/911b404fb133d8c913dd27cdcf71c8e5"},"headline":"S\u00e9jour estival \u00e0 Saint-Sauveur-Camprieu (Gard) du 16 au 20 ao\u00fbt 2011","datePublished":"2011-04-23T08:09:44+00:00","dateModified":"2025-09-02T09:24:10+00:00","mainEntityOfPage":{"@id":"https:\/\/centcols.org\/sejour-2011-camprieu\/"},"wordCount":1390,"publisher":{"@id":"https:\/\/centcols.org\/#organization"},"image":{"@id":"https:\/\/centcols.org\/sejour-2011-camprieu\/#primaryimage"},"thumbnailUrl":"https:\/\/centcols.org\/wp-content\/uploads\/2015\/04\/genets1.jpg","articleSection":["France","Occitanie","Calendrier","Massif Central","30-Gard","S\u00e9jours du Club des Cent Cols"],"inLanguage":"it-IT"},{"@type":"WebPage","@id":"https:\/\/centcols.org\/sejour-2011-camprieu\/","url":"https:\/\/centcols.org\/sejour-2011-camprieu\/","name":"Vacanze estive a Saint-Sauveur-Camprieu (Gard) dal 16 al 20 agosto 2011 - Club des Cent Cols","isPartOf":{"@id":"https:\/\/centcols.org\/#website"},"primaryImageOfPage":{"@id":"https:\/\/centcols.org\/sejour-2011-camprieu\/#primaryimage"},"image":{"@id":"https:\/\/centcols.org\/sejour-2011-camprieu\/#primaryimage"},"thumbnailUrl":"https:\/\/centcols.org\/wp-content\/uploads\/2015\/04\/genets1.jpg","datePublished":"2011-04-23T08:09:44+00:00","dateModified":"2025-09-02T09:24:10+00:00","breadcrumb":{"@id":"https:\/\/centcols.org\/sejour-2011-camprieu\/#breadcrumb"},"inLanguage":"it-IT","potentialAction":[{"@type":"ReadAction","target":["https:\/\/centcols.org\/sejour-2011-camprieu\/"]}]},{"@type":"ImageObject","inLanguage":"it-IT","@id":"https:\/\/centcols.org\/sejour-2011-camprieu\/#primaryimage","url":"https:\/\/centcols.org\/wp-content\/uploads\/2015\/04\/genets1.jpg","contentUrl":"https:\/\/centcols.org\/wp-content\/uploads\/2015\/04\/genets1.jpg","width":200,"height":150},{"@type":"BreadcrumbList","@id":"https:\/\/centcols.org\/sejour-2011-camprieu\/#breadcrumb","itemListElement":[{"@type":"ListItem","position":1,"name":"Accueil","item":"https:\/\/centcols.org\/"},{"@type":"ListItem","position":2,"name":"S\u00e9jours du Club des Cent Cols","item":"https:\/\/centcols.org\/rubrique\/sejours\/"},{"@type":"ListItem","position":3,"name":"Pays","item":"https:\/\/centcols.org\/rubrique\/sejours\/pays-sejours\/"},{"@type":"ListItem","position":4,"name":"France","item":"https:\/\/centcols.org\/rubrique\/sejours\/pays-sejours\/france-pays-sejours\/"},{"@type":"ListItem","position":5,"name":"S\u00e9jour estival \u00e0 Saint-Sauveur-Camprieu (Gard) du 16 au 20 ao\u00fbt 2011"}]},{"@type":"WebSite","@id":"https:\/\/centcols.org\/#website","url":"https:\/\/centcols.org\/","name":"Club des Cent Cols","description":"","publisher":{"@id":"https:\/\/centcols.org\/#organization"},"potentialAction":[{"@type":"SearchAction","target":{"@type":"EntryPoint","urlTemplate":"https:\/\/centcols.org\/?s={search_term_string}"},"query-input":{"@type":"PropertyValueSpecification","valueRequired":true,"valueName":"search_term_string"}}],"inLanguage":"it-IT"},{"@type":"Organization","@id":"https:\/\/centcols.org\/#organization","name":"Club des Cent Cols","url":"https:\/\/centcols.org\/","logo":{"@type":"ImageObject","inLanguage":"it-IT","@id":"https:\/\/centcols.org\/#\/schema\/logo\/image\/","url":"https:\/\/centcols.org\/wp-content\/uploads\/2025\/01\/carte-icone.png","contentUrl":"https:\/\/centcols.org\/wp-content\/uploads\/2025\/01\/carte-icone.png","width":250,"height":250,"caption":"Club des Cent Cols"},"image":{"@id":"https:\/\/centcols.org\/#\/schema\/logo\/image\/"},"sameAs":["https:\/\/www.facebook.com\/groups\/5261880558\/?locale=fr_FR"]},{"@type":"Person","@id":"https:\/\/centcols.org\/#\/schema\/person\/911b404fb133d8c913dd27cdcf71c8e5","name":"Webmaster","image":{"@type":"ImageObject","inLanguage":"it-IT","@id":"https:\/\/centcols.org\/wp-content\/litespeed\/avatar\/2d246e4b6b4f773e08515e1ffc53690b.jpg?ver=1777222892","url":"https:\/\/centcols.org\/wp-content\/litespeed\/avatar\/2d246e4b6b4f773e08515e1ffc53690b.jpg?ver=1777222892","contentUrl":"https:\/\/centcols.org\/wp-content\/litespeed\/avatar\/2d246e4b6b4f773e08515e1ffc53690b.jpg?ver=1777222892","caption":"Webmestre"},"url":"https:\/\/centcols.org\/it\/author\/webmestre\/"}]}},"_links":{"self":[{"href":"https:\/\/centcols.org\/it\/wp-json\/wp\/v2\/posts\/81590","targetHints":{"allow":["GET"]}}],"collection":[{"href":"https:\/\/centcols.org\/it\/wp-json\/wp\/v2\/posts"}],"about":[{"href":"https:\/\/centcols.org\/it\/wp-json\/wp\/v2\/types\/post"}],"author":[{"embeddable":true,"href":"https:\/\/centcols.org\/it\/wp-json\/wp\/v2\/users\/3"}],"replies":[{"embeddable":true,"href":"https:\/\/centcols.org\/it\/wp-json\/wp\/v2\/comments?post=81590"}],"version-history":[{"count":0,"href":"https:\/\/centcols.org\/it\/wp-json\/wp\/v2\/posts\/81590\/revisions"}],"wp:featuredmedia":[{"embeddable":true,"href":"https:\/\/centcols.org\/it\/wp-json\/wp\/v2\/media\/82978"}],"wp:attachment":[{"href":"https:\/\/centcols.org\/it\/wp-json\/wp\/v2\/media?parent=81590"}],"wp:term":[{"taxonomy":"category","embeddable":true,"href":"https:\/\/centcols.org\/it\/wp-json\/wp\/v2\/categories?post=81590"},{"taxonomy":"post_tag","embeddable":true,"href":"https:\/\/centcols.org\/it\/wp-json\/wp\/v2\/tags?post=81590"}],"curies":[{"name":"wp","href":"https:\/\/api.w.org\/{rel}","templated":true}]}}