{"id":81608,"date":"2011-01-23T10:08:27","date_gmt":"2011-01-23T08:08:27","guid":{"rendered":"https:\/\/centcols.org\/sejour-de-printemps-en-catalogne-espagnole-a-ripoll-gi-du-9-au-16-avril-2011\/"},"modified":"2025-09-15T13:01:28","modified_gmt":"2025-09-15T11:01:28","slug":"soggiorno-2011-ripoll","status":"publish","type":"post","link":"https:\/\/centcols.org\/it\/sejour-2011-ripoll\/","title":{"rendered":"Vacanze di primavera nella Catalogna spagnola a Ripoll (GI) dal 9 al 16 aprile 2011"},"content":{"rendered":"<h2 class=\"wp-block-heading\">Presentazione<\/h2>\n\n\n\n<p><strong>Per la prima volta, una vacanza del Club des Cent Cols si svolger\u00e0 al di fuori della Francia. Il nostro viaggio della primavera 2011 si svolger\u00e0 a Ripoll (65 km a sud di Bourg-Madame e 80 km a ovest della Costa Brava), nella provincia catalana di Girona.<\/strong><\/p>\n\n\n\n<p>Il Ripoll\u00e8s \u00e8 una comarca (una delle 41 suddivisioni amministrative della Catalogna) circondata da montagne (i Pirenei a nord e le numerose montagne della Serra tutt'intorno), attraversata da valli (Vall de Ribes, Camprodon e Baix Ripoll\u00e8s), dove el Freser e el Ter scorrono da nord a sud: montagne, fiumi, valli e villaggi, molti dei quali di origine medievale, vi faranno apprezzare la sua bellezza.<\/p>\n\n\n\n<p>\u00c8 una regione con una vasta rete di strade, piste, sentieri e percorsi, costellata di passi di montagna, che la rendono un luogo ideale per il nostro sport.<\/p>\n\n\n\n<p>\u00c8 anche una delle regioni con il maggior numero di edifici romanici in Europa: 98 monumenti sparsi nei 19 villaggi della comarca: monasteri, eremi, chiese e ponti medievali che sicuramente vorrete visitare durante le vostre escursioni in bicicletta o in mountain bike.<\/p>\n\n\n\n<p>Il monastero benedettino di Santa Maria de Ripoll, fondato da Guifredo il Velu nell'880, divenne uno dei centri monastici pi\u00f9 importanti della Catalogna fino al XV secolo. Questo monumento di grande interesse storico e culturale \u00e8 uno dei migliori esempi di arte romanica catalana.<\/p>\n\n\n\n<p>Alain GILLODES (CC n. 722) e Chantal SALA (CC n. 3674)<\/p>\n\n\n\n<figure class=\"wp-block-gallery has-nested-images columns-3 is-cropped wp-block-gallery-1 is-layout-flex wp-block-gallery-is-layout-flex\">\n<figure class=\"wp-block-image size-full\"><img loading=\"lazy\" decoding=\"async\" width=\"200\" height=\"150\" data-id=\"89083\" src=\"https:\/\/centcols.org\/wp-content\/uploads\/2011\/01\/santJaume.jpg\" alt=\"\" class=\"wp-image-89083\" srcset=\"https:\/\/centcols.org\/wp-content\/uploads\/2011\/01\/santJaume.jpg 200w, https:\/\/centcols.org\/wp-content\/uploads\/2011\/01\/santJaume-16x12.jpg 16w\" sizes=\"auto, (max-width: 200px) 100vw, 200px\" \/><\/figure>\n\n\n\n<figure class=\"wp-block-image size-full\"><img loading=\"lazy\" decoding=\"async\" width=\"418\" height=\"386\" data-id=\"89084\" src=\"https:\/\/centcols.org\/wp-content\/uploads\/2011\/01\/ripolles.jpg\" alt=\"\" class=\"wp-image-89084\" srcset=\"https:\/\/centcols.org\/wp-content\/uploads\/2011\/01\/ripolles.jpg 418w, https:\/\/centcols.org\/wp-content\/uploads\/2011\/01\/ripolles-13x12.jpg 13w\" sizes=\"auto, (max-width: 418px) 100vw, 418px\" \/><\/figure>\n\n\n\n<figure class=\"wp-block-image size-full\"><img loading=\"lazy\" decoding=\"async\" width=\"200\" height=\"150\" data-id=\"89085\" src=\"https:\/\/centcols.org\/wp-content\/uploads\/2011\/01\/rupit.jpg\" alt=\"\" class=\"wp-image-89085\" srcset=\"https:\/\/centcols.org\/wp-content\/uploads\/2011\/01\/rupit.jpg 200w, https:\/\/centcols.org\/wp-content\/uploads\/2011\/01\/rupit-16x12.jpg 16w\" sizes=\"auto, (max-width: 200px) 100vw, 200px\" \/><\/figure>\n<\/figure>\n\n\n\n<h2 class=\"wp-block-heading\">Importanti informazioni pratiche<\/h2>\n\n\n\n<h3 class=\"wp-block-heading\">Organizzazione pratica<\/h3>\n\n\n\n<p>I due hotel in cui alloggeremo distano 3 km l'uno dall'altro.<br>All'arrivo a Ripoll, ognuno di voi (compresi i campeggiatori) ricever\u00e0 una tessera contenente tutte le informazioni sull'alloggio scelto e sui servizi pagati. Vi preghiamo di tenere con voi questa scheda, soprattutto quando andate al ristorante. La tessera vi sar\u00e0 consegnata nell'hotel in cui alloggerete, tra le 16.00 e le 17.45 di sabato 9 aprile presso la reception che terremo, oppure, al di fuori di questo orario, presso la reception del vostro hotel. Tutti i partecipanti si ritroveranno poi alle 18.00 all'hotel La SOLANA del TER per un aperitivo di benvenuto.<br>Ogni hotel ci metter\u00e0 a disposizione una stanza per le biciclette.<\/p>\n\n\n\n<h3 class=\"wp-block-heading\">Orari dei pasti<\/h3>\n\n\n\n<ul class=\"wp-block-list\">\n<li>Colazione (e picnic) alle 7.30<\/li>\n\n\n\n<li>Cena alle 20.00<\/li>\n<\/ul>\n\n\n\n<h3 class=\"wp-block-heading\">Partenza<\/h3>\n\n\n\n<p>9.00 al punto di partenza effettivo, dopo l'eventuale avvicinamento in auto.<\/p>\n\n\n\n<p>Il programma dettagliato indica il punto di partenza effettivo di ogni itinerario e l'ubicazione del parcheggio scelto per la sosta; la mappa interattiva di ogni itinerario vi permetter\u00e0 inoltre di visualizzarne il punto di partenza in modo molto preciso (vedi a lato); indica inoltre la distanza da Ripoll, generalmente inferiore o uguale a 35 km, e i siti degni di nota. Questi ultimi sono descritti in dettaglio nelle note culturali e turistiche.<\/p>\n\n\n\n<h3 class=\"wp-block-heading\">Programma degli eventi<\/h3>\n\n\n\n<ul class=\"wp-block-list\">\n<li>Sabato 9 aprile 2011\n<ul class=\"wp-block-list\">\n<li>A partire dalle 16.00 i partecipanti vengono accolti in ogni hotel e ricevono pass individuali per il loro soggiorno.<\/li>\n\n\n\n<li>Ore 18:00 Presso La SOLANA DEL TER, presentazione del tour e del programma da parte del Presidente, R\u00e9gis Paraz; aperitivo di benvenuto alla presenza del Sindaco di Ripoll, Madame Jorda y Roura.<\/li>\n<\/ul>\n<\/li>\n\n\n\n<li>Luned\u00ec 11 aprile 2011\n<ul class=\"wp-block-list\">\n<li>Ore 18:00 Breve conferenza sulla storia della Catalogna, tenuta da Mich\u00e8le, insegnante di Ripoll.<\/li>\n<\/ul>\n<\/li>\n\n\n\n<li>Mercoled\u00ec 13 aprile 2011\n<ul class=\"wp-block-list\">\n<li>18.30 Conferenza del Dr. Bernard Corbet sulle malattie cardiovascolari e i rischi legati alla pratica del nostro sport (CC N\u00b0 5364)<\/li>\n<\/ul>\n<\/li>\n\n\n\n<li>Venerd\u00ec 15 aprile 2011\n<ul class=\"wp-block-list\">\n<li>Alle 18, un breve concerto di musica catalana offerto dalla signora Jorda y Roura, sindaco di Ripoll.<\/li>\n\n\n\n<li>19:00 Aperitivo di chiusura presso l'hotel LA TROBADA<\/li>\n<\/ul>\n<\/li>\n<\/ul>\n\n\n\n<p>La Boutique sar\u00e0 disponibile in due serate (i giorni e la sede saranno stabiliti in loco) dalle 18.00 alle 20.00.<\/p>\n\n\n\n<h3 class=\"wp-block-heading\">Bacheche<\/h3>\n\n\n\n<p>Ogni hotel dispone di una bacheca con tutte le informazioni necessarie: non dimenticate di consultarla.<\/p>\n\n\n\n<h2 class=\"wp-block-heading\">Tour<\/h2>\n\n\n\n<p><a href=\"\/it\/membres\/cctours\/tours.php\/?lieu=Ripoll&amp;an=2011&amp;genre=R\">Sette circuiti stradali<\/a> e <a href=\"\/it\/membres\/cctours\/tours.php\/?lieu=Ripoll&amp;an=2011&amp;genre=V\">sette percorsi per mountain bike<\/a> sono offerti. Quattro dei percorsi su strada partono da Ripoll e tre richiedono un tragitto in auto compreso tra 12 e 37 km. Due dei percorsi per mountain bike partono da Ripoll, mentre gli altri sono scaglionati tra i 12 e i 26 km.<\/p>\n\n\n\n<p>In aprile il clima \u00e8 normalmente mite in questa regione, che si trova sul versante mediterraneo dello spartiacque continentale e a sud dei Pirenei. Tenete presente, tuttavia, che Ripoll si trova in una valle a 700 metri di altitudine e che tutti i tour si svolgeranno a un'altitudine superiore, con uno dei tour su strada che arriva a 2104 metri. Assicuratevi quindi di portare con voi un abbigliamento adeguato.<\/p>\n\n\n\n<figure class=\"wp-block-gallery has-nested-images columns-2 is-cropped wp-block-gallery-2 is-layout-flex wp-block-gallery-is-layout-flex\">\n<figure class=\"wp-block-image size-full\"><img loading=\"lazy\" decoding=\"async\" width=\"200\" height=\"150\" data-id=\"90349\" src=\"https:\/\/centcols.org\/wp-content\/uploads\/2011\/01\/vidra.jpg\" alt=\"\" class=\"wp-image-90349\" srcset=\"https:\/\/centcols.org\/wp-content\/uploads\/2011\/01\/vidra.jpg 200w, https:\/\/centcols.org\/wp-content\/uploads\/2011\/01\/vidra-16x12.jpg 16w\" sizes=\"auto, (max-width: 200px) 100vw, 200px\" \/><\/figure>\n\n\n\n<figure class=\"wp-block-image size-full\"><img loading=\"lazy\" decoding=\"async\" width=\"200\" height=\"150\" data-id=\"90350\" src=\"https:\/\/centcols.org\/wp-content\/uploads\/2011\/01\/pal.jpg\" alt=\"\" class=\"wp-image-90350\" srcset=\"https:\/\/centcols.org\/wp-content\/uploads\/2011\/01\/pal.jpg 200w, https:\/\/centcols.org\/wp-content\/uploads\/2011\/01\/pal-16x12.jpg 16w\" sizes=\"auto, (max-width: 200px) 100vw, 200px\" \/><\/figure>\n<\/figure>\n\n\n\n<h6 class=\"wp-block-heading\">I circuiti stradali sono stati progettati da Alain Gillodes e Chantal Sala e tracciati da Mario Labelle.<br>Scaricare un <a href=\"https:\/\/centcols.org\/wp-content\/uploads\/2025\/09\/routiers_papier.jpg\" target=\"_blank\" rel=\"noreferrer noopener\">mappa sinottica<\/a> Versione stampabile di tutti i circuiti stradali (1,9 MB) - grazie a G\u00e9rard Birelli.<\/h6>\n\n\n\n<h6 class=\"wp-block-heading\">I percorsi per mountain bike sono stati progettati da Alain Gillodes e Chantal Sala e tracciati da G\u00e9rard Birelli.<\/h6>\n\n\n\n<figure class=\"wp-block-gallery has-nested-images columns-8 is-cropped wp-block-gallery-3 is-layout-flex wp-block-gallery-is-layout-flex\">\n<figure class=\"wp-block-image size-full\"><a href=\"https:\/\/centcols.org\/wp-content\/uploads\/2011\/01\/trobada.jpg\"><img loading=\"lazy\" decoding=\"async\" width=\"200\" height=\"150\" data-id=\"89087\" src=\"https:\/\/centcols.org\/wp-content\/uploads\/2011\/01\/trobada.jpg\" alt=\"\" class=\"wp-image-89087\" srcset=\"https:\/\/centcols.org\/wp-content\/uploads\/2011\/01\/trobada.jpg 200w, https:\/\/centcols.org\/wp-content\/uploads\/2011\/01\/trobada-16x12.jpg 16w\" sizes=\"auto, (max-width: 200px) 100vw, 200px\" \/><\/a><\/figure>\n\n\n\n<figure class=\"wp-block-image size-full\"><a href=\"https:\/\/centcols.org\/wp-content\/uploads\/2011\/01\/elRipolles.png\"><img loading=\"lazy\" decoding=\"async\" width=\"200\" height=\"62\" data-id=\"89088\" src=\"https:\/\/centcols.org\/wp-content\/uploads\/2011\/01\/elRipolles.png\" alt=\"\" class=\"wp-image-89088\" srcset=\"https:\/\/centcols.org\/wp-content\/uploads\/2011\/01\/elRipolles.png 200w, https:\/\/centcols.org\/wp-content\/uploads\/2011\/01\/elRipolles-18x6.png 18w\" sizes=\"auto, (max-width: 200px) 100vw, 200px\" \/><\/a><\/figure>\n\n\n\n<figure class=\"wp-block-image size-full\"><a href=\"https:\/\/centcols.org\/wp-content\/uploads\/2011\/01\/espanya.png\"><img loading=\"lazy\" decoding=\"async\" width=\"200\" height=\"133\" data-id=\"89090\" src=\"https:\/\/centcols.org\/wp-content\/uploads\/2011\/01\/espanya.png\" alt=\"\" class=\"wp-image-89090\" srcset=\"https:\/\/centcols.org\/wp-content\/uploads\/2011\/01\/espanya.png 200w, https:\/\/centcols.org\/wp-content\/uploads\/2011\/01\/espanya-18x12.png 18w\" sizes=\"auto, (max-width: 200px) 100vw, 200px\" \/><\/a><\/figure>\n\n\n\n<figure class=\"wp-block-image size-full\"><a href=\"https:\/\/centcols.org\/wp-content\/uploads\/2011\/01\/girona.png\"><img loading=\"lazy\" decoding=\"async\" width=\"200\" height=\"133\" data-id=\"89091\" src=\"https:\/\/centcols.org\/wp-content\/uploads\/2011\/01\/girona.png\" alt=\"\" class=\"wp-image-89091\" srcset=\"https:\/\/centcols.org\/wp-content\/uploads\/2011\/01\/girona.png 200w, https:\/\/centcols.org\/wp-content\/uploads\/2011\/01\/girona-18x12.png 18w\" sizes=\"auto, (max-width: 200px) 100vw, 200px\" \/><\/a><\/figure>\n\n\n\n<figure class=\"wp-block-image size-full\"><a href=\"https:\/\/centcols.org\/wp-content\/uploads\/2011\/01\/ripoll.png\"><img loading=\"lazy\" decoding=\"async\" width=\"200\" height=\"133\" data-id=\"89092\" src=\"https:\/\/centcols.org\/wp-content\/uploads\/2011\/01\/ripoll.png\" alt=\"\" class=\"wp-image-89092\" srcset=\"https:\/\/centcols.org\/wp-content\/uploads\/2011\/01\/ripoll.png 200w, https:\/\/centcols.org\/wp-content\/uploads\/2011\/01\/ripoll-18x12.png 18w\" sizes=\"auto, (max-width: 200px) 100vw, 200px\" \/><\/a><\/figure>\n\n\n\n<figure class=\"wp-block-image size-full\"><a href=\"https:\/\/centcols.org\/wp-content\/uploads\/2011\/01\/senyera.png\"><img loading=\"lazy\" decoding=\"async\" width=\"200\" height=\"135\" data-id=\"89093\" src=\"https:\/\/centcols.org\/wp-content\/uploads\/2011\/01\/senyera.png\" alt=\"\" class=\"wp-image-89093\" srcset=\"https:\/\/centcols.org\/wp-content\/uploads\/2011\/01\/senyera.png 200w, https:\/\/centcols.org\/wp-content\/uploads\/2011\/01\/senyera-18x12.png 18w\" sizes=\"auto, (max-width: 200px) 100vw, 200px\" \/><\/a><\/figure>\n\n\n\n<figure class=\"wp-block-image size-full\"><a href=\"https:\/\/centcols.org\/wp-content\/uploads\/2011\/01\/solana.jpg\"><img loading=\"lazy\" decoding=\"async\" width=\"200\" height=\"150\" data-id=\"89094\" src=\"https:\/\/centcols.org\/wp-content\/uploads\/2011\/01\/solana.jpg\" alt=\"\" class=\"wp-image-89094\" srcset=\"https:\/\/centcols.org\/wp-content\/uploads\/2011\/01\/solana.jpg 200w, https:\/\/centcols.org\/wp-content\/uploads\/2011\/01\/solana-16x12.jpg 16w\" sizes=\"auto, (max-width: 200px) 100vw, 200px\" \/><\/a><\/figure>\n<\/figure>\n\n\n\n<h2 class=\"wp-block-heading\">Sistemazione<\/h2>\n\n\n\n<p>I partecipanti saranno alloggiati in due alberghi di Ripoll, una cittadina di 11.000 abitanti che non dispone di una sola struttura in grado di accogliere il nostro gran numero di ciclisti. Le due strutture offrono servizi simili e uno dei due hotel vi \u00e8 stato assegnato una volta effettuata l'iscrizione al viaggio. I due alberghi sono La Solana del Ter (punto S sulla mappa qui sotto) e La Trobada (punto T).<\/p>\n\n\n\n<p>Il pacchetto di pensione completa indicato nel modulo di iscrizione comprende l'alloggio per 7 notti, dal 09\/04 al 15\/04 compreso, e tutti i pasti dalla cena del sabato sera 09\/04 alla colazione del sabato mattina 16\/04, compresi.<\/p>\n\n\n\n<h2 class=\"wp-block-heading\">Informazioni culturali e turistiche<\/h2>\n\n\n\n<p>Questo documento contiene <a href=\"https:\/\/centcols.org\/wp-content\/uploads\/2025\/09\/sites.pdf\">PDF<\/a> alcune note culturali e turistiche su alcuni siti delle comarche di Ripoll\u00e8s e Garrotxa che attraverserete durante il vostro tour o che si trovano nelle vicinanze e che meritano una visita.<\/p>\n\n\n\n<h2 class=\"wp-block-heading\">Album di foto<\/h2>\n\n\n\n<figure class=\"wp-block-gallery has-nested-images columns-default is-cropped wp-block-gallery-4 is-layout-flex wp-block-gallery-is-layout-flex\">\n<figure class=\"wp-block-image size-full\"><a href=\"https:\/\/centcols.org\/it\/util\/visuAlbum.php\/?album=00722-003\" target=\"_blank\" rel=\"noreferrer noopener\"><img loading=\"lazy\" decoding=\"async\" width=\"800\" height=\"600\" data-id=\"89099\" src=\"https:\/\/centcols.org\/wp-content\/uploads\/2011\/01\/ripoll-gillodes.jpg\" alt=\"\" class=\"wp-image-89099\" srcset=\"https:\/\/centcols.org\/wp-content\/uploads\/2011\/01\/ripoll-gillodes.jpg 800w, https:\/\/centcols.org\/wp-content\/uploads\/2011\/01\/ripoll-gillodes-768x576.jpg 768w, https:\/\/centcols.org\/wp-content\/uploads\/2011\/01\/ripoll-gillodes-16x12.jpg 16w\" sizes=\"auto, (max-width: 800px) 100vw, 800px\" \/><\/a><figcaption class=\"wp-element-caption\">Album di Alain Gillodes<\/figcaption><\/figure>\n\n\n\n<figure class=\"wp-block-image size-full\"><a href=\"https:\/\/centcols.org\/it\/util\/visuAlbum.php\/?album=06028-001\" target=\"_blank\" rel=\"noreferrer noopener\"><img loading=\"lazy\" decoding=\"async\" width=\"800\" height=\"450\" data-id=\"89101\" src=\"https:\/\/centcols.org\/wp-content\/uploads\/2011\/01\/ripoll-L01315.jpg\" alt=\"\" class=\"wp-image-89101\" srcset=\"https:\/\/centcols.org\/wp-content\/uploads\/2011\/01\/ripoll-L01315.jpg 800w, https:\/\/centcols.org\/wp-content\/uploads\/2011\/01\/ripoll-L01315-768x432.jpg 768w, https:\/\/centcols.org\/wp-content\/uploads\/2011\/01\/ripoll-L01315-18x10.jpg 18w\" sizes=\"auto, (max-width: 800px) 100vw, 800px\" \/><\/a><figcaption class=\"wp-element-caption\">ci guarda dall'alto in basso!<\/figcaption><\/figure>\n\n\n\n<figure class=\"wp-block-image size-full\"><a href=\"https:\/\/centcols.org\/it\/util\/visuAlbum.php\/?album=02880-001\" target=\"_blank\" rel=\"noreferrer noopener\"><img loading=\"lazy\" decoding=\"async\" width=\"800\" height=\"600\" data-id=\"89102\" src=\"https:\/\/centcols.org\/wp-content\/uploads\/2011\/01\/ripoll-garcin.jpg\" alt=\"\" class=\"wp-image-89102\" srcset=\"https:\/\/centcols.org\/wp-content\/uploads\/2011\/01\/ripoll-garcin.jpg 800w, https:\/\/centcols.org\/wp-content\/uploads\/2011\/01\/ripoll-garcin-768x576.jpg 768w, https:\/\/centcols.org\/wp-content\/uploads\/2011\/01\/ripoll-garcin-16x12.jpg 16w\" sizes=\"auto, (max-width: 800px) 100vw, 800px\" \/><\/a><figcaption class=\"wp-element-caption\">Villers St Paul sul crinale<\/figcaption><\/figure>\n\n\n\n<figure class=\"wp-block-image size-full\"><a href=\"https:\/\/centcols.org\/it\/util\/visuAlbum.php\/?album=06642-001\" target=\"_blank\" rel=\"noreferrer noopener\"><img loading=\"lazy\" decoding=\"async\" width=\"800\" height=\"600\" data-id=\"89103\" src=\"https:\/\/centcols.org\/wp-content\/uploads\/2011\/01\/ripoll-derudder.jpg\" alt=\"\" class=\"wp-image-89103\" srcset=\"https:\/\/centcols.org\/wp-content\/uploads\/2011\/01\/ripoll-derudder.jpg 800w, https:\/\/centcols.org\/wp-content\/uploads\/2011\/01\/ripoll-derudder-768x576.jpg 768w, https:\/\/centcols.org\/wp-content\/uploads\/2011\/01\/ripoll-derudder-16x12.jpg 16w\" sizes=\"auto, (max-width: 800px) 100vw, 800px\" \/><\/a><figcaption class=\"wp-element-caption\">Album di Joelle De Rudder-Bonnel<\/figcaption><\/figure>\n\n\n\n<figure class=\"wp-block-image size-full\"><a href=\"https:\/\/centcols.org\/it\/util\/visuAlbum.php\/?album=03237-001\" target=\"_blank\" rel=\"noreferrer noopener\"><img loading=\"lazy\" decoding=\"async\" width=\"800\" height=\"600\" data-id=\"89104\" src=\"https:\/\/centcols.org\/wp-content\/uploads\/2011\/01\/ripoll-L00815.jpg\" alt=\"\" class=\"wp-image-89104\" srcset=\"https:\/\/centcols.org\/wp-content\/uploads\/2011\/01\/ripoll-L00815.jpg 800w, https:\/\/centcols.org\/wp-content\/uploads\/2011\/01\/ripoll-L00815-768x576.jpg 768w, https:\/\/centcols.org\/wp-content\/uploads\/2011\/01\/ripoll-L00815-16x12.jpg 16w\" sizes=\"auto, (max-width: 800px) 100vw, 800px\" \/><\/a><figcaption class=\"wp-element-caption\">Album di Jean-Claude Prast<\/figcaption><\/figure>\n\n\n\n<figure class=\"wp-block-image size-full\"><a href=\"https:\/\/centcols.org\/it\/util\/visuAlbum.php\/?album=00550-008\" target=\"_blank\" rel=\"noreferrer noopener\"><img loading=\"lazy\" decoding=\"async\" width=\"800\" height=\"600\" data-id=\"89105\" src=\"https:\/\/centcols.org\/wp-content\/uploads\/2011\/01\/ripoll-besson.jpg\" alt=\"\" class=\"wp-image-89105\" srcset=\"https:\/\/centcols.org\/wp-content\/uploads\/2011\/01\/ripoll-besson.jpg 800w, https:\/\/centcols.org\/wp-content\/uploads\/2011\/01\/ripoll-besson-768x576.jpg 768w, https:\/\/centcols.org\/wp-content\/uploads\/2011\/01\/ripoll-besson-16x12.jpg 16w\" sizes=\"auto, (max-width: 800px) 100vw, 800px\" \/><\/a><figcaption class=\"wp-element-caption\">Album di Bernard Besson<\/figcaption><\/figure>\n\n\n\n<figure class=\"wp-block-image size-full\"><a href=\"https:\/\/centcols.org\/it\/util\/visuAlbum.php\/?album=03092-002\" target=\"_blank\" rel=\"noreferrer noopener\"><img loading=\"lazy\" decoding=\"async\" width=\"800\" height=\"600\" data-id=\"89107\" src=\"https:\/\/centcols.org\/wp-content\/uploads\/2011\/01\/ripoll-carrez.jpg\" alt=\"\" class=\"wp-image-89107\" srcset=\"https:\/\/centcols.org\/wp-content\/uploads\/2011\/01\/ripoll-carrez.jpg 800w, https:\/\/centcols.org\/wp-content\/uploads\/2011\/01\/ripoll-carrez-768x576.jpg 768w, https:\/\/centcols.org\/wp-content\/uploads\/2011\/01\/ripoll-carrez-16x12.jpg 16w\" sizes=\"auto, (max-width: 800px) 100vw, 800px\" \/><\/a><figcaption class=\"wp-element-caption\">Album di Philippe Carrez<\/figcaption><\/figure>\n\n\n\n<figure class=\"wp-block-image size-full\"><a href=\"https:\/\/centcols.org\/it\/util\/visuAlbum.php\/?album=06796-001\" target=\"_blank\" rel=\"noreferrer noopener\"><img loading=\"lazy\" decoding=\"async\" width=\"800\" height=\"600\" data-id=\"89108\" src=\"https:\/\/centcols.org\/wp-content\/uploads\/2011\/01\/ripoll-andurand.jpg\" alt=\"\" class=\"wp-image-89108\" srcset=\"https:\/\/centcols.org\/wp-content\/uploads\/2011\/01\/ripoll-andurand.jpg 800w, https:\/\/centcols.org\/wp-content\/uploads\/2011\/01\/ripoll-andurand-768x576.jpg 768w, https:\/\/centcols.org\/wp-content\/uploads\/2011\/01\/ripoll-andurand-16x12.jpg 16w\" sizes=\"auto, (max-width: 800px) 100vw, 800px\" \/><\/a><figcaption class=\"wp-element-caption\">Album di Michel Andurand<\/figcaption><\/figure>\n\n\n\n<figure class=\"wp-block-image size-full\"><a href=\"https:\/\/centcols.org\/it\/util\/visuAlbum.php\/?album=05600-002\" target=\"_blank\" rel=\"noreferrer noopener\"><img loading=\"lazy\" decoding=\"async\" width=\"800\" height=\"508\" data-id=\"89111\" src=\"https:\/\/centcols.org\/wp-content\/uploads\/2011\/01\/ripoll-court.jpg\" alt=\"\" class=\"wp-image-89111\" srcset=\"https:\/\/centcols.org\/wp-content\/uploads\/2011\/01\/ripoll-court.jpg 800w, https:\/\/centcols.org\/wp-content\/uploads\/2011\/01\/ripoll-court-768x488.jpg 768w, https:\/\/centcols.org\/wp-content\/uploads\/2011\/01\/ripoll-court-18x12.jpg 18w\" sizes=\"auto, (max-width: 800px) 100vw, 800px\" \/><\/a><figcaption class=\"wp-element-caption\">Album di Hubert Court<\/figcaption><\/figure>\n<\/figure>\n\n\n\n<p><\/p>","protected":false},"excerpt":{"rendered":"<p>Pr\u00e9sentation Pour la premi\u00e8re fois, un s\u00e9jour du Club des Cent Cols se situera hors de France. En effet, notre s\u00e9jour de printemps 2011 se d\u00e9roulera \u00e0 Ripoll (situ\u00e9 \u00e0 65 km au sud de Bourg-Madame et \u00e0 80 km \u00e0 l\u2019ouest de la Costa Brava), en terre catalane, dans la province de Girona. Le [&hellip;]<\/p>\n","protected":false},"author":3,"featured_media":81609,"comment_status":"closed","ping_status":"closed","sticky":false,"template":"","format":"standard","meta":{"_acf_changed":false,"footnotes":""},"categories":[360,135,403,412,231],"tags":[],"class_list":["post-81608","post","type-post","status-publish","format-standard","has-post-thumbnail","hentry","category-espagne-pays-sejours","category-calendrier","category-catalogne","category-pyrenees-catalanes","category-sejours"],"acf":[],"yoast_head":"<!-- This site is optimized with the Yoast SEO plugin v27.2 - https:\/\/yoast.com\/product\/yoast-seo-wordpress\/ -->\n<title>S\u00e9jour de printemps en Catalogne espagnole \u00e0 Ripoll (GI) du 9 au 16 avril 2011 - Club des Cent Cols<\/title>\n<meta name=\"robots\" content=\"index, follow, max-snippet:-1, max-image-preview:large, max-video-preview:-1\" \/>\n<link rel=\"canonical\" href=\"https:\/\/centcols.org\/it\/soggiorno-2011-ripoll\/\" \/>\n<meta property=\"og:locale\" content=\"it_IT\" \/>\n<meta property=\"og:type\" content=\"article\" \/>\n<meta property=\"og:title\" content=\"S\u00e9jour de printemps en Catalogne espagnole \u00e0 Ripoll (GI) du 9 au 16 avril 2011 - Club des Cent Cols\" \/>\n<meta property=\"og:description\" content=\"Pr\u00e9sentation Pour la premi\u00e8re fois, un s\u00e9jour du Club des Cent Cols se situera hors de France. En effet, notre s\u00e9jour de printemps 2011 se d\u00e9roulera \u00e0 Ripoll (situ\u00e9 \u00e0 65 km au sud de Bourg-Madame et \u00e0 80 km \u00e0 l\u2019ouest de la Costa Brava), en terre catalane, dans la province de Girona. Le [&hellip;]\" \/>\n<meta property=\"og:url\" content=\"https:\/\/centcols.org\/it\/soggiorno-2011-ripoll\/\" \/>\n<meta property=\"og:site_name\" content=\"Club des Cent Cols\" \/>\n<meta property=\"article:publisher\" content=\"https:\/\/www.facebook.com\/groups\/5261880558\/?locale=fr_FR\" \/>\n<meta property=\"article:published_time\" content=\"2011-01-23T08:08:27+00:00\" \/>\n<meta property=\"article:modified_time\" content=\"2025-09-15T11:01:28+00:00\" \/>\n<meta property=\"og:image\" content=\"https:\/\/centcols.org\/wp-content\/uploads\/2025\/05\/banner.jpg\" \/>\n\t<meta property=\"og:image:width\" content=\"1000\" \/>\n\t<meta property=\"og:image:height\" content=\"150\" \/>\n\t<meta property=\"og:image:type\" content=\"image\/jpeg\" \/>\n<meta name=\"author\" content=\"Webmestre\" \/>\n<meta name=\"twitter:card\" content=\"summary_large_image\" \/>\n<meta name=\"twitter:label1\" content=\"Scritto da\" \/>\n\t<meta name=\"twitter:data1\" content=\"Webmestre\" \/>\n\t<meta name=\"twitter:label2\" content=\"Tempo di lettura stimato\" \/>\n\t<meta name=\"twitter:data2\" content=\"10 minuti\" \/>\n<script type=\"application\/ld+json\" class=\"yoast-schema-graph\">{\"@context\":\"https:\/\/schema.org\",\"@graph\":[{\"@type\":\"Article\",\"@id\":\"https:\/\/centcols.org\/sejour-2011-ripoll\/#article\",\"isPartOf\":{\"@id\":\"https:\/\/centcols.org\/sejour-2011-ripoll\/\"},\"author\":{\"name\":\"Webmestre\",\"@id\":\"https:\/\/centcols.org\/#\/schema\/person\/911b404fb133d8c913dd27cdcf71c8e5\"},\"headline\":\"S\u00e9jour de printemps en Catalogne espagnole \u00e0 Ripoll (GI) du 9 au 16 avril 2011\",\"datePublished\":\"2011-01-23T08:08:27+00:00\",\"dateModified\":\"2025-09-15T11:01:28+00:00\",\"mainEntityOfPage\":{\"@id\":\"https:\/\/centcols.org\/sejour-2011-ripoll\/\"},\"wordCount\":1126,\"publisher\":{\"@id\":\"https:\/\/centcols.org\/#organization\"},\"image\":{\"@id\":\"https:\/\/centcols.org\/sejour-2011-ripoll\/#primaryimage\"},\"thumbnailUrl\":\"https:\/\/centcols.org\/wp-content\/uploads\/2025\/05\/banner.jpg\",\"articleSection\":[\"Espagne\",\"Calendrier\",\"Catalogne\",\"Pyr\u00e9n\u00e9es catalanes\",\"S\u00e9jours du Club des Cent Cols\"],\"inLanguage\":\"it-IT\"},{\"@type\":\"WebPage\",\"@id\":\"https:\/\/centcols.org\/sejour-2011-ripoll\/\",\"url\":\"https:\/\/centcols.org\/sejour-2011-ripoll\/\",\"name\":\"S\u00e9jour de printemps en Catalogne espagnole \u00e0 Ripoll (GI) du 9 au 16 avril 2011 - Club des Cent Cols\",\"isPartOf\":{\"@id\":\"https:\/\/centcols.org\/#website\"},\"primaryImageOfPage\":{\"@id\":\"https:\/\/centcols.org\/sejour-2011-ripoll\/#primaryimage\"},\"image\":{\"@id\":\"https:\/\/centcols.org\/sejour-2011-ripoll\/#primaryimage\"},\"thumbnailUrl\":\"https:\/\/centcols.org\/wp-content\/uploads\/2025\/05\/banner.jpg\",\"datePublished\":\"2011-01-23T08:08:27+00:00\",\"dateModified\":\"2025-09-15T11:01:28+00:00\",\"breadcrumb\":{\"@id\":\"https:\/\/centcols.org\/sejour-2011-ripoll\/#breadcrumb\"},\"inLanguage\":\"it-IT\",\"potentialAction\":[{\"@type\":\"ReadAction\",\"target\":[\"https:\/\/centcols.org\/sejour-2011-ripoll\/\"]}]},{\"@type\":\"ImageObject\",\"inLanguage\":\"it-IT\",\"@id\":\"https:\/\/centcols.org\/sejour-2011-ripoll\/#primaryimage\",\"url\":\"https:\/\/centcols.org\/wp-content\/uploads\/2025\/05\/banner.jpg\",\"contentUrl\":\"https:\/\/centcols.org\/wp-content\/uploads\/2025\/05\/banner.jpg\",\"width\":1000,\"height\":150},{\"@type\":\"BreadcrumbList\",\"@id\":\"https:\/\/centcols.org\/sejour-2011-ripoll\/#breadcrumb\",\"itemListElement\":[{\"@type\":\"ListItem\",\"position\":1,\"name\":\"Accueil\",\"item\":\"https:\/\/centcols.org\/\"},{\"@type\":\"ListItem\",\"position\":2,\"name\":\"S\u00e9jours du Club des Cent Cols\",\"item\":\"https:\/\/centcols.org\/rubrique\/sejours\/\"},{\"@type\":\"ListItem\",\"position\":3,\"name\":\"Pays\",\"item\":\"https:\/\/centcols.org\/rubrique\/sejours\/pays-sejours\/\"},{\"@type\":\"ListItem\",\"position\":4,\"name\":\"Espagne\",\"item\":\"https:\/\/centcols.org\/rubrique\/sejours\/pays-sejours\/espagne-pays-sejours\/\"},{\"@type\":\"ListItem\",\"position\":5,\"name\":\"S\u00e9jour de printemps en Catalogne espagnole \u00e0 Ripoll (GI) du 9 au 16 avril 2011\"}]},{\"@type\":\"WebSite\",\"@id\":\"https:\/\/centcols.org\/#website\",\"url\":\"https:\/\/centcols.org\/\",\"name\":\"Club des Cent Cols\",\"description\":\"\",\"publisher\":{\"@id\":\"https:\/\/centcols.org\/#organization\"},\"potentialAction\":[{\"@type\":\"SearchAction\",\"target\":{\"@type\":\"EntryPoint\",\"urlTemplate\":\"https:\/\/centcols.org\/?s={search_term_string}\"},\"query-input\":{\"@type\":\"PropertyValueSpecification\",\"valueRequired\":true,\"valueName\":\"search_term_string\"}}],\"inLanguage\":\"it-IT\"},{\"@type\":\"Organization\",\"@id\":\"https:\/\/centcols.org\/#organization\",\"name\":\"Club des Cent Cols\",\"url\":\"https:\/\/centcols.org\/\",\"logo\":{\"@type\":\"ImageObject\",\"inLanguage\":\"it-IT\",\"@id\":\"https:\/\/centcols.org\/#\/schema\/logo\/image\/\",\"url\":\"https:\/\/centcols.org\/wp-content\/uploads\/2025\/01\/carte-icone.png\",\"contentUrl\":\"https:\/\/centcols.org\/wp-content\/uploads\/2025\/01\/carte-icone.png\",\"width\":250,\"height\":250,\"caption\":\"Club des Cent Cols\"},\"image\":{\"@id\":\"https:\/\/centcols.org\/#\/schema\/logo\/image\/\"},\"sameAs\":[\"https:\/\/www.facebook.com\/groups\/5261880558\/?locale=fr_FR\"]},{\"@type\":\"Person\",\"@id\":\"https:\/\/centcols.org\/#\/schema\/person\/911b404fb133d8c913dd27cdcf71c8e5\",\"name\":\"Webmestre\",\"image\":{\"@type\":\"ImageObject\",\"inLanguage\":\"it-IT\",\"@id\":\"https:\/\/centcols.org\/wp-content\/litespeed\/avatar\/2d246e4b6b4f773e08515e1ffc53690b.jpg?ver=1777222892\",\"url\":\"https:\/\/centcols.org\/wp-content\/litespeed\/avatar\/2d246e4b6b4f773e08515e1ffc53690b.jpg?ver=1777222892\",\"contentUrl\":\"https:\/\/centcols.org\/wp-content\/litespeed\/avatar\/2d246e4b6b4f773e08515e1ffc53690b.jpg?ver=1777222892\",\"caption\":\"Webmestre\"},\"url\":\"https:\/\/centcols.org\/it\/author\/webmestre\/\"}]}<\/script>\n<!-- \/ Yoast SEO plugin. -->","yoast_head_json":{"title":"Vacanze di primavera nella Catalogna spagnola a Ripoll (GI) dal 9 al 16 aprile 2011 - Club des Cent Cols","robots":{"index":"index","follow":"follow","max-snippet":"max-snippet:-1","max-image-preview":"max-image-preview:large","max-video-preview":"max-video-preview:-1"},"canonical":"https:\/\/centcols.org\/it\/soggiorno-2011-ripoll\/","og_locale":"it_IT","og_type":"article","og_title":"S\u00e9jour de printemps en Catalogne espagnole \u00e0 Ripoll (GI) du 9 au 16 avril 2011 - Club des Cent Cols","og_description":"Pr\u00e9sentation Pour la premi\u00e8re fois, un s\u00e9jour du Club des Cent Cols se situera hors de France. En effet, notre s\u00e9jour de printemps 2011 se d\u00e9roulera \u00e0 Ripoll (situ\u00e9 \u00e0 65 km au sud de Bourg-Madame et \u00e0 80 km \u00e0 l\u2019ouest de la Costa Brava), en terre catalane, dans la province de Girona. Le [&hellip;]","og_url":"https:\/\/centcols.org\/it\/soggiorno-2011-ripoll\/","og_site_name":"Club des Cent Cols","article_publisher":"https:\/\/www.facebook.com\/groups\/5261880558\/?locale=fr_FR","article_published_time":"2011-01-23T08:08:27+00:00","article_modified_time":"2025-09-15T11:01:28+00:00","og_image":[{"width":1000,"height":150,"url":"https:\/\/centcols.org\/wp-content\/uploads\/2025\/05\/banner.jpg","type":"image\/jpeg"}],"author":"Webmestre","twitter_card":"summary_large_image","twitter_misc":{"Scritto da":"Webmestre","Tempo di lettura stimato":"10 minuti"},"schema":{"@context":"https:\/\/schema.org","@graph":[{"@type":"Article","@id":"https:\/\/centcols.org\/sejour-2011-ripoll\/#article","isPartOf":{"@id":"https:\/\/centcols.org\/sejour-2011-ripoll\/"},"author":{"name":"Webmestre","@id":"https:\/\/centcols.org\/#\/schema\/person\/911b404fb133d8c913dd27cdcf71c8e5"},"headline":"S\u00e9jour de printemps en Catalogne espagnole \u00e0 Ripoll (GI) du 9 au 16 avril 2011","datePublished":"2011-01-23T08:08:27+00:00","dateModified":"2025-09-15T11:01:28+00:00","mainEntityOfPage":{"@id":"https:\/\/centcols.org\/sejour-2011-ripoll\/"},"wordCount":1126,"publisher":{"@id":"https:\/\/centcols.org\/#organization"},"image":{"@id":"https:\/\/centcols.org\/sejour-2011-ripoll\/#primaryimage"},"thumbnailUrl":"https:\/\/centcols.org\/wp-content\/uploads\/2025\/05\/banner.jpg","articleSection":["Espagne","Calendrier","Catalogne","Pyr\u00e9n\u00e9es catalanes","S\u00e9jours du Club des Cent Cols"],"inLanguage":"it-IT"},{"@type":"WebPage","@id":"https:\/\/centcols.org\/sejour-2011-ripoll\/","url":"https:\/\/centcols.org\/sejour-2011-ripoll\/","name":"Vacanze di primavera nella Catalogna spagnola a Ripoll (GI) dal 9 al 16 aprile 2011 - Club des Cent Cols","isPartOf":{"@id":"https:\/\/centcols.org\/#website"},"primaryImageOfPage":{"@id":"https:\/\/centcols.org\/sejour-2011-ripoll\/#primaryimage"},"image":{"@id":"https:\/\/centcols.org\/sejour-2011-ripoll\/#primaryimage"},"thumbnailUrl":"https:\/\/centcols.org\/wp-content\/uploads\/2025\/05\/banner.jpg","datePublished":"2011-01-23T08:08:27+00:00","dateModified":"2025-09-15T11:01:28+00:00","breadcrumb":{"@id":"https:\/\/centcols.org\/sejour-2011-ripoll\/#breadcrumb"},"inLanguage":"it-IT","potentialAction":[{"@type":"ReadAction","target":["https:\/\/centcols.org\/sejour-2011-ripoll\/"]}]},{"@type":"ImageObject","inLanguage":"it-IT","@id":"https:\/\/centcols.org\/sejour-2011-ripoll\/#primaryimage","url":"https:\/\/centcols.org\/wp-content\/uploads\/2025\/05\/banner.jpg","contentUrl":"https:\/\/centcols.org\/wp-content\/uploads\/2025\/05\/banner.jpg","width":1000,"height":150},{"@type":"BreadcrumbList","@id":"https:\/\/centcols.org\/sejour-2011-ripoll\/#breadcrumb","itemListElement":[{"@type":"ListItem","position":1,"name":"Accueil","item":"https:\/\/centcols.org\/"},{"@type":"ListItem","position":2,"name":"S\u00e9jours du Club des Cent Cols","item":"https:\/\/centcols.org\/rubrique\/sejours\/"},{"@type":"ListItem","position":3,"name":"Pays","item":"https:\/\/centcols.org\/rubrique\/sejours\/pays-sejours\/"},{"@type":"ListItem","position":4,"name":"Espagne","item":"https:\/\/centcols.org\/rubrique\/sejours\/pays-sejours\/espagne-pays-sejours\/"},{"@type":"ListItem","position":5,"name":"S\u00e9jour de printemps en Catalogne espagnole \u00e0 Ripoll (GI) du 9 au 16 avril 2011"}]},{"@type":"WebSite","@id":"https:\/\/centcols.org\/#website","url":"https:\/\/centcols.org\/","name":"Club des Cent Cols","description":"","publisher":{"@id":"https:\/\/centcols.org\/#organization"},"potentialAction":[{"@type":"SearchAction","target":{"@type":"EntryPoint","urlTemplate":"https:\/\/centcols.org\/?s={search_term_string}"},"query-input":{"@type":"PropertyValueSpecification","valueRequired":true,"valueName":"search_term_string"}}],"inLanguage":"it-IT"},{"@type":"Organization","@id":"https:\/\/centcols.org\/#organization","name":"Club des Cent Cols","url":"https:\/\/centcols.org\/","logo":{"@type":"ImageObject","inLanguage":"it-IT","@id":"https:\/\/centcols.org\/#\/schema\/logo\/image\/","url":"https:\/\/centcols.org\/wp-content\/uploads\/2025\/01\/carte-icone.png","contentUrl":"https:\/\/centcols.org\/wp-content\/uploads\/2025\/01\/carte-icone.png","width":250,"height":250,"caption":"Club des Cent Cols"},"image":{"@id":"https:\/\/centcols.org\/#\/schema\/logo\/image\/"},"sameAs":["https:\/\/www.facebook.com\/groups\/5261880558\/?locale=fr_FR"]},{"@type":"Person","@id":"https:\/\/centcols.org\/#\/schema\/person\/911b404fb133d8c913dd27cdcf71c8e5","name":"Webmaster","image":{"@type":"ImageObject","inLanguage":"it-IT","@id":"https:\/\/centcols.org\/wp-content\/litespeed\/avatar\/2d246e4b6b4f773e08515e1ffc53690b.jpg?ver=1777222892","url":"https:\/\/centcols.org\/wp-content\/litespeed\/avatar\/2d246e4b6b4f773e08515e1ffc53690b.jpg?ver=1777222892","contentUrl":"https:\/\/centcols.org\/wp-content\/litespeed\/avatar\/2d246e4b6b4f773e08515e1ffc53690b.jpg?ver=1777222892","caption":"Webmestre"},"url":"https:\/\/centcols.org\/it\/author\/webmestre\/"}]}},"_links":{"self":[{"href":"https:\/\/centcols.org\/it\/wp-json\/wp\/v2\/posts\/81608","targetHints":{"allow":["GET"]}}],"collection":[{"href":"https:\/\/centcols.org\/it\/wp-json\/wp\/v2\/posts"}],"about":[{"href":"https:\/\/centcols.org\/it\/wp-json\/wp\/v2\/types\/post"}],"author":[{"embeddable":true,"href":"https:\/\/centcols.org\/it\/wp-json\/wp\/v2\/users\/3"}],"replies":[{"embeddable":true,"href":"https:\/\/centcols.org\/it\/wp-json\/wp\/v2\/comments?post=81608"}],"version-history":[{"count":0,"href":"https:\/\/centcols.org\/it\/wp-json\/wp\/v2\/posts\/81608\/revisions"}],"wp:featuredmedia":[{"embeddable":true,"href":"https:\/\/centcols.org\/it\/wp-json\/wp\/v2\/media\/81609"}],"wp:attachment":[{"href":"https:\/\/centcols.org\/it\/wp-json\/wp\/v2\/media?parent=81608"}],"wp:term":[{"taxonomy":"category","embeddable":true,"href":"https:\/\/centcols.org\/it\/wp-json\/wp\/v2\/categories?post=81608"},{"taxonomy":"post_tag","embeddable":true,"href":"https:\/\/centcols.org\/it\/wp-json\/wp\/v2\/tags?post=81608"}],"curies":[{"name":"wp","href":"https:\/\/api.w.org\/{rel}","templated":true}]}}