{"id":81684,"date":"2015-04-20T14:45:17","date_gmt":"2015-04-20T12:45:17","guid":{"rendered":"https:\/\/centcols.org\/assemblee-generale-du-club-des-cent-cols-a-vogue-ardeche-les-29-et-30-novembre-2014\/"},"modified":"2025-11-06T09:43:49","modified_gmt":"2025-11-06T07:43:49","slug":"ag-2014-vogue","status":"publish","type":"post","link":"https:\/\/centcols.org\/it\/ag-2014-vogue\/","title":{"rendered":"Assemblea generale del Club des Cent Cols a Vog\u00fc\u00e9 (Ard\u00e8che) il 29 e 30 novembre 2014"},"content":{"rendered":"<h2 class=\"wp-block-heading\">Presentazione<\/h2>\n\n\n\n<p>Per l'Assemblea generale 2014, la confraternita si sposter\u00e0 in un luogo pi\u00f9 centrale, il villaggio di Vog\u00fc\u00e9, considerato uno dei pi\u00f9 belli di Francia. Saremo accolti nella tenuta \"Lou Capitelle\". L'Assemblea generale si terr\u00e0 sabato dalle ore 15.00.<\/p>\n\n\n\n<p>Vog\u00fc\u00e9 \u00e8 un villaggio di 940 abitanti, situato a un'altitudine media di 160 m, nella bassa valle dell'Ard\u00e8che. Costruito a forma di anfiteatro sulle rive dell'Ard\u00e8che, Vog\u00fc\u00e9 \u00e8 stato un villaggio medievale e un importante nodo ferroviario fino al 1982. Alcuni dei binari sono ancora utilizzati dal treno turistico \u00abPicasso\u00bb, che offre una vista mozzafiato dal viadotto. Le parti pi\u00f9 antiche del villaggio risalgono all'XI secolo.<sup>e<\/sup> secolo e il XVII<sup>e<\/sup>. Il castello fortificato, risalente all'epoca medievale e ristrutturato nel XVII secolo, \u00e8 stato restaurato.<sup>e<\/sup>Apparteneva al marchese Pierre de Vog\u00fc\u00e9. La Tourasse, nel centro del villaggio, \u00e8 la pi\u00f9 antica abitazione della zona. Un priorato benedettino ha lasciato il posto alla chiesa di Sainte Marie. La principale fonte di reddito del villaggio \u00e8 il turismo e la viticoltura. Il villaggio ospita ogni anno la rinomata corsa ciclistica Ard\u00e9choise. Le alture sopra il villaggio sono classificate come \"Area naturale di interesse ecologico, faunistico e floristico\". Il villaggio ha inoltre ottenuto il marchio \"Station Verte de Vacances\".<\/p>\n\n\n\n<figure class=\"wp-block-gallery has-nested-images columns-3 is-cropped wp-block-gallery-1 is-layout-flex wp-block-gallery-is-layout-flex\">\n<figure class=\"wp-block-image size-full\"><a href=\"https:\/\/centcols.org\/wp-content\/uploads\/2015\/04\/ardeche.jpg\"><img loading=\"lazy\" decoding=\"async\" width=\"240\" height=\"180\" data-id=\"91861\" src=\"https:\/\/centcols.org\/wp-content\/uploads\/2015\/04\/ardeche.jpg\" alt=\"\" class=\"wp-image-91861\" srcset=\"https:\/\/centcols.org\/wp-content\/uploads\/2015\/04\/ardeche.jpg 240w, https:\/\/centcols.org\/wp-content\/uploads\/2015\/04\/ardeche-16x12.jpg 16w\" sizes=\"auto, (max-width: 240px) 100vw, 240px\" \/><\/a><\/figure>\n\n\n\n<figure class=\"wp-block-image size-full\"><a href=\"https:\/\/centcols.org\/wp-content\/uploads\/2015\/04\/ardeche.png\"><img loading=\"lazy\" decoding=\"async\" width=\"200\" height=\"220\" data-id=\"91862\" src=\"https:\/\/centcols.org\/wp-content\/uploads\/2015\/04\/ardeche.png\" alt=\"\" class=\"wp-image-91862\" srcset=\"https:\/\/centcols.org\/wp-content\/uploads\/2015\/04\/ardeche.png 200w, https:\/\/centcols.org\/wp-content\/uploads\/2015\/04\/ardeche-11x12.png 11w\" sizes=\"auto, (max-width: 200px) 100vw, 200px\" \/><\/a><\/figure>\n\n\n\n<figure class=\"wp-block-image size-full\"><a href=\"https:\/\/centcols.org\/wp-content\/uploads\/2015\/04\/pontdarc.jpg\"><img loading=\"lazy\" decoding=\"async\" width=\"240\" height=\"180\" data-id=\"91863\" src=\"https:\/\/centcols.org\/wp-content\/uploads\/2015\/04\/pontdarc.jpg\" alt=\"\" class=\"wp-image-91863\" srcset=\"https:\/\/centcols.org\/wp-content\/uploads\/2015\/04\/pontdarc.jpg 240w, https:\/\/centcols.org\/wp-content\/uploads\/2015\/04\/pontdarc-16x12.jpg 16w\" sizes=\"auto, (max-width: 240px) 100vw, 240px\" \/><\/a><\/figure>\n\n\n\n<figure class=\"wp-block-image size-full\"><a href=\"https:\/\/centcols.org\/wp-content\/uploads\/2015\/04\/viaduc.jpg\"><img loading=\"lazy\" decoding=\"async\" width=\"240\" height=\"180\" data-id=\"91864\" src=\"https:\/\/centcols.org\/wp-content\/uploads\/2015\/04\/viaduc.jpg\" alt=\"\" class=\"wp-image-91864\" srcset=\"https:\/\/centcols.org\/wp-content\/uploads\/2015\/04\/viaduc.jpg 240w, https:\/\/centcols.org\/wp-content\/uploads\/2015\/04\/viaduc-16x12.jpg 16w\" sizes=\"auto, (max-width: 240px) 100vw, 240px\" \/><\/a><\/figure>\n\n\n\n<figure class=\"wp-block-image size-large\"><img loading=\"lazy\" decoding=\"async\" width=\"200\" height=\"220\" data-id=\"91869\" src=\"https:\/\/centcols.org\/wp-content\/uploads\/2015\/04\/vogue.png\" alt=\"\" class=\"wp-image-91869\" srcset=\"https:\/\/centcols.org\/wp-content\/uploads\/2015\/04\/vogue.png 200w, https:\/\/centcols.org\/wp-content\/uploads\/2015\/04\/vogue-11x12.png 11w\" sizes=\"auto, (max-width: 200px) 100vw, 200px\" \/><\/figure>\n\n\n\n<figure class=\"wp-block-image size-full\"><a href=\"https:\/\/centcols.org\/wp-content\/uploads\/2015\/04\/vogue.jpg\"><img loading=\"lazy\" decoding=\"async\" width=\"240\" height=\"180\" data-id=\"91865\" src=\"https:\/\/centcols.org\/wp-content\/uploads\/2015\/04\/vogue.jpg\" alt=\"\" class=\"wp-image-91865\" srcset=\"https:\/\/centcols.org\/wp-content\/uploads\/2015\/04\/vogue.jpg 240w, https:\/\/centcols.org\/wp-content\/uploads\/2015\/04\/vogue-16x12.jpg 16w\" sizes=\"auto, (max-width: 240px) 100vw, 240px\" \/><\/a><\/figure>\n<\/figure>\n\n\n\n<h2 class=\"wp-block-heading\">Alloggio<\/h2>\n\n\n\n<p>Villaggio turistico: Domaine de Lou Capitelle - 07200 Vog\u00fc\u00e9<br>tel. +33 (0)4 75 37 81 90 - <a href=\"http:\/\/www.loucapitelle.com\/\" target=\"_blank\" rel=\"noopener\">http:\/\/www.loucapitelle.com<\/a><br>132 camere comfort, 50 camere lusso: lenzuola e asciugamani forniti, pulizia a carico degli occupanti. Camere singole disponibili a pagamento.<\/p>\n\n\n\n<h3 class=\"wp-block-heading\">Contatto<\/h3>\n\n\n\n<p>Ufficio del Turismo, Le Village, 07200 Vog\u00fc\u00e9 - +33 (0)4 75 37 01 17 -&nbsp; <a href=\"http:\/\/www.vogue-tourisme.com\/\" target=\"_blank\" rel=\"noopener\">http:\/\/www.vogue-tourisme.com<\/a><\/p>\n\n\n\n<h2 class=\"wp-block-heading\">Tour<\/h2>\n\n\n\n<p>Sabato 29 e domenica 30 sono previsti percorsi su strada e in mountain bike. Si tratta di proposte che ognuno pu\u00f2 adattare alla propria forma fisica e alle condizioni meteorologiche. Naturalmente, il sabato dovrete partire abbastanza presto per essere di ritorno in tempo per l'incontro: le partenze in bicicletta sono previste per le 8.30 del mattino. Se si percorre l'itinerario in mountain bike, \u00e8 necessario partire mezz'ora prima per arrivare in auto da Vog\u00fc\u00e9 a Largenti\u00e8re. L'elenco di <a href=\"https:\/\/centcols.org\/it\/membres\/cctours\/tours.php\/?lieu=Vog\u00fc\u00e9&amp;an=2014\">tutti i tour<\/a> \u00e8 disponibile, cos\u00ec come elenchi separati per <a href=\"https:\/\/centcols.org\/it\/membres\/cctours\/tours.php\/?lieu=Vog\u00fc\u00e9&amp;an=2014&amp;genre=R\" target=\"_blank\" rel=\"noreferrer noopener\">percorsi stradali<\/a> e <a href=\"https:\/\/centcols.org\/it\/membres\/cctours\/tours.php\/?lieu=Vog\u00fc\u00e9&amp;an=2014&amp;genre=V\" target=\"_blank\" rel=\"noreferrer noopener\">percorsi per mountain bike<\/a>. Da questi elenchi sono disponibili profili altimetrici e mappe interattive per ogni percorso.<\/p>\n\n\n\n<p>Per coloro che utilizzano un GPS o un software di mappatura sul proprio computer, ci sono <a href=\"https:\/\/centcols.org\/it\/membres\/cctours\/tours.php\/?lieu=Vog\u00fc\u00e9&amp;an=2014\" target=\"_blank\" rel=\"noreferrer noopener\">file di geolocalizzazione<\/a> pu\u00f2 essere scaricato.<\/p>\n\n\n\n<h2 class=\"wp-block-heading\">Altre attivit\u00e0<\/h2>\n\n\n\n<ul class=\"wp-block-list\">\n<li>Canyoning, Maison du Plein-Air, 07200 Aubenas<\/li>\n\n\n\n<li>Speleologia, 07150 Vallon-Pont-d'Arc<\/li>\n\n\n\n<li>Canoa, Les Salles, 07120 Balazuc<\/li>\n<\/ul>\n\n\n\n<h2 class=\"wp-block-heading\">Visite<\/h2>\n\n\n\n<ul class=\"wp-block-list\">\n<li>Castello di Vog\u00fc\u00e9 (cappella romanica, prigioni, giardino pensile), risalente al Medioevo e restaurato nel XVII secolo.<\/li>\n\n\n\n<li>Chiesa di Saint-Pierre de Sauveplantade (la pi\u00f9 piccola chiesa romanica risalente al IX e XI secolo)<\/li>\n\n\n\n<li>Il villaggio di Saint-Sernin, occupato molto presto dall'uomo (selce, con la croce di Espinasse, oggetto di processioni per scongiurare la siccit\u00e0)<\/li>\n<\/ul>\n\n\n\n<h2 class=\"wp-block-heading\">Degustazioni<\/h2>\n\n\n\n<ul class=\"wp-block-list\">\n<li>Propri\u00e9t\u00e9 Claude Gascon, vins, 07200 Rochecolombe: Gris de Grenache, Chardonnay<\/li>\n\n\n\n<li>Boucherie charcuterie Moulin, 07200 Saint-Etienne-de-Fontbellon: specialit\u00e0 dell'Ard\u00e8che dal 1946<\/li>\n\n\n\n<li>Le Petit Ard\u00e9chois, 07200 Saint-Etienne-de-Fontbellon: torroni artigianali, calissons e praline<\/li>\n\n\n\n<li>Le Gen\u00eat d'Or, 07200 Vog\u00fc\u00e9: torrone dell'Ard\u00e8che con una variet\u00e0 di mieli<\/li>\n<\/ul>\n\n\n\n<h2 class=\"wp-block-heading\">Biciclette per l'Africa<\/h2>\n\n\n\n<p>Questa operazione \u00e8 stata lanciata con successo dal nostro compianto amico Roland Grimaud, in occasione dell'assemblea generale del Club des Cent Cols del 2008 a Ch\u00e2teau-Arnoux e dell'assemblea generale del 2009 a Yenne. Ho proposto di riproporlo ad Annecy in occasione dell'assemblea generale del 2012 e ancora una volta avete risposto numerosi. L'evento continuer\u00e0 anche quest'anno, il 29 novembre a Vog\u00fc\u00e9.<\/p>\n\n\n\n<p>Questa iniziativa \u00e8 gestita dal 2001 dall'associazione \u00abREPERAGES\u00bb di Grenoble.<\/p>\n\n\n\n<p><strong>Azione di solidariet\u00e0<\/strong>REPERAGES: REPERAGES raccoglie tutte le biciclette, grandi e piccole, in buono o cattivo stato, anche incomplete, e le rimette a nuovo nella sua officina prima di inviarle in Africa, in particolare in Burkina Faso e in Mali, dove l'azione \u00e8 presa in carico da associazioni di villaggio. L\u00ec, l'uso delle biciclette incoraggia i bambini ad andare a scuola, riduce la fatica del lavoro...<\/p>\n\n\n\n<p><strong>Aiuto per l'integrazione<\/strong>A Grenoble, la struttura ha portato alla creazione di posti di lavoro che vengono supervisionati e sostenuti come parte del processo di integrazione. Ogni anno vengono raccolte tra le 3.000 e le 3.500 biciclette.<\/p>\n\n\n\n<p><strong>Azione ambientale<\/strong>Un mezzo di trasporto non inquinante, la bicicletta, pu\u00f2 essere acquistata presso REPERAGES.<\/p>\n\n\n\n<p>La struttura di Grenoble \u00e8 supportata dagli enti locali - Stato - Regione - Dipartimento - Citt\u00e0. Numerosi enti locali, associazioni e volontari collaborano nel campo della raccolta.<\/p>\n\n\n\n<p>A Vog\u00fc\u00e9 sar\u00e0 disponibile un punto di consegna (da specificare). Sar\u00e0 aperto sabato 29 novembre dalle 9.00 alle 13.00.<\/p>\n\n\n\n<p>Vi prego di comunicarmi in anticipo il numero e le dimensioni delle biciclette in modo che REPERAGES possa organizzare il ritiro. Naturalmente vengono raccolti anche gli accessori per biciclette.<\/p>\n\n\n\n<p>Grazie per la vostra generosit\u00e0...<\/p>\n\n\n\n<p><em>Robert YONNET<\/em>, CC 5292,&nbsp;<a href=\"javascript:;\">robert.yonnet@orange.fr<\/a>,+33 (0)6 81 85 54 71.<\/p>\n\n\n\n<h2 class=\"wp-block-heading\">Album fotografici :<\/h2>\n\n\n\n<p><a href=\"https:\/\/centcols.org\/it\/util\/visuAlbum.php\/?album=06502-002\" target=\"_blank\" rel=\"noreferrer noopener\">Album fotografico di S\u00e9bastien Vadot<\/a><\/p>\n\n\n\n<p><a href=\"https:\/\/centcols.org\/it\/backup\/ag-2014-vogue\/\"><\/a><\/p>\n\n\n\n<p><a href=\"https:\/\/centcols.org\/it\/util\/visuAlbum.php\/?album=03872-005\" target=\"_blank\" rel=\"noreferrer noopener\">Album fotografico di Bernard Giraudeau<\/a><\/p>\n\n\n\n<p><a href=\"https:\/\/centcols.org\/backup\/wp-content\/uploads\/2015\/04\/M004251.jpg\"><\/a><\/p>\n\n\n\n<p><a href=\"https:\/\/centcols.org\/it\/util\/visuAlbum.php\/?album=03693-007\" target=\"_blank\" rel=\"noreferrer noopener\">Album fotografico di Alain Brault<\/a><\/p>\n\n\n\n<p><a href=\"https:\/\/centcols.org\/backup\/wp-content\/uploads\/2015\/04\/M006261.jpg\"><\/a><\/p>\n\n\n\n<p><a href=\"https:\/\/centcols.org\/it\/util\/visuAlbum.php\/?album=07279-001\" target=\"_blank\" rel=\"noreferrer noopener\">Andr\u00e9 Liotier album fotografico<\/a><\/p>","protected":false},"excerpt":{"rendered":"<p>Pr\u00e9sentation Pour cette AG 2014, la confr\u00e9rie rejoindra un lieu plus central, le village de Vog\u00fc\u00e9, class\u00e9 parmi les plus beaux de France. Nous serons accueillis au domaine de \u00abLou Capitelle\u00bb. L&rsquo;assembl\u00e9e se tiendra le samedi \u00e0 partir de 15 heures. Vog\u00fc\u00e9 est un village de 940 habitants, situ\u00e9 \u00e0 une altitude moyenne de 160&nbsp;m, [&hellip;]<\/p>\n","protected":false},"author":3,"featured_media":81685,"comment_status":"closed","ping_status":"closed","sticky":false,"template":"","format":"standard","meta":{"_acf_changed":false,"footnotes":""},"categories":[217,135],"tags":[],"class_list":["post-81684","post","type-post","status-publish","format-standard","has-post-thumbnail","hentry","category-assemblees-generales","category-calendrier"],"acf":[],"yoast_head":"<!-- This site is optimized with the Yoast SEO plugin v27.2 - https:\/\/yoast.com\/product\/yoast-seo-wordpress\/ -->\n<title>Assembl\u00e9e g\u00e9n\u00e9rale du Club des Cent Cols \u00e0 Vog\u00fc\u00e9 (Ard\u00e8che) les 29 et 30 novembre 2014 - Club des Cent Cols<\/title>\n<meta name=\"robots\" content=\"index, follow, max-snippet:-1, max-image-preview:large, max-video-preview:-1\" \/>\n<link rel=\"canonical\" href=\"https:\/\/centcols.org\/it\/ag-2014-vogue\/\" \/>\n<meta property=\"og:locale\" content=\"it_IT\" \/>\n<meta property=\"og:type\" content=\"article\" \/>\n<meta property=\"og:title\" content=\"Assembl\u00e9e g\u00e9n\u00e9rale du Club des Cent Cols \u00e0 Vog\u00fc\u00e9 (Ard\u00e8che) les 29 et 30 novembre 2014 - Club des Cent Cols\" \/>\n<meta property=\"og:description\" content=\"Pr\u00e9sentation Pour cette AG 2014, la confr\u00e9rie rejoindra un lieu plus central, le village de Vog\u00fc\u00e9, class\u00e9 parmi les plus beaux de France. Nous serons accueillis au domaine de \u00abLou Capitelle\u00bb. L&rsquo;assembl\u00e9e se tiendra le samedi \u00e0 partir de 15 heures. Vog\u00fc\u00e9 est un village de 940 habitants, situ\u00e9 \u00e0 une altitude moyenne de 160&nbsp;m, [&hellip;]\" \/>\n<meta property=\"og:url\" content=\"https:\/\/centcols.org\/it\/ag-2014-vogue\/\" \/>\n<meta property=\"og:site_name\" content=\"Club des Cent Cols\" \/>\n<meta property=\"article:publisher\" content=\"https:\/\/www.facebook.com\/groups\/5261880558\/?locale=fr_FR\" \/>\n<meta property=\"article:published_time\" content=\"2015-04-20T12:45:17+00:00\" \/>\n<meta property=\"article:modified_time\" content=\"2025-11-06T07:43:49+00:00\" \/>\n<meta property=\"og:image\" content=\"https:\/\/centcols.org\/wp-content\/uploads\/2025\/05\/M006261.jpg\" \/>\n\t<meta property=\"og:image:width\" content=\"800\" \/>\n\t<meta property=\"og:image:height\" content=\"600\" \/>\n\t<meta property=\"og:image:type\" content=\"image\/jpeg\" \/>\n<meta name=\"author\" content=\"Webmestre\" \/>\n<meta name=\"twitter:card\" content=\"summary_large_image\" \/>\n<meta name=\"twitter:label1\" content=\"Scritto da\" \/>\n\t<meta name=\"twitter:data1\" content=\"Webmestre\" \/>\n\t<meta name=\"twitter:label2\" content=\"Tempo di lettura stimato\" \/>\n\t<meta name=\"twitter:data2\" content=\"6 minuti\" \/>\n<script type=\"application\/ld+json\" class=\"yoast-schema-graph\">{\"@context\":\"https:\/\/schema.org\",\"@graph\":[{\"@type\":\"Article\",\"@id\":\"https:\/\/centcols.org\/ag-2014-vogue\/#article\",\"isPartOf\":{\"@id\":\"https:\/\/centcols.org\/ag-2014-vogue\/\"},\"author\":{\"name\":\"Webmestre\",\"@id\":\"https:\/\/centcols.org\/#\/schema\/person\/911b404fb133d8c913dd27cdcf71c8e5\"},\"headline\":\"Assembl\u00e9e g\u00e9n\u00e9rale du Club des Cent Cols \u00e0 Vog\u00fc\u00e9 (Ard\u00e8che) les 29 et 30 novembre 2014\",\"datePublished\":\"2015-04-20T12:45:17+00:00\",\"dateModified\":\"2025-11-06T07:43:49+00:00\",\"mainEntityOfPage\":{\"@id\":\"https:\/\/centcols.org\/ag-2014-vogue\/\"},\"wordCount\":912,\"publisher\":{\"@id\":\"https:\/\/centcols.org\/#organization\"},\"image\":{\"@id\":\"https:\/\/centcols.org\/ag-2014-vogue\/#primaryimage\"},\"thumbnailUrl\":\"https:\/\/centcols.org\/wp-content\/uploads\/2025\/05\/M006261.jpg\",\"articleSection\":[\"Assembl\u00e9es g\u00e9n\u00e9rales\",\"Calendrier\"],\"inLanguage\":\"it-IT\"},{\"@type\":\"WebPage\",\"@id\":\"https:\/\/centcols.org\/ag-2014-vogue\/\",\"url\":\"https:\/\/centcols.org\/ag-2014-vogue\/\",\"name\":\"Assembl\u00e9e g\u00e9n\u00e9rale du Club des Cent Cols \u00e0 Vog\u00fc\u00e9 (Ard\u00e8che) les 29 et 30 novembre 2014 - Club des Cent Cols\",\"isPartOf\":{\"@id\":\"https:\/\/centcols.org\/#website\"},\"primaryImageOfPage\":{\"@id\":\"https:\/\/centcols.org\/ag-2014-vogue\/#primaryimage\"},\"image\":{\"@id\":\"https:\/\/centcols.org\/ag-2014-vogue\/#primaryimage\"},\"thumbnailUrl\":\"https:\/\/centcols.org\/wp-content\/uploads\/2025\/05\/M006261.jpg\",\"datePublished\":\"2015-04-20T12:45:17+00:00\",\"dateModified\":\"2025-11-06T07:43:49+00:00\",\"breadcrumb\":{\"@id\":\"https:\/\/centcols.org\/ag-2014-vogue\/#breadcrumb\"},\"inLanguage\":\"it-IT\",\"potentialAction\":[{\"@type\":\"ReadAction\",\"target\":[\"https:\/\/centcols.org\/ag-2014-vogue\/\"]}]},{\"@type\":\"ImageObject\",\"inLanguage\":\"it-IT\",\"@id\":\"https:\/\/centcols.org\/ag-2014-vogue\/#primaryimage\",\"url\":\"https:\/\/centcols.org\/wp-content\/uploads\/2025\/05\/M006261.jpg\",\"contentUrl\":\"https:\/\/centcols.org\/wp-content\/uploads\/2025\/05\/M006261.jpg\",\"width\":800,\"height\":600},{\"@type\":\"BreadcrumbList\",\"@id\":\"https:\/\/centcols.org\/ag-2014-vogue\/#breadcrumb\",\"itemListElement\":[{\"@type\":\"ListItem\",\"position\":1,\"name\":\"Accueil\",\"item\":\"https:\/\/centcols.org\/\"},{\"@type\":\"ListItem\",\"position\":2,\"name\":\"Assembl\u00e9es g\u00e9n\u00e9rales\",\"item\":\"https:\/\/centcols.org\/rubrique\/assemblees-generales\/\"},{\"@type\":\"ListItem\",\"position\":3,\"name\":\"Assembl\u00e9e g\u00e9n\u00e9rale du Club des Cent Cols \u00e0 Vog\u00fc\u00e9 (Ard\u00e8che) les 29 et 30 novembre 2014\"}]},{\"@type\":\"WebSite\",\"@id\":\"https:\/\/centcols.org\/#website\",\"url\":\"https:\/\/centcols.org\/\",\"name\":\"Club des Cent Cols\",\"description\":\"\",\"publisher\":{\"@id\":\"https:\/\/centcols.org\/#organization\"},\"potentialAction\":[{\"@type\":\"SearchAction\",\"target\":{\"@type\":\"EntryPoint\",\"urlTemplate\":\"https:\/\/centcols.org\/?s={search_term_string}\"},\"query-input\":{\"@type\":\"PropertyValueSpecification\",\"valueRequired\":true,\"valueName\":\"search_term_string\"}}],\"inLanguage\":\"it-IT\"},{\"@type\":\"Organization\",\"@id\":\"https:\/\/centcols.org\/#organization\",\"name\":\"Club des Cent Cols\",\"url\":\"https:\/\/centcols.org\/\",\"logo\":{\"@type\":\"ImageObject\",\"inLanguage\":\"it-IT\",\"@id\":\"https:\/\/centcols.org\/#\/schema\/logo\/image\/\",\"url\":\"https:\/\/centcols.org\/wp-content\/uploads\/2025\/01\/carte-icone.png\",\"contentUrl\":\"https:\/\/centcols.org\/wp-content\/uploads\/2025\/01\/carte-icone.png\",\"width\":250,\"height\":250,\"caption\":\"Club des Cent Cols\"},\"image\":{\"@id\":\"https:\/\/centcols.org\/#\/schema\/logo\/image\/\"},\"sameAs\":[\"https:\/\/www.facebook.com\/groups\/5261880558\/?locale=fr_FR\"]},{\"@type\":\"Person\",\"@id\":\"https:\/\/centcols.org\/#\/schema\/person\/911b404fb133d8c913dd27cdcf71c8e5\",\"name\":\"Webmestre\",\"image\":{\"@type\":\"ImageObject\",\"inLanguage\":\"it-IT\",\"@id\":\"https:\/\/centcols.org\/wp-content\/litespeed\/avatar\/2d246e4b6b4f773e08515e1ffc53690b.jpg?ver=1777222892\",\"url\":\"https:\/\/centcols.org\/wp-content\/litespeed\/avatar\/2d246e4b6b4f773e08515e1ffc53690b.jpg?ver=1777222892\",\"contentUrl\":\"https:\/\/centcols.org\/wp-content\/litespeed\/avatar\/2d246e4b6b4f773e08515e1ffc53690b.jpg?ver=1777222892\",\"caption\":\"Webmestre\"},\"url\":\"https:\/\/centcols.org\/it\/author\/webmestre\/\"}]}<\/script>\n<!-- \/ Yoast SEO plugin. -->","yoast_head_json":{"title":"Assemblea generale del Club des Cent Cols a Vog\u00fc\u00e9 (Ard\u00e8che) il 29 e 30 novembre 2014 - Club des Cent Cols","robots":{"index":"index","follow":"follow","max-snippet":"max-snippet:-1","max-image-preview":"max-image-preview:large","max-video-preview":"max-video-preview:-1"},"canonical":"https:\/\/centcols.org\/it\/ag-2014-vogue\/","og_locale":"it_IT","og_type":"article","og_title":"Assembl\u00e9e g\u00e9n\u00e9rale du Club des Cent Cols \u00e0 Vog\u00fc\u00e9 (Ard\u00e8che) les 29 et 30 novembre 2014 - Club des Cent Cols","og_description":"Pr\u00e9sentation Pour cette AG 2014, la confr\u00e9rie rejoindra un lieu plus central, le village de Vog\u00fc\u00e9, class\u00e9 parmi les plus beaux de France. Nous serons accueillis au domaine de \u00abLou Capitelle\u00bb. L&rsquo;assembl\u00e9e se tiendra le samedi \u00e0 partir de 15 heures. Vog\u00fc\u00e9 est un village de 940 habitants, situ\u00e9 \u00e0 une altitude moyenne de 160&nbsp;m, [&hellip;]","og_url":"https:\/\/centcols.org\/it\/ag-2014-vogue\/","og_site_name":"Club des Cent Cols","article_publisher":"https:\/\/www.facebook.com\/groups\/5261880558\/?locale=fr_FR","article_published_time":"2015-04-20T12:45:17+00:00","article_modified_time":"2025-11-06T07:43:49+00:00","og_image":[{"width":800,"height":600,"url":"https:\/\/centcols.org\/wp-content\/uploads\/2025\/05\/M006261.jpg","type":"image\/jpeg"}],"author":"Webmestre","twitter_card":"summary_large_image","twitter_misc":{"Scritto da":"Webmestre","Tempo di lettura stimato":"6 minuti"},"schema":{"@context":"https:\/\/schema.org","@graph":[{"@type":"Article","@id":"https:\/\/centcols.org\/ag-2014-vogue\/#article","isPartOf":{"@id":"https:\/\/centcols.org\/ag-2014-vogue\/"},"author":{"name":"Webmestre","@id":"https:\/\/centcols.org\/#\/schema\/person\/911b404fb133d8c913dd27cdcf71c8e5"},"headline":"Assembl\u00e9e g\u00e9n\u00e9rale du Club des Cent Cols \u00e0 Vog\u00fc\u00e9 (Ard\u00e8che) les 29 et 30 novembre 2014","datePublished":"2015-04-20T12:45:17+00:00","dateModified":"2025-11-06T07:43:49+00:00","mainEntityOfPage":{"@id":"https:\/\/centcols.org\/ag-2014-vogue\/"},"wordCount":912,"publisher":{"@id":"https:\/\/centcols.org\/#organization"},"image":{"@id":"https:\/\/centcols.org\/ag-2014-vogue\/#primaryimage"},"thumbnailUrl":"https:\/\/centcols.org\/wp-content\/uploads\/2025\/05\/M006261.jpg","articleSection":["Assembl\u00e9es g\u00e9n\u00e9rales","Calendrier"],"inLanguage":"it-IT"},{"@type":"WebPage","@id":"https:\/\/centcols.org\/ag-2014-vogue\/","url":"https:\/\/centcols.org\/ag-2014-vogue\/","name":"Assemblea generale del Club des Cent Cols a Vog\u00fc\u00e9 (Ard\u00e8che) il 29 e 30 novembre 2014 - Club des Cent Cols","isPartOf":{"@id":"https:\/\/centcols.org\/#website"},"primaryImageOfPage":{"@id":"https:\/\/centcols.org\/ag-2014-vogue\/#primaryimage"},"image":{"@id":"https:\/\/centcols.org\/ag-2014-vogue\/#primaryimage"},"thumbnailUrl":"https:\/\/centcols.org\/wp-content\/uploads\/2025\/05\/M006261.jpg","datePublished":"2015-04-20T12:45:17+00:00","dateModified":"2025-11-06T07:43:49+00:00","breadcrumb":{"@id":"https:\/\/centcols.org\/ag-2014-vogue\/#breadcrumb"},"inLanguage":"it-IT","potentialAction":[{"@type":"ReadAction","target":["https:\/\/centcols.org\/ag-2014-vogue\/"]}]},{"@type":"ImageObject","inLanguage":"it-IT","@id":"https:\/\/centcols.org\/ag-2014-vogue\/#primaryimage","url":"https:\/\/centcols.org\/wp-content\/uploads\/2025\/05\/M006261.jpg","contentUrl":"https:\/\/centcols.org\/wp-content\/uploads\/2025\/05\/M006261.jpg","width":800,"height":600},{"@type":"BreadcrumbList","@id":"https:\/\/centcols.org\/ag-2014-vogue\/#breadcrumb","itemListElement":[{"@type":"ListItem","position":1,"name":"Accueil","item":"https:\/\/centcols.org\/"},{"@type":"ListItem","position":2,"name":"Assembl\u00e9es g\u00e9n\u00e9rales","item":"https:\/\/centcols.org\/rubrique\/assemblees-generales\/"},{"@type":"ListItem","position":3,"name":"Assembl\u00e9e g\u00e9n\u00e9rale du Club des Cent Cols \u00e0 Vog\u00fc\u00e9 (Ard\u00e8che) les 29 et 30 novembre 2014"}]},{"@type":"WebSite","@id":"https:\/\/centcols.org\/#website","url":"https:\/\/centcols.org\/","name":"Club des Cent Cols","description":"","publisher":{"@id":"https:\/\/centcols.org\/#organization"},"potentialAction":[{"@type":"SearchAction","target":{"@type":"EntryPoint","urlTemplate":"https:\/\/centcols.org\/?s={search_term_string}"},"query-input":{"@type":"PropertyValueSpecification","valueRequired":true,"valueName":"search_term_string"}}],"inLanguage":"it-IT"},{"@type":"Organization","@id":"https:\/\/centcols.org\/#organization","name":"Club des Cent Cols","url":"https:\/\/centcols.org\/","logo":{"@type":"ImageObject","inLanguage":"it-IT","@id":"https:\/\/centcols.org\/#\/schema\/logo\/image\/","url":"https:\/\/centcols.org\/wp-content\/uploads\/2025\/01\/carte-icone.png","contentUrl":"https:\/\/centcols.org\/wp-content\/uploads\/2025\/01\/carte-icone.png","width":250,"height":250,"caption":"Club des Cent Cols"},"image":{"@id":"https:\/\/centcols.org\/#\/schema\/logo\/image\/"},"sameAs":["https:\/\/www.facebook.com\/groups\/5261880558\/?locale=fr_FR"]},{"@type":"Person","@id":"https:\/\/centcols.org\/#\/schema\/person\/911b404fb133d8c913dd27cdcf71c8e5","name":"Webmaster","image":{"@type":"ImageObject","inLanguage":"it-IT","@id":"https:\/\/centcols.org\/wp-content\/litespeed\/avatar\/2d246e4b6b4f773e08515e1ffc53690b.jpg?ver=1777222892","url":"https:\/\/centcols.org\/wp-content\/litespeed\/avatar\/2d246e4b6b4f773e08515e1ffc53690b.jpg?ver=1777222892","contentUrl":"https:\/\/centcols.org\/wp-content\/litespeed\/avatar\/2d246e4b6b4f773e08515e1ffc53690b.jpg?ver=1777222892","caption":"Webmestre"},"url":"https:\/\/centcols.org\/it\/author\/webmestre\/"}]}},"_links":{"self":[{"href":"https:\/\/centcols.org\/it\/wp-json\/wp\/v2\/posts\/81684","targetHints":{"allow":["GET"]}}],"collection":[{"href":"https:\/\/centcols.org\/it\/wp-json\/wp\/v2\/posts"}],"about":[{"href":"https:\/\/centcols.org\/it\/wp-json\/wp\/v2\/types\/post"}],"author":[{"embeddable":true,"href":"https:\/\/centcols.org\/it\/wp-json\/wp\/v2\/users\/3"}],"replies":[{"embeddable":true,"href":"https:\/\/centcols.org\/it\/wp-json\/wp\/v2\/comments?post=81684"}],"version-history":[{"count":0,"href":"https:\/\/centcols.org\/it\/wp-json\/wp\/v2\/posts\/81684\/revisions"}],"wp:featuredmedia":[{"embeddable":true,"href":"https:\/\/centcols.org\/it\/wp-json\/wp\/v2\/media\/81685"}],"wp:attachment":[{"href":"https:\/\/centcols.org\/it\/wp-json\/wp\/v2\/media?parent=81684"}],"wp:term":[{"taxonomy":"category","embeddable":true,"href":"https:\/\/centcols.org\/it\/wp-json\/wp\/v2\/categories?post=81684"},{"taxonomy":"post_tag","embeddable":true,"href":"https:\/\/centcols.org\/it\/wp-json\/wp\/v2\/tags?post=81684"}],"curies":[{"name":"wp","href":"https:\/\/api.w.org\/{rel}","templated":true}]}}