{"id":81687,"date":"2015-04-16T09:20:55","date_gmt":"2015-04-16T07:20:55","guid":{"rendered":"https:\/\/centcols.org\/assemblee-generale-dexception-pour-le-40e-anniversaire-de-la-confrerie-a-annecy-les-1-et-2-decembre-2012\/"},"modified":"2025-11-06T04:54:56","modified_gmt":"2025-11-06T02:54:56","slug":"2012-annecy-ag","status":"publish","type":"post","link":"https:\/\/centcols.org\/it\/ag-2012-annecy\/","title":{"rendered":"Assemblea generale straordinaria per il 40\u00b0 anniversario della Confr\u00e9rie ad Annecy l'1 e 2 dicembre 2012"},"content":{"rendered":"<h2 class=\"wp-block-heading\">Presentazione<\/h2>\n\n\n\n<p>Il 2012 \u00e8 un anno eccezionale per Annecy. L'impegno di questa bella citt\u00e0 per lo sviluppo sostenibile e la conservazione della natura \u00e8 stato premiato con il titolo di Citt\u00e0 alpina europea dell'anno 2012, ed \u00e8 altrettanto eccezionale che siate venuti a festeggiare con noi il 40\u00b0 anniversario della nostra Confr\u00e9rie. Le citt\u00e0, come le persone che le hanno create, cambiano quando invecchiano. Cambiano con la loro storia, con la moda e con il progresso della civilt\u00e0.<\/p>\n\n\n\n<p>L'Annecy di un tempo \u00e8 abbastanza ricca di poesia, di immagini e di vicende umane per servire l'Annecy di oggi. Come un diamante nella cornice delle sue montagne, con la purezza delle sue acque lacustri riscoperte, Annecy oggi non \u00e8 forse un simbolo di eternit\u00e0?<\/p>\n\n\n\n<p>La nostra Assemblea Generale si terr\u00e0 presso il Centro Congressi Imp\u00e9rial, sulle rive del lago di Annecy. Il Palazzo Imp\u00e9rial, un ex hotel di lusso costruito nel 1913, ha attirato molti reali come Churchill, Charlie Chaplin, Edith Piaf e Re Giorgio VI.<\/p>\n\n\n\n<p>Oggi l'Imp\u00e9rial offre tre opzioni: hotel, casin\u00f2 e centro congressi. La nostra Assemblea generale si terr\u00e0 sabato 1\u00b0 luglio a partire dalle ore 15.00.<sup>er<\/sup> Dicembre nella Salle de l'Europe.<br>Seguir\u00e0 un aperitivo nei saloni dell'hotel, offerto dal Comune di Annecy alla presenza del Sindaco.<br>Durante il vostro soggiorno, sarete seguiti e coccolati dai membri del V\u00e9lo-Club d'Annecy. Questo club ciclistico, uno dei pi\u00f9 antichi di Francia, \u00e8 stato fondato nel 1888.<\/p>\n\n\n\n<p>Oggi il V.C. Annecy rimane uno dei club cicloturistici pi\u00f9 attivi di Francia, non solo per il numero di soci ma anche per le numerose attivit\u00e0 ed eventi che organizza (come l'Aravis B.C.M.F. in programma il 16 e 17 giugno).<\/p>\n\n\n\n<p>Jean PERDOUX (CC n. 1)<\/p>\n\n\n\n<h2 class=\"wp-block-heading\">Il rapporto<\/h2>\n\n\n\n<p><a href=\"https:\/\/centcols.org\/wp-content\/uploads\/2025\/08\/compte_rendu.pdf\" target=\"_blank\" rel=\"noreferrer noopener\">Scarica il verbale in PDF<\/a><\/p>\n\n\n\n<h2 class=\"wp-block-heading\">Interventi<\/h2>\n\n\n\n<h3 class=\"wp-block-heading\">Discorso di Jean Perdoux<\/h3>\n\n\n\n<p><a href=\"https:\/\/centcols.org\/wp-content\/uploads\/2025\/08\/intervention1.pdf\" target=\"_blank\" rel=\"noreferrer noopener\">Scarica il discorso in PDF<\/a><\/p>\n\n\n\n<h3 class=\"wp-block-heading\">Discorso di Jean-Luc Rigaut<\/h3>\n\n\n\n<p><a href=\"https:\/\/centcols.org\/wp-content\/uploads\/2025\/08\/discours_rigaut.pdf\" target=\"_blank\" rel=\"noreferrer noopener\">Scarica il discorso in PDF<\/a><\/p>\n\n\n\n<h3 class=\"wp-block-heading\">Testimonianza di Henri Dusseau<\/h3>\n\n\n\n<p><a href=\"https:\/\/centcols.org\/wp-content\/uploads\/2025\/08\/intervention2.pdf\" target=\"_blank\" rel=\"noreferrer noopener\">Scarica la testimonianza in PDF<\/a><\/p>\n\n\n\n<h2 class=\"wp-block-heading\">Registrazioni audio<\/h2>\n\n\n\n<p><a class=\"iframe-fancybox\" href=\"http:\/\/centcols.org\/it\/les_rendez-vous\/2012\/Annecy\/discours_perdoux.mp3\/\" target=\"_blank\" rel=\"noopener noreferrer\">Discorso di Jean Perdoux<\/a><\/p>\n\n\n\n<p>Discorso di Henri Dusseau : <a class=\"iframe-fancybox\" href=\"http:\/\/centcols.org\/it\/les_rendez-vous\/2012\/Annecy\/discours_dusseau_1.mp3\/\" target=\"_blank\" rel=\"noopener noreferrer\">Parte 1<\/a> \u2013 <a class=\"iframe-fancybox\" href=\"http:\/\/centcols.org\/it\/les_rendez-vous\/2012\/Annecy\/discours_dusseau_2.mp3\/\" target=\"_blank\" rel=\"noopener noreferrer\">Parte 2<\/a><\/p>\n\n\n\n<h2 class=\"wp-block-heading\">Articoli di stampa<\/h2>\n\n\n\n<p>Articoli nel Dauphin\u00e9 Lib\u00e9r\u00e9: da <a href=\"https:\/\/centcols.org\/wp-content\/uploads\/2025\/08\/DL_20121202.jpg\" target=\"_blank\" rel=\"noreferrer noopener\">2 dicembre<\/a> - il <a href=\"https:\/\/centcols.org\/wp-content\/uploads\/2025\/08\/DL_20121205a.jpg\" target=\"_blank\" rel=\"noreferrer noopener\">5 dicembre (1)<\/a> - il <a href=\"https:\/\/centcols.org\/wp-content\/uploads\/2025\/08\/DL_20121205b.jpg\" target=\"_blank\" rel=\"noreferrer noopener\">5 dicembre (2)<\/a><\/p>\n\n\n\n<h2 class=\"wp-block-heading\">Alloggio e registrazione<\/h2>\n\n\n\n<p>Il residence \"Les Balcons du Lac\" si trova a 8 km da Annecy, sulla strada del Col de Leschaux.<br>Il villaggio vacanze si affaccia sul lago di Annecy e sulla sua cornice montana.<\/p>\n\n\n\n<p>Abbiamo camere riservate con 2 letti e un bagno separato. I letti sono fatti all'arrivo e gli asciugamani sono forniti. L'occupazione singola \u00e8 possibile in base alla disponibilit\u00e0 (a pagamento).<br>Il pranzo di festa \u00e8 offerto: abbiamo riservato 200 posti e potete iscrivervi ora utilizzando il modulo di registrazione qui sotto.<\/p>\n\n\n\n<p>Trattandosi di un'Assemblea generale molto particolare, abbiamo difficolt\u00e0 a stimare il numero potenziale di partecipanti. Per questo motivo vi chiediamo di iscrivervi al pi\u00f9 presto (l'addebito degli assegni non avverr\u00e0 prima dell'Assemblea generale) e comunque entro il 30 settembre 2012, per permetterci di adeguare i servizi e facilitare notevolmente l'organizzazione di questo evento. Chiediamo inoltre a coloro che intendono partecipare solo all'Assemblea generale, senza prendere parte ad alcun servizio, di comunicarcelo in modo da poter pianificare anche l'aperitivo di benvenuto e la disposizione della sala.<\/p>\n\n\n\n<h3 class=\"wp-block-heading\">Residenza turistica \"Les Balcons du Lac<\/h3>","protected":false},"excerpt":{"rendered":"<p>Pr\u00e9sentation 2012 est une ann\u00e9e exceptionnelle pour Annecy. Cette belle ville voit son engagement en faveur du d\u00e9veloppement durable et de la pr\u00e9servation de la nature r\u00e9compens\u00e9 par le titre de Ville europ\u00e9enne des Alpes de l&rsquo;ann\u00e9e 2012 et exceptionnelle aussi par votre venue pour f\u00eater avec nous les 40 ans de notre Confr\u00e9rie. Les [&hellip;]<\/p>\n","protected":false},"author":3,"featured_media":81688,"comment_status":"closed","ping_status":"open","sticky":false,"template":"","format":"standard","meta":{"_acf_changed":false,"footnotes":""},"categories":[217,135],"tags":[],"class_list":["post-81687","post","type-post","status-publish","format-standard","has-post-thumbnail","hentry","category-assemblees-generales","category-calendrier"],"acf":[],"yoast_head":"<!-- This site is optimized with the Yoast SEO plugin v27.2 - https:\/\/yoast.com\/product\/yoast-seo-wordpress\/ -->\n<title>Assembl\u00e9e g\u00e9n\u00e9rale d&#039;exception pour le 40e anniversaire de la Confr\u00e9rie \u00e0 Annecy les 1 et 2 d\u00e9cembre 2012 - Club des Cent Cols<\/title>\n<meta name=\"robots\" content=\"index, follow, max-snippet:-1, max-image-preview:large, max-video-preview:-1\" \/>\n<link rel=\"canonical\" href=\"https:\/\/centcols.org\/it\/2012-annecy-ag\/\" \/>\n<meta property=\"og:locale\" content=\"it_IT\" \/>\n<meta property=\"og:type\" content=\"article\" \/>\n<meta property=\"og:title\" content=\"Assembl\u00e9e g\u00e9n\u00e9rale d&#039;exception pour le 40e anniversaire de la Confr\u00e9rie \u00e0 Annecy les 1 et 2 d\u00e9cembre 2012 - Club des Cent Cols\" \/>\n<meta property=\"og:description\" content=\"Pr\u00e9sentation 2012 est une ann\u00e9e exceptionnelle pour Annecy. Cette belle ville voit son engagement en faveur du d\u00e9veloppement durable et de la pr\u00e9servation de la nature r\u00e9compens\u00e9 par le titre de Ville europ\u00e9enne des Alpes de l&rsquo;ann\u00e9e 2012 et exceptionnelle aussi par votre venue pour f\u00eater avec nous les 40 ans de notre Confr\u00e9rie. Les [&hellip;]\" \/>\n<meta property=\"og:url\" content=\"https:\/\/centcols.org\/it\/2012-annecy-ag\/\" \/>\n<meta property=\"og:site_name\" content=\"Club des Cent Cols\" \/>\n<meta property=\"article:publisher\" content=\"https:\/\/www.facebook.com\/groups\/5261880558\/?locale=fr_FR\" \/>\n<meta property=\"article:published_time\" content=\"2015-04-16T07:20:55+00:00\" \/>\n<meta property=\"article:modified_time\" content=\"2025-11-06T02:54:56+00:00\" \/>\n<meta property=\"og:image\" content=\"https:\/\/centcols.org\/wp-content\/uploads\/2025\/05\/M015138.jpg\" \/>\n\t<meta property=\"og:image:width\" content=\"800\" \/>\n\t<meta property=\"og:image:height\" content=\"450\" \/>\n\t<meta property=\"og:image:type\" content=\"image\/jpeg\" \/>\n<meta name=\"author\" content=\"Webmestre\" \/>\n<meta name=\"twitter:card\" content=\"summary_large_image\" \/>\n<meta name=\"twitter:label1\" content=\"Scritto da\" \/>\n\t<meta name=\"twitter:data1\" content=\"Webmestre\" \/>\n\t<meta name=\"twitter:label2\" content=\"Tempo di lettura stimato\" \/>\n\t<meta name=\"twitter:data2\" content=\"4 minuti\" \/>\n<script type=\"application\/ld+json\" class=\"yoast-schema-graph\">{\"@context\":\"https:\/\/schema.org\",\"@graph\":[{\"@type\":\"Article\",\"@id\":\"https:\/\/centcols.org\/ag-2012-annecy\/#article\",\"isPartOf\":{\"@id\":\"https:\/\/centcols.org\/ag-2012-annecy\/\"},\"author\":{\"name\":\"Webmestre\",\"@id\":\"https:\/\/centcols.org\/#\/schema\/person\/911b404fb133d8c913dd27cdcf71c8e5\"},\"headline\":\"Assembl\u00e9e g\u00e9n\u00e9rale d&rsquo;exception pour le 40e anniversaire de la Confr\u00e9rie \u00e0 Annecy les 1 et 2 d\u00e9cembre 2012\",\"datePublished\":\"2015-04-16T07:20:55+00:00\",\"dateModified\":\"2025-11-06T02:54:56+00:00\",\"mainEntityOfPage\":{\"@id\":\"https:\/\/centcols.org\/ag-2012-annecy\/\"},\"wordCount\":690,\"publisher\":{\"@id\":\"https:\/\/centcols.org\/#organization\"},\"image\":{\"@id\":\"https:\/\/centcols.org\/ag-2012-annecy\/#primaryimage\"},\"thumbnailUrl\":\"https:\/\/centcols.org\/wp-content\/uploads\/2025\/05\/M015138.jpg\",\"articleSection\":[\"Assembl\u00e9es g\u00e9n\u00e9rales\",\"Calendrier\"],\"inLanguage\":\"it-IT\"},{\"@type\":\"WebPage\",\"@id\":\"https:\/\/centcols.org\/ag-2012-annecy\/\",\"url\":\"https:\/\/centcols.org\/ag-2012-annecy\/\",\"name\":\"Assembl\u00e9e g\u00e9n\u00e9rale d'exception pour le 40e anniversaire de la Confr\u00e9rie \u00e0 Annecy les 1 et 2 d\u00e9cembre 2012 - Club des Cent Cols\",\"isPartOf\":{\"@id\":\"https:\/\/centcols.org\/#website\"},\"primaryImageOfPage\":{\"@id\":\"https:\/\/centcols.org\/ag-2012-annecy\/#primaryimage\"},\"image\":{\"@id\":\"https:\/\/centcols.org\/ag-2012-annecy\/#primaryimage\"},\"thumbnailUrl\":\"https:\/\/centcols.org\/wp-content\/uploads\/2025\/05\/M015138.jpg\",\"datePublished\":\"2015-04-16T07:20:55+00:00\",\"dateModified\":\"2025-11-06T02:54:56+00:00\",\"breadcrumb\":{\"@id\":\"https:\/\/centcols.org\/ag-2012-annecy\/#breadcrumb\"},\"inLanguage\":\"it-IT\",\"potentialAction\":[{\"@type\":\"ReadAction\",\"target\":[\"https:\/\/centcols.org\/ag-2012-annecy\/\"]}]},{\"@type\":\"ImageObject\",\"inLanguage\":\"it-IT\",\"@id\":\"https:\/\/centcols.org\/ag-2012-annecy\/#primaryimage\",\"url\":\"https:\/\/centcols.org\/wp-content\/uploads\/2025\/05\/M015138.jpg\",\"contentUrl\":\"https:\/\/centcols.org\/wp-content\/uploads\/2025\/05\/M015138.jpg\",\"width\":800,\"height\":450},{\"@type\":\"BreadcrumbList\",\"@id\":\"https:\/\/centcols.org\/ag-2012-annecy\/#breadcrumb\",\"itemListElement\":[{\"@type\":\"ListItem\",\"position\":1,\"name\":\"Accueil\",\"item\":\"https:\/\/centcols.org\/\"},{\"@type\":\"ListItem\",\"position\":2,\"name\":\"Assembl\u00e9es g\u00e9n\u00e9rales\",\"item\":\"https:\/\/centcols.org\/rubrique\/assemblees-generales\/\"},{\"@type\":\"ListItem\",\"position\":3,\"name\":\"Assembl\u00e9e g\u00e9n\u00e9rale d&rsquo;exception pour le 40e anniversaire de la Confr\u00e9rie \u00e0 Annecy les 1 et 2 d\u00e9cembre 2012\"}]},{\"@type\":\"WebSite\",\"@id\":\"https:\/\/centcols.org\/#website\",\"url\":\"https:\/\/centcols.org\/\",\"name\":\"Club des Cent Cols\",\"description\":\"\",\"publisher\":{\"@id\":\"https:\/\/centcols.org\/#organization\"},\"potentialAction\":[{\"@type\":\"SearchAction\",\"target\":{\"@type\":\"EntryPoint\",\"urlTemplate\":\"https:\/\/centcols.org\/?s={search_term_string}\"},\"query-input\":{\"@type\":\"PropertyValueSpecification\",\"valueRequired\":true,\"valueName\":\"search_term_string\"}}],\"inLanguage\":\"it-IT\"},{\"@type\":\"Organization\",\"@id\":\"https:\/\/centcols.org\/#organization\",\"name\":\"Club des Cent Cols\",\"url\":\"https:\/\/centcols.org\/\",\"logo\":{\"@type\":\"ImageObject\",\"inLanguage\":\"it-IT\",\"@id\":\"https:\/\/centcols.org\/#\/schema\/logo\/image\/\",\"url\":\"https:\/\/centcols.org\/wp-content\/uploads\/2025\/01\/carte-icone.png\",\"contentUrl\":\"https:\/\/centcols.org\/wp-content\/uploads\/2025\/01\/carte-icone.png\",\"width\":250,\"height\":250,\"caption\":\"Club des Cent Cols\"},\"image\":{\"@id\":\"https:\/\/centcols.org\/#\/schema\/logo\/image\/\"},\"sameAs\":[\"https:\/\/www.facebook.com\/groups\/5261880558\/?locale=fr_FR\"]},{\"@type\":\"Person\",\"@id\":\"https:\/\/centcols.org\/#\/schema\/person\/911b404fb133d8c913dd27cdcf71c8e5\",\"name\":\"Webmestre\",\"image\":{\"@type\":\"ImageObject\",\"inLanguage\":\"it-IT\",\"@id\":\"https:\/\/centcols.org\/wp-content\/litespeed\/avatar\/2d246e4b6b4f773e08515e1ffc53690b.jpg?ver=1777222892\",\"url\":\"https:\/\/centcols.org\/wp-content\/litespeed\/avatar\/2d246e4b6b4f773e08515e1ffc53690b.jpg?ver=1777222892\",\"contentUrl\":\"https:\/\/centcols.org\/wp-content\/litespeed\/avatar\/2d246e4b6b4f773e08515e1ffc53690b.jpg?ver=1777222892\",\"caption\":\"Webmestre\"},\"url\":\"https:\/\/centcols.org\/it\/author\/webmestre\/\"}]}<\/script>\n<!-- \/ Yoast SEO plugin. -->","yoast_head_json":{"title":"Assemblea generale straordinaria per il 40\u00b0 anniversario della Confr\u00e9rie ad Annecy l'1 e il 2 dicembre 2012 - Club des Cent Cols","robots":{"index":"index","follow":"follow","max-snippet":"max-snippet:-1","max-image-preview":"max-image-preview:large","max-video-preview":"max-video-preview:-1"},"canonical":"https:\/\/centcols.org\/it\/2012-annecy-ag\/","og_locale":"it_IT","og_type":"article","og_title":"Assembl\u00e9e g\u00e9n\u00e9rale d'exception pour le 40e anniversaire de la Confr\u00e9rie \u00e0 Annecy les 1 et 2 d\u00e9cembre 2012 - Club des Cent Cols","og_description":"Pr\u00e9sentation 2012 est une ann\u00e9e exceptionnelle pour Annecy. Cette belle ville voit son engagement en faveur du d\u00e9veloppement durable et de la pr\u00e9servation de la nature r\u00e9compens\u00e9 par le titre de Ville europ\u00e9enne des Alpes de l&rsquo;ann\u00e9e 2012 et exceptionnelle aussi par votre venue pour f\u00eater avec nous les 40 ans de notre Confr\u00e9rie. Les [&hellip;]","og_url":"https:\/\/centcols.org\/it\/2012-annecy-ag\/","og_site_name":"Club des Cent Cols","article_publisher":"https:\/\/www.facebook.com\/groups\/5261880558\/?locale=fr_FR","article_published_time":"2015-04-16T07:20:55+00:00","article_modified_time":"2025-11-06T02:54:56+00:00","og_image":[{"width":800,"height":450,"url":"https:\/\/centcols.org\/wp-content\/uploads\/2025\/05\/M015138.jpg","type":"image\/jpeg"}],"author":"Webmestre","twitter_card":"summary_large_image","twitter_misc":{"Scritto da":"Webmestre","Tempo di lettura stimato":"4 minuti"},"schema":{"@context":"https:\/\/schema.org","@graph":[{"@type":"Article","@id":"https:\/\/centcols.org\/ag-2012-annecy\/#article","isPartOf":{"@id":"https:\/\/centcols.org\/ag-2012-annecy\/"},"author":{"name":"Webmestre","@id":"https:\/\/centcols.org\/#\/schema\/person\/911b404fb133d8c913dd27cdcf71c8e5"},"headline":"Assembl\u00e9e g\u00e9n\u00e9rale d&rsquo;exception pour le 40e anniversaire de la Confr\u00e9rie \u00e0 Annecy les 1 et 2 d\u00e9cembre 2012","datePublished":"2015-04-16T07:20:55+00:00","dateModified":"2025-11-06T02:54:56+00:00","mainEntityOfPage":{"@id":"https:\/\/centcols.org\/ag-2012-annecy\/"},"wordCount":690,"publisher":{"@id":"https:\/\/centcols.org\/#organization"},"image":{"@id":"https:\/\/centcols.org\/ag-2012-annecy\/#primaryimage"},"thumbnailUrl":"https:\/\/centcols.org\/wp-content\/uploads\/2025\/05\/M015138.jpg","articleSection":["Assembl\u00e9es g\u00e9n\u00e9rales","Calendrier"],"inLanguage":"it-IT"},{"@type":"WebPage","@id":"https:\/\/centcols.org\/ag-2012-annecy\/","url":"https:\/\/centcols.org\/ag-2012-annecy\/","name":"Assemblea generale straordinaria per il 40\u00b0 anniversario della Confr\u00e9rie ad Annecy l'1 e il 2 dicembre 2012 - Club des Cent Cols","isPartOf":{"@id":"https:\/\/centcols.org\/#website"},"primaryImageOfPage":{"@id":"https:\/\/centcols.org\/ag-2012-annecy\/#primaryimage"},"image":{"@id":"https:\/\/centcols.org\/ag-2012-annecy\/#primaryimage"},"thumbnailUrl":"https:\/\/centcols.org\/wp-content\/uploads\/2025\/05\/M015138.jpg","datePublished":"2015-04-16T07:20:55+00:00","dateModified":"2025-11-06T02:54:56+00:00","breadcrumb":{"@id":"https:\/\/centcols.org\/ag-2012-annecy\/#breadcrumb"},"inLanguage":"it-IT","potentialAction":[{"@type":"ReadAction","target":["https:\/\/centcols.org\/ag-2012-annecy\/"]}]},{"@type":"ImageObject","inLanguage":"it-IT","@id":"https:\/\/centcols.org\/ag-2012-annecy\/#primaryimage","url":"https:\/\/centcols.org\/wp-content\/uploads\/2025\/05\/M015138.jpg","contentUrl":"https:\/\/centcols.org\/wp-content\/uploads\/2025\/05\/M015138.jpg","width":800,"height":450},{"@type":"BreadcrumbList","@id":"https:\/\/centcols.org\/ag-2012-annecy\/#breadcrumb","itemListElement":[{"@type":"ListItem","position":1,"name":"Accueil","item":"https:\/\/centcols.org\/"},{"@type":"ListItem","position":2,"name":"Assembl\u00e9es g\u00e9n\u00e9rales","item":"https:\/\/centcols.org\/rubrique\/assemblees-generales\/"},{"@type":"ListItem","position":3,"name":"Assembl\u00e9e g\u00e9n\u00e9rale d&rsquo;exception pour le 40e anniversaire de la Confr\u00e9rie \u00e0 Annecy les 1 et 2 d\u00e9cembre 2012"}]},{"@type":"WebSite","@id":"https:\/\/centcols.org\/#website","url":"https:\/\/centcols.org\/","name":"Club des Cent Cols","description":"","publisher":{"@id":"https:\/\/centcols.org\/#organization"},"potentialAction":[{"@type":"SearchAction","target":{"@type":"EntryPoint","urlTemplate":"https:\/\/centcols.org\/?s={search_term_string}"},"query-input":{"@type":"PropertyValueSpecification","valueRequired":true,"valueName":"search_term_string"}}],"inLanguage":"it-IT"},{"@type":"Organization","@id":"https:\/\/centcols.org\/#organization","name":"Club des Cent Cols","url":"https:\/\/centcols.org\/","logo":{"@type":"ImageObject","inLanguage":"it-IT","@id":"https:\/\/centcols.org\/#\/schema\/logo\/image\/","url":"https:\/\/centcols.org\/wp-content\/uploads\/2025\/01\/carte-icone.png","contentUrl":"https:\/\/centcols.org\/wp-content\/uploads\/2025\/01\/carte-icone.png","width":250,"height":250,"caption":"Club des Cent Cols"},"image":{"@id":"https:\/\/centcols.org\/#\/schema\/logo\/image\/"},"sameAs":["https:\/\/www.facebook.com\/groups\/5261880558\/?locale=fr_FR"]},{"@type":"Person","@id":"https:\/\/centcols.org\/#\/schema\/person\/911b404fb133d8c913dd27cdcf71c8e5","name":"Webmaster","image":{"@type":"ImageObject","inLanguage":"it-IT","@id":"https:\/\/centcols.org\/wp-content\/litespeed\/avatar\/2d246e4b6b4f773e08515e1ffc53690b.jpg?ver=1777222892","url":"https:\/\/centcols.org\/wp-content\/litespeed\/avatar\/2d246e4b6b4f773e08515e1ffc53690b.jpg?ver=1777222892","contentUrl":"https:\/\/centcols.org\/wp-content\/litespeed\/avatar\/2d246e4b6b4f773e08515e1ffc53690b.jpg?ver=1777222892","caption":"Webmestre"},"url":"https:\/\/centcols.org\/it\/author\/webmestre\/"}]}},"_links":{"self":[{"href":"https:\/\/centcols.org\/it\/wp-json\/wp\/v2\/posts\/81687","targetHints":{"allow":["GET"]}}],"collection":[{"href":"https:\/\/centcols.org\/it\/wp-json\/wp\/v2\/posts"}],"about":[{"href":"https:\/\/centcols.org\/it\/wp-json\/wp\/v2\/types\/post"}],"author":[{"embeddable":true,"href":"https:\/\/centcols.org\/it\/wp-json\/wp\/v2\/users\/3"}],"replies":[{"embeddable":true,"href":"https:\/\/centcols.org\/it\/wp-json\/wp\/v2\/comments?post=81687"}],"version-history":[{"count":0,"href":"https:\/\/centcols.org\/it\/wp-json\/wp\/v2\/posts\/81687\/revisions"}],"wp:featuredmedia":[{"embeddable":true,"href":"https:\/\/centcols.org\/it\/wp-json\/wp\/v2\/media\/81688"}],"wp:attachment":[{"href":"https:\/\/centcols.org\/it\/wp-json\/wp\/v2\/media?parent=81687"}],"wp:term":[{"taxonomy":"category","embeddable":true,"href":"https:\/\/centcols.org\/it\/wp-json\/wp\/v2\/categories?post=81687"},{"taxonomy":"post_tag","embeddable":true,"href":"https:\/\/centcols.org\/it\/wp-json\/wp\/v2\/tags?post=81687"}],"curies":[{"name":"wp","href":"https:\/\/api.w.org\/{rel}","templated":true}]}}