{"id":81730,"date":"2015-04-15T08:48:54","date_gmt":"2015-04-15T06:48:54","guid":{"rendered":"https:\/\/centcols.org\/assemblee-generale-a-serezin-du-rhone-rhone-le-04-decembre-2004\/"},"modified":"2025-11-06T05:15:13","modified_gmt":"2025-11-06T03:15:13","slug":"assemblea-generale-a-serezin-du-rhone-rhone-il-04-dicembre-2004","status":"publish","type":"post","link":"https:\/\/centcols.org\/it\/assemblee-generale-a-serezin-du-rhone-rhone-le-04-decembre-2004\/","title":{"rendered":"Assemblea generale a S\u00e9r\u00e9zin-du-Rh\u00f4ne (Rodano) il 04 dicembre 2004"},"content":{"rendered":"<h2>Il rapporto<\/h2>\n<h3>Verbale dell'Assemblea generale del Club des Cent Cols<br \/>\n4 dicembre 2004, S\u00e9r\u00e9zin-du-Rh\u00f4ne (69)<\/h3>\n<p>L'Assemblea generale annuale del Club des Cent Cols si \u00e8 tenuta il 4 dicembre 2004 nella sala del villaggio di S\u00e9r\u00e9zin-du-Rh\u00f4ne (69) sotto la presidenza di Claude B\u00e9nistrand e alla presenza dei membri eletti del Consiglio d'amministrazione (B. Vieillard, vicepresidente, giustificato).<\/p>\n<p>L'Assemblea generale annuale inizia alle 16.00, con un centinaio di soci presenti, felici di incontrarsi per questo evento tradizionale.<\/p>\n<p>Claude B\u00e9nistrand ha presentato le scuse di Dominique Lamouller, Presidente della Federazione francese (e membro dei \"Cent Cols\") e di Robert de Rudder, Presidente della Lega Rodano-Alpi (anch'egli membro dei \"Cent Cols\"), entrambi presenti a Quimper per l'Assemblea generale della FFCT.<\/p>\n<p>Claude B\u00e9nistrand ha presentato le personalit\u00e0 che hanno avuto l'onore di partecipare al nostro incontro: il sindaco di S\u00e9r\u00e9zin, il signor Colin, in rappresentanza del CODEP 69, e il signor Gilbert Veysseyre, presidente dell'AS ARRA, che ha organizzato l'incontro.<\/p>\n<p>Presentato anche:<\/p>\n<ul>\n<li>Membri del CERP: Guy Bodoin, Jean-Fran\u00e7ois Plantard, Bernard Chalchat.<\/li>\n<li>I delegati regionali: Alain Gillodes, Bernard M\u00e9zaize, R\u00e9gis Paraz, Michel M\u00e9dina, Thierry Combelles (venuto appositamente dalla Germania) e Pierre Mai (venuto dalla Svizzera).<\/li>\n<li>Mario Labelle \u00e8 un esperto informatico il cui lavoro a favore della Confr\u00e9rie \u00e8 ben noto e apprezzato da tutti.<\/li>\n<\/ul>\n<p>L'ordine del giorno inizia con la lettura delle varie relazioni, come distribuite in info Cent Cols n. 8:<\/p>\n<ul>\n<li>Relazione annuale, presentata da Claude B\u00e9nistrand, Presidente.<\/li>\n<li>Relazione sulle attivit\u00e0, presentata da Ren\u00e9 Poty, Segretario generale.<\/li>\n<li>Relazione finanziaria, presentata da Michel Mathieu, Tesoriere.<\/li>\n<\/ul>\n<p>Christophe Guitton, revisore dei conti, si congratula con Michel Mathieu per la sana gestione finanziaria della Confr\u00e9rie.<\/p>\n<p>Una novit\u00e0 di quest'anno \u00e8 stato l'uso di una proiezione di diapositive per illustrare le varie relazioni, rendendole pi\u00f9 vivaci e dimostrative. Un ringraziamento a R\u00e9gis Paraz, che ha allestito il computer e il videoproiettore.<\/p>\n<p>Oltre al resoconto delle attivit\u00e0, Bernard Pommel, membro del Consiglio di amministrazione e responsabile delle escursioni permanenti \"Cent Cols\", ha presentato un rapporto molto positivo sulla partecipazione alle varie escursioni. Oltre 160 persone si sono iscritte a tutte le escursioni, una sorpresa molto piacevole. Bernard Pommel ha annunciato il lancio di una settima escursione permanente: \"Cent Cols en Haut-Languedoc\" (ideata da Pierre Gasc), con due nuove escursioni permanenti in Italia promesse per il 2005.<\/p>\n<p>Mario Labelle ha presentato i vari progetti relativi ai servizi informatici del \"Club des Cent Cols\". Da un rapido sondaggio in sala \u00e8 emerso che quasi la met\u00e0 dei soci presenti conosce e visita regolarmente il sito web della Confr\u00e9rie, e molti di loro si sono gi\u00e0 iscritti ai servizi a loro riservati (come l'accesso all'albo d'oro, la consultazione degli archivi, la lista di discussione, ecc.)<\/p>\n<p>Le schede inviate per posta alla segreteria sono state scrutinate il 29 novembre dagli scrutatori Roger Colombo e Robert Bocqueraz. Philippe Carrez e R\u00e9gis Paraz hanno scrutinato gli ultimi voti espressi in assemblea e i risultati sono stati resi noti:<\/p>\n<table style=\"height: 131px;\" width=\"513\">\n<tbody>\n<tr>\n<td>Numero di registrazioni<\/td>\n<td>2577<\/td>\n<td>o<\/td>\n<td>37,49%<\/td>\n<\/tr>\n<tr>\n<td>Numero di elettori<\/td>\n<td>966<\/td>\n<td><\/td>\n<td><\/td>\n<\/tr>\n<tr>\n<td>\n<p>Rapporto annuale<\/p>\n<p>&nbsp;<\/p>\n<p>o<\/td>\n<td>\n<p>s\u00ec<\/p>\n<p>955<\/p>\n<p>98,86%<\/td>\n<td>\n<p>no<\/p>\n<p>4<\/p>\n<p>0,41%<\/td>\n<td>\n<p>Astensioni<\/p>\n<p>7<\/p>\n<p>0,72%<\/td>\n<\/tr>\n<tr>\n<td>\n<p>Rapporto di attivit\u00e0<\/p>\n<p>&nbsp;<\/p>\n<p>o<\/td>\n<td>\n<p>s\u00ec<\/p>\n<p>959<\/p>\n<p>99,28%<\/td>\n<td>\n<p>no<\/p>\n<p>4<\/p>\n<p>0,41%<\/td>\n<td>\n<p>Astensioni<\/p>\n<p>3<\/p>\n<p>0,31%<\/td>\n<\/tr>\n<tr>\n<td>\n<p>Relazione finanziaria<\/p>\n<p>&nbsp;<\/p>\n<p>o<\/td>\n<td>\n<p>s\u00ec<\/p>\n<p>957<\/p>\n<p>99.07%<\/td>\n<td>\n<p>no<\/p>\n<p>1<\/p>\n<p>0.10%<\/td>\n<td>\n<p>Astensioni<\/p>\n<p>8<\/p>\n<p>0.83%<\/td>\n<\/tr>\n<\/tbody>\n<\/table>\n<p>Claude B\u00e9nistrand ringrazia tutti i soci per la rinnovata fiducia nel team di gestione.<\/p>\n<p>\u00c8 stato poi il momento delle premiazioni. Abbiamo avuto il piacere di accogliere due nuovi membri: Francine e Claude Mabillot (di Ternay 69). Claude B\u00e9nistrand ha consegnato loro i diplomi, le medaglie e le riviste. Poi \u00e8 stata la volta di Jean-Claude Prast, premiato con una medaglia che porta il nome del suo millesimo valico: il Col d'Urbeis.<\/p>\n<p>La parola \u00e8 passata al sindaco di S\u00e9r\u00e9zin, che ci ha presentato il suo comune, e poi a Gilbert Veysseyre, al quale dobbiamo l'impeccabile organizzazione di questa Assemblea generale.<\/p>\n<p>L'ordine del giorno \u00e8 proseguito con la presentazione del progetto di organizzare un incontro intorno al 15 agosto 2005. Con una proiezione di diapositive, Ren\u00e9 Poty ha presentato il comune di Seix nell'Haut-Salat (09), che ospiter\u00e0 il nostro soggiorno, e il Col de Catchaud\u00e9gu\u00e9, dove si terr\u00e0 l'incontro il 15 agosto. Ogni giorno sono previsti percorsi su strada e su mulattiera. Il gran finale sar\u00e0 la salita del Port d'Aula, al confine franco-spagnolo.<\/p>\n<p>Per concludere l'Assemblea Generale, una proiezione del nostro incontro internazionale al Col de l'Echelle e il nostro soggiorno a Brian\u00e7on (15 agosto 2004) hanno dato a tutti la possibilit\u00e0 di fuggire verso le cime e i passi sopra i 2000m... grandi ricordi per tutti i partecipanti!<\/p>\n<p>Dopo aver fissato la data di domenica 05 dicembre ad Ampuis per un'escursione ai piedi del Monte Pilat (con cinque brevi passaggi come premio), tutti sono stati invitati a un \"pot de l'amiti\u00e9\". L'assemblea generale si \u00e8 conclusa alle 18.30. La sera, una cena molto conviviale ha riunito una cinquantina di persone in un'atmosfera molto calorosa. Un modo piacevole per chiudere la stagione 2004 e guardare al 2005.<\/p>\n<p>Ren\u00e9 POTY (S-G)<\/p>\n<h2>Le foto<\/h2>\n<p>&nbsp;<\/p>","protected":false},"excerpt":{"rendered":"<p>Le compte rendu Compte-rendu de l&rsquo;Assembl\u00e9e g\u00e9n\u00e9rale du Club des Cent Cols Le 4 d\u00e9cembre 2004, S\u00e9r\u00e9zin-du-Rh\u00f4ne (69) L&rsquo;Assembl\u00e9e G\u00e9n\u00e9rale annuelle du Club des Cent Cols s&rsquo;est tenue le 4 d\u00e9cembre 2004 dans la salle communale de S\u00e9r\u00e9zin-du-Rh\u00f4ne (69) sous la pr\u00e9sidence de Claude B\u00e9nistrand et en la pr\u00e9sence des membres \u00e9lus du Conseil d&rsquo;Administration [&hellip;]<\/p>\n","protected":false},"author":3,"featured_media":84117,"comment_status":"closed","ping_status":"open","sticky":false,"template":"","format":"standard","meta":{"_acf_changed":false,"footnotes":""},"categories":[217,135],"tags":[],"class_list":["post-81730","post","type-post","status-publish","format-standard","has-post-thumbnail","hentry","category-assemblees-generales","category-calendrier"],"acf":[],"yoast_head":"<!-- This site is optimized with the Yoast SEO plugin v27.2 - https:\/\/yoast.com\/product\/yoast-seo-wordpress\/ -->\n<title>Assembl\u00e9e g\u00e9n\u00e9rale \u00e0 S\u00e9r\u00e9zin-du-Rh\u00f4ne (Rh\u00f4ne) le 04 d\u00e9cembre 2004 - Club des Cent Cols<\/title>\n<meta name=\"robots\" content=\"index, follow, max-snippet:-1, max-image-preview:large, max-video-preview:-1\" \/>\n<link rel=\"canonical\" href=\"https:\/\/centcols.org\/it\/assemblea-generale-a-serezin-du-rhone-rhone-il-04-dicembre-2004\/\" \/>\n<meta property=\"og:locale\" content=\"it_IT\" \/>\n<meta property=\"og:type\" content=\"article\" \/>\n<meta property=\"og:title\" content=\"Assembl\u00e9e g\u00e9n\u00e9rale \u00e0 S\u00e9r\u00e9zin-du-Rh\u00f4ne (Rh\u00f4ne) le 04 d\u00e9cembre 2004 - Club des Cent Cols\" \/>\n<meta property=\"og:description\" content=\"Le compte rendu Compte-rendu de l&rsquo;Assembl\u00e9e g\u00e9n\u00e9rale du Club des Cent Cols Le 4 d\u00e9cembre 2004, S\u00e9r\u00e9zin-du-Rh\u00f4ne (69) L&rsquo;Assembl\u00e9e G\u00e9n\u00e9rale annuelle du Club des Cent Cols s&rsquo;est tenue le 4 d\u00e9cembre 2004 dans la salle communale de S\u00e9r\u00e9zin-du-Rh\u00f4ne (69) sous la pr\u00e9sidence de Claude B\u00e9nistrand et en la pr\u00e9sence des membres \u00e9lus du Conseil d&rsquo;Administration [&hellip;]\" \/>\n<meta property=\"og:url\" content=\"https:\/\/centcols.org\/it\/assemblea-generale-a-serezin-du-rhone-rhone-il-04-dicembre-2004\/\" \/>\n<meta property=\"og:site_name\" content=\"Club des Cent Cols\" \/>\n<meta property=\"article:publisher\" content=\"https:\/\/www.facebook.com\/groups\/5261880558\/?locale=fr_FR\" \/>\n<meta property=\"article:published_time\" content=\"2015-04-15T06:48:54+00:00\" \/>\n<meta property=\"article:modified_time\" content=\"2025-11-06T03:15:13+00:00\" \/>\n<meta property=\"og:image\" content=\"https:\/\/centcols.org\/wp-content\/uploads\/2015\/04\/serezin.jpg\" \/>\n\t<meta property=\"og:image:width\" content=\"900\" \/>\n\t<meta property=\"og:image:height\" content=\"506\" \/>\n\t<meta property=\"og:image:type\" content=\"image\/jpeg\" \/>\n<meta name=\"author\" content=\"Webmestre\" \/>\n<meta name=\"twitter:card\" content=\"summary_large_image\" \/>\n<meta name=\"twitter:label1\" content=\"Scritto da\" \/>\n\t<meta name=\"twitter:data1\" content=\"Webmestre\" \/>\n\t<meta name=\"twitter:label2\" content=\"Tempo di lettura stimato\" \/>\n\t<meta name=\"twitter:data2\" content=\"5 minuti\" \/>\n<script type=\"application\/ld+json\" class=\"yoast-schema-graph\">{\"@context\":\"https:\/\/schema.org\",\"@graph\":[{\"@type\":\"Article\",\"@id\":\"https:\/\/centcols.org\/assemblee-generale-a-serezin-du-rhone-rhone-le-04-decembre-2004\/#article\",\"isPartOf\":{\"@id\":\"https:\/\/centcols.org\/assemblee-generale-a-serezin-du-rhone-rhone-le-04-decembre-2004\/\"},\"author\":{\"name\":\"Webmestre\",\"@id\":\"https:\/\/centcols.org\/#\/schema\/person\/911b404fb133d8c913dd27cdcf71c8e5\"},\"headline\":\"Assembl\u00e9e g\u00e9n\u00e9rale \u00e0 S\u00e9r\u00e9zin-du-Rh\u00f4ne (Rh\u00f4ne) le 04 d\u00e9cembre 2004\",\"datePublished\":\"2015-04-15T06:48:54+00:00\",\"dateModified\":\"2025-11-06T03:15:13+00:00\",\"mainEntityOfPage\":{\"@id\":\"https:\/\/centcols.org\/assemblee-generale-a-serezin-du-rhone-rhone-le-04-decembre-2004\/\"},\"wordCount\":1005,\"publisher\":{\"@id\":\"https:\/\/centcols.org\/#organization\"},\"image\":{\"@id\":\"https:\/\/centcols.org\/assemblee-generale-a-serezin-du-rhone-rhone-le-04-decembre-2004\/#primaryimage\"},\"thumbnailUrl\":\"https:\/\/centcols.org\/wp-content\/uploads\/2015\/04\/serezin.jpg\",\"articleSection\":[\"Assembl\u00e9es g\u00e9n\u00e9rales\",\"Calendrier\"],\"inLanguage\":\"it-IT\"},{\"@type\":\"WebPage\",\"@id\":\"https:\/\/centcols.org\/assemblee-generale-a-serezin-du-rhone-rhone-le-04-decembre-2004\/\",\"url\":\"https:\/\/centcols.org\/assemblee-generale-a-serezin-du-rhone-rhone-le-04-decembre-2004\/\",\"name\":\"Assembl\u00e9e g\u00e9n\u00e9rale \u00e0 S\u00e9r\u00e9zin-du-Rh\u00f4ne (Rh\u00f4ne) le 04 d\u00e9cembre 2004 - Club des Cent Cols\",\"isPartOf\":{\"@id\":\"https:\/\/centcols.org\/#website\"},\"primaryImageOfPage\":{\"@id\":\"https:\/\/centcols.org\/assemblee-generale-a-serezin-du-rhone-rhone-le-04-decembre-2004\/#primaryimage\"},\"image\":{\"@id\":\"https:\/\/centcols.org\/assemblee-generale-a-serezin-du-rhone-rhone-le-04-decembre-2004\/#primaryimage\"},\"thumbnailUrl\":\"https:\/\/centcols.org\/wp-content\/uploads\/2015\/04\/serezin.jpg\",\"datePublished\":\"2015-04-15T06:48:54+00:00\",\"dateModified\":\"2025-11-06T03:15:13+00:00\",\"breadcrumb\":{\"@id\":\"https:\/\/centcols.org\/assemblee-generale-a-serezin-du-rhone-rhone-le-04-decembre-2004\/#breadcrumb\"},\"inLanguage\":\"it-IT\",\"potentialAction\":[{\"@type\":\"ReadAction\",\"target\":[\"https:\/\/centcols.org\/assemblee-generale-a-serezin-du-rhone-rhone-le-04-decembre-2004\/\"]}]},{\"@type\":\"ImageObject\",\"inLanguage\":\"it-IT\",\"@id\":\"https:\/\/centcols.org\/assemblee-generale-a-serezin-du-rhone-rhone-le-04-decembre-2004\/#primaryimage\",\"url\":\"https:\/\/centcols.org\/wp-content\/uploads\/2015\/04\/serezin.jpg\",\"contentUrl\":\"https:\/\/centcols.org\/wp-content\/uploads\/2015\/04\/serezin.jpg\",\"width\":900,\"height\":506},{\"@type\":\"BreadcrumbList\",\"@id\":\"https:\/\/centcols.org\/assemblee-generale-a-serezin-du-rhone-rhone-le-04-decembre-2004\/#breadcrumb\",\"itemListElement\":[{\"@type\":\"ListItem\",\"position\":1,\"name\":\"Accueil\",\"item\":\"https:\/\/centcols.org\/\"},{\"@type\":\"ListItem\",\"position\":2,\"name\":\"Assembl\u00e9es g\u00e9n\u00e9rales\",\"item\":\"https:\/\/centcols.org\/rubrique\/assemblees-generales\/\"},{\"@type\":\"ListItem\",\"position\":3,\"name\":\"Assembl\u00e9e g\u00e9n\u00e9rale \u00e0 S\u00e9r\u00e9zin-du-Rh\u00f4ne (Rh\u00f4ne) le 04 d\u00e9cembre 2004\"}]},{\"@type\":\"WebSite\",\"@id\":\"https:\/\/centcols.org\/#website\",\"url\":\"https:\/\/centcols.org\/\",\"name\":\"Club des Cent Cols\",\"description\":\"\",\"publisher\":{\"@id\":\"https:\/\/centcols.org\/#organization\"},\"potentialAction\":[{\"@type\":\"SearchAction\",\"target\":{\"@type\":\"EntryPoint\",\"urlTemplate\":\"https:\/\/centcols.org\/?s={search_term_string}\"},\"query-input\":{\"@type\":\"PropertyValueSpecification\",\"valueRequired\":true,\"valueName\":\"search_term_string\"}}],\"inLanguage\":\"it-IT\"},{\"@type\":\"Organization\",\"@id\":\"https:\/\/centcols.org\/#organization\",\"name\":\"Club des Cent Cols\",\"url\":\"https:\/\/centcols.org\/\",\"logo\":{\"@type\":\"ImageObject\",\"inLanguage\":\"it-IT\",\"@id\":\"https:\/\/centcols.org\/#\/schema\/logo\/image\/\",\"url\":\"https:\/\/centcols.org\/wp-content\/uploads\/2025\/01\/carte-icone.png\",\"contentUrl\":\"https:\/\/centcols.org\/wp-content\/uploads\/2025\/01\/carte-icone.png\",\"width\":250,\"height\":250,\"caption\":\"Club des Cent Cols\"},\"image\":{\"@id\":\"https:\/\/centcols.org\/#\/schema\/logo\/image\/\"},\"sameAs\":[\"https:\/\/www.facebook.com\/groups\/5261880558\/?locale=fr_FR\"]},{\"@type\":\"Person\",\"@id\":\"https:\/\/centcols.org\/#\/schema\/person\/911b404fb133d8c913dd27cdcf71c8e5\",\"name\":\"Webmestre\",\"image\":{\"@type\":\"ImageObject\",\"inLanguage\":\"it-IT\",\"@id\":\"https:\/\/centcols.org\/wp-content\/litespeed\/avatar\/2d246e4b6b4f773e08515e1ffc53690b.jpg?ver=1777222892\",\"url\":\"https:\/\/centcols.org\/wp-content\/litespeed\/avatar\/2d246e4b6b4f773e08515e1ffc53690b.jpg?ver=1777222892\",\"contentUrl\":\"https:\/\/centcols.org\/wp-content\/litespeed\/avatar\/2d246e4b6b4f773e08515e1ffc53690b.jpg?ver=1777222892\",\"caption\":\"Webmestre\"},\"url\":\"https:\/\/centcols.org\/it\/author\/webmestre\/\"}]}<\/script>\n<!-- \/ Yoast SEO plugin. -->","yoast_head_json":{"title":"Assemblea generale a S\u00e9r\u00e9zin-du-Rh\u00f4ne (Rodano) il 04 dicembre 2004 - Club des Cent Cols","robots":{"index":"index","follow":"follow","max-snippet":"max-snippet:-1","max-image-preview":"max-image-preview:large","max-video-preview":"max-video-preview:-1"},"canonical":"https:\/\/centcols.org\/it\/assemblea-generale-a-serezin-du-rhone-rhone-il-04-dicembre-2004\/","og_locale":"it_IT","og_type":"article","og_title":"Assembl\u00e9e g\u00e9n\u00e9rale \u00e0 S\u00e9r\u00e9zin-du-Rh\u00f4ne (Rh\u00f4ne) le 04 d\u00e9cembre 2004 - Club des Cent Cols","og_description":"Le compte rendu Compte-rendu de l&rsquo;Assembl\u00e9e g\u00e9n\u00e9rale du Club des Cent Cols Le 4 d\u00e9cembre 2004, S\u00e9r\u00e9zin-du-Rh\u00f4ne (69) L&rsquo;Assembl\u00e9e G\u00e9n\u00e9rale annuelle du Club des Cent Cols s&rsquo;est tenue le 4 d\u00e9cembre 2004 dans la salle communale de S\u00e9r\u00e9zin-du-Rh\u00f4ne (69) sous la pr\u00e9sidence de Claude B\u00e9nistrand et en la pr\u00e9sence des membres \u00e9lus du Conseil d&rsquo;Administration [&hellip;]","og_url":"https:\/\/centcols.org\/it\/assemblea-generale-a-serezin-du-rhone-rhone-il-04-dicembre-2004\/","og_site_name":"Club des Cent Cols","article_publisher":"https:\/\/www.facebook.com\/groups\/5261880558\/?locale=fr_FR","article_published_time":"2015-04-15T06:48:54+00:00","article_modified_time":"2025-11-06T03:15:13+00:00","og_image":[{"width":900,"height":506,"url":"https:\/\/centcols.org\/wp-content\/uploads\/2015\/04\/serezin.jpg","type":"image\/jpeg"}],"author":"Webmestre","twitter_card":"summary_large_image","twitter_misc":{"Scritto da":"Webmestre","Tempo di lettura stimato":"5 minuti"},"schema":{"@context":"https:\/\/schema.org","@graph":[{"@type":"Article","@id":"https:\/\/centcols.org\/assemblee-generale-a-serezin-du-rhone-rhone-le-04-decembre-2004\/#article","isPartOf":{"@id":"https:\/\/centcols.org\/assemblee-generale-a-serezin-du-rhone-rhone-le-04-decembre-2004\/"},"author":{"name":"Webmestre","@id":"https:\/\/centcols.org\/#\/schema\/person\/911b404fb133d8c913dd27cdcf71c8e5"},"headline":"Assembl\u00e9e g\u00e9n\u00e9rale \u00e0 S\u00e9r\u00e9zin-du-Rh\u00f4ne (Rh\u00f4ne) le 04 d\u00e9cembre 2004","datePublished":"2015-04-15T06:48:54+00:00","dateModified":"2025-11-06T03:15:13+00:00","mainEntityOfPage":{"@id":"https:\/\/centcols.org\/assemblee-generale-a-serezin-du-rhone-rhone-le-04-decembre-2004\/"},"wordCount":1005,"publisher":{"@id":"https:\/\/centcols.org\/#organization"},"image":{"@id":"https:\/\/centcols.org\/assemblee-generale-a-serezin-du-rhone-rhone-le-04-decembre-2004\/#primaryimage"},"thumbnailUrl":"https:\/\/centcols.org\/wp-content\/uploads\/2015\/04\/serezin.jpg","articleSection":["Assembl\u00e9es g\u00e9n\u00e9rales","Calendrier"],"inLanguage":"it-IT"},{"@type":"WebPage","@id":"https:\/\/centcols.org\/assemblee-generale-a-serezin-du-rhone-rhone-le-04-decembre-2004\/","url":"https:\/\/centcols.org\/assemblee-generale-a-serezin-du-rhone-rhone-le-04-decembre-2004\/","name":"Assemblea generale a S\u00e9r\u00e9zin-du-Rh\u00f4ne (Rodano) il 04 dicembre 2004 - Club des Cent Cols","isPartOf":{"@id":"https:\/\/centcols.org\/#website"},"primaryImageOfPage":{"@id":"https:\/\/centcols.org\/assemblee-generale-a-serezin-du-rhone-rhone-le-04-decembre-2004\/#primaryimage"},"image":{"@id":"https:\/\/centcols.org\/assemblee-generale-a-serezin-du-rhone-rhone-le-04-decembre-2004\/#primaryimage"},"thumbnailUrl":"https:\/\/centcols.org\/wp-content\/uploads\/2015\/04\/serezin.jpg","datePublished":"2015-04-15T06:48:54+00:00","dateModified":"2025-11-06T03:15:13+00:00","breadcrumb":{"@id":"https:\/\/centcols.org\/assemblee-generale-a-serezin-du-rhone-rhone-le-04-decembre-2004\/#breadcrumb"},"inLanguage":"it-IT","potentialAction":[{"@type":"ReadAction","target":["https:\/\/centcols.org\/assemblee-generale-a-serezin-du-rhone-rhone-le-04-decembre-2004\/"]}]},{"@type":"ImageObject","inLanguage":"it-IT","@id":"https:\/\/centcols.org\/assemblee-generale-a-serezin-du-rhone-rhone-le-04-decembre-2004\/#primaryimage","url":"https:\/\/centcols.org\/wp-content\/uploads\/2015\/04\/serezin.jpg","contentUrl":"https:\/\/centcols.org\/wp-content\/uploads\/2015\/04\/serezin.jpg","width":900,"height":506},{"@type":"BreadcrumbList","@id":"https:\/\/centcols.org\/assemblee-generale-a-serezin-du-rhone-rhone-le-04-decembre-2004\/#breadcrumb","itemListElement":[{"@type":"ListItem","position":1,"name":"Accueil","item":"https:\/\/centcols.org\/"},{"@type":"ListItem","position":2,"name":"Assembl\u00e9es g\u00e9n\u00e9rales","item":"https:\/\/centcols.org\/rubrique\/assemblees-generales\/"},{"@type":"ListItem","position":3,"name":"Assembl\u00e9e g\u00e9n\u00e9rale \u00e0 S\u00e9r\u00e9zin-du-Rh\u00f4ne (Rh\u00f4ne) le 04 d\u00e9cembre 2004"}]},{"@type":"WebSite","@id":"https:\/\/centcols.org\/#website","url":"https:\/\/centcols.org\/","name":"Club des Cent Cols","description":"","publisher":{"@id":"https:\/\/centcols.org\/#organization"},"potentialAction":[{"@type":"SearchAction","target":{"@type":"EntryPoint","urlTemplate":"https:\/\/centcols.org\/?s={search_term_string}"},"query-input":{"@type":"PropertyValueSpecification","valueRequired":true,"valueName":"search_term_string"}}],"inLanguage":"it-IT"},{"@type":"Organization","@id":"https:\/\/centcols.org\/#organization","name":"Club des Cent Cols","url":"https:\/\/centcols.org\/","logo":{"@type":"ImageObject","inLanguage":"it-IT","@id":"https:\/\/centcols.org\/#\/schema\/logo\/image\/","url":"https:\/\/centcols.org\/wp-content\/uploads\/2025\/01\/carte-icone.png","contentUrl":"https:\/\/centcols.org\/wp-content\/uploads\/2025\/01\/carte-icone.png","width":250,"height":250,"caption":"Club des Cent Cols"},"image":{"@id":"https:\/\/centcols.org\/#\/schema\/logo\/image\/"},"sameAs":["https:\/\/www.facebook.com\/groups\/5261880558\/?locale=fr_FR"]},{"@type":"Person","@id":"https:\/\/centcols.org\/#\/schema\/person\/911b404fb133d8c913dd27cdcf71c8e5","name":"Webmaster","image":{"@type":"ImageObject","inLanguage":"it-IT","@id":"https:\/\/centcols.org\/wp-content\/litespeed\/avatar\/2d246e4b6b4f773e08515e1ffc53690b.jpg?ver=1777222892","url":"https:\/\/centcols.org\/wp-content\/litespeed\/avatar\/2d246e4b6b4f773e08515e1ffc53690b.jpg?ver=1777222892","contentUrl":"https:\/\/centcols.org\/wp-content\/litespeed\/avatar\/2d246e4b6b4f773e08515e1ffc53690b.jpg?ver=1777222892","caption":"Webmestre"},"url":"https:\/\/centcols.org\/it\/author\/webmestre\/"}]}},"_links":{"self":[{"href":"https:\/\/centcols.org\/it\/wp-json\/wp\/v2\/posts\/81730","targetHints":{"allow":["GET"]}}],"collection":[{"href":"https:\/\/centcols.org\/it\/wp-json\/wp\/v2\/posts"}],"about":[{"href":"https:\/\/centcols.org\/it\/wp-json\/wp\/v2\/types\/post"}],"author":[{"embeddable":true,"href":"https:\/\/centcols.org\/it\/wp-json\/wp\/v2\/users\/3"}],"replies":[{"embeddable":true,"href":"https:\/\/centcols.org\/it\/wp-json\/wp\/v2\/comments?post=81730"}],"version-history":[{"count":0,"href":"https:\/\/centcols.org\/it\/wp-json\/wp\/v2\/posts\/81730\/revisions"}],"wp:featuredmedia":[{"embeddable":true,"href":"https:\/\/centcols.org\/it\/wp-json\/wp\/v2\/media\/84117"}],"wp:attachment":[{"href":"https:\/\/centcols.org\/it\/wp-json\/wp\/v2\/media?parent=81730"}],"wp:term":[{"taxonomy":"category","embeddable":true,"href":"https:\/\/centcols.org\/it\/wp-json\/wp\/v2\/categories?post=81730"},{"taxonomy":"post_tag","embeddable":true,"href":"https:\/\/centcols.org\/it\/wp-json\/wp\/v2\/tags?post=81730"}],"curies":[{"name":"wp","href":"https:\/\/api.w.org\/{rel}","templated":true}]}}