{"id":81737,"date":"2015-04-15T09:57:24","date_gmt":"2015-04-15T07:57:24","guid":{"rendered":"https:\/\/centcols.org\/assemblee-generale-des-1er-et-2-decembre-2007-a-fontbonne-tarn\/"},"modified":"2025-11-06T04:36:14","modified_gmt":"2025-11-06T02:36:14","slug":"assemblea-generale-l1-e-2-dicembre-2007-a-fontbonne-tarn","status":"publish","type":"post","link":"https:\/\/centcols.org\/it\/assemblee-generale-des-1er-et-2-decembre-2007-a-fontbonne-tarn\/","title":{"rendered":"Assemblea generale tenutasi l'1 e il 2 dicembre 2007 a Fontbonne (Tarn)"},"content":{"rendered":"<p><strong>Nella foresta di Gr\u00e9signe<\/strong> con V\u00e9loce Club Montauban<\/p>\n\n\n\n<p>In occasione del 130\u00b0 anniversario del club, il V\u00e9loce Club Montalbanais \u00e8 lieto di ospitare l'Assemblea generale 2007 del Club des Cent Cols, ai margini della foresta di Gr\u00e9signe, nella riserva naturale di Fontbonne ( <a href=\"http:\/\/www.fontbonne-tarn.com\/\" target=\"_blank\" rel=\"noreferrer noopener\">http:\/\/www.fontbonne-tarn.com<\/a> ), a 150 m da Pas de Cabal (FR-81-0431 57 2141 E 245-(051); 79 19 043 182 D87)<\/p>\n\n\n\n<p>A pochi chilometri dai vigneti del Gaillacois, faremo di tutto per soddisfare la vostra voglia di curiosit\u00e0, di passi di montagna...<\/p>\n\n\n\n<p>Sarete alloggiati in loco e la domenica potrete scalare i 14 passi della zona: 12 passi nella foresta! (vedi Topo 4, pag. 39) e due passi a pochi chilometri di distanza (Pas de la Cl\u00e8de FR-81-0355 (82); Col de Libert\u00e9 FR-81-0433). Gli accompagnatori possono fare una visita guidata ai villaggi di Bruniquel (82) e Penne (81), o fare una passeggiata nella foresta o sui sentieri delle PR locali... Si prega di registrarsi sul posto.<\/p>\n\n\n\n<p><strong>Attenzione<\/strong>La capacit\u00e0 di alloggio \u00e8 limitata a 100 persone e sar\u00e0 data priorit\u00e0 a coloro che abitano pi\u00f9 lontano. Riteniamo che i soci (Cent Cols) che abitano relativamente vicino alla sede dell'Assemblea Generale potranno tornare a casa il sabato sera e rientrare la domenica mattina per le escursioni in bicicletta. D'altra parte, dato che il numero di ospiti sar\u00e0 di 120, alcuni potranno comunque godersi la cena del sabato insieme.<\/p>\n\n\n\n<p>Se avete scelto di viaggiare in treno, organizzeremo un bus navetta (con arrivo il sabato e ritorno la domenica). Tuttavia, per facilitare l'organizzazione, vi prego di comunicarmi gli orari di arrivo e di partenza, nonch\u00e9 l'orario di partenza della domenica. L'autista indosser\u00e0 una divisa da \"Cent Cols\" e si trover\u00e0 nell'atrio della stazione.<\/p>\n\n\n\n<p>Se avete scelto treno + bici: Francis Touzeau si offre di accompagnarvi: stessa cosa, basta che vi iscriviate e mi facciate sapere il vostro orario di arrivo, possibilmente prima o intorno alle 9.00. Partenza dalla stazione SNCF.<\/p>\n\n\n\n<p>Se lo desiderate, \u00e8 possibile organizzare un tour dei principali siti della citt\u00e0: incontratevi prima o intorno alle 9.00, partendo dalla stazione; registratevi e comunicatemi l'orario di arrivo.<\/p>\n\n\n\n<p>Per gli automobilisti: sar\u00e0 predisposta una segnaletica sulle strade principali; sar\u00e0 organizzata un'accoglienza in loco presso il Centro Natura Fontbonne (vicino a Pas de Cabal 81 0431 sulla D87) a partire dalle 10.30.<\/p>\n\n\n\n<p>Georges Golse <\/p>\n\n\n\n<p>A presto<\/p>\n\n\n\n<h2 class=\"wp-block-heading\">Album di foto<\/h2>\n\n\n\n<h3 class=\"wp-block-heading\">Prima parte: l'ag e la sua preparazione <\/h3>\n\n\n\n<h4 class=\"wp-block-heading\">Album di Ren\u00e9 Poty<\/h4>\n\n\n\n<figure class=\"wp-block-gallery has-nested-images columns-default is-cropped wp-block-gallery-1 is-layout-flex wp-block-gallery-is-layout-flex\">\n<figure class=\"wp-block-image size-large\"><img loading=\"lazy\" decoding=\"async\" width=\"640\" height=\"360\" data-id=\"83501\" src=\"https:\/\/centcols.org\/wp-content\/uploads\/2015\/04\/rp_2168.jpg\" alt=\"\" class=\"wp-image-83501\"\/><\/figure>\n\n\n\n<figure class=\"wp-block-image size-large\"><img loading=\"lazy\" decoding=\"async\" width=\"640\" height=\"360\" data-id=\"83502\" src=\"https:\/\/centcols.org\/wp-content\/uploads\/2015\/04\/rp_2169.jpg\" alt=\"\" class=\"wp-image-83502\"\/><\/figure>\n<\/figure>\n\n\n\n<h4 class=\"wp-block-heading\">Album di Mario Labelle<\/h4>\n\n\n\n<figure class=\"wp-block-gallery has-nested-images columns-default is-cropped wp-block-gallery-2 is-layout-flex wp-block-gallery-is-layout-flex\">\n<figure class=\"wp-block-image size-large\"><a href=\"https:\/\/centcols.org\/wp-content\/uploads\/2015\/04\/ml_01.jpg\"><img loading=\"lazy\" decoding=\"async\" width=\"640\" height=\"480\" data-id=\"83441\" src=\"https:\/\/centcols.org\/wp-content\/uploads\/2015\/04\/ml_01.jpg\" alt=\"\" class=\"wp-image-83441\"\/><\/a><figcaption class=\"wp-element-caption\">Il centro di Fontbonne sotto un cielo cupo<\/figcaption><\/figure>\n\n\n\n<figure class=\"wp-block-image size-large\"><a href=\"https:\/\/centcols.org\/wp-content\/uploads\/2015\/04\/ml_02.jpg\"><img loading=\"lazy\" decoding=\"async\" width=\"640\" height=\"480\" data-id=\"83442\" src=\"https:\/\/centcols.org\/wp-content\/uploads\/2015\/04\/ml_02.jpg\" alt=\"\" class=\"wp-image-83442\"\/><\/a><\/figure>\n\n\n\n<figure class=\"wp-block-image size-large\"><a href=\"https:\/\/centcols.org\/wp-content\/uploads\/2015\/04\/ml_04.jpg\"><img loading=\"lazy\" decoding=\"async\" width=\"640\" height=\"480\" data-id=\"83443\" src=\"https:\/\/centcols.org\/wp-content\/uploads\/2015\/04\/ml_04.jpg\" alt=\"\" class=\"wp-image-83443\"\/><\/a><figcaption class=\"wp-element-caption\">Cena prima dell'Assemblea generale<\/figcaption><\/figure>\n\n\n\n<figure class=\"wp-block-image size-large\"><a href=\"https:\/\/centcols.org\/wp-content\/uploads\/2015\/04\/ml_06.jpg\"><img loading=\"lazy\" decoding=\"async\" width=\"640\" height=\"480\" data-id=\"83445\" src=\"https:\/\/centcols.org\/wp-content\/uploads\/2015\/04\/ml_06.jpg\" alt=\"\" class=\"wp-image-83445\"\/><\/a><figcaption class=\"wp-element-caption\">Claude B\u00e9nistrand e R\u00e9gis Paraz danno gli ultimi aggiornamenti sull'ordine del giorno<\/figcaption><\/figure>\n\n\n\n<figure class=\"wp-block-image size-large\"><a href=\"https:\/\/centcols.org\/wp-content\/uploads\/2015\/04\/ml_07.jpg\"><img loading=\"lazy\" decoding=\"async\" width=\"640\" height=\"480\" data-id=\"83446\" src=\"https:\/\/centcols.org\/wp-content\/uploads\/2015\/04\/ml_07.jpg\" alt=\"\" class=\"wp-image-83446\"\/><\/a><figcaption class=\"wp-element-caption\">Un pubblico attento<\/figcaption><\/figure>\n\n\n\n<figure class=\"wp-block-image size-large\"><a href=\"https:\/\/centcols.org\/wp-content\/uploads\/2015\/04\/ml_08.jpg\"><img loading=\"lazy\" decoding=\"async\" width=\"640\" height=\"480\" data-id=\"83447\" src=\"https:\/\/centcols.org\/wp-content\/uploads\/2015\/04\/ml_08.jpg\" alt=\"\" class=\"wp-image-83447\"\/><\/a><\/figure>\n\n\n\n<figure class=\"wp-block-image size-large\"><a href=\"https:\/\/centcols.org\/wp-content\/uploads\/2015\/04\/ml_09.jpg\"><img loading=\"lazy\" decoding=\"async\" width=\"640\" height=\"480\" data-id=\"83448\" src=\"https:\/\/centcols.org\/wp-content\/uploads\/2015\/04\/ml_09.jpg\" alt=\"\" class=\"wp-image-83448\"\/><\/a><figcaption class=\"wp-element-caption\">Philippe Baudon, responsabile della sezione La Bastide del V\u00e9loce Club Montalbanais, ci accoglie nel suo territorio.<\/figcaption><\/figure>\n\n\n\n<figure class=\"wp-block-image size-large\"><a href=\"https:\/\/centcols.org\/wp-content\/uploads\/2015\/04\/ml_10.jpg\"><img loading=\"lazy\" decoding=\"async\" width=\"640\" height=\"480\" data-id=\"83449\" src=\"https:\/\/centcols.org\/wp-content\/uploads\/2015\/04\/ml_10.jpg\" alt=\"\" class=\"wp-image-83449\"\/><\/a><figcaption class=\"wp-element-caption\">Ren\u00e9 Poty ha letto il rapporto di attivit\u00e0<\/figcaption><\/figure>\n\n\n\n<figure class=\"wp-block-image size-large\"><a href=\"https:\/\/centcols.org\/wp-content\/uploads\/2015\/04\/ml_12.jpg\"><img loading=\"lazy\" decoding=\"async\" width=\"640\" height=\"480\" data-id=\"83450\" src=\"https:\/\/centcols.org\/wp-content\/uploads\/2015\/04\/ml_12.jpg\" alt=\"\" class=\"wp-image-83450\"\/><\/a><figcaption class=\"wp-element-caption\">Con un migliaio di collari, Mille(t) (Ni)col(e) pu\u00f2 finalmente portare con orgoglio il suo nome<\/figcaption><\/figure>\n\n\n\n<figure class=\"wp-block-image size-large\"><a href=\"https:\/\/centcols.org\/wp-content\/uploads\/2015\/04\/ml_14.jpg\"><img loading=\"lazy\" decoding=\"async\" width=\"640\" height=\"480\" data-id=\"83451\" src=\"https:\/\/centcols.org\/wp-content\/uploads\/2015\/04\/ml_14.jpg\" alt=\"\" class=\"wp-image-83451\"\/><\/a><figcaption class=\"wp-element-caption\">Michel M\u00e9dina, delegato regionale uscente della zona 04S, riceve uno dei nuovi adesivi per camper.<\/figcaption><\/figure>\n\n\n\n<figure class=\"wp-block-image size-large\"><a href=\"https:\/\/centcols.org\/wp-content\/uploads\/2015\/04\/ml_15.jpg\"><img loading=\"lazy\" decoding=\"async\" width=\"640\" height=\"480\" data-id=\"83452\" src=\"https:\/\/centcols.org\/wp-content\/uploads\/2015\/04\/ml_15.jpg\" alt=\"\" class=\"wp-image-83452\"\/><\/a><figcaption class=\"wp-element-caption\">Desidero inoltre ringraziare Georges Golse, maestro di cerimonia e organizzatore di questa Assemblea generale.<\/figcaption><\/figure>\n<\/figure>\n\n\n\n<h4 class=\"wp-block-heading\">L'album di Pierre Mai<\/h4>\n\n\n\n<figure class=\"wp-block-gallery has-nested-images columns-default is-cropped wp-block-gallery-3 is-layout-flex wp-block-gallery-is-layout-flex\">\n<figure class=\"wp-block-image size-large\"><a href=\"https:\/\/centcols.org\/wp-content\/uploads\/2015\/04\/pc010007.jpg\"><img loading=\"lazy\" decoding=\"async\" width=\"640\" height=\"480\" data-id=\"83453\" src=\"https:\/\/centcols.org\/wp-content\/uploads\/2015\/04\/pc010007.jpg\" alt=\"\" class=\"wp-image-83453\"\/><\/a><figcaption class=\"wp-element-caption\">L'arrivo del pullman degli alpini, partito dall'Alta Savoia alle 2.30 del mattino, \u00e8 stato un vero e proprio colpo di fulmine.<\/figcaption><\/figure>\n\n\n\n<figure class=\"wp-block-image size-large\"><a href=\"https:\/\/centcols.org\/wp-content\/uploads\/2015\/04\/pc010009.jpg\"><img loading=\"lazy\" decoding=\"async\" width=\"640\" height=\"480\" data-id=\"83454\" src=\"https:\/\/centcols.org\/wp-content\/uploads\/2015\/04\/pc010009.jpg\" alt=\"\" class=\"wp-image-83454\"\/><\/a><\/figure>\n\n\n\n<figure class=\"wp-block-image size-large\"><a href=\"https:\/\/centcols.org\/wp-content\/uploads\/2015\/04\/pc010012.jpg\"><img loading=\"lazy\" decoding=\"async\" width=\"640\" height=\"480\" data-id=\"83455\" src=\"https:\/\/centcols.org\/wp-content\/uploads\/2015\/04\/pc010012.jpg\" alt=\"\" class=\"wp-image-83455\"\/><\/a><figcaption class=\"wp-element-caption\">Mario Labelle e R\u00e9gis Paraz realizzano le impostazioni del computer<\/figcaption><\/figure>\n\n\n\n<figure class=\"wp-block-image size-large\"><a href=\"https:\/\/centcols.org\/wp-content\/uploads\/2015\/04\/pc010015.jpg\"><img loading=\"lazy\" decoding=\"async\" width=\"640\" height=\"480\" data-id=\"83457\" src=\"https:\/\/centcols.org\/wp-content\/uploads\/2015\/04\/pc010015.jpg\" alt=\"\" class=\"wp-image-83457\"\/><\/a><\/figure>\n\n\n\n<figure class=\"wp-block-image size-large\"><a href=\"https:\/\/centcols.org\/wp-content\/uploads\/2015\/04\/pc010013.jpg\"><img loading=\"lazy\" decoding=\"async\" width=\"640\" height=\"480\" data-id=\"83456\" src=\"https:\/\/centcols.org\/wp-content\/uploads\/2015\/04\/pc010013.jpg\" alt=\"\" class=\"wp-image-83456\"\/><\/a><\/figure>\n\n\n\n<figure class=\"wp-block-image size-large\"><a href=\"https:\/\/centcols.org\/wp-content\/uploads\/2015\/04\/pc010016.jpg\"><img loading=\"lazy\" decoding=\"async\" width=\"640\" height=\"480\" data-id=\"83458\" src=\"https:\/\/centcols.org\/wp-content\/uploads\/2015\/04\/pc010016.jpg\" alt=\"\" class=\"wp-image-83458\"\/><\/a><figcaption class=\"wp-element-caption\">Claude B\u00e9nistrand apre l'Assemblea Generale<\/figcaption><\/figure>\n\n\n\n<figure class=\"wp-block-image size-large\"><a href=\"https:\/\/centcols.org\/wp-content\/uploads\/2015\/04\/pc010017.jpg\"><img loading=\"lazy\" decoding=\"async\" width=\"640\" height=\"480\" data-id=\"83459\" src=\"https:\/\/centcols.org\/wp-content\/uploads\/2015\/04\/pc010017.jpg\" alt=\"\" class=\"wp-image-83459\"\/><\/a><figcaption class=\"wp-element-caption\">Michel Mathieu presenta la relazione finanziaria<\/figcaption><\/figure>\n\n\n\n<figure class=\"wp-block-image size-large\"><a href=\"https:\/\/centcols.org\/wp-content\/uploads\/2015\/04\/pc010018.jpg\"><img loading=\"lazy\" decoding=\"async\" width=\"640\" height=\"480\" data-id=\"83460\" src=\"https:\/\/centcols.org\/wp-content\/uploads\/2015\/04\/pc010018.jpg\" alt=\"\" class=\"wp-image-83460\"\/><\/a><figcaption class=\"wp-element-caption\">La relazione dei revisori dei conti, Christophe Guitton e Gilbert Roy<\/figcaption><\/figure>\n\n\n\n<figure class=\"wp-block-image size-large\"><a href=\"https:\/\/centcols.org\/wp-content\/uploads\/2015\/04\/pc010020.jpg\"><img loading=\"lazy\" decoding=\"async\" width=\"640\" height=\"480\" data-id=\"83461\" src=\"https:\/\/centcols.org\/wp-content\/uploads\/2015\/04\/pc010020.jpg\" alt=\"\" class=\"wp-image-83461\"\/><\/a><figcaption class=\"wp-element-caption\">R\u00e9gis Paraz presenta il nuovo percorso permanente dei 100 passi nella regione della Savoia utilizzando Google Earth<\/figcaption><\/figure>\n\n\n\n<figure class=\"wp-block-image size-large\"><a href=\"https:\/\/centcols.org\/wp-content\/uploads\/2015\/04\/pc010022.jpg\"><img loading=\"lazy\" decoding=\"async\" width=\"640\" height=\"480\" data-id=\"83462\" src=\"https:\/\/centcols.org\/wp-content\/uploads\/2015\/04\/pc010022.jpg\" alt=\"\" class=\"wp-image-83462\"\/><\/a><figcaption class=\"wp-element-caption\">Mireille Corbet nuovo membro N\u00b06415 di Sillingy<\/figcaption><\/figure>\n\n\n\n<figure class=\"wp-block-image size-large\"><a href=\"https:\/\/centcols.org\/wp-content\/uploads\/2015\/04\/pc010023.jpg\"><img loading=\"lazy\" decoding=\"async\" width=\"640\" height=\"480\" data-id=\"83463\" src=\"https:\/\/centcols.org\/wp-content\/uploads\/2015\/04\/pc010023.jpg\" alt=\"\" class=\"wp-image-83463\"\/><\/a><figcaption class=\"wp-element-caption\">Yves Papot nuovo membro N\u00b06447 da Dunkerque<\/figcaption><\/figure>\n\n\n\n<figure class=\"wp-block-image size-large\"><a href=\"https:\/\/centcols.org\/wp-content\/uploads\/2015\/04\/pc010026.jpg\"><img loading=\"lazy\" decoding=\"async\" width=\"640\" height=\"480\" data-id=\"83464\" src=\"https:\/\/centcols.org\/wp-content\/uploads\/2015\/04\/pc010026.jpg\" alt=\"\" class=\"wp-image-83464\"\/><\/a><figcaption class=\"wp-element-caption\">Claude e Francine Mabillot ricevono il diploma di 500 col...tandem<\/figcaption><\/figure>\n\n\n\n<figure class=\"wp-block-image size-large\"><a href=\"https:\/\/centcols.org\/wp-content\/uploads\/2015\/04\/pc010030.jpg\"><img loading=\"lazy\" decoding=\"async\" width=\"640\" height=\"480\" data-id=\"83465\" src=\"https:\/\/centcols.org\/wp-content\/uploads\/2015\/04\/pc010030.jpg\" alt=\"\" class=\"wp-image-83465\"\/><\/a><figcaption class=\"wp-element-caption\">Il tesoriere Michel Mathieu con 4.000 bottiglie di vino<\/figcaption><\/figure>\n\n\n\n<figure class=\"wp-block-image size-large\"><a href=\"https:\/\/centcols.org\/wp-content\/uploads\/2015\/04\/pc010037.jpg\"><img loading=\"lazy\" decoding=\"async\" width=\"640\" height=\"480\" data-id=\"83466\" src=\"https:\/\/centcols.org\/wp-content\/uploads\/2015\/04\/pc010037.jpg\" alt=\"\" class=\"wp-image-83466\"\/><\/a><figcaption class=\"wp-element-caption\">Dopo l'Assemblea generale, \u00e8 il momento di sedersi a tavola.<\/figcaption><\/figure>\n\n\n\n<figure class=\"wp-block-image size-large\"><a href=\"https:\/\/centcols.org\/wp-content\/uploads\/2015\/04\/pc010038.jpg\"><img loading=\"lazy\" decoding=\"async\" width=\"640\" height=\"480\" data-id=\"83467\" src=\"https:\/\/centcols.org\/wp-content\/uploads\/2015\/04\/pc010038.jpg\" alt=\"\" class=\"wp-image-83467\"\/><\/a><\/figure>\n\n\n\n<figure class=\"wp-block-image size-large\"><a href=\"https:\/\/centcols.org\/wp-content\/uploads\/2015\/04\/pc010040.jpg\"><img loading=\"lazy\" decoding=\"async\" width=\"640\" height=\"480\" data-id=\"83468\" src=\"https:\/\/centcols.org\/wp-content\/uploads\/2015\/04\/pc010040.jpg\" alt=\"\" class=\"wp-image-83468\"\/><\/a><\/figure>\n<\/figure>\n\n\n\n<h3 class=\"wp-block-heading\"><strong>Seconda parte: la gita in bicicletta<\/strong><\/h3>\n\n\n\n<h4 class=\"wp-block-heading\">Album fotografico di Ren\u00e9 Poty<\/h4>\n\n\n\n<figure class=\"wp-block-gallery has-nested-images columns-default is-cropped wp-block-gallery-4 is-layout-flex wp-block-gallery-is-layout-flex\">\n<figure class=\"wp-block-image size-large\"><a href=\"https:\/\/centcols.org\/wp-content\/uploads\/2015\/04\/rp_2188.jpg\"><img loading=\"lazy\" decoding=\"async\" width=\"604\" height=\"480\" data-id=\"83513\" src=\"https:\/\/centcols.org\/wp-content\/uploads\/2015\/04\/rp_2188.jpg\" alt=\"\" class=\"wp-image-83513\"\/><\/a><figcaption class=\"wp-element-caption\">I nostri ospiti del weekend<\/figcaption><\/figure>\n\n\n\n<figure class=\"wp-block-image size-large\"><a href=\"https:\/\/centcols.org\/wp-content\/uploads\/2015\/04\/ml_05.jpg\"><img loading=\"lazy\" decoding=\"async\" width=\"640\" height=\"480\" data-id=\"83444\" src=\"https:\/\/centcols.org\/wp-content\/uploads\/2015\/04\/ml_05.jpg\" alt=\"\" class=\"wp-image-83444\"\/><\/a><figcaption class=\"wp-element-caption\">Il massiccio della For\u00eat de Gr\u00e9signe e i suoi 12 passi ci attendono<\/figcaption><\/figure>\n\n\n\n<figure class=\"wp-block-image size-large\"><a href=\"https:\/\/centcols.org\/wp-content\/uploads\/2015\/04\/rp_2176.jpg\"><img loading=\"lazy\" decoding=\"async\" width=\"270\" height=\"480\" data-id=\"83503\" src=\"https:\/\/centcols.org\/wp-content\/uploads\/2015\/04\/rp_2176.jpg\" alt=\"\" class=\"wp-image-83503\"\/><\/a><\/figure>\n\n\n\n<figure class=\"wp-block-image size-large\"><a href=\"https:\/\/centcols.org\/wp-content\/uploads\/2015\/04\/rp_2177.jpg\"><img loading=\"lazy\" decoding=\"async\" width=\"270\" height=\"480\" data-id=\"83504\" src=\"https:\/\/centcols.org\/wp-content\/uploads\/2015\/04\/rp_2177.jpg\" alt=\"\" class=\"wp-image-83504\"\/><\/a><\/figure>\n\n\n\n<figure class=\"wp-block-image size-large\"><a href=\"https:\/\/centcols.org\/wp-content\/uploads\/2015\/04\/rp_2178.jpg\"><img loading=\"lazy\" decoding=\"async\" width=\"217\" height=\"480\" data-id=\"83505\" src=\"https:\/\/centcols.org\/wp-content\/uploads\/2015\/04\/rp_2178.jpg\" alt=\"\" class=\"wp-image-83505\"\/><\/a><\/figure>\n\n\n\n<figure class=\"wp-block-image size-large\"><a href=\"https:\/\/centcols.org\/wp-content\/uploads\/2015\/04\/rp_2179.jpg\"><img loading=\"lazy\" decoding=\"async\" width=\"319\" height=\"480\" data-id=\"83506\" src=\"https:\/\/centcols.org\/wp-content\/uploads\/2015\/04\/rp_2179.jpg\" alt=\"\" class=\"wp-image-83506\"\/><\/a><\/figure>\n\n\n\n<figure class=\"wp-block-image size-large\"><a href=\"https:\/\/centcols.org\/wp-content\/uploads\/2015\/04\/rp_2180.jpg\"><img loading=\"lazy\" decoding=\"async\" width=\"191\" height=\"480\" data-id=\"83507\" src=\"https:\/\/centcols.org\/wp-content\/uploads\/2015\/04\/rp_2180.jpg\" alt=\"\" class=\"wp-image-83507\"\/><\/a><\/figure>\n\n\n\n<figure class=\"wp-block-image size-large\"><a href=\"https:\/\/centcols.org\/wp-content\/uploads\/2015\/04\/rp_2181.jpg\"><img loading=\"lazy\" decoding=\"async\" width=\"640\" height=\"360\" data-id=\"83508\" src=\"https:\/\/centcols.org\/wp-content\/uploads\/2015\/04\/rp_2181.jpg\" alt=\"\" class=\"wp-image-83508\"\/><\/a><\/figure>\n\n\n\n<figure class=\"wp-block-image size-large\"><a href=\"https:\/\/centcols.org\/wp-content\/uploads\/2015\/04\/rp_2182.jpg\"><img loading=\"lazy\" decoding=\"async\" width=\"270\" height=\"480\" data-id=\"83509\" src=\"https:\/\/centcols.org\/wp-content\/uploads\/2015\/04\/rp_2182.jpg\" alt=\"\" class=\"wp-image-83509\"\/><\/a><\/figure>\n\n\n\n<figure class=\"wp-block-image size-large\"><a href=\"https:\/\/centcols.org\/wp-content\/uploads\/2015\/04\/rp_2184.jpg\"><img loading=\"lazy\" decoding=\"async\" width=\"640\" height=\"360\" data-id=\"83510\" src=\"https:\/\/centcols.org\/wp-content\/uploads\/2015\/04\/rp_2184.jpg\" alt=\"\" class=\"wp-image-83510\"\/><\/a><figcaption class=\"wp-element-caption\">Cerimonia in memoria di Joseph Bastit, ex presidente di V\u00e9loce<\/figcaption><\/figure>\n\n\n\n<figure class=\"wp-block-image size-large\"><a href=\"https:\/\/centcols.org\/wp-content\/uploads\/2015\/04\/rp_2185.jpg\"><img loading=\"lazy\" decoding=\"async\" width=\"640\" height=\"360\" data-id=\"83511\" src=\"https:\/\/centcols.org\/wp-content\/uploads\/2015\/04\/rp_2185.jpg\" alt=\"\" class=\"wp-image-83511\"\/><\/a><\/figure>\n\n\n\n<figure class=\"wp-block-image size-large\"><a href=\"https:\/\/centcols.org\/wp-content\/uploads\/2015\/04\/rp_2187.jpg\"><img loading=\"lazy\" decoding=\"async\" width=\"640\" height=\"360\" data-id=\"83512\" src=\"https:\/\/centcols.org\/wp-content\/uploads\/2015\/04\/rp_2187.jpg\" alt=\"\" class=\"wp-image-83512\"\/><\/a><figcaption class=\"wp-element-caption\">Un ultimo picnic prima di separarci<\/figcaption><\/figure>\n<\/figure>\n\n\n\n<h4 class=\"wp-block-heading\">Album fotografico di Philippe Carrez<\/h4>\n\n\n\n<figure class=\"wp-block-gallery has-nested-images columns-default is-cropped wp-block-gallery-5 is-layout-flex wp-block-gallery-is-layout-flex\">\n<figure class=\"wp-block-image size-large\"><a href=\"https:\/\/centcols.org\/wp-content\/uploads\/2015\/04\/pc020042.jpg\"><img loading=\"lazy\" decoding=\"async\" width=\"640\" height=\"431\" data-id=\"83469\" src=\"https:\/\/centcols.org\/wp-content\/uploads\/2015\/04\/pc020042.jpg\" alt=\"\" class=\"wp-image-83469\"\/><\/a><figcaption class=\"wp-element-caption\">Domenica mattina, c'\u00e8 una grande folla alla partenza<\/figcaption><\/figure>\n\n\n\n<figure class=\"wp-block-image size-large\"><a href=\"https:\/\/centcols.org\/wp-content\/uploads\/2015\/04\/pc020043.jpg\"><img loading=\"lazy\" decoding=\"async\" width=\"640\" height=\"480\" data-id=\"83470\" src=\"https:\/\/centcols.org\/wp-content\/uploads\/2015\/04\/pc020043.jpg\" alt=\"\" class=\"wp-image-83470\"\/><\/a><\/figure>\n\n\n\n<figure class=\"wp-block-image size-large\"><a href=\"https:\/\/centcols.org\/wp-content\/uploads\/2015\/04\/pc020044.jpg\"><img loading=\"lazy\" decoding=\"async\" width=\"640\" height=\"480\" data-id=\"83471\" src=\"https:\/\/centcols.org\/wp-content\/uploads\/2015\/04\/pc020044.jpg\" alt=\"\" class=\"wp-image-83471\"\/><\/a><figcaption class=\"wp-element-caption\">Gli autisti dei camion sono partiti per primi nella nebbia leggera<\/figcaption><\/figure>\n\n\n\n<figure class=\"wp-block-image size-large\"><a href=\"https:\/\/centcols.org\/wp-content\/uploads\/2015\/04\/pc020045.jpg\"><img loading=\"lazy\" decoding=\"async\" width=\"640\" height=\"480\" data-id=\"83472\" src=\"https:\/\/centcols.org\/wp-content\/uploads\/2015\/04\/pc020045.jpg\" alt=\"\" class=\"wp-image-83472\"\/><\/a><\/figure>\n\n\n\n<figure class=\"wp-block-image size-large\"><a href=\"https:\/\/centcols.org\/wp-content\/uploads\/2015\/04\/pc020046.jpg\"><img loading=\"lazy\" decoding=\"async\" width=\"640\" height=\"480\" data-id=\"83473\" src=\"https:\/\/centcols.org\/wp-content\/uploads\/2015\/04\/pc020046.jpg\" alt=\"\" class=\"wp-image-83473\"\/><\/a><figcaption class=\"wp-element-caption\">Gli appassionati di mountain bike sono appena dietro<\/figcaption><\/figure>\n\n\n\n<figure class=\"wp-block-image size-large\"><a href=\"https:\/\/centcols.org\/wp-content\/uploads\/2015\/04\/pc020047.jpg\"><img loading=\"lazy\" decoding=\"async\" width=\"640\" height=\"480\" data-id=\"83474\" src=\"https:\/\/centcols.org\/wp-content\/uploads\/2015\/04\/pc020047.jpg\" alt=\"\" class=\"wp-image-83474\"\/><\/a><\/figure>\n\n\n\n<figure class=\"wp-block-image size-large\"><a href=\"https:\/\/centcols.org\/wp-content\/uploads\/2015\/04\/pc020048.jpg\"><img loading=\"lazy\" decoding=\"async\" width=\"640\" height=\"480\" data-id=\"83475\" src=\"https:\/\/centcols.org\/wp-content\/uploads\/2015\/04\/pc020048.jpg\" alt=\"\" class=\"wp-image-83475\"\/><\/a><\/figure>\n\n\n\n<figure class=\"wp-block-image size-large\"><a href=\"https:\/\/centcols.org\/wp-content\/uploads\/2015\/04\/pc020049.jpg\"><img loading=\"lazy\" decoding=\"async\" width=\"640\" height=\"480\" data-id=\"83476\" src=\"https:\/\/centcols.org\/wp-content\/uploads\/2015\/04\/pc020049.jpg\" alt=\"\" class=\"wp-image-83476\"\/><\/a><figcaption class=\"wp-element-caption\">Ingorgo al Pas de Bourres<\/figcaption><\/figure>\n\n\n\n<figure class=\"wp-block-image size-large\"><a href=\"https:\/\/centcols.org\/wp-content\/uploads\/2015\/04\/pc020050.jpg\"><img loading=\"lazy\" decoding=\"async\" width=\"640\" height=\"480\" data-id=\"83477\" src=\"https:\/\/centcols.org\/wp-content\/uploads\/2015\/04\/pc020050.jpg\" alt=\"\" class=\"wp-image-83477\"\/><\/a><figcaption class=\"wp-element-caption\">In viaggio verso Pas de Pontraute<\/figcaption><\/figure>\n\n\n\n<figure class=\"wp-block-image size-large\"><a href=\"https:\/\/centcols.org\/wp-content\/uploads\/2015\/04\/pc020051.jpg\"><img loading=\"lazy\" decoding=\"async\" width=\"640\" height=\"480\" data-id=\"83478\" src=\"https:\/\/centcols.org\/wp-content\/uploads\/2015\/04\/pc020051.jpg\" alt=\"\" class=\"wp-image-83478\"\/><\/a><figcaption class=\"wp-element-caption\">Au Pas de Pontraute<\/figcaption><\/figure>\n\n\n\n<figure class=\"wp-block-image size-large\"><a href=\"https:\/\/centcols.org\/wp-content\/uploads\/2015\/04\/pc020057.jpg\"><img loading=\"lazy\" decoding=\"async\" width=\"640\" height=\"480\" data-id=\"83479\" src=\"https:\/\/centcols.org\/wp-content\/uploads\/2015\/04\/pc020057.jpg\" alt=\"\" class=\"wp-image-83479\"\/><\/a><figcaption class=\"wp-element-caption\">Discesa del Pas de Caillaret<\/figcaption><\/figure>\n\n\n\n<figure class=\"wp-block-image size-large\"><a href=\"https:\/\/centcols.org\/wp-content\/uploads\/2015\/04\/pc020058.jpg\"><img loading=\"lazy\" decoding=\"async\" width=\"640\" height=\"480\" data-id=\"83480\" src=\"https:\/\/centcols.org\/wp-content\/uploads\/2015\/04\/pc020058.jpg\" alt=\"\" class=\"wp-image-83480\"\/><\/a><figcaption class=\"wp-element-caption\">Verso Pas des Bondes<\/figcaption><\/figure>\n\n\n\n<figure class=\"wp-block-image size-large\"><a href=\"https:\/\/centcols.org\/wp-content\/uploads\/2015\/04\/pc020059.jpg\"><img loading=\"lazy\" decoding=\"async\" width=\"640\" height=\"480\" data-id=\"83481\" src=\"https:\/\/centcols.org\/wp-content\/uploads\/2015\/04\/pc020059.jpg\" alt=\"\" class=\"wp-image-83481\"\/><\/a><figcaption class=\"wp-element-caption\">Arrivo a Pas de la Lign\u00e9e<\/figcaption><\/figure>\n\n\n\n<figure class=\"wp-block-image size-large\"><a href=\"https:\/\/centcols.org\/wp-content\/uploads\/2015\/04\/pc020061.jpg\"><img loading=\"lazy\" decoding=\"async\" width=\"640\" height=\"480\" data-id=\"83482\" src=\"https:\/\/centcols.org\/wp-content\/uploads\/2015\/04\/pc020061.jpg\" alt=\"\" class=\"wp-image-83482\"\/><\/a><\/figure>\n\n\n\n<figure class=\"wp-block-image size-large\"><a href=\"https:\/\/centcols.org\/wp-content\/uploads\/2015\/04\/pc020062.jpg\"><img loading=\"lazy\" decoding=\"async\" width=\"640\" height=\"480\" data-id=\"83483\" src=\"https:\/\/centcols.org\/wp-content\/uploads\/2015\/04\/pc020062.jpg\" alt=\"\" class=\"wp-image-83483\"\/><\/a><\/figure>\n<\/figure>\n\n\n\n<h4 class=\"wp-block-heading\">L'album di Pierre Mai<\/h4>\n\n\n\n<figure class=\"wp-block-gallery has-nested-images columns-default is-cropped wp-block-gallery-6 is-layout-flex wp-block-gallery-is-layout-flex\">\n<figure class=\"wp-block-image size-large\"><a href=\"https:\/\/centcols.org\/wp-content\/uploads\/2015\/04\/pm-01.jpg\"><img loading=\"lazy\" decoding=\"async\" width=\"640\" height=\"480\" data-id=\"83485\" src=\"https:\/\/centcols.org\/wp-content\/uploads\/2015\/04\/pm-01.jpg\" alt=\"\" class=\"wp-image-83485\"\/><\/a><\/figure>\n\n\n\n<figure class=\"wp-block-image size-large\"><a href=\"https:\/\/centcols.org\/wp-content\/uploads\/2015\/04\/pm-00.jpg\"><img loading=\"lazy\" decoding=\"async\" width=\"640\" height=\"480\" data-id=\"83484\" src=\"https:\/\/centcols.org\/wp-content\/uploads\/2015\/04\/pm-00.jpg\" alt=\"\" class=\"wp-image-83484\"\/><\/a><\/figure>\n\n\n\n<figure class=\"wp-block-image size-large\"><a href=\"https:\/\/centcols.org\/wp-content\/uploads\/2015\/04\/pm-03.jpg\"><img loading=\"lazy\" decoding=\"async\" width=\"360\" height=\"480\" data-id=\"83486\" src=\"https:\/\/centcols.org\/wp-content\/uploads\/2015\/04\/pm-03.jpg\" alt=\"\" class=\"wp-image-83486\"\/><\/a><\/figure>\n\n\n\n<figure class=\"wp-block-image size-large\"><a href=\"https:\/\/centcols.org\/wp-content\/uploads\/2015\/04\/pm-04.jpg\"><img loading=\"lazy\" decoding=\"async\" width=\"640\" height=\"480\" data-id=\"83487\" src=\"https:\/\/centcols.org\/wp-content\/uploads\/2015\/04\/pm-04.jpg\" alt=\"\" class=\"wp-image-83487\"\/><\/a><\/figure>\n\n\n\n<figure class=\"wp-block-image size-large\"><a href=\"https:\/\/centcols.org\/wp-content\/uploads\/2015\/04\/pm-06.jpg\"><img loading=\"lazy\" decoding=\"async\" width=\"640\" height=\"480\" data-id=\"83488\" src=\"https:\/\/centcols.org\/wp-content\/uploads\/2015\/04\/pm-06.jpg\" alt=\"\" class=\"wp-image-83488\"\/><\/a><\/figure>\n\n\n\n<figure class=\"wp-block-image size-large\"><a href=\"https:\/\/centcols.org\/wp-content\/uploads\/2015\/04\/pm-07.jpg\"><img loading=\"lazy\" decoding=\"async\" width=\"640\" height=\"480\" data-id=\"83489\" src=\"https:\/\/centcols.org\/wp-content\/uploads\/2015\/04\/pm-07.jpg\" alt=\"\" class=\"wp-image-83489\"\/><\/a><\/figure>\n\n\n\n<figure class=\"wp-block-image size-large\"><a href=\"https:\/\/centcols.org\/wp-content\/uploads\/2015\/04\/pm-08.jpg\"><img loading=\"lazy\" decoding=\"async\" width=\"640\" height=\"480\" data-id=\"83490\" src=\"https:\/\/centcols.org\/wp-content\/uploads\/2015\/04\/pm-08.jpg\" alt=\"\" class=\"wp-image-83490\"\/><\/a><\/figure>\n\n\n\n<figure class=\"wp-block-image size-large\"><a href=\"https:\/\/centcols.org\/wp-content\/uploads\/2015\/04\/pm-09.jpg\"><img loading=\"lazy\" decoding=\"async\" width=\"640\" height=\"480\" data-id=\"83491\" src=\"https:\/\/centcols.org\/wp-content\/uploads\/2015\/04\/pm-09.jpg\" alt=\"\" class=\"wp-image-83491\"\/><\/a><\/figure>\n\n\n\n<figure class=\"wp-block-image size-large\"><a href=\"https:\/\/centcols.org\/wp-content\/uploads\/2015\/04\/pm-11.jpg\"><img loading=\"lazy\" decoding=\"async\" width=\"640\" height=\"480\" data-id=\"83492\" src=\"https:\/\/centcols.org\/wp-content\/uploads\/2015\/04\/pm-11.jpg\" alt=\"\" class=\"wp-image-83492\"\/><\/a><\/figure>\n\n\n\n<figure class=\"wp-block-image size-large\"><a href=\"https:\/\/centcols.org\/wp-content\/uploads\/2015\/04\/pm-14.jpg\"><img loading=\"lazy\" decoding=\"async\" width=\"640\" height=\"480\" data-id=\"83493\" src=\"https:\/\/centcols.org\/wp-content\/uploads\/2015\/04\/pm-14.jpg\" alt=\"\" class=\"wp-image-83493\"\/><\/a><figcaption class=\"wp-element-caption\">Arrivo a Pas de Pommar\u00e8de <\/figcaption><\/figure>\n\n\n\n<figure class=\"wp-block-image size-large\"><a href=\"https:\/\/centcols.org\/wp-content\/uploads\/2015\/04\/pm-16.jpg\"><img loading=\"lazy\" decoding=\"async\" width=\"640\" height=\"480\" data-id=\"83494\" src=\"https:\/\/centcols.org\/wp-content\/uploads\/2015\/04\/pm-16.jpg\" alt=\"\" class=\"wp-image-83494\"\/><\/a><\/figure>\n\n\n\n<figure class=\"wp-block-image size-large\"><a href=\"https:\/\/centcols.org\/wp-content\/uploads\/2015\/04\/pm-17.jpg\"><img loading=\"lazy\" decoding=\"async\" width=\"640\" height=\"480\" data-id=\"83495\" src=\"https:\/\/centcols.org\/wp-content\/uploads\/2015\/04\/pm-17.jpg\" alt=\"\" class=\"wp-image-83495\"\/><\/a><figcaption class=\"wp-element-caption\">Le Pas de Sauze<\/figcaption><\/figure>\n\n\n\n<figure class=\"wp-block-image size-large\"><a href=\"https:\/\/centcols.org\/wp-content\/uploads\/2015\/04\/pm-18.jpg\"><img loading=\"lazy\" decoding=\"async\" width=\"640\" height=\"480\" data-id=\"83496\" src=\"https:\/\/centcols.org\/wp-content\/uploads\/2015\/04\/pm-18.jpg\" alt=\"\" class=\"wp-image-83496\"\/><\/a><\/figure>\n\n\n\n<figure class=\"wp-block-image size-large\"><a href=\"https:\/\/centcols.org\/wp-content\/uploads\/2015\/04\/pm-19.jpg\"><img loading=\"lazy\" decoding=\"async\" width=\"640\" height=\"480\" data-id=\"83497\" src=\"https:\/\/centcols.org\/wp-content\/uploads\/2015\/04\/pm-19.jpg\" alt=\"\" class=\"wp-image-83497\"\/><\/a><\/figure>\n\n\n\n<figure class=\"wp-block-image size-large\"><a href=\"https:\/\/centcols.org\/wp-content\/uploads\/2015\/04\/pm-20.jpg\"><img loading=\"lazy\" decoding=\"async\" width=\"640\" height=\"480\" data-id=\"83498\" src=\"https:\/\/centcols.org\/wp-content\/uploads\/2015\/04\/pm-20.jpg\" alt=\"\" class=\"wp-image-83498\"\/><\/a><\/figure>\n<\/figure>\n\n\n\n<h4 class=\"wp-block-heading\">L'album di Francine e Claude Mabillot<\/h4>\n\n\n\n<figure class=\"wp-block-gallery has-nested-images columns-default is-cropped wp-block-gallery-7 is-layout-flex wp-block-gallery-is-layout-flex\">\n<figure class=\"wp-block-image size-large\"><a href=\"https:\/\/centcols.org\/wp-content\/uploads\/2015\/04\/tcf100.jpg\"><img loading=\"lazy\" decoding=\"async\" width=\"640\" height=\"480\" data-id=\"83514\" src=\"https:\/\/centcols.org\/wp-content\/uploads\/2015\/04\/tcf100.jpg\" alt=\"\" class=\"wp-image-83514\"\/><\/a><figcaption class=\"wp-element-caption\">Bicicletta da strada o mountain bike, la scelta \u00e8 vostra<\/figcaption><\/figure>\n\n\n\n<figure class=\"wp-block-image size-large\"><a href=\"https:\/\/centcols.org\/wp-content\/uploads\/2015\/04\/tcf101.jpg\"><img loading=\"lazy\" decoding=\"async\" width=\"640\" height=\"480\" data-id=\"83515\" src=\"https:\/\/centcols.org\/wp-content\/uploads\/2015\/04\/tcf101.jpg\" alt=\"\" class=\"wp-image-83515\"\/><\/a><\/figure>\n\n\n\n<figure class=\"wp-block-image size-large\"><a href=\"https:\/\/centcols.org\/wp-content\/uploads\/2015\/04\/tcf116-1.jpg\"><img loading=\"lazy\" decoding=\"async\" width=\"640\" height=\"480\" data-id=\"83543\" src=\"https:\/\/centcols.org\/wp-content\/uploads\/2015\/04\/tcf116-1.jpg\" alt=\"\" class=\"wp-image-83543\"\/><\/a><figcaption class=\"wp-element-caption\">Au Pas de P\u00e9rilhac<\/figcaption><\/figure>\n\n\n\n<figure class=\"wp-block-image size-large\"><a href=\"https:\/\/centcols.org\/wp-content\/uploads\/2015\/04\/tcf102.jpg\"><img loading=\"lazy\" decoding=\"async\" width=\"640\" height=\"480\" data-id=\"83516\" src=\"https:\/\/centcols.org\/wp-content\/uploads\/2015\/04\/tcf102.jpg\" alt=\"\" class=\"wp-image-83516\"\/><\/a><\/figure>\n\n\n\n<figure class=\"wp-block-image size-large\"><a href=\"https:\/\/centcols.org\/wp-content\/uploads\/2015\/04\/tcf103.jpg\"><img loading=\"lazy\" decoding=\"async\" width=\"640\" height=\"480\" data-id=\"83517\" src=\"https:\/\/centcols.org\/wp-content\/uploads\/2015\/04\/tcf103.jpg\" alt=\"\" class=\"wp-image-83517\"\/><\/a><\/figure>\n\n\n\n<figure class=\"wp-block-image size-large\"><a href=\"https:\/\/centcols.org\/wp-content\/uploads\/2015\/04\/tcf104.jpg\"><img loading=\"lazy\" decoding=\"async\" width=\"640\" height=\"480\" data-id=\"83518\" src=\"https:\/\/centcols.org\/wp-content\/uploads\/2015\/04\/tcf104.jpg\" alt=\"\" class=\"wp-image-83518\"\/><\/a><\/figure>\n\n\n\n<figure class=\"wp-block-image size-large\"><a href=\"https:\/\/centcols.org\/wp-content\/uploads\/2015\/04\/tcf105.jpg\"><img loading=\"lazy\" decoding=\"async\" width=\"640\" height=\"480\" data-id=\"83519\" src=\"https:\/\/centcols.org\/wp-content\/uploads\/2015\/04\/tcf105.jpg\" alt=\"\" class=\"wp-image-83519\"\/><\/a><\/figure>\n\n\n\n<figure class=\"wp-block-image size-large\"><a href=\"https:\/\/centcols.org\/wp-content\/uploads\/2015\/04\/tcf107.jpg\"><img loading=\"lazy\" decoding=\"async\" width=\"640\" height=\"480\" data-id=\"83520\" src=\"https:\/\/centcols.org\/wp-content\/uploads\/2015\/04\/tcf107.jpg\" alt=\"\" class=\"wp-image-83520\"\/><\/a><\/figure>\n\n\n\n<figure class=\"wp-block-image size-large\"><a href=\"https:\/\/centcols.org\/wp-content\/uploads\/2015\/04\/tcf116.jpg\"><img loading=\"lazy\" decoding=\"async\" width=\"640\" height=\"480\" data-id=\"83528\" src=\"https:\/\/centcols.org\/wp-content\/uploads\/2015\/04\/tcf116.jpg\" alt=\"\" class=\"wp-image-83528\"\/><\/a><\/figure>\n\n\n\n<figure class=\"wp-block-image size-large\"><a href=\"https:\/\/centcols.org\/wp-content\/uploads\/2015\/04\/tcf108.jpg\"><img loading=\"lazy\" decoding=\"async\" width=\"640\" height=\"480\" data-id=\"83521\" src=\"https:\/\/centcols.org\/wp-content\/uploads\/2015\/04\/tcf108.jpg\" alt=\"\" class=\"wp-image-83521\"\/><\/a><\/figure>\n\n\n\n<figure class=\"wp-block-image size-large\"><a href=\"https:\/\/centcols.org\/wp-content\/uploads\/2015\/04\/tcf109.jpg\"><img loading=\"lazy\" decoding=\"async\" width=\"640\" height=\"480\" data-id=\"83522\" src=\"https:\/\/centcols.org\/wp-content\/uploads\/2015\/04\/tcf109.jpg\" alt=\"\" class=\"wp-image-83522\"\/><\/a><\/figure>\n\n\n\n<figure class=\"wp-block-image size-large\"><a href=\"https:\/\/centcols.org\/wp-content\/uploads\/2015\/04\/tcf110.jpg\"><img loading=\"lazy\" decoding=\"async\" width=\"640\" height=\"480\" data-id=\"83523\" src=\"https:\/\/centcols.org\/wp-content\/uploads\/2015\/04\/tcf110.jpg\" alt=\"\" class=\"wp-image-83523\"\/><\/a><\/figure>\n\n\n\n<figure class=\"wp-block-image size-large\"><a href=\"https:\/\/centcols.org\/wp-content\/uploads\/2015\/04\/tcf111.jpg\"><img loading=\"lazy\" decoding=\"async\" width=\"640\" height=\"480\" data-id=\"83524\" src=\"https:\/\/centcols.org\/wp-content\/uploads\/2015\/04\/tcf111.jpg\" alt=\"\" class=\"wp-image-83524\"\/><\/a><\/figure>\n\n\n\n<figure class=\"wp-block-image size-large\"><a href=\"https:\/\/centcols.org\/wp-content\/uploads\/2015\/04\/tcf112.jpg\"><img loading=\"lazy\" decoding=\"async\" width=\"640\" height=\"480\" data-id=\"83525\" src=\"https:\/\/centcols.org\/wp-content\/uploads\/2015\/04\/tcf112.jpg\" alt=\"\" class=\"wp-image-83525\"\/><\/a><\/figure>\n\n\n\n<figure class=\"wp-block-image size-large\"><a href=\"https:\/\/centcols.org\/wp-content\/uploads\/2015\/04\/tcf113.jpg\"><img loading=\"lazy\" decoding=\"async\" width=\"640\" height=\"480\" data-id=\"83526\" src=\"https:\/\/centcols.org\/wp-content\/uploads\/2015\/04\/tcf113.jpg\" alt=\"\" class=\"wp-image-83526\"\/><\/a><figcaption class=\"wp-element-caption\">Marcel Goll e il suo tandem<\/figcaption><\/figure>\n\n\n\n<figure class=\"wp-block-image size-large\"><a href=\"https:\/\/centcols.org\/wp-content\/uploads\/2015\/04\/tcf115.jpg\"><img loading=\"lazy\" decoding=\"async\" width=\"640\" height=\"480\" data-id=\"83527\" src=\"https:\/\/centcols.org\/wp-content\/uploads\/2015\/04\/tcf115.jpg\" alt=\"\" class=\"wp-image-83527\"\/><\/a><\/figure>\n\n\n\n<figure class=\"wp-block-image size-large\"><a href=\"https:\/\/centcols.org\/wp-content\/uploads\/2015\/04\/tcf117.jpg\"><img loading=\"lazy\" decoding=\"async\" width=\"640\" height=\"480\" data-id=\"83529\" src=\"https:\/\/centcols.org\/wp-content\/uploads\/2015\/04\/tcf117.jpg\" alt=\"\" class=\"wp-image-83529\"\/><\/a><figcaption class=\"wp-element-caption\">Le Pas del Riou<\/figcaption><\/figure>\n\n\n\n<figure class=\"wp-block-image size-large\"><a href=\"https:\/\/centcols.org\/wp-content\/uploads\/2015\/04\/tcf118.jpg\"><img loading=\"lazy\" decoding=\"async\" width=\"640\" height=\"480\" data-id=\"83530\" src=\"https:\/\/centcols.org\/wp-content\/uploads\/2015\/04\/tcf118.jpg\" alt=\"\" class=\"wp-image-83530\"\/><\/a><\/figure>\n\n\n\n<figure class=\"wp-block-image size-large\"><a href=\"https:\/\/centcols.org\/wp-content\/uploads\/2015\/04\/tcf119.jpg\"><img loading=\"lazy\" decoding=\"async\" width=\"640\" height=\"480\" data-id=\"83531\" src=\"https:\/\/centcols.org\/wp-content\/uploads\/2015\/04\/tcf119.jpg\" alt=\"\" class=\"wp-image-83531\"\/><\/a><\/figure>\n<\/figure>","protected":false},"excerpt":{"rendered":"<p>En for\u00eat de la Gr\u00e9signe avec le V\u00e9loce Club Montauban A l&rsquo;occasion des 130 ans du club, le V\u00e9loce Club Montalbanais est heureux d&rsquo;accueillir l&rsquo;Assembl\u00e9e G\u00e9n\u00e9rale 2007 du Club des Cent Cols, \u00e0 l&rsquo;or\u00e9e de la for\u00eat de la Gr\u00e9signe, \u00e0 l&rsquo;espace nature de Fontbonne ( http:\/\/www.fontbonne-tarn.com ), \u00e0 150 m du Pas de Cabal [&hellip;]<\/p>\n","protected":false},"author":3,"featured_media":83441,"comment_status":"closed","ping_status":"closed","sticky":false,"template":"","format":"standard","meta":{"_acf_changed":false,"footnotes":""},"categories":[217,135],"tags":[],"class_list":["post-81737","post","type-post","status-publish","format-standard","has-post-thumbnail","hentry","category-assemblees-generales","category-calendrier"],"acf":[],"yoast_head":"<!-- This site is optimized with the Yoast SEO plugin v27.2 - https:\/\/yoast.com\/product\/yoast-seo-wordpress\/ -->\n<title>Assembl\u00e9e g\u00e9n\u00e9rale des 1er et 2 d\u00e9cembre 2007 \u00e0 Fontbonne (Tarn) - Club des Cent Cols<\/title>\n<meta name=\"robots\" content=\"index, follow, max-snippet:-1, max-image-preview:large, max-video-preview:-1\" \/>\n<link rel=\"canonical\" href=\"https:\/\/centcols.org\/it\/assemblea-generale-l1-e-2-dicembre-2007-a-fontbonne-tarn\/\" \/>\n<meta property=\"og:locale\" content=\"it_IT\" \/>\n<meta property=\"og:type\" content=\"article\" \/>\n<meta property=\"og:title\" content=\"Assembl\u00e9e g\u00e9n\u00e9rale des 1er et 2 d\u00e9cembre 2007 \u00e0 Fontbonne (Tarn) - Club des Cent Cols\" \/>\n<meta property=\"og:description\" content=\"En for\u00eat de la Gr\u00e9signe avec le V\u00e9loce Club Montauban A l&rsquo;occasion des 130 ans du club, le V\u00e9loce Club Montalbanais est heureux d&rsquo;accueillir l&rsquo;Assembl\u00e9e G\u00e9n\u00e9rale 2007 du Club des Cent Cols, \u00e0 l&rsquo;or\u00e9e de la for\u00eat de la Gr\u00e9signe, \u00e0 l&rsquo;espace nature de Fontbonne ( http:\/\/www.fontbonne-tarn.com ), \u00e0 150 m du Pas de Cabal [&hellip;]\" \/>\n<meta property=\"og:url\" content=\"https:\/\/centcols.org\/it\/assemblea-generale-l1-e-2-dicembre-2007-a-fontbonne-tarn\/\" \/>\n<meta property=\"og:site_name\" content=\"Club des Cent Cols\" \/>\n<meta property=\"article:publisher\" content=\"https:\/\/www.facebook.com\/groups\/5261880558\/?locale=fr_FR\" \/>\n<meta property=\"article:published_time\" content=\"2015-04-15T07:57:24+00:00\" \/>\n<meta property=\"article:modified_time\" content=\"2025-11-06T02:36:14+00:00\" \/>\n<meta property=\"og:image\" content=\"https:\/\/centcols.org\/wp-content\/uploads\/2015\/04\/ml_01.jpg\" \/>\n\t<meta property=\"og:image:width\" content=\"640\" \/>\n\t<meta property=\"og:image:height\" content=\"480\" \/>\n\t<meta property=\"og:image:type\" content=\"image\/jpeg\" \/>\n<meta name=\"author\" content=\"Webmestre\" \/>\n<meta name=\"twitter:card\" content=\"summary_large_image\" \/>\n<meta name=\"twitter:label1\" content=\"Scritto da\" \/>\n\t<meta name=\"twitter:data1\" content=\"Webmestre\" \/>\n\t<meta name=\"twitter:label2\" content=\"Tempo di lettura stimato\" \/>\n\t<meta name=\"twitter:data2\" content=\"23 minuti\" \/>\n<script type=\"application\/ld+json\" class=\"yoast-schema-graph\">{\"@context\":\"https:\/\/schema.org\",\"@graph\":[{\"@type\":\"Article\",\"@id\":\"https:\/\/centcols.org\/assemblee-generale-des-1er-et-2-decembre-2007-a-fontbonne-tarn\/#article\",\"isPartOf\":{\"@id\":\"https:\/\/centcols.org\/assemblee-generale-des-1er-et-2-decembre-2007-a-fontbonne-tarn\/\"},\"author\":{\"name\":\"Webmestre\",\"@id\":\"https:\/\/centcols.org\/#\/schema\/person\/911b404fb133d8c913dd27cdcf71c8e5\"},\"headline\":\"Assembl\u00e9e g\u00e9n\u00e9rale des 1er et 2 d\u00e9cembre 2007 \u00e0 Fontbonne (Tarn)\",\"datePublished\":\"2015-04-15T07:57:24+00:00\",\"dateModified\":\"2025-11-06T02:36:14+00:00\",\"mainEntityOfPage\":{\"@id\":\"https:\/\/centcols.org\/assemblee-generale-des-1er-et-2-decembre-2007-a-fontbonne-tarn\/\"},\"wordCount\":890,\"publisher\":{\"@id\":\"https:\/\/centcols.org\/#organization\"},\"image\":{\"@id\":\"https:\/\/centcols.org\/assemblee-generale-des-1er-et-2-decembre-2007-a-fontbonne-tarn\/#primaryimage\"},\"thumbnailUrl\":\"https:\/\/centcols.org\/wp-content\/uploads\/2015\/04\/ml_01.jpg\",\"articleSection\":[\"Assembl\u00e9es g\u00e9n\u00e9rales\",\"Calendrier\"],\"inLanguage\":\"it-IT\"},{\"@type\":\"WebPage\",\"@id\":\"https:\/\/centcols.org\/assemblee-generale-des-1er-et-2-decembre-2007-a-fontbonne-tarn\/\",\"url\":\"https:\/\/centcols.org\/assemblee-generale-des-1er-et-2-decembre-2007-a-fontbonne-tarn\/\",\"name\":\"Assembl\u00e9e g\u00e9n\u00e9rale des 1er et 2 d\u00e9cembre 2007 \u00e0 Fontbonne (Tarn) - Club des Cent Cols\",\"isPartOf\":{\"@id\":\"https:\/\/centcols.org\/#website\"},\"primaryImageOfPage\":{\"@id\":\"https:\/\/centcols.org\/assemblee-generale-des-1er-et-2-decembre-2007-a-fontbonne-tarn\/#primaryimage\"},\"image\":{\"@id\":\"https:\/\/centcols.org\/assemblee-generale-des-1er-et-2-decembre-2007-a-fontbonne-tarn\/#primaryimage\"},\"thumbnailUrl\":\"https:\/\/centcols.org\/wp-content\/uploads\/2015\/04\/ml_01.jpg\",\"datePublished\":\"2015-04-15T07:57:24+00:00\",\"dateModified\":\"2025-11-06T02:36:14+00:00\",\"breadcrumb\":{\"@id\":\"https:\/\/centcols.org\/assemblee-generale-des-1er-et-2-decembre-2007-a-fontbonne-tarn\/#breadcrumb\"},\"inLanguage\":\"it-IT\",\"potentialAction\":[{\"@type\":\"ReadAction\",\"target\":[\"https:\/\/centcols.org\/assemblee-generale-des-1er-et-2-decembre-2007-a-fontbonne-tarn\/\"]}]},{\"@type\":\"ImageObject\",\"inLanguage\":\"it-IT\",\"@id\":\"https:\/\/centcols.org\/assemblee-generale-des-1er-et-2-decembre-2007-a-fontbonne-tarn\/#primaryimage\",\"url\":\"https:\/\/centcols.org\/wp-content\/uploads\/2015\/04\/ml_01.jpg\",\"contentUrl\":\"https:\/\/centcols.org\/wp-content\/uploads\/2015\/04\/ml_01.jpg\",\"width\":640,\"height\":480,\"caption\":\"Le centre de Fontbonne sous un ciel maussade\"},{\"@type\":\"BreadcrumbList\",\"@id\":\"https:\/\/centcols.org\/assemblee-generale-des-1er-et-2-decembre-2007-a-fontbonne-tarn\/#breadcrumb\",\"itemListElement\":[{\"@type\":\"ListItem\",\"position\":1,\"name\":\"Accueil\",\"item\":\"https:\/\/centcols.org\/\"},{\"@type\":\"ListItem\",\"position\":2,\"name\":\"Assembl\u00e9es g\u00e9n\u00e9rales\",\"item\":\"https:\/\/centcols.org\/rubrique\/assemblees-generales\/\"},{\"@type\":\"ListItem\",\"position\":3,\"name\":\"Assembl\u00e9e g\u00e9n\u00e9rale des 1er et 2 d\u00e9cembre 2007 \u00e0 Fontbonne (Tarn)\"}]},{\"@type\":\"WebSite\",\"@id\":\"https:\/\/centcols.org\/#website\",\"url\":\"https:\/\/centcols.org\/\",\"name\":\"Club des Cent Cols\",\"description\":\"\",\"publisher\":{\"@id\":\"https:\/\/centcols.org\/#organization\"},\"potentialAction\":[{\"@type\":\"SearchAction\",\"target\":{\"@type\":\"EntryPoint\",\"urlTemplate\":\"https:\/\/centcols.org\/?s={search_term_string}\"},\"query-input\":{\"@type\":\"PropertyValueSpecification\",\"valueRequired\":true,\"valueName\":\"search_term_string\"}}],\"inLanguage\":\"it-IT\"},{\"@type\":\"Organization\",\"@id\":\"https:\/\/centcols.org\/#organization\",\"name\":\"Club des Cent Cols\",\"url\":\"https:\/\/centcols.org\/\",\"logo\":{\"@type\":\"ImageObject\",\"inLanguage\":\"it-IT\",\"@id\":\"https:\/\/centcols.org\/#\/schema\/logo\/image\/\",\"url\":\"https:\/\/centcols.org\/wp-content\/uploads\/2025\/01\/carte-icone.png\",\"contentUrl\":\"https:\/\/centcols.org\/wp-content\/uploads\/2025\/01\/carte-icone.png\",\"width\":250,\"height\":250,\"caption\":\"Club des Cent Cols\"},\"image\":{\"@id\":\"https:\/\/centcols.org\/#\/schema\/logo\/image\/\"},\"sameAs\":[\"https:\/\/www.facebook.com\/groups\/5261880558\/?locale=fr_FR\"]},{\"@type\":\"Person\",\"@id\":\"https:\/\/centcols.org\/#\/schema\/person\/911b404fb133d8c913dd27cdcf71c8e5\",\"name\":\"Webmestre\",\"image\":{\"@type\":\"ImageObject\",\"inLanguage\":\"it-IT\",\"@id\":\"https:\/\/centcols.org\/wp-content\/litespeed\/avatar\/2d246e4b6b4f773e08515e1ffc53690b.jpg?ver=1777222892\",\"url\":\"https:\/\/centcols.org\/wp-content\/litespeed\/avatar\/2d246e4b6b4f773e08515e1ffc53690b.jpg?ver=1777222892\",\"contentUrl\":\"https:\/\/centcols.org\/wp-content\/litespeed\/avatar\/2d246e4b6b4f773e08515e1ffc53690b.jpg?ver=1777222892\",\"caption\":\"Webmestre\"},\"url\":\"https:\/\/centcols.org\/it\/author\/webmestre\/\"}]}<\/script>\n<!-- \/ Yoast SEO plugin. -->","yoast_head_json":{"title":"Assemblea generale dell'1 e 2 dicembre 2007 a Fontbonne (Tarn) - Club des Cent Cols","robots":{"index":"index","follow":"follow","max-snippet":"max-snippet:-1","max-image-preview":"max-image-preview:large","max-video-preview":"max-video-preview:-1"},"canonical":"https:\/\/centcols.org\/it\/assemblea-generale-l1-e-2-dicembre-2007-a-fontbonne-tarn\/","og_locale":"it_IT","og_type":"article","og_title":"Assembl\u00e9e g\u00e9n\u00e9rale des 1er et 2 d\u00e9cembre 2007 \u00e0 Fontbonne (Tarn) - Club des Cent Cols","og_description":"En for\u00eat de la Gr\u00e9signe avec le V\u00e9loce Club Montauban A l&rsquo;occasion des 130 ans du club, le V\u00e9loce Club Montalbanais est heureux d&rsquo;accueillir l&rsquo;Assembl\u00e9e G\u00e9n\u00e9rale 2007 du Club des Cent Cols, \u00e0 l&rsquo;or\u00e9e de la for\u00eat de la Gr\u00e9signe, \u00e0 l&rsquo;espace nature de Fontbonne ( http:\/\/www.fontbonne-tarn.com ), \u00e0 150 m du Pas de Cabal [&hellip;]","og_url":"https:\/\/centcols.org\/it\/assemblea-generale-l1-e-2-dicembre-2007-a-fontbonne-tarn\/","og_site_name":"Club des Cent Cols","article_publisher":"https:\/\/www.facebook.com\/groups\/5261880558\/?locale=fr_FR","article_published_time":"2015-04-15T07:57:24+00:00","article_modified_time":"2025-11-06T02:36:14+00:00","og_image":[{"width":640,"height":480,"url":"https:\/\/centcols.org\/wp-content\/uploads\/2015\/04\/ml_01.jpg","type":"image\/jpeg"}],"author":"Webmestre","twitter_card":"summary_large_image","twitter_misc":{"Scritto da":"Webmestre","Tempo di lettura stimato":"23 minuti"},"schema":{"@context":"https:\/\/schema.org","@graph":[{"@type":"Article","@id":"https:\/\/centcols.org\/assemblee-generale-des-1er-et-2-decembre-2007-a-fontbonne-tarn\/#article","isPartOf":{"@id":"https:\/\/centcols.org\/assemblee-generale-des-1er-et-2-decembre-2007-a-fontbonne-tarn\/"},"author":{"name":"Webmestre","@id":"https:\/\/centcols.org\/#\/schema\/person\/911b404fb133d8c913dd27cdcf71c8e5"},"headline":"Assembl\u00e9e g\u00e9n\u00e9rale des 1er et 2 d\u00e9cembre 2007 \u00e0 Fontbonne (Tarn)","datePublished":"2015-04-15T07:57:24+00:00","dateModified":"2025-11-06T02:36:14+00:00","mainEntityOfPage":{"@id":"https:\/\/centcols.org\/assemblee-generale-des-1er-et-2-decembre-2007-a-fontbonne-tarn\/"},"wordCount":890,"publisher":{"@id":"https:\/\/centcols.org\/#organization"},"image":{"@id":"https:\/\/centcols.org\/assemblee-generale-des-1er-et-2-decembre-2007-a-fontbonne-tarn\/#primaryimage"},"thumbnailUrl":"https:\/\/centcols.org\/wp-content\/uploads\/2015\/04\/ml_01.jpg","articleSection":["Assembl\u00e9es g\u00e9n\u00e9rales","Calendrier"],"inLanguage":"it-IT"},{"@type":"WebPage","@id":"https:\/\/centcols.org\/assemblee-generale-des-1er-et-2-decembre-2007-a-fontbonne-tarn\/","url":"https:\/\/centcols.org\/assemblee-generale-des-1er-et-2-decembre-2007-a-fontbonne-tarn\/","name":"Assemblea generale dell'1 e 2 dicembre 2007 a Fontbonne (Tarn) - Club des Cent Cols","isPartOf":{"@id":"https:\/\/centcols.org\/#website"},"primaryImageOfPage":{"@id":"https:\/\/centcols.org\/assemblee-generale-des-1er-et-2-decembre-2007-a-fontbonne-tarn\/#primaryimage"},"image":{"@id":"https:\/\/centcols.org\/assemblee-generale-des-1er-et-2-decembre-2007-a-fontbonne-tarn\/#primaryimage"},"thumbnailUrl":"https:\/\/centcols.org\/wp-content\/uploads\/2015\/04\/ml_01.jpg","datePublished":"2015-04-15T07:57:24+00:00","dateModified":"2025-11-06T02:36:14+00:00","breadcrumb":{"@id":"https:\/\/centcols.org\/assemblee-generale-des-1er-et-2-decembre-2007-a-fontbonne-tarn\/#breadcrumb"},"inLanguage":"it-IT","potentialAction":[{"@type":"ReadAction","target":["https:\/\/centcols.org\/assemblee-generale-des-1er-et-2-decembre-2007-a-fontbonne-tarn\/"]}]},{"@type":"ImageObject","inLanguage":"it-IT","@id":"https:\/\/centcols.org\/assemblee-generale-des-1er-et-2-decembre-2007-a-fontbonne-tarn\/#primaryimage","url":"https:\/\/centcols.org\/wp-content\/uploads\/2015\/04\/ml_01.jpg","contentUrl":"https:\/\/centcols.org\/wp-content\/uploads\/2015\/04\/ml_01.jpg","width":640,"height":480,"caption":"Le centre de Fontbonne sous un ciel maussade"},{"@type":"BreadcrumbList","@id":"https:\/\/centcols.org\/assemblee-generale-des-1er-et-2-decembre-2007-a-fontbonne-tarn\/#breadcrumb","itemListElement":[{"@type":"ListItem","position":1,"name":"Accueil","item":"https:\/\/centcols.org\/"},{"@type":"ListItem","position":2,"name":"Assembl\u00e9es g\u00e9n\u00e9rales","item":"https:\/\/centcols.org\/rubrique\/assemblees-generales\/"},{"@type":"ListItem","position":3,"name":"Assembl\u00e9e g\u00e9n\u00e9rale des 1er et 2 d\u00e9cembre 2007 \u00e0 Fontbonne (Tarn)"}]},{"@type":"WebSite","@id":"https:\/\/centcols.org\/#website","url":"https:\/\/centcols.org\/","name":"Club des Cent Cols","description":"","publisher":{"@id":"https:\/\/centcols.org\/#organization"},"potentialAction":[{"@type":"SearchAction","target":{"@type":"EntryPoint","urlTemplate":"https:\/\/centcols.org\/?s={search_term_string}"},"query-input":{"@type":"PropertyValueSpecification","valueRequired":true,"valueName":"search_term_string"}}],"inLanguage":"it-IT"},{"@type":"Organization","@id":"https:\/\/centcols.org\/#organization","name":"Club des Cent Cols","url":"https:\/\/centcols.org\/","logo":{"@type":"ImageObject","inLanguage":"it-IT","@id":"https:\/\/centcols.org\/#\/schema\/logo\/image\/","url":"https:\/\/centcols.org\/wp-content\/uploads\/2025\/01\/carte-icone.png","contentUrl":"https:\/\/centcols.org\/wp-content\/uploads\/2025\/01\/carte-icone.png","width":250,"height":250,"caption":"Club des Cent Cols"},"image":{"@id":"https:\/\/centcols.org\/#\/schema\/logo\/image\/"},"sameAs":["https:\/\/www.facebook.com\/groups\/5261880558\/?locale=fr_FR"]},{"@type":"Person","@id":"https:\/\/centcols.org\/#\/schema\/person\/911b404fb133d8c913dd27cdcf71c8e5","name":"Webmaster","image":{"@type":"ImageObject","inLanguage":"it-IT","@id":"https:\/\/centcols.org\/wp-content\/litespeed\/avatar\/2d246e4b6b4f773e08515e1ffc53690b.jpg?ver=1777222892","url":"https:\/\/centcols.org\/wp-content\/litespeed\/avatar\/2d246e4b6b4f773e08515e1ffc53690b.jpg?ver=1777222892","contentUrl":"https:\/\/centcols.org\/wp-content\/litespeed\/avatar\/2d246e4b6b4f773e08515e1ffc53690b.jpg?ver=1777222892","caption":"Webmestre"},"url":"https:\/\/centcols.org\/it\/author\/webmestre\/"}]}},"_links":{"self":[{"href":"https:\/\/centcols.org\/it\/wp-json\/wp\/v2\/posts\/81737","targetHints":{"allow":["GET"]}}],"collection":[{"href":"https:\/\/centcols.org\/it\/wp-json\/wp\/v2\/posts"}],"about":[{"href":"https:\/\/centcols.org\/it\/wp-json\/wp\/v2\/types\/post"}],"author":[{"embeddable":true,"href":"https:\/\/centcols.org\/it\/wp-json\/wp\/v2\/users\/3"}],"replies":[{"embeddable":true,"href":"https:\/\/centcols.org\/it\/wp-json\/wp\/v2\/comments?post=81737"}],"version-history":[{"count":0,"href":"https:\/\/centcols.org\/it\/wp-json\/wp\/v2\/posts\/81737\/revisions"}],"wp:featuredmedia":[{"embeddable":true,"href":"https:\/\/centcols.org\/it\/wp-json\/wp\/v2\/media\/83441"}],"wp:attachment":[{"href":"https:\/\/centcols.org\/it\/wp-json\/wp\/v2\/media?parent=81737"}],"wp:term":[{"taxonomy":"category","embeddable":true,"href":"https:\/\/centcols.org\/it\/wp-json\/wp\/v2\/categories?post=81737"},{"taxonomy":"post_tag","embeddable":true,"href":"https:\/\/centcols.org\/it\/wp-json\/wp\/v2\/tags?post=81737"}],"curies":[{"name":"wp","href":"https:\/\/api.w.org\/{rel}","templated":true}]}}