{"id":81754,"date":"2015-04-15T15:02:53","date_gmt":"2015-04-15T13:02:53","guid":{"rendered":"https:\/\/centcols.org\/assemblee-generale-du-club-des-cent-cols-a-parent-puy-de-dome-les-27-et-28-novembre-2010\/"},"modified":"2025-11-06T04:59:48","modified_gmt":"2025-11-06T02:59:48","slug":"assemblea-generale-del-club-cent-cols-di-parent-puy-de-dome-il-27-e-28-novembre-2010","status":"publish","type":"post","link":"https:\/\/centcols.org\/it\/assemblee-generale-du-club-des-cent-cols-a-parent-puy-de-dome-les-27-et-28-novembre-2010\/","title":{"rendered":"Assemblea generale del Club des Cent Cols a Parent (Puy-de-D\u00f4me) il 27 e 28 novembre 2010"},"content":{"rendered":"<div class=\"wp-block-image\">\n<figure class=\"aligncenter size-full\"><img loading=\"lazy\" decoding=\"async\" width=\"774\" height=\"143\" src=\"https:\/\/centcols.org\/wp-content\/uploads\/2025\/06\/puys21.jpg\" alt=\"\" class=\"wp-image-83372\" srcset=\"https:\/\/centcols.org\/wp-content\/uploads\/2025\/06\/puys21.jpg 774w, https:\/\/centcols.org\/wp-content\/uploads\/2025\/06\/puys21-768x142.jpg 768w\" sizes=\"auto, (max-width: 774px) 100vw, 774px\" \/><\/figure>\n<\/div>\n\n\n<div style=\"height:50px\" aria-hidden=\"true\" class=\"wp-block-spacer\"><\/div>\n\n\n<div class=\"wp-block-image\">\n<figure class=\"aligncenter size-full\"><img loading=\"lazy\" decoding=\"async\" width=\"150\" height=\"167\" src=\"https:\/\/centcols.org\/wp-content\/uploads\/2025\/06\/blason631.png\" alt=\"\" class=\"wp-image-83375\"\/><\/figure>\n<\/div>\n\n\n<p><strong>L'Amicale Cyclo Clermontoise vi invita all'Assemblea generale 2010 del Club des Cent Cols a Parent, nella Val d'Allier. L'alloggio e la ristorazione saranno forniti dal Village de Vacances de Parent, partner storico della FFCT, che si \u00e8 trasferito da VAL a VVF.<\/strong><\/p>\n\n\n\n<p>Ultimo grande fiume selvaggio d'Europa, dalla sorgente delle C\u00e9vennes nella Loz\u00e8re alla confluenza con la Loira al Bec d'Allier nella regione del Nivernais, l'Allier costituisce la spina dorsale dell'Alvernia.<\/p>\n\n\n\n<p>La sua valle separa l'altopiano del Dev\u00e8s dalle montagne della Margeride, la catena del Puys dalle montagne del Livradois e le Combrailles dalle montagne della Madeleine. Il suo corso bagna i limagne di Brioude, Issoire e Riom, simboleggiati dalle tre lingue sullo stemma tradizionale della Provincia d'Alvernia.<\/p>\n\n\n\n<p>Claude BENISTRAND<br>CC n. 284<\/p>\n\n\n\n<h2 class=\"wp-block-heading\">Programma<\/h2>\n\n\n\n<p>La reception sar\u00e0 aperta dal venerd\u00ec sera per coloro che hanno fatto un lungo viaggio per portare le loro moto il sabato mattina. Il sabato pomeriggio sar\u00e0 dedicato al raduno vero e proprio, seguito da un pranzo di festa.<\/p>\n\n\n\n<p>Il programma della domenica mattina prevede un'uscita in bici da corsa, un'uscita in mountain bike o una passeggiata guidata con visita a una cantina, prima del pranzo di chiusura a mezzogiorno.<\/p>\n\n\n\n<figure class=\"wp-block-gallery has-nested-images columns-default is-cropped wp-block-gallery-1 is-layout-flex wp-block-gallery-is-layout-flex\">\n<figure class=\"wp-block-image size-large\"><img loading=\"lazy\" decoding=\"async\" width=\"300\" height=\"225\" data-id=\"83373\" src=\"https:\/\/centcols.org\/wp-content\/uploads\/2025\/06\/vvf1.jpg\" alt=\"\" class=\"wp-image-83373\"\/><\/figure>\n\n\n\n<figure class=\"wp-block-image size-large\"><img loading=\"lazy\" decoding=\"async\" width=\"300\" height=\"225\" data-id=\"83374\" src=\"https:\/\/centcols.org\/wp-content\/uploads\/2025\/06\/billom1.jpg\" alt=\"\" class=\"wp-image-83374\"\/><\/figure>\n\n\n\n<figure class=\"wp-block-image size-large\"><img loading=\"lazy\" decoding=\"async\" width=\"300\" height=\"225\" data-id=\"83376\" src=\"https:\/\/centcols.org\/wp-content\/uploads\/2025\/06\/colorado1.jpg\" alt=\"\" class=\"wp-image-83376\"\/><\/figure>\n<\/figure>\n\n\n\n<h2 class=\"wp-block-heading\">I percorsi<\/h2>\n\n\n\n<p>I percorsi si svilupperanno lungo entrambe le sponde dell'Allier. I circuiti su strada avranno una lunghezza di circa 60 km, mentre quelli per mountain bike saranno adatti a una mezza giornata.<\/p>\n\n\n\n<ul class=\"wp-block-list\">\n<li>Riva destra: il circuito dei castelli: Yronde-et-Buron, Saint-Babel, Chauriat, Mezel, Buss\u00e9ol, passando per la capitale dell'aglio, la citt\u00e0 medievale di Billom e Vic-le-Comte, antica capitale dei conti d'Alvernia. Su questo percorso si trovano tre passi: la Croix des Gardes, Potey e Jallat.<\/li>\n\n\n\n<li>Riva sinistra: il sentiero dell'oppida: tre salite alla scoperta di tre siti d'alta quota dove gli scavi archeologici hanno portato alla luce un oppidum gallico: Corent, Gondole e il pi\u00f9 noto Gergovie, il punto pi\u00f9 alto del percorso con i suoi 717 m, sulle cui pendici si trova l'unico valico dell'itinerario: il Col des Goules (FR-63-698). Sulla via del ritorno, il percorso attraversa i villaggi vinicoli di Veyre-Monton, La Sauvetat, Authezat e il villaggio di Montpeyroux, caratterizzato da una torre e da edifici arcaici.<\/li>\n\n\n\n<li>Passeggiata guidata della domenica mattina: programmate di raggiungere in auto il villaggio di Boudes, nel Lembronnais. Una passeggiata di 2 ore (portatevi le scarpe da trekking) vi permetter\u00e0 di scoprire il \u00abColorado auvergnat\u00bb: la Vall\u00e9e des Saints, fatta di camini fatati scolpiti nell'argilla rossa lateritica. Sulla via del ritorno, visitate una cantina a Boudes.<\/li>\n<\/ul>\n\n\n\n<h2 class=\"wp-block-heading\">Tour<\/h2>\n\n\n\n<p>Sabato 27 e domenica 28 novembre sono in programma due circuiti per bici da strada e mountain bike, numerati R1, R2, V1 e V2. Tutti i percorsi partono dal Capogruppo VVF e si svolgono in senso antiorario.<\/p>\n\n\n\n<h3 class=\"wp-block-heading\">Percorsi stradali<\/h3>\n\n\n\n<p>(Cliccare sul nome del tour per i dettagli)<\/p>\n\n\n\n<h4 class=\"wp-block-heading\">Sabato 27 novembre<\/h4>\n\n\n\n<p><a class=\"iframe-fancybox\" href=\"https:\/\/centcols.org\/it\/les_rendez-vous\/2010\/Parent\/circuit.php\/?id=R1\" target=\"_blank\" rel=\"noopener\">Tour dei castelli<\/a><\/p>\n\n\n\n<p>Distanza: 69 km<br>Dislivello: 1.000 m<br>Partenza: Capogruppo VVF alle ore 8.30.<\/p>\n\n\n\n<ol class=\"wp-block-list\">\n<li><a class=\"iframe-fancybox\" href=\"https:\/\/centcols.org\/it\/util\/geo\/visuGP.php\/?c=63065400\" target=\"_blank\" rel=\"noopener\">FR-63-0654<\/a> Col de la Croix des Gardes<\/li>\n\n\n\n<li><a class=\"iframe-fancybox\" href=\"https:\/\/centcols.org\/it\/util\/geo\/visuGP.php\/?c=63058300\" target=\"_blank\" rel=\"noopener\">FR-63-0583<\/a> Col de Potey<\/li>\n\n\n\n<li><a class=\"iframe-fancybox\" href=\"https:\/\/centcols.org\/it\/util\/geo\/visuGP.php\/?c=63049900\" target=\"_blank\" rel=\"noopener\">FR-63-0499<\/a> Col de Jallat<\/li>\n<\/ol>\n\n\n\n<h4 class=\"wp-block-heading\">Domenica 28 novembre<\/h4>\n\n\n\n<p><a class=\"iframe-fancybox\" href=\"https:\/\/centcols.org\/it\/les_rendez-vous\/2010\/Parent\/circuit.php\/?id=R2\" target=\"_blank\" rel=\"noopener\">Il circuito di Oppida<\/a><\/p>\n\n\n\n<p>Distanza: 55 km<br>Dislivello: 970 m<br>Partenza: Capogruppo VVF alle ore 8.30.<\/p>\n\n\n\n<ol class=\"wp-block-list\">\n<li><a class=\"iframe-fancybox\" href=\"https:\/\/centcols.org\/it\/util\/geo\/visuGP.php\/?c=63069800\" target=\"_blank\" rel=\"noopener\">FR-63-0698<\/a> Col des Goules<\/li>\n<\/ol>\n\n\n\n<h3 class=\"wp-block-heading\">Percorsi per mountain bike<\/h3>\n\n\n\n<p>(Cliccare sul nome del tour per i dettagli)<\/p>\n\n\n\n<h4 class=\"wp-block-heading\">Sabato 27 novembre<\/h4>\n\n\n\n<p><a class=\"iframe-fancybox\" href=\"https:\/\/centcols.org\/it\/les_rendez-vous\/2010\/Parent\/circuit.php\/?id=V1\" target=\"_blank\" rel=\"noopener\">Riva destra <\/a><\/p>\n\n\n\n<p>Distanza: 29 km<br>Salita: 600 m<br>Partenza: Capogruppo VVF alle ore 8.30.<\/p>\n\n\n\n<ol class=\"wp-block-list\">\n<li><a class=\"iframe-fancybox\" href=\"https:\/\/centcols.org\/it\/util\/geo\/visuGP.php\/?c=63065400\" target=\"_blank\" rel=\"noopener\">FR-63-0654<\/a> Col de la Croix des Gardes<\/li>\n\n\n\n<li><a class=\"iframe-fancybox\" href=\"https:\/\/centcols.org\/it\/util\/geo\/visuGP.php\/?c=63058300\" target=\"_blank\" rel=\"noopener\">FR-63-0583<\/a> Col de Potey<\/li>\n<\/ol>\n\n\n\n<h4 class=\"wp-block-heading\">Domenica 28 novembre<\/h4>\n\n\n\n<p><a class=\"iframe-fancybox\" href=\"https:\/\/centcols.org\/it\/les_rendez-vous\/2010\/Parent\/circuit.php\/?id=V2\" target=\"_blank\" rel=\"noopener\">Riva sinistra<\/a><\/p>\n\n\n\n<p>Distanza: 23 km<br>Salita: 440 m<br>Partenza: Capogruppo VVF alle ore 8.30.<\/p>\n\n\n\n<p>Accompagnatore: Jacques JUILLARD<\/p>\n\n\n\n<h2 class=\"wp-block-heading\">File di geolocalizzazione<\/h2>\n\n\n\n<p><a class=\"iframe-fancybox\" href=\"https:\/\/centcols.org\/les_rendez-vous\/2010\/Parent\/geo.htm\" target=\"_blank\" rel=\"noopener\">In questa pagina<\/a> sono disponibili i file GPX, KML e Carto Exploreur dei percorsi da utilizzare con software di geolocalizzazione e ricevitori GPS.<\/p>\n\n\n\n<h2 class=\"wp-block-heading\">Iscrizione<\/h2>\n\n\n\n<p>Non \u00e8 necessario iscriversi se si vuole partecipare all'Assemblea generale il 27 e pedalare con i colleghi il 28 mattina. Tuttavia, se desiderate alloggio e\/o pasti, l'iscrizione \u00e8 indispensabile. Si prega quindi di compilare il modulo di iscrizione e di inviarlo, insieme al pagamento, all'indirizzo indicato sul modulo stesso entro il 10 novembre.<\/p>\n\n\n\n<h2 class=\"wp-block-heading\">Materiale di voto<\/h2>\n\n\n\n<p>Alcune copie di Infos Cent Cols sono state apparentemente inviate senza scheda elettorale (le buste sono incluse).<\/p>\n\n\n\n<h2 class=\"wp-block-heading\">Accesso al VVF \u00abLes Balcons du Sancy\u00bb di Parent<\/h2>","protected":false},"excerpt":{"rendered":"<p>C\u2019est dans le Val d\u2019Allier sur la commune de Parent que l\u2019Amicale Cyclo Clermontoise vous convie \u00e0 l\u2019Assembl\u00e9e g\u00e9n\u00e9rale 2010 du Club des Cent Cols. L\u2019h\u00e9bergement et la restauration seront assur\u00e9s par la structure du Village de Vacances de Parent, pass\u00e9 du giron de VAL \u00e0 celui de VVF et partenaire de longue date de [&hellip;]<\/p>\n","protected":false},"author":3,"featured_media":83372,"comment_status":"closed","ping_status":"open","sticky":false,"template":"","format":"standard","meta":{"_acf_changed":false,"footnotes":""},"categories":[217,135],"tags":[],"class_list":["post-81754","post","type-post","status-publish","format-standard","has-post-thumbnail","hentry","category-assemblees-generales","category-calendrier"],"acf":[],"yoast_head":"<!-- This site is optimized with the Yoast SEO plugin v27.2 - https:\/\/yoast.com\/product\/yoast-seo-wordpress\/ -->\n<title>Assembl\u00e9e g\u00e9n\u00e9rale du Club des Cent Cols \u00e0 Parent (Puy-de-D\u00f4me) les 27 et 28 novembre 2010 - Club des Cent Cols<\/title>\n<meta name=\"robots\" content=\"index, follow, max-snippet:-1, max-image-preview:large, max-video-preview:-1\" \/>\n<link rel=\"canonical\" href=\"https:\/\/centcols.org\/it\/assemblea-generale-del-club-cent-cols-di-parent-puy-de-dome-il-27-e-28-novembre-2010\/\" \/>\n<meta property=\"og:locale\" content=\"it_IT\" \/>\n<meta property=\"og:type\" content=\"article\" \/>\n<meta property=\"og:title\" content=\"Assembl\u00e9e g\u00e9n\u00e9rale du Club des Cent Cols \u00e0 Parent (Puy-de-D\u00f4me) les 27 et 28 novembre 2010 - Club des Cent Cols\" \/>\n<meta property=\"og:description\" content=\"C\u2019est dans le Val d\u2019Allier sur la commune de Parent que l\u2019Amicale Cyclo Clermontoise vous convie \u00e0 l\u2019Assembl\u00e9e g\u00e9n\u00e9rale 2010 du Club des Cent Cols. L\u2019h\u00e9bergement et la restauration seront assur\u00e9s par la structure du Village de Vacances de Parent, pass\u00e9 du giron de VAL \u00e0 celui de VVF et partenaire de longue date de [&hellip;]\" \/>\n<meta property=\"og:url\" content=\"https:\/\/centcols.org\/it\/assemblea-generale-del-club-cent-cols-di-parent-puy-de-dome-il-27-e-28-novembre-2010\/\" \/>\n<meta property=\"og:site_name\" content=\"Club des Cent Cols\" \/>\n<meta property=\"article:publisher\" content=\"https:\/\/www.facebook.com\/groups\/5261880558\/?locale=fr_FR\" \/>\n<meta property=\"article:published_time\" content=\"2015-04-15T13:02:53+00:00\" \/>\n<meta property=\"article:modified_time\" content=\"2025-11-06T02:59:48+00:00\" \/>\n<meta property=\"og:image\" content=\"https:\/\/centcols.org\/wp-content\/uploads\/2025\/06\/puys21.jpg\" \/>\n\t<meta property=\"og:image:width\" content=\"774\" \/>\n\t<meta property=\"og:image:height\" content=\"143\" \/>\n\t<meta property=\"og:image:type\" content=\"image\/jpeg\" \/>\n<meta name=\"author\" content=\"Webmestre\" \/>\n<meta name=\"twitter:card\" content=\"summary_large_image\" \/>\n<meta name=\"twitter:label1\" content=\"Scritto da\" \/>\n\t<meta name=\"twitter:data1\" content=\"Webmestre\" \/>\n\t<meta name=\"twitter:label2\" content=\"Tempo di lettura stimato\" \/>\n\t<meta name=\"twitter:data2\" content=\"5 minuti\" \/>\n<script type=\"application\/ld+json\" class=\"yoast-schema-graph\">{\"@context\":\"https:\/\/schema.org\",\"@graph\":[{\"@type\":\"Article\",\"@id\":\"https:\/\/centcols.org\/assemblee-generale-du-club-des-cent-cols-a-parent-puy-de-dome-les-27-et-28-novembre-2010\/#article\",\"isPartOf\":{\"@id\":\"https:\/\/centcols.org\/assemblee-generale-du-club-des-cent-cols-a-parent-puy-de-dome-les-27-et-28-novembre-2010\/\"},\"author\":{\"name\":\"Webmestre\",\"@id\":\"https:\/\/centcols.org\/#\/schema\/person\/911b404fb133d8c913dd27cdcf71c8e5\"},\"headline\":\"Assembl\u00e9e g\u00e9n\u00e9rale du Club des Cent Cols \u00e0 Parent (Puy-de-D\u00f4me) les 27 et 28 novembre 2010\",\"datePublished\":\"2015-04-15T13:02:53+00:00\",\"dateModified\":\"2025-11-06T02:59:48+00:00\",\"mainEntityOfPage\":{\"@id\":\"https:\/\/centcols.org\/assemblee-generale-du-club-des-cent-cols-a-parent-puy-de-dome-les-27-et-28-novembre-2010\/\"},\"wordCount\":777,\"publisher\":{\"@id\":\"https:\/\/centcols.org\/#organization\"},\"image\":{\"@id\":\"https:\/\/centcols.org\/assemblee-generale-du-club-des-cent-cols-a-parent-puy-de-dome-les-27-et-28-novembre-2010\/#primaryimage\"},\"thumbnailUrl\":\"https:\/\/centcols.org\/wp-content\/uploads\/2025\/06\/puys21.jpg\",\"articleSection\":[\"Assembl\u00e9es g\u00e9n\u00e9rales\",\"Calendrier\"],\"inLanguage\":\"it-IT\"},{\"@type\":\"WebPage\",\"@id\":\"https:\/\/centcols.org\/assemblee-generale-du-club-des-cent-cols-a-parent-puy-de-dome-les-27-et-28-novembre-2010\/\",\"url\":\"https:\/\/centcols.org\/assemblee-generale-du-club-des-cent-cols-a-parent-puy-de-dome-les-27-et-28-novembre-2010\/\",\"name\":\"Assembl\u00e9e g\u00e9n\u00e9rale du Club des Cent Cols \u00e0 Parent (Puy-de-D\u00f4me) les 27 et 28 novembre 2010 - Club des Cent Cols\",\"isPartOf\":{\"@id\":\"https:\/\/centcols.org\/#website\"},\"primaryImageOfPage\":{\"@id\":\"https:\/\/centcols.org\/assemblee-generale-du-club-des-cent-cols-a-parent-puy-de-dome-les-27-et-28-novembre-2010\/#primaryimage\"},\"image\":{\"@id\":\"https:\/\/centcols.org\/assemblee-generale-du-club-des-cent-cols-a-parent-puy-de-dome-les-27-et-28-novembre-2010\/#primaryimage\"},\"thumbnailUrl\":\"https:\/\/centcols.org\/wp-content\/uploads\/2025\/06\/puys21.jpg\",\"datePublished\":\"2015-04-15T13:02:53+00:00\",\"dateModified\":\"2025-11-06T02:59:48+00:00\",\"breadcrumb\":{\"@id\":\"https:\/\/centcols.org\/assemblee-generale-du-club-des-cent-cols-a-parent-puy-de-dome-les-27-et-28-novembre-2010\/#breadcrumb\"},\"inLanguage\":\"it-IT\",\"potentialAction\":[{\"@type\":\"ReadAction\",\"target\":[\"https:\/\/centcols.org\/assemblee-generale-du-club-des-cent-cols-a-parent-puy-de-dome-les-27-et-28-novembre-2010\/\"]}]},{\"@type\":\"ImageObject\",\"inLanguage\":\"it-IT\",\"@id\":\"https:\/\/centcols.org\/assemblee-generale-du-club-des-cent-cols-a-parent-puy-de-dome-les-27-et-28-novembre-2010\/#primaryimage\",\"url\":\"https:\/\/centcols.org\/wp-content\/uploads\/2025\/06\/puys21.jpg\",\"contentUrl\":\"https:\/\/centcols.org\/wp-content\/uploads\/2025\/06\/puys21.jpg\",\"width\":774,\"height\":143},{\"@type\":\"BreadcrumbList\",\"@id\":\"https:\/\/centcols.org\/assemblee-generale-du-club-des-cent-cols-a-parent-puy-de-dome-les-27-et-28-novembre-2010\/#breadcrumb\",\"itemListElement\":[{\"@type\":\"ListItem\",\"position\":1,\"name\":\"Accueil\",\"item\":\"https:\/\/centcols.org\/\"},{\"@type\":\"ListItem\",\"position\":2,\"name\":\"Assembl\u00e9es g\u00e9n\u00e9rales\",\"item\":\"https:\/\/centcols.org\/rubrique\/assemblees-generales\/\"},{\"@type\":\"ListItem\",\"position\":3,\"name\":\"Assembl\u00e9e g\u00e9n\u00e9rale du Club des Cent Cols \u00e0 Parent (Puy-de-D\u00f4me) les 27 et 28 novembre 2010\"}]},{\"@type\":\"WebSite\",\"@id\":\"https:\/\/centcols.org\/#website\",\"url\":\"https:\/\/centcols.org\/\",\"name\":\"Club des Cent Cols\",\"description\":\"\",\"publisher\":{\"@id\":\"https:\/\/centcols.org\/#organization\"},\"potentialAction\":[{\"@type\":\"SearchAction\",\"target\":{\"@type\":\"EntryPoint\",\"urlTemplate\":\"https:\/\/centcols.org\/?s={search_term_string}\"},\"query-input\":{\"@type\":\"PropertyValueSpecification\",\"valueRequired\":true,\"valueName\":\"search_term_string\"}}],\"inLanguage\":\"it-IT\"},{\"@type\":\"Organization\",\"@id\":\"https:\/\/centcols.org\/#organization\",\"name\":\"Club des Cent Cols\",\"url\":\"https:\/\/centcols.org\/\",\"logo\":{\"@type\":\"ImageObject\",\"inLanguage\":\"it-IT\",\"@id\":\"https:\/\/centcols.org\/#\/schema\/logo\/image\/\",\"url\":\"https:\/\/centcols.org\/wp-content\/uploads\/2025\/01\/carte-icone.png\",\"contentUrl\":\"https:\/\/centcols.org\/wp-content\/uploads\/2025\/01\/carte-icone.png\",\"width\":250,\"height\":250,\"caption\":\"Club des Cent Cols\"},\"image\":{\"@id\":\"https:\/\/centcols.org\/#\/schema\/logo\/image\/\"},\"sameAs\":[\"https:\/\/www.facebook.com\/groups\/5261880558\/?locale=fr_FR\"]},{\"@type\":\"Person\",\"@id\":\"https:\/\/centcols.org\/#\/schema\/person\/911b404fb133d8c913dd27cdcf71c8e5\",\"name\":\"Webmestre\",\"image\":{\"@type\":\"ImageObject\",\"inLanguage\":\"it-IT\",\"@id\":\"https:\/\/centcols.org\/wp-content\/litespeed\/avatar\/2d246e4b6b4f773e08515e1ffc53690b.jpg?ver=1777222892\",\"url\":\"https:\/\/centcols.org\/wp-content\/litespeed\/avatar\/2d246e4b6b4f773e08515e1ffc53690b.jpg?ver=1777222892\",\"contentUrl\":\"https:\/\/centcols.org\/wp-content\/litespeed\/avatar\/2d246e4b6b4f773e08515e1ffc53690b.jpg?ver=1777222892\",\"caption\":\"Webmestre\"},\"url\":\"https:\/\/centcols.org\/it\/author\/webmestre\/\"}]}<\/script>\n<!-- \/ Yoast SEO plugin. -->","yoast_head_json":{"title":"Assemblea generale del Club des Cent Cols a Parent (Puy-de-D\u00f4me) il 27 e 28 novembre 2010 - Club des Cent Cols","robots":{"index":"index","follow":"follow","max-snippet":"max-snippet:-1","max-image-preview":"max-image-preview:large","max-video-preview":"max-video-preview:-1"},"canonical":"https:\/\/centcols.org\/it\/assemblea-generale-del-club-cent-cols-di-parent-puy-de-dome-il-27-e-28-novembre-2010\/","og_locale":"it_IT","og_type":"article","og_title":"Assembl\u00e9e g\u00e9n\u00e9rale du Club des Cent Cols \u00e0 Parent (Puy-de-D\u00f4me) les 27 et 28 novembre 2010 - Club des Cent Cols","og_description":"C\u2019est dans le Val d\u2019Allier sur la commune de Parent que l\u2019Amicale Cyclo Clermontoise vous convie \u00e0 l\u2019Assembl\u00e9e g\u00e9n\u00e9rale 2010 du Club des Cent Cols. L\u2019h\u00e9bergement et la restauration seront assur\u00e9s par la structure du Village de Vacances de Parent, pass\u00e9 du giron de VAL \u00e0 celui de VVF et partenaire de longue date de [&hellip;]","og_url":"https:\/\/centcols.org\/it\/assemblea-generale-del-club-cent-cols-di-parent-puy-de-dome-il-27-e-28-novembre-2010\/","og_site_name":"Club des Cent Cols","article_publisher":"https:\/\/www.facebook.com\/groups\/5261880558\/?locale=fr_FR","article_published_time":"2015-04-15T13:02:53+00:00","article_modified_time":"2025-11-06T02:59:48+00:00","og_image":[{"width":774,"height":143,"url":"https:\/\/centcols.org\/wp-content\/uploads\/2025\/06\/puys21.jpg","type":"image\/jpeg"}],"author":"Webmestre","twitter_card":"summary_large_image","twitter_misc":{"Scritto da":"Webmestre","Tempo di lettura stimato":"5 minuti"},"schema":{"@context":"https:\/\/schema.org","@graph":[{"@type":"Article","@id":"https:\/\/centcols.org\/assemblee-generale-du-club-des-cent-cols-a-parent-puy-de-dome-les-27-et-28-novembre-2010\/#article","isPartOf":{"@id":"https:\/\/centcols.org\/assemblee-generale-du-club-des-cent-cols-a-parent-puy-de-dome-les-27-et-28-novembre-2010\/"},"author":{"name":"Webmestre","@id":"https:\/\/centcols.org\/#\/schema\/person\/911b404fb133d8c913dd27cdcf71c8e5"},"headline":"Assembl\u00e9e g\u00e9n\u00e9rale du Club des Cent Cols \u00e0 Parent (Puy-de-D\u00f4me) les 27 et 28 novembre 2010","datePublished":"2015-04-15T13:02:53+00:00","dateModified":"2025-11-06T02:59:48+00:00","mainEntityOfPage":{"@id":"https:\/\/centcols.org\/assemblee-generale-du-club-des-cent-cols-a-parent-puy-de-dome-les-27-et-28-novembre-2010\/"},"wordCount":777,"publisher":{"@id":"https:\/\/centcols.org\/#organization"},"image":{"@id":"https:\/\/centcols.org\/assemblee-generale-du-club-des-cent-cols-a-parent-puy-de-dome-les-27-et-28-novembre-2010\/#primaryimage"},"thumbnailUrl":"https:\/\/centcols.org\/wp-content\/uploads\/2025\/06\/puys21.jpg","articleSection":["Assembl\u00e9es g\u00e9n\u00e9rales","Calendrier"],"inLanguage":"it-IT"},{"@type":"WebPage","@id":"https:\/\/centcols.org\/assemblee-generale-du-club-des-cent-cols-a-parent-puy-de-dome-les-27-et-28-novembre-2010\/","url":"https:\/\/centcols.org\/assemblee-generale-du-club-des-cent-cols-a-parent-puy-de-dome-les-27-et-28-novembre-2010\/","name":"Assemblea generale del Club des Cent Cols a Parent (Puy-de-D\u00f4me) il 27 e 28 novembre 2010 - Club des Cent Cols","isPartOf":{"@id":"https:\/\/centcols.org\/#website"},"primaryImageOfPage":{"@id":"https:\/\/centcols.org\/assemblee-generale-du-club-des-cent-cols-a-parent-puy-de-dome-les-27-et-28-novembre-2010\/#primaryimage"},"image":{"@id":"https:\/\/centcols.org\/assemblee-generale-du-club-des-cent-cols-a-parent-puy-de-dome-les-27-et-28-novembre-2010\/#primaryimage"},"thumbnailUrl":"https:\/\/centcols.org\/wp-content\/uploads\/2025\/06\/puys21.jpg","datePublished":"2015-04-15T13:02:53+00:00","dateModified":"2025-11-06T02:59:48+00:00","breadcrumb":{"@id":"https:\/\/centcols.org\/assemblee-generale-du-club-des-cent-cols-a-parent-puy-de-dome-les-27-et-28-novembre-2010\/#breadcrumb"},"inLanguage":"it-IT","potentialAction":[{"@type":"ReadAction","target":["https:\/\/centcols.org\/assemblee-generale-du-club-des-cent-cols-a-parent-puy-de-dome-les-27-et-28-novembre-2010\/"]}]},{"@type":"ImageObject","inLanguage":"it-IT","@id":"https:\/\/centcols.org\/assemblee-generale-du-club-des-cent-cols-a-parent-puy-de-dome-les-27-et-28-novembre-2010\/#primaryimage","url":"https:\/\/centcols.org\/wp-content\/uploads\/2025\/06\/puys21.jpg","contentUrl":"https:\/\/centcols.org\/wp-content\/uploads\/2025\/06\/puys21.jpg","width":774,"height":143},{"@type":"BreadcrumbList","@id":"https:\/\/centcols.org\/assemblee-generale-du-club-des-cent-cols-a-parent-puy-de-dome-les-27-et-28-novembre-2010\/#breadcrumb","itemListElement":[{"@type":"ListItem","position":1,"name":"Accueil","item":"https:\/\/centcols.org\/"},{"@type":"ListItem","position":2,"name":"Assembl\u00e9es g\u00e9n\u00e9rales","item":"https:\/\/centcols.org\/rubrique\/assemblees-generales\/"},{"@type":"ListItem","position":3,"name":"Assembl\u00e9e g\u00e9n\u00e9rale du Club des Cent Cols \u00e0 Parent (Puy-de-D\u00f4me) les 27 et 28 novembre 2010"}]},{"@type":"WebSite","@id":"https:\/\/centcols.org\/#website","url":"https:\/\/centcols.org\/","name":"Club des Cent Cols","description":"","publisher":{"@id":"https:\/\/centcols.org\/#organization"},"potentialAction":[{"@type":"SearchAction","target":{"@type":"EntryPoint","urlTemplate":"https:\/\/centcols.org\/?s={search_term_string}"},"query-input":{"@type":"PropertyValueSpecification","valueRequired":true,"valueName":"search_term_string"}}],"inLanguage":"it-IT"},{"@type":"Organization","@id":"https:\/\/centcols.org\/#organization","name":"Club des Cent Cols","url":"https:\/\/centcols.org\/","logo":{"@type":"ImageObject","inLanguage":"it-IT","@id":"https:\/\/centcols.org\/#\/schema\/logo\/image\/","url":"https:\/\/centcols.org\/wp-content\/uploads\/2025\/01\/carte-icone.png","contentUrl":"https:\/\/centcols.org\/wp-content\/uploads\/2025\/01\/carte-icone.png","width":250,"height":250,"caption":"Club des Cent Cols"},"image":{"@id":"https:\/\/centcols.org\/#\/schema\/logo\/image\/"},"sameAs":["https:\/\/www.facebook.com\/groups\/5261880558\/?locale=fr_FR"]},{"@type":"Person","@id":"https:\/\/centcols.org\/#\/schema\/person\/911b404fb133d8c913dd27cdcf71c8e5","name":"Webmaster","image":{"@type":"ImageObject","inLanguage":"it-IT","@id":"https:\/\/centcols.org\/wp-content\/litespeed\/avatar\/2d246e4b6b4f773e08515e1ffc53690b.jpg?ver=1777222892","url":"https:\/\/centcols.org\/wp-content\/litespeed\/avatar\/2d246e4b6b4f773e08515e1ffc53690b.jpg?ver=1777222892","contentUrl":"https:\/\/centcols.org\/wp-content\/litespeed\/avatar\/2d246e4b6b4f773e08515e1ffc53690b.jpg?ver=1777222892","caption":"Webmestre"},"url":"https:\/\/centcols.org\/it\/author\/webmestre\/"}]}},"_links":{"self":[{"href":"https:\/\/centcols.org\/it\/wp-json\/wp\/v2\/posts\/81754","targetHints":{"allow":["GET"]}}],"collection":[{"href":"https:\/\/centcols.org\/it\/wp-json\/wp\/v2\/posts"}],"about":[{"href":"https:\/\/centcols.org\/it\/wp-json\/wp\/v2\/types\/post"}],"author":[{"embeddable":true,"href":"https:\/\/centcols.org\/it\/wp-json\/wp\/v2\/users\/3"}],"replies":[{"embeddable":true,"href":"https:\/\/centcols.org\/it\/wp-json\/wp\/v2\/comments?post=81754"}],"version-history":[{"count":0,"href":"https:\/\/centcols.org\/it\/wp-json\/wp\/v2\/posts\/81754\/revisions"}],"wp:featuredmedia":[{"embeddable":true,"href":"https:\/\/centcols.org\/it\/wp-json\/wp\/v2\/media\/83372"}],"wp:attachment":[{"href":"https:\/\/centcols.org\/it\/wp-json\/wp\/v2\/media?parent=81754"}],"wp:term":[{"taxonomy":"category","embeddable":true,"href":"https:\/\/centcols.org\/it\/wp-json\/wp\/v2\/categories?post=81754"},{"taxonomy":"post_tag","embeddable":true,"href":"https:\/\/centcols.org\/it\/wp-json\/wp\/v2\/tags?post=81754"}],"curies":[{"name":"wp","href":"https:\/\/api.w.org\/{rel}","templated":true}]}}