{"id":81755,"date":"2015-04-15T13:55:06","date_gmt":"2015-04-15T11:55:06","guid":{"rendered":"https:\/\/centcols.org\/assemblee-generale-des-28-et-29-novembre-2009-a-yenne-savoie\/"},"modified":"2025-11-06T05:02:13","modified_gmt":"2025-11-06T03:02:13","slug":"assemblea-generale-del-28-e-29-novembre-2009-a-yenne-savoia","status":"publish","type":"post","link":"https:\/\/centcols.org\/it\/assemblee-generale-des-28-et-29-novembre-2009-a-yenne-savoie\/","title":{"rendered":"Assemblea generale del 28 e 29 novembre 2009 a Yenne (Savoia)"},"content":{"rendered":"\n<h2 class=\"wp-block-heading\">Pr\u00e9sentation<\/h2>\n\n\n\n<p>Petite ville de 2 650 habitants situ\u00e9e sur les bords du Rh\u00f4ne dans l\u2019avant-pays savoyard, <a title=\"Yenne\" href=\"http:\/\/www.yenne-tourisme.fr\/\" target=\"_blank\" rel=\"noopener\">YENNE<\/a> a eu l\u2019honneur d\u2019\u00eatre choisie pour accueillir notre Assembl\u00e9e g\u00e9n\u00e9rale 2009.<\/p>\n\n\n\n<p>Le club local, les <a href=\"http:\/\/cyclosyennois.free.fr\/\" target=\"_blank\" rel=\"noopener\">\u00ab Cyclotouristes Yennois \u00bb<\/a>, qui compte actuellement une quarantaine de membres, a \u00e9t\u00e9 cr\u00e9e en 1976. Depuis cette date, les dirigeants locaux ont fait du 1<sup>er<\/sup> mai une date incontournable pour les cyclos r\u00e9gionaux puisqu\u2019ils organisent un r\u00e9put\u00e9 \u00ab Rallye du Petit-Bugey \u00bb (31<sup>e<\/sup> \u00e9dition avec 900 participants en 2008). S\u2019ils ont une grosse exp\u00e9rience dans ce domaine, ils sont novices pour l\u2019accueil d\u2019un rendez-vous international. Autour des 5 membres yennois du C.C.C, tous feront cependant le maximum pour rendre agr\u00e9able votre s\u00e9jour savoyard et tenter de r\u00e9ussir aussi bien que nos amis de CHATEAU-ARNOUX, MONTAUBAN, MOLLANS, SILLINGY pour les derni\u00e8res A.G.<\/p>\n\n\n\n<p>A YENNE, nous avons r\u00e9serv\u00e9 le <a href=\"http:\/\/www.clos-des-capucins.com\/\" target=\"_blank\" rel=\"noopener\"><span style=\"text-decoration: underline;\">\u00ab<\/span> Clos des Capucins \u00bb<\/a> pour la r\u00e9union, les repas et les nuit\u00e9es. Le s\u00e9jour est possible depuis le samedi midi jusqu\u2019au dimanche apr\u00e8s-midi. Il y a \u00e9galement des possibilit\u00e9s de parking pour les camping-cars. Attention, les repas du samedi soir et les nuit\u00e9es sont maintenant complets. Il reste encore quelques places pour les d\u00e9jeuners du samedi et du dimanche.<\/p>\n\n\n\n<p>Il existe \u00e9galement des possibilit\u00e9s d&rsquo;h\u00e9bergement au Clos des Capucins vendredi soir et dimanche soir, bien qu&rsquo;il soit ferm\u00e9 pour ces deux soirs. Contacter le Clos directement. Autour de YENNE, nous d\u00e9nombrons une vingtaine de cols plus ou moins connus : nous vous guiderons sur des circuits routiers ou muletiers pour enrichir votre palmar\u00e8s. Les marcheurs seront \u00e9galement encadr\u00e9s pour une balade le dimanche matin.<\/p>\n\n\n\n<p>Pour avoir d\u2019autres renseignements, vous pouvez me contacter<\/p>\n\n\n\n<p>([email]&#99;&#x6f;&#108;&#x6f;&#109;&#x62;o&#x2e;r&#111;&#x67;&#101;&#x72;&#64;&#x77;a&#x6e;a&#100;&#x6f;&#111;&#x2e;&#102;&#x72;[\/email]) ou consulter les sites locaux :<\/p>\n\n\n\n<p><a href=\"http:\/\/www.mairie-yenne.fr\/\" target=\"_blank\" rel=\"noopener\">www.mairie-yenne.fr<\/a><\/p>\n\n\n\n<p><a href=\"http:\/\/www.clos-des-capucins.com\/\" target=\"_blank\" rel=\"noopener\">www.clos-des-capucins.com<\/a><\/p>\n\n\n\n<p><a href=\"http:\/\/cyclosyennois.free.fr\/\" target=\"_blank\" rel=\"noopener\">cyclosyennois.free.fr<\/a><\/p>\n\n\n\n<p><a href=\"http:\/\/www.yenne-tourisme.fr\/\" target=\"_blank\" rel=\"noopener\">www.yenne-tourisme.fr<\/a><\/p>\n\n\n\n<p>A bient\u00f4t donc !<\/p>\n\n\n\n<p>Roger COLOMBO<br>CC n\u00b04205<\/p>\n\n\n\n<figure class=\"wp-block-gallery has-nested-images columns-default is-cropped wp-block-gallery-1 is-layout-flex wp-block-gallery-is-layout-flex\">\n<figure class=\"wp-block-image size-large\"><img loading=\"lazy\" decoding=\"async\" width=\"238\" height=\"120\" data-id=\"83382\" src=\"https:\/\/centcols.org\/wp-content\/uploads\/2025\/06\/titre311.jpg\" alt=\"\" class=\"wp-image-83382\"\/><\/figure>\n\n\n\n<figure class=\"wp-block-image size-large\"><img loading=\"lazy\" decoding=\"async\" width=\"238\" height=\"120\" data-id=\"83383\" src=\"https:\/\/centcols.org\/wp-content\/uploads\/2025\/06\/titre-111.jpg\" alt=\"\" class=\"wp-image-83383\"\/><\/figure>\n\n\n\n<figure class=\"wp-block-image size-large\"><img loading=\"lazy\" decoding=\"async\" width=\"238\" height=\"120\" data-id=\"83384\" src=\"https:\/\/centcols.org\/wp-content\/uploads\/2025\/06\/titre211.jpg\" alt=\"\" class=\"wp-image-83384\"\/><\/figure>\n<\/figure>\n\n\n\n<h2 class=\"wp-block-heading\">Programme<\/h2>\n\n\n\n<h3 class=\"wp-block-heading\">Samedi, 28 novembre<\/h3>\n\n\n\n<ul class=\"wp-block-list\">\n<li>08h30 D\u00e9pouillement des votes par correspondance. Ouverture de la votation sur place. R\u00e9ception des v\u00e9los et pi\u00e8ces \u00ab\u00a0V\u00e9los pour l&rsquo;Afrique\u00a0\u00bb au Clos des Capucins.<\/li>\n\n\n\n<li>09h00 D\u00e9part du circuit VTT (Clos des Capucins) avec possibilit\u00e9 d&rsquo;accompagnement. Si vous voulez faire partie du groupe accompagn\u00e9, le signaler \u00e0 Roger Colombo. D\u00e9part du circuit routier accompagn\u00e9 (Clos des Capucins). Vous pouvez t\u00e9l\u00e9charger la <a href=\"\/wp-content\/uploads\/2025\/09\/route1128.pdf\" target=\"_blank\" rel=\"noreferrer noopener\">feuille de route <\/a>pour ce circuit routier.<\/li>\n\n\n\n<li>12h15 Ap\u00e9ro.<\/li>\n\n\n\n<li>12h30 D\u00e9jeuner (sur r\u00e9servation).<\/li>\n\n\n\n<li>13h30 Pr\u00e9paration de la salle.<\/li>\n\n\n\n<li>15h00 Assembl\u00e9e g\u00e9n\u00e9rale. Fermeture de la r\u00e9ception des v\u00e9los et pi\u00e8ces \u00ab\u00a0V\u00e9los pour l&rsquo;Afrique\u00a0\u00bb.<\/li>\n\n\n\n<li>16h00 Fin des votes sur place.<\/li>\n\n\n\n<li>18h00 Pot\/r\u00e9ception offert par la municipalit\u00e9 de Yenne, suivi d&rsquo;un d\u00eener vers 19h00 (d\u00eener sur r\u00e9servation).<\/li>\n<\/ul>\n\n\n\n<h3 class=\"wp-block-heading\">Dimanche, 29 novembre<\/h3>\n\n\n\n<ul class=\"wp-block-list\">\n<li>08h30 D\u00e9part en voiture du groupe VTT n\u00b0 1 (Clos des Capucins), pour un d\u00e9part accompagn\u00e9 de Peyrieu en VTT \u00e0 09h00.<\/li>\n\n\n\n<li>09h00 D\u00e9part du circuit routier accompagn\u00e9 (Clos des Capucins).<\/li>\n\n\n\n<li>09h00 D\u00e9part du circuit VTT n\u00b0 2 (Clos des Capucins).<\/li>\n\n\n\n<li>09h00 D\u00e9part de la balade \u00e0 pied (Clos des Capucins) pour les non-roulants.<\/li>\n\n\n\n<li>12h30 Pot de d\u00e9part offert par les Cyclotouristes Yennois, suivi d&rsquo;un repas (repas sur r\u00e9servation).<\/li>\n<\/ul>\n\n\n\n<p>Les d\u00e9tails des circuits seront publi\u00e9s sous peu<\/p>\n\n\n\n<h2 class=\"wp-block-heading\">Candidats aux Elections au Conseil d&rsquo;Administration<\/h2>\n\n\n\n<p>Le conseil d\u2019administration \u00e9lu pour 4 ans en d\u00e9cembre 2005 sera renouvelable \u00e0 cette Assembl\u00e9e g\u00e9n\u00e9rale du 28 novembre 2009. Tous les candidats sont maintenant connus. Pour la premi\u00e8re fois dans l&rsquo;histoire du Club, nous avons plus de candidats que de postes statutaires au Conseil d&rsquo;Administration, 9 candidats pour 8 postes, un signe de vitalit\u00e9 qui d\u00e9montre l&rsquo;int\u00e9r\u00eat port\u00e9 par ces neuf personnes qui veulent s&rsquo;investir dans l&rsquo;avenir du club.<\/p>\n\n\n\n<p>Etant donn\u00e9 l&rsquo;importance de cette \u00e9lection, nous mettons \u00e0 votre disposition par anticipation les fiches de candidature (contenant la profession de foi de chaque candidat), que vous retrouverez aussi dans Infos Cent Cols (d\u00e9but novembre) avec les bulletins de vote. Nous vous encourageons donc vivement \u00e0 lire ces fiches consciencieusement afin de faire un choix inform\u00e9 lorsque vous voterez; vous pourrez aussi contacter les candidats individuellement afin de leur poser toute question pertinente sur le r\u00f4le qu&rsquo;ils ou elles veulent jouer dans le nouveau CA. L&rsquo;acc\u00e8s aux fiches est r\u00e9serv\u00e9 aux membres ayant le droit de vote (\u00e0 jour de cotisation).<\/p>\n\n\n\n<h2 class=\"wp-block-heading\">Les circuits<\/h2>\n\n\n\n<p>Le dimanche 29 novembre un circuit routier (nomm\u00e9 R1) et deux circuits VTT (nomm\u00e9s V1 et V2) vous sont propos\u00e9s.Certains cols apparaissent sur plusieurs circuits et sont donc r\u00e9p\u00e9t\u00e9s. Les cols sont indiqu\u00e9s dans l&rsquo;ordre de leur franchissement dans chaque circuit. Les distances et les d\u00e9nivel\u00e9es sont approximatives.<\/p>\n\n\n\n<p>Des <a class=\"iframe-fancybox\" href=\"http:\/\/centcols.org\/les_rendez-vous\/2009\/Yenne\/geo.htm\" target=\"_blank\" rel=\"noopener\">fichiers de g\u00e9olocalisation<\/a> pour utilisation sur vos GPS, Google Earth et Carto Explorer sont aussi disponibles.<br>(Cliquez sur le nom du circuit pour les d\u00e9tails)<\/p>\n\n\n\n<h3 class=\"wp-block-heading\">ROUTIER : <a href=\"https:\/\/centcols.org\/wp-content\/uploads\/2025\/09\/R1_profil.png\">Yenne Sud<\/a><\/h3>\n\n\n\n<p>D\u00e9part : Sur place<br>Distance : 60 km<br>D\u00e9nivel\u00e9e :&nbsp; 1 450 m<\/p>\n\n\n\n<ol class=\"wp-block-list\">\n<li><a class=\"iframe-fancybox\" href=\"https:\/\/centcols.org\/util\/geo\/visuGP.php?c=73059000\" target=\"_blank\" rel=\"noopener\">FR-73-0590<\/a> : Col du Banchet<\/li>\n\n\n\n<li><a class=\"iframe-fancybox\" href=\"https:\/\/centcols.org\/util\/geo\/visuGP.php?c=73057300\" target=\"_blank\" rel=\"noopener\">FR-73-0573<\/a> : Col de la Crusille<\/li>\n\n\n\n<li><a class=\"iframe-fancybox\" href=\"https:\/\/centcols.org\/util\/geo\/visuGP.php?c=73065000\" target=\"_blank\" rel=\"noopener\">FR-73-0650<\/a> : Le Collet<\/li>\n\n\n\n<li><a class=\"iframe-fancybox\" href=\"https:\/\/centcols.org\/util\/geo\/visuGP.php?c=73075400\" target=\"_blank\" rel=\"noopener\">FR-73-0754<\/a> : Col de Lattaz<\/li>\n\n\n\n<li><a class=\"iframe-fancybox\" href=\"https:\/\/centcols.org\/util\/geo\/visuGP.php?c=73082100\" target=\"_blank\" rel=\"noopener\">FR-73-0821<\/a> : Col du Mont Tournier<\/li>\n\n\n\n<li><a class=\"iframe-fancybox\" href=\"https:\/\/centcols.org\/util\/geo\/visuGP.php?c=73056300\" target=\"_blank\" rel=\"noopener\">FR-73-0563<\/a> : Collet de Botozei<\/li>\n<\/ol>\n\n\n\n<h3 class=\"wp-block-heading\">V1 VTT : <a href=\"https:\/\/centcols.org\/wp-content\/uploads\/2025\/09\/V1_profil.png\">Peyrieu<\/a><\/h3>\n\n\n\n<p>D\u00e9part : Peyrieu<br>Distance : 21 km<br>D\u00e9nivel\u00e9e :&nbsp; 791 m<\/p>\n\n\n\n<ol class=\"wp-block-list\">\n<li><a class=\"iframe-fancybox\" href=\"https:\/\/centcols.org\/util\/geo\/visuGP.php?c=1035500\" target=\"_blank\" rel=\"noopener\">FR-01-0355<\/a> : Col de Pr\u00e9meyzel<\/li>\n\n\n\n<li><a class=\"iframe-fancybox\" href=\"https:\/\/centcols.org\/util\/geo\/visuGP.php?c=1040001\" target=\"_blank\" rel=\"noopener\">FR-01-0400a<\/a> : Pas de la Roche<\/li>\n\n\n\n<li><a class=\"iframe-fancybox\" href=\"https:\/\/centcols.org\/util\/geo\/visuGP.php?c=1065400\" target=\"_blank\" rel=\"noopener\">FR-01-0654<\/a> : Col d&rsquo;Izieu<\/li>\n\n\n\n<li><a class=\"iframe-fancybox\" href=\"https:\/\/centcols.org\/util\/geo\/visuGP.php?c=1035600\" target=\"_blank\" rel=\"noopener\">FR-01-0356<\/a> : Golet du G\u00e9la<\/li>\n<\/ol>\n\n\n\n<h3 class=\"wp-block-heading\">V2 VTT : <a href=\"https:\/\/centcols.org\/wp-content\/uploads\/2025\/09\/V2_profil.png\">Chevru<\/a><\/h3>\n\n\n\n<p>D\u00e9part : Sur place<br>Distance : 18 km<br>D\u00e9nivel\u00e9e :&nbsp; 562 m<\/p>\n\n\n\n<ol class=\"wp-block-list\">\n<li><a class=\"iframe-fancybox\" href=\"https:\/\/centcols.org\/util\/geo\/visuGP.php?c=73056300\" target=\"_blank\" rel=\"noopener\">FR-73-0563<\/a> : Collet de Botozei<\/li>\n\n\n\n<li><a class=\"iframe-fancybox\" href=\"https:\/\/centcols.org\/util\/geo\/visuGP.php?c=73056000\" target=\"_blank\" rel=\"noopener\">FR-73-0560<\/a> : Les Collets<\/li>\n<\/ol>\n\n\n\n<h3 class=\"wp-block-heading\">V2a VTT: <a href=\"https:\/\/centcols.org\/wp-content\/uploads\/2025\/09\/V2a_profil.png\" target=\"_blank\" rel=\"noreferrer noopener\">Chevru (variante)<\/a><\/h3>\n\n\n\n<p>D\u00e9part : Sur place<br>Distance : 18 km<br>D\u00e9nivel\u00e9e :&nbsp; 579 m<\/p>\n\n\n\n<ol class=\"wp-block-list\">\n<li><a class=\"iframe-fancybox\" href=\"https:\/\/centcols.org\/util\/geo\/visuGP.php?c=73056300\" target=\"_blank\" rel=\"noopener\">FR-73-0563<\/a> : Collet de Botozei<\/li>\n\n\n\n<li><a class=\"iframe-fancybox\" href=\"https:\/\/centcols.org\/util\/geo\/visuGP.php?c=73056000\" target=\"_blank\" rel=\"noopener\">FR-73-0560<\/a> : Les Collets<\/li>\n<\/ol>\n\n\n\n<h2 class=\"wp-block-heading\">Acc\u00e8s au \u00ab Clos des Capucins \u00bb<\/h2>\n\n\n\n<p>80, chemin de la Curiaz &#8211; 73170 YENNE &#8211; T\u00e9l : 04.79.36.85.70<\/p>\n","protected":false},"excerpt":{"rendered":"<p>Pr\u00e9sentation Petite ville de 2 650 habitants situ\u00e9e sur les bords du Rh\u00f4ne dans l\u2019avant-pays savoyard, YENNE a eu l\u2019honneur d\u2019\u00eatre choisie pour accueillir notre Assembl\u00e9e g\u00e9n\u00e9rale 2009. Le club local, les \u00ab Cyclotouristes Yennois \u00bb, qui compte actuellement une quarantaine de membres, a \u00e9t\u00e9 cr\u00e9e en 1976. Depuis cette date, les dirigeants locaux ont [&hellip;]<\/p>\n","protected":false},"author":3,"featured_media":83380,"comment_status":"closed","ping_status":"closed","sticky":false,"template":"","format":"standard","meta":{"_acf_changed":false,"footnotes":""},"categories":[217,135],"tags":[],"class_list":["post-81755","post","type-post","status-publish","format-standard","has-post-thumbnail","hentry","category-assemblees-generales","category-calendrier"],"acf":[],"yoast_head":"<!-- This site is optimized with the Yoast SEO plugin v27.2 - https:\/\/yoast.com\/product\/yoast-seo-wordpress\/ -->\n<title>Assembl\u00e9e g\u00e9n\u00e9rale des 28 et 29 novembre 2009 \u00e0 Yenne (Savoie) - Club des Cent Cols<\/title>\n<meta name=\"robots\" content=\"index, follow, max-snippet:-1, max-image-preview:large, max-video-preview:-1\" \/>\n<link rel=\"canonical\" href=\"https:\/\/centcols.org\/it\/assemblea-generale-del-28-e-29-novembre-2009-a-yenne-savoia\/\" \/>\n<meta property=\"og:locale\" content=\"it_IT\" \/>\n<meta property=\"og:type\" content=\"article\" \/>\n<meta property=\"og:title\" content=\"Assembl\u00e9e g\u00e9n\u00e9rale des 28 et 29 novembre 2009 \u00e0 Yenne (Savoie) - Club des Cent Cols\" \/>\n<meta property=\"og:description\" content=\"Pr\u00e9sentation Petite ville de 2 650 habitants situ\u00e9e sur les bords du Rh\u00f4ne dans l\u2019avant-pays savoyard, YENNE a eu l\u2019honneur d\u2019\u00eatre choisie pour accueillir notre Assembl\u00e9e g\u00e9n\u00e9rale 2009. Le club local, les \u00ab Cyclotouristes Yennois \u00bb, qui compte actuellement une quarantaine de membres, a \u00e9t\u00e9 cr\u00e9e en 1976. Depuis cette date, les dirigeants locaux ont [&hellip;]\" \/>\n<meta property=\"og:url\" content=\"https:\/\/centcols.org\/it\/assemblea-generale-del-28-e-29-novembre-2009-a-yenne-savoia\/\" \/>\n<meta property=\"og:site_name\" content=\"Club des Cent Cols\" \/>\n<meta property=\"article:publisher\" content=\"https:\/\/www.facebook.com\/groups\/5261880558\/?locale=fr_FR\" \/>\n<meta property=\"article:published_time\" content=\"2015-04-15T11:55:06+00:00\" \/>\n<meta property=\"article:modified_time\" content=\"2025-11-06T03:02:13+00:00\" \/>\n<meta property=\"og:image\" content=\"https:\/\/centcols.org\/wp-content\/uploads\/2015\/04\/panorama-yenne-accueil.jpg\" \/>\n\t<meta property=\"og:image:width\" content=\"1366\" \/>\n\t<meta property=\"og:image:height\" content=\"444\" \/>\n\t<meta property=\"og:image:type\" content=\"image\/jpeg\" \/>\n<meta name=\"author\" content=\"Webmestre\" \/>\n<meta name=\"twitter:card\" content=\"summary_large_image\" \/>\n<meta name=\"twitter:label1\" content=\"Scritto da\" \/>\n\t<meta name=\"twitter:data1\" content=\"Webmestre\" \/>\n\t<meta name=\"twitter:label2\" content=\"Tempo di lettura stimato\" \/>\n\t<meta name=\"twitter:data2\" content=\"6 minuti\" \/>\n<script type=\"application\/ld+json\" class=\"yoast-schema-graph\">{\"@context\":\"https:\/\/schema.org\",\"@graph\":[{\"@type\":\"Article\",\"@id\":\"https:\/\/centcols.org\/assemblee-generale-des-28-et-29-novembre-2009-a-yenne-savoie\/#article\",\"isPartOf\":{\"@id\":\"https:\/\/centcols.org\/assemblee-generale-des-28-et-29-novembre-2009-a-yenne-savoie\/\"},\"author\":{\"name\":\"Webmestre\",\"@id\":\"https:\/\/centcols.org\/#\/schema\/person\/911b404fb133d8c913dd27cdcf71c8e5\"},\"headline\":\"Assembl\u00e9e g\u00e9n\u00e9rale des 28 et 29 novembre 2009 \u00e0 Yenne (Savoie)\",\"datePublished\":\"2015-04-15T11:55:06+00:00\",\"dateModified\":\"2025-11-06T03:02:13+00:00\",\"mainEntityOfPage\":{\"@id\":\"https:\/\/centcols.org\/assemblee-generale-des-28-et-29-novembre-2009-a-yenne-savoie\/\"},\"wordCount\":983,\"publisher\":{\"@id\":\"https:\/\/centcols.org\/#organization\"},\"image\":{\"@id\":\"https:\/\/centcols.org\/assemblee-generale-des-28-et-29-novembre-2009-a-yenne-savoie\/#primaryimage\"},\"thumbnailUrl\":\"https:\/\/centcols.org\/wp-content\/uploads\/2015\/04\/panorama-yenne-accueil.jpg\",\"articleSection\":[\"Assembl\u00e9es g\u00e9n\u00e9rales\",\"Calendrier\"],\"inLanguage\":\"it-IT\"},{\"@type\":\"WebPage\",\"@id\":\"https:\/\/centcols.org\/assemblee-generale-des-28-et-29-novembre-2009-a-yenne-savoie\/\",\"url\":\"https:\/\/centcols.org\/assemblee-generale-des-28-et-29-novembre-2009-a-yenne-savoie\/\",\"name\":\"Assembl\u00e9e g\u00e9n\u00e9rale des 28 et 29 novembre 2009 \u00e0 Yenne (Savoie) - Club des Cent Cols\",\"isPartOf\":{\"@id\":\"https:\/\/centcols.org\/#website\"},\"primaryImageOfPage\":{\"@id\":\"https:\/\/centcols.org\/assemblee-generale-des-28-et-29-novembre-2009-a-yenne-savoie\/#primaryimage\"},\"image\":{\"@id\":\"https:\/\/centcols.org\/assemblee-generale-des-28-et-29-novembre-2009-a-yenne-savoie\/#primaryimage\"},\"thumbnailUrl\":\"https:\/\/centcols.org\/wp-content\/uploads\/2015\/04\/panorama-yenne-accueil.jpg\",\"datePublished\":\"2015-04-15T11:55:06+00:00\",\"dateModified\":\"2025-11-06T03:02:13+00:00\",\"breadcrumb\":{\"@id\":\"https:\/\/centcols.org\/assemblee-generale-des-28-et-29-novembre-2009-a-yenne-savoie\/#breadcrumb\"},\"inLanguage\":\"it-IT\",\"potentialAction\":[{\"@type\":\"ReadAction\",\"target\":[\"https:\/\/centcols.org\/assemblee-generale-des-28-et-29-novembre-2009-a-yenne-savoie\/\"]}]},{\"@type\":\"ImageObject\",\"inLanguage\":\"it-IT\",\"@id\":\"https:\/\/centcols.org\/assemblee-generale-des-28-et-29-novembre-2009-a-yenne-savoie\/#primaryimage\",\"url\":\"https:\/\/centcols.org\/wp-content\/uploads\/2015\/04\/panorama-yenne-accueil.jpg\",\"contentUrl\":\"https:\/\/centcols.org\/wp-content\/uploads\/2015\/04\/panorama-yenne-accueil.jpg\",\"width\":1366,\"height\":444},{\"@type\":\"BreadcrumbList\",\"@id\":\"https:\/\/centcols.org\/assemblee-generale-des-28-et-29-novembre-2009-a-yenne-savoie\/#breadcrumb\",\"itemListElement\":[{\"@type\":\"ListItem\",\"position\":1,\"name\":\"Accueil\",\"item\":\"https:\/\/centcols.org\/\"},{\"@type\":\"ListItem\",\"position\":2,\"name\":\"Assembl\u00e9es g\u00e9n\u00e9rales\",\"item\":\"https:\/\/centcols.org\/rubrique\/assemblees-generales\/\"},{\"@type\":\"ListItem\",\"position\":3,\"name\":\"Assembl\u00e9e g\u00e9n\u00e9rale des 28 et 29 novembre 2009 \u00e0 Yenne (Savoie)\"}]},{\"@type\":\"WebSite\",\"@id\":\"https:\/\/centcols.org\/#website\",\"url\":\"https:\/\/centcols.org\/\",\"name\":\"Club des Cent Cols\",\"description\":\"\",\"publisher\":{\"@id\":\"https:\/\/centcols.org\/#organization\"},\"potentialAction\":[{\"@type\":\"SearchAction\",\"target\":{\"@type\":\"EntryPoint\",\"urlTemplate\":\"https:\/\/centcols.org\/?s={search_term_string}\"},\"query-input\":{\"@type\":\"PropertyValueSpecification\",\"valueRequired\":true,\"valueName\":\"search_term_string\"}}],\"inLanguage\":\"it-IT\"},{\"@type\":\"Organization\",\"@id\":\"https:\/\/centcols.org\/#organization\",\"name\":\"Club des Cent Cols\",\"url\":\"https:\/\/centcols.org\/\",\"logo\":{\"@type\":\"ImageObject\",\"inLanguage\":\"it-IT\",\"@id\":\"https:\/\/centcols.org\/#\/schema\/logo\/image\/\",\"url\":\"https:\/\/centcols.org\/wp-content\/uploads\/2025\/01\/carte-icone.png\",\"contentUrl\":\"https:\/\/centcols.org\/wp-content\/uploads\/2025\/01\/carte-icone.png\",\"width\":250,\"height\":250,\"caption\":\"Club des Cent Cols\"},\"image\":{\"@id\":\"https:\/\/centcols.org\/#\/schema\/logo\/image\/\"},\"sameAs\":[\"https:\/\/www.facebook.com\/groups\/5261880558\/?locale=fr_FR\"]},{\"@type\":\"Person\",\"@id\":\"https:\/\/centcols.org\/#\/schema\/person\/911b404fb133d8c913dd27cdcf71c8e5\",\"name\":\"Webmestre\",\"image\":{\"@type\":\"ImageObject\",\"inLanguage\":\"it-IT\",\"@id\":\"https:\/\/centcols.org\/wp-content\/litespeed\/avatar\/2d246e4b6b4f773e08515e1ffc53690b.jpg?ver=1777222892\",\"url\":\"https:\/\/centcols.org\/wp-content\/litespeed\/avatar\/2d246e4b6b4f773e08515e1ffc53690b.jpg?ver=1777222892\",\"contentUrl\":\"https:\/\/centcols.org\/wp-content\/litespeed\/avatar\/2d246e4b6b4f773e08515e1ffc53690b.jpg?ver=1777222892\",\"caption\":\"Webmestre\"},\"url\":\"https:\/\/centcols.org\/it\/author\/webmestre\/\"}]}<\/script>\n<!-- \/ Yoast SEO plugin. -->","yoast_head_json":{"title":"Assemblea generale del 28 e 29 novembre 2009 a Yenne (Savoia) - Club des Cent Cols","robots":{"index":"index","follow":"follow","max-snippet":"max-snippet:-1","max-image-preview":"max-image-preview:large","max-video-preview":"max-video-preview:-1"},"canonical":"https:\/\/centcols.org\/it\/assemblea-generale-del-28-e-29-novembre-2009-a-yenne-savoia\/","og_locale":"it_IT","og_type":"article","og_title":"Assembl\u00e9e g\u00e9n\u00e9rale des 28 et 29 novembre 2009 \u00e0 Yenne (Savoie) - Club des Cent Cols","og_description":"Pr\u00e9sentation Petite ville de 2 650 habitants situ\u00e9e sur les bords du Rh\u00f4ne dans l\u2019avant-pays savoyard, YENNE a eu l\u2019honneur d\u2019\u00eatre choisie pour accueillir notre Assembl\u00e9e g\u00e9n\u00e9rale 2009. Le club local, les \u00ab Cyclotouristes Yennois \u00bb, qui compte actuellement une quarantaine de membres, a \u00e9t\u00e9 cr\u00e9e en 1976. Depuis cette date, les dirigeants locaux ont [&hellip;]","og_url":"https:\/\/centcols.org\/it\/assemblea-generale-del-28-e-29-novembre-2009-a-yenne-savoia\/","og_site_name":"Club des Cent Cols","article_publisher":"https:\/\/www.facebook.com\/groups\/5261880558\/?locale=fr_FR","article_published_time":"2015-04-15T11:55:06+00:00","article_modified_time":"2025-11-06T03:02:13+00:00","og_image":[{"width":1366,"height":444,"url":"https:\/\/centcols.org\/wp-content\/uploads\/2015\/04\/panorama-yenne-accueil.jpg","type":"image\/jpeg"}],"author":"Webmestre","twitter_card":"summary_large_image","twitter_misc":{"Scritto da":"Webmestre","Tempo di lettura stimato":"6 minuti"},"schema":{"@context":"https:\/\/schema.org","@graph":[{"@type":"Article","@id":"https:\/\/centcols.org\/assemblee-generale-des-28-et-29-novembre-2009-a-yenne-savoie\/#article","isPartOf":{"@id":"https:\/\/centcols.org\/assemblee-generale-des-28-et-29-novembre-2009-a-yenne-savoie\/"},"author":{"name":"Webmestre","@id":"https:\/\/centcols.org\/#\/schema\/person\/911b404fb133d8c913dd27cdcf71c8e5"},"headline":"Assembl\u00e9e g\u00e9n\u00e9rale des 28 et 29 novembre 2009 \u00e0 Yenne (Savoie)","datePublished":"2015-04-15T11:55:06+00:00","dateModified":"2025-11-06T03:02:13+00:00","mainEntityOfPage":{"@id":"https:\/\/centcols.org\/assemblee-generale-des-28-et-29-novembre-2009-a-yenne-savoie\/"},"wordCount":983,"publisher":{"@id":"https:\/\/centcols.org\/#organization"},"image":{"@id":"https:\/\/centcols.org\/assemblee-generale-des-28-et-29-novembre-2009-a-yenne-savoie\/#primaryimage"},"thumbnailUrl":"https:\/\/centcols.org\/wp-content\/uploads\/2015\/04\/panorama-yenne-accueil.jpg","articleSection":["Assembl\u00e9es g\u00e9n\u00e9rales","Calendrier"],"inLanguage":"it-IT"},{"@type":"WebPage","@id":"https:\/\/centcols.org\/assemblee-generale-des-28-et-29-novembre-2009-a-yenne-savoie\/","url":"https:\/\/centcols.org\/assemblee-generale-des-28-et-29-novembre-2009-a-yenne-savoie\/","name":"Assemblea generale del 28 e 29 novembre 2009 a Yenne (Savoia) - Club des Cent Cols","isPartOf":{"@id":"https:\/\/centcols.org\/#website"},"primaryImageOfPage":{"@id":"https:\/\/centcols.org\/assemblee-generale-des-28-et-29-novembre-2009-a-yenne-savoie\/#primaryimage"},"image":{"@id":"https:\/\/centcols.org\/assemblee-generale-des-28-et-29-novembre-2009-a-yenne-savoie\/#primaryimage"},"thumbnailUrl":"https:\/\/centcols.org\/wp-content\/uploads\/2015\/04\/panorama-yenne-accueil.jpg","datePublished":"2015-04-15T11:55:06+00:00","dateModified":"2025-11-06T03:02:13+00:00","breadcrumb":{"@id":"https:\/\/centcols.org\/assemblee-generale-des-28-et-29-novembre-2009-a-yenne-savoie\/#breadcrumb"},"inLanguage":"it-IT","potentialAction":[{"@type":"ReadAction","target":["https:\/\/centcols.org\/assemblee-generale-des-28-et-29-novembre-2009-a-yenne-savoie\/"]}]},{"@type":"ImageObject","inLanguage":"it-IT","@id":"https:\/\/centcols.org\/assemblee-generale-des-28-et-29-novembre-2009-a-yenne-savoie\/#primaryimage","url":"https:\/\/centcols.org\/wp-content\/uploads\/2015\/04\/panorama-yenne-accueil.jpg","contentUrl":"https:\/\/centcols.org\/wp-content\/uploads\/2015\/04\/panorama-yenne-accueil.jpg","width":1366,"height":444},{"@type":"BreadcrumbList","@id":"https:\/\/centcols.org\/assemblee-generale-des-28-et-29-novembre-2009-a-yenne-savoie\/#breadcrumb","itemListElement":[{"@type":"ListItem","position":1,"name":"Accueil","item":"https:\/\/centcols.org\/"},{"@type":"ListItem","position":2,"name":"Assembl\u00e9es g\u00e9n\u00e9rales","item":"https:\/\/centcols.org\/rubrique\/assemblees-generales\/"},{"@type":"ListItem","position":3,"name":"Assembl\u00e9e g\u00e9n\u00e9rale des 28 et 29 novembre 2009 \u00e0 Yenne (Savoie)"}]},{"@type":"WebSite","@id":"https:\/\/centcols.org\/#website","url":"https:\/\/centcols.org\/","name":"Club des Cent Cols","description":"","publisher":{"@id":"https:\/\/centcols.org\/#organization"},"potentialAction":[{"@type":"SearchAction","target":{"@type":"EntryPoint","urlTemplate":"https:\/\/centcols.org\/?s={search_term_string}"},"query-input":{"@type":"PropertyValueSpecification","valueRequired":true,"valueName":"search_term_string"}}],"inLanguage":"it-IT"},{"@type":"Organization","@id":"https:\/\/centcols.org\/#organization","name":"Club des Cent Cols","url":"https:\/\/centcols.org\/","logo":{"@type":"ImageObject","inLanguage":"it-IT","@id":"https:\/\/centcols.org\/#\/schema\/logo\/image\/","url":"https:\/\/centcols.org\/wp-content\/uploads\/2025\/01\/carte-icone.png","contentUrl":"https:\/\/centcols.org\/wp-content\/uploads\/2025\/01\/carte-icone.png","width":250,"height":250,"caption":"Club des Cent Cols"},"image":{"@id":"https:\/\/centcols.org\/#\/schema\/logo\/image\/"},"sameAs":["https:\/\/www.facebook.com\/groups\/5261880558\/?locale=fr_FR"]},{"@type":"Person","@id":"https:\/\/centcols.org\/#\/schema\/person\/911b404fb133d8c913dd27cdcf71c8e5","name":"Webmaster","image":{"@type":"ImageObject","inLanguage":"it-IT","@id":"https:\/\/centcols.org\/wp-content\/litespeed\/avatar\/2d246e4b6b4f773e08515e1ffc53690b.jpg?ver=1777222892","url":"https:\/\/centcols.org\/wp-content\/litespeed\/avatar\/2d246e4b6b4f773e08515e1ffc53690b.jpg?ver=1777222892","contentUrl":"https:\/\/centcols.org\/wp-content\/litespeed\/avatar\/2d246e4b6b4f773e08515e1ffc53690b.jpg?ver=1777222892","caption":"Webmestre"},"url":"https:\/\/centcols.org\/it\/author\/webmestre\/"}]}},"_links":{"self":[{"href":"https:\/\/centcols.org\/it\/wp-json\/wp\/v2\/posts\/81755","targetHints":{"allow":["GET"]}}],"collection":[{"href":"https:\/\/centcols.org\/it\/wp-json\/wp\/v2\/posts"}],"about":[{"href":"https:\/\/centcols.org\/it\/wp-json\/wp\/v2\/types\/post"}],"author":[{"embeddable":true,"href":"https:\/\/centcols.org\/it\/wp-json\/wp\/v2\/users\/3"}],"replies":[{"embeddable":true,"href":"https:\/\/centcols.org\/it\/wp-json\/wp\/v2\/comments?post=81755"}],"version-history":[{"count":0,"href":"https:\/\/centcols.org\/it\/wp-json\/wp\/v2\/posts\/81755\/revisions"}],"wp:featuredmedia":[{"embeddable":true,"href":"https:\/\/centcols.org\/it\/wp-json\/wp\/v2\/media\/83380"}],"wp:attachment":[{"href":"https:\/\/centcols.org\/it\/wp-json\/wp\/v2\/media?parent=81755"}],"wp:term":[{"taxonomy":"category","embeddable":true,"href":"https:\/\/centcols.org\/it\/wp-json\/wp\/v2\/categories?post=81755"},{"taxonomy":"post_tag","embeddable":true,"href":"https:\/\/centcols.org\/it\/wp-json\/wp\/v2\/tags?post=81755"}],"curies":[{"name":"wp","href":"https:\/\/api.w.org\/{rel}","templated":true}]}}