{"id":81757,"date":"2016-01-16T06:00:04","date_gmt":"2016-01-16T04:00:04","guid":{"rendered":"https:\/\/centcols.org\/sejour-de-printemps-a-ghisonaccia-corse-du-24-au-30-avril-2016\/"},"modified":"2025-08-29T18:03:18","modified_gmt":"2025-08-29T16:03:18","slug":"2016-pausa-ghisonaccia","status":"publish","type":"post","link":"https:\/\/centcols.org\/it\/sejour-2016-ghisonaccia\/","title":{"rendered":"Vacanze di primavera a Ghisonaccia (Corsica) dal 24 al 30 aprile 2016"},"content":{"rendered":"<p>Non capita spesso che i membri del Club des Cent Cols si incontrino in \"pianura\", al di fuori delle loro amate montagne dove abbondano i passi comuni, i piccoli passi, i passi difficili o i passi mitici, e sulla \"Pianura Orientale\", che ricorda pi\u00f9 gli aridi deserti delle regioni meridionali o orientali, o ancora le fredde steppe dei grandi spazi nordici. S\u00ec, ci incontriamo nella pianura orientale, ma in Corsica, che non \u00e8 arida e non \u00e8 affatto una terra fredda!<\/p>\n\n\n\n<h2 class=\"wp-block-heading\">Presentazione<\/h2>\n\n\n\n<p>L'alloggio \u00e8 previsto presso il villaggio turistico e il campeggio di <a href=\"http:\/\/www.camping-corse.fr\/\" target=\"_blank\" rel=\"noopener\">l'Arinella Bianca<\/a> nel comune di Ghisonaccia (Haute-Corse). Questo comune si trova al margine marittimo della vasta pianura orientale della Corsica e nella parte meridionale. Pochi chilometri pi\u00f9 a ovest, invece, si trovano i primi passi del vasto anfiteatro naturale formato dai contrafforti delle montagne corse. Al\u00e9ria, la nota citt\u00e0 antica, si trova quindici chilometri pi\u00f9 a nord.<br>Ghisonaccia \u00e8 al centro di una vasta area di produzione agricola, vinicola, di molluschi e ostriche. \u00c8 anche un importante centro turistico, di cui il borgo di Arinella Bianca \u00e8 uno dei gioielli.<br>Il modo migliore per raggiungere l'isola \u00e8 attraverso il porto di Bastia, situato 90 chilometri pi\u00f9 a nord e collegato a Ghisonaccia da belle strade larghe e diritte. I porti d'imbarco sono Marsiglia per M\u00e9ridionale, Tolone o Nizza per Corsica Ferries. Ci sono anche Genova e Savona per alcune compagnie italiane. Si tenga presente, tuttavia, che prima si prenota il biglietto, meno costa.<br>Il lancio di una nuova compagnia che sostituir\u00e0 SNCM \u00e8 previsto per l'inverno 2015-2016. Restate sintonizzati!<\/p>\n\n\n\n<ul class=\"wp-block-list\">\n<li><a href=\"http:\/\/www.lameridionale.fr\/\">http:\/\/www.lameridionale.fr\/<\/a><\/li>\n\n\n\n<li><a href=\"http:\/\/www.corsica-ferries.fr\/\">http:\/\/www.corsica-ferries.fr\/<\/a><\/li>\n<\/ul>\n\n\n\n<figure class=\"wp-block-gallery has-nested-images columns-3 is-cropped wp-block-gallery-1 is-layout-flex wp-block-gallery-is-layout-flex\">\n<figure class=\"wp-block-image size-full\"><a href=\"https:\/\/centcols.org\/wp-content\/uploads\/2025\/08\/Photo-122-e.jpg\"><img loading=\"lazy\" decoding=\"async\" width=\"800\" height=\"600\" data-id=\"88541\" src=\"https:\/\/centcols.org\/wp-content\/uploads\/2025\/08\/Photo-122-e.jpg\" alt=\"\" class=\"wp-image-88541\" srcset=\"https:\/\/centcols.org\/wp-content\/uploads\/2025\/08\/Photo-122-e.jpg 800w, https:\/\/centcols.org\/wp-content\/uploads\/2025\/08\/Photo-122-e-768x576.jpg 768w\" sizes=\"auto, (max-width: 800px) 100vw, 800px\" \/><\/a><\/figure>\n\n\n\n<figure class=\"wp-block-image size-full\"><a href=\"https:\/\/centcols.org\/wp-content\/uploads\/2025\/08\/blason-corse-e.jpg\"><img loading=\"lazy\" decoding=\"async\" width=\"350\" height=\"388\" data-id=\"88542\" src=\"https:\/\/centcols.org\/wp-content\/uploads\/2025\/08\/blason-corse-e.jpg\" alt=\"\" class=\"wp-image-88542\"\/><\/a><\/figure>\n\n\n\n<figure class=\"wp-block-image size-full\"><a href=\"https:\/\/centcols.org\/wp-content\/uploads\/2025\/08\/Corse-2006-029-1200x900-1.jpg\"><img loading=\"lazy\" decoding=\"async\" width=\"1200\" height=\"900\" data-id=\"88544\" src=\"https:\/\/centcols.org\/wp-content\/uploads\/2025\/08\/Corse-2006-029-1200x900-1.jpg\" alt=\"\" class=\"wp-image-88544\" srcset=\"https:\/\/centcols.org\/wp-content\/uploads\/2025\/08\/Corse-2006-029-1200x900-1.jpg 1200w, https:\/\/centcols.org\/wp-content\/uploads\/2025\/08\/Corse-2006-029-1200x900-1-768x576.jpg 768w\" sizes=\"auto, (max-width: 1200px) 100vw, 1200px\" \/><\/a><\/figure>\n<\/figure>\n\n\n\n<h2 class=\"wp-block-heading\">Tour<\/h2>\n\n\n\n<p>Alla fine dell'inverno 2015\/2016, le nostre gambe non avranno ancora raggiunto il loro pieno potenziale. Visita <a class=\"iframe-fancybox\" href=\"\/it\/membres\/cctours\/tours.php\/?lieu=Ghisonaccia&amp;an=2016\">percorso<\/a> sar\u00e0 quindi legato a questo stato di transizione. La distanza da percorrere da <a class=\"iframe-fancybox\" href=\"\/it\/membres\/cctours\/tours.php\/?lieu=Ghisonaccia&amp;an=2016&amp;genre=R\">percorsi stradali<\/a> sar\u00e0 compresa tra 50 e 150 km, con una differenza di altitudine tra 850 e 2260 m. Il <a class=\"iframe-fancybox\" href=\"\/it\/membres\/cctours\/tours.php\/?lieu=Ghisonaccia&amp;an=2016&amp;genre=V\">mulattiere<\/a> variano da 18 a 67 km, con un dislivello compreso tra 800 e 1.700 metri. Le mappe e gli itinerari vi permetteranno di pianificare il vostro percorso come desiderate.<br>Le sette strade e le otto mulattiere vi permetteranno di scoprire il lato orientale della Corsica. La Castagniccia chiude la pianura a nord. I suoi numerosi villaggi, con le case in pietra e i tetti in ardesia addossati l'uno all'altro, emergono dagli scuri e vasti castagneti. Pi\u00f9 a sud si trovano le valli, tutte rivolte a est, che irrigano la pianura orientale, dove i villaggi si trovano anche sui crinali, formando punti panoramici sulla pianura orientale, sul Mar Tirreno, sull'arcipelago toscano e persino sulla Toscana in lontananza, sormontata dalle cime innevate degli Appennini. A sud, i massicci di Bavella e Paliri, bastioni di granito scolpiti dai millenni. Infine, nell'estremo sud della Corsica, il rilievo costiero alterna golfi con spiagge e punte rocciose. Anche Bonifacio, costruita a cavallo del suo fiordo e delle sue bianche scogliere, merita una visita.<br>Tutti gli itinerari richiedono un avvicinamento preventivo in auto, in media 25 km su strade rettilinee. Spesso, ma non sempre, le partenze dei percorsi stradali e mulattieri saranno nella stessa area geografica.<br>Tutto sommato, la nostra impronta di carbonio \u00e8 ancora molto favorevole!<\/p>\n\n\n\n<h2 class=\"wp-block-heading\">Colli<\/h2>\n\n\n\n<p>Nominarli tutti sarebbe noioso, ma alcuni meritano una menzione speciale.<\/p>\n\n\n\n<ul class=\"wp-block-list\">\n<li>Il Col de Bavella: riconosciuto come uno dei passi pi\u00f9 belli di Francia.<\/li>\n\n\n\n<li>Il Col de Verde: il terzo passo stradale pi\u00f9 alto della Corsica meridionale, con 30 km di strade costeggiate da foreste di pino laricio.<\/li>\n\n\n\n<li>Il Col de Sorba: il passo stradale pi\u00f9 alto dell'Alta Corsica, sullo stesso percorso del precedente. \u00c8 anche il pi\u00f9 alpino!<\/li>\n\n\n\n<li>Il Col d'Illarata: nella magnifica foresta dell'Ospedale. Pineta ma anche boschi di monoliti di granito. La lunga discesa si affaccia sui golfi costieri della \"Citt\u00e0 del Sale\", Porto-Vecchio.<\/li>\n\n\n\n<li>Oserei citare il circuito R4, \"Le Grand Sud\", che collega 12 passi, di cui 7 a meno di 100 m sul livello del mare, 3 a meno di 200 m e 2 a meno di 300 m! Disgustoso per gli scalatori di passi?<\/li>\n\n\n\n<li>Altre glorie locali: Bocca di a Guardia, 19 m prima che la strada fosse spianata. Col Saint-Roch, il passo pi\u00f9 meridionale della Francia.<\/li>\n<\/ul>\n\n\n\n<p>I passi mulattieri sono pi\u00f9 discreti e meno conosciuti. La maggior parte si trova alla fine di un sentiero che si snoda tra vaste foreste di pini laricio, dritto e potente al riparo di valli, tormentate all'approssimarsi di alcuni passi ventosi. Qualche altro passaggio richiede un po' di abilit\u00e0 o pazienza per essere raggiunto alla fine di un sentiero.<\/p>\n\n\n\n<p>Molti di noi hanno gi\u00e0 percorso le strade e i sentieri della Corsica. Ma non c'\u00e8 dubbio che nasconda ancora qualche gioiello, lontano dai principali itinerari escursionistici classici. Settantaquattro passi si trovano sui percorsi stradali e settantaquattro sulle mulattiere.<\/p>\n\n\n\n<h2 class=\"wp-block-heading\">Alloggio<\/h2>\n\n\n\n<p>Il villaggio vacanze, <a href=\"http:\/\/www.camping-corse.fr\/\" target=\"_blank\" rel=\"noopener\">l'Arinella Bianca<\/a>Arinella bianca si trova a quattro chilometri e mezzo a est della citt\u00e0 di Ghisonaccia. Arinella bianca significa spiaggia bianca. Ed \u00e8 proprio una spiaggia bianca quella che si trova a due passi dalla sala da pranzo del centro.<br>La sistemazione sar\u00e0 in case mobili: 32 m<sup>2<\/sup>Due camere da letto, una con letto matrimoniale e l'altra con due letti singoli. Occupazione solo per due persone. Lenzuola e asciugamani forniti. Piccola cucina completamente attrezzata e bella terrazza. Pulizia di fine soggiorno inclusa.<\/p>\n\n\n\n<figure class=\"wp-block-gallery has-nested-images columns-3 is-cropped wp-block-gallery-2 is-layout-flex wp-block-gallery-is-layout-flex\">\n<figure class=\"wp-block-image size-full\"><a href=\"https:\/\/centcols.org\/wp-content\/uploads\/2025\/08\/DSC04558-1200x900-1.jpg\"><img loading=\"lazy\" decoding=\"async\" width=\"1200\" height=\"900\" data-id=\"88545\" src=\"https:\/\/centcols.org\/wp-content\/uploads\/2025\/08\/DSC04558-1200x900-1.jpg\" alt=\"\" class=\"wp-image-88545\" srcset=\"https:\/\/centcols.org\/wp-content\/uploads\/2025\/08\/DSC04558-1200x900-1.jpg 1200w, https:\/\/centcols.org\/wp-content\/uploads\/2025\/08\/DSC04558-1200x900-1-768x576.jpg 768w\" sizes=\"auto, (max-width: 1200px) 100vw, 1200px\" \/><\/a><\/figure>\n\n\n\n<figure class=\"wp-block-image size-full\"><a href=\"https:\/\/centcols.org\/wp-content\/uploads\/2025\/08\/Photo-079-e.jpg\"><img loading=\"lazy\" decoding=\"async\" width=\"800\" height=\"600\" data-id=\"88546\" src=\"https:\/\/centcols.org\/wp-content\/uploads\/2025\/08\/Photo-079-e.jpg\" alt=\"\" class=\"wp-image-88546\" srcset=\"https:\/\/centcols.org\/wp-content\/uploads\/2025\/08\/Photo-079-e.jpg 800w, https:\/\/centcols.org\/wp-content\/uploads\/2025\/08\/Photo-079-e-768x576.jpg 768w\" sizes=\"auto, (max-width: 800px) 100vw, 800px\" \/><\/a><\/figure>\n\n\n\n<figure class=\"wp-block-image size-full\"><a href=\"https:\/\/centcols.org\/wp-content\/uploads\/2025\/08\/Photo-101-e.jpg\"><img loading=\"lazy\" decoding=\"async\" width=\"800\" height=\"600\" data-id=\"88547\" src=\"https:\/\/centcols.org\/wp-content\/uploads\/2025\/08\/Photo-101-e.jpg\" alt=\"\" class=\"wp-image-88547\" srcset=\"https:\/\/centcols.org\/wp-content\/uploads\/2025\/08\/Photo-101-e.jpg 800w, https:\/\/centcols.org\/wp-content\/uploads\/2025\/08\/Photo-101-e-768x576.jpg 768w\" sizes=\"auto, (max-width: 800px) 100vw, 800px\" \/><\/a><\/figure>\n<\/figure>\n\n\n\n<p>Per i campeggiatori: tariffe \"ACSI\" negoziate per tutti. 19 \u20ac + 0,65 \u20ac (tasse) \/persona\/giorno. Prenotazioni da effettuare individualmente.<br>\u00c8 possibile anticipare l'arrivo o prolungare il soggiorno al costo di 49 \u20ac per alloggio per due persone al giorno. Le prenotazioni devono essere effettuate direttamente presso il centro vacanze.<\/p>\n\n\n\n<p>Il tour inizier\u00e0 domenica mattina 24\/04\/2016 all'arrivo dei partecipanti. I bagagli verranno lasciati e la partenza per i tour R1 o V1 avverr\u00e0 alle 11.00. Le chiavi dell'alloggio saranno consegnate al ritorno.<br>La serata di sabato 30\/04 segner\u00e0 la fine della vacanza, dopo la giornata di escursione. A tutti verr\u00e0 consegnato il pranzo al sacco per la sera.<\/p>\n\n\n\n<p>L'Arinella Bianca, Route de la mer, 20240 GHISONACCIA<br>Contatto: MARTINA - tel: +33 (0)4 95 56 04 78 - e-mail:&nbsp; <a href=\"\/it\/&\/#x6d;&#97;&#x69;&#108;t&#x6f;&#58;a&#x72;&#105;&#x6e;&#x65;l&#x6c;&#97;&#64;&#x61;&#114;&#x69;&#x6e;e&#x6c;&#108;a&#x62;&#105;a&#x6e;&#99;&#x61;&#46;c&#x6f;&#109;\">arinella@arinellabianca.com<\/a><br>Lat. 42.0168 Long. 9.4040 (vedi mappa sotto)<\/p>\n\n\n\n<h2 class=\"wp-block-heading\">Consigli utili<\/h2>\n\n\n\n<p>Meteo: la primavera \u00e8 una stagione piovosa in Corsica, ma pu\u00f2 anche essere calda.  Assicuratevi di portare l'attrezzatura adatta.<\/p>\n\n\n\n<p>Strade: non sono riservate ai ciclisti e sono utilizzate tutto l'anno dagli abitanti del luogo per i loro spostamenti e per il lavoro. Cerchiamo di rispettarle! Lo stesso vale per le aree di parcheggio!<\/p>\n\n\n\n<p>In particolare gli abitanti del luogo: saranno felici se vi interesserete a loro, salutandoli se li vedrete, parlando con loro o chiedendo loro informazioni sul loro Paese.<\/p>\n\n\n\n<p>Non ci sono negozi di biciclette a Ghisonaccia, ma a Porto-Vecchio, a 56 km di distanza.<\/p>\n\n\n\n<h2 class=\"wp-block-heading\">Turismo<\/h2>\n\n\n\n<h3 class=\"wp-block-heading\">&nbsp;Siti web informativi:<\/h3>\n\n\n\n<ul class=\"wp-block-list\">\n<li><a href=\"http:\/\/www.corsica-costaserena.com\" target=\"_blank\" rel=\"noopener\">http:\/\/www.corsica-costaserena.com<\/a><\/li>\n\n\n\n<li><a href=\"http:\/\/www.oriente-corsica.com\" target=\"_blank\" rel=\"noopener\">http:\/\/www.oriente-corsica.com <\/a><\/li>\n<\/ul>\n\n\n\n<h3 class=\"wp-block-heading\">Cose da vedere e da fare nella zona<\/h3>\n\n\n\n<ul class=\"wp-block-list\">\n<li>Il Museo Al\u00e9ria, ospitato nel forte di Matra, racconta dieci secoli di storia della Corsica, dal X secolo a.C. al V secolo d.C.. Dal X secolo a.C. al V secolo d.C.<\/li>\n\n\n\n<li>L'antico sito di Al\u00e9ria, vestigia dell'occupazione romana.<\/li>\n\n\n\n<li>Il museo Mnemosina a Prunelli di Fium'Orbu, che rievoca la storia di Fium'Orbu attraverso i secoli.<\/li>\n\n\n\n<li>I villaggi dei versanti orientali, arroccati su crinali che dominano le valli fluviali e la pianura orientale, e il loro patrimonio edilizio.<\/li>\n\n\n\n<li>I prodotti degli artigiani e degli agricoltori locali. Visitate le loro botteghe, i laboratori o le fattorie.<\/li>\n\n\n\n<li>Passeggiate lungo i sentieri intorno ai villaggi o lungo gli stagni costieri, suggestivi per l'ambiente naturale.<\/li>\n<\/ul>\n\n\n\n<p>L'ufficio turistico di Ghisonaccia offrir\u00e0 un programma giornaliero di visite e passeggiate nei dintorni. Una guida culturale sar\u00e0 inoltre a disposizione per aiutarvi a visitare i siti caratteristici della microregione.<\/p>\n\n\n\n<p>Bernard Giraudeau CC 3872<\/p>\n\n\n\n<h2 class=\"wp-block-heading\">Iscrizione<\/h2>\n\n\n\n<p>Per iscriversi, scaricare il modulo di iscrizione in formato PDF e seguire le istruzioni ivi contenute.<\/p>","protected":false},"excerpt":{"rendered":"<p>Ce n\u2019est pas courant que les membres du Club des Cent Cols se donnent rendez-vous en \u00ab&nbsp;plaine&nbsp;\u00bb, en dehors de leurs ch\u00e8res montagnes o\u00f9 se cueillent \u00e0 foison le col commun, le petit col, le col dur ou le col mythique&nbsp;et en \u00ab Plaine orientale&nbsp;\u00bb de surcro\u00eet, qui \u00e9voque plut\u00f4t les d\u00e9serts arides des contr\u00e9es [&hellip;]<\/p>\n","protected":false},"author":3,"featured_media":82966,"comment_status":"closed","ping_status":"closed","sticky":false,"template":"","format":"standard","meta":{"_acf_changed":false,"footnotes":""},"categories":[349,368,366,399,135,231],"tags":[],"class_list":["post-81757","post","type-post","status-publish","format-standard","has-post-thumbnail","hentry","category-france-pays-sejours","category-corse-region-sejours","category-20-corse","category-corse-massif-sejours","category-calendrier","category-sejours"],"acf":[],"yoast_head":"<!-- This site is optimized with the Yoast SEO plugin v27.2 - https:\/\/yoast.com\/product\/yoast-seo-wordpress\/ -->\n<title>S\u00e9jour de printemps \u00e0 Ghisonaccia (Corse) du 24 au 30 avril 2016 - Club des Cent Cols<\/title>\n<meta name=\"robots\" content=\"index, follow, max-snippet:-1, max-image-preview:large, max-video-preview:-1\" \/>\n<link rel=\"canonical\" href=\"https:\/\/centcols.org\/it\/2016-pausa-ghisonaccia\/\" \/>\n<meta property=\"og:locale\" content=\"it_IT\" \/>\n<meta property=\"og:type\" content=\"article\" \/>\n<meta property=\"og:title\" content=\"S\u00e9jour de printemps \u00e0 Ghisonaccia (Corse) du 24 au 30 avril 2016 - Club des Cent Cols\" \/>\n<meta property=\"og:description\" content=\"Ce n\u2019est pas courant que les membres du Club des Cent Cols se donnent rendez-vous en \u00ab&nbsp;plaine&nbsp;\u00bb, en dehors de leurs ch\u00e8res montagnes o\u00f9 se cueillent \u00e0 foison le col commun, le petit col, le col dur ou le col mythique&nbsp;et en \u00ab Plaine orientale&nbsp;\u00bb de surcro\u00eet, qui \u00e9voque plut\u00f4t les d\u00e9serts arides des contr\u00e9es [&hellip;]\" \/>\n<meta property=\"og:url\" content=\"https:\/\/centcols.org\/it\/2016-pausa-ghisonaccia\/\" \/>\n<meta property=\"og:site_name\" content=\"Club des Cent Cols\" \/>\n<meta property=\"article:publisher\" content=\"https:\/\/www.facebook.com\/groups\/5261880558\/?locale=fr_FR\" \/>\n<meta property=\"article:published_time\" content=\"2016-01-16T04:00:04+00:00\" \/>\n<meta property=\"article:modified_time\" content=\"2025-08-29T16:03:18+00:00\" \/>\n<meta property=\"og:image\" content=\"https:\/\/centcols.org\/wp-content\/uploads\/2015\/10\/DSC04558-1200x9001-1.jpg\" \/>\n\t<meta property=\"og:image:width\" content=\"1200\" \/>\n\t<meta property=\"og:image:height\" content=\"900\" \/>\n\t<meta property=\"og:image:type\" content=\"image\/jpeg\" \/>\n<meta name=\"author\" content=\"Webmestre\" \/>\n<meta name=\"twitter:card\" content=\"summary_large_image\" \/>\n<meta name=\"twitter:label1\" content=\"Scritto da\" \/>\n\t<meta name=\"twitter:data1\" content=\"Webmestre\" \/>\n\t<meta name=\"twitter:label2\" content=\"Tempo di lettura stimato\" \/>\n\t<meta name=\"twitter:data2\" content=\"9 minuti\" \/>\n<script type=\"application\/ld+json\" class=\"yoast-schema-graph\">{\"@context\":\"https:\/\/schema.org\",\"@graph\":[{\"@type\":\"Article\",\"@id\":\"https:\/\/centcols.org\/sejour-2016-ghisonaccia\/#article\",\"isPartOf\":{\"@id\":\"https:\/\/centcols.org\/sejour-2016-ghisonaccia\/\"},\"author\":{\"name\":\"Webmestre\",\"@id\":\"https:\/\/centcols.org\/#\/schema\/person\/911b404fb133d8c913dd27cdcf71c8e5\"},\"headline\":\"S\u00e9jour de printemps \u00e0 Ghisonaccia (Corse) du 24 au 30 avril 2016\",\"datePublished\":\"2016-01-16T04:00:04+00:00\",\"dateModified\":\"2025-08-29T16:03:18+00:00\",\"mainEntityOfPage\":{\"@id\":\"https:\/\/centcols.org\/sejour-2016-ghisonaccia\/\"},\"wordCount\":1547,\"publisher\":{\"@id\":\"https:\/\/centcols.org\/#organization\"},\"image\":{\"@id\":\"https:\/\/centcols.org\/sejour-2016-ghisonaccia\/#primaryimage\"},\"thumbnailUrl\":\"https:\/\/centcols.org\/wp-content\/uploads\/2015\/10\/DSC04558-1200x9001-1.jpg\",\"articleSection\":[\"France\",\"Corse\",\"20-Corse\",\"Corse\",\"Calendrier\",\"S\u00e9jours du Club des Cent Cols\"],\"inLanguage\":\"it-IT\"},{\"@type\":\"WebPage\",\"@id\":\"https:\/\/centcols.org\/sejour-2016-ghisonaccia\/\",\"url\":\"https:\/\/centcols.org\/sejour-2016-ghisonaccia\/\",\"name\":\"S\u00e9jour de printemps \u00e0 Ghisonaccia (Corse) du 24 au 30 avril 2016 - Club des Cent Cols\",\"isPartOf\":{\"@id\":\"https:\/\/centcols.org\/#website\"},\"primaryImageOfPage\":{\"@id\":\"https:\/\/centcols.org\/sejour-2016-ghisonaccia\/#primaryimage\"},\"image\":{\"@id\":\"https:\/\/centcols.org\/sejour-2016-ghisonaccia\/#primaryimage\"},\"thumbnailUrl\":\"https:\/\/centcols.org\/wp-content\/uploads\/2015\/10\/DSC04558-1200x9001-1.jpg\",\"datePublished\":\"2016-01-16T04:00:04+00:00\",\"dateModified\":\"2025-08-29T16:03:18+00:00\",\"breadcrumb\":{\"@id\":\"https:\/\/centcols.org\/sejour-2016-ghisonaccia\/#breadcrumb\"},\"inLanguage\":\"it-IT\",\"potentialAction\":[{\"@type\":\"ReadAction\",\"target\":[\"https:\/\/centcols.org\/sejour-2016-ghisonaccia\/\"]}]},{\"@type\":\"ImageObject\",\"inLanguage\":\"it-IT\",\"@id\":\"https:\/\/centcols.org\/sejour-2016-ghisonaccia\/#primaryimage\",\"url\":\"https:\/\/centcols.org\/wp-content\/uploads\/2015\/10\/DSC04558-1200x9001-1.jpg\",\"contentUrl\":\"https:\/\/centcols.org\/wp-content\/uploads\/2015\/10\/DSC04558-1200x9001-1.jpg\",\"width\":1200,\"height\":900},{\"@type\":\"BreadcrumbList\",\"@id\":\"https:\/\/centcols.org\/sejour-2016-ghisonaccia\/#breadcrumb\",\"itemListElement\":[{\"@type\":\"ListItem\",\"position\":1,\"name\":\"Accueil\",\"item\":\"https:\/\/centcols.org\/\"},{\"@type\":\"ListItem\",\"position\":2,\"name\":\"S\u00e9jours du Club des Cent Cols\",\"item\":\"https:\/\/centcols.org\/rubrique\/sejours\/\"},{\"@type\":\"ListItem\",\"position\":3,\"name\":\"Pays\",\"item\":\"https:\/\/centcols.org\/rubrique\/sejours\/pays-sejours\/\"},{\"@type\":\"ListItem\",\"position\":4,\"name\":\"France\",\"item\":\"https:\/\/centcols.org\/rubrique\/sejours\/pays-sejours\/france-pays-sejours\/\"},{\"@type\":\"ListItem\",\"position\":5,\"name\":\"S\u00e9jour de printemps \u00e0 Ghisonaccia (Corse) du 24 au 30 avril 2016\"}]},{\"@type\":\"WebSite\",\"@id\":\"https:\/\/centcols.org\/#website\",\"url\":\"https:\/\/centcols.org\/\",\"name\":\"Club des Cent Cols\",\"description\":\"\",\"publisher\":{\"@id\":\"https:\/\/centcols.org\/#organization\"},\"potentialAction\":[{\"@type\":\"SearchAction\",\"target\":{\"@type\":\"EntryPoint\",\"urlTemplate\":\"https:\/\/centcols.org\/?s={search_term_string}\"},\"query-input\":{\"@type\":\"PropertyValueSpecification\",\"valueRequired\":true,\"valueName\":\"search_term_string\"}}],\"inLanguage\":\"it-IT\"},{\"@type\":\"Organization\",\"@id\":\"https:\/\/centcols.org\/#organization\",\"name\":\"Club des Cent Cols\",\"url\":\"https:\/\/centcols.org\/\",\"logo\":{\"@type\":\"ImageObject\",\"inLanguage\":\"it-IT\",\"@id\":\"https:\/\/centcols.org\/#\/schema\/logo\/image\/\",\"url\":\"https:\/\/centcols.org\/wp-content\/uploads\/2025\/01\/carte-icone.png\",\"contentUrl\":\"https:\/\/centcols.org\/wp-content\/uploads\/2025\/01\/carte-icone.png\",\"width\":250,\"height\":250,\"caption\":\"Club des Cent Cols\"},\"image\":{\"@id\":\"https:\/\/centcols.org\/#\/schema\/logo\/image\/\"},\"sameAs\":[\"https:\/\/www.facebook.com\/groups\/5261880558\/?locale=fr_FR\"]},{\"@type\":\"Person\",\"@id\":\"https:\/\/centcols.org\/#\/schema\/person\/911b404fb133d8c913dd27cdcf71c8e5\",\"name\":\"Webmestre\",\"image\":{\"@type\":\"ImageObject\",\"inLanguage\":\"it-IT\",\"@id\":\"https:\/\/centcols.org\/wp-content\/litespeed\/avatar\/2d246e4b6b4f773e08515e1ffc53690b.jpg?ver=1777222892\",\"url\":\"https:\/\/centcols.org\/wp-content\/litespeed\/avatar\/2d246e4b6b4f773e08515e1ffc53690b.jpg?ver=1777222892\",\"contentUrl\":\"https:\/\/centcols.org\/wp-content\/litespeed\/avatar\/2d246e4b6b4f773e08515e1ffc53690b.jpg?ver=1777222892\",\"caption\":\"Webmestre\"},\"url\":\"https:\/\/centcols.org\/it\/author\/webmestre\/\"}]}<\/script>\n<!-- \/ Yoast SEO plugin. -->","yoast_head_json":{"title":"Vacanze di primavera a Ghisonaccia (Corsica) dal 24 al 30 aprile 2016 - Club des Cent Cols","robots":{"index":"index","follow":"follow","max-snippet":"max-snippet:-1","max-image-preview":"max-image-preview:large","max-video-preview":"max-video-preview:-1"},"canonical":"https:\/\/centcols.org\/it\/2016-pausa-ghisonaccia\/","og_locale":"it_IT","og_type":"article","og_title":"S\u00e9jour de printemps \u00e0 Ghisonaccia (Corse) du 24 au 30 avril 2016 - Club des Cent Cols","og_description":"Ce n\u2019est pas courant que les membres du Club des Cent Cols se donnent rendez-vous en \u00ab&nbsp;plaine&nbsp;\u00bb, en dehors de leurs ch\u00e8res montagnes o\u00f9 se cueillent \u00e0 foison le col commun, le petit col, le col dur ou le col mythique&nbsp;et en \u00ab Plaine orientale&nbsp;\u00bb de surcro\u00eet, qui \u00e9voque plut\u00f4t les d\u00e9serts arides des contr\u00e9es [&hellip;]","og_url":"https:\/\/centcols.org\/it\/2016-pausa-ghisonaccia\/","og_site_name":"Club des Cent Cols","article_publisher":"https:\/\/www.facebook.com\/groups\/5261880558\/?locale=fr_FR","article_published_time":"2016-01-16T04:00:04+00:00","article_modified_time":"2025-08-29T16:03:18+00:00","og_image":[{"width":1200,"height":900,"url":"https:\/\/centcols.org\/wp-content\/uploads\/2015\/10\/DSC04558-1200x9001-1.jpg","type":"image\/jpeg"}],"author":"Webmestre","twitter_card":"summary_large_image","twitter_misc":{"Scritto da":"Webmestre","Tempo di lettura stimato":"9 minuti"},"schema":{"@context":"https:\/\/schema.org","@graph":[{"@type":"Article","@id":"https:\/\/centcols.org\/sejour-2016-ghisonaccia\/#article","isPartOf":{"@id":"https:\/\/centcols.org\/sejour-2016-ghisonaccia\/"},"author":{"name":"Webmestre","@id":"https:\/\/centcols.org\/#\/schema\/person\/911b404fb133d8c913dd27cdcf71c8e5"},"headline":"S\u00e9jour de printemps \u00e0 Ghisonaccia (Corse) du 24 au 30 avril 2016","datePublished":"2016-01-16T04:00:04+00:00","dateModified":"2025-08-29T16:03:18+00:00","mainEntityOfPage":{"@id":"https:\/\/centcols.org\/sejour-2016-ghisonaccia\/"},"wordCount":1547,"publisher":{"@id":"https:\/\/centcols.org\/#organization"},"image":{"@id":"https:\/\/centcols.org\/sejour-2016-ghisonaccia\/#primaryimage"},"thumbnailUrl":"https:\/\/centcols.org\/wp-content\/uploads\/2015\/10\/DSC04558-1200x9001-1.jpg","articleSection":["France","Corse","20-Corse","Corse","Calendrier","S\u00e9jours du Club des Cent Cols"],"inLanguage":"it-IT"},{"@type":"WebPage","@id":"https:\/\/centcols.org\/sejour-2016-ghisonaccia\/","url":"https:\/\/centcols.org\/sejour-2016-ghisonaccia\/","name":"Vacanze di primavera a Ghisonaccia (Corsica) dal 24 al 30 aprile 2016 - Club des Cent Cols","isPartOf":{"@id":"https:\/\/centcols.org\/#website"},"primaryImageOfPage":{"@id":"https:\/\/centcols.org\/sejour-2016-ghisonaccia\/#primaryimage"},"image":{"@id":"https:\/\/centcols.org\/sejour-2016-ghisonaccia\/#primaryimage"},"thumbnailUrl":"https:\/\/centcols.org\/wp-content\/uploads\/2015\/10\/DSC04558-1200x9001-1.jpg","datePublished":"2016-01-16T04:00:04+00:00","dateModified":"2025-08-29T16:03:18+00:00","breadcrumb":{"@id":"https:\/\/centcols.org\/sejour-2016-ghisonaccia\/#breadcrumb"},"inLanguage":"it-IT","potentialAction":[{"@type":"ReadAction","target":["https:\/\/centcols.org\/sejour-2016-ghisonaccia\/"]}]},{"@type":"ImageObject","inLanguage":"it-IT","@id":"https:\/\/centcols.org\/sejour-2016-ghisonaccia\/#primaryimage","url":"https:\/\/centcols.org\/wp-content\/uploads\/2015\/10\/DSC04558-1200x9001-1.jpg","contentUrl":"https:\/\/centcols.org\/wp-content\/uploads\/2015\/10\/DSC04558-1200x9001-1.jpg","width":1200,"height":900},{"@type":"BreadcrumbList","@id":"https:\/\/centcols.org\/sejour-2016-ghisonaccia\/#breadcrumb","itemListElement":[{"@type":"ListItem","position":1,"name":"Accueil","item":"https:\/\/centcols.org\/"},{"@type":"ListItem","position":2,"name":"S\u00e9jours du Club des Cent Cols","item":"https:\/\/centcols.org\/rubrique\/sejours\/"},{"@type":"ListItem","position":3,"name":"Pays","item":"https:\/\/centcols.org\/rubrique\/sejours\/pays-sejours\/"},{"@type":"ListItem","position":4,"name":"France","item":"https:\/\/centcols.org\/rubrique\/sejours\/pays-sejours\/france-pays-sejours\/"},{"@type":"ListItem","position":5,"name":"S\u00e9jour de printemps \u00e0 Ghisonaccia (Corse) du 24 au 30 avril 2016"}]},{"@type":"WebSite","@id":"https:\/\/centcols.org\/#website","url":"https:\/\/centcols.org\/","name":"Club des Cent Cols","description":"","publisher":{"@id":"https:\/\/centcols.org\/#organization"},"potentialAction":[{"@type":"SearchAction","target":{"@type":"EntryPoint","urlTemplate":"https:\/\/centcols.org\/?s={search_term_string}"},"query-input":{"@type":"PropertyValueSpecification","valueRequired":true,"valueName":"search_term_string"}}],"inLanguage":"it-IT"},{"@type":"Organization","@id":"https:\/\/centcols.org\/#organization","name":"Club des Cent Cols","url":"https:\/\/centcols.org\/","logo":{"@type":"ImageObject","inLanguage":"it-IT","@id":"https:\/\/centcols.org\/#\/schema\/logo\/image\/","url":"https:\/\/centcols.org\/wp-content\/uploads\/2025\/01\/carte-icone.png","contentUrl":"https:\/\/centcols.org\/wp-content\/uploads\/2025\/01\/carte-icone.png","width":250,"height":250,"caption":"Club des Cent Cols"},"image":{"@id":"https:\/\/centcols.org\/#\/schema\/logo\/image\/"},"sameAs":["https:\/\/www.facebook.com\/groups\/5261880558\/?locale=fr_FR"]},{"@type":"Person","@id":"https:\/\/centcols.org\/#\/schema\/person\/911b404fb133d8c913dd27cdcf71c8e5","name":"Webmaster","image":{"@type":"ImageObject","inLanguage":"it-IT","@id":"https:\/\/centcols.org\/wp-content\/litespeed\/avatar\/2d246e4b6b4f773e08515e1ffc53690b.jpg?ver=1777222892","url":"https:\/\/centcols.org\/wp-content\/litespeed\/avatar\/2d246e4b6b4f773e08515e1ffc53690b.jpg?ver=1777222892","contentUrl":"https:\/\/centcols.org\/wp-content\/litespeed\/avatar\/2d246e4b6b4f773e08515e1ffc53690b.jpg?ver=1777222892","caption":"Webmestre"},"url":"https:\/\/centcols.org\/it\/author\/webmestre\/"}]}},"_links":{"self":[{"href":"https:\/\/centcols.org\/it\/wp-json\/wp\/v2\/posts\/81757","targetHints":{"allow":["GET"]}}],"collection":[{"href":"https:\/\/centcols.org\/it\/wp-json\/wp\/v2\/posts"}],"about":[{"href":"https:\/\/centcols.org\/it\/wp-json\/wp\/v2\/types\/post"}],"author":[{"embeddable":true,"href":"https:\/\/centcols.org\/it\/wp-json\/wp\/v2\/users\/3"}],"replies":[{"embeddable":true,"href":"https:\/\/centcols.org\/it\/wp-json\/wp\/v2\/comments?post=81757"}],"version-history":[{"count":0,"href":"https:\/\/centcols.org\/it\/wp-json\/wp\/v2\/posts\/81757\/revisions"}],"wp:featuredmedia":[{"embeddable":true,"href":"https:\/\/centcols.org\/it\/wp-json\/wp\/v2\/media\/82966"}],"wp:attachment":[{"href":"https:\/\/centcols.org\/it\/wp-json\/wp\/v2\/media?parent=81757"}],"wp:term":[{"taxonomy":"category","embeddable":true,"href":"https:\/\/centcols.org\/it\/wp-json\/wp\/v2\/categories?post=81757"},{"taxonomy":"post_tag","embeddable":true,"href":"https:\/\/centcols.org\/it\/wp-json\/wp\/v2\/tags?post=81757"}],"curies":[{"name":"wp","href":"https:\/\/api.w.org\/{rel}","templated":true}]}}