{"id":81770,"date":"2016-02-03T08:00:13","date_gmt":"2016-02-03T06:00:13","guid":{"rendered":"https:\/\/centcols.org\/concentration-regionale-alpes-du-nord-au-col-du-grand-colombier-le-28-mai-2016\/"},"modified":"2025-09-15T03:09:36","modified_gmt":"2025-09-15T01:09:36","slug":"concentrazione-regionale-delle-alpi-del-nord-al-col-du-grand-colombier-il-28-maggio-2016","status":"publish","type":"post","link":"https:\/\/centcols.org\/it\/concentration-regionale-alpes-du-nord-au-col-du-grand-colombier-le-28-mai-2016\/","title":{"rendered":"Riunione regionale delle Alpi del Nord al Col du Grand Colombier, il 28 maggio 2016."},"content":{"rendered":"\n<p>Samedi 28 mai 2016, Alpes du Nord<br>Col du Grand Colombier, 1500 m (Ain)<\/p>\n\n\n\n<p>C&rsquo;est sur ce promontoire situ\u00e9 \u00e0 1500 m que vous serez accueillis \u00e0 partir de 11 h<br>Cela vous laissera le temps d&rsquo;admirer le paysage \u00e0 360\u00b0 : le plateau du Bugey, le Rh\u00f4ne et sa vall\u00e9e, et plus loin \u00e0 l&rsquo;est, la cha\u00eene du Mont Blanc<br>Sommet mythique, le Grand colombier a ses fans. Leur passion, grimper \u00e0 v\u00e9lo par toutes les faces<br>Ils sont plus de 1300 \u00e0 \u00eatre des\u00a0\u00bb<a href=\"http:\/\/www.felesducolombier.fr\/\" target=\"_blank\" rel=\"noopener\">F\u00eal\u00e9s du Grand Colombier<\/a>\u00a0\u00bb<\/p>\n\n\n\n<h3 class=\"wp-block-heading\">D\u00e9parts (Route et VTT)<\/h3>\n\n\n\n<p>Pour celles et ceux qui le d\u00e9sirent, d\u00e9part vers 8 h 30 de Culoz au pied de la mont\u00e9e. Il y a des parkings<br>Pour tous renseignement pratique et signaler votre venue, n&rsquo;h\u00e9sitez pas \u00e0 appeler Raymond Barbier (Coordonn\u00e9es ci-dessous)<\/p>\n\n\n\n<figure class=\"wp-block-image size-full is-resized\"><img loading=\"lazy\" decoding=\"async\" width=\"753\" height=\"580\" src=\"https:\/\/centcols.org\/wp-content\/uploads\/2025\/05\/grandcolombier.jpg\" alt=\"\" class=\"wp-image-81771\" style=\"width:600px\"\/><\/figure>\n\n\n\n<p><\/p>\n\n\n\n<h4 class=\"wp-block-heading\">Circuit VTT propos\u00e9 par Raymond<\/h4>\n\n\n\n<figure class=\"wp-block-image size-full is-resized\"><img loading=\"lazy\" decoding=\"async\" width=\"1132\" height=\"960\" src=\"https:\/\/centcols.org\/wp-content\/uploads\/2025\/05\/Colombier.jpg\" alt=\"\" class=\"wp-image-81772\" style=\"width:600px\" srcset=\"https:\/\/centcols.org\/wp-content\/uploads\/2025\/05\/Colombier.jpg 1132w, https:\/\/centcols.org\/wp-content\/uploads\/2025\/05\/Colombier-768x651.jpg 768w\" sizes=\"auto, (max-width: 1132px) 100vw, 1132px\" \/><\/figure>\n\n\n\n<p><a href=\"https:\/\/centcols.org\/wp-content\/uploads\/2016\/02\/Le-Colombier-vtt.gpx\" target=\"_blank\" rel=\"noopener\">Trace du circuit VTT au format gpx<\/a><\/p>\n\n\n\n<h3 class=\"wp-block-heading\">Contact<\/h3>\n\n\n\n<p>Raymond Barbier<br>04 79 85 34 40<br>[email]&#x65;r&#x2e;&#98;a&#x72;&#98;&#x69;&#101;r&#x40;&#108;&#x61;&#112;o&#x73;&#116;&#x65;&#x2e;n&#x65;&#116;[\/email]<\/p>\n\n\n\n<p>Guy Harl\u00e9<br>04 50 60 67 27 &#8211; 06 77 11 17 03<br>[email]&#x67;u&#x79;&#46;&#x68;&#97;&#x72;&#x6c;e&#x40;&#103;&#x6d;&#97;&#x69;&#108;&#46;&#x63;&#111;&#x6d;[\/email]<\/p>\n\n\n\n<p>Bernard Vieillard<br>04 79 09 16 54 &#8211; 07 86 15 40 13<br>[email]&#98;&#x65;&#x72;&#101;&#x67;&#x37;&#51;&#x40;&#x6f;&#114;&#x61;&#x6e;&#103;&#x65;&#x2e;&#102;&#x72;[\/email]<\/p>\n","protected":false},"excerpt":{"rendered":"<p>Samedi 28 mai 2016, Alpes du NordCol du Grand Colombier, 1500 m (Ain) C&rsquo;est sur ce promontoire situ\u00e9 \u00e0 1500 m que vous serez accueillis \u00e0 partir de 11 hCela vous laissera le temps d&rsquo;admirer le paysage \u00e0 360\u00b0 : le plateau du Bugey, le Rh\u00f4ne et sa vall\u00e9e, et plus loin \u00e0 l&rsquo;est, la [&hellip;]<\/p>\n","protected":false},"author":136,"featured_media":81771,"comment_status":"closed","ping_status":"open","sticky":false,"template":"","format":"standard","meta":{"_acf_changed":false,"footnotes":""},"categories":[135,270,216],"tags":[],"class_list":["post-81770","post","type-post","status-publish","format-standard","has-post-thumbnail","hentry","category-calendrier","category-les-rassemblements-de-2016","category-rencontres-regionales"],"acf":[],"yoast_head":"<!-- This site is optimized with the Yoast SEO plugin v27.2 - https:\/\/yoast.com\/product\/yoast-seo-wordpress\/ -->\n<title>Concentration r\u00e9gionale Alpes du Nord au col du Grand Colombier le 28 mai 2016 - Club des Cent Cols<\/title>\n<meta name=\"robots\" content=\"index, follow, max-snippet:-1, max-image-preview:large, max-video-preview:-1\" \/>\n<link rel=\"canonical\" href=\"https:\/\/centcols.org\/it\/concentrazione-regionale-delle-alpi-del-nord-al-col-du-grand-colombier-il-28-maggio-2016\/\" \/>\n<meta property=\"og:locale\" content=\"it_IT\" \/>\n<meta property=\"og:type\" content=\"article\" \/>\n<meta property=\"og:title\" content=\"Concentration r\u00e9gionale Alpes du Nord au col du Grand Colombier le 28 mai 2016 - Club des Cent Cols\" \/>\n<meta property=\"og:description\" content=\"Samedi 28 mai 2016, Alpes du NordCol du Grand Colombier, 1500 m (Ain) C&rsquo;est sur ce promontoire situ\u00e9 \u00e0 1500 m que vous serez accueillis \u00e0 partir de 11 hCela vous laissera le temps d&rsquo;admirer le paysage \u00e0 360\u00b0 : le plateau du Bugey, le Rh\u00f4ne et sa vall\u00e9e, et plus loin \u00e0 l&rsquo;est, la [&hellip;]\" \/>\n<meta property=\"og:url\" content=\"https:\/\/centcols.org\/it\/concentrazione-regionale-delle-alpi-del-nord-al-col-du-grand-colombier-il-28-maggio-2016\/\" \/>\n<meta property=\"og:site_name\" content=\"Club des Cent Cols\" \/>\n<meta property=\"article:publisher\" content=\"https:\/\/www.facebook.com\/groups\/5261880558\/?locale=fr_FR\" \/>\n<meta property=\"article:published_time\" content=\"2016-02-03T06:00:13+00:00\" \/>\n<meta property=\"article:modified_time\" content=\"2025-09-15T01:09:36+00:00\" \/>\n<meta property=\"og:image\" content=\"https:\/\/centcols.org\/wp-content\/uploads\/2025\/05\/grandcolombier.jpg\" \/>\n\t<meta property=\"og:image:width\" content=\"753\" \/>\n\t<meta property=\"og:image:height\" content=\"580\" \/>\n\t<meta property=\"og:image:type\" content=\"image\/jpeg\" \/>\n<meta name=\"author\" content=\"Guy Harl\u00e9\" \/>\n<meta name=\"twitter:card\" content=\"summary_large_image\" \/>\n<meta name=\"twitter:label1\" content=\"Scritto da\" \/>\n\t<meta name=\"twitter:data1\" content=\"Guy Harl\u00e9\" \/>\n\t<meta name=\"twitter:label2\" content=\"Tempo di lettura stimato\" \/>\n\t<meta name=\"twitter:data2\" content=\"2 minuti\" \/>\n<script type=\"application\/ld+json\" class=\"yoast-schema-graph\">{\"@context\":\"https:\/\/schema.org\",\"@graph\":[{\"@type\":\"Article\",\"@id\":\"https:\/\/centcols.org\/concentration-regionale-alpes-du-nord-au-col-du-grand-colombier-le-28-mai-2016\/#article\",\"isPartOf\":{\"@id\":\"https:\/\/centcols.org\/concentration-regionale-alpes-du-nord-au-col-du-grand-colombier-le-28-mai-2016\/\"},\"author\":{\"name\":\"Guy Harl\u00e9\",\"@id\":\"https:\/\/centcols.org\/#\/schema\/person\/377f00da2793c0363246869bb3a344d0\"},\"headline\":\"Concentration r\u00e9gionale Alpes du Nord au col du Grand Colombier le 28 mai 2016\",\"datePublished\":\"2016-02-03T06:00:13+00:00\",\"dateModified\":\"2025-09-15T01:09:36+00:00\",\"mainEntityOfPage\":{\"@id\":\"https:\/\/centcols.org\/concentration-regionale-alpes-du-nord-au-col-du-grand-colombier-le-28-mai-2016\/\"},\"wordCount\":179,\"publisher\":{\"@id\":\"https:\/\/centcols.org\/#organization\"},\"image\":{\"@id\":\"https:\/\/centcols.org\/concentration-regionale-alpes-du-nord-au-col-du-grand-colombier-le-28-mai-2016\/#primaryimage\"},\"thumbnailUrl\":\"https:\/\/centcols.org\/wp-content\/uploads\/2025\/05\/grandcolombier.jpg\",\"articleSection\":[\"Calendrier\",\"2016-rassemblements\",\"Rencontres r\u00e9gionales\"],\"inLanguage\":\"it-IT\"},{\"@type\":\"WebPage\",\"@id\":\"https:\/\/centcols.org\/concentration-regionale-alpes-du-nord-au-col-du-grand-colombier-le-28-mai-2016\/\",\"url\":\"https:\/\/centcols.org\/concentration-regionale-alpes-du-nord-au-col-du-grand-colombier-le-28-mai-2016\/\",\"name\":\"Concentration r\u00e9gionale Alpes du Nord au col du Grand Colombier le 28 mai 2016 - Club des Cent Cols\",\"isPartOf\":{\"@id\":\"https:\/\/centcols.org\/#website\"},\"primaryImageOfPage\":{\"@id\":\"https:\/\/centcols.org\/concentration-regionale-alpes-du-nord-au-col-du-grand-colombier-le-28-mai-2016\/#primaryimage\"},\"image\":{\"@id\":\"https:\/\/centcols.org\/concentration-regionale-alpes-du-nord-au-col-du-grand-colombier-le-28-mai-2016\/#primaryimage\"},\"thumbnailUrl\":\"https:\/\/centcols.org\/wp-content\/uploads\/2025\/05\/grandcolombier.jpg\",\"datePublished\":\"2016-02-03T06:00:13+00:00\",\"dateModified\":\"2025-09-15T01:09:36+00:00\",\"breadcrumb\":{\"@id\":\"https:\/\/centcols.org\/concentration-regionale-alpes-du-nord-au-col-du-grand-colombier-le-28-mai-2016\/#breadcrumb\"},\"inLanguage\":\"it-IT\",\"potentialAction\":[{\"@type\":\"ReadAction\",\"target\":[\"https:\/\/centcols.org\/concentration-regionale-alpes-du-nord-au-col-du-grand-colombier-le-28-mai-2016\/\"]}]},{\"@type\":\"ImageObject\",\"inLanguage\":\"it-IT\",\"@id\":\"https:\/\/centcols.org\/concentration-regionale-alpes-du-nord-au-col-du-grand-colombier-le-28-mai-2016\/#primaryimage\",\"url\":\"https:\/\/centcols.org\/wp-content\/uploads\/2025\/05\/grandcolombier.jpg\",\"contentUrl\":\"https:\/\/centcols.org\/wp-content\/uploads\/2025\/05\/grandcolombier.jpg\",\"width\":753,\"height\":580},{\"@type\":\"BreadcrumbList\",\"@id\":\"https:\/\/centcols.org\/concentration-regionale-alpes-du-nord-au-col-du-grand-colombier-le-28-mai-2016\/#breadcrumb\",\"itemListElement\":[{\"@type\":\"ListItem\",\"position\":1,\"name\":\"Accueil\",\"item\":\"https:\/\/centcols.org\/\"},{\"@type\":\"ListItem\",\"position\":2,\"name\":\"Calendrier\",\"item\":\"https:\/\/centcols.org\/rubrique\/calendrier\/\"},{\"@type\":\"ListItem\",\"position\":3,\"name\":\"Concentration r\u00e9gionale Alpes du Nord au col du Grand Colombier le 28 mai 2016\"}]},{\"@type\":\"WebSite\",\"@id\":\"https:\/\/centcols.org\/#website\",\"url\":\"https:\/\/centcols.org\/\",\"name\":\"Club des Cent Cols\",\"description\":\"\",\"publisher\":{\"@id\":\"https:\/\/centcols.org\/#organization\"},\"potentialAction\":[{\"@type\":\"SearchAction\",\"target\":{\"@type\":\"EntryPoint\",\"urlTemplate\":\"https:\/\/centcols.org\/?s={search_term_string}\"},\"query-input\":{\"@type\":\"PropertyValueSpecification\",\"valueRequired\":true,\"valueName\":\"search_term_string\"}}],\"inLanguage\":\"it-IT\"},{\"@type\":\"Organization\",\"@id\":\"https:\/\/centcols.org\/#organization\",\"name\":\"Club des Cent Cols\",\"url\":\"https:\/\/centcols.org\/\",\"logo\":{\"@type\":\"ImageObject\",\"inLanguage\":\"it-IT\",\"@id\":\"https:\/\/centcols.org\/#\/schema\/logo\/image\/\",\"url\":\"https:\/\/centcols.org\/wp-content\/uploads\/2025\/01\/carte-icone.png\",\"contentUrl\":\"https:\/\/centcols.org\/wp-content\/uploads\/2025\/01\/carte-icone.png\",\"width\":250,\"height\":250,\"caption\":\"Club des Cent Cols\"},\"image\":{\"@id\":\"https:\/\/centcols.org\/#\/schema\/logo\/image\/\"},\"sameAs\":[\"https:\/\/www.facebook.com\/groups\/5261880558\/?locale=fr_FR\"]},{\"@type\":\"Person\",\"@id\":\"https:\/\/centcols.org\/#\/schema\/person\/377f00da2793c0363246869bb3a344d0\",\"name\":\"Guy Harl\u00e9\",\"image\":{\"@type\":\"ImageObject\",\"inLanguage\":\"it-IT\",\"@id\":\"https:\/\/centcols.org\/wp-content\/litespeed\/avatar\/94c4de37e46cf090f296d42ab3e8d6a6.jpg?ver=1777238144\",\"url\":\"https:\/\/centcols.org\/wp-content\/litespeed\/avatar\/94c4de37e46cf090f296d42ab3e8d6a6.jpg?ver=1777238144\",\"contentUrl\":\"https:\/\/centcols.org\/wp-content\/litespeed\/avatar\/94c4de37e46cf090f296d42ab3e8d6a6.jpg?ver=1777238144\",\"caption\":\"Guy Harl\u00e9\"},\"url\":\"https:\/\/centcols.org\/it\/author\/5193\/\"}]}<\/script>\n<!-- \/ Yoast SEO plugin. -->","yoast_head_json":{"title":"Incontro regionale delle Alpi del Nord al Col du Grand Colombier il 28 maggio 2016 - Club des Cent Cols","robots":{"index":"index","follow":"follow","max-snippet":"max-snippet:-1","max-image-preview":"max-image-preview:large","max-video-preview":"max-video-preview:-1"},"canonical":"https:\/\/centcols.org\/it\/concentrazione-regionale-delle-alpi-del-nord-al-col-du-grand-colombier-il-28-maggio-2016\/","og_locale":"it_IT","og_type":"article","og_title":"Concentration r\u00e9gionale Alpes du Nord au col du Grand Colombier le 28 mai 2016 - Club des Cent Cols","og_description":"Samedi 28 mai 2016, Alpes du NordCol du Grand Colombier, 1500 m (Ain) C&rsquo;est sur ce promontoire situ\u00e9 \u00e0 1500 m que vous serez accueillis \u00e0 partir de 11 hCela vous laissera le temps d&rsquo;admirer le paysage \u00e0 360\u00b0 : le plateau du Bugey, le Rh\u00f4ne et sa vall\u00e9e, et plus loin \u00e0 l&rsquo;est, la [&hellip;]","og_url":"https:\/\/centcols.org\/it\/concentrazione-regionale-delle-alpi-del-nord-al-col-du-grand-colombier-il-28-maggio-2016\/","og_site_name":"Club des Cent Cols","article_publisher":"https:\/\/www.facebook.com\/groups\/5261880558\/?locale=fr_FR","article_published_time":"2016-02-03T06:00:13+00:00","article_modified_time":"2025-09-15T01:09:36+00:00","og_image":[{"width":753,"height":580,"url":"https:\/\/centcols.org\/wp-content\/uploads\/2025\/05\/grandcolombier.jpg","type":"image\/jpeg"}],"author":"Guy Harl\u00e9","twitter_card":"summary_large_image","twitter_misc":{"Scritto da":"Guy Harl\u00e9","Tempo di lettura stimato":"2 minuti"},"schema":{"@context":"https:\/\/schema.org","@graph":[{"@type":"Article","@id":"https:\/\/centcols.org\/concentration-regionale-alpes-du-nord-au-col-du-grand-colombier-le-28-mai-2016\/#article","isPartOf":{"@id":"https:\/\/centcols.org\/concentration-regionale-alpes-du-nord-au-col-du-grand-colombier-le-28-mai-2016\/"},"author":{"name":"Guy Harl\u00e9","@id":"https:\/\/centcols.org\/#\/schema\/person\/377f00da2793c0363246869bb3a344d0"},"headline":"Concentration r\u00e9gionale Alpes du Nord au col du Grand Colombier le 28 mai 2016","datePublished":"2016-02-03T06:00:13+00:00","dateModified":"2025-09-15T01:09:36+00:00","mainEntityOfPage":{"@id":"https:\/\/centcols.org\/concentration-regionale-alpes-du-nord-au-col-du-grand-colombier-le-28-mai-2016\/"},"wordCount":179,"publisher":{"@id":"https:\/\/centcols.org\/#organization"},"image":{"@id":"https:\/\/centcols.org\/concentration-regionale-alpes-du-nord-au-col-du-grand-colombier-le-28-mai-2016\/#primaryimage"},"thumbnailUrl":"https:\/\/centcols.org\/wp-content\/uploads\/2025\/05\/grandcolombier.jpg","articleSection":["Calendrier","2016-rassemblements","Rencontres r\u00e9gionales"],"inLanguage":"it-IT"},{"@type":"WebPage","@id":"https:\/\/centcols.org\/concentration-regionale-alpes-du-nord-au-col-du-grand-colombier-le-28-mai-2016\/","url":"https:\/\/centcols.org\/concentration-regionale-alpes-du-nord-au-col-du-grand-colombier-le-28-mai-2016\/","name":"Incontro regionale delle Alpi del Nord al Col du Grand Colombier il 28 maggio 2016 - Club des Cent Cols","isPartOf":{"@id":"https:\/\/centcols.org\/#website"},"primaryImageOfPage":{"@id":"https:\/\/centcols.org\/concentration-regionale-alpes-du-nord-au-col-du-grand-colombier-le-28-mai-2016\/#primaryimage"},"image":{"@id":"https:\/\/centcols.org\/concentration-regionale-alpes-du-nord-au-col-du-grand-colombier-le-28-mai-2016\/#primaryimage"},"thumbnailUrl":"https:\/\/centcols.org\/wp-content\/uploads\/2025\/05\/grandcolombier.jpg","datePublished":"2016-02-03T06:00:13+00:00","dateModified":"2025-09-15T01:09:36+00:00","breadcrumb":{"@id":"https:\/\/centcols.org\/concentration-regionale-alpes-du-nord-au-col-du-grand-colombier-le-28-mai-2016\/#breadcrumb"},"inLanguage":"it-IT","potentialAction":[{"@type":"ReadAction","target":["https:\/\/centcols.org\/concentration-regionale-alpes-du-nord-au-col-du-grand-colombier-le-28-mai-2016\/"]}]},{"@type":"ImageObject","inLanguage":"it-IT","@id":"https:\/\/centcols.org\/concentration-regionale-alpes-du-nord-au-col-du-grand-colombier-le-28-mai-2016\/#primaryimage","url":"https:\/\/centcols.org\/wp-content\/uploads\/2025\/05\/grandcolombier.jpg","contentUrl":"https:\/\/centcols.org\/wp-content\/uploads\/2025\/05\/grandcolombier.jpg","width":753,"height":580},{"@type":"BreadcrumbList","@id":"https:\/\/centcols.org\/concentration-regionale-alpes-du-nord-au-col-du-grand-colombier-le-28-mai-2016\/#breadcrumb","itemListElement":[{"@type":"ListItem","position":1,"name":"Accueil","item":"https:\/\/centcols.org\/"},{"@type":"ListItem","position":2,"name":"Calendrier","item":"https:\/\/centcols.org\/rubrique\/calendrier\/"},{"@type":"ListItem","position":3,"name":"Concentration r\u00e9gionale Alpes du Nord au col du Grand Colombier le 28 mai 2016"}]},{"@type":"WebSite","@id":"https:\/\/centcols.org\/#website","url":"https:\/\/centcols.org\/","name":"Club des Cent Cols","description":"","publisher":{"@id":"https:\/\/centcols.org\/#organization"},"potentialAction":[{"@type":"SearchAction","target":{"@type":"EntryPoint","urlTemplate":"https:\/\/centcols.org\/?s={search_term_string}"},"query-input":{"@type":"PropertyValueSpecification","valueRequired":true,"valueName":"search_term_string"}}],"inLanguage":"it-IT"},{"@type":"Organization","@id":"https:\/\/centcols.org\/#organization","name":"Club des Cent Cols","url":"https:\/\/centcols.org\/","logo":{"@type":"ImageObject","inLanguage":"it-IT","@id":"https:\/\/centcols.org\/#\/schema\/logo\/image\/","url":"https:\/\/centcols.org\/wp-content\/uploads\/2025\/01\/carte-icone.png","contentUrl":"https:\/\/centcols.org\/wp-content\/uploads\/2025\/01\/carte-icone.png","width":250,"height":250,"caption":"Club des Cent Cols"},"image":{"@id":"https:\/\/centcols.org\/#\/schema\/logo\/image\/"},"sameAs":["https:\/\/www.facebook.com\/groups\/5261880558\/?locale=fr_FR"]},{"@type":"Person","@id":"https:\/\/centcols.org\/#\/schema\/person\/377f00da2793c0363246869bb3a344d0","name":"Guy Harl\u00e9","image":{"@type":"ImageObject","inLanguage":"it-IT","@id":"https:\/\/centcols.org\/wp-content\/litespeed\/avatar\/94c4de37e46cf090f296d42ab3e8d6a6.jpg?ver=1777238144","url":"https:\/\/centcols.org\/wp-content\/litespeed\/avatar\/94c4de37e46cf090f296d42ab3e8d6a6.jpg?ver=1777238144","contentUrl":"https:\/\/centcols.org\/wp-content\/litespeed\/avatar\/94c4de37e46cf090f296d42ab3e8d6a6.jpg?ver=1777238144","caption":"Guy Harl\u00e9"},"url":"https:\/\/centcols.org\/it\/author\/5193\/"}]}},"_links":{"self":[{"href":"https:\/\/centcols.org\/it\/wp-json\/wp\/v2\/posts\/81770","targetHints":{"allow":["GET"]}}],"collection":[{"href":"https:\/\/centcols.org\/it\/wp-json\/wp\/v2\/posts"}],"about":[{"href":"https:\/\/centcols.org\/it\/wp-json\/wp\/v2\/types\/post"}],"author":[{"embeddable":true,"href":"https:\/\/centcols.org\/it\/wp-json\/wp\/v2\/users\/136"}],"replies":[{"embeddable":true,"href":"https:\/\/centcols.org\/it\/wp-json\/wp\/v2\/comments?post=81770"}],"version-history":[{"count":0,"href":"https:\/\/centcols.org\/it\/wp-json\/wp\/v2\/posts\/81770\/revisions"}],"wp:featuredmedia":[{"embeddable":true,"href":"https:\/\/centcols.org\/it\/wp-json\/wp\/v2\/media\/81771"}],"wp:attachment":[{"href":"https:\/\/centcols.org\/it\/wp-json\/wp\/v2\/media?parent=81770"}],"wp:term":[{"taxonomy":"category","embeddable":true,"href":"https:\/\/centcols.org\/it\/wp-json\/wp\/v2\/categories?post=81770"},{"taxonomy":"post_tag","embeddable":true,"href":"https:\/\/centcols.org\/it\/wp-json\/wp\/v2\/tags?post=81770"}],"curies":[{"name":"wp","href":"https:\/\/api.w.org\/{rel}","templated":true}]}}